{"id":10853,"date":"2021-03-03T12:04:17","date_gmt":"2021-03-03T10:04:17","guid":{"rendered":"https:\/\/www.greenpeace.org\/luxembourg\/?p=10853"},"modified":"2021-12-01T17:25:08","modified_gmt":"2021-12-01T15:25:08","slug":"verfehlte-lektionen-nach-fukushima-unfall-zehn-jahre-spater-risiken-europaischer-atomkraftwerke","status":"publish","type":"post","link":"https:\/\/www.greenpeace.org\/luxembourg\/de\/presseerklaerungen\/10853\/verfehlte-lektionen-nach-fukushima-unfall-zehn-jahre-spater-risiken-europaischer-atomkraftwerke\/","title":{"rendered":"Verfehlte Lektionen nach Fukushima Unfall &#8211; Zehn Jahre sp\u00e4ter: Risiken europ\u00e4ischer Atomkraftwerke"},"content":{"rendered":"\n<p><em>Luxemburg, <\/em>3. M\u00e4rz 2021 &#8211; Nach der Atomkatastrophe von Fukushima am 11. M\u00e4rz 2011 forderte die ENSREG, die Gruppe der europ\u00e4ischen Regulierungsbeh\u00f6rden f\u00fcr nukleare Sicherheit, alle Atomkraftwerksbetreiber*innen der EU auf, die Reaktion ihrer Kernkraftwerke auf Extremsituationen zu \u00fcberpr\u00fcfen. Insbesondere sollten vorhandene Minderungsma\u00dfnahmen nach einem m\u00f6glichen Verlust von etwaigen Sicherheitsfunktionen \u00fcberpr\u00fcft und verbessert werden. Nach sorgf\u00e4ltigen Untersuchungen, den sogenannten \u201eStresstests\u201c, legten die Regulierungsbeh\u00f6rden Vorschriften fest, die umgesetzt werden m\u00fcssen, um die Sicherheit der Kernkraftwerke zu verbessern.<\/p>\n\n<p>In diesem Zusammenhang ver\u00f6ffentlicht Greenpeace heute eine Analyse [1] der deutschen Expertin Oda Becker zur Umsetzung dieser Ma\u00dfnahmen. Bei dieser Untersuchung wurden die Empfehlungen der ENSREG sowie der gegenw\u00e4rtige Zustand von elf europ\u00e4ischen Kernkraftwerken [2] eingehend analysiert. Die Bilanz ist erschreckend und regt zugleich zum Nachdenken an: die gr\u00f6\u00dften Anstrengungen der Atomkraftwerksbetreiber*innen waren darauf ausgerichtet, die Umsetzung der Ma\u00dfnahmen, die sich nach der Katastrophe in Fukushima als notwendig erwiesen haben, zu behindern. In einigen L\u00e4ndern wurden die notwendigen Ma\u00dfnahmen nicht einmal umgesetzt, da diese laut Betreiber*innen zu teuer w\u00e4ren.<\/p>\n\n<p>Obwohl die Stresstests der EU klare Richtlinien und Empfehlungen lieferten, haben die zust\u00e4ndigen Beh\u00f6rden den Kernkraftwerken erlaubt, ihren Betrieb ohne jegliche Nachr\u00fcstungen in den n\u00e4chsten zehn Jahren fortzusetzen, obgleich keinerlei Verbesserungsma\u00dfnahmen in naher Zukunft geplant sind.<\/p>\n\n<p>\u201c<em>Zehn Jahre nach der Katastrophe von Fukushima erf\u00fcllen europ\u00e4ische Reaktoren keine ausreichenden Sicherheitsstandards um l\u00e4nger als vierzig Jahre in Betrieb zu bleiben. Die Betreiber*innen haben nicht ansatzweise genug unternommen, um eine derartige Katastrophe in Europa zu verhindern<\/em>\u201c, schlussfolgert Roger Spautz, Atomkampagner bei Greenpeace.<\/p>\n\n<hr class=\"wp-block-separator\"\/>\n\n<p><strong>Anmerkungen:&nbsp;<\/strong><\/p>\n\n<p>[1] Die komplette Greenpeace Analyse auf englisch finden Sie <a href=\"https:\/\/www.greenpeace.org\/static\/planet4-luxembourg-stateless\/2021\/03\/e18fa1a5-full-study-10-years-fukushima.pdf\">hier<\/a>. Eine Kurzfassung der Analyse ist auf <a href=\"https:\/\/www.greenpeace.org\/static\/planet4-luxembourg-stateless\/2021\/03\/af9ea9df-study-lessons-not-learned-from-the-fukushima-accident-short-version.pdf\">englisch<\/a><br>sowie auf <a href=\"https:\/\/www.greenpeace.org\/static\/planet4-luxembourg-stateless\/2021\/03\/cd8b7fc0-rapport-lec\u0327ons-non-tire\u0301es-de-fukushima-version-courte.pdf\">franz\u00f6sisch<\/a> verf\u00fcgbar.<\/p>\n\n<p>[2] Almaraz (Spanien), Mochovce (Slowakei), Temelin (Tschechische Republik), Kr\u0161ko (Slowenien), Ringhals (Schweden), Doel und Tihange (Belgien), Beznau (Schweiz), Gravelines und Cattenom (Frankreich), Gundremmingen (Deutschland<\/p>\n\t\t\t<section\n\t\t\tclass=\"boxout post-817 \"\n\t\t\t\n\t\t>\n\t\t\t<a\n\t\t\t\tdata-ga-category=\"Take Action Boxout\"\n\t\t\t\tdata-ga-action=\"Image\"\n\t\t\t\tdata-ga-label=\"n\/a\"\n\t\t\t\tclass=\"cover-card-overlay\"\n\t\t\t\thref=\"https:\/\/www.greenpeace.org\/luxembourg\/de\/handeln\/atomkraft-nein-danke\/\" \n\t\t\t><\/a>\n\t\t\t\t\t\t\t<img\n\t\t\t\t\t\tsrc=\"https:\/\/www.greenpeace.org\/static\/planet4-luxembourg-stateless\/2018\/09\/5ae05b7e-gp02d3q_medium_res-1024x653.jpg\"\n\t\t\t\t\t\tsrcset=\"https:\/\/www.greenpeace.org\/static\/planet4-luxembourg-stateless\/2018\/09\/5ae05b7e-gp02d3q_medium_res-300x191.jpg 300w, https:\/\/www.greenpeace.org\/static\/planet4-luxembourg-stateless\/2018\/09\/5ae05b7e-gp02d3q_medium_res-768x490.jpg 768w, https:\/\/www.greenpeace.org\/static\/planet4-luxembourg-stateless\/2018\/09\/5ae05b7e-gp02d3q_medium_res-1024x653.jpg 1024w, https:\/\/www.greenpeace.org\/static\/planet4-luxembourg-stateless\/2018\/09\/5ae05b7e-gp02d3q_medium_res-510x325.jpg 510w, https:\/\/www.greenpeace.org\/static\/planet4-luxembourg-stateless\/2018\/09\/5ae05b7e-gp02d3q_medium_res.jpg 1200w\"\n\t\t\t\t\t\tsizes=\"(min-width: 1000px) 358px, (min-width: 780px) 313px, 88px\"\n\t\t\t\t\t\talt=\"Anti Nuclear Demonstration in Brazil\" title=\"Anti Nuclear Demonstration in Brazil\"\n\t\t\t\t\/>\n            \t\t\t<div class=\"boxout-content\">\n\t\t\t\t\t\t\t\t\t<a\n\t\t\t\t\t\tclass=\"boxout-heading medium\"\n\t\t\t\t\t\tdata-ga-category=\"Take Action Boxout\"\n\t\t\t\t\t\tdata-ga-action=\"Title\"\n\t\t\t\t\t\tdata-ga-label=\"n\/a\"\n\t\t\t\t\t\thref=\"https:\/\/www.greenpeace.org\/luxembourg\/de\/handeln\/atomkraft-nein-danke\/\"\n\t\t\t\t\t\t\n\t\t\t\t\t>\n\t\t\t\t\t\tAtomkraft &#8211; Nein danke\n\t\t\t\t\t<\/a>\n\t\t\t\t\t\t\t\t                                    <a\n                        class=\"btn btn-primary\"\n                        data-ga-category=\"Take Action Boxout\"\n                        data-ga-action=\"Call to Action\"\n                        data-ga-label=\"n\/a\"\n                        href=\"https:\/\/www.greenpeace.org\/luxembourg\/de\/handeln\/atomkraft-nein-danke\/\"\n                        \n                    >\n                        Machen Sie mit!\n                    <\/a>\n                \t\t\t<\/div>\n\t\t\t\t\t<\/section>\n\t","protected":false},"excerpt":{"rendered":"<p>Nach der Atomkatastrophe von Fukushima am 11. M\u00e4rz 2011 forderte die ENSREG, die Gruppe der europ\u00e4ischen Regulierungsbeh\u00f6rden f\u00fcr nukleare Sicherheit&#8230;<\/p>\n","protected":false},"author":25,"featured_media":10854,"comment_status":"closed","ping_status":"closed","sticky":false,"template":"","format":"standard","meta":{"ep_exclude_from_search":false,"p4_og_title":"","p4_og_description":"","p4_og_image":"","p4_og_image_id":"","p4_seo_canonical_url":"","p4_campaign_name":"not set","p4_local_project":"not set","p4_basket_name":"not set","p4_department":"","footnotes":""},"categories":[49],"tags":[58],"p4-page-type":[69],"class_list":["post-10853","post","type-post","status-publish","format-standard","has-post-thumbnail","hentry","category-energie","tag-nuklear","p4-page-type-presseerklaerungen"],"yoast_head":"<!-- This site is optimized with the Yoast SEO Premium plugin v23.9 (Yoast SEO v23.9) - https:\/\/yoast.com\/wordpress\/plugins\/seo\/ -->\n<title>Verfehlte Lektionen nach Fukushima Unfall - Zehn Jahre sp\u00e4ter: Risiken europ\u00e4ischer Atomkraftwerke - Greenpeace Luxembourg<\/title>\n<meta name=\"robots\" content=\"index, follow, max-snippet:-1, max-image-preview:large, max-video-preview:-1\" \/>\n<link rel=\"canonical\" href=\"https:\/\/www.greenpeace.org\/luxembourg\/de\/presseerklaerungen\/10853\/verfehlte-lektionen-nach-fukushima-unfall-zehn-jahre-spater-risiken-europaischer-atomkraftwerke\/\" \/>\n<meta property=\"og:locale\" content=\"de_DE\" \/>\n<meta property=\"og:type\" content=\"article\" \/>\n<meta property=\"og:title\" content=\"Verfehlte Lektionen nach Fukushima Unfall - Zehn Jahre sp\u00e4ter: Risiken europ\u00e4ischer Atomkraftwerke\" \/>\n<meta property=\"og:description\" content=\"Nach der Atomkatastrophe von Fukushima am 11. M\u00e4rz 2011 forderte die ENSREG, die Gruppe der europ\u00e4ischen Regulierungsbeh\u00f6rden f\u00fcr nukleare Sicherheit...\" \/>\n<meta property=\"og:url\" content=\"https:\/\/www.greenpeace.org\/luxembourg\/de\/presseerklaerungen\/10853\/verfehlte-lektionen-nach-fukushima-unfall-zehn-jahre-spater-risiken-europaischer-atomkraftwerke\/\" \/>\n<meta property=\"og:site_name\" content=\"Greenpeace Luxembourg\" \/>\n<meta property=\"article:publisher\" content=\"https:\/\/www.facebook.com\/greenpeaceluxembourg\" \/>\n<meta property=\"article:published_time\" content=\"2021-03-03T10:04:17+00:00\" \/>\n<meta property=\"article:modified_time\" content=\"2021-12-01T15:25:08+00:00\" \/>\n<meta property=\"og:image\" content=\"https:\/\/www.greenpeace.org\/static\/planet4-luxembourg-stateless\/2021\/03\/e26e9efa-gp0stpnud_web_size_with_credit_line.jpg\" \/>\n\t<meta property=\"og:image:width\" content=\"800\" \/>\n\t<meta property=\"og:image:height\" content=\"443\" \/>\n\t<meta property=\"og:image:type\" content=\"image\/jpeg\" \/>\n<meta name=\"author\" content=\"Esther Wildanger\" \/>\n<meta name=\"twitter:card\" content=\"summary_large_image\" \/>\n<meta name=\"twitter:label1\" content=\"Written by\" \/>\n\t<meta name=\"twitter:data1\" content=\"Esther Wildanger\" \/>\n\t<meta name=\"twitter:label2\" content=\"Est. reading time\" \/>\n\t<meta name=\"twitter:data2\" content=\"2 minutes\" \/>\n<script type=\"application\/ld+json\" class=\"yoast-schema-graph\">{\"@context\":\"https:\/\/schema.org\",\"@graph\":[{\"@type\":\"Article\",\"@id\":\"https:\/\/www.greenpeace.org\/luxembourg\/de\/presseerklaerungen\/10853\/verfehlte-lektionen-nach-fukushima-unfall-zehn-jahre-spater-risiken-europaischer-atomkraftwerke\/#article\",\"isPartOf\":{\"@id\":\"https:\/\/www.greenpeace.org\/luxembourg\/de\/presseerklaerungen\/10853\/verfehlte-lektionen-nach-fukushima-unfall-zehn-jahre-spater-risiken-europaischer-atomkraftwerke\/\"},\"author\":{\"name\":\"Esther Wildanger\",\"@id\":\"https:\/\/www.greenpeace.org\/luxembourg\/fr\/#\/schema\/person\/3d0e81a859b59009fec36a8552ef76a7\"},\"headline\":\"Verfehlte Lektionen nach Fukushima Unfall &#8211; Zehn Jahre sp\u00e4ter: Risiken europ\u00e4ischer Atomkraftwerke\",\"datePublished\":\"2021-03-03T10:04:17+00:00\",\"dateModified\":\"2021-12-01T15:25:08+00:00\",\"mainEntityOfPage\":{\"@id\":\"https:\/\/www.greenpeace.org\/luxembourg\/de\/presseerklaerungen\/10853\/verfehlte-lektionen-nach-fukushima-unfall-zehn-jahre-spater-risiken-europaischer-atomkraftwerke\/\"},\"wordCount\":332,\"publisher\":{\"@id\":\"https:\/\/www.greenpeace.org\/luxembourg\/fr\/#organization\"},\"image\":{\"@id\":\"https:\/\/www.greenpeace.org\/luxembourg\/de\/presseerklaerungen\/10853\/verfehlte-lektionen-nach-fukushima-unfall-zehn-jahre-spater-risiken-europaischer-atomkraftwerke\/#primaryimage\"},\"thumbnailUrl\":\"https:\/\/www.greenpeace.org\/static\/planet4-luxembourg-stateless\/2021\/03\/e26e9efa-gp0stpnud_web_size_with_credit_line.jpg\",\"keywords\":[\"Nuklear\"],\"articleSection\":[\"Energie\"],\"inLanguage\":\"de-LU\"},{\"@type\":\"WebPage\",\"@id\":\"https:\/\/www.greenpeace.org\/luxembourg\/de\/presseerklaerungen\/10853\/verfehlte-lektionen-nach-fukushima-unfall-zehn-jahre-spater-risiken-europaischer-atomkraftwerke\/\",\"url\":\"https:\/\/www.greenpeace.org\/luxembourg\/de\/presseerklaerungen\/10853\/verfehlte-lektionen-nach-fukushima-unfall-zehn-jahre-spater-risiken-europaischer-atomkraftwerke\/\",\"name\":\"Verfehlte Lektionen nach Fukushima Unfall - Zehn Jahre sp\u00e4ter: Risiken europ\u00e4ischer Atomkraftwerke - Greenpeace Luxembourg\",\"isPartOf\":{\"@id\":\"https:\/\/www.greenpeace.org\/luxembourg\/fr\/#website\"},\"primaryImageOfPage\":{\"@id\":\"https:\/\/www.greenpeace.org\/luxembourg\/de\/presseerklaerungen\/10853\/verfehlte-lektionen-nach-fukushima-unfall-zehn-jahre-spater-risiken-europaischer-atomkraftwerke\/#primaryimage\"},\"image\":{\"@id\":\"https:\/\/www.greenpeace.org\/luxembourg\/de\/presseerklaerungen\/10853\/verfehlte-lektionen-nach-fukushima-unfall-zehn-jahre-spater-risiken-europaischer-atomkraftwerke\/#primaryimage\"},\"thumbnailUrl\":\"https:\/\/www.greenpeace.org\/static\/planet4-luxembourg-stateless\/2021\/03\/e26e9efa-gp0stpnud_web_size_with_credit_line.jpg\",\"datePublished\":\"2021-03-03T10:04:17+00:00\",\"dateModified\":\"2021-12-01T15:25:08+00:00\",\"breadcrumb\":{\"@id\":\"https:\/\/www.greenpeace.org\/luxembourg\/de\/presseerklaerungen\/10853\/verfehlte-lektionen-nach-fukushima-unfall-zehn-jahre-spater-risiken-europaischer-atomkraftwerke\/#breadcrumb\"},\"inLanguage\":\"de-LU\",\"potentialAction\":[{\"@type\":\"ReadAction\",\"target\":[\"https:\/\/www.greenpeace.org\/luxembourg\/de\/presseerklaerungen\/10853\/verfehlte-lektionen-nach-fukushima-unfall-zehn-jahre-spater-risiken-europaischer-atomkraftwerke\/\"]}]},{\"@type\":\"ImageObject\",\"inLanguage\":\"de-LU\",\"@id\":\"https:\/\/www.greenpeace.org\/luxembourg\/de\/presseerklaerungen\/10853\/verfehlte-lektionen-nach-fukushima-unfall-zehn-jahre-spater-risiken-europaischer-atomkraftwerke\/#primaryimage\",\"url\":\"https:\/\/www.greenpeace.org\/static\/planet4-luxembourg-stateless\/2021\/03\/e26e9efa-gp0stpnud_web_size_with_credit_line.jpg\",\"contentUrl\":\"https:\/\/www.greenpeace.org\/static\/planet4-luxembourg-stateless\/2021\/03\/e26e9efa-gp0stpnud_web_size_with_credit_line.jpg\",\"width\":800,\"height\":443,\"caption\":\"Greenpeace divers display a banner reading \u201cNever again\u201d during sampling operations off the coast of Fukushima Daiichi nuclear plant, Japan. The action is carried out in occasion of the approaching 5th anniversary of the Fukushima nuclear disaster. The Greenpeace ship Rainbow Warrior is in the background.\"},{\"@type\":\"BreadcrumbList\",\"@id\":\"https:\/\/www.greenpeace.org\/luxembourg\/de\/presseerklaerungen\/10853\/verfehlte-lektionen-nach-fukushima-unfall-zehn-jahre-spater-risiken-europaischer-atomkraftwerke\/#breadcrumb\",\"itemListElement\":[{\"@type\":\"ListItem\",\"position\":1,\"name\":\"Home\",\"item\":\"http:\/\/www.greenpeace.org\/luxembourg\/fr\/\"},{\"@type\":\"ListItem\",\"position\":2,\"name\":\"Verfehlte Lektionen nach Fukushima Unfall &#8211; Zehn Jahre sp\u00e4ter: Risiken europ\u00e4ischer Atomkraftwerke\"}]},{\"@type\":\"WebSite\",\"@id\":\"https:\/\/www.greenpeace.org\/luxembourg\/fr\/#website\",\"url\":\"https:\/\/www.greenpeace.org\/luxembourg\/fr\/\",\"name\":\"Greenpeace Luxembourg\",\"description\":\"Greenpeace existiert, weil unsere Erde eine Stimme braucht. Sie ben\u00f6tigt L\u00f6sungen. Ver\u00e4nderungen. Aktionen.\",\"publisher\":{\"@id\":\"https:\/\/www.greenpeace.org\/luxembourg\/fr\/#organization\"},\"potentialAction\":[{\"@type\":\"SearchAction\",\"target\":{\"@type\":\"EntryPoint\",\"urlTemplate\":\"https:\/\/www.greenpeace.org\/luxembourg\/fr\/?s={search_term_string}\"},\"query-input\":{\"@type\":\"PropertyValueSpecification\",\"valueRequired\":true,\"valueName\":\"search_term_string\"}}],\"inLanguage\":\"de-LU\"},{\"@type\":\"Organization\",\"@id\":\"https:\/\/www.greenpeace.org\/luxembourg\/fr\/#organization\",\"name\":\"Greenpeace Luxembourg\",\"url\":\"https:\/\/www.greenpeace.org\/luxembourg\/fr\/\",\"logo\":{\"@type\":\"ImageObject\",\"inLanguage\":\"de-LU\",\"@id\":\"https:\/\/www.greenpeace.org\/luxembourg\/fr\/#\/schema\/logo\/image\/\",\"url\":\"https:\/\/www.greenpeace.org\/static\/planet4-luxembourg-stateless\/2026\/03\/3e367f94-greenpeace_logo_green_rgb.png\",\"contentUrl\":\"https:\/\/www.greenpeace.org\/static\/planet4-luxembourg-stateless\/2026\/03\/3e367f94-greenpeace_logo_green_rgb.png\",\"width\":1080,\"height\":175,\"caption\":\"Greenpeace Luxembourg\"},\"image\":{\"@id\":\"https:\/\/www.greenpeace.org\/luxembourg\/fr\/#\/schema\/logo\/image\/\"},\"sameAs\":[\"https:\/\/www.facebook.com\/greenpeaceluxembourg\",\"https:\/\/www.instagram.com\/greenpeacelux\/\",\"https:\/\/www.linkedin.com\/company\/greenpeace-luxembourg\/\",\"https:\/\/www.threads.com\/@greenpeacelux\",\"https:\/\/bsky.app\/profile\/greenpeacelux.bsky.social\",\"https:\/\/www.youtube.com\/@GreenpeaceLux\",\"https:\/\/www.tiktok.com\/@greenpeace_lux\"]},{\"@type\":\"Person\",\"@id\":\"https:\/\/www.greenpeace.org\/luxembourg\/fr\/#\/schema\/person\/3d0e81a859b59009fec36a8552ef76a7\",\"name\":\"Esther Wildanger\",\"url\":\"https:\/\/www.greenpeace.org\/luxembourg\/de\/author\/ewildang\/\"}]}<\/script>\n<!-- \/ Yoast SEO Premium plugin. -->","yoast_head_json":{"title":"Verfehlte Lektionen nach Fukushima Unfall - Zehn Jahre sp\u00e4ter: Risiken europ\u00e4ischer Atomkraftwerke - Greenpeace Luxembourg","robots":{"index":"index","follow":"follow","max-snippet":"max-snippet:-1","max-image-preview":"max-image-preview:large","max-video-preview":"max-video-preview:-1"},"canonical":"https:\/\/www.greenpeace.org\/luxembourg\/de\/presseerklaerungen\/10853\/verfehlte-lektionen-nach-fukushima-unfall-zehn-jahre-spater-risiken-europaischer-atomkraftwerke\/","og_locale":"de_DE","og_type":"article","og_title":"Verfehlte Lektionen nach Fukushima Unfall - Zehn Jahre sp\u00e4ter: Risiken europ\u00e4ischer Atomkraftwerke","og_description":"Nach der Atomkatastrophe von Fukushima am 11. M\u00e4rz 2011 forderte die ENSREG, die Gruppe der europ\u00e4ischen Regulierungsbeh\u00f6rden f\u00fcr nukleare Sicherheit...","og_url":"https:\/\/www.greenpeace.org\/luxembourg\/de\/presseerklaerungen\/10853\/verfehlte-lektionen-nach-fukushima-unfall-zehn-jahre-spater-risiken-europaischer-atomkraftwerke\/","og_site_name":"Greenpeace Luxembourg","article_publisher":"https:\/\/www.facebook.com\/greenpeaceluxembourg","article_published_time":"2021-03-03T10:04:17+00:00","article_modified_time":"2021-12-01T15:25:08+00:00","og_image":[{"width":800,"height":443,"url":"https:\/\/www.greenpeace.org\/static\/planet4-luxembourg-stateless\/2021\/03\/e26e9efa-gp0stpnud_web_size_with_credit_line.jpg","type":"image\/jpeg"}],"author":"Esther Wildanger","twitter_card":"summary_large_image","twitter_misc":{"Written by":"Esther Wildanger","Est. reading time":"2 minutes"},"schema":{"@context":"https:\/\/schema.org","@graph":[{"@type":"Article","@id":"https:\/\/www.greenpeace.org\/luxembourg\/de\/presseerklaerungen\/10853\/verfehlte-lektionen-nach-fukushima-unfall-zehn-jahre-spater-risiken-europaischer-atomkraftwerke\/#article","isPartOf":{"@id":"https:\/\/www.greenpeace.org\/luxembourg\/de\/presseerklaerungen\/10853\/verfehlte-lektionen-nach-fukushima-unfall-zehn-jahre-spater-risiken-europaischer-atomkraftwerke\/"},"author":{"name":"Esther Wildanger","@id":"https:\/\/www.greenpeace.org\/luxembourg\/fr\/#\/schema\/person\/3d0e81a859b59009fec36a8552ef76a7"},"headline":"Verfehlte Lektionen nach Fukushima Unfall &#8211; Zehn Jahre sp\u00e4ter: Risiken europ\u00e4ischer Atomkraftwerke","datePublished":"2021-03-03T10:04:17+00:00","dateModified":"2021-12-01T15:25:08+00:00","mainEntityOfPage":{"@id":"https:\/\/www.greenpeace.org\/luxembourg\/de\/presseerklaerungen\/10853\/verfehlte-lektionen-nach-fukushima-unfall-zehn-jahre-spater-risiken-europaischer-atomkraftwerke\/"},"wordCount":332,"publisher":{"@id":"https:\/\/www.greenpeace.org\/luxembourg\/fr\/#organization"},"image":{"@id":"https:\/\/www.greenpeace.org\/luxembourg\/de\/presseerklaerungen\/10853\/verfehlte-lektionen-nach-fukushima-unfall-zehn-jahre-spater-risiken-europaischer-atomkraftwerke\/#primaryimage"},"thumbnailUrl":"https:\/\/www.greenpeace.org\/static\/planet4-luxembourg-stateless\/2021\/03\/e26e9efa-gp0stpnud_web_size_with_credit_line.jpg","keywords":["Nuklear"],"articleSection":["Energie"],"inLanguage":"de-LU"},{"@type":"WebPage","@id":"https:\/\/www.greenpeace.org\/luxembourg\/de\/presseerklaerungen\/10853\/verfehlte-lektionen-nach-fukushima-unfall-zehn-jahre-spater-risiken-europaischer-atomkraftwerke\/","url":"https:\/\/www.greenpeace.org\/luxembourg\/de\/presseerklaerungen\/10853\/verfehlte-lektionen-nach-fukushima-unfall-zehn-jahre-spater-risiken-europaischer-atomkraftwerke\/","name":"Verfehlte Lektionen nach Fukushima Unfall - Zehn Jahre sp\u00e4ter: Risiken europ\u00e4ischer Atomkraftwerke - Greenpeace Luxembourg","isPartOf":{"@id":"https:\/\/www.greenpeace.org\/luxembourg\/fr\/#website"},"primaryImageOfPage":{"@id":"https:\/\/www.greenpeace.org\/luxembourg\/de\/presseerklaerungen\/10853\/verfehlte-lektionen-nach-fukushima-unfall-zehn-jahre-spater-risiken-europaischer-atomkraftwerke\/#primaryimage"},"image":{"@id":"https:\/\/www.greenpeace.org\/luxembourg\/de\/presseerklaerungen\/10853\/verfehlte-lektionen-nach-fukushima-unfall-zehn-jahre-spater-risiken-europaischer-atomkraftwerke\/#primaryimage"},"thumbnailUrl":"https:\/\/www.greenpeace.org\/static\/planet4-luxembourg-stateless\/2021\/03\/e26e9efa-gp0stpnud_web_size_with_credit_line.jpg","datePublished":"2021-03-03T10:04:17+00:00","dateModified":"2021-12-01T15:25:08+00:00","breadcrumb":{"@id":"https:\/\/www.greenpeace.org\/luxembourg\/de\/presseerklaerungen\/10853\/verfehlte-lektionen-nach-fukushima-unfall-zehn-jahre-spater-risiken-europaischer-atomkraftwerke\/#breadcrumb"},"inLanguage":"de-LU","potentialAction":[{"@type":"ReadAction","target":["https:\/\/www.greenpeace.org\/luxembourg\/de\/presseerklaerungen\/10853\/verfehlte-lektionen-nach-fukushima-unfall-zehn-jahre-spater-risiken-europaischer-atomkraftwerke\/"]}]},{"@type":"ImageObject","inLanguage":"de-LU","@id":"https:\/\/www.greenpeace.org\/luxembourg\/de\/presseerklaerungen\/10853\/verfehlte-lektionen-nach-fukushima-unfall-zehn-jahre-spater-risiken-europaischer-atomkraftwerke\/#primaryimage","url":"https:\/\/www.greenpeace.org\/static\/planet4-luxembourg-stateless\/2021\/03\/e26e9efa-gp0stpnud_web_size_with_credit_line.jpg","contentUrl":"https:\/\/www.greenpeace.org\/static\/planet4-luxembourg-stateless\/2021\/03\/e26e9efa-gp0stpnud_web_size_with_credit_line.jpg","width":800,"height":443,"caption":"Greenpeace divers display a banner reading \u201cNever again\u201d during sampling operations off the coast of Fukushima Daiichi nuclear plant, Japan. The action is carried out in occasion of the approaching 5th anniversary of the Fukushima nuclear disaster. The Greenpeace ship Rainbow Warrior is in the background."},{"@type":"BreadcrumbList","@id":"https:\/\/www.greenpeace.org\/luxembourg\/de\/presseerklaerungen\/10853\/verfehlte-lektionen-nach-fukushima-unfall-zehn-jahre-spater-risiken-europaischer-atomkraftwerke\/#breadcrumb","itemListElement":[{"@type":"ListItem","position":1,"name":"Home","item":"http:\/\/www.greenpeace.org\/luxembourg\/fr\/"},{"@type":"ListItem","position":2,"name":"Verfehlte Lektionen nach Fukushima Unfall &#8211; Zehn Jahre sp\u00e4ter: Risiken europ\u00e4ischer Atomkraftwerke"}]},{"@type":"WebSite","@id":"https:\/\/www.greenpeace.org\/luxembourg\/fr\/#website","url":"https:\/\/www.greenpeace.org\/luxembourg\/fr\/","name":"Greenpeace Luxembourg","description":"Greenpeace existiert, weil unsere Erde eine Stimme braucht. Sie ben\u00f6tigt L\u00f6sungen. Ver\u00e4nderungen. Aktionen.","publisher":{"@id":"https:\/\/www.greenpeace.org\/luxembourg\/fr\/#organization"},"potentialAction":[{"@type":"SearchAction","target":{"@type":"EntryPoint","urlTemplate":"https:\/\/www.greenpeace.org\/luxembourg\/fr\/?s={search_term_string}"},"query-input":{"@type":"PropertyValueSpecification","valueRequired":true,"valueName":"search_term_string"}}],"inLanguage":"de-LU"},{"@type":"Organization","@id":"https:\/\/www.greenpeace.org\/luxembourg\/fr\/#organization","name":"Greenpeace Luxembourg","url":"https:\/\/www.greenpeace.org\/luxembourg\/fr\/","logo":{"@type":"ImageObject","inLanguage":"de-LU","@id":"https:\/\/www.greenpeace.org\/luxembourg\/fr\/#\/schema\/logo\/image\/","url":"https:\/\/www.greenpeace.org\/static\/planet4-luxembourg-stateless\/2026\/03\/3e367f94-greenpeace_logo_green_rgb.png","contentUrl":"https:\/\/www.greenpeace.org\/static\/planet4-luxembourg-stateless\/2026\/03\/3e367f94-greenpeace_logo_green_rgb.png","width":1080,"height":175,"caption":"Greenpeace Luxembourg"},"image":{"@id":"https:\/\/www.greenpeace.org\/luxembourg\/fr\/#\/schema\/logo\/image\/"},"sameAs":["https:\/\/www.facebook.com\/greenpeaceluxembourg","https:\/\/www.instagram.com\/greenpeacelux\/","https:\/\/www.linkedin.com\/company\/greenpeace-luxembourg\/","https:\/\/www.threads.com\/@greenpeacelux","https:\/\/bsky.app\/profile\/greenpeacelux.bsky.social","https:\/\/www.youtube.com\/@GreenpeaceLux","https:\/\/www.tiktok.com\/@greenpeace_lux"]},{"@type":"Person","@id":"https:\/\/www.greenpeace.org\/luxembourg\/fr\/#\/schema\/person\/3d0e81a859b59009fec36a8552ef76a7","name":"Esther Wildanger","url":"https:\/\/www.greenpeace.org\/luxembourg\/de\/author\/ewildang\/"}]}},"_links":{"self":[{"href":"https:\/\/www.greenpeace.org\/luxembourg\/de\/wp-json\/wp\/v2\/posts\/10853","targetHints":{"allow":["GET"]}}],"collection":[{"href":"https:\/\/www.greenpeace.org\/luxembourg\/de\/wp-json\/wp\/v2\/posts"}],"about":[{"href":"https:\/\/www.greenpeace.org\/luxembourg\/de\/wp-json\/wp\/v2\/types\/post"}],"author":[{"embeddable":true,"href":"https:\/\/www.greenpeace.org\/luxembourg\/de\/wp-json\/wp\/v2\/users\/25"}],"replies":[{"embeddable":true,"href":"https:\/\/www.greenpeace.org\/luxembourg\/de\/wp-json\/wp\/v2\/comments?post=10853"}],"version-history":[{"count":6,"href":"https:\/\/www.greenpeace.org\/luxembourg\/de\/wp-json\/wp\/v2\/posts\/10853\/revisions"}],"predecessor-version":[{"id":12861,"href":"https:\/\/www.greenpeace.org\/luxembourg\/de\/wp-json\/wp\/v2\/posts\/10853\/revisions\/12861"}],"wp:featuredmedia":[{"embeddable":true,"href":"https:\/\/www.greenpeace.org\/luxembourg\/de\/wp-json\/wp\/v2\/media\/10854"}],"wp:attachment":[{"href":"https:\/\/www.greenpeace.org\/luxembourg\/de\/wp-json\/wp\/v2\/media?parent=10853"}],"wp:term":[{"taxonomy":"category","embeddable":true,"href":"https:\/\/www.greenpeace.org\/luxembourg\/de\/wp-json\/wp\/v2\/categories?post=10853"},{"taxonomy":"post_tag","embeddable":true,"href":"https:\/\/www.greenpeace.org\/luxembourg\/de\/wp-json\/wp\/v2\/tags?post=10853"},{"taxonomy":"p4-page-type","embeddable":true,"href":"https:\/\/www.greenpeace.org\/luxembourg\/de\/wp-json\/wp\/v2\/p4-page-type?post=10853"}],"curies":[{"name":"wp","href":"https:\/\/api.w.org\/{rel}","templated":true}]}}