{"id":11376,"date":"2021-05-15T13:28:54","date_gmt":"2021-05-15T11:28:54","guid":{"rendered":"https:\/\/www.greenpeace.org\/luxembourg\/?p=11376"},"modified":"2021-12-01T17:24:21","modified_gmt":"2021-12-01T15:24:21","slug":"eu-aktionsplan-fur-nachhaltige-finanzen-alles-nur-leere-worte","status":"publish","type":"post","link":"https:\/\/www.greenpeace.org\/luxembourg\/de\/aktualitaet\/11376\/eu-aktionsplan-fur-nachhaltige-finanzen-alles-nur-leere-worte\/","title":{"rendered":"EU-Aktionsplan f\u00fcr nachhaltige Finanzen \u2013 Alles nur leere Worte?"},"content":{"rendered":"\n<p>Es ist allgemein anerkannt, dass der Klimawandel eine der gr\u00f6\u00dften Bedrohungen f\u00fcr die Umwelt und unseren Planeten darstellt. Schuld an der globalen Erw\u00e4rmung und der Zerst\u00f6rung unseres Klima, sind aber nicht nur das Transportwesen, Fabriken oder dergleichen. Einer der Hauptschuldigen wird oft au\u00dfer Acht gelassen. Zurecht wird die fossile Brennstoffindustrie als Klimaschurke angeprangert, aber diejenigen, die f\u00fcr die Finanzierung kohlenstoffintensiver Konzerne verantwortlich sind, kommen weitgehend ungeschoren davon: die Finanzindustrie. <\/p>\n\n<p>Ein von <a rel=\"noreferrer noopener\" href=\"https:\/\/www.greenpeace.org\/luxembourg\/de\/berichte\/10686\/luxemburg-die-100-grosten-fonds-finanzieren-den-klimawandel\/\" target=\"_blank\"><strong>Greenpeace Luxemburg ver\u00f6ffentlichter Bericht<\/strong><\/a> \u00fcber die Klimaauswirkungen der 100 gr\u00f6\u00dften luxemburgischen Investmentfonds ergab, dass die Investitionen dieser 100 Fonds die globale Temperatur bis 2050 im Durchschnitt auf 4\u00b0C ansteigen lassen &#8211; oder in einigen F\u00e4llen sogar bis auf 6\u00b0C und mehr. Die Wissenschaft ist sich einig: die globale Erw\u00e4rmung darf die 1,5\u00b0C Grenze nicht \u00fcberschreiten, wenn wir das schlimmste verhindern wollen. Die Anlagestrategie der meisten dieser Fonds ber\u00fccksichtigt auch nicht die Ziele des Pariser Abkommens. Der unvermeidbare \u00dcbergang zu einer kohlenstoffarmen Wirtschaft wird sich daher als gro\u00dfe Herausforderung f\u00fcr diese Fonds herausstellen und die Anleger laufen Gefahr, gro\u00dfe finanzielle Verluste zu erleiden, wenn sich die Fonds nicht anpassen. Daher fordern wir obligatorische Offenlegungspflichten f\u00fcr die von Finanzakteuren finanzierten CO2-Emissionen und an die Ziele des Pariser Abkommens angepasste Investitionen. <\/p>\n\n<div class=\"wp-block-image\"><figure class=\"aligncenter size-large is-resized\"><img loading=\"lazy\" decoding=\"async\" src=\"https:\/\/www.greenpeace.org\/static\/planet4-luxembourg-stateless\/2021\/05\/e6de6e4e-1-letzebuerger-duerstellung-karikatur-1024x726.jpg\" alt=\"\" class=\"wp-image-11367\" width=\"512\" height=\"363\" srcset=\"https:\/\/www.greenpeace.org\/static\/planet4-luxembourg-stateless\/2021\/05\/e6de6e4e-1-letzebuerger-duerstellung-karikatur-1024x726.jpg 1024w, https:\/\/www.greenpeace.org\/static\/planet4-luxembourg-stateless\/2021\/05\/e6de6e4e-1-letzebuerger-duerstellung-karikatur-300x213.jpg 300w, https:\/\/www.greenpeace.org\/static\/planet4-luxembourg-stateless\/2021\/05\/e6de6e4e-1-letzebuerger-duerstellung-karikatur-768x544.jpg 768w, https:\/\/www.greenpeace.org\/static\/planet4-luxembourg-stateless\/2021\/05\/e6de6e4e-1-letzebuerger-duerstellung-karikatur-1536x1089.jpg 1536w, https:\/\/www.greenpeace.org\/static\/planet4-luxembourg-stateless\/2021\/05\/e6de6e4e-1-letzebuerger-duerstellung-karikatur-2048x1452.jpg 2048w, https:\/\/www.greenpeace.org\/static\/planet4-luxembourg-stateless\/2021\/05\/e6de6e4e-1-letzebuerger-duerstellung-karikatur-1927x1366.jpg 1927w, https:\/\/www.greenpeace.org\/static\/planet4-luxembourg-stateless\/2021\/05\/e6de6e4e-1-letzebuerger-duerstellung-karikatur-480x340.jpg 480w\" sizes=\"auto, (max-width: 512px) 100vw, 512px\" \/><figcaption><em>&#8220;<\/em> <em>Warum d\u00fcrfen die 100 gr\u00f6\u00dften Investmentfonds in Luxemburg viermal so viel Treibhausgas verursachen wie der Rest des Landes? &#8221; <\/em><br><em>Karikatur von Carlo Schneider <\/em><\/figcaption><\/figure><\/div>\n\n<p>Als Reaktion auf den Bericht von Greenpeace erkl\u00e4rte der Verband der Luxemburger Fondsindustrie (ALFI): <em>\u201eSp\u00e4testens bis zum 10. M\u00e4rz 2021 m\u00fcssen Investmentfonds und Verm\u00f6gensverwalter die Hauptbestimmungen der SFDR einhalten. Alle Investment- und Teilfonds, sprich eigentlich alle Finanzprodukte, die Privatanlegern und institutionellen Anlegern angeboten werden, m\u00fcssen irgendeine Form von Nachhaltigkeit in ihre Investitionen integrieren.\u201c<\/em> [1] <\/p>\n\n<p><strong>SFD-WAS?!<\/strong><\/p>\n\n<p>Die <a rel=\"noreferrer noopener\" href=\"https:\/\/eur-lex.europa.eu\/legal-content\/DE\/TXT\/?uri=celex%3A32019R2088\" target=\"_blank\"><strong>EU-Offenlegungsverordnung f\u00fcr nachhaltige Finanzen<\/strong><\/a> (<em>SFDR<\/em>) trat am 10. M\u00e4rz dieses Jahres in Kraft. [2] Infolgedessen sind viele Finanzmarktteilnehmer nun verpflichtet, anzugeben, ob die Auswirkungen ihrer Investitionen auf die Umwelt und die soziale Gerechtigkeit sowohl auf Unternehmensebene als auch auf Produktebene (z. B. einem Fonds) ber\u00fccksichtigt werden und welche Ma\u00dfnahmen sie ergreifen, um diese Auswirkungen zu mildern. Als Grund f\u00fcr die Umsetzung der SFDR erkl\u00e4rten EU-Gesetzgeber, dass \u201e<em>Investitionsentscheidungen wesentlich mit negativen Auswirkungen auf Umwelt und Gesellschaft verbunden sein k\u00f6nnten, unabh\u00e4ngig davon, ob die Anlagestrategie eines Finanzmarktteilnehmers ein nachhaltiges Ziel verfolgt oder nicht.<\/em>\u201c<em> <\/em>[3]<\/p>\n\n<p>Die oben erw\u00e4hnte Reaktion von ALFI impliziert, dass jetzt alles in Ordnung sei, da die Finanzakteure verpflichtet sind, die \u00f6kologischen und sozialen Auswirkungen sowohl ihrer Organisation als auch ihrer Produkte offenzulegen. Die ALFI-Erkl\u00e4rung l\u00e4sst den Eindruck entstehen, dass die Forderungen von Greenpeace nach Einf\u00fchrung der SFDR hinf\u00e4llig geworden sind und dass Nachhaltigkeitsprobleme dank der bevorstehenden EU-Vorschriften f\u00fcr nachhaltige Finanzen gel\u00f6st werden. Wenn Sie jetzt denken, &#8220;das klingt zu gut um wahr zu sein&#8221;, haben Sie Recht&#8230; <\/p>\n\n<p><strong>Realit\u00e4tscheck<\/strong><\/p>\n\n<p>Sicher, auf dem Papier h\u00f6rt es sich gut an: Gesetzgeber und Fondsmanager k\u00f6nnen sich auf die Schulter klopfen, weil sie reaktiv, verantwortungsbewusst und fortschrittlich sind &#8211; wahre Vorbilder f\u00fcr nachhaltige Finanzen. <\/p>\n\n<p>Als die SFDR in Kraft trat, haben wir bei Greenpeace Luxembourg online recherchiert, was die Manager der 100 gr\u00f6\u00dften Luxemburger Investmentfonds \u00fcber das Einhalten der Ziele der Verordnung zu sagen hatten. An Zusicherungen und Selbstlob wurde jedenfalls nicht gespart.<\/p>\n\n<p>Das PICTET Asset Management best\u00e4tigt, dass sie \u201e<em>die Ziele der SFDR und des umfassenderen EU-Aktionsplans unterst\u00fctzen<\/em>\u201c [4], w\u00e4hrend BlackRock die SFDR als \u201e<em>Schl\u00fcsselkatalysator f\u00fcr die F\u00f6rderung nachhaltiger Investitionen in Europa<\/em>\u201c [5] lobt. David Sheasby, Head of Stewardship und ESG bei Franklin Templeton, scheint seinen Kollegen zuzustimmen und behauptet: \u201e<em>SFDR ist ein wichtiger Schritt, um Transparenz und Authentizit\u00e4t bei der Herangehensweise von Investoren bei ESG und Nachhaltigkeit voranzutreiben.<\/em>\u201c [6] JP Morgan erkl\u00e4rt, dass ihr \u201e<em>Ansatz f\u00fcr M\u00e4rkte und Investitionen unser Engagement f\u00fcr Nachhaltigkeit widerspiegelt<\/em>\u201c [7], Goldman Sachs bekr\u00e4ftigt ihr \u201e<em>Engagement f\u00fcr nachhaltige Finanzen<\/em>\u201c [8] und Allianz Global Investors behaupten, dass \u201e<em>verantwortungsbewusste Investitionen der Kern unserer DNA<\/em>\u201c sei. [9] <\/p>\n\n<p>Wenn Ihnen bei all dieser Offenheit und Gewissenhaftigkeit auch der Kopf schwirrt, so m\u00f6chten wir Sie daran erinnern, dass diese Verm\u00f6gensverwalter alle Teil von den 100 gr\u00f6\u00dften Luxemburger Fonds sind, die von Greenpeace untersucht wurden. Sie haben eins gemeinsam: sie finanzieren klimasch\u00e4dliche Unternehmen und ignorieren die Ziele des Pariser Abkommens.<\/p>\n\n<p>Wir haben uns die Aussagen \u00fcber die SFDR von Blackrock, Pictet und JP Morgan auf Konzernebene genauer angesehen. Sicher, wir haben detaillierte Erkl\u00e4rungen gefunden, wie diese Unternehmen Nachhaltigkeitsrisiken in ihre Anlageentscheidungsprozesse integrieren. In keiner dieser Aussagen erkl\u00e4rten die Fondsmanager jedoch, ob oder wie sie die Anlagen ihrer Fonds an den Zielen des Pariser Abkommens ausrichten wollen. Tats\u00e4chlich gibt es bislang keinen Grund zur Annahme, dass die SFDR-Regulierung allein Investitionen in klimasch\u00e4dliche Unternehmen verhindert.<\/p>\n\n<p><strong>Umverteilung von Geldern<\/strong><\/p>\n\n<p>Es ist entscheidend diese Verteilung umzustrukturieren und nachhaltige Finanzierungen zu standardisieren. Schlie\u00dflich ist es eines der drei langfristigen Ziele des Pariser Einkommens, \u201e<em>die Finanzstr\u00f6me dahin zu bewegen, weniger Treibhausgasemissionen zu produzieren und in Einklang mit einer klimaresistenten Entwicklung zu bringen<\/em>\u201c. Laut dem McKinsey-Bericht \u201e<a rel=\"noreferrer noopener\" href=\"https:\/\/www.weforum.org\/agenda\/2020\/12\/european-union-achieve-net-zero-emissions-2030\/\" target=\"_blank\"><strong><em>Wie die Europ\u00e4ische Union ohne Kosten einen neutralen Verbrauch erzielen kann<\/em><\/strong><\/a><em>\u201c<\/em> muss die EU 28 Billionen Euro in eine Reihe von Schl\u00fcsselsektoren (Energie, Verkehr, Immobilien, Industrie, Landwirtschaft und Infrastruktur) investieren um klimaneutral zu sein. Dem McKinsey-Bericht zufolge ist jedoch fast die H\u00e4lfte dieser Investitionen derzeit nicht rentabel und daher nicht attraktiv genug f\u00fcr Unternehmen und Privatinvestoren, es sei denn, die politischen Rahmenbedingungen \u00e4ndern sich grundlegend. <\/p>\n\n<p>Auftritt <a rel=\"noreferrer noopener\" href=\"https:\/\/ec.europa.eu\/info\/publications\/sustainable-finance-technical-expert-group_de\" target=\"_blank\">Technische Expertengruppe der EU f\u00fcr nachhaltige Finanzen<\/a> (<a rel=\"noreferrer noopener\" href=\"https:\/\/ec.europa.eu\/info\/publications\/sustainable-finance-technical-expert-group_en\" target=\"_blank\"><strong>EU TEG<\/strong><\/a>). Die EU TEG schlie\u00dft derzeit ihre Arbeit \u00fcber ein weiteres Element des EU-Aktionsplans f\u00fcr nachhaltige Finanzen ab: die EU-Taxonomie f\u00fcr nachhaltige Finanzen. Es handelt sich um ein Klassifizierungssystem, das die Kategorisierung wirtschaftlicher Aktivit\u00e4ten und Sektoren nach ihrem Einsatz f\u00fcr eine nachhaltige Entwicklung erm\u00f6glichen soll. Derzeit werden die Kriterien f\u00fcr Projekte festgelegt, die sich mit Hinblick auf die Ber\u00fccksichtigung der Umwelt und die Bek\u00e4mpfung des Klimawandels als \u201e<em> <\/em>gr\u00fcn\u201c qualifizieren. Um in die geplante EU-Taxonomie aufgenommen werden zu k\u00f6nnen, muss eine Wirtschaftst\u00e4tigkeit zu mindestens einem Umweltziel wesentlich beitragen und den anderen f\u00fcnf im <a rel=\"noreferrer noopener\" href=\"https:\/\/ec.europa.eu\/info\/files\/190618-sustainable-finance-teg-report-taxonomy_de\" target=\"_blank\">Legislativvorschlag<\/a> festgelegten Umweltzielen \u201e<em> <\/em>nicht wesentlich im Weg stehen\u201c. [10]<\/p>\n\n<p>Aber auch die EU-Taxonomie ist kein Wundermittel. Wie es im Eurosif-Papier \u201e<a rel=\"noreferrer noopener\" href=\"http:\/\/www.eurosif.org\/wp-content\/uploads\/2021\/03\/here.pdf\" target=\"_blank\"><strong><em>Die EU-Taxonomie: F\u00f6rderung einer ehrlichen Debatte<\/em><\/strong><\/a><em>\u201c hei\u00dft, \u201eist es unwahrscheinlich, dass in naher Zukunft die Ausrichtung an die Taxonomie ein wesentlicher Faktor f\u00fcr Investitionsentscheidungen sein wird. Derzeit ist es jedenfalls nicht der Fall: Verf\u00fcgbare Daten zeigen, dass bei der Mehrheit der derzeit vermarkteten nachhaltigen \/ ESG-Fonds nicht mehr als 10% der Portfolios sich an der Taxonomie orientieren werden<\/em>.\u201c<\/p>\n\n<p>Kurz gesagt, die EU-Taxonomie und die SFDR alleine werden nicht zu einer wesentlichen Umverteilung der Investitionen f\u00fchren, die zur Bek\u00e4mpfung des Klimawandels n\u00f6tig ist.<\/p>\n\n<p class=\"has-text-align-center\"><img loading=\"lazy\" decoding=\"async\" width=\"595\" height=\"352\" src=\"https:\/\/lh6.googleusercontent.com\/ScINOr96rvVOL4KAdUNwApUC9ZgAc45wVeauerqQn3Q5gpH2aeFjqf_RbCKGllGo0dBr2qG2jPcu1dj_v354biLUja3HGNtK1TRKSEkS2Qmraa2zFNE66GjnHXeY33mY_oyH__zf\"><\/p>\n\n<p class=\"has-text-align-center\">Quelle: Eurosif<\/p>\n\n<p><strong>Wir brauchen strengere Vorschriften! <\/strong><\/p>\n\n<p>Greenpeace begr\u00fc\u00dft die Umsetzung einer EU-weiten Verordnung zur Offenlegung von Nachhaltigkeit bei Finanzakteuren. Leere Worte, wie die oben genannten Aussagen von Verm\u00f6gensverwaltern reichen jedoch nicht aus. Die Offenlegung der Auswirkungen eines Finanzakteurs und dessen Produkte auf die Nachhaltigkeit oder die geplanten Ma\u00dfnahmen dieser Akteure, um ihre Auswirkungen zu mildern, werden weder die Klimakrise noch andere \u00f6kologische oder gesellschaftliche Probleme l\u00f6sen. Der Finanzsektor muss handeln! Um wirklich etwas zu bewirken, muss die Finanzbranche sich dazu verpflichten, sich grundlegend zu ver\u00e4ndern. <\/p>\n\n<p>Finanzielle Akteure sollten dazu verpflichtet werden: <\/p>\n\n<ul class=\"wp-block-list\"><li>ein klares Engagement zur Erreichung der Pariser Klimaziele einzugehen;<\/li><li>unverz\u00fcglich eine legitime und umfassende Transparenz \u00fcber die Nachhaltigkeitsleistung ihrer Produkte umzusetzen; und <\/li><li>das eigene methodische Know-how im Umgang mit Nachhaltigkeitsrisiken zu erweitern und dieses in Risikomanagement- und Entscheidungsprozesse einzubeziehen.<\/li><\/ul>\n\n<p>Gleichzeitig bedeutet die Einf\u00fchrung der SFDR nicht, dass die luxemburgische Regierung und die Finanzbeh\u00f6rden von ihrer Verantwortung entbunden werden. Sie sollten den Finanzakteuren in Luxemburg helfen, sich durch eine Auff\u00fchrung unterst\u00fctzender Ma\u00dfnahmen an den Pariser Klimazielen auszurichten, und den Austausch bestehender bew\u00e4hrter Verfahren und methodischen Know-hows innerhalb der Branche f\u00f6rdern. <\/p>\n\n<p>Dennoch, die EU bem\u00fcht sich Greenwashing zu verhindern und eine nachhaltige Finanzierung zu f\u00f6rdern &#8211; eine Pflicht und eine Chance auch f\u00fcr nationale <em>Regierungen<\/em>. Unsere finanzielle Stabilit\u00e4t und der Schutz unseres Planeten h\u00e4ngen davon ab. <\/p>\n\n<hr class=\"wp-block-separator\"\/>\n\n<p>[1] <a href=\"https:\/\/www.alfi.lu\/en-gb\/article\/sustainable-finance-and-investment-funds-what-are\" target=\"_blank\" rel=\"noreferrer noopener\"><strong>ALFI Webseite<\/strong><\/a> <\/p>\n\n<p>[2] Empfohlene Lekt\u00fcre: \u201c<em><a href=\"https:\/\/www.greenpeace.org\/static\/planet4-luxembourg-stateless\/2021\/05\/7dc482ba-faq-uber-sfdr.pdf\" target=\"_blank\" rel=\"noreferrer noopener\">FAQ \u00fcber die EU Sustainable Finance Disclosure Regulation\u201d<\/a><\/em><\/p>\n\n<p>[3] <a href=\"https:\/\/ec.europa.eu\/info\/business-economy-euro\/banking-and-finance\/sustainable-finance\/sustainability-related-disclosure-financial-services-sector_en\" target=\"_blank\" rel=\"noreferrer noopener\"><strong>Webseite der Europ\u00e4ischen Kommission <\/strong><\/a> <\/p>\n\n<p>[4] <a rel=\"noreferrer noopener\" href=\"https:\/\/am.pictet\/fr\/france\/global-articles\/2021\/pictet-asset-management\/sfdr\" target=\"_blank\"><strong>PICTET Asset Management Webseite<\/strong><\/a> <strong>[FR]<\/strong><\/p>\n\n<p>[5] <a href=\"https:\/\/www.blackrock.com\/lu\/intermediaries\/literature\/brochure\/sfdr-faq-en-emea-rc-brochure.pdf\" target=\"_blank\" rel=\"noreferrer noopener\"><strong>BlackRock\u2019s FAQ \u00fcber SFDR <\/strong><\/a><strong> [EN]<\/strong><\/p>\n\n<p>[6] Franklin Templeton : <a href=\"https:\/\/www.franklintempleton.lu\/content-ftthinks\/common\/sfdr\/sfdra_0221.pdf\" target=\"_blank\" rel=\"noreferrer noopener\"><strong> The Impacts of Sustainable Finance Disclosure Regulation on the European Distribution Landscape<\/strong><\/a><strong> [EN]<\/strong>  <\/p>\n\n<p>[7] <a href=\"https:\/\/www.morganstanley.com\/about-us-governance\/pdf\/Environmental_and_Social_Policy_Statement_December_2020.pdf\" target=\"_blank\" rel=\"noreferrer noopener\"><strong>Morgan Stanley Erkl\u00e4rung zur Umwelt- und Sozialpolitik <\/strong><\/a> <strong>[EN]<\/strong><\/p>\n\n<p>[8] <a rel=\"noreferrer noopener\" href=\"https:\/\/www.goldmansachs.com\/our-commitments\/sustainability\/sustainable-finance\/documents\/reports\/2019-sustainability-report.pdf\" target=\"_blank\"><strong>Goldman Sachs 2019 Nachhaltigkeitsbericht <\/strong><\/a> <strong>[EN]<\/strong><\/p>\n\n<p>[9] <a rel=\"noreferrer noopener\" href=\"https:\/\/lu.allianzgi.com\/en-gb\/our-firm\/our-esg-approach\" target=\"_blank\"><strong>Allianz Global Investors Webseite<\/strong><\/a> <strong>[EN]<\/strong><\/p>\n\n<p>[10] <a rel=\"noreferrer noopener\" href=\"https:\/\/home.kpmg\/fi\/fi\/home\/Pinnalla\/2019\/08\/eu-sustainable-finance-explained-part-ii-taxonomy.html\" target=\"_blank\"><strong>KPMG<\/strong><\/a> Webseite <strong>[EN]<\/strong><\/p>\n\t\t\t<section\n\t\t\tclass=\"boxout post-844 \"\n\t\t\t\n\t\t>\n\t\t\t<a\n\t\t\t\tdata-ga-category=\"Take Action Boxout\"\n\t\t\t\tdata-ga-action=\"Image\"\n\t\t\t\tdata-ga-label=\"n\/a\"\n\t\t\t\tclass=\"cover-card-overlay\"\n\t\t\t\thref=\"https:\/\/www.greenpeace.org\/luxembourg\/de\/handeln\/divestment-aus-fossilen-energien\/\" \n\t\t\t><\/a>\n\t\t\t\t\t\t\t<img\n\t\t\t\t\t\tsrc=\"https:\/\/www.greenpeace.org\/static\/planet4-luxembourg-stateless\/0c8f6b41-gp026gz_pressmedia-1024x683.jpg\"\n\t\t\t\t\t\tsrcset=\"\"\n\t\t\t\t\t\tsizes=\"(min-width: 1000px) 358px, (min-width: 780px) 313px, 88px\"\n\t\t\t\t\t\talt=\"\" title=\"\"\n\t\t\t\t\/>\n            \t\t\t<div class=\"boxout-content\">\n\t\t\t\t\t\t\t\t\t<a\n\t\t\t\t\t\tclass=\"boxout-heading medium\"\n\t\t\t\t\t\tdata-ga-category=\"Take Action Boxout\"\n\t\t\t\t\t\tdata-ga-action=\"Title\"\n\t\t\t\t\t\tdata-ga-label=\"n\/a\"\n\t\t\t\t\t\thref=\"https:\/\/www.greenpeace.org\/luxembourg\/de\/handeln\/divestment-aus-fossilen-energien\/\"\n\t\t\t\t\t\t\n\t\t\t\t\t>\n\t\t\t\t\t\tZeit aufzuh\u00f6ren, in fossile Brennstoffe zu investieren\n\t\t\t\t\t<\/a>\n\t\t\t\t\t\t\t\t                                    <a\n                        class=\"btn btn-primary\"\n                        data-ga-category=\"Take Action Boxout\"\n                        data-ga-action=\"Call to Action\"\n                        data-ga-label=\"n\/a\"\n                        href=\"https:\/\/www.greenpeace.org\/luxembourg\/de\/handeln\/divestment-aus-fossilen-energien\/\"\n                        \n                    >\n                        Machen Sie mit!\n                    <\/a>\n                \t\t\t<\/div>\n\t\t\t\t\t<\/section>\n\t","protected":false},"excerpt":{"rendered":"<p>Die EU-Offenlegungsverordnung f\u00fcr nachhaltige Finanzen (SFDR) &#8211; Klimaretter oder hei\u00dfe Luft?<\/p>\n","protected":false},"author":31,"featured_media":11367,"comment_status":"closed","ping_status":"closed","sticky":false,"template":"","format":"standard","meta":{"ep_exclude_from_search":false,"p4_og_title":"","p4_og_description":"","p4_og_image":"","p4_og_image_id":"","p4_seo_canonical_url":"","p4_campaign_name":"not set","p4_local_project":"not set","p4_basket_name":"not set","p4_department":"","footnotes":""},"categories":[49,48,46],"tags":[96],"p4-page-type":[68],"class_list":["post-11376","post","type-post","status-publish","format-standard","has-post-thumbnail","hentry","category-energie","category-klima","category-problem","tag-finanzsektor","p4-page-type-aktualitaet"],"yoast_head":"<!-- This site is optimized with the Yoast SEO Premium plugin v23.9 (Yoast SEO v23.9) - https:\/\/yoast.com\/wordpress\/plugins\/seo\/ -->\n<title>EU-Aktionsplan f\u00fcr nachhaltige Finanzen \u2013 Alles nur leere Worte? - Greenpeace Luxembourg<\/title>\n<meta name=\"robots\" content=\"index, follow, max-snippet:-1, max-image-preview:large, max-video-preview:-1\" \/>\n<link rel=\"canonical\" href=\"https:\/\/www.greenpeace.org\/luxembourg\/de\/aktualitaet\/11376\/eu-aktionsplan-fur-nachhaltige-finanzen-alles-nur-leere-worte\/\" \/>\n<meta property=\"og:locale\" content=\"de_DE\" \/>\n<meta property=\"og:type\" content=\"article\" \/>\n<meta property=\"og:title\" content=\"EU-Aktionsplan f\u00fcr nachhaltige Finanzen \u2013 Alles nur leere Worte?\" \/>\n<meta property=\"og:description\" content=\"Die EU-Offenlegungsverordnung f\u00fcr nachhaltige Finanzen (SFDR) - Klimaretter oder hei\u00dfe Luft?\" \/>\n<meta property=\"og:url\" content=\"https:\/\/www.greenpeace.org\/luxembourg\/de\/aktualitaet\/11376\/eu-aktionsplan-fur-nachhaltige-finanzen-alles-nur-leere-worte\/\" \/>\n<meta property=\"og:site_name\" content=\"Greenpeace Luxembourg\" \/>\n<meta property=\"article:publisher\" content=\"https:\/\/www.facebook.com\/greenpeaceluxembourg\" \/>\n<meta property=\"article:published_time\" content=\"2021-05-15T11:28:54+00:00\" \/>\n<meta property=\"article:modified_time\" content=\"2021-12-01T15:24:21+00:00\" \/>\n<meta property=\"og:image\" content=\"https:\/\/www.greenpeace.org\/static\/planet4-luxembourg-stateless\/2021\/05\/e6de6e4e-1-letzebuerger-duerstellung-karikatur-scaled.jpg\" \/>\n\t<meta property=\"og:image:width\" content=\"2560\" \/>\n\t<meta property=\"og:image:height\" content=\"1815\" \/>\n\t<meta property=\"og:image:type\" content=\"image\/jpeg\" \/>\n<meta name=\"author\" content=\"Myriam Wecker\" \/>\n<meta name=\"twitter:card\" content=\"summary_large_image\" \/>\n<meta name=\"twitter:label1\" content=\"Written by\" \/>\n\t<meta name=\"twitter:data1\" content=\"Myriam Wecker\" \/>\n\t<meta name=\"twitter:label2\" content=\"Est. reading time\" \/>\n\t<meta name=\"twitter:data2\" content=\"7 minutes\" \/>\n<script type=\"application\/ld+json\" class=\"yoast-schema-graph\">{\"@context\":\"https:\/\/schema.org\",\"@graph\":[{\"@type\":\"Article\",\"@id\":\"https:\/\/www.greenpeace.org\/luxembourg\/de\/aktualitaet\/11376\/eu-aktionsplan-fur-nachhaltige-finanzen-alles-nur-leere-worte\/#article\",\"isPartOf\":{\"@id\":\"https:\/\/www.greenpeace.org\/luxembourg\/de\/aktualitaet\/11376\/eu-aktionsplan-fur-nachhaltige-finanzen-alles-nur-leere-worte\/\"},\"author\":{\"name\":\"Myriam Wecker\",\"@id\":\"https:\/\/www.greenpeace.org\/luxembourg\/fr\/#\/schema\/person\/c2ae6002b8ed18c00be0c6b320eea776\"},\"headline\":\"EU-Aktionsplan f\u00fcr nachhaltige Finanzen \u2013 Alles nur leere Worte?\",\"datePublished\":\"2021-05-15T11:28:54+00:00\",\"dateModified\":\"2021-12-01T15:24:21+00:00\",\"mainEntityOfPage\":{\"@id\":\"https:\/\/www.greenpeace.org\/luxembourg\/de\/aktualitaet\/11376\/eu-aktionsplan-fur-nachhaltige-finanzen-alles-nur-leere-worte\/\"},\"wordCount\":1437,\"publisher\":{\"@id\":\"https:\/\/www.greenpeace.org\/luxembourg\/fr\/#organization\"},\"image\":{\"@id\":\"https:\/\/www.greenpeace.org\/luxembourg\/de\/aktualitaet\/11376\/eu-aktionsplan-fur-nachhaltige-finanzen-alles-nur-leere-worte\/#primaryimage\"},\"thumbnailUrl\":\"https:\/\/www.greenpeace.org\/static\/planet4-luxembourg-stateless\/2021\/05\/e6de6e4e-1-letzebuerger-duerstellung-karikatur-scaled.jpg\",\"keywords\":[\"Finanzsektor\"],\"articleSection\":[\"Energie\",\"Klima\",\"Problem\"],\"inLanguage\":\"de-LU\"},{\"@type\":\"WebPage\",\"@id\":\"https:\/\/www.greenpeace.org\/luxembourg\/de\/aktualitaet\/11376\/eu-aktionsplan-fur-nachhaltige-finanzen-alles-nur-leere-worte\/\",\"url\":\"https:\/\/www.greenpeace.org\/luxembourg\/de\/aktualitaet\/11376\/eu-aktionsplan-fur-nachhaltige-finanzen-alles-nur-leere-worte\/\",\"name\":\"EU-Aktionsplan f\u00fcr nachhaltige Finanzen \u2013 Alles nur leere Worte? - Greenpeace Luxembourg\",\"isPartOf\":{\"@id\":\"https:\/\/www.greenpeace.org\/luxembourg\/fr\/#website\"},\"primaryImageOfPage\":{\"@id\":\"https:\/\/www.greenpeace.org\/luxembourg\/de\/aktualitaet\/11376\/eu-aktionsplan-fur-nachhaltige-finanzen-alles-nur-leere-worte\/#primaryimage\"},\"image\":{\"@id\":\"https:\/\/www.greenpeace.org\/luxembourg\/de\/aktualitaet\/11376\/eu-aktionsplan-fur-nachhaltige-finanzen-alles-nur-leere-worte\/#primaryimage\"},\"thumbnailUrl\":\"https:\/\/www.greenpeace.org\/static\/planet4-luxembourg-stateless\/2021\/05\/e6de6e4e-1-letzebuerger-duerstellung-karikatur-scaled.jpg\",\"datePublished\":\"2021-05-15T11:28:54+00:00\",\"dateModified\":\"2021-12-01T15:24:21+00:00\",\"breadcrumb\":{\"@id\":\"https:\/\/www.greenpeace.org\/luxembourg\/de\/aktualitaet\/11376\/eu-aktionsplan-fur-nachhaltige-finanzen-alles-nur-leere-worte\/#breadcrumb\"},\"inLanguage\":\"de-LU\",\"potentialAction\":[{\"@type\":\"ReadAction\",\"target\":[\"https:\/\/www.greenpeace.org\/luxembourg\/de\/aktualitaet\/11376\/eu-aktionsplan-fur-nachhaltige-finanzen-alles-nur-leere-worte\/\"]}]},{\"@type\":\"ImageObject\",\"inLanguage\":\"de-LU\",\"@id\":\"https:\/\/www.greenpeace.org\/luxembourg\/de\/aktualitaet\/11376\/eu-aktionsplan-fur-nachhaltige-finanzen-alles-nur-leere-worte\/#primaryimage\",\"url\":\"https:\/\/www.greenpeace.org\/static\/planet4-luxembourg-stateless\/2021\/05\/e6de6e4e-1-letzebuerger-duerstellung-karikatur-scaled.jpg\",\"contentUrl\":\"https:\/\/www.greenpeace.org\/static\/planet4-luxembourg-stateless\/2021\/05\/e6de6e4e-1-letzebuerger-duerstellung-karikatur-scaled.jpg\",\"width\":2560,\"height\":1815},{\"@type\":\"BreadcrumbList\",\"@id\":\"https:\/\/www.greenpeace.org\/luxembourg\/de\/aktualitaet\/11376\/eu-aktionsplan-fur-nachhaltige-finanzen-alles-nur-leere-worte\/#breadcrumb\",\"itemListElement\":[{\"@type\":\"ListItem\",\"position\":1,\"name\":\"Home\",\"item\":\"http:\/\/www.greenpeace.org\/luxembourg\/fr\/\"},{\"@type\":\"ListItem\",\"position\":2,\"name\":\"EU-Aktionsplan f\u00fcr nachhaltige Finanzen \u2013 Alles nur leere Worte?\"}]},{\"@type\":\"WebSite\",\"@id\":\"https:\/\/www.greenpeace.org\/luxembourg\/fr\/#website\",\"url\":\"https:\/\/www.greenpeace.org\/luxembourg\/fr\/\",\"name\":\"Greenpeace Luxembourg\",\"description\":\"Greenpeace existiert, weil unsere Erde eine Stimme braucht. Sie ben\u00f6tigt L\u00f6sungen. Ver\u00e4nderungen. Aktionen.\",\"publisher\":{\"@id\":\"https:\/\/www.greenpeace.org\/luxembourg\/fr\/#organization\"},\"potentialAction\":[{\"@type\":\"SearchAction\",\"target\":{\"@type\":\"EntryPoint\",\"urlTemplate\":\"https:\/\/www.greenpeace.org\/luxembourg\/fr\/?s={search_term_string}\"},\"query-input\":{\"@type\":\"PropertyValueSpecification\",\"valueRequired\":true,\"valueName\":\"search_term_string\"}}],\"inLanguage\":\"de-LU\"},{\"@type\":\"Organization\",\"@id\":\"https:\/\/www.greenpeace.org\/luxembourg\/fr\/#organization\",\"name\":\"Greenpeace Luxembourg\",\"url\":\"https:\/\/www.greenpeace.org\/luxembourg\/fr\/\",\"logo\":{\"@type\":\"ImageObject\",\"inLanguage\":\"de-LU\",\"@id\":\"https:\/\/www.greenpeace.org\/luxembourg\/fr\/#\/schema\/logo\/image\/\",\"url\":\"https:\/\/www.greenpeace.org\/static\/planet4-luxembourg-stateless\/2026\/03\/3e367f94-greenpeace_logo_green_rgb.png\",\"contentUrl\":\"https:\/\/www.greenpeace.org\/static\/planet4-luxembourg-stateless\/2026\/03\/3e367f94-greenpeace_logo_green_rgb.png\",\"width\":1080,\"height\":175,\"caption\":\"Greenpeace Luxembourg\"},\"image\":{\"@id\":\"https:\/\/www.greenpeace.org\/luxembourg\/fr\/#\/schema\/logo\/image\/\"},\"sameAs\":[\"https:\/\/www.facebook.com\/greenpeaceluxembourg\",\"https:\/\/www.instagram.com\/greenpeacelux\/\",\"https:\/\/www.linkedin.com\/company\/greenpeace-luxembourg\/\",\"https:\/\/www.threads.com\/@greenpeacelux\",\"https:\/\/bsky.app\/profile\/greenpeacelux.bsky.social\",\"https:\/\/www.youtube.com\/@GreenpeaceLux\",\"https:\/\/www.tiktok.com\/@greenpeace_lux\"]},{\"@type\":\"Person\",\"@id\":\"https:\/\/www.greenpeace.org\/luxembourg\/fr\/#\/schema\/person\/c2ae6002b8ed18c00be0c6b320eea776\",\"name\":\"Myriam Wecker\",\"url\":\"https:\/\/www.greenpeace.org\/luxembourg\/de\/author\/mwecker\/\"}]}<\/script>\n<!-- \/ Yoast SEO Premium plugin. -->","yoast_head_json":{"title":"EU-Aktionsplan f\u00fcr nachhaltige Finanzen \u2013 Alles nur leere Worte? - Greenpeace Luxembourg","robots":{"index":"index","follow":"follow","max-snippet":"max-snippet:-1","max-image-preview":"max-image-preview:large","max-video-preview":"max-video-preview:-1"},"canonical":"https:\/\/www.greenpeace.org\/luxembourg\/de\/aktualitaet\/11376\/eu-aktionsplan-fur-nachhaltige-finanzen-alles-nur-leere-worte\/","og_locale":"de_DE","og_type":"article","og_title":"EU-Aktionsplan f\u00fcr nachhaltige Finanzen \u2013 Alles nur leere Worte?","og_description":"Die EU-Offenlegungsverordnung f\u00fcr nachhaltige Finanzen (SFDR) - Klimaretter oder hei\u00dfe Luft?","og_url":"https:\/\/www.greenpeace.org\/luxembourg\/de\/aktualitaet\/11376\/eu-aktionsplan-fur-nachhaltige-finanzen-alles-nur-leere-worte\/","og_site_name":"Greenpeace Luxembourg","article_publisher":"https:\/\/www.facebook.com\/greenpeaceluxembourg","article_published_time":"2021-05-15T11:28:54+00:00","article_modified_time":"2021-12-01T15:24:21+00:00","og_image":[{"width":2560,"height":1815,"url":"https:\/\/www.greenpeace.org\/static\/planet4-luxembourg-stateless\/2021\/05\/e6de6e4e-1-letzebuerger-duerstellung-karikatur-scaled.jpg","type":"image\/jpeg"}],"author":"Myriam Wecker","twitter_card":"summary_large_image","twitter_misc":{"Written by":"Myriam Wecker","Est. reading time":"7 minutes"},"schema":{"@context":"https:\/\/schema.org","@graph":[{"@type":"Article","@id":"https:\/\/www.greenpeace.org\/luxembourg\/de\/aktualitaet\/11376\/eu-aktionsplan-fur-nachhaltige-finanzen-alles-nur-leere-worte\/#article","isPartOf":{"@id":"https:\/\/www.greenpeace.org\/luxembourg\/de\/aktualitaet\/11376\/eu-aktionsplan-fur-nachhaltige-finanzen-alles-nur-leere-worte\/"},"author":{"name":"Myriam Wecker","@id":"https:\/\/www.greenpeace.org\/luxembourg\/fr\/#\/schema\/person\/c2ae6002b8ed18c00be0c6b320eea776"},"headline":"EU-Aktionsplan f\u00fcr nachhaltige Finanzen \u2013 Alles nur leere Worte?","datePublished":"2021-05-15T11:28:54+00:00","dateModified":"2021-12-01T15:24:21+00:00","mainEntityOfPage":{"@id":"https:\/\/www.greenpeace.org\/luxembourg\/de\/aktualitaet\/11376\/eu-aktionsplan-fur-nachhaltige-finanzen-alles-nur-leere-worte\/"},"wordCount":1437,"publisher":{"@id":"https:\/\/www.greenpeace.org\/luxembourg\/fr\/#organization"},"image":{"@id":"https:\/\/www.greenpeace.org\/luxembourg\/de\/aktualitaet\/11376\/eu-aktionsplan-fur-nachhaltige-finanzen-alles-nur-leere-worte\/#primaryimage"},"thumbnailUrl":"https:\/\/www.greenpeace.org\/static\/planet4-luxembourg-stateless\/2021\/05\/e6de6e4e-1-letzebuerger-duerstellung-karikatur-scaled.jpg","keywords":["Finanzsektor"],"articleSection":["Energie","Klima","Problem"],"inLanguage":"de-LU"},{"@type":"WebPage","@id":"https:\/\/www.greenpeace.org\/luxembourg\/de\/aktualitaet\/11376\/eu-aktionsplan-fur-nachhaltige-finanzen-alles-nur-leere-worte\/","url":"https:\/\/www.greenpeace.org\/luxembourg\/de\/aktualitaet\/11376\/eu-aktionsplan-fur-nachhaltige-finanzen-alles-nur-leere-worte\/","name":"EU-Aktionsplan f\u00fcr nachhaltige Finanzen \u2013 Alles nur leere Worte? - Greenpeace Luxembourg","isPartOf":{"@id":"https:\/\/www.greenpeace.org\/luxembourg\/fr\/#website"},"primaryImageOfPage":{"@id":"https:\/\/www.greenpeace.org\/luxembourg\/de\/aktualitaet\/11376\/eu-aktionsplan-fur-nachhaltige-finanzen-alles-nur-leere-worte\/#primaryimage"},"image":{"@id":"https:\/\/www.greenpeace.org\/luxembourg\/de\/aktualitaet\/11376\/eu-aktionsplan-fur-nachhaltige-finanzen-alles-nur-leere-worte\/#primaryimage"},"thumbnailUrl":"https:\/\/www.greenpeace.org\/static\/planet4-luxembourg-stateless\/2021\/05\/e6de6e4e-1-letzebuerger-duerstellung-karikatur-scaled.jpg","datePublished":"2021-05-15T11:28:54+00:00","dateModified":"2021-12-01T15:24:21+00:00","breadcrumb":{"@id":"https:\/\/www.greenpeace.org\/luxembourg\/de\/aktualitaet\/11376\/eu-aktionsplan-fur-nachhaltige-finanzen-alles-nur-leere-worte\/#breadcrumb"},"inLanguage":"de-LU","potentialAction":[{"@type":"ReadAction","target":["https:\/\/www.greenpeace.org\/luxembourg\/de\/aktualitaet\/11376\/eu-aktionsplan-fur-nachhaltige-finanzen-alles-nur-leere-worte\/"]}]},{"@type":"ImageObject","inLanguage":"de-LU","@id":"https:\/\/www.greenpeace.org\/luxembourg\/de\/aktualitaet\/11376\/eu-aktionsplan-fur-nachhaltige-finanzen-alles-nur-leere-worte\/#primaryimage","url":"https:\/\/www.greenpeace.org\/static\/planet4-luxembourg-stateless\/2021\/05\/e6de6e4e-1-letzebuerger-duerstellung-karikatur-scaled.jpg","contentUrl":"https:\/\/www.greenpeace.org\/static\/planet4-luxembourg-stateless\/2021\/05\/e6de6e4e-1-letzebuerger-duerstellung-karikatur-scaled.jpg","width":2560,"height":1815},{"@type":"BreadcrumbList","@id":"https:\/\/www.greenpeace.org\/luxembourg\/de\/aktualitaet\/11376\/eu-aktionsplan-fur-nachhaltige-finanzen-alles-nur-leere-worte\/#breadcrumb","itemListElement":[{"@type":"ListItem","position":1,"name":"Home","item":"http:\/\/www.greenpeace.org\/luxembourg\/fr\/"},{"@type":"ListItem","position":2,"name":"EU-Aktionsplan f\u00fcr nachhaltige Finanzen \u2013 Alles nur leere Worte?"}]},{"@type":"WebSite","@id":"https:\/\/www.greenpeace.org\/luxembourg\/fr\/#website","url":"https:\/\/www.greenpeace.org\/luxembourg\/fr\/","name":"Greenpeace Luxembourg","description":"Greenpeace existiert, weil unsere Erde eine Stimme braucht. Sie ben\u00f6tigt L\u00f6sungen. Ver\u00e4nderungen. Aktionen.","publisher":{"@id":"https:\/\/www.greenpeace.org\/luxembourg\/fr\/#organization"},"potentialAction":[{"@type":"SearchAction","target":{"@type":"EntryPoint","urlTemplate":"https:\/\/www.greenpeace.org\/luxembourg\/fr\/?s={search_term_string}"},"query-input":{"@type":"PropertyValueSpecification","valueRequired":true,"valueName":"search_term_string"}}],"inLanguage":"de-LU"},{"@type":"Organization","@id":"https:\/\/www.greenpeace.org\/luxembourg\/fr\/#organization","name":"Greenpeace Luxembourg","url":"https:\/\/www.greenpeace.org\/luxembourg\/fr\/","logo":{"@type":"ImageObject","inLanguage":"de-LU","@id":"https:\/\/www.greenpeace.org\/luxembourg\/fr\/#\/schema\/logo\/image\/","url":"https:\/\/www.greenpeace.org\/static\/planet4-luxembourg-stateless\/2026\/03\/3e367f94-greenpeace_logo_green_rgb.png","contentUrl":"https:\/\/www.greenpeace.org\/static\/planet4-luxembourg-stateless\/2026\/03\/3e367f94-greenpeace_logo_green_rgb.png","width":1080,"height":175,"caption":"Greenpeace Luxembourg"},"image":{"@id":"https:\/\/www.greenpeace.org\/luxembourg\/fr\/#\/schema\/logo\/image\/"},"sameAs":["https:\/\/www.facebook.com\/greenpeaceluxembourg","https:\/\/www.instagram.com\/greenpeacelux\/","https:\/\/www.linkedin.com\/company\/greenpeace-luxembourg\/","https:\/\/www.threads.com\/@greenpeacelux","https:\/\/bsky.app\/profile\/greenpeacelux.bsky.social","https:\/\/www.youtube.com\/@GreenpeaceLux","https:\/\/www.tiktok.com\/@greenpeace_lux"]},{"@type":"Person","@id":"https:\/\/www.greenpeace.org\/luxembourg\/fr\/#\/schema\/person\/c2ae6002b8ed18c00be0c6b320eea776","name":"Myriam Wecker","url":"https:\/\/www.greenpeace.org\/luxembourg\/de\/author\/mwecker\/"}]}},"_links":{"self":[{"href":"https:\/\/www.greenpeace.org\/luxembourg\/de\/wp-json\/wp\/v2\/posts\/11376","targetHints":{"allow":["GET"]}}],"collection":[{"href":"https:\/\/www.greenpeace.org\/luxembourg\/de\/wp-json\/wp\/v2\/posts"}],"about":[{"href":"https:\/\/www.greenpeace.org\/luxembourg\/de\/wp-json\/wp\/v2\/types\/post"}],"author":[{"embeddable":true,"href":"https:\/\/www.greenpeace.org\/luxembourg\/de\/wp-json\/wp\/v2\/users\/31"}],"replies":[{"embeddable":true,"href":"https:\/\/www.greenpeace.org\/luxembourg\/de\/wp-json\/wp\/v2\/comments?post=11376"}],"version-history":[{"count":4,"href":"https:\/\/www.greenpeace.org\/luxembourg\/de\/wp-json\/wp\/v2\/posts\/11376\/revisions"}],"predecessor-version":[{"id":12836,"href":"https:\/\/www.greenpeace.org\/luxembourg\/de\/wp-json\/wp\/v2\/posts\/11376\/revisions\/12836"}],"wp:featuredmedia":[{"embeddable":true,"href":"https:\/\/www.greenpeace.org\/luxembourg\/de\/wp-json\/wp\/v2\/media\/11367"}],"wp:attachment":[{"href":"https:\/\/www.greenpeace.org\/luxembourg\/de\/wp-json\/wp\/v2\/media?parent=11376"}],"wp:term":[{"taxonomy":"category","embeddable":true,"href":"https:\/\/www.greenpeace.org\/luxembourg\/de\/wp-json\/wp\/v2\/categories?post=11376"},{"taxonomy":"post_tag","embeddable":true,"href":"https:\/\/www.greenpeace.org\/luxembourg\/de\/wp-json\/wp\/v2\/tags?post=11376"},{"taxonomy":"p4-page-type","embeddable":true,"href":"https:\/\/www.greenpeace.org\/luxembourg\/de\/wp-json\/wp\/v2\/p4-page-type?post=11376"}],"curies":[{"name":"wp","href":"https:\/\/api.w.org\/{rel}","templated":true}]}}