{"id":11900,"date":"2021-07-14T16:57:39","date_gmt":"2021-07-14T14:57:39","guid":{"rendered":"https:\/\/www.greenpeace.org\/luxembourg\/aktualitaet\/11900\/fit-for-55-paket-der-eu-kommission-zur-eindammung-der-klimakrise-ungeeignet\/"},"modified":"2021-12-01T17:23:46","modified_gmt":"2021-12-01T15:23:46","slug":"fit-for-55-paket-der-eu-kommission-zur-eindammung-der-klimakrise-ungeeignet","status":"publish","type":"post","link":"https:\/\/www.greenpeace.org\/luxembourg\/de\/presseerklaerungen\/11900\/fit-for-55-paket-der-eu-kommission-zur-eindammung-der-klimakrise-ungeeignet\/","title":{"rendered":"\u201eFit for 55\u201c-Paket der EU-Kommission zur Eind\u00e4mmung der Klimakrise ungeeignet"},"content":{"rendered":"\n<p><strong><em>Luxemburg<\/em><\/strong><strong>, 14. Juli 2021 &#8211; Trotz einer Reihe auff\u00e4lliger Klima-Gesetzentw\u00fcrfe, ist das Paket zum klimafreundlichen Umbau der Wirtschaft, das die Europ\u00e4ische Kommission am Mittwoch ver\u00f6ffentlicht hat, nicht geeignet um die Klimakrise zu bew\u00e4ltigen, warnt Greenpeace.<\/strong><\/p>\n\n<p>\u201e<em>Aus guten Gr\u00fcnden wurde das Paket nicht \u201cFit for 1,5\u00b0C\u201d genannt\u201d<\/em>, kommentierte Greenpeace Kampaigner Frank Thinnes. &#8221; <em>W\u00e4hrend der Planet weiterhin mit t\u00f6dlichen Hitzewellen, heftigen Waldbr\u00e4nden, verheerenden St\u00fcrmen und \u00dcberschwemmungen konfrontiert ist, bleibt das EU-Ziel bis 2030 55% weniger Treibhausgase zu produzieren, weit von den wissenschaftlichen Empfehlungen von minus 65% entfernt, um die globale Erw\u00e4rmung auf 1,5\u00b0C zu begrenzen und den Zusammenbruch der Natur, der Wirtschaft und der Gesellschaft wie wir sie kennen zu verhindern.<\/em> \u201d <\/p>\n\n<p>Diesen Plan zu feiern und gar als L\u00f6sung zur Klimakrise darzustellen ist ein Fehler. Die Ziele dieses Ma\u00dfnahmenpakets sind nicht ambitioniert genug, sie halten der Wissenschaft nicht stand und die Zerst\u00f6rung der Lebensgrundlagen unseres Planeten nicht auf. Trotz des ganzen Hypes werden viele Ma\u00dfnahmen erst in fr\u00fchestens zehn Jahren greifen, beispielsweise den Verkauf neuer umweltsch\u00e4dlicher Autos bis 2035 zu stoppen, w\u00e4hrend andere Bestimmungen das Feuer immer weiter anheizen, wie die Kennzeichnung des Verbrennens von B\u00e4umen als Biomasse, sprich erneuerbarer Energie, ohne Ber\u00fccksichtigung einer \u00f6kologischen Kaskadennutzung. <\/p>\n\n<p>Sobald Einzelheiten zum Paket \u201eFit f\u00fcr 55\u201c bekannt werden, werden auf <a href=\"https:\/\/www.greenpeace.org\/eu-unit\/issues\/climate-energy\/45795\/eu-commission-fit-for-55-package-unfit-to-contain-climate-crisis\/\">dieser Seite<\/a> weitere Analysen zu den wichtigsten Ank\u00fcndigungen der Kommission von heute hinzugef\u00fcgt.<br><br>Alle Vorschl\u00e4ge der Kommission werden in den kommenden Monaten und Jahren vom Europ\u00e4ischen Parlament und den Regierungen abge\u00e4ndert und genehmigt werden m\u00fcssen.<\/p>\n\t\t\t<section\n\t\t\tclass=\"boxout post-724 \"\n\t\t\t\n\t\t>\n\t\t\t<a\n\t\t\t\tdata-ga-category=\"Take Action Boxout\"\n\t\t\t\tdata-ga-action=\"Image\"\n\t\t\t\tdata-ga-label=\"n\/a\"\n\t\t\t\tclass=\"cover-card-overlay\"\n\t\t\t\thref=\"https:\/\/www.greenpeace.org\/luxembourg\/de\/handeln\/foerdermitglied-werden\/\" \n\t\t\t><\/a>\n\t\t\t\t\t\t\t<img\n\t\t\t\t\t\tsrc=\"https:\/\/www.greenpeace.org\/static\/planet4-luxembourg-stateless\/2020\/08\/fabc1786-gp04tdo_medium_res-1-1024x683.jpg\"\n\t\t\t\t\t\tsrcset=\"https:\/\/www.greenpeace.org\/static\/planet4-luxembourg-stateless\/2020\/08\/fabc1786-gp04tdo_medium_res-1-300x200.jpg 300w, https:\/\/www.greenpeace.org\/static\/planet4-luxembourg-stateless\/2020\/08\/fabc1786-gp04tdo_medium_res-1-1024x683.jpg 1024w, https:\/\/www.greenpeace.org\/static\/planet4-luxembourg-stateless\/2020\/08\/fabc1786-gp04tdo_medium_res-1-768x512.jpg 768w, https:\/\/www.greenpeace.org\/static\/planet4-luxembourg-stateless\/2020\/08\/fabc1786-gp04tdo_medium_res-1-510x340.jpg 510w, https:\/\/www.greenpeace.org\/static\/planet4-luxembourg-stateless\/2020\/08\/fabc1786-gp04tdo_medium_res-1.jpg 1200w\"\n\t\t\t\t\t\tsizes=\"(min-width: 1000px) 358px, (min-width: 780px) 313px, 88px\"\n\t\t\t\t\t\talt=\"\" title=\"\"\n\t\t\t\t\/>\n            \t\t\t<div class=\"boxout-content\">\n\t\t\t\t\t\t\t\t\t<a\n\t\t\t\t\t\tclass=\"boxout-heading medium\"\n\t\t\t\t\t\tdata-ga-category=\"Take Action Boxout\"\n\t\t\t\t\t\tdata-ga-action=\"Title\"\n\t\t\t\t\t\tdata-ga-label=\"n\/a\"\n\t\t\t\t\t\thref=\"https:\/\/www.greenpeace.org\/luxembourg\/de\/handeln\/foerdermitglied-werden\/\"\n\t\t\t\t\t\t\n\t\t\t\t\t>\n\t\t\t\t\t\tF\u00f6rdermitglied werden\n\t\t\t\t\t<\/a>\n\t\t\t\t\t\t\t\t\t\t\t\t\t<p class=\"boxout-excerpt\">Leiste regelm\u00e4\u00dfig einen Beitrag f\u00fcr unsere Umwelt: Deine Spende erlaubt es uns sowohl in Luxemburg als auch weltweit f\u00fcr eine gerechte Zukunft zu handeln!<\/p>\n\t\t\t\t                                    <a\n                        class=\"btn btn-primary\"\n                        data-ga-category=\"Take Action Boxout\"\n                        data-ga-action=\"Call to Action\"\n                        data-ga-label=\"n\/a\"\n                        href=\"https:\/\/www.greenpeace.org\/luxembourg\/de\/handeln\/foerdermitglied-werden\/\"\n                        \n                    >\n                        Machen Sie mit!\n                    <\/a>\n                \t\t\t<\/div>\n\t\t\t\t\t<\/section>\n\t","protected":false},"excerpt":{"rendered":"<p>Trotz einer Reihe auff\u00e4lliger Klima-Gesetzentw\u00fcrfe, ist das Paket zum klimafreundlichen Umbau der Wirtschaft, das die Europ\u00e4ische Kommission am Mittwoch ver\u00f6ffentlicht hat&#8230;<\/p>\n","protected":false},"author":25,"featured_media":11898,"comment_status":"closed","ping_status":"closed","sticky":false,"template":"","format":"standard","meta":{"ep_exclude_from_search":false,"p4_og_title":"","p4_og_description":"","p4_og_image":"","p4_og_image_id":"","p4_seo_canonical_url":"","p4_campaign_name":"not set","p4_local_project":"not set","p4_basket_name":"not set","p4_department":"","footnotes":""},"categories":[48],"tags":[65],"p4-page-type":[69],"class_list":["post-11900","post","type-post","status-publish","format-standard","has-post-thumbnail","hentry","category-klima","tag-klimawandel","p4-page-type-presseerklaerungen"],"yoast_head":"<!-- This site is optimized with the Yoast SEO Premium plugin v23.9 (Yoast SEO v23.9) - https:\/\/yoast.com\/wordpress\/plugins\/seo\/ -->\n<title>\u201eFit for 55\u201c-Paket der EU-Kommission zur Eind\u00e4mmung der Klimakrise ungeeignet - Greenpeace Luxembourg<\/title>\n<meta name=\"robots\" content=\"index, follow, max-snippet:-1, max-image-preview:large, max-video-preview:-1\" \/>\n<link rel=\"canonical\" href=\"https:\/\/www.greenpeace.org\/luxembourg\/de\/presseerklaerungen\/11900\/fit-for-55-paket-der-eu-kommission-zur-eindammung-der-klimakrise-ungeeignet\/\" \/>\n<meta property=\"og:locale\" content=\"de_DE\" \/>\n<meta property=\"og:type\" content=\"article\" \/>\n<meta property=\"og:title\" content=\"\u201eFit for 55\u201c-Paket der EU-Kommission zur Eind\u00e4mmung der Klimakrise ungeeignet\" \/>\n<meta property=\"og:description\" content=\"Trotz einer Reihe auff\u00e4lliger Klima-Gesetzentw\u00fcrfe, ist das Paket zum klimafreundlichen Umbau der Wirtschaft, das die Europ\u00e4ische Kommission am Mittwoch ver\u00f6ffentlicht hat...\" \/>\n<meta property=\"og:url\" content=\"https:\/\/www.greenpeace.org\/luxembourg\/de\/presseerklaerungen\/11900\/fit-for-55-paket-der-eu-kommission-zur-eindammung-der-klimakrise-ungeeignet\/\" \/>\n<meta property=\"og:site_name\" content=\"Greenpeace Luxembourg\" \/>\n<meta property=\"article:publisher\" content=\"https:\/\/www.facebook.com\/greenpeaceluxembourg\" \/>\n<meta property=\"article:published_time\" content=\"2021-07-14T14:57:39+00:00\" \/>\n<meta property=\"article:modified_time\" content=\"2021-12-01T15:23:46+00:00\" \/>\n<meta property=\"og:image\" content=\"https:\/\/www.greenpeace.org\/static\/planet4-luxembourg-stateless\/2021\/07\/9bac0e55-gp0stu9uf_web_size.jpg\" \/>\n\t<meta property=\"og:image:width\" content=\"800\" \/>\n\t<meta property=\"og:image:height\" content=\"534\" \/>\n\t<meta property=\"og:image:type\" content=\"image\/jpeg\" \/>\n<meta name=\"author\" content=\"Esther Wildanger\" \/>\n<meta name=\"twitter:card\" content=\"summary_large_image\" \/>\n<meta name=\"twitter:label1\" content=\"Written by\" \/>\n\t<meta name=\"twitter:data1\" content=\"Esther Wildanger\" \/>\n\t<meta name=\"twitter:label2\" content=\"Est. reading time\" \/>\n\t<meta name=\"twitter:data2\" content=\"1 minute\" \/>\n<script type=\"application\/ld+json\" class=\"yoast-schema-graph\">{\"@context\":\"https:\/\/schema.org\",\"@graph\":[{\"@type\":\"Article\",\"@id\":\"https:\/\/www.greenpeace.org\/luxembourg\/de\/presseerklaerungen\/11900\/fit-for-55-paket-der-eu-kommission-zur-eindammung-der-klimakrise-ungeeignet\/#article\",\"isPartOf\":{\"@id\":\"https:\/\/www.greenpeace.org\/luxembourg\/de\/presseerklaerungen\/11900\/fit-for-55-paket-der-eu-kommission-zur-eindammung-der-klimakrise-ungeeignet\/\"},\"author\":{\"name\":\"Esther Wildanger\",\"@id\":\"https:\/\/www.greenpeace.org\/luxembourg\/fr\/#\/schema\/person\/3d0e81a859b59009fec36a8552ef76a7\"},\"headline\":\"\u201eFit for 55\u201c-Paket der EU-Kommission zur Eind\u00e4mmung der Klimakrise ungeeignet\",\"datePublished\":\"2021-07-14T14:57:39+00:00\",\"dateModified\":\"2021-12-01T15:23:46+00:00\",\"mainEntityOfPage\":{\"@id\":\"https:\/\/www.greenpeace.org\/luxembourg\/de\/presseerklaerungen\/11900\/fit-for-55-paket-der-eu-kommission-zur-eindammung-der-klimakrise-ungeeignet\/\"},\"wordCount\":271,\"publisher\":{\"@id\":\"https:\/\/www.greenpeace.org\/luxembourg\/fr\/#organization\"},\"image\":{\"@id\":\"https:\/\/www.greenpeace.org\/luxembourg\/de\/presseerklaerungen\/11900\/fit-for-55-paket-der-eu-kommission-zur-eindammung-der-klimakrise-ungeeignet\/#primaryimage\"},\"thumbnailUrl\":\"https:\/\/www.greenpeace.org\/static\/planet4-luxembourg-stateless\/2021\/07\/9bac0e55-gp0stu9uf_web_size.jpg\",\"keywords\":[\"Klimawandel\"],\"articleSection\":[\"Klima\"],\"inLanguage\":\"de-LU\"},{\"@type\":\"WebPage\",\"@id\":\"https:\/\/www.greenpeace.org\/luxembourg\/de\/presseerklaerungen\/11900\/fit-for-55-paket-der-eu-kommission-zur-eindammung-der-klimakrise-ungeeignet\/\",\"url\":\"https:\/\/www.greenpeace.org\/luxembourg\/de\/presseerklaerungen\/11900\/fit-for-55-paket-der-eu-kommission-zur-eindammung-der-klimakrise-ungeeignet\/\",\"name\":\"\u201eFit for 55\u201c-Paket der EU-Kommission zur Eind\u00e4mmung der Klimakrise ungeeignet - Greenpeace Luxembourg\",\"isPartOf\":{\"@id\":\"https:\/\/www.greenpeace.org\/luxembourg\/fr\/#website\"},\"primaryImageOfPage\":{\"@id\":\"https:\/\/www.greenpeace.org\/luxembourg\/de\/presseerklaerungen\/11900\/fit-for-55-paket-der-eu-kommission-zur-eindammung-der-klimakrise-ungeeignet\/#primaryimage\"},\"image\":{\"@id\":\"https:\/\/www.greenpeace.org\/luxembourg\/de\/presseerklaerungen\/11900\/fit-for-55-paket-der-eu-kommission-zur-eindammung-der-klimakrise-ungeeignet\/#primaryimage\"},\"thumbnailUrl\":\"https:\/\/www.greenpeace.org\/static\/planet4-luxembourg-stateless\/2021\/07\/9bac0e55-gp0stu9uf_web_size.jpg\",\"datePublished\":\"2021-07-14T14:57:39+00:00\",\"dateModified\":\"2021-12-01T15:23:46+00:00\",\"breadcrumb\":{\"@id\":\"https:\/\/www.greenpeace.org\/luxembourg\/de\/presseerklaerungen\/11900\/fit-for-55-paket-der-eu-kommission-zur-eindammung-der-klimakrise-ungeeignet\/#breadcrumb\"},\"inLanguage\":\"de-LU\",\"potentialAction\":[{\"@type\":\"ReadAction\",\"target\":[\"https:\/\/www.greenpeace.org\/luxembourg\/de\/presseerklaerungen\/11900\/fit-for-55-paket-der-eu-kommission-zur-eindammung-der-klimakrise-ungeeignet\/\"]}]},{\"@type\":\"ImageObject\",\"inLanguage\":\"de-LU\",\"@id\":\"https:\/\/www.greenpeace.org\/luxembourg\/de\/presseerklaerungen\/11900\/fit-for-55-paket-der-eu-kommission-zur-eindammung-der-klimakrise-ungeeignet\/#primaryimage\",\"url\":\"https:\/\/www.greenpeace.org\/static\/planet4-luxembourg-stateless\/2021\/07\/9bac0e55-gp0stu9uf_web_size.jpg\",\"contentUrl\":\"https:\/\/www.greenpeace.org\/static\/planet4-luxembourg-stateless\/2021\/07\/9bac0e55-gp0stu9uf_web_size.jpg\",\"width\":800,\"height\":534,\"caption\":\"Greenpeace activists protest at the Laguna de Aculeo for urgent and ambitious action on climate. They show images of the lake when it was still full of water. The Laguna de Aculeo is a lake which used to be full of water and biodiversity. In only a few years it has run dry, illustrating the worst impacts of the climate crisis. At the upcoming COP25 (2019 United Nations Climate Change Conference), we demand that Governments: - Move to step up climate action immediately - Prove they have heard the demands of the youth and the people - Move forward to enact a socially just climate transition that leaves no one behind.\"},{\"@type\":\"BreadcrumbList\",\"@id\":\"https:\/\/www.greenpeace.org\/luxembourg\/de\/presseerklaerungen\/11900\/fit-for-55-paket-der-eu-kommission-zur-eindammung-der-klimakrise-ungeeignet\/#breadcrumb\",\"itemListElement\":[{\"@type\":\"ListItem\",\"position\":1,\"name\":\"Home\",\"item\":\"http:\/\/www.greenpeace.org\/luxembourg\/fr\/\"},{\"@type\":\"ListItem\",\"position\":2,\"name\":\"\u201eFit for 55\u201c-Paket der EU-Kommission zur Eind\u00e4mmung der Klimakrise ungeeignet\"}]},{\"@type\":\"WebSite\",\"@id\":\"https:\/\/www.greenpeace.org\/luxembourg\/fr\/#website\",\"url\":\"https:\/\/www.greenpeace.org\/luxembourg\/fr\/\",\"name\":\"Greenpeace Luxembourg\",\"description\":\"Greenpeace existiert, weil unsere Erde eine Stimme braucht. Sie ben\u00f6tigt L\u00f6sungen. Ver\u00e4nderungen. Aktionen.\",\"publisher\":{\"@id\":\"https:\/\/www.greenpeace.org\/luxembourg\/fr\/#organization\"},\"potentialAction\":[{\"@type\":\"SearchAction\",\"target\":{\"@type\":\"EntryPoint\",\"urlTemplate\":\"https:\/\/www.greenpeace.org\/luxembourg\/fr\/?s={search_term_string}\"},\"query-input\":{\"@type\":\"PropertyValueSpecification\",\"valueRequired\":true,\"valueName\":\"search_term_string\"}}],\"inLanguage\":\"de-LU\"},{\"@type\":\"Organization\",\"@id\":\"https:\/\/www.greenpeace.org\/luxembourg\/fr\/#organization\",\"name\":\"Greenpeace Luxembourg\",\"url\":\"https:\/\/www.greenpeace.org\/luxembourg\/fr\/\",\"logo\":{\"@type\":\"ImageObject\",\"inLanguage\":\"de-LU\",\"@id\":\"https:\/\/www.greenpeace.org\/luxembourg\/fr\/#\/schema\/logo\/image\/\",\"url\":\"https:\/\/www.greenpeace.org\/static\/planet4-luxembourg-stateless\/2026\/03\/3e367f94-greenpeace_logo_green_rgb.png\",\"contentUrl\":\"https:\/\/www.greenpeace.org\/static\/planet4-luxembourg-stateless\/2026\/03\/3e367f94-greenpeace_logo_green_rgb.png\",\"width\":1080,\"height\":175,\"caption\":\"Greenpeace Luxembourg\"},\"image\":{\"@id\":\"https:\/\/www.greenpeace.org\/luxembourg\/fr\/#\/schema\/logo\/image\/\"},\"sameAs\":[\"https:\/\/www.facebook.com\/greenpeaceluxembourg\",\"https:\/\/www.instagram.com\/greenpeacelux\/\",\"https:\/\/www.linkedin.com\/company\/greenpeace-luxembourg\/\",\"https:\/\/www.threads.com\/@greenpeacelux\",\"https:\/\/bsky.app\/profile\/greenpeacelux.bsky.social\",\"https:\/\/www.youtube.com\/@GreenpeaceLux\",\"https:\/\/www.tiktok.com\/@greenpeace_lux\"]},{\"@type\":\"Person\",\"@id\":\"https:\/\/www.greenpeace.org\/luxembourg\/fr\/#\/schema\/person\/3d0e81a859b59009fec36a8552ef76a7\",\"name\":\"Esther Wildanger\",\"url\":\"https:\/\/www.greenpeace.org\/luxembourg\/de\/author\/ewildang\/\"}]}<\/script>\n<!-- \/ Yoast SEO Premium plugin. -->","yoast_head_json":{"title":"\u201eFit for 55\u201c-Paket der EU-Kommission zur Eind\u00e4mmung der Klimakrise ungeeignet - Greenpeace Luxembourg","robots":{"index":"index","follow":"follow","max-snippet":"max-snippet:-1","max-image-preview":"max-image-preview:large","max-video-preview":"max-video-preview:-1"},"canonical":"https:\/\/www.greenpeace.org\/luxembourg\/de\/presseerklaerungen\/11900\/fit-for-55-paket-der-eu-kommission-zur-eindammung-der-klimakrise-ungeeignet\/","og_locale":"de_DE","og_type":"article","og_title":"\u201eFit for 55\u201c-Paket der EU-Kommission zur Eind\u00e4mmung der Klimakrise ungeeignet","og_description":"Trotz einer Reihe auff\u00e4lliger Klima-Gesetzentw\u00fcrfe, ist das Paket zum klimafreundlichen Umbau der Wirtschaft, das die Europ\u00e4ische Kommission am Mittwoch ver\u00f6ffentlicht hat...","og_url":"https:\/\/www.greenpeace.org\/luxembourg\/de\/presseerklaerungen\/11900\/fit-for-55-paket-der-eu-kommission-zur-eindammung-der-klimakrise-ungeeignet\/","og_site_name":"Greenpeace Luxembourg","article_publisher":"https:\/\/www.facebook.com\/greenpeaceluxembourg","article_published_time":"2021-07-14T14:57:39+00:00","article_modified_time":"2021-12-01T15:23:46+00:00","og_image":[{"width":800,"height":534,"url":"https:\/\/www.greenpeace.org\/static\/planet4-luxembourg-stateless\/2021\/07\/9bac0e55-gp0stu9uf_web_size.jpg","type":"image\/jpeg"}],"author":"Esther Wildanger","twitter_card":"summary_large_image","twitter_misc":{"Written by":"Esther Wildanger","Est. reading time":"1 minute"},"schema":{"@context":"https:\/\/schema.org","@graph":[{"@type":"Article","@id":"https:\/\/www.greenpeace.org\/luxembourg\/de\/presseerklaerungen\/11900\/fit-for-55-paket-der-eu-kommission-zur-eindammung-der-klimakrise-ungeeignet\/#article","isPartOf":{"@id":"https:\/\/www.greenpeace.org\/luxembourg\/de\/presseerklaerungen\/11900\/fit-for-55-paket-der-eu-kommission-zur-eindammung-der-klimakrise-ungeeignet\/"},"author":{"name":"Esther Wildanger","@id":"https:\/\/www.greenpeace.org\/luxembourg\/fr\/#\/schema\/person\/3d0e81a859b59009fec36a8552ef76a7"},"headline":"\u201eFit for 55\u201c-Paket der EU-Kommission zur Eind\u00e4mmung der Klimakrise ungeeignet","datePublished":"2021-07-14T14:57:39+00:00","dateModified":"2021-12-01T15:23:46+00:00","mainEntityOfPage":{"@id":"https:\/\/www.greenpeace.org\/luxembourg\/de\/presseerklaerungen\/11900\/fit-for-55-paket-der-eu-kommission-zur-eindammung-der-klimakrise-ungeeignet\/"},"wordCount":271,"publisher":{"@id":"https:\/\/www.greenpeace.org\/luxembourg\/fr\/#organization"},"image":{"@id":"https:\/\/www.greenpeace.org\/luxembourg\/de\/presseerklaerungen\/11900\/fit-for-55-paket-der-eu-kommission-zur-eindammung-der-klimakrise-ungeeignet\/#primaryimage"},"thumbnailUrl":"https:\/\/www.greenpeace.org\/static\/planet4-luxembourg-stateless\/2021\/07\/9bac0e55-gp0stu9uf_web_size.jpg","keywords":["Klimawandel"],"articleSection":["Klima"],"inLanguage":"de-LU"},{"@type":"WebPage","@id":"https:\/\/www.greenpeace.org\/luxembourg\/de\/presseerklaerungen\/11900\/fit-for-55-paket-der-eu-kommission-zur-eindammung-der-klimakrise-ungeeignet\/","url":"https:\/\/www.greenpeace.org\/luxembourg\/de\/presseerklaerungen\/11900\/fit-for-55-paket-der-eu-kommission-zur-eindammung-der-klimakrise-ungeeignet\/","name":"\u201eFit for 55\u201c-Paket der EU-Kommission zur Eind\u00e4mmung der Klimakrise ungeeignet - Greenpeace Luxembourg","isPartOf":{"@id":"https:\/\/www.greenpeace.org\/luxembourg\/fr\/#website"},"primaryImageOfPage":{"@id":"https:\/\/www.greenpeace.org\/luxembourg\/de\/presseerklaerungen\/11900\/fit-for-55-paket-der-eu-kommission-zur-eindammung-der-klimakrise-ungeeignet\/#primaryimage"},"image":{"@id":"https:\/\/www.greenpeace.org\/luxembourg\/de\/presseerklaerungen\/11900\/fit-for-55-paket-der-eu-kommission-zur-eindammung-der-klimakrise-ungeeignet\/#primaryimage"},"thumbnailUrl":"https:\/\/www.greenpeace.org\/static\/planet4-luxembourg-stateless\/2021\/07\/9bac0e55-gp0stu9uf_web_size.jpg","datePublished":"2021-07-14T14:57:39+00:00","dateModified":"2021-12-01T15:23:46+00:00","breadcrumb":{"@id":"https:\/\/www.greenpeace.org\/luxembourg\/de\/presseerklaerungen\/11900\/fit-for-55-paket-der-eu-kommission-zur-eindammung-der-klimakrise-ungeeignet\/#breadcrumb"},"inLanguage":"de-LU","potentialAction":[{"@type":"ReadAction","target":["https:\/\/www.greenpeace.org\/luxembourg\/de\/presseerklaerungen\/11900\/fit-for-55-paket-der-eu-kommission-zur-eindammung-der-klimakrise-ungeeignet\/"]}]},{"@type":"ImageObject","inLanguage":"de-LU","@id":"https:\/\/www.greenpeace.org\/luxembourg\/de\/presseerklaerungen\/11900\/fit-for-55-paket-der-eu-kommission-zur-eindammung-der-klimakrise-ungeeignet\/#primaryimage","url":"https:\/\/www.greenpeace.org\/static\/planet4-luxembourg-stateless\/2021\/07\/9bac0e55-gp0stu9uf_web_size.jpg","contentUrl":"https:\/\/www.greenpeace.org\/static\/planet4-luxembourg-stateless\/2021\/07\/9bac0e55-gp0stu9uf_web_size.jpg","width":800,"height":534,"caption":"Greenpeace activists protest at the Laguna de Aculeo for urgent and ambitious action on climate. They show images of the lake when it was still full of water. The Laguna de Aculeo is a lake which used to be full of water and biodiversity. In only a few years it has run dry, illustrating the worst impacts of the climate crisis. At the upcoming COP25 (2019 United Nations Climate Change Conference), we demand that Governments: - Move to step up climate action immediately - Prove they have heard the demands of the youth and the people - Move forward to enact a socially just climate transition that leaves no one behind."},{"@type":"BreadcrumbList","@id":"https:\/\/www.greenpeace.org\/luxembourg\/de\/presseerklaerungen\/11900\/fit-for-55-paket-der-eu-kommission-zur-eindammung-der-klimakrise-ungeeignet\/#breadcrumb","itemListElement":[{"@type":"ListItem","position":1,"name":"Home","item":"http:\/\/www.greenpeace.org\/luxembourg\/fr\/"},{"@type":"ListItem","position":2,"name":"\u201eFit for 55\u201c-Paket der EU-Kommission zur Eind\u00e4mmung der Klimakrise ungeeignet"}]},{"@type":"WebSite","@id":"https:\/\/www.greenpeace.org\/luxembourg\/fr\/#website","url":"https:\/\/www.greenpeace.org\/luxembourg\/fr\/","name":"Greenpeace Luxembourg","description":"Greenpeace existiert, weil unsere Erde eine Stimme braucht. Sie ben\u00f6tigt L\u00f6sungen. Ver\u00e4nderungen. Aktionen.","publisher":{"@id":"https:\/\/www.greenpeace.org\/luxembourg\/fr\/#organization"},"potentialAction":[{"@type":"SearchAction","target":{"@type":"EntryPoint","urlTemplate":"https:\/\/www.greenpeace.org\/luxembourg\/fr\/?s={search_term_string}"},"query-input":{"@type":"PropertyValueSpecification","valueRequired":true,"valueName":"search_term_string"}}],"inLanguage":"de-LU"},{"@type":"Organization","@id":"https:\/\/www.greenpeace.org\/luxembourg\/fr\/#organization","name":"Greenpeace Luxembourg","url":"https:\/\/www.greenpeace.org\/luxembourg\/fr\/","logo":{"@type":"ImageObject","inLanguage":"de-LU","@id":"https:\/\/www.greenpeace.org\/luxembourg\/fr\/#\/schema\/logo\/image\/","url":"https:\/\/www.greenpeace.org\/static\/planet4-luxembourg-stateless\/2026\/03\/3e367f94-greenpeace_logo_green_rgb.png","contentUrl":"https:\/\/www.greenpeace.org\/static\/planet4-luxembourg-stateless\/2026\/03\/3e367f94-greenpeace_logo_green_rgb.png","width":1080,"height":175,"caption":"Greenpeace Luxembourg"},"image":{"@id":"https:\/\/www.greenpeace.org\/luxembourg\/fr\/#\/schema\/logo\/image\/"},"sameAs":["https:\/\/www.facebook.com\/greenpeaceluxembourg","https:\/\/www.instagram.com\/greenpeacelux\/","https:\/\/www.linkedin.com\/company\/greenpeace-luxembourg\/","https:\/\/www.threads.com\/@greenpeacelux","https:\/\/bsky.app\/profile\/greenpeacelux.bsky.social","https:\/\/www.youtube.com\/@GreenpeaceLux","https:\/\/www.tiktok.com\/@greenpeace_lux"]},{"@type":"Person","@id":"https:\/\/www.greenpeace.org\/luxembourg\/fr\/#\/schema\/person\/3d0e81a859b59009fec36a8552ef76a7","name":"Esther Wildanger","url":"https:\/\/www.greenpeace.org\/luxembourg\/de\/author\/ewildang\/"}]}},"_links":{"self":[{"href":"https:\/\/www.greenpeace.org\/luxembourg\/de\/wp-json\/wp\/v2\/posts\/11900","targetHints":{"allow":["GET"]}}],"collection":[{"href":"https:\/\/www.greenpeace.org\/luxembourg\/de\/wp-json\/wp\/v2\/posts"}],"about":[{"href":"https:\/\/www.greenpeace.org\/luxembourg\/de\/wp-json\/wp\/v2\/types\/post"}],"author":[{"embeddable":true,"href":"https:\/\/www.greenpeace.org\/luxembourg\/de\/wp-json\/wp\/v2\/users\/25"}],"replies":[{"embeddable":true,"href":"https:\/\/www.greenpeace.org\/luxembourg\/de\/wp-json\/wp\/v2\/comments?post=11900"}],"version-history":[{"count":5,"href":"https:\/\/www.greenpeace.org\/luxembourg\/de\/wp-json\/wp\/v2\/posts\/11900\/revisions"}],"predecessor-version":[{"id":12815,"href":"https:\/\/www.greenpeace.org\/luxembourg\/de\/wp-json\/wp\/v2\/posts\/11900\/revisions\/12815"}],"wp:featuredmedia":[{"embeddable":true,"href":"https:\/\/www.greenpeace.org\/luxembourg\/de\/wp-json\/wp\/v2\/media\/11898"}],"wp:attachment":[{"href":"https:\/\/www.greenpeace.org\/luxembourg\/de\/wp-json\/wp\/v2\/media?parent=11900"}],"wp:term":[{"taxonomy":"category","embeddable":true,"href":"https:\/\/www.greenpeace.org\/luxembourg\/de\/wp-json\/wp\/v2\/categories?post=11900"},{"taxonomy":"post_tag","embeddable":true,"href":"https:\/\/www.greenpeace.org\/luxembourg\/de\/wp-json\/wp\/v2\/tags?post=11900"},{"taxonomy":"p4-page-type","embeddable":true,"href":"https:\/\/www.greenpeace.org\/luxembourg\/de\/wp-json\/wp\/v2\/p4-page-type?post=11900"}],"curies":[{"name":"wp","href":"https:\/\/api.w.org\/{rel}","templated":true}]}}