{"id":12098,"date":"2021-08-23T14:30:15","date_gmt":"2021-08-23T12:30:15","guid":{"rendered":"https:\/\/www.greenpeace.org\/luxembourg\/?p=12098"},"modified":"2021-12-01T17:23:29","modified_gmt":"2021-12-01T15:23:29","slug":"fdc-masnahmen-im-schneckentempo-gegen-die-klimakrise-werden-nicht-ausreichen","status":"publish","type":"post","link":"https:\/\/www.greenpeace.org\/luxembourg\/de\/presseerklaerungen\/12098\/fdc-masnahmen-im-schneckentempo-gegen-die-klimakrise-werden-nicht-ausreichen\/","title":{"rendered":"FDC: Ma\u00dfnahmen im Schneckentempo gegen die Klimakrise werden nicht ausreichen"},"content":{"rendered":"\n<h2 class=\"wp-block-heading\">Die luxemburgische Regierung muss den Investitionen des staatlichen Pensionsfonds in fossile Brennstoffe ein Ende bereiten. <\/h2>\n\n<p><em>Luxemburg, 23. August 2021 &#8211;<\/em> Angesichts der alarmierenden Schlussfolgerungen des k\u00fcrzlich ver\u00f6ffentlichten IPCC-Berichts [1] fordert Greenpeace die luxemburgische Regierung auf, den klimasch\u00e4dlichen Investitionen des staatlichen Pensionsfonds FDC (Fonds de Compensation) endlich ein Ende zu bereiten. In seiner offiziellen Antwort auf die parlamentarische Anfrage vom 19. Juli 2021 zur Investitionspolitik des FDC [2] bleibt der zust\u00e4ndige Minister Romain Schneider klare Antworten schuldig, wie der Fonds seine Investitionen mit den Zielen des Pariser Abkommens in Einklang bringen will. Greenpeace fordert, dass der FDC bei seiner anstehenden \u00dcberpr\u00fcfung der Investitionsstrategie eine ambiti\u00f6se Nachhaltigkeitspolitik f\u00fcr alle seine Investitionen beschlie\u00dfen muss, einschlie\u00dflich eines Ausstiegs aus klimasch\u00e4dlichen fossilen Brennstoffen und anderen kohlenstoffintensiven Sektoren. Die Glaubw\u00fcrdigkeit der Regierung in Sachen Klimaschutz steht damit auf dem Spiel.<\/p>\n\n<div class=\"wp-block-image\"><figure class=\"aligncenter size-large\"><img loading=\"lazy\" decoding=\"async\" width=\"533\" height=\"800\" src=\"http:\/\/www.greenpeace.org\/luxembourg\/wp-content\/uploads\/2021\/08\/189b502d-greenpeace_fdc_sara-poza_1.jpg\" alt=\"\" class=\"wp-image-12089\" srcset=\"http:\/\/www.greenpeace.org\/luxembourg\/wp-content\/uploads\/2021\/08\/189b502d-greenpeace_fdc_sara-poza_1.jpg 533w, http:\/\/www.greenpeace.org\/luxembourg\/wp-content\/uploads\/2021\/08\/189b502d-greenpeace_fdc_sara-poza_1.jpg 200w, http:\/\/www.greenpeace.org\/luxembourg\/wp-content\/uploads\/2021\/08\/189b502d-greenpeace_fdc_sara-poza_1.jpg 227w\" sizes=\"auto, (max-width: 533px) 100vw, 533px\" \/><\/figure><\/div>\n\n<p><em>&#8220;Obwohl wir derzeit weltweit die verheerenden Folgen des Klimawandels erleben, investiert der Pensionsfonds nach wie vor in klimasch\u00e4dliche Unternehmen und verfolgt keine ehrgeizige Strategie in Sachen Nachhaltigkeit [3]<\/em>\u201d<em>,<\/em> sagt Myrna Koster, Kampaignerin f\u00fcr Klimagerechtigkeit bei Greenpeace Luxemburg<em>. \u201cDie Sozialabgaben der Besch\u00e4ftigten in der Privatwirtschaft werden weiterhin in klimasch\u00e4dliche fossile Brennstoffe investiert. Im Jahr 2020 konnten wir einen weiteren Anstieg der Investitionen in schmutzige Kohle feststellen. Doch 47% der luxemburgischen Bev\u00f6lkerung ist damit nicht einverstanden [4]. Die Verantwortlichen des FDC haben bisher nur marginale Fortschritte erzielt. Deshalb fordern wir die Regierung auf, eine politische Entscheidung zu treffen, damit die Investitionen des Fonds endlich die Pariser Klimaschutzziele respektieren<\/em>\u201d.<\/p>\n\n<p>Laut der Antwort von Minister Schneider auf die parlamentarische Anfrage hat der FDC vor der Sommerpause einige vorl\u00e4ufige Entscheidungen getroffen: die CO2-Intensit\u00e4t des Fonds und die Einhaltung der Pariser Klimaschutzziele sollen regelm\u00e4\u00dfig gemessen werden. Diese Ma\u00dfnahmen reichen bei weitem nicht aus. Greenpeace fordert eine klare Entscheidung der luxemburgischen Regierung, um den Fonds zu verpflichten, die notwendigen Ma\u00dfnahmen zu ergreifen, um sich mit dem Pariser Abkommen in Einklang zu bringen.<\/p>\n\n<p>W\u00e4hrend die Bettel-Regierung ihre B\u00fcrgerinnen und B\u00fcrger aufruft, aktiv gegen den Klimawandel vorzugehen, darf sich der staatliche Pensionsfonds weiterhin vor jeglicher Verantwortung dr\u00fccken. Greenpeace erwartet von der Regierung, die das Pariser Abkommen ratifiziert hat und sich im Regierungsabkommen eindeutig zur Umsetzung klarer nachhaltiger und gr\u00fcner Investitionsrichtlinien f\u00fcr den FDC verpflichtet hat, dass sie ihren Worten endlich Taten folgen l\u00e4sst [5].<\/p>\n\n<p><em>&#8220;Wir k\u00f6nnen nicht weitere 5 oder 10 Jahre warten, bis der Fonds handelt. Der Klimawandel ist Realit\u00e4t, und wir k\u00f6nnen seine verheerenden Auswirkungen \u00fcberall auf der Welt beobachten, auch hier in Luxemburg. Der j\u00fcngste IPCC-Bericht warnt eindringlich davor, in welche Richtung wir uns bewegen, wenn nicht dringend gehandelt wird&#8221;,<\/em> sagt Martina Holbach, Kampaignerin f\u00fcr Klimagerechtigkeit &amp; Finanzen bei Greenpeace Luxemburg<em> <\/em>[3]<em>. &#8220;Die Regierung muss jetzt eine konsequente Entscheidung treffen. Sie muss die notwendigen Schritte einleiten, damit der FDC seine klimasch\u00e4dlichen Investitionen einstellt, um endlich Paris-konform zu werden<\/em>\u201d.<\/p>\n\n<hr class=\"wp-block-separator\"\/>\n\n<p><strong>Anmerkungen: <\/strong><\/p>\n\n<p>[1] Die Pressemitteilung von Greenpeace zum j\u00fcngsten IPCC-Bericht finden Sie <a href=\"https:\/\/www.greenpeace.org\/luxembourg\/de\/presseerklaerungen\/12047\/zum-sechsten-verdammten-mal-wir-mussen-jetzt-handeln\/\" target=\"_blank\" rel=\"noreferrer noopener\">hier<\/a>. <\/p>\n\n<p>[2] Die parlamentarische Anfrage des Abgeordneten Charles Margue sowie die offizielle Antwort von Minister Romain Schneider sind <a href=\"https:\/\/greng.lu\/wp-content\/uploads\/2021\/07\/20210719-4676-MAR-SECSOC-durabilite-des-investissements-du-Fonds-de-compensation-QPR.pdf\" target=\"_blank\" rel=\"noreferrer noopener\">hier<\/a> verf\u00fcgbar.<\/p>\n\n<p>[3] Greenpeace&#8217;s Analyse des letzten Jahresberichts des FDC ist <a href=\"https:\/\/www.greenpeace.org\/luxembourg\/de\/presseerklaerungen\/11862\/fdc-investitionen-in-klimaschadliche-kohle-steigen-weiter-an-laut-jahresbericht\/\" target=\"_blank\" rel=\"noreferrer noopener\">hier<\/a> verf\u00fcgbar. <\/p>\n\n<p>[4] TNS Ilres-Umfrage im Auftrag von Greenpeace Luxemburg, &#8220;Perception of climate change and financial sector investments&#8221;, Mai 2021, <a href=\"https:\/\/www.greenpeace.org\/static\/planet4-luxembourg-stateless\/2021\/07\/5ecc1c39-tns-ilres_greenpeace2021_mai2021_page_23.png\" target=\"_blank\" rel=\"noreferrer noopener\">Folie 23<\/a><\/p>\n\n<p>[5] Koalitionsvertrag 2018-2023, Seite 108<\/p>\n\t\t\t<section\n\t\t\tclass=\"boxout post-5673 \"\n\t\t\t\n\t\t>\n\t\t\t<a\n\t\t\t\tdata-ga-category=\"Take Action Boxout\"\n\t\t\t\tdata-ga-action=\"Image\"\n\t\t\t\tdata-ga-label=\"n\/a\"\n\t\t\t\tclass=\"cover-card-overlay\"\n\t\t\t\thref=\"https:\/\/www.greenpeace.org\/luxembourg\/de\/wir-weigern-uns-die-klimakrise-zu-finanzieren\/\" \n\t\t\t><\/a>\n\t\t\t\t\t\t\t<img\n\t\t\t\t\t\tsrc=\"https:\/\/www.greenpeace.org\/static\/planet4-luxembourg-stateless\/2019\/09\/4cab98e6-gp0strcjp-1024x683.jpg\"\n\t\t\t\t\t\tsrcset=\"https:\/\/www.greenpeace.org\/static\/planet4-luxembourg-stateless\/2019\/09\/4cab98e6-gp0strcjp-300x200.jpg 300w, https:\/\/www.greenpeace.org\/static\/planet4-luxembourg-stateless\/2019\/09\/4cab98e6-gp0strcjp-768x512.jpg 768w, https:\/\/www.greenpeace.org\/static\/planet4-luxembourg-stateless\/2019\/09\/4cab98e6-gp0strcjp-1024x683.jpg 1024w, https:\/\/www.greenpeace.org\/static\/planet4-luxembourg-stateless\/2019\/09\/4cab98e6-gp0strcjp-510x340.jpg 510w, https:\/\/www.greenpeace.org\/static\/planet4-luxembourg-stateless\/2019\/09\/4cab98e6-gp0strcjp.jpg 1200w\"\n\t\t\t\t\t\tsizes=\"(min-width: 1000px) 358px, (min-width: 780px) 313px, 88px\"\n\t\t\t\t\t\talt=\"Coal Fired Power Plant in the Rhenish Lignite Mining Area. \u00a9 Bernd Lauter \/ Greenpeace\" title=\"Coal Fired Power Plant in the Rhenish Lignite Mining Area. \u00a9 Bernd Lauter \/ Greenpeace\"\n\t\t\t\t\/>\n            \t\t\t<div class=\"boxout-content\">\n\t\t\t\t\t\t\t\t\t<a\n\t\t\t\t\t\tclass=\"boxout-heading medium\"\n\t\t\t\t\t\tdata-ga-category=\"Take Action Boxout\"\n\t\t\t\t\t\tdata-ga-action=\"Title\"\n\t\t\t\t\t\tdata-ga-label=\"n\/a\"\n\t\t\t\t\t\thref=\"https:\/\/www.greenpeace.org\/luxembourg\/de\/wir-weigern-uns-die-klimakrise-zu-finanzieren\/\"\n\t\t\t\t\t\t\n\t\t\t\t\t>\n\t\t\t\t\t\tFDC: Wir weigern uns die Klimakrise mit unseren Rentengeldern zu finanzieren\n\t\t\t\t\t<\/a>\n\t\t\t\t\t\t\t\t                                    <a\n                        class=\"btn btn-primary\"\n                        data-ga-category=\"Take Action Boxout\"\n                        data-ga-action=\"Call to Action\"\n                        data-ga-label=\"n\/a\"\n                        href=\"https:\/\/www.greenpeace.org\/luxembourg\/de\/wir-weigern-uns-die-klimakrise-zu-finanzieren\/\"\n                        \n                    >\n                        Machen Sie mit!\n                    <\/a>\n                \t\t\t<\/div>\n\t\t\t\t\t<\/section>\n\t","protected":false},"excerpt":{"rendered":"<p>Die Regierung muss den Investitionen des staatlichen Pensionsfonds in fossile Brennstoffe ein Ende bereiten. <\/p>\n","protected":false},"author":31,"featured_media":12092,"comment_status":"closed","ping_status":"closed","sticky":false,"template":"","format":"standard","meta":{"ep_exclude_from_search":false,"p4_og_title":"","p4_og_description":"","p4_og_image":"","p4_og_image_id":"","p4_seo_canonical_url":"","p4_campaign_name":"not set","p4_local_project":"not set","p4_basket_name":"not set","p4_department":"","footnotes":""},"categories":[49,48,46],"tags":[60,63,96],"p4-page-type":[69],"class_list":["post-12098","post","type-post","status-publish","format-standard","has-post-thumbnail","hentry","category-energie","category-klima","category-problem","tag-luxemburg","tag-fossileenergien","tag-finanzsektor","p4-page-type-presseerklaerungen"],"yoast_head":"<!-- This site is optimized with the Yoast SEO Premium plugin v23.9 (Yoast SEO v23.9) - https:\/\/yoast.com\/wordpress\/plugins\/seo\/ -->\n<title>FDC: Ma\u00dfnahmen im Schneckentempo gegen die Klimakrise werden nicht ausreichen - Greenpeace Luxembourg<\/title>\n<meta name=\"robots\" content=\"index, follow, max-snippet:-1, max-image-preview:large, max-video-preview:-1\" \/>\n<link rel=\"canonical\" href=\"https:\/\/www.greenpeace.org\/luxembourg\/de\/presseerklaerungen\/12098\/fdc-masnahmen-im-schneckentempo-gegen-die-klimakrise-werden-nicht-ausreichen\/\" \/>\n<meta property=\"og:locale\" content=\"de_DE\" \/>\n<meta property=\"og:type\" content=\"article\" \/>\n<meta property=\"og:title\" content=\"FDC: Ma\u00dfnahmen im Schneckentempo gegen die Klimakrise werden nicht ausreichen\" \/>\n<meta property=\"og:description\" content=\"Die Regierung muss den Investitionen des staatlichen Pensionsfonds in fossile Brennstoffe ein Ende bereiten.\" \/>\n<meta property=\"og:url\" content=\"https:\/\/www.greenpeace.org\/luxembourg\/de\/presseerklaerungen\/12098\/fdc-masnahmen-im-schneckentempo-gegen-die-klimakrise-werden-nicht-ausreichen\/\" \/>\n<meta property=\"og:site_name\" content=\"Greenpeace Luxembourg\" \/>\n<meta property=\"article:publisher\" content=\"https:\/\/www.facebook.com\/greenpeaceluxembourg\" \/>\n<meta property=\"article:published_time\" content=\"2021-08-23T12:30:15+00:00\" \/>\n<meta property=\"article:modified_time\" content=\"2021-12-01T15:23:29+00:00\" \/>\n<meta property=\"og:image\" content=\"https:\/\/www.greenpeace.org\/static\/planet4-luxembourg-stateless\/2021\/08\/2d889c43-greenpeace_fdc_sara-poza_2.jpg\" \/>\n\t<meta property=\"og:image:width\" content=\"800\" \/>\n\t<meta property=\"og:image:height\" content=\"533\" \/>\n\t<meta property=\"og:image:type\" content=\"image\/jpeg\" \/>\n<meta name=\"author\" content=\"Myriam Wecker\" \/>\n<meta name=\"twitter:card\" content=\"summary_large_image\" \/>\n<meta name=\"twitter:label1\" content=\"Written by\" \/>\n\t<meta name=\"twitter:data1\" content=\"Myriam Wecker\" \/>\n\t<meta name=\"twitter:label2\" content=\"Est. reading time\" \/>\n\t<meta name=\"twitter:data2\" content=\"3 minutes\" \/>\n<script type=\"application\/ld+json\" class=\"yoast-schema-graph\">{\"@context\":\"https:\/\/schema.org\",\"@graph\":[{\"@type\":\"Article\",\"@id\":\"https:\/\/www.greenpeace.org\/luxembourg\/de\/presseerklaerungen\/12098\/fdc-masnahmen-im-schneckentempo-gegen-die-klimakrise-werden-nicht-ausreichen\/#article\",\"isPartOf\":{\"@id\":\"https:\/\/www.greenpeace.org\/luxembourg\/de\/presseerklaerungen\/12098\/fdc-masnahmen-im-schneckentempo-gegen-die-klimakrise-werden-nicht-ausreichen\/\"},\"author\":{\"name\":\"Myriam Wecker\",\"@id\":\"https:\/\/www.greenpeace.org\/luxembourg\/fr\/#\/schema\/person\/c2ae6002b8ed18c00be0c6b320eea776\"},\"headline\":\"FDC: Ma\u00dfnahmen im Schneckentempo gegen die Klimakrise werden nicht ausreichen\",\"datePublished\":\"2021-08-23T12:30:15+00:00\",\"dateModified\":\"2021-12-01T15:23:29+00:00\",\"mainEntityOfPage\":{\"@id\":\"https:\/\/www.greenpeace.org\/luxembourg\/de\/presseerklaerungen\/12098\/fdc-masnahmen-im-schneckentempo-gegen-die-klimakrise-werden-nicht-ausreichen\/\"},\"wordCount\":551,\"publisher\":{\"@id\":\"https:\/\/www.greenpeace.org\/luxembourg\/fr\/#organization\"},\"image\":{\"@id\":\"https:\/\/www.greenpeace.org\/luxembourg\/de\/presseerklaerungen\/12098\/fdc-masnahmen-im-schneckentempo-gegen-die-klimakrise-werden-nicht-ausreichen\/#primaryimage\"},\"thumbnailUrl\":\"https:\/\/www.greenpeace.org\/static\/planet4-luxembourg-stateless\/2021\/08\/2d889c43-greenpeace_fdc_sara-poza_2.jpg\",\"keywords\":[\"Luxemburg\",\"FossileEnergien\",\"Finanzsektor\"],\"articleSection\":[\"Energie\",\"Klima\",\"Problem\"],\"inLanguage\":\"de-LU\"},{\"@type\":\"WebPage\",\"@id\":\"https:\/\/www.greenpeace.org\/luxembourg\/de\/presseerklaerungen\/12098\/fdc-masnahmen-im-schneckentempo-gegen-die-klimakrise-werden-nicht-ausreichen\/\",\"url\":\"https:\/\/www.greenpeace.org\/luxembourg\/de\/presseerklaerungen\/12098\/fdc-masnahmen-im-schneckentempo-gegen-die-klimakrise-werden-nicht-ausreichen\/\",\"name\":\"FDC: Ma\u00dfnahmen im Schneckentempo gegen die Klimakrise werden nicht ausreichen - Greenpeace Luxembourg\",\"isPartOf\":{\"@id\":\"https:\/\/www.greenpeace.org\/luxembourg\/fr\/#website\"},\"primaryImageOfPage\":{\"@id\":\"https:\/\/www.greenpeace.org\/luxembourg\/de\/presseerklaerungen\/12098\/fdc-masnahmen-im-schneckentempo-gegen-die-klimakrise-werden-nicht-ausreichen\/#primaryimage\"},\"image\":{\"@id\":\"https:\/\/www.greenpeace.org\/luxembourg\/de\/presseerklaerungen\/12098\/fdc-masnahmen-im-schneckentempo-gegen-die-klimakrise-werden-nicht-ausreichen\/#primaryimage\"},\"thumbnailUrl\":\"https:\/\/www.greenpeace.org\/static\/planet4-luxembourg-stateless\/2021\/08\/2d889c43-greenpeace_fdc_sara-poza_2.jpg\",\"datePublished\":\"2021-08-23T12:30:15+00:00\",\"dateModified\":\"2021-12-01T15:23:29+00:00\",\"breadcrumb\":{\"@id\":\"https:\/\/www.greenpeace.org\/luxembourg\/de\/presseerklaerungen\/12098\/fdc-masnahmen-im-schneckentempo-gegen-die-klimakrise-werden-nicht-ausreichen\/#breadcrumb\"},\"inLanguage\":\"de-LU\",\"potentialAction\":[{\"@type\":\"ReadAction\",\"target\":[\"https:\/\/www.greenpeace.org\/luxembourg\/de\/presseerklaerungen\/12098\/fdc-masnahmen-im-schneckentempo-gegen-die-klimakrise-werden-nicht-ausreichen\/\"]}]},{\"@type\":\"ImageObject\",\"inLanguage\":\"de-LU\",\"@id\":\"https:\/\/www.greenpeace.org\/luxembourg\/de\/presseerklaerungen\/12098\/fdc-masnahmen-im-schneckentempo-gegen-die-klimakrise-werden-nicht-ausreichen\/#primaryimage\",\"url\":\"https:\/\/www.greenpeace.org\/static\/planet4-luxembourg-stateless\/2021\/08\/2d889c43-greenpeace_fdc_sara-poza_2.jpg\",\"contentUrl\":\"https:\/\/www.greenpeace.org\/static\/planet4-luxembourg-stateless\/2021\/08\/2d889c43-greenpeace_fdc_sara-poza_2.jpg\",\"width\":800,\"height\":533,\"caption\":\"Aktivisten und Aktivistinnen von Greenpeace Luxemburg platzieren zwei menschengro\u00dfe gelbe Schilder mit der Aufschrift \\\"Caution - Greenwash\\\" am Haupteingang des Sitzes des nationalen Pensionsfonds in Luxemburg, um gegen weitere Investitionen in fossile Brennstoffe zu protestieren. Known as Fonds de Compensation (FDC), Luxembourg\u2019s pension fund claims to conduct sustainable and socially responsible investments, yet provided more than half of a billion Euro to oil, gas and coal companies like Shell, BP, Total and Chevron during 2019. Greenpeace Luxembourg criticized the greenwashing tactics and demanded immediate measures from Parliament and the government to ensure the withdrawal of public funds entrusted to the FDC from fossil fuel corporations.\"},{\"@type\":\"BreadcrumbList\",\"@id\":\"https:\/\/www.greenpeace.org\/luxembourg\/de\/presseerklaerungen\/12098\/fdc-masnahmen-im-schneckentempo-gegen-die-klimakrise-werden-nicht-ausreichen\/#breadcrumb\",\"itemListElement\":[{\"@type\":\"ListItem\",\"position\":1,\"name\":\"Home\",\"item\":\"http:\/\/www.greenpeace.org\/luxembourg\/fr\/\"},{\"@type\":\"ListItem\",\"position\":2,\"name\":\"FDC: Ma\u00dfnahmen im Schneckentempo gegen die Klimakrise werden nicht ausreichen\"}]},{\"@type\":\"WebSite\",\"@id\":\"https:\/\/www.greenpeace.org\/luxembourg\/fr\/#website\",\"url\":\"https:\/\/www.greenpeace.org\/luxembourg\/fr\/\",\"name\":\"Greenpeace Luxembourg\",\"description\":\"Greenpeace existiert, weil unsere Erde eine Stimme braucht. Sie ben\u00f6tigt L\u00f6sungen. Ver\u00e4nderungen. Aktionen.\",\"publisher\":{\"@id\":\"https:\/\/www.greenpeace.org\/luxembourg\/fr\/#organization\"},\"potentialAction\":[{\"@type\":\"SearchAction\",\"target\":{\"@type\":\"EntryPoint\",\"urlTemplate\":\"https:\/\/www.greenpeace.org\/luxembourg\/fr\/?s={search_term_string}\"},\"query-input\":{\"@type\":\"PropertyValueSpecification\",\"valueRequired\":true,\"valueName\":\"search_term_string\"}}],\"inLanguage\":\"de-LU\"},{\"@type\":\"Organization\",\"@id\":\"https:\/\/www.greenpeace.org\/luxembourg\/fr\/#organization\",\"name\":\"Greenpeace Luxembourg\",\"url\":\"https:\/\/www.greenpeace.org\/luxembourg\/fr\/\",\"logo\":{\"@type\":\"ImageObject\",\"inLanguage\":\"de-LU\",\"@id\":\"https:\/\/www.greenpeace.org\/luxembourg\/fr\/#\/schema\/logo\/image\/\",\"url\":\"https:\/\/www.greenpeace.org\/static\/planet4-luxembourg-stateless\/2026\/03\/3e367f94-greenpeace_logo_green_rgb.png\",\"contentUrl\":\"https:\/\/www.greenpeace.org\/static\/planet4-luxembourg-stateless\/2026\/03\/3e367f94-greenpeace_logo_green_rgb.png\",\"width\":1080,\"height\":175,\"caption\":\"Greenpeace Luxembourg\"},\"image\":{\"@id\":\"https:\/\/www.greenpeace.org\/luxembourg\/fr\/#\/schema\/logo\/image\/\"},\"sameAs\":[\"https:\/\/www.facebook.com\/greenpeaceluxembourg\",\"https:\/\/www.instagram.com\/greenpeacelux\/\",\"https:\/\/www.linkedin.com\/company\/greenpeace-luxembourg\/\",\"https:\/\/www.threads.com\/@greenpeacelux\",\"https:\/\/bsky.app\/profile\/greenpeacelux.bsky.social\",\"https:\/\/www.youtube.com\/@GreenpeaceLux\",\"https:\/\/www.tiktok.com\/@greenpeace_lux\"]},{\"@type\":\"Person\",\"@id\":\"https:\/\/www.greenpeace.org\/luxembourg\/fr\/#\/schema\/person\/c2ae6002b8ed18c00be0c6b320eea776\",\"name\":\"Myriam Wecker\",\"url\":\"https:\/\/www.greenpeace.org\/luxembourg\/de\/author\/mwecker\/\"}]}<\/script>\n<!-- \/ Yoast SEO Premium plugin. -->","yoast_head_json":{"title":"FDC: Ma\u00dfnahmen im Schneckentempo gegen die Klimakrise werden nicht ausreichen - Greenpeace Luxembourg","robots":{"index":"index","follow":"follow","max-snippet":"max-snippet:-1","max-image-preview":"max-image-preview:large","max-video-preview":"max-video-preview:-1"},"canonical":"https:\/\/www.greenpeace.org\/luxembourg\/de\/presseerklaerungen\/12098\/fdc-masnahmen-im-schneckentempo-gegen-die-klimakrise-werden-nicht-ausreichen\/","og_locale":"de_DE","og_type":"article","og_title":"FDC: Ma\u00dfnahmen im Schneckentempo gegen die Klimakrise werden nicht ausreichen","og_description":"Die Regierung muss den Investitionen des staatlichen Pensionsfonds in fossile Brennstoffe ein Ende bereiten.","og_url":"https:\/\/www.greenpeace.org\/luxembourg\/de\/presseerklaerungen\/12098\/fdc-masnahmen-im-schneckentempo-gegen-die-klimakrise-werden-nicht-ausreichen\/","og_site_name":"Greenpeace Luxembourg","article_publisher":"https:\/\/www.facebook.com\/greenpeaceluxembourg","article_published_time":"2021-08-23T12:30:15+00:00","article_modified_time":"2021-12-01T15:23:29+00:00","og_image":[{"width":800,"height":533,"url":"https:\/\/www.greenpeace.org\/static\/planet4-luxembourg-stateless\/2021\/08\/2d889c43-greenpeace_fdc_sara-poza_2.jpg","type":"image\/jpeg"}],"author":"Myriam Wecker","twitter_card":"summary_large_image","twitter_misc":{"Written by":"Myriam Wecker","Est. reading time":"3 minutes"},"schema":{"@context":"https:\/\/schema.org","@graph":[{"@type":"Article","@id":"https:\/\/www.greenpeace.org\/luxembourg\/de\/presseerklaerungen\/12098\/fdc-masnahmen-im-schneckentempo-gegen-die-klimakrise-werden-nicht-ausreichen\/#article","isPartOf":{"@id":"https:\/\/www.greenpeace.org\/luxembourg\/de\/presseerklaerungen\/12098\/fdc-masnahmen-im-schneckentempo-gegen-die-klimakrise-werden-nicht-ausreichen\/"},"author":{"name":"Myriam Wecker","@id":"https:\/\/www.greenpeace.org\/luxembourg\/fr\/#\/schema\/person\/c2ae6002b8ed18c00be0c6b320eea776"},"headline":"FDC: Ma\u00dfnahmen im Schneckentempo gegen die Klimakrise werden nicht ausreichen","datePublished":"2021-08-23T12:30:15+00:00","dateModified":"2021-12-01T15:23:29+00:00","mainEntityOfPage":{"@id":"https:\/\/www.greenpeace.org\/luxembourg\/de\/presseerklaerungen\/12098\/fdc-masnahmen-im-schneckentempo-gegen-die-klimakrise-werden-nicht-ausreichen\/"},"wordCount":551,"publisher":{"@id":"https:\/\/www.greenpeace.org\/luxembourg\/fr\/#organization"},"image":{"@id":"https:\/\/www.greenpeace.org\/luxembourg\/de\/presseerklaerungen\/12098\/fdc-masnahmen-im-schneckentempo-gegen-die-klimakrise-werden-nicht-ausreichen\/#primaryimage"},"thumbnailUrl":"https:\/\/www.greenpeace.org\/static\/planet4-luxembourg-stateless\/2021\/08\/2d889c43-greenpeace_fdc_sara-poza_2.jpg","keywords":["Luxemburg","FossileEnergien","Finanzsektor"],"articleSection":["Energie","Klima","Problem"],"inLanguage":"de-LU"},{"@type":"WebPage","@id":"https:\/\/www.greenpeace.org\/luxembourg\/de\/presseerklaerungen\/12098\/fdc-masnahmen-im-schneckentempo-gegen-die-klimakrise-werden-nicht-ausreichen\/","url":"https:\/\/www.greenpeace.org\/luxembourg\/de\/presseerklaerungen\/12098\/fdc-masnahmen-im-schneckentempo-gegen-die-klimakrise-werden-nicht-ausreichen\/","name":"FDC: Ma\u00dfnahmen im Schneckentempo gegen die Klimakrise werden nicht ausreichen - Greenpeace Luxembourg","isPartOf":{"@id":"https:\/\/www.greenpeace.org\/luxembourg\/fr\/#website"},"primaryImageOfPage":{"@id":"https:\/\/www.greenpeace.org\/luxembourg\/de\/presseerklaerungen\/12098\/fdc-masnahmen-im-schneckentempo-gegen-die-klimakrise-werden-nicht-ausreichen\/#primaryimage"},"image":{"@id":"https:\/\/www.greenpeace.org\/luxembourg\/de\/presseerklaerungen\/12098\/fdc-masnahmen-im-schneckentempo-gegen-die-klimakrise-werden-nicht-ausreichen\/#primaryimage"},"thumbnailUrl":"https:\/\/www.greenpeace.org\/static\/planet4-luxembourg-stateless\/2021\/08\/2d889c43-greenpeace_fdc_sara-poza_2.jpg","datePublished":"2021-08-23T12:30:15+00:00","dateModified":"2021-12-01T15:23:29+00:00","breadcrumb":{"@id":"https:\/\/www.greenpeace.org\/luxembourg\/de\/presseerklaerungen\/12098\/fdc-masnahmen-im-schneckentempo-gegen-die-klimakrise-werden-nicht-ausreichen\/#breadcrumb"},"inLanguage":"de-LU","potentialAction":[{"@type":"ReadAction","target":["https:\/\/www.greenpeace.org\/luxembourg\/de\/presseerklaerungen\/12098\/fdc-masnahmen-im-schneckentempo-gegen-die-klimakrise-werden-nicht-ausreichen\/"]}]},{"@type":"ImageObject","inLanguage":"de-LU","@id":"https:\/\/www.greenpeace.org\/luxembourg\/de\/presseerklaerungen\/12098\/fdc-masnahmen-im-schneckentempo-gegen-die-klimakrise-werden-nicht-ausreichen\/#primaryimage","url":"https:\/\/www.greenpeace.org\/static\/planet4-luxembourg-stateless\/2021\/08\/2d889c43-greenpeace_fdc_sara-poza_2.jpg","contentUrl":"https:\/\/www.greenpeace.org\/static\/planet4-luxembourg-stateless\/2021\/08\/2d889c43-greenpeace_fdc_sara-poza_2.jpg","width":800,"height":533,"caption":"Aktivisten und Aktivistinnen von Greenpeace Luxemburg platzieren zwei menschengro\u00dfe gelbe Schilder mit der Aufschrift \"Caution - Greenwash\" am Haupteingang des Sitzes des nationalen Pensionsfonds in Luxemburg, um gegen weitere Investitionen in fossile Brennstoffe zu protestieren. Known as Fonds de Compensation (FDC), Luxembourg\u2019s pension fund claims to conduct sustainable and socially responsible investments, yet provided more than half of a billion Euro to oil, gas and coal companies like Shell, BP, Total and Chevron during 2019. Greenpeace Luxembourg criticized the greenwashing tactics and demanded immediate measures from Parliament and the government to ensure the withdrawal of public funds entrusted to the FDC from fossil fuel corporations."},{"@type":"BreadcrumbList","@id":"https:\/\/www.greenpeace.org\/luxembourg\/de\/presseerklaerungen\/12098\/fdc-masnahmen-im-schneckentempo-gegen-die-klimakrise-werden-nicht-ausreichen\/#breadcrumb","itemListElement":[{"@type":"ListItem","position":1,"name":"Home","item":"http:\/\/www.greenpeace.org\/luxembourg\/fr\/"},{"@type":"ListItem","position":2,"name":"FDC: Ma\u00dfnahmen im Schneckentempo gegen die Klimakrise werden nicht ausreichen"}]},{"@type":"WebSite","@id":"https:\/\/www.greenpeace.org\/luxembourg\/fr\/#website","url":"https:\/\/www.greenpeace.org\/luxembourg\/fr\/","name":"Greenpeace Luxembourg","description":"Greenpeace existiert, weil unsere Erde eine Stimme braucht. Sie ben\u00f6tigt L\u00f6sungen. Ver\u00e4nderungen. Aktionen.","publisher":{"@id":"https:\/\/www.greenpeace.org\/luxembourg\/fr\/#organization"},"potentialAction":[{"@type":"SearchAction","target":{"@type":"EntryPoint","urlTemplate":"https:\/\/www.greenpeace.org\/luxembourg\/fr\/?s={search_term_string}"},"query-input":{"@type":"PropertyValueSpecification","valueRequired":true,"valueName":"search_term_string"}}],"inLanguage":"de-LU"},{"@type":"Organization","@id":"https:\/\/www.greenpeace.org\/luxembourg\/fr\/#organization","name":"Greenpeace Luxembourg","url":"https:\/\/www.greenpeace.org\/luxembourg\/fr\/","logo":{"@type":"ImageObject","inLanguage":"de-LU","@id":"https:\/\/www.greenpeace.org\/luxembourg\/fr\/#\/schema\/logo\/image\/","url":"https:\/\/www.greenpeace.org\/static\/planet4-luxembourg-stateless\/2026\/03\/3e367f94-greenpeace_logo_green_rgb.png","contentUrl":"https:\/\/www.greenpeace.org\/static\/planet4-luxembourg-stateless\/2026\/03\/3e367f94-greenpeace_logo_green_rgb.png","width":1080,"height":175,"caption":"Greenpeace Luxembourg"},"image":{"@id":"https:\/\/www.greenpeace.org\/luxembourg\/fr\/#\/schema\/logo\/image\/"},"sameAs":["https:\/\/www.facebook.com\/greenpeaceluxembourg","https:\/\/www.instagram.com\/greenpeacelux\/","https:\/\/www.linkedin.com\/company\/greenpeace-luxembourg\/","https:\/\/www.threads.com\/@greenpeacelux","https:\/\/bsky.app\/profile\/greenpeacelux.bsky.social","https:\/\/www.youtube.com\/@GreenpeaceLux","https:\/\/www.tiktok.com\/@greenpeace_lux"]},{"@type":"Person","@id":"https:\/\/www.greenpeace.org\/luxembourg\/fr\/#\/schema\/person\/c2ae6002b8ed18c00be0c6b320eea776","name":"Myriam Wecker","url":"https:\/\/www.greenpeace.org\/luxembourg\/de\/author\/mwecker\/"}]}},"_links":{"self":[{"href":"https:\/\/www.greenpeace.org\/luxembourg\/de\/wp-json\/wp\/v2\/posts\/12098","targetHints":{"allow":["GET"]}}],"collection":[{"href":"https:\/\/www.greenpeace.org\/luxembourg\/de\/wp-json\/wp\/v2\/posts"}],"about":[{"href":"https:\/\/www.greenpeace.org\/luxembourg\/de\/wp-json\/wp\/v2\/types\/post"}],"author":[{"embeddable":true,"href":"https:\/\/www.greenpeace.org\/luxembourg\/de\/wp-json\/wp\/v2\/users\/31"}],"replies":[{"embeddable":true,"href":"https:\/\/www.greenpeace.org\/luxembourg\/de\/wp-json\/wp\/v2\/comments?post=12098"}],"version-history":[{"count":4,"href":"https:\/\/www.greenpeace.org\/luxembourg\/de\/wp-json\/wp\/v2\/posts\/12098\/revisions"}],"predecessor-version":[{"id":12804,"href":"https:\/\/www.greenpeace.org\/luxembourg\/de\/wp-json\/wp\/v2\/posts\/12098\/revisions\/12804"}],"wp:featuredmedia":[{"embeddable":true,"href":"https:\/\/www.greenpeace.org\/luxembourg\/de\/wp-json\/wp\/v2\/media\/12092"}],"wp:attachment":[{"href":"https:\/\/www.greenpeace.org\/luxembourg\/de\/wp-json\/wp\/v2\/media?parent=12098"}],"wp:term":[{"taxonomy":"category","embeddable":true,"href":"https:\/\/www.greenpeace.org\/luxembourg\/de\/wp-json\/wp\/v2\/categories?post=12098"},{"taxonomy":"post_tag","embeddable":true,"href":"https:\/\/www.greenpeace.org\/luxembourg\/de\/wp-json\/wp\/v2\/tags?post=12098"},{"taxonomy":"p4-page-type","embeddable":true,"href":"https:\/\/www.greenpeace.org\/luxembourg\/de\/wp-json\/wp\/v2\/p4-page-type?post=12098"}],"curies":[{"name":"wp","href":"https:\/\/api.w.org\/{rel}","templated":true}]}}