{"id":12382,"date":"2021-10-01T13:56:48","date_gmt":"2021-10-01T11:56:48","guid":{"rendered":"https:\/\/www.greenpeace.org\/luxembourg\/?p=12382"},"modified":"2021-12-01T17:23:19","modified_gmt":"2021-12-01T15:23:19","slug":"europaische-burgerinitiative-bienen-und-bauern-retten-erreicht-uber-116-millionen-unterschriften","status":"publish","type":"post","link":"https:\/\/www.greenpeace.org\/luxembourg\/de\/presseerklaerungen\/12382\/europaische-burgerinitiative-bienen-und-bauern-retten-erreicht-uber-116-millionen-unterschriften\/","title":{"rendered":"Europ\u00e4ische B\u00fcrgerinitiative \u201eBienen und Bauern retten\u201c erreicht \u00fcber 1,16 Millionen Unterschriften"},"content":{"rendered":"\n<p><em>Luxemburg, den 1. Oktober 2021<\/em> &#8211; <strong>Die Organisationen [1], darunter u.a. Mouvement Ecologique, natur&amp;\u00ebmwelt und Greenpeace Luxembourg, die hinter dieser europ\u00e4ischen B\u00fcrgerinitiative (EBI) [2] stehen, sind erfreut \u00fcber das Ergebnis einer zweij\u00e4hrigen Kampagne, in deren Verlauf EU-weit \u00fcber 1,16 Millionen Unterschriften&nbsp;gesammelt wurden. Die EBI &#8220;Bienen und Bauern retten&#8221; fordert&nbsp;eine Reduzierung des Einsatzes synthetischer Pestizide um 80% bis 2030 und um 100% bis 2035 in der EU,&nbsp;Ma\u00dfnahmen zur Wiederherstellung der biologischen Vielfalt auf landwirtschaftlichen Fl\u00e4chen und&nbsp;eine massive Unterst\u00fctzung der Landwirte bei der Umstellung auf biologischen Landbau und agrar\u00f6kologische Ma\u00dfnahmen.<\/strong><\/p>\n\n<div class=\"wp-block-image\"><figure class=\"aligncenter size-large\"><img loading=\"lazy\" decoding=\"async\" width=\"853\" height=\"568\" src=\"http:\/\/www.greenpeace.org\/luxembourg\/wp-content\/uploads\/2021\/10\/7dab745c-eci-bees.jpg\" alt=\"\" class=\"wp-image-12393\" srcset=\"https:\/\/www.greenpeace.org\/static\/planet4-luxembourg-stateless\/2021\/10\/7dab745c-eci-bees.jpg 853w, https:\/\/www.greenpeace.org\/static\/planet4-luxembourg-stateless\/2021\/10\/7dab745c-eci-bees-300x200.jpg 300w, https:\/\/www.greenpeace.org\/static\/planet4-luxembourg-stateless\/2021\/10\/7dab745c-eci-bees-768x511.jpg 768w, https:\/\/www.greenpeace.org\/static\/planet4-luxembourg-stateless\/2021\/10\/7dab745c-eci-bees-510x340.jpg 510w\" sizes=\"auto, (max-width: 853px) 100vw, 853px\" \/><\/figure><\/div>\n\n<p>Auch in Luxemburg wurde die Mindestzahl von 4.503 mit 5.293 Unterschriften deutlich \u00fcberschritten. Dies zeigt, dass sich auch hierzulande viele B\u00fcrgerInnen f\u00fcr eine pestizidfreie und lebensfreundliche Landwirtschaft einsetzen, und dass es den B\u00fcrgerInnen ein Anliegen ist, die Landwirtschaft zukunftsgerecht zu gestalten und zu subventionieren. Sollten die Unterschriften von den zust\u00e4ndigen Beh\u00f6rden best\u00e4tigt werden, m\u00fcssten die Europ\u00e4ische Kommission und das Europaparlament die Forderungen der Initiative auf die Tagesordnung setzen. Die Europ\u00e4ische Kommission, aber auch die luxemburgische Regierung und zust\u00e4ndige Ministerien m\u00fcssen handeln.<\/p>\n\n<p>Raymond Aendekerk, Direktor Greenpeace Luxemburg bekr\u00e4ftigt: \u201e<em>Die Forderungen an die politisch Verantwortlichen werden wieder einmal mit diesem Erfolg der Europ\u00e4ischen B\u00fcrgerinitiative verdeutlicht. Biodiversit\u00e4t und das \u00dcberleben unserer Bauern und Lebensmittelproduzenten h\u00e4ngen ganz eng zusammen. Die Ziele der EU, Klima und Umwelt zu retten und eine nachhaltige Landwirtschaft zu f\u00f6rdern, wie dies mit dem &#8216;Green Deal&#8217; und der &#8216;farm to fork&#8217; Strategie erreicht werden sollen, d\u00fcrfen keine leeren Worth\u00fclsen bleiben.<\/em>\u201c<\/p>\n\n<p>Roger Damm\u00e9, Imker und verantwortlich f\u00fcr den Bereich Pestizide beim Mouvement Ecologique: \u201e<em>Der Erfolg der EBI \u201eBienen und Bauern retten!\u201c bekr\u00e4ftigt uns auch in der Aussage, dass es h\u00f6chste Zeit ist wesentliche Ma\u00dfnahmen des Nationalen Aktionsplans zur Reduzierung des Einsatzes von Pestiziden, die seit fast 5 Jahren auf eine Umsetzung warten, endlich anzugehen. Des Weiteren macht er deutlich, dass eine tiefgreifende Reform der EU-Agrarpolitik unbedingt n\u00f6tig ist und von vielen EU B\u00fcrger und B\u00fcrgerinnen eingefordert wird. Auch hier ist die luxemburgische Regierung in Bringschuld. Bis jetzt fehlt es, auch in diesem so wichtigen Dossier, an Transparenz und offenem Austausch mit Umweltorganisationen und der Zivilgesellschaft.\u201c<\/em>  <\/p>\n\n<p>Lea Bonblet, directrice de natur&amp;\u00ebmwelt a.s.b.l.: <em>\u201eDie Kampagne rund um die europ\u00e4ische B\u00fcrgerinitiative konnte wegen der COVID-Situation gr\u00f6\u00dftenteils nur virtuell ausgetragen werden. Nichtsdestotrotz war sie erfolgreich und sendet somit die klare Botschaft: die B\u00fcrger und B\u00fcrgerinnen unterst\u00fctzen das Pestizid-Reduktionsziel und den Erhalt unserer Biodiversit\u00e4t. Wir erinnern daran, dass das Leben auf der Erde ein Balanceakt ist. Es gilt sich f\u00fcr den Schutz des Artenreichtums in einer vielseitigen Natur- und Kulturlandschaft einzusetzen. Eine weitere Fragmentierung der Landschaft muss demnach verhindert werden, Lebensr\u00e4ume m\u00fcssen renaturiert und wieder verbunden werden. Die Steigerung der strukturellen Vielfalt muss in St\u00e4dten (durch Baumalleen, Gr\u00fcng\u00fcrtel und Parks sowie die Reduktion versiegelter Fl\u00e4chen) ebenso verpflichtend sein wie in der Landwirtschaft.\u201c<\/em><\/p>\n\n<hr class=\"wp-block-separator\"\/>\n\n<p>[1] Hinter der Europ\u00e4ische B\u00fcrgerinitiative (EBI) \u201eBienen und Bauern retten\u201c steht ein B\u00fcndnis aus \u00fcber 220 Organisationen aus ganz Europa. Auch der Mouvement Ecologique, Greenpeace Luxemburg und natur&amp;\u00ebmwelt stehen hinter der Initiative und riefen, gemeinsam mit vielen anderen Umweltorganisationen, darunter z.B. auch die Plattform &#8216;Meng Landwirtschaft&#8217; und &#8216;Ouni Pestiziden&#8217; und ihre Mitgliedsorganisationen, zum Unterschreiben auf.<\/p>\n\n<p>[2] Bislang wurden nur 6 der 108 eingeleiteten EBI von der Europ\u00e4ischen Kommission als erfolgreich validiert (&lt;6%). Erfolgreiche EBIs veranlassen die Europ\u00e4ische Kommission, die Forderungen der B\u00fcrgerInnen zu analysieren und zu beantworten, w\u00e4hrend das Europ\u00e4ische Parlament die 7 Mitglieder des B\u00fcrgerausschusses in einer Anh\u00f6rung empf\u00e4ngt und die M\u00f6glichkeit hat, eine Entschlie\u00dfung auf der Grundlage der Forderungen der B\u00fcrger*innen zu verfassen und dar\u00fcber abzustimmen.<br><\/p>\n\t\t\t<section\n\t\t\tclass=\"boxout post-867 \"\n\t\t\t\n\t\t>\n\t\t\t<a\n\t\t\t\tdata-ga-category=\"Take Action Boxout\"\n\t\t\t\tdata-ga-action=\"Image\"\n\t\t\t\tdata-ga-label=\"n\/a\"\n\t\t\t\tclass=\"cover-card-overlay\"\n\t\t\t\thref=\"https:\/\/www.greenpeace.org\/luxembourg\/de\/handeln\/meng-landwirtschaft\/\" \n\t\t\t><\/a>\n\t\t\t\t\t\t\t<img\n\t\t\t\t\t\tsrc=\"https:\/\/www.greenpeace.org\/static\/planet4-luxembourg-stateless\/2022\/11\/b43e1c14-gp0stpa95_pressmedia-1024x683.jpg\"\n\t\t\t\t\t\tsrcset=\"https:\/\/www.greenpeace.org\/static\/planet4-luxembourg-stateless\/2022\/11\/b43e1c14-gp0stpa95_pressmedia-300x200.jpg 300w, https:\/\/www.greenpeace.org\/static\/planet4-luxembourg-stateless\/2022\/11\/b43e1c14-gp0stpa95_pressmedia-1024x683.jpg 1024w, https:\/\/www.greenpeace.org\/static\/planet4-luxembourg-stateless\/2022\/11\/b43e1c14-gp0stpa95_pressmedia-768x513.jpg 768w, https:\/\/www.greenpeace.org\/static\/planet4-luxembourg-stateless\/2022\/11\/b43e1c14-gp0stpa95_pressmedia-1536x1025.jpg 1536w, https:\/\/www.greenpeace.org\/static\/planet4-luxembourg-stateless\/2022\/11\/b43e1c14-gp0stpa95_pressmedia-2048x1366.jpg 2048w, https:\/\/www.greenpeace.org\/static\/planet4-luxembourg-stateless\/2022\/11\/b43e1c14-gp0stpa95_pressmedia-510x340.jpg 510w\"\n\t\t\t\t\t\tsizes=\"(min-width: 1000px) 358px, (min-width: 780px) 313px, 88px\"\n\t\t\t\t\t\talt=\"P\u00e9tition | Loi agraire\" title=\"P\u00e9tition | Loi agraire\"\n\t\t\t\t\/>\n            \t\t\t<div class=\"boxout-content\">\n\t\t\t\t\t\t\t\t\t<a\n\t\t\t\t\t\tclass=\"boxout-heading medium\"\n\t\t\t\t\t\tdata-ga-category=\"Take Action Boxout\"\n\t\t\t\t\t\tdata-ga-action=\"Title\"\n\t\t\t\t\t\tdata-ga-label=\"n\/a\"\n\t\t\t\t\t\thref=\"https:\/\/www.greenpeace.org\/luxembourg\/de\/handeln\/meng-landwirtschaft\/\"\n\t\t\t\t\t\t\n\t\t\t\t\t>\n\t\t\t\t\t\tF\u00fcr eine nachhaltige Landwirtschaft\n\t\t\t\t\t<\/a>\n\t\t\t\t\t\t\t\t                                    <a\n                        class=\"btn btn-primary\"\n                        data-ga-category=\"Take Action Boxout\"\n                        data-ga-action=\"Call to Action\"\n                        data-ga-label=\"n\/a\"\n                        href=\"https:\/\/www.greenpeace.org\/luxembourg\/de\/handeln\/meng-landwirtschaft\/\"\n                        \n                    >\n                        Machen Sie mit!\n                    <\/a>\n                \t\t\t<\/div>\n\t\t\t\t\t<\/section>\n\t","protected":false},"excerpt":{"rendered":"<p>Die Europ\u00e4ische B\u00fcrgerinitiative \u201eBienen und Bauern retten&#8221; feiert gro\u00dfen Erfolg.<\/p>\n","protected":false},"author":31,"featured_media":12378,"comment_status":"closed","ping_status":"closed","sticky":false,"template":"","format":"standard","meta":{"ep_exclude_from_search":false,"p4_og_title":"","p4_og_description":"","p4_og_image":"","p4_og_image_id":"","p4_seo_canonical_url":"","p4_campaign_name":"not set","p4_local_project":"not set","p4_basket_name":"not set","p4_department":"","footnotes":""},"categories":[47,46],"tags":[60,67],"p4-page-type":[69],"class_list":["post-12382","post","type-post","status-publish","format-standard","has-post-thumbnail","hentry","category-natur","category-problem","tag-luxemburg","tag-nachhaltigelandwirtschaft","p4-page-type-presseerklaerungen"],"yoast_head":"<!-- This site is optimized with the Yoast SEO Premium plugin v23.9 (Yoast SEO v23.9) - https:\/\/yoast.com\/wordpress\/plugins\/seo\/ -->\n<title>Europ\u00e4ische B\u00fcrgerinitiative \u201eBienen und Bauern retten\u201c erreicht \u00fcber 1,16 Millionen Unterschriften - Greenpeace Luxembourg<\/title>\n<meta name=\"robots\" content=\"index, follow, max-snippet:-1, max-image-preview:large, max-video-preview:-1\" \/>\n<link rel=\"canonical\" href=\"https:\/\/www.greenpeace.org\/luxembourg\/de\/presseerklaerungen\/12382\/europaische-burgerinitiative-bienen-und-bauern-retten-erreicht-uber-116-millionen-unterschriften\/\" \/>\n<meta property=\"og:locale\" content=\"de_DE\" \/>\n<meta property=\"og:type\" content=\"article\" \/>\n<meta property=\"og:title\" content=\"Europ\u00e4ische B\u00fcrgerinitiative \u201eBienen und Bauern retten\u201c erreicht \u00fcber 1,16 Millionen Unterschriften\" \/>\n<meta property=\"og:description\" content=\"Die Europ\u00e4ische B\u00fcrgerinitiative \u201eBienen und Bauern retten&quot; feiert gro\u00dfen Erfolg.\" \/>\n<meta property=\"og:url\" content=\"https:\/\/www.greenpeace.org\/luxembourg\/de\/presseerklaerungen\/12382\/europaische-burgerinitiative-bienen-und-bauern-retten-erreicht-uber-116-millionen-unterschriften\/\" \/>\n<meta property=\"og:site_name\" content=\"Greenpeace Luxembourg\" \/>\n<meta property=\"article:publisher\" content=\"https:\/\/www.facebook.com\/greenpeaceluxembourg\" \/>\n<meta property=\"article:published_time\" content=\"2021-10-01T11:56:48+00:00\" \/>\n<meta property=\"article:modified_time\" content=\"2021-12-01T15:23:19+00:00\" \/>\n<meta property=\"og:image\" content=\"https:\/\/www.greenpeace.org\/static\/planet4-luxembourg-stateless\/2021\/10\/45d9de34-eci-bees.jpg\" \/>\n\t<meta property=\"og:image:width\" content=\"853\" \/>\n\t<meta property=\"og:image:height\" content=\"568\" \/>\n\t<meta property=\"og:image:type\" content=\"image\/jpeg\" \/>\n<meta name=\"author\" content=\"Myriam Wecker\" \/>\n<meta name=\"twitter:card\" content=\"summary_large_image\" \/>\n<meta name=\"twitter:label1\" content=\"Written by\" \/>\n\t<meta name=\"twitter:data1\" content=\"Myriam Wecker\" \/>\n\t<meta name=\"twitter:label2\" content=\"Est. reading time\" \/>\n\t<meta name=\"twitter:data2\" content=\"3 minutes\" \/>\n<script type=\"application\/ld+json\" class=\"yoast-schema-graph\">{\"@context\":\"https:\/\/schema.org\",\"@graph\":[{\"@type\":\"Article\",\"@id\":\"https:\/\/www.greenpeace.org\/luxembourg\/de\/presseerklaerungen\/12382\/europaische-burgerinitiative-bienen-und-bauern-retten-erreicht-uber-116-millionen-unterschriften\/#article\",\"isPartOf\":{\"@id\":\"https:\/\/www.greenpeace.org\/luxembourg\/de\/presseerklaerungen\/12382\/europaische-burgerinitiative-bienen-und-bauern-retten-erreicht-uber-116-millionen-unterschriften\/\"},\"author\":{\"name\":\"Myriam Wecker\",\"@id\":\"https:\/\/www.greenpeace.org\/luxembourg\/fr\/#\/schema\/person\/c2ae6002b8ed18c00be0c6b320eea776\"},\"headline\":\"Europ\u00e4ische B\u00fcrgerinitiative \u201eBienen und Bauern retten\u201c erreicht \u00fcber 1,16 Millionen Unterschriften\",\"datePublished\":\"2021-10-01T11:56:48+00:00\",\"dateModified\":\"2021-12-01T15:23:19+00:00\",\"mainEntityOfPage\":{\"@id\":\"https:\/\/www.greenpeace.org\/luxembourg\/de\/presseerklaerungen\/12382\/europaische-burgerinitiative-bienen-und-bauern-retten-erreicht-uber-116-millionen-unterschriften\/\"},\"wordCount\":649,\"publisher\":{\"@id\":\"https:\/\/www.greenpeace.org\/luxembourg\/fr\/#organization\"},\"image\":{\"@id\":\"https:\/\/www.greenpeace.org\/luxembourg\/de\/presseerklaerungen\/12382\/europaische-burgerinitiative-bienen-und-bauern-retten-erreicht-uber-116-millionen-unterschriften\/#primaryimage\"},\"thumbnailUrl\":\"https:\/\/www.greenpeace.org\/static\/planet4-luxembourg-stateless\/2021\/10\/45d9de34-eci-bees.jpg\",\"keywords\":[\"Luxemburg\",\"NachhaltigeLandwirtschaft\"],\"articleSection\":[\"Natur\",\"Problem\"],\"inLanguage\":\"de-LU\"},{\"@type\":\"WebPage\",\"@id\":\"https:\/\/www.greenpeace.org\/luxembourg\/de\/presseerklaerungen\/12382\/europaische-burgerinitiative-bienen-und-bauern-retten-erreicht-uber-116-millionen-unterschriften\/\",\"url\":\"https:\/\/www.greenpeace.org\/luxembourg\/de\/presseerklaerungen\/12382\/europaische-burgerinitiative-bienen-und-bauern-retten-erreicht-uber-116-millionen-unterschriften\/\",\"name\":\"Europ\u00e4ische B\u00fcrgerinitiative \u201eBienen und Bauern retten\u201c erreicht \u00fcber 1,16 Millionen Unterschriften - Greenpeace Luxembourg\",\"isPartOf\":{\"@id\":\"https:\/\/www.greenpeace.org\/luxembourg\/fr\/#website\"},\"primaryImageOfPage\":{\"@id\":\"https:\/\/www.greenpeace.org\/luxembourg\/de\/presseerklaerungen\/12382\/europaische-burgerinitiative-bienen-und-bauern-retten-erreicht-uber-116-millionen-unterschriften\/#primaryimage\"},\"image\":{\"@id\":\"https:\/\/www.greenpeace.org\/luxembourg\/de\/presseerklaerungen\/12382\/europaische-burgerinitiative-bienen-und-bauern-retten-erreicht-uber-116-millionen-unterschriften\/#primaryimage\"},\"thumbnailUrl\":\"https:\/\/www.greenpeace.org\/static\/planet4-luxembourg-stateless\/2021\/10\/45d9de34-eci-bees.jpg\",\"datePublished\":\"2021-10-01T11:56:48+00:00\",\"dateModified\":\"2021-12-01T15:23:19+00:00\",\"breadcrumb\":{\"@id\":\"https:\/\/www.greenpeace.org\/luxembourg\/de\/presseerklaerungen\/12382\/europaische-burgerinitiative-bienen-und-bauern-retten-erreicht-uber-116-millionen-unterschriften\/#breadcrumb\"},\"inLanguage\":\"de-LU\",\"potentialAction\":[{\"@type\":\"ReadAction\",\"target\":[\"https:\/\/www.greenpeace.org\/luxembourg\/de\/presseerklaerungen\/12382\/europaische-burgerinitiative-bienen-und-bauern-retten-erreicht-uber-116-millionen-unterschriften\/\"]}]},{\"@type\":\"ImageObject\",\"inLanguage\":\"de-LU\",\"@id\":\"https:\/\/www.greenpeace.org\/luxembourg\/de\/presseerklaerungen\/12382\/europaische-burgerinitiative-bienen-und-bauern-retten-erreicht-uber-116-millionen-unterschriften\/#primaryimage\",\"url\":\"https:\/\/www.greenpeace.org\/static\/planet4-luxembourg-stateless\/2021\/10\/45d9de34-eci-bees.jpg\",\"contentUrl\":\"https:\/\/www.greenpeace.org\/static\/planet4-luxembourg-stateless\/2021\/10\/45d9de34-eci-bees.jpg\",\"width\":853,\"height\":568},{\"@type\":\"BreadcrumbList\",\"@id\":\"https:\/\/www.greenpeace.org\/luxembourg\/de\/presseerklaerungen\/12382\/europaische-burgerinitiative-bienen-und-bauern-retten-erreicht-uber-116-millionen-unterschriften\/#breadcrumb\",\"itemListElement\":[{\"@type\":\"ListItem\",\"position\":1,\"name\":\"Home\",\"item\":\"http:\/\/www.greenpeace.org\/luxembourg\/fr\/\"},{\"@type\":\"ListItem\",\"position\":2,\"name\":\"Europ\u00e4ische B\u00fcrgerinitiative \u201eBienen und Bauern retten\u201c erreicht \u00fcber 1,16 Millionen Unterschriften\"}]},{\"@type\":\"WebSite\",\"@id\":\"https:\/\/www.greenpeace.org\/luxembourg\/fr\/#website\",\"url\":\"https:\/\/www.greenpeace.org\/luxembourg\/fr\/\",\"name\":\"Greenpeace Luxembourg\",\"description\":\"Greenpeace existiert, weil unsere Erde eine Stimme braucht. Sie ben\u00f6tigt L\u00f6sungen. Ver\u00e4nderungen. Aktionen.\",\"publisher\":{\"@id\":\"https:\/\/www.greenpeace.org\/luxembourg\/fr\/#organization\"},\"potentialAction\":[{\"@type\":\"SearchAction\",\"target\":{\"@type\":\"EntryPoint\",\"urlTemplate\":\"https:\/\/www.greenpeace.org\/luxembourg\/fr\/?s={search_term_string}\"},\"query-input\":{\"@type\":\"PropertyValueSpecification\",\"valueRequired\":true,\"valueName\":\"search_term_string\"}}],\"inLanguage\":\"de-LU\"},{\"@type\":\"Organization\",\"@id\":\"https:\/\/www.greenpeace.org\/luxembourg\/fr\/#organization\",\"name\":\"Greenpeace Luxembourg\",\"url\":\"https:\/\/www.greenpeace.org\/luxembourg\/fr\/\",\"logo\":{\"@type\":\"ImageObject\",\"inLanguage\":\"de-LU\",\"@id\":\"https:\/\/www.greenpeace.org\/luxembourg\/fr\/#\/schema\/logo\/image\/\",\"url\":\"https:\/\/www.greenpeace.org\/static\/planet4-luxembourg-stateless\/2026\/03\/3e367f94-greenpeace_logo_green_rgb.png\",\"contentUrl\":\"https:\/\/www.greenpeace.org\/static\/planet4-luxembourg-stateless\/2026\/03\/3e367f94-greenpeace_logo_green_rgb.png\",\"width\":1080,\"height\":175,\"caption\":\"Greenpeace Luxembourg\"},\"image\":{\"@id\":\"https:\/\/www.greenpeace.org\/luxembourg\/fr\/#\/schema\/logo\/image\/\"},\"sameAs\":[\"https:\/\/www.facebook.com\/greenpeaceluxembourg\",\"https:\/\/www.instagram.com\/greenpeacelux\/\",\"https:\/\/www.linkedin.com\/company\/greenpeace-luxembourg\/\",\"https:\/\/www.threads.com\/@greenpeacelux\",\"https:\/\/bsky.app\/profile\/greenpeacelux.bsky.social\",\"https:\/\/www.youtube.com\/@GreenpeaceLux\",\"https:\/\/www.tiktok.com\/@greenpeace_lux\"]},{\"@type\":\"Person\",\"@id\":\"https:\/\/www.greenpeace.org\/luxembourg\/fr\/#\/schema\/person\/c2ae6002b8ed18c00be0c6b320eea776\",\"name\":\"Myriam Wecker\",\"url\":\"https:\/\/www.greenpeace.org\/luxembourg\/de\/author\/mwecker\/\"}]}<\/script>\n<!-- \/ Yoast SEO Premium plugin. -->","yoast_head_json":{"title":"Europ\u00e4ische B\u00fcrgerinitiative \u201eBienen und Bauern retten\u201c erreicht \u00fcber 1,16 Millionen Unterschriften - Greenpeace Luxembourg","robots":{"index":"index","follow":"follow","max-snippet":"max-snippet:-1","max-image-preview":"max-image-preview:large","max-video-preview":"max-video-preview:-1"},"canonical":"https:\/\/www.greenpeace.org\/luxembourg\/de\/presseerklaerungen\/12382\/europaische-burgerinitiative-bienen-und-bauern-retten-erreicht-uber-116-millionen-unterschriften\/","og_locale":"de_DE","og_type":"article","og_title":"Europ\u00e4ische B\u00fcrgerinitiative \u201eBienen und Bauern retten\u201c erreicht \u00fcber 1,16 Millionen Unterschriften","og_description":"Die Europ\u00e4ische B\u00fcrgerinitiative \u201eBienen und Bauern retten\" feiert gro\u00dfen Erfolg.","og_url":"https:\/\/www.greenpeace.org\/luxembourg\/de\/presseerklaerungen\/12382\/europaische-burgerinitiative-bienen-und-bauern-retten-erreicht-uber-116-millionen-unterschriften\/","og_site_name":"Greenpeace Luxembourg","article_publisher":"https:\/\/www.facebook.com\/greenpeaceluxembourg","article_published_time":"2021-10-01T11:56:48+00:00","article_modified_time":"2021-12-01T15:23:19+00:00","og_image":[{"width":853,"height":568,"url":"https:\/\/www.greenpeace.org\/static\/planet4-luxembourg-stateless\/2021\/10\/45d9de34-eci-bees.jpg","type":"image\/jpeg"}],"author":"Myriam Wecker","twitter_card":"summary_large_image","twitter_misc":{"Written by":"Myriam Wecker","Est. reading time":"3 minutes"},"schema":{"@context":"https:\/\/schema.org","@graph":[{"@type":"Article","@id":"https:\/\/www.greenpeace.org\/luxembourg\/de\/presseerklaerungen\/12382\/europaische-burgerinitiative-bienen-und-bauern-retten-erreicht-uber-116-millionen-unterschriften\/#article","isPartOf":{"@id":"https:\/\/www.greenpeace.org\/luxembourg\/de\/presseerklaerungen\/12382\/europaische-burgerinitiative-bienen-und-bauern-retten-erreicht-uber-116-millionen-unterschriften\/"},"author":{"name":"Myriam Wecker","@id":"https:\/\/www.greenpeace.org\/luxembourg\/fr\/#\/schema\/person\/c2ae6002b8ed18c00be0c6b320eea776"},"headline":"Europ\u00e4ische B\u00fcrgerinitiative \u201eBienen und Bauern retten\u201c erreicht \u00fcber 1,16 Millionen Unterschriften","datePublished":"2021-10-01T11:56:48+00:00","dateModified":"2021-12-01T15:23:19+00:00","mainEntityOfPage":{"@id":"https:\/\/www.greenpeace.org\/luxembourg\/de\/presseerklaerungen\/12382\/europaische-burgerinitiative-bienen-und-bauern-retten-erreicht-uber-116-millionen-unterschriften\/"},"wordCount":649,"publisher":{"@id":"https:\/\/www.greenpeace.org\/luxembourg\/fr\/#organization"},"image":{"@id":"https:\/\/www.greenpeace.org\/luxembourg\/de\/presseerklaerungen\/12382\/europaische-burgerinitiative-bienen-und-bauern-retten-erreicht-uber-116-millionen-unterschriften\/#primaryimage"},"thumbnailUrl":"https:\/\/www.greenpeace.org\/static\/planet4-luxembourg-stateless\/2021\/10\/45d9de34-eci-bees.jpg","keywords":["Luxemburg","NachhaltigeLandwirtschaft"],"articleSection":["Natur","Problem"],"inLanguage":"de-LU"},{"@type":"WebPage","@id":"https:\/\/www.greenpeace.org\/luxembourg\/de\/presseerklaerungen\/12382\/europaische-burgerinitiative-bienen-und-bauern-retten-erreicht-uber-116-millionen-unterschriften\/","url":"https:\/\/www.greenpeace.org\/luxembourg\/de\/presseerklaerungen\/12382\/europaische-burgerinitiative-bienen-und-bauern-retten-erreicht-uber-116-millionen-unterschriften\/","name":"Europ\u00e4ische B\u00fcrgerinitiative \u201eBienen und Bauern retten\u201c erreicht \u00fcber 1,16 Millionen Unterschriften - Greenpeace Luxembourg","isPartOf":{"@id":"https:\/\/www.greenpeace.org\/luxembourg\/fr\/#website"},"primaryImageOfPage":{"@id":"https:\/\/www.greenpeace.org\/luxembourg\/de\/presseerklaerungen\/12382\/europaische-burgerinitiative-bienen-und-bauern-retten-erreicht-uber-116-millionen-unterschriften\/#primaryimage"},"image":{"@id":"https:\/\/www.greenpeace.org\/luxembourg\/de\/presseerklaerungen\/12382\/europaische-burgerinitiative-bienen-und-bauern-retten-erreicht-uber-116-millionen-unterschriften\/#primaryimage"},"thumbnailUrl":"https:\/\/www.greenpeace.org\/static\/planet4-luxembourg-stateless\/2021\/10\/45d9de34-eci-bees.jpg","datePublished":"2021-10-01T11:56:48+00:00","dateModified":"2021-12-01T15:23:19+00:00","breadcrumb":{"@id":"https:\/\/www.greenpeace.org\/luxembourg\/de\/presseerklaerungen\/12382\/europaische-burgerinitiative-bienen-und-bauern-retten-erreicht-uber-116-millionen-unterschriften\/#breadcrumb"},"inLanguage":"de-LU","potentialAction":[{"@type":"ReadAction","target":["https:\/\/www.greenpeace.org\/luxembourg\/de\/presseerklaerungen\/12382\/europaische-burgerinitiative-bienen-und-bauern-retten-erreicht-uber-116-millionen-unterschriften\/"]}]},{"@type":"ImageObject","inLanguage":"de-LU","@id":"https:\/\/www.greenpeace.org\/luxembourg\/de\/presseerklaerungen\/12382\/europaische-burgerinitiative-bienen-und-bauern-retten-erreicht-uber-116-millionen-unterschriften\/#primaryimage","url":"https:\/\/www.greenpeace.org\/static\/planet4-luxembourg-stateless\/2021\/10\/45d9de34-eci-bees.jpg","contentUrl":"https:\/\/www.greenpeace.org\/static\/planet4-luxembourg-stateless\/2021\/10\/45d9de34-eci-bees.jpg","width":853,"height":568},{"@type":"BreadcrumbList","@id":"https:\/\/www.greenpeace.org\/luxembourg\/de\/presseerklaerungen\/12382\/europaische-burgerinitiative-bienen-und-bauern-retten-erreicht-uber-116-millionen-unterschriften\/#breadcrumb","itemListElement":[{"@type":"ListItem","position":1,"name":"Home","item":"http:\/\/www.greenpeace.org\/luxembourg\/fr\/"},{"@type":"ListItem","position":2,"name":"Europ\u00e4ische B\u00fcrgerinitiative \u201eBienen und Bauern retten\u201c erreicht \u00fcber 1,16 Millionen Unterschriften"}]},{"@type":"WebSite","@id":"https:\/\/www.greenpeace.org\/luxembourg\/fr\/#website","url":"https:\/\/www.greenpeace.org\/luxembourg\/fr\/","name":"Greenpeace Luxembourg","description":"Greenpeace existiert, weil unsere Erde eine Stimme braucht. Sie ben\u00f6tigt L\u00f6sungen. Ver\u00e4nderungen. Aktionen.","publisher":{"@id":"https:\/\/www.greenpeace.org\/luxembourg\/fr\/#organization"},"potentialAction":[{"@type":"SearchAction","target":{"@type":"EntryPoint","urlTemplate":"https:\/\/www.greenpeace.org\/luxembourg\/fr\/?s={search_term_string}"},"query-input":{"@type":"PropertyValueSpecification","valueRequired":true,"valueName":"search_term_string"}}],"inLanguage":"de-LU"},{"@type":"Organization","@id":"https:\/\/www.greenpeace.org\/luxembourg\/fr\/#organization","name":"Greenpeace Luxembourg","url":"https:\/\/www.greenpeace.org\/luxembourg\/fr\/","logo":{"@type":"ImageObject","inLanguage":"de-LU","@id":"https:\/\/www.greenpeace.org\/luxembourg\/fr\/#\/schema\/logo\/image\/","url":"https:\/\/www.greenpeace.org\/static\/planet4-luxembourg-stateless\/2026\/03\/3e367f94-greenpeace_logo_green_rgb.png","contentUrl":"https:\/\/www.greenpeace.org\/static\/planet4-luxembourg-stateless\/2026\/03\/3e367f94-greenpeace_logo_green_rgb.png","width":1080,"height":175,"caption":"Greenpeace Luxembourg"},"image":{"@id":"https:\/\/www.greenpeace.org\/luxembourg\/fr\/#\/schema\/logo\/image\/"},"sameAs":["https:\/\/www.facebook.com\/greenpeaceluxembourg","https:\/\/www.instagram.com\/greenpeacelux\/","https:\/\/www.linkedin.com\/company\/greenpeace-luxembourg\/","https:\/\/www.threads.com\/@greenpeacelux","https:\/\/bsky.app\/profile\/greenpeacelux.bsky.social","https:\/\/www.youtube.com\/@GreenpeaceLux","https:\/\/www.tiktok.com\/@greenpeace_lux"]},{"@type":"Person","@id":"https:\/\/www.greenpeace.org\/luxembourg\/fr\/#\/schema\/person\/c2ae6002b8ed18c00be0c6b320eea776","name":"Myriam Wecker","url":"https:\/\/www.greenpeace.org\/luxembourg\/de\/author\/mwecker\/"}]}},"_links":{"self":[{"href":"https:\/\/www.greenpeace.org\/luxembourg\/de\/wp-json\/wp\/v2\/posts\/12382","targetHints":{"allow":["GET"]}}],"collection":[{"href":"https:\/\/www.greenpeace.org\/luxembourg\/de\/wp-json\/wp\/v2\/posts"}],"about":[{"href":"https:\/\/www.greenpeace.org\/luxembourg\/de\/wp-json\/wp\/v2\/types\/post"}],"author":[{"embeddable":true,"href":"https:\/\/www.greenpeace.org\/luxembourg\/de\/wp-json\/wp\/v2\/users\/31"}],"replies":[{"embeddable":true,"href":"https:\/\/www.greenpeace.org\/luxembourg\/de\/wp-json\/wp\/v2\/comments?post=12382"}],"version-history":[{"count":8,"href":"https:\/\/www.greenpeace.org\/luxembourg\/de\/wp-json\/wp\/v2\/posts\/12382\/revisions"}],"predecessor-version":[{"id":12797,"href":"https:\/\/www.greenpeace.org\/luxembourg\/de\/wp-json\/wp\/v2\/posts\/12382\/revisions\/12797"}],"wp:featuredmedia":[{"embeddable":true,"href":"https:\/\/www.greenpeace.org\/luxembourg\/de\/wp-json\/wp\/v2\/media\/12378"}],"wp:attachment":[{"href":"https:\/\/www.greenpeace.org\/luxembourg\/de\/wp-json\/wp\/v2\/media?parent=12382"}],"wp:term":[{"taxonomy":"category","embeddable":true,"href":"https:\/\/www.greenpeace.org\/luxembourg\/de\/wp-json\/wp\/v2\/categories?post=12382"},{"taxonomy":"post_tag","embeddable":true,"href":"https:\/\/www.greenpeace.org\/luxembourg\/de\/wp-json\/wp\/v2\/tags?post=12382"},{"taxonomy":"p4-page-type","embeddable":true,"href":"https:\/\/www.greenpeace.org\/luxembourg\/de\/wp-json\/wp\/v2\/p4-page-type?post=12382"}],"curies":[{"name":"wp","href":"https:\/\/api.w.org\/{rel}","templated":true}]}}