{"id":12429,"date":"2021-10-12T10:34:55","date_gmt":"2021-10-12T08:34:55","guid":{"rendered":"https:\/\/www.greenpeace.org\/luxembourg\/?p=12429"},"modified":"2021-12-01T17:23:10","modified_gmt":"2021-12-01T15:23:10","slug":"aufgedeckt-franzosische-atomunternehmen-entsorgen-radioaktive-abfalle-in-sibirien","status":"publish","type":"post","link":"https:\/\/www.greenpeace.org\/luxembourg\/de\/aktualitaet\/12429\/aufgedeckt-franzosische-atomunternehmen-entsorgen-radioaktive-abfalle-in-sibirien\/","title":{"rendered":"Aufgedeckt: Franz\u00f6sische Atomunternehmen entsorgen radioaktive Abf\u00e4lle in Sibirien"},"content":{"rendered":"\n<h3 class=\"wp-block-heading\"><strong>Aktivist*Innen fordern die EU auf, Atomenergie nicht als nachhaltig zu betrachten&nbsp;&nbsp;<\/strong><\/h3>\n\n<div class=\"wp-block-image\"><figure class=\"aligncenter size-large\"><img loading=\"lazy\" decoding=\"async\" width=\"1024\" height=\"768\" src=\"https:\/\/www.greenpeace.org\/static\/planet4-luxembourg-stateless\/2021\/10\/a0e00c93-2021_1012_08480100_cp-1024x768.jpg\" alt=\"\" class=\"wp-image-12436\"\/><figcaption>\u00a9 Victor Point \/ Greenpeace<\/figcaption><\/figure><\/div>\n\n<p><strong><strong>Paris\/Luxemburg, 12. Oktober 2021<\/strong> \u2013 Greenpeace-Aktivist*Innen stellten heute f\u00fcnfzehn Metallf\u00e4sser mit einem radioaktiven Symbol vor dem Eingang des Atomkonzerns Orano in Ch\u00e2tillon, s\u00fcdlich von Paris, auf, um gegen die Lagerung franz\u00f6sischer Atomabf\u00e4lle an einem unsicheren Standort in Sewersk, Sibirien, zu protestieren. Zuvor hatte eine neue Untersuchung von Greenpeace Frankreich ergeben, dass der Export von nuklearen Abf\u00e4llen nach Russland nach einer elfj\u00e4hrigen Unterbrechung wieder aufgenommen wurde [1].<\/strong><\/p>\n\n<p>Satellitenbilder aus Sewersk zeigen Tausende von F\u00e4ssern, die unter freiem Himmel gelagert werden und den Naturgewalten frei ausgesetzt sind. Die Ausfuhr radioaktiver Abf\u00e4lle aus der EU in ein Drittland ist an strenge Bedingungen gekn\u00fcpft, unter anderem an die Sicherheit und die ordnungsgem\u00e4\u00dfe Verwaltung der Bestimmungsanlage [2].<\/p>\n\n<p>Diese Enth\u00fcllungen \u00fcber die Wiederaufnahme der franz\u00f6sischen Atomm\u00fcllexporte nach Russland kamen kurz nachdem zehn EU-L\u00e4nder, darunter Frankreich, in mehreren europ\u00e4ischen Zeitungen einen Meinungsbeitrag ver\u00f6ffentlicht haben, in dem sie die Aufnahme der Atomenergie in die EU-Leitlinien f\u00fcr gr\u00fcne Investitionen, die &#8220;EU-Taxonomie&#8221;, gefordert hatten [3].<\/p>\n\n<p>\u201c<em>Die Enth\u00fcllungen der Untersuchung beweisen einmal mehr, dass es keine \u00f6kologisch nachhaltige L\u00f6sung f\u00fcr das st\u00e4ndig wachsende Problem der radioaktiven Abf\u00e4lle gibt. Der Atomenergie im Rahmen der EU-Taxonomie ein gr\u00fcnes Label zu vergeben, wird das Abfallproblem nur versch\u00e4rfen und Investitionen von echten L\u00f6sungen wie Energieeinsparungen, Lagerung und erneuerbaren Energien ablenken<\/em>&#8220;, sagt Roger Spautz, Atom-Kampaigner von Greenpeace Frankreich und Luxemburg.&nbsp;<\/p>\n\n<p>Nach den wichtigsten Grunds\u00e4tzen der Taxonomie darf eine T\u00e4tigkeit der Umwelt \u201ckeine erheblichen Sch\u00e4den anrichten&#8221;, um ber\u00fccksichtigt zu werden. Die Europ\u00e4ische Kommission wird in den kommenden Wochen eine \u00f6ffentliche Konsultation einleiten, um festzustellen, ob die Kernenergie in die Taxonomie aufgenommen werden soll.&nbsp;<\/p>\n\n<p>Es wird erwartet, dass Pr\u00e4sident Emmanuel Macron heute ebenfalls die Finanzierung sogenannter &#8220;kleiner modularer Kernreaktoren&#8221; als Teil seines Investitionspakets &#8220;Frankreich 2030&#8221; ank\u00fcndigen wird.&nbsp;<\/p>\n\n<h3 class=\"wp-block-heading\"><strong>Untersuchung<\/strong><\/h3>\n\n<p>Die Untersuchung von Greenpeace Frankreich hat ergeben, dass Orano im Januar und Februar 2021 Hunderte von Tonnen wiederaufgearbeitetes Uran an Rosatom, das staatliche russische Atomkraftwerk, geliefert hat.<\/p>\n\n<p>Im Hafen von Le Havre in der Normandie beobachteten Aktivist*Innen die Verladung von radioaktivem Material auf ein Schiff mit dem Ziel St. Petersburg. Von dort wurden die Abf\u00e4lle mit dem Zug zu einer Deponie in der sibirischen Stadt Sewersk, fr\u00fcher bekannt als Tomsk-7, transportiert. Greenpeace hat seit 2010, als Orano (damals noch Areva) zugab, dass Umweltbedenken bei der Entscheidung, den Uranexport dorthin einzustellen, eine Rolle spielten, keine Anzeichen f\u00fcr eine Verbesserung der Verwaltung des Standorts Sewersk beobachten k\u00f6nnen [4].<\/p>\n\n<p>Die neuen Auslieferungen wurden von Orano in einer E-Mail an Greenpeace Frankreich best\u00e4tigt. Auch EDF, Frankreichs gr\u00f6\u00dfter Atomstromlieferant, unterzeichnete 2018 ein \u00e4hnliches Abkommen mit Rosatom, hat aber offenbar noch keine solchen Lieferungen vorgenommen. Beide Unternehmen befinden sich teilweise im Besitz des franz\u00f6sischen Staates.<\/p>\n\n<hr class=\"wp-block-separator is-style-wide\"\/>\n\n<p><strong>Anmerkungen an die Presse<\/strong><\/p>\n\n<p>[1] Greenpeace Frankreich, 12. Oktober 2021, \u201c<a href=\"https:\/\/cdn.greenpeace.fr\/site\/uploads\/2021\/10\/French-nuclear-waste-_-a-one-way-ticket-to-Siberia-_-Briefing-Greenpeace-France-Embargo-12-10-2021.pdf\">D\u00e9chets nucl\u00e9aires fran\u00e7ais : aller simple pour la Sib\u00e9rie<\/a>\u201d <meta charset=\"utf-8\">(auf franz\u00f6sisch).<br>[2] Insbesondere Artikel 4 der Richtlinie 70\/2011\/EURATOM des Rates.<br>[3] La Libre Belgique, 10. Oktober 2021, \u201c<a href=\"https:\/\/www.lalibre.be\/economie\/conjoncture\/2021\/10\/11\/dix-membres-de-lue-publient-une-tribune-en-faveur-du-nucleaire-HCTL7HSLLNBPXBE7A3MSNFM4AA\/\">Zehn EU Mitglieder ver\u00f6ffentlichen einen Pro-Atomenergie-Meinungsbeitrag<\/a>\u201d<br>[4] Im Jahr 2010 stellte Areva (Orano) die Ausfuhr radioaktiver Abf\u00e4lle nach Russland ein, nachdem es in der \u00d6ffentlichkeit einen Aufruhr wegen der Umweltauswirkungen des Standorts Severska gegeben hatte. Siehe: Rue89 \/ Le Nouvel Observateur, 28. Mai 2010, &#8220;<a href=\"https:\/\/www.nouvelobs.com\/rue89\/rue89-planete\/20100528.RUE6775\/chut-areva-cesse-d-exporter-ses-dechets-radioactifs-en-russie.html\">Areva stellt den Export von radioaktiven Abf\u00e4llen nach Russland ein<\/a>&#8221; (auf franz\u00f6sisch).<br>[5] Fotos von der Aktion vor dem Hauptsitz von Orano sowie Fotos vom Transport von wiederaufgearbeitetem Uran zwischen Frankreich und Russland aus dem Jahr 2021 finden Sie <a href=\"https:\/\/media.greenpeace.fr\/2389\/\">hier<\/a>.<\/p>\n\n<p><\/p>\n\t\t\t<section\n\t\t\tclass=\"boxout post-817 \"\n\t\t\t\n\t\t>\n\t\t\t<a\n\t\t\t\tdata-ga-category=\"Take Action Boxout\"\n\t\t\t\tdata-ga-action=\"Image\"\n\t\t\t\tdata-ga-label=\"n\/a\"\n\t\t\t\tclass=\"cover-card-overlay\"\n\t\t\t\thref=\"https:\/\/www.greenpeace.org\/luxembourg\/de\/handeln\/atomkraft-nein-danke\/\" \n\t\t\t><\/a>\n\t\t\t\t\t\t\t<img\n\t\t\t\t\t\tsrc=\"https:\/\/www.greenpeace.org\/static\/planet4-luxembourg-stateless\/2018\/09\/5ae05b7e-gp02d3q_medium_res-1024x653.jpg\"\n\t\t\t\t\t\tsrcset=\"https:\/\/www.greenpeace.org\/static\/planet4-luxembourg-stateless\/2018\/09\/5ae05b7e-gp02d3q_medium_res-300x191.jpg 300w, https:\/\/www.greenpeace.org\/static\/planet4-luxembourg-stateless\/2018\/09\/5ae05b7e-gp02d3q_medium_res-768x490.jpg 768w, https:\/\/www.greenpeace.org\/static\/planet4-luxembourg-stateless\/2018\/09\/5ae05b7e-gp02d3q_medium_res-1024x653.jpg 1024w, https:\/\/www.greenpeace.org\/static\/planet4-luxembourg-stateless\/2018\/09\/5ae05b7e-gp02d3q_medium_res-510x325.jpg 510w, https:\/\/www.greenpeace.org\/static\/planet4-luxembourg-stateless\/2018\/09\/5ae05b7e-gp02d3q_medium_res.jpg 1200w\"\n\t\t\t\t\t\tsizes=\"(min-width: 1000px) 358px, (min-width: 780px) 313px, 88px\"\n\t\t\t\t\t\talt=\"Anti Nuclear Demonstration in Brazil\" title=\"Anti Nuclear Demonstration in Brazil\"\n\t\t\t\t\/>\n            \t\t\t<div class=\"boxout-content\">\n\t\t\t\t\t\t\t\t\t<a\n\t\t\t\t\t\tclass=\"boxout-heading medium\"\n\t\t\t\t\t\tdata-ga-category=\"Take Action Boxout\"\n\t\t\t\t\t\tdata-ga-action=\"Title\"\n\t\t\t\t\t\tdata-ga-label=\"n\/a\"\n\t\t\t\t\t\thref=\"https:\/\/www.greenpeace.org\/luxembourg\/de\/handeln\/atomkraft-nein-danke\/\"\n\t\t\t\t\t\t\n\t\t\t\t\t>\n\t\t\t\t\t\tAtomkraft &#8211; Nein danke\n\t\t\t\t\t<\/a>\n\t\t\t\t\t\t\t\t                                    <a\n                        class=\"btn btn-primary\"\n                        data-ga-category=\"Take Action Boxout\"\n                        data-ga-action=\"Call to Action\"\n                        data-ga-label=\"n\/a\"\n                        href=\"https:\/\/www.greenpeace.org\/luxembourg\/de\/handeln\/atomkraft-nein-danke\/\"\n                        \n                    >\n                        Machen Sie mit!\n                    <\/a>\n                \t\t\t<\/div>\n\t\t\t\t\t<\/section>\n\t","protected":false},"excerpt":{"rendered":"<p>Aktivist*Innen fordern die EU auf, Atomenergie nicht als nachhaltig zu betrachten&nbsp;&nbsp;<\/p>\n","protected":false},"author":25,"featured_media":12436,"comment_status":"closed","ping_status":"closed","sticky":false,"template":"","format":"standard","meta":{"ep_exclude_from_search":false,"p4_og_title":"","p4_og_description":"","p4_og_image":"","p4_og_image_id":"","p4_seo_canonical_url":"","p4_campaign_name":"not set","p4_local_project":"not set","p4_basket_name":"not set","p4_department":"","footnotes":""},"categories":[49],"tags":[58],"p4-page-type":[68,69],"class_list":["post-12429","post","type-post","status-publish","format-standard","has-post-thumbnail","hentry","category-energie","tag-nuklear","p4-page-type-aktualitaet","p4-page-type-presseerklaerungen"],"yoast_head":"<!-- This site is optimized with the Yoast SEO Premium plugin v23.9 (Yoast SEO v23.9) - https:\/\/yoast.com\/wordpress\/plugins\/seo\/ -->\n<title>Aufgedeckt: Franz\u00f6sische Atomunternehmen entsorgen radioaktive Abf\u00e4lle in Sibirien - Greenpeace Luxembourg<\/title>\n<meta name=\"robots\" content=\"index, follow, max-snippet:-1, max-image-preview:large, max-video-preview:-1\" \/>\n<link rel=\"canonical\" href=\"https:\/\/www.greenpeace.org\/luxembourg\/de\/aktualitaet\/12429\/aufgedeckt-franzosische-atomunternehmen-entsorgen-radioaktive-abfalle-in-sibirien\/\" \/>\n<meta property=\"og:locale\" content=\"de_DE\" \/>\n<meta property=\"og:type\" content=\"article\" \/>\n<meta property=\"og:title\" content=\"Aufgedeckt: Franz\u00f6sische Atomunternehmen entsorgen radioaktive Abf\u00e4lle in Sibirien\" \/>\n<meta property=\"og:description\" content=\"Aktivist*Innen fordern die EU auf, Atomenergie nicht als nachhaltig zu betrachten&nbsp;&nbsp;\" \/>\n<meta property=\"og:url\" content=\"https:\/\/www.greenpeace.org\/luxembourg\/de\/aktualitaet\/12429\/aufgedeckt-franzosische-atomunternehmen-entsorgen-radioaktive-abfalle-in-sibirien\/\" \/>\n<meta property=\"og:site_name\" content=\"Greenpeace Luxembourg\" \/>\n<meta property=\"article:publisher\" content=\"https:\/\/www.facebook.com\/greenpeaceluxembourg\" \/>\n<meta property=\"article:published_time\" content=\"2021-10-12T08:34:55+00:00\" \/>\n<meta property=\"article:modified_time\" content=\"2021-12-01T15:23:10+00:00\" \/>\n<meta property=\"og:image\" content=\"https:\/\/www.greenpeace.org\/static\/planet4-luxembourg-stateless\/2021\/10\/a0e00c93-2021_1012_08480100_cp.jpg\" \/>\n\t<meta property=\"og:image:width\" content=\"1719\" \/>\n\t<meta property=\"og:image:height\" content=\"1289\" \/>\n\t<meta property=\"og:image:type\" content=\"image\/jpeg\" \/>\n<meta name=\"author\" content=\"Esther Wildanger\" \/>\n<meta name=\"twitter:card\" content=\"summary_large_image\" \/>\n<meta name=\"twitter:label1\" content=\"Written by\" \/>\n\t<meta name=\"twitter:data1\" content=\"Esther Wildanger\" \/>\n\t<meta name=\"twitter:label2\" content=\"Est. reading time\" \/>\n\t<meta name=\"twitter:data2\" content=\"3 minutes\" \/>\n<script type=\"application\/ld+json\" class=\"yoast-schema-graph\">{\"@context\":\"https:\/\/schema.org\",\"@graph\":[{\"@type\":\"Article\",\"@id\":\"https:\/\/www.greenpeace.org\/luxembourg\/de\/aktualitaet\/12429\/aufgedeckt-franzosische-atomunternehmen-entsorgen-radioaktive-abfalle-in-sibirien\/#article\",\"isPartOf\":{\"@id\":\"https:\/\/www.greenpeace.org\/luxembourg\/de\/aktualitaet\/12429\/aufgedeckt-franzosische-atomunternehmen-entsorgen-radioaktive-abfalle-in-sibirien\/\"},\"author\":{\"name\":\"Esther Wildanger\",\"@id\":\"https:\/\/www.greenpeace.org\/luxembourg\/fr\/#\/schema\/person\/3d0e81a859b59009fec36a8552ef76a7\"},\"headline\":\"Aufgedeckt: Franz\u00f6sische Atomunternehmen entsorgen radioaktive Abf\u00e4lle in Sibirien\",\"datePublished\":\"2021-10-12T08:34:55+00:00\",\"dateModified\":\"2021-12-01T15:23:10+00:00\",\"mainEntityOfPage\":{\"@id\":\"https:\/\/www.greenpeace.org\/luxembourg\/de\/aktualitaet\/12429\/aufgedeckt-franzosische-atomunternehmen-entsorgen-radioaktive-abfalle-in-sibirien\/\"},\"wordCount\":607,\"publisher\":{\"@id\":\"https:\/\/www.greenpeace.org\/luxembourg\/fr\/#organization\"},\"image\":{\"@id\":\"https:\/\/www.greenpeace.org\/luxembourg\/de\/aktualitaet\/12429\/aufgedeckt-franzosische-atomunternehmen-entsorgen-radioaktive-abfalle-in-sibirien\/#primaryimage\"},\"thumbnailUrl\":\"https:\/\/www.greenpeace.org\/static\/planet4-luxembourg-stateless\/2021\/10\/a0e00c93-2021_1012_08480100_cp.jpg\",\"keywords\":[\"Nuklear\"],\"articleSection\":[\"Energie\"],\"inLanguage\":\"de-LU\"},{\"@type\":\"WebPage\",\"@id\":\"https:\/\/www.greenpeace.org\/luxembourg\/de\/aktualitaet\/12429\/aufgedeckt-franzosische-atomunternehmen-entsorgen-radioaktive-abfalle-in-sibirien\/\",\"url\":\"https:\/\/www.greenpeace.org\/luxembourg\/de\/aktualitaet\/12429\/aufgedeckt-franzosische-atomunternehmen-entsorgen-radioaktive-abfalle-in-sibirien\/\",\"name\":\"Aufgedeckt: Franz\u00f6sische Atomunternehmen entsorgen radioaktive Abf\u00e4lle in Sibirien - Greenpeace Luxembourg\",\"isPartOf\":{\"@id\":\"https:\/\/www.greenpeace.org\/luxembourg\/fr\/#website\"},\"primaryImageOfPage\":{\"@id\":\"https:\/\/www.greenpeace.org\/luxembourg\/de\/aktualitaet\/12429\/aufgedeckt-franzosische-atomunternehmen-entsorgen-radioaktive-abfalle-in-sibirien\/#primaryimage\"},\"image\":{\"@id\":\"https:\/\/www.greenpeace.org\/luxembourg\/de\/aktualitaet\/12429\/aufgedeckt-franzosische-atomunternehmen-entsorgen-radioaktive-abfalle-in-sibirien\/#primaryimage\"},\"thumbnailUrl\":\"https:\/\/www.greenpeace.org\/static\/planet4-luxembourg-stateless\/2021\/10\/a0e00c93-2021_1012_08480100_cp.jpg\",\"datePublished\":\"2021-10-12T08:34:55+00:00\",\"dateModified\":\"2021-12-01T15:23:10+00:00\",\"breadcrumb\":{\"@id\":\"https:\/\/www.greenpeace.org\/luxembourg\/de\/aktualitaet\/12429\/aufgedeckt-franzosische-atomunternehmen-entsorgen-radioaktive-abfalle-in-sibirien\/#breadcrumb\"},\"inLanguage\":\"de-LU\",\"potentialAction\":[{\"@type\":\"ReadAction\",\"target\":[\"https:\/\/www.greenpeace.org\/luxembourg\/de\/aktualitaet\/12429\/aufgedeckt-franzosische-atomunternehmen-entsorgen-radioaktive-abfalle-in-sibirien\/\"]}]},{\"@type\":\"ImageObject\",\"inLanguage\":\"de-LU\",\"@id\":\"https:\/\/www.greenpeace.org\/luxembourg\/de\/aktualitaet\/12429\/aufgedeckt-franzosische-atomunternehmen-entsorgen-radioaktive-abfalle-in-sibirien\/#primaryimage\",\"url\":\"https:\/\/www.greenpeace.org\/static\/planet4-luxembourg-stateless\/2021\/10\/a0e00c93-2021_1012_08480100_cp.jpg\",\"contentUrl\":\"https:\/\/www.greenpeace.org\/static\/planet4-luxembourg-stateless\/2021\/10\/a0e00c93-2021_1012_08480100_cp.jpg\",\"width\":1719,\"height\":1289},{\"@type\":\"BreadcrumbList\",\"@id\":\"https:\/\/www.greenpeace.org\/luxembourg\/de\/aktualitaet\/12429\/aufgedeckt-franzosische-atomunternehmen-entsorgen-radioaktive-abfalle-in-sibirien\/#breadcrumb\",\"itemListElement\":[{\"@type\":\"ListItem\",\"position\":1,\"name\":\"Home\",\"item\":\"http:\/\/www.greenpeace.org\/luxembourg\/fr\/\"},{\"@type\":\"ListItem\",\"position\":2,\"name\":\"Aufgedeckt: Franz\u00f6sische Atomunternehmen entsorgen radioaktive Abf\u00e4lle in Sibirien\"}]},{\"@type\":\"WebSite\",\"@id\":\"https:\/\/www.greenpeace.org\/luxembourg\/fr\/#website\",\"url\":\"https:\/\/www.greenpeace.org\/luxembourg\/fr\/\",\"name\":\"Greenpeace Luxembourg\",\"description\":\"Greenpeace existiert, weil unsere Erde eine Stimme braucht. Sie ben\u00f6tigt L\u00f6sungen. Ver\u00e4nderungen. Aktionen.\",\"publisher\":{\"@id\":\"https:\/\/www.greenpeace.org\/luxembourg\/fr\/#organization\"},\"potentialAction\":[{\"@type\":\"SearchAction\",\"target\":{\"@type\":\"EntryPoint\",\"urlTemplate\":\"https:\/\/www.greenpeace.org\/luxembourg\/fr\/?s={search_term_string}\"},\"query-input\":{\"@type\":\"PropertyValueSpecification\",\"valueRequired\":true,\"valueName\":\"search_term_string\"}}],\"inLanguage\":\"de-LU\"},{\"@type\":\"Organization\",\"@id\":\"https:\/\/www.greenpeace.org\/luxembourg\/fr\/#organization\",\"name\":\"Greenpeace Luxembourg\",\"url\":\"https:\/\/www.greenpeace.org\/luxembourg\/fr\/\",\"logo\":{\"@type\":\"ImageObject\",\"inLanguage\":\"de-LU\",\"@id\":\"https:\/\/www.greenpeace.org\/luxembourg\/fr\/#\/schema\/logo\/image\/\",\"url\":\"https:\/\/www.greenpeace.org\/static\/planet4-luxembourg-stateless\/2026\/03\/3e367f94-greenpeace_logo_green_rgb.png\",\"contentUrl\":\"https:\/\/www.greenpeace.org\/static\/planet4-luxembourg-stateless\/2026\/03\/3e367f94-greenpeace_logo_green_rgb.png\",\"width\":1080,\"height\":175,\"caption\":\"Greenpeace Luxembourg\"},\"image\":{\"@id\":\"https:\/\/www.greenpeace.org\/luxembourg\/fr\/#\/schema\/logo\/image\/\"},\"sameAs\":[\"https:\/\/www.facebook.com\/greenpeaceluxembourg\",\"https:\/\/www.instagram.com\/greenpeacelux\/\",\"https:\/\/www.linkedin.com\/company\/greenpeace-luxembourg\/\",\"https:\/\/www.threads.com\/@greenpeacelux\",\"https:\/\/bsky.app\/profile\/greenpeacelux.bsky.social\",\"https:\/\/www.youtube.com\/@GreenpeaceLux\",\"https:\/\/www.tiktok.com\/@greenpeace_lux\"]},{\"@type\":\"Person\",\"@id\":\"https:\/\/www.greenpeace.org\/luxembourg\/fr\/#\/schema\/person\/3d0e81a859b59009fec36a8552ef76a7\",\"name\":\"Esther Wildanger\",\"url\":\"https:\/\/www.greenpeace.org\/luxembourg\/de\/author\/ewildang\/\"}]}<\/script>\n<!-- \/ Yoast SEO Premium plugin. -->","yoast_head_json":{"title":"Aufgedeckt: Franz\u00f6sische Atomunternehmen entsorgen radioaktive Abf\u00e4lle in Sibirien - Greenpeace Luxembourg","robots":{"index":"index","follow":"follow","max-snippet":"max-snippet:-1","max-image-preview":"max-image-preview:large","max-video-preview":"max-video-preview:-1"},"canonical":"https:\/\/www.greenpeace.org\/luxembourg\/de\/aktualitaet\/12429\/aufgedeckt-franzosische-atomunternehmen-entsorgen-radioaktive-abfalle-in-sibirien\/","og_locale":"de_DE","og_type":"article","og_title":"Aufgedeckt: Franz\u00f6sische Atomunternehmen entsorgen radioaktive Abf\u00e4lle in Sibirien","og_description":"Aktivist*Innen fordern die EU auf, Atomenergie nicht als nachhaltig zu betrachten&nbsp;&nbsp;","og_url":"https:\/\/www.greenpeace.org\/luxembourg\/de\/aktualitaet\/12429\/aufgedeckt-franzosische-atomunternehmen-entsorgen-radioaktive-abfalle-in-sibirien\/","og_site_name":"Greenpeace Luxembourg","article_publisher":"https:\/\/www.facebook.com\/greenpeaceluxembourg","article_published_time":"2021-10-12T08:34:55+00:00","article_modified_time":"2021-12-01T15:23:10+00:00","og_image":[{"width":1719,"height":1289,"url":"https:\/\/www.greenpeace.org\/static\/planet4-luxembourg-stateless\/2021\/10\/a0e00c93-2021_1012_08480100_cp.jpg","type":"image\/jpeg"}],"author":"Esther Wildanger","twitter_card":"summary_large_image","twitter_misc":{"Written by":"Esther Wildanger","Est. reading time":"3 minutes"},"schema":{"@context":"https:\/\/schema.org","@graph":[{"@type":"Article","@id":"https:\/\/www.greenpeace.org\/luxembourg\/de\/aktualitaet\/12429\/aufgedeckt-franzosische-atomunternehmen-entsorgen-radioaktive-abfalle-in-sibirien\/#article","isPartOf":{"@id":"https:\/\/www.greenpeace.org\/luxembourg\/de\/aktualitaet\/12429\/aufgedeckt-franzosische-atomunternehmen-entsorgen-radioaktive-abfalle-in-sibirien\/"},"author":{"name":"Esther Wildanger","@id":"https:\/\/www.greenpeace.org\/luxembourg\/fr\/#\/schema\/person\/3d0e81a859b59009fec36a8552ef76a7"},"headline":"Aufgedeckt: Franz\u00f6sische Atomunternehmen entsorgen radioaktive Abf\u00e4lle in Sibirien","datePublished":"2021-10-12T08:34:55+00:00","dateModified":"2021-12-01T15:23:10+00:00","mainEntityOfPage":{"@id":"https:\/\/www.greenpeace.org\/luxembourg\/de\/aktualitaet\/12429\/aufgedeckt-franzosische-atomunternehmen-entsorgen-radioaktive-abfalle-in-sibirien\/"},"wordCount":607,"publisher":{"@id":"https:\/\/www.greenpeace.org\/luxembourg\/fr\/#organization"},"image":{"@id":"https:\/\/www.greenpeace.org\/luxembourg\/de\/aktualitaet\/12429\/aufgedeckt-franzosische-atomunternehmen-entsorgen-radioaktive-abfalle-in-sibirien\/#primaryimage"},"thumbnailUrl":"https:\/\/www.greenpeace.org\/static\/planet4-luxembourg-stateless\/2021\/10\/a0e00c93-2021_1012_08480100_cp.jpg","keywords":["Nuklear"],"articleSection":["Energie"],"inLanguage":"de-LU"},{"@type":"WebPage","@id":"https:\/\/www.greenpeace.org\/luxembourg\/de\/aktualitaet\/12429\/aufgedeckt-franzosische-atomunternehmen-entsorgen-radioaktive-abfalle-in-sibirien\/","url":"https:\/\/www.greenpeace.org\/luxembourg\/de\/aktualitaet\/12429\/aufgedeckt-franzosische-atomunternehmen-entsorgen-radioaktive-abfalle-in-sibirien\/","name":"Aufgedeckt: Franz\u00f6sische Atomunternehmen entsorgen radioaktive Abf\u00e4lle in Sibirien - Greenpeace Luxembourg","isPartOf":{"@id":"https:\/\/www.greenpeace.org\/luxembourg\/fr\/#website"},"primaryImageOfPage":{"@id":"https:\/\/www.greenpeace.org\/luxembourg\/de\/aktualitaet\/12429\/aufgedeckt-franzosische-atomunternehmen-entsorgen-radioaktive-abfalle-in-sibirien\/#primaryimage"},"image":{"@id":"https:\/\/www.greenpeace.org\/luxembourg\/de\/aktualitaet\/12429\/aufgedeckt-franzosische-atomunternehmen-entsorgen-radioaktive-abfalle-in-sibirien\/#primaryimage"},"thumbnailUrl":"https:\/\/www.greenpeace.org\/static\/planet4-luxembourg-stateless\/2021\/10\/a0e00c93-2021_1012_08480100_cp.jpg","datePublished":"2021-10-12T08:34:55+00:00","dateModified":"2021-12-01T15:23:10+00:00","breadcrumb":{"@id":"https:\/\/www.greenpeace.org\/luxembourg\/de\/aktualitaet\/12429\/aufgedeckt-franzosische-atomunternehmen-entsorgen-radioaktive-abfalle-in-sibirien\/#breadcrumb"},"inLanguage":"de-LU","potentialAction":[{"@type":"ReadAction","target":["https:\/\/www.greenpeace.org\/luxembourg\/de\/aktualitaet\/12429\/aufgedeckt-franzosische-atomunternehmen-entsorgen-radioaktive-abfalle-in-sibirien\/"]}]},{"@type":"ImageObject","inLanguage":"de-LU","@id":"https:\/\/www.greenpeace.org\/luxembourg\/de\/aktualitaet\/12429\/aufgedeckt-franzosische-atomunternehmen-entsorgen-radioaktive-abfalle-in-sibirien\/#primaryimage","url":"https:\/\/www.greenpeace.org\/static\/planet4-luxembourg-stateless\/2021\/10\/a0e00c93-2021_1012_08480100_cp.jpg","contentUrl":"https:\/\/www.greenpeace.org\/static\/planet4-luxembourg-stateless\/2021\/10\/a0e00c93-2021_1012_08480100_cp.jpg","width":1719,"height":1289},{"@type":"BreadcrumbList","@id":"https:\/\/www.greenpeace.org\/luxembourg\/de\/aktualitaet\/12429\/aufgedeckt-franzosische-atomunternehmen-entsorgen-radioaktive-abfalle-in-sibirien\/#breadcrumb","itemListElement":[{"@type":"ListItem","position":1,"name":"Home","item":"http:\/\/www.greenpeace.org\/luxembourg\/fr\/"},{"@type":"ListItem","position":2,"name":"Aufgedeckt: Franz\u00f6sische Atomunternehmen entsorgen radioaktive Abf\u00e4lle in Sibirien"}]},{"@type":"WebSite","@id":"https:\/\/www.greenpeace.org\/luxembourg\/fr\/#website","url":"https:\/\/www.greenpeace.org\/luxembourg\/fr\/","name":"Greenpeace Luxembourg","description":"Greenpeace existiert, weil unsere Erde eine Stimme braucht. Sie ben\u00f6tigt L\u00f6sungen. Ver\u00e4nderungen. Aktionen.","publisher":{"@id":"https:\/\/www.greenpeace.org\/luxembourg\/fr\/#organization"},"potentialAction":[{"@type":"SearchAction","target":{"@type":"EntryPoint","urlTemplate":"https:\/\/www.greenpeace.org\/luxembourg\/fr\/?s={search_term_string}"},"query-input":{"@type":"PropertyValueSpecification","valueRequired":true,"valueName":"search_term_string"}}],"inLanguage":"de-LU"},{"@type":"Organization","@id":"https:\/\/www.greenpeace.org\/luxembourg\/fr\/#organization","name":"Greenpeace Luxembourg","url":"https:\/\/www.greenpeace.org\/luxembourg\/fr\/","logo":{"@type":"ImageObject","inLanguage":"de-LU","@id":"https:\/\/www.greenpeace.org\/luxembourg\/fr\/#\/schema\/logo\/image\/","url":"https:\/\/www.greenpeace.org\/static\/planet4-luxembourg-stateless\/2026\/03\/3e367f94-greenpeace_logo_green_rgb.png","contentUrl":"https:\/\/www.greenpeace.org\/static\/planet4-luxembourg-stateless\/2026\/03\/3e367f94-greenpeace_logo_green_rgb.png","width":1080,"height":175,"caption":"Greenpeace Luxembourg"},"image":{"@id":"https:\/\/www.greenpeace.org\/luxembourg\/fr\/#\/schema\/logo\/image\/"},"sameAs":["https:\/\/www.facebook.com\/greenpeaceluxembourg","https:\/\/www.instagram.com\/greenpeacelux\/","https:\/\/www.linkedin.com\/company\/greenpeace-luxembourg\/","https:\/\/www.threads.com\/@greenpeacelux","https:\/\/bsky.app\/profile\/greenpeacelux.bsky.social","https:\/\/www.youtube.com\/@GreenpeaceLux","https:\/\/www.tiktok.com\/@greenpeace_lux"]},{"@type":"Person","@id":"https:\/\/www.greenpeace.org\/luxembourg\/fr\/#\/schema\/person\/3d0e81a859b59009fec36a8552ef76a7","name":"Esther Wildanger","url":"https:\/\/www.greenpeace.org\/luxembourg\/de\/author\/ewildang\/"}]}},"_links":{"self":[{"href":"https:\/\/www.greenpeace.org\/luxembourg\/de\/wp-json\/wp\/v2\/posts\/12429","targetHints":{"allow":["GET"]}}],"collection":[{"href":"https:\/\/www.greenpeace.org\/luxembourg\/de\/wp-json\/wp\/v2\/posts"}],"about":[{"href":"https:\/\/www.greenpeace.org\/luxembourg\/de\/wp-json\/wp\/v2\/types\/post"}],"author":[{"embeddable":true,"href":"https:\/\/www.greenpeace.org\/luxembourg\/de\/wp-json\/wp\/v2\/users\/25"}],"replies":[{"embeddable":true,"href":"https:\/\/www.greenpeace.org\/luxembourg\/de\/wp-json\/wp\/v2\/comments?post=12429"}],"version-history":[{"count":5,"href":"https:\/\/www.greenpeace.org\/luxembourg\/de\/wp-json\/wp\/v2\/posts\/12429\/revisions"}],"predecessor-version":[{"id":12791,"href":"https:\/\/www.greenpeace.org\/luxembourg\/de\/wp-json\/wp\/v2\/posts\/12429\/revisions\/12791"}],"wp:featuredmedia":[{"embeddable":true,"href":"https:\/\/www.greenpeace.org\/luxembourg\/de\/wp-json\/wp\/v2\/media\/12436"}],"wp:attachment":[{"href":"https:\/\/www.greenpeace.org\/luxembourg\/de\/wp-json\/wp\/v2\/media?parent=12429"}],"wp:term":[{"taxonomy":"category","embeddable":true,"href":"https:\/\/www.greenpeace.org\/luxembourg\/de\/wp-json\/wp\/v2\/categories?post=12429"},{"taxonomy":"post_tag","embeddable":true,"href":"https:\/\/www.greenpeace.org\/luxembourg\/de\/wp-json\/wp\/v2\/tags?post=12429"},{"taxonomy":"p4-page-type","embeddable":true,"href":"https:\/\/www.greenpeace.org\/luxembourg\/de\/wp-json\/wp\/v2\/p4-page-type?post=12429"}],"curies":[{"name":"wp","href":"https:\/\/api.w.org\/{rel}","templated":true}]}}