{"id":12674,"date":"2021-11-10T15:59:26","date_gmt":"2021-11-10T13:59:26","guid":{"rendered":"https:\/\/www.greenpeace.org\/luxembourg\/?p=12674"},"modified":"2021-12-01T17:22:54","modified_gmt":"2021-12-01T15:22:54","slug":"greenpeace-protest-gegen-greenwashing-bei-total-energies","status":"publish","type":"post","link":"https:\/\/www.greenpeace.org\/luxembourg\/de\/presseerklaerungen\/12674\/greenpeace-protest-gegen-greenwashing-bei-total-energies\/","title":{"rendered":"Greenpeace-Protest gegen Greenwashing bei Total &#8220;Energies&#8221;"},"content":{"rendered":"\n<p><em>Luxemburg, 10. November 2021 <\/em>&#8211; <strong>Heute Mittag demonstrierten Greenpeace-AktivistInnen beim Tochterunternehmen von TotalEnergies in Luxemburg-Stadt, um die Greenwashing-Praktiken des \u00d6lgiganten anzuprangern. Trotz der Umbenennung in &#8220;<em>TotalEnergies<\/em><\/strong><strong>&#8221; und der enormen Investitionen in das Markenimage bleiben \u00d6l und Gas auf Jahrzehnte hinaus das Kerngesch\u00e4ft der Total-Gruppe. Gerade im Kontext des aktuellen COP26-Klimagipfels, von dem Schritte zum allgemeinen Ausstieg aus fossilen Energien gefordert werden, warnen ExpertInnen und NGOs vor Carbon Offsetting und den Marketing-L\u00fcgen der Umweltverschmutzer. Die Europ\u00e4ische B\u00fcrgerinitiative &#8220;www.banfossilfuelads.org&#8221; zielt darauf ab, diese Greenwashing-Praktiken zu verbieten.<\/strong><\/p>\n\n<div class=\"wp-block-image\"><figure class=\"aligncenter size-large is-resized\"><img loading=\"lazy\" decoding=\"async\" src=\"https:\/\/www.greenpeace.org\/static\/planet4-luxembourg-stateless\/2021\/11\/b624255a-greenpeace-20211110-total-ah-03-1024x683.jpg\" alt=\"\" class=\"wp-image-12680\" width=\"768\" height=\"512\" srcset=\"https:\/\/www.greenpeace.org\/static\/planet4-luxembourg-stateless\/2021\/11\/b624255a-greenpeace-20211110-total-ah-03-1024x683.jpg 1024w, https:\/\/www.greenpeace.org\/static\/planet4-luxembourg-stateless\/2021\/11\/b624255a-greenpeace-20211110-total-ah-03-300x200.jpg 300w, https:\/\/www.greenpeace.org\/static\/planet4-luxembourg-stateless\/2021\/11\/b624255a-greenpeace-20211110-total-ah-03-768x512.jpg 768w, https:\/\/www.greenpeace.org\/static\/planet4-luxembourg-stateless\/2021\/11\/b624255a-greenpeace-20211110-total-ah-03-1536x1024.jpg 1536w, https:\/\/www.greenpeace.org\/static\/planet4-luxembourg-stateless\/2021\/11\/b624255a-greenpeace-20211110-total-ah-03-2048x1366.jpg 2048w, https:\/\/www.greenpeace.org\/static\/planet4-luxembourg-stateless\/2021\/11\/b624255a-greenpeace-20211110-total-ah-03-510x340.jpg 510w\" sizes=\"auto, (max-width: 768px) 100vw, 768px\" \/><figcaption>Copyright: Ana\u00efs Hector<\/figcaption><\/figure><\/div>\n\n<p>Die Total-Gruppe ist einer der f\u00fcnf gr\u00f6\u00dften Produzenten fossiler Brennstoffe [1]. Ihre Treibhausgasemissionen belaufen sich auf 488 Millionen Tonnen pro Jahr, was zu einem durchschnittlichen globalen Temperaturanstieg von +4\u00b0 beitr\u00e4gt [2]. Gleichzeitig gibt Total j\u00e4hrlich 52 Millionen Dollar f\u00fcr sein Klima-Image aus, d.h. 29% seines Marketingbudgets (der h\u00f6chste Prozentsatz unter den f\u00fcnf <em>Carbon Majors<\/em>) [3]. Auch auf seiner luxemburgischen Internetseite [4] wirbt TotalEnergies f\u00fcr freiwillige CO<sub>2<\/sub>-Kompensationen und gibt damit vor, die Treibhausgasemissionen, die durch seine Aktivit\u00e4ten verursacht werden, auszugleichen. Die meisten Produkte, die das Unternehmen verkauft, k\u00f6nnten jedoch durch wahrhaft klimaschonende erneuerbare Energien ersetzt werden, f\u00fcr die die Technologien bereits existieren. <\/p>\n\n<p>Nach Ansicht von KlimawissenschaftlerInnen braucht die Welt sowohl eine sofortige, drastische und konsequente Reduzierung der Emissionen als auch die F\u00f6rderung nat\u00fcrlicher Kohlenstoffsenken, um die Klimaziele zu erreichen. &#8220;<em>Ausgleichsmechanismen wie das von TotalEnergies unterst\u00fctzte<\/em> Redd+-<em>Programm erlauben es, die Umwelt weiter zu verschmutzen und die Kommerzialisierung der Natur zu f\u00f6rdern<\/em>&#8220;, sagt Frank Thinnes, Klima- und Energiekampaigner bei Greenpeace Luxemburg. &#8220;<em>Dieses Modell hat bereits zu Landraub, der Zerst\u00f6rung der biologischen Vielfalt und zu Menschenrechtsverletzungen gef\u00fchrt<\/em>.\u201d <\/p>\n\n<p>Auf globaler Ebene hat sich die Total-Gruppe das Ziel gesetzt, bis zum Jahr 2050 klimaneutral zu werden, was die Emissionen ihrer direkten T\u00e4tigkeiten, sowie die aus der Verwendung ihrer Produkte entstehenden Emissionen angeht [5]. Im M\u00e4rz 2021 kam die Investorenkoalition Climate Action 100+ jedoch zu dem Schluss, dass TotalEnergies seine eigenen Klimakriterien nur bedingt einh\u00e4lt &#8211; und dass die Klimapolitik des Unternehmens in jedem Fall nicht mit dem Ziel der Begrenzung der Erderw\u00e4rmung auf 1,5\u00b0C vereinbar ist [6].<\/p>\n\n<p>Greenpeace fordert, dass die an der COP26 teilnehmenden Staaten die Pl\u00e4ne der Industrie, einen globalen Markt f\u00fcr den Ausgleich von Kohlenstoffemissionen zu schaffen, zur\u00fcckweisen, denn Kompensationsmechanismen werden echte Klimaschutzma\u00dfnahmen nur verz\u00f6gern. \u00d6lkonzerne wie TotalEnergies versuchen jedoch mit allen Mitteln, ihre klimasch\u00e4dlichen Produkte auch weiterhin vermarkten zu k\u00f6nnen. Aus diesem Grund sind ihre Lobbyisten bei den Verhandlungen in Glasgow anwesend: die Schaffung von CO<sub>2<\/sub>-Kompensationsm\u00e4rkten w\u00fcrde ihnen ein neues Schlupfloch bieten, um der \u00d6ffentlichkeit vorzut\u00e4uschen, dass ein Business-as-usual akzeptabel sei. Gleichzeitig bessern sie ihr Image auf, indem sie beispielsweise B\u00e4ume pflanzen.<\/p>\n\n<p>Es ist an der Zeit, die L\u00fcgen der \u00d6lkonzerne zu verbieten: &#8220;<em>Erinnern Sie sich an die coolen Cowboys in der Marlboro-Werbung, wie Wayne McLaren oder David McLean? Diese Herren starben an den Folgen des Zigarettenrauchens. Damals war die Werbung der Zigarettenindustrie irref\u00fchrend. Heute sind es die L\u00fcgen und das Greenwashing von fossilen Brennstoff-Unternehmen wie TotalEnergies, die die Verbraucher irref\u00fchren und damit unser Klima und unsere Zukunft zerst\u00f6ren<\/em>&#8220;, so Frank Thinnes abschlie\u00dfend. <\/p>\n\n<p>\u00c4hnlich dem Verbot der Tabakwerbung fordern Greenpeace und 20 weitere internationale Organisationen ein Werbeverbot f\u00fcr umweltverschmutzende Unternehmen, die im Widerspruch zum Pariser Abkommen handeln, da sie fossile Brennstoffe f\u00f6rdern, die Millionen von Menschen schaden und gef\u00e4hrden. Mit der Europ\u00e4ischen B\u00fcrgerinitiative <a href=\"http:\/\/www.banfossilfuelads.org\" target=\"_blank\" rel=\"noreferrer noopener\">www.banfossilfuelads.org<\/a> kann jede(r) diese Forderung unterst\u00fctzen. Wenn die Petition in Europa eine Million Unterschriften erreicht, ist die Europ\u00e4ische Kommission verpflichtet, die Forderungen der B\u00fcrgerinitiative zu pr\u00fcfen: dies k\u00f6nnte zu einem europ\u00e4ischen Gesetz f\u00fchren. <\/p>\n\n<hr class=\"wp-block-separator\"\/>\n\n<p><strong>Anmerkungen an die Redaktion: <\/strong><\/p>\n\n<p>[1] Exxon, Chevron, Shell, Total und BP. <\/p>\n\n<p>[2] Oxfam France (2021) Climat: <a href=\"https:\/\/www.oxfamfrance.org\/wp-content\/uploads\/2021\/03\/rapportOXFAM_CACdegresdetrop_VFF.pdf\" target=\"_blank\" rel=\"noreferrer noopener\">CAC degr\u00e9s de trop \u2013 le mod\u00e8le insoutenable des grandes entreprises fran\u00e7aises<\/a><\/p>\n\n<p>[3] Influence Map,<a href=\"https:\/\/influencemap.org\/report\/How-Big-Oil-Continues-to-Oppose-the-Paris-Agreement-38212275958aa21196dae3b76220bddc\" target=\"_blank\" rel=\"noreferrer noopener\"> \u201cBig Oil\u2019s Real Agenda on Climate Change\u201d<\/a>, 2019, p. 12<\/p>\n\n<p>[4] <a rel=\"noreferrer noopener\" href=\"https:\/\/services.totalenergies.lu\/\" target=\"_blank\">https:\/\/services.totalenergies.lu\/<\/a> <\/p>\n\n<p>[5] <a href=\"https:\/\/www.climateaction100.org\/company\/Total\/\" target=\"_blank\" rel=\"noreferrer noopener\">https:\/\/www.climateaction100.org\/company\/Total\/<\/a> <\/p>\n\n<p>[6] <a href=\"https:\/\/www.globalwitness.org\/en\/press-releases\/hundreds-fossil-fuel-lobbyists-flooding-cop26-climate-talks\/\" target=\"_blank\" rel=\"noreferrer noopener\">https:\/\/www.globalwitness.org\/en\/press-releases\/hundreds-fossil-fuel-lobbyists-flooding-cop26-climate-talks\/<\/a><\/p>\n\n<p>Video: <a href=\"https:\/\/www.youtube.com\/watch?v=eYScY6QQBSM\" target=\"_blank\" rel=\"noreferrer noopener\">Uncover the greenwash scams of the global oil industry<\/a><\/p>\n\t\t\t<section\n\t\t\tclass=\"boxout post-844 \"\n\t\t\t\n\t\t>\n\t\t\t<a\n\t\t\t\tdata-ga-category=\"Take Action Boxout\"\n\t\t\t\tdata-ga-action=\"Image\"\n\t\t\t\tdata-ga-label=\"n\/a\"\n\t\t\t\tclass=\"cover-card-overlay\"\n\t\t\t\thref=\"https:\/\/www.greenpeace.org\/luxembourg\/de\/handeln\/divestment-aus-fossilen-energien\/\" \n\t\t\t><\/a>\n\t\t\t\t\t\t\t<img\n\t\t\t\t\t\tsrc=\"https:\/\/www.greenpeace.org\/static\/planet4-luxembourg-stateless\/0c8f6b41-gp026gz_pressmedia-1024x683.jpg\"\n\t\t\t\t\t\tsrcset=\"\"\n\t\t\t\t\t\tsizes=\"(min-width: 1000px) 358px, (min-width: 780px) 313px, 88px\"\n\t\t\t\t\t\talt=\"\" title=\"\"\n\t\t\t\t\/>\n            \t\t\t<div class=\"boxout-content\">\n\t\t\t\t\t\t\t\t\t<a\n\t\t\t\t\t\tclass=\"boxout-heading medium\"\n\t\t\t\t\t\tdata-ga-category=\"Take Action Boxout\"\n\t\t\t\t\t\tdata-ga-action=\"Title\"\n\t\t\t\t\t\tdata-ga-label=\"n\/a\"\n\t\t\t\t\t\thref=\"https:\/\/www.greenpeace.org\/luxembourg\/de\/handeln\/divestment-aus-fossilen-energien\/\"\n\t\t\t\t\t\t\n\t\t\t\t\t>\n\t\t\t\t\t\tZeit aufzuh\u00f6ren, in fossile Brennstoffe zu investieren\n\t\t\t\t\t<\/a>\n\t\t\t\t\t\t\t\t                                    <a\n                        class=\"btn btn-primary\"\n                        data-ga-category=\"Take Action Boxout\"\n                        data-ga-action=\"Call to Action\"\n                        data-ga-label=\"n\/a\"\n                        href=\"https:\/\/www.greenpeace.org\/luxembourg\/de\/handeln\/divestment-aus-fossilen-energien\/\"\n                        \n                    >\n                        Machen Sie mit!\n                    <\/a>\n                \t\t\t<\/div>\n\t\t\t\t\t<\/section>\n\t","protected":false},"excerpt":{"rendered":"<p>Greenpeace-AktivistInnen demonstrieren bei TotalEnergies, um die Greenwashing-Praktiken des \u00d6lgiganten anzuprangern.<\/p>\n","protected":false},"author":31,"featured_media":12682,"comment_status":"closed","ping_status":"closed","sticky":false,"template":"","format":"standard","meta":{"ep_exclude_from_search":false,"p4_og_title":"","p4_og_description":"","p4_og_image":"","p4_og_image_id":"","p4_seo_canonical_url":"","p4_campaign_name":"not set","p4_local_project":"not set","p4_basket_name":"not set","p4_department":"","footnotes":""},"categories":[49,48,46],"tags":[60,63],"p4-page-type":[69],"class_list":["post-12674","post","type-post","status-publish","format-standard","has-post-thumbnail","hentry","category-energie","category-klima","category-problem","tag-luxemburg","tag-fossileenergien","p4-page-type-presseerklaerungen"],"yoast_head":"<!-- This site is optimized with the Yoast SEO Premium plugin v23.9 (Yoast SEO v23.9) - https:\/\/yoast.com\/wordpress\/plugins\/seo\/ -->\n<title>Greenpeace-Protest gegen Greenwashing bei Total &quot;Energies&quot; - Greenpeace Luxembourg<\/title>\n<meta name=\"robots\" content=\"index, follow, max-snippet:-1, max-image-preview:large, max-video-preview:-1\" \/>\n<link rel=\"canonical\" href=\"https:\/\/www.greenpeace.org\/luxembourg\/de\/presseerklaerungen\/12674\/greenpeace-protest-gegen-greenwashing-bei-total-energies\/\" \/>\n<meta property=\"og:locale\" content=\"de_DE\" \/>\n<meta property=\"og:type\" content=\"article\" \/>\n<meta property=\"og:title\" content=\"Greenpeace-Protest gegen Greenwashing bei Total &quot;Energies&quot;\" \/>\n<meta property=\"og:description\" content=\"Greenpeace-AktivistInnen demonstrieren bei TotalEnergies, um die Greenwashing-Praktiken des \u00d6lgiganten anzuprangern.\" \/>\n<meta property=\"og:url\" content=\"https:\/\/www.greenpeace.org\/luxembourg\/de\/presseerklaerungen\/12674\/greenpeace-protest-gegen-greenwashing-bei-total-energies\/\" \/>\n<meta property=\"og:site_name\" content=\"Greenpeace Luxembourg\" \/>\n<meta property=\"article:publisher\" content=\"https:\/\/www.facebook.com\/greenpeaceluxembourg\" \/>\n<meta property=\"article:published_time\" content=\"2021-11-10T13:59:26+00:00\" \/>\n<meta property=\"article:modified_time\" content=\"2021-12-01T15:22:54+00:00\" \/>\n<meta property=\"og:image\" content=\"https:\/\/www.greenpeace.org\/static\/planet4-luxembourg-stateless\/2021\/11\/398a3d62-greenpeace-20211110-total-ah-02-scaled.jpg\" \/>\n\t<meta property=\"og:image:width\" content=\"2560\" \/>\n\t<meta property=\"og:image:height\" content=\"1707\" \/>\n\t<meta property=\"og:image:type\" content=\"image\/jpeg\" \/>\n<meta name=\"author\" content=\"Myriam Wecker\" \/>\n<meta name=\"twitter:card\" content=\"summary_large_image\" \/>\n<meta name=\"twitter:label1\" content=\"Written by\" \/>\n\t<meta name=\"twitter:data1\" content=\"Myriam Wecker\" \/>\n\t<meta name=\"twitter:label2\" content=\"Est. reading time\" \/>\n\t<meta name=\"twitter:data2\" content=\"3 minutes\" \/>\n<script type=\"application\/ld+json\" class=\"yoast-schema-graph\">{\"@context\":\"https:\/\/schema.org\",\"@graph\":[{\"@type\":\"Article\",\"@id\":\"https:\/\/www.greenpeace.org\/luxembourg\/de\/presseerklaerungen\/12674\/greenpeace-protest-gegen-greenwashing-bei-total-energies\/#article\",\"isPartOf\":{\"@id\":\"https:\/\/www.greenpeace.org\/luxembourg\/de\/presseerklaerungen\/12674\/greenpeace-protest-gegen-greenwashing-bei-total-energies\/\"},\"author\":{\"name\":\"Myriam Wecker\",\"@id\":\"https:\/\/www.greenpeace.org\/luxembourg\/fr\/#\/schema\/person\/c2ae6002b8ed18c00be0c6b320eea776\"},\"headline\":\"Greenpeace-Protest gegen Greenwashing bei Total &#8220;Energies&#8221;\",\"datePublished\":\"2021-11-10T13:59:26+00:00\",\"dateModified\":\"2021-12-01T15:22:54+00:00\",\"mainEntityOfPage\":{\"@id\":\"https:\/\/www.greenpeace.org\/luxembourg\/de\/presseerklaerungen\/12674\/greenpeace-protest-gegen-greenwashing-bei-total-energies\/\"},\"wordCount\":692,\"publisher\":{\"@id\":\"https:\/\/www.greenpeace.org\/luxembourg\/fr\/#organization\"},\"image\":{\"@id\":\"https:\/\/www.greenpeace.org\/luxembourg\/de\/presseerklaerungen\/12674\/greenpeace-protest-gegen-greenwashing-bei-total-energies\/#primaryimage\"},\"thumbnailUrl\":\"https:\/\/www.greenpeace.org\/static\/planet4-luxembourg-stateless\/2021\/11\/398a3d62-greenpeace-20211110-total-ah-02-scaled.jpg\",\"keywords\":[\"Luxemburg\",\"FossileEnergien\"],\"articleSection\":[\"Energie\",\"Klima\",\"Problem\"],\"inLanguage\":\"de-LU\"},{\"@type\":\"WebPage\",\"@id\":\"https:\/\/www.greenpeace.org\/luxembourg\/de\/presseerklaerungen\/12674\/greenpeace-protest-gegen-greenwashing-bei-total-energies\/\",\"url\":\"https:\/\/www.greenpeace.org\/luxembourg\/de\/presseerklaerungen\/12674\/greenpeace-protest-gegen-greenwashing-bei-total-energies\/\",\"name\":\"Greenpeace-Protest gegen Greenwashing bei Total \\\"Energies\\\" - Greenpeace Luxembourg\",\"isPartOf\":{\"@id\":\"https:\/\/www.greenpeace.org\/luxembourg\/fr\/#website\"},\"primaryImageOfPage\":{\"@id\":\"https:\/\/www.greenpeace.org\/luxembourg\/de\/presseerklaerungen\/12674\/greenpeace-protest-gegen-greenwashing-bei-total-energies\/#primaryimage\"},\"image\":{\"@id\":\"https:\/\/www.greenpeace.org\/luxembourg\/de\/presseerklaerungen\/12674\/greenpeace-protest-gegen-greenwashing-bei-total-energies\/#primaryimage\"},\"thumbnailUrl\":\"https:\/\/www.greenpeace.org\/static\/planet4-luxembourg-stateless\/2021\/11\/398a3d62-greenpeace-20211110-total-ah-02-scaled.jpg\",\"datePublished\":\"2021-11-10T13:59:26+00:00\",\"dateModified\":\"2021-12-01T15:22:54+00:00\",\"breadcrumb\":{\"@id\":\"https:\/\/www.greenpeace.org\/luxembourg\/de\/presseerklaerungen\/12674\/greenpeace-protest-gegen-greenwashing-bei-total-energies\/#breadcrumb\"},\"inLanguage\":\"de-LU\",\"potentialAction\":[{\"@type\":\"ReadAction\",\"target\":[\"https:\/\/www.greenpeace.org\/luxembourg\/de\/presseerklaerungen\/12674\/greenpeace-protest-gegen-greenwashing-bei-total-energies\/\"]}]},{\"@type\":\"ImageObject\",\"inLanguage\":\"de-LU\",\"@id\":\"https:\/\/www.greenpeace.org\/luxembourg\/de\/presseerklaerungen\/12674\/greenpeace-protest-gegen-greenwashing-bei-total-energies\/#primaryimage\",\"url\":\"https:\/\/www.greenpeace.org\/static\/planet4-luxembourg-stateless\/2021\/11\/398a3d62-greenpeace-20211110-total-ah-02-scaled.jpg\",\"contentUrl\":\"https:\/\/www.greenpeace.org\/static\/planet4-luxembourg-stateless\/2021\/11\/398a3d62-greenpeace-20211110-total-ah-02-scaled.jpg\",\"width\":2560,\"height\":1707},{\"@type\":\"BreadcrumbList\",\"@id\":\"https:\/\/www.greenpeace.org\/luxembourg\/de\/presseerklaerungen\/12674\/greenpeace-protest-gegen-greenwashing-bei-total-energies\/#breadcrumb\",\"itemListElement\":[{\"@type\":\"ListItem\",\"position\":1,\"name\":\"Home\",\"item\":\"http:\/\/www.greenpeace.org\/luxembourg\/fr\/\"},{\"@type\":\"ListItem\",\"position\":2,\"name\":\"Greenpeace-Protest gegen Greenwashing bei Total &#8220;Energies&#8221;\"}]},{\"@type\":\"WebSite\",\"@id\":\"https:\/\/www.greenpeace.org\/luxembourg\/fr\/#website\",\"url\":\"https:\/\/www.greenpeace.org\/luxembourg\/fr\/\",\"name\":\"Greenpeace Luxembourg\",\"description\":\"Greenpeace existiert, weil unsere Erde eine Stimme braucht. Sie ben\u00f6tigt L\u00f6sungen. Ver\u00e4nderungen. Aktionen.\",\"publisher\":{\"@id\":\"https:\/\/www.greenpeace.org\/luxembourg\/fr\/#organization\"},\"potentialAction\":[{\"@type\":\"SearchAction\",\"target\":{\"@type\":\"EntryPoint\",\"urlTemplate\":\"https:\/\/www.greenpeace.org\/luxembourg\/fr\/?s={search_term_string}\"},\"query-input\":{\"@type\":\"PropertyValueSpecification\",\"valueRequired\":true,\"valueName\":\"search_term_string\"}}],\"inLanguage\":\"de-LU\"},{\"@type\":\"Organization\",\"@id\":\"https:\/\/www.greenpeace.org\/luxembourg\/fr\/#organization\",\"name\":\"Greenpeace Luxembourg\",\"url\":\"https:\/\/www.greenpeace.org\/luxembourg\/fr\/\",\"logo\":{\"@type\":\"ImageObject\",\"inLanguage\":\"de-LU\",\"@id\":\"https:\/\/www.greenpeace.org\/luxembourg\/fr\/#\/schema\/logo\/image\/\",\"url\":\"https:\/\/www.greenpeace.org\/static\/planet4-luxembourg-stateless\/2026\/03\/3e367f94-greenpeace_logo_green_rgb.png\",\"contentUrl\":\"https:\/\/www.greenpeace.org\/static\/planet4-luxembourg-stateless\/2026\/03\/3e367f94-greenpeace_logo_green_rgb.png\",\"width\":1080,\"height\":175,\"caption\":\"Greenpeace Luxembourg\"},\"image\":{\"@id\":\"https:\/\/www.greenpeace.org\/luxembourg\/fr\/#\/schema\/logo\/image\/\"},\"sameAs\":[\"https:\/\/www.facebook.com\/greenpeaceluxembourg\",\"https:\/\/www.instagram.com\/greenpeacelux\/\",\"https:\/\/www.linkedin.com\/company\/greenpeace-luxembourg\/\",\"https:\/\/www.threads.com\/@greenpeacelux\",\"https:\/\/bsky.app\/profile\/greenpeacelux.bsky.social\",\"https:\/\/www.youtube.com\/@GreenpeaceLux\",\"https:\/\/www.tiktok.com\/@greenpeace_lux\"]},{\"@type\":\"Person\",\"@id\":\"https:\/\/www.greenpeace.org\/luxembourg\/fr\/#\/schema\/person\/c2ae6002b8ed18c00be0c6b320eea776\",\"name\":\"Myriam Wecker\",\"url\":\"https:\/\/www.greenpeace.org\/luxembourg\/de\/author\/mwecker\/\"}]}<\/script>\n<!-- \/ Yoast SEO Premium plugin. -->","yoast_head_json":{"title":"Greenpeace-Protest gegen Greenwashing bei Total \"Energies\" - Greenpeace Luxembourg","robots":{"index":"index","follow":"follow","max-snippet":"max-snippet:-1","max-image-preview":"max-image-preview:large","max-video-preview":"max-video-preview:-1"},"canonical":"https:\/\/www.greenpeace.org\/luxembourg\/de\/presseerklaerungen\/12674\/greenpeace-protest-gegen-greenwashing-bei-total-energies\/","og_locale":"de_DE","og_type":"article","og_title":"Greenpeace-Protest gegen Greenwashing bei Total \"Energies\"","og_description":"Greenpeace-AktivistInnen demonstrieren bei TotalEnergies, um die Greenwashing-Praktiken des \u00d6lgiganten anzuprangern.","og_url":"https:\/\/www.greenpeace.org\/luxembourg\/de\/presseerklaerungen\/12674\/greenpeace-protest-gegen-greenwashing-bei-total-energies\/","og_site_name":"Greenpeace Luxembourg","article_publisher":"https:\/\/www.facebook.com\/greenpeaceluxembourg","article_published_time":"2021-11-10T13:59:26+00:00","article_modified_time":"2021-12-01T15:22:54+00:00","og_image":[{"width":2560,"height":1707,"url":"https:\/\/www.greenpeace.org\/static\/planet4-luxembourg-stateless\/2021\/11\/398a3d62-greenpeace-20211110-total-ah-02-scaled.jpg","type":"image\/jpeg"}],"author":"Myriam Wecker","twitter_card":"summary_large_image","twitter_misc":{"Written by":"Myriam Wecker","Est. reading time":"3 minutes"},"schema":{"@context":"https:\/\/schema.org","@graph":[{"@type":"Article","@id":"https:\/\/www.greenpeace.org\/luxembourg\/de\/presseerklaerungen\/12674\/greenpeace-protest-gegen-greenwashing-bei-total-energies\/#article","isPartOf":{"@id":"https:\/\/www.greenpeace.org\/luxembourg\/de\/presseerklaerungen\/12674\/greenpeace-protest-gegen-greenwashing-bei-total-energies\/"},"author":{"name":"Myriam Wecker","@id":"https:\/\/www.greenpeace.org\/luxembourg\/fr\/#\/schema\/person\/c2ae6002b8ed18c00be0c6b320eea776"},"headline":"Greenpeace-Protest gegen Greenwashing bei Total &#8220;Energies&#8221;","datePublished":"2021-11-10T13:59:26+00:00","dateModified":"2021-12-01T15:22:54+00:00","mainEntityOfPage":{"@id":"https:\/\/www.greenpeace.org\/luxembourg\/de\/presseerklaerungen\/12674\/greenpeace-protest-gegen-greenwashing-bei-total-energies\/"},"wordCount":692,"publisher":{"@id":"https:\/\/www.greenpeace.org\/luxembourg\/fr\/#organization"},"image":{"@id":"https:\/\/www.greenpeace.org\/luxembourg\/de\/presseerklaerungen\/12674\/greenpeace-protest-gegen-greenwashing-bei-total-energies\/#primaryimage"},"thumbnailUrl":"https:\/\/www.greenpeace.org\/static\/planet4-luxembourg-stateless\/2021\/11\/398a3d62-greenpeace-20211110-total-ah-02-scaled.jpg","keywords":["Luxemburg","FossileEnergien"],"articleSection":["Energie","Klima","Problem"],"inLanguage":"de-LU"},{"@type":"WebPage","@id":"https:\/\/www.greenpeace.org\/luxembourg\/de\/presseerklaerungen\/12674\/greenpeace-protest-gegen-greenwashing-bei-total-energies\/","url":"https:\/\/www.greenpeace.org\/luxembourg\/de\/presseerklaerungen\/12674\/greenpeace-protest-gegen-greenwashing-bei-total-energies\/","name":"Greenpeace-Protest gegen Greenwashing bei Total \"Energies\" - Greenpeace Luxembourg","isPartOf":{"@id":"https:\/\/www.greenpeace.org\/luxembourg\/fr\/#website"},"primaryImageOfPage":{"@id":"https:\/\/www.greenpeace.org\/luxembourg\/de\/presseerklaerungen\/12674\/greenpeace-protest-gegen-greenwashing-bei-total-energies\/#primaryimage"},"image":{"@id":"https:\/\/www.greenpeace.org\/luxembourg\/de\/presseerklaerungen\/12674\/greenpeace-protest-gegen-greenwashing-bei-total-energies\/#primaryimage"},"thumbnailUrl":"https:\/\/www.greenpeace.org\/static\/planet4-luxembourg-stateless\/2021\/11\/398a3d62-greenpeace-20211110-total-ah-02-scaled.jpg","datePublished":"2021-11-10T13:59:26+00:00","dateModified":"2021-12-01T15:22:54+00:00","breadcrumb":{"@id":"https:\/\/www.greenpeace.org\/luxembourg\/de\/presseerklaerungen\/12674\/greenpeace-protest-gegen-greenwashing-bei-total-energies\/#breadcrumb"},"inLanguage":"de-LU","potentialAction":[{"@type":"ReadAction","target":["https:\/\/www.greenpeace.org\/luxembourg\/de\/presseerklaerungen\/12674\/greenpeace-protest-gegen-greenwashing-bei-total-energies\/"]}]},{"@type":"ImageObject","inLanguage":"de-LU","@id":"https:\/\/www.greenpeace.org\/luxembourg\/de\/presseerklaerungen\/12674\/greenpeace-protest-gegen-greenwashing-bei-total-energies\/#primaryimage","url":"https:\/\/www.greenpeace.org\/static\/planet4-luxembourg-stateless\/2021\/11\/398a3d62-greenpeace-20211110-total-ah-02-scaled.jpg","contentUrl":"https:\/\/www.greenpeace.org\/static\/planet4-luxembourg-stateless\/2021\/11\/398a3d62-greenpeace-20211110-total-ah-02-scaled.jpg","width":2560,"height":1707},{"@type":"BreadcrumbList","@id":"https:\/\/www.greenpeace.org\/luxembourg\/de\/presseerklaerungen\/12674\/greenpeace-protest-gegen-greenwashing-bei-total-energies\/#breadcrumb","itemListElement":[{"@type":"ListItem","position":1,"name":"Home","item":"http:\/\/www.greenpeace.org\/luxembourg\/fr\/"},{"@type":"ListItem","position":2,"name":"Greenpeace-Protest gegen Greenwashing bei Total &#8220;Energies&#8221;"}]},{"@type":"WebSite","@id":"https:\/\/www.greenpeace.org\/luxembourg\/fr\/#website","url":"https:\/\/www.greenpeace.org\/luxembourg\/fr\/","name":"Greenpeace Luxembourg","description":"Greenpeace existiert, weil unsere Erde eine Stimme braucht. Sie ben\u00f6tigt L\u00f6sungen. Ver\u00e4nderungen. Aktionen.","publisher":{"@id":"https:\/\/www.greenpeace.org\/luxembourg\/fr\/#organization"},"potentialAction":[{"@type":"SearchAction","target":{"@type":"EntryPoint","urlTemplate":"https:\/\/www.greenpeace.org\/luxembourg\/fr\/?s={search_term_string}"},"query-input":{"@type":"PropertyValueSpecification","valueRequired":true,"valueName":"search_term_string"}}],"inLanguage":"de-LU"},{"@type":"Organization","@id":"https:\/\/www.greenpeace.org\/luxembourg\/fr\/#organization","name":"Greenpeace Luxembourg","url":"https:\/\/www.greenpeace.org\/luxembourg\/fr\/","logo":{"@type":"ImageObject","inLanguage":"de-LU","@id":"https:\/\/www.greenpeace.org\/luxembourg\/fr\/#\/schema\/logo\/image\/","url":"https:\/\/www.greenpeace.org\/static\/planet4-luxembourg-stateless\/2026\/03\/3e367f94-greenpeace_logo_green_rgb.png","contentUrl":"https:\/\/www.greenpeace.org\/static\/planet4-luxembourg-stateless\/2026\/03\/3e367f94-greenpeace_logo_green_rgb.png","width":1080,"height":175,"caption":"Greenpeace Luxembourg"},"image":{"@id":"https:\/\/www.greenpeace.org\/luxembourg\/fr\/#\/schema\/logo\/image\/"},"sameAs":["https:\/\/www.facebook.com\/greenpeaceluxembourg","https:\/\/www.instagram.com\/greenpeacelux\/","https:\/\/www.linkedin.com\/company\/greenpeace-luxembourg\/","https:\/\/www.threads.com\/@greenpeacelux","https:\/\/bsky.app\/profile\/greenpeacelux.bsky.social","https:\/\/www.youtube.com\/@GreenpeaceLux","https:\/\/www.tiktok.com\/@greenpeace_lux"]},{"@type":"Person","@id":"https:\/\/www.greenpeace.org\/luxembourg\/fr\/#\/schema\/person\/c2ae6002b8ed18c00be0c6b320eea776","name":"Myriam Wecker","url":"https:\/\/www.greenpeace.org\/luxembourg\/de\/author\/mwecker\/"}]}},"_links":{"self":[{"href":"https:\/\/www.greenpeace.org\/luxembourg\/de\/wp-json\/wp\/v2\/posts\/12674","targetHints":{"allow":["GET"]}}],"collection":[{"href":"https:\/\/www.greenpeace.org\/luxembourg\/de\/wp-json\/wp\/v2\/posts"}],"about":[{"href":"https:\/\/www.greenpeace.org\/luxembourg\/de\/wp-json\/wp\/v2\/types\/post"}],"author":[{"embeddable":true,"href":"https:\/\/www.greenpeace.org\/luxembourg\/de\/wp-json\/wp\/v2\/users\/31"}],"replies":[{"embeddable":true,"href":"https:\/\/www.greenpeace.org\/luxembourg\/de\/wp-json\/wp\/v2\/comments?post=12674"}],"version-history":[{"count":4,"href":"https:\/\/www.greenpeace.org\/luxembourg\/de\/wp-json\/wp\/v2\/posts\/12674\/revisions"}],"predecessor-version":[{"id":12781,"href":"https:\/\/www.greenpeace.org\/luxembourg\/de\/wp-json\/wp\/v2\/posts\/12674\/revisions\/12781"}],"wp:featuredmedia":[{"embeddable":true,"href":"https:\/\/www.greenpeace.org\/luxembourg\/de\/wp-json\/wp\/v2\/media\/12682"}],"wp:attachment":[{"href":"https:\/\/www.greenpeace.org\/luxembourg\/de\/wp-json\/wp\/v2\/media?parent=12674"}],"wp:term":[{"taxonomy":"category","embeddable":true,"href":"https:\/\/www.greenpeace.org\/luxembourg\/de\/wp-json\/wp\/v2\/categories?post=12674"},{"taxonomy":"post_tag","embeddable":true,"href":"https:\/\/www.greenpeace.org\/luxembourg\/de\/wp-json\/wp\/v2\/tags?post=12674"},{"taxonomy":"p4-page-type","embeddable":true,"href":"https:\/\/www.greenpeace.org\/luxembourg\/de\/wp-json\/wp\/v2\/p4-page-type?post=12674"}],"curies":[{"name":"wp","href":"https:\/\/api.w.org\/{rel}","templated":true}]}}