{"id":13291,"date":"2021-12-13T09:43:12","date_gmt":"2021-12-13T07:43:12","guid":{"rendered":"https:\/\/www.greenpeace.org\/luxembourg\/?p=13291"},"modified":"2021-12-13T10:00:30","modified_gmt":"2021-12-13T08:00:30","slug":"eine-neuorientierung-der-luxemburger-landwirtschaftspolitik-ist-unumganglich","status":"publish","type":"post","link":"https:\/\/www.greenpeace.org\/luxembourg\/de\/communiques-de-presse\/13291\/eine-neuorientierung-der-luxemburger-landwirtschaftspolitik-ist-unumganglich\/","title":{"rendered":"Eine Neuorientierung der Luxemburger Landwirtschaftspolitik ist unumg\u00e4nglich:"},"content":{"rendered":"\n<h2 class=\"wp-block-heading\"><strong>\u00d6ffentliche Gelder im Sinne einer zukunftsf\u00e4higen&nbsp; Landwirtschaft, der Biodiversit\u00e4t und dem Klimaschutz&nbsp; sowie dem Gemeinwohl investieren<\/strong><\/h2>\n\n<h3 class=\"wp-block-heading\"><strong>Gemeinsamer Einspruch und Aktion von Greenpeace, Mouvement Ecolgoqique sowie natur&amp;\u00ebmwelt im Rahmen des Strategieplanes f\u00fcr die Luxemburger Landwirtschaft (Plan strat\u00e9gique national pour la mise en oeuvre de la Politique Agricole Commune \u2013 PSN\u00a0 2023-2027)<\/strong><\/h3>\n\n<figure class=\"wp-block-image size-full\"><img loading=\"lazy\" decoding=\"async\" width=\"700\" height=\"361\" src=\"https:\/\/www.greenpeace.org\/static\/planet4-luxembourg-stateless\/2021\/12\/2d6bad96-meng_landwirtschaft_annonce.jpeg\" alt=\"\" class=\"wp-image-13310\" srcset=\"https:\/\/www.greenpeace.org\/static\/planet4-luxembourg-stateless\/2021\/12\/2d6bad96-meng_landwirtschaft_annonce.jpeg 700w, https:\/\/www.greenpeace.org\/static\/planet4-luxembourg-stateless\/2021\/12\/2d6bad96-meng_landwirtschaft_annonce-300x155.jpeg 300w, https:\/\/www.greenpeace.org\/static\/planet4-luxembourg-stateless\/2021\/12\/2d6bad96-meng_landwirtschaft_annonce-510x263.jpeg 510w\" sizes=\"auto, (max-width: 700px) 100vw, 700px\" \/><\/figure>\n\n<p>Luxemburg, am 1. Dezember 2021 &#8211; Am heutigen Mittwoch l\u00e4uft die \u00f6ffentliche Prozedur aus, im Rahmen derer der Entwurf der&nbsp; Luxemburger Strategie f\u00fcr die zuk\u00fcnftige Landwirtschaftspolitik zur Diskussion gestellt wird.&nbsp;&nbsp;<\/p>\n\n<p>Dabei hatte der \u201enormale B\u00fcrger\u201c eigentlich keine Chance, sich wirklich am Prozess zu beteiligen: Das Landwirtschaftsministerium hat es in den vergangenen Monaten vers\u00e4umt die Probleme,&nbsp; Herausforderungen und Chancen der Landwirtschaftspolitik fachlich korrekt f\u00fcr die breite&nbsp; \u00d6ffentlichkeit darzulegen. Den B\u00fcrger*innen wurde zugemutet innerhalb von 6 Wochen \u00fcber 400&nbsp; Seiten mit sehr komplexem Inhalt zu analysieren und hierzu gute Vorschl\u00e4ge zu machen.&nbsp;<\/p>\n\n<p>Interessierte Akteure, u.a. Natur- und Umweltschutz- oder Verbraucherorganisationen, wurden im&nbsp; \u00dcbrigen nicht konstruktiv und partizipativ im Vorfeld in den Reformprozess mit eingebunden.&nbsp; Angesichts der Dramatik der Situation haben sich die unterzeichnenden Organisationen entschieden,&nbsp; <a href=\"https:\/\/www.greenpeace.org\/static\/planet4-luxembourg-stateless\/2021\/12\/33e659b6-pac-asproch-def.pdf\">gemeinsam Einspruch<\/a> im Rahmen der \u00f6ffentlichen Prozedur zu erheben, dies mit dem dringenden&nbsp; Appell an das Ministerium, den Entwurf fundamental zu \u00fcberarbeiten. (1)&nbsp;<\/p>\n\n<p>Es geht hierbei um Hunderte Millionen nationaler und EU-Gelder, die eigentlich zu einer&nbsp; nachhaltigen Landwirtschaftspolitik f\u00fchren soll: Nach Ansicht der unterzeichnenden Organisationen&nbsp; w\u00e4re eine l\u00e4ngere faktenbasierte Informationskampagne und eine breite \u00f6ffentliche Diskussion&nbsp; unerl\u00e4sslich gewesen.&nbsp;<\/p>\n\n<p>Die bisherige Methode des \u201eWachse oder Weiche\u201c hat zu einem Schwund landwirtschaftlicher&nbsp; Betriebe gef\u00fchrt und treibt die aktuellen Betriebe in eine Spirale des \u201eimmer intensiver\u201c mit&nbsp;<\/p>\n\n<p>gravierenden Folgen f\u00fcr die Umwelt. Die Landwirtschaft ist \u2013 offiziellen wissenschaftlichen Studien&nbsp; zufolge \u2013 hauptverantwortlich f\u00fcr den Biodiversit\u00e4tsverlust im Offenland und die katastrophale&nbsp; Gew\u00e4sserqualit\u00e4t.&nbsp;<\/p>\n\n<p>Diese Situation ist nicht dem einzelnen Landwirt anzulasten, sondern einer \u00fcber Jahrzehnten&nbsp; verfehlten Landwirtschaftspolitik und einer reduktionistischen F\u00f6rderpraxis. Die Betriebe sind&nbsp; letztlich Gefangene eines Systems, das schon seit Jahrzehnten die falschen Rahmenbedingungen setzt.&nbsp;<\/p>\n\n<p>Auch diese Reform der EU-Agrarpolitik ist entt\u00e4uschend: sie verpflichtet die einzelnen&nbsp; Mitgliedstaaten NICHT zu wirklichen \u00c4nderungen im Sinne einer zukunftsorientierten&nbsp; Landwirtschaftspolitik. Aber immerhin \u00fcberl\u00e4sst sie den einzelnen Mitgliedstaaten einen breiten&nbsp; Spielraum bei der Umsetzung der Reform.&nbsp;<\/p>\n\n<p>Das hei\u00dft allerdings auch, dass jeder Mitgliedstaat die Z\u00fcgel selbstverantwortlich in die Hand&nbsp; nehmen kann um wesentliche und fortschrittliche Neuorientierungen in der Landwirtschaftspolitik und des Klima- und Biodiversit\u00e4tsschutzes in die Wege zu leiten.&nbsp;<\/p>\n\n<p>Leider nutzte das Luxemburger Landwirtschaftsministerium nach Ansicht der unterzeichnenden&nbsp; Organisationen diesen Spielraum im Rahmen des Entwurfs des Strategieplans f\u00fcr unser Land bei&nbsp; Weitem nicht in der gebotenen Form!&nbsp;&nbsp;<\/p>\n\n<p>Den Paradigmenwechsel, den wir so dringend auf allen Ebenen br\u00e4uchten, wird in diesem nicht im&nbsp; entferntesten Ma\u00dfe angegangen, im Gegenteil. Falls der Entwurf des Luxemburger Strategieplanes&nbsp; nicht in zentralen Elementen angepasst wird, so wird die verfehlte Landwirtschaftspolitik der&nbsp; vergangenen Jahrzehnte zementiert, Hunderte Mio \u20ac werden wiederum verschleudert.&nbsp;<\/p>\n\n<p>Um die Zukunftsvisionen der Umwelt- und Naturschutzorganisationen zu illustrieren, haben die&nbsp; Organisationen entschieden die \u00f6ffentliche Mitteilung zu verfassen, die sie von einem nachhaltigen&nbsp; Ministerium erwarten w\u00fcrden.&nbsp;<\/p>\n\n<p>Wer wei\u00df, vielleicht findet ja doch ein Umdenken statt.&nbsp;<\/p>\n\n<p>Angesichts der gesellschaftlichen Bedeutung der Landwirtschaft und dem notwendigen politischen&nbsp; Kurswechsel hat die Gesellschaft zudem das Recht auf eine umfassende Information bzw. Diskussion&nbsp; \u00fcber die sich aufdr\u00e4ngenden Weichenstellungen.&nbsp;&nbsp;<\/p>\n\n<p>Dies ist im Interesse des \u00dcberlebens mittelst\u00e4ndischer Betriebe, fairer Entlohnung f\u00fcr deren&nbsp; geleistete Arbeit f\u00fcr das Allgemeinwohl sowie der Wahrung der Umweltg\u00fcter unbedingt notwendig.&nbsp;<\/p>\n\n<hr class=\"wp-block-separator has-text-color has-background has-grey-600-background-color has-grey-600-color is-style-wide\"\/>\n\n<p>Anmerkungen: <\/p>\n\n<p>Die offizielle Anzeige die am Mittwoch, den 01.12. im Luxemburger Wort und im Tageblatt ver\u00f6ffentlicht wurde, finden Sie <a href=\"https:\/\/www.greenpeace.org\/static\/planet4-luxembourg-stateless\/2021\/12\/43601fc7-annonce-tb-108x340-1.pdf\">hier<\/a> als Download, ebenso wie den <a href=\"https:\/\/www.greenpeace.org\/static\/planet4-luxembourg-stateless\/2021\/12\/5903b264-begleedbreif-pac.pdf\">offiziellen Begleitbrief<\/a> und unseren <a href=\"https:\/\/www.greenpeace.org\/static\/planet4-luxembourg-stateless\/2021\/12\/33e659b6-pac-asproch-def.pdf\">Einspruch<\/a>.<\/p>\n","protected":false},"excerpt":{"rendered":"<p>\u00d6ffentliche Gelder im Sinne einer zukunftsf\u00e4higen&nbsp; Landwirtschaft, der Biodiversit\u00e4t und dem Klimaschutz&nbsp; sowie dem Gemeinwohl investieren<\/p>\n","protected":false},"author":25,"featured_media":13303,"comment_status":"closed","ping_status":"closed","sticky":false,"template":"","format":"standard","meta":{"ep_exclude_from_search":false,"p4_og_title":"","p4_og_description":"","p4_og_image":"","p4_og_image_id":"","p4_seo_canonical_url":"","p4_campaign_name":"not set","p4_local_project":"not set","p4_basket_name":"not set","p4_department":"","footnotes":""},"categories":[24,47],"tags":[67],"p4-page-type":[69],"class_list":["post-13291","post","type-post","status-publish","format-standard","has-post-thumbnail","hentry","category-greenpeace","category-natur","tag-nachhaltigelandwirtschaft","p4-page-type-presseerklaerungen"],"yoast_head":"<!-- This site is optimized with the Yoast SEO Premium plugin v23.9 (Yoast SEO v23.9) - https:\/\/yoast.com\/wordpress\/plugins\/seo\/ -->\n<title>Eine Neuorientierung der Luxemburger Landwirtschaftspolitik ist unumg\u00e4nglich: - Greenpeace Luxembourg<\/title>\n<meta name=\"robots\" content=\"index, follow, max-snippet:-1, max-image-preview:large, max-video-preview:-1\" \/>\n<link rel=\"canonical\" href=\"https:\/\/www.greenpeace.org\/luxembourg\/de\/communiques-de-presse\/13291\/eine-neuorientierung-der-luxemburger-landwirtschaftspolitik-ist-unumganglich\/\" \/>\n<meta property=\"og:locale\" content=\"de_DE\" \/>\n<meta property=\"og:type\" content=\"article\" \/>\n<meta property=\"og:title\" content=\"Eine Neuorientierung der Luxemburger Landwirtschaftspolitik ist unumg\u00e4nglich:\" \/>\n<meta property=\"og:description\" content=\"\u00d6ffentliche Gelder im Sinne einer zukunftsf\u00e4higen&nbsp; Landwirtschaft, der Biodiversit\u00e4t und dem Klimaschutz&nbsp; sowie dem Gemeinwohl investieren\" \/>\n<meta property=\"og:url\" content=\"https:\/\/www.greenpeace.org\/luxembourg\/de\/communiques-de-presse\/13291\/eine-neuorientierung-der-luxemburger-landwirtschaftspolitik-ist-unumganglich\/\" \/>\n<meta property=\"og:site_name\" content=\"Greenpeace Luxembourg\" \/>\n<meta property=\"article:publisher\" content=\"https:\/\/www.facebook.com\/greenpeaceluxembourg\" \/>\n<meta property=\"article:published_time\" content=\"2021-12-13T07:43:12+00:00\" \/>\n<meta property=\"article:modified_time\" content=\"2021-12-13T08:00:30+00:00\" \/>\n<meta property=\"og:image\" content=\"https:\/\/www.greenpeace.org\/static\/planet4-luxembourg-stateless\/2021\/12\/8644eccd-gp0stupf1_web_size.jpg\" \/>\n\t<meta property=\"og:image:width\" content=\"800\" \/>\n\t<meta property=\"og:image:height\" content=\"534\" \/>\n\t<meta property=\"og:image:type\" content=\"image\/jpeg\" \/>\n<meta name=\"author\" content=\"Esther Wildanger\" \/>\n<meta name=\"twitter:card\" content=\"summary_large_image\" \/>\n<meta name=\"twitter:label1\" content=\"Written by\" \/>\n\t<meta name=\"twitter:data1\" content=\"Esther Wildanger\" \/>\n\t<meta name=\"twitter:label2\" content=\"Est. reading time\" \/>\n\t<meta name=\"twitter:data2\" content=\"3 minutes\" \/>\n<script type=\"application\/ld+json\" class=\"yoast-schema-graph\">{\"@context\":\"https:\/\/schema.org\",\"@graph\":[{\"@type\":\"Article\",\"@id\":\"https:\/\/www.greenpeace.org\/luxembourg\/de\/communiques-de-presse\/13291\/eine-neuorientierung-der-luxemburger-landwirtschaftspolitik-ist-unumganglich\/#article\",\"isPartOf\":{\"@id\":\"https:\/\/www.greenpeace.org\/luxembourg\/de\/communiques-de-presse\/13291\/eine-neuorientierung-der-luxemburger-landwirtschaftspolitik-ist-unumganglich\/\"},\"author\":{\"name\":\"Esther Wildanger\",\"@id\":\"https:\/\/www.greenpeace.org\/luxembourg\/fr\/#\/schema\/person\/3d0e81a859b59009fec36a8552ef76a7\"},\"headline\":\"Eine Neuorientierung der Luxemburger Landwirtschaftspolitik ist unumg\u00e4nglich:\",\"datePublished\":\"2021-12-13T07:43:12+00:00\",\"dateModified\":\"2021-12-13T08:00:30+00:00\",\"mainEntityOfPage\":{\"@id\":\"https:\/\/www.greenpeace.org\/luxembourg\/de\/communiques-de-presse\/13291\/eine-neuorientierung-der-luxemburger-landwirtschaftspolitik-ist-unumganglich\/\"},\"wordCount\":664,\"publisher\":{\"@id\":\"https:\/\/www.greenpeace.org\/luxembourg\/fr\/#organization\"},\"image\":{\"@id\":\"https:\/\/www.greenpeace.org\/luxembourg\/de\/communiques-de-presse\/13291\/eine-neuorientierung-der-luxemburger-landwirtschaftspolitik-ist-unumganglich\/#primaryimage\"},\"thumbnailUrl\":\"https:\/\/www.greenpeace.org\/static\/planet4-luxembourg-stateless\/2021\/12\/8644eccd-gp0stupf1_web_size.jpg\",\"keywords\":[\"NachhaltigeLandwirtschaft\"],\"articleSection\":[\"Greenpeace\",\"Natur\"],\"inLanguage\":\"de-LU\"},{\"@type\":\"WebPage\",\"@id\":\"https:\/\/www.greenpeace.org\/luxembourg\/de\/communiques-de-presse\/13291\/eine-neuorientierung-der-luxemburger-landwirtschaftspolitik-ist-unumganglich\/\",\"url\":\"https:\/\/www.greenpeace.org\/luxembourg\/de\/communiques-de-presse\/13291\/eine-neuorientierung-der-luxemburger-landwirtschaftspolitik-ist-unumganglich\/\",\"name\":\"Eine Neuorientierung der Luxemburger Landwirtschaftspolitik ist unumg\u00e4nglich: - Greenpeace Luxembourg\",\"isPartOf\":{\"@id\":\"https:\/\/www.greenpeace.org\/luxembourg\/fr\/#website\"},\"primaryImageOfPage\":{\"@id\":\"https:\/\/www.greenpeace.org\/luxembourg\/de\/communiques-de-presse\/13291\/eine-neuorientierung-der-luxemburger-landwirtschaftspolitik-ist-unumganglich\/#primaryimage\"},\"image\":{\"@id\":\"https:\/\/www.greenpeace.org\/luxembourg\/de\/communiques-de-presse\/13291\/eine-neuorientierung-der-luxemburger-landwirtschaftspolitik-ist-unumganglich\/#primaryimage\"},\"thumbnailUrl\":\"https:\/\/www.greenpeace.org\/static\/planet4-luxembourg-stateless\/2021\/12\/8644eccd-gp0stupf1_web_size.jpg\",\"datePublished\":\"2021-12-13T07:43:12+00:00\",\"dateModified\":\"2021-12-13T08:00:30+00:00\",\"breadcrumb\":{\"@id\":\"https:\/\/www.greenpeace.org\/luxembourg\/de\/communiques-de-presse\/13291\/eine-neuorientierung-der-luxemburger-landwirtschaftspolitik-ist-unumganglich\/#breadcrumb\"},\"inLanguage\":\"de-LU\",\"potentialAction\":[{\"@type\":\"ReadAction\",\"target\":[\"https:\/\/www.greenpeace.org\/luxembourg\/de\/communiques-de-presse\/13291\/eine-neuorientierung-der-luxemburger-landwirtschaftspolitik-ist-unumganglich\/\"]}]},{\"@type\":\"ImageObject\",\"inLanguage\":\"de-LU\",\"@id\":\"https:\/\/www.greenpeace.org\/luxembourg\/de\/communiques-de-presse\/13291\/eine-neuorientierung-der-luxemburger-landwirtschaftspolitik-ist-unumganglich\/#primaryimage\",\"url\":\"https:\/\/www.greenpeace.org\/static\/planet4-luxembourg-stateless\/2021\/12\/8644eccd-gp0stupf1_web_size.jpg\",\"contentUrl\":\"https:\/\/www.greenpeace.org\/static\/planet4-luxembourg-stateless\/2021\/12\/8644eccd-gp0stupf1_web_size.jpg\",\"width\":800,\"height\":534,\"caption\":\"Cattle at a farm in Hennef in North Rhine-Westphalia. Dry soil, lack of feed for livestock, dried up paddocks and dead trees show some of the impacts of the current drought in Germany. The farm belongs to an ecological farmer, Bernd, where he keeps dairy cattle and grows vegetables. Anzeichen von Trockenheit auf einem Bauernhof im nordrhein-westfaelischen Hennef. Trockener Boden, Futtermangel, ausgetrocknete Koppeln und tote Baeume zeigen einige der Auswirkungen der aktuellen Duerre in Deutschland. Der Landwirt, Bauer Bernd haelt Milchvieh und bewirtschaftet Gemuese-Felder.\"},{\"@type\":\"BreadcrumbList\",\"@id\":\"https:\/\/www.greenpeace.org\/luxembourg\/de\/communiques-de-presse\/13291\/eine-neuorientierung-der-luxemburger-landwirtschaftspolitik-ist-unumganglich\/#breadcrumb\",\"itemListElement\":[{\"@type\":\"ListItem\",\"position\":1,\"name\":\"Home\",\"item\":\"http:\/\/www.greenpeace.org\/luxembourg\/fr\/\"},{\"@type\":\"ListItem\",\"position\":2,\"name\":\"Eine Neuorientierung der Luxemburger Landwirtschaftspolitik ist unumg\u00e4nglich:\"}]},{\"@type\":\"WebSite\",\"@id\":\"https:\/\/www.greenpeace.org\/luxembourg\/fr\/#website\",\"url\":\"https:\/\/www.greenpeace.org\/luxembourg\/fr\/\",\"name\":\"Greenpeace Luxembourg\",\"description\":\"Greenpeace existiert, weil unsere Erde eine Stimme braucht. Sie ben\u00f6tigt L\u00f6sungen. Ver\u00e4nderungen. Aktionen.\",\"publisher\":{\"@id\":\"https:\/\/www.greenpeace.org\/luxembourg\/fr\/#organization\"},\"potentialAction\":[{\"@type\":\"SearchAction\",\"target\":{\"@type\":\"EntryPoint\",\"urlTemplate\":\"https:\/\/www.greenpeace.org\/luxembourg\/fr\/?s={search_term_string}\"},\"query-input\":{\"@type\":\"PropertyValueSpecification\",\"valueRequired\":true,\"valueName\":\"search_term_string\"}}],\"inLanguage\":\"de-LU\"},{\"@type\":\"Organization\",\"@id\":\"https:\/\/www.greenpeace.org\/luxembourg\/fr\/#organization\",\"name\":\"Greenpeace Luxembourg\",\"url\":\"https:\/\/www.greenpeace.org\/luxembourg\/fr\/\",\"logo\":{\"@type\":\"ImageObject\",\"inLanguage\":\"de-LU\",\"@id\":\"https:\/\/www.greenpeace.org\/luxembourg\/fr\/#\/schema\/logo\/image\/\",\"url\":\"https:\/\/www.greenpeace.org\/static\/planet4-luxembourg-stateless\/2026\/03\/3e367f94-greenpeace_logo_green_rgb.png\",\"contentUrl\":\"https:\/\/www.greenpeace.org\/static\/planet4-luxembourg-stateless\/2026\/03\/3e367f94-greenpeace_logo_green_rgb.png\",\"width\":1080,\"height\":175,\"caption\":\"Greenpeace Luxembourg\"},\"image\":{\"@id\":\"https:\/\/www.greenpeace.org\/luxembourg\/fr\/#\/schema\/logo\/image\/\"},\"sameAs\":[\"https:\/\/www.facebook.com\/greenpeaceluxembourg\",\"https:\/\/www.instagram.com\/greenpeacelux\/\",\"https:\/\/www.linkedin.com\/company\/greenpeace-luxembourg\/\",\"https:\/\/www.threads.com\/@greenpeacelux\",\"https:\/\/bsky.app\/profile\/greenpeacelux.bsky.social\",\"https:\/\/www.youtube.com\/@GreenpeaceLux\",\"https:\/\/www.tiktok.com\/@greenpeace_lux\"]},{\"@type\":\"Person\",\"@id\":\"https:\/\/www.greenpeace.org\/luxembourg\/fr\/#\/schema\/person\/3d0e81a859b59009fec36a8552ef76a7\",\"name\":\"Esther Wildanger\",\"url\":\"https:\/\/www.greenpeace.org\/luxembourg\/de\/author\/ewildang\/\"}]}<\/script>\n<!-- \/ Yoast SEO Premium plugin. -->","yoast_head_json":{"title":"Eine Neuorientierung der Luxemburger Landwirtschaftspolitik ist unumg\u00e4nglich: - Greenpeace Luxembourg","robots":{"index":"index","follow":"follow","max-snippet":"max-snippet:-1","max-image-preview":"max-image-preview:large","max-video-preview":"max-video-preview:-1"},"canonical":"https:\/\/www.greenpeace.org\/luxembourg\/de\/communiques-de-presse\/13291\/eine-neuorientierung-der-luxemburger-landwirtschaftspolitik-ist-unumganglich\/","og_locale":"de_DE","og_type":"article","og_title":"Eine Neuorientierung der Luxemburger Landwirtschaftspolitik ist unumg\u00e4nglich:","og_description":"\u00d6ffentliche Gelder im Sinne einer zukunftsf\u00e4higen&nbsp; Landwirtschaft, der Biodiversit\u00e4t und dem Klimaschutz&nbsp; sowie dem Gemeinwohl investieren","og_url":"https:\/\/www.greenpeace.org\/luxembourg\/de\/communiques-de-presse\/13291\/eine-neuorientierung-der-luxemburger-landwirtschaftspolitik-ist-unumganglich\/","og_site_name":"Greenpeace Luxembourg","article_publisher":"https:\/\/www.facebook.com\/greenpeaceluxembourg","article_published_time":"2021-12-13T07:43:12+00:00","article_modified_time":"2021-12-13T08:00:30+00:00","og_image":[{"width":800,"height":534,"url":"https:\/\/www.greenpeace.org\/static\/planet4-luxembourg-stateless\/2021\/12\/8644eccd-gp0stupf1_web_size.jpg","type":"image\/jpeg"}],"author":"Esther Wildanger","twitter_card":"summary_large_image","twitter_misc":{"Written by":"Esther Wildanger","Est. reading time":"3 minutes"},"schema":{"@context":"https:\/\/schema.org","@graph":[{"@type":"Article","@id":"https:\/\/www.greenpeace.org\/luxembourg\/de\/communiques-de-presse\/13291\/eine-neuorientierung-der-luxemburger-landwirtschaftspolitik-ist-unumganglich\/#article","isPartOf":{"@id":"https:\/\/www.greenpeace.org\/luxembourg\/de\/communiques-de-presse\/13291\/eine-neuorientierung-der-luxemburger-landwirtschaftspolitik-ist-unumganglich\/"},"author":{"name":"Esther Wildanger","@id":"https:\/\/www.greenpeace.org\/luxembourg\/fr\/#\/schema\/person\/3d0e81a859b59009fec36a8552ef76a7"},"headline":"Eine Neuorientierung der Luxemburger Landwirtschaftspolitik ist unumg\u00e4nglich:","datePublished":"2021-12-13T07:43:12+00:00","dateModified":"2021-12-13T08:00:30+00:00","mainEntityOfPage":{"@id":"https:\/\/www.greenpeace.org\/luxembourg\/de\/communiques-de-presse\/13291\/eine-neuorientierung-der-luxemburger-landwirtschaftspolitik-ist-unumganglich\/"},"wordCount":664,"publisher":{"@id":"https:\/\/www.greenpeace.org\/luxembourg\/fr\/#organization"},"image":{"@id":"https:\/\/www.greenpeace.org\/luxembourg\/de\/communiques-de-presse\/13291\/eine-neuorientierung-der-luxemburger-landwirtschaftspolitik-ist-unumganglich\/#primaryimage"},"thumbnailUrl":"https:\/\/www.greenpeace.org\/static\/planet4-luxembourg-stateless\/2021\/12\/8644eccd-gp0stupf1_web_size.jpg","keywords":["NachhaltigeLandwirtschaft"],"articleSection":["Greenpeace","Natur"],"inLanguage":"de-LU"},{"@type":"WebPage","@id":"https:\/\/www.greenpeace.org\/luxembourg\/de\/communiques-de-presse\/13291\/eine-neuorientierung-der-luxemburger-landwirtschaftspolitik-ist-unumganglich\/","url":"https:\/\/www.greenpeace.org\/luxembourg\/de\/communiques-de-presse\/13291\/eine-neuorientierung-der-luxemburger-landwirtschaftspolitik-ist-unumganglich\/","name":"Eine Neuorientierung der Luxemburger Landwirtschaftspolitik ist unumg\u00e4nglich: - Greenpeace Luxembourg","isPartOf":{"@id":"https:\/\/www.greenpeace.org\/luxembourg\/fr\/#website"},"primaryImageOfPage":{"@id":"https:\/\/www.greenpeace.org\/luxembourg\/de\/communiques-de-presse\/13291\/eine-neuorientierung-der-luxemburger-landwirtschaftspolitik-ist-unumganglich\/#primaryimage"},"image":{"@id":"https:\/\/www.greenpeace.org\/luxembourg\/de\/communiques-de-presse\/13291\/eine-neuorientierung-der-luxemburger-landwirtschaftspolitik-ist-unumganglich\/#primaryimage"},"thumbnailUrl":"https:\/\/www.greenpeace.org\/static\/planet4-luxembourg-stateless\/2021\/12\/8644eccd-gp0stupf1_web_size.jpg","datePublished":"2021-12-13T07:43:12+00:00","dateModified":"2021-12-13T08:00:30+00:00","breadcrumb":{"@id":"https:\/\/www.greenpeace.org\/luxembourg\/de\/communiques-de-presse\/13291\/eine-neuorientierung-der-luxemburger-landwirtschaftspolitik-ist-unumganglich\/#breadcrumb"},"inLanguage":"de-LU","potentialAction":[{"@type":"ReadAction","target":["https:\/\/www.greenpeace.org\/luxembourg\/de\/communiques-de-presse\/13291\/eine-neuorientierung-der-luxemburger-landwirtschaftspolitik-ist-unumganglich\/"]}]},{"@type":"ImageObject","inLanguage":"de-LU","@id":"https:\/\/www.greenpeace.org\/luxembourg\/de\/communiques-de-presse\/13291\/eine-neuorientierung-der-luxemburger-landwirtschaftspolitik-ist-unumganglich\/#primaryimage","url":"https:\/\/www.greenpeace.org\/static\/planet4-luxembourg-stateless\/2021\/12\/8644eccd-gp0stupf1_web_size.jpg","contentUrl":"https:\/\/www.greenpeace.org\/static\/planet4-luxembourg-stateless\/2021\/12\/8644eccd-gp0stupf1_web_size.jpg","width":800,"height":534,"caption":"Cattle at a farm in Hennef in North Rhine-Westphalia. Dry soil, lack of feed for livestock, dried up paddocks and dead trees show some of the impacts of the current drought in Germany. The farm belongs to an ecological farmer, Bernd, where he keeps dairy cattle and grows vegetables. Anzeichen von Trockenheit auf einem Bauernhof im nordrhein-westfaelischen Hennef. Trockener Boden, Futtermangel, ausgetrocknete Koppeln und tote Baeume zeigen einige der Auswirkungen der aktuellen Duerre in Deutschland. Der Landwirt, Bauer Bernd haelt Milchvieh und bewirtschaftet Gemuese-Felder."},{"@type":"BreadcrumbList","@id":"https:\/\/www.greenpeace.org\/luxembourg\/de\/communiques-de-presse\/13291\/eine-neuorientierung-der-luxemburger-landwirtschaftspolitik-ist-unumganglich\/#breadcrumb","itemListElement":[{"@type":"ListItem","position":1,"name":"Home","item":"http:\/\/www.greenpeace.org\/luxembourg\/fr\/"},{"@type":"ListItem","position":2,"name":"Eine Neuorientierung der Luxemburger Landwirtschaftspolitik ist unumg\u00e4nglich:"}]},{"@type":"WebSite","@id":"https:\/\/www.greenpeace.org\/luxembourg\/fr\/#website","url":"https:\/\/www.greenpeace.org\/luxembourg\/fr\/","name":"Greenpeace Luxembourg","description":"Greenpeace existiert, weil unsere Erde eine Stimme braucht. Sie ben\u00f6tigt L\u00f6sungen. Ver\u00e4nderungen. Aktionen.","publisher":{"@id":"https:\/\/www.greenpeace.org\/luxembourg\/fr\/#organization"},"potentialAction":[{"@type":"SearchAction","target":{"@type":"EntryPoint","urlTemplate":"https:\/\/www.greenpeace.org\/luxembourg\/fr\/?s={search_term_string}"},"query-input":{"@type":"PropertyValueSpecification","valueRequired":true,"valueName":"search_term_string"}}],"inLanguage":"de-LU"},{"@type":"Organization","@id":"https:\/\/www.greenpeace.org\/luxembourg\/fr\/#organization","name":"Greenpeace Luxembourg","url":"https:\/\/www.greenpeace.org\/luxembourg\/fr\/","logo":{"@type":"ImageObject","inLanguage":"de-LU","@id":"https:\/\/www.greenpeace.org\/luxembourg\/fr\/#\/schema\/logo\/image\/","url":"https:\/\/www.greenpeace.org\/static\/planet4-luxembourg-stateless\/2026\/03\/3e367f94-greenpeace_logo_green_rgb.png","contentUrl":"https:\/\/www.greenpeace.org\/static\/planet4-luxembourg-stateless\/2026\/03\/3e367f94-greenpeace_logo_green_rgb.png","width":1080,"height":175,"caption":"Greenpeace Luxembourg"},"image":{"@id":"https:\/\/www.greenpeace.org\/luxembourg\/fr\/#\/schema\/logo\/image\/"},"sameAs":["https:\/\/www.facebook.com\/greenpeaceluxembourg","https:\/\/www.instagram.com\/greenpeacelux\/","https:\/\/www.linkedin.com\/company\/greenpeace-luxembourg\/","https:\/\/www.threads.com\/@greenpeacelux","https:\/\/bsky.app\/profile\/greenpeacelux.bsky.social","https:\/\/www.youtube.com\/@GreenpeaceLux","https:\/\/www.tiktok.com\/@greenpeace_lux"]},{"@type":"Person","@id":"https:\/\/www.greenpeace.org\/luxembourg\/fr\/#\/schema\/person\/3d0e81a859b59009fec36a8552ef76a7","name":"Esther Wildanger","url":"https:\/\/www.greenpeace.org\/luxembourg\/de\/author\/ewildang\/"}]}},"_links":{"self":[{"href":"https:\/\/www.greenpeace.org\/luxembourg\/de\/wp-json\/wp\/v2\/posts\/13291","targetHints":{"allow":["GET"]}}],"collection":[{"href":"https:\/\/www.greenpeace.org\/luxembourg\/de\/wp-json\/wp\/v2\/posts"}],"about":[{"href":"https:\/\/www.greenpeace.org\/luxembourg\/de\/wp-json\/wp\/v2\/types\/post"}],"author":[{"embeddable":true,"href":"https:\/\/www.greenpeace.org\/luxembourg\/de\/wp-json\/wp\/v2\/users\/25"}],"replies":[{"embeddable":true,"href":"https:\/\/www.greenpeace.org\/luxembourg\/de\/wp-json\/wp\/v2\/comments?post=13291"}],"version-history":[{"count":5,"href":"https:\/\/www.greenpeace.org\/luxembourg\/de\/wp-json\/wp\/v2\/posts\/13291\/revisions"}],"predecessor-version":[{"id":13309,"href":"https:\/\/www.greenpeace.org\/luxembourg\/de\/wp-json\/wp\/v2\/posts\/13291\/revisions\/13309"}],"wp:featuredmedia":[{"embeddable":true,"href":"https:\/\/www.greenpeace.org\/luxembourg\/de\/wp-json\/wp\/v2\/media\/13303"}],"wp:attachment":[{"href":"https:\/\/www.greenpeace.org\/luxembourg\/de\/wp-json\/wp\/v2\/media?parent=13291"}],"wp:term":[{"taxonomy":"category","embeddable":true,"href":"https:\/\/www.greenpeace.org\/luxembourg\/de\/wp-json\/wp\/v2\/categories?post=13291"},{"taxonomy":"post_tag","embeddable":true,"href":"https:\/\/www.greenpeace.org\/luxembourg\/de\/wp-json\/wp\/v2\/tags?post=13291"},{"taxonomy":"p4-page-type","embeddable":true,"href":"https:\/\/www.greenpeace.org\/luxembourg\/de\/wp-json\/wp\/v2\/p4-page-type?post=13291"}],"curies":[{"name":"wp","href":"https:\/\/api.w.org\/{rel}","templated":true}]}}