{"id":13376,"date":"2021-12-22T12:50:46","date_gmt":"2021-12-22T10:50:46","guid":{"rendered":"https:\/\/www.greenpeace.org\/luxembourg\/?p=13376"},"modified":"2021-12-22T12:52:22","modified_gmt":"2021-12-22T10:52:22","slug":"die-luxemburger-landwirtschaftspolitik-von-morgen-gemeinsame-stellungnahme-von-greenpeace-naturemwelt-und-mouvement-ecologique","status":"publish","type":"post","link":"https:\/\/www.greenpeace.org\/luxembourg\/de\/presseerklaerungen\/13376\/die-luxemburger-landwirtschaftspolitik-von-morgen-gemeinsame-stellungnahme-von-greenpeace-naturemwelt-und-mouvement-ecologique\/","title":{"rendered":"Die Luxemburger Landwirtschaftspolitik von Morgen: Gemeinsame Stellungnahme von Greenpeace, natur&#038;\u00ebmwelt und Mouvement Ecologique"},"content":{"rendered":"\n<p><meta charset=\"utf-8\"><em>Luxemburg, 21. Dezember 2021 <\/em>&#8211; <strong>&#8220;Die Luxemburger Landwirtschaftspolitik von morgen&#8221;: Zu diesem Thema hatten die 3 nationalen Umweltorganisationen Greenpeace, natur&amp;\u00ebmwelt und Mouvement Ecologique am Mittwoch, den 1. Dezember 2020 eine Anzeige in den <a href=\"https:\/\/www.greenpeace.org\/luxembourg\/de\/communiques-de-presse\/13291\/eine-neuorientierung-der-luxemburger-landwirtschaftspolitik-ist-unumganglich\/\">Tageszeitungen Tageblatt und Luxemburger Wort<\/a> geschaltet.<\/strong><\/p>\n\n<p>Darin informierten die Organisationen, dass, mit \u00f6ffentlichen Geldern ab 2023 ausschlie\u00dflich Ma\u00dfnahmen im Sinne einer mittelst\u00e4ndischen Landwirtschaft sowie des Biodiversit\u00e4ts-, Klima-, Gew\u00e4sser- und Verbraucherschutzes unterst\u00fctzt w\u00fcrden. Dazu sollte der vorliegende Strategieplan des Landwirtschaftsministeriums \u2013 in Absprache mit allen Akteuren &#8211; \u00fcberarbeitet werden. Dabei fu\u00dfte ihre Analyse der negativen Auswirkungen des heutigen Systems auf Analysen von wissenschaftlichen Gremien sowie auch der EU-Kommission.<\/p>\n\n<p>Die Anzeige der Organisationen wurde \u2013 um \u00fcberhaupt von den politischen Akteuren wahrgenommen zu werden \u2013 unter dem fiktiven Namen &#8220;Minist\u00e8re de l\u2019Agriculture durable&#8221; versehen und mit dem offiziellen Logo ver\u00f6ffentlicht.<\/p>\n\n<p>Seit Jahren, sogar Jahrzehnten, setzen sich die Organisationen f\u00fcr eine offene Debatte \u00fcber die Orientierung der Luxemburger Landwirtschaftspolitik ein. Angeregt wurde immer wieder ein Austausch zwischen allen Akteuren (Landwirten, Verbrauchern, Umweltbewegungen\u2026.). Dies ohne Erfolg. Weder fand im Vorfeld der Erstellung des Strategieplanes der Landwirtschaft ein strukturierter Austausch \u00fcber den Entwurf selbst statt, noch eine \u00f6ffentliche, partizipative Diskussion. Zentrale Anliegen aus \u00f6kologischer Sicht wurden im Rahmen der Umsetzung der europ\u00e4ischen Agrarreform nicht aufgegriffen.<\/p>\n\n<p>Dies ist umso problematischer, als es nicht nur um Investitionen von 750 Mio. Euro in den n\u00e4chsten Jahren geht, sondern zudem sowohl um das \u00dcberleben einer mittelst\u00e4ndischen, regional orientierten Landwirtschaft als auch um den Erhalt der Biodiversit\u00e4t und eines stabilen Klimas, der Gew\u00e4sserg\u00fcte, der Bodenfruchtbarkeit und vieles mehr.<\/p>\n\n<p>Es d\u00fcrfte deshalb zu verstehen sein, dass die Nicht-Regierungsorganisationen in dieser Situation kreativere Mittel suchen, um ihre Belange nach au\u00dfen zu tragen. Die Anzeige war im \u00dcbrigen mit den Logos der Organisationen versehen und die Autoren klar erkenntlich.<\/p>\n\n<p>Die drei nationalen Umweltorganisationen haben in ihrem gemeinsamen Einspruch, der die Basis f\u00fcr die angef\u00fchrte Anzeige war, sehr konkrete Vorschl\u00e4ge in diesem Sinne unterbreitet und auch eine Unterredung mit dem Landwirtschaftsminister angefragt.<\/p>\n\n<p><strong>Es w\u00e4re zu hoffen, dass die politischen Akteure mit der gleichen Konsequenz, wie sie nun juristisch gegen die Organisationen vorgehen m\u00f6chten, sich den angef\u00fchrten inhaltlichen Argumenten widmen w\u00fcrden.<\/strong><\/p>\n\n<p>Unseren Informationen zufolge wurde der Strategieplan in seiner aktuellen Fassung nicht an die EU-Kommission weitergeleitet. Vielmehr soll der Entwurf Gegenstand einer interfraktionellen Sitzung der Mehrheitsparteien im Januar sein.<\/p>\n\n<p>Die Hoffnung besteht somit, dass in wesentlichen Punkten noch eine \u00dcberarbeitung sowohl im Sinne der landwirtschaftlichen Betriebe als auch der Erhaltung der Umwelt erfolgen kann.<\/p>\n\n<p>Angesichts der politischen Bedeutung der Weichenstellungen haben die drei Umweltorganisationen eine Unterredung mit Staatsminister Xavier Bettel angefragt.<\/p>\n","protected":false},"excerpt":{"rendered":"<p>&#8220;Die Luxemburger Landwirtschaftspolitik von morgen&#8221;: Zu diesem Thema hatten die 3 nationalen Umweltorganisationen Greenpeace, natur&#038;\u00ebmwelt und Mouvement Ecologique am Mittwoch, den 1. Dezember 2020 eine Anzeige in den Tageszeitungen Tageblatt&#8230;<\/p>\n","protected":false},"author":25,"featured_media":13377,"comment_status":"closed","ping_status":"closed","sticky":false,"template":"","format":"standard","meta":{"ep_exclude_from_search":false,"p4_og_title":"","p4_og_description":"","p4_og_image":"","p4_og_image_id":"","p4_seo_canonical_url":"","p4_campaign_name":"not set","p4_local_project":"not set","p4_basket_name":"not set","p4_department":"","footnotes":""},"categories":[47],"tags":[67],"p4-page-type":[69],"class_list":["post-13376","post","type-post","status-publish","format-standard","has-post-thumbnail","hentry","category-natur","tag-nachhaltigelandwirtschaft","p4-page-type-presseerklaerungen"],"yoast_head":"<!-- This site is optimized with the Yoast SEO Premium plugin v23.9 (Yoast SEO v23.9) - https:\/\/yoast.com\/wordpress\/plugins\/seo\/ -->\n<title>Die Luxemburger Landwirtschaftspolitik von Morgen: Gemeinsame Stellungnahme von Greenpeace, natur&amp;\u00ebmwelt und Mouvement Ecologique - Greenpeace Luxembourg<\/title>\n<meta name=\"robots\" content=\"index, follow, max-snippet:-1, max-image-preview:large, max-video-preview:-1\" \/>\n<link rel=\"canonical\" href=\"https:\/\/www.greenpeace.org\/luxembourg\/de\/presseerklaerungen\/13376\/die-luxemburger-landwirtschaftspolitik-von-morgen-gemeinsame-stellungnahme-von-greenpeace-naturemwelt-und-mouvement-ecologique\/\" \/>\n<meta property=\"og:locale\" content=\"de_DE\" \/>\n<meta property=\"og:type\" content=\"article\" \/>\n<meta property=\"og:title\" content=\"Die Luxemburger Landwirtschaftspolitik von Morgen: Gemeinsame Stellungnahme von Greenpeace, natur&amp;\u00ebmwelt und Mouvement Ecologique\" \/>\n<meta property=\"og:description\" content=\"&quot;Die Luxemburger Landwirtschaftspolitik von morgen&quot;: Zu diesem Thema hatten die 3 nationalen Umweltorganisationen Greenpeace, natur&amp;\u00ebmwelt und Mouvement Ecologique am Mittwoch, den 1. Dezember 2020 eine Anzeige in den Tageszeitungen Tageblatt...\" \/>\n<meta property=\"og:url\" content=\"https:\/\/www.greenpeace.org\/luxembourg\/de\/presseerklaerungen\/13376\/die-luxemburger-landwirtschaftspolitik-von-morgen-gemeinsame-stellungnahme-von-greenpeace-naturemwelt-und-mouvement-ecologique\/\" \/>\n<meta property=\"og:site_name\" content=\"Greenpeace Luxembourg\" \/>\n<meta property=\"article:publisher\" content=\"https:\/\/www.facebook.com\/greenpeaceluxembourg\" \/>\n<meta property=\"article:published_time\" content=\"2021-12-22T10:50:46+00:00\" \/>\n<meta property=\"article:modified_time\" content=\"2021-12-22T10:52:22+00:00\" \/>\n<meta property=\"og:image\" content=\"https:\/\/www.greenpeace.org\/static\/planet4-luxembourg-stateless\/2021\/12\/367a1704-gp1swhx0_web_size.jpg\" \/>\n\t<meta property=\"og:image:width\" content=\"800\" \/>\n\t<meta property=\"og:image:height\" content=\"533\" \/>\n\t<meta property=\"og:image:type\" content=\"image\/jpeg\" \/>\n<meta name=\"author\" content=\"Esther Wildanger\" \/>\n<meta name=\"twitter:card\" content=\"summary_large_image\" \/>\n<meta name=\"twitter:label1\" content=\"Written by\" \/>\n\t<meta name=\"twitter:data1\" content=\"Esther Wildanger\" \/>\n\t<meta name=\"twitter:label2\" content=\"Est. reading time\" \/>\n\t<meta name=\"twitter:data2\" content=\"2 minutes\" \/>\n<script type=\"application\/ld+json\" class=\"yoast-schema-graph\">{\"@context\":\"https:\/\/schema.org\",\"@graph\":[{\"@type\":\"Article\",\"@id\":\"https:\/\/www.greenpeace.org\/luxembourg\/de\/presseerklaerungen\/13376\/die-luxemburger-landwirtschaftspolitik-von-morgen-gemeinsame-stellungnahme-von-greenpeace-naturemwelt-und-mouvement-ecologique\/#article\",\"isPartOf\":{\"@id\":\"https:\/\/www.greenpeace.org\/luxembourg\/de\/presseerklaerungen\/13376\/die-luxemburger-landwirtschaftspolitik-von-morgen-gemeinsame-stellungnahme-von-greenpeace-naturemwelt-und-mouvement-ecologique\/\"},\"author\":{\"name\":\"Esther Wildanger\",\"@id\":\"https:\/\/www.greenpeace.org\/luxembourg\/fr\/#\/schema\/person\/3d0e81a859b59009fec36a8552ef76a7\"},\"headline\":\"Die Luxemburger Landwirtschaftspolitik von Morgen: Gemeinsame Stellungnahme von Greenpeace, natur&#038;\u00ebmwelt und Mouvement Ecologique\",\"datePublished\":\"2021-12-22T10:50:46+00:00\",\"dateModified\":\"2021-12-22T10:52:22+00:00\",\"mainEntityOfPage\":{\"@id\":\"https:\/\/www.greenpeace.org\/luxembourg\/de\/presseerklaerungen\/13376\/die-luxemburger-landwirtschaftspolitik-von-morgen-gemeinsame-stellungnahme-von-greenpeace-naturemwelt-und-mouvement-ecologique\/\"},\"wordCount\":452,\"publisher\":{\"@id\":\"https:\/\/www.greenpeace.org\/luxembourg\/fr\/#organization\"},\"image\":{\"@id\":\"https:\/\/www.greenpeace.org\/luxembourg\/de\/presseerklaerungen\/13376\/die-luxemburger-landwirtschaftspolitik-von-morgen-gemeinsame-stellungnahme-von-greenpeace-naturemwelt-und-mouvement-ecologique\/#primaryimage\"},\"thumbnailUrl\":\"https:\/\/www.greenpeace.org\/static\/planet4-luxembourg-stateless\/2021\/12\/367a1704-gp1swhx0_web_size.jpg\",\"keywords\":[\"NachhaltigeLandwirtschaft\"],\"articleSection\":[\"Natur\"],\"inLanguage\":\"de-LU\"},{\"@type\":\"WebPage\",\"@id\":\"https:\/\/www.greenpeace.org\/luxembourg\/de\/presseerklaerungen\/13376\/die-luxemburger-landwirtschaftspolitik-von-morgen-gemeinsame-stellungnahme-von-greenpeace-naturemwelt-und-mouvement-ecologique\/\",\"url\":\"https:\/\/www.greenpeace.org\/luxembourg\/de\/presseerklaerungen\/13376\/die-luxemburger-landwirtschaftspolitik-von-morgen-gemeinsame-stellungnahme-von-greenpeace-naturemwelt-und-mouvement-ecologique\/\",\"name\":\"Die Luxemburger Landwirtschaftspolitik von Morgen: Gemeinsame Stellungnahme von Greenpeace, natur&\u00ebmwelt und Mouvement Ecologique - Greenpeace Luxembourg\",\"isPartOf\":{\"@id\":\"https:\/\/www.greenpeace.org\/luxembourg\/fr\/#website\"},\"primaryImageOfPage\":{\"@id\":\"https:\/\/www.greenpeace.org\/luxembourg\/de\/presseerklaerungen\/13376\/die-luxemburger-landwirtschaftspolitik-von-morgen-gemeinsame-stellungnahme-von-greenpeace-naturemwelt-und-mouvement-ecologique\/#primaryimage\"},\"image\":{\"@id\":\"https:\/\/www.greenpeace.org\/luxembourg\/de\/presseerklaerungen\/13376\/die-luxemburger-landwirtschaftspolitik-von-morgen-gemeinsame-stellungnahme-von-greenpeace-naturemwelt-und-mouvement-ecologique\/#primaryimage\"},\"thumbnailUrl\":\"https:\/\/www.greenpeace.org\/static\/planet4-luxembourg-stateless\/2021\/12\/367a1704-gp1swhx0_web_size.jpg\",\"datePublished\":\"2021-12-22T10:50:46+00:00\",\"dateModified\":\"2021-12-22T10:52:22+00:00\",\"breadcrumb\":{\"@id\":\"https:\/\/www.greenpeace.org\/luxembourg\/de\/presseerklaerungen\/13376\/die-luxemburger-landwirtschaftspolitik-von-morgen-gemeinsame-stellungnahme-von-greenpeace-naturemwelt-und-mouvement-ecologique\/#breadcrumb\"},\"inLanguage\":\"de-LU\",\"potentialAction\":[{\"@type\":\"ReadAction\",\"target\":[\"https:\/\/www.greenpeace.org\/luxembourg\/de\/presseerklaerungen\/13376\/die-luxemburger-landwirtschaftspolitik-von-morgen-gemeinsame-stellungnahme-von-greenpeace-naturemwelt-und-mouvement-ecologique\/\"]}]},{\"@type\":\"ImageObject\",\"inLanguage\":\"de-LU\",\"@id\":\"https:\/\/www.greenpeace.org\/luxembourg\/de\/presseerklaerungen\/13376\/die-luxemburger-landwirtschaftspolitik-von-morgen-gemeinsame-stellungnahme-von-greenpeace-naturemwelt-und-mouvement-ecologique\/#primaryimage\",\"url\":\"https:\/\/www.greenpeace.org\/static\/planet4-luxembourg-stateless\/2021\/12\/367a1704-gp1swhx0_web_size.jpg\",\"contentUrl\":\"https:\/\/www.greenpeace.org\/static\/planet4-luxembourg-stateless\/2021\/12\/367a1704-gp1swhx0_web_size.jpg\",\"width\":800,\"height\":533,\"caption\":\"Landscapes and scenes from various peatlands in autumn in Schleswig-Holstein. Pictured: Breitenburger Moor Dokumentation verschiedener Moorgebiete in Herbst in Schleswig-Holstein. Im Bild: Breitenburger Moor.\"},{\"@type\":\"BreadcrumbList\",\"@id\":\"https:\/\/www.greenpeace.org\/luxembourg\/de\/presseerklaerungen\/13376\/die-luxemburger-landwirtschaftspolitik-von-morgen-gemeinsame-stellungnahme-von-greenpeace-naturemwelt-und-mouvement-ecologique\/#breadcrumb\",\"itemListElement\":[{\"@type\":\"ListItem\",\"position\":1,\"name\":\"Home\",\"item\":\"http:\/\/www.greenpeace.org\/luxembourg\/fr\/\"},{\"@type\":\"ListItem\",\"position\":2,\"name\":\"Die Luxemburger Landwirtschaftspolitik von Morgen: Gemeinsame Stellungnahme von Greenpeace, natur&#038;\u00ebmwelt und Mouvement Ecologique\"}]},{\"@type\":\"WebSite\",\"@id\":\"https:\/\/www.greenpeace.org\/luxembourg\/fr\/#website\",\"url\":\"https:\/\/www.greenpeace.org\/luxembourg\/fr\/\",\"name\":\"Greenpeace Luxembourg\",\"description\":\"Greenpeace existiert, weil unsere Erde eine Stimme braucht. Sie ben\u00f6tigt L\u00f6sungen. Ver\u00e4nderungen. Aktionen.\",\"publisher\":{\"@id\":\"https:\/\/www.greenpeace.org\/luxembourg\/fr\/#organization\"},\"potentialAction\":[{\"@type\":\"SearchAction\",\"target\":{\"@type\":\"EntryPoint\",\"urlTemplate\":\"https:\/\/www.greenpeace.org\/luxembourg\/fr\/?s={search_term_string}\"},\"query-input\":{\"@type\":\"PropertyValueSpecification\",\"valueRequired\":true,\"valueName\":\"search_term_string\"}}],\"inLanguage\":\"de-LU\"},{\"@type\":\"Organization\",\"@id\":\"https:\/\/www.greenpeace.org\/luxembourg\/fr\/#organization\",\"name\":\"Greenpeace Luxembourg\",\"url\":\"https:\/\/www.greenpeace.org\/luxembourg\/fr\/\",\"logo\":{\"@type\":\"ImageObject\",\"inLanguage\":\"de-LU\",\"@id\":\"https:\/\/www.greenpeace.org\/luxembourg\/fr\/#\/schema\/logo\/image\/\",\"url\":\"https:\/\/www.greenpeace.org\/static\/planet4-luxembourg-stateless\/2026\/03\/3e367f94-greenpeace_logo_green_rgb.png\",\"contentUrl\":\"https:\/\/www.greenpeace.org\/static\/planet4-luxembourg-stateless\/2026\/03\/3e367f94-greenpeace_logo_green_rgb.png\",\"width\":1080,\"height\":175,\"caption\":\"Greenpeace Luxembourg\"},\"image\":{\"@id\":\"https:\/\/www.greenpeace.org\/luxembourg\/fr\/#\/schema\/logo\/image\/\"},\"sameAs\":[\"https:\/\/www.facebook.com\/greenpeaceluxembourg\",\"https:\/\/www.instagram.com\/greenpeacelux\/\",\"https:\/\/www.linkedin.com\/company\/greenpeace-luxembourg\/\",\"https:\/\/www.threads.com\/@greenpeacelux\",\"https:\/\/bsky.app\/profile\/greenpeacelux.bsky.social\",\"https:\/\/www.youtube.com\/@GreenpeaceLux\",\"https:\/\/www.tiktok.com\/@greenpeace_lux\"]},{\"@type\":\"Person\",\"@id\":\"https:\/\/www.greenpeace.org\/luxembourg\/fr\/#\/schema\/person\/3d0e81a859b59009fec36a8552ef76a7\",\"name\":\"Esther Wildanger\",\"url\":\"https:\/\/www.greenpeace.org\/luxembourg\/de\/author\/ewildang\/\"}]}<\/script>\n<!-- \/ Yoast SEO Premium plugin. -->","yoast_head_json":{"title":"Die Luxemburger Landwirtschaftspolitik von Morgen: Gemeinsame Stellungnahme von Greenpeace, natur&\u00ebmwelt und Mouvement Ecologique - Greenpeace Luxembourg","robots":{"index":"index","follow":"follow","max-snippet":"max-snippet:-1","max-image-preview":"max-image-preview:large","max-video-preview":"max-video-preview:-1"},"canonical":"https:\/\/www.greenpeace.org\/luxembourg\/de\/presseerklaerungen\/13376\/die-luxemburger-landwirtschaftspolitik-von-morgen-gemeinsame-stellungnahme-von-greenpeace-naturemwelt-und-mouvement-ecologique\/","og_locale":"de_DE","og_type":"article","og_title":"Die Luxemburger Landwirtschaftspolitik von Morgen: Gemeinsame Stellungnahme von Greenpeace, natur&\u00ebmwelt und Mouvement Ecologique","og_description":"\"Die Luxemburger Landwirtschaftspolitik von morgen\": Zu diesem Thema hatten die 3 nationalen Umweltorganisationen Greenpeace, natur&\u00ebmwelt und Mouvement Ecologique am Mittwoch, den 1. Dezember 2020 eine Anzeige in den Tageszeitungen Tageblatt...","og_url":"https:\/\/www.greenpeace.org\/luxembourg\/de\/presseerklaerungen\/13376\/die-luxemburger-landwirtschaftspolitik-von-morgen-gemeinsame-stellungnahme-von-greenpeace-naturemwelt-und-mouvement-ecologique\/","og_site_name":"Greenpeace Luxembourg","article_publisher":"https:\/\/www.facebook.com\/greenpeaceluxembourg","article_published_time":"2021-12-22T10:50:46+00:00","article_modified_time":"2021-12-22T10:52:22+00:00","og_image":[{"width":800,"height":533,"url":"https:\/\/www.greenpeace.org\/static\/planet4-luxembourg-stateless\/2021\/12\/367a1704-gp1swhx0_web_size.jpg","type":"image\/jpeg"}],"author":"Esther Wildanger","twitter_card":"summary_large_image","twitter_misc":{"Written by":"Esther Wildanger","Est. reading time":"2 minutes"},"schema":{"@context":"https:\/\/schema.org","@graph":[{"@type":"Article","@id":"https:\/\/www.greenpeace.org\/luxembourg\/de\/presseerklaerungen\/13376\/die-luxemburger-landwirtschaftspolitik-von-morgen-gemeinsame-stellungnahme-von-greenpeace-naturemwelt-und-mouvement-ecologique\/#article","isPartOf":{"@id":"https:\/\/www.greenpeace.org\/luxembourg\/de\/presseerklaerungen\/13376\/die-luxemburger-landwirtschaftspolitik-von-morgen-gemeinsame-stellungnahme-von-greenpeace-naturemwelt-und-mouvement-ecologique\/"},"author":{"name":"Esther Wildanger","@id":"https:\/\/www.greenpeace.org\/luxembourg\/fr\/#\/schema\/person\/3d0e81a859b59009fec36a8552ef76a7"},"headline":"Die Luxemburger Landwirtschaftspolitik von Morgen: Gemeinsame Stellungnahme von Greenpeace, natur&#038;\u00ebmwelt und Mouvement Ecologique","datePublished":"2021-12-22T10:50:46+00:00","dateModified":"2021-12-22T10:52:22+00:00","mainEntityOfPage":{"@id":"https:\/\/www.greenpeace.org\/luxembourg\/de\/presseerklaerungen\/13376\/die-luxemburger-landwirtschaftspolitik-von-morgen-gemeinsame-stellungnahme-von-greenpeace-naturemwelt-und-mouvement-ecologique\/"},"wordCount":452,"publisher":{"@id":"https:\/\/www.greenpeace.org\/luxembourg\/fr\/#organization"},"image":{"@id":"https:\/\/www.greenpeace.org\/luxembourg\/de\/presseerklaerungen\/13376\/die-luxemburger-landwirtschaftspolitik-von-morgen-gemeinsame-stellungnahme-von-greenpeace-naturemwelt-und-mouvement-ecologique\/#primaryimage"},"thumbnailUrl":"https:\/\/www.greenpeace.org\/static\/planet4-luxembourg-stateless\/2021\/12\/367a1704-gp1swhx0_web_size.jpg","keywords":["NachhaltigeLandwirtschaft"],"articleSection":["Natur"],"inLanguage":"de-LU"},{"@type":"WebPage","@id":"https:\/\/www.greenpeace.org\/luxembourg\/de\/presseerklaerungen\/13376\/die-luxemburger-landwirtschaftspolitik-von-morgen-gemeinsame-stellungnahme-von-greenpeace-naturemwelt-und-mouvement-ecologique\/","url":"https:\/\/www.greenpeace.org\/luxembourg\/de\/presseerklaerungen\/13376\/die-luxemburger-landwirtschaftspolitik-von-morgen-gemeinsame-stellungnahme-von-greenpeace-naturemwelt-und-mouvement-ecologique\/","name":"Die Luxemburger Landwirtschaftspolitik von Morgen: Gemeinsame Stellungnahme von Greenpeace, natur&\u00ebmwelt und Mouvement Ecologique - Greenpeace Luxembourg","isPartOf":{"@id":"https:\/\/www.greenpeace.org\/luxembourg\/fr\/#website"},"primaryImageOfPage":{"@id":"https:\/\/www.greenpeace.org\/luxembourg\/de\/presseerklaerungen\/13376\/die-luxemburger-landwirtschaftspolitik-von-morgen-gemeinsame-stellungnahme-von-greenpeace-naturemwelt-und-mouvement-ecologique\/#primaryimage"},"image":{"@id":"https:\/\/www.greenpeace.org\/luxembourg\/de\/presseerklaerungen\/13376\/die-luxemburger-landwirtschaftspolitik-von-morgen-gemeinsame-stellungnahme-von-greenpeace-naturemwelt-und-mouvement-ecologique\/#primaryimage"},"thumbnailUrl":"https:\/\/www.greenpeace.org\/static\/planet4-luxembourg-stateless\/2021\/12\/367a1704-gp1swhx0_web_size.jpg","datePublished":"2021-12-22T10:50:46+00:00","dateModified":"2021-12-22T10:52:22+00:00","breadcrumb":{"@id":"https:\/\/www.greenpeace.org\/luxembourg\/de\/presseerklaerungen\/13376\/die-luxemburger-landwirtschaftspolitik-von-morgen-gemeinsame-stellungnahme-von-greenpeace-naturemwelt-und-mouvement-ecologique\/#breadcrumb"},"inLanguage":"de-LU","potentialAction":[{"@type":"ReadAction","target":["https:\/\/www.greenpeace.org\/luxembourg\/de\/presseerklaerungen\/13376\/die-luxemburger-landwirtschaftspolitik-von-morgen-gemeinsame-stellungnahme-von-greenpeace-naturemwelt-und-mouvement-ecologique\/"]}]},{"@type":"ImageObject","inLanguage":"de-LU","@id":"https:\/\/www.greenpeace.org\/luxembourg\/de\/presseerklaerungen\/13376\/die-luxemburger-landwirtschaftspolitik-von-morgen-gemeinsame-stellungnahme-von-greenpeace-naturemwelt-und-mouvement-ecologique\/#primaryimage","url":"https:\/\/www.greenpeace.org\/static\/planet4-luxembourg-stateless\/2021\/12\/367a1704-gp1swhx0_web_size.jpg","contentUrl":"https:\/\/www.greenpeace.org\/static\/planet4-luxembourg-stateless\/2021\/12\/367a1704-gp1swhx0_web_size.jpg","width":800,"height":533,"caption":"Landscapes and scenes from various peatlands in autumn in Schleswig-Holstein. Pictured: Breitenburger Moor Dokumentation verschiedener Moorgebiete in Herbst in Schleswig-Holstein. Im Bild: Breitenburger Moor."},{"@type":"BreadcrumbList","@id":"https:\/\/www.greenpeace.org\/luxembourg\/de\/presseerklaerungen\/13376\/die-luxemburger-landwirtschaftspolitik-von-morgen-gemeinsame-stellungnahme-von-greenpeace-naturemwelt-und-mouvement-ecologique\/#breadcrumb","itemListElement":[{"@type":"ListItem","position":1,"name":"Home","item":"http:\/\/www.greenpeace.org\/luxembourg\/fr\/"},{"@type":"ListItem","position":2,"name":"Die Luxemburger Landwirtschaftspolitik von Morgen: Gemeinsame Stellungnahme von Greenpeace, natur&#038;\u00ebmwelt und Mouvement Ecologique"}]},{"@type":"WebSite","@id":"https:\/\/www.greenpeace.org\/luxembourg\/fr\/#website","url":"https:\/\/www.greenpeace.org\/luxembourg\/fr\/","name":"Greenpeace Luxembourg","description":"Greenpeace existiert, weil unsere Erde eine Stimme braucht. Sie ben\u00f6tigt L\u00f6sungen. Ver\u00e4nderungen. Aktionen.","publisher":{"@id":"https:\/\/www.greenpeace.org\/luxembourg\/fr\/#organization"},"potentialAction":[{"@type":"SearchAction","target":{"@type":"EntryPoint","urlTemplate":"https:\/\/www.greenpeace.org\/luxembourg\/fr\/?s={search_term_string}"},"query-input":{"@type":"PropertyValueSpecification","valueRequired":true,"valueName":"search_term_string"}}],"inLanguage":"de-LU"},{"@type":"Organization","@id":"https:\/\/www.greenpeace.org\/luxembourg\/fr\/#organization","name":"Greenpeace Luxembourg","url":"https:\/\/www.greenpeace.org\/luxembourg\/fr\/","logo":{"@type":"ImageObject","inLanguage":"de-LU","@id":"https:\/\/www.greenpeace.org\/luxembourg\/fr\/#\/schema\/logo\/image\/","url":"https:\/\/www.greenpeace.org\/static\/planet4-luxembourg-stateless\/2026\/03\/3e367f94-greenpeace_logo_green_rgb.png","contentUrl":"https:\/\/www.greenpeace.org\/static\/planet4-luxembourg-stateless\/2026\/03\/3e367f94-greenpeace_logo_green_rgb.png","width":1080,"height":175,"caption":"Greenpeace Luxembourg"},"image":{"@id":"https:\/\/www.greenpeace.org\/luxembourg\/fr\/#\/schema\/logo\/image\/"},"sameAs":["https:\/\/www.facebook.com\/greenpeaceluxembourg","https:\/\/www.instagram.com\/greenpeacelux\/","https:\/\/www.linkedin.com\/company\/greenpeace-luxembourg\/","https:\/\/www.threads.com\/@greenpeacelux","https:\/\/bsky.app\/profile\/greenpeacelux.bsky.social","https:\/\/www.youtube.com\/@GreenpeaceLux","https:\/\/www.tiktok.com\/@greenpeace_lux"]},{"@type":"Person","@id":"https:\/\/www.greenpeace.org\/luxembourg\/fr\/#\/schema\/person\/3d0e81a859b59009fec36a8552ef76a7","name":"Esther Wildanger","url":"https:\/\/www.greenpeace.org\/luxembourg\/de\/author\/ewildang\/"}]}},"_links":{"self":[{"href":"https:\/\/www.greenpeace.org\/luxembourg\/de\/wp-json\/wp\/v2\/posts\/13376","targetHints":{"allow":["GET"]}}],"collection":[{"href":"https:\/\/www.greenpeace.org\/luxembourg\/de\/wp-json\/wp\/v2\/posts"}],"about":[{"href":"https:\/\/www.greenpeace.org\/luxembourg\/de\/wp-json\/wp\/v2\/types\/post"}],"author":[{"embeddable":true,"href":"https:\/\/www.greenpeace.org\/luxembourg\/de\/wp-json\/wp\/v2\/users\/25"}],"replies":[{"embeddable":true,"href":"https:\/\/www.greenpeace.org\/luxembourg\/de\/wp-json\/wp\/v2\/comments?post=13376"}],"version-history":[{"count":2,"href":"https:\/\/www.greenpeace.org\/luxembourg\/de\/wp-json\/wp\/v2\/posts\/13376\/revisions"}],"predecessor-version":[{"id":13380,"href":"https:\/\/www.greenpeace.org\/luxembourg\/de\/wp-json\/wp\/v2\/posts\/13376\/revisions\/13380"}],"wp:featuredmedia":[{"embeddable":true,"href":"https:\/\/www.greenpeace.org\/luxembourg\/de\/wp-json\/wp\/v2\/media\/13377"}],"wp:attachment":[{"href":"https:\/\/www.greenpeace.org\/luxembourg\/de\/wp-json\/wp\/v2\/media?parent=13376"}],"wp:term":[{"taxonomy":"category","embeddable":true,"href":"https:\/\/www.greenpeace.org\/luxembourg\/de\/wp-json\/wp\/v2\/categories?post=13376"},{"taxonomy":"post_tag","embeddable":true,"href":"https:\/\/www.greenpeace.org\/luxembourg\/de\/wp-json\/wp\/v2\/tags?post=13376"},{"taxonomy":"p4-page-type","embeddable":true,"href":"https:\/\/www.greenpeace.org\/luxembourg\/de\/wp-json\/wp\/v2\/p4-page-type?post=13376"}],"curies":[{"name":"wp","href":"https:\/\/api.w.org\/{rel}","templated":true}]}}