{"id":13458,"date":"2022-01-11T11:17:46","date_gmt":"2022-01-11T09:17:46","guid":{"rendered":"https:\/\/www.greenpeace.org\/luxembourg\/?p=13458"},"modified":"2022-01-11T11:17:50","modified_gmt":"2022-01-11T09:17:50","slug":"arcelormittal-muss-die-erweiterung-einer-kanadischen-mine-die-die-lebensweise-der-inuit-bedroht-aufhalten","status":"publish","type":"post","link":"https:\/\/www.greenpeace.org\/luxembourg\/de\/aktualitaet\/13458\/arcelormittal-muss-die-erweiterung-einer-kanadischen-mine-die-die-lebensweise-der-inuit-bedroht-aufhalten\/","title":{"rendered":"ArcelorMittal muss die Erweiterung einer kanadischen Mine, die die Lebensweise der Inuit bedroht, aufhalten"},"content":{"rendered":"\n<p><strong><em>Naymen Inuarak<\/em><\/strong> <em>ist ein Inuk-J\u00e4ger aus Pond Inlet, Nunavut, und ein Gr\u00fcndungsmitglied der Nuluujaat Land Guardians. Inuarak schrieb diesen Kommentar im Namen der<\/em> <strong><em>Nuluujaat Land Guardians<\/em><\/strong><em>. <\/em><\/p>\n\n<p>Wir sind die Nuluujaat Land Guardians. Wir sind eine Gruppe von Inuit-J\u00e4gern und Gemeindemitgliedern aus der Region Nord-Qikiqtaaluk (Nord-Baffin) in Kanada, die sich zusammengeschlossen hat, um unser Inuit-Territorium (Nuluujaat) vor den T\u00e4tigkeiten der Baffinland Iron Mines Corporation zu sch\u00fctzen, einem Unternehmen, deren Miteigent\u00fcmerin die in Luxemburg ans\u00e4ssige Firma ArcelorMittal ist. <\/p>\n\n<figure class=\"wp-block-image size-full\"><img loading=\"lazy\" decoding=\"async\" width=\"480\" height=\"218\" src=\"https:\/\/www.greenpeace.org\/static\/planet4-luxembourg-stateless\/2022\/01\/0df60f07-152406971_896242957839644_2110982019236997966_n.jpg\" alt=\"\" class=\"wp-image-13451\" srcset=\"https:\/\/www.greenpeace.org\/static\/planet4-luxembourg-stateless\/2022\/01\/0df60f07-152406971_896242957839644_2110982019236997966_n.jpg 480w, https:\/\/www.greenpeace.org\/static\/planet4-luxembourg-stateless\/2022\/01\/0df60f07-152406971_896242957839644_2110982019236997966_n-300x136.jpg 300w\" sizes=\"auto, (max-width: 480px) 100vw, 480px\" \/><figcaption> Nuluujaat Land Guardians <\/figcaption><\/figure>\n\n<p>Die 2. Phase von Baffinlands Erweiterungsvorschlag f\u00fcr die Mary-River-Eisenmine in Nuluujaat w\u00fcrde die Produktion der Mine von 6 auf 12 Millionen Tonnen pro Jahr verdoppeln und den Bau einer neuen Eisenbahnlinie f\u00fcr den Transport des Eisenerzes beinhalten. Dies k\u00f6nnte katastrophale Folgen f\u00fcr unsere Inuit-Gemeinschaften haben, die von der Umwelt und der Tierwelt der Arktis abh\u00e4ngig sind. Die Mine liegt in der N\u00e4he wichtiger Narwal-Kalbungsgebiete, und die Eisenbahnlinie w\u00fcrde eine wichtige Karibu-Wanderroute kreuzen.<\/p>\n\n<p>Obwohl sich ArcelorMittal im Rahmen seiner Menschenrechtspolitik zur Achtung der Rechte der indigenen Bev\u00f6lkerung verpflichtet hat und Mitglied der <em>Responsible Steel Initiative<\/em> ist, werden unsere Bedenken nicht ber\u00fccksichtigt. Der Erweiterungsvorschlag wird trotz des klaren Widerstands der Inuit vorangetrieben.<\/p>\n\n<p>Neben der Tatsache, dass ArcelorMittal Miteigent\u00fcmerin von Baffinland ist, ist die kanadische Mine einer der wichtigsten Eisenerzlieferanten des luxemburgischen Stahlriesen. ArcelorMittal hat auch die Option, zur Finanzierung des Ausbaus beizutragen. Folglich hat ArcelorMittal gro\u00dfen Einfluss auf das, was Baffinland tut. <\/p>\n\n<p>Auch die luxemburgische Regierung hat eine Verantwortung, sich gegen diese Expansion auszusprechen. Als Minderheitsaktion\u00e4r von ArcelorMittal kann sie dazu beitragen, dass das Unternehmen das Richtige tut. ArcelorMittal ist ein Vertreter Ihres Landes in der Welt. Wollen Sie, dass das gr\u00f6\u00dfte Unternehmen Ihres Landes die Umweltzerst\u00f6rung und die Verletzung der Rechte indigener V\u00f6lker unterst\u00fctzt und davon profitiert?<\/p>\n\n<p>Die Inuit haben viele ernsthafte Bedenken \u00fcber den Vorschlag von Baffinland ge\u00e4u\u00dfert. Wir f\u00fcrchten die Auswirkungen, die eine Ausweitung der Produktion auf unsere Umwelt und die Tiere haben wird, auf die wir f\u00fcr unsere Ern\u00e4hrung und unseren Lebensunterhalt angewiesen sind. Unsere Lebensweise h\u00e4ngt von Robben, Narwalen und anderen Tieren ab, und es ist f\u00fcr uns von entscheidender Bedeutung, dass diese Tiere gesund bleiben.<\/p>\n\n<p>Sie werden jedoch bereits durch die derzeitige Produktion in der Mine beeintr\u00e4chtigt. Inuit-J\u00e4ger und -\u00c4lteste haben ernsthafte Auswirkungen auf die Tierwelt beobachtet. Wir sind zutiefst besorgt, dass dieses Erweiterungsprojekt &#8211; falls es genehmigt wird &#8211; unseren Tieren, unserem Lebensunterhalt und unserer Kultur inakzeptablen Schaden zuf\u00fcgen wird. <\/p>\n\n<figure class=\"wp-block-image size-full\"><img loading=\"lazy\" decoding=\"async\" width=\"912\" height=\"684\" src=\"https:\/\/www.greenpeace.org\/static\/planet4-luxembourg-stateless\/2022\/01\/83ce0e1c-image-13.jpg\" alt=\"\" class=\"wp-image-13455\" srcset=\"https:\/\/www.greenpeace.org\/static\/planet4-luxembourg-stateless\/2022\/01\/83ce0e1c-image-13.jpg 912w, https:\/\/www.greenpeace.org\/static\/planet4-luxembourg-stateless\/2022\/01\/83ce0e1c-image-13-300x225.jpg 300w, https:\/\/www.greenpeace.org\/static\/planet4-luxembourg-stateless\/2022\/01\/83ce0e1c-image-13-768x576.jpg 768w, https:\/\/www.greenpeace.org\/static\/planet4-luxembourg-stateless\/2022\/01\/83ce0e1c-image-13-453x340.jpg 453w\" sizes=\"auto, (max-width: 912px) 100vw, 912px\" \/><figcaption> Baffinland betreibt die Mary-River-Mine seit 2014. <\/figcaption><\/figure>\n\n<p>In dieser Zeit haben wir versucht, im guten Glauben mit dem Unternehmen zu verhandeln, um unsere Bedenken auszur\u00e4umen. Wir sind nicht gegen jeglichen Bergbau. Wir wollen nur, dass der Bergbau in einer sozial und \u00f6kologisch verantwortlichen Weise betrieben wird, die die Kultur der Inuit und unser Recht respektiert, zu entscheiden, was in unserem Gebiet geschieht.<\/p>\n\n<p>Die Weigerung von Baffinland, sein schlechtes Verhalten zu \u00e4ndern, l\u00e4sst uns nur wenige M\u00f6glichkeiten. Deshalb haben wir Anfang Februar letzten Jahres die Mary-River-Mine blockiert, um gegen das Vorgehen des Unternehmens zu protestieren, und spontane Solidarit\u00e4tsproteste zur Unterst\u00fctzung unserer Aktionen haben sich in ganz Nunavut verbreitet.<\/p>\n\n<p>Wir haben diese Aktion nicht auf die leichte Schulter genommen. Wir haben uns dazu entschlossen, weil so viel f\u00fcr uns auf dem Spiel steht. Unsere Kultur und unsere Lebensweise sind mit dem Land verwurzelt. Es geht um unser Recht zu \u00fcberleben, um unser Recht zu essen und um unser Recht, weiterhin gem\u00e4ss unserer \u00dcberzeugung vom Land zu leben, so wie es die Inuit seit Jahrtausenden getan haben. Es geht um unsere Verantwortung, das Land, das uns ern\u00e4hrt, zu sch\u00fctzen.<\/p>\n\n<p>Die Solidarit\u00e4tsproteste breiteten sich aus und erreichten sogar Luxemburg, wo Greenpeace zur Unterst\u00fctzung unserer Sache vor dem Hauptsitz von ArcelorMittal protestierte. Alles, was das Unternehmen zu sagen hatte, war, dass &#8220;<em>ArcelorMittal in direktem Kontakt mit dem Management von Baffinland steht, was die Entwicklung des Mary River-Projekts betrifft\u201d, <\/em>und sie uns versichern, dass sie <em>\u201cdie Gemeinde weiterhin aufkl\u00e4ren und einbeziehen werden, um eine f\u00fcr beide Seiten akzeptable L\u00f6sung zu finden.<\/em>\u201d <\/p>\n\n<figure class=\"wp-block-image size-full\"><img loading=\"lazy\" decoding=\"async\" width=\"800\" height=\"533\" src=\"https:\/\/www.greenpeace.org\/static\/planet4-luxembourg-stateless\/2022\/01\/be85567e-gp1svdul_web_size_with_credit_line.jpg\" alt=\"\" class=\"wp-image-13453\" srcset=\"https:\/\/www.greenpeace.org\/static\/planet4-luxembourg-stateless\/2022\/01\/be85567e-gp1svdul_web_size_with_credit_line.jpg 800w, https:\/\/www.greenpeace.org\/static\/planet4-luxembourg-stateless\/2022\/01\/be85567e-gp1svdul_web_size_with_credit_line-300x200.jpg 300w, https:\/\/www.greenpeace.org\/static\/planet4-luxembourg-stateless\/2022\/01\/be85567e-gp1svdul_web_size_with_credit_line-768x512.jpg 768w, https:\/\/www.greenpeace.org\/static\/planet4-luxembourg-stateless\/2022\/01\/be85567e-gp1svdul_web_size_with_credit_line-510x340.jpg 510w\" sizes=\"auto, (max-width: 800px) 100vw, 800px\" \/><figcaption>AktivistInnen von Greenpeace Luxemburg versammeln sich vor dem Hauptsitz von ArcelorMittal in Luxemburg, um aus Solidarit\u00e4t mit den Inuit-Gemeinden zu protestieren, die von einer Eisenerzmine in der kanadischen Arktis betroffen sind, die von Baffinland, einem Unternehmen im gemeinsamen Besitz von ArcelorMittal, betrieben wird. <\/figcaption><\/figure>\n\n<p>Bei allem Respekt, es sind nicht die Inuit, die hier Aufkl\u00e4rung ben\u00f6tigen, sondern die Unternehmen, die in unser Gebiet kommen und unsere Lebensweise bedrohen. Die einzige akzeptable L\u00f6sung f\u00fcr uns, die Inuit-J\u00e4ger, besteht darin, die Erweiterung abzubrechen. ArcelorMittal, als Aktion\u00e4rin und Kundin von Baffinland, muss sich aktiv gegen die Erweiterung stellen und die Finanzierung ablehnen. Die luxemburgische Regierung muss ArcelorMittal dr\u00e4ngen, das Richtige zu tun. Dies ist notwendig, um unsere Lebensgrundlagen und die Umwelt der Arktis zu sch\u00fctzen.<\/p>\n","protected":false},"excerpt":{"rendered":"<p>Naymen Inuarak, ein Inuit-J\u00e4ger, schrieb einen Kommentar zum Mary-River-Minenprojekt in der kanadischen Arktis.<\/p>\n","protected":false},"author":31,"featured_media":13461,"comment_status":"closed","ping_status":"closed","sticky":false,"template":"","format":"standard","meta":{"ep_exclude_from_search":false,"p4_og_title":"","p4_og_description":"","p4_og_image":"","p4_og_image_id":"","p4_seo_canonical_url":"","p4_campaign_name":"not set","p4_local_project":"not set","p4_basket_name":"not set","p4_department":"","footnotes":""},"categories":[47,46],"tags":[60],"p4-page-type":[68],"class_list":["post-13458","post","type-post","status-publish","format-standard","has-post-thumbnail","hentry","category-natur","category-problem","tag-luxemburg","p4-page-type-aktualitaet"],"yoast_head":"<!-- This site is optimized with the Yoast SEO Premium plugin v23.9 (Yoast SEO v23.9) - https:\/\/yoast.com\/wordpress\/plugins\/seo\/ -->\n<title>ArcelorMittal muss die Erweiterung einer kanadischen Mine, die die Lebensweise der Inuit bedroht, aufhalten - Greenpeace Luxembourg<\/title>\n<meta name=\"robots\" content=\"index, follow, max-snippet:-1, max-image-preview:large, max-video-preview:-1\" \/>\n<link rel=\"canonical\" href=\"https:\/\/www.greenpeace.org\/luxembourg\/de\/aktualitaet\/13458\/arcelormittal-muss-die-erweiterung-einer-kanadischen-mine-die-die-lebensweise-der-inuit-bedroht-aufhalten\/\" \/>\n<meta property=\"og:locale\" content=\"de_DE\" \/>\n<meta property=\"og:type\" content=\"article\" \/>\n<meta property=\"og:title\" content=\"ArcelorMittal muss die Erweiterung einer kanadischen Mine, die die Lebensweise der Inuit bedroht, aufhalten\" \/>\n<meta property=\"og:description\" content=\"Naymen Inuarak, ein Inuit-J\u00e4ger, schrieb einen Kommentar zum Mary-River-Minenprojekt in der kanadischen Arktis.\" \/>\n<meta property=\"og:url\" content=\"https:\/\/www.greenpeace.org\/luxembourg\/de\/aktualitaet\/13458\/arcelormittal-muss-die-erweiterung-einer-kanadischen-mine-die-die-lebensweise-der-inuit-bedroht-aufhalten\/\" \/>\n<meta property=\"og:site_name\" content=\"Greenpeace Luxembourg\" \/>\n<meta property=\"article:publisher\" content=\"https:\/\/www.facebook.com\/greenpeaceluxembourg\" \/>\n<meta property=\"article:published_time\" content=\"2022-01-11T09:17:46+00:00\" \/>\n<meta property=\"article:modified_time\" content=\"2022-01-11T09:17:50+00:00\" \/>\n<meta property=\"og:image\" content=\"https:\/\/www.greenpeace.org\/static\/planet4-luxembourg-stateless\/2022\/01\/732506a8-christi-belcourt-baffinland.jpg\" \/>\n\t<meta property=\"og:image:width\" content=\"2048\" \/>\n\t<meta property=\"og:image:height\" content=\"2046\" \/>\n\t<meta property=\"og:image:type\" content=\"image\/jpeg\" \/>\n<meta name=\"author\" content=\"Myriam Wecker\" \/>\n<meta name=\"twitter:card\" content=\"summary_large_image\" \/>\n<meta name=\"twitter:label1\" content=\"Written by\" \/>\n\t<meta name=\"twitter:data1\" content=\"Myriam Wecker\" \/>\n\t<meta name=\"twitter:label2\" content=\"Est. reading time\" \/>\n\t<meta name=\"twitter:data2\" content=\"4 minutes\" \/>\n<script type=\"application\/ld+json\" class=\"yoast-schema-graph\">{\"@context\":\"https:\/\/schema.org\",\"@graph\":[{\"@type\":\"Article\",\"@id\":\"https:\/\/www.greenpeace.org\/luxembourg\/de\/aktualitaet\/13458\/arcelormittal-muss-die-erweiterung-einer-kanadischen-mine-die-die-lebensweise-der-inuit-bedroht-aufhalten\/#article\",\"isPartOf\":{\"@id\":\"https:\/\/www.greenpeace.org\/luxembourg\/de\/aktualitaet\/13458\/arcelormittal-muss-die-erweiterung-einer-kanadischen-mine-die-die-lebensweise-der-inuit-bedroht-aufhalten\/\"},\"author\":{\"name\":\"Myriam Wecker\",\"@id\":\"https:\/\/www.greenpeace.org\/luxembourg\/fr\/#\/schema\/person\/c2ae6002b8ed18c00be0c6b320eea776\"},\"headline\":\"ArcelorMittal muss die Erweiterung einer kanadischen Mine, die die Lebensweise der Inuit bedroht, aufhalten\",\"datePublished\":\"2022-01-11T09:17:46+00:00\",\"dateModified\":\"2022-01-11T09:17:50+00:00\",\"mainEntityOfPage\":{\"@id\":\"https:\/\/www.greenpeace.org\/luxembourg\/de\/aktualitaet\/13458\/arcelormittal-muss-die-erweiterung-einer-kanadischen-mine-die-die-lebensweise-der-inuit-bedroht-aufhalten\/\"},\"wordCount\":837,\"publisher\":{\"@id\":\"https:\/\/www.greenpeace.org\/luxembourg\/fr\/#organization\"},\"image\":{\"@id\":\"https:\/\/www.greenpeace.org\/luxembourg\/de\/aktualitaet\/13458\/arcelormittal-muss-die-erweiterung-einer-kanadischen-mine-die-die-lebensweise-der-inuit-bedroht-aufhalten\/#primaryimage\"},\"thumbnailUrl\":\"https:\/\/www.greenpeace.org\/static\/planet4-luxembourg-stateless\/2022\/01\/732506a8-christi-belcourt-baffinland.jpg\",\"keywords\":[\"Luxemburg\"],\"articleSection\":[\"Natur\",\"Problem\"],\"inLanguage\":\"de-LU\"},{\"@type\":\"WebPage\",\"@id\":\"https:\/\/www.greenpeace.org\/luxembourg\/de\/aktualitaet\/13458\/arcelormittal-muss-die-erweiterung-einer-kanadischen-mine-die-die-lebensweise-der-inuit-bedroht-aufhalten\/\",\"url\":\"https:\/\/www.greenpeace.org\/luxembourg\/de\/aktualitaet\/13458\/arcelormittal-muss-die-erweiterung-einer-kanadischen-mine-die-die-lebensweise-der-inuit-bedroht-aufhalten\/\",\"name\":\"ArcelorMittal muss die Erweiterung einer kanadischen Mine, die die Lebensweise der Inuit bedroht, aufhalten - Greenpeace Luxembourg\",\"isPartOf\":{\"@id\":\"https:\/\/www.greenpeace.org\/luxembourg\/fr\/#website\"},\"primaryImageOfPage\":{\"@id\":\"https:\/\/www.greenpeace.org\/luxembourg\/de\/aktualitaet\/13458\/arcelormittal-muss-die-erweiterung-einer-kanadischen-mine-die-die-lebensweise-der-inuit-bedroht-aufhalten\/#primaryimage\"},\"image\":{\"@id\":\"https:\/\/www.greenpeace.org\/luxembourg\/de\/aktualitaet\/13458\/arcelormittal-muss-die-erweiterung-einer-kanadischen-mine-die-die-lebensweise-der-inuit-bedroht-aufhalten\/#primaryimage\"},\"thumbnailUrl\":\"https:\/\/www.greenpeace.org\/static\/planet4-luxembourg-stateless\/2022\/01\/732506a8-christi-belcourt-baffinland.jpg\",\"datePublished\":\"2022-01-11T09:17:46+00:00\",\"dateModified\":\"2022-01-11T09:17:50+00:00\",\"breadcrumb\":{\"@id\":\"https:\/\/www.greenpeace.org\/luxembourg\/de\/aktualitaet\/13458\/arcelormittal-muss-die-erweiterung-einer-kanadischen-mine-die-die-lebensweise-der-inuit-bedroht-aufhalten\/#breadcrumb\"},\"inLanguage\":\"de-LU\",\"potentialAction\":[{\"@type\":\"ReadAction\",\"target\":[\"https:\/\/www.greenpeace.org\/luxembourg\/de\/aktualitaet\/13458\/arcelormittal-muss-die-erweiterung-einer-kanadischen-mine-die-die-lebensweise-der-inuit-bedroht-aufhalten\/\"]}]},{\"@type\":\"ImageObject\",\"inLanguage\":\"de-LU\",\"@id\":\"https:\/\/www.greenpeace.org\/luxembourg\/de\/aktualitaet\/13458\/arcelormittal-muss-die-erweiterung-einer-kanadischen-mine-die-die-lebensweise-der-inuit-bedroht-aufhalten\/#primaryimage\",\"url\":\"https:\/\/www.greenpeace.org\/static\/planet4-luxembourg-stateless\/2022\/01\/732506a8-christi-belcourt-baffinland.jpg\",\"contentUrl\":\"https:\/\/www.greenpeace.org\/static\/planet4-luxembourg-stateless\/2022\/01\/732506a8-christi-belcourt-baffinland.jpg\",\"width\":2048,\"height\":2046},{\"@type\":\"BreadcrumbList\",\"@id\":\"https:\/\/www.greenpeace.org\/luxembourg\/de\/aktualitaet\/13458\/arcelormittal-muss-die-erweiterung-einer-kanadischen-mine-die-die-lebensweise-der-inuit-bedroht-aufhalten\/#breadcrumb\",\"itemListElement\":[{\"@type\":\"ListItem\",\"position\":1,\"name\":\"Home\",\"item\":\"http:\/\/www.greenpeace.org\/luxembourg\/fr\/\"},{\"@type\":\"ListItem\",\"position\":2,\"name\":\"ArcelorMittal muss die Erweiterung einer kanadischen Mine, die die Lebensweise der Inuit bedroht, aufhalten\"}]},{\"@type\":\"WebSite\",\"@id\":\"https:\/\/www.greenpeace.org\/luxembourg\/fr\/#website\",\"url\":\"https:\/\/www.greenpeace.org\/luxembourg\/fr\/\",\"name\":\"Greenpeace Luxembourg\",\"description\":\"Greenpeace existiert, weil unsere Erde eine Stimme braucht. Sie ben\u00f6tigt L\u00f6sungen. Ver\u00e4nderungen. Aktionen.\",\"publisher\":{\"@id\":\"https:\/\/www.greenpeace.org\/luxembourg\/fr\/#organization\"},\"potentialAction\":[{\"@type\":\"SearchAction\",\"target\":{\"@type\":\"EntryPoint\",\"urlTemplate\":\"https:\/\/www.greenpeace.org\/luxembourg\/fr\/?s={search_term_string}\"},\"query-input\":{\"@type\":\"PropertyValueSpecification\",\"valueRequired\":true,\"valueName\":\"search_term_string\"}}],\"inLanguage\":\"de-LU\"},{\"@type\":\"Organization\",\"@id\":\"https:\/\/www.greenpeace.org\/luxembourg\/fr\/#organization\",\"name\":\"Greenpeace Luxembourg\",\"url\":\"https:\/\/www.greenpeace.org\/luxembourg\/fr\/\",\"logo\":{\"@type\":\"ImageObject\",\"inLanguage\":\"de-LU\",\"@id\":\"https:\/\/www.greenpeace.org\/luxembourg\/fr\/#\/schema\/logo\/image\/\",\"url\":\"https:\/\/www.greenpeace.org\/static\/planet4-luxembourg-stateless\/2026\/03\/3e367f94-greenpeace_logo_green_rgb.png\",\"contentUrl\":\"https:\/\/www.greenpeace.org\/static\/planet4-luxembourg-stateless\/2026\/03\/3e367f94-greenpeace_logo_green_rgb.png\",\"width\":1080,\"height\":175,\"caption\":\"Greenpeace Luxembourg\"},\"image\":{\"@id\":\"https:\/\/www.greenpeace.org\/luxembourg\/fr\/#\/schema\/logo\/image\/\"},\"sameAs\":[\"https:\/\/www.facebook.com\/greenpeaceluxembourg\",\"https:\/\/www.instagram.com\/greenpeacelux\/\",\"https:\/\/www.linkedin.com\/company\/greenpeace-luxembourg\/\",\"https:\/\/www.threads.com\/@greenpeacelux\",\"https:\/\/bsky.app\/profile\/greenpeacelux.bsky.social\",\"https:\/\/www.youtube.com\/@GreenpeaceLux\",\"https:\/\/www.tiktok.com\/@greenpeace_lux\"]},{\"@type\":\"Person\",\"@id\":\"https:\/\/www.greenpeace.org\/luxembourg\/fr\/#\/schema\/person\/c2ae6002b8ed18c00be0c6b320eea776\",\"name\":\"Myriam Wecker\",\"url\":\"https:\/\/www.greenpeace.org\/luxembourg\/de\/author\/mwecker\/\"}]}<\/script>\n<!-- \/ Yoast SEO Premium plugin. -->","yoast_head_json":{"title":"ArcelorMittal muss die Erweiterung einer kanadischen Mine, die die Lebensweise der Inuit bedroht, aufhalten - Greenpeace Luxembourg","robots":{"index":"index","follow":"follow","max-snippet":"max-snippet:-1","max-image-preview":"max-image-preview:large","max-video-preview":"max-video-preview:-1"},"canonical":"https:\/\/www.greenpeace.org\/luxembourg\/de\/aktualitaet\/13458\/arcelormittal-muss-die-erweiterung-einer-kanadischen-mine-die-die-lebensweise-der-inuit-bedroht-aufhalten\/","og_locale":"de_DE","og_type":"article","og_title":"ArcelorMittal muss die Erweiterung einer kanadischen Mine, die die Lebensweise der Inuit bedroht, aufhalten","og_description":"Naymen Inuarak, ein Inuit-J\u00e4ger, schrieb einen Kommentar zum Mary-River-Minenprojekt in der kanadischen Arktis.","og_url":"https:\/\/www.greenpeace.org\/luxembourg\/de\/aktualitaet\/13458\/arcelormittal-muss-die-erweiterung-einer-kanadischen-mine-die-die-lebensweise-der-inuit-bedroht-aufhalten\/","og_site_name":"Greenpeace Luxembourg","article_publisher":"https:\/\/www.facebook.com\/greenpeaceluxembourg","article_published_time":"2022-01-11T09:17:46+00:00","article_modified_time":"2022-01-11T09:17:50+00:00","og_image":[{"width":2048,"height":2046,"url":"https:\/\/www.greenpeace.org\/static\/planet4-luxembourg-stateless\/2022\/01\/732506a8-christi-belcourt-baffinland.jpg","type":"image\/jpeg"}],"author":"Myriam Wecker","twitter_card":"summary_large_image","twitter_misc":{"Written by":"Myriam Wecker","Est. reading time":"4 minutes"},"schema":{"@context":"https:\/\/schema.org","@graph":[{"@type":"Article","@id":"https:\/\/www.greenpeace.org\/luxembourg\/de\/aktualitaet\/13458\/arcelormittal-muss-die-erweiterung-einer-kanadischen-mine-die-die-lebensweise-der-inuit-bedroht-aufhalten\/#article","isPartOf":{"@id":"https:\/\/www.greenpeace.org\/luxembourg\/de\/aktualitaet\/13458\/arcelormittal-muss-die-erweiterung-einer-kanadischen-mine-die-die-lebensweise-der-inuit-bedroht-aufhalten\/"},"author":{"name":"Myriam Wecker","@id":"https:\/\/www.greenpeace.org\/luxembourg\/fr\/#\/schema\/person\/c2ae6002b8ed18c00be0c6b320eea776"},"headline":"ArcelorMittal muss die Erweiterung einer kanadischen Mine, die die Lebensweise der Inuit bedroht, aufhalten","datePublished":"2022-01-11T09:17:46+00:00","dateModified":"2022-01-11T09:17:50+00:00","mainEntityOfPage":{"@id":"https:\/\/www.greenpeace.org\/luxembourg\/de\/aktualitaet\/13458\/arcelormittal-muss-die-erweiterung-einer-kanadischen-mine-die-die-lebensweise-der-inuit-bedroht-aufhalten\/"},"wordCount":837,"publisher":{"@id":"https:\/\/www.greenpeace.org\/luxembourg\/fr\/#organization"},"image":{"@id":"https:\/\/www.greenpeace.org\/luxembourg\/de\/aktualitaet\/13458\/arcelormittal-muss-die-erweiterung-einer-kanadischen-mine-die-die-lebensweise-der-inuit-bedroht-aufhalten\/#primaryimage"},"thumbnailUrl":"https:\/\/www.greenpeace.org\/static\/planet4-luxembourg-stateless\/2022\/01\/732506a8-christi-belcourt-baffinland.jpg","keywords":["Luxemburg"],"articleSection":["Natur","Problem"],"inLanguage":"de-LU"},{"@type":"WebPage","@id":"https:\/\/www.greenpeace.org\/luxembourg\/de\/aktualitaet\/13458\/arcelormittal-muss-die-erweiterung-einer-kanadischen-mine-die-die-lebensweise-der-inuit-bedroht-aufhalten\/","url":"https:\/\/www.greenpeace.org\/luxembourg\/de\/aktualitaet\/13458\/arcelormittal-muss-die-erweiterung-einer-kanadischen-mine-die-die-lebensweise-der-inuit-bedroht-aufhalten\/","name":"ArcelorMittal muss die Erweiterung einer kanadischen Mine, die die Lebensweise der Inuit bedroht, aufhalten - Greenpeace Luxembourg","isPartOf":{"@id":"https:\/\/www.greenpeace.org\/luxembourg\/fr\/#website"},"primaryImageOfPage":{"@id":"https:\/\/www.greenpeace.org\/luxembourg\/de\/aktualitaet\/13458\/arcelormittal-muss-die-erweiterung-einer-kanadischen-mine-die-die-lebensweise-der-inuit-bedroht-aufhalten\/#primaryimage"},"image":{"@id":"https:\/\/www.greenpeace.org\/luxembourg\/de\/aktualitaet\/13458\/arcelormittal-muss-die-erweiterung-einer-kanadischen-mine-die-die-lebensweise-der-inuit-bedroht-aufhalten\/#primaryimage"},"thumbnailUrl":"https:\/\/www.greenpeace.org\/static\/planet4-luxembourg-stateless\/2022\/01\/732506a8-christi-belcourt-baffinland.jpg","datePublished":"2022-01-11T09:17:46+00:00","dateModified":"2022-01-11T09:17:50+00:00","breadcrumb":{"@id":"https:\/\/www.greenpeace.org\/luxembourg\/de\/aktualitaet\/13458\/arcelormittal-muss-die-erweiterung-einer-kanadischen-mine-die-die-lebensweise-der-inuit-bedroht-aufhalten\/#breadcrumb"},"inLanguage":"de-LU","potentialAction":[{"@type":"ReadAction","target":["https:\/\/www.greenpeace.org\/luxembourg\/de\/aktualitaet\/13458\/arcelormittal-muss-die-erweiterung-einer-kanadischen-mine-die-die-lebensweise-der-inuit-bedroht-aufhalten\/"]}]},{"@type":"ImageObject","inLanguage":"de-LU","@id":"https:\/\/www.greenpeace.org\/luxembourg\/de\/aktualitaet\/13458\/arcelormittal-muss-die-erweiterung-einer-kanadischen-mine-die-die-lebensweise-der-inuit-bedroht-aufhalten\/#primaryimage","url":"https:\/\/www.greenpeace.org\/static\/planet4-luxembourg-stateless\/2022\/01\/732506a8-christi-belcourt-baffinland.jpg","contentUrl":"https:\/\/www.greenpeace.org\/static\/planet4-luxembourg-stateless\/2022\/01\/732506a8-christi-belcourt-baffinland.jpg","width":2048,"height":2046},{"@type":"BreadcrumbList","@id":"https:\/\/www.greenpeace.org\/luxembourg\/de\/aktualitaet\/13458\/arcelormittal-muss-die-erweiterung-einer-kanadischen-mine-die-die-lebensweise-der-inuit-bedroht-aufhalten\/#breadcrumb","itemListElement":[{"@type":"ListItem","position":1,"name":"Home","item":"http:\/\/www.greenpeace.org\/luxembourg\/fr\/"},{"@type":"ListItem","position":2,"name":"ArcelorMittal muss die Erweiterung einer kanadischen Mine, die die Lebensweise der Inuit bedroht, aufhalten"}]},{"@type":"WebSite","@id":"https:\/\/www.greenpeace.org\/luxembourg\/fr\/#website","url":"https:\/\/www.greenpeace.org\/luxembourg\/fr\/","name":"Greenpeace Luxembourg","description":"Greenpeace existiert, weil unsere Erde eine Stimme braucht. Sie ben\u00f6tigt L\u00f6sungen. Ver\u00e4nderungen. Aktionen.","publisher":{"@id":"https:\/\/www.greenpeace.org\/luxembourg\/fr\/#organization"},"potentialAction":[{"@type":"SearchAction","target":{"@type":"EntryPoint","urlTemplate":"https:\/\/www.greenpeace.org\/luxembourg\/fr\/?s={search_term_string}"},"query-input":{"@type":"PropertyValueSpecification","valueRequired":true,"valueName":"search_term_string"}}],"inLanguage":"de-LU"},{"@type":"Organization","@id":"https:\/\/www.greenpeace.org\/luxembourg\/fr\/#organization","name":"Greenpeace Luxembourg","url":"https:\/\/www.greenpeace.org\/luxembourg\/fr\/","logo":{"@type":"ImageObject","inLanguage":"de-LU","@id":"https:\/\/www.greenpeace.org\/luxembourg\/fr\/#\/schema\/logo\/image\/","url":"https:\/\/www.greenpeace.org\/static\/planet4-luxembourg-stateless\/2026\/03\/3e367f94-greenpeace_logo_green_rgb.png","contentUrl":"https:\/\/www.greenpeace.org\/static\/planet4-luxembourg-stateless\/2026\/03\/3e367f94-greenpeace_logo_green_rgb.png","width":1080,"height":175,"caption":"Greenpeace Luxembourg"},"image":{"@id":"https:\/\/www.greenpeace.org\/luxembourg\/fr\/#\/schema\/logo\/image\/"},"sameAs":["https:\/\/www.facebook.com\/greenpeaceluxembourg","https:\/\/www.instagram.com\/greenpeacelux\/","https:\/\/www.linkedin.com\/company\/greenpeace-luxembourg\/","https:\/\/www.threads.com\/@greenpeacelux","https:\/\/bsky.app\/profile\/greenpeacelux.bsky.social","https:\/\/www.youtube.com\/@GreenpeaceLux","https:\/\/www.tiktok.com\/@greenpeace_lux"]},{"@type":"Person","@id":"https:\/\/www.greenpeace.org\/luxembourg\/fr\/#\/schema\/person\/c2ae6002b8ed18c00be0c6b320eea776","name":"Myriam Wecker","url":"https:\/\/www.greenpeace.org\/luxembourg\/de\/author\/mwecker\/"}]}},"_links":{"self":[{"href":"https:\/\/www.greenpeace.org\/luxembourg\/de\/wp-json\/wp\/v2\/posts\/13458","targetHints":{"allow":["GET"]}}],"collection":[{"href":"https:\/\/www.greenpeace.org\/luxembourg\/de\/wp-json\/wp\/v2\/posts"}],"about":[{"href":"https:\/\/www.greenpeace.org\/luxembourg\/de\/wp-json\/wp\/v2\/types\/post"}],"author":[{"embeddable":true,"href":"https:\/\/www.greenpeace.org\/luxembourg\/de\/wp-json\/wp\/v2\/users\/31"}],"replies":[{"embeddable":true,"href":"https:\/\/www.greenpeace.org\/luxembourg\/de\/wp-json\/wp\/v2\/comments?post=13458"}],"version-history":[{"count":3,"href":"https:\/\/www.greenpeace.org\/luxembourg\/de\/wp-json\/wp\/v2\/posts\/13458\/revisions"}],"predecessor-version":[{"id":13463,"href":"https:\/\/www.greenpeace.org\/luxembourg\/de\/wp-json\/wp\/v2\/posts\/13458\/revisions\/13463"}],"wp:featuredmedia":[{"embeddable":true,"href":"https:\/\/www.greenpeace.org\/luxembourg\/de\/wp-json\/wp\/v2\/media\/13461"}],"wp:attachment":[{"href":"https:\/\/www.greenpeace.org\/luxembourg\/de\/wp-json\/wp\/v2\/media?parent=13458"}],"wp:term":[{"taxonomy":"category","embeddable":true,"href":"https:\/\/www.greenpeace.org\/luxembourg\/de\/wp-json\/wp\/v2\/categories?post=13458"},{"taxonomy":"post_tag","embeddable":true,"href":"https:\/\/www.greenpeace.org\/luxembourg\/de\/wp-json\/wp\/v2\/tags?post=13458"},{"taxonomy":"p4-page-type","embeddable":true,"href":"https:\/\/www.greenpeace.org\/luxembourg\/de\/wp-json\/wp\/v2\/p4-page-type?post=13458"}],"curies":[{"name":"wp","href":"https:\/\/api.w.org\/{rel}","templated":true}]}}