{"id":13522,"date":"2022-02-02T15:13:53","date_gmt":"2022-02-02T13:13:53","guid":{"rendered":"https:\/\/www.greenpeace.org\/luxembourg\/?p=13522"},"modified":"2022-02-02T15:13:56","modified_gmt":"2022-02-02T13:13:56","slug":"einbeziehung-von-atomkraft-und-gas-ist-ein-uberfall-auf-die-europaische-energiewende","status":"publish","type":"post","link":"https:\/\/www.greenpeace.org\/luxembourg\/de\/presseerklaerungen\/13522\/einbeziehung-von-atomkraft-und-gas-ist-ein-uberfall-auf-die-europaische-energiewende\/","title":{"rendered":"Einbeziehung von Atomkraft und Gas ist ein \u00dcberfall auf die europ\u00e4ische Energiewende"},"content":{"rendered":"\n<p><strong>Br\u00fcssel\/Luxemburg, 2. Februar 2022<\/strong> <strong>\u2013 Die Europ\u00e4ische Kommission hat heute offiziell ihren umstrittenen Vorschlag ver\u00f6ffentlicht, Atomenergie und fossiles Gas als nachhaltige Aktivit\u00e4ten in die <a href=\"https:\/\/ec.europa.eu\/info\/business-economy-euro\/banking-and-finance\/sustainable-finance\/eu-taxonomy-sustainable-activities_en\" target=\"_blank\" rel=\"noreferrer noopener\">europ\u00e4ische Taxonomie<\/a> aufzunehmen. Diese Entscheidung kann dazu f\u00fchren, dass private Investitionen in H\u00f6he von Hunderten Milliarden Euro anstatt in saubere und erneuerbare Energien in Atomkraft oder fossiles Gas flie\u00dfen, wodurch die Klimakrise beschleunigt wird. <\/strong><\/p>\n\n<p>Atomreaktoren produzieren nicht nur gef\u00e4hrliche und schwer zu entsorgende radioaktive Abf\u00e4lle. Aufgrund ihrer langen Bauzeit k\u00f6nnen sie nicht rechtzeitig in Betrieb genommen werden k\u00f6nnen, um zur Erreichung der Klimaziele der EU bis 2030 beizutragen. Gas ist au\u00dferdem der umweltsch\u00e4dlichste Brennstoff in der EU, dessen explodierende Preise zu einer Energiekrise in Europa gef\u00fchrt haben. <\/p>\n\n<figure class=\"wp-block-image size-full\"><img loading=\"lazy\" decoding=\"async\" width=\"800\" height=\"533\" src=\"https:\/\/www.greenpeace.org\/static\/planet4-luxembourg-stateless\/2022\/02\/dc4fbf10-gp1swnvo_web_size_with_credit_line.jpg\" alt=\"\" class=\"wp-image-13519\" srcset=\"https:\/\/www.greenpeace.org\/static\/planet4-luxembourg-stateless\/2022\/02\/dc4fbf10-gp1swnvo_web_size_with_credit_line.jpg 800w, https:\/\/www.greenpeace.org\/static\/planet4-luxembourg-stateless\/2022\/02\/dc4fbf10-gp1swnvo_web_size_with_credit_line-300x200.jpg 300w, https:\/\/www.greenpeace.org\/static\/planet4-luxembourg-stateless\/2022\/02\/dc4fbf10-gp1swnvo_web_size_with_credit_line-768x512.jpg 768w, https:\/\/www.greenpeace.org\/static\/planet4-luxembourg-stateless\/2022\/02\/dc4fbf10-gp1swnvo_web_size_with_credit_line-510x340.jpg 510w\" sizes=\"auto, (max-width: 800px) 100vw, 800px\" \/><figcaption>AktivistInnen von Greenpeace Belgien stellen einen riesigen Dinosaurier vor dem Sitz der Europ\u00e4ischen Kommission und des Europ\u00e4ischen Rates in Br\u00fcssel auf, um gegen die m\u00f6gliche Aufnahme von fossilem Gas und Atomenergie in die EU-Taxonomie bzw. die Liste der Richtlinien f\u00fcr nachhaltige Investitionen zu protestieren.<\/figcaption><\/figure>\n\n<p>&#8220;<em>Dieser Vorschlag, der wissenschaftlichen Empfehlungen zuwiderl\u00e4uft, untergr\u00e4bt die Glaubw\u00fcrdigkeit der EU, die den Anspruch erhebt, eine f\u00fchrende Rolle in Klima- und Umweltfragen zu spielen\u201d, <\/em>sagt Ariadna Rodrigo, Finanzkampagnerin bei Greenpeace EU. <em>\u201cF\u00fcr Greenpeace ist die Aufnahme von Gas und Atom in die Taxonomie nicht anders zu erkl\u00e4ren als ein Geschenk an zwei um ihr \u00dcberleben k\u00e4mpfende Industriezweige. Dies stellt wohl der gr\u00f6\u00dfte Fall von Greenwashing aller Zeiten dar<\/em>&#8220;.<\/p>\n\n<p>Die <a href=\"https:\/\/ec.europa.eu\/info\/files\/220121-sustainable-finance-platform-response-taxonomy-complementary-delegated-act_en\" target=\"_blank\" rel=\"noreferrer noopener\">Plattform f\u00fcr nachhaltige Finanzen<\/a> (<em>Platform on Sustainable Finance<\/em>), ein Gremium von \u00fcber 50 Experten aus Wirtschaft, Wissenschaft und Zivilgesellschaft, das die Europ\u00e4ische Kommission in Bezug auf ihre nachhaltige Finanzpolitik ber\u00e4t, kommt in ihrer offiziellen Stellungnahme zu dem Schluss, dass die Bestimmungen zur Atomenergie, einschlie\u00dflich radioaktiver Abf\u00e4lle, gegen ein Schl\u00fcsselprinzip der Taxonomie versto\u00dfen, das sicherstellen soll, dass alle einbezogenen Technologien &#8220;<em>keine signifikanten Umweltauswirkungen mit sich bringen<\/em>&#8220;. Die <a href=\"https:\/\/www.iigcc.org\/news\/iigcc-publishes-open-letter-calling-for-gas-to-be-excluded-from-the-eu-taxonomy\/\" target=\"_blank\" rel=\"noreferrer noopener\">Gruppe der institutionellen Investoren zum Klimawandel<\/a>, deren Mitglieder ein verwaltetes Verm\u00f6gen von \u00fcber 50 Billionen Euro repr\u00e4sentieren, ist ebenfalls der Ansicht, dass die Vorschl\u00e4ge der Kommission betreffend Gas &#8220;<em>Kapital in Aktivit\u00e4ten lenken w\u00fcrden, die mit der Verpflichtung der EU, bis 2050 klimaneutral zu sein, unvereinbar sind<\/em>&#8220;. <\/p>\n\n<p>Nach Auffassung der Umweltjuristen der NGO <a href=\"https:\/\/www.clientearth.org\/latest\/press-office\/press\/environmental-lawyers-eye-legal-action-over-gas-in-eu-taxonomy\/\" target=\"_blank\" rel=\"noreferrer noopener\">ClientEarth<\/a> ist die Aufnahme von fossilem Gas, der gr\u00f6\u00dften Quelle von Energieemissionen in Europa, in die Taxonomie mit mehreren EU-Gesetzen unvereinbar, insbesondere mit dem Klimaschutzgesetz von 2021. <a href=\"https:\/\/www.ft.com\/content\/48d44c9a-298e-4203-a160-772a032d1c36\" target=\"_blank\" rel=\"noreferrer noopener\">Mehrere Regierungen und Organisationen<\/a> haben angek\u00fcndigt, die Aufnahme von Gas und Atomkraft in die Taxonomie <a href=\"https:\/\/www.bmk.gv.at\/themen\/klima_umwelt\/nuklearpolitik\/aikk\/warum.html\" target=\"_blank\" rel=\"noreferrer noopener\">rechtlich<\/a> anzufechten.<\/p>\n\n<p><strong>N\u00e4chste Schritte: <\/strong><\/p>\n\n<p>Es wird erwartet, dass die <a href=\"https:\/\/www.euractiv.com\/section\/energy-environment\/news\/fury-in-parliament-as-eu-green-taxonomy-deadline-expires\/\" target=\"_blank\" rel=\"noreferrer noopener\">Mitglieder des Europ\u00e4ischen Parlaments<\/a>, die bislang von dem Prozess ausgeschlossen wurden und bisher nicht die M\u00f6glichkeit hatten, den umstrittenen Vorschlag zu pr\u00fcfen, sofort auf den Plan der Kommission reagieren werden.<\/p>\n\n<p>Greenpeace fordert sie auf, gegen den Vorschlag zu stimmen. Eine Mehrheit des Parlaments, also 353 Abgeordnete, ist notwendig, um den Vorschlag abzulehnen. <\/p>\n\n<p>Greenpeace fordert au\u00dferdem alle Finanzinstitute in der EU auf, Investitionen in Atomkraft und Gas als nicht \u00f6kologisch nachhaltig zu betrachten und bei ihren Entscheidungen Transparenz und wissenschaftliches Denken walten zu lassen.<\/p>\n","protected":false},"excerpt":{"rendered":"<p>Die Europ\u00e4ische Kommission nimmt Atomkraft und fossiles Gas als nachhaltige Aktivit\u00e4ten in die Taxonomie auf.<\/p>\n","protected":false},"author":31,"featured_media":13526,"comment_status":"closed","ping_status":"closed","sticky":false,"template":"","format":"standard","meta":{"ep_exclude_from_search":false,"p4_og_title":"","p4_og_description":"","p4_og_image":"","p4_og_image_id":"","p4_seo_canonical_url":"","p4_campaign_name":"not set","p4_local_project":"not set","p4_basket_name":"not set","p4_department":"","footnotes":""},"categories":[49,48,46],"tags":[58,60,63],"p4-page-type":[69],"class_list":["post-13522","post","type-post","status-publish","format-standard","has-post-thumbnail","hentry","category-energie","category-klima","category-problem","tag-nuklear","tag-luxemburg","tag-fossileenergien","p4-page-type-presseerklaerungen"],"yoast_head":"<!-- This site is optimized with the Yoast SEO Premium plugin v23.9 (Yoast SEO v23.9) - https:\/\/yoast.com\/wordpress\/plugins\/seo\/ -->\n<title>Einbeziehung von Atomkraft und Gas ist ein \u00dcberfall auf die europ\u00e4ische Energiewende - Greenpeace Luxembourg<\/title>\n<meta name=\"robots\" content=\"index, follow, max-snippet:-1, max-image-preview:large, max-video-preview:-1\" \/>\n<link rel=\"canonical\" href=\"https:\/\/www.greenpeace.org\/luxembourg\/de\/presseerklaerungen\/13522\/einbeziehung-von-atomkraft-und-gas-ist-ein-uberfall-auf-die-europaische-energiewende\/\" \/>\n<meta property=\"og:locale\" content=\"de_DE\" \/>\n<meta property=\"og:type\" content=\"article\" \/>\n<meta property=\"og:title\" content=\"Einbeziehung von Atomkraft und Gas ist ein \u00dcberfall auf die europ\u00e4ische Energiewende\" \/>\n<meta property=\"og:description\" content=\"Die Europ\u00e4ische Kommission nimmt Atomkraft und fossiles Gas als nachhaltige Aktivit\u00e4ten in die Taxonomie auf.\" \/>\n<meta property=\"og:url\" content=\"https:\/\/www.greenpeace.org\/luxembourg\/de\/presseerklaerungen\/13522\/einbeziehung-von-atomkraft-und-gas-ist-ein-uberfall-auf-die-europaische-energiewende\/\" \/>\n<meta property=\"og:site_name\" content=\"Greenpeace Luxembourg\" \/>\n<meta property=\"article:publisher\" content=\"https:\/\/www.facebook.com\/greenpeaceluxembourg\" \/>\n<meta property=\"article:published_time\" content=\"2022-02-02T13:13:53+00:00\" \/>\n<meta property=\"article:modified_time\" content=\"2022-02-02T13:13:56+00:00\" \/>\n<meta property=\"og:image\" content=\"https:\/\/www.greenpeace.org\/static\/planet4-luxembourg-stateless\/2022\/02\/e88ef30b-macro-td4.png\" \/>\n\t<meta property=\"og:image:width\" content=\"1000\" \/>\n\t<meta property=\"og:image:height\" content=\"1000\" \/>\n\t<meta property=\"og:image:type\" content=\"image\/png\" \/>\n<meta name=\"author\" content=\"Myriam Wecker\" \/>\n<meta name=\"twitter:card\" content=\"summary_large_image\" \/>\n<meta name=\"twitter:label1\" content=\"Written by\" \/>\n\t<meta name=\"twitter:data1\" content=\"Myriam Wecker\" \/>\n\t<meta name=\"twitter:label2\" content=\"Est. reading time\" \/>\n\t<meta name=\"twitter:data2\" content=\"3 minutes\" \/>\n<script type=\"application\/ld+json\" class=\"yoast-schema-graph\">{\"@context\":\"https:\/\/schema.org\",\"@graph\":[{\"@type\":\"Article\",\"@id\":\"https:\/\/www.greenpeace.org\/luxembourg\/de\/presseerklaerungen\/13522\/einbeziehung-von-atomkraft-und-gas-ist-ein-uberfall-auf-die-europaische-energiewende\/#article\",\"isPartOf\":{\"@id\":\"https:\/\/www.greenpeace.org\/luxembourg\/de\/presseerklaerungen\/13522\/einbeziehung-von-atomkraft-und-gas-ist-ein-uberfall-auf-die-europaische-energiewende\/\"},\"author\":{\"name\":\"Myriam Wecker\",\"@id\":\"https:\/\/www.greenpeace.org\/luxembourg\/fr\/#\/schema\/person\/c2ae6002b8ed18c00be0c6b320eea776\"},\"headline\":\"Einbeziehung von Atomkraft und Gas ist ein \u00dcberfall auf die europ\u00e4ische Energiewende\",\"datePublished\":\"2022-02-02T13:13:53+00:00\",\"dateModified\":\"2022-02-02T13:13:56+00:00\",\"mainEntityOfPage\":{\"@id\":\"https:\/\/www.greenpeace.org\/luxembourg\/de\/presseerklaerungen\/13522\/einbeziehung-von-atomkraft-und-gas-ist-ein-uberfall-auf-die-europaische-energiewende\/\"},\"wordCount\":528,\"publisher\":{\"@id\":\"https:\/\/www.greenpeace.org\/luxembourg\/fr\/#organization\"},\"image\":{\"@id\":\"https:\/\/www.greenpeace.org\/luxembourg\/de\/presseerklaerungen\/13522\/einbeziehung-von-atomkraft-und-gas-ist-ein-uberfall-auf-die-europaische-energiewende\/#primaryimage\"},\"thumbnailUrl\":\"https:\/\/www.greenpeace.org\/static\/planet4-luxembourg-stateless\/2022\/02\/e88ef30b-macro-td4.png\",\"keywords\":[\"Nuklear\",\"Luxemburg\",\"FossileEnergien\"],\"articleSection\":[\"Energie\",\"Klima\",\"Problem\"],\"inLanguage\":\"de-LU\"},{\"@type\":\"WebPage\",\"@id\":\"https:\/\/www.greenpeace.org\/luxembourg\/de\/presseerklaerungen\/13522\/einbeziehung-von-atomkraft-und-gas-ist-ein-uberfall-auf-die-europaische-energiewende\/\",\"url\":\"https:\/\/www.greenpeace.org\/luxembourg\/de\/presseerklaerungen\/13522\/einbeziehung-von-atomkraft-und-gas-ist-ein-uberfall-auf-die-europaische-energiewende\/\",\"name\":\"Einbeziehung von Atomkraft und Gas ist ein \u00dcberfall auf die europ\u00e4ische Energiewende - Greenpeace Luxembourg\",\"isPartOf\":{\"@id\":\"https:\/\/www.greenpeace.org\/luxembourg\/fr\/#website\"},\"primaryImageOfPage\":{\"@id\":\"https:\/\/www.greenpeace.org\/luxembourg\/de\/presseerklaerungen\/13522\/einbeziehung-von-atomkraft-und-gas-ist-ein-uberfall-auf-die-europaische-energiewende\/#primaryimage\"},\"image\":{\"@id\":\"https:\/\/www.greenpeace.org\/luxembourg\/de\/presseerklaerungen\/13522\/einbeziehung-von-atomkraft-und-gas-ist-ein-uberfall-auf-die-europaische-energiewende\/#primaryimage\"},\"thumbnailUrl\":\"https:\/\/www.greenpeace.org\/static\/planet4-luxembourg-stateless\/2022\/02\/e88ef30b-macro-td4.png\",\"datePublished\":\"2022-02-02T13:13:53+00:00\",\"dateModified\":\"2022-02-02T13:13:56+00:00\",\"breadcrumb\":{\"@id\":\"https:\/\/www.greenpeace.org\/luxembourg\/de\/presseerklaerungen\/13522\/einbeziehung-von-atomkraft-und-gas-ist-ein-uberfall-auf-die-europaische-energiewende\/#breadcrumb\"},\"inLanguage\":\"de-LU\",\"potentialAction\":[{\"@type\":\"ReadAction\",\"target\":[\"https:\/\/www.greenpeace.org\/luxembourg\/de\/presseerklaerungen\/13522\/einbeziehung-von-atomkraft-und-gas-ist-ein-uberfall-auf-die-europaische-energiewende\/\"]}]},{\"@type\":\"ImageObject\",\"inLanguage\":\"de-LU\",\"@id\":\"https:\/\/www.greenpeace.org\/luxembourg\/de\/presseerklaerungen\/13522\/einbeziehung-von-atomkraft-und-gas-ist-ein-uberfall-auf-die-europaische-energiewende\/#primaryimage\",\"url\":\"https:\/\/www.greenpeace.org\/static\/planet4-luxembourg-stateless\/2022\/02\/e88ef30b-macro-td4.png\",\"contentUrl\":\"https:\/\/www.greenpeace.org\/static\/planet4-luxembourg-stateless\/2022\/02\/e88ef30b-macro-td4.png\",\"width\":1000,\"height\":1000},{\"@type\":\"BreadcrumbList\",\"@id\":\"https:\/\/www.greenpeace.org\/luxembourg\/de\/presseerklaerungen\/13522\/einbeziehung-von-atomkraft-und-gas-ist-ein-uberfall-auf-die-europaische-energiewende\/#breadcrumb\",\"itemListElement\":[{\"@type\":\"ListItem\",\"position\":1,\"name\":\"Home\",\"item\":\"http:\/\/www.greenpeace.org\/luxembourg\/fr\/\"},{\"@type\":\"ListItem\",\"position\":2,\"name\":\"Einbeziehung von Atomkraft und Gas ist ein \u00dcberfall auf die europ\u00e4ische Energiewende\"}]},{\"@type\":\"WebSite\",\"@id\":\"https:\/\/www.greenpeace.org\/luxembourg\/fr\/#website\",\"url\":\"https:\/\/www.greenpeace.org\/luxembourg\/fr\/\",\"name\":\"Greenpeace Luxembourg\",\"description\":\"Greenpeace existiert, weil unsere Erde eine Stimme braucht. Sie ben\u00f6tigt L\u00f6sungen. Ver\u00e4nderungen. Aktionen.\",\"publisher\":{\"@id\":\"https:\/\/www.greenpeace.org\/luxembourg\/fr\/#organization\"},\"potentialAction\":[{\"@type\":\"SearchAction\",\"target\":{\"@type\":\"EntryPoint\",\"urlTemplate\":\"https:\/\/www.greenpeace.org\/luxembourg\/fr\/?s={search_term_string}\"},\"query-input\":{\"@type\":\"PropertyValueSpecification\",\"valueRequired\":true,\"valueName\":\"search_term_string\"}}],\"inLanguage\":\"de-LU\"},{\"@type\":\"Organization\",\"@id\":\"https:\/\/www.greenpeace.org\/luxembourg\/fr\/#organization\",\"name\":\"Greenpeace Luxembourg\",\"url\":\"https:\/\/www.greenpeace.org\/luxembourg\/fr\/\",\"logo\":{\"@type\":\"ImageObject\",\"inLanguage\":\"de-LU\",\"@id\":\"https:\/\/www.greenpeace.org\/luxembourg\/fr\/#\/schema\/logo\/image\/\",\"url\":\"https:\/\/www.greenpeace.org\/static\/planet4-luxembourg-stateless\/2026\/03\/3e367f94-greenpeace_logo_green_rgb.png\",\"contentUrl\":\"https:\/\/www.greenpeace.org\/static\/planet4-luxembourg-stateless\/2026\/03\/3e367f94-greenpeace_logo_green_rgb.png\",\"width\":1080,\"height\":175,\"caption\":\"Greenpeace Luxembourg\"},\"image\":{\"@id\":\"https:\/\/www.greenpeace.org\/luxembourg\/fr\/#\/schema\/logo\/image\/\"},\"sameAs\":[\"https:\/\/www.facebook.com\/greenpeaceluxembourg\",\"https:\/\/www.instagram.com\/greenpeacelux\/\",\"https:\/\/www.linkedin.com\/company\/greenpeace-luxembourg\/\",\"https:\/\/www.threads.com\/@greenpeacelux\",\"https:\/\/bsky.app\/profile\/greenpeacelux.bsky.social\",\"https:\/\/www.youtube.com\/@GreenpeaceLux\",\"https:\/\/www.tiktok.com\/@greenpeace_lux\"]},{\"@type\":\"Person\",\"@id\":\"https:\/\/www.greenpeace.org\/luxembourg\/fr\/#\/schema\/person\/c2ae6002b8ed18c00be0c6b320eea776\",\"name\":\"Myriam Wecker\",\"url\":\"https:\/\/www.greenpeace.org\/luxembourg\/de\/author\/mwecker\/\"}]}<\/script>\n<!-- \/ Yoast SEO Premium plugin. -->","yoast_head_json":{"title":"Einbeziehung von Atomkraft und Gas ist ein \u00dcberfall auf die europ\u00e4ische Energiewende - Greenpeace Luxembourg","robots":{"index":"index","follow":"follow","max-snippet":"max-snippet:-1","max-image-preview":"max-image-preview:large","max-video-preview":"max-video-preview:-1"},"canonical":"https:\/\/www.greenpeace.org\/luxembourg\/de\/presseerklaerungen\/13522\/einbeziehung-von-atomkraft-und-gas-ist-ein-uberfall-auf-die-europaische-energiewende\/","og_locale":"de_DE","og_type":"article","og_title":"Einbeziehung von Atomkraft und Gas ist ein \u00dcberfall auf die europ\u00e4ische Energiewende","og_description":"Die Europ\u00e4ische Kommission nimmt Atomkraft und fossiles Gas als nachhaltige Aktivit\u00e4ten in die Taxonomie auf.","og_url":"https:\/\/www.greenpeace.org\/luxembourg\/de\/presseerklaerungen\/13522\/einbeziehung-von-atomkraft-und-gas-ist-ein-uberfall-auf-die-europaische-energiewende\/","og_site_name":"Greenpeace Luxembourg","article_publisher":"https:\/\/www.facebook.com\/greenpeaceluxembourg","article_published_time":"2022-02-02T13:13:53+00:00","article_modified_time":"2022-02-02T13:13:56+00:00","og_image":[{"width":1000,"height":1000,"url":"https:\/\/www.greenpeace.org\/static\/planet4-luxembourg-stateless\/2022\/02\/e88ef30b-macro-td4.png","type":"image\/png"}],"author":"Myriam Wecker","twitter_card":"summary_large_image","twitter_misc":{"Written by":"Myriam Wecker","Est. reading time":"3 minutes"},"schema":{"@context":"https:\/\/schema.org","@graph":[{"@type":"Article","@id":"https:\/\/www.greenpeace.org\/luxembourg\/de\/presseerklaerungen\/13522\/einbeziehung-von-atomkraft-und-gas-ist-ein-uberfall-auf-die-europaische-energiewende\/#article","isPartOf":{"@id":"https:\/\/www.greenpeace.org\/luxembourg\/de\/presseerklaerungen\/13522\/einbeziehung-von-atomkraft-und-gas-ist-ein-uberfall-auf-die-europaische-energiewende\/"},"author":{"name":"Myriam Wecker","@id":"https:\/\/www.greenpeace.org\/luxembourg\/fr\/#\/schema\/person\/c2ae6002b8ed18c00be0c6b320eea776"},"headline":"Einbeziehung von Atomkraft und Gas ist ein \u00dcberfall auf die europ\u00e4ische Energiewende","datePublished":"2022-02-02T13:13:53+00:00","dateModified":"2022-02-02T13:13:56+00:00","mainEntityOfPage":{"@id":"https:\/\/www.greenpeace.org\/luxembourg\/de\/presseerklaerungen\/13522\/einbeziehung-von-atomkraft-und-gas-ist-ein-uberfall-auf-die-europaische-energiewende\/"},"wordCount":528,"publisher":{"@id":"https:\/\/www.greenpeace.org\/luxembourg\/fr\/#organization"},"image":{"@id":"https:\/\/www.greenpeace.org\/luxembourg\/de\/presseerklaerungen\/13522\/einbeziehung-von-atomkraft-und-gas-ist-ein-uberfall-auf-die-europaische-energiewende\/#primaryimage"},"thumbnailUrl":"https:\/\/www.greenpeace.org\/static\/planet4-luxembourg-stateless\/2022\/02\/e88ef30b-macro-td4.png","keywords":["Nuklear","Luxemburg","FossileEnergien"],"articleSection":["Energie","Klima","Problem"],"inLanguage":"de-LU"},{"@type":"WebPage","@id":"https:\/\/www.greenpeace.org\/luxembourg\/de\/presseerklaerungen\/13522\/einbeziehung-von-atomkraft-und-gas-ist-ein-uberfall-auf-die-europaische-energiewende\/","url":"https:\/\/www.greenpeace.org\/luxembourg\/de\/presseerklaerungen\/13522\/einbeziehung-von-atomkraft-und-gas-ist-ein-uberfall-auf-die-europaische-energiewende\/","name":"Einbeziehung von Atomkraft und Gas ist ein \u00dcberfall auf die europ\u00e4ische Energiewende - Greenpeace Luxembourg","isPartOf":{"@id":"https:\/\/www.greenpeace.org\/luxembourg\/fr\/#website"},"primaryImageOfPage":{"@id":"https:\/\/www.greenpeace.org\/luxembourg\/de\/presseerklaerungen\/13522\/einbeziehung-von-atomkraft-und-gas-ist-ein-uberfall-auf-die-europaische-energiewende\/#primaryimage"},"image":{"@id":"https:\/\/www.greenpeace.org\/luxembourg\/de\/presseerklaerungen\/13522\/einbeziehung-von-atomkraft-und-gas-ist-ein-uberfall-auf-die-europaische-energiewende\/#primaryimage"},"thumbnailUrl":"https:\/\/www.greenpeace.org\/static\/planet4-luxembourg-stateless\/2022\/02\/e88ef30b-macro-td4.png","datePublished":"2022-02-02T13:13:53+00:00","dateModified":"2022-02-02T13:13:56+00:00","breadcrumb":{"@id":"https:\/\/www.greenpeace.org\/luxembourg\/de\/presseerklaerungen\/13522\/einbeziehung-von-atomkraft-und-gas-ist-ein-uberfall-auf-die-europaische-energiewende\/#breadcrumb"},"inLanguage":"de-LU","potentialAction":[{"@type":"ReadAction","target":["https:\/\/www.greenpeace.org\/luxembourg\/de\/presseerklaerungen\/13522\/einbeziehung-von-atomkraft-und-gas-ist-ein-uberfall-auf-die-europaische-energiewende\/"]}]},{"@type":"ImageObject","inLanguage":"de-LU","@id":"https:\/\/www.greenpeace.org\/luxembourg\/de\/presseerklaerungen\/13522\/einbeziehung-von-atomkraft-und-gas-ist-ein-uberfall-auf-die-europaische-energiewende\/#primaryimage","url":"https:\/\/www.greenpeace.org\/static\/planet4-luxembourg-stateless\/2022\/02\/e88ef30b-macro-td4.png","contentUrl":"https:\/\/www.greenpeace.org\/static\/planet4-luxembourg-stateless\/2022\/02\/e88ef30b-macro-td4.png","width":1000,"height":1000},{"@type":"BreadcrumbList","@id":"https:\/\/www.greenpeace.org\/luxembourg\/de\/presseerklaerungen\/13522\/einbeziehung-von-atomkraft-und-gas-ist-ein-uberfall-auf-die-europaische-energiewende\/#breadcrumb","itemListElement":[{"@type":"ListItem","position":1,"name":"Home","item":"http:\/\/www.greenpeace.org\/luxembourg\/fr\/"},{"@type":"ListItem","position":2,"name":"Einbeziehung von Atomkraft und Gas ist ein \u00dcberfall auf die europ\u00e4ische Energiewende"}]},{"@type":"WebSite","@id":"https:\/\/www.greenpeace.org\/luxembourg\/fr\/#website","url":"https:\/\/www.greenpeace.org\/luxembourg\/fr\/","name":"Greenpeace Luxembourg","description":"Greenpeace existiert, weil unsere Erde eine Stimme braucht. Sie ben\u00f6tigt L\u00f6sungen. Ver\u00e4nderungen. Aktionen.","publisher":{"@id":"https:\/\/www.greenpeace.org\/luxembourg\/fr\/#organization"},"potentialAction":[{"@type":"SearchAction","target":{"@type":"EntryPoint","urlTemplate":"https:\/\/www.greenpeace.org\/luxembourg\/fr\/?s={search_term_string}"},"query-input":{"@type":"PropertyValueSpecification","valueRequired":true,"valueName":"search_term_string"}}],"inLanguage":"de-LU"},{"@type":"Organization","@id":"https:\/\/www.greenpeace.org\/luxembourg\/fr\/#organization","name":"Greenpeace Luxembourg","url":"https:\/\/www.greenpeace.org\/luxembourg\/fr\/","logo":{"@type":"ImageObject","inLanguage":"de-LU","@id":"https:\/\/www.greenpeace.org\/luxembourg\/fr\/#\/schema\/logo\/image\/","url":"https:\/\/www.greenpeace.org\/static\/planet4-luxembourg-stateless\/2026\/03\/3e367f94-greenpeace_logo_green_rgb.png","contentUrl":"https:\/\/www.greenpeace.org\/static\/planet4-luxembourg-stateless\/2026\/03\/3e367f94-greenpeace_logo_green_rgb.png","width":1080,"height":175,"caption":"Greenpeace Luxembourg"},"image":{"@id":"https:\/\/www.greenpeace.org\/luxembourg\/fr\/#\/schema\/logo\/image\/"},"sameAs":["https:\/\/www.facebook.com\/greenpeaceluxembourg","https:\/\/www.instagram.com\/greenpeacelux\/","https:\/\/www.linkedin.com\/company\/greenpeace-luxembourg\/","https:\/\/www.threads.com\/@greenpeacelux","https:\/\/bsky.app\/profile\/greenpeacelux.bsky.social","https:\/\/www.youtube.com\/@GreenpeaceLux","https:\/\/www.tiktok.com\/@greenpeace_lux"]},{"@type":"Person","@id":"https:\/\/www.greenpeace.org\/luxembourg\/fr\/#\/schema\/person\/c2ae6002b8ed18c00be0c6b320eea776","name":"Myriam Wecker","url":"https:\/\/www.greenpeace.org\/luxembourg\/de\/author\/mwecker\/"}]}},"_links":{"self":[{"href":"https:\/\/www.greenpeace.org\/luxembourg\/de\/wp-json\/wp\/v2\/posts\/13522","targetHints":{"allow":["GET"]}}],"collection":[{"href":"https:\/\/www.greenpeace.org\/luxembourg\/de\/wp-json\/wp\/v2\/posts"}],"about":[{"href":"https:\/\/www.greenpeace.org\/luxembourg\/de\/wp-json\/wp\/v2\/types\/post"}],"author":[{"embeddable":true,"href":"https:\/\/www.greenpeace.org\/luxembourg\/de\/wp-json\/wp\/v2\/users\/31"}],"replies":[{"embeddable":true,"href":"https:\/\/www.greenpeace.org\/luxembourg\/de\/wp-json\/wp\/v2\/comments?post=13522"}],"version-history":[{"count":3,"href":"https:\/\/www.greenpeace.org\/luxembourg\/de\/wp-json\/wp\/v2\/posts\/13522\/revisions"}],"predecessor-version":[{"id":13528,"href":"https:\/\/www.greenpeace.org\/luxembourg\/de\/wp-json\/wp\/v2\/posts\/13522\/revisions\/13528"}],"wp:featuredmedia":[{"embeddable":true,"href":"https:\/\/www.greenpeace.org\/luxembourg\/de\/wp-json\/wp\/v2\/media\/13526"}],"wp:attachment":[{"href":"https:\/\/www.greenpeace.org\/luxembourg\/de\/wp-json\/wp\/v2\/media?parent=13522"}],"wp:term":[{"taxonomy":"category","embeddable":true,"href":"https:\/\/www.greenpeace.org\/luxembourg\/de\/wp-json\/wp\/v2\/categories?post=13522"},{"taxonomy":"post_tag","embeddable":true,"href":"https:\/\/www.greenpeace.org\/luxembourg\/de\/wp-json\/wp\/v2\/tags?post=13522"},{"taxonomy":"p4-page-type","embeddable":true,"href":"https:\/\/www.greenpeace.org\/luxembourg\/de\/wp-json\/wp\/v2\/p4-page-type?post=13522"}],"curies":[{"name":"wp","href":"https:\/\/api.w.org\/{rel}","templated":true}]}}