{"id":13586,"date":"2022-02-14T16:24:01","date_gmt":"2022-02-14T14:24:01","guid":{"rendered":"https:\/\/www.greenpeace.org\/luxembourg\/?p=13586"},"modified":"2022-02-14T16:34:27","modified_gmt":"2022-02-14T14:34:27","slug":"wir-schiesen-noch-ubers-ziel-hinaus","status":"publish","type":"post","link":"https:\/\/www.greenpeace.org\/luxembourg\/de\/aktualitaet\/13586\/wir-schiesen-noch-ubers-ziel-hinaus\/","title":{"rendered":"Wir schie\u00dfen noch \u00fcbers Ziel hinaus"},"content":{"rendered":"\n<p><em>\u201eEine halbe Orange schmeckt genau so gut wie eine ganze\u201c (Altes chinesisches Sprichwort)<\/em><\/p>\n\n<p>Luxemburg ist wieder fr\u00fch dran: Unser Earth Overshoot Day (Erd\u00fcberlastungstag) ist in diesem Jahr bereits Mitte Februar, und wir mussten uns nicht einmal anstrengen. (1) Der kam ganz von selbst und damit deutlich fr\u00fcher als in fast allen anderen L\u00e4ndern. An diesem Tag m\u00fcssten eigentlich in Luxemburg die Lichter ausgehen, und wenn die Bewohner aller L\u00e4nder dieser Erde so konsumieren w\u00fcrden wie wir, w\u00fcrde die Geschichte des Homo sapiens an diesem Tag enden, zeitgleich mit dem Valentinstag. Wir haben schon alles beim Fr\u00fchst\u00fcck aufgefuttert, alles verbraucht, was f\u00fcr ein Jahr reichen m\u00fcsste und unsere Umwelt so belastet, dass die Erde sich nicht mehr aus eigener Kraft regenerieren kann. (2)<\/p>\n\n<figure class=\"wp-block-image size-full\"><img loading=\"lazy\" decoding=\"async\" width=\"800\" height=\"534\" src=\"https:\/\/www.greenpeace.org\/static\/planet4-luxembourg-stateless\/2022\/02\/4be151c0-gp0sttiko_web_size_with_credit_line.jpg\" alt=\"\" class=\"wp-image-13587\" srcset=\"https:\/\/www.greenpeace.org\/static\/planet4-luxembourg-stateless\/2022\/02\/4be151c0-gp0sttiko_web_size_with_credit_line.jpg 800w, https:\/\/www.greenpeace.org\/static\/planet4-luxembourg-stateless\/2022\/02\/4be151c0-gp0sttiko_web_size_with_credit_line-300x200.jpg 300w, https:\/\/www.greenpeace.org\/static\/planet4-luxembourg-stateless\/2022\/02\/4be151c0-gp0sttiko_web_size_with_credit_line-768x513.jpg 768w, https:\/\/www.greenpeace.org\/static\/planet4-luxembourg-stateless\/2022\/02\/4be151c0-gp0sttiko_web_size_with_credit_line-510x340.jpg 510w\" sizes=\"auto, (max-width: 800px) 100vw, 800px\" \/><\/figure>\n\n<h2 class=\"wp-block-heading\">Was kann Frau\/Mann nun selbst tun?<\/h2>\n\n<p>Jede(r) sollte seinen\/ihren t\u00e4glichen Konsum im Blick haben und sich vern\u00fcnftig verhalten: regionale und biologische Lebensmittel einkaufen und m\u00f6glichst selbst zubereiten, klima- und tiergerechte Fleisch- und Milchprodukte konsumieren, Abfall vermeiden, wenig Autofahren und kaum fliegen usw. Mit einem pers\u00f6nlichen Online-Klimarechner kann jeder(r) selbst feststellen, was er\/sie der Erde entnimmt. <\/p>\n\n<p>Mein pers\u00f6nlicher Overshoot Day ist am 1. Juni und ich verbrauche 2,4 Erden (footprintcalculator.org). Der Rechner des WWF ergibt f\u00fcr mich einen CO2-Aussto\u00df pro Jahr von ca. 7,2 Tonnen, der Durchschnitt pro Person in Luxemburg betr\u00e4gt etwa 15 Tonnen, in Deutschland elf Tonnen. <\/p>\n\n<p>Doch auch wenn jede(r) bei seinem\/ihrem direkten Verbrauch einspart, so bleiben uns doch viele Tonnen CO2 und Hektar Landverbrauch, bedingt durch Infrastrukturen wie Stra\u00dfen, Eisenbahn, Flugh\u00e4fen, Kl\u00e4ranlagen, Wasser- und Stromversorgung, Sport- und Freizeiteinrichtungen, Krankenh\u00e4user, usw., auf deren Umweltauswirkungen durch Bau und Betrieb wir individuell keinen direkten Einfluss haben. Und dennoch kann sich jeder politisch engagieren, dass sich auch in diesem Bereich etwas \u00e4ndert.<\/p>\n\n<h2 class=\"wp-block-heading\">Politik und Wirtschaft sind gefordert<\/h2>\n\n<p>Die Fakten sind demnach klar. Die luxemburgische Bev\u00f6lkerung lebt auf zu gro\u00dfem Fu\u00df (Footprint) und verursacht Raubbau im eigenen Land sowie auf globaler Ebene. Warum ist das so?<\/p>\n\n<p>Wegen der globalen Verstrickung unserer Wirtschaft m\u00fcssen besonders auf dieser Ebene die Monopolstellungen gro\u00dfer Unternehmen und Banken zerschlagen werden, damit die Regierungen und die Politik wieder die wahren Interessen der Bev\u00f6lkerung vertreten k\u00f6nnen und nicht vor der \u00dcbermacht der Konzerne und Finanzinstitute einbrechen. Die \u00d6konomie muss demokratisiert werden. (3, 4)<\/p>\n\n<h2 class=\"wp-block-heading\">Pessimismus und Tr\u00fcbseligkeit d\u00fcrfen keinen Platz haben<\/h2>\n\n<p>Pandemie, Klimawandel und Erderhitzung, Schwund der Biodiversit\u00e4t und Raubbau an der Erde hinterlassen tiefe Spuren im allgemeinen Wohlbefinden der Gesellschaft. Besonders die Jugend ist stark betroffen und macht lautstark auf sich aufmerksam. Sie sind zunehmend Gegenstand von psychologischen und soziologischen Studien, und das mit ersch\u00fctternden Feststellungen.<\/p>\n\n<p>Die letzten Ergebnisse des Eurobarometers (5) und die des Jugendberichts (6) zeigen die verschiedenen Auspr\u00e4gungen der Zukunfts\u00e4ngste der jungen Menschen ganz deutlich. Es stellt sich die Frage, wie wir als Erwachsene dieser besorgniserregenden Entwicklung begegnen k\u00f6nnen. Wir sollten uns nicht von Kurzsichtigkeit, Egoismus und Ignoranz leiten oder verleiten lassen. Schule und Uni sind ein Produkt unserer Wertvorstellungen, die vor allem vom Industriezeitalter gepr\u00e4gt sind. Sie sind veraltet und haben uns zu den Problemen gef\u00fchrt, die wir heute l\u00f6sen m\u00fcssen. (7) Den jungen Erwachsenen sollen wir mit mehr Zuversicht entgegentreten und sie ernst nehmen.<\/p>\n\n<figure class=\"wp-block-image size-full\"><img loading=\"lazy\" decoding=\"async\" width=\"800\" height=\"533\" src=\"https:\/\/www.greenpeace.org\/static\/planet4-luxembourg-stateless\/2022\/02\/5554ae12-gp1sw3yq_web_size_with_credit_line.jpg\" alt=\"\" class=\"wp-image-13589\" srcset=\"https:\/\/www.greenpeace.org\/static\/planet4-luxembourg-stateless\/2022\/02\/5554ae12-gp1sw3yq_web_size_with_credit_line.jpg 800w, https:\/\/www.greenpeace.org\/static\/planet4-luxembourg-stateless\/2022\/02\/5554ae12-gp1sw3yq_web_size_with_credit_line-300x200.jpg 300w, https:\/\/www.greenpeace.org\/static\/planet4-luxembourg-stateless\/2022\/02\/5554ae12-gp1sw3yq_web_size_with_credit_line-768x512.jpg 768w, https:\/\/www.greenpeace.org\/static\/planet4-luxembourg-stateless\/2022\/02\/5554ae12-gp1sw3yq_web_size_with_credit_line-510x340.jpg 510w\" sizes=\"auto, (max-width: 800px) 100vw, 800px\" \/><\/figure>\n\n<h2 class=\"wp-block-heading\">Das Gute muss in den Vordergrund gestellt werden<\/h2>\n\n<p>Damit wir als Individuen und vor allem als Kollektiv ein nachhaltiges Leben gestalten k\u00f6nnen, brauchen wir verl\u00e4ssliche Informationen, die es uns erm\u00f6glichen und motivieren, am Gemeinwohl zu arbeiten. Hier spielen die Medien eine herausragende Rolle. Verallgemeinerungen, Katastrophenmeldungen und Einzelereignisse vernebeln unsere Sicht auf die Welt und auf die Menschen. Grundlegende, verst\u00e4ndlich aufbereitete Beitr\u00e4ge zu gesellschaftspolitischen, philosophischen und soziologischen Fragen sind nur fernab vom Mainstream anzutreffen. Soziale Medien verst\u00e4rken diesen Trend und halten uns darin gefangen.<\/p>\n\n<p>Wir haben als B\u00fcrgerInnen die Wahl, uns mit dem auseinanderzusetzen, was uns im Leben und f\u00fcr unser gemeinsames \u00dcberleben wichtig ist. Es gibt sie noch, die seri\u00f6sen Tages- und Wochenzeitungen mit recherchierten Artikeln und informative Dokumentarfilme im Fernsehen und auf Videokan\u00e4len. Und eine Vielfalt an B\u00fcchern (von Plato bis Bruno Latour), die es sich vor dem n\u00e4chsten \u00f6kologischen Kipppunkt zu lesen lohnt.<\/p>\n\n<p>\u201e\u00c4ndere die Sicht auf die Welt, und es ver\u00e4ndert sich die Welt.\u201c (8) Wir brauchen ein neues Menschenbild, ein realistisches und ein hoffnungsvolles, um die aktuellen Krisen zu meistern. Es gibt bereits viele millionenfach gelebte L\u00f6sungen, die an die Menschen herangetragen werden m\u00fcssen, und viele neue Innovationen werden folgen. Im Grunde neigt der Mensch ja zum Guten. Stellen wir also den Menschen in den Mittelpunkt und das Gute wird folgen. (9)<\/p>\n\n<hr class=\"wp-block-separator\"\/>\n\n<p>(1) www.overshootday.org<br>(2) https:\/\/csdd.public.lu\/fr\/myfootprint\/ empreinte-ecologique-lux-2013.html<br>(3) Christian Felber (2010); Gemeinwohl\u00f6konomie, Deutike<br>(4) This is not economy (2019); Christian Felber, Deutike<br>(5) https:\/\/europa.eu\/eurobarometer\/surveys\/ detail\/2554<br>(6) https:\/\/jugendbericht.lu<br>(7) https:\/\/www.youtube.com\/watch?v=zDZFcDGpL4U<br>(8) Maja G\u00f6pel (2021): Unsere Welt neu denken; Ullstein Verlag<br>(9) Rutger Bregman (2021): Im Grunde gut, Rowohlt Verlag<\/p>\n","protected":false},"excerpt":{"rendered":"<p>Luxemburg hat am Montag, 14. Februar f\u00fcr dieses Jahr seinen \u201eOvershoot Day\u201c erreicht.<\/p>\n","protected":false},"author":31,"featured_media":13588,"comment_status":"closed","ping_status":"closed","sticky":false,"template":"","format":"standard","meta":{"ep_exclude_from_search":false,"p4_og_title":"","p4_og_description":"","p4_og_image":"","p4_og_image_id":"","p4_seo_canonical_url":"","p4_campaign_name":"not set","p4_local_project":"not set","p4_basket_name":"not set","p4_department":"","footnotes":""},"categories":[48,46],"tags":[60,63,65],"p4-page-type":[68],"class_list":["post-13586","post","type-post","status-publish","format-standard","has-post-thumbnail","hentry","category-klima","category-problem","tag-luxemburg","tag-fossileenergien","tag-klimawandel","p4-page-type-aktualitaet"],"yoast_head":"<!-- This site is optimized with the Yoast SEO Premium plugin v23.9 (Yoast SEO v23.9) - https:\/\/yoast.com\/wordpress\/plugins\/seo\/ -->\n<title>Wir schie\u00dfen noch \u00fcbers Ziel hinaus - Greenpeace Luxembourg<\/title>\n<meta name=\"robots\" content=\"index, follow, max-snippet:-1, max-image-preview:large, max-video-preview:-1\" \/>\n<link rel=\"canonical\" href=\"https:\/\/www.greenpeace.org\/luxembourg\/de\/aktualitaet\/13586\/wir-schiesen-noch-ubers-ziel-hinaus\/\" \/>\n<meta property=\"og:locale\" content=\"de_DE\" \/>\n<meta property=\"og:type\" content=\"article\" \/>\n<meta property=\"og:title\" content=\"Wir schie\u00dfen noch \u00fcbers Ziel hinaus\" \/>\n<meta property=\"og:description\" content=\"Luxemburg hat am Montag, 14. Februar f\u00fcr dieses Jahr seinen \u201eOvershoot Day\u201c erreicht.\" \/>\n<meta property=\"og:url\" content=\"https:\/\/www.greenpeace.org\/luxembourg\/de\/aktualitaet\/13586\/wir-schiesen-noch-ubers-ziel-hinaus\/\" \/>\n<meta property=\"og:site_name\" content=\"Greenpeace Luxembourg\" \/>\n<meta property=\"article:publisher\" content=\"https:\/\/www.facebook.com\/greenpeaceluxembourg\" \/>\n<meta property=\"article:published_time\" content=\"2022-02-14T14:24:01+00:00\" \/>\n<meta property=\"article:modified_time\" content=\"2022-02-14T14:34:27+00:00\" \/>\n<meta property=\"og:image\" content=\"https:\/\/www.greenpeace.org\/static\/planet4-luxembourg-stateless\/2022\/02\/4be151c0-gp0sttiko_web_size_with_credit_line.jpg\" \/>\n\t<meta property=\"og:image:width\" content=\"800\" \/>\n\t<meta property=\"og:image:height\" content=\"534\" \/>\n\t<meta property=\"og:image:type\" content=\"image\/jpeg\" \/>\n<meta name=\"author\" content=\"Myriam Wecker\" \/>\n<meta name=\"twitter:card\" content=\"summary_large_image\" \/>\n<meta name=\"twitter:label1\" content=\"Written by\" \/>\n\t<meta name=\"twitter:data1\" content=\"Myriam Wecker\" \/>\n\t<meta name=\"twitter:label2\" content=\"Est. reading time\" \/>\n\t<meta name=\"twitter:data2\" content=\"4 minutes\" \/>\n<script type=\"application\/ld+json\" class=\"yoast-schema-graph\">{\"@context\":\"https:\/\/schema.org\",\"@graph\":[{\"@type\":\"Article\",\"@id\":\"https:\/\/www.greenpeace.org\/luxembourg\/de\/aktualitaet\/13586\/wir-schiesen-noch-ubers-ziel-hinaus\/#article\",\"isPartOf\":{\"@id\":\"https:\/\/www.greenpeace.org\/luxembourg\/de\/aktualitaet\/13586\/wir-schiesen-noch-ubers-ziel-hinaus\/\"},\"author\":{\"name\":\"Myriam Wecker\",\"@id\":\"https:\/\/www.greenpeace.org\/luxembourg\/fr\/#\/schema\/person\/c2ae6002b8ed18c00be0c6b320eea776\"},\"headline\":\"Wir schie\u00dfen noch \u00fcbers Ziel hinaus\",\"datePublished\":\"2022-02-14T14:24:01+00:00\",\"dateModified\":\"2022-02-14T14:34:27+00:00\",\"mainEntityOfPage\":{\"@id\":\"https:\/\/www.greenpeace.org\/luxembourg\/de\/aktualitaet\/13586\/wir-schiesen-noch-ubers-ziel-hinaus\/\"},\"wordCount\":842,\"publisher\":{\"@id\":\"https:\/\/www.greenpeace.org\/luxembourg\/fr\/#organization\"},\"image\":{\"@id\":\"https:\/\/www.greenpeace.org\/luxembourg\/de\/aktualitaet\/13586\/wir-schiesen-noch-ubers-ziel-hinaus\/#primaryimage\"},\"thumbnailUrl\":\"https:\/\/www.greenpeace.org\/static\/planet4-luxembourg-stateless\/2022\/02\/4be151c0-gp0sttiko_web_size_with_credit_line.jpg\",\"keywords\":[\"Luxemburg\",\"FossileEnergien\",\"Klimawandel\"],\"articleSection\":[\"Klima\",\"Problem\"],\"inLanguage\":\"de-LU\"},{\"@type\":\"WebPage\",\"@id\":\"https:\/\/www.greenpeace.org\/luxembourg\/de\/aktualitaet\/13586\/wir-schiesen-noch-ubers-ziel-hinaus\/\",\"url\":\"https:\/\/www.greenpeace.org\/luxembourg\/de\/aktualitaet\/13586\/wir-schiesen-noch-ubers-ziel-hinaus\/\",\"name\":\"Wir schie\u00dfen noch \u00fcbers Ziel hinaus - Greenpeace Luxembourg\",\"isPartOf\":{\"@id\":\"https:\/\/www.greenpeace.org\/luxembourg\/fr\/#website\"},\"primaryImageOfPage\":{\"@id\":\"https:\/\/www.greenpeace.org\/luxembourg\/de\/aktualitaet\/13586\/wir-schiesen-noch-ubers-ziel-hinaus\/#primaryimage\"},\"image\":{\"@id\":\"https:\/\/www.greenpeace.org\/luxembourg\/de\/aktualitaet\/13586\/wir-schiesen-noch-ubers-ziel-hinaus\/#primaryimage\"},\"thumbnailUrl\":\"https:\/\/www.greenpeace.org\/static\/planet4-luxembourg-stateless\/2022\/02\/4be151c0-gp0sttiko_web_size_with_credit_line.jpg\",\"datePublished\":\"2022-02-14T14:24:01+00:00\",\"dateModified\":\"2022-02-14T14:34:27+00:00\",\"breadcrumb\":{\"@id\":\"https:\/\/www.greenpeace.org\/luxembourg\/de\/aktualitaet\/13586\/wir-schiesen-noch-ubers-ziel-hinaus\/#breadcrumb\"},\"inLanguage\":\"de-LU\",\"potentialAction\":[{\"@type\":\"ReadAction\",\"target\":[\"https:\/\/www.greenpeace.org\/luxembourg\/de\/aktualitaet\/13586\/wir-schiesen-noch-ubers-ziel-hinaus\/\"]}]},{\"@type\":\"ImageObject\",\"inLanguage\":\"de-LU\",\"@id\":\"https:\/\/www.greenpeace.org\/luxembourg\/de\/aktualitaet\/13586\/wir-schiesen-noch-ubers-ziel-hinaus\/#primaryimage\",\"url\":\"https:\/\/www.greenpeace.org\/static\/planet4-luxembourg-stateless\/2022\/02\/4be151c0-gp0sttiko_web_size_with_credit_line.jpg\",\"contentUrl\":\"https:\/\/www.greenpeace.org\/static\/planet4-luxembourg-stateless\/2022\/02\/4be151c0-gp0sttiko_web_size_with_credit_line.jpg\",\"width\":800,\"height\":534,\"caption\":\"Thousands of people are demonstrating in and around Keyenberg near RWE\u00b4s open-pit coal mine Garzweiler II for a rapid exit from coal and for the preservation of the endangered villages close to the Hambach Forest. Greenpeace activist with banner saying \\\"There is no planet B!\\\". Tausende Menschen demonstrieren in und um Keyenberg in der Naehe des Tagebaus Garzweiler II im Rheinischen Kohlerevier fuer einen raschen Kohleausstieg und den Erhalt der von der Abbaggerung durch RWE bedrohten Doerfer. Greenpeace Aktivist mit einem Banner mit der Aufschrift \\\"There is no Planet B!\\\".\"},{\"@type\":\"BreadcrumbList\",\"@id\":\"https:\/\/www.greenpeace.org\/luxembourg\/de\/aktualitaet\/13586\/wir-schiesen-noch-ubers-ziel-hinaus\/#breadcrumb\",\"itemListElement\":[{\"@type\":\"ListItem\",\"position\":1,\"name\":\"Home\",\"item\":\"http:\/\/www.greenpeace.org\/luxembourg\/fr\/\"},{\"@type\":\"ListItem\",\"position\":2,\"name\":\"Wir schie\u00dfen noch \u00fcbers Ziel hinaus\"}]},{\"@type\":\"WebSite\",\"@id\":\"https:\/\/www.greenpeace.org\/luxembourg\/fr\/#website\",\"url\":\"https:\/\/www.greenpeace.org\/luxembourg\/fr\/\",\"name\":\"Greenpeace Luxembourg\",\"description\":\"Greenpeace existiert, weil unsere Erde eine Stimme braucht. Sie ben\u00f6tigt L\u00f6sungen. Ver\u00e4nderungen. Aktionen.\",\"publisher\":{\"@id\":\"https:\/\/www.greenpeace.org\/luxembourg\/fr\/#organization\"},\"potentialAction\":[{\"@type\":\"SearchAction\",\"target\":{\"@type\":\"EntryPoint\",\"urlTemplate\":\"https:\/\/www.greenpeace.org\/luxembourg\/fr\/?s={search_term_string}\"},\"query-input\":{\"@type\":\"PropertyValueSpecification\",\"valueRequired\":true,\"valueName\":\"search_term_string\"}}],\"inLanguage\":\"de-LU\"},{\"@type\":\"Organization\",\"@id\":\"https:\/\/www.greenpeace.org\/luxembourg\/fr\/#organization\",\"name\":\"Greenpeace Luxembourg\",\"url\":\"https:\/\/www.greenpeace.org\/luxembourg\/fr\/\",\"logo\":{\"@type\":\"ImageObject\",\"inLanguage\":\"de-LU\",\"@id\":\"https:\/\/www.greenpeace.org\/luxembourg\/fr\/#\/schema\/logo\/image\/\",\"url\":\"https:\/\/www.greenpeace.org\/static\/planet4-luxembourg-stateless\/2026\/03\/3e367f94-greenpeace_logo_green_rgb.png\",\"contentUrl\":\"https:\/\/www.greenpeace.org\/static\/planet4-luxembourg-stateless\/2026\/03\/3e367f94-greenpeace_logo_green_rgb.png\",\"width\":1080,\"height\":175,\"caption\":\"Greenpeace Luxembourg\"},\"image\":{\"@id\":\"https:\/\/www.greenpeace.org\/luxembourg\/fr\/#\/schema\/logo\/image\/\"},\"sameAs\":[\"https:\/\/www.facebook.com\/greenpeaceluxembourg\",\"https:\/\/www.instagram.com\/greenpeacelux\/\",\"https:\/\/www.linkedin.com\/company\/greenpeace-luxembourg\/\",\"https:\/\/www.threads.com\/@greenpeacelux\",\"https:\/\/bsky.app\/profile\/greenpeacelux.bsky.social\",\"https:\/\/www.youtube.com\/@GreenpeaceLux\",\"https:\/\/www.tiktok.com\/@greenpeace_lux\"]},{\"@type\":\"Person\",\"@id\":\"https:\/\/www.greenpeace.org\/luxembourg\/fr\/#\/schema\/person\/c2ae6002b8ed18c00be0c6b320eea776\",\"name\":\"Myriam Wecker\",\"url\":\"https:\/\/www.greenpeace.org\/luxembourg\/de\/author\/mwecker\/\"}]}<\/script>\n<!-- \/ Yoast SEO Premium plugin. -->","yoast_head_json":{"title":"Wir schie\u00dfen noch \u00fcbers Ziel hinaus - Greenpeace Luxembourg","robots":{"index":"index","follow":"follow","max-snippet":"max-snippet:-1","max-image-preview":"max-image-preview:large","max-video-preview":"max-video-preview:-1"},"canonical":"https:\/\/www.greenpeace.org\/luxembourg\/de\/aktualitaet\/13586\/wir-schiesen-noch-ubers-ziel-hinaus\/","og_locale":"de_DE","og_type":"article","og_title":"Wir schie\u00dfen noch \u00fcbers Ziel hinaus","og_description":"Luxemburg hat am Montag, 14. Februar f\u00fcr dieses Jahr seinen \u201eOvershoot Day\u201c erreicht.","og_url":"https:\/\/www.greenpeace.org\/luxembourg\/de\/aktualitaet\/13586\/wir-schiesen-noch-ubers-ziel-hinaus\/","og_site_name":"Greenpeace Luxembourg","article_publisher":"https:\/\/www.facebook.com\/greenpeaceluxembourg","article_published_time":"2022-02-14T14:24:01+00:00","article_modified_time":"2022-02-14T14:34:27+00:00","og_image":[{"width":800,"height":534,"url":"https:\/\/www.greenpeace.org\/static\/planet4-luxembourg-stateless\/2022\/02\/4be151c0-gp0sttiko_web_size_with_credit_line.jpg","type":"image\/jpeg"}],"author":"Myriam Wecker","twitter_card":"summary_large_image","twitter_misc":{"Written by":"Myriam Wecker","Est. reading time":"4 minutes"},"schema":{"@context":"https:\/\/schema.org","@graph":[{"@type":"Article","@id":"https:\/\/www.greenpeace.org\/luxembourg\/de\/aktualitaet\/13586\/wir-schiesen-noch-ubers-ziel-hinaus\/#article","isPartOf":{"@id":"https:\/\/www.greenpeace.org\/luxembourg\/de\/aktualitaet\/13586\/wir-schiesen-noch-ubers-ziel-hinaus\/"},"author":{"name":"Myriam Wecker","@id":"https:\/\/www.greenpeace.org\/luxembourg\/fr\/#\/schema\/person\/c2ae6002b8ed18c00be0c6b320eea776"},"headline":"Wir schie\u00dfen noch \u00fcbers Ziel hinaus","datePublished":"2022-02-14T14:24:01+00:00","dateModified":"2022-02-14T14:34:27+00:00","mainEntityOfPage":{"@id":"https:\/\/www.greenpeace.org\/luxembourg\/de\/aktualitaet\/13586\/wir-schiesen-noch-ubers-ziel-hinaus\/"},"wordCount":842,"publisher":{"@id":"https:\/\/www.greenpeace.org\/luxembourg\/fr\/#organization"},"image":{"@id":"https:\/\/www.greenpeace.org\/luxembourg\/de\/aktualitaet\/13586\/wir-schiesen-noch-ubers-ziel-hinaus\/#primaryimage"},"thumbnailUrl":"https:\/\/www.greenpeace.org\/static\/planet4-luxembourg-stateless\/2022\/02\/4be151c0-gp0sttiko_web_size_with_credit_line.jpg","keywords":["Luxemburg","FossileEnergien","Klimawandel"],"articleSection":["Klima","Problem"],"inLanguage":"de-LU"},{"@type":"WebPage","@id":"https:\/\/www.greenpeace.org\/luxembourg\/de\/aktualitaet\/13586\/wir-schiesen-noch-ubers-ziel-hinaus\/","url":"https:\/\/www.greenpeace.org\/luxembourg\/de\/aktualitaet\/13586\/wir-schiesen-noch-ubers-ziel-hinaus\/","name":"Wir schie\u00dfen noch \u00fcbers Ziel hinaus - Greenpeace Luxembourg","isPartOf":{"@id":"https:\/\/www.greenpeace.org\/luxembourg\/fr\/#website"},"primaryImageOfPage":{"@id":"https:\/\/www.greenpeace.org\/luxembourg\/de\/aktualitaet\/13586\/wir-schiesen-noch-ubers-ziel-hinaus\/#primaryimage"},"image":{"@id":"https:\/\/www.greenpeace.org\/luxembourg\/de\/aktualitaet\/13586\/wir-schiesen-noch-ubers-ziel-hinaus\/#primaryimage"},"thumbnailUrl":"https:\/\/www.greenpeace.org\/static\/planet4-luxembourg-stateless\/2022\/02\/4be151c0-gp0sttiko_web_size_with_credit_line.jpg","datePublished":"2022-02-14T14:24:01+00:00","dateModified":"2022-02-14T14:34:27+00:00","breadcrumb":{"@id":"https:\/\/www.greenpeace.org\/luxembourg\/de\/aktualitaet\/13586\/wir-schiesen-noch-ubers-ziel-hinaus\/#breadcrumb"},"inLanguage":"de-LU","potentialAction":[{"@type":"ReadAction","target":["https:\/\/www.greenpeace.org\/luxembourg\/de\/aktualitaet\/13586\/wir-schiesen-noch-ubers-ziel-hinaus\/"]}]},{"@type":"ImageObject","inLanguage":"de-LU","@id":"https:\/\/www.greenpeace.org\/luxembourg\/de\/aktualitaet\/13586\/wir-schiesen-noch-ubers-ziel-hinaus\/#primaryimage","url":"https:\/\/www.greenpeace.org\/static\/planet4-luxembourg-stateless\/2022\/02\/4be151c0-gp0sttiko_web_size_with_credit_line.jpg","contentUrl":"https:\/\/www.greenpeace.org\/static\/planet4-luxembourg-stateless\/2022\/02\/4be151c0-gp0sttiko_web_size_with_credit_line.jpg","width":800,"height":534,"caption":"Thousands of people are demonstrating in and around Keyenberg near RWE\u00b4s open-pit coal mine Garzweiler II for a rapid exit from coal and for the preservation of the endangered villages close to the Hambach Forest. Greenpeace activist with banner saying \"There is no planet B!\". Tausende Menschen demonstrieren in und um Keyenberg in der Naehe des Tagebaus Garzweiler II im Rheinischen Kohlerevier fuer einen raschen Kohleausstieg und den Erhalt der von der Abbaggerung durch RWE bedrohten Doerfer. Greenpeace Aktivist mit einem Banner mit der Aufschrift \"There is no Planet B!\"."},{"@type":"BreadcrumbList","@id":"https:\/\/www.greenpeace.org\/luxembourg\/de\/aktualitaet\/13586\/wir-schiesen-noch-ubers-ziel-hinaus\/#breadcrumb","itemListElement":[{"@type":"ListItem","position":1,"name":"Home","item":"http:\/\/www.greenpeace.org\/luxembourg\/fr\/"},{"@type":"ListItem","position":2,"name":"Wir schie\u00dfen noch \u00fcbers Ziel hinaus"}]},{"@type":"WebSite","@id":"https:\/\/www.greenpeace.org\/luxembourg\/fr\/#website","url":"https:\/\/www.greenpeace.org\/luxembourg\/fr\/","name":"Greenpeace Luxembourg","description":"Greenpeace existiert, weil unsere Erde eine Stimme braucht. Sie ben\u00f6tigt L\u00f6sungen. Ver\u00e4nderungen. Aktionen.","publisher":{"@id":"https:\/\/www.greenpeace.org\/luxembourg\/fr\/#organization"},"potentialAction":[{"@type":"SearchAction","target":{"@type":"EntryPoint","urlTemplate":"https:\/\/www.greenpeace.org\/luxembourg\/fr\/?s={search_term_string}"},"query-input":{"@type":"PropertyValueSpecification","valueRequired":true,"valueName":"search_term_string"}}],"inLanguage":"de-LU"},{"@type":"Organization","@id":"https:\/\/www.greenpeace.org\/luxembourg\/fr\/#organization","name":"Greenpeace Luxembourg","url":"https:\/\/www.greenpeace.org\/luxembourg\/fr\/","logo":{"@type":"ImageObject","inLanguage":"de-LU","@id":"https:\/\/www.greenpeace.org\/luxembourg\/fr\/#\/schema\/logo\/image\/","url":"https:\/\/www.greenpeace.org\/static\/planet4-luxembourg-stateless\/2026\/03\/3e367f94-greenpeace_logo_green_rgb.png","contentUrl":"https:\/\/www.greenpeace.org\/static\/planet4-luxembourg-stateless\/2026\/03\/3e367f94-greenpeace_logo_green_rgb.png","width":1080,"height":175,"caption":"Greenpeace Luxembourg"},"image":{"@id":"https:\/\/www.greenpeace.org\/luxembourg\/fr\/#\/schema\/logo\/image\/"},"sameAs":["https:\/\/www.facebook.com\/greenpeaceluxembourg","https:\/\/www.instagram.com\/greenpeacelux\/","https:\/\/www.linkedin.com\/company\/greenpeace-luxembourg\/","https:\/\/www.threads.com\/@greenpeacelux","https:\/\/bsky.app\/profile\/greenpeacelux.bsky.social","https:\/\/www.youtube.com\/@GreenpeaceLux","https:\/\/www.tiktok.com\/@greenpeace_lux"]},{"@type":"Person","@id":"https:\/\/www.greenpeace.org\/luxembourg\/fr\/#\/schema\/person\/c2ae6002b8ed18c00be0c6b320eea776","name":"Myriam Wecker","url":"https:\/\/www.greenpeace.org\/luxembourg\/de\/author\/mwecker\/"}]}},"_links":{"self":[{"href":"https:\/\/www.greenpeace.org\/luxembourg\/de\/wp-json\/wp\/v2\/posts\/13586","targetHints":{"allow":["GET"]}}],"collection":[{"href":"https:\/\/www.greenpeace.org\/luxembourg\/de\/wp-json\/wp\/v2\/posts"}],"about":[{"href":"https:\/\/www.greenpeace.org\/luxembourg\/de\/wp-json\/wp\/v2\/types\/post"}],"author":[{"embeddable":true,"href":"https:\/\/www.greenpeace.org\/luxembourg\/de\/wp-json\/wp\/v2\/users\/31"}],"replies":[{"embeddable":true,"href":"https:\/\/www.greenpeace.org\/luxembourg\/de\/wp-json\/wp\/v2\/comments?post=13586"}],"version-history":[{"count":3,"href":"https:\/\/www.greenpeace.org\/luxembourg\/de\/wp-json\/wp\/v2\/posts\/13586\/revisions"}],"predecessor-version":[{"id":13599,"href":"https:\/\/www.greenpeace.org\/luxembourg\/de\/wp-json\/wp\/v2\/posts\/13586\/revisions\/13599"}],"wp:featuredmedia":[{"embeddable":true,"href":"https:\/\/www.greenpeace.org\/luxembourg\/de\/wp-json\/wp\/v2\/media\/13588"}],"wp:attachment":[{"href":"https:\/\/www.greenpeace.org\/luxembourg\/de\/wp-json\/wp\/v2\/media?parent=13586"}],"wp:term":[{"taxonomy":"category","embeddable":true,"href":"https:\/\/www.greenpeace.org\/luxembourg\/de\/wp-json\/wp\/v2\/categories?post=13586"},{"taxonomy":"post_tag","embeddable":true,"href":"https:\/\/www.greenpeace.org\/luxembourg\/de\/wp-json\/wp\/v2\/tags?post=13586"},{"taxonomy":"p4-page-type","embeddable":true,"href":"https:\/\/www.greenpeace.org\/luxembourg\/de\/wp-json\/wp\/v2\/p4-page-type?post=13586"}],"curies":[{"name":"wp","href":"https:\/\/api.w.org\/{rel}","templated":true}]}}