{"id":13712,"date":"2022-02-28T14:51:40","date_gmt":"2022-02-28T12:51:40","guid":{"rendered":"https:\/\/www.greenpeace.org\/luxembourg\/?p=13712"},"modified":"2022-02-28T14:51:42","modified_gmt":"2022-02-28T12:51:42","slug":"vom-ipcc-vorhergesagten-klimarisiken-bedrohen-die-menschenrechte","status":"publish","type":"post","link":"https:\/\/www.greenpeace.org\/luxembourg\/de\/presseerklaerungen\/13712\/vom-ipcc-vorhergesagten-klimarisiken-bedrohen-die-menschenrechte\/","title":{"rendered":"Vom IPCC vorhergesagten Klimarisiken bedrohen die Menschenrechte"},"content":{"rendered":"\n<h2 class=\"wp-block-heading\">Im Vorfeld des Klimastreiks fordert Greenpeace einen fossil-freien FDC <\/h2>\n\n<p><em>Luxemburg, 28. Februar 2022<\/em> &#8211; <strong>In der bisher umfassendsten Bewertung der Auswirkungen des Klimawandels hat die Arbeitsgruppe II des Zwischenstaatlichen Ausschusses f\u00fcr Klima\u00e4nderungen (IPCC) den Regierungen der Welt heute ihre neueste wissenschaftliche Bewertung vorgelegt. [1] Der Bericht zeigt die schwerwiegenden Auswirkungen des Klimawandels auf \u00d6kosysteme und Menschen in aller Welt. Der Klimawandel beeintr\u00e4chtigt die Menschenrechte, wie das Recht auf Leben und Gesundheit, auf Nahrung, Wasser und Wohnung. Angesichts der Dringlichkeit der Ergebnisse fordert Greenpeace ehrgeizigere Anstrengungen zur Reduzierung der Treibhausgasemissionen in Luxemburg. Alle Wirtschaftssektoren, einschlie\u00dflich Finanzakteure sowie \u00f6ffentliche Einrichtungen wie der staatliche Pensionsfonds FDC, m\u00fcssen ihre Verantwortung wahrnehmen.<\/strong><\/p>\n\n<p>Der IPCC-Bericht fasst die neuesten wissenschaftlichen Erkenntnisse \u00fcber Auswirkungen, Anpassung und Anf\u00e4lligkeit zusammen und zeigt auf, wie Gefahren und Risiken mit der Erw\u00e4rmung zunehmen werden. Er ist der j\u00fcngste in einer Reihe von Berichten, die seit 2014 vor der Bedrohung des \u00dcberlebens der Menschheit und des Planeten durch den Klimawandel gewarnt haben. Dennoch haben Regierungen, Unternehmen und Finanzakteure es vers\u00e4umt, die dringend erforderlichen Ma\u00dfnahmen zu ergreifen, um den sich vor unseren Augen abzeichnenden Klimanotstand zu beheben.<\/p>\n\n<figure class=\"wp-block-image size-full is-resized\"><img loading=\"lazy\" decoding=\"async\" src=\"https:\/\/www.greenpeace.org\/static\/planet4-luxembourg-stateless\/2022\/02\/69ddeb88-gp1svr4y_web_size_with_credit_line-1.jpg\" alt=\"\" class=\"wp-image-13707\" width=\"600\" height=\"400\" srcset=\"https:\/\/www.greenpeace.org\/static\/planet4-luxembourg-stateless\/2022\/02\/69ddeb88-gp1svr4y_web_size_with_credit_line-1.jpg 800w, https:\/\/www.greenpeace.org\/static\/planet4-luxembourg-stateless\/2022\/02\/69ddeb88-gp1svr4y_web_size_with_credit_line-1-300x200.jpg 300w, https:\/\/www.greenpeace.org\/static\/planet4-luxembourg-stateless\/2022\/02\/69ddeb88-gp1svr4y_web_size_with_credit_line-1-768x512.jpg 768w, https:\/\/www.greenpeace.org\/static\/planet4-luxembourg-stateless\/2022\/02\/69ddeb88-gp1svr4y_web_size_with_credit_line-1-510x340.jpg 510w\" sizes=\"auto, (max-width: 600px) 100vw, 600px\" \/><\/figure>\n\n<p>&#8220;<em>Der neue IPCC-Bericht bekr\u00e4ftigt den globalen Standard, dass Klimaschutz ein Menschenrecht ist<\/em>&#8220;, sagte Myrna Koster, Climate Justice Campaigner bei Greenpeace Luxemburg. &#8220;<em>Regierungen, Unternehmen und Finanzakteure haben keine andere Wahl, als im Einklang mit der Wissenschaft zu handeln, um ihren Klima- und Menschenrechtsverpflichtungen nachzukommen<\/em>.&#8221;<\/p>\n\n<p>Im vergangenen Jahr wurde Luxemburg f\u00fcr die Amtszeit 2022-24 in den Menschenrechtsrat der Vereinten Nationen (UNHRC) gew\u00e4hlt. Derselbe Rat hat im Oktober 2021 erkl\u00e4rt, dass eine saubere, gesunde und nachhaltige Umwelt ein Menschenrecht ist [2]. Als Mitglied des UNHRC muss das Gro\u00dfherzogtum alle Aspekte der Menschenrechte respektieren, f\u00fcr die es sich verb\u00fcrgt hat, einschlie\u00dflich der Abschw\u00e4chung der Auswirkungen der aktuellen Klimakrise. Luxemburg muss sich nicht nur mit den direkten Emissionen des Landes befassen, sondern auch mit der Tatsache, dass sein Finanzplatz durch die Finanzierung nicht nachhaltiger Unternehmen erheblich zur globalen Klimakrise beitr\u00e4gt. Selbst \u00f6ffentliche Einrichtungen wie der Pensionsfonds FDC (Fonds de Compensation) investieren weiterhin in fossile Brennstoffe und andere klimasch\u00e4dliche Industrien &#8211; und das, obwohl 49 % der luxemburgischen Bev\u00f6lkerung den Klimawandel f\u00fcr das gr\u00f6\u00dfte Problem halten, dem die EU heute gegen\u00fcbersteht. [3]<\/p>\n\n<p>In den kommenden Monaten wird der FDC seine Investitionsstrategie f\u00fcr den Zeitraum 2023-2028 \u00fcberpr\u00fcfen. F\u00fcr Greenpeace ist es zwingend erforderlich, dass der Verwaltungsrat des FDC diese Gelegenheit nutzt, um einen Ausstieg aus fossilen Brennstoffen und anderen kohlenstoffintensiven Investitionen zu beschlie\u00dfen, um die Investitionen des Fonds mit den Zielen des Pariser Klimaabkommens in Einklang zu bringen.<\/p>\n\n<p>&#8220;<em>Es ist einfach inakzeptabel, dass ein \u00f6ffentlicher Fonds wie der FDC das Geld von Privatpersonen in schmutzige Anlagen investiert, und dies ohne deren Wissen oder Zustimmung<\/em>&#8220;, sagte Martina Holbach, Klima- und Finanzkampaignerin bei Greenpeace Luxemburg.<em> &#8220;Der Minister f\u00fcr soziale Sicherheit Claude Hagen und die Vorstandsmitglieder des FDC m\u00fcssen endlich ihre Verantwortung gegen\u00fcber der Gesellschaft und der Umwelt wahrnehmen und aufh\u00f6ren, \u00f6ffentliche Gelder in klimasch\u00e4dliche Industrien zu investieren. Greenpeace Luxemburg fordert, dass der FDC bei seiner anstehenden Strategie\u00fcberpr\u00fcfung alle seine Investitionsaktivit\u00e4ten an den Zielen des Pariser Abkommens ausrichtet, d.h. die Begrenzung der globalen Erw\u00e4rmung auf maximal 1,5\u00b0C.<\/em>\u201c<\/p>\n\n<p>Angesichts der katastrophalen Auswirkungen auf die Umwelt, der finanziellen Risiken, die mit Investitionen in Unternehmen mit fossilen Brennstoffen verbunden sind, und der Tatsache, dass alternative Investitionen in den meisten F\u00e4llen genauso profitabel &#8211; oder sogar profitabler &#8211; sind als Investitionen in fossile Brennstoffe, gibt es keinen legitimen Grund f\u00fcr den FDC, seine sch\u00e4dlichen Praktiken fortzusetzen. Tats\u00e4chlich nimmt die Zahl der gro\u00dfen Pensionsfonds, die sich von schmutzigen Energien trennen, weltweit zu, darunter der gr\u00f6\u00dfte europ\u00e4ische Pensionsfonds ABP, der d\u00e4nische Pensionsfonds ATP und viele andere. [4] <\/p>\n\n<figure class=\"wp-block-image size-full\"><img loading=\"lazy\" decoding=\"async\" width=\"500\" height=\"250\" src=\"https:\/\/www.greenpeace.org\/static\/planet4-luxembourg-stateless\/2022\/02\/e8f0b46e-trashed_planet_facebook_final-1.gif\" alt=\"\" class=\"wp-image-13709\"\/><\/figure>\n\n<p>&#8220;<em>Immer mehr Menschen auf der ganzen Welt dr\u00e4ngen Regierungen, Unternehmen und Finanzakteure zu konsequentem Handeln<\/em>&#8220;, sagte Myrna Koster.<strong> <\/strong>&#8220;<em>Am 25. M\u00e4rz wird Greenpeace Luxemburg gemeinsam mit<\/em> Youth For Climate<em> und Klimaaktivisten aus dem ganzen Land auf die Stra\u00dfe gehen, um gegen die anhaltende Unt\u00e4tigkeit des FDC-Vorstands und der Regierungsmitglieder zu protestieren. Die Zeit zum Handeln ist jetzt! <\/em>&#8220;<strong> <\/strong>[5]<\/p>\n\n<hr class=\"wp-block-separator\"\/>\n\n<p><strong>Anmerkungen: <\/strong><\/p>\n\n<p>[1] Auf den Beitrag der Arbeitsgruppe II zum Sechsten Sachstandsbericht des IPCC wird im April der Beitrag der Arbeitsgruppe III folgen, die M\u00f6glichkeiten zur Abschw\u00e4chung des Klimawandels bewerten wird. Die gesamte Geschichte des Sechsten Sachstandsberichts des IPCC wird dann im Oktober im Synthesebericht zusammengefasst.<\/p>\n\n<p>[2] Vereinte Nationen, <a href=\"https:\/\/undocs.org\/fr\/A\/HRC\/RES\/48\/13\" target=\"_blank\" rel=\"noreferrer noopener\">Resolution adopted by the Human Rights Council on 8 October 2021<\/a><\/p>\n\n<p>[3] Special Eurobarometer on the Future of Europe, <a href=\"https:\/\/ec.europa.eu\/commission\/presscorner\/detail\/fr\/ip_22_447\" target=\"_blank\" rel=\"noreferrer noopener\">Future of Europe: Europeans see climate change as top challenge for the EU<\/a>, 25. Januar 2022. Au\u00dferdem sind laut einer k\u00fcrzlich von TNS Ilres im Auftrag von Greenpeace durchgef\u00fchrten <a href=\"https:\/\/www.greenpeace.org\/static\/planet4-luxembourg-stateless\/2021\/07\/5ecc1c39-tns-ilres_greenpeace2021_mai2021_page_23.png\" target=\"_blank\" rel=\"noreferrer noopener\">Umfrage<\/a> 47% der Bev\u00f6lkerung des Landes nicht damit einverstanden, dass der FDC in fossile Brennstoffe investiert. <\/p>\n\n<p>[4] F\u00fcr weitere Beispiele klicken Sie bitte <a href=\"https:\/\/divestmentdatabase.org\/\" target=\"_blank\" rel=\"noreferrer noopener\">hier<\/a>. <\/p>\n\n<p>[5] Der Klimastreik findet am Freitag, 25. M\u00e4rz 2022, um 14 Uhr auf dem Place de Clairefontaine statt. Weitere Informationen finden Sie <a href=\"https:\/\/youthforclimate.lu\/fr\/\" target=\"_blank\" rel=\"noreferrer noopener\">hier<\/a>.<\/p>\n","protected":false},"excerpt":{"rendered":"<p>Der IPCC-Bericht zeigt die katastrophalen Auswirkungen der globalen Erw\u00e4rmung auf \u00d6kosysteme und Menschen auf der ganzen Welt. <\/p>\n","protected":false},"author":31,"featured_media":13710,"comment_status":"closed","ping_status":"closed","sticky":false,"template":"","format":"standard","meta":{"ep_exclude_from_search":false,"p4_og_title":"","p4_og_description":"","p4_og_image":"","p4_og_image_id":"","p4_seo_canonical_url":"","p4_campaign_name":"not set","p4_local_project":"not set","p4_basket_name":"not set","p4_department":"","footnotes":""},"categories":[49,48,46],"tags":[60,63,65],"p4-page-type":[69],"class_list":["post-13712","post","type-post","status-publish","format-standard","has-post-thumbnail","hentry","category-energie","category-klima","category-problem","tag-luxemburg","tag-fossileenergien","tag-klimawandel","p4-page-type-presseerklaerungen"],"yoast_head":"<!-- This site is optimized with the Yoast SEO Premium plugin v23.9 (Yoast SEO v23.9) - https:\/\/yoast.com\/wordpress\/plugins\/seo\/ -->\n<title>Vom IPCC vorhergesagten Klimarisiken bedrohen die Menschenrechte - Greenpeace Luxembourg<\/title>\n<meta name=\"robots\" content=\"index, follow, max-snippet:-1, max-image-preview:large, max-video-preview:-1\" \/>\n<link rel=\"canonical\" href=\"https:\/\/www.greenpeace.org\/luxembourg\/de\/presseerklaerungen\/13712\/vom-ipcc-vorhergesagten-klimarisiken-bedrohen-die-menschenrechte\/\" \/>\n<meta property=\"og:locale\" content=\"de_DE\" \/>\n<meta property=\"og:type\" content=\"article\" \/>\n<meta property=\"og:title\" content=\"Vom IPCC vorhergesagten Klimarisiken bedrohen die Menschenrechte\" \/>\n<meta property=\"og:description\" content=\"Der IPCC-Bericht zeigt die katastrophalen Auswirkungen der globalen Erw\u00e4rmung auf \u00d6kosysteme und Menschen auf der ganzen Welt.\" \/>\n<meta property=\"og:url\" content=\"https:\/\/www.greenpeace.org\/luxembourg\/de\/presseerklaerungen\/13712\/vom-ipcc-vorhergesagten-klimarisiken-bedrohen-die-menschenrechte\/\" \/>\n<meta property=\"og:site_name\" content=\"Greenpeace Luxembourg\" \/>\n<meta property=\"article:publisher\" content=\"https:\/\/www.facebook.com\/greenpeaceluxembourg\" \/>\n<meta property=\"article:published_time\" content=\"2022-02-28T12:51:40+00:00\" \/>\n<meta property=\"article:modified_time\" content=\"2022-02-28T12:51:42+00:00\" \/>\n<meta property=\"og:image\" content=\"https:\/\/www.greenpeace.org\/static\/planet4-luxembourg-stateless\/2022\/02\/e8f0b46e-trashed_planet_facebook_final-1.gif\" \/>\n\t<meta property=\"og:image:width\" content=\"500\" \/>\n\t<meta property=\"og:image:height\" content=\"250\" \/>\n\t<meta property=\"og:image:type\" content=\"image\/gif\" \/>\n<meta name=\"author\" content=\"Myriam Wecker\" \/>\n<meta name=\"twitter:card\" content=\"summary_large_image\" \/>\n<meta name=\"twitter:label1\" content=\"Written by\" \/>\n\t<meta name=\"twitter:data1\" content=\"Myriam Wecker\" \/>\n\t<meta name=\"twitter:label2\" content=\"Est. reading time\" \/>\n\t<meta name=\"twitter:data2\" content=\"4 minutes\" \/>\n<script type=\"application\/ld+json\" class=\"yoast-schema-graph\">{\"@context\":\"https:\/\/schema.org\",\"@graph\":[{\"@type\":\"Article\",\"@id\":\"https:\/\/www.greenpeace.org\/luxembourg\/de\/presseerklaerungen\/13712\/vom-ipcc-vorhergesagten-klimarisiken-bedrohen-die-menschenrechte\/#article\",\"isPartOf\":{\"@id\":\"https:\/\/www.greenpeace.org\/luxembourg\/de\/presseerklaerungen\/13712\/vom-ipcc-vorhergesagten-klimarisiken-bedrohen-die-menschenrechte\/\"},\"author\":{\"name\":\"Myriam Wecker\",\"@id\":\"https:\/\/www.greenpeace.org\/luxembourg\/fr\/#\/schema\/person\/c2ae6002b8ed18c00be0c6b320eea776\"},\"headline\":\"Vom IPCC vorhergesagten Klimarisiken bedrohen die Menschenrechte\",\"datePublished\":\"2022-02-28T12:51:40+00:00\",\"dateModified\":\"2022-02-28T12:51:42+00:00\",\"mainEntityOfPage\":{\"@id\":\"https:\/\/www.greenpeace.org\/luxembourg\/de\/presseerklaerungen\/13712\/vom-ipcc-vorhergesagten-klimarisiken-bedrohen-die-menschenrechte\/\"},\"wordCount\":836,\"publisher\":{\"@id\":\"https:\/\/www.greenpeace.org\/luxembourg\/fr\/#organization\"},\"image\":{\"@id\":\"https:\/\/www.greenpeace.org\/luxembourg\/de\/presseerklaerungen\/13712\/vom-ipcc-vorhergesagten-klimarisiken-bedrohen-die-menschenrechte\/#primaryimage\"},\"thumbnailUrl\":\"https:\/\/www.greenpeace.org\/static\/planet4-luxembourg-stateless\/2022\/02\/e8f0b46e-trashed_planet_facebook_final-1.gif\",\"keywords\":[\"Luxemburg\",\"FossileEnergien\",\"Klimawandel\"],\"articleSection\":[\"Energie\",\"Klima\",\"Problem\"],\"inLanguage\":\"de-LU\"},{\"@type\":\"WebPage\",\"@id\":\"https:\/\/www.greenpeace.org\/luxembourg\/de\/presseerklaerungen\/13712\/vom-ipcc-vorhergesagten-klimarisiken-bedrohen-die-menschenrechte\/\",\"url\":\"https:\/\/www.greenpeace.org\/luxembourg\/de\/presseerklaerungen\/13712\/vom-ipcc-vorhergesagten-klimarisiken-bedrohen-die-menschenrechte\/\",\"name\":\"Vom IPCC vorhergesagten Klimarisiken bedrohen die Menschenrechte - Greenpeace Luxembourg\",\"isPartOf\":{\"@id\":\"https:\/\/www.greenpeace.org\/luxembourg\/fr\/#website\"},\"primaryImageOfPage\":{\"@id\":\"https:\/\/www.greenpeace.org\/luxembourg\/de\/presseerklaerungen\/13712\/vom-ipcc-vorhergesagten-klimarisiken-bedrohen-die-menschenrechte\/#primaryimage\"},\"image\":{\"@id\":\"https:\/\/www.greenpeace.org\/luxembourg\/de\/presseerklaerungen\/13712\/vom-ipcc-vorhergesagten-klimarisiken-bedrohen-die-menschenrechte\/#primaryimage\"},\"thumbnailUrl\":\"https:\/\/www.greenpeace.org\/static\/planet4-luxembourg-stateless\/2022\/02\/e8f0b46e-trashed_planet_facebook_final-1.gif\",\"datePublished\":\"2022-02-28T12:51:40+00:00\",\"dateModified\":\"2022-02-28T12:51:42+00:00\",\"breadcrumb\":{\"@id\":\"https:\/\/www.greenpeace.org\/luxembourg\/de\/presseerklaerungen\/13712\/vom-ipcc-vorhergesagten-klimarisiken-bedrohen-die-menschenrechte\/#breadcrumb\"},\"inLanguage\":\"de-LU\",\"potentialAction\":[{\"@type\":\"ReadAction\",\"target\":[\"https:\/\/www.greenpeace.org\/luxembourg\/de\/presseerklaerungen\/13712\/vom-ipcc-vorhergesagten-klimarisiken-bedrohen-die-menschenrechte\/\"]}]},{\"@type\":\"ImageObject\",\"inLanguage\":\"de-LU\",\"@id\":\"https:\/\/www.greenpeace.org\/luxembourg\/de\/presseerklaerungen\/13712\/vom-ipcc-vorhergesagten-klimarisiken-bedrohen-die-menschenrechte\/#primaryimage\",\"url\":\"https:\/\/www.greenpeace.org\/static\/planet4-luxembourg-stateless\/2022\/02\/e8f0b46e-trashed_planet_facebook_final-1.gif\",\"contentUrl\":\"https:\/\/www.greenpeace.org\/static\/planet4-luxembourg-stateless\/2022\/02\/e8f0b46e-trashed_planet_facebook_final-1.gif\",\"width\":500,\"height\":250},{\"@type\":\"BreadcrumbList\",\"@id\":\"https:\/\/www.greenpeace.org\/luxembourg\/de\/presseerklaerungen\/13712\/vom-ipcc-vorhergesagten-klimarisiken-bedrohen-die-menschenrechte\/#breadcrumb\",\"itemListElement\":[{\"@type\":\"ListItem\",\"position\":1,\"name\":\"Home\",\"item\":\"http:\/\/www.greenpeace.org\/luxembourg\/fr\/\"},{\"@type\":\"ListItem\",\"position\":2,\"name\":\"Vom IPCC vorhergesagten Klimarisiken bedrohen die Menschenrechte\"}]},{\"@type\":\"WebSite\",\"@id\":\"https:\/\/www.greenpeace.org\/luxembourg\/fr\/#website\",\"url\":\"https:\/\/www.greenpeace.org\/luxembourg\/fr\/\",\"name\":\"Greenpeace Luxembourg\",\"description\":\"Greenpeace existiert, weil unsere Erde eine Stimme braucht. Sie ben\u00f6tigt L\u00f6sungen. Ver\u00e4nderungen. Aktionen.\",\"publisher\":{\"@id\":\"https:\/\/www.greenpeace.org\/luxembourg\/fr\/#organization\"},\"potentialAction\":[{\"@type\":\"SearchAction\",\"target\":{\"@type\":\"EntryPoint\",\"urlTemplate\":\"https:\/\/www.greenpeace.org\/luxembourg\/fr\/?s={search_term_string}\"},\"query-input\":{\"@type\":\"PropertyValueSpecification\",\"valueRequired\":true,\"valueName\":\"search_term_string\"}}],\"inLanguage\":\"de-LU\"},{\"@type\":\"Organization\",\"@id\":\"https:\/\/www.greenpeace.org\/luxembourg\/fr\/#organization\",\"name\":\"Greenpeace Luxembourg\",\"url\":\"https:\/\/www.greenpeace.org\/luxembourg\/fr\/\",\"logo\":{\"@type\":\"ImageObject\",\"inLanguage\":\"de-LU\",\"@id\":\"https:\/\/www.greenpeace.org\/luxembourg\/fr\/#\/schema\/logo\/image\/\",\"url\":\"https:\/\/www.greenpeace.org\/static\/planet4-luxembourg-stateless\/2026\/03\/3e367f94-greenpeace_logo_green_rgb.png\",\"contentUrl\":\"https:\/\/www.greenpeace.org\/static\/planet4-luxembourg-stateless\/2026\/03\/3e367f94-greenpeace_logo_green_rgb.png\",\"width\":1080,\"height\":175,\"caption\":\"Greenpeace Luxembourg\"},\"image\":{\"@id\":\"https:\/\/www.greenpeace.org\/luxembourg\/fr\/#\/schema\/logo\/image\/\"},\"sameAs\":[\"https:\/\/www.facebook.com\/greenpeaceluxembourg\",\"https:\/\/www.instagram.com\/greenpeacelux\/\",\"https:\/\/www.linkedin.com\/company\/greenpeace-luxembourg\/\",\"https:\/\/www.threads.com\/@greenpeacelux\",\"https:\/\/bsky.app\/profile\/greenpeacelux.bsky.social\",\"https:\/\/www.youtube.com\/@GreenpeaceLux\",\"https:\/\/www.tiktok.com\/@greenpeace_lux\"]},{\"@type\":\"Person\",\"@id\":\"https:\/\/www.greenpeace.org\/luxembourg\/fr\/#\/schema\/person\/c2ae6002b8ed18c00be0c6b320eea776\",\"name\":\"Myriam Wecker\",\"url\":\"https:\/\/www.greenpeace.org\/luxembourg\/de\/author\/mwecker\/\"}]}<\/script>\n<!-- \/ Yoast SEO Premium plugin. -->","yoast_head_json":{"title":"Vom IPCC vorhergesagten Klimarisiken bedrohen die Menschenrechte - Greenpeace Luxembourg","robots":{"index":"index","follow":"follow","max-snippet":"max-snippet:-1","max-image-preview":"max-image-preview:large","max-video-preview":"max-video-preview:-1"},"canonical":"https:\/\/www.greenpeace.org\/luxembourg\/de\/presseerklaerungen\/13712\/vom-ipcc-vorhergesagten-klimarisiken-bedrohen-die-menschenrechte\/","og_locale":"de_DE","og_type":"article","og_title":"Vom IPCC vorhergesagten Klimarisiken bedrohen die Menschenrechte","og_description":"Der IPCC-Bericht zeigt die katastrophalen Auswirkungen der globalen Erw\u00e4rmung auf \u00d6kosysteme und Menschen auf der ganzen Welt.","og_url":"https:\/\/www.greenpeace.org\/luxembourg\/de\/presseerklaerungen\/13712\/vom-ipcc-vorhergesagten-klimarisiken-bedrohen-die-menschenrechte\/","og_site_name":"Greenpeace Luxembourg","article_publisher":"https:\/\/www.facebook.com\/greenpeaceluxembourg","article_published_time":"2022-02-28T12:51:40+00:00","article_modified_time":"2022-02-28T12:51:42+00:00","og_image":[{"width":500,"height":250,"url":"https:\/\/www.greenpeace.org\/static\/planet4-luxembourg-stateless\/2022\/02\/e8f0b46e-trashed_planet_facebook_final-1.gif","type":"image\/gif"}],"author":"Myriam Wecker","twitter_card":"summary_large_image","twitter_misc":{"Written by":"Myriam Wecker","Est. reading time":"4 minutes"},"schema":{"@context":"https:\/\/schema.org","@graph":[{"@type":"Article","@id":"https:\/\/www.greenpeace.org\/luxembourg\/de\/presseerklaerungen\/13712\/vom-ipcc-vorhergesagten-klimarisiken-bedrohen-die-menschenrechte\/#article","isPartOf":{"@id":"https:\/\/www.greenpeace.org\/luxembourg\/de\/presseerklaerungen\/13712\/vom-ipcc-vorhergesagten-klimarisiken-bedrohen-die-menschenrechte\/"},"author":{"name":"Myriam Wecker","@id":"https:\/\/www.greenpeace.org\/luxembourg\/fr\/#\/schema\/person\/c2ae6002b8ed18c00be0c6b320eea776"},"headline":"Vom IPCC vorhergesagten Klimarisiken bedrohen die Menschenrechte","datePublished":"2022-02-28T12:51:40+00:00","dateModified":"2022-02-28T12:51:42+00:00","mainEntityOfPage":{"@id":"https:\/\/www.greenpeace.org\/luxembourg\/de\/presseerklaerungen\/13712\/vom-ipcc-vorhergesagten-klimarisiken-bedrohen-die-menschenrechte\/"},"wordCount":836,"publisher":{"@id":"https:\/\/www.greenpeace.org\/luxembourg\/fr\/#organization"},"image":{"@id":"https:\/\/www.greenpeace.org\/luxembourg\/de\/presseerklaerungen\/13712\/vom-ipcc-vorhergesagten-klimarisiken-bedrohen-die-menschenrechte\/#primaryimage"},"thumbnailUrl":"https:\/\/www.greenpeace.org\/static\/planet4-luxembourg-stateless\/2022\/02\/e8f0b46e-trashed_planet_facebook_final-1.gif","keywords":["Luxemburg","FossileEnergien","Klimawandel"],"articleSection":["Energie","Klima","Problem"],"inLanguage":"de-LU"},{"@type":"WebPage","@id":"https:\/\/www.greenpeace.org\/luxembourg\/de\/presseerklaerungen\/13712\/vom-ipcc-vorhergesagten-klimarisiken-bedrohen-die-menschenrechte\/","url":"https:\/\/www.greenpeace.org\/luxembourg\/de\/presseerklaerungen\/13712\/vom-ipcc-vorhergesagten-klimarisiken-bedrohen-die-menschenrechte\/","name":"Vom IPCC vorhergesagten Klimarisiken bedrohen die Menschenrechte - Greenpeace Luxembourg","isPartOf":{"@id":"https:\/\/www.greenpeace.org\/luxembourg\/fr\/#website"},"primaryImageOfPage":{"@id":"https:\/\/www.greenpeace.org\/luxembourg\/de\/presseerklaerungen\/13712\/vom-ipcc-vorhergesagten-klimarisiken-bedrohen-die-menschenrechte\/#primaryimage"},"image":{"@id":"https:\/\/www.greenpeace.org\/luxembourg\/de\/presseerklaerungen\/13712\/vom-ipcc-vorhergesagten-klimarisiken-bedrohen-die-menschenrechte\/#primaryimage"},"thumbnailUrl":"https:\/\/www.greenpeace.org\/static\/planet4-luxembourg-stateless\/2022\/02\/e8f0b46e-trashed_planet_facebook_final-1.gif","datePublished":"2022-02-28T12:51:40+00:00","dateModified":"2022-02-28T12:51:42+00:00","breadcrumb":{"@id":"https:\/\/www.greenpeace.org\/luxembourg\/de\/presseerklaerungen\/13712\/vom-ipcc-vorhergesagten-klimarisiken-bedrohen-die-menschenrechte\/#breadcrumb"},"inLanguage":"de-LU","potentialAction":[{"@type":"ReadAction","target":["https:\/\/www.greenpeace.org\/luxembourg\/de\/presseerklaerungen\/13712\/vom-ipcc-vorhergesagten-klimarisiken-bedrohen-die-menschenrechte\/"]}]},{"@type":"ImageObject","inLanguage":"de-LU","@id":"https:\/\/www.greenpeace.org\/luxembourg\/de\/presseerklaerungen\/13712\/vom-ipcc-vorhergesagten-klimarisiken-bedrohen-die-menschenrechte\/#primaryimage","url":"https:\/\/www.greenpeace.org\/static\/planet4-luxembourg-stateless\/2022\/02\/e8f0b46e-trashed_planet_facebook_final-1.gif","contentUrl":"https:\/\/www.greenpeace.org\/static\/planet4-luxembourg-stateless\/2022\/02\/e8f0b46e-trashed_planet_facebook_final-1.gif","width":500,"height":250},{"@type":"BreadcrumbList","@id":"https:\/\/www.greenpeace.org\/luxembourg\/de\/presseerklaerungen\/13712\/vom-ipcc-vorhergesagten-klimarisiken-bedrohen-die-menschenrechte\/#breadcrumb","itemListElement":[{"@type":"ListItem","position":1,"name":"Home","item":"http:\/\/www.greenpeace.org\/luxembourg\/fr\/"},{"@type":"ListItem","position":2,"name":"Vom IPCC vorhergesagten Klimarisiken bedrohen die Menschenrechte"}]},{"@type":"WebSite","@id":"https:\/\/www.greenpeace.org\/luxembourg\/fr\/#website","url":"https:\/\/www.greenpeace.org\/luxembourg\/fr\/","name":"Greenpeace Luxembourg","description":"Greenpeace existiert, weil unsere Erde eine Stimme braucht. Sie ben\u00f6tigt L\u00f6sungen. Ver\u00e4nderungen. Aktionen.","publisher":{"@id":"https:\/\/www.greenpeace.org\/luxembourg\/fr\/#organization"},"potentialAction":[{"@type":"SearchAction","target":{"@type":"EntryPoint","urlTemplate":"https:\/\/www.greenpeace.org\/luxembourg\/fr\/?s={search_term_string}"},"query-input":{"@type":"PropertyValueSpecification","valueRequired":true,"valueName":"search_term_string"}}],"inLanguage":"de-LU"},{"@type":"Organization","@id":"https:\/\/www.greenpeace.org\/luxembourg\/fr\/#organization","name":"Greenpeace Luxembourg","url":"https:\/\/www.greenpeace.org\/luxembourg\/fr\/","logo":{"@type":"ImageObject","inLanguage":"de-LU","@id":"https:\/\/www.greenpeace.org\/luxembourg\/fr\/#\/schema\/logo\/image\/","url":"https:\/\/www.greenpeace.org\/static\/planet4-luxembourg-stateless\/2026\/03\/3e367f94-greenpeace_logo_green_rgb.png","contentUrl":"https:\/\/www.greenpeace.org\/static\/planet4-luxembourg-stateless\/2026\/03\/3e367f94-greenpeace_logo_green_rgb.png","width":1080,"height":175,"caption":"Greenpeace Luxembourg"},"image":{"@id":"https:\/\/www.greenpeace.org\/luxembourg\/fr\/#\/schema\/logo\/image\/"},"sameAs":["https:\/\/www.facebook.com\/greenpeaceluxembourg","https:\/\/www.instagram.com\/greenpeacelux\/","https:\/\/www.linkedin.com\/company\/greenpeace-luxembourg\/","https:\/\/www.threads.com\/@greenpeacelux","https:\/\/bsky.app\/profile\/greenpeacelux.bsky.social","https:\/\/www.youtube.com\/@GreenpeaceLux","https:\/\/www.tiktok.com\/@greenpeace_lux"]},{"@type":"Person","@id":"https:\/\/www.greenpeace.org\/luxembourg\/fr\/#\/schema\/person\/c2ae6002b8ed18c00be0c6b320eea776","name":"Myriam Wecker","url":"https:\/\/www.greenpeace.org\/luxembourg\/de\/author\/mwecker\/"}]}},"_links":{"self":[{"href":"https:\/\/www.greenpeace.org\/luxembourg\/de\/wp-json\/wp\/v2\/posts\/13712","targetHints":{"allow":["GET"]}}],"collection":[{"href":"https:\/\/www.greenpeace.org\/luxembourg\/de\/wp-json\/wp\/v2\/posts"}],"about":[{"href":"https:\/\/www.greenpeace.org\/luxembourg\/de\/wp-json\/wp\/v2\/types\/post"}],"author":[{"embeddable":true,"href":"https:\/\/www.greenpeace.org\/luxembourg\/de\/wp-json\/wp\/v2\/users\/31"}],"replies":[{"embeddable":true,"href":"https:\/\/www.greenpeace.org\/luxembourg\/de\/wp-json\/wp\/v2\/comments?post=13712"}],"version-history":[{"count":2,"href":"https:\/\/www.greenpeace.org\/luxembourg\/de\/wp-json\/wp\/v2\/posts\/13712\/revisions"}],"predecessor-version":[{"id":13714,"href":"https:\/\/www.greenpeace.org\/luxembourg\/de\/wp-json\/wp\/v2\/posts\/13712\/revisions\/13714"}],"wp:featuredmedia":[{"embeddable":true,"href":"https:\/\/www.greenpeace.org\/luxembourg\/de\/wp-json\/wp\/v2\/media\/13710"}],"wp:attachment":[{"href":"https:\/\/www.greenpeace.org\/luxembourg\/de\/wp-json\/wp\/v2\/media?parent=13712"}],"wp:term":[{"taxonomy":"category","embeddable":true,"href":"https:\/\/www.greenpeace.org\/luxembourg\/de\/wp-json\/wp\/v2\/categories?post=13712"},{"taxonomy":"post_tag","embeddable":true,"href":"https:\/\/www.greenpeace.org\/luxembourg\/de\/wp-json\/wp\/v2\/tags?post=13712"},{"taxonomy":"p4-page-type","embeddable":true,"href":"https:\/\/www.greenpeace.org\/luxembourg\/de\/wp-json\/wp\/v2\/p4-page-type?post=13712"}],"curies":[{"name":"wp","href":"https:\/\/api.w.org\/{rel}","templated":true}]}}