{"id":13741,"date":"2022-03-01T17:18:15","date_gmt":"2022-03-01T15:18:15","guid":{"rendered":"https:\/\/www.greenpeace.org\/luxembourg\/aktualitaet\/13741\/greenpeace-verurteilt-den-krieg-der-russischen-regierung-in-der-ukraine\/"},"modified":"2022-03-02T18:21:49","modified_gmt":"2022-03-02T16:21:49","slug":"greenpeace-verurteilt-den-krieg-der-russischen-regierung-in-der-ukraine","status":"publish","type":"post","link":"https:\/\/www.greenpeace.org\/luxembourg\/de\/aktualitaet\/13741\/greenpeace-verurteilt-den-krieg-der-russischen-regierung-in-der-ukraine\/","title":{"rendered":"Greenpeace verurteilt den Krieg der russischen Regierung in der Ukraine"},"content":{"rendered":"\n<h2 class=\"has-text-align-center wp-block-heading\">UPDATE: Aufruf zu einer Protestaktion<br>                                          Stoppt de Krich!                                                                         Samstag, 5. M\u00e4rz 2022 um 15.00 Uhr<br>Place de Clairefontaine<br>Luxemburg-Stadt<br>Wir laden dazu ein, Botschaften \/ Banner wie &#8220;Nein zum Krieg&#8221;, &#8220;Frieden&#8221;, Friedenszeichen, SOLIDARIT\u00c4T usw. zu tragen und ermutigen unsere Sympathisanten, das Gleiche zu tun.<\/h2>\n\n<hr class=\"wp-block-separator\"\/>\n\n<p><em>1. M\u00e4rz 2022<\/em> &#8211; Greenpeace verurteilt den Krieg, den die russische Regierung derzeit in der Ukraine f\u00fchrt und der nach internationalem Recht illegal ist, und fordert Pr\u00e4sident Putin auf, seine Streitkr\u00e4fte sofort zur\u00fcckzuziehen und die Milit\u00e4roperationen einzustellen. All unsere Gedanken sind bei den Zivilisten, die derzeit um ihr Leben f\u00fcrchten oder gezwungen sind, vor den K\u00e4mpfen zu fliehen. Dieser Konflikt ist in erster Linie eine Trag\u00f6die f\u00fcr die Ukrainerinnen und Ukrainer, aber auch f\u00fcr die russische Bev\u00f6lkerung, die von seinen Folgen betroffen sein wird. <\/p>\n\n<p>Greenpeace betrachtet die Drohungen des russischen Pr\u00e4sidenten, Atomwaffen einzusetzen, f\u00fcr inakzeptabel. Die internationale Gemeinschaft darf nicht in die Falle einer Eskalation mit der Drohung eines Atomkriegs tappen, indem sie auf die atomare Rhetorik des russischen Pr\u00e4sidenten reagiert. <\/p>\n\n<p>Greenpeace ist dar\u00fcber hinaus sehr besorgt \u00fcber die M\u00f6glichkeiten der Zerst\u00f6rung und Verseuchung, die die Besetzung des Tschernobyl-Gel\u00e4ndes durch das russische Milit\u00e4r mit sich bringt, sowie \u00fcber m\u00f6glichen Gefahren, die von anderen ukrainischen Atomanlagen ausgehen k\u00f6nnen. <\/p>\n\n<p>Greenpeace f\u00fchrt seit langem weltweit Kampagnen gegen Gas und andere fossile Brennstoffe, die den Klimawandel, toxische Verschmutzung, Korruption und Konflikte verursachen. Der Krieg in der Ukraine erinnert uns auf tragische Weise daran, dass es dringend notwendig ist, dass Politiker*innen auf der ganzen Welt das Problem unserer Abh\u00e4ngigkeit von fossilen Brennstoffen ernsthaft angehen und ein Energieversorgungssystem schaffen, das auf sicheren und erneuerbaren Energien beruht.<\/p>\n\n<p>Die internationale Gemeinschaft muss alles in ihrer Macht Stehende tun, um diesen Krieg friedlich und so schnell wie m\u00f6glich zu beenden. Insbesondere m\u00fcssen die Sanktionen gegen die Oligarchen der fossilen Brennstoffe versch\u00e4rft werden, die von Gier getrieben werden und von dem System profitieren. Denn es sind diese Oligarchen und nicht das russische Volk, die hinter diesem Konflikt stehen. <\/p>\n\n<p>Die internationale Gemeinschaft muss sich auch darauf vorbereiten, auf die massiven Folgen dieser Trag\u00f6die zu reagieren, sowohl mit Hinblick auf die Fl\u00fcchtlingsstr\u00f6me als auch auf die \u00f6kologischen Auswirkungen, die durch Sch\u00e4den an nuklearen, chemischen oder industriellen Anlagen in der Ukraine verursacht werden k\u00f6nnten.<\/p>\n\n<p>Greenpeace solidarisiert sich mit allen Organisationen und B\u00fcrger*innen, die weltweit auf der Stra\u00dfe demonstrieren, um ein Ende dieses katastrophalen Krieges zu fordern. Unsere Gedanken sind bei, all jenen, die bei den Demonstrationen ihre Sicherheit und ihre Freiheit riskieren.<\/p>\n\n<figure class=\"wp-block-image size-large\"><img loading=\"lazy\" decoding=\"async\" width=\"1024\" height=\"1024\" src=\"https:\/\/www.greenpeace.org\/static\/planet4-luxembourg-stateless\/2022\/02\/58e5725e-gp_peace_yellow_220224_1920px-1024x1024.png\" alt=\"\" class=\"wp-image-13736\" srcset=\"https:\/\/www.greenpeace.org\/static\/planet4-luxembourg-stateless\/2022\/02\/58e5725e-gp_peace_yellow_220224_1920px-1024x1024.png 1024w, https:\/\/www.greenpeace.org\/static\/planet4-luxembourg-stateless\/2022\/02\/58e5725e-gp_peace_yellow_220224_1920px-300x300.png 300w, https:\/\/www.greenpeace.org\/static\/planet4-luxembourg-stateless\/2022\/02\/58e5725e-gp_peace_yellow_220224_1920px-150x150.png 150w, https:\/\/www.greenpeace.org\/static\/planet4-luxembourg-stateless\/2022\/02\/58e5725e-gp_peace_yellow_220224_1920px-768x768.png 768w, https:\/\/www.greenpeace.org\/static\/planet4-luxembourg-stateless\/2022\/02\/58e5725e-gp_peace_yellow_220224_1920px-1536x1536.png 1536w, https:\/\/www.greenpeace.org\/static\/planet4-luxembourg-stateless\/2022\/02\/58e5725e-gp_peace_yellow_220224_1920px-1366x1366.png 1366w, https:\/\/www.greenpeace.org\/static\/planet4-luxembourg-stateless\/2022\/02\/58e5725e-gp_peace_yellow_220224_1920px-340x340.png 340w, https:\/\/www.greenpeace.org\/static\/planet4-luxembourg-stateless\/2022\/02\/58e5725e-gp_peace_yellow_220224_1920px.png 1920w\" sizes=\"auto, (max-width: 1024px) 100vw, 1024px\" \/><\/figure>\n","protected":false},"excerpt":{"rendered":"<p>Greenpeace verurteilt den Krieg, den die russische Regierung derzeit in der Ukraine f\u00fchrt.<\/p>\n","protected":false},"author":31,"featured_media":13735,"comment_status":"closed","ping_status":"closed","sticky":false,"template":"","format":"standard","meta":{"ep_exclude_from_search":false,"p4_og_title":"","p4_og_description":"","p4_og_image":"","p4_og_image_id":"","p4_seo_canonical_url":"","p4_campaign_name":"not set","p4_local_project":"not set","p4_basket_name":"not set","p4_department":"","footnotes":""},"categories":[49,24,46],"tags":[63,58],"p4-page-type":[68],"class_list":["post-13741","post","type-post","status-publish","format-standard","has-post-thumbnail","hentry","category-energie","category-greenpeace","category-problem","tag-fossileenergien","tag-nuklear","p4-page-type-aktualitaet"],"yoast_head":"<!-- This site is optimized with the Yoast SEO Premium plugin v23.9 (Yoast SEO v23.9) - https:\/\/yoast.com\/wordpress\/plugins\/seo\/ -->\n<title>Greenpeace verurteilt den Krieg der russischen Regierung in der Ukraine - Greenpeace Luxembourg<\/title>\n<meta name=\"robots\" content=\"index, follow, max-snippet:-1, max-image-preview:large, max-video-preview:-1\" \/>\n<link rel=\"canonical\" href=\"https:\/\/www.greenpeace.org\/luxembourg\/de\/aktualitaet\/13741\/greenpeace-verurteilt-den-krieg-der-russischen-regierung-in-der-ukraine\/\" \/>\n<meta property=\"og:locale\" content=\"de_DE\" \/>\n<meta property=\"og:type\" content=\"article\" \/>\n<meta property=\"og:title\" content=\"Greenpeace verurteilt den Krieg der russischen Regierung in der Ukraine\" \/>\n<meta property=\"og:description\" content=\"Greenpeace verurteilt den Krieg, den die russische Regierung derzeit in der Ukraine f\u00fchrt.\" \/>\n<meta property=\"og:url\" content=\"https:\/\/www.greenpeace.org\/luxembourg\/de\/aktualitaet\/13741\/greenpeace-verurteilt-den-krieg-der-russischen-regierung-in-der-ukraine\/\" \/>\n<meta property=\"og:site_name\" content=\"Greenpeace Luxembourg\" \/>\n<meta property=\"article:publisher\" content=\"https:\/\/www.facebook.com\/greenpeaceluxembourg\" \/>\n<meta property=\"article:published_time\" content=\"2022-03-01T15:18:15+00:00\" \/>\n<meta property=\"article:modified_time\" content=\"2022-03-02T16:21:49+00:00\" \/>\n<meta property=\"og:image\" content=\"https:\/\/www.greenpeace.org\/static\/planet4-luxembourg-stateless\/2022\/02\/5da85a82-ukraine_peace1.jpg\" \/>\n\t<meta property=\"og:image:width\" content=\"1000\" \/>\n\t<meta property=\"og:image:height\" content=\"1000\" \/>\n\t<meta property=\"og:image:type\" content=\"image\/jpeg\" \/>\n<meta name=\"author\" content=\"Myriam Wecker\" \/>\n<meta name=\"twitter:card\" content=\"summary_large_image\" \/>\n<meta name=\"twitter:label1\" content=\"Written by\" \/>\n\t<meta name=\"twitter:data1\" content=\"Myriam Wecker\" \/>\n\t<meta name=\"twitter:label2\" content=\"Est. reading time\" \/>\n\t<meta name=\"twitter:data2\" content=\"2 minutes\" \/>\n<script type=\"application\/ld+json\" class=\"yoast-schema-graph\">{\"@context\":\"https:\/\/schema.org\",\"@graph\":[{\"@type\":\"Article\",\"@id\":\"https:\/\/www.greenpeace.org\/luxembourg\/de\/aktualitaet\/13741\/greenpeace-verurteilt-den-krieg-der-russischen-regierung-in-der-ukraine\/#article\",\"isPartOf\":{\"@id\":\"https:\/\/www.greenpeace.org\/luxembourg\/de\/aktualitaet\/13741\/greenpeace-verurteilt-den-krieg-der-russischen-regierung-in-der-ukraine\/\"},\"author\":{\"name\":\"Myriam Wecker\",\"@id\":\"https:\/\/www.greenpeace.org\/luxembourg\/fr\/#\/schema\/person\/c2ae6002b8ed18c00be0c6b320eea776\"},\"headline\":\"Greenpeace verurteilt den Krieg der russischen Regierung in der Ukraine\",\"datePublished\":\"2022-03-01T15:18:15+00:00\",\"dateModified\":\"2022-03-02T16:21:49+00:00\",\"mainEntityOfPage\":{\"@id\":\"https:\/\/www.greenpeace.org\/luxembourg\/de\/aktualitaet\/13741\/greenpeace-verurteilt-den-krieg-der-russischen-regierung-in-der-ukraine\/\"},\"wordCount\":442,\"publisher\":{\"@id\":\"https:\/\/www.greenpeace.org\/luxembourg\/fr\/#organization\"},\"image\":{\"@id\":\"https:\/\/www.greenpeace.org\/luxembourg\/de\/aktualitaet\/13741\/greenpeace-verurteilt-den-krieg-der-russischen-regierung-in-der-ukraine\/#primaryimage\"},\"thumbnailUrl\":\"https:\/\/www.greenpeace.org\/static\/planet4-luxembourg-stateless\/2022\/02\/5da85a82-ukraine_peace1.jpg\",\"keywords\":[\"FossileEnergien\",\"Nuklear\"],\"articleSection\":[\"Energie\",\"Greenpeace\",\"Problem\"],\"inLanguage\":\"de-LU\"},{\"@type\":\"WebPage\",\"@id\":\"https:\/\/www.greenpeace.org\/luxembourg\/de\/aktualitaet\/13741\/greenpeace-verurteilt-den-krieg-der-russischen-regierung-in-der-ukraine\/\",\"url\":\"https:\/\/www.greenpeace.org\/luxembourg\/de\/aktualitaet\/13741\/greenpeace-verurteilt-den-krieg-der-russischen-regierung-in-der-ukraine\/\",\"name\":\"Greenpeace verurteilt den Krieg der russischen Regierung in der Ukraine - Greenpeace Luxembourg\",\"isPartOf\":{\"@id\":\"https:\/\/www.greenpeace.org\/luxembourg\/fr\/#website\"},\"primaryImageOfPage\":{\"@id\":\"https:\/\/www.greenpeace.org\/luxembourg\/de\/aktualitaet\/13741\/greenpeace-verurteilt-den-krieg-der-russischen-regierung-in-der-ukraine\/#primaryimage\"},\"image\":{\"@id\":\"https:\/\/www.greenpeace.org\/luxembourg\/de\/aktualitaet\/13741\/greenpeace-verurteilt-den-krieg-der-russischen-regierung-in-der-ukraine\/#primaryimage\"},\"thumbnailUrl\":\"https:\/\/www.greenpeace.org\/static\/planet4-luxembourg-stateless\/2022\/02\/5da85a82-ukraine_peace1.jpg\",\"datePublished\":\"2022-03-01T15:18:15+00:00\",\"dateModified\":\"2022-03-02T16:21:49+00:00\",\"breadcrumb\":{\"@id\":\"https:\/\/www.greenpeace.org\/luxembourg\/de\/aktualitaet\/13741\/greenpeace-verurteilt-den-krieg-der-russischen-regierung-in-der-ukraine\/#breadcrumb\"},\"inLanguage\":\"de-LU\",\"potentialAction\":[{\"@type\":\"ReadAction\",\"target\":[\"https:\/\/www.greenpeace.org\/luxembourg\/de\/aktualitaet\/13741\/greenpeace-verurteilt-den-krieg-der-russischen-regierung-in-der-ukraine\/\"]}]},{\"@type\":\"ImageObject\",\"inLanguage\":\"de-LU\",\"@id\":\"https:\/\/www.greenpeace.org\/luxembourg\/de\/aktualitaet\/13741\/greenpeace-verurteilt-den-krieg-der-russischen-regierung-in-der-ukraine\/#primaryimage\",\"url\":\"https:\/\/www.greenpeace.org\/static\/planet4-luxembourg-stateless\/2022\/02\/5da85a82-ukraine_peace1.jpg\",\"contentUrl\":\"https:\/\/www.greenpeace.org\/static\/planet4-luxembourg-stateless\/2022\/02\/5da85a82-ukraine_peace1.jpg\",\"width\":1000,\"height\":1000},{\"@type\":\"BreadcrumbList\",\"@id\":\"https:\/\/www.greenpeace.org\/luxembourg\/de\/aktualitaet\/13741\/greenpeace-verurteilt-den-krieg-der-russischen-regierung-in-der-ukraine\/#breadcrumb\",\"itemListElement\":[{\"@type\":\"ListItem\",\"position\":1,\"name\":\"Home\",\"item\":\"http:\/\/www.greenpeace.org\/luxembourg\/fr\/\"},{\"@type\":\"ListItem\",\"position\":2,\"name\":\"Greenpeace verurteilt den Krieg der russischen Regierung in der Ukraine\"}]},{\"@type\":\"WebSite\",\"@id\":\"https:\/\/www.greenpeace.org\/luxembourg\/fr\/#website\",\"url\":\"https:\/\/www.greenpeace.org\/luxembourg\/fr\/\",\"name\":\"Greenpeace Luxembourg\",\"description\":\"Greenpeace existiert, weil unsere Erde eine Stimme braucht. Sie ben\u00f6tigt L\u00f6sungen. Ver\u00e4nderungen. Aktionen.\",\"publisher\":{\"@id\":\"https:\/\/www.greenpeace.org\/luxembourg\/fr\/#organization\"},\"potentialAction\":[{\"@type\":\"SearchAction\",\"target\":{\"@type\":\"EntryPoint\",\"urlTemplate\":\"https:\/\/www.greenpeace.org\/luxembourg\/fr\/?s={search_term_string}\"},\"query-input\":{\"@type\":\"PropertyValueSpecification\",\"valueRequired\":true,\"valueName\":\"search_term_string\"}}],\"inLanguage\":\"de-LU\"},{\"@type\":\"Organization\",\"@id\":\"https:\/\/www.greenpeace.org\/luxembourg\/fr\/#organization\",\"name\":\"Greenpeace Luxembourg\",\"url\":\"https:\/\/www.greenpeace.org\/luxembourg\/fr\/\",\"logo\":{\"@type\":\"ImageObject\",\"inLanguage\":\"de-LU\",\"@id\":\"https:\/\/www.greenpeace.org\/luxembourg\/fr\/#\/schema\/logo\/image\/\",\"url\":\"https:\/\/www.greenpeace.org\/static\/planet4-luxembourg-stateless\/2026\/03\/3e367f94-greenpeace_logo_green_rgb.png\",\"contentUrl\":\"https:\/\/www.greenpeace.org\/static\/planet4-luxembourg-stateless\/2026\/03\/3e367f94-greenpeace_logo_green_rgb.png\",\"width\":1080,\"height\":175,\"caption\":\"Greenpeace Luxembourg\"},\"image\":{\"@id\":\"https:\/\/www.greenpeace.org\/luxembourg\/fr\/#\/schema\/logo\/image\/\"},\"sameAs\":[\"https:\/\/www.facebook.com\/greenpeaceluxembourg\",\"https:\/\/www.instagram.com\/greenpeacelux\/\",\"https:\/\/www.linkedin.com\/company\/greenpeace-luxembourg\/\",\"https:\/\/www.threads.com\/@greenpeacelux\",\"https:\/\/bsky.app\/profile\/greenpeacelux.bsky.social\",\"https:\/\/www.youtube.com\/@GreenpeaceLux\",\"https:\/\/www.tiktok.com\/@greenpeace_lux\"]},{\"@type\":\"Person\",\"@id\":\"https:\/\/www.greenpeace.org\/luxembourg\/fr\/#\/schema\/person\/c2ae6002b8ed18c00be0c6b320eea776\",\"name\":\"Myriam Wecker\",\"url\":\"https:\/\/www.greenpeace.org\/luxembourg\/de\/author\/mwecker\/\"}]}<\/script>\n<!-- \/ Yoast SEO Premium plugin. -->","yoast_head_json":{"title":"Greenpeace verurteilt den Krieg der russischen Regierung in der Ukraine - Greenpeace Luxembourg","robots":{"index":"index","follow":"follow","max-snippet":"max-snippet:-1","max-image-preview":"max-image-preview:large","max-video-preview":"max-video-preview:-1"},"canonical":"https:\/\/www.greenpeace.org\/luxembourg\/de\/aktualitaet\/13741\/greenpeace-verurteilt-den-krieg-der-russischen-regierung-in-der-ukraine\/","og_locale":"de_DE","og_type":"article","og_title":"Greenpeace verurteilt den Krieg der russischen Regierung in der Ukraine","og_description":"Greenpeace verurteilt den Krieg, den die russische Regierung derzeit in der Ukraine f\u00fchrt.","og_url":"https:\/\/www.greenpeace.org\/luxembourg\/de\/aktualitaet\/13741\/greenpeace-verurteilt-den-krieg-der-russischen-regierung-in-der-ukraine\/","og_site_name":"Greenpeace Luxembourg","article_publisher":"https:\/\/www.facebook.com\/greenpeaceluxembourg","article_published_time":"2022-03-01T15:18:15+00:00","article_modified_time":"2022-03-02T16:21:49+00:00","og_image":[{"width":1000,"height":1000,"url":"https:\/\/www.greenpeace.org\/static\/planet4-luxembourg-stateless\/2022\/02\/5da85a82-ukraine_peace1.jpg","type":"image\/jpeg"}],"author":"Myriam Wecker","twitter_card":"summary_large_image","twitter_misc":{"Written by":"Myriam Wecker","Est. reading time":"2 minutes"},"schema":{"@context":"https:\/\/schema.org","@graph":[{"@type":"Article","@id":"https:\/\/www.greenpeace.org\/luxembourg\/de\/aktualitaet\/13741\/greenpeace-verurteilt-den-krieg-der-russischen-regierung-in-der-ukraine\/#article","isPartOf":{"@id":"https:\/\/www.greenpeace.org\/luxembourg\/de\/aktualitaet\/13741\/greenpeace-verurteilt-den-krieg-der-russischen-regierung-in-der-ukraine\/"},"author":{"name":"Myriam Wecker","@id":"https:\/\/www.greenpeace.org\/luxembourg\/fr\/#\/schema\/person\/c2ae6002b8ed18c00be0c6b320eea776"},"headline":"Greenpeace verurteilt den Krieg der russischen Regierung in der Ukraine","datePublished":"2022-03-01T15:18:15+00:00","dateModified":"2022-03-02T16:21:49+00:00","mainEntityOfPage":{"@id":"https:\/\/www.greenpeace.org\/luxembourg\/de\/aktualitaet\/13741\/greenpeace-verurteilt-den-krieg-der-russischen-regierung-in-der-ukraine\/"},"wordCount":442,"publisher":{"@id":"https:\/\/www.greenpeace.org\/luxembourg\/fr\/#organization"},"image":{"@id":"https:\/\/www.greenpeace.org\/luxembourg\/de\/aktualitaet\/13741\/greenpeace-verurteilt-den-krieg-der-russischen-regierung-in-der-ukraine\/#primaryimage"},"thumbnailUrl":"https:\/\/www.greenpeace.org\/static\/planet4-luxembourg-stateless\/2022\/02\/5da85a82-ukraine_peace1.jpg","keywords":["FossileEnergien","Nuklear"],"articleSection":["Energie","Greenpeace","Problem"],"inLanguage":"de-LU"},{"@type":"WebPage","@id":"https:\/\/www.greenpeace.org\/luxembourg\/de\/aktualitaet\/13741\/greenpeace-verurteilt-den-krieg-der-russischen-regierung-in-der-ukraine\/","url":"https:\/\/www.greenpeace.org\/luxembourg\/de\/aktualitaet\/13741\/greenpeace-verurteilt-den-krieg-der-russischen-regierung-in-der-ukraine\/","name":"Greenpeace verurteilt den Krieg der russischen Regierung in der Ukraine - Greenpeace Luxembourg","isPartOf":{"@id":"https:\/\/www.greenpeace.org\/luxembourg\/fr\/#website"},"primaryImageOfPage":{"@id":"https:\/\/www.greenpeace.org\/luxembourg\/de\/aktualitaet\/13741\/greenpeace-verurteilt-den-krieg-der-russischen-regierung-in-der-ukraine\/#primaryimage"},"image":{"@id":"https:\/\/www.greenpeace.org\/luxembourg\/de\/aktualitaet\/13741\/greenpeace-verurteilt-den-krieg-der-russischen-regierung-in-der-ukraine\/#primaryimage"},"thumbnailUrl":"https:\/\/www.greenpeace.org\/static\/planet4-luxembourg-stateless\/2022\/02\/5da85a82-ukraine_peace1.jpg","datePublished":"2022-03-01T15:18:15+00:00","dateModified":"2022-03-02T16:21:49+00:00","breadcrumb":{"@id":"https:\/\/www.greenpeace.org\/luxembourg\/de\/aktualitaet\/13741\/greenpeace-verurteilt-den-krieg-der-russischen-regierung-in-der-ukraine\/#breadcrumb"},"inLanguage":"de-LU","potentialAction":[{"@type":"ReadAction","target":["https:\/\/www.greenpeace.org\/luxembourg\/de\/aktualitaet\/13741\/greenpeace-verurteilt-den-krieg-der-russischen-regierung-in-der-ukraine\/"]}]},{"@type":"ImageObject","inLanguage":"de-LU","@id":"https:\/\/www.greenpeace.org\/luxembourg\/de\/aktualitaet\/13741\/greenpeace-verurteilt-den-krieg-der-russischen-regierung-in-der-ukraine\/#primaryimage","url":"https:\/\/www.greenpeace.org\/static\/planet4-luxembourg-stateless\/2022\/02\/5da85a82-ukraine_peace1.jpg","contentUrl":"https:\/\/www.greenpeace.org\/static\/planet4-luxembourg-stateless\/2022\/02\/5da85a82-ukraine_peace1.jpg","width":1000,"height":1000},{"@type":"BreadcrumbList","@id":"https:\/\/www.greenpeace.org\/luxembourg\/de\/aktualitaet\/13741\/greenpeace-verurteilt-den-krieg-der-russischen-regierung-in-der-ukraine\/#breadcrumb","itemListElement":[{"@type":"ListItem","position":1,"name":"Home","item":"http:\/\/www.greenpeace.org\/luxembourg\/fr\/"},{"@type":"ListItem","position":2,"name":"Greenpeace verurteilt den Krieg der russischen Regierung in der Ukraine"}]},{"@type":"WebSite","@id":"https:\/\/www.greenpeace.org\/luxembourg\/fr\/#website","url":"https:\/\/www.greenpeace.org\/luxembourg\/fr\/","name":"Greenpeace Luxembourg","description":"Greenpeace existiert, weil unsere Erde eine Stimme braucht. Sie ben\u00f6tigt L\u00f6sungen. Ver\u00e4nderungen. Aktionen.","publisher":{"@id":"https:\/\/www.greenpeace.org\/luxembourg\/fr\/#organization"},"potentialAction":[{"@type":"SearchAction","target":{"@type":"EntryPoint","urlTemplate":"https:\/\/www.greenpeace.org\/luxembourg\/fr\/?s={search_term_string}"},"query-input":{"@type":"PropertyValueSpecification","valueRequired":true,"valueName":"search_term_string"}}],"inLanguage":"de-LU"},{"@type":"Organization","@id":"https:\/\/www.greenpeace.org\/luxembourg\/fr\/#organization","name":"Greenpeace Luxembourg","url":"https:\/\/www.greenpeace.org\/luxembourg\/fr\/","logo":{"@type":"ImageObject","inLanguage":"de-LU","@id":"https:\/\/www.greenpeace.org\/luxembourg\/fr\/#\/schema\/logo\/image\/","url":"https:\/\/www.greenpeace.org\/static\/planet4-luxembourg-stateless\/2026\/03\/3e367f94-greenpeace_logo_green_rgb.png","contentUrl":"https:\/\/www.greenpeace.org\/static\/planet4-luxembourg-stateless\/2026\/03\/3e367f94-greenpeace_logo_green_rgb.png","width":1080,"height":175,"caption":"Greenpeace Luxembourg"},"image":{"@id":"https:\/\/www.greenpeace.org\/luxembourg\/fr\/#\/schema\/logo\/image\/"},"sameAs":["https:\/\/www.facebook.com\/greenpeaceluxembourg","https:\/\/www.instagram.com\/greenpeacelux\/","https:\/\/www.linkedin.com\/company\/greenpeace-luxembourg\/","https:\/\/www.threads.com\/@greenpeacelux","https:\/\/bsky.app\/profile\/greenpeacelux.bsky.social","https:\/\/www.youtube.com\/@GreenpeaceLux","https:\/\/www.tiktok.com\/@greenpeace_lux"]},{"@type":"Person","@id":"https:\/\/www.greenpeace.org\/luxembourg\/fr\/#\/schema\/person\/c2ae6002b8ed18c00be0c6b320eea776","name":"Myriam Wecker","url":"https:\/\/www.greenpeace.org\/luxembourg\/de\/author\/mwecker\/"}]}},"_links":{"self":[{"href":"https:\/\/www.greenpeace.org\/luxembourg\/de\/wp-json\/wp\/v2\/posts\/13741","targetHints":{"allow":["GET"]}}],"collection":[{"href":"https:\/\/www.greenpeace.org\/luxembourg\/de\/wp-json\/wp\/v2\/posts"}],"about":[{"href":"https:\/\/www.greenpeace.org\/luxembourg\/de\/wp-json\/wp\/v2\/types\/post"}],"author":[{"embeddable":true,"href":"https:\/\/www.greenpeace.org\/luxembourg\/de\/wp-json\/wp\/v2\/users\/31"}],"replies":[{"embeddable":true,"href":"https:\/\/www.greenpeace.org\/luxembourg\/de\/wp-json\/wp\/v2\/comments?post=13741"}],"version-history":[{"count":6,"href":"https:\/\/www.greenpeace.org\/luxembourg\/de\/wp-json\/wp\/v2\/posts\/13741\/revisions"}],"predecessor-version":[{"id":13752,"href":"https:\/\/www.greenpeace.org\/luxembourg\/de\/wp-json\/wp\/v2\/posts\/13741\/revisions\/13752"}],"wp:featuredmedia":[{"embeddable":true,"href":"https:\/\/www.greenpeace.org\/luxembourg\/de\/wp-json\/wp\/v2\/media\/13735"}],"wp:attachment":[{"href":"https:\/\/www.greenpeace.org\/luxembourg\/de\/wp-json\/wp\/v2\/media?parent=13741"}],"wp:term":[{"taxonomy":"category","embeddable":true,"href":"https:\/\/www.greenpeace.org\/luxembourg\/de\/wp-json\/wp\/v2\/categories?post=13741"},{"taxonomy":"post_tag","embeddable":true,"href":"https:\/\/www.greenpeace.org\/luxembourg\/de\/wp-json\/wp\/v2\/tags?post=13741"},{"taxonomy":"p4-page-type","embeddable":true,"href":"https:\/\/www.greenpeace.org\/luxembourg\/de\/wp-json\/wp\/v2\/p4-page-type?post=13741"}],"curies":[{"name":"wp","href":"https:\/\/api.w.org\/{rel}","templated":true}]}}