{"id":14078,"date":"2022-03-30T10:58:36","date_gmt":"2022-03-30T08:58:36","guid":{"rendered":"https:\/\/www.greenpeace.org\/luxembourg\/?p=14078"},"modified":"2022-03-30T10:58:39","modified_gmt":"2022-03-30T08:58:39","slug":"schmutzig-und-gefahrlich-wie-der-staatliche-pensionsfonds-luxemburgs-die-klimakrise-anheizt-und-beim-schutz-der-menschenrechte-versagt","status":"publish","type":"post","link":"https:\/\/www.greenpeace.org\/luxembourg\/de\/presseerklaerungen\/14078\/schmutzig-und-gefahrlich-wie-der-staatliche-pensionsfonds-luxemburgs-die-klimakrise-anheizt-und-beim-schutz-der-menschenrechte-versagt\/","title":{"rendered":"Schmutzig und gef\u00e4hrlich: Wie der staatliche Pensionsfonds Luxemburgs die Klimakrise anheizt und beim Schutz der Menschenrechte versagt"},"content":{"rendered":"\n<p><em>Luxemburg, 30. M\u00e4rz 2022<\/em> &#8211; Action Solidarit\u00e9 Tiers Monde (ASTM) und Greenpeace Luxemburg haben Nextra Consulting[1] beauftragt, die Investitionen des Fonds de compensation commun au r\u00e9gime g\u00e9n\u00e9ral de pension (FDC) f\u00fcr das Jahr 2020 im Hinblick auf Nachhaltigkeit zu analysieren. Der FDC hat in seinem Nachhaltigkeitsbericht erkl\u00e4rt, dass er sich als institutioneller Verm\u00f6gensverwalter &#8220;seiner \u00f6kologischen und sozialen Verantwortung sowie seiner Verantwortung f\u00fcr eine gute Unternehmensf\u00fchrung bewusst ist&#8221;.[2] Die von Nextra Consulting durchgef\u00fchrte Analyse zeigt jedoch, dass die Investitionspraxis des FDC wenig ambitioniert, unzureichend und intransparent ist. Im Laufe des Jahres 2022 wird der FDC seine Anlagestrategie f\u00fcr den Zeitraum 2023-2028 \u00fcberarbeiten &#8211; eine einmalige Gelegenheit, seine Nachhaltigkeitsleistung deutlich zu verbessern. In diesem Zusammenhang schlagen ASTM und Greenpeace konkrete Schritte in Bezug auf Governance, Anlagestrategie, Divestment sowie gesetzgebende Ma\u00dfnahmen vor, um den staatlichen Pensionsfonds Luxemburgs auf seinem Weg zur Anpassung an das Pariser Abkommen und zur Achtung der Menschenrechte voranzubringen.<\/p>\n\n<div class=\"wp-block-image\"><figure class=\"aligncenter size-full\"><a href=\"https:\/\/www.greenpeace.org\/static\/planet4-luxembourg-stateless\/2022\/03\/9b0c704c-de_briefing-fdc_astm-greenpeace_2022.pdf\" target=\"_blank\" rel=\"noopener\"><img loading=\"lazy\" decoding=\"async\" width=\"307\" height=\"428\" src=\"https:\/\/www.greenpeace.org\/static\/planet4-luxembourg-stateless\/2022\/03\/63a61f12-briefing-cover-de.png\" alt=\"\" class=\"wp-image-14082\" srcset=\"https:\/\/www.greenpeace.org\/static\/planet4-luxembourg-stateless\/2022\/03\/63a61f12-briefing-cover-de.png 307w, https:\/\/www.greenpeace.org\/static\/planet4-luxembourg-stateless\/2022\/03\/63a61f12-briefing-cover-de-215x300.png 215w, https:\/\/www.greenpeace.org\/static\/planet4-luxembourg-stateless\/2022\/03\/63a61f12-briefing-cover-de-244x340.png 244w\" sizes=\"auto, (max-width: 307px) 100vw, 307px\" \/><\/a><figcaption>Klicken Sie <a href=\"https:\/\/www.greenpeace.org\/static\/planet4-luxembourg-stateless\/2022\/03\/9b0c704c-de_briefing-fdc_astm-greenpeace_2022.pdf\" target=\"_blank\" rel=\"noreferrer noopener\">hier<\/a> um das Briefing zu lesen.<\/figcaption><\/figure><\/div>\n\n<p><strong>Die Liebe des FDC zu fossilen Brennstoffen<\/strong><\/p>\n\n<p>Der FDC &#8211; eine \u00f6ffentliche Einrichtung eines Landes, das das Pariser Abkommen ratifiziert hat &#8211; investiert weiterhin das Geld der B\u00fcrger*innen in die fossile Brennstoffindustrie. Die Investitionen des FDCs im Jahr 2020 sind mit einem potenziellen Temperaturanstieg von 2.7\u00b0C bis 2050 verbunden, wobei zwei Teilfonds sogar auf einen Emissionspfad von 6\u00b0C zusteuern. Der FDC finanziert \u00fcber sein Portfolio 1.001.741 Tonnen Kohlenstoffemissionen, was 9% der direkten Treibhausgasemissionen Luxemburgs entspricht. Dar\u00fcber hinaus investiert der FDC in Unternehmen, die an umstrittenen Gesch\u00e4ftspraktiken zur Energiegewinnung beteiligt sind, wie z. B. Bohrungen in der Arktis, Hydraulic Fracturing (Fracking) und die Gewinnung von \u00d6lsand sowie Schiefer\u00f6l und -gas. Diese Gesch\u00e4ftspraktiken werden h\u00e4ufig mit Sch\u00e4digungen von \u00d6kosystemen und Menschenrechtsverletzungen in Verbindung gebracht.<\/p>\n\n<figure class=\"wp-block-image size-full\"><img loading=\"lazy\" decoding=\"async\" width=\"752\" height=\"457\" src=\"https:\/\/www.greenpeace.org\/static\/planet4-luxembourg-stateless\/2022\/03\/ac4fff23-graph-1-de.png\" alt=\"\" class=\"wp-image-14084\" srcset=\"https:\/\/www.greenpeace.org\/static\/planet4-luxembourg-stateless\/2022\/03\/ac4fff23-graph-1-de.png 752w, https:\/\/www.greenpeace.org\/static\/planet4-luxembourg-stateless\/2022\/03\/ac4fff23-graph-1-de-300x182.png 300w, https:\/\/www.greenpeace.org\/static\/planet4-luxembourg-stateless\/2022\/03\/ac4fff23-graph-1-de-510x310.png 510w\" sizes=\"auto, (max-width: 752px) 100vw, 752px\" \/><\/figure>\n\n<p><strong>Der blinde Fleck des FDC: Menschenrechte<\/strong><\/p>\n\n<p>Der FDC und die von ihm beauftragten Verm\u00f6gensverwalter vers\u00e4umen es, die Menschenrechte in ihre Nachhaltigkeitsans\u00e4tze und bei ihren Anlageentscheidungen zu ber\u00fccksichtigen. Zwar verweist der FDC h\u00e4ufig auf seine Ausschlussliste, um sein Engagement f\u00fcr Nachhaltigkeit zu demonstrieren, aber dieser Mechanismus ist nicht nur intransparent, sondern auch unzureichend. Die von Nextra durchgef\u00fchrte Analyse ergab, dass es innerhalb des aktiv verwalteten Portfolios des FDC 282 gemeldete F\u00e4lle von 196 Unternehmen gibt, die es vers\u00e4umt haben, eine Sorgfaltspr\u00fcfung in Bezug auf die Menschenrechte durchzuf\u00fchren. Der Finanzsektor ist besonders betroffen, da 30 dieser 196 Unternehmen Banken sind. Auch im Hinblick auf ihre Auswirkungen auf die Ziele f\u00fcr nachhaltige Entwicklung (SDG) weisen 47% der Unternehmen im FDC-Portfolio eine negative SDG-Bewertung auf. Die Investitionen des FDC wirken sich besonders negativ auf SDG 8 (menschenw\u00fcrdige Arbeit und Wirtschaftswachstum) aus, wo 51% der Unternehmen eine negative Auswirkung haben, und auf SDG 12 (verantwortungsvoller Konsum und verantwortungsvolle Produktion), wo 37% der Portfoliounternehmen eine negative Auswirkung haben.<\/p>\n\n<figure class=\"wp-block-image size-full\"><img loading=\"lazy\" decoding=\"async\" width=\"752\" height=\"452\" src=\"https:\/\/www.greenpeace.org\/static\/planet4-luxembourg-stateless\/2022\/03\/f621d95c-graph-2-de.png\" alt=\"\" class=\"wp-image-14086\" srcset=\"https:\/\/www.greenpeace.org\/static\/planet4-luxembourg-stateless\/2022\/03\/f621d95c-graph-2-de.png 752w, https:\/\/www.greenpeace.org\/static\/planet4-luxembourg-stateless\/2022\/03\/f621d95c-graph-2-de-300x180.png 300w, https:\/\/www.greenpeace.org\/static\/planet4-luxembourg-stateless\/2022\/03\/f621d95c-graph-2-de-510x307.png 510w\" sizes=\"auto, (max-width: 752px) 100vw, 752px\" \/><\/figure>\n\n<p><strong>Die finanziellen Risiken der FDC-Investitionen<\/strong><\/p>\n\n<p>Die Exposition der FDC-Investitionen gegen\u00fcber potenziellen verlorenen Verm\u00f6genswerten \u201c<em>Stranded Assets<\/em>&#8221; ist besorgniserregend. Die meisten Unternehmen, in die der FDC investiert, weisen keinen konkreten, messbaren Plan f\u00fcr den \u00dcbergang zu einem nachhaltigen Gesch\u00e4ftsmodell auf. Durch Investitionen in fossile Brennstoffe und andere kohlenstoffintensive Unternehmen sowie in L\u00e4nder, die im geopolitischen Sinne als Risikoregionen gelten, setzt sich der FDC m\u00f6glichen finanziellen Verlusten aus. Der russische Einmarsch in der Ukraine und die Folgen f\u00fcr die Energieversorgung in Europa verdeutlichen das Risiko, das der FDC eingeht, wenn er in Unternehmen investiert, die den \u00dcbergang nicht schaffen. Die derzeitige Krise hat auch deutlich gezeigt, wie Finanz- und Investitionsentscheidungen als Druckmittel zur Erreichung politischer Ziele eingesetzt werden k\u00f6nnen.<\/p>\n\n<p>Angesichts dieser besorgniserregenden Schlu\u00dffolgerungen fordern ASTM und Greenpeace den FDC und die luxemburgische Regierung auf, bei der anstehenden \u00dcberarbeitung der Strategie ihrer Verantwortung gerecht zu werden und einen rechtlichen Rahmen sowie eine ehrgeizige Investitionspolitik f\u00fcr einen nachhaltigen Rentenfonds zu schaffen. Das Mandat des FDC, wie es im Gesetz vom 6. Mai 2004 festgelegt ist, muss gekl\u00e4rt werden. Um jegliche Anfechtung in diesem Punkt zu vermeiden, sollte das Mandat ausdr\u00fccklich Nachhaltigkeitskriterien enthalten.<\/p>\n\n<p>Damit der FDC nachhaltig wird, muss er eine globale, koh\u00e4rente und ehrgeizige Anlagestrategie f\u00fcr den Fonds als Ganzes sowie f\u00fcr die Verm\u00f6gensverwalter und ihre mandatierten Teilfonds (sowohl aktiv als auch passiv verwaltet) beschliessen und umsetzen. Alle Investitionen m\u00fcssen mit dem Ziel des Pariser Abkommens, die globale Erw\u00e4rmung auf 1.5 \u00b0C zu begrenzen, sowie mit der Internationalen Menschenrechtskonvention in Einklang stehen.<\/p>\n\n<hr class=\"wp-block-separator\"\/>\n\n<p><a id=\"_ftn1\" href=\"#_ftnref1\">[1]<\/a> Nextra Consulting ist eine unabh\u00e4ngige Unternehmens- und Managementberatung mit Schwerpunkt auf Nachhaltigkeit (<a href=\"https:\/\/nextra-consulting.com\/\" target=\"_blank\" rel=\"noreferrer noopener\">https:\/\/nextra-consulting.com\/<\/a>).<\/p>\n\n<p><a id=\"_ftn2\" href=\"#_ftnref2\">[2]<\/a> Fonds de compensation (2020): Sustainable Investor Report (<a href=\"https:\/\/fdc.public.lu\/dam-assets\/publications\/Sustainable-Investor-Report-2020-final-web-version-.pdf\" target=\"_blank\" rel=\"noreferrer noopener\">https:\/\/fdc.public.lu\/dam-assets\/publications\/Sustainable-Investor-Report-2020-final-web-version-.pdf<\/a>)<\/p>\n\n<hr class=\"wp-block-separator\"\/>\n\n<p>Die von Nextra durchgef\u00fchrte Analyse ist <a href=\"https:\/\/www.greenpeace.org\/static\/planet4-luxembourg-stateless\/2022\/03\/c9fc6e24-nextra-consulting_-fdc-sustainability-analysis.pdf\" target=\"_blank\" rel=\"noreferrer noopener\">hier<\/a> einsehbar. <\/p>\n","protected":false},"excerpt":{"rendered":"<p>ASTM et Greenpeace Luxemburg haben ihren Bericht vorgestellt, der die Investitionen des FDC im Hinblick auf Nachhaltigkeit analysiert. <\/p>\n","protected":false},"author":31,"featured_media":14063,"comment_status":"closed","ping_status":"closed","sticky":false,"template":"","format":"standard","meta":{"ep_exclude_from_search":false,"p4_og_title":"","p4_og_description":"","p4_og_image":"","p4_og_image_id":"","p4_seo_canonical_url":"","p4_campaign_name":"not set","p4_local_project":"not set","p4_basket_name":"not set","p4_department":"","footnotes":""},"categories":[49,48],"tags":[60,96,98],"p4-page-type":[69],"class_list":["post-14078","post","type-post","status-publish","format-standard","has-post-thumbnail","hentry","category-energie","category-klima","tag-luxemburg","tag-finanzsektor","tag-gerechtigkeit","p4-page-type-presseerklaerungen"],"yoast_head":"<!-- This site is optimized with the Yoast SEO Premium plugin v23.9 (Yoast SEO v23.9) - https:\/\/yoast.com\/wordpress\/plugins\/seo\/ -->\n<title>Schmutzig und gef\u00e4hrlich: Wie der staatliche Pensionsfonds Luxemburgs die Klimakrise anheizt und beim Schutz der Menschenrechte versagt - Greenpeace Luxembourg<\/title>\n<meta name=\"robots\" content=\"index, follow, max-snippet:-1, max-image-preview:large, max-video-preview:-1\" \/>\n<link rel=\"canonical\" href=\"https:\/\/www.greenpeace.org\/luxembourg\/de\/presseerklaerungen\/14078\/schmutzig-und-gefahrlich-wie-der-staatliche-pensionsfonds-luxemburgs-die-klimakrise-anheizt-und-beim-schutz-der-menschenrechte-versagt\/\" \/>\n<meta property=\"og:locale\" content=\"de_DE\" \/>\n<meta property=\"og:type\" content=\"article\" \/>\n<meta property=\"og:title\" content=\"Schmutzig und gef\u00e4hrlich: Wie der staatliche Pensionsfonds Luxemburgs die Klimakrise anheizt und beim Schutz der Menschenrechte versagt\" \/>\n<meta property=\"og:description\" content=\"ASTM et Greenpeace Luxemburg haben ihren Bericht vorgestellt, der die Investitionen des FDC im Hinblick auf Nachhaltigkeit analysiert.\" \/>\n<meta property=\"og:url\" content=\"https:\/\/www.greenpeace.org\/luxembourg\/de\/presseerklaerungen\/14078\/schmutzig-und-gefahrlich-wie-der-staatliche-pensionsfonds-luxemburgs-die-klimakrise-anheizt-und-beim-schutz-der-menschenrechte-versagt\/\" \/>\n<meta property=\"og:site_name\" content=\"Greenpeace Luxembourg\" \/>\n<meta property=\"article:publisher\" content=\"https:\/\/www.facebook.com\/greenpeaceluxembourg\" \/>\n<meta property=\"article:published_time\" content=\"2022-03-30T08:58:36+00:00\" \/>\n<meta property=\"article:modified_time\" content=\"2022-03-30T08:58:39+00:00\" \/>\n<meta property=\"og:image\" content=\"https:\/\/www.greenpeace.org\/static\/planet4-luxembourg-stateless\/2022\/03\/d286b000-gp026gz_medium_res_with_credit_line.jpg\" \/>\n\t<meta property=\"og:image:width\" content=\"1200\" \/>\n\t<meta property=\"og:image:height\" content=\"800\" \/>\n\t<meta property=\"og:image:type\" content=\"image\/jpeg\" \/>\n<meta name=\"author\" content=\"Myriam Wecker\" \/>\n<meta name=\"twitter:card\" content=\"summary_large_image\" \/>\n<meta name=\"twitter:label1\" content=\"Written by\" \/>\n\t<meta name=\"twitter:data1\" content=\"Myriam Wecker\" \/>\n\t<meta name=\"twitter:label2\" content=\"Est. reading time\" \/>\n\t<meta name=\"twitter:data2\" content=\"4 minutes\" \/>\n<script type=\"application\/ld+json\" class=\"yoast-schema-graph\">{\"@context\":\"https:\/\/schema.org\",\"@graph\":[{\"@type\":\"Article\",\"@id\":\"https:\/\/www.greenpeace.org\/luxembourg\/de\/presseerklaerungen\/14078\/schmutzig-und-gefahrlich-wie-der-staatliche-pensionsfonds-luxemburgs-die-klimakrise-anheizt-und-beim-schutz-der-menschenrechte-versagt\/#article\",\"isPartOf\":{\"@id\":\"https:\/\/www.greenpeace.org\/luxembourg\/de\/presseerklaerungen\/14078\/schmutzig-und-gefahrlich-wie-der-staatliche-pensionsfonds-luxemburgs-die-klimakrise-anheizt-und-beim-schutz-der-menschenrechte-versagt\/\"},\"author\":{\"name\":\"Myriam Wecker\",\"@id\":\"https:\/\/www.greenpeace.org\/luxembourg\/fr\/#\/schema\/person\/c2ae6002b8ed18c00be0c6b320eea776\"},\"headline\":\"Schmutzig und gef\u00e4hrlich: Wie der staatliche Pensionsfonds Luxemburgs die Klimakrise anheizt und beim Schutz der Menschenrechte versagt\",\"datePublished\":\"2022-03-30T08:58:36+00:00\",\"dateModified\":\"2022-03-30T08:58:39+00:00\",\"mainEntityOfPage\":{\"@id\":\"https:\/\/www.greenpeace.org\/luxembourg\/de\/presseerklaerungen\/14078\/schmutzig-und-gefahrlich-wie-der-staatliche-pensionsfonds-luxemburgs-die-klimakrise-anheizt-und-beim-schutz-der-menschenrechte-versagt\/\"},\"wordCount\":777,\"publisher\":{\"@id\":\"https:\/\/www.greenpeace.org\/luxembourg\/fr\/#organization\"},\"image\":{\"@id\":\"https:\/\/www.greenpeace.org\/luxembourg\/de\/presseerklaerungen\/14078\/schmutzig-und-gefahrlich-wie-der-staatliche-pensionsfonds-luxemburgs-die-klimakrise-anheizt-und-beim-schutz-der-menschenrechte-versagt\/#primaryimage\"},\"thumbnailUrl\":\"https:\/\/www.greenpeace.org\/static\/planet4-luxembourg-stateless\/2022\/03\/d286b000-gp026gz_medium_res_with_credit_line.jpg\",\"keywords\":[\"Luxemburg\",\"Finanzsektor\",\"Gerechtigkeit\"],\"articleSection\":[\"Energie\",\"Klima\"],\"inLanguage\":\"de-LU\"},{\"@type\":\"WebPage\",\"@id\":\"https:\/\/www.greenpeace.org\/luxembourg\/de\/presseerklaerungen\/14078\/schmutzig-und-gefahrlich-wie-der-staatliche-pensionsfonds-luxemburgs-die-klimakrise-anheizt-und-beim-schutz-der-menschenrechte-versagt\/\",\"url\":\"https:\/\/www.greenpeace.org\/luxembourg\/de\/presseerklaerungen\/14078\/schmutzig-und-gefahrlich-wie-der-staatliche-pensionsfonds-luxemburgs-die-klimakrise-anheizt-und-beim-schutz-der-menschenrechte-versagt\/\",\"name\":\"Schmutzig und gef\u00e4hrlich: Wie der staatliche Pensionsfonds Luxemburgs die Klimakrise anheizt und beim Schutz der Menschenrechte versagt - Greenpeace Luxembourg\",\"isPartOf\":{\"@id\":\"https:\/\/www.greenpeace.org\/luxembourg\/fr\/#website\"},\"primaryImageOfPage\":{\"@id\":\"https:\/\/www.greenpeace.org\/luxembourg\/de\/presseerklaerungen\/14078\/schmutzig-und-gefahrlich-wie-der-staatliche-pensionsfonds-luxemburgs-die-klimakrise-anheizt-und-beim-schutz-der-menschenrechte-versagt\/#primaryimage\"},\"image\":{\"@id\":\"https:\/\/www.greenpeace.org\/luxembourg\/de\/presseerklaerungen\/14078\/schmutzig-und-gefahrlich-wie-der-staatliche-pensionsfonds-luxemburgs-die-klimakrise-anheizt-und-beim-schutz-der-menschenrechte-versagt\/#primaryimage\"},\"thumbnailUrl\":\"https:\/\/www.greenpeace.org\/static\/planet4-luxembourg-stateless\/2022\/03\/d286b000-gp026gz_medium_res_with_credit_line.jpg\",\"datePublished\":\"2022-03-30T08:58:36+00:00\",\"dateModified\":\"2022-03-30T08:58:39+00:00\",\"breadcrumb\":{\"@id\":\"https:\/\/www.greenpeace.org\/luxembourg\/de\/presseerklaerungen\/14078\/schmutzig-und-gefahrlich-wie-der-staatliche-pensionsfonds-luxemburgs-die-klimakrise-anheizt-und-beim-schutz-der-menschenrechte-versagt\/#breadcrumb\"},\"inLanguage\":\"de-LU\",\"potentialAction\":[{\"@type\":\"ReadAction\",\"target\":[\"https:\/\/www.greenpeace.org\/luxembourg\/de\/presseerklaerungen\/14078\/schmutzig-und-gefahrlich-wie-der-staatliche-pensionsfonds-luxemburgs-die-klimakrise-anheizt-und-beim-schutz-der-menschenrechte-versagt\/\"]}]},{\"@type\":\"ImageObject\",\"inLanguage\":\"de-LU\",\"@id\":\"https:\/\/www.greenpeace.org\/luxembourg\/de\/presseerklaerungen\/14078\/schmutzig-und-gefahrlich-wie-der-staatliche-pensionsfonds-luxemburgs-die-klimakrise-anheizt-und-beim-schutz-der-menschenrechte-versagt\/#primaryimage\",\"url\":\"https:\/\/www.greenpeace.org\/static\/planet4-luxembourg-stateless\/2022\/03\/d286b000-gp026gz_medium_res_with_credit_line.jpg\",\"contentUrl\":\"https:\/\/www.greenpeace.org\/static\/planet4-luxembourg-stateless\/2022\/03\/d286b000-gp026gz_medium_res_with_credit_line.jpg\",\"width\":1200,\"height\":800,\"caption\":\"Greenpeace activists in oil-covered bathing suits staged a \u201cBlack Tide Beach Party\u201d to tell participants at the World Energy Congress (WEC) in Montreal that there is an urgent need for the world to move beyond dirty, risky oil and develop more clean energy to combat climate change.\"},{\"@type\":\"BreadcrumbList\",\"@id\":\"https:\/\/www.greenpeace.org\/luxembourg\/de\/presseerklaerungen\/14078\/schmutzig-und-gefahrlich-wie-der-staatliche-pensionsfonds-luxemburgs-die-klimakrise-anheizt-und-beim-schutz-der-menschenrechte-versagt\/#breadcrumb\",\"itemListElement\":[{\"@type\":\"ListItem\",\"position\":1,\"name\":\"Home\",\"item\":\"http:\/\/www.greenpeace.org\/luxembourg\/fr\/\"},{\"@type\":\"ListItem\",\"position\":2,\"name\":\"Schmutzig und gef\u00e4hrlich: Wie der staatliche Pensionsfonds Luxemburgs die Klimakrise anheizt und beim Schutz der Menschenrechte versagt\"}]},{\"@type\":\"WebSite\",\"@id\":\"https:\/\/www.greenpeace.org\/luxembourg\/fr\/#website\",\"url\":\"https:\/\/www.greenpeace.org\/luxembourg\/fr\/\",\"name\":\"Greenpeace Luxembourg\",\"description\":\"Greenpeace existiert, weil unsere Erde eine Stimme braucht. Sie ben\u00f6tigt L\u00f6sungen. Ver\u00e4nderungen. Aktionen.\",\"publisher\":{\"@id\":\"https:\/\/www.greenpeace.org\/luxembourg\/fr\/#organization\"},\"potentialAction\":[{\"@type\":\"SearchAction\",\"target\":{\"@type\":\"EntryPoint\",\"urlTemplate\":\"https:\/\/www.greenpeace.org\/luxembourg\/fr\/?s={search_term_string}\"},\"query-input\":{\"@type\":\"PropertyValueSpecification\",\"valueRequired\":true,\"valueName\":\"search_term_string\"}}],\"inLanguage\":\"de-LU\"},{\"@type\":\"Organization\",\"@id\":\"https:\/\/www.greenpeace.org\/luxembourg\/fr\/#organization\",\"name\":\"Greenpeace Luxembourg\",\"url\":\"https:\/\/www.greenpeace.org\/luxembourg\/fr\/\",\"logo\":{\"@type\":\"ImageObject\",\"inLanguage\":\"de-LU\",\"@id\":\"https:\/\/www.greenpeace.org\/luxembourg\/fr\/#\/schema\/logo\/image\/\",\"url\":\"https:\/\/www.greenpeace.org\/static\/planet4-luxembourg-stateless\/2026\/03\/3e367f94-greenpeace_logo_green_rgb.png\",\"contentUrl\":\"https:\/\/www.greenpeace.org\/static\/planet4-luxembourg-stateless\/2026\/03\/3e367f94-greenpeace_logo_green_rgb.png\",\"width\":1080,\"height\":175,\"caption\":\"Greenpeace Luxembourg\"},\"image\":{\"@id\":\"https:\/\/www.greenpeace.org\/luxembourg\/fr\/#\/schema\/logo\/image\/\"},\"sameAs\":[\"https:\/\/www.facebook.com\/greenpeaceluxembourg\",\"https:\/\/www.instagram.com\/greenpeacelux\/\",\"https:\/\/www.linkedin.com\/company\/greenpeace-luxembourg\/\",\"https:\/\/www.threads.com\/@greenpeacelux\",\"https:\/\/bsky.app\/profile\/greenpeacelux.bsky.social\",\"https:\/\/www.youtube.com\/@GreenpeaceLux\",\"https:\/\/www.tiktok.com\/@greenpeace_lux\"]},{\"@type\":\"Person\",\"@id\":\"https:\/\/www.greenpeace.org\/luxembourg\/fr\/#\/schema\/person\/c2ae6002b8ed18c00be0c6b320eea776\",\"name\":\"Myriam Wecker\",\"url\":\"https:\/\/www.greenpeace.org\/luxembourg\/de\/author\/mwecker\/\"}]}<\/script>\n<!-- \/ Yoast SEO Premium plugin. -->","yoast_head_json":{"title":"Schmutzig und gef\u00e4hrlich: Wie der staatliche Pensionsfonds Luxemburgs die Klimakrise anheizt und beim Schutz der Menschenrechte versagt - Greenpeace Luxembourg","robots":{"index":"index","follow":"follow","max-snippet":"max-snippet:-1","max-image-preview":"max-image-preview:large","max-video-preview":"max-video-preview:-1"},"canonical":"https:\/\/www.greenpeace.org\/luxembourg\/de\/presseerklaerungen\/14078\/schmutzig-und-gefahrlich-wie-der-staatliche-pensionsfonds-luxemburgs-die-klimakrise-anheizt-und-beim-schutz-der-menschenrechte-versagt\/","og_locale":"de_DE","og_type":"article","og_title":"Schmutzig und gef\u00e4hrlich: Wie der staatliche Pensionsfonds Luxemburgs die Klimakrise anheizt und beim Schutz der Menschenrechte versagt","og_description":"ASTM et Greenpeace Luxemburg haben ihren Bericht vorgestellt, der die Investitionen des FDC im Hinblick auf Nachhaltigkeit analysiert.","og_url":"https:\/\/www.greenpeace.org\/luxembourg\/de\/presseerklaerungen\/14078\/schmutzig-und-gefahrlich-wie-der-staatliche-pensionsfonds-luxemburgs-die-klimakrise-anheizt-und-beim-schutz-der-menschenrechte-versagt\/","og_site_name":"Greenpeace Luxembourg","article_publisher":"https:\/\/www.facebook.com\/greenpeaceluxembourg","article_published_time":"2022-03-30T08:58:36+00:00","article_modified_time":"2022-03-30T08:58:39+00:00","og_image":[{"width":1200,"height":800,"url":"https:\/\/www.greenpeace.org\/static\/planet4-luxembourg-stateless\/2022\/03\/d286b000-gp026gz_medium_res_with_credit_line.jpg","type":"image\/jpeg"}],"author":"Myriam Wecker","twitter_card":"summary_large_image","twitter_misc":{"Written by":"Myriam Wecker","Est. reading time":"4 minutes"},"schema":{"@context":"https:\/\/schema.org","@graph":[{"@type":"Article","@id":"https:\/\/www.greenpeace.org\/luxembourg\/de\/presseerklaerungen\/14078\/schmutzig-und-gefahrlich-wie-der-staatliche-pensionsfonds-luxemburgs-die-klimakrise-anheizt-und-beim-schutz-der-menschenrechte-versagt\/#article","isPartOf":{"@id":"https:\/\/www.greenpeace.org\/luxembourg\/de\/presseerklaerungen\/14078\/schmutzig-und-gefahrlich-wie-der-staatliche-pensionsfonds-luxemburgs-die-klimakrise-anheizt-und-beim-schutz-der-menschenrechte-versagt\/"},"author":{"name":"Myriam Wecker","@id":"https:\/\/www.greenpeace.org\/luxembourg\/fr\/#\/schema\/person\/c2ae6002b8ed18c00be0c6b320eea776"},"headline":"Schmutzig und gef\u00e4hrlich: Wie der staatliche Pensionsfonds Luxemburgs die Klimakrise anheizt und beim Schutz der Menschenrechte versagt","datePublished":"2022-03-30T08:58:36+00:00","dateModified":"2022-03-30T08:58:39+00:00","mainEntityOfPage":{"@id":"https:\/\/www.greenpeace.org\/luxembourg\/de\/presseerklaerungen\/14078\/schmutzig-und-gefahrlich-wie-der-staatliche-pensionsfonds-luxemburgs-die-klimakrise-anheizt-und-beim-schutz-der-menschenrechte-versagt\/"},"wordCount":777,"publisher":{"@id":"https:\/\/www.greenpeace.org\/luxembourg\/fr\/#organization"},"image":{"@id":"https:\/\/www.greenpeace.org\/luxembourg\/de\/presseerklaerungen\/14078\/schmutzig-und-gefahrlich-wie-der-staatliche-pensionsfonds-luxemburgs-die-klimakrise-anheizt-und-beim-schutz-der-menschenrechte-versagt\/#primaryimage"},"thumbnailUrl":"https:\/\/www.greenpeace.org\/static\/planet4-luxembourg-stateless\/2022\/03\/d286b000-gp026gz_medium_res_with_credit_line.jpg","keywords":["Luxemburg","Finanzsektor","Gerechtigkeit"],"articleSection":["Energie","Klima"],"inLanguage":"de-LU"},{"@type":"WebPage","@id":"https:\/\/www.greenpeace.org\/luxembourg\/de\/presseerklaerungen\/14078\/schmutzig-und-gefahrlich-wie-der-staatliche-pensionsfonds-luxemburgs-die-klimakrise-anheizt-und-beim-schutz-der-menschenrechte-versagt\/","url":"https:\/\/www.greenpeace.org\/luxembourg\/de\/presseerklaerungen\/14078\/schmutzig-und-gefahrlich-wie-der-staatliche-pensionsfonds-luxemburgs-die-klimakrise-anheizt-und-beim-schutz-der-menschenrechte-versagt\/","name":"Schmutzig und gef\u00e4hrlich: Wie der staatliche Pensionsfonds Luxemburgs die Klimakrise anheizt und beim Schutz der Menschenrechte versagt - Greenpeace Luxembourg","isPartOf":{"@id":"https:\/\/www.greenpeace.org\/luxembourg\/fr\/#website"},"primaryImageOfPage":{"@id":"https:\/\/www.greenpeace.org\/luxembourg\/de\/presseerklaerungen\/14078\/schmutzig-und-gefahrlich-wie-der-staatliche-pensionsfonds-luxemburgs-die-klimakrise-anheizt-und-beim-schutz-der-menschenrechte-versagt\/#primaryimage"},"image":{"@id":"https:\/\/www.greenpeace.org\/luxembourg\/de\/presseerklaerungen\/14078\/schmutzig-und-gefahrlich-wie-der-staatliche-pensionsfonds-luxemburgs-die-klimakrise-anheizt-und-beim-schutz-der-menschenrechte-versagt\/#primaryimage"},"thumbnailUrl":"https:\/\/www.greenpeace.org\/static\/planet4-luxembourg-stateless\/2022\/03\/d286b000-gp026gz_medium_res_with_credit_line.jpg","datePublished":"2022-03-30T08:58:36+00:00","dateModified":"2022-03-30T08:58:39+00:00","breadcrumb":{"@id":"https:\/\/www.greenpeace.org\/luxembourg\/de\/presseerklaerungen\/14078\/schmutzig-und-gefahrlich-wie-der-staatliche-pensionsfonds-luxemburgs-die-klimakrise-anheizt-und-beim-schutz-der-menschenrechte-versagt\/#breadcrumb"},"inLanguage":"de-LU","potentialAction":[{"@type":"ReadAction","target":["https:\/\/www.greenpeace.org\/luxembourg\/de\/presseerklaerungen\/14078\/schmutzig-und-gefahrlich-wie-der-staatliche-pensionsfonds-luxemburgs-die-klimakrise-anheizt-und-beim-schutz-der-menschenrechte-versagt\/"]}]},{"@type":"ImageObject","inLanguage":"de-LU","@id":"https:\/\/www.greenpeace.org\/luxembourg\/de\/presseerklaerungen\/14078\/schmutzig-und-gefahrlich-wie-der-staatliche-pensionsfonds-luxemburgs-die-klimakrise-anheizt-und-beim-schutz-der-menschenrechte-versagt\/#primaryimage","url":"https:\/\/www.greenpeace.org\/static\/planet4-luxembourg-stateless\/2022\/03\/d286b000-gp026gz_medium_res_with_credit_line.jpg","contentUrl":"https:\/\/www.greenpeace.org\/static\/planet4-luxembourg-stateless\/2022\/03\/d286b000-gp026gz_medium_res_with_credit_line.jpg","width":1200,"height":800,"caption":"Greenpeace activists in oil-covered bathing suits staged a \u201cBlack Tide Beach Party\u201d to tell participants at the World Energy Congress (WEC) in Montreal that there is an urgent need for the world to move beyond dirty, risky oil and develop more clean energy to combat climate change."},{"@type":"BreadcrumbList","@id":"https:\/\/www.greenpeace.org\/luxembourg\/de\/presseerklaerungen\/14078\/schmutzig-und-gefahrlich-wie-der-staatliche-pensionsfonds-luxemburgs-die-klimakrise-anheizt-und-beim-schutz-der-menschenrechte-versagt\/#breadcrumb","itemListElement":[{"@type":"ListItem","position":1,"name":"Home","item":"http:\/\/www.greenpeace.org\/luxembourg\/fr\/"},{"@type":"ListItem","position":2,"name":"Schmutzig und gef\u00e4hrlich: Wie der staatliche Pensionsfonds Luxemburgs die Klimakrise anheizt und beim Schutz der Menschenrechte versagt"}]},{"@type":"WebSite","@id":"https:\/\/www.greenpeace.org\/luxembourg\/fr\/#website","url":"https:\/\/www.greenpeace.org\/luxembourg\/fr\/","name":"Greenpeace Luxembourg","description":"Greenpeace existiert, weil unsere Erde eine Stimme braucht. Sie ben\u00f6tigt L\u00f6sungen. Ver\u00e4nderungen. Aktionen.","publisher":{"@id":"https:\/\/www.greenpeace.org\/luxembourg\/fr\/#organization"},"potentialAction":[{"@type":"SearchAction","target":{"@type":"EntryPoint","urlTemplate":"https:\/\/www.greenpeace.org\/luxembourg\/fr\/?s={search_term_string}"},"query-input":{"@type":"PropertyValueSpecification","valueRequired":true,"valueName":"search_term_string"}}],"inLanguage":"de-LU"},{"@type":"Organization","@id":"https:\/\/www.greenpeace.org\/luxembourg\/fr\/#organization","name":"Greenpeace Luxembourg","url":"https:\/\/www.greenpeace.org\/luxembourg\/fr\/","logo":{"@type":"ImageObject","inLanguage":"de-LU","@id":"https:\/\/www.greenpeace.org\/luxembourg\/fr\/#\/schema\/logo\/image\/","url":"https:\/\/www.greenpeace.org\/static\/planet4-luxembourg-stateless\/2026\/03\/3e367f94-greenpeace_logo_green_rgb.png","contentUrl":"https:\/\/www.greenpeace.org\/static\/planet4-luxembourg-stateless\/2026\/03\/3e367f94-greenpeace_logo_green_rgb.png","width":1080,"height":175,"caption":"Greenpeace Luxembourg"},"image":{"@id":"https:\/\/www.greenpeace.org\/luxembourg\/fr\/#\/schema\/logo\/image\/"},"sameAs":["https:\/\/www.facebook.com\/greenpeaceluxembourg","https:\/\/www.instagram.com\/greenpeacelux\/","https:\/\/www.linkedin.com\/company\/greenpeace-luxembourg\/","https:\/\/www.threads.com\/@greenpeacelux","https:\/\/bsky.app\/profile\/greenpeacelux.bsky.social","https:\/\/www.youtube.com\/@GreenpeaceLux","https:\/\/www.tiktok.com\/@greenpeace_lux"]},{"@type":"Person","@id":"https:\/\/www.greenpeace.org\/luxembourg\/fr\/#\/schema\/person\/c2ae6002b8ed18c00be0c6b320eea776","name":"Myriam Wecker","url":"https:\/\/www.greenpeace.org\/luxembourg\/de\/author\/mwecker\/"}]}},"_links":{"self":[{"href":"https:\/\/www.greenpeace.org\/luxembourg\/de\/wp-json\/wp\/v2\/posts\/14078","targetHints":{"allow":["GET"]}}],"collection":[{"href":"https:\/\/www.greenpeace.org\/luxembourg\/de\/wp-json\/wp\/v2\/posts"}],"about":[{"href":"https:\/\/www.greenpeace.org\/luxembourg\/de\/wp-json\/wp\/v2\/types\/post"}],"author":[{"embeddable":true,"href":"https:\/\/www.greenpeace.org\/luxembourg\/de\/wp-json\/wp\/v2\/users\/31"}],"replies":[{"embeddable":true,"href":"https:\/\/www.greenpeace.org\/luxembourg\/de\/wp-json\/wp\/v2\/comments?post=14078"}],"version-history":[{"count":4,"href":"https:\/\/www.greenpeace.org\/luxembourg\/de\/wp-json\/wp\/v2\/posts\/14078\/revisions"}],"predecessor-version":[{"id":14088,"href":"https:\/\/www.greenpeace.org\/luxembourg\/de\/wp-json\/wp\/v2\/posts\/14078\/revisions\/14088"}],"wp:featuredmedia":[{"embeddable":true,"href":"https:\/\/www.greenpeace.org\/luxembourg\/de\/wp-json\/wp\/v2\/media\/14063"}],"wp:attachment":[{"href":"https:\/\/www.greenpeace.org\/luxembourg\/de\/wp-json\/wp\/v2\/media?parent=14078"}],"wp:term":[{"taxonomy":"category","embeddable":true,"href":"https:\/\/www.greenpeace.org\/luxembourg\/de\/wp-json\/wp\/v2\/categories?post=14078"},{"taxonomy":"post_tag","embeddable":true,"href":"https:\/\/www.greenpeace.org\/luxembourg\/de\/wp-json\/wp\/v2\/tags?post=14078"},{"taxonomy":"p4-page-type","embeddable":true,"href":"https:\/\/www.greenpeace.org\/luxembourg\/de\/wp-json\/wp\/v2\/p4-page-type?post=14078"}],"curies":[{"name":"wp","href":"https:\/\/api.w.org\/{rel}","templated":true}]}}