{"id":14285,"date":"2022-05-17T07:45:24","date_gmt":"2022-05-17T05:45:24","guid":{"rendered":"https:\/\/www.greenpeace.org\/luxembourg\/?p=14285"},"modified":"2022-05-17T07:54:31","modified_gmt":"2022-05-17T05:54:31","slug":"grunes-siegel-fur-investitionen-in-gas-und-atomenergie-gefahrdet-die-energieunabhangigkeit-der-eu-ein-greenpeace-bericht","status":"publish","type":"post","link":"https:\/\/www.greenpeace.org\/luxembourg\/de\/aktualitaet\/14285\/grunes-siegel-fur-investitionen-in-gas-und-atomenergie-gefahrdet-die-energieunabhangigkeit-der-eu-ein-greenpeace-bericht\/","title":{"rendered":"Gr\u00fcnes Siegel f\u00fcr Investitionen in Gas und Atomenergie gef\u00e4hrdet die Energieunabh\u00e4ngigkeit der EU &#8211; Ein Greenpeace Bericht"},"content":{"rendered":"\n<h3 class=\"wp-block-heading\"><strong>Russische Gas- und Atomunternehmen k\u00f6nnten Milliarden an der EU-Taxonomie verdienen.<\/strong><\/h3>\n\n<p><strong>Den vollst\u00e4ndigen Bericht finden Sie <\/strong><a href=\"https:\/\/www.greenpeace.org\/static\/planet4-luxembourg-stateless\/2022\/05\/2800e35f-how-russian-companies-lobbied-for-the-eu-taxonomy-to-include-fossil-gas-nuclear-energy-1.pdf\"><strong>hier<\/strong><\/a><strong> auf Englisch oder<\/strong><strong> <\/strong><a href=\"https:\/\/www.greenpeace.org\/static\/planet4-luxembourg-stateless\/2022\/05\/d873d01b-rapport-comment-les-entreprises-russes-ont-fait-pression-pour-que-la-taxonomie-europeenne-integre-le-gaz-fossile-et-lenergie-nucleaire.docx.pdf\"><strong>hier<\/strong><\/a><strong> <\/strong><strong>auf Franz\u00f6sisch.<\/strong><\/p>\n\n<p><em>Luxemburg<\/em>, 17. Mai 2022 &#8211; W\u00e4hrend die Europ\u00e4ische Union sich auf die Publikation ihres REPowerEU-Projekts (welches Europa energieunabh\u00e4ngiger machen soll) vorbereitet, ver\u00f6ffentlicht Greenpeace Frankreich einen neuen Bericht \u00fcber die Konsequenzen einer klimafreundlichen Einstufung von Gas und Atomkraft in der Taxonomie, dem Klassifikationssystem nachhaltiger Investitionen in der EU. Es wird dargelegt, wie die russischen Energieriesen Gazprom, Lukoil und Rosatom [1], Druck auf Br\u00fcssel aus\u00fcbten, um die umweltsch\u00e4dlichen Energietr\u00e4ger im Regelwerk f\u00fcr \u00f6kologische und nachhaltige Wirtschaftsaktivit\u00e4ten aufnehmen zu lassen.<\/p>\n\n<p>Tats\u00e4chlich haben sich seit der Ver\u00f6ffentlichung des Aktionsplans f\u00fcr nachhaltige Finanzen der Europ\u00e4ischen Kommission im M\u00e4rz 2018 alle drei Unternehmen <strong>mindestens 18 Mal<\/strong> \u00fcber direkten Weg oder \u00fcber Tochtergesellschaften und Lobbygruppen mit EU-Kommissar:innen und hohen Beamt:innen getroffen.<\/p>\n\n<p>Dem Bericht zufolge d\u00fcrfte Russland zudem einer der Haupbeg\u00fcnstigten in der jetzigen Form der EU-Taxonomie sein. Die Verhandlungsmacht Wladimir Putins im Machtkampf mit der EU w\u00fcrde gest\u00e4rkt werden und zur Finanzierung des Krieges in der Ukraine beitragen.&nbsp;<\/p>\n\n<p><strong>Dar\u00fcber hinaus k\u00f6nnte der russische Staat durch neue Gasprojekte, die mithilfe der EU-Taxonomie finanziert werden, weitere 4 Milliarden Euro pro Jahr einnehmen, was bis 2030 insgesamt 32 Milliarden Euro entsprechen w\u00fcrde.<\/strong> Bei einem gr\u00fcnen Siegel f\u00fcr Atomkraft w\u00fcrde Rosatom &#8211; das enge Gesch\u00e4ftsbeziehungen mit der europ\u00e4ischen Atomindustrie, <a href=\"https:\/\/cdn.greenpeace.fr\/site\/uploads\/2022\/03\/Decryptage-Lindustrie-nucleaire-francaise-une-alliee-du-regime-de-Poutine-Greenpeace-France-mars-2022.pdf?_ga=2.129902668.1788037097.1647852898-1999540756.1598256811\">insbesondere EDF<\/a>, pflegt &#8211; von einem Gro\u00dfteil der potenziellen Investitionen in die Kernenergie profitieren, sch\u00e4tzungsweise von 500 Milliarden Euro.&nbsp;<\/p>\n\n<p>&#8220;<em>Der Krieg in der Ukraine hat die Debatte \u00fcber die Energieunabh\u00e4ngigkeit der EU von Russland neu entfacht und wirft ein neues Licht auf die dramatischen Folgen, die eine klimafreundliche Einstufung von Erdgas und Atomkraft bedeuten w\u00fcrde. Abgesehen davon, dass der delegierte Rechtsakt der Europ\u00e4ischen Kommission eine Katastrophe f\u00fcr das Klima und die Umwelt bedeuten w\u00fcrde und Gelder, die zur Beschleunigung der Energiewende ben\u00f6tigt werden, verloren w\u00e4ren, w\u00fcrde er de facto Putins geopolitische Macht st\u00e4rken und die Abh\u00e4ngigkeit der EU von russischer Energie f\u00fcr die kommenden Jahrzehnte erh\u00f6hen. Die Verbrechen von Putins Armee in der Ukraine erinnern uns auf grausame Weise daran, wie unser Energiemodell &#8211; das Festhalten an fossilen Energietr\u00e4gern und\/oder Atomkraft &#8211; aktiv zu Krieg und Menschenrechtsverletzungen beitr\u00e4gt<\/em>&#8220;, kommentiert <strong>Roger Spautz, Atom-Kampaigner bei Greenpeace Frankreich und Luxemburg<\/strong>.<\/p>\n\n<p>Russland liefert derzeit 45% des Gases und 20% des angereicherten Urans aus Europa. Au\u00dferdem bietet es technische Wartungsdienste f\u00fcr 18 Kernkraftwerke russischer Bauart in der EU an und lagert gro\u00dfe Mengen an radioaktiven Abf\u00e4llen aus der EU, darunter auch Abf\u00e4lle, die <a href=\"https:\/\/www.greenpeace.fr\/espace-presse\/greenpeace-france-demande-a-edf-et-orano-de-rompre-immediatement-leurs-contrats-avec-lindustrie-nucleaire-russe\/\">insbesondere in Frankreich<\/a> produziert wurden.<\/p>\n\n<p>Rosatom hat auch als Mitglied des Vorstands der <em>World Nuclear Association<\/em> erhebliche Lobbyarbeit f\u00fcr die Taxonomie geleistet, insbesondere als offizieller Sponsor der <em>World Nuclear Exhibition 2021<\/em>, die im vergangenen Winter in der N\u00e4he von Paris stattfand.&nbsp;<\/p>\n\n<p>Bis heute sind die russischen Importe von fossilem Gas, Gasturbinen, Uran und anderen nuklearen Dienstleistungen von den Sanktionen ausgenommen, die die EU als Reaktion auf die Invasion in der Ukraine gegen Russland verh\u00e4ngt hat.<\/p>\n\n<p>Die n\u00e4chsten Stichtage sind im Juni, wenn die Aussch\u00fcsse ENVI und ECON des Europ\u00e4ischen Parlaments dar\u00fcber abstimmen, ob Gas und Atomkraft als nachhaltig eingestuft werden sollen, und im Juli, wenn das Plenum abstimmt und eine absolute Mehrheit der Europaabgeordneten den Plan der Kommission ablehnen kann.<\/p>\n\n<p>Greenpeace Luxemburg fordert die luxemburgischen Mitglieder:innen des Europaparlaments auf, gegen eine klimafreundliche Einstufung von Gas und Atomkraft zu stimmen und die Regierung aufzufordern, sich zusammen mit dem Europ\u00e4ischen Rat weiterhin dagegen auszusprechen. Sollte die EU-Taxonomie in ihrer jetzigen Form angenommen werden, fordert Greenpeace den Luxemburger Staat auf, sein Wort zu halten und gemeinsam mit \u00d6sterreich sowie weiteren Verb\u00fcndeten Klage gegen den Rechtsakt einzureichen.<\/p>\n\n<hr class=\"wp-block-separator is-style-wide\"\/>\n\n<p><strong>Notizen an die Redakteure:<\/strong><\/p>\n\n<p>[1] Unter Verwendung von Daten aus dem EU-Transparenzregister sowie anderen offenen Quellen, dokumentiert der Bericht die Lobbyarbeit der drei Unternehmen, um \u00fcber Tochtergesellschaften, Joint Ventures und Industrieverb\u00e4nde Einfluss auf die EU-Taxonomie zu nehmen.<\/p>\n","protected":false},"excerpt":{"rendered":"<p>W\u00e4hrend die Europ\u00e4ische Union sich auf die Publikation ihres REPowerEU-Projekts vorbereitet, ver\u00f6ffentlicht Greenpeace Frankreich einen neuen Bericht \u00fcber die Konsequenzen einer klimafreundlichen Einstufung von Gas und Atomkraft in der Taxonomie, dem Klassifikationssystem nachhaltiger Investitionen in der EU.<\/p>\n","protected":false},"author":25,"featured_media":14286,"comment_status":"closed","ping_status":"closed","sticky":false,"template":"","format":"standard","meta":{"ep_exclude_from_search":false,"p4_og_title":"","p4_og_description":"","p4_og_image":"","p4_og_image_id":"","p4_seo_canonical_url":"","p4_campaign_name":"not set","p4_local_project":"not set","p4_basket_name":"not set","p4_department":"","footnotes":""},"categories":[49,48],"tags":[63,58],"p4-page-type":[68],"class_list":["post-14285","post","type-post","status-publish","format-standard","has-post-thumbnail","hentry","category-energie","category-klima","tag-fossileenergien","tag-nuklear","p4-page-type-aktualitaet"],"yoast_head":"<!-- This site is optimized with the Yoast SEO Premium plugin v23.9 (Yoast SEO v23.9) - https:\/\/yoast.com\/wordpress\/plugins\/seo\/ -->\n<title>Gr\u00fcnes Siegel f\u00fcr Investitionen in Gas und Atomenergie gef\u00e4hrdet die Energieunabh\u00e4ngigkeit der EU - Ein Greenpeace Bericht - Greenpeace Luxembourg<\/title>\n<meta name=\"robots\" content=\"index, follow, max-snippet:-1, max-image-preview:large, max-video-preview:-1\" \/>\n<link rel=\"canonical\" href=\"https:\/\/www.greenpeace.org\/luxembourg\/de\/aktualitaet\/14285\/grunes-siegel-fur-investitionen-in-gas-und-atomenergie-gefahrdet-die-energieunabhangigkeit-der-eu-ein-greenpeace-bericht\/\" \/>\n<meta property=\"og:locale\" content=\"de_DE\" \/>\n<meta property=\"og:type\" content=\"article\" \/>\n<meta property=\"og:title\" content=\"Gr\u00fcnes Siegel f\u00fcr Investitionen in Gas und Atomenergie gef\u00e4hrdet die Energieunabh\u00e4ngigkeit der EU - Ein Greenpeace Bericht\" \/>\n<meta property=\"og:description\" content=\"W\u00e4hrend die Europ\u00e4ische Union sich auf die Publikation ihres REPowerEU-Projekts vorbereitet, ver\u00f6ffentlicht Greenpeace Frankreich einen neuen Bericht \u00fcber die Konsequenzen einer klimafreundlichen Einstufung von Gas und Atomkraft in der Taxonomie, dem Klassifikationssystem nachhaltiger Investitionen in der EU.\" \/>\n<meta property=\"og:url\" content=\"https:\/\/www.greenpeace.org\/luxembourg\/de\/aktualitaet\/14285\/grunes-siegel-fur-investitionen-in-gas-und-atomenergie-gefahrdet-die-energieunabhangigkeit-der-eu-ein-greenpeace-bericht\/\" \/>\n<meta property=\"og:site_name\" content=\"Greenpeace Luxembourg\" \/>\n<meta property=\"article:publisher\" content=\"https:\/\/www.facebook.com\/greenpeaceluxembourg\" \/>\n<meta property=\"article:published_time\" content=\"2022-05-17T05:45:24+00:00\" \/>\n<meta property=\"article:modified_time\" content=\"2022-05-17T05:54:31+00:00\" \/>\n<meta property=\"og:image\" content=\"https:\/\/www.greenpeace.org\/static\/planet4-luxembourg-stateless\/2022\/05\/8caf9fd8-11.jpg\" \/>\n\t<meta property=\"og:image:width\" content=\"2015\" \/>\n\t<meta property=\"og:image:height\" content=\"1034\" \/>\n\t<meta property=\"og:image:type\" content=\"image\/jpeg\" \/>\n<meta name=\"author\" content=\"Esther Wildanger\" \/>\n<meta name=\"twitter:card\" content=\"summary_large_image\" \/>\n<meta name=\"twitter:label1\" content=\"Written by\" \/>\n\t<meta name=\"twitter:data1\" content=\"Esther Wildanger\" \/>\n\t<meta name=\"twitter:label2\" content=\"Est. reading time\" \/>\n\t<meta name=\"twitter:data2\" content=\"3 minutes\" \/>\n<script type=\"application\/ld+json\" class=\"yoast-schema-graph\">{\"@context\":\"https:\/\/schema.org\",\"@graph\":[{\"@type\":\"Article\",\"@id\":\"https:\/\/www.greenpeace.org\/luxembourg\/de\/aktualitaet\/14285\/grunes-siegel-fur-investitionen-in-gas-und-atomenergie-gefahrdet-die-energieunabhangigkeit-der-eu-ein-greenpeace-bericht\/#article\",\"isPartOf\":{\"@id\":\"https:\/\/www.greenpeace.org\/luxembourg\/de\/aktualitaet\/14285\/grunes-siegel-fur-investitionen-in-gas-und-atomenergie-gefahrdet-die-energieunabhangigkeit-der-eu-ein-greenpeace-bericht\/\"},\"author\":{\"name\":\"Esther Wildanger\",\"@id\":\"https:\/\/www.greenpeace.org\/luxembourg\/fr\/#\/schema\/person\/3d0e81a859b59009fec36a8552ef76a7\"},\"headline\":\"Gr\u00fcnes Siegel f\u00fcr Investitionen in Gas und Atomenergie gef\u00e4hrdet die Energieunabh\u00e4ngigkeit der EU &#8211; Ein Greenpeace Bericht\",\"datePublished\":\"2022-05-17T05:45:24+00:00\",\"dateModified\":\"2022-05-17T05:54:31+00:00\",\"mainEntityOfPage\":{\"@id\":\"https:\/\/www.greenpeace.org\/luxembourg\/de\/aktualitaet\/14285\/grunes-siegel-fur-investitionen-in-gas-und-atomenergie-gefahrdet-die-energieunabhangigkeit-der-eu-ein-greenpeace-bericht\/\"},\"wordCount\":703,\"publisher\":{\"@id\":\"https:\/\/www.greenpeace.org\/luxembourg\/fr\/#organization\"},\"image\":{\"@id\":\"https:\/\/www.greenpeace.org\/luxembourg\/de\/aktualitaet\/14285\/grunes-siegel-fur-investitionen-in-gas-und-atomenergie-gefahrdet-die-energieunabhangigkeit-der-eu-ein-greenpeace-bericht\/#primaryimage\"},\"thumbnailUrl\":\"https:\/\/www.greenpeace.org\/static\/planet4-luxembourg-stateless\/2022\/05\/8caf9fd8-11.jpg\",\"keywords\":[\"FossileEnergien\",\"Nuklear\"],\"articleSection\":[\"Energie\",\"Klima\"],\"inLanguage\":\"de-LU\"},{\"@type\":\"WebPage\",\"@id\":\"https:\/\/www.greenpeace.org\/luxembourg\/de\/aktualitaet\/14285\/grunes-siegel-fur-investitionen-in-gas-und-atomenergie-gefahrdet-die-energieunabhangigkeit-der-eu-ein-greenpeace-bericht\/\",\"url\":\"https:\/\/www.greenpeace.org\/luxembourg\/de\/aktualitaet\/14285\/grunes-siegel-fur-investitionen-in-gas-und-atomenergie-gefahrdet-die-energieunabhangigkeit-der-eu-ein-greenpeace-bericht\/\",\"name\":\"Gr\u00fcnes Siegel f\u00fcr Investitionen in Gas und Atomenergie gef\u00e4hrdet die Energieunabh\u00e4ngigkeit der EU - Ein Greenpeace Bericht - Greenpeace Luxembourg\",\"isPartOf\":{\"@id\":\"https:\/\/www.greenpeace.org\/luxembourg\/fr\/#website\"},\"primaryImageOfPage\":{\"@id\":\"https:\/\/www.greenpeace.org\/luxembourg\/de\/aktualitaet\/14285\/grunes-siegel-fur-investitionen-in-gas-und-atomenergie-gefahrdet-die-energieunabhangigkeit-der-eu-ein-greenpeace-bericht\/#primaryimage\"},\"image\":{\"@id\":\"https:\/\/www.greenpeace.org\/luxembourg\/de\/aktualitaet\/14285\/grunes-siegel-fur-investitionen-in-gas-und-atomenergie-gefahrdet-die-energieunabhangigkeit-der-eu-ein-greenpeace-bericht\/#primaryimage\"},\"thumbnailUrl\":\"https:\/\/www.greenpeace.org\/static\/planet4-luxembourg-stateless\/2022\/05\/8caf9fd8-11.jpg\",\"datePublished\":\"2022-05-17T05:45:24+00:00\",\"dateModified\":\"2022-05-17T05:54:31+00:00\",\"breadcrumb\":{\"@id\":\"https:\/\/www.greenpeace.org\/luxembourg\/de\/aktualitaet\/14285\/grunes-siegel-fur-investitionen-in-gas-und-atomenergie-gefahrdet-die-energieunabhangigkeit-der-eu-ein-greenpeace-bericht\/#breadcrumb\"},\"inLanguage\":\"de-LU\",\"potentialAction\":[{\"@type\":\"ReadAction\",\"target\":[\"https:\/\/www.greenpeace.org\/luxembourg\/de\/aktualitaet\/14285\/grunes-siegel-fur-investitionen-in-gas-und-atomenergie-gefahrdet-die-energieunabhangigkeit-der-eu-ein-greenpeace-bericht\/\"]}]},{\"@type\":\"ImageObject\",\"inLanguage\":\"de-LU\",\"@id\":\"https:\/\/www.greenpeace.org\/luxembourg\/de\/aktualitaet\/14285\/grunes-siegel-fur-investitionen-in-gas-und-atomenergie-gefahrdet-die-energieunabhangigkeit-der-eu-ein-greenpeace-bericht\/#primaryimage\",\"url\":\"https:\/\/www.greenpeace.org\/static\/planet4-luxembourg-stateless\/2022\/05\/8caf9fd8-11.jpg\",\"contentUrl\":\"https:\/\/www.greenpeace.org\/static\/planet4-luxembourg-stateless\/2022\/05\/8caf9fd8-11.jpg\",\"width\":2015,\"height\":1034},{\"@type\":\"BreadcrumbList\",\"@id\":\"https:\/\/www.greenpeace.org\/luxembourg\/de\/aktualitaet\/14285\/grunes-siegel-fur-investitionen-in-gas-und-atomenergie-gefahrdet-die-energieunabhangigkeit-der-eu-ein-greenpeace-bericht\/#breadcrumb\",\"itemListElement\":[{\"@type\":\"ListItem\",\"position\":1,\"name\":\"Home\",\"item\":\"http:\/\/www.greenpeace.org\/luxembourg\/fr\/\"},{\"@type\":\"ListItem\",\"position\":2,\"name\":\"Gr\u00fcnes Siegel f\u00fcr Investitionen in Gas und Atomenergie gef\u00e4hrdet die Energieunabh\u00e4ngigkeit der EU &#8211; Ein Greenpeace Bericht\"}]},{\"@type\":\"WebSite\",\"@id\":\"https:\/\/www.greenpeace.org\/luxembourg\/fr\/#website\",\"url\":\"https:\/\/www.greenpeace.org\/luxembourg\/fr\/\",\"name\":\"Greenpeace Luxembourg\",\"description\":\"Greenpeace existiert, weil unsere Erde eine Stimme braucht. Sie ben\u00f6tigt L\u00f6sungen. Ver\u00e4nderungen. Aktionen.\",\"publisher\":{\"@id\":\"https:\/\/www.greenpeace.org\/luxembourg\/fr\/#organization\"},\"potentialAction\":[{\"@type\":\"SearchAction\",\"target\":{\"@type\":\"EntryPoint\",\"urlTemplate\":\"https:\/\/www.greenpeace.org\/luxembourg\/fr\/?s={search_term_string}\"},\"query-input\":{\"@type\":\"PropertyValueSpecification\",\"valueRequired\":true,\"valueName\":\"search_term_string\"}}],\"inLanguage\":\"de-LU\"},{\"@type\":\"Organization\",\"@id\":\"https:\/\/www.greenpeace.org\/luxembourg\/fr\/#organization\",\"name\":\"Greenpeace Luxembourg\",\"url\":\"https:\/\/www.greenpeace.org\/luxembourg\/fr\/\",\"logo\":{\"@type\":\"ImageObject\",\"inLanguage\":\"de-LU\",\"@id\":\"https:\/\/www.greenpeace.org\/luxembourg\/fr\/#\/schema\/logo\/image\/\",\"url\":\"https:\/\/www.greenpeace.org\/static\/planet4-luxembourg-stateless\/2026\/03\/3e367f94-greenpeace_logo_green_rgb.png\",\"contentUrl\":\"https:\/\/www.greenpeace.org\/static\/planet4-luxembourg-stateless\/2026\/03\/3e367f94-greenpeace_logo_green_rgb.png\",\"width\":1080,\"height\":175,\"caption\":\"Greenpeace Luxembourg\"},\"image\":{\"@id\":\"https:\/\/www.greenpeace.org\/luxembourg\/fr\/#\/schema\/logo\/image\/\"},\"sameAs\":[\"https:\/\/www.facebook.com\/greenpeaceluxembourg\",\"https:\/\/www.instagram.com\/greenpeacelux\/\",\"https:\/\/www.linkedin.com\/company\/greenpeace-luxembourg\/\",\"https:\/\/www.threads.com\/@greenpeacelux\",\"https:\/\/bsky.app\/profile\/greenpeacelux.bsky.social\",\"https:\/\/www.youtube.com\/@GreenpeaceLux\",\"https:\/\/www.tiktok.com\/@greenpeace_lux\"]},{\"@type\":\"Person\",\"@id\":\"https:\/\/www.greenpeace.org\/luxembourg\/fr\/#\/schema\/person\/3d0e81a859b59009fec36a8552ef76a7\",\"name\":\"Esther Wildanger\",\"url\":\"https:\/\/www.greenpeace.org\/luxembourg\/de\/author\/ewildang\/\"}]}<\/script>\n<!-- \/ Yoast SEO Premium plugin. -->","yoast_head_json":{"title":"Gr\u00fcnes Siegel f\u00fcr Investitionen in Gas und Atomenergie gef\u00e4hrdet die Energieunabh\u00e4ngigkeit der EU - Ein Greenpeace Bericht - Greenpeace Luxembourg","robots":{"index":"index","follow":"follow","max-snippet":"max-snippet:-1","max-image-preview":"max-image-preview:large","max-video-preview":"max-video-preview:-1"},"canonical":"https:\/\/www.greenpeace.org\/luxembourg\/de\/aktualitaet\/14285\/grunes-siegel-fur-investitionen-in-gas-und-atomenergie-gefahrdet-die-energieunabhangigkeit-der-eu-ein-greenpeace-bericht\/","og_locale":"de_DE","og_type":"article","og_title":"Gr\u00fcnes Siegel f\u00fcr Investitionen in Gas und Atomenergie gef\u00e4hrdet die Energieunabh\u00e4ngigkeit der EU - Ein Greenpeace Bericht","og_description":"W\u00e4hrend die Europ\u00e4ische Union sich auf die Publikation ihres REPowerEU-Projekts vorbereitet, ver\u00f6ffentlicht Greenpeace Frankreich einen neuen Bericht \u00fcber die Konsequenzen einer klimafreundlichen Einstufung von Gas und Atomkraft in der Taxonomie, dem Klassifikationssystem nachhaltiger Investitionen in der EU.","og_url":"https:\/\/www.greenpeace.org\/luxembourg\/de\/aktualitaet\/14285\/grunes-siegel-fur-investitionen-in-gas-und-atomenergie-gefahrdet-die-energieunabhangigkeit-der-eu-ein-greenpeace-bericht\/","og_site_name":"Greenpeace Luxembourg","article_publisher":"https:\/\/www.facebook.com\/greenpeaceluxembourg","article_published_time":"2022-05-17T05:45:24+00:00","article_modified_time":"2022-05-17T05:54:31+00:00","og_image":[{"width":2015,"height":1034,"url":"https:\/\/www.greenpeace.org\/static\/planet4-luxembourg-stateless\/2022\/05\/8caf9fd8-11.jpg","type":"image\/jpeg"}],"author":"Esther Wildanger","twitter_card":"summary_large_image","twitter_misc":{"Written by":"Esther Wildanger","Est. reading time":"3 minutes"},"schema":{"@context":"https:\/\/schema.org","@graph":[{"@type":"Article","@id":"https:\/\/www.greenpeace.org\/luxembourg\/de\/aktualitaet\/14285\/grunes-siegel-fur-investitionen-in-gas-und-atomenergie-gefahrdet-die-energieunabhangigkeit-der-eu-ein-greenpeace-bericht\/#article","isPartOf":{"@id":"https:\/\/www.greenpeace.org\/luxembourg\/de\/aktualitaet\/14285\/grunes-siegel-fur-investitionen-in-gas-und-atomenergie-gefahrdet-die-energieunabhangigkeit-der-eu-ein-greenpeace-bericht\/"},"author":{"name":"Esther Wildanger","@id":"https:\/\/www.greenpeace.org\/luxembourg\/fr\/#\/schema\/person\/3d0e81a859b59009fec36a8552ef76a7"},"headline":"Gr\u00fcnes Siegel f\u00fcr Investitionen in Gas und Atomenergie gef\u00e4hrdet die Energieunabh\u00e4ngigkeit der EU &#8211; Ein Greenpeace Bericht","datePublished":"2022-05-17T05:45:24+00:00","dateModified":"2022-05-17T05:54:31+00:00","mainEntityOfPage":{"@id":"https:\/\/www.greenpeace.org\/luxembourg\/de\/aktualitaet\/14285\/grunes-siegel-fur-investitionen-in-gas-und-atomenergie-gefahrdet-die-energieunabhangigkeit-der-eu-ein-greenpeace-bericht\/"},"wordCount":703,"publisher":{"@id":"https:\/\/www.greenpeace.org\/luxembourg\/fr\/#organization"},"image":{"@id":"https:\/\/www.greenpeace.org\/luxembourg\/de\/aktualitaet\/14285\/grunes-siegel-fur-investitionen-in-gas-und-atomenergie-gefahrdet-die-energieunabhangigkeit-der-eu-ein-greenpeace-bericht\/#primaryimage"},"thumbnailUrl":"https:\/\/www.greenpeace.org\/static\/planet4-luxembourg-stateless\/2022\/05\/8caf9fd8-11.jpg","keywords":["FossileEnergien","Nuklear"],"articleSection":["Energie","Klima"],"inLanguage":"de-LU"},{"@type":"WebPage","@id":"https:\/\/www.greenpeace.org\/luxembourg\/de\/aktualitaet\/14285\/grunes-siegel-fur-investitionen-in-gas-und-atomenergie-gefahrdet-die-energieunabhangigkeit-der-eu-ein-greenpeace-bericht\/","url":"https:\/\/www.greenpeace.org\/luxembourg\/de\/aktualitaet\/14285\/grunes-siegel-fur-investitionen-in-gas-und-atomenergie-gefahrdet-die-energieunabhangigkeit-der-eu-ein-greenpeace-bericht\/","name":"Gr\u00fcnes Siegel f\u00fcr Investitionen in Gas und Atomenergie gef\u00e4hrdet die Energieunabh\u00e4ngigkeit der EU - Ein Greenpeace Bericht - Greenpeace Luxembourg","isPartOf":{"@id":"https:\/\/www.greenpeace.org\/luxembourg\/fr\/#website"},"primaryImageOfPage":{"@id":"https:\/\/www.greenpeace.org\/luxembourg\/de\/aktualitaet\/14285\/grunes-siegel-fur-investitionen-in-gas-und-atomenergie-gefahrdet-die-energieunabhangigkeit-der-eu-ein-greenpeace-bericht\/#primaryimage"},"image":{"@id":"https:\/\/www.greenpeace.org\/luxembourg\/de\/aktualitaet\/14285\/grunes-siegel-fur-investitionen-in-gas-und-atomenergie-gefahrdet-die-energieunabhangigkeit-der-eu-ein-greenpeace-bericht\/#primaryimage"},"thumbnailUrl":"https:\/\/www.greenpeace.org\/static\/planet4-luxembourg-stateless\/2022\/05\/8caf9fd8-11.jpg","datePublished":"2022-05-17T05:45:24+00:00","dateModified":"2022-05-17T05:54:31+00:00","breadcrumb":{"@id":"https:\/\/www.greenpeace.org\/luxembourg\/de\/aktualitaet\/14285\/grunes-siegel-fur-investitionen-in-gas-und-atomenergie-gefahrdet-die-energieunabhangigkeit-der-eu-ein-greenpeace-bericht\/#breadcrumb"},"inLanguage":"de-LU","potentialAction":[{"@type":"ReadAction","target":["https:\/\/www.greenpeace.org\/luxembourg\/de\/aktualitaet\/14285\/grunes-siegel-fur-investitionen-in-gas-und-atomenergie-gefahrdet-die-energieunabhangigkeit-der-eu-ein-greenpeace-bericht\/"]}]},{"@type":"ImageObject","inLanguage":"de-LU","@id":"https:\/\/www.greenpeace.org\/luxembourg\/de\/aktualitaet\/14285\/grunes-siegel-fur-investitionen-in-gas-und-atomenergie-gefahrdet-die-energieunabhangigkeit-der-eu-ein-greenpeace-bericht\/#primaryimage","url":"https:\/\/www.greenpeace.org\/static\/planet4-luxembourg-stateless\/2022\/05\/8caf9fd8-11.jpg","contentUrl":"https:\/\/www.greenpeace.org\/static\/planet4-luxembourg-stateless\/2022\/05\/8caf9fd8-11.jpg","width":2015,"height":1034},{"@type":"BreadcrumbList","@id":"https:\/\/www.greenpeace.org\/luxembourg\/de\/aktualitaet\/14285\/grunes-siegel-fur-investitionen-in-gas-und-atomenergie-gefahrdet-die-energieunabhangigkeit-der-eu-ein-greenpeace-bericht\/#breadcrumb","itemListElement":[{"@type":"ListItem","position":1,"name":"Home","item":"http:\/\/www.greenpeace.org\/luxembourg\/fr\/"},{"@type":"ListItem","position":2,"name":"Gr\u00fcnes Siegel f\u00fcr Investitionen in Gas und Atomenergie gef\u00e4hrdet die Energieunabh\u00e4ngigkeit der EU &#8211; Ein Greenpeace Bericht"}]},{"@type":"WebSite","@id":"https:\/\/www.greenpeace.org\/luxembourg\/fr\/#website","url":"https:\/\/www.greenpeace.org\/luxembourg\/fr\/","name":"Greenpeace Luxembourg","description":"Greenpeace existiert, weil unsere Erde eine Stimme braucht. Sie ben\u00f6tigt L\u00f6sungen. Ver\u00e4nderungen. Aktionen.","publisher":{"@id":"https:\/\/www.greenpeace.org\/luxembourg\/fr\/#organization"},"potentialAction":[{"@type":"SearchAction","target":{"@type":"EntryPoint","urlTemplate":"https:\/\/www.greenpeace.org\/luxembourg\/fr\/?s={search_term_string}"},"query-input":{"@type":"PropertyValueSpecification","valueRequired":true,"valueName":"search_term_string"}}],"inLanguage":"de-LU"},{"@type":"Organization","@id":"https:\/\/www.greenpeace.org\/luxembourg\/fr\/#organization","name":"Greenpeace Luxembourg","url":"https:\/\/www.greenpeace.org\/luxembourg\/fr\/","logo":{"@type":"ImageObject","inLanguage":"de-LU","@id":"https:\/\/www.greenpeace.org\/luxembourg\/fr\/#\/schema\/logo\/image\/","url":"https:\/\/www.greenpeace.org\/static\/planet4-luxembourg-stateless\/2026\/03\/3e367f94-greenpeace_logo_green_rgb.png","contentUrl":"https:\/\/www.greenpeace.org\/static\/planet4-luxembourg-stateless\/2026\/03\/3e367f94-greenpeace_logo_green_rgb.png","width":1080,"height":175,"caption":"Greenpeace Luxembourg"},"image":{"@id":"https:\/\/www.greenpeace.org\/luxembourg\/fr\/#\/schema\/logo\/image\/"},"sameAs":["https:\/\/www.facebook.com\/greenpeaceluxembourg","https:\/\/www.instagram.com\/greenpeacelux\/","https:\/\/www.linkedin.com\/company\/greenpeace-luxembourg\/","https:\/\/www.threads.com\/@greenpeacelux","https:\/\/bsky.app\/profile\/greenpeacelux.bsky.social","https:\/\/www.youtube.com\/@GreenpeaceLux","https:\/\/www.tiktok.com\/@greenpeace_lux"]},{"@type":"Person","@id":"https:\/\/www.greenpeace.org\/luxembourg\/fr\/#\/schema\/person\/3d0e81a859b59009fec36a8552ef76a7","name":"Esther Wildanger","url":"https:\/\/www.greenpeace.org\/luxembourg\/de\/author\/ewildang\/"}]}},"_links":{"self":[{"href":"https:\/\/www.greenpeace.org\/luxembourg\/de\/wp-json\/wp\/v2\/posts\/14285","targetHints":{"allow":["GET"]}}],"collection":[{"href":"https:\/\/www.greenpeace.org\/luxembourg\/de\/wp-json\/wp\/v2\/posts"}],"about":[{"href":"https:\/\/www.greenpeace.org\/luxembourg\/de\/wp-json\/wp\/v2\/types\/post"}],"author":[{"embeddable":true,"href":"https:\/\/www.greenpeace.org\/luxembourg\/de\/wp-json\/wp\/v2\/users\/25"}],"replies":[{"embeddable":true,"href":"https:\/\/www.greenpeace.org\/luxembourg\/de\/wp-json\/wp\/v2\/comments?post=14285"}],"version-history":[{"count":2,"href":"https:\/\/www.greenpeace.org\/luxembourg\/de\/wp-json\/wp\/v2\/posts\/14285\/revisions"}],"predecessor-version":[{"id":14293,"href":"https:\/\/www.greenpeace.org\/luxembourg\/de\/wp-json\/wp\/v2\/posts\/14285\/revisions\/14293"}],"wp:featuredmedia":[{"embeddable":true,"href":"https:\/\/www.greenpeace.org\/luxembourg\/de\/wp-json\/wp\/v2\/media\/14286"}],"wp:attachment":[{"href":"https:\/\/www.greenpeace.org\/luxembourg\/de\/wp-json\/wp\/v2\/media?parent=14285"}],"wp:term":[{"taxonomy":"category","embeddable":true,"href":"https:\/\/www.greenpeace.org\/luxembourg\/de\/wp-json\/wp\/v2\/categories?post=14285"},{"taxonomy":"post_tag","embeddable":true,"href":"https:\/\/www.greenpeace.org\/luxembourg\/de\/wp-json\/wp\/v2\/tags?post=14285"},{"taxonomy":"p4-page-type","embeddable":true,"href":"https:\/\/www.greenpeace.org\/luxembourg\/de\/wp-json\/wp\/v2\/p4-page-type?post=14285"}],"curies":[{"name":"wp","href":"https:\/\/api.w.org\/{rel}","templated":true}]}}