{"id":14316,"date":"2022-05-23T15:44:49","date_gmt":"2022-05-23T13:44:49","guid":{"rendered":"https:\/\/www.greenpeace.org\/luxembourg\/?p=14316"},"modified":"2022-05-23T15:44:51","modified_gmt":"2022-05-23T13:44:51","slug":"fur-eine-wirtschaft-im-dienste-der-kommenden-generationen","status":"publish","type":"post","link":"https:\/\/www.greenpeace.org\/luxembourg\/de\/aktualitaet\/14316\/fur-eine-wirtschaft-im-dienste-der-kommenden-generationen\/","title":{"rendered":"F\u00fcr eine Wirtschaft im Dienste der kommenden Generationen"},"content":{"rendered":"\n<p>Ob es sich um die Klimakrise, die Pandemie, den Krieg in der Ukraine oder eine der vielen anderen Herausforderungen handelt, mit denen die Welt heute konfrontiert ist, wir befinden uns auf unerkl\u00e4rliche Weise in einer Krise der Vorstellungskraft. Seit Beginn der Menschheit haben wir uns angepasst und unsere Art zu \u00fcberleben und uns weiterzuentwickeln ver\u00e4ndert. Wir haben erkannt, dass die Systeme, in denen wir leben &#8211; und unser derzeitiges Wirtschaftssystem ist hier ein Dreh- und Angelpunkt &#8211; auf Ungleichheit, \u00fcberm\u00e4\u00dfigem Konsum, dem Streben nach unendlichem Wachstum auf Kosten von Mensch und Umwelt und der nicht nachhaltigen Ausbeutung begrenzter Ressourcen beruhen, was zu Umweltkatastrophen und bewaffneten Konflikten f\u00fchrt. <\/p>\n\n<p>Diese verheerenden Auswirkungen sind bekannt und werden toleriert, und dies schon viel zu lange. Sie machen sich allm\u00e4hlich auch in Luxemburg bemerkbar, das bislang relativ verschont geblieben ist: h\u00e4ufigere \u00dcberschwemmungen, regelm\u00e4\u00dfige und intensivere Trocken- und Hitzewellen, Wirbelst\u00fcrme&#8230; die Signale, die uns der Planet sendet, k\u00f6nnen nicht unbeantwortet bleiben. <\/p>\n\n<figure class=\"wp-block-image size-large\"><img loading=\"lazy\" decoding=\"async\" width=\"1024\" height=\"683\" src=\"https:\/\/www.greenpeace.org\/static\/planet4-luxembourg-stateless\/2022\/05\/a644b67b-dsc_7192-1024x683.jpg\" alt=\"\" class=\"wp-image-14309\" srcset=\"https:\/\/www.greenpeace.org\/static\/planet4-luxembourg-stateless\/2022\/05\/a644b67b-dsc_7192-1024x683.jpg 1024w, https:\/\/www.greenpeace.org\/static\/planet4-luxembourg-stateless\/2022\/05\/a644b67b-dsc_7192-300x200.jpg 300w, https:\/\/www.greenpeace.org\/static\/planet4-luxembourg-stateless\/2022\/05\/a644b67b-dsc_7192-768x512.jpg 768w, https:\/\/www.greenpeace.org\/static\/planet4-luxembourg-stateless\/2022\/05\/a644b67b-dsc_7192-1536x1024.jpg 1536w, https:\/\/www.greenpeace.org\/static\/planet4-luxembourg-stateless\/2022\/05\/a644b67b-dsc_7192-510x340.jpg 510w\" sizes=\"auto, (max-width: 1024px) 100vw, 1024px\" \/><\/figure>\n\n<p>Tragischerweise hat man es vers\u00e4umt, sich ein harmonisches und friedliches Wirtschaftssystem vorzustellen, hat es vers\u00e4umt, die M\u00f6glichkeiten zu erforschen, ist nicht bereit, sich auf Ver\u00e4nderungen einzulassen, und glaubt f\u00e4lschlicherweise, die Zeit sei auf unserer Seite. Das Zeitfenster f\u00fcr die M\u00f6glichkeiten, den Zusammenbruch des Klimas und der biologischen Vielfalt zu verhindern und ein Wirtschaftssystem zu schaffen, das in Harmonie mit den Menschen und dem Planeten funktioniert, schlie\u00dft sich. Mit Mut, Hoffnung und politischem Engagement k\u00f6nnen wir unser Wirtschaftssystem radikal umgestalten, damit wir nicht nur \u00fcberleben, sondern k\u00fcnftigen Generationen ein Gedeihen im Einklang mit der Natur und untereinander erm\u00f6glichen. Eine Umgestaltung unseres Wirtschaftssystems h\u00e4tte aufgrund seiner Wechselwirkungen eine unmittelbare und langfristige Auswirkung auf alle intersektionalen Systeme [1], in denen wir derzeit ums \u00dcberleben k\u00e4mpfen. <\/p>\n\n<p>Die Klima- und Naturkrise ist durch schlechte Entscheidungen entstanden &#8211; wir k\u00f6nnen und m\u00fcssen besser entscheiden, was das Beste f\u00fcr unseren Planeten und alle Menschen ist. Es geht nicht darum, das Wirtschaftssystem durch schrittweise Ver\u00e4nderungen nachhaltiger zu machen, denn die Grundlagen des Systems waren von Anfang an morsch. Wir m\u00fcssen gro\u00dfe Tr\u00e4ume haben. Wir m\u00fcssen neue Samen f\u00fcr die Zukunft s\u00e4en und realistische Utopien schaffen.<\/p>\n\n<p>Gegenw\u00e4rtig arbeiten wir f\u00fcr und in einem Wirtschaftssystem, das uns schadet. Es gibt bereits eine gro\u00dfe Anzahl an alternativen Wirtschaftsvorschl\u00e4gen, Theorien f\u00fcr Leuchtturmprojekte, die die Menschen und den Planeten besser respektieren. Viele dieser wirtschaftlichen Ans\u00e4tze werden seit Aristoteles erforscht und bereits aktiv entwickelt und vor Ort in kleinem Ma\u00dfstab oder isoliert umgesetzt, weshalb man in der Regel nicht (oder nur wenig) von ihnen h\u00f6rt. In Luxemburg kann man beispielsweise Beki, die lokale W\u00e4hrung des Kantons Redange, erw\u00e4hnen, die einen lokalen und damit verantwortungsvolleren und menschlicheren Konsum f\u00f6rdert, oder Kooperativen wie Equienercoop, TM EnerCoop, BIOG, OUNI, TERRA etc. Diese Kooperativen unterst\u00fctzen die nationale Energiewende, eine biologische und umweltfreundlichere Lebensmittelproduktion. <\/p>\n\n<p>Eine neue Wirtschaft zu erdenken, ist nicht mit finanziellem Gewinn als einzigem Ziel m\u00f6glich. Bei der Gemeinwohl-\u00d6konomie werden die Aktivit\u00e4ten eines Unternehmens und seine Auswirkungen anhand von Parametern bewertet, die im Vorfeld festgelegt werden. In Luxemburg hat sich insbesondere die Oikopolis-Gruppe (Naturata) f\u00fcr diese Art der Bewertung entschieden. Auch die Gemeinde Mertzig hat diesen Ansatz f\u00fcr ihre eigene Bewertung gew\u00e4hlt und bereits \u00f6ffentlich erkl\u00e4rt, dass sie sich weiterhin um die Erreichung der Ziele des Gemeinwohls f\u00fcr alle ihre Einwohner bem\u00fchen will, was den Weg f\u00fcr andere gleichwertige Initiativen ebnet. <\/p>\n\n<p>Diese Beispiele zeigen uns, dass ein Wirtschaftssystem, das im Einklang mit der Umwelt und f\u00fcr das Gemeinwohl &#8211; und nicht nur f\u00fcr den Profit einiger weniger &#8211; funktioniert, und auch auf internationaler Ebene m\u00f6glich ist.<\/p>\n\n<p>Vor 250 Jahren wurde die Gr\u00fcndungsideologie unseres heutigen westlichen Wirtschaftssystems geboren: Die &#8220;unsichtbare Hand&#8221; w\u00fcrde die Kr\u00e4fte der freien M\u00e4rkte lenken und auf magische Weise das Streben nach individuellem Profit in den Nutzen aller verwandeln. Nicht zuf\u00e4llig nahmen vor 250 Jahren die mit fossilen Brennstoffen betriebene Industrialisierung und die systematische, gro\u00df angelegte Ausbeutung nat\u00fcrlicher Ressourcen Fahrt auf und brachten eine neue soziale Einheit hervor, die heute als &#8220;Arbeiterklasse&#8221; bekannt ist. Heute, 250 Jahre sp\u00e4ter, sehen wir, wie sich diese &#8220;unsichtbare Hand&#8221; als zerst\u00f6rerisch und ungerecht erwiesen hat und den Planeten und die Menschen in Gefahr bringt. Diese Hand kann durch eine praktische Anwendung der Gemeinwohl\u00f6konomie &#8220;sichtbar&#8221; gemacht werden, die auf der Bewertung von vier Kriterien in Unternehmen beruht: Menschenw\u00fcrde, Solidarit\u00e4t und soziale Gerechtigkeit, \u00f6kologische Nachhaltigkeit und Transparenz in der Lieferkette.<\/p>\n\n<figure class=\"wp-block-image size-full\"><img loading=\"lazy\" decoding=\"async\" width=\"800\" height=\"533\" src=\"https:\/\/www.greenpeace.org\/static\/planet4-luxembourg-stateless\/2022\/05\/de111025-gp0sttq8m_web_size_with_credit_line.jpg\" alt=\"\" class=\"wp-image-14311\" srcset=\"https:\/\/www.greenpeace.org\/static\/planet4-luxembourg-stateless\/2022\/05\/de111025-gp0sttq8m_web_size_with_credit_line.jpg 800w, https:\/\/www.greenpeace.org\/static\/planet4-luxembourg-stateless\/2022\/05\/de111025-gp0sttq8m_web_size_with_credit_line-300x200.jpg 300w, https:\/\/www.greenpeace.org\/static\/planet4-luxembourg-stateless\/2022\/05\/de111025-gp0sttq8m_web_size_with_credit_line-768x512.jpg 768w, https:\/\/www.greenpeace.org\/static\/planet4-luxembourg-stateless\/2022\/05\/de111025-gp0sttq8m_web_size_with_credit_line-510x340.jpg 510w\" sizes=\"auto, (max-width: 800px) 100vw, 800px\" \/><\/figure>\n\n<p>Heute m\u00fcssen wir uns auf die &#8220;\u00f6ffentlichen Hand&#8221; verlassen, n\u00e4mlich die Regierungen und ihre Rolle im Wirtschaftssystem. Hunderte von Milliarden \u00f6ffentlicher Gelder flie\u00dfen in fossile Brennstoffe und nicht in Klimal\u00f6sungen, obwohl die Wissenschaft eindeutig nachgewiesen hat, dass \u00d6l, Kohle und fossiles Gas nicht mit einer gr\u00fcnen, harmonischen und sicheren Zukunft vereinbar sind. Allein durch die Abschaffung der Subventionen f\u00fcr fossile Brennstoffe k\u00f6nnten die Emissionen bis 2030 weltweit um bis zu 10% gesenkt werden, und es w\u00fcrden Gelder f\u00fcr erneuerbare Energien und die Qualifizierung von Arbeitnehmer*innen frei, die derzeit in umweltsch\u00e4digenden Branchen besch\u00e4ftigt sind. In diesem Zusammenhang ist Luxemburg besonders f\u00fcr seine Verbindung zur \u00d6lindustrie bekannt, da es im Vergleich zu den Nachbarl\u00e4ndern eine g\u00fcnstige Besteuerung von Kraftstoffen hat. Auf europ\u00e4ischer Ebene konzentriert sich der RePowerEU-Plan, der diese Woche vorgestellt wurde, vor allem auf die Diversifizierung der fossilen Energiequellen, um sich von russischen Importen unabh\u00e4ngig zu machen. Damit beg\u00fcnstigt Europa erneut die gro\u00dfen, dominanten Produzenten, die sich nicht um Menschen- und Umweltrechte k\u00fcmmern, anstatt die Energiewende zu beschleunigen und die wirtschaftlich schw\u00e4chsten EU-B\u00fcrgerinnen und -B\u00fcrger zu sch\u00fctzen. <\/p>\n\n<p>Wie auch immer wir uns ein zuk\u00fcnftiges Wirtschaftssystem vorstellen, die Menschen werden weiterhin ihre existenziellen Bed\u00fcrfnisse befriedigen. Fast 8 Milliarden Menschen, die heute auf der Erde leben und deren Zahl bis zum Ende des Jahrhunderts auf 11 Milliarden anwachsen soll, arbeiten und bem\u00fchen sich, Nahrung, Unterkunft und G\u00fcter des t\u00e4glichen Bedarfs zu beschaffen. Die Befriedigung dieser Grundbed\u00fcrfnisse muss auf nachhaltige und bezahlbare Weise innerhalb der nat\u00fcrlichen Grenzen des Planeten erfolgen, was in westlichen L\u00e4ndern nicht der Fall ist. Luxemburg mit seinen 645.000 Einwohnern hat einen der gr\u00f6\u00dften \u00f6kologischen Fu\u00dfabdr\u00fccke pro Person weltweit. Der Wandel muss also durch eine grundlegende \u00c4nderung unseres Konsumverhaltens erfolgen, aber nicht nur. <\/p>\n\n<p>Eine grundlegende Umgestaltung unserer wirtschaftlichen Basis, der Infrastruktur und des Produktionsapparats, den die modernen Gesellschaften in den vergangenen Jahrhunderten entwickelt haben, ist erforderlich. Die &#8220;unsichtbare Hand&#8221; unseres derzeitigen Wirtschaftssystems betr\u00fcgt uns alle. Um hier Abhilfe zu schaffen, k\u00f6nnen erhebliche \u00f6ffentliche Investitionen besser genutzt werden, um die Hardware unserer Volkswirtschaften umzugestalten: unsere gesamte bebaute Umwelt, den Wohnungsbau, unser Mobilit\u00e4tssystem, die Nahrungsmittel- und Energieproduktion. Dies wiederum w\u00fcrde unser Wirtschaftssystem auf ein Fundament stellen, das auf den Werten der Menschen und des Planeten beruht und nicht auf dem Wert des Profits um jeden Preis. Wir m\u00fcssen uns fragen, wie wir Solidarit\u00e4t, Gerechtigkeit und Gleichheit in Gesellschaften herstellen k\u00f6nnen, in denen die Kluft zwischen Arm und Reich immer gr\u00f6\u00dfer wird. <\/p>\n\n<p>Lassen wir unserer Fantasie freien Lauf! Lassen Sie uns gemeinsam eine friedliche, gerechtere, ges\u00fcndere und gr\u00fcnere Welt entwerfen, indem wir zuerst unser Wirtschaftssystem umgestalten und dann diese Tr\u00e4ume in die Realit\u00e4t umsetzen. <\/p>\n\n<hr class=\"wp-block-separator\"\/>\n\n<p>[1] Ein Begriff, der in der Soziologie und im politischen Denken verwendet wird und die Situation von Menschen bezeichnet, die gleichzeitig mehreren Formen der Schichtung, Dominanz oder Diskriminierung in einer Gesellschaft ausgesetzt sind.<\/p>\n\n<hr class=\"wp-block-separator\"\/>\n\n<p><em>Markus Trilling, EU Economic Advisor, Greenpeace European Unit<\/em><\/p>\n\n<p><em>Fr\u00e9d\u00e9ric Meys, Campaigner, Greenpe<\/em>ace<em> Luxemburg <\/em> <\/p>\n","protected":false},"excerpt":{"rendered":"<p>Gegenw\u00e4rtig arbeiten wir f\u00fcr und in einem Wirtschaftssystem, das uns schadet. Wir k\u00f6nnen und m\u00fcssen es besser machen.<\/p>\n","protected":false},"author":31,"featured_media":14309,"comment_status":"closed","ping_status":"closed","sticky":false,"template":"","format":"standard","meta":{"ep_exclude_from_search":false,"p4_og_title":"","p4_og_description":"","p4_og_image":"","p4_og_image_id":"","p4_seo_canonical_url":"","p4_campaign_name":"not set","p4_local_project":"not set","p4_basket_name":"not set","p4_department":"","footnotes":""},"categories":[49,48,46],"tags":[96],"p4-page-type":[68],"class_list":["post-14316","post","type-post","status-publish","format-standard","has-post-thumbnail","hentry","category-energie","category-klima","category-problem","tag-finanzsektor","p4-page-type-aktualitaet"],"yoast_head":"<!-- This site is optimized with the Yoast SEO Premium plugin v23.9 (Yoast SEO v23.9) - https:\/\/yoast.com\/wordpress\/plugins\/seo\/ -->\n<title>F\u00fcr eine Wirtschaft im Dienste der kommenden Generationen - Greenpeace Luxembourg<\/title>\n<meta name=\"robots\" content=\"index, follow, max-snippet:-1, max-image-preview:large, max-video-preview:-1\" \/>\n<link rel=\"canonical\" href=\"https:\/\/www.greenpeace.org\/luxembourg\/de\/aktualitaet\/14316\/fur-eine-wirtschaft-im-dienste-der-kommenden-generationen\/\" \/>\n<meta property=\"og:locale\" content=\"de_DE\" \/>\n<meta property=\"og:type\" content=\"article\" \/>\n<meta property=\"og:title\" content=\"F\u00fcr eine Wirtschaft im Dienste der kommenden Generationen\" \/>\n<meta property=\"og:description\" content=\"Gegenw\u00e4rtig arbeiten wir f\u00fcr und in einem Wirtschaftssystem, das uns schadet. Wir k\u00f6nnen und m\u00fcssen es besser machen.\" \/>\n<meta property=\"og:url\" content=\"https:\/\/www.greenpeace.org\/luxembourg\/de\/aktualitaet\/14316\/fur-eine-wirtschaft-im-dienste-der-kommenden-generationen\/\" \/>\n<meta property=\"og:site_name\" content=\"Greenpeace Luxembourg\" \/>\n<meta property=\"article:publisher\" content=\"https:\/\/www.facebook.com\/greenpeaceluxembourg\" \/>\n<meta property=\"article:published_time\" content=\"2022-05-23T13:44:49+00:00\" \/>\n<meta property=\"article:modified_time\" content=\"2022-05-23T13:44:51+00:00\" \/>\n<meta property=\"og:image\" content=\"https:\/\/www.greenpeace.org\/static\/planet4-luxembourg-stateless\/2022\/05\/a644b67b-dsc_7192-1024x683.jpg\" \/>\n\t<meta property=\"og:image:width\" content=\"1024\" \/>\n\t<meta property=\"og:image:height\" content=\"683\" \/>\n\t<meta property=\"og:image:type\" content=\"image\/jpeg\" \/>\n<meta name=\"author\" content=\"Myriam Wecker\" \/>\n<meta name=\"twitter:card\" content=\"summary_large_image\" \/>\n<meta name=\"twitter:label1\" content=\"Written by\" \/>\n\t<meta name=\"twitter:data1\" content=\"Myriam Wecker\" \/>\n\t<meta name=\"twitter:label2\" content=\"Est. reading time\" \/>\n\t<meta name=\"twitter:data2\" content=\"6 minutes\" \/>\n<script type=\"application\/ld+json\" class=\"yoast-schema-graph\">{\"@context\":\"https:\/\/schema.org\",\"@graph\":[{\"@type\":\"Article\",\"@id\":\"https:\/\/www.greenpeace.org\/luxembourg\/de\/aktualitaet\/14316\/fur-eine-wirtschaft-im-dienste-der-kommenden-generationen\/#article\",\"isPartOf\":{\"@id\":\"https:\/\/www.greenpeace.org\/luxembourg\/de\/aktualitaet\/14316\/fur-eine-wirtschaft-im-dienste-der-kommenden-generationen\/\"},\"author\":{\"name\":\"Myriam Wecker\",\"@id\":\"https:\/\/www.greenpeace.org\/luxembourg\/fr\/#\/schema\/person\/c2ae6002b8ed18c00be0c6b320eea776\"},\"headline\":\"F\u00fcr eine Wirtschaft im Dienste der kommenden Generationen\",\"datePublished\":\"2022-05-23T13:44:49+00:00\",\"dateModified\":\"2022-05-23T13:44:51+00:00\",\"mainEntityOfPage\":{\"@id\":\"https:\/\/www.greenpeace.org\/luxembourg\/de\/aktualitaet\/14316\/fur-eine-wirtschaft-im-dienste-der-kommenden-generationen\/\"},\"wordCount\":1296,\"publisher\":{\"@id\":\"https:\/\/www.greenpeace.org\/luxembourg\/fr\/#organization\"},\"image\":{\"@id\":\"https:\/\/www.greenpeace.org\/luxembourg\/de\/aktualitaet\/14316\/fur-eine-wirtschaft-im-dienste-der-kommenden-generationen\/#primaryimage\"},\"thumbnailUrl\":\"https:\/\/www.greenpeace.org\/static\/planet4-luxembourg-stateless\/2022\/05\/a644b67b-dsc_7192.jpg\",\"keywords\":[\"Finanzsektor\"],\"articleSection\":[\"Energie\",\"Klima\",\"Problem\"],\"inLanguage\":\"de-LU\"},{\"@type\":\"WebPage\",\"@id\":\"https:\/\/www.greenpeace.org\/luxembourg\/de\/aktualitaet\/14316\/fur-eine-wirtschaft-im-dienste-der-kommenden-generationen\/\",\"url\":\"https:\/\/www.greenpeace.org\/luxembourg\/de\/aktualitaet\/14316\/fur-eine-wirtschaft-im-dienste-der-kommenden-generationen\/\",\"name\":\"F\u00fcr eine Wirtschaft im Dienste der kommenden Generationen - Greenpeace Luxembourg\",\"isPartOf\":{\"@id\":\"https:\/\/www.greenpeace.org\/luxembourg\/fr\/#website\"},\"primaryImageOfPage\":{\"@id\":\"https:\/\/www.greenpeace.org\/luxembourg\/de\/aktualitaet\/14316\/fur-eine-wirtschaft-im-dienste-der-kommenden-generationen\/#primaryimage\"},\"image\":{\"@id\":\"https:\/\/www.greenpeace.org\/luxembourg\/de\/aktualitaet\/14316\/fur-eine-wirtschaft-im-dienste-der-kommenden-generationen\/#primaryimage\"},\"thumbnailUrl\":\"https:\/\/www.greenpeace.org\/static\/planet4-luxembourg-stateless\/2022\/05\/a644b67b-dsc_7192.jpg\",\"datePublished\":\"2022-05-23T13:44:49+00:00\",\"dateModified\":\"2022-05-23T13:44:51+00:00\",\"breadcrumb\":{\"@id\":\"https:\/\/www.greenpeace.org\/luxembourg\/de\/aktualitaet\/14316\/fur-eine-wirtschaft-im-dienste-der-kommenden-generationen\/#breadcrumb\"},\"inLanguage\":\"de-LU\",\"potentialAction\":[{\"@type\":\"ReadAction\",\"target\":[\"https:\/\/www.greenpeace.org\/luxembourg\/de\/aktualitaet\/14316\/fur-eine-wirtschaft-im-dienste-der-kommenden-generationen\/\"]}]},{\"@type\":\"ImageObject\",\"inLanguage\":\"de-LU\",\"@id\":\"https:\/\/www.greenpeace.org\/luxembourg\/de\/aktualitaet\/14316\/fur-eine-wirtschaft-im-dienste-der-kommenden-generationen\/#primaryimage\",\"url\":\"https:\/\/www.greenpeace.org\/static\/planet4-luxembourg-stateless\/2022\/05\/a644b67b-dsc_7192.jpg\",\"contentUrl\":\"https:\/\/www.greenpeace.org\/static\/planet4-luxembourg-stateless\/2022\/05\/a644b67b-dsc_7192.jpg\",\"width\":8256,\"height\":5504},{\"@type\":\"BreadcrumbList\",\"@id\":\"https:\/\/www.greenpeace.org\/luxembourg\/de\/aktualitaet\/14316\/fur-eine-wirtschaft-im-dienste-der-kommenden-generationen\/#breadcrumb\",\"itemListElement\":[{\"@type\":\"ListItem\",\"position\":1,\"name\":\"Home\",\"item\":\"http:\/\/www.greenpeace.org\/luxembourg\/fr\/\"},{\"@type\":\"ListItem\",\"position\":2,\"name\":\"F\u00fcr eine Wirtschaft im Dienste der kommenden Generationen\"}]},{\"@type\":\"WebSite\",\"@id\":\"https:\/\/www.greenpeace.org\/luxembourg\/fr\/#website\",\"url\":\"https:\/\/www.greenpeace.org\/luxembourg\/fr\/\",\"name\":\"Greenpeace Luxembourg\",\"description\":\"Greenpeace existiert, weil unsere Erde eine Stimme braucht. Sie ben\u00f6tigt L\u00f6sungen. Ver\u00e4nderungen. Aktionen.\",\"publisher\":{\"@id\":\"https:\/\/www.greenpeace.org\/luxembourg\/fr\/#organization\"},\"potentialAction\":[{\"@type\":\"SearchAction\",\"target\":{\"@type\":\"EntryPoint\",\"urlTemplate\":\"https:\/\/www.greenpeace.org\/luxembourg\/fr\/?s={search_term_string}\"},\"query-input\":{\"@type\":\"PropertyValueSpecification\",\"valueRequired\":true,\"valueName\":\"search_term_string\"}}],\"inLanguage\":\"de-LU\"},{\"@type\":\"Organization\",\"@id\":\"https:\/\/www.greenpeace.org\/luxembourg\/fr\/#organization\",\"name\":\"Greenpeace Luxembourg\",\"url\":\"https:\/\/www.greenpeace.org\/luxembourg\/fr\/\",\"logo\":{\"@type\":\"ImageObject\",\"inLanguage\":\"de-LU\",\"@id\":\"https:\/\/www.greenpeace.org\/luxembourg\/fr\/#\/schema\/logo\/image\/\",\"url\":\"https:\/\/www.greenpeace.org\/static\/planet4-luxembourg-stateless\/2026\/03\/3e367f94-greenpeace_logo_green_rgb.png\",\"contentUrl\":\"https:\/\/www.greenpeace.org\/static\/planet4-luxembourg-stateless\/2026\/03\/3e367f94-greenpeace_logo_green_rgb.png\",\"width\":1080,\"height\":175,\"caption\":\"Greenpeace Luxembourg\"},\"image\":{\"@id\":\"https:\/\/www.greenpeace.org\/luxembourg\/fr\/#\/schema\/logo\/image\/\"},\"sameAs\":[\"https:\/\/www.facebook.com\/greenpeaceluxembourg\",\"https:\/\/www.instagram.com\/greenpeacelux\/\",\"https:\/\/www.linkedin.com\/company\/greenpeace-luxembourg\/\",\"https:\/\/www.threads.com\/@greenpeacelux\",\"https:\/\/bsky.app\/profile\/greenpeacelux.bsky.social\",\"https:\/\/www.youtube.com\/@GreenpeaceLux\",\"https:\/\/www.tiktok.com\/@greenpeace_lux\"]},{\"@type\":\"Person\",\"@id\":\"https:\/\/www.greenpeace.org\/luxembourg\/fr\/#\/schema\/person\/c2ae6002b8ed18c00be0c6b320eea776\",\"name\":\"Myriam Wecker\",\"url\":\"https:\/\/www.greenpeace.org\/luxembourg\/de\/author\/mwecker\/\"}]}<\/script>\n<!-- \/ Yoast SEO Premium plugin. -->","yoast_head_json":{"title":"F\u00fcr eine Wirtschaft im Dienste der kommenden Generationen - Greenpeace Luxembourg","robots":{"index":"index","follow":"follow","max-snippet":"max-snippet:-1","max-image-preview":"max-image-preview:large","max-video-preview":"max-video-preview:-1"},"canonical":"https:\/\/www.greenpeace.org\/luxembourg\/de\/aktualitaet\/14316\/fur-eine-wirtschaft-im-dienste-der-kommenden-generationen\/","og_locale":"de_DE","og_type":"article","og_title":"F\u00fcr eine Wirtschaft im Dienste der kommenden Generationen","og_description":"Gegenw\u00e4rtig arbeiten wir f\u00fcr und in einem Wirtschaftssystem, das uns schadet. Wir k\u00f6nnen und m\u00fcssen es besser machen.","og_url":"https:\/\/www.greenpeace.org\/luxembourg\/de\/aktualitaet\/14316\/fur-eine-wirtschaft-im-dienste-der-kommenden-generationen\/","og_site_name":"Greenpeace Luxembourg","article_publisher":"https:\/\/www.facebook.com\/greenpeaceluxembourg","article_published_time":"2022-05-23T13:44:49+00:00","article_modified_time":"2022-05-23T13:44:51+00:00","og_image":[{"width":1024,"height":683,"url":"https:\/\/www.greenpeace.org\/static\/planet4-luxembourg-stateless\/2022\/05\/a644b67b-dsc_7192-1024x683.jpg","type":"image\/jpeg"}],"author":"Myriam Wecker","twitter_card":"summary_large_image","twitter_misc":{"Written by":"Myriam Wecker","Est. reading time":"6 minutes"},"schema":{"@context":"https:\/\/schema.org","@graph":[{"@type":"Article","@id":"https:\/\/www.greenpeace.org\/luxembourg\/de\/aktualitaet\/14316\/fur-eine-wirtschaft-im-dienste-der-kommenden-generationen\/#article","isPartOf":{"@id":"https:\/\/www.greenpeace.org\/luxembourg\/de\/aktualitaet\/14316\/fur-eine-wirtschaft-im-dienste-der-kommenden-generationen\/"},"author":{"name":"Myriam Wecker","@id":"https:\/\/www.greenpeace.org\/luxembourg\/fr\/#\/schema\/person\/c2ae6002b8ed18c00be0c6b320eea776"},"headline":"F\u00fcr eine Wirtschaft im Dienste der kommenden Generationen","datePublished":"2022-05-23T13:44:49+00:00","dateModified":"2022-05-23T13:44:51+00:00","mainEntityOfPage":{"@id":"https:\/\/www.greenpeace.org\/luxembourg\/de\/aktualitaet\/14316\/fur-eine-wirtschaft-im-dienste-der-kommenden-generationen\/"},"wordCount":1296,"publisher":{"@id":"https:\/\/www.greenpeace.org\/luxembourg\/fr\/#organization"},"image":{"@id":"https:\/\/www.greenpeace.org\/luxembourg\/de\/aktualitaet\/14316\/fur-eine-wirtschaft-im-dienste-der-kommenden-generationen\/#primaryimage"},"thumbnailUrl":"https:\/\/www.greenpeace.org\/static\/planet4-luxembourg-stateless\/2022\/05\/a644b67b-dsc_7192.jpg","keywords":["Finanzsektor"],"articleSection":["Energie","Klima","Problem"],"inLanguage":"de-LU"},{"@type":"WebPage","@id":"https:\/\/www.greenpeace.org\/luxembourg\/de\/aktualitaet\/14316\/fur-eine-wirtschaft-im-dienste-der-kommenden-generationen\/","url":"https:\/\/www.greenpeace.org\/luxembourg\/de\/aktualitaet\/14316\/fur-eine-wirtschaft-im-dienste-der-kommenden-generationen\/","name":"F\u00fcr eine Wirtschaft im Dienste der kommenden Generationen - Greenpeace Luxembourg","isPartOf":{"@id":"https:\/\/www.greenpeace.org\/luxembourg\/fr\/#website"},"primaryImageOfPage":{"@id":"https:\/\/www.greenpeace.org\/luxembourg\/de\/aktualitaet\/14316\/fur-eine-wirtschaft-im-dienste-der-kommenden-generationen\/#primaryimage"},"image":{"@id":"https:\/\/www.greenpeace.org\/luxembourg\/de\/aktualitaet\/14316\/fur-eine-wirtschaft-im-dienste-der-kommenden-generationen\/#primaryimage"},"thumbnailUrl":"https:\/\/www.greenpeace.org\/static\/planet4-luxembourg-stateless\/2022\/05\/a644b67b-dsc_7192.jpg","datePublished":"2022-05-23T13:44:49+00:00","dateModified":"2022-05-23T13:44:51+00:00","breadcrumb":{"@id":"https:\/\/www.greenpeace.org\/luxembourg\/de\/aktualitaet\/14316\/fur-eine-wirtschaft-im-dienste-der-kommenden-generationen\/#breadcrumb"},"inLanguage":"de-LU","potentialAction":[{"@type":"ReadAction","target":["https:\/\/www.greenpeace.org\/luxembourg\/de\/aktualitaet\/14316\/fur-eine-wirtschaft-im-dienste-der-kommenden-generationen\/"]}]},{"@type":"ImageObject","inLanguage":"de-LU","@id":"https:\/\/www.greenpeace.org\/luxembourg\/de\/aktualitaet\/14316\/fur-eine-wirtschaft-im-dienste-der-kommenden-generationen\/#primaryimage","url":"https:\/\/www.greenpeace.org\/static\/planet4-luxembourg-stateless\/2022\/05\/a644b67b-dsc_7192.jpg","contentUrl":"https:\/\/www.greenpeace.org\/static\/planet4-luxembourg-stateless\/2022\/05\/a644b67b-dsc_7192.jpg","width":8256,"height":5504},{"@type":"BreadcrumbList","@id":"https:\/\/www.greenpeace.org\/luxembourg\/de\/aktualitaet\/14316\/fur-eine-wirtschaft-im-dienste-der-kommenden-generationen\/#breadcrumb","itemListElement":[{"@type":"ListItem","position":1,"name":"Home","item":"http:\/\/www.greenpeace.org\/luxembourg\/fr\/"},{"@type":"ListItem","position":2,"name":"F\u00fcr eine Wirtschaft im Dienste der kommenden Generationen"}]},{"@type":"WebSite","@id":"https:\/\/www.greenpeace.org\/luxembourg\/fr\/#website","url":"https:\/\/www.greenpeace.org\/luxembourg\/fr\/","name":"Greenpeace Luxembourg","description":"Greenpeace existiert, weil unsere Erde eine Stimme braucht. Sie ben\u00f6tigt L\u00f6sungen. Ver\u00e4nderungen. Aktionen.","publisher":{"@id":"https:\/\/www.greenpeace.org\/luxembourg\/fr\/#organization"},"potentialAction":[{"@type":"SearchAction","target":{"@type":"EntryPoint","urlTemplate":"https:\/\/www.greenpeace.org\/luxembourg\/fr\/?s={search_term_string}"},"query-input":{"@type":"PropertyValueSpecification","valueRequired":true,"valueName":"search_term_string"}}],"inLanguage":"de-LU"},{"@type":"Organization","@id":"https:\/\/www.greenpeace.org\/luxembourg\/fr\/#organization","name":"Greenpeace Luxembourg","url":"https:\/\/www.greenpeace.org\/luxembourg\/fr\/","logo":{"@type":"ImageObject","inLanguage":"de-LU","@id":"https:\/\/www.greenpeace.org\/luxembourg\/fr\/#\/schema\/logo\/image\/","url":"https:\/\/www.greenpeace.org\/static\/planet4-luxembourg-stateless\/2026\/03\/3e367f94-greenpeace_logo_green_rgb.png","contentUrl":"https:\/\/www.greenpeace.org\/static\/planet4-luxembourg-stateless\/2026\/03\/3e367f94-greenpeace_logo_green_rgb.png","width":1080,"height":175,"caption":"Greenpeace Luxembourg"},"image":{"@id":"https:\/\/www.greenpeace.org\/luxembourg\/fr\/#\/schema\/logo\/image\/"},"sameAs":["https:\/\/www.facebook.com\/greenpeaceluxembourg","https:\/\/www.instagram.com\/greenpeacelux\/","https:\/\/www.linkedin.com\/company\/greenpeace-luxembourg\/","https:\/\/www.threads.com\/@greenpeacelux","https:\/\/bsky.app\/profile\/greenpeacelux.bsky.social","https:\/\/www.youtube.com\/@GreenpeaceLux","https:\/\/www.tiktok.com\/@greenpeace_lux"]},{"@type":"Person","@id":"https:\/\/www.greenpeace.org\/luxembourg\/fr\/#\/schema\/person\/c2ae6002b8ed18c00be0c6b320eea776","name":"Myriam Wecker","url":"https:\/\/www.greenpeace.org\/luxembourg\/de\/author\/mwecker\/"}]}},"_links":{"self":[{"href":"https:\/\/www.greenpeace.org\/luxembourg\/de\/wp-json\/wp\/v2\/posts\/14316","targetHints":{"allow":["GET"]}}],"collection":[{"href":"https:\/\/www.greenpeace.org\/luxembourg\/de\/wp-json\/wp\/v2\/posts"}],"about":[{"href":"https:\/\/www.greenpeace.org\/luxembourg\/de\/wp-json\/wp\/v2\/types\/post"}],"author":[{"embeddable":true,"href":"https:\/\/www.greenpeace.org\/luxembourg\/de\/wp-json\/wp\/v2\/users\/31"}],"replies":[{"embeddable":true,"href":"https:\/\/www.greenpeace.org\/luxembourg\/de\/wp-json\/wp\/v2\/comments?post=14316"}],"version-history":[{"count":4,"href":"https:\/\/www.greenpeace.org\/luxembourg\/de\/wp-json\/wp\/v2\/posts\/14316\/revisions"}],"predecessor-version":[{"id":14321,"href":"https:\/\/www.greenpeace.org\/luxembourg\/de\/wp-json\/wp\/v2\/posts\/14316\/revisions\/14321"}],"wp:featuredmedia":[{"embeddable":true,"href":"https:\/\/www.greenpeace.org\/luxembourg\/de\/wp-json\/wp\/v2\/media\/14309"}],"wp:attachment":[{"href":"https:\/\/www.greenpeace.org\/luxembourg\/de\/wp-json\/wp\/v2\/media?parent=14316"}],"wp:term":[{"taxonomy":"category","embeddable":true,"href":"https:\/\/www.greenpeace.org\/luxembourg\/de\/wp-json\/wp\/v2\/categories?post=14316"},{"taxonomy":"post_tag","embeddable":true,"href":"https:\/\/www.greenpeace.org\/luxembourg\/de\/wp-json\/wp\/v2\/tags?post=14316"},{"taxonomy":"p4-page-type","embeddable":true,"href":"https:\/\/www.greenpeace.org\/luxembourg\/de\/wp-json\/wp\/v2\/p4-page-type?post=14316"}],"curies":[{"name":"wp","href":"https:\/\/api.w.org\/{rel}","templated":true}]}}