{"id":14480,"date":"2022-06-21T14:03:56","date_gmt":"2022-06-21T12:03:56","guid":{"rendered":"https:\/\/www.greenpeace.org\/luxembourg\/?p=14480"},"modified":"2022-06-21T14:07:30","modified_gmt":"2022-06-21T12:07:30","slug":"warum-bio-lebensmittel-4-gute-gruende-die-dafuer-sprechen","status":"publish","type":"post","link":"https:\/\/www.greenpeace.org\/luxembourg\/de\/aktualitaet\/14480\/warum-bio-lebensmittel-4-gute-gruende-die-dafuer-sprechen\/","title":{"rendered":"Warum Bio-Lebensmittel? 4 gute Gr\u00fcnde die daf\u00fcr sprechen"},"content":{"rendered":"\n<p>Um in der intensiven industriellen Landwirtschaft zu verhindern, dass bestimmte Insekten die Pflanzen fressen und so die Ernte beeintr\u00e4chtigen, setzen Bauern und B\u00e4uerinnen Pestizide ein. Diese Pestizide verseuchen jedoch die Erde, das Wasser und die Luft, t\u00f6ten Best\u00e4uber und schaden unserer Gesundheit. In diesem Artikel erkl\u00e4ren wir dir weswegen du auf eine biologische Ern\u00e4hrung umsteigen solltest.<\/p>\n\n<h2 class=\"wp-block-heading\">1. Bio essen &#8211; f\u00fcr unsere Gesundheit und die der Landwirte<\/h2>\n\n<h3 class=\"wp-block-heading\">Wie werden wir Pestiziden eigentlich ausgesetzt?<\/h3>\n\n<p>Allgemein werden wir \u00fcber die Lebensmittel, die wir t\u00e4glich konsumieren, einer Vielzahl von Pestiziden ausgesetzt. In landwirtschaftlichen Gebieten, in denen Pestizide eingesetzt werden, schweben sch\u00e4dliche Stoffe in der Luft, die unsere B\u00f6den und Wasserl\u00e4ufe verschmutzen und systematisch von bestimmten Pflanzenarten aufgenommen werden k\u00f6nnen, die nicht zu den Pflanzen geh\u00f6ren, die eigentlich bespr\u00fcht werden sollen.<\/p>\n\n<p>Zahlreiche Studien legen nahe, dass Gem\u00fcse, insbesondere gr\u00fcnes Blattgem\u00fcse, und Obst, wie \u00c4pfel oder Weintrauben, die Lebensmittel mit den h\u00f6chsten Pestizidr\u00fcckstandswerten sind.<\/p>\n\n<figure class=\"wp-block-image size-full\"><img loading=\"lazy\" decoding=\"async\" width=\"640\" height=\"462\" src=\"https:\/\/www.greenpeace.org\/static\/planet4-luxembourg-stateless\/2022\/06\/f394f655-image1.png\" alt=\"\" class=\"wp-image-14470\" srcset=\"https:\/\/www.greenpeace.org\/static\/planet4-luxembourg-stateless\/2022\/06\/f394f655-image1.png 640w, https:\/\/www.greenpeace.org\/static\/planet4-luxembourg-stateless\/2022\/06\/f394f655-image1-300x217.png 300w, https:\/\/www.greenpeace.org\/static\/planet4-luxembourg-stateless\/2022\/06\/f394f655-image1-471x340.png 471w\" sizes=\"auto, (max-width: 640px) 100vw, 640px\" \/><\/figure>\n\n<h3 class=\"wp-block-heading\">Wer leidet am meisten unter den Pestiziden?<\/h3>\n\n<p>Bei Kindern, die bereits im Uterus hohen Pestizidwerten ausgesetzt waren, wurden verschiedene Auswirkungen beobachtet, wie z. B. eine verz\u00f6gerte kognitive Entwicklung, Verhaltenseffekte und angeborene Missbildungen. Es wurde auch ein starker Zusammenhang zwischen der Pestizidbelastung und dem Auftreten von Leuk\u00e4mie bei Kindern festgestellt.<\/p>\n\n<p>Bei Landwirt:innen haben Studien gezeigt, dass die Inzidenz verschiedener Krebsarten (Prostata, Lunge usw.) und neurodegenerativer Erkrankungen (Parkinson- und Alzheimer-Krankheit) umso h\u00f6her ist, je h\u00f6her die Pestizidexposition ist. Es gibt sogar Hinweise darauf, dass bestimmte Pestizide das Endokrin- und Immunsystem st\u00f6ren k\u00f6nnen.<\/p>\n\n<figure class=\"wp-block-image size-full\"><img loading=\"lazy\" decoding=\"async\" width=\"640\" height=\"402\" src=\"https:\/\/www.greenpeace.org\/static\/planet4-luxembourg-stateless\/2022\/06\/c6bbe78d-image2.png\" alt=\"\" class=\"wp-image-14468\" srcset=\"https:\/\/www.greenpeace.org\/static\/planet4-luxembourg-stateless\/2022\/06\/c6bbe78d-image2.png 640w, https:\/\/www.greenpeace.org\/static\/planet4-luxembourg-stateless\/2022\/06\/c6bbe78d-image2-300x188.png 300w, https:\/\/www.greenpeace.org\/static\/planet4-luxembourg-stateless\/2022\/06\/c6bbe78d-image2-510x320.png 510w\" sizes=\"auto, (max-width: 640px) 100vw, 640px\" \/><\/figure>\n\n<h2 class=\"wp-block-heading\"><strong>2.<\/strong> Bio-Lebensmittel zur Erhaltung unserer biologischen Artenvielfalt<\/h2>\n\n<p>Pestizide wirken sich auf alle Organismen sowie auf deren Lebensr\u00e4ume. In der Europ\u00e4ischen Union gelten 24,5 % der gef\u00e4hrdeten Arten auf Grund von landwirtschaftlichen Abw\u00e4ssern (darunter Pestizide und D\u00fcngemittel) als bedroht, dazu z\u00e4hlen <a href=\"https:\/\/www.greenpeace.fr\/le-declin-des-abeilles\/\" target=\"_blank\" rel=\"noreferrer noopener\">Bienen<\/a>, Libellen, Amphibien usw.<\/p>\n\n<p>Neben der direkten Zerst\u00f6rung der biologischen Artenvielfalt beeintr\u00e4chtigen Pestizide auch wichtige Glieder der Nahrungskette. Auf Feldern lebende V\u00f6gel sind ein eklatantes Beispiel daf\u00fcr. Sie werden nicht nur direkt vergiftet, sondern leiden auch unter einer drastischen Reduzierung ihrer Nahrungsressourcen (Insekten, Samen&#8230;). <\/p>\n\n<p>Nur sind nat\u00fcrliche \u00d6kosysteme sehr komplex: Die Verknappung einer bestimmten Art kann zu gro\u00dfen Ungleichgewichten f\u00fchren, und Leistungen, die unsere Natur kostenlos erbringt, extrem gef\u00e4hrden.<\/p>\n\n<p>Von dieser Kontamination sind auch Fisch, Fleisch (das mit genmanipuliertem Soja gef\u00fcttert wird), Gefl\u00fcgel oder Eier betroffen! Alle ern\u00e4hren sich von Pestiziden&#8230;<\/p>\n\n<h2 class=\"wp-block-heading\"><strong>3. Bio-Lebensmittel sch\u00fctzen B\u00f6den und Grundwasser <\/strong><\/h2>\n\n<p>Die biologische Landwirtschaft respektiert, pflegt und stellt das biologische Gleichgewicht wieder her. Biologische Landwirtschaft belastet die Umwelt nicht mit Pestiziden, Fungiziden und anderen synthetischen D\u00fcngemitteln. <\/p>\n\n<p>Der \u00f6kologische Landbau verbraucht aufgrund seiner Bodenbearbeitungstechniken und der verwendeten Stoffe weniger Wasser. Au\u00dferdem bewahrt seine agronomische und damit wirtschaftliche Logik ihn davor, die j\u00e4hrliche Produktion zu intensivieren, und stattdessen auf eine lange Fruchtfolge zu setzen. <\/p>\n\n<p>Der \u00f6kologische Landbau f\u00f6rdert die Bodenfruchtbarkeit, ohne auf chemische Mittel zur\u00fcckzugreifen. Er sch\u00fctzt die B\u00f6den vor Erosion, Verschmutzung und Versauerung.<\/p>\n\n<p>Der \u00f6kologische Landbau erm\u00f6glicht es den Landwirt:innen, Sch\u00e4dlinge, Krankheiten und Unkraut mit pflanzlichen oder tierischen organischen Stoffen zu bek\u00e4mpfen, ohne den Einsatz von chemischen Pestiziden. Dadurch werden B\u00f6den und Gew\u00e4sser nicht verschmutzt, \u00d6kosysteme nicht gesch\u00e4digt und die Gesundheit von Landwirt:innen und Verbraucher:innen nicht gef\u00e4hrdet. <\/p>\n\n<figure class=\"wp-block-image size-full\"><img loading=\"lazy\" decoding=\"async\" width=\"780\" height=\"585\" src=\"https:\/\/www.greenpeace.org\/static\/planet4-luxembourg-stateless\/2022\/06\/1a0a3872-gp0stp6v1-780x585-1.jpeg\" alt=\"\" class=\"wp-image-14474\" srcset=\"https:\/\/www.greenpeace.org\/static\/planet4-luxembourg-stateless\/2022\/06\/1a0a3872-gp0stp6v1-780x585-1.jpeg 780w, https:\/\/www.greenpeace.org\/static\/planet4-luxembourg-stateless\/2022\/06\/1a0a3872-gp0stp6v1-780x585-1-300x225.jpeg 300w, https:\/\/www.greenpeace.org\/static\/planet4-luxembourg-stateless\/2022\/06\/1a0a3872-gp0stp6v1-780x585-1-768x576.jpeg 768w, https:\/\/www.greenpeace.org\/static\/planet4-luxembourg-stateless\/2022\/06\/1a0a3872-gp0stp6v1-780x585-1-453x340.jpeg 453w\" sizes=\"auto, (max-width: 780px) 100vw, 780px\" \/><figcaption>\u00a9 Peter Caton \/ Greenpeace<\/figcaption><\/figure>\n\n<h2 class=\"wp-block-heading\"><strong>4. Ja zum Bio-Einkauf &#8211; aber nur wenn er lokal und saisonal ist<\/strong><\/h2>\n\n<p>Zus\u00e4tzlich zu allen vorherig genannten Gr\u00fcnden, setzen biologische Lebensmittel auf lokale und kurze Strecken. Der Import von Obst und Gem\u00fcse aus fernen L\u00e4ndern hat umweltsch\u00e4dliche Auswirkungen auf unseren Planeten. Dein erster Reflex in gro\u00dfen Superm\u00e4rkten, sollte sein, auf die <strong>Herkunft<\/strong> von Obst und Gem\u00fcse zu achten, aber auch darauf ob sie <strong>saisonal<\/strong> sind. So kann der Anbau in Gew\u00e4chsh\u00e4usern vermieden werden, der eine <a rel=\"noreferrer noopener\" href=\"https:\/\/www.liberation.fr\/france\/2019\/07\/09\/serres-chauffees-faire-de-l-intensif-en-bio-c-est-se-fourvoyer_1739036\" target=\"_blank\">Katastrophe f\u00fcr unser \u00d6kosystem<\/a> ist. <\/p>\n\n<p>Wusstest du, dass eine Tomate, die im Winter in Luxemburg angebaut wird, bis zu 12 Mal mehr CO<sub>2<\/sub> ausst\u00f6\u00dft als eine Tomate, die am gleichen Ort im Sommer angebaut wird? Nicht saisonales Obst oder Gem\u00fcse wurde entweder in einem anderen Klima oder in einem beheizten Gew\u00e4chshaus produziert. Beim ersterem musste es per Schiff, LKW und\/oder Flugzeug in unsere Regale transportiert werden. Wenn du saisonales Obst und Gem\u00fcse bevorzugst, tr\u00e4gst du also bei der Eind\u00e4mmung des Klimawandels bei. F\u00fcr deinen n\u00e4chsten Einkauf, findest du hier unseren <strong>saisonalen<\/strong> Obst- und <a href=\"https:\/\/www.greenpeace.org\/luxembourg\/de\/handeln\/meng-landwirtschaft\/luxemburgischer-obst-und-gemusekalender\/\">Gem\u00fcsekalender<\/a>!<\/p>\n\n<p>In Luxemburg gibt es zahlreiche M\u00f6glichkeiten lokal zu essen. Die N\u00e4he zwischen dem Verbraucher und dem Erzeuger schafft mehr Transparenz und macht es leichter, ein Vertrauensverh\u00e4ltnis aufzubauen. Im Grunde genommen wei\u00df der Verbraucher in einem so kleinen Gebiet sofort, ob er vom Erzeuger angelogen wird. Warum seine Eink\u00e4ufe nicht direkt auf dem <a href=\"https:\/\/www.justarrived.lu\/informations-pratiques-luxembourg\/marches-producteurs-locaux\/\">Markt oder auf dem Bauernhof<\/a> machen? Indem du die Anzahl der Zwischenh\u00e4ndler begrenzt, setzt du dich f\u00fcr eine gerechte Entlohnung der landwirtschaftlichen Arbeit ein. Lokal produzierte Lebensmittel sind au\u00dferdem oft von besserer Qualit\u00e4t, da sie keine langen Transportwege zur\u00fccklegen m\u00fcssen und daher viel frischer sind. Das bedeutet auch, dass weniger Lebensmittel verschwendet werden, wenn du lokale Produkte einkaufst. <\/p>\n\n<p><strong>Indem du biologische und lokale Produkte bevorzugst, sch\u00fctzt du nicht nur deine Gesundheit, das Klima und die Biodiversit\u00e4t, sondern unterst\u00fctzt auch regionale B\u00e4uerinnen und Bauern, die sich f\u00fcr einen agrar\u00f6kologischen Weg entschieden haben.<\/strong><\/p>\n<div class=\"EmptyMessage\">Block content is empty. Check the block&#8217;s settings or remove it.<\/div>","protected":false},"excerpt":{"rendered":"<p>Um in der intensiven industriellen Landwirtschaft zu verhindern, dass bestimmte Insekten die Pflanzen fressen und so die Ernte beeintr\u00e4chtigen, setzen Bauern und B\u00e4uerinnen Pestizide ein. Diese Pestizide jedoch die Erde, das Wasser&#8230;<\/p>\n","protected":false},"author":25,"featured_media":14477,"comment_status":"closed","ping_status":"closed","sticky":false,"template":"","format":"standard","meta":{"ep_exclude_from_search":false,"p4_og_title":"","p4_og_description":"","p4_og_image":"","p4_og_image_id":"","p4_seo_canonical_url":"","p4_campaign_name":"not set","p4_local_project":"not set","p4_basket_name":"not set","p4_department":"","footnotes":""},"categories":[24],"tags":[67],"p4-page-type":[68],"class_list":["post-14480","post","type-post","status-publish","format-standard","has-post-thumbnail","hentry","category-greenpeace","tag-nachhaltigelandwirtschaft","p4-page-type-aktualitaet"],"yoast_head":"<!-- This site is optimized with the Yoast SEO Premium plugin v23.9 (Yoast SEO v23.9) - https:\/\/yoast.com\/wordpress\/plugins\/seo\/ -->\n<title>Warum Bio-Lebensmittel? 4 gute Gr\u00fcnde die daf\u00fcr sprechen - Greenpeace Luxembourg<\/title>\n<meta name=\"robots\" content=\"index, follow, max-snippet:-1, max-image-preview:large, max-video-preview:-1\" \/>\n<link rel=\"canonical\" href=\"https:\/\/www.greenpeace.org\/luxembourg\/de\/aktualitaet\/14480\/warum-bio-lebensmittel-4-gute-gruende-die-dafuer-sprechen\/\" \/>\n<meta property=\"og:locale\" content=\"de_DE\" \/>\n<meta property=\"og:type\" content=\"article\" \/>\n<meta property=\"og:title\" content=\"Warum Bio-Lebensmittel? 4 gute Gr\u00fcnde die daf\u00fcr sprechen\" \/>\n<meta property=\"og:description\" content=\"Um in der intensiven industriellen Landwirtschaft zu verhindern, dass bestimmte Insekten die Pflanzen fressen und so die Ernte beeintr\u00e4chtigen, setzen Bauern und B\u00e4uerinnen Pestizide ein. Diese Pestizide jedoch die Erde, das Wasser...\" \/>\n<meta property=\"og:url\" content=\"https:\/\/www.greenpeace.org\/luxembourg\/de\/aktualitaet\/14480\/warum-bio-lebensmittel-4-gute-gruende-die-dafuer-sprechen\/\" \/>\n<meta property=\"og:site_name\" content=\"Greenpeace Luxembourg\" \/>\n<meta property=\"article:publisher\" content=\"https:\/\/www.facebook.com\/greenpeaceluxembourg\" \/>\n<meta property=\"article:published_time\" content=\"2022-06-21T12:03:56+00:00\" \/>\n<meta property=\"article:modified_time\" content=\"2022-06-21T12:07:30+00:00\" \/>\n<meta property=\"og:image\" content=\"https:\/\/www.greenpeace.org\/static\/planet4-luxembourg-stateless\/2022\/06\/0015b43f-gp0stu8vj_web_size.jpg\" \/>\n\t<meta property=\"og:image:width\" content=\"800\" \/>\n\t<meta property=\"og:image:height\" content=\"533\" \/>\n\t<meta property=\"og:image:type\" content=\"image\/jpeg\" \/>\n<meta name=\"author\" content=\"Esther Wildanger\" \/>\n<meta name=\"twitter:card\" content=\"summary_large_image\" \/>\n<meta name=\"twitter:label1\" content=\"Written by\" \/>\n\t<meta name=\"twitter:data1\" content=\"Esther Wildanger\" \/>\n\t<meta name=\"twitter:label2\" content=\"Est. reading time\" \/>\n\t<meta name=\"twitter:data2\" content=\"5 minutes\" \/>\n<script type=\"application\/ld+json\" class=\"yoast-schema-graph\">{\"@context\":\"https:\/\/schema.org\",\"@graph\":[{\"@type\":\"Article\",\"@id\":\"https:\/\/www.greenpeace.org\/luxembourg\/de\/aktualitaet\/14480\/warum-bio-lebensmittel-4-gute-gruende-die-dafuer-sprechen\/#article\",\"isPartOf\":{\"@id\":\"https:\/\/www.greenpeace.org\/luxembourg\/de\/aktualitaet\/14480\/warum-bio-lebensmittel-4-gute-gruende-die-dafuer-sprechen\/\"},\"author\":{\"name\":\"Esther Wildanger\",\"@id\":\"https:\/\/www.greenpeace.org\/luxembourg\/fr\/#\/schema\/person\/3d0e81a859b59009fec36a8552ef76a7\"},\"headline\":\"Warum Bio-Lebensmittel? 4 gute Gr\u00fcnde die daf\u00fcr sprechen\",\"datePublished\":\"2022-06-21T12:03:56+00:00\",\"dateModified\":\"2022-06-21T12:07:30+00:00\",\"mainEntityOfPage\":{\"@id\":\"https:\/\/www.greenpeace.org\/luxembourg\/de\/aktualitaet\/14480\/warum-bio-lebensmittel-4-gute-gruende-die-dafuer-sprechen\/\"},\"wordCount\":918,\"publisher\":{\"@id\":\"https:\/\/www.greenpeace.org\/luxembourg\/fr\/#organization\"},\"image\":{\"@id\":\"https:\/\/www.greenpeace.org\/luxembourg\/de\/aktualitaet\/14480\/warum-bio-lebensmittel-4-gute-gruende-die-dafuer-sprechen\/#primaryimage\"},\"thumbnailUrl\":\"https:\/\/www.greenpeace.org\/static\/planet4-luxembourg-stateless\/2022\/06\/0015b43f-gp0stu8vj_web_size.jpg\",\"keywords\":[\"NachhaltigeLandwirtschaft\"],\"articleSection\":[\"Greenpeace\"],\"inLanguage\":\"de-LU\"},{\"@type\":\"WebPage\",\"@id\":\"https:\/\/www.greenpeace.org\/luxembourg\/de\/aktualitaet\/14480\/warum-bio-lebensmittel-4-gute-gruende-die-dafuer-sprechen\/\",\"url\":\"https:\/\/www.greenpeace.org\/luxembourg\/de\/aktualitaet\/14480\/warum-bio-lebensmittel-4-gute-gruende-die-dafuer-sprechen\/\",\"name\":\"Warum Bio-Lebensmittel? 4 gute Gr\u00fcnde die daf\u00fcr sprechen - Greenpeace Luxembourg\",\"isPartOf\":{\"@id\":\"https:\/\/www.greenpeace.org\/luxembourg\/fr\/#website\"},\"primaryImageOfPage\":{\"@id\":\"https:\/\/www.greenpeace.org\/luxembourg\/de\/aktualitaet\/14480\/warum-bio-lebensmittel-4-gute-gruende-die-dafuer-sprechen\/#primaryimage\"},\"image\":{\"@id\":\"https:\/\/www.greenpeace.org\/luxembourg\/de\/aktualitaet\/14480\/warum-bio-lebensmittel-4-gute-gruende-die-dafuer-sprechen\/#primaryimage\"},\"thumbnailUrl\":\"https:\/\/www.greenpeace.org\/static\/planet4-luxembourg-stateless\/2022\/06\/0015b43f-gp0stu8vj_web_size.jpg\",\"datePublished\":\"2022-06-21T12:03:56+00:00\",\"dateModified\":\"2022-06-21T12:07:30+00:00\",\"breadcrumb\":{\"@id\":\"https:\/\/www.greenpeace.org\/luxembourg\/de\/aktualitaet\/14480\/warum-bio-lebensmittel-4-gute-gruende-die-dafuer-sprechen\/#breadcrumb\"},\"inLanguage\":\"de-LU\",\"potentialAction\":[{\"@type\":\"ReadAction\",\"target\":[\"https:\/\/www.greenpeace.org\/luxembourg\/de\/aktualitaet\/14480\/warum-bio-lebensmittel-4-gute-gruende-die-dafuer-sprechen\/\"]}]},{\"@type\":\"ImageObject\",\"inLanguage\":\"de-LU\",\"@id\":\"https:\/\/www.greenpeace.org\/luxembourg\/de\/aktualitaet\/14480\/warum-bio-lebensmittel-4-gute-gruende-die-dafuer-sprechen\/#primaryimage\",\"url\":\"https:\/\/www.greenpeace.org\/static\/planet4-luxembourg-stateless\/2022\/06\/0015b43f-gp0stu8vj_web_size.jpg\",\"contentUrl\":\"https:\/\/www.greenpeace.org\/static\/planet4-luxembourg-stateless\/2022\/06\/0015b43f-gp0stu8vj_web_size.jpg\",\"width\":800,\"height\":533,\"caption\":\"Ecological farmers in G\u00fcm\u00fc\u015fdere village (Sar\u0131yer-\u0130stanbul-Turkey).\"},{\"@type\":\"BreadcrumbList\",\"@id\":\"https:\/\/www.greenpeace.org\/luxembourg\/de\/aktualitaet\/14480\/warum-bio-lebensmittel-4-gute-gruende-die-dafuer-sprechen\/#breadcrumb\",\"itemListElement\":[{\"@type\":\"ListItem\",\"position\":1,\"name\":\"Home\",\"item\":\"http:\/\/www.greenpeace.org\/luxembourg\/fr\/\"},{\"@type\":\"ListItem\",\"position\":2,\"name\":\"Warum Bio-Lebensmittel? 4 gute Gr\u00fcnde die daf\u00fcr sprechen\"}]},{\"@type\":\"WebSite\",\"@id\":\"https:\/\/www.greenpeace.org\/luxembourg\/fr\/#website\",\"url\":\"https:\/\/www.greenpeace.org\/luxembourg\/fr\/\",\"name\":\"Greenpeace Luxembourg\",\"description\":\"Greenpeace existiert, weil unsere Erde eine Stimme braucht. Sie ben\u00f6tigt L\u00f6sungen. Ver\u00e4nderungen. Aktionen.\",\"publisher\":{\"@id\":\"https:\/\/www.greenpeace.org\/luxembourg\/fr\/#organization\"},\"potentialAction\":[{\"@type\":\"SearchAction\",\"target\":{\"@type\":\"EntryPoint\",\"urlTemplate\":\"https:\/\/www.greenpeace.org\/luxembourg\/fr\/?s={search_term_string}\"},\"query-input\":{\"@type\":\"PropertyValueSpecification\",\"valueRequired\":true,\"valueName\":\"search_term_string\"}}],\"inLanguage\":\"de-LU\"},{\"@type\":\"Organization\",\"@id\":\"https:\/\/www.greenpeace.org\/luxembourg\/fr\/#organization\",\"name\":\"Greenpeace Luxembourg\",\"url\":\"https:\/\/www.greenpeace.org\/luxembourg\/fr\/\",\"logo\":{\"@type\":\"ImageObject\",\"inLanguage\":\"de-LU\",\"@id\":\"https:\/\/www.greenpeace.org\/luxembourg\/fr\/#\/schema\/logo\/image\/\",\"url\":\"https:\/\/www.greenpeace.org\/static\/planet4-luxembourg-stateless\/2026\/03\/3e367f94-greenpeace_logo_green_rgb.png\",\"contentUrl\":\"https:\/\/www.greenpeace.org\/static\/planet4-luxembourg-stateless\/2026\/03\/3e367f94-greenpeace_logo_green_rgb.png\",\"width\":1080,\"height\":175,\"caption\":\"Greenpeace Luxembourg\"},\"image\":{\"@id\":\"https:\/\/www.greenpeace.org\/luxembourg\/fr\/#\/schema\/logo\/image\/\"},\"sameAs\":[\"https:\/\/www.facebook.com\/greenpeaceluxembourg\",\"https:\/\/www.instagram.com\/greenpeacelux\/\",\"https:\/\/www.linkedin.com\/company\/greenpeace-luxembourg\/\",\"https:\/\/www.threads.com\/@greenpeacelux\",\"https:\/\/bsky.app\/profile\/greenpeacelux.bsky.social\",\"https:\/\/www.youtube.com\/@GreenpeaceLux\",\"https:\/\/www.tiktok.com\/@greenpeace_lux\"]},{\"@type\":\"Person\",\"@id\":\"https:\/\/www.greenpeace.org\/luxembourg\/fr\/#\/schema\/person\/3d0e81a859b59009fec36a8552ef76a7\",\"name\":\"Esther Wildanger\",\"url\":\"https:\/\/www.greenpeace.org\/luxembourg\/de\/author\/ewildang\/\"}]}<\/script>\n<!-- \/ Yoast SEO Premium plugin. -->","yoast_head_json":{"title":"Warum Bio-Lebensmittel? 4 gute Gr\u00fcnde die daf\u00fcr sprechen - Greenpeace Luxembourg","robots":{"index":"index","follow":"follow","max-snippet":"max-snippet:-1","max-image-preview":"max-image-preview:large","max-video-preview":"max-video-preview:-1"},"canonical":"https:\/\/www.greenpeace.org\/luxembourg\/de\/aktualitaet\/14480\/warum-bio-lebensmittel-4-gute-gruende-die-dafuer-sprechen\/","og_locale":"de_DE","og_type":"article","og_title":"Warum Bio-Lebensmittel? 4 gute Gr\u00fcnde die daf\u00fcr sprechen","og_description":"Um in der intensiven industriellen Landwirtschaft zu verhindern, dass bestimmte Insekten die Pflanzen fressen und so die Ernte beeintr\u00e4chtigen, setzen Bauern und B\u00e4uerinnen Pestizide ein. Diese Pestizide jedoch die Erde, das Wasser...","og_url":"https:\/\/www.greenpeace.org\/luxembourg\/de\/aktualitaet\/14480\/warum-bio-lebensmittel-4-gute-gruende-die-dafuer-sprechen\/","og_site_name":"Greenpeace Luxembourg","article_publisher":"https:\/\/www.facebook.com\/greenpeaceluxembourg","article_published_time":"2022-06-21T12:03:56+00:00","article_modified_time":"2022-06-21T12:07:30+00:00","og_image":[{"width":800,"height":533,"url":"https:\/\/www.greenpeace.org\/static\/planet4-luxembourg-stateless\/2022\/06\/0015b43f-gp0stu8vj_web_size.jpg","type":"image\/jpeg"}],"author":"Esther Wildanger","twitter_card":"summary_large_image","twitter_misc":{"Written by":"Esther Wildanger","Est. reading time":"5 minutes"},"schema":{"@context":"https:\/\/schema.org","@graph":[{"@type":"Article","@id":"https:\/\/www.greenpeace.org\/luxembourg\/de\/aktualitaet\/14480\/warum-bio-lebensmittel-4-gute-gruende-die-dafuer-sprechen\/#article","isPartOf":{"@id":"https:\/\/www.greenpeace.org\/luxembourg\/de\/aktualitaet\/14480\/warum-bio-lebensmittel-4-gute-gruende-die-dafuer-sprechen\/"},"author":{"name":"Esther Wildanger","@id":"https:\/\/www.greenpeace.org\/luxembourg\/fr\/#\/schema\/person\/3d0e81a859b59009fec36a8552ef76a7"},"headline":"Warum Bio-Lebensmittel? 4 gute Gr\u00fcnde die daf\u00fcr sprechen","datePublished":"2022-06-21T12:03:56+00:00","dateModified":"2022-06-21T12:07:30+00:00","mainEntityOfPage":{"@id":"https:\/\/www.greenpeace.org\/luxembourg\/de\/aktualitaet\/14480\/warum-bio-lebensmittel-4-gute-gruende-die-dafuer-sprechen\/"},"wordCount":918,"publisher":{"@id":"https:\/\/www.greenpeace.org\/luxembourg\/fr\/#organization"},"image":{"@id":"https:\/\/www.greenpeace.org\/luxembourg\/de\/aktualitaet\/14480\/warum-bio-lebensmittel-4-gute-gruende-die-dafuer-sprechen\/#primaryimage"},"thumbnailUrl":"https:\/\/www.greenpeace.org\/static\/planet4-luxembourg-stateless\/2022\/06\/0015b43f-gp0stu8vj_web_size.jpg","keywords":["NachhaltigeLandwirtschaft"],"articleSection":["Greenpeace"],"inLanguage":"de-LU"},{"@type":"WebPage","@id":"https:\/\/www.greenpeace.org\/luxembourg\/de\/aktualitaet\/14480\/warum-bio-lebensmittel-4-gute-gruende-die-dafuer-sprechen\/","url":"https:\/\/www.greenpeace.org\/luxembourg\/de\/aktualitaet\/14480\/warum-bio-lebensmittel-4-gute-gruende-die-dafuer-sprechen\/","name":"Warum Bio-Lebensmittel? 4 gute Gr\u00fcnde die daf\u00fcr sprechen - Greenpeace Luxembourg","isPartOf":{"@id":"https:\/\/www.greenpeace.org\/luxembourg\/fr\/#website"},"primaryImageOfPage":{"@id":"https:\/\/www.greenpeace.org\/luxembourg\/de\/aktualitaet\/14480\/warum-bio-lebensmittel-4-gute-gruende-die-dafuer-sprechen\/#primaryimage"},"image":{"@id":"https:\/\/www.greenpeace.org\/luxembourg\/de\/aktualitaet\/14480\/warum-bio-lebensmittel-4-gute-gruende-die-dafuer-sprechen\/#primaryimage"},"thumbnailUrl":"https:\/\/www.greenpeace.org\/static\/planet4-luxembourg-stateless\/2022\/06\/0015b43f-gp0stu8vj_web_size.jpg","datePublished":"2022-06-21T12:03:56+00:00","dateModified":"2022-06-21T12:07:30+00:00","breadcrumb":{"@id":"https:\/\/www.greenpeace.org\/luxembourg\/de\/aktualitaet\/14480\/warum-bio-lebensmittel-4-gute-gruende-die-dafuer-sprechen\/#breadcrumb"},"inLanguage":"de-LU","potentialAction":[{"@type":"ReadAction","target":["https:\/\/www.greenpeace.org\/luxembourg\/de\/aktualitaet\/14480\/warum-bio-lebensmittel-4-gute-gruende-die-dafuer-sprechen\/"]}]},{"@type":"ImageObject","inLanguage":"de-LU","@id":"https:\/\/www.greenpeace.org\/luxembourg\/de\/aktualitaet\/14480\/warum-bio-lebensmittel-4-gute-gruende-die-dafuer-sprechen\/#primaryimage","url":"https:\/\/www.greenpeace.org\/static\/planet4-luxembourg-stateless\/2022\/06\/0015b43f-gp0stu8vj_web_size.jpg","contentUrl":"https:\/\/www.greenpeace.org\/static\/planet4-luxembourg-stateless\/2022\/06\/0015b43f-gp0stu8vj_web_size.jpg","width":800,"height":533,"caption":"Ecological farmers in G\u00fcm\u00fc\u015fdere village (Sar\u0131yer-\u0130stanbul-Turkey)."},{"@type":"BreadcrumbList","@id":"https:\/\/www.greenpeace.org\/luxembourg\/de\/aktualitaet\/14480\/warum-bio-lebensmittel-4-gute-gruende-die-dafuer-sprechen\/#breadcrumb","itemListElement":[{"@type":"ListItem","position":1,"name":"Home","item":"http:\/\/www.greenpeace.org\/luxembourg\/fr\/"},{"@type":"ListItem","position":2,"name":"Warum Bio-Lebensmittel? 4 gute Gr\u00fcnde die daf\u00fcr sprechen"}]},{"@type":"WebSite","@id":"https:\/\/www.greenpeace.org\/luxembourg\/fr\/#website","url":"https:\/\/www.greenpeace.org\/luxembourg\/fr\/","name":"Greenpeace Luxembourg","description":"Greenpeace existiert, weil unsere Erde eine Stimme braucht. Sie ben\u00f6tigt L\u00f6sungen. Ver\u00e4nderungen. Aktionen.","publisher":{"@id":"https:\/\/www.greenpeace.org\/luxembourg\/fr\/#organization"},"potentialAction":[{"@type":"SearchAction","target":{"@type":"EntryPoint","urlTemplate":"https:\/\/www.greenpeace.org\/luxembourg\/fr\/?s={search_term_string}"},"query-input":{"@type":"PropertyValueSpecification","valueRequired":true,"valueName":"search_term_string"}}],"inLanguage":"de-LU"},{"@type":"Organization","@id":"https:\/\/www.greenpeace.org\/luxembourg\/fr\/#organization","name":"Greenpeace Luxembourg","url":"https:\/\/www.greenpeace.org\/luxembourg\/fr\/","logo":{"@type":"ImageObject","inLanguage":"de-LU","@id":"https:\/\/www.greenpeace.org\/luxembourg\/fr\/#\/schema\/logo\/image\/","url":"https:\/\/www.greenpeace.org\/static\/planet4-luxembourg-stateless\/2026\/03\/3e367f94-greenpeace_logo_green_rgb.png","contentUrl":"https:\/\/www.greenpeace.org\/static\/planet4-luxembourg-stateless\/2026\/03\/3e367f94-greenpeace_logo_green_rgb.png","width":1080,"height":175,"caption":"Greenpeace Luxembourg"},"image":{"@id":"https:\/\/www.greenpeace.org\/luxembourg\/fr\/#\/schema\/logo\/image\/"},"sameAs":["https:\/\/www.facebook.com\/greenpeaceluxembourg","https:\/\/www.instagram.com\/greenpeacelux\/","https:\/\/www.linkedin.com\/company\/greenpeace-luxembourg\/","https:\/\/www.threads.com\/@greenpeacelux","https:\/\/bsky.app\/profile\/greenpeacelux.bsky.social","https:\/\/www.youtube.com\/@GreenpeaceLux","https:\/\/www.tiktok.com\/@greenpeace_lux"]},{"@type":"Person","@id":"https:\/\/www.greenpeace.org\/luxembourg\/fr\/#\/schema\/person\/3d0e81a859b59009fec36a8552ef76a7","name":"Esther Wildanger","url":"https:\/\/www.greenpeace.org\/luxembourg\/de\/author\/ewildang\/"}]}},"_links":{"self":[{"href":"https:\/\/www.greenpeace.org\/luxembourg\/de\/wp-json\/wp\/v2\/posts\/14480","targetHints":{"allow":["GET"]}}],"collection":[{"href":"https:\/\/www.greenpeace.org\/luxembourg\/de\/wp-json\/wp\/v2\/posts"}],"about":[{"href":"https:\/\/www.greenpeace.org\/luxembourg\/de\/wp-json\/wp\/v2\/types\/post"}],"author":[{"embeddable":true,"href":"https:\/\/www.greenpeace.org\/luxembourg\/de\/wp-json\/wp\/v2\/users\/25"}],"replies":[{"embeddable":true,"href":"https:\/\/www.greenpeace.org\/luxembourg\/de\/wp-json\/wp\/v2\/comments?post=14480"}],"version-history":[{"count":5,"href":"https:\/\/www.greenpeace.org\/luxembourg\/de\/wp-json\/wp\/v2\/posts\/14480\/revisions"}],"predecessor-version":[{"id":14538,"href":"https:\/\/www.greenpeace.org\/luxembourg\/de\/wp-json\/wp\/v2\/posts\/14480\/revisions\/14538"}],"wp:featuredmedia":[{"embeddable":true,"href":"https:\/\/www.greenpeace.org\/luxembourg\/de\/wp-json\/wp\/v2\/media\/14477"}],"wp:attachment":[{"href":"https:\/\/www.greenpeace.org\/luxembourg\/de\/wp-json\/wp\/v2\/media?parent=14480"}],"wp:term":[{"taxonomy":"category","embeddable":true,"href":"https:\/\/www.greenpeace.org\/luxembourg\/de\/wp-json\/wp\/v2\/categories?post=14480"},{"taxonomy":"post_tag","embeddable":true,"href":"https:\/\/www.greenpeace.org\/luxembourg\/de\/wp-json\/wp\/v2\/tags?post=14480"},{"taxonomy":"p4-page-type","embeddable":true,"href":"https:\/\/www.greenpeace.org\/luxembourg\/de\/wp-json\/wp\/v2\/p4-page-type?post=14480"}],"curies":[{"name":"wp","href":"https:\/\/api.w.org\/{rel}","templated":true}]}}