{"id":14633,"date":"2022-07-06T15:12:29","date_gmt":"2022-07-06T13:12:29","guid":{"rendered":"https:\/\/www.greenpeace.org\/luxembourg\/?p=14633"},"modified":"2022-07-06T15:12:33","modified_gmt":"2022-07-06T13:12:33","slug":"taxonomie-greenpeace-kuendigt-klage-an-nachdem-die-eu-abgeordneten-es-nicht-geschafft-haben-gas-und-atomkraft-auszuschliessen","status":"publish","type":"post","link":"https:\/\/www.greenpeace.org\/luxembourg\/de\/presseerklaerungen\/14633\/taxonomie-greenpeace-kuendigt-klage-an-nachdem-die-eu-abgeordneten-es-nicht-geschafft-haben-gas-und-atomkraft-auszuschliessen\/","title":{"rendered":"Taxonomie: Greenpeace k\u00fcndigt Klage an, nachdem die EU-Abgeordneten es nicht geschafft haben, Gas und Atomkraft auszuschlie\u00dfen"},"content":{"rendered":"\n<p><em>Br\u00fcssel, den 6. Juli 2022 &#8211; <\/em><strong>Greenpeace hat angek\u00fcndigt, rechtliche Schritte gegen die Europ\u00e4ische Kommission einzuleiten, um die Aufnahme von fossilem Gas und Atomenergie in die EU-Liste nachhaltiger Investitionen <\/strong><strong>\u2014<\/strong><strong> die Taxonomie <\/strong><strong>\u2014<\/strong><strong> zu verhindern. Das Europ\u00e4ische Parlament konnte heute nicht gen\u00fcgend Stimmen aufbringen, um den kontroversen Plan der Kommission zu blockieren.<\/strong><\/p>\n\n<p>278 Abgeordnete stimmten gegen die Aufnahme von Gas und Kernenergie in die Liste der nachhaltigen Investitionen, 75 Stimmen weniger als die erforderlichen 353 Stimmen. <\/p>\n\n<p>&#8220;<em>Gas und Atomkraft als gr\u00fcn zu labeln und weiterhin Geld in Putins Kriegskasse zu zahlen, ist eine schwere Niederlage f\u00fcr das Klima und den Frieden. Jetzt bringen wir den Kampf vor Gericht. Wir sind von den Klimaaktivist<\/em><em>.<\/em><em>innen<\/em> <em>inspiriert, die diese Woche in Stra\u00dfburg waren, und wir sind zuversichtlich, dass der Gerichtshof dieses politisch motivierte Greenwashing f\u00fcr ung\u00fcltig erkl\u00e4ren wird, da es eindeutig gegen europ\u00e4isches Recht verst\u00f6\u00dft<\/em>&#8220;, sagte Ariadna Rodrigo, Leiterin der Greenpeace-Kampagne f\u00fcr nachhaltige Finanzen. <\/p>\n\n<figure class=\"wp-block-image size-medium\"><img loading=\"lazy\" decoding=\"async\" width=\"300\" height=\"200\" src=\"https:\/\/www.greenpeace.org\/static\/planet4-luxembourg-stateless\/2022\/07\/45520940-no-gas-no-nuclear-300x200.jpg\" alt=\"\" class=\"wp-image-14630\" srcset=\"https:\/\/www.greenpeace.org\/static\/planet4-luxembourg-stateless\/2022\/07\/45520940-no-gas-no-nuclear-300x200.jpg 300w, https:\/\/www.greenpeace.org\/static\/planet4-luxembourg-stateless\/2022\/07\/45520940-no-gas-no-nuclear-1024x681.jpg 1024w, https:\/\/www.greenpeace.org\/static\/planet4-luxembourg-stateless\/2022\/07\/45520940-no-gas-no-nuclear-768x511.jpg 768w, https:\/\/www.greenpeace.org\/static\/planet4-luxembourg-stateless\/2022\/07\/45520940-no-gas-no-nuclear-1536x1022.jpg 1536w, https:\/\/www.greenpeace.org\/static\/planet4-luxembourg-stateless\/2022\/07\/45520940-no-gas-no-nuclear-510x340.jpg 510w, https:\/\/www.greenpeace.org\/static\/planet4-luxembourg-stateless\/2022\/07\/45520940-no-gas-no-nuclear.jpg 2000w\" sizes=\"auto, (max-width: 300px) 100vw, 300px\" \/><\/figure>\n\n<p>&#8220;<em>Wir begr\u00fc\u00dfen es dennoch, dass die luxemburgischen Europaabgeordneten gegen die Aufnahme von Atomkraft und Gas gestimmt haben. Wir hoffen, dass die luxemburgische und die \u00f6sterreichische Regierung rechtliche Schritte einleiten werden, wie sie es bereits vor Monaten angek\u00fcndigt haben<\/em>&#8220;, sagte Roger Spautz, Atom-Kampagner bei Greenpeace Frankreich und Luxemburg.<\/p>\n\n<p><strong>N\u00e4chste Schritte<\/strong><\/p>\n\n<p>Bevor die Klage eingereicht werden kann, wird Greenpeace bei der Kommission einen formellen Antrag auf interne \u00dcberpr\u00fcfung stellen. Sobald diese abgeschlossen ist und zu einem negativen Ergebnis f\u00fchrt, wird Greenpeace eine Klage vor dem Europ\u00e4ischen Gerichtshof einreichen.<\/p>\n","protected":false},"excerpt":{"rendered":"<p>Greenpeace will rechtliche Schritte gegen die Europ\u00e4ische Kommission einleiten, um die Aufnahme von fossilem Gas und Atomenergie in die EU-Taxonomie zu verhindern.<\/p>\n","protected":false},"author":31,"featured_media":14631,"comment_status":"closed","ping_status":"closed","sticky":false,"template":"","format":"standard","meta":{"ep_exclude_from_search":false,"p4_og_title":"","p4_og_description":"","p4_og_image":"","p4_og_image_id":"","p4_seo_canonical_url":"","p4_campaign_name":"not set","p4_local_project":"not set","p4_basket_name":"not set","p4_department":"","footnotes":""},"categories":[49,48,46],"tags":[58,63],"p4-page-type":[69],"class_list":["post-14633","post","type-post","status-publish","format-standard","has-post-thumbnail","hentry","category-energie","category-klima","category-problem","tag-nuklear","tag-fossileenergien","p4-page-type-presseerklaerungen"],"yoast_head":"<!-- This site is optimized with the Yoast SEO Premium plugin v23.9 (Yoast SEO v23.9) - https:\/\/yoast.com\/wordpress\/plugins\/seo\/ -->\n<title>Taxonomie: Greenpeace k\u00fcndigt Klage an, nachdem die EU-Abgeordneten es nicht geschafft haben, Gas und Atomkraft auszuschlie\u00dfen - Greenpeace Luxembourg<\/title>\n<meta name=\"robots\" content=\"index, follow, max-snippet:-1, max-image-preview:large, max-video-preview:-1\" \/>\n<link rel=\"canonical\" href=\"https:\/\/www.greenpeace.org\/luxembourg\/de\/presseerklaerungen\/14633\/taxonomie-greenpeace-kuendigt-klage-an-nachdem-die-eu-abgeordneten-es-nicht-geschafft-haben-gas-und-atomkraft-auszuschliessen\/\" \/>\n<meta property=\"og:locale\" content=\"de_DE\" \/>\n<meta property=\"og:type\" content=\"article\" \/>\n<meta property=\"og:title\" content=\"Taxonomie: Greenpeace k\u00fcndigt Klage an, nachdem die EU-Abgeordneten es nicht geschafft haben, Gas und Atomkraft auszuschlie\u00dfen\" \/>\n<meta property=\"og:description\" content=\"Greenpeace will rechtliche Schritte gegen die Europ\u00e4ische Kommission einleiten, um die Aufnahme von fossilem Gas und Atomenergie in die EU-Taxonomie zu verhindern.\" \/>\n<meta property=\"og:url\" content=\"https:\/\/www.greenpeace.org\/luxembourg\/de\/presseerklaerungen\/14633\/taxonomie-greenpeace-kuendigt-klage-an-nachdem-die-eu-abgeordneten-es-nicht-geschafft-haben-gas-und-atomkraft-auszuschliessen\/\" \/>\n<meta property=\"og:site_name\" content=\"Greenpeace Luxembourg\" \/>\n<meta property=\"article:publisher\" content=\"https:\/\/www.facebook.com\/greenpeaceluxembourg\" \/>\n<meta property=\"article:published_time\" content=\"2022-07-06T13:12:29+00:00\" \/>\n<meta property=\"article:modified_time\" content=\"2022-07-06T13:12:33+00:00\" \/>\n<meta property=\"og:image\" content=\"https:\/\/www.greenpeace.org\/static\/planet4-luxembourg-stateless\/2022\/07\/45520940-no-gas-no-nuclear.jpg\" \/>\n\t<meta property=\"og:image:width\" content=\"2000\" \/>\n\t<meta property=\"og:image:height\" content=\"1331\" \/>\n\t<meta property=\"og:image:type\" content=\"image\/jpeg\" \/>\n<meta name=\"author\" content=\"Myriam Wecker\" \/>\n<meta name=\"twitter:card\" content=\"summary_large_image\" \/>\n<meta name=\"twitter:label1\" content=\"Written by\" \/>\n\t<meta name=\"twitter:data1\" content=\"Myriam Wecker\" \/>\n\t<meta name=\"twitter:label2\" content=\"Est. reading time\" \/>\n\t<meta name=\"twitter:data2\" content=\"1 minute\" \/>\n<script type=\"application\/ld+json\" class=\"yoast-schema-graph\">{\"@context\":\"https:\/\/schema.org\",\"@graph\":[{\"@type\":\"Article\",\"@id\":\"https:\/\/www.greenpeace.org\/luxembourg\/de\/presseerklaerungen\/14633\/taxonomie-greenpeace-kuendigt-klage-an-nachdem-die-eu-abgeordneten-es-nicht-geschafft-haben-gas-und-atomkraft-auszuschliessen\/#article\",\"isPartOf\":{\"@id\":\"https:\/\/www.greenpeace.org\/luxembourg\/de\/presseerklaerungen\/14633\/taxonomie-greenpeace-kuendigt-klage-an-nachdem-die-eu-abgeordneten-es-nicht-geschafft-haben-gas-und-atomkraft-auszuschliessen\/\"},\"author\":{\"name\":\"Myriam Wecker\",\"@id\":\"https:\/\/www.greenpeace.org\/luxembourg\/fr\/#\/schema\/person\/c2ae6002b8ed18c00be0c6b320eea776\"},\"headline\":\"Taxonomie: Greenpeace k\u00fcndigt Klage an, nachdem die EU-Abgeordneten es nicht geschafft haben, Gas und Atomkraft auszuschlie\u00dfen\",\"datePublished\":\"2022-07-06T13:12:29+00:00\",\"dateModified\":\"2022-07-06T13:12:33+00:00\",\"mainEntityOfPage\":{\"@id\":\"https:\/\/www.greenpeace.org\/luxembourg\/de\/presseerklaerungen\/14633\/taxonomie-greenpeace-kuendigt-klage-an-nachdem-die-eu-abgeordneten-es-nicht-geschafft-haben-gas-und-atomkraft-auszuschliessen\/\"},\"wordCount\":269,\"publisher\":{\"@id\":\"https:\/\/www.greenpeace.org\/luxembourg\/fr\/#organization\"},\"image\":{\"@id\":\"https:\/\/www.greenpeace.org\/luxembourg\/de\/presseerklaerungen\/14633\/taxonomie-greenpeace-kuendigt-klage-an-nachdem-die-eu-abgeordneten-es-nicht-geschafft-haben-gas-und-atomkraft-auszuschliessen\/#primaryimage\"},\"thumbnailUrl\":\"https:\/\/www.greenpeace.org\/static\/planet4-luxembourg-stateless\/2022\/07\/45520940-no-gas-no-nuclear.jpg\",\"keywords\":[\"Nuklear\",\"FossileEnergien\"],\"articleSection\":[\"Energie\",\"Klima\",\"Problem\"],\"inLanguage\":\"de-LU\"},{\"@type\":\"WebPage\",\"@id\":\"https:\/\/www.greenpeace.org\/luxembourg\/de\/presseerklaerungen\/14633\/taxonomie-greenpeace-kuendigt-klage-an-nachdem-die-eu-abgeordneten-es-nicht-geschafft-haben-gas-und-atomkraft-auszuschliessen\/\",\"url\":\"https:\/\/www.greenpeace.org\/luxembourg\/de\/presseerklaerungen\/14633\/taxonomie-greenpeace-kuendigt-klage-an-nachdem-die-eu-abgeordneten-es-nicht-geschafft-haben-gas-und-atomkraft-auszuschliessen\/\",\"name\":\"Taxonomie: Greenpeace k\u00fcndigt Klage an, nachdem die EU-Abgeordneten es nicht geschafft haben, Gas und Atomkraft auszuschlie\u00dfen - Greenpeace Luxembourg\",\"isPartOf\":{\"@id\":\"https:\/\/www.greenpeace.org\/luxembourg\/fr\/#website\"},\"primaryImageOfPage\":{\"@id\":\"https:\/\/www.greenpeace.org\/luxembourg\/de\/presseerklaerungen\/14633\/taxonomie-greenpeace-kuendigt-klage-an-nachdem-die-eu-abgeordneten-es-nicht-geschafft-haben-gas-und-atomkraft-auszuschliessen\/#primaryimage\"},\"image\":{\"@id\":\"https:\/\/www.greenpeace.org\/luxembourg\/de\/presseerklaerungen\/14633\/taxonomie-greenpeace-kuendigt-klage-an-nachdem-die-eu-abgeordneten-es-nicht-geschafft-haben-gas-und-atomkraft-auszuschliessen\/#primaryimage\"},\"thumbnailUrl\":\"https:\/\/www.greenpeace.org\/static\/planet4-luxembourg-stateless\/2022\/07\/45520940-no-gas-no-nuclear.jpg\",\"datePublished\":\"2022-07-06T13:12:29+00:00\",\"dateModified\":\"2022-07-06T13:12:33+00:00\",\"breadcrumb\":{\"@id\":\"https:\/\/www.greenpeace.org\/luxembourg\/de\/presseerklaerungen\/14633\/taxonomie-greenpeace-kuendigt-klage-an-nachdem-die-eu-abgeordneten-es-nicht-geschafft-haben-gas-und-atomkraft-auszuschliessen\/#breadcrumb\"},\"inLanguage\":\"de-LU\",\"potentialAction\":[{\"@type\":\"ReadAction\",\"target\":[\"https:\/\/www.greenpeace.org\/luxembourg\/de\/presseerklaerungen\/14633\/taxonomie-greenpeace-kuendigt-klage-an-nachdem-die-eu-abgeordneten-es-nicht-geschafft-haben-gas-und-atomkraft-auszuschliessen\/\"]}]},{\"@type\":\"ImageObject\",\"inLanguage\":\"de-LU\",\"@id\":\"https:\/\/www.greenpeace.org\/luxembourg\/de\/presseerklaerungen\/14633\/taxonomie-greenpeace-kuendigt-klage-an-nachdem-die-eu-abgeordneten-es-nicht-geschafft-haben-gas-und-atomkraft-auszuschliessen\/#primaryimage\",\"url\":\"https:\/\/www.greenpeace.org\/static\/planet4-luxembourg-stateless\/2022\/07\/45520940-no-gas-no-nuclear.jpg\",\"contentUrl\":\"https:\/\/www.greenpeace.org\/static\/planet4-luxembourg-stateless\/2022\/07\/45520940-no-gas-no-nuclear.jpg\",\"width\":2000,\"height\":1331},{\"@type\":\"BreadcrumbList\",\"@id\":\"https:\/\/www.greenpeace.org\/luxembourg\/de\/presseerklaerungen\/14633\/taxonomie-greenpeace-kuendigt-klage-an-nachdem-die-eu-abgeordneten-es-nicht-geschafft-haben-gas-und-atomkraft-auszuschliessen\/#breadcrumb\",\"itemListElement\":[{\"@type\":\"ListItem\",\"position\":1,\"name\":\"Home\",\"item\":\"http:\/\/www.greenpeace.org\/luxembourg\/fr\/\"},{\"@type\":\"ListItem\",\"position\":2,\"name\":\"Taxonomie: Greenpeace k\u00fcndigt Klage an, nachdem die EU-Abgeordneten es nicht geschafft haben, Gas und Atomkraft auszuschlie\u00dfen\"}]},{\"@type\":\"WebSite\",\"@id\":\"https:\/\/www.greenpeace.org\/luxembourg\/fr\/#website\",\"url\":\"https:\/\/www.greenpeace.org\/luxembourg\/fr\/\",\"name\":\"Greenpeace Luxembourg\",\"description\":\"Greenpeace existiert, weil unsere Erde eine Stimme braucht. Sie ben\u00f6tigt L\u00f6sungen. Ver\u00e4nderungen. Aktionen.\",\"publisher\":{\"@id\":\"https:\/\/www.greenpeace.org\/luxembourg\/fr\/#organization\"},\"potentialAction\":[{\"@type\":\"SearchAction\",\"target\":{\"@type\":\"EntryPoint\",\"urlTemplate\":\"https:\/\/www.greenpeace.org\/luxembourg\/fr\/?s={search_term_string}\"},\"query-input\":{\"@type\":\"PropertyValueSpecification\",\"valueRequired\":true,\"valueName\":\"search_term_string\"}}],\"inLanguage\":\"de-LU\"},{\"@type\":\"Organization\",\"@id\":\"https:\/\/www.greenpeace.org\/luxembourg\/fr\/#organization\",\"name\":\"Greenpeace Luxembourg\",\"url\":\"https:\/\/www.greenpeace.org\/luxembourg\/fr\/\",\"logo\":{\"@type\":\"ImageObject\",\"inLanguage\":\"de-LU\",\"@id\":\"https:\/\/www.greenpeace.org\/luxembourg\/fr\/#\/schema\/logo\/image\/\",\"url\":\"https:\/\/www.greenpeace.org\/static\/planet4-luxembourg-stateless\/2026\/03\/3e367f94-greenpeace_logo_green_rgb.png\",\"contentUrl\":\"https:\/\/www.greenpeace.org\/static\/planet4-luxembourg-stateless\/2026\/03\/3e367f94-greenpeace_logo_green_rgb.png\",\"width\":1080,\"height\":175,\"caption\":\"Greenpeace Luxembourg\"},\"image\":{\"@id\":\"https:\/\/www.greenpeace.org\/luxembourg\/fr\/#\/schema\/logo\/image\/\"},\"sameAs\":[\"https:\/\/www.facebook.com\/greenpeaceluxembourg\",\"https:\/\/www.instagram.com\/greenpeacelux\/\",\"https:\/\/www.linkedin.com\/company\/greenpeace-luxembourg\/\",\"https:\/\/www.threads.com\/@greenpeacelux\",\"https:\/\/bsky.app\/profile\/greenpeacelux.bsky.social\",\"https:\/\/www.youtube.com\/@GreenpeaceLux\",\"https:\/\/www.tiktok.com\/@greenpeace_lux\"]},{\"@type\":\"Person\",\"@id\":\"https:\/\/www.greenpeace.org\/luxembourg\/fr\/#\/schema\/person\/c2ae6002b8ed18c00be0c6b320eea776\",\"name\":\"Myriam Wecker\",\"url\":\"https:\/\/www.greenpeace.org\/luxembourg\/de\/author\/mwecker\/\"}]}<\/script>\n<!-- \/ Yoast SEO Premium plugin. -->","yoast_head_json":{"title":"Taxonomie: Greenpeace k\u00fcndigt Klage an, nachdem die EU-Abgeordneten es nicht geschafft haben, Gas und Atomkraft auszuschlie\u00dfen - Greenpeace Luxembourg","robots":{"index":"index","follow":"follow","max-snippet":"max-snippet:-1","max-image-preview":"max-image-preview:large","max-video-preview":"max-video-preview:-1"},"canonical":"https:\/\/www.greenpeace.org\/luxembourg\/de\/presseerklaerungen\/14633\/taxonomie-greenpeace-kuendigt-klage-an-nachdem-die-eu-abgeordneten-es-nicht-geschafft-haben-gas-und-atomkraft-auszuschliessen\/","og_locale":"de_DE","og_type":"article","og_title":"Taxonomie: Greenpeace k\u00fcndigt Klage an, nachdem die EU-Abgeordneten es nicht geschafft haben, Gas und Atomkraft auszuschlie\u00dfen","og_description":"Greenpeace will rechtliche Schritte gegen die Europ\u00e4ische Kommission einleiten, um die Aufnahme von fossilem Gas und Atomenergie in die EU-Taxonomie zu verhindern.","og_url":"https:\/\/www.greenpeace.org\/luxembourg\/de\/presseerklaerungen\/14633\/taxonomie-greenpeace-kuendigt-klage-an-nachdem-die-eu-abgeordneten-es-nicht-geschafft-haben-gas-und-atomkraft-auszuschliessen\/","og_site_name":"Greenpeace Luxembourg","article_publisher":"https:\/\/www.facebook.com\/greenpeaceluxembourg","article_published_time":"2022-07-06T13:12:29+00:00","article_modified_time":"2022-07-06T13:12:33+00:00","og_image":[{"width":2000,"height":1331,"url":"https:\/\/www.greenpeace.org\/static\/planet4-luxembourg-stateless\/2022\/07\/45520940-no-gas-no-nuclear.jpg","type":"image\/jpeg"}],"author":"Myriam Wecker","twitter_card":"summary_large_image","twitter_misc":{"Written by":"Myriam Wecker","Est. reading time":"1 minute"},"schema":{"@context":"https:\/\/schema.org","@graph":[{"@type":"Article","@id":"https:\/\/www.greenpeace.org\/luxembourg\/de\/presseerklaerungen\/14633\/taxonomie-greenpeace-kuendigt-klage-an-nachdem-die-eu-abgeordneten-es-nicht-geschafft-haben-gas-und-atomkraft-auszuschliessen\/#article","isPartOf":{"@id":"https:\/\/www.greenpeace.org\/luxembourg\/de\/presseerklaerungen\/14633\/taxonomie-greenpeace-kuendigt-klage-an-nachdem-die-eu-abgeordneten-es-nicht-geschafft-haben-gas-und-atomkraft-auszuschliessen\/"},"author":{"name":"Myriam Wecker","@id":"https:\/\/www.greenpeace.org\/luxembourg\/fr\/#\/schema\/person\/c2ae6002b8ed18c00be0c6b320eea776"},"headline":"Taxonomie: Greenpeace k\u00fcndigt Klage an, nachdem die EU-Abgeordneten es nicht geschafft haben, Gas und Atomkraft auszuschlie\u00dfen","datePublished":"2022-07-06T13:12:29+00:00","dateModified":"2022-07-06T13:12:33+00:00","mainEntityOfPage":{"@id":"https:\/\/www.greenpeace.org\/luxembourg\/de\/presseerklaerungen\/14633\/taxonomie-greenpeace-kuendigt-klage-an-nachdem-die-eu-abgeordneten-es-nicht-geschafft-haben-gas-und-atomkraft-auszuschliessen\/"},"wordCount":269,"publisher":{"@id":"https:\/\/www.greenpeace.org\/luxembourg\/fr\/#organization"},"image":{"@id":"https:\/\/www.greenpeace.org\/luxembourg\/de\/presseerklaerungen\/14633\/taxonomie-greenpeace-kuendigt-klage-an-nachdem-die-eu-abgeordneten-es-nicht-geschafft-haben-gas-und-atomkraft-auszuschliessen\/#primaryimage"},"thumbnailUrl":"https:\/\/www.greenpeace.org\/static\/planet4-luxembourg-stateless\/2022\/07\/45520940-no-gas-no-nuclear.jpg","keywords":["Nuklear","FossileEnergien"],"articleSection":["Energie","Klima","Problem"],"inLanguage":"de-LU"},{"@type":"WebPage","@id":"https:\/\/www.greenpeace.org\/luxembourg\/de\/presseerklaerungen\/14633\/taxonomie-greenpeace-kuendigt-klage-an-nachdem-die-eu-abgeordneten-es-nicht-geschafft-haben-gas-und-atomkraft-auszuschliessen\/","url":"https:\/\/www.greenpeace.org\/luxembourg\/de\/presseerklaerungen\/14633\/taxonomie-greenpeace-kuendigt-klage-an-nachdem-die-eu-abgeordneten-es-nicht-geschafft-haben-gas-und-atomkraft-auszuschliessen\/","name":"Taxonomie: Greenpeace k\u00fcndigt Klage an, nachdem die EU-Abgeordneten es nicht geschafft haben, Gas und Atomkraft auszuschlie\u00dfen - Greenpeace Luxembourg","isPartOf":{"@id":"https:\/\/www.greenpeace.org\/luxembourg\/fr\/#website"},"primaryImageOfPage":{"@id":"https:\/\/www.greenpeace.org\/luxembourg\/de\/presseerklaerungen\/14633\/taxonomie-greenpeace-kuendigt-klage-an-nachdem-die-eu-abgeordneten-es-nicht-geschafft-haben-gas-und-atomkraft-auszuschliessen\/#primaryimage"},"image":{"@id":"https:\/\/www.greenpeace.org\/luxembourg\/de\/presseerklaerungen\/14633\/taxonomie-greenpeace-kuendigt-klage-an-nachdem-die-eu-abgeordneten-es-nicht-geschafft-haben-gas-und-atomkraft-auszuschliessen\/#primaryimage"},"thumbnailUrl":"https:\/\/www.greenpeace.org\/static\/planet4-luxembourg-stateless\/2022\/07\/45520940-no-gas-no-nuclear.jpg","datePublished":"2022-07-06T13:12:29+00:00","dateModified":"2022-07-06T13:12:33+00:00","breadcrumb":{"@id":"https:\/\/www.greenpeace.org\/luxembourg\/de\/presseerklaerungen\/14633\/taxonomie-greenpeace-kuendigt-klage-an-nachdem-die-eu-abgeordneten-es-nicht-geschafft-haben-gas-und-atomkraft-auszuschliessen\/#breadcrumb"},"inLanguage":"de-LU","potentialAction":[{"@type":"ReadAction","target":["https:\/\/www.greenpeace.org\/luxembourg\/de\/presseerklaerungen\/14633\/taxonomie-greenpeace-kuendigt-klage-an-nachdem-die-eu-abgeordneten-es-nicht-geschafft-haben-gas-und-atomkraft-auszuschliessen\/"]}]},{"@type":"ImageObject","inLanguage":"de-LU","@id":"https:\/\/www.greenpeace.org\/luxembourg\/de\/presseerklaerungen\/14633\/taxonomie-greenpeace-kuendigt-klage-an-nachdem-die-eu-abgeordneten-es-nicht-geschafft-haben-gas-und-atomkraft-auszuschliessen\/#primaryimage","url":"https:\/\/www.greenpeace.org\/static\/planet4-luxembourg-stateless\/2022\/07\/45520940-no-gas-no-nuclear.jpg","contentUrl":"https:\/\/www.greenpeace.org\/static\/planet4-luxembourg-stateless\/2022\/07\/45520940-no-gas-no-nuclear.jpg","width":2000,"height":1331},{"@type":"BreadcrumbList","@id":"https:\/\/www.greenpeace.org\/luxembourg\/de\/presseerklaerungen\/14633\/taxonomie-greenpeace-kuendigt-klage-an-nachdem-die-eu-abgeordneten-es-nicht-geschafft-haben-gas-und-atomkraft-auszuschliessen\/#breadcrumb","itemListElement":[{"@type":"ListItem","position":1,"name":"Home","item":"http:\/\/www.greenpeace.org\/luxembourg\/fr\/"},{"@type":"ListItem","position":2,"name":"Taxonomie: Greenpeace k\u00fcndigt Klage an, nachdem die EU-Abgeordneten es nicht geschafft haben, Gas und Atomkraft auszuschlie\u00dfen"}]},{"@type":"WebSite","@id":"https:\/\/www.greenpeace.org\/luxembourg\/fr\/#website","url":"https:\/\/www.greenpeace.org\/luxembourg\/fr\/","name":"Greenpeace Luxembourg","description":"Greenpeace existiert, weil unsere Erde eine Stimme braucht. Sie ben\u00f6tigt L\u00f6sungen. Ver\u00e4nderungen. Aktionen.","publisher":{"@id":"https:\/\/www.greenpeace.org\/luxembourg\/fr\/#organization"},"potentialAction":[{"@type":"SearchAction","target":{"@type":"EntryPoint","urlTemplate":"https:\/\/www.greenpeace.org\/luxembourg\/fr\/?s={search_term_string}"},"query-input":{"@type":"PropertyValueSpecification","valueRequired":true,"valueName":"search_term_string"}}],"inLanguage":"de-LU"},{"@type":"Organization","@id":"https:\/\/www.greenpeace.org\/luxembourg\/fr\/#organization","name":"Greenpeace Luxembourg","url":"https:\/\/www.greenpeace.org\/luxembourg\/fr\/","logo":{"@type":"ImageObject","inLanguage":"de-LU","@id":"https:\/\/www.greenpeace.org\/luxembourg\/fr\/#\/schema\/logo\/image\/","url":"https:\/\/www.greenpeace.org\/static\/planet4-luxembourg-stateless\/2026\/03\/3e367f94-greenpeace_logo_green_rgb.png","contentUrl":"https:\/\/www.greenpeace.org\/static\/planet4-luxembourg-stateless\/2026\/03\/3e367f94-greenpeace_logo_green_rgb.png","width":1080,"height":175,"caption":"Greenpeace Luxembourg"},"image":{"@id":"https:\/\/www.greenpeace.org\/luxembourg\/fr\/#\/schema\/logo\/image\/"},"sameAs":["https:\/\/www.facebook.com\/greenpeaceluxembourg","https:\/\/www.instagram.com\/greenpeacelux\/","https:\/\/www.linkedin.com\/company\/greenpeace-luxembourg\/","https:\/\/www.threads.com\/@greenpeacelux","https:\/\/bsky.app\/profile\/greenpeacelux.bsky.social","https:\/\/www.youtube.com\/@GreenpeaceLux","https:\/\/www.tiktok.com\/@greenpeace_lux"]},{"@type":"Person","@id":"https:\/\/www.greenpeace.org\/luxembourg\/fr\/#\/schema\/person\/c2ae6002b8ed18c00be0c6b320eea776","name":"Myriam Wecker","url":"https:\/\/www.greenpeace.org\/luxembourg\/de\/author\/mwecker\/"}]}},"_links":{"self":[{"href":"https:\/\/www.greenpeace.org\/luxembourg\/de\/wp-json\/wp\/v2\/posts\/14633","targetHints":{"allow":["GET"]}}],"collection":[{"href":"https:\/\/www.greenpeace.org\/luxembourg\/de\/wp-json\/wp\/v2\/posts"}],"about":[{"href":"https:\/\/www.greenpeace.org\/luxembourg\/de\/wp-json\/wp\/v2\/types\/post"}],"author":[{"embeddable":true,"href":"https:\/\/www.greenpeace.org\/luxembourg\/de\/wp-json\/wp\/v2\/users\/31"}],"replies":[{"embeddable":true,"href":"https:\/\/www.greenpeace.org\/luxembourg\/de\/wp-json\/wp\/v2\/comments?post=14633"}],"version-history":[{"count":2,"href":"https:\/\/www.greenpeace.org\/luxembourg\/de\/wp-json\/wp\/v2\/posts\/14633\/revisions"}],"predecessor-version":[{"id":14636,"href":"https:\/\/www.greenpeace.org\/luxembourg\/de\/wp-json\/wp\/v2\/posts\/14633\/revisions\/14636"}],"wp:featuredmedia":[{"embeddable":true,"href":"https:\/\/www.greenpeace.org\/luxembourg\/de\/wp-json\/wp\/v2\/media\/14631"}],"wp:attachment":[{"href":"https:\/\/www.greenpeace.org\/luxembourg\/de\/wp-json\/wp\/v2\/media?parent=14633"}],"wp:term":[{"taxonomy":"category","embeddable":true,"href":"https:\/\/www.greenpeace.org\/luxembourg\/de\/wp-json\/wp\/v2\/categories?post=14633"},{"taxonomy":"post_tag","embeddable":true,"href":"https:\/\/www.greenpeace.org\/luxembourg\/de\/wp-json\/wp\/v2\/tags?post=14633"},{"taxonomy":"p4-page-type","embeddable":true,"href":"https:\/\/www.greenpeace.org\/luxembourg\/de\/wp-json\/wp\/v2\/p4-page-type?post=14633"}],"curies":[{"name":"wp","href":"https:\/\/api.w.org\/{rel}","templated":true}]}}