{"id":14643,"date":"2022-07-11T14:12:19","date_gmt":"2022-07-11T12:12:19","guid":{"rendered":"https:\/\/www.greenpeace.org\/luxembourg\/?p=14643"},"modified":"2022-07-11T14:12:23","modified_gmt":"2022-07-11T12:12:23","slug":"falsche-abzweigung-fuer-die-europaeische-klimabank","status":"publish","type":"post","link":"https:\/\/www.greenpeace.org\/luxembourg\/de\/presseerklaerungen\/14643\/falsche-abzweigung-fuer-die-europaeische-klimabank\/","title":{"rendered":"Falsche Abzweigung f\u00fcr die &#8220;Europ\u00e4ische Klimabank&#8221;"},"content":{"rendered":"\n<h2 class=\"wp-block-heading\">EIB l\u00e4sst sich die M\u00f6glichkeit offen, umweltsch\u00e4dliche Verkehrsmittel zu finanzieren<\/h2>\n\n<p><strong>&nbsp;Am kommenden Mittwoch wird der Verwaltungsrat der Europ\u00e4ischen Investitionsbank (EIB) seine neuen Leitlinien f\u00fcr Verkehrsfinanzierungen [1] beschliessen.&nbsp; Diese lassen auch weiter die M\u00f6glichkeit f\u00fcr Investitionen in den Ausbau der europ\u00e4ischen Stra\u00dfen und Autobahnen zu, obwohl das Verkehrsnetzwerk bereits eines der dichtesten weltweit ist. Eine neue Stellungnahme von CEE Bankwatch Network, Counterbalance, Greenpeace und Urgewald, die heute ver\u00f6ffentlicht wurde [2], zeigt, dass es der EIB nicht gelingt, die notwendigen Entscheidungen zu treffen, um das derzeitige Verkehrssystem grundlegend zu ver\u00e4ndern. Greenpeace fordert eine \u00c4nderung dieser Politik und die Entwicklung einer wirklich nachhaltigen Mobilit\u00e4t.&nbsp;<\/strong><\/p>\n\n<p><strong>Fr\u00e9d\u00e9ric Meys, System Change-Kampagner bei Greenpeace Luxemburg, erkl\u00e4rt: <\/strong><em>&#8220;W\u00e4hrend Europa in letzter Zeit von extremen Wetterereignissen heimgesucht wurde, schlie\u00dft die Europ\u00e4ische Investitionsbank ihre Investitionen in den Ausbau des europ\u00e4ischen Autobahnnetzes noch immer nicht aus. In ihrem Entwurf f\u00fcr die neuen Leitlinien f\u00fcr Verkehrsfinanzierungen l\u00e4sst die EIB die T\u00fcr f\u00fcr Investitionen offen, mit denen das Stra\u00dfen- und Autobahnnetz immer weiter ausgebaut werden kann. Obwohl die EIB die Sch\u00e4dlichkeit des Stra\u00dfenverkehrs anerkennt, erm\u00f6glicht sie damit, dass Fahrzeuge, oftmals Privatautos, mehr Platz in der europ\u00e4ischen Landschaft einnehmen.\u201d<\/em><\/p>\n\n<p>Der Verkehrssektor macht mehr als 25% der EIB-Investitionen aus, was Investitionen in H\u00f6he von 21 Milliarden Euro in den letzten beiden Jahren entspricht. Die vorgeschlagene neue Politik geht von der Annahme eines immer gr\u00f6\u00dferen Mobilit\u00e4tswachstums aus. Ohne eine klare Vision f\u00fcr den Wandel, der notwendig ist, um die menschlichen Aktivit\u00e4ten innerhalb der planetaren Grenzen zu halten, verst\u00e4rkt die EIB lediglich den Trend zu immer mehr Mobilit\u00e4t, ohne die damit verbundenen \u00f6kologischen und sozialen Auswirkungen ausreichend zu ber\u00fccksichtigen. Staus sind in Europa ein tagt\u00e4gliches und zunehmendes Problem, das zu Zeitverlust und vielf\u00e4ltigen Sch\u00e4den f\u00fchrt. Auch die Elektrifizierung der Verkehrsmittel stellt keine L\u00f6sung f\u00fcr diese Problematik dar und f\u00fchrt trotz geringerer Auswirkungen auf die Umwelt nicht zu einer Verringerung der sozialen Ungleichheiten.<\/p>\n\n<figure class=\"wp-block-image size-full\"><img loading=\"lazy\" decoding=\"async\" width=\"800\" height=\"561\" src=\"https:\/\/www.greenpeace.org\/static\/planet4-luxembourg-stateless\/2022\/07\/f7c508bc-gp0stpfhb_web_size_with_credit_line.jpg\" alt=\"\" class=\"wp-image-14640\" srcset=\"https:\/\/www.greenpeace.org\/static\/planet4-luxembourg-stateless\/2022\/07\/f7c508bc-gp0stpfhb_web_size_with_credit_line.jpg 800w, https:\/\/www.greenpeace.org\/static\/planet4-luxembourg-stateless\/2022\/07\/f7c508bc-gp0stpfhb_web_size_with_credit_line-300x210.jpg 300w, https:\/\/www.greenpeace.org\/static\/planet4-luxembourg-stateless\/2022\/07\/f7c508bc-gp0stpfhb_web_size_with_credit_line-768x539.jpg 768w, https:\/\/www.greenpeace.org\/static\/planet4-luxembourg-stateless\/2022\/07\/f7c508bc-gp0stpfhb_web_size_with_credit_line-485x340.jpg 485w\" sizes=\"auto, (max-width: 800px) 100vw, 800px\" \/><\/figure>\n\n<p>Die Fortsetzung von Investitionen in Infrastrukturen, die mit fossilen Energien und \u00fcberm\u00e4\u00dfigem Verbrauch verbunden sind, f\u00fchrt unweigerlich zur Frage, ob diese Investitionen nachhaltig sind. Die EIB hat 2020 und 2021 3 Milliarden Euro in den Ausbau von Stra\u00dfen und Autobahnen investiert. Es ist wahrscheinlich, dass diese Investitionen in einer mehr oder weniger nahen Zukunft zu verlorenen Verm\u00f6genswerten (\u2018<em>stranded assets<\/em>\u2019) werden. Das EU-Parlament hat am 7. Juli im Rahmen einer Motion eine klaren Appell an die EIB gerichtet, in dem gefordert wird, die Problematik der &#8220;stranded assets&#8221; st\u00e4rker zu ber\u00fccksichtigen [3].<\/p>\n\n<p>Auch in Luxemburg flaut der Trend zu mehr Mobilit\u00e4t nicht ab.&nbsp;<\/p>\n\n<p>Fr\u00e9d\u00e9ric Meys f\u00fcgt hinzu: <em>&#8220;In Luxemburg wurde k\u00fcrzlich vom Minister f\u00fcr Mobilit\u00e4t und \u00f6ffentliche Arbeiten eine Mobilit\u00e4tspolitik vorgestellt. Obwohl die F\u00f6rderung alternativer Verkehrsmittel zum Privatauto im Vordergrund steht, bietet auch diese Politik nicht den notwendigen Wandel: Es wird immer mehr Wachstum in Aussicht gestellt, obwohl bekannt ist, dass die planetaren Grenzen bereits weit \u00fcberschritten sind.\u201d<\/em><\/p>\n\n<p>W\u00e4hrend EIB-Pr\u00e4sident Werner Hoyer klar erkl\u00e4rte, dass Investitionen in fossile Energietr\u00e4ger beendet seien, l\u00e4sst sich die EIB zudem die M\u00f6glichkeit offen, in Schiffe zu investieren, die mit verfl\u00fcssigtem Erdgas (<em>Liquefied natural gas, LNG<\/em>) angetrieben werden. Der gesamte Lebenszyklus dieses fossilen Energietr\u00e4gers ist jedoch eine Quelle f\u00fcr die Emission von Methan, das mit einer 80fach h\u00f6heren Wirkung ein weitaus gr\u00f6\u00dferes Treibhauspotential als Kohlendioxid hat.\u00a0\u00a0<\/p>\n\n<hr class=\"wp-block-separator has-alpha-channel-opacity\"\/>\n\n<p><strong>Anmerkungen: <\/strong><\/p>\n\n<p>[1]<a href=\"https:\/\/consult.eib.org\/consultation\/tlp-2021-en\/\" target=\"_blank\" rel=\"noreferrer noopener\"> Public consultation on the revision of the EIB\u2019s Transport Lending Policy<\/a><\/p>\n\n<p>[2] CEE Bankwatch Network, Counterbalance, Greenpeace und Urgewald, <a rel=\"noreferrer noopener\" href=\"https:\/\/counter-balance.org\/publications\/making-the-eib-a-driver-for-green-accessible-transport\" target=\"_blank\">Making the EIB a driver of green, accessible transport<\/a>, 11. Juli 2022<\/p>\n\n<p>[3] <a href=\"https:\/\/www.europarl.europa.eu\/doceo\/document\/A-9-2022-0165_EN.html\" target=\"_blank\" rel=\"noreferrer noopener\">REPORT on the financial activities of the European Investment Bank \u2013 annual report 2021<\/a><\/p>\n","protected":false},"excerpt":{"rendered":"<p>Die EIB trifft nicht die notwendigen Entscheidungen, um das derzeitige Verkehrssystem zu ver\u00e4ndern. <\/p>\n","protected":false},"author":31,"featured_media":14639,"comment_status":"closed","ping_status":"closed","sticky":false,"template":"","format":"standard","meta":{"ep_exclude_from_search":false,"p4_og_title":"","p4_og_description":"","p4_og_image":"","p4_og_image_id":"","p4_seo_canonical_url":"","p4_campaign_name":"not set","p4_local_project":"not set","p4_basket_name":"not set","p4_department":"","footnotes":""},"categories":[49,48,46],"tags":[60,96],"p4-page-type":[69],"class_list":["post-14643","post","type-post","status-publish","format-standard","has-post-thumbnail","hentry","category-energie","category-klima","category-problem","tag-luxemburg","tag-finanzsektor","p4-page-type-presseerklaerungen"],"yoast_head":"<!-- This site is optimized with the Yoast SEO Premium plugin v23.9 (Yoast SEO v23.9) - https:\/\/yoast.com\/wordpress\/plugins\/seo\/ -->\n<title>Falsche Abzweigung f\u00fcr die &quot;Europ\u00e4ische Klimabank&quot; - Greenpeace Luxembourg<\/title>\n<meta name=\"robots\" content=\"index, follow, max-snippet:-1, max-image-preview:large, max-video-preview:-1\" \/>\n<link rel=\"canonical\" href=\"https:\/\/www.greenpeace.org\/luxembourg\/de\/presseerklaerungen\/14643\/falsche-abzweigung-fuer-die-europaeische-klimabank\/\" \/>\n<meta property=\"og:locale\" content=\"de_DE\" \/>\n<meta property=\"og:type\" content=\"article\" \/>\n<meta property=\"og:title\" content=\"Falsche Abzweigung f\u00fcr die &quot;Europ\u00e4ische Klimabank&quot;\" \/>\n<meta property=\"og:description\" content=\"Die EIB trifft nicht die notwendigen Entscheidungen, um das derzeitige Verkehrssystem zu ver\u00e4ndern.\" \/>\n<meta property=\"og:url\" content=\"https:\/\/www.greenpeace.org\/luxembourg\/de\/presseerklaerungen\/14643\/falsche-abzweigung-fuer-die-europaeische-klimabank\/\" \/>\n<meta property=\"og:site_name\" content=\"Greenpeace Luxembourg\" \/>\n<meta property=\"article:publisher\" content=\"https:\/\/www.facebook.com\/greenpeaceluxembourg\" \/>\n<meta property=\"article:published_time\" content=\"2022-07-11T12:12:19+00:00\" \/>\n<meta property=\"article:modified_time\" content=\"2022-07-11T12:12:23+00:00\" \/>\n<meta property=\"og:image\" content=\"https:\/\/www.greenpeace.org\/static\/planet4-luxembourg-stateless\/2022\/07\/46e52275-gp0strlxi_web_size_with_credit_line.jpg\" \/>\n\t<meta property=\"og:image:width\" content=\"600\" \/>\n\t<meta property=\"og:image:height\" content=\"600\" \/>\n\t<meta property=\"og:image:type\" content=\"image\/jpeg\" \/>\n<meta name=\"author\" content=\"Myriam Wecker\" \/>\n<meta name=\"twitter:card\" content=\"summary_large_image\" \/>\n<meta name=\"twitter:label1\" content=\"Written by\" \/>\n\t<meta name=\"twitter:data1\" content=\"Myriam Wecker\" \/>\n\t<meta name=\"twitter:label2\" content=\"Est. reading time\" \/>\n\t<meta name=\"twitter:data2\" content=\"3 minutes\" \/>\n<script type=\"application\/ld+json\" class=\"yoast-schema-graph\">{\"@context\":\"https:\/\/schema.org\",\"@graph\":[{\"@type\":\"Article\",\"@id\":\"https:\/\/www.greenpeace.org\/luxembourg\/de\/presseerklaerungen\/14643\/falsche-abzweigung-fuer-die-europaeische-klimabank\/#article\",\"isPartOf\":{\"@id\":\"https:\/\/www.greenpeace.org\/luxembourg\/de\/presseerklaerungen\/14643\/falsche-abzweigung-fuer-die-europaeische-klimabank\/\"},\"author\":{\"name\":\"Myriam Wecker\",\"@id\":\"https:\/\/www.greenpeace.org\/luxembourg\/fr\/#\/schema\/person\/c2ae6002b8ed18c00be0c6b320eea776\"},\"headline\":\"Falsche Abzweigung f\u00fcr die &#8220;Europ\u00e4ische Klimabank&#8221;\",\"datePublished\":\"2022-07-11T12:12:19+00:00\",\"dateModified\":\"2022-07-11T12:12:23+00:00\",\"mainEntityOfPage\":{\"@id\":\"https:\/\/www.greenpeace.org\/luxembourg\/de\/presseerklaerungen\/14643\/falsche-abzweigung-fuer-die-europaeische-klimabank\/\"},\"wordCount\":639,\"publisher\":{\"@id\":\"https:\/\/www.greenpeace.org\/luxembourg\/fr\/#organization\"},\"image\":{\"@id\":\"https:\/\/www.greenpeace.org\/luxembourg\/de\/presseerklaerungen\/14643\/falsche-abzweigung-fuer-die-europaeische-klimabank\/#primaryimage\"},\"thumbnailUrl\":\"https:\/\/www.greenpeace.org\/static\/planet4-luxembourg-stateless\/2022\/07\/46e52275-gp0strlxi_web_size_with_credit_line.jpg\",\"keywords\":[\"Luxemburg\",\"Finanzsektor\"],\"articleSection\":[\"Energie\",\"Klima\",\"Problem\"],\"inLanguage\":\"de-LU\"},{\"@type\":\"WebPage\",\"@id\":\"https:\/\/www.greenpeace.org\/luxembourg\/de\/presseerklaerungen\/14643\/falsche-abzweigung-fuer-die-europaeische-klimabank\/\",\"url\":\"https:\/\/www.greenpeace.org\/luxembourg\/de\/presseerklaerungen\/14643\/falsche-abzweigung-fuer-die-europaeische-klimabank\/\",\"name\":\"Falsche Abzweigung f\u00fcr die \\\"Europ\u00e4ische Klimabank\\\" - Greenpeace Luxembourg\",\"isPartOf\":{\"@id\":\"https:\/\/www.greenpeace.org\/luxembourg\/fr\/#website\"},\"primaryImageOfPage\":{\"@id\":\"https:\/\/www.greenpeace.org\/luxembourg\/de\/presseerklaerungen\/14643\/falsche-abzweigung-fuer-die-europaeische-klimabank\/#primaryimage\"},\"image\":{\"@id\":\"https:\/\/www.greenpeace.org\/luxembourg\/de\/presseerklaerungen\/14643\/falsche-abzweigung-fuer-die-europaeische-klimabank\/#primaryimage\"},\"thumbnailUrl\":\"https:\/\/www.greenpeace.org\/static\/planet4-luxembourg-stateless\/2022\/07\/46e52275-gp0strlxi_web_size_with_credit_line.jpg\",\"datePublished\":\"2022-07-11T12:12:19+00:00\",\"dateModified\":\"2022-07-11T12:12:23+00:00\",\"breadcrumb\":{\"@id\":\"https:\/\/www.greenpeace.org\/luxembourg\/de\/presseerklaerungen\/14643\/falsche-abzweigung-fuer-die-europaeische-klimabank\/#breadcrumb\"},\"inLanguage\":\"de-LU\",\"potentialAction\":[{\"@type\":\"ReadAction\",\"target\":[\"https:\/\/www.greenpeace.org\/luxembourg\/de\/presseerklaerungen\/14643\/falsche-abzweigung-fuer-die-europaeische-klimabank\/\"]}]},{\"@type\":\"ImageObject\",\"inLanguage\":\"de-LU\",\"@id\":\"https:\/\/www.greenpeace.org\/luxembourg\/de\/presseerklaerungen\/14643\/falsche-abzweigung-fuer-die-europaeische-klimabank\/#primaryimage\",\"url\":\"https:\/\/www.greenpeace.org\/static\/planet4-luxembourg-stateless\/2022\/07\/46e52275-gp0strlxi_web_size_with_credit_line.jpg\",\"contentUrl\":\"https:\/\/www.greenpeace.org\/static\/planet4-luxembourg-stateless\/2022\/07\/46e52275-gp0strlxi_web_size_with_credit_line.jpg\",\"width\":600,\"height\":600,\"caption\":\"Rush hour with dense car traffic on Bundesallee in Berlin. Rushhour im Berufsverkehr auf Berliner Bundesallee.\"},{\"@type\":\"BreadcrumbList\",\"@id\":\"https:\/\/www.greenpeace.org\/luxembourg\/de\/presseerklaerungen\/14643\/falsche-abzweigung-fuer-die-europaeische-klimabank\/#breadcrumb\",\"itemListElement\":[{\"@type\":\"ListItem\",\"position\":1,\"name\":\"Home\",\"item\":\"http:\/\/www.greenpeace.org\/luxembourg\/fr\/\"},{\"@type\":\"ListItem\",\"position\":2,\"name\":\"Falsche Abzweigung f\u00fcr die &#8220;Europ\u00e4ische Klimabank&#8221;\"}]},{\"@type\":\"WebSite\",\"@id\":\"https:\/\/www.greenpeace.org\/luxembourg\/fr\/#website\",\"url\":\"https:\/\/www.greenpeace.org\/luxembourg\/fr\/\",\"name\":\"Greenpeace Luxembourg\",\"description\":\"Greenpeace existiert, weil unsere Erde eine Stimme braucht. Sie ben\u00f6tigt L\u00f6sungen. Ver\u00e4nderungen. Aktionen.\",\"publisher\":{\"@id\":\"https:\/\/www.greenpeace.org\/luxembourg\/fr\/#organization\"},\"potentialAction\":[{\"@type\":\"SearchAction\",\"target\":{\"@type\":\"EntryPoint\",\"urlTemplate\":\"https:\/\/www.greenpeace.org\/luxembourg\/fr\/?s={search_term_string}\"},\"query-input\":{\"@type\":\"PropertyValueSpecification\",\"valueRequired\":true,\"valueName\":\"search_term_string\"}}],\"inLanguage\":\"de-LU\"},{\"@type\":\"Organization\",\"@id\":\"https:\/\/www.greenpeace.org\/luxembourg\/fr\/#organization\",\"name\":\"Greenpeace Luxembourg\",\"url\":\"https:\/\/www.greenpeace.org\/luxembourg\/fr\/\",\"logo\":{\"@type\":\"ImageObject\",\"inLanguage\":\"de-LU\",\"@id\":\"https:\/\/www.greenpeace.org\/luxembourg\/fr\/#\/schema\/logo\/image\/\",\"url\":\"https:\/\/www.greenpeace.org\/static\/planet4-luxembourg-stateless\/2026\/03\/3e367f94-greenpeace_logo_green_rgb.png\",\"contentUrl\":\"https:\/\/www.greenpeace.org\/static\/planet4-luxembourg-stateless\/2026\/03\/3e367f94-greenpeace_logo_green_rgb.png\",\"width\":1080,\"height\":175,\"caption\":\"Greenpeace Luxembourg\"},\"image\":{\"@id\":\"https:\/\/www.greenpeace.org\/luxembourg\/fr\/#\/schema\/logo\/image\/\"},\"sameAs\":[\"https:\/\/www.facebook.com\/greenpeaceluxembourg\",\"https:\/\/www.instagram.com\/greenpeacelux\/\",\"https:\/\/www.linkedin.com\/company\/greenpeace-luxembourg\/\",\"https:\/\/www.threads.com\/@greenpeacelux\",\"https:\/\/bsky.app\/profile\/greenpeacelux.bsky.social\",\"https:\/\/www.youtube.com\/@GreenpeaceLux\",\"https:\/\/www.tiktok.com\/@greenpeace_lux\"]},{\"@type\":\"Person\",\"@id\":\"https:\/\/www.greenpeace.org\/luxembourg\/fr\/#\/schema\/person\/c2ae6002b8ed18c00be0c6b320eea776\",\"name\":\"Myriam Wecker\",\"url\":\"https:\/\/www.greenpeace.org\/luxembourg\/de\/author\/mwecker\/\"}]}<\/script>\n<!-- \/ Yoast SEO Premium plugin. -->","yoast_head_json":{"title":"Falsche Abzweigung f\u00fcr die \"Europ\u00e4ische Klimabank\" - Greenpeace Luxembourg","robots":{"index":"index","follow":"follow","max-snippet":"max-snippet:-1","max-image-preview":"max-image-preview:large","max-video-preview":"max-video-preview:-1"},"canonical":"https:\/\/www.greenpeace.org\/luxembourg\/de\/presseerklaerungen\/14643\/falsche-abzweigung-fuer-die-europaeische-klimabank\/","og_locale":"de_DE","og_type":"article","og_title":"Falsche Abzweigung f\u00fcr die \"Europ\u00e4ische Klimabank\"","og_description":"Die EIB trifft nicht die notwendigen Entscheidungen, um das derzeitige Verkehrssystem zu ver\u00e4ndern.","og_url":"https:\/\/www.greenpeace.org\/luxembourg\/de\/presseerklaerungen\/14643\/falsche-abzweigung-fuer-die-europaeische-klimabank\/","og_site_name":"Greenpeace Luxembourg","article_publisher":"https:\/\/www.facebook.com\/greenpeaceluxembourg","article_published_time":"2022-07-11T12:12:19+00:00","article_modified_time":"2022-07-11T12:12:23+00:00","og_image":[{"width":600,"height":600,"url":"https:\/\/www.greenpeace.org\/static\/planet4-luxembourg-stateless\/2022\/07\/46e52275-gp0strlxi_web_size_with_credit_line.jpg","type":"image\/jpeg"}],"author":"Myriam Wecker","twitter_card":"summary_large_image","twitter_misc":{"Written by":"Myriam Wecker","Est. reading time":"3 minutes"},"schema":{"@context":"https:\/\/schema.org","@graph":[{"@type":"Article","@id":"https:\/\/www.greenpeace.org\/luxembourg\/de\/presseerklaerungen\/14643\/falsche-abzweigung-fuer-die-europaeische-klimabank\/#article","isPartOf":{"@id":"https:\/\/www.greenpeace.org\/luxembourg\/de\/presseerklaerungen\/14643\/falsche-abzweigung-fuer-die-europaeische-klimabank\/"},"author":{"name":"Myriam Wecker","@id":"https:\/\/www.greenpeace.org\/luxembourg\/fr\/#\/schema\/person\/c2ae6002b8ed18c00be0c6b320eea776"},"headline":"Falsche Abzweigung f\u00fcr die &#8220;Europ\u00e4ische Klimabank&#8221;","datePublished":"2022-07-11T12:12:19+00:00","dateModified":"2022-07-11T12:12:23+00:00","mainEntityOfPage":{"@id":"https:\/\/www.greenpeace.org\/luxembourg\/de\/presseerklaerungen\/14643\/falsche-abzweigung-fuer-die-europaeische-klimabank\/"},"wordCount":639,"publisher":{"@id":"https:\/\/www.greenpeace.org\/luxembourg\/fr\/#organization"},"image":{"@id":"https:\/\/www.greenpeace.org\/luxembourg\/de\/presseerklaerungen\/14643\/falsche-abzweigung-fuer-die-europaeische-klimabank\/#primaryimage"},"thumbnailUrl":"https:\/\/www.greenpeace.org\/static\/planet4-luxembourg-stateless\/2022\/07\/46e52275-gp0strlxi_web_size_with_credit_line.jpg","keywords":["Luxemburg","Finanzsektor"],"articleSection":["Energie","Klima","Problem"],"inLanguage":"de-LU"},{"@type":"WebPage","@id":"https:\/\/www.greenpeace.org\/luxembourg\/de\/presseerklaerungen\/14643\/falsche-abzweigung-fuer-die-europaeische-klimabank\/","url":"https:\/\/www.greenpeace.org\/luxembourg\/de\/presseerklaerungen\/14643\/falsche-abzweigung-fuer-die-europaeische-klimabank\/","name":"Falsche Abzweigung f\u00fcr die \"Europ\u00e4ische Klimabank\" - Greenpeace Luxembourg","isPartOf":{"@id":"https:\/\/www.greenpeace.org\/luxembourg\/fr\/#website"},"primaryImageOfPage":{"@id":"https:\/\/www.greenpeace.org\/luxembourg\/de\/presseerklaerungen\/14643\/falsche-abzweigung-fuer-die-europaeische-klimabank\/#primaryimage"},"image":{"@id":"https:\/\/www.greenpeace.org\/luxembourg\/de\/presseerklaerungen\/14643\/falsche-abzweigung-fuer-die-europaeische-klimabank\/#primaryimage"},"thumbnailUrl":"https:\/\/www.greenpeace.org\/static\/planet4-luxembourg-stateless\/2022\/07\/46e52275-gp0strlxi_web_size_with_credit_line.jpg","datePublished":"2022-07-11T12:12:19+00:00","dateModified":"2022-07-11T12:12:23+00:00","breadcrumb":{"@id":"https:\/\/www.greenpeace.org\/luxembourg\/de\/presseerklaerungen\/14643\/falsche-abzweigung-fuer-die-europaeische-klimabank\/#breadcrumb"},"inLanguage":"de-LU","potentialAction":[{"@type":"ReadAction","target":["https:\/\/www.greenpeace.org\/luxembourg\/de\/presseerklaerungen\/14643\/falsche-abzweigung-fuer-die-europaeische-klimabank\/"]}]},{"@type":"ImageObject","inLanguage":"de-LU","@id":"https:\/\/www.greenpeace.org\/luxembourg\/de\/presseerklaerungen\/14643\/falsche-abzweigung-fuer-die-europaeische-klimabank\/#primaryimage","url":"https:\/\/www.greenpeace.org\/static\/planet4-luxembourg-stateless\/2022\/07\/46e52275-gp0strlxi_web_size_with_credit_line.jpg","contentUrl":"https:\/\/www.greenpeace.org\/static\/planet4-luxembourg-stateless\/2022\/07\/46e52275-gp0strlxi_web_size_with_credit_line.jpg","width":600,"height":600,"caption":"Rush hour with dense car traffic on Bundesallee in Berlin. Rushhour im Berufsverkehr auf Berliner Bundesallee."},{"@type":"BreadcrumbList","@id":"https:\/\/www.greenpeace.org\/luxembourg\/de\/presseerklaerungen\/14643\/falsche-abzweigung-fuer-die-europaeische-klimabank\/#breadcrumb","itemListElement":[{"@type":"ListItem","position":1,"name":"Home","item":"http:\/\/www.greenpeace.org\/luxembourg\/fr\/"},{"@type":"ListItem","position":2,"name":"Falsche Abzweigung f\u00fcr die &#8220;Europ\u00e4ische Klimabank&#8221;"}]},{"@type":"WebSite","@id":"https:\/\/www.greenpeace.org\/luxembourg\/fr\/#website","url":"https:\/\/www.greenpeace.org\/luxembourg\/fr\/","name":"Greenpeace Luxembourg","description":"Greenpeace existiert, weil unsere Erde eine Stimme braucht. Sie ben\u00f6tigt L\u00f6sungen. Ver\u00e4nderungen. Aktionen.","publisher":{"@id":"https:\/\/www.greenpeace.org\/luxembourg\/fr\/#organization"},"potentialAction":[{"@type":"SearchAction","target":{"@type":"EntryPoint","urlTemplate":"https:\/\/www.greenpeace.org\/luxembourg\/fr\/?s={search_term_string}"},"query-input":{"@type":"PropertyValueSpecification","valueRequired":true,"valueName":"search_term_string"}}],"inLanguage":"de-LU"},{"@type":"Organization","@id":"https:\/\/www.greenpeace.org\/luxembourg\/fr\/#organization","name":"Greenpeace Luxembourg","url":"https:\/\/www.greenpeace.org\/luxembourg\/fr\/","logo":{"@type":"ImageObject","inLanguage":"de-LU","@id":"https:\/\/www.greenpeace.org\/luxembourg\/fr\/#\/schema\/logo\/image\/","url":"https:\/\/www.greenpeace.org\/static\/planet4-luxembourg-stateless\/2026\/03\/3e367f94-greenpeace_logo_green_rgb.png","contentUrl":"https:\/\/www.greenpeace.org\/static\/planet4-luxembourg-stateless\/2026\/03\/3e367f94-greenpeace_logo_green_rgb.png","width":1080,"height":175,"caption":"Greenpeace Luxembourg"},"image":{"@id":"https:\/\/www.greenpeace.org\/luxembourg\/fr\/#\/schema\/logo\/image\/"},"sameAs":["https:\/\/www.facebook.com\/greenpeaceluxembourg","https:\/\/www.instagram.com\/greenpeacelux\/","https:\/\/www.linkedin.com\/company\/greenpeace-luxembourg\/","https:\/\/www.threads.com\/@greenpeacelux","https:\/\/bsky.app\/profile\/greenpeacelux.bsky.social","https:\/\/www.youtube.com\/@GreenpeaceLux","https:\/\/www.tiktok.com\/@greenpeace_lux"]},{"@type":"Person","@id":"https:\/\/www.greenpeace.org\/luxembourg\/fr\/#\/schema\/person\/c2ae6002b8ed18c00be0c6b320eea776","name":"Myriam Wecker","url":"https:\/\/www.greenpeace.org\/luxembourg\/de\/author\/mwecker\/"}]}},"_links":{"self":[{"href":"https:\/\/www.greenpeace.org\/luxembourg\/de\/wp-json\/wp\/v2\/posts\/14643","targetHints":{"allow":["GET"]}}],"collection":[{"href":"https:\/\/www.greenpeace.org\/luxembourg\/de\/wp-json\/wp\/v2\/posts"}],"about":[{"href":"https:\/\/www.greenpeace.org\/luxembourg\/de\/wp-json\/wp\/v2\/types\/post"}],"author":[{"embeddable":true,"href":"https:\/\/www.greenpeace.org\/luxembourg\/de\/wp-json\/wp\/v2\/users\/31"}],"replies":[{"embeddable":true,"href":"https:\/\/www.greenpeace.org\/luxembourg\/de\/wp-json\/wp\/v2\/comments?post=14643"}],"version-history":[{"count":4,"href":"https:\/\/www.greenpeace.org\/luxembourg\/de\/wp-json\/wp\/v2\/posts\/14643\/revisions"}],"predecessor-version":[{"id":14652,"href":"https:\/\/www.greenpeace.org\/luxembourg\/de\/wp-json\/wp\/v2\/posts\/14643\/revisions\/14652"}],"wp:featuredmedia":[{"embeddable":true,"href":"https:\/\/www.greenpeace.org\/luxembourg\/de\/wp-json\/wp\/v2\/media\/14639"}],"wp:attachment":[{"href":"https:\/\/www.greenpeace.org\/luxembourg\/de\/wp-json\/wp\/v2\/media?parent=14643"}],"wp:term":[{"taxonomy":"category","embeddable":true,"href":"https:\/\/www.greenpeace.org\/luxembourg\/de\/wp-json\/wp\/v2\/categories?post=14643"},{"taxonomy":"post_tag","embeddable":true,"href":"https:\/\/www.greenpeace.org\/luxembourg\/de\/wp-json\/wp\/v2\/tags?post=14643"},{"taxonomy":"p4-page-type","embeddable":true,"href":"https:\/\/www.greenpeace.org\/luxembourg\/de\/wp-json\/wp\/v2\/p4-page-type?post=14643"}],"curies":[{"name":"wp","href":"https:\/\/api.w.org\/{rel}","templated":true}]}}