{"id":15052,"date":"2022-10-12T14:56:16","date_gmt":"2022-10-12T12:56:16","guid":{"rendered":"https:\/\/www.greenpeace.org\/luxembourg\/?p=15052"},"modified":"2022-10-12T14:56:18","modified_gmt":"2022-10-12T12:56:18","slug":"lage-der-nation-reaktion-von-greenpeace-zur-rede-vom-premierminister","status":"publish","type":"post","link":"https:\/\/www.greenpeace.org\/luxembourg\/de\/presseerklaerungen\/15052\/lage-der-nation-reaktion-von-greenpeace-zur-rede-vom-premierminister\/","title":{"rendered":"Lage der Nation: Reaktion von Greenpeace zur Rede vom Premierminister"},"content":{"rendered":"\n<p><strong><em>Luxemburg<\/em><\/strong><strong>, 12. Oktober 2022 &#8211; Im Vordergrund der Rede zur Lage der Nation von Premierminister Xavier Bettel standen die aktuellen Krisen sowie die Bem\u00fchungen der Regierung, die luxemburgische Bev\u00f6lkerung und ihre Unternehmen zu unterst\u00fctzen. Obwohl Greenpeace Luxemburg die Analyse der Situation der Regierung begr\u00fc\u00dft, sind laut der Nichtregierungsorganisation die Ma\u00dfnahmen, um den Klimawandel und die soziale Ungerechtigkeit zu bek\u00e4mpfen, bei weitem nicht ausreichend.<\/strong><\/p>\n\n<p>&#8220;<em>Die immer h\u00e4ufiger auftretenden Klimakatastrophen verdeutlichen die Dringlichkeit der aktuellen Notsituation. Doch es bedarf mehr als dessen blo\u00dfe Erkenntnis, vor allem braucht&nbsp; es ein gr\u00f6\u00dferes Handeln<\/em>&#8221;, erkl\u00e4rt Raymond Aendekerk, Direktor von Greenpeace Luxemburg. &#8220;<em>Die bisherigen Ma\u00dfnahmen in Sachen Klimaschutz, Reduzierung fossiler Brennstoffe, Mobilit\u00e4t oder \u00f6kologische Landwirtschaft waren bislang unzureichend. Dadurch wurden viele Chancen verpasst. Laut Xavier Bettel sind die aktuellen und geplanten Ausgaben f\u00fcr den Schutz des Klimas und der Biodiversit\u00e4t eine Investition in die Zukunft. Dennoch ist es notwendig, diese Gelder bei weniger nachhaltigen Verhaltensweisen einzusparen. Es fehlt vor allem an Mut und Tatendrang, um eine hoffnungsvolle und weniger d\u00fcstere Zukunft anzusteuern.<\/em>\u201d<\/p>\n\n<p>Fr\u00e9d\u00e9ric Meys, Kampagner bei Greenpeace Luxemburg erkl\u00e4rt: &#8220;<em>Obwohl vermehrt von dem Wort &#8220;Verantwortung&#8221; die Rede ist, scheinen sich einige Akteure der ihren zu entziehen, denn immer noch werden Milliarden Euro \u00fcber die Finanzindustrie oder den Pensionsfonds des luxemburgischen Staates in klimasch\u00e4dliche und menschenrechtsverletzende Projekte investiert. Zus\u00e4tzlich wurde die angek\u00fcndigte umfassende Steuerreform bis auf einige \u00c4nderungen wie die Grundsteuer oder die Spekulationssteuer nicht umgesetzt<\/em>.&#8221;<\/p>\n\n<p>Mit dem neuen Agrargesetz, das den Anstieg der Anzahl von Milchk\u00fchen bremsen soll, hat die Landwirtschaft etwas mehr Raum bekommen &#8211; eine Erleichterung f\u00fcr den Klima-, Wasser- und Naturschutz. Dennoch f\u00fchren eine schlechte Kommunikation seitens der Regierung und ein Mangel an umsetzbaren Alternativvorschl\u00e4gen zu Widerstand in der Landwirtschaft.&nbsp;<\/p>\n\n<p>&#8220;<em>Der Klimawandel ist kein unabwendbares Schicksal, aber die Zeit dr\u00e4ngt<\/em>.&#8221;, behauptete Xavier Bettel. Die Schritte der Regierung gehen in die richtige Richtung, reichen aber angesichts des Ausma\u00dfes der Notlage, in der wir uns befinden, nicht aus.<\/p>\n","protected":false},"excerpt":{"rendered":"<p>Im Vordergrund der Rede zur Lage der Nation von Premierminister Xavier Bettel standen die aktuellen Krisen sowie die Bem\u00fchungen der Regierung, die luxemburgische Bev\u00f6lkerung und&hellip;<\/p>\n","protected":false},"author":25,"featured_media":15022,"comment_status":"closed","ping_status":"closed","sticky":false,"template":"","format":"standard","meta":{"ep_exclude_from_search":false,"p4_og_title":"","p4_og_description":"","p4_og_image":"","p4_og_image_id":"","p4_seo_canonical_url":"","p4_campaign_name":"not set","p4_local_project":"not set","p4_basket_name":"not set","p4_department":"","footnotes":""},"categories":[24,48],"tags":[65,60],"p4-page-type":[69],"class_list":["post-15052","post","type-post","status-publish","format-standard","has-post-thumbnail","hentry","category-greenpeace","category-klima","tag-klimawandel","tag-luxemburg","p4-page-type-presseerklaerungen"],"yoast_head":"<!-- This site is optimized with the Yoast SEO Premium plugin v23.9 (Yoast SEO v23.9) - https:\/\/yoast.com\/wordpress\/plugins\/seo\/ -->\n<title>Lage der Nation: Reaktion von Greenpeace zur Rede vom Premierminister - Greenpeace Luxembourg<\/title>\n<meta name=\"robots\" content=\"index, follow, max-snippet:-1, max-image-preview:large, max-video-preview:-1\" \/>\n<link rel=\"canonical\" href=\"https:\/\/www.greenpeace.org\/luxembourg\/de\/presseerklaerungen\/15052\/lage-der-nation-reaktion-von-greenpeace-zur-rede-vom-premierminister\/\" \/>\n<meta property=\"og:locale\" content=\"de_DE\" \/>\n<meta property=\"og:type\" content=\"article\" \/>\n<meta property=\"og:title\" content=\"Lage der Nation: Reaktion von Greenpeace zur Rede vom Premierminister\" \/>\n<meta property=\"og:description\" content=\"Im Vordergrund der Rede zur Lage der Nation von Premierminister Xavier Bettel standen die aktuellen Krisen sowie die Bem\u00fchungen der Regierung, die luxemburgische Bev\u00f6lkerung und&hellip;\" \/>\n<meta property=\"og:url\" content=\"https:\/\/www.greenpeace.org\/luxembourg\/de\/presseerklaerungen\/15052\/lage-der-nation-reaktion-von-greenpeace-zur-rede-vom-premierminister\/\" \/>\n<meta property=\"og:site_name\" content=\"Greenpeace Luxembourg\" \/>\n<meta property=\"article:publisher\" content=\"https:\/\/www.facebook.com\/greenpeaceluxembourg\" \/>\n<meta property=\"article:published_time\" content=\"2022-10-12T12:56:16+00:00\" \/>\n<meta property=\"article:modified_time\" content=\"2022-10-12T12:56:18+00:00\" \/>\n<meta property=\"og:image\" content=\"https:\/\/www.greenpeace.org\/static\/planet4-luxembourg-stateless\/2022\/10\/07c39295-gp0stt1dd_web_size.jpg\" \/>\n\t<meta property=\"og:image:width\" content=\"799\" \/>\n\t<meta property=\"og:image:height\" content=\"534\" \/>\n\t<meta property=\"og:image:type\" content=\"image\/jpeg\" \/>\n<meta name=\"author\" content=\"Esther Wildanger\" \/>\n<meta name=\"twitter:card\" content=\"summary_large_image\" \/>\n<meta name=\"twitter:label1\" content=\"Written by\" \/>\n\t<meta name=\"twitter:data1\" content=\"Esther Wildanger\" \/>\n\t<meta name=\"twitter:label2\" content=\"Est. reading time\" \/>\n\t<meta name=\"twitter:data2\" content=\"2 minutes\" \/>\n<script type=\"application\/ld+json\" class=\"yoast-schema-graph\">{\"@context\":\"https:\/\/schema.org\",\"@graph\":[{\"@type\":\"Article\",\"@id\":\"https:\/\/www.greenpeace.org\/luxembourg\/de\/presseerklaerungen\/15052\/lage-der-nation-reaktion-von-greenpeace-zur-rede-vom-premierminister\/#article\",\"isPartOf\":{\"@id\":\"https:\/\/www.greenpeace.org\/luxembourg\/de\/presseerklaerungen\/15052\/lage-der-nation-reaktion-von-greenpeace-zur-rede-vom-premierminister\/\"},\"author\":{\"name\":\"Esther Wildanger\",\"@id\":\"https:\/\/www.greenpeace.org\/luxembourg\/fr\/#\/schema\/person\/3d0e81a859b59009fec36a8552ef76a7\"},\"headline\":\"Lage der Nation: Reaktion von Greenpeace zur Rede vom Premierminister\",\"datePublished\":\"2022-10-12T12:56:16+00:00\",\"dateModified\":\"2022-10-12T12:56:18+00:00\",\"mainEntityOfPage\":{\"@id\":\"https:\/\/www.greenpeace.org\/luxembourg\/de\/presseerklaerungen\/15052\/lage-der-nation-reaktion-von-greenpeace-zur-rede-vom-premierminister\/\"},\"wordCount\":350,\"publisher\":{\"@id\":\"https:\/\/www.greenpeace.org\/luxembourg\/fr\/#organization\"},\"image\":{\"@id\":\"https:\/\/www.greenpeace.org\/luxembourg\/de\/presseerklaerungen\/15052\/lage-der-nation-reaktion-von-greenpeace-zur-rede-vom-premierminister\/#primaryimage\"},\"thumbnailUrl\":\"https:\/\/www.greenpeace.org\/static\/planet4-luxembourg-stateless\/2022\/10\/07c39295-gp0stt1dd_web_size.jpg\",\"keywords\":[\"Klimawandel\",\"Luxemburg\"],\"articleSection\":[\"Greenpeace\",\"Klima\"],\"inLanguage\":\"de-LU\"},{\"@type\":\"WebPage\",\"@id\":\"https:\/\/www.greenpeace.org\/luxembourg\/de\/presseerklaerungen\/15052\/lage-der-nation-reaktion-von-greenpeace-zur-rede-vom-premierminister\/\",\"url\":\"https:\/\/www.greenpeace.org\/luxembourg\/de\/presseerklaerungen\/15052\/lage-der-nation-reaktion-von-greenpeace-zur-rede-vom-premierminister\/\",\"name\":\"Lage der Nation: Reaktion von Greenpeace zur Rede vom Premierminister - Greenpeace Luxembourg\",\"isPartOf\":{\"@id\":\"https:\/\/www.greenpeace.org\/luxembourg\/fr\/#website\"},\"primaryImageOfPage\":{\"@id\":\"https:\/\/www.greenpeace.org\/luxembourg\/de\/presseerklaerungen\/15052\/lage-der-nation-reaktion-von-greenpeace-zur-rede-vom-premierminister\/#primaryimage\"},\"image\":{\"@id\":\"https:\/\/www.greenpeace.org\/luxembourg\/de\/presseerklaerungen\/15052\/lage-der-nation-reaktion-von-greenpeace-zur-rede-vom-premierminister\/#primaryimage\"},\"thumbnailUrl\":\"https:\/\/www.greenpeace.org\/static\/planet4-luxembourg-stateless\/2022\/10\/07c39295-gp0stt1dd_web_size.jpg\",\"datePublished\":\"2022-10-12T12:56:16+00:00\",\"dateModified\":\"2022-10-12T12:56:18+00:00\",\"breadcrumb\":{\"@id\":\"https:\/\/www.greenpeace.org\/luxembourg\/de\/presseerklaerungen\/15052\/lage-der-nation-reaktion-von-greenpeace-zur-rede-vom-premierminister\/#breadcrumb\"},\"inLanguage\":\"de-LU\",\"potentialAction\":[{\"@type\":\"ReadAction\",\"target\":[\"https:\/\/www.greenpeace.org\/luxembourg\/de\/presseerklaerungen\/15052\/lage-der-nation-reaktion-von-greenpeace-zur-rede-vom-premierminister\/\"]}]},{\"@type\":\"ImageObject\",\"inLanguage\":\"de-LU\",\"@id\":\"https:\/\/www.greenpeace.org\/luxembourg\/de\/presseerklaerungen\/15052\/lage-der-nation-reaktion-von-greenpeace-zur-rede-vom-premierminister\/#primaryimage\",\"url\":\"https:\/\/www.greenpeace.org\/static\/planet4-luxembourg-stateless\/2022\/10\/07c39295-gp0stt1dd_web_size.jpg\",\"contentUrl\":\"https:\/\/www.greenpeace.org\/static\/planet4-luxembourg-stateless\/2022\/10\/07c39295-gp0stt1dd_web_size.jpg\",\"width\":799,\"height\":534,\"caption\":\"Thousands of Belgian students, for the seventh Thursday in a row, march through Brussels in order to draw attention to climate change.\"},{\"@type\":\"BreadcrumbList\",\"@id\":\"https:\/\/www.greenpeace.org\/luxembourg\/de\/presseerklaerungen\/15052\/lage-der-nation-reaktion-von-greenpeace-zur-rede-vom-premierminister\/#breadcrumb\",\"itemListElement\":[{\"@type\":\"ListItem\",\"position\":1,\"name\":\"Home\",\"item\":\"http:\/\/www.greenpeace.org\/luxembourg\/fr\/\"},{\"@type\":\"ListItem\",\"position\":2,\"name\":\"Lage der Nation: Reaktion von Greenpeace zur Rede vom Premierminister\"}]},{\"@type\":\"WebSite\",\"@id\":\"https:\/\/www.greenpeace.org\/luxembourg\/fr\/#website\",\"url\":\"https:\/\/www.greenpeace.org\/luxembourg\/fr\/\",\"name\":\"Greenpeace Luxembourg\",\"description\":\"Greenpeace existiert, weil unsere Erde eine Stimme braucht. Sie ben\u00f6tigt L\u00f6sungen. Ver\u00e4nderungen. Aktionen.\",\"publisher\":{\"@id\":\"https:\/\/www.greenpeace.org\/luxembourg\/fr\/#organization\"},\"potentialAction\":[{\"@type\":\"SearchAction\",\"target\":{\"@type\":\"EntryPoint\",\"urlTemplate\":\"https:\/\/www.greenpeace.org\/luxembourg\/fr\/?s={search_term_string}\"},\"query-input\":{\"@type\":\"PropertyValueSpecification\",\"valueRequired\":true,\"valueName\":\"search_term_string\"}}],\"inLanguage\":\"de-LU\"},{\"@type\":\"Organization\",\"@id\":\"https:\/\/www.greenpeace.org\/luxembourg\/fr\/#organization\",\"name\":\"Greenpeace Luxembourg\",\"url\":\"https:\/\/www.greenpeace.org\/luxembourg\/fr\/\",\"logo\":{\"@type\":\"ImageObject\",\"inLanguage\":\"de-LU\",\"@id\":\"https:\/\/www.greenpeace.org\/luxembourg\/fr\/#\/schema\/logo\/image\/\",\"url\":\"https:\/\/www.greenpeace.org\/static\/planet4-luxembourg-stateless\/2026\/03\/3e367f94-greenpeace_logo_green_rgb.png\",\"contentUrl\":\"https:\/\/www.greenpeace.org\/static\/planet4-luxembourg-stateless\/2026\/03\/3e367f94-greenpeace_logo_green_rgb.png\",\"width\":1080,\"height\":175,\"caption\":\"Greenpeace Luxembourg\"},\"image\":{\"@id\":\"https:\/\/www.greenpeace.org\/luxembourg\/fr\/#\/schema\/logo\/image\/\"},\"sameAs\":[\"https:\/\/www.facebook.com\/greenpeaceluxembourg\",\"https:\/\/www.instagram.com\/greenpeacelux\/\",\"https:\/\/www.linkedin.com\/company\/greenpeace-luxembourg\/\",\"https:\/\/www.threads.com\/@greenpeacelux\",\"https:\/\/bsky.app\/profile\/greenpeacelux.bsky.social\",\"https:\/\/www.youtube.com\/@GreenpeaceLux\",\"https:\/\/www.tiktok.com\/@greenpeace_lux\"]},{\"@type\":\"Person\",\"@id\":\"https:\/\/www.greenpeace.org\/luxembourg\/fr\/#\/schema\/person\/3d0e81a859b59009fec36a8552ef76a7\",\"name\":\"Esther Wildanger\",\"url\":\"https:\/\/www.greenpeace.org\/luxembourg\/de\/author\/ewildang\/\"}]}<\/script>\n<!-- \/ Yoast SEO Premium plugin. -->","yoast_head_json":{"title":"Lage der Nation: Reaktion von Greenpeace zur Rede vom Premierminister - Greenpeace Luxembourg","robots":{"index":"index","follow":"follow","max-snippet":"max-snippet:-1","max-image-preview":"max-image-preview:large","max-video-preview":"max-video-preview:-1"},"canonical":"https:\/\/www.greenpeace.org\/luxembourg\/de\/presseerklaerungen\/15052\/lage-der-nation-reaktion-von-greenpeace-zur-rede-vom-premierminister\/","og_locale":"de_DE","og_type":"article","og_title":"Lage der Nation: Reaktion von Greenpeace zur Rede vom Premierminister","og_description":"Im Vordergrund der Rede zur Lage der Nation von Premierminister Xavier Bettel standen die aktuellen Krisen sowie die Bem\u00fchungen der Regierung, die luxemburgische Bev\u00f6lkerung und&hellip;","og_url":"https:\/\/www.greenpeace.org\/luxembourg\/de\/presseerklaerungen\/15052\/lage-der-nation-reaktion-von-greenpeace-zur-rede-vom-premierminister\/","og_site_name":"Greenpeace Luxembourg","article_publisher":"https:\/\/www.facebook.com\/greenpeaceluxembourg","article_published_time":"2022-10-12T12:56:16+00:00","article_modified_time":"2022-10-12T12:56:18+00:00","og_image":[{"width":799,"height":534,"url":"https:\/\/www.greenpeace.org\/static\/planet4-luxembourg-stateless\/2022\/10\/07c39295-gp0stt1dd_web_size.jpg","type":"image\/jpeg"}],"author":"Esther Wildanger","twitter_card":"summary_large_image","twitter_misc":{"Written by":"Esther Wildanger","Est. reading time":"2 minutes"},"schema":{"@context":"https:\/\/schema.org","@graph":[{"@type":"Article","@id":"https:\/\/www.greenpeace.org\/luxembourg\/de\/presseerklaerungen\/15052\/lage-der-nation-reaktion-von-greenpeace-zur-rede-vom-premierminister\/#article","isPartOf":{"@id":"https:\/\/www.greenpeace.org\/luxembourg\/de\/presseerklaerungen\/15052\/lage-der-nation-reaktion-von-greenpeace-zur-rede-vom-premierminister\/"},"author":{"name":"Esther Wildanger","@id":"https:\/\/www.greenpeace.org\/luxembourg\/fr\/#\/schema\/person\/3d0e81a859b59009fec36a8552ef76a7"},"headline":"Lage der Nation: Reaktion von Greenpeace zur Rede vom Premierminister","datePublished":"2022-10-12T12:56:16+00:00","dateModified":"2022-10-12T12:56:18+00:00","mainEntityOfPage":{"@id":"https:\/\/www.greenpeace.org\/luxembourg\/de\/presseerklaerungen\/15052\/lage-der-nation-reaktion-von-greenpeace-zur-rede-vom-premierminister\/"},"wordCount":350,"publisher":{"@id":"https:\/\/www.greenpeace.org\/luxembourg\/fr\/#organization"},"image":{"@id":"https:\/\/www.greenpeace.org\/luxembourg\/de\/presseerklaerungen\/15052\/lage-der-nation-reaktion-von-greenpeace-zur-rede-vom-premierminister\/#primaryimage"},"thumbnailUrl":"https:\/\/www.greenpeace.org\/static\/planet4-luxembourg-stateless\/2022\/10\/07c39295-gp0stt1dd_web_size.jpg","keywords":["Klimawandel","Luxemburg"],"articleSection":["Greenpeace","Klima"],"inLanguage":"de-LU"},{"@type":"WebPage","@id":"https:\/\/www.greenpeace.org\/luxembourg\/de\/presseerklaerungen\/15052\/lage-der-nation-reaktion-von-greenpeace-zur-rede-vom-premierminister\/","url":"https:\/\/www.greenpeace.org\/luxembourg\/de\/presseerklaerungen\/15052\/lage-der-nation-reaktion-von-greenpeace-zur-rede-vom-premierminister\/","name":"Lage der Nation: Reaktion von Greenpeace zur Rede vom Premierminister - Greenpeace Luxembourg","isPartOf":{"@id":"https:\/\/www.greenpeace.org\/luxembourg\/fr\/#website"},"primaryImageOfPage":{"@id":"https:\/\/www.greenpeace.org\/luxembourg\/de\/presseerklaerungen\/15052\/lage-der-nation-reaktion-von-greenpeace-zur-rede-vom-premierminister\/#primaryimage"},"image":{"@id":"https:\/\/www.greenpeace.org\/luxembourg\/de\/presseerklaerungen\/15052\/lage-der-nation-reaktion-von-greenpeace-zur-rede-vom-premierminister\/#primaryimage"},"thumbnailUrl":"https:\/\/www.greenpeace.org\/static\/planet4-luxembourg-stateless\/2022\/10\/07c39295-gp0stt1dd_web_size.jpg","datePublished":"2022-10-12T12:56:16+00:00","dateModified":"2022-10-12T12:56:18+00:00","breadcrumb":{"@id":"https:\/\/www.greenpeace.org\/luxembourg\/de\/presseerklaerungen\/15052\/lage-der-nation-reaktion-von-greenpeace-zur-rede-vom-premierminister\/#breadcrumb"},"inLanguage":"de-LU","potentialAction":[{"@type":"ReadAction","target":["https:\/\/www.greenpeace.org\/luxembourg\/de\/presseerklaerungen\/15052\/lage-der-nation-reaktion-von-greenpeace-zur-rede-vom-premierminister\/"]}]},{"@type":"ImageObject","inLanguage":"de-LU","@id":"https:\/\/www.greenpeace.org\/luxembourg\/de\/presseerklaerungen\/15052\/lage-der-nation-reaktion-von-greenpeace-zur-rede-vom-premierminister\/#primaryimage","url":"https:\/\/www.greenpeace.org\/static\/planet4-luxembourg-stateless\/2022\/10\/07c39295-gp0stt1dd_web_size.jpg","contentUrl":"https:\/\/www.greenpeace.org\/static\/planet4-luxembourg-stateless\/2022\/10\/07c39295-gp0stt1dd_web_size.jpg","width":799,"height":534,"caption":"Thousands of Belgian students, for the seventh Thursday in a row, march through Brussels in order to draw attention to climate change."},{"@type":"BreadcrumbList","@id":"https:\/\/www.greenpeace.org\/luxembourg\/de\/presseerklaerungen\/15052\/lage-der-nation-reaktion-von-greenpeace-zur-rede-vom-premierminister\/#breadcrumb","itemListElement":[{"@type":"ListItem","position":1,"name":"Home","item":"http:\/\/www.greenpeace.org\/luxembourg\/fr\/"},{"@type":"ListItem","position":2,"name":"Lage der Nation: Reaktion von Greenpeace zur Rede vom Premierminister"}]},{"@type":"WebSite","@id":"https:\/\/www.greenpeace.org\/luxembourg\/fr\/#website","url":"https:\/\/www.greenpeace.org\/luxembourg\/fr\/","name":"Greenpeace Luxembourg","description":"Greenpeace existiert, weil unsere Erde eine Stimme braucht. Sie ben\u00f6tigt L\u00f6sungen. Ver\u00e4nderungen. Aktionen.","publisher":{"@id":"https:\/\/www.greenpeace.org\/luxembourg\/fr\/#organization"},"potentialAction":[{"@type":"SearchAction","target":{"@type":"EntryPoint","urlTemplate":"https:\/\/www.greenpeace.org\/luxembourg\/fr\/?s={search_term_string}"},"query-input":{"@type":"PropertyValueSpecification","valueRequired":true,"valueName":"search_term_string"}}],"inLanguage":"de-LU"},{"@type":"Organization","@id":"https:\/\/www.greenpeace.org\/luxembourg\/fr\/#organization","name":"Greenpeace Luxembourg","url":"https:\/\/www.greenpeace.org\/luxembourg\/fr\/","logo":{"@type":"ImageObject","inLanguage":"de-LU","@id":"https:\/\/www.greenpeace.org\/luxembourg\/fr\/#\/schema\/logo\/image\/","url":"https:\/\/www.greenpeace.org\/static\/planet4-luxembourg-stateless\/2026\/03\/3e367f94-greenpeace_logo_green_rgb.png","contentUrl":"https:\/\/www.greenpeace.org\/static\/planet4-luxembourg-stateless\/2026\/03\/3e367f94-greenpeace_logo_green_rgb.png","width":1080,"height":175,"caption":"Greenpeace Luxembourg"},"image":{"@id":"https:\/\/www.greenpeace.org\/luxembourg\/fr\/#\/schema\/logo\/image\/"},"sameAs":["https:\/\/www.facebook.com\/greenpeaceluxembourg","https:\/\/www.instagram.com\/greenpeacelux\/","https:\/\/www.linkedin.com\/company\/greenpeace-luxembourg\/","https:\/\/www.threads.com\/@greenpeacelux","https:\/\/bsky.app\/profile\/greenpeacelux.bsky.social","https:\/\/www.youtube.com\/@GreenpeaceLux","https:\/\/www.tiktok.com\/@greenpeace_lux"]},{"@type":"Person","@id":"https:\/\/www.greenpeace.org\/luxembourg\/fr\/#\/schema\/person\/3d0e81a859b59009fec36a8552ef76a7","name":"Esther Wildanger","url":"https:\/\/www.greenpeace.org\/luxembourg\/de\/author\/ewildang\/"}]}},"_links":{"self":[{"href":"https:\/\/www.greenpeace.org\/luxembourg\/de\/wp-json\/wp\/v2\/posts\/15052","targetHints":{"allow":["GET"]}}],"collection":[{"href":"https:\/\/www.greenpeace.org\/luxembourg\/de\/wp-json\/wp\/v2\/posts"}],"about":[{"href":"https:\/\/www.greenpeace.org\/luxembourg\/de\/wp-json\/wp\/v2\/types\/post"}],"author":[{"embeddable":true,"href":"https:\/\/www.greenpeace.org\/luxembourg\/de\/wp-json\/wp\/v2\/users\/25"}],"replies":[{"embeddable":true,"href":"https:\/\/www.greenpeace.org\/luxembourg\/de\/wp-json\/wp\/v2\/comments?post=15052"}],"version-history":[{"count":1,"href":"https:\/\/www.greenpeace.org\/luxembourg\/de\/wp-json\/wp\/v2\/posts\/15052\/revisions"}],"predecessor-version":[{"id":15053,"href":"https:\/\/www.greenpeace.org\/luxembourg\/de\/wp-json\/wp\/v2\/posts\/15052\/revisions\/15053"}],"wp:featuredmedia":[{"embeddable":true,"href":"https:\/\/www.greenpeace.org\/luxembourg\/de\/wp-json\/wp\/v2\/media\/15022"}],"wp:attachment":[{"href":"https:\/\/www.greenpeace.org\/luxembourg\/de\/wp-json\/wp\/v2\/media?parent=15052"}],"wp:term":[{"taxonomy":"category","embeddable":true,"href":"https:\/\/www.greenpeace.org\/luxembourg\/de\/wp-json\/wp\/v2\/categories?post=15052"},{"taxonomy":"post_tag","embeddable":true,"href":"https:\/\/www.greenpeace.org\/luxembourg\/de\/wp-json\/wp\/v2\/tags?post=15052"},{"taxonomy":"p4-page-type","embeddable":true,"href":"https:\/\/www.greenpeace.org\/luxembourg\/de\/wp-json\/wp\/v2\/p4-page-type?post=15052"}],"curies":[{"name":"wp","href":"https:\/\/api.w.org\/{rel}","templated":true}]}}