{"id":15135,"date":"2022-10-19T14:42:23","date_gmt":"2022-10-19T12:42:23","guid":{"rendered":"https:\/\/www.greenpeace.org\/luxembourg\/?p=15135"},"modified":"2022-10-19T14:42:26","modified_gmt":"2022-10-19T12:42:26","slug":"offener-brief-von-greenpeace-luxemburg-und-mouvement-ecologique","status":"publish","type":"post","link":"https:\/\/www.greenpeace.org\/luxembourg\/de\/aktualitaet\/15135\/offener-brief-von-greenpeace-luxemburg-und-mouvement-ecologique\/","title":{"rendered":"Offener Brief von Greenpeace Luxemburg und Mouvement Ecologique"},"content":{"rendered":"\n<h3 class=\"wp-block-heading\">Am 19. Oktober 2022 haben Greenpeace Luxemburg und Mouvement Ecologique gemeinsam einen offenen Brief an Minister Xavier Bettel adressiert. Betreff dieses Briefes sind Steuererleichterungen f\u00fcr in Luxemburg ans\u00e4ssige Investmentfonds, die die Kriterien der europ\u00e4ischen Taxonomie erf\u00fcllen, die auch Gas und Kernenergie umfasst.<\/h3>\n\n<p>Beide Organisationen begr\u00fc\u00dfen die Ank\u00fcndigung der Luxemburger Regierung, gemeinsam mit \u00d6sterreich gegen die EU-Taxonomie zu klagen und alle bisher eingeleiteten Schritte. Sie fordern jedoch, dass die Regierung auch in anderen Bereichen ihren Widerstand gegen diese Taxonomie zum Ausdruck bringt, insbesondere wenn es um das Errichten finanzieller H\u00fcrden f\u00fcr gef\u00e4hrliche und nicht nachhaltige Energieformen wie Gas und Atomkraft geht. Kurz gesagt, sollen Fonds, die in Atomkraft und fossile Energietr\u00e4ger wie Gas investieren, keine Steuervorteile mehr erhalten.<\/p>\n\n<p>Der gesamte Brief ist <a rel=\"noreferrer noopener\" href=\"https:\/\/www.greenpeace.org\/static\/planet4-luxembourg-stateless\/2022\/10\/b3df75cd-offener_brief_taxonomie_taxe_dabonnement_mecogp_19102022.pdf\" target=\"_blank\">hier<\/a> verf\u00fcgbar, mitunter weiteren Argumenten, Informationen und konkreten Vorschl\u00e4gen in diesem Zusammenhang.<\/p>\n","protected":false},"excerpt":{"rendered":"<p>Am 19. Oktober 2022 haben Greenpeace Luxemburg und Mouvement Ecologique gemeinsam einen offenen Brief an Minister Xavier Bettel adressiert. Betreff dieses Briefes sind Steuererleichterungen f\u00fcr in Luxemburg ans\u00e4ssige&#8230;<\/p>\n","protected":false},"author":25,"featured_media":15132,"comment_status":"closed","ping_status":"closed","sticky":false,"template":"","format":"standard","meta":{"ep_exclude_from_search":false,"p4_og_title":"","p4_og_description":"","p4_og_image":"","p4_og_image_id":"","p4_seo_canonical_url":"","p4_campaign_name":"not set","p4_local_project":"not set","p4_basket_name":"not set","p4_department":"","footnotes":""},"categories":[49],"tags":[60,58],"p4-page-type":[68],"class_list":["post-15135","post","type-post","status-publish","format-standard","has-post-thumbnail","hentry","category-energie","tag-luxemburg","tag-nuklear","p4-page-type-aktualitaet"],"yoast_head":"<!-- This site is optimized with the Yoast SEO Premium plugin v23.9 (Yoast SEO v23.9) - https:\/\/yoast.com\/wordpress\/plugins\/seo\/ -->\n<title>Offener Brief von Greenpeace Luxemburg und Mouvement Ecologique - Greenpeace Luxembourg<\/title>\n<meta name=\"robots\" content=\"index, follow, max-snippet:-1, max-image-preview:large, max-video-preview:-1\" \/>\n<link rel=\"canonical\" href=\"https:\/\/www.greenpeace.org\/luxembourg\/de\/aktualitaet\/15135\/offener-brief-von-greenpeace-luxemburg-und-mouvement-ecologique\/\" \/>\n<meta property=\"og:locale\" content=\"de_DE\" \/>\n<meta property=\"og:type\" content=\"article\" \/>\n<meta property=\"og:title\" content=\"Offener Brief von Greenpeace Luxemburg und Mouvement Ecologique\" \/>\n<meta property=\"og:description\" content=\"Am 19. Oktober 2022 haben Greenpeace Luxemburg und Mouvement Ecologique gemeinsam einen offenen Brief an Minister Xavier Bettel adressiert. Betreff dieses Briefes sind Steuererleichterungen f\u00fcr in Luxemburg ans\u00e4ssige...\" \/>\n<meta property=\"og:url\" content=\"https:\/\/www.greenpeace.org\/luxembourg\/de\/aktualitaet\/15135\/offener-brief-von-greenpeace-luxemburg-und-mouvement-ecologique\/\" \/>\n<meta property=\"og:site_name\" content=\"Greenpeace Luxembourg\" \/>\n<meta property=\"article:publisher\" content=\"https:\/\/www.facebook.com\/greenpeaceluxembourg\" \/>\n<meta property=\"article:published_time\" content=\"2022-10-19T12:42:23+00:00\" \/>\n<meta property=\"article:modified_time\" content=\"2022-10-19T12:42:26+00:00\" \/>\n<meta property=\"og:image\" content=\"https:\/\/www.greenpeace.org\/static\/planet4-luxembourg-stateless\/2022\/10\/262b9a82-gp0sto94o_web_size.jpg\" \/>\n\t<meta property=\"og:image:width\" content=\"799\" \/>\n\t<meta property=\"og:image:height\" content=\"532\" \/>\n\t<meta property=\"og:image:type\" content=\"image\/jpeg\" \/>\n<meta name=\"author\" content=\"Esther Wildanger\" \/>\n<meta name=\"twitter:card\" content=\"summary_large_image\" \/>\n<meta name=\"twitter:label1\" content=\"Written by\" \/>\n\t<meta name=\"twitter:data1\" content=\"Esther Wildanger\" \/>\n\t<meta name=\"twitter:label2\" content=\"Est. reading time\" \/>\n\t<meta name=\"twitter:data2\" content=\"1 minute\" \/>\n<script type=\"application\/ld+json\" class=\"yoast-schema-graph\">{\"@context\":\"https:\/\/schema.org\",\"@graph\":[{\"@type\":\"Article\",\"@id\":\"https:\/\/www.greenpeace.org\/luxembourg\/de\/aktualitaet\/15135\/offener-brief-von-greenpeace-luxemburg-und-mouvement-ecologique\/#article\",\"isPartOf\":{\"@id\":\"https:\/\/www.greenpeace.org\/luxembourg\/de\/aktualitaet\/15135\/offener-brief-von-greenpeace-luxemburg-und-mouvement-ecologique\/\"},\"author\":{\"name\":\"Esther Wildanger\",\"@id\":\"https:\/\/www.greenpeace.org\/luxembourg\/fr\/#\/schema\/person\/3d0e81a859b59009fec36a8552ef76a7\"},\"headline\":\"Offener Brief von Greenpeace Luxemburg und Mouvement Ecologique\",\"datePublished\":\"2022-10-19T12:42:23+00:00\",\"dateModified\":\"2022-10-19T12:42:26+00:00\",\"mainEntityOfPage\":{\"@id\":\"https:\/\/www.greenpeace.org\/luxembourg\/de\/aktualitaet\/15135\/offener-brief-von-greenpeace-luxemburg-und-mouvement-ecologique\/\"},\"wordCount\":151,\"publisher\":{\"@id\":\"https:\/\/www.greenpeace.org\/luxembourg\/fr\/#organization\"},\"image\":{\"@id\":\"https:\/\/www.greenpeace.org\/luxembourg\/de\/aktualitaet\/15135\/offener-brief-von-greenpeace-luxemburg-und-mouvement-ecologique\/#primaryimage\"},\"thumbnailUrl\":\"https:\/\/www.greenpeace.org\/static\/planet4-luxembourg-stateless\/2022\/10\/262b9a82-gp0sto94o_web_size.jpg\",\"keywords\":[\"Luxemburg\",\"Nuklear\"],\"articleSection\":[\"Energie\"],\"inLanguage\":\"de-LU\"},{\"@type\":\"WebPage\",\"@id\":\"https:\/\/www.greenpeace.org\/luxembourg\/de\/aktualitaet\/15135\/offener-brief-von-greenpeace-luxemburg-und-mouvement-ecologique\/\",\"url\":\"https:\/\/www.greenpeace.org\/luxembourg\/de\/aktualitaet\/15135\/offener-brief-von-greenpeace-luxemburg-und-mouvement-ecologique\/\",\"name\":\"Offener Brief von Greenpeace Luxemburg und Mouvement Ecologique - Greenpeace Luxembourg\",\"isPartOf\":{\"@id\":\"https:\/\/www.greenpeace.org\/luxembourg\/fr\/#website\"},\"primaryImageOfPage\":{\"@id\":\"https:\/\/www.greenpeace.org\/luxembourg\/de\/aktualitaet\/15135\/offener-brief-von-greenpeace-luxemburg-und-mouvement-ecologique\/#primaryimage\"},\"image\":{\"@id\":\"https:\/\/www.greenpeace.org\/luxembourg\/de\/aktualitaet\/15135\/offener-brief-von-greenpeace-luxemburg-und-mouvement-ecologique\/#primaryimage\"},\"thumbnailUrl\":\"https:\/\/www.greenpeace.org\/static\/planet4-luxembourg-stateless\/2022\/10\/262b9a82-gp0sto94o_web_size.jpg\",\"datePublished\":\"2022-10-19T12:42:23+00:00\",\"dateModified\":\"2022-10-19T12:42:26+00:00\",\"breadcrumb\":{\"@id\":\"https:\/\/www.greenpeace.org\/luxembourg\/de\/aktualitaet\/15135\/offener-brief-von-greenpeace-luxemburg-und-mouvement-ecologique\/#breadcrumb\"},\"inLanguage\":\"de-LU\",\"potentialAction\":[{\"@type\":\"ReadAction\",\"target\":[\"https:\/\/www.greenpeace.org\/luxembourg\/de\/aktualitaet\/15135\/offener-brief-von-greenpeace-luxemburg-und-mouvement-ecologique\/\"]}]},{\"@type\":\"ImageObject\",\"inLanguage\":\"de-LU\",\"@id\":\"https:\/\/www.greenpeace.org\/luxembourg\/de\/aktualitaet\/15135\/offener-brief-von-greenpeace-luxemburg-und-mouvement-ecologique\/#primaryimage\",\"url\":\"https:\/\/www.greenpeace.org\/static\/planet4-luxembourg-stateless\/2022\/10\/262b9a82-gp0sto94o_web_size.jpg\",\"contentUrl\":\"https:\/\/www.greenpeace.org\/static\/planet4-luxembourg-stateless\/2022\/10\/262b9a82-gp0sto94o_web_size.jpg\",\"width\":799,\"height\":532,\"caption\":\"Greenpeace activists protest with tape bearing the message \\\"The End\\\" against the aging Tihange nuclear power plant in Belgium. Greenpeace Aktivisten protestieren am Atomkraftwerk Tihange (Belgien) gegen ueberalterte Atomkraftwerke. Aktivisten protestieren mit Atomfaesser und Abspeerband, Aufschrift:\\\"The End\\\".\"},{\"@type\":\"BreadcrumbList\",\"@id\":\"https:\/\/www.greenpeace.org\/luxembourg\/de\/aktualitaet\/15135\/offener-brief-von-greenpeace-luxemburg-und-mouvement-ecologique\/#breadcrumb\",\"itemListElement\":[{\"@type\":\"ListItem\",\"position\":1,\"name\":\"Home\",\"item\":\"http:\/\/www.greenpeace.org\/luxembourg\/fr\/\"},{\"@type\":\"ListItem\",\"position\":2,\"name\":\"Offener Brief von Greenpeace Luxemburg und Mouvement Ecologique\"}]},{\"@type\":\"WebSite\",\"@id\":\"https:\/\/www.greenpeace.org\/luxembourg\/fr\/#website\",\"url\":\"https:\/\/www.greenpeace.org\/luxembourg\/fr\/\",\"name\":\"Greenpeace Luxembourg\",\"description\":\"Greenpeace existiert, weil unsere Erde eine Stimme braucht. Sie ben\u00f6tigt L\u00f6sungen. Ver\u00e4nderungen. Aktionen.\",\"publisher\":{\"@id\":\"https:\/\/www.greenpeace.org\/luxembourg\/fr\/#organization\"},\"potentialAction\":[{\"@type\":\"SearchAction\",\"target\":{\"@type\":\"EntryPoint\",\"urlTemplate\":\"https:\/\/www.greenpeace.org\/luxembourg\/fr\/?s={search_term_string}\"},\"query-input\":{\"@type\":\"PropertyValueSpecification\",\"valueRequired\":true,\"valueName\":\"search_term_string\"}}],\"inLanguage\":\"de-LU\"},{\"@type\":\"Organization\",\"@id\":\"https:\/\/www.greenpeace.org\/luxembourg\/fr\/#organization\",\"name\":\"Greenpeace Luxembourg\",\"url\":\"https:\/\/www.greenpeace.org\/luxembourg\/fr\/\",\"logo\":{\"@type\":\"ImageObject\",\"inLanguage\":\"de-LU\",\"@id\":\"https:\/\/www.greenpeace.org\/luxembourg\/fr\/#\/schema\/logo\/image\/\",\"url\":\"https:\/\/www.greenpeace.org\/static\/planet4-luxembourg-stateless\/2026\/03\/3e367f94-greenpeace_logo_green_rgb.png\",\"contentUrl\":\"https:\/\/www.greenpeace.org\/static\/planet4-luxembourg-stateless\/2026\/03\/3e367f94-greenpeace_logo_green_rgb.png\",\"width\":1080,\"height\":175,\"caption\":\"Greenpeace Luxembourg\"},\"image\":{\"@id\":\"https:\/\/www.greenpeace.org\/luxembourg\/fr\/#\/schema\/logo\/image\/\"},\"sameAs\":[\"https:\/\/www.facebook.com\/greenpeaceluxembourg\",\"https:\/\/www.instagram.com\/greenpeacelux\/\",\"https:\/\/www.linkedin.com\/company\/greenpeace-luxembourg\/\",\"https:\/\/www.threads.com\/@greenpeacelux\",\"https:\/\/bsky.app\/profile\/greenpeacelux.bsky.social\",\"https:\/\/www.youtube.com\/@GreenpeaceLux\",\"https:\/\/www.tiktok.com\/@greenpeace_lux\"]},{\"@type\":\"Person\",\"@id\":\"https:\/\/www.greenpeace.org\/luxembourg\/fr\/#\/schema\/person\/3d0e81a859b59009fec36a8552ef76a7\",\"name\":\"Esther Wildanger\",\"url\":\"https:\/\/www.greenpeace.org\/luxembourg\/de\/author\/ewildang\/\"}]}<\/script>\n<!-- \/ Yoast SEO Premium plugin. -->","yoast_head_json":{"title":"Offener Brief von Greenpeace Luxemburg und Mouvement Ecologique - Greenpeace Luxembourg","robots":{"index":"index","follow":"follow","max-snippet":"max-snippet:-1","max-image-preview":"max-image-preview:large","max-video-preview":"max-video-preview:-1"},"canonical":"https:\/\/www.greenpeace.org\/luxembourg\/de\/aktualitaet\/15135\/offener-brief-von-greenpeace-luxemburg-und-mouvement-ecologique\/","og_locale":"de_DE","og_type":"article","og_title":"Offener Brief von Greenpeace Luxemburg und Mouvement Ecologique","og_description":"Am 19. Oktober 2022 haben Greenpeace Luxemburg und Mouvement Ecologique gemeinsam einen offenen Brief an Minister Xavier Bettel adressiert. Betreff dieses Briefes sind Steuererleichterungen f\u00fcr in Luxemburg ans\u00e4ssige...","og_url":"https:\/\/www.greenpeace.org\/luxembourg\/de\/aktualitaet\/15135\/offener-brief-von-greenpeace-luxemburg-und-mouvement-ecologique\/","og_site_name":"Greenpeace Luxembourg","article_publisher":"https:\/\/www.facebook.com\/greenpeaceluxembourg","article_published_time":"2022-10-19T12:42:23+00:00","article_modified_time":"2022-10-19T12:42:26+00:00","og_image":[{"width":799,"height":532,"url":"https:\/\/www.greenpeace.org\/static\/planet4-luxembourg-stateless\/2022\/10\/262b9a82-gp0sto94o_web_size.jpg","type":"image\/jpeg"}],"author":"Esther Wildanger","twitter_card":"summary_large_image","twitter_misc":{"Written by":"Esther Wildanger","Est. reading time":"1 minute"},"schema":{"@context":"https:\/\/schema.org","@graph":[{"@type":"Article","@id":"https:\/\/www.greenpeace.org\/luxembourg\/de\/aktualitaet\/15135\/offener-brief-von-greenpeace-luxemburg-und-mouvement-ecologique\/#article","isPartOf":{"@id":"https:\/\/www.greenpeace.org\/luxembourg\/de\/aktualitaet\/15135\/offener-brief-von-greenpeace-luxemburg-und-mouvement-ecologique\/"},"author":{"name":"Esther Wildanger","@id":"https:\/\/www.greenpeace.org\/luxembourg\/fr\/#\/schema\/person\/3d0e81a859b59009fec36a8552ef76a7"},"headline":"Offener Brief von Greenpeace Luxemburg und Mouvement Ecologique","datePublished":"2022-10-19T12:42:23+00:00","dateModified":"2022-10-19T12:42:26+00:00","mainEntityOfPage":{"@id":"https:\/\/www.greenpeace.org\/luxembourg\/de\/aktualitaet\/15135\/offener-brief-von-greenpeace-luxemburg-und-mouvement-ecologique\/"},"wordCount":151,"publisher":{"@id":"https:\/\/www.greenpeace.org\/luxembourg\/fr\/#organization"},"image":{"@id":"https:\/\/www.greenpeace.org\/luxembourg\/de\/aktualitaet\/15135\/offener-brief-von-greenpeace-luxemburg-und-mouvement-ecologique\/#primaryimage"},"thumbnailUrl":"https:\/\/www.greenpeace.org\/static\/planet4-luxembourg-stateless\/2022\/10\/262b9a82-gp0sto94o_web_size.jpg","keywords":["Luxemburg","Nuklear"],"articleSection":["Energie"],"inLanguage":"de-LU"},{"@type":"WebPage","@id":"https:\/\/www.greenpeace.org\/luxembourg\/de\/aktualitaet\/15135\/offener-brief-von-greenpeace-luxemburg-und-mouvement-ecologique\/","url":"https:\/\/www.greenpeace.org\/luxembourg\/de\/aktualitaet\/15135\/offener-brief-von-greenpeace-luxemburg-und-mouvement-ecologique\/","name":"Offener Brief von Greenpeace Luxemburg und Mouvement Ecologique - Greenpeace Luxembourg","isPartOf":{"@id":"https:\/\/www.greenpeace.org\/luxembourg\/fr\/#website"},"primaryImageOfPage":{"@id":"https:\/\/www.greenpeace.org\/luxembourg\/de\/aktualitaet\/15135\/offener-brief-von-greenpeace-luxemburg-und-mouvement-ecologique\/#primaryimage"},"image":{"@id":"https:\/\/www.greenpeace.org\/luxembourg\/de\/aktualitaet\/15135\/offener-brief-von-greenpeace-luxemburg-und-mouvement-ecologique\/#primaryimage"},"thumbnailUrl":"https:\/\/www.greenpeace.org\/static\/planet4-luxembourg-stateless\/2022\/10\/262b9a82-gp0sto94o_web_size.jpg","datePublished":"2022-10-19T12:42:23+00:00","dateModified":"2022-10-19T12:42:26+00:00","breadcrumb":{"@id":"https:\/\/www.greenpeace.org\/luxembourg\/de\/aktualitaet\/15135\/offener-brief-von-greenpeace-luxemburg-und-mouvement-ecologique\/#breadcrumb"},"inLanguage":"de-LU","potentialAction":[{"@type":"ReadAction","target":["https:\/\/www.greenpeace.org\/luxembourg\/de\/aktualitaet\/15135\/offener-brief-von-greenpeace-luxemburg-und-mouvement-ecologique\/"]}]},{"@type":"ImageObject","inLanguage":"de-LU","@id":"https:\/\/www.greenpeace.org\/luxembourg\/de\/aktualitaet\/15135\/offener-brief-von-greenpeace-luxemburg-und-mouvement-ecologique\/#primaryimage","url":"https:\/\/www.greenpeace.org\/static\/planet4-luxembourg-stateless\/2022\/10\/262b9a82-gp0sto94o_web_size.jpg","contentUrl":"https:\/\/www.greenpeace.org\/static\/planet4-luxembourg-stateless\/2022\/10\/262b9a82-gp0sto94o_web_size.jpg","width":799,"height":532,"caption":"Greenpeace activists protest with tape bearing the message \"The End\" against the aging Tihange nuclear power plant in Belgium. Greenpeace Aktivisten protestieren am Atomkraftwerk Tihange (Belgien) gegen ueberalterte Atomkraftwerke. Aktivisten protestieren mit Atomfaesser und Abspeerband, Aufschrift:\"The End\"."},{"@type":"BreadcrumbList","@id":"https:\/\/www.greenpeace.org\/luxembourg\/de\/aktualitaet\/15135\/offener-brief-von-greenpeace-luxemburg-und-mouvement-ecologique\/#breadcrumb","itemListElement":[{"@type":"ListItem","position":1,"name":"Home","item":"http:\/\/www.greenpeace.org\/luxembourg\/fr\/"},{"@type":"ListItem","position":2,"name":"Offener Brief von Greenpeace Luxemburg und Mouvement Ecologique"}]},{"@type":"WebSite","@id":"https:\/\/www.greenpeace.org\/luxembourg\/fr\/#website","url":"https:\/\/www.greenpeace.org\/luxembourg\/fr\/","name":"Greenpeace Luxembourg","description":"Greenpeace existiert, weil unsere Erde eine Stimme braucht. Sie ben\u00f6tigt L\u00f6sungen. Ver\u00e4nderungen. Aktionen.","publisher":{"@id":"https:\/\/www.greenpeace.org\/luxembourg\/fr\/#organization"},"potentialAction":[{"@type":"SearchAction","target":{"@type":"EntryPoint","urlTemplate":"https:\/\/www.greenpeace.org\/luxembourg\/fr\/?s={search_term_string}"},"query-input":{"@type":"PropertyValueSpecification","valueRequired":true,"valueName":"search_term_string"}}],"inLanguage":"de-LU"},{"@type":"Organization","@id":"https:\/\/www.greenpeace.org\/luxembourg\/fr\/#organization","name":"Greenpeace Luxembourg","url":"https:\/\/www.greenpeace.org\/luxembourg\/fr\/","logo":{"@type":"ImageObject","inLanguage":"de-LU","@id":"https:\/\/www.greenpeace.org\/luxembourg\/fr\/#\/schema\/logo\/image\/","url":"https:\/\/www.greenpeace.org\/static\/planet4-luxembourg-stateless\/2026\/03\/3e367f94-greenpeace_logo_green_rgb.png","contentUrl":"https:\/\/www.greenpeace.org\/static\/planet4-luxembourg-stateless\/2026\/03\/3e367f94-greenpeace_logo_green_rgb.png","width":1080,"height":175,"caption":"Greenpeace Luxembourg"},"image":{"@id":"https:\/\/www.greenpeace.org\/luxembourg\/fr\/#\/schema\/logo\/image\/"},"sameAs":["https:\/\/www.facebook.com\/greenpeaceluxembourg","https:\/\/www.instagram.com\/greenpeacelux\/","https:\/\/www.linkedin.com\/company\/greenpeace-luxembourg\/","https:\/\/www.threads.com\/@greenpeacelux","https:\/\/bsky.app\/profile\/greenpeacelux.bsky.social","https:\/\/www.youtube.com\/@GreenpeaceLux","https:\/\/www.tiktok.com\/@greenpeace_lux"]},{"@type":"Person","@id":"https:\/\/www.greenpeace.org\/luxembourg\/fr\/#\/schema\/person\/3d0e81a859b59009fec36a8552ef76a7","name":"Esther Wildanger","url":"https:\/\/www.greenpeace.org\/luxembourg\/de\/author\/ewildang\/"}]}},"_links":{"self":[{"href":"https:\/\/www.greenpeace.org\/luxembourg\/de\/wp-json\/wp\/v2\/posts\/15135","targetHints":{"allow":["GET"]}}],"collection":[{"href":"https:\/\/www.greenpeace.org\/luxembourg\/de\/wp-json\/wp\/v2\/posts"}],"about":[{"href":"https:\/\/www.greenpeace.org\/luxembourg\/de\/wp-json\/wp\/v2\/types\/post"}],"author":[{"embeddable":true,"href":"https:\/\/www.greenpeace.org\/luxembourg\/de\/wp-json\/wp\/v2\/users\/25"}],"replies":[{"embeddable":true,"href":"https:\/\/www.greenpeace.org\/luxembourg\/de\/wp-json\/wp\/v2\/comments?post=15135"}],"version-history":[{"count":3,"href":"https:\/\/www.greenpeace.org\/luxembourg\/de\/wp-json\/wp\/v2\/posts\/15135\/revisions"}],"predecessor-version":[{"id":15138,"href":"https:\/\/www.greenpeace.org\/luxembourg\/de\/wp-json\/wp\/v2\/posts\/15135\/revisions\/15138"}],"wp:featuredmedia":[{"embeddable":true,"href":"https:\/\/www.greenpeace.org\/luxembourg\/de\/wp-json\/wp\/v2\/media\/15132"}],"wp:attachment":[{"href":"https:\/\/www.greenpeace.org\/luxembourg\/de\/wp-json\/wp\/v2\/media?parent=15135"}],"wp:term":[{"taxonomy":"category","embeddable":true,"href":"https:\/\/www.greenpeace.org\/luxembourg\/de\/wp-json\/wp\/v2\/categories?post=15135"},{"taxonomy":"post_tag","embeddable":true,"href":"https:\/\/www.greenpeace.org\/luxembourg\/de\/wp-json\/wp\/v2\/tags?post=15135"},{"taxonomy":"p4-page-type","embeddable":true,"href":"https:\/\/www.greenpeace.org\/luxembourg\/de\/wp-json\/wp\/v2\/p4-page-type?post=15135"}],"curies":[{"name":"wp","href":"https:\/\/api.w.org\/{rel}","templated":true}]}}