{"id":16285,"date":"2022-12-03T15:18:13","date_gmt":"2022-12-03T13:18:13","guid":{"rendered":"https:\/\/www.greenpeace.org\/luxembourg\/?p=16285"},"modified":"2022-12-03T15:18:16","modified_gmt":"2022-12-03T13:18:16","slug":"dieses-jahr-wuenschen-wir-uns-anlaesslich-der-feiertage-einen-pensionsfonds-der-das-klima-schuetzt-und-die-menschenrechte-respektiert","status":"publish","type":"post","link":"https:\/\/www.greenpeace.org\/luxembourg\/de\/presseerklaerungen\/16285\/dieses-jahr-wuenschen-wir-uns-anlaesslich-der-feiertage-einen-pensionsfonds-der-das-klima-schuetzt-und-die-menschenrechte-respektiert\/","title":{"rendered":"Dieses Jahr w\u00fcnschen wir uns anl\u00e4sslich der Feiertage einen Pensionsfonds, der das Klima sch\u00fctzt und die Menschenrechte respektiert!"},"content":{"rendered":"\n<p><strong><em>Luxemburg<\/em>, 1. Dezember 2022 &#8211; Heute starten Action Solidarit\u00e9 Tiers Monde (ASTM) und&nbsp;Greenpeace Luxemburg eine <a href=\"https:\/\/www.greenpeace.org\/luxembourg\/fr\/calendrier-de-l-avent\/\">Adventskalender-Aktion<\/a> zum Thema Investitionen des Pensionsfonds (FDC), welche an den Minister f\u00fcr soziale Sicherheit, Claude Haagen,&nbsp; gerichtet ist. Bei dieser Gelegenheit wiederholen die beiden NGOs ihre Forderung,&nbsp; eine Investitionsstrategie f\u00fcr den Fonds zu verabschieden, die das Klima sch\u00fctzt und&nbsp; Menschenrechte respektiert. Die Strategie soll bis Ende des Jahres verabschiedet&nbsp; werden. Die breite \u00d6ffentlichkeit und insbesondere diejenigen Personen, die in den&nbsp; Fonds einzahlen, werden eingeladen, sich an der Aktion zu beteiligen.&nbsp;&nbsp;<\/strong><\/p>\n\n<p>W\u00e4hrend Luxemburg sich als wichtiger Akteur im Bereich der nachhaltigen Finanzen&nbsp; versteht, investiert der FDC weiterhin \u00f6ffentliche Gelder in Unternehmen, die gegen&nbsp; Menschenrechte versto\u00dfen und die Klimakrise anheizen. [1]<sup> <\/sup>Durch seine Investitionen tr\u00e4gt der&nbsp; FDC dazu bei, dass das Recht auf Leben, das Recht auf Gesundheit, die Rechte von&nbsp; Arbeitnehmer:innen sowie das Recht auf Freiheit und Sicherheit der Person verletzt werden.&nbsp; Dar\u00fcber hinaus finanziert der FDC die Klimakrise, Wasser- und Luftverschmutzung sowie die&nbsp; Zerst\u00f6rung von Lebensr\u00e4umen und nat\u00fcrlichen Ressourcen, obwohl eine saubere, gesunde&nbsp; und nachhaltige Umwelt ein Menschenrecht ist.[2]<sup> <\/sup>Dies ist nicht nur inakzeptabel, sondern&nbsp; steht auch im Widerspruch zu einer Vielzahl von internationalen Instrumenten, die von der&nbsp; luxemburgischen Regierung ratifiziert wurden.&nbsp;<\/p>\n\n<p>Angesichts der Tatsache, dass der FDC derzeit seine Investitionsstrategie f\u00fcr die n\u00e4chsten&nbsp; f\u00fcnf Jahre \u00fcberarbeitet, fordern ASTM und Greenpeace Claude Haagen als den f\u00fcr den FDC&nbsp; zust\u00e4ndigen Minister auf, keiner Investitionsstrategie des FDC zuzustimmen, die nicht im&nbsp; Einklang mit den von Luxemburg ratifizierten internationalen Vertr\u00e4gen steht, und&nbsp; sicherzustellen, dass das Mandat des FDC im Einklang mit der Achtung der Menschen- und&nbsp; Arbeitnehmerrechte sowie den Klimazielen des Pariser Abkommens steht.&nbsp;&nbsp;<\/p>\n\n<p>B\u00fcrger:innen, die sich an der Aktion beteiligen m\u00f6chten, k\u00f6nnen \u00fcber die Website der beiden&nbsp; Organisationen einen Brief mit ihrem pers\u00f6nlichen Wunsch f\u00fcr den Pensionsfonds an&nbsp; Minister Claude Haagen schicken.&nbsp;<\/p>\n\n<hr class=\"wp-block-separator has-alpha-channel-opacity is-style-wide\"\/>\n\n<p>[1] <a href=\"https:\/\/www.greenpeace.org\/luxembourg\/de\/presseerklaerungen\/14078\/schmutzig-und-gefahrlich-wie-der-staatliche-pensionsfonds-luxemburgs-die-klimakrise-anheizt-und-beim-schutz-der-menschenrechte-versagt\/\">Rezente Analyse<\/a> des FDC-Portfolios, die von Nextra Consulting im Auftrag von ASTM und&nbsp; Greenpeace durchgef\u00fchrt wurde<\/p>\n\n<p>[2] Resolution 48\/13 des Menschenrechtsrats der Vereinten Nationen, https:\/\/undocs.org\/fr\/A\/HRC\/RES\/48\/13<\/p>\n","protected":false},"excerpt":{"rendered":"<p>Heute starten Action Solidarit\u00e9 Tiers Monde (ASTM) und Greenpeace Luxemburg eine Adventskalender-Aktion zum Thema Investitionen des&nbsp; Pensionsfonds (FDC), welche an den Minister f\u00fcr soziale Sicherheit, Claude Haagen&#8230;<\/p>\n","protected":false},"author":25,"featured_media":16030,"comment_status":"closed","ping_status":"closed","sticky":false,"template":"","format":"standard","meta":{"ep_exclude_from_search":false,"p4_og_title":"","p4_og_description":"","p4_og_image":"","p4_og_image_id":"","p4_seo_canonical_url":"","p4_campaign_name":"not set","p4_local_project":"not set","p4_basket_name":"not set","p4_department":"","footnotes":""},"categories":[24],"tags":[96,98],"p4-page-type":[69],"class_list":["post-16285","post","type-post","status-publish","format-standard","has-post-thumbnail","hentry","category-greenpeace","tag-finanzsektor","tag-gerechtigkeit","p4-page-type-presseerklaerungen"],"yoast_head":"<!-- This site is optimized with the Yoast SEO Premium plugin v23.9 (Yoast SEO v23.9) - https:\/\/yoast.com\/wordpress\/plugins\/seo\/ -->\n<title>Dieses Jahr w\u00fcnschen wir uns anl\u00e4sslich der Feiertage einen Pensionsfonds, der das Klima sch\u00fctzt und die Menschenrechte respektiert! - Greenpeace Luxembourg<\/title>\n<meta name=\"robots\" content=\"index, follow, max-snippet:-1, max-image-preview:large, max-video-preview:-1\" \/>\n<link rel=\"canonical\" href=\"https:\/\/www.greenpeace.org\/luxembourg\/de\/presseerklaerungen\/16285\/dieses-jahr-wuenschen-wir-uns-anlaesslich-der-feiertage-einen-pensionsfonds-der-das-klima-schuetzt-und-die-menschenrechte-respektiert\/\" \/>\n<meta property=\"og:locale\" content=\"de_DE\" \/>\n<meta property=\"og:type\" content=\"article\" \/>\n<meta property=\"og:title\" content=\"Dieses Jahr w\u00fcnschen wir uns anl\u00e4sslich der Feiertage einen Pensionsfonds, der das Klima sch\u00fctzt und die Menschenrechte respektiert!\" \/>\n<meta property=\"og:description\" content=\"Heute starten Action Solidarit\u00e9 Tiers Monde (ASTM) und Greenpeace Luxemburg eine Adventskalender-Aktion zum Thema Investitionen des&nbsp; Pensionsfonds (FDC), welche an den Minister f\u00fcr soziale Sicherheit, Claude Haagen...\" \/>\n<meta property=\"og:url\" content=\"https:\/\/www.greenpeace.org\/luxembourg\/de\/presseerklaerungen\/16285\/dieses-jahr-wuenschen-wir-uns-anlaesslich-der-feiertage-einen-pensionsfonds-der-das-klima-schuetzt-und-die-menschenrechte-respektiert\/\" \/>\n<meta property=\"og:site_name\" content=\"Greenpeace Luxembourg\" \/>\n<meta property=\"article:publisher\" content=\"https:\/\/www.facebook.com\/greenpeaceluxembourg\" \/>\n<meta property=\"article:published_time\" content=\"2022-12-03T13:18:13+00:00\" \/>\n<meta property=\"article:modified_time\" content=\"2022-12-03T13:18:16+00:00\" \/>\n<meta property=\"og:image\" content=\"https:\/\/www.greenpeace.org\/static\/planet4-luxembourg-stateless\/2022\/12\/20221130-Avent-ASM_GP-AH-1-scaled.jpg\" \/>\n\t<meta property=\"og:image:width\" content=\"2560\" \/>\n\t<meta property=\"og:image:height\" content=\"1707\" \/>\n\t<meta property=\"og:image:type\" content=\"image\/jpeg\" \/>\n<meta name=\"author\" content=\"Esther Wildanger\" \/>\n<meta name=\"twitter:card\" content=\"summary_large_image\" \/>\n<meta name=\"twitter:label1\" content=\"Written by\" \/>\n\t<meta name=\"twitter:data1\" content=\"Esther Wildanger\" \/>\n\t<meta name=\"twitter:label2\" content=\"Est. reading time\" \/>\n\t<meta name=\"twitter:data2\" content=\"2 minutes\" \/>\n<script type=\"application\/ld+json\" class=\"yoast-schema-graph\">{\"@context\":\"https:\/\/schema.org\",\"@graph\":[{\"@type\":\"Article\",\"@id\":\"https:\/\/www.greenpeace.org\/luxembourg\/de\/presseerklaerungen\/16285\/dieses-jahr-wuenschen-wir-uns-anlaesslich-der-feiertage-einen-pensionsfonds-der-das-klima-schuetzt-und-die-menschenrechte-respektiert\/#article\",\"isPartOf\":{\"@id\":\"https:\/\/www.greenpeace.org\/luxembourg\/de\/presseerklaerungen\/16285\/dieses-jahr-wuenschen-wir-uns-anlaesslich-der-feiertage-einen-pensionsfonds-der-das-klima-schuetzt-und-die-menschenrechte-respektiert\/\"},\"author\":{\"name\":\"Esther Wildanger\",\"@id\":\"https:\/\/www.greenpeace.org\/luxembourg\/fr\/#\/schema\/person\/3d0e81a859b59009fec36a8552ef76a7\"},\"headline\":\"Dieses Jahr w\u00fcnschen wir uns anl\u00e4sslich der Feiertage einen Pensionsfonds, der das Klima sch\u00fctzt und die Menschenrechte respektiert!\",\"datePublished\":\"2022-12-03T13:18:13+00:00\",\"dateModified\":\"2022-12-03T13:18:16+00:00\",\"mainEntityOfPage\":{\"@id\":\"https:\/\/www.greenpeace.org\/luxembourg\/de\/presseerklaerungen\/16285\/dieses-jahr-wuenschen-wir-uns-anlaesslich-der-feiertage-einen-pensionsfonds-der-das-klima-schuetzt-und-die-menschenrechte-respektiert\/\"},\"wordCount\":396,\"publisher\":{\"@id\":\"https:\/\/www.greenpeace.org\/luxembourg\/fr\/#organization\"},\"image\":{\"@id\":\"https:\/\/www.greenpeace.org\/luxembourg\/de\/presseerklaerungen\/16285\/dieses-jahr-wuenschen-wir-uns-anlaesslich-der-feiertage-einen-pensionsfonds-der-das-klima-schuetzt-und-die-menschenrechte-respektiert\/#primaryimage\"},\"thumbnailUrl\":\"https:\/\/www.greenpeace.org\/static\/planet4-luxembourg-stateless\/2022\/12\/20221130-Avent-ASM_GP-AH-1-scaled.jpg\",\"keywords\":[\"Finanzsektor\",\"Gerechtigkeit\"],\"articleSection\":[\"Greenpeace\"],\"inLanguage\":\"de-LU\"},{\"@type\":\"WebPage\",\"@id\":\"https:\/\/www.greenpeace.org\/luxembourg\/de\/presseerklaerungen\/16285\/dieses-jahr-wuenschen-wir-uns-anlaesslich-der-feiertage-einen-pensionsfonds-der-das-klima-schuetzt-und-die-menschenrechte-respektiert\/\",\"url\":\"https:\/\/www.greenpeace.org\/luxembourg\/de\/presseerklaerungen\/16285\/dieses-jahr-wuenschen-wir-uns-anlaesslich-der-feiertage-einen-pensionsfonds-der-das-klima-schuetzt-und-die-menschenrechte-respektiert\/\",\"name\":\"Dieses Jahr w\u00fcnschen wir uns anl\u00e4sslich der Feiertage einen Pensionsfonds, der das Klima sch\u00fctzt und die Menschenrechte respektiert! - Greenpeace Luxembourg\",\"isPartOf\":{\"@id\":\"https:\/\/www.greenpeace.org\/luxembourg\/fr\/#website\"},\"primaryImageOfPage\":{\"@id\":\"https:\/\/www.greenpeace.org\/luxembourg\/de\/presseerklaerungen\/16285\/dieses-jahr-wuenschen-wir-uns-anlaesslich-der-feiertage-einen-pensionsfonds-der-das-klima-schuetzt-und-die-menschenrechte-respektiert\/#primaryimage\"},\"image\":{\"@id\":\"https:\/\/www.greenpeace.org\/luxembourg\/de\/presseerklaerungen\/16285\/dieses-jahr-wuenschen-wir-uns-anlaesslich-der-feiertage-einen-pensionsfonds-der-das-klima-schuetzt-und-die-menschenrechte-respektiert\/#primaryimage\"},\"thumbnailUrl\":\"https:\/\/www.greenpeace.org\/static\/planet4-luxembourg-stateless\/2022\/12\/20221130-Avent-ASM_GP-AH-1-scaled.jpg\",\"datePublished\":\"2022-12-03T13:18:13+00:00\",\"dateModified\":\"2022-12-03T13:18:16+00:00\",\"breadcrumb\":{\"@id\":\"https:\/\/www.greenpeace.org\/luxembourg\/de\/presseerklaerungen\/16285\/dieses-jahr-wuenschen-wir-uns-anlaesslich-der-feiertage-einen-pensionsfonds-der-das-klima-schuetzt-und-die-menschenrechte-respektiert\/#breadcrumb\"},\"inLanguage\":\"de-LU\",\"potentialAction\":[{\"@type\":\"ReadAction\",\"target\":[\"https:\/\/www.greenpeace.org\/luxembourg\/de\/presseerklaerungen\/16285\/dieses-jahr-wuenschen-wir-uns-anlaesslich-der-feiertage-einen-pensionsfonds-der-das-klima-schuetzt-und-die-menschenrechte-respektiert\/\"]}]},{\"@type\":\"ImageObject\",\"inLanguage\":\"de-LU\",\"@id\":\"https:\/\/www.greenpeace.org\/luxembourg\/de\/presseerklaerungen\/16285\/dieses-jahr-wuenschen-wir-uns-anlaesslich-der-feiertage-einen-pensionsfonds-der-das-klima-schuetzt-und-die-menschenrechte-respektiert\/#primaryimage\",\"url\":\"https:\/\/www.greenpeace.org\/static\/planet4-luxembourg-stateless\/2022\/12\/20221130-Avent-ASM_GP-AH-1-scaled.jpg\",\"contentUrl\":\"https:\/\/www.greenpeace.org\/static\/planet4-luxembourg-stateless\/2022\/12\/20221130-Avent-ASM_GP-AH-1-scaled.jpg\",\"width\":2560,\"height\":1707},{\"@type\":\"BreadcrumbList\",\"@id\":\"https:\/\/www.greenpeace.org\/luxembourg\/de\/presseerklaerungen\/16285\/dieses-jahr-wuenschen-wir-uns-anlaesslich-der-feiertage-einen-pensionsfonds-der-das-klima-schuetzt-und-die-menschenrechte-respektiert\/#breadcrumb\",\"itemListElement\":[{\"@type\":\"ListItem\",\"position\":1,\"name\":\"Home\",\"item\":\"http:\/\/www.greenpeace.org\/luxembourg\/fr\/\"},{\"@type\":\"ListItem\",\"position\":2,\"name\":\"Dieses Jahr w\u00fcnschen wir uns anl\u00e4sslich der Feiertage einen Pensionsfonds, der das Klima sch\u00fctzt und die Menschenrechte respektiert!\"}]},{\"@type\":\"WebSite\",\"@id\":\"https:\/\/www.greenpeace.org\/luxembourg\/fr\/#website\",\"url\":\"https:\/\/www.greenpeace.org\/luxembourg\/fr\/\",\"name\":\"Greenpeace Luxembourg\",\"description\":\"Greenpeace existiert, weil unsere Erde eine Stimme braucht. Sie ben\u00f6tigt L\u00f6sungen. Ver\u00e4nderungen. Aktionen.\",\"publisher\":{\"@id\":\"https:\/\/www.greenpeace.org\/luxembourg\/fr\/#organization\"},\"potentialAction\":[{\"@type\":\"SearchAction\",\"target\":{\"@type\":\"EntryPoint\",\"urlTemplate\":\"https:\/\/www.greenpeace.org\/luxembourg\/fr\/?s={search_term_string}\"},\"query-input\":{\"@type\":\"PropertyValueSpecification\",\"valueRequired\":true,\"valueName\":\"search_term_string\"}}],\"inLanguage\":\"de-LU\"},{\"@type\":\"Organization\",\"@id\":\"https:\/\/www.greenpeace.org\/luxembourg\/fr\/#organization\",\"name\":\"Greenpeace Luxembourg\",\"url\":\"https:\/\/www.greenpeace.org\/luxembourg\/fr\/\",\"logo\":{\"@type\":\"ImageObject\",\"inLanguage\":\"de-LU\",\"@id\":\"https:\/\/www.greenpeace.org\/luxembourg\/fr\/#\/schema\/logo\/image\/\",\"url\":\"https:\/\/www.greenpeace.org\/static\/planet4-luxembourg-stateless\/2026\/03\/3e367f94-greenpeace_logo_green_rgb.png\",\"contentUrl\":\"https:\/\/www.greenpeace.org\/static\/planet4-luxembourg-stateless\/2026\/03\/3e367f94-greenpeace_logo_green_rgb.png\",\"width\":1080,\"height\":175,\"caption\":\"Greenpeace Luxembourg\"},\"image\":{\"@id\":\"https:\/\/www.greenpeace.org\/luxembourg\/fr\/#\/schema\/logo\/image\/\"},\"sameAs\":[\"https:\/\/www.facebook.com\/greenpeaceluxembourg\",\"https:\/\/www.instagram.com\/greenpeacelux\/\",\"https:\/\/www.linkedin.com\/company\/greenpeace-luxembourg\/\",\"https:\/\/www.threads.com\/@greenpeacelux\",\"https:\/\/bsky.app\/profile\/greenpeacelux.bsky.social\",\"https:\/\/www.youtube.com\/@GreenpeaceLux\",\"https:\/\/www.tiktok.com\/@greenpeace_lux\"]},{\"@type\":\"Person\",\"@id\":\"https:\/\/www.greenpeace.org\/luxembourg\/fr\/#\/schema\/person\/3d0e81a859b59009fec36a8552ef76a7\",\"name\":\"Esther Wildanger\",\"url\":\"https:\/\/www.greenpeace.org\/luxembourg\/de\/author\/ewildang\/\"}]}<\/script>\n<!-- \/ Yoast SEO Premium plugin. -->","yoast_head_json":{"title":"Dieses Jahr w\u00fcnschen wir uns anl\u00e4sslich der Feiertage einen Pensionsfonds, der das Klima sch\u00fctzt und die Menschenrechte respektiert! - Greenpeace Luxembourg","robots":{"index":"index","follow":"follow","max-snippet":"max-snippet:-1","max-image-preview":"max-image-preview:large","max-video-preview":"max-video-preview:-1"},"canonical":"https:\/\/www.greenpeace.org\/luxembourg\/de\/presseerklaerungen\/16285\/dieses-jahr-wuenschen-wir-uns-anlaesslich-der-feiertage-einen-pensionsfonds-der-das-klima-schuetzt-und-die-menschenrechte-respektiert\/","og_locale":"de_DE","og_type":"article","og_title":"Dieses Jahr w\u00fcnschen wir uns anl\u00e4sslich der Feiertage einen Pensionsfonds, der das Klima sch\u00fctzt und die Menschenrechte respektiert!","og_description":"Heute starten Action Solidarit\u00e9 Tiers Monde (ASTM) und Greenpeace Luxemburg eine Adventskalender-Aktion zum Thema Investitionen des&nbsp; Pensionsfonds (FDC), welche an den Minister f\u00fcr soziale Sicherheit, Claude Haagen...","og_url":"https:\/\/www.greenpeace.org\/luxembourg\/de\/presseerklaerungen\/16285\/dieses-jahr-wuenschen-wir-uns-anlaesslich-der-feiertage-einen-pensionsfonds-der-das-klima-schuetzt-und-die-menschenrechte-respektiert\/","og_site_name":"Greenpeace Luxembourg","article_publisher":"https:\/\/www.facebook.com\/greenpeaceluxembourg","article_published_time":"2022-12-03T13:18:13+00:00","article_modified_time":"2022-12-03T13:18:16+00:00","og_image":[{"width":2560,"height":1707,"url":"https:\/\/www.greenpeace.org\/static\/planet4-luxembourg-stateless\/2022\/12\/20221130-Avent-ASM_GP-AH-1-scaled.jpg","type":"image\/jpeg"}],"author":"Esther Wildanger","twitter_card":"summary_large_image","twitter_misc":{"Written by":"Esther Wildanger","Est. reading time":"2 minutes"},"schema":{"@context":"https:\/\/schema.org","@graph":[{"@type":"Article","@id":"https:\/\/www.greenpeace.org\/luxembourg\/de\/presseerklaerungen\/16285\/dieses-jahr-wuenschen-wir-uns-anlaesslich-der-feiertage-einen-pensionsfonds-der-das-klima-schuetzt-und-die-menschenrechte-respektiert\/#article","isPartOf":{"@id":"https:\/\/www.greenpeace.org\/luxembourg\/de\/presseerklaerungen\/16285\/dieses-jahr-wuenschen-wir-uns-anlaesslich-der-feiertage-einen-pensionsfonds-der-das-klima-schuetzt-und-die-menschenrechte-respektiert\/"},"author":{"name":"Esther Wildanger","@id":"https:\/\/www.greenpeace.org\/luxembourg\/fr\/#\/schema\/person\/3d0e81a859b59009fec36a8552ef76a7"},"headline":"Dieses Jahr w\u00fcnschen wir uns anl\u00e4sslich der Feiertage einen Pensionsfonds, der das Klima sch\u00fctzt und die Menschenrechte respektiert!","datePublished":"2022-12-03T13:18:13+00:00","dateModified":"2022-12-03T13:18:16+00:00","mainEntityOfPage":{"@id":"https:\/\/www.greenpeace.org\/luxembourg\/de\/presseerklaerungen\/16285\/dieses-jahr-wuenschen-wir-uns-anlaesslich-der-feiertage-einen-pensionsfonds-der-das-klima-schuetzt-und-die-menschenrechte-respektiert\/"},"wordCount":396,"publisher":{"@id":"https:\/\/www.greenpeace.org\/luxembourg\/fr\/#organization"},"image":{"@id":"https:\/\/www.greenpeace.org\/luxembourg\/de\/presseerklaerungen\/16285\/dieses-jahr-wuenschen-wir-uns-anlaesslich-der-feiertage-einen-pensionsfonds-der-das-klima-schuetzt-und-die-menschenrechte-respektiert\/#primaryimage"},"thumbnailUrl":"https:\/\/www.greenpeace.org\/static\/planet4-luxembourg-stateless\/2022\/12\/20221130-Avent-ASM_GP-AH-1-scaled.jpg","keywords":["Finanzsektor","Gerechtigkeit"],"articleSection":["Greenpeace"],"inLanguage":"de-LU"},{"@type":"WebPage","@id":"https:\/\/www.greenpeace.org\/luxembourg\/de\/presseerklaerungen\/16285\/dieses-jahr-wuenschen-wir-uns-anlaesslich-der-feiertage-einen-pensionsfonds-der-das-klima-schuetzt-und-die-menschenrechte-respektiert\/","url":"https:\/\/www.greenpeace.org\/luxembourg\/de\/presseerklaerungen\/16285\/dieses-jahr-wuenschen-wir-uns-anlaesslich-der-feiertage-einen-pensionsfonds-der-das-klima-schuetzt-und-die-menschenrechte-respektiert\/","name":"Dieses Jahr w\u00fcnschen wir uns anl\u00e4sslich der Feiertage einen Pensionsfonds, der das Klima sch\u00fctzt und die Menschenrechte respektiert! - Greenpeace Luxembourg","isPartOf":{"@id":"https:\/\/www.greenpeace.org\/luxembourg\/fr\/#website"},"primaryImageOfPage":{"@id":"https:\/\/www.greenpeace.org\/luxembourg\/de\/presseerklaerungen\/16285\/dieses-jahr-wuenschen-wir-uns-anlaesslich-der-feiertage-einen-pensionsfonds-der-das-klima-schuetzt-und-die-menschenrechte-respektiert\/#primaryimage"},"image":{"@id":"https:\/\/www.greenpeace.org\/luxembourg\/de\/presseerklaerungen\/16285\/dieses-jahr-wuenschen-wir-uns-anlaesslich-der-feiertage-einen-pensionsfonds-der-das-klima-schuetzt-und-die-menschenrechte-respektiert\/#primaryimage"},"thumbnailUrl":"https:\/\/www.greenpeace.org\/static\/planet4-luxembourg-stateless\/2022\/12\/20221130-Avent-ASM_GP-AH-1-scaled.jpg","datePublished":"2022-12-03T13:18:13+00:00","dateModified":"2022-12-03T13:18:16+00:00","breadcrumb":{"@id":"https:\/\/www.greenpeace.org\/luxembourg\/de\/presseerklaerungen\/16285\/dieses-jahr-wuenschen-wir-uns-anlaesslich-der-feiertage-einen-pensionsfonds-der-das-klima-schuetzt-und-die-menschenrechte-respektiert\/#breadcrumb"},"inLanguage":"de-LU","potentialAction":[{"@type":"ReadAction","target":["https:\/\/www.greenpeace.org\/luxembourg\/de\/presseerklaerungen\/16285\/dieses-jahr-wuenschen-wir-uns-anlaesslich-der-feiertage-einen-pensionsfonds-der-das-klima-schuetzt-und-die-menschenrechte-respektiert\/"]}]},{"@type":"ImageObject","inLanguage":"de-LU","@id":"https:\/\/www.greenpeace.org\/luxembourg\/de\/presseerklaerungen\/16285\/dieses-jahr-wuenschen-wir-uns-anlaesslich-der-feiertage-einen-pensionsfonds-der-das-klima-schuetzt-und-die-menschenrechte-respektiert\/#primaryimage","url":"https:\/\/www.greenpeace.org\/static\/planet4-luxembourg-stateless\/2022\/12\/20221130-Avent-ASM_GP-AH-1-scaled.jpg","contentUrl":"https:\/\/www.greenpeace.org\/static\/planet4-luxembourg-stateless\/2022\/12\/20221130-Avent-ASM_GP-AH-1-scaled.jpg","width":2560,"height":1707},{"@type":"BreadcrumbList","@id":"https:\/\/www.greenpeace.org\/luxembourg\/de\/presseerklaerungen\/16285\/dieses-jahr-wuenschen-wir-uns-anlaesslich-der-feiertage-einen-pensionsfonds-der-das-klima-schuetzt-und-die-menschenrechte-respektiert\/#breadcrumb","itemListElement":[{"@type":"ListItem","position":1,"name":"Home","item":"http:\/\/www.greenpeace.org\/luxembourg\/fr\/"},{"@type":"ListItem","position":2,"name":"Dieses Jahr w\u00fcnschen wir uns anl\u00e4sslich der Feiertage einen Pensionsfonds, der das Klima sch\u00fctzt und die Menschenrechte respektiert!"}]},{"@type":"WebSite","@id":"https:\/\/www.greenpeace.org\/luxembourg\/fr\/#website","url":"https:\/\/www.greenpeace.org\/luxembourg\/fr\/","name":"Greenpeace Luxembourg","description":"Greenpeace existiert, weil unsere Erde eine Stimme braucht. Sie ben\u00f6tigt L\u00f6sungen. Ver\u00e4nderungen. Aktionen.","publisher":{"@id":"https:\/\/www.greenpeace.org\/luxembourg\/fr\/#organization"},"potentialAction":[{"@type":"SearchAction","target":{"@type":"EntryPoint","urlTemplate":"https:\/\/www.greenpeace.org\/luxembourg\/fr\/?s={search_term_string}"},"query-input":{"@type":"PropertyValueSpecification","valueRequired":true,"valueName":"search_term_string"}}],"inLanguage":"de-LU"},{"@type":"Organization","@id":"https:\/\/www.greenpeace.org\/luxembourg\/fr\/#organization","name":"Greenpeace Luxembourg","url":"https:\/\/www.greenpeace.org\/luxembourg\/fr\/","logo":{"@type":"ImageObject","inLanguage":"de-LU","@id":"https:\/\/www.greenpeace.org\/luxembourg\/fr\/#\/schema\/logo\/image\/","url":"https:\/\/www.greenpeace.org\/static\/planet4-luxembourg-stateless\/2026\/03\/3e367f94-greenpeace_logo_green_rgb.png","contentUrl":"https:\/\/www.greenpeace.org\/static\/planet4-luxembourg-stateless\/2026\/03\/3e367f94-greenpeace_logo_green_rgb.png","width":1080,"height":175,"caption":"Greenpeace Luxembourg"},"image":{"@id":"https:\/\/www.greenpeace.org\/luxembourg\/fr\/#\/schema\/logo\/image\/"},"sameAs":["https:\/\/www.facebook.com\/greenpeaceluxembourg","https:\/\/www.instagram.com\/greenpeacelux\/","https:\/\/www.linkedin.com\/company\/greenpeace-luxembourg\/","https:\/\/www.threads.com\/@greenpeacelux","https:\/\/bsky.app\/profile\/greenpeacelux.bsky.social","https:\/\/www.youtube.com\/@GreenpeaceLux","https:\/\/www.tiktok.com\/@greenpeace_lux"]},{"@type":"Person","@id":"https:\/\/www.greenpeace.org\/luxembourg\/fr\/#\/schema\/person\/3d0e81a859b59009fec36a8552ef76a7","name":"Esther Wildanger","url":"https:\/\/www.greenpeace.org\/luxembourg\/de\/author\/ewildang\/"}]}},"_links":{"self":[{"href":"https:\/\/www.greenpeace.org\/luxembourg\/de\/wp-json\/wp\/v2\/posts\/16285","targetHints":{"allow":["GET"]}}],"collection":[{"href":"https:\/\/www.greenpeace.org\/luxembourg\/de\/wp-json\/wp\/v2\/posts"}],"about":[{"href":"https:\/\/www.greenpeace.org\/luxembourg\/de\/wp-json\/wp\/v2\/types\/post"}],"author":[{"embeddable":true,"href":"https:\/\/www.greenpeace.org\/luxembourg\/de\/wp-json\/wp\/v2\/users\/25"}],"replies":[{"embeddable":true,"href":"https:\/\/www.greenpeace.org\/luxembourg\/de\/wp-json\/wp\/v2\/comments?post=16285"}],"version-history":[{"count":2,"href":"https:\/\/www.greenpeace.org\/luxembourg\/de\/wp-json\/wp\/v2\/posts\/16285\/revisions"}],"predecessor-version":[{"id":16287,"href":"https:\/\/www.greenpeace.org\/luxembourg\/de\/wp-json\/wp\/v2\/posts\/16285\/revisions\/16287"}],"wp:featuredmedia":[{"embeddable":true,"href":"https:\/\/www.greenpeace.org\/luxembourg\/de\/wp-json\/wp\/v2\/media\/16030"}],"wp:attachment":[{"href":"https:\/\/www.greenpeace.org\/luxembourg\/de\/wp-json\/wp\/v2\/media?parent=16285"}],"wp:term":[{"taxonomy":"category","embeddable":true,"href":"https:\/\/www.greenpeace.org\/luxembourg\/de\/wp-json\/wp\/v2\/categories?post=16285"},{"taxonomy":"post_tag","embeddable":true,"href":"https:\/\/www.greenpeace.org\/luxembourg\/de\/wp-json\/wp\/v2\/tags?post=16285"},{"taxonomy":"p4-page-type","embeddable":true,"href":"https:\/\/www.greenpeace.org\/luxembourg\/de\/wp-json\/wp\/v2\/p4-page-type?post=16285"}],"curies":[{"name":"wp","href":"https:\/\/api.w.org\/{rel}","templated":true}]}}