{"id":16332,"date":"2022-12-12T17:09:58","date_gmt":"2022-12-12T15:09:58","guid":{"rendered":"https:\/\/www.greenpeace.org\/luxembourg\/aktualitaet\/16332\/eu-erzielt-politische-einigung-zur-bekaempfung-der-weltweiten-waldzerstoerung\/"},"modified":"2022-12-12T17:11:39","modified_gmt":"2022-12-12T15:11:39","slug":"eu-erzielt-politische-einigung-zur-bekaempfung-der-weltweiten-waldzerstoerung","status":"publish","type":"post","link":"https:\/\/www.greenpeace.org\/luxembourg\/de\/aktualitaet\/16332\/eu-erzielt-politische-einigung-zur-bekaempfung-der-weltweiten-waldzerstoerung\/","title":{"rendered":"EU erzielt politische Einigung zur Bek\u00e4mpfung der weltweiten Waldzerst\u00f6rung"},"content":{"rendered":"\n<p><strong>Es ist ein historischer Schritt f\u00fcr den internationalen Waldschutz: Dienstagmorgen wurden die Verhandlungen \u00fcber ein europ\u00e4isches Gesetz zur Bek\u00e4mpfung der weltweiten Entwaldung erfolgreich abgeschlossen. Die <a href=\"https:\/\/ec.europa.eu\/commission\/presscorner\/detail\/en\/IP_22_7444\">neue Verordnung<\/a> des Europ\u00e4ischen Parlaments und des nationalen Rats verpflichtet Unternehmen, deren Waren in der EU in Verkehr gebracht werden dazu nicht l\u00e4nger zur Entwaldung und Waldsch\u00e4digung in der EU und anderswo in der Welt beizutragen und verlangt zus\u00e4tzlich den Nachweis \u00fcber entwaldungsfreie Lieferketten, angefangen bei der landwirtschaftlichen Nutzfl\u00e4che bis hin zu den Regalen der Superm\u00e4rkte.<\/strong><\/p>\n\n<p>Obwohl diese Verordnung vielversprechend klingt, warnt Greenpeace vor etwaigen L\u00fccken im Gesetzestext. Unter den Schutz dieses Gesetzes fallen vor allem W\u00e4lder, andere \u00d6kosysteme wie das Cerrado in Brasilien werden jedoch nicht erw\u00e4hnt. Dieses artenreiche \u00d6kosystem, mit einer Fl\u00e4che so gro\u00df wie die H\u00e4lfte der EU, wird weitesgehend von der Agrarindustrie f\u00fcr den Anbau von nach Europa importiertem Soja zerst\u00f6rt. <\/p>\n\n<p>Ebenso wenig werden die Menschenrechte und insbesondere die der indigenen V\u00f6lker nicht ausreichend durch diesen Text gesch\u00fctzt. Trotz des Willens des Parlaments, die international anerkannten Menschenrechte zu verteidigen, verlangt die neue Verordnung die Einhaltung des Rechts auf vorherige, freie und informierte Zustimmung der indigenen V\u00f6lker nur dann, wenn das Erzeugerland dieses Recht garantiert.<\/p>\n\n<p>&#8220;<em>Es handelt sich um einen gro\u00dfen Fortschritt f\u00fcr Mensch und Umwelt, vor allem f\u00fcr all diejenigen, die sich f\u00fcr den Schutz der W\u00e4lder eingesetzt haben: dieses Gesetz wird viele Unternehmen daran hindern ihren Nutzen aus der Waldzerst\u00f6rung zu ziehen<\/em>&#8220;, erkl\u00e4rt Eric Moranval, Kampagner f\u00fcr W\u00e4lder bei Greenpeace Frankreich. &#8220;<em>Aber bleiben wir realistisch: Diese Verordnung wird indigenen V\u00f6lkern, die mit ihrem Blut f\u00fcr den Schutz der Natur zahlen, nur wenig Sicherheit bieten und enth\u00e4lt zu viele Schlupfl\u00f6cher, die einigen Forstindustrien zugutekommen. Wir werden in den kommenden Jahren besonders wachsam bleiben: Die EU muss ihren Handlungsspielraum erweitern, um auch den Finanzsektor einzubeziehen. Au\u00dferdem muss der Schutz der Natur allumfassend sein und nicht nur die W\u00e4lder einbeziehen.<\/em>&#8220;<\/p>\n\n<p>Das Gesetz gilt f\u00fcr Unternehmen, die Soja, Rindfleisch, Palm\u00f6l, Holz, Kautschuk, Kakao und Kaffee sowie daraus hergestellte Erzeugnisse wie Leder, Schokolade oder M\u00f6bel verkaufen. Bei diesen Waren handelt es sich um einen riesen Fortschritt. Derzeit haben B\u00fcrger:innen der EU keine Garantie, dass die Artikel in ihrem Einkaufskorb nicht zur Waldzerst\u00f6rung beigetragen haben.<\/p>\n\n<p>Eine \u00dcberarbeitung der Verordnung ist zwei Jahre nach ihrem Inkrafttreten geplant: Diese wird potenziell mehr \u00d6kosysteme wie Torfmoore und Feuchtgebiete sch\u00fctzen, europ\u00e4ische Finanzinstitutionen einbeziehen und ein breiteres Spektrum an Waren wie Mais und Agrarkraftstoffe abdecken.<\/p>\n\n<p>Anfang 2023 muss das Europ\u00e4ische Parlament diese neue EU-Regelung in einer Plenarabstimmung guthei\u00dfen, w\u00e4hrend die Mitgliedsl\u00e4nder ihre offizielle Zustimmung bei einem Ministertreffen abgeben. Das Gesetz sollte im Prinzip in eineinhalb Jahren in Kraft treten. <\/p>\n\n<hr class=\"wp-block-separator has-alpha-channel-opacity is-style-wide\"\/>\n\n<p>Quelle: <a href=\"https:\/\/www.greenpeace.fr\/espace-presse\/deforestation-importee-lunion-europeenne-adopte-une-reglementation-ambitieuse-mais-imparfaite\/\">Greenpeace Frankreich<\/a><\/p>\n","protected":false},"excerpt":{"rendered":"<p>Es ist ein historischer Schritt f\u00fcr den internationalen Waldschutz: Dienstagmorgen wurden die Verhandlungen \u00fcber ein europ\u00e4isches Gesetz zur Bek\u00e4mpfung der weltweiten Entwaldung erfolgreich abgeschlossen. Die neue Verordnung des Europ\u00e4ischen Parlaments&#8230;<\/p>\n","protected":false},"author":25,"featured_media":16325,"comment_status":"closed","ping_status":"closed","sticky":false,"template":"","format":"standard","meta":{"ep_exclude_from_search":false,"p4_og_title":"","p4_og_description":"","p4_og_image":"","p4_og_image_id":"","p4_seo_canonical_url":"","p4_campaign_name":"not set","p4_local_project":"not set","p4_basket_name":"not set","p4_department":"","footnotes":""},"categories":[47],"tags":[102],"p4-page-type":[68],"class_list":["post-16332","post","type-post","status-publish","format-standard","has-post-thumbnail","hentry","category-natur","tag-urwalder","p4-page-type-aktualitaet"],"yoast_head":"<!-- This site is optimized with the Yoast SEO Premium plugin v23.9 (Yoast SEO v23.9) - https:\/\/yoast.com\/wordpress\/plugins\/seo\/ -->\n<title>EU erzielt politische Einigung zur Bek\u00e4mpfung der weltweiten Waldzerst\u00f6rung - Greenpeace Luxembourg<\/title>\n<meta name=\"robots\" content=\"index, follow, max-snippet:-1, max-image-preview:large, max-video-preview:-1\" \/>\n<link rel=\"canonical\" href=\"https:\/\/www.greenpeace.org\/luxembourg\/de\/aktualitaet\/16332\/eu-erzielt-politische-einigung-zur-bekaempfung-der-weltweiten-waldzerstoerung\/\" \/>\n<meta property=\"og:locale\" content=\"de_DE\" \/>\n<meta property=\"og:type\" content=\"article\" \/>\n<meta property=\"og:title\" content=\"EU erzielt politische Einigung zur Bek\u00e4mpfung der weltweiten Waldzerst\u00f6rung\" \/>\n<meta property=\"og:description\" content=\"Es ist ein historischer Schritt f\u00fcr den internationalen Waldschutz: Dienstagmorgen wurden die Verhandlungen \u00fcber ein europ\u00e4isches Gesetz zur Bek\u00e4mpfung der weltweiten Entwaldung erfolgreich abgeschlossen. Die neue Verordnung des Europ\u00e4ischen Parlaments...\" \/>\n<meta property=\"og:url\" content=\"https:\/\/www.greenpeace.org\/luxembourg\/de\/aktualitaet\/16332\/eu-erzielt-politische-einigung-zur-bekaempfung-der-weltweiten-waldzerstoerung\/\" \/>\n<meta property=\"og:site_name\" content=\"Greenpeace Luxembourg\" \/>\n<meta property=\"article:publisher\" content=\"https:\/\/www.facebook.com\/greenpeaceluxembourg\" \/>\n<meta property=\"article:published_time\" content=\"2022-12-12T15:09:58+00:00\" \/>\n<meta property=\"article:modified_time\" content=\"2022-12-12T15:11:39+00:00\" \/>\n<meta property=\"og:image\" content=\"https:\/\/www.greenpeace.org\/static\/planet4-luxembourg-stateless\/2022\/12\/42d59a88-gp1sug8n_web_size.jpg\" \/>\n\t<meta property=\"og:image:width\" content=\"800\" \/>\n\t<meta property=\"og:image:height\" content=\"533\" \/>\n\t<meta property=\"og:image:type\" content=\"image\/jpeg\" \/>\n<meta name=\"author\" content=\"Esther Wildanger\" \/>\n<meta name=\"twitter:card\" content=\"summary_large_image\" \/>\n<meta name=\"twitter:label1\" content=\"Written by\" \/>\n\t<meta name=\"twitter:data1\" content=\"Esther Wildanger\" \/>\n\t<meta name=\"twitter:label2\" content=\"Est. reading time\" \/>\n\t<meta name=\"twitter:data2\" content=\"2 minutes\" \/>\n<script type=\"application\/ld+json\" class=\"yoast-schema-graph\">{\"@context\":\"https:\/\/schema.org\",\"@graph\":[{\"@type\":\"Article\",\"@id\":\"https:\/\/www.greenpeace.org\/luxembourg\/de\/aktualitaet\/16332\/eu-erzielt-politische-einigung-zur-bekaempfung-der-weltweiten-waldzerstoerung\/#article\",\"isPartOf\":{\"@id\":\"https:\/\/www.greenpeace.org\/luxembourg\/de\/aktualitaet\/16332\/eu-erzielt-politische-einigung-zur-bekaempfung-der-weltweiten-waldzerstoerung\/\"},\"author\":{\"name\":\"Esther Wildanger\",\"@id\":\"https:\/\/www.greenpeace.org\/luxembourg\/fr\/#\/schema\/person\/3d0e81a859b59009fec36a8552ef76a7\"},\"headline\":\"EU erzielt politische Einigung zur Bek\u00e4mpfung der weltweiten Waldzerst\u00f6rung\",\"datePublished\":\"2022-12-12T15:09:58+00:00\",\"dateModified\":\"2022-12-12T15:11:39+00:00\",\"mainEntityOfPage\":{\"@id\":\"https:\/\/www.greenpeace.org\/luxembourg\/de\/aktualitaet\/16332\/eu-erzielt-politische-einigung-zur-bekaempfung-der-weltweiten-waldzerstoerung\/\"},\"wordCount\":487,\"publisher\":{\"@id\":\"https:\/\/www.greenpeace.org\/luxembourg\/fr\/#organization\"},\"image\":{\"@id\":\"https:\/\/www.greenpeace.org\/luxembourg\/de\/aktualitaet\/16332\/eu-erzielt-politische-einigung-zur-bekaempfung-der-weltweiten-waldzerstoerung\/#primaryimage\"},\"thumbnailUrl\":\"https:\/\/www.greenpeace.org\/static\/planet4-luxembourg-stateless\/2022\/12\/42d59a88-gp1sug8n_web_size.jpg\",\"keywords\":[\"Urw\u00e4lder\"],\"articleSection\":[\"Natur\"],\"inLanguage\":\"de-LU\"},{\"@type\":\"WebPage\",\"@id\":\"https:\/\/www.greenpeace.org\/luxembourg\/de\/aktualitaet\/16332\/eu-erzielt-politische-einigung-zur-bekaempfung-der-weltweiten-waldzerstoerung\/\",\"url\":\"https:\/\/www.greenpeace.org\/luxembourg\/de\/aktualitaet\/16332\/eu-erzielt-politische-einigung-zur-bekaempfung-der-weltweiten-waldzerstoerung\/\",\"name\":\"EU erzielt politische Einigung zur Bek\u00e4mpfung der weltweiten Waldzerst\u00f6rung - Greenpeace Luxembourg\",\"isPartOf\":{\"@id\":\"https:\/\/www.greenpeace.org\/luxembourg\/fr\/#website\"},\"primaryImageOfPage\":{\"@id\":\"https:\/\/www.greenpeace.org\/luxembourg\/de\/aktualitaet\/16332\/eu-erzielt-politische-einigung-zur-bekaempfung-der-weltweiten-waldzerstoerung\/#primaryimage\"},\"image\":{\"@id\":\"https:\/\/www.greenpeace.org\/luxembourg\/de\/aktualitaet\/16332\/eu-erzielt-politische-einigung-zur-bekaempfung-der-weltweiten-waldzerstoerung\/#primaryimage\"},\"thumbnailUrl\":\"https:\/\/www.greenpeace.org\/static\/planet4-luxembourg-stateless\/2022\/12\/42d59a88-gp1sug8n_web_size.jpg\",\"datePublished\":\"2022-12-12T15:09:58+00:00\",\"dateModified\":\"2022-12-12T15:11:39+00:00\",\"breadcrumb\":{\"@id\":\"https:\/\/www.greenpeace.org\/luxembourg\/de\/aktualitaet\/16332\/eu-erzielt-politische-einigung-zur-bekaempfung-der-weltweiten-waldzerstoerung\/#breadcrumb\"},\"inLanguage\":\"de-LU\",\"potentialAction\":[{\"@type\":\"ReadAction\",\"target\":[\"https:\/\/www.greenpeace.org\/luxembourg\/de\/aktualitaet\/16332\/eu-erzielt-politische-einigung-zur-bekaempfung-der-weltweiten-waldzerstoerung\/\"]}]},{\"@type\":\"ImageObject\",\"inLanguage\":\"de-LU\",\"@id\":\"https:\/\/www.greenpeace.org\/luxembourg\/de\/aktualitaet\/16332\/eu-erzielt-politische-einigung-zur-bekaempfung-der-weltweiten-waldzerstoerung\/#primaryimage\",\"url\":\"https:\/\/www.greenpeace.org\/static\/planet4-luxembourg-stateless\/2022\/12\/42d59a88-gp1sug8n_web_size.jpg\",\"contentUrl\":\"https:\/\/www.greenpeace.org\/static\/planet4-luxembourg-stateless\/2022\/12\/42d59a88-gp1sug8n_web_size.jpg\",\"width\":800,\"height\":533,\"caption\":\"A Greenpeace activist protests over the Dannenroeder forest with a paraglider, for climate-friendly traffic planning and against further destruction of the forest for the highway 49. The electrically powered paraglider pulled a banner with a crossed-out highway sign and the demand \\\"Forest Instead of Asphalt\\\". The flight follows the planned route of the A49. For the further construction of the A49, planned in the 1970s, about 85 hectares of forest north of Frankfurt are to be cleared. The particularly controversial Dannenroeder forest is an intact mixed forest with some buildings over 200 years old and rare animals. The area is located in a drinking water area that supplies about 500,000 people. In einem Gleitschirm protestiert ein Greenpeace-Aktivist heute Morgen ueber dem Dannenroeder Wald f\u00fcr eine klimaschonende Verkehrsplanung und gegen weitere Waldzerstoerung f\u00fcr die Autobahn 49. Der elektrisch betriebene Motorsegler zieht ein Banner mit einem durchgestrichenen Autobahnzeichen und der Forderung \u201eWald statt Asphalt\u201c. Der Flug folgt der geplanten Route der A49. Fuer den Weiterbau der in den 70er Jahren geplanten A49 sollen noerdlich von Frankfurt etwa 85 Hektar Wald gerodet werden. Der besonders umstrittene Dannenroeder Wald ist ein intakter Laubmischwald mit teilweise ueber 200 Jahre alten Baeumen und seltenen Tieren. Das Areal liegt in einem Trinkwassergebiet, das etwa 500.000 Menschen versorgt.\"},{\"@type\":\"BreadcrumbList\",\"@id\":\"https:\/\/www.greenpeace.org\/luxembourg\/de\/aktualitaet\/16332\/eu-erzielt-politische-einigung-zur-bekaempfung-der-weltweiten-waldzerstoerung\/#breadcrumb\",\"itemListElement\":[{\"@type\":\"ListItem\",\"position\":1,\"name\":\"Home\",\"item\":\"http:\/\/www.greenpeace.org\/luxembourg\/fr\/\"},{\"@type\":\"ListItem\",\"position\":2,\"name\":\"EU erzielt politische Einigung zur Bek\u00e4mpfung der weltweiten Waldzerst\u00f6rung\"}]},{\"@type\":\"WebSite\",\"@id\":\"https:\/\/www.greenpeace.org\/luxembourg\/fr\/#website\",\"url\":\"https:\/\/www.greenpeace.org\/luxembourg\/fr\/\",\"name\":\"Greenpeace Luxembourg\",\"description\":\"Greenpeace existiert, weil unsere Erde eine Stimme braucht. Sie ben\u00f6tigt L\u00f6sungen. Ver\u00e4nderungen. Aktionen.\",\"publisher\":{\"@id\":\"https:\/\/www.greenpeace.org\/luxembourg\/fr\/#organization\"},\"potentialAction\":[{\"@type\":\"SearchAction\",\"target\":{\"@type\":\"EntryPoint\",\"urlTemplate\":\"https:\/\/www.greenpeace.org\/luxembourg\/fr\/?s={search_term_string}\"},\"query-input\":{\"@type\":\"PropertyValueSpecification\",\"valueRequired\":true,\"valueName\":\"search_term_string\"}}],\"inLanguage\":\"de-LU\"},{\"@type\":\"Organization\",\"@id\":\"https:\/\/www.greenpeace.org\/luxembourg\/fr\/#organization\",\"name\":\"Greenpeace Luxembourg\",\"url\":\"https:\/\/www.greenpeace.org\/luxembourg\/fr\/\",\"logo\":{\"@type\":\"ImageObject\",\"inLanguage\":\"de-LU\",\"@id\":\"https:\/\/www.greenpeace.org\/luxembourg\/fr\/#\/schema\/logo\/image\/\",\"url\":\"https:\/\/www.greenpeace.org\/static\/planet4-luxembourg-stateless\/2026\/03\/3e367f94-greenpeace_logo_green_rgb.png\",\"contentUrl\":\"https:\/\/www.greenpeace.org\/static\/planet4-luxembourg-stateless\/2026\/03\/3e367f94-greenpeace_logo_green_rgb.png\",\"width\":1080,\"height\":175,\"caption\":\"Greenpeace Luxembourg\"},\"image\":{\"@id\":\"https:\/\/www.greenpeace.org\/luxembourg\/fr\/#\/schema\/logo\/image\/\"},\"sameAs\":[\"https:\/\/www.facebook.com\/greenpeaceluxembourg\",\"https:\/\/www.instagram.com\/greenpeacelux\/\",\"https:\/\/www.linkedin.com\/company\/greenpeace-luxembourg\/\",\"https:\/\/www.threads.com\/@greenpeacelux\",\"https:\/\/bsky.app\/profile\/greenpeacelux.bsky.social\",\"https:\/\/www.youtube.com\/@GreenpeaceLux\",\"https:\/\/www.tiktok.com\/@greenpeace_lux\"]},{\"@type\":\"Person\",\"@id\":\"https:\/\/www.greenpeace.org\/luxembourg\/fr\/#\/schema\/person\/3d0e81a859b59009fec36a8552ef76a7\",\"name\":\"Esther Wildanger\",\"url\":\"https:\/\/www.greenpeace.org\/luxembourg\/de\/author\/ewildang\/\"}]}<\/script>\n<!-- \/ Yoast SEO Premium plugin. -->","yoast_head_json":{"title":"EU erzielt politische Einigung zur Bek\u00e4mpfung der weltweiten Waldzerst\u00f6rung - Greenpeace Luxembourg","robots":{"index":"index","follow":"follow","max-snippet":"max-snippet:-1","max-image-preview":"max-image-preview:large","max-video-preview":"max-video-preview:-1"},"canonical":"https:\/\/www.greenpeace.org\/luxembourg\/de\/aktualitaet\/16332\/eu-erzielt-politische-einigung-zur-bekaempfung-der-weltweiten-waldzerstoerung\/","og_locale":"de_DE","og_type":"article","og_title":"EU erzielt politische Einigung zur Bek\u00e4mpfung der weltweiten Waldzerst\u00f6rung","og_description":"Es ist ein historischer Schritt f\u00fcr den internationalen Waldschutz: Dienstagmorgen wurden die Verhandlungen \u00fcber ein europ\u00e4isches Gesetz zur Bek\u00e4mpfung der weltweiten Entwaldung erfolgreich abgeschlossen. Die neue Verordnung des Europ\u00e4ischen Parlaments...","og_url":"https:\/\/www.greenpeace.org\/luxembourg\/de\/aktualitaet\/16332\/eu-erzielt-politische-einigung-zur-bekaempfung-der-weltweiten-waldzerstoerung\/","og_site_name":"Greenpeace Luxembourg","article_publisher":"https:\/\/www.facebook.com\/greenpeaceluxembourg","article_published_time":"2022-12-12T15:09:58+00:00","article_modified_time":"2022-12-12T15:11:39+00:00","og_image":[{"width":800,"height":533,"url":"https:\/\/www.greenpeace.org\/static\/planet4-luxembourg-stateless\/2022\/12\/42d59a88-gp1sug8n_web_size.jpg","type":"image\/jpeg"}],"author":"Esther Wildanger","twitter_card":"summary_large_image","twitter_misc":{"Written by":"Esther Wildanger","Est. reading time":"2 minutes"},"schema":{"@context":"https:\/\/schema.org","@graph":[{"@type":"Article","@id":"https:\/\/www.greenpeace.org\/luxembourg\/de\/aktualitaet\/16332\/eu-erzielt-politische-einigung-zur-bekaempfung-der-weltweiten-waldzerstoerung\/#article","isPartOf":{"@id":"https:\/\/www.greenpeace.org\/luxembourg\/de\/aktualitaet\/16332\/eu-erzielt-politische-einigung-zur-bekaempfung-der-weltweiten-waldzerstoerung\/"},"author":{"name":"Esther Wildanger","@id":"https:\/\/www.greenpeace.org\/luxembourg\/fr\/#\/schema\/person\/3d0e81a859b59009fec36a8552ef76a7"},"headline":"EU erzielt politische Einigung zur Bek\u00e4mpfung der weltweiten Waldzerst\u00f6rung","datePublished":"2022-12-12T15:09:58+00:00","dateModified":"2022-12-12T15:11:39+00:00","mainEntityOfPage":{"@id":"https:\/\/www.greenpeace.org\/luxembourg\/de\/aktualitaet\/16332\/eu-erzielt-politische-einigung-zur-bekaempfung-der-weltweiten-waldzerstoerung\/"},"wordCount":487,"publisher":{"@id":"https:\/\/www.greenpeace.org\/luxembourg\/fr\/#organization"},"image":{"@id":"https:\/\/www.greenpeace.org\/luxembourg\/de\/aktualitaet\/16332\/eu-erzielt-politische-einigung-zur-bekaempfung-der-weltweiten-waldzerstoerung\/#primaryimage"},"thumbnailUrl":"https:\/\/www.greenpeace.org\/static\/planet4-luxembourg-stateless\/2022\/12\/42d59a88-gp1sug8n_web_size.jpg","keywords":["Urw\u00e4lder"],"articleSection":["Natur"],"inLanguage":"de-LU"},{"@type":"WebPage","@id":"https:\/\/www.greenpeace.org\/luxembourg\/de\/aktualitaet\/16332\/eu-erzielt-politische-einigung-zur-bekaempfung-der-weltweiten-waldzerstoerung\/","url":"https:\/\/www.greenpeace.org\/luxembourg\/de\/aktualitaet\/16332\/eu-erzielt-politische-einigung-zur-bekaempfung-der-weltweiten-waldzerstoerung\/","name":"EU erzielt politische Einigung zur Bek\u00e4mpfung der weltweiten Waldzerst\u00f6rung - Greenpeace Luxembourg","isPartOf":{"@id":"https:\/\/www.greenpeace.org\/luxembourg\/fr\/#website"},"primaryImageOfPage":{"@id":"https:\/\/www.greenpeace.org\/luxembourg\/de\/aktualitaet\/16332\/eu-erzielt-politische-einigung-zur-bekaempfung-der-weltweiten-waldzerstoerung\/#primaryimage"},"image":{"@id":"https:\/\/www.greenpeace.org\/luxembourg\/de\/aktualitaet\/16332\/eu-erzielt-politische-einigung-zur-bekaempfung-der-weltweiten-waldzerstoerung\/#primaryimage"},"thumbnailUrl":"https:\/\/www.greenpeace.org\/static\/planet4-luxembourg-stateless\/2022\/12\/42d59a88-gp1sug8n_web_size.jpg","datePublished":"2022-12-12T15:09:58+00:00","dateModified":"2022-12-12T15:11:39+00:00","breadcrumb":{"@id":"https:\/\/www.greenpeace.org\/luxembourg\/de\/aktualitaet\/16332\/eu-erzielt-politische-einigung-zur-bekaempfung-der-weltweiten-waldzerstoerung\/#breadcrumb"},"inLanguage":"de-LU","potentialAction":[{"@type":"ReadAction","target":["https:\/\/www.greenpeace.org\/luxembourg\/de\/aktualitaet\/16332\/eu-erzielt-politische-einigung-zur-bekaempfung-der-weltweiten-waldzerstoerung\/"]}]},{"@type":"ImageObject","inLanguage":"de-LU","@id":"https:\/\/www.greenpeace.org\/luxembourg\/de\/aktualitaet\/16332\/eu-erzielt-politische-einigung-zur-bekaempfung-der-weltweiten-waldzerstoerung\/#primaryimage","url":"https:\/\/www.greenpeace.org\/static\/planet4-luxembourg-stateless\/2022\/12\/42d59a88-gp1sug8n_web_size.jpg","contentUrl":"https:\/\/www.greenpeace.org\/static\/planet4-luxembourg-stateless\/2022\/12\/42d59a88-gp1sug8n_web_size.jpg","width":800,"height":533,"caption":"A Greenpeace activist protests over the Dannenroeder forest with a paraglider, for climate-friendly traffic planning and against further destruction of the forest for the highway 49. The electrically powered paraglider pulled a banner with a crossed-out highway sign and the demand \"Forest Instead of Asphalt\". The flight follows the planned route of the A49. For the further construction of the A49, planned in the 1970s, about 85 hectares of forest north of Frankfurt are to be cleared. The particularly controversial Dannenroeder forest is an intact mixed forest with some buildings over 200 years old and rare animals. The area is located in a drinking water area that supplies about 500,000 people. In einem Gleitschirm protestiert ein Greenpeace-Aktivist heute Morgen ueber dem Dannenroeder Wald f\u00fcr eine klimaschonende Verkehrsplanung und gegen weitere Waldzerstoerung f\u00fcr die Autobahn 49. Der elektrisch betriebene Motorsegler zieht ein Banner mit einem durchgestrichenen Autobahnzeichen und der Forderung \u201eWald statt Asphalt\u201c. Der Flug folgt der geplanten Route der A49. Fuer den Weiterbau der in den 70er Jahren geplanten A49 sollen noerdlich von Frankfurt etwa 85 Hektar Wald gerodet werden. Der besonders umstrittene Dannenroeder Wald ist ein intakter Laubmischwald mit teilweise ueber 200 Jahre alten Baeumen und seltenen Tieren. Das Areal liegt in einem Trinkwassergebiet, das etwa 500.000 Menschen versorgt."},{"@type":"BreadcrumbList","@id":"https:\/\/www.greenpeace.org\/luxembourg\/de\/aktualitaet\/16332\/eu-erzielt-politische-einigung-zur-bekaempfung-der-weltweiten-waldzerstoerung\/#breadcrumb","itemListElement":[{"@type":"ListItem","position":1,"name":"Home","item":"http:\/\/www.greenpeace.org\/luxembourg\/fr\/"},{"@type":"ListItem","position":2,"name":"EU erzielt politische Einigung zur Bek\u00e4mpfung der weltweiten Waldzerst\u00f6rung"}]},{"@type":"WebSite","@id":"https:\/\/www.greenpeace.org\/luxembourg\/fr\/#website","url":"https:\/\/www.greenpeace.org\/luxembourg\/fr\/","name":"Greenpeace Luxembourg","description":"Greenpeace existiert, weil unsere Erde eine Stimme braucht. Sie ben\u00f6tigt L\u00f6sungen. Ver\u00e4nderungen. Aktionen.","publisher":{"@id":"https:\/\/www.greenpeace.org\/luxembourg\/fr\/#organization"},"potentialAction":[{"@type":"SearchAction","target":{"@type":"EntryPoint","urlTemplate":"https:\/\/www.greenpeace.org\/luxembourg\/fr\/?s={search_term_string}"},"query-input":{"@type":"PropertyValueSpecification","valueRequired":true,"valueName":"search_term_string"}}],"inLanguage":"de-LU"},{"@type":"Organization","@id":"https:\/\/www.greenpeace.org\/luxembourg\/fr\/#organization","name":"Greenpeace Luxembourg","url":"https:\/\/www.greenpeace.org\/luxembourg\/fr\/","logo":{"@type":"ImageObject","inLanguage":"de-LU","@id":"https:\/\/www.greenpeace.org\/luxembourg\/fr\/#\/schema\/logo\/image\/","url":"https:\/\/www.greenpeace.org\/static\/planet4-luxembourg-stateless\/2026\/03\/3e367f94-greenpeace_logo_green_rgb.png","contentUrl":"https:\/\/www.greenpeace.org\/static\/planet4-luxembourg-stateless\/2026\/03\/3e367f94-greenpeace_logo_green_rgb.png","width":1080,"height":175,"caption":"Greenpeace Luxembourg"},"image":{"@id":"https:\/\/www.greenpeace.org\/luxembourg\/fr\/#\/schema\/logo\/image\/"},"sameAs":["https:\/\/www.facebook.com\/greenpeaceluxembourg","https:\/\/www.instagram.com\/greenpeacelux\/","https:\/\/www.linkedin.com\/company\/greenpeace-luxembourg\/","https:\/\/www.threads.com\/@greenpeacelux","https:\/\/bsky.app\/profile\/greenpeacelux.bsky.social","https:\/\/www.youtube.com\/@GreenpeaceLux","https:\/\/www.tiktok.com\/@greenpeace_lux"]},{"@type":"Person","@id":"https:\/\/www.greenpeace.org\/luxembourg\/fr\/#\/schema\/person\/3d0e81a859b59009fec36a8552ef76a7","name":"Esther Wildanger","url":"https:\/\/www.greenpeace.org\/luxembourg\/de\/author\/ewildang\/"}]}},"_links":{"self":[{"href":"https:\/\/www.greenpeace.org\/luxembourg\/de\/wp-json\/wp\/v2\/posts\/16332","targetHints":{"allow":["GET"]}}],"collection":[{"href":"https:\/\/www.greenpeace.org\/luxembourg\/de\/wp-json\/wp\/v2\/posts"}],"about":[{"href":"https:\/\/www.greenpeace.org\/luxembourg\/de\/wp-json\/wp\/v2\/types\/post"}],"author":[{"embeddable":true,"href":"https:\/\/www.greenpeace.org\/luxembourg\/de\/wp-json\/wp\/v2\/users\/25"}],"replies":[{"embeddable":true,"href":"https:\/\/www.greenpeace.org\/luxembourg\/de\/wp-json\/wp\/v2\/comments?post=16332"}],"version-history":[{"count":5,"href":"https:\/\/www.greenpeace.org\/luxembourg\/de\/wp-json\/wp\/v2\/posts\/16332\/revisions"}],"predecessor-version":[{"id":16337,"href":"https:\/\/www.greenpeace.org\/luxembourg\/de\/wp-json\/wp\/v2\/posts\/16332\/revisions\/16337"}],"wp:featuredmedia":[{"embeddable":true,"href":"https:\/\/www.greenpeace.org\/luxembourg\/de\/wp-json\/wp\/v2\/media\/16325"}],"wp:attachment":[{"href":"https:\/\/www.greenpeace.org\/luxembourg\/de\/wp-json\/wp\/v2\/media?parent=16332"}],"wp:term":[{"taxonomy":"category","embeddable":true,"href":"https:\/\/www.greenpeace.org\/luxembourg\/de\/wp-json\/wp\/v2\/categories?post=16332"},{"taxonomy":"post_tag","embeddable":true,"href":"https:\/\/www.greenpeace.org\/luxembourg\/de\/wp-json\/wp\/v2\/tags?post=16332"},{"taxonomy":"p4-page-type","embeddable":true,"href":"https:\/\/www.greenpeace.org\/luxembourg\/de\/wp-json\/wp\/v2\/p4-page-type?post=16332"}],"curies":[{"name":"wp","href":"https:\/\/api.w.org\/{rel}","templated":true}]}}