{"id":16638,"date":"2023-01-16T16:45:49","date_gmt":"2023-01-16T14:45:49","guid":{"rendered":"https:\/\/www.greenpeace.org\/luxembourg\/?p=16638"},"modified":"2023-01-17T12:53:10","modified_gmt":"2023-01-17T10:53:10","slug":"angesichts-von-krieg-klima-und-energiekrise-darf-lues-a-lues-keine-option-sein","status":"publish","type":"post","link":"https:\/\/www.greenpeace.org\/luxembourg\/de\/aktualitaet\/16638\/angesichts-von-krieg-klima-und-energiekrise-darf-lues-a-lues-keine-option-sein\/","title":{"rendered":"<strong>Angesichts von Krieg, Klima- und Energiekrise darf \u201c<em>lues a lues<\/em>\u201d keine Option sein!<\/strong>"},"content":{"rendered":"\n<p>Martina Holbach, Kampaignerin f\u00fcr nachhaltige Finanzen bei Greenpeace Luxemburg<\/p>\n\n<p><strong>Im RTL-Neujahrsinterview erkl\u00e4rte Staatsminister Xavier Bettel, dass die Luxemburger Finanzindustrie in Punkto Nachhaltigkeit auf dem richtigen Weg sei. Die \u00c4nderungen k\u00f6nnten jedoch nur langsam (\u201c<\/strong><strong><em>lues an lues<\/em><\/strong><strong>\u201d) vorgenommen werden. Doch \u201c<\/strong><strong><em>lues a lues<\/em><\/strong><strong>\u201d darf angesichts von Klimakrise, unserer Abh\u00e4ngigkeit von fossilen Brennstoffen, mangelnder Energiesicherheit und steigenden Energie- und Lebenshaltungskosten keine Option sein. Der Finanzsektor muss seine Verantwortung bei der Bew\u00e4ltigung der aktuellen Krisen \u00fcbernehmen.<\/strong><\/p>\n\n<p>Seit Jahren weist Greenpeace darauf hin, dass sich der Luxemburger Finanzsektor zwar gerne ein gr\u00fcnes Image gibt, seiner Verantwortung f\u00fcr den weltweiten Klimaschutz und die nachhaltige Entwicklung jedoch nicht gerecht wird. Anfang 2021 hatte Greenpeace darauf hingewiesen, dass die 100 gr\u00f6\u00dften Luxemburger Investmentfonds in Richtung 4\u00b0C Klimaerw\u00e4rmung investieren und so das <a href=\"https:\/\/www.greenpeace.org\/luxembourg\/de\/berichte\/10686\/luxemburg-die-100-grosten-fonds-finanzieren-den-klimawandel\/\">1.5 Grad-Ziel drastisch verfehlen<\/a>.<\/p>\n\n<p>Doch Politik und Finanzindustrie ziehen es vor, die Probleme auszusitzen. Dabei gibt es gute Gr\u00fcnde f\u00fcr ein ambitioniertes Handeln.<\/p>\n\n<p><strong>Die Klimakrise und ihre Folgen<\/strong><\/p>\n\n<p>In Luxemburg war 2022 mit einer Durchschnittstemperatur von 10,9\u00b0C das zweitw\u00e4rmste Jahr seit Beginn der Wetteraufzeichnungen. Anfang 2023 lagen die Temperaturen landesweit \u00fcber 10\u00b0C, das sind rund 15\u00b0C \u00fcber dem historischen saisonalen Durchschnitt. Laut einer Studie der <a href=\"https:\/\/www.eea.europa.eu\/publications\/economic-losses-and-fatalities-from\/economic-losses-and-fatalities-from\">Europ\u00e4ischen Umweltbeh\u00f6rde<\/a> waren hierzulande zwischen 1980 und 2020 extreme Klima- und Wetterereignisse f\u00fcr 130-170 Tote und Sch\u00e4den in H\u00f6he von zwischen 596 und einer Milliarde Euro verantwortlich. Europaweit werden dem Klimawandel \u00fcber 500 Milliarden Euro an wirtschaftlichen Sch\u00e4den und \u00fcber 140.000 Tote zugeschrieben.<\/p>\n\n<p>Die derzeitigen weltweiten Klimaschutzma\u00dfnahmen werden voraussichtlich zu einer <a href=\"https:\/\/climateactiontracker.org\/global\/temperatures\/\">Erw\u00e4rmung um etwa 2,7\u00b0C<\/a> gegen\u00fcber dem vorindustriellen Niveau f\u00fchren. Mit jedem Bruchteil eines Grades Erw\u00e4rmung sind weltweit Millionen Menschen mehr lebensbedrohlichen Hitzewellen, Nahrungsmittel- und Wasserknappheit und \u00dcberschwemmungen an den K\u00fcsten ausgesetzt, w\u00e4hrend Millionen weiterer S\u00e4ugetiere, Insekten, V\u00f6gel und Pflanzen verschwinden.<\/p>\n\n<p><strong>Unsere Abh\u00e4ngigkeit von fossilen Brennstoffen<\/strong><\/p>\n\n<p>Russlands Krieg gegen die Ukraine hat uns drastisch die Folgen unserer Abh\u00e4ngigkeit von Kohle, \u00d6l und Gas vor Augen gef\u00fchrt. Teure Energieimporte, u.a. aus Staaten, die die Menschenrechte nicht respektieren, und die Gef\u00e4hrdung der Energieversorgungssicherheit f\u00fchren auch hierzulande zu existentiellen Problemen f\u00fcr B\u00fcrger:innen, Handwerk und Industrien. Wir k\u00f6nnen diese Probleme l\u00f6sen, wenn wir unseren Energieverbrauch reduzieren und die ben\u00f6tigte Energie sauber und weitestgehend lokal produzieren. Doch jeder Euro, der heute in fossile Energien investiert wird, fehlt beim Ausbau einer sauberen Energieversorgung.<\/p>\n\n<figure class=\"wp-block-image size-full\"><img decoding=\"async\" src=\"https:\/\/www.greenpeace.org\/static\/planet4-luxembourg-stateless\/2023\/01\/64759630-gp1sui3p_web_size_with_credit_line.jpg\" alt=\"\" class=\"wp-image-16633\"\/><figcaption class=\"wp-element-caption\">Members of Parliament are greeted by a 2,5m tall Tyrannosaurus Rex placed by Greenpeace Luxembourg activists in front of Cercle Cit\u00e9. Designed by local artist Eric Mangen, the installation includes a message with the demand to stop funding fossil energy. The artist strongly supports Greenpeace Luxembourg\u2019s campaign against the dirty investments of the Luxembourg pension fund &#8220;Fonds de compensation&#8221;, commonly known as FDC.<\/figcaption><\/figure>\n\n<p><strong>Systemische Risiken durch Investitionen in nicht transformierbare Unternehmen<\/strong><\/p>\n\n<p>Kohle-, \u00d6l- und Gasunternehmen und andere kohlenstoffintensive Industrien haben mit Hinblick auf das Pariser Klimaschutzabkommen keine Zukunft mehr. Investitionen in diese Industrien sind mit finanziellen Risiken verbunden, sie k\u00f6nnen zu sogenannten &#8220;Stranded Assets\u201d werden. Die luxemburgische Volkswirtschaft, die besonders vom Finanzsektor abh\u00e4ngig ist, setzt sich erheblichen systemischen Risiken aus. <a href=\"https:\/\/www.bcl.lu\/fr\/publications\/revue_stabilite\/rfs-2021\/RSF-2021_04_CHAPTER4_ANALYSE_1.pdf\">Die Luxemburger Zentralbank<\/a> kommt in einer Analyse zum Schluss, dass \u201c<em>Transitionsrisiken den Finanzplatz erheblich beeintr\u00e4chtigen k\u00f6nnten, wenn die Umweltpolitik und -ma\u00dfnahmen versch\u00e4rft werden.<\/em>\u201d&nbsp;<\/p>\n\n<p><strong>Greenwashing ist ein Risiko f\u00fcr den Finanzplatz<\/strong><\/p>\n\n<p>Luxemburg soll als Zentrum f\u00fcr nachhaltiges Investieren etabliert werden. Denn immer mehr Investoren wollen \u201cgr\u00fcn\u201d investieren, und auch Kleinanleger interessieren sich zunehmend f\u00fcr \u201cgr\u00fcne Finanzprodukte\u201d.<\/p>\n\n<p>Ein \u201cMystery Shopping\u201d bei sechs Luxemburger Banken kam zu dem Ergebnis, dass den Testkund:innen zwar \u201cklimafreundliche\u201d Investmentfonds angeboten wurden, jedoch keiner dieser Fonds <a href=\"https:\/\/www.greenpeace.org\/static\/planet4-luxembourg-stateless\/2022\/11\/3b9a3c24-mystery-shopping-greenpeace-luxembourg-full-report.pdf\">die Ziele des Pariser-Klimaabkommens<\/a> respektieren konnte. Bereits 2021 kam eine <a href=\"https:\/\/www.greenpeace.org\/luxembourg\/de\/presseerklaerungen\/11516\/greenwashing-finance-nachhaltigkeitsfonds-werden-ihrem-namen-nicht-gerecht-2\/\">Greenpeace-Studie<\/a> zu dem Ergebnis, dass sogenannte Nachhaltigkeitsfonds kaum mehr Kapital in die nachhaltige Entwicklung lenken als konventionelle Fonds.<\/p>\n\n<p><a href=\"https:\/\/www.wort.lu\/de\/business\/warum-40-prozent-der-gruenen-fonds-in-fossile-energien-investieren-63807d75de135b9236c17fd9\">Eine Recherche<\/a> mehrerer europ\u00e4ischer Medien hat \u00fcber 800 sogenannte \u201cArtikel 9-Fonds\u201d mit einem verwalteten Verm\u00f6gen von \u00fcber 600 Milliarden Euro analysiert. Dabei handelt es sich um die angeblich nachhaltigsten Fonds in Europa. Allein in Luxemburg gab es Ende Juni 2022 673 solcher dunkelgr\u00fcner Fonds. Das Resultat: In \u00fcber 40 Prozent dieser Fonds wurden Investitionen in fossile Brennstoffunternehmen oder die Luftfahrtindustrie gefunden. Bei den Anlegern w\u00e4chst die Sorge, <a href=\"https:\/\/www.wort.lu\/de\/business\/nach-herabstufungen-von-fonds-schlagen-verbraucherschuetzer-alarm-6389da5bde135b92365c1ed6\">Opfer von Greenwashing<\/a> geworden zu sein.<\/p>\n\n<p>Greenwashing f\u00fchrt zu Vertrauensverlust bei den Anlegern, hinzu kommen potenzielle legale Risiken. Greenwashing stellt somit ein erhebliches Risiko f\u00fcr das Gesch\u00e4ftsmodell \u201cGreen Finance\u201d dar.<\/p>\n\n<p><strong>Der Finanzsektor muss seiner Verantwortung beim Umbau unserer Gesellschaft gerecht werden<\/strong><\/p>\n\n<p>Zur Bew\u00e4ltigung von Klimakrise, mangelnder Energiesicherheit und steigenden Lebenshaltungskosten m\u00fcssen wir in energieeffiziente Technologien investieren und den Ausbau der erneuerbaren Energien massiv beschleunigen. In der EU sind zus\u00e4tzliche Investitionen in Energiesysteme und Infrastrukturen in H\u00f6he von j\u00e4hrlich <a href=\"https:\/\/ec.europa.eu\/commission\/presscorner\/detail\/en\/fs_20_48\">260 Milliarden Euro erforderlich<\/a>, um die Klimaziele bis 2050 zu erreichen. Doch staatliche Gelder allein werden nicht ausreichen, um unsere Abh\u00e4ngigkeit von fossilen Energien zu beenden. Institutionelle Investoren und Verm\u00f6gensverwalter sind m\u00e4chtige nichtstaatliche Akteure, ohne deren Handeln der notwendige Infrastrukturwandel nicht zu realisieren ist. Dem Luxemburger Finanzplatz kommt daher bei der Energietransition eine enorme Bedeutung zu.<\/p>\n\n<p>Zwar hat Luxemburg das Pariser Klimaschutzabkommen ratifiziert, demzufolge auch die Finanzstr\u00f6me in Einklang mit den Zielen des Abkommens gebracht werden sollen. Dennoch investiert unsere Finanzindustrie weiter Unternehmen, deren Gesch\u00e4ftsmodelle nicht mit den Paris-Zielen vereinbar sind. Selbst der staatliche Pensionsfonds FDC nimmt es beim Klimaschutz nicht so genau. <a href=\"https:\/\/www.greenpeace.org\/luxembourg\/de\/presseerklaerungen\/14078\/schmutzig-und-gefahrlich-wie-der-staatliche-pensionsfonds-luxemburgs-die-klimakrise-anheizt-und-beim-schutz-der-menschenrechte-versagt\/\">Der Fonds investierte 2020 auf einem 2,7\u00b0C-Pfad<\/a>. Millionen Euro \u00f6ffentlicher Gelder wurden in fossile Energieunternehmen und in Firmen, die die Menschenrechte verletzen, investiert. Luxemburgs gr\u00fcnes Image scheitert auch daran, dass die Regierung es vers\u00e4umt, den 26 Milliarden schweren Pensionsfonds zu einer ambitionierten Nachhaltigkeitsstrategie zu verpflichten.<\/p>\n\n<p>F\u00fcr 2023 fordert Greenpeace von Regierung und Finanzsektor, Verantwortung zu \u00fcbernehmen und durch ambitionierte Ma\u00dfnahmen zur Bew\u00e4ltigung der aktuellen Krisen beizutragen. Dies ist von globaler Bedeutung, f\u00fcr das Klima, f\u00fcr die Menschen und nicht zuletzt auch f\u00fcr den Finanzsektor selbst.<\/p>\n","protected":false},"excerpt":{"rendered":"<p>Im RTL-Neujahrsinterview erkl\u00e4rte Staatsminister Xavier Bettel, dass die Luxemburger Finanzindustrie in Punkto Nachhaltigkeit auf dem richtigen Weg sei. Die \u00c4nderungen k\u00f6nnten jedoch nur langsam (\u201clues an lues\u201d) vorgenommen werden&#8230;<\/p>\n","protected":false},"author":20,"featured_media":0,"comment_status":"closed","ping_status":"closed","sticky":false,"template":"","format":"standard","meta":{"ep_exclude_from_search":false,"p4_og_title":"","p4_og_description":"","p4_og_image":"","p4_og_image_id":"","p4_seo_canonical_url":"","p4_campaign_name":"not set","p4_local_project":"not set","p4_basket_name":"not set","p4_department":"","footnotes":""},"categories":[49,48],"tags":[96],"p4-page-type":[68],"class_list":["post-16638","post","type-post","status-publish","format-standard","hentry","category-energie","category-klima","tag-finanzsektor","p4-page-type-aktualitaet"],"yoast_head":"<!-- This site is optimized with the Yoast SEO Premium plugin v23.9 (Yoast SEO v23.9) - https:\/\/yoast.com\/wordpress\/plugins\/seo\/ -->\n<title>Angesichts von Krieg, Klima- und Energiekrise darf \u201clues a lues\u201d keine Option sein! - Greenpeace Luxembourg<\/title>\n<meta name=\"robots\" content=\"index, follow, max-snippet:-1, max-image-preview:large, max-video-preview:-1\" \/>\n<link rel=\"canonical\" href=\"https:\/\/www.greenpeace.org\/luxembourg\/de\/aktualitaet\/16638\/angesichts-von-krieg-klima-und-energiekrise-darf-lues-a-lues-keine-option-sein\/\" \/>\n<meta property=\"og:locale\" content=\"de_DE\" \/>\n<meta property=\"og:type\" content=\"article\" \/>\n<meta property=\"og:title\" content=\"Angesichts von Krieg, Klima- und Energiekrise darf \u201clues a lues\u201d keine Option sein!\" \/>\n<meta property=\"og:description\" content=\"Im RTL-Neujahrsinterview erkl\u00e4rte Staatsminister Xavier Bettel, dass die Luxemburger Finanzindustrie in Punkto Nachhaltigkeit auf dem richtigen Weg sei. Die \u00c4nderungen k\u00f6nnten jedoch nur langsam (\u201clues an lues\u201d) vorgenommen werden...\" \/>\n<meta property=\"og:url\" content=\"https:\/\/www.greenpeace.org\/luxembourg\/de\/aktualitaet\/16638\/angesichts-von-krieg-klima-und-energiekrise-darf-lues-a-lues-keine-option-sein\/\" \/>\n<meta property=\"og:site_name\" content=\"Greenpeace Luxembourg\" \/>\n<meta property=\"article:publisher\" content=\"https:\/\/www.facebook.com\/greenpeaceluxembourg\" \/>\n<meta property=\"article:published_time\" content=\"2023-01-16T14:45:49+00:00\" \/>\n<meta property=\"article:modified_time\" content=\"2023-01-17T10:53:10+00:00\" \/>\n<meta name=\"author\" content=\"Greenpeace Luxembourg\" \/>\n<meta name=\"twitter:card\" content=\"summary_large_image\" \/>\n<meta name=\"twitter:label1\" content=\"Written by\" \/>\n\t<meta name=\"twitter:data1\" content=\"Greenpeace Luxembourg\" \/>\n\t<meta name=\"twitter:label2\" content=\"Est. reading time\" \/>\n\t<meta name=\"twitter:data2\" content=\"5 minutes\" \/>\n<script type=\"application\/ld+json\" class=\"yoast-schema-graph\">{\"@context\":\"https:\/\/schema.org\",\"@graph\":[{\"@type\":\"Article\",\"@id\":\"https:\/\/www.greenpeace.org\/luxembourg\/de\/aktualitaet\/16638\/angesichts-von-krieg-klima-und-energiekrise-darf-lues-a-lues-keine-option-sein\/#article\",\"isPartOf\":{\"@id\":\"https:\/\/www.greenpeace.org\/luxembourg\/de\/aktualitaet\/16638\/angesichts-von-krieg-klima-und-energiekrise-darf-lues-a-lues-keine-option-sein\/\"},\"author\":{\"name\":\"Greenpeace Luxembourg\",\"@id\":\"https:\/\/www.greenpeace.org\/luxembourg\/fr\/#\/schema\/person\/12b34015aca6e55fec2e511d2f19102d\"},\"headline\":\"Angesichts von Krieg, Klima- und Energiekrise darf \u201clues a lues\u201d keine Option sein!\",\"datePublished\":\"2023-01-16T14:45:49+00:00\",\"dateModified\":\"2023-01-17T10:53:10+00:00\",\"mainEntityOfPage\":{\"@id\":\"https:\/\/www.greenpeace.org\/luxembourg\/de\/aktualitaet\/16638\/angesichts-von-krieg-klima-und-energiekrise-darf-lues-a-lues-keine-option-sein\/\"},\"wordCount\":995,\"publisher\":{\"@id\":\"https:\/\/www.greenpeace.org\/luxembourg\/fr\/#organization\"},\"image\":{\"@id\":\"https:\/\/www.greenpeace.org\/luxembourg\/de\/aktualitaet\/16638\/angesichts-von-krieg-klima-und-energiekrise-darf-lues-a-lues-keine-option-sein\/#primaryimage\"},\"thumbnailUrl\":\"https:\/\/www.greenpeace.org\/static\/planet4-luxembourg-stateless\/2023\/01\/64759630-gp1sui3p_web_size_with_credit_line.jpg\",\"keywords\":[\"Finanzsektor\"],\"articleSection\":[\"Energie\",\"Klima\"],\"inLanguage\":\"de-LU\"},{\"@type\":\"WebPage\",\"@id\":\"https:\/\/www.greenpeace.org\/luxembourg\/de\/aktualitaet\/16638\/angesichts-von-krieg-klima-und-energiekrise-darf-lues-a-lues-keine-option-sein\/\",\"url\":\"https:\/\/www.greenpeace.org\/luxembourg\/de\/aktualitaet\/16638\/angesichts-von-krieg-klima-und-energiekrise-darf-lues-a-lues-keine-option-sein\/\",\"name\":\"Angesichts von Krieg, Klima- und Energiekrise darf \u201clues a lues\u201d keine Option sein! - Greenpeace Luxembourg\",\"isPartOf\":{\"@id\":\"https:\/\/www.greenpeace.org\/luxembourg\/fr\/#website\"},\"primaryImageOfPage\":{\"@id\":\"https:\/\/www.greenpeace.org\/luxembourg\/de\/aktualitaet\/16638\/angesichts-von-krieg-klima-und-energiekrise-darf-lues-a-lues-keine-option-sein\/#primaryimage\"},\"image\":{\"@id\":\"https:\/\/www.greenpeace.org\/luxembourg\/de\/aktualitaet\/16638\/angesichts-von-krieg-klima-und-energiekrise-darf-lues-a-lues-keine-option-sein\/#primaryimage\"},\"thumbnailUrl\":\"https:\/\/www.greenpeace.org\/static\/planet4-luxembourg-stateless\/2023\/01\/64759630-gp1sui3p_web_size_with_credit_line.jpg\",\"datePublished\":\"2023-01-16T14:45:49+00:00\",\"dateModified\":\"2023-01-17T10:53:10+00:00\",\"breadcrumb\":{\"@id\":\"https:\/\/www.greenpeace.org\/luxembourg\/de\/aktualitaet\/16638\/angesichts-von-krieg-klima-und-energiekrise-darf-lues-a-lues-keine-option-sein\/#breadcrumb\"},\"inLanguage\":\"de-LU\",\"potentialAction\":[{\"@type\":\"ReadAction\",\"target\":[\"https:\/\/www.greenpeace.org\/luxembourg\/de\/aktualitaet\/16638\/angesichts-von-krieg-klima-und-energiekrise-darf-lues-a-lues-keine-option-sein\/\"]}]},{\"@type\":\"ImageObject\",\"inLanguage\":\"de-LU\",\"@id\":\"https:\/\/www.greenpeace.org\/luxembourg\/de\/aktualitaet\/16638\/angesichts-von-krieg-klima-und-energiekrise-darf-lues-a-lues-keine-option-sein\/#primaryimage\",\"url\":\"https:\/\/www.greenpeace.org\/static\/planet4-luxembourg-stateless\/2023\/01\/64759630-gp1sui3p_web_size_with_credit_line.jpg\",\"contentUrl\":\"https:\/\/www.greenpeace.org\/static\/planet4-luxembourg-stateless\/2023\/01\/64759630-gp1sui3p_web_size_with_credit_line.jpg\"},{\"@type\":\"BreadcrumbList\",\"@id\":\"https:\/\/www.greenpeace.org\/luxembourg\/de\/aktualitaet\/16638\/angesichts-von-krieg-klima-und-energiekrise-darf-lues-a-lues-keine-option-sein\/#breadcrumb\",\"itemListElement\":[{\"@type\":\"ListItem\",\"position\":1,\"name\":\"Home\",\"item\":\"http:\/\/www.greenpeace.org\/luxembourg\/fr\/\"},{\"@type\":\"ListItem\",\"position\":2,\"name\":\"Angesichts von Krieg, Klima- und Energiekrise darf \u201clues a lues\u201d keine Option sein!\"}]},{\"@type\":\"WebSite\",\"@id\":\"https:\/\/www.greenpeace.org\/luxembourg\/fr\/#website\",\"url\":\"https:\/\/www.greenpeace.org\/luxembourg\/fr\/\",\"name\":\"Greenpeace Luxembourg\",\"description\":\"Greenpeace existiert, weil unsere Erde eine Stimme braucht. Sie ben\u00f6tigt L\u00f6sungen. Ver\u00e4nderungen. Aktionen.\",\"publisher\":{\"@id\":\"https:\/\/www.greenpeace.org\/luxembourg\/fr\/#organization\"},\"potentialAction\":[{\"@type\":\"SearchAction\",\"target\":{\"@type\":\"EntryPoint\",\"urlTemplate\":\"https:\/\/www.greenpeace.org\/luxembourg\/fr\/?s={search_term_string}\"},\"query-input\":{\"@type\":\"PropertyValueSpecification\",\"valueRequired\":true,\"valueName\":\"search_term_string\"}}],\"inLanguage\":\"de-LU\"},{\"@type\":\"Organization\",\"@id\":\"https:\/\/www.greenpeace.org\/luxembourg\/fr\/#organization\",\"name\":\"Greenpeace Luxembourg\",\"url\":\"https:\/\/www.greenpeace.org\/luxembourg\/fr\/\",\"logo\":{\"@type\":\"ImageObject\",\"inLanguage\":\"de-LU\",\"@id\":\"https:\/\/www.greenpeace.org\/luxembourg\/fr\/#\/schema\/logo\/image\/\",\"url\":\"https:\/\/www.greenpeace.org\/static\/planet4-luxembourg-stateless\/2026\/03\/3e367f94-greenpeace_logo_green_rgb.png\",\"contentUrl\":\"https:\/\/www.greenpeace.org\/static\/planet4-luxembourg-stateless\/2026\/03\/3e367f94-greenpeace_logo_green_rgb.png\",\"width\":1080,\"height\":175,\"caption\":\"Greenpeace Luxembourg\"},\"image\":{\"@id\":\"https:\/\/www.greenpeace.org\/luxembourg\/fr\/#\/schema\/logo\/image\/\"},\"sameAs\":[\"https:\/\/www.facebook.com\/greenpeaceluxembourg\",\"https:\/\/www.instagram.com\/greenpeacelux\/\",\"https:\/\/www.linkedin.com\/company\/greenpeace-luxembourg\/\",\"https:\/\/www.threads.com\/@greenpeacelux\",\"https:\/\/bsky.app\/profile\/greenpeacelux.bsky.social\",\"https:\/\/www.youtube.com\/@GreenpeaceLux\",\"https:\/\/www.tiktok.com\/@greenpeace_lux\"]},{\"@type\":\"Person\",\"@id\":\"https:\/\/www.greenpeace.org\/luxembourg\/fr\/#\/schema\/person\/12b34015aca6e55fec2e511d2f19102d\",\"name\":\"Greenpeace Luxembourg\",\"url\":\"https:\/\/www.greenpeace.org\/luxembourg\/de\/author\/gp_luxembourg\/\"}]}<\/script>\n<!-- \/ Yoast SEO Premium plugin. -->","yoast_head_json":{"title":"Angesichts von Krieg, Klima- und Energiekrise darf \u201clues a lues\u201d keine Option sein! - Greenpeace Luxembourg","robots":{"index":"index","follow":"follow","max-snippet":"max-snippet:-1","max-image-preview":"max-image-preview:large","max-video-preview":"max-video-preview:-1"},"canonical":"https:\/\/www.greenpeace.org\/luxembourg\/de\/aktualitaet\/16638\/angesichts-von-krieg-klima-und-energiekrise-darf-lues-a-lues-keine-option-sein\/","og_locale":"de_DE","og_type":"article","og_title":"Angesichts von Krieg, Klima- und Energiekrise darf \u201clues a lues\u201d keine Option sein!","og_description":"Im RTL-Neujahrsinterview erkl\u00e4rte Staatsminister Xavier Bettel, dass die Luxemburger Finanzindustrie in Punkto Nachhaltigkeit auf dem richtigen Weg sei. Die \u00c4nderungen k\u00f6nnten jedoch nur langsam (\u201clues an lues\u201d) vorgenommen werden...","og_url":"https:\/\/www.greenpeace.org\/luxembourg\/de\/aktualitaet\/16638\/angesichts-von-krieg-klima-und-energiekrise-darf-lues-a-lues-keine-option-sein\/","og_site_name":"Greenpeace Luxembourg","article_publisher":"https:\/\/www.facebook.com\/greenpeaceluxembourg","article_published_time":"2023-01-16T14:45:49+00:00","article_modified_time":"2023-01-17T10:53:10+00:00","author":"Greenpeace Luxembourg","twitter_card":"summary_large_image","twitter_misc":{"Written by":"Greenpeace Luxembourg","Est. reading time":"5 minutes"},"schema":{"@context":"https:\/\/schema.org","@graph":[{"@type":"Article","@id":"https:\/\/www.greenpeace.org\/luxembourg\/de\/aktualitaet\/16638\/angesichts-von-krieg-klima-und-energiekrise-darf-lues-a-lues-keine-option-sein\/#article","isPartOf":{"@id":"https:\/\/www.greenpeace.org\/luxembourg\/de\/aktualitaet\/16638\/angesichts-von-krieg-klima-und-energiekrise-darf-lues-a-lues-keine-option-sein\/"},"author":{"name":"Greenpeace Luxembourg","@id":"https:\/\/www.greenpeace.org\/luxembourg\/fr\/#\/schema\/person\/12b34015aca6e55fec2e511d2f19102d"},"headline":"Angesichts von Krieg, Klima- und Energiekrise darf \u201clues a lues\u201d keine Option sein!","datePublished":"2023-01-16T14:45:49+00:00","dateModified":"2023-01-17T10:53:10+00:00","mainEntityOfPage":{"@id":"https:\/\/www.greenpeace.org\/luxembourg\/de\/aktualitaet\/16638\/angesichts-von-krieg-klima-und-energiekrise-darf-lues-a-lues-keine-option-sein\/"},"wordCount":995,"publisher":{"@id":"https:\/\/www.greenpeace.org\/luxembourg\/fr\/#organization"},"image":{"@id":"https:\/\/www.greenpeace.org\/luxembourg\/de\/aktualitaet\/16638\/angesichts-von-krieg-klima-und-energiekrise-darf-lues-a-lues-keine-option-sein\/#primaryimage"},"thumbnailUrl":"https:\/\/www.greenpeace.org\/static\/planet4-luxembourg-stateless\/2023\/01\/64759630-gp1sui3p_web_size_with_credit_line.jpg","keywords":["Finanzsektor"],"articleSection":["Energie","Klima"],"inLanguage":"de-LU"},{"@type":"WebPage","@id":"https:\/\/www.greenpeace.org\/luxembourg\/de\/aktualitaet\/16638\/angesichts-von-krieg-klima-und-energiekrise-darf-lues-a-lues-keine-option-sein\/","url":"https:\/\/www.greenpeace.org\/luxembourg\/de\/aktualitaet\/16638\/angesichts-von-krieg-klima-und-energiekrise-darf-lues-a-lues-keine-option-sein\/","name":"Angesichts von Krieg, Klima- und Energiekrise darf \u201clues a lues\u201d keine Option sein! - Greenpeace Luxembourg","isPartOf":{"@id":"https:\/\/www.greenpeace.org\/luxembourg\/fr\/#website"},"primaryImageOfPage":{"@id":"https:\/\/www.greenpeace.org\/luxembourg\/de\/aktualitaet\/16638\/angesichts-von-krieg-klima-und-energiekrise-darf-lues-a-lues-keine-option-sein\/#primaryimage"},"image":{"@id":"https:\/\/www.greenpeace.org\/luxembourg\/de\/aktualitaet\/16638\/angesichts-von-krieg-klima-und-energiekrise-darf-lues-a-lues-keine-option-sein\/#primaryimage"},"thumbnailUrl":"https:\/\/www.greenpeace.org\/static\/planet4-luxembourg-stateless\/2023\/01\/64759630-gp1sui3p_web_size_with_credit_line.jpg","datePublished":"2023-01-16T14:45:49+00:00","dateModified":"2023-01-17T10:53:10+00:00","breadcrumb":{"@id":"https:\/\/www.greenpeace.org\/luxembourg\/de\/aktualitaet\/16638\/angesichts-von-krieg-klima-und-energiekrise-darf-lues-a-lues-keine-option-sein\/#breadcrumb"},"inLanguage":"de-LU","potentialAction":[{"@type":"ReadAction","target":["https:\/\/www.greenpeace.org\/luxembourg\/de\/aktualitaet\/16638\/angesichts-von-krieg-klima-und-energiekrise-darf-lues-a-lues-keine-option-sein\/"]}]},{"@type":"ImageObject","inLanguage":"de-LU","@id":"https:\/\/www.greenpeace.org\/luxembourg\/de\/aktualitaet\/16638\/angesichts-von-krieg-klima-und-energiekrise-darf-lues-a-lues-keine-option-sein\/#primaryimage","url":"https:\/\/www.greenpeace.org\/static\/planet4-luxembourg-stateless\/2023\/01\/64759630-gp1sui3p_web_size_with_credit_line.jpg","contentUrl":"https:\/\/www.greenpeace.org\/static\/planet4-luxembourg-stateless\/2023\/01\/64759630-gp1sui3p_web_size_with_credit_line.jpg"},{"@type":"BreadcrumbList","@id":"https:\/\/www.greenpeace.org\/luxembourg\/de\/aktualitaet\/16638\/angesichts-von-krieg-klima-und-energiekrise-darf-lues-a-lues-keine-option-sein\/#breadcrumb","itemListElement":[{"@type":"ListItem","position":1,"name":"Home","item":"http:\/\/www.greenpeace.org\/luxembourg\/fr\/"},{"@type":"ListItem","position":2,"name":"Angesichts von Krieg, Klima- und Energiekrise darf \u201clues a lues\u201d keine Option sein!"}]},{"@type":"WebSite","@id":"https:\/\/www.greenpeace.org\/luxembourg\/fr\/#website","url":"https:\/\/www.greenpeace.org\/luxembourg\/fr\/","name":"Greenpeace Luxembourg","description":"Greenpeace existiert, weil unsere Erde eine Stimme braucht. Sie ben\u00f6tigt L\u00f6sungen. Ver\u00e4nderungen. Aktionen.","publisher":{"@id":"https:\/\/www.greenpeace.org\/luxembourg\/fr\/#organization"},"potentialAction":[{"@type":"SearchAction","target":{"@type":"EntryPoint","urlTemplate":"https:\/\/www.greenpeace.org\/luxembourg\/fr\/?s={search_term_string}"},"query-input":{"@type":"PropertyValueSpecification","valueRequired":true,"valueName":"search_term_string"}}],"inLanguage":"de-LU"},{"@type":"Organization","@id":"https:\/\/www.greenpeace.org\/luxembourg\/fr\/#organization","name":"Greenpeace Luxembourg","url":"https:\/\/www.greenpeace.org\/luxembourg\/fr\/","logo":{"@type":"ImageObject","inLanguage":"de-LU","@id":"https:\/\/www.greenpeace.org\/luxembourg\/fr\/#\/schema\/logo\/image\/","url":"https:\/\/www.greenpeace.org\/static\/planet4-luxembourg-stateless\/2026\/03\/3e367f94-greenpeace_logo_green_rgb.png","contentUrl":"https:\/\/www.greenpeace.org\/static\/planet4-luxembourg-stateless\/2026\/03\/3e367f94-greenpeace_logo_green_rgb.png","width":1080,"height":175,"caption":"Greenpeace Luxembourg"},"image":{"@id":"https:\/\/www.greenpeace.org\/luxembourg\/fr\/#\/schema\/logo\/image\/"},"sameAs":["https:\/\/www.facebook.com\/greenpeaceluxembourg","https:\/\/www.instagram.com\/greenpeacelux\/","https:\/\/www.linkedin.com\/company\/greenpeace-luxembourg\/","https:\/\/www.threads.com\/@greenpeacelux","https:\/\/bsky.app\/profile\/greenpeacelux.bsky.social","https:\/\/www.youtube.com\/@GreenpeaceLux","https:\/\/www.tiktok.com\/@greenpeace_lux"]},{"@type":"Person","@id":"https:\/\/www.greenpeace.org\/luxembourg\/fr\/#\/schema\/person\/12b34015aca6e55fec2e511d2f19102d","name":"Greenpeace Luxembourg","url":"https:\/\/www.greenpeace.org\/luxembourg\/de\/author\/gp_luxembourg\/"}]}},"_links":{"self":[{"href":"https:\/\/www.greenpeace.org\/luxembourg\/de\/wp-json\/wp\/v2\/posts\/16638","targetHints":{"allow":["GET"]}}],"collection":[{"href":"https:\/\/www.greenpeace.org\/luxembourg\/de\/wp-json\/wp\/v2\/posts"}],"about":[{"href":"https:\/\/www.greenpeace.org\/luxembourg\/de\/wp-json\/wp\/v2\/types\/post"}],"author":[{"embeddable":true,"href":"https:\/\/www.greenpeace.org\/luxembourg\/de\/wp-json\/wp\/v2\/users\/20"}],"replies":[{"embeddable":true,"href":"https:\/\/www.greenpeace.org\/luxembourg\/de\/wp-json\/wp\/v2\/comments?post=16638"}],"version-history":[{"count":2,"href":"https:\/\/www.greenpeace.org\/luxembourg\/de\/wp-json\/wp\/v2\/posts\/16638\/revisions"}],"predecessor-version":[{"id":16648,"href":"https:\/\/www.greenpeace.org\/luxembourg\/de\/wp-json\/wp\/v2\/posts\/16638\/revisions\/16648"}],"wp:attachment":[{"href":"https:\/\/www.greenpeace.org\/luxembourg\/de\/wp-json\/wp\/v2\/media?parent=16638"}],"wp:term":[{"taxonomy":"category","embeddable":true,"href":"https:\/\/www.greenpeace.org\/luxembourg\/de\/wp-json\/wp\/v2\/categories?post=16638"},{"taxonomy":"post_tag","embeddable":true,"href":"https:\/\/www.greenpeace.org\/luxembourg\/de\/wp-json\/wp\/v2\/tags?post=16638"},{"taxonomy":"p4-page-type","embeddable":true,"href":"https:\/\/www.greenpeace.org\/luxembourg\/de\/wp-json\/wp\/v2\/p4-page-type?post=16638"}],"curies":[{"name":"wp","href":"https:\/\/api.w.org\/{rel}","templated":true}]}}