{"id":17073,"date":"2023-02-28T16:05:32","date_gmt":"2023-02-28T14:05:32","guid":{"rendered":"https:\/\/www.greenpeace.org\/luxembourg\/?p=17073"},"modified":"2023-02-28T16:05:35","modified_gmt":"2023-02-28T14:05:35","slug":"atomkraft-eine-scheinloesung-fuer-das-klima","status":"publish","type":"post","link":"https:\/\/www.greenpeace.org\/luxembourg\/de\/aktualitaet\/17073\/atomkraft-eine-scheinloesung-fuer-das-klima\/","title":{"rendered":"Atomkraft: Eine Scheinl\u00f6sung f\u00fcr das Klima"},"content":{"rendered":"\n<p>In Zeiten des Klimawandels und der Energiekrise wird Atomkraft oft als &#8220;L\u00f6sung&#8221; angepriesen, da es sich um eine sogenannte kohlenstofffreie Energie handelt, die kein CO2 (einen der Hauptverursacher der globalen Erw\u00e4rmung) ausst\u00f6\u00dft. Die Europ\u00e4ische Union bekr\u00e4ftigt diese Idee, indem sie die Atomkraft in ihre <a href=\"https:\/\/www.greenpeace.org\/luxembourg\/de\/aktualitaet\/13263\/fur-eine-wirklich-nachhaltige-grune-eu-taxonomie\/\">Taxonomie<\/a>, ein Regelwerk f\u00fcr nachhaltige Wirtschaftsaktivit\u00e4ten, aufnimmt. <\/p>\n\n<p><strong>Dennoch ist die Atomenergie nicht die Rettung des Klimas.<\/strong><\/p>\n\n<h2 class=\"wp-block-heading\">1. Eine nicht allzu zuverl\u00e4ssige Branche<\/h2>\n\n<p>Die Bef\u00fcrworter:innen der Atomkraft betonen immer wieder, dass einer der Hauptvorteile dieser CO2-freien Energie darin besteht, dass sie das ganze Jahr \u00fcber und rund um die Uhr betrieben werden und dementsprechend Energie erzeugen kann. Aber ist das tats\u00e4chlich zutreffend?<\/p>\n\n<figure class=\"wp-block-image size-full\"><img loading=\"lazy\" decoding=\"async\" width=\"799\" height=\"532\" src=\"https:\/\/www.greenpeace.org\/static\/planet4-luxembourg-stateless\/2022\/10\/262b9a82-gp0sto94o_web_size.jpg\" alt=\"\" class=\"wp-image-15131\" srcset=\"https:\/\/www.greenpeace.org\/static\/planet4-luxembourg-stateless\/2022\/10\/262b9a82-gp0sto94o_web_size.jpg 799w, https:\/\/www.greenpeace.org\/static\/planet4-luxembourg-stateless\/2022\/10\/262b9a82-gp0sto94o_web_size-300x200.jpg 300w, https:\/\/www.greenpeace.org\/static\/planet4-luxembourg-stateless\/2022\/10\/262b9a82-gp0sto94o_web_size-768x511.jpg 768w, https:\/\/www.greenpeace.org\/static\/planet4-luxembourg-stateless\/2022\/10\/262b9a82-gp0sto94o_web_size-510x340.jpg 510w\" sizes=\"auto, (max-width: 799px) 100vw, 799px\" \/><\/figure>\n\n<p>Es sind vor allem<strong>die M\u00e4ngel des franz\u00f6sischen Atomparks<\/strong>mit seinen h\u00e4ufigen Ausf\u00e4llen &#8211; wie<a href=\"https:\/\/www.greenpeace.org\/luxembourg\/fr\/communiques-de-presse\/14300\/reactive-de-greenpeace-concernant-larret-du-reacteur-numero-1-de-cattenom\/\"> erst k\u00fcrzlich in Cattenom &#8211;<\/a> und die Schlechtwetter Risiken (pl\u00f6tzlich auftretende Hitzewellen, wodurch nicht ausreichend Wasser zur K\u00fchlung der Brennstoffe zur Verf\u00fcgung steht), die <strong>unser Nachbarland dazu zwingen, Kohle<\/strong> insbesondere aus Deutschland, zu importieren und zu verbrennen. <\/p>\n\n<p>Zuverl\u00e4ssigkeit sieht anders aus. <\/p>\n\n<h2 class=\"wp-block-heading\">2. Zu teuer und zu langsam verf\u00fcgbar<\/h2>\n\n<p><strong>15 bis 20 Jahre<\/strong>: So lange dauert die Planungs- und Bauzeit eines Atomreaktors. Viel zu lang, <strong>um der Dringlichkeit der Klimakrise angemessen entgegenzuwirken.<\/strong><\/p>\n\n<figure class=\"wp-block-image size-full\"><img loading=\"lazy\" decoding=\"async\" width=\"800\" height=\"581\" src=\"https:\/\/www.greenpeace.org\/static\/planet4-luxembourg-stateless\/2022\/04\/520531bc-gp0strc8r_web_size.jpg\" alt=\"\" class=\"wp-image-14166\" srcset=\"https:\/\/www.greenpeace.org\/static\/planet4-luxembourg-stateless\/2022\/04\/520531bc-gp0strc8r_web_size.jpg 800w, https:\/\/www.greenpeace.org\/static\/planet4-luxembourg-stateless\/2022\/04\/520531bc-gp0strc8r_web_size-300x218.jpg 300w, https:\/\/www.greenpeace.org\/static\/planet4-luxembourg-stateless\/2022\/04\/520531bc-gp0strc8r_web_size-768x558.jpg 768w, https:\/\/www.greenpeace.org\/static\/planet4-luxembourg-stateless\/2022\/04\/520531bc-gp0strc8r_web_size-468x340.jpg 468w\" sizes=\"auto, (max-width: 800px) 100vw, 800px\" \/><\/figure>\n\n<p>Die Kalkulationen der Kosten f\u00fcr den Bau neuer Reaktoren haben sich als absolut unrealistisch erwiesen. In England, Finnland, China und Frankreich sind die Ausgaben geradezu explosionsartig in die H\u00f6he geschossen: Der EPR in Flamanville (Frankreich) ist das beste Beispiel daf\u00fcr: Seine tats\u00e4chlichen Gesamtkosten werden auf \u00fcber 19 Milliarden Euro gesch\u00e4tzt, fast sechsmal so viel wie erwartet.<\/p>\n\n<h2 class=\"wp-block-heading\">3. Eine von Russland abh\u00e4ngige Industrie<\/h2>\n\n<p>Angefangen beim Abbau des Urans \u00fcber den Bau der Kraftwerke und sogar deren Betreibung bis hin zur Abfallentsorgung arbeitet die franz\u00f6sische Atomindustrie, die gerne mit ihrer energiepolitischen Unabh\u00e4ngigkeit prahlt, sehr eng <strong>mit ihrem russischen Pendant<\/strong> zusammen.<\/p>\n\n<p>Zum Importstopp von russischem Gas aufzurufen und gleichzeitig die enge Partnerschaft zwischen den beiden Industriel\u00e4ndern zu verschweigen, ist bestenfalls heuchlerisch. Denn trotz der Invasion in der Ukraine scheint es Frankreich nicht eilig zu haben, seine Zusammenarbeit mit dem russischen Angreifer zu beenden. <\/p>\n\n<h2 class=\"wp-block-heading\">4. Eine saubere Energiequelle? Naja&#8230;<\/h2>\n\n<p>Ja, es stimmt: Atomkraft st\u00f6\u00dft nur sehr wenig CO2 aus. <\/p>\n\n<p>Allerdings werden im Gegenzug bei der Stromerzeugung durch Atomenergie alleine in Frankreich jedes Jahr <strong>nicht weniger als 23 000 m3 Abfall<\/strong> erzeugt, wovon ein Teil f\u00fcr Tausende von Jahren hochradioaktiv bleiben wird.<\/p>\n\n<figure class=\"wp-block-image size-full\"><img loading=\"lazy\" decoding=\"async\" width=\"800\" height=\"533\" src=\"https:\/\/www.greenpeace.org\/static\/planet4-luxembourg-stateless\/2022\/10\/c33ce41d-gp0stqjj7_web_size.jpg\" alt=\"\" class=\"wp-image-15080\" srcset=\"https:\/\/www.greenpeace.org\/static\/planet4-luxembourg-stateless\/2022\/10\/c33ce41d-gp0stqjj7_web_size.jpg 800w, https:\/\/www.greenpeace.org\/static\/planet4-luxembourg-stateless\/2022\/10\/c33ce41d-gp0stqjj7_web_size-300x200.jpg 300w, https:\/\/www.greenpeace.org\/static\/planet4-luxembourg-stateless\/2022\/10\/c33ce41d-gp0stqjj7_web_size-768x512.jpg 768w, https:\/\/www.greenpeace.org\/static\/planet4-luxembourg-stateless\/2022\/10\/c33ce41d-gp0stqjj7_web_size-510x340.jpg 510w\" sizes=\"auto, (max-width: 800px) 100vw, 800px\" \/><\/figure>\n\n<p>Aber das ist noch nicht alles. Jedes Jahr werden in Frankreich etwa 1200 Tonnen abgebrannte Brennelemente, die von den ofiziellen Beh\u00f6rden nicht als &#8220;Abfall&#8221; verbucht werden, in den K\u00fchlbecken neben den Reaktoren aufbewahrt, da sie als &#8220;wiederverwertbar&#8221; gelten. Nichtamtlicher Abfall, der sich in 63 franz\u00f6sischen Atombecken ansammelt!<\/p>\n\n<p>Es werden die Kindeskinder unserer Kinder sein, die es zur Aufgabe haben werden, unseren radioaktiven M\u00fcll zu entsorgen.<strong> Atomkraft ist nicht ungef\u00e4hrlich f\u00fcr die Umwelt. <\/strong>Sie kann nicht als saubere Energie angesehen werden. <\/p>\n\n<h2 class=\"wp-block-heading\">5. Das atomare Sicherheitsrisiko\u2026<\/h2>\n\n<p>Die russische Invasion hat uns erneut mit ihren <a href=\"https:\/\/www.greenpeace.org\/luxembourg\/fr\/communiques-de-presse\/13768\/lattaque-russe-de-la-centrale-nucleaire-de-zaporizhzhya-renforce-les-craintes-de-greenpeace-sur-les-risques-nucleaires-graves-quengendre-la-guerre-en-ukraine\/\">Attacken auf ukrainische Kraftwerke<\/a> deutlich vor Augen gef\u00fchrt, wie gef\u00e4hrlich Atomkraft ist.<\/p>\n\n<p>Tschernobyl und Fukushima sind zwei nur allzu konkrete Beispiele f\u00fcr die Katastrophen, die die Atomkraft ausl\u00f6sen kann, sei es aufgrund interner Faktoren (Fahrl\u00e4ssigkeit, Material) oder externen Faktoren (extreme Wetterereignisse, Krieg&#8230;).<\/p>\n\n<figure class=\"wp-block-image size-full\"><img loading=\"lazy\" decoding=\"async\" width=\"800\" height=\"533\" src=\"https:\/\/www.greenpeace.org\/static\/planet4-luxembourg-stateless\/2021\/04\/c3822071-gp0stpq2h_web_size_with_credit_line.jpg\" alt=\"\" class=\"wp-image-11281\" srcset=\"https:\/\/www.greenpeace.org\/static\/planet4-luxembourg-stateless\/2021\/04\/c3822071-gp0stpq2h_web_size_with_credit_line.jpg 800w, https:\/\/www.greenpeace.org\/static\/planet4-luxembourg-stateless\/2021\/04\/c3822071-gp0stpq2h_web_size_with_credit_line-300x200.jpg 300w, https:\/\/www.greenpeace.org\/static\/planet4-luxembourg-stateless\/2021\/04\/c3822071-gp0stpq2h_web_size_with_credit_line-768x512.jpg 768w, https:\/\/www.greenpeace.org\/static\/planet4-luxembourg-stateless\/2021\/04\/c3822071-gp0stpq2h_web_size_with_credit_line-510x340.jpg 510w\" sizes=\"auto, (max-width: 800px) 100vw, 800px\" \/><\/figure>\n\n<p><strong>Es gibt kein Null-Risiko<\/strong> und zudem altern die nuklearen Anlagen. Dies gilt insbesondere f\u00fcr Cattenom: das Atomkraftwerk wird bald seine Altersgrenze von 40 Jahren erreichen. Dennoch plant EDF, die Laufzeitdauer zu verl\u00e4ngern, wobei im Falle eines gro\u00dfen Zwischenfalls <a href=\"https:\/\/www.greenpeace.org\/luxembourg\/de\/aktualitaet\/11179\/an-zero-der-film-eine-offene-debatte-uber-das-nukleare-risiko-in-luxemburg\/\">ganz Luxemburg<\/a> leiden m\u00fcsste.<\/p>\n\n<p>Jetzt ernsthaft, Atomkraft ist nicht die L\u00f6sung f\u00fcr die Klimakrise. Nicht einmal ann\u00e4hernd.<\/p>\n\n<p>In den letzten Jahren spielt die Nukleartechnologie auf globaler Ebene immer weniger eine Rolle bei der Erzeugung von Strom.<\/p>\n\n<p>Im Jahr 2020 haben die gewonnenen erneuerbaren Energien, haupts\u00e4chlich aus Wind, Sonne und Biomasse, Atomkraftwerke bei der weltweiten Stromerzeugung \u00fcberholt. Wasserkraft allein hat w\u00e4hrend des gr\u00f6\u00dften Teils der letzten drei Jahrzehnte mehr Strom erzeugt als die Kernkraft.<\/p>\n\n<p>Zum ersten Mal wurde in der EU mehr Strom aus erneuerbaren Energien (ausgenommen Wasserkraft) erzeugt als aus Atomenergie, und erneuerbare Energien, einschlie\u00dflich Wasserkraft, erzeugten mehr Strom als alle fossilen Brennstoffe zusammengenommen.<\/p>\n\n<p>Der Nettozuwachs an nuklearer Kapazit\u00e4t (berechnet durch das Subtrahieren von Neuinbetriebnahmen abz\u00fcglich der Stilllegungen von Kraftwerken) fiel auf 0,4 GW, gegen\u00fcber +250 GW allein bei den erneuerbaren Energien. Somit ist die Atomindustrie auf dem aktuellen Markt f\u00fcr den Ausbau von neuen Erzeugungskapazit\u00e4ten irrelevant geworden.<\/p>\n\n<p>Die Atomindustrie setzt auf das Klimaschutz-Argument, um ihr eigenes \u00dcberleben zu sichern, nicht das des Planeten. Diese Trugbilder sind besorgniserregend, weil sie uns dazu verleiten k\u00f6nnten, das Wesentliche aus den Augen zu lassen: Um der Klimadringlichkeit zu begegnen, brauchen wir einen Systemwandel, keine veraltete Technologie.<\/p>\n","protected":false},"excerpt":{"rendered":"<p>In Zeiten des Klimawandels und der Energiekrise wird Atomkraft oft als &#8220;L\u00f6sung&#8221; angepriesen, da es sich um eine sogenannte kohlenstofffreie Energie handelt, die kein CO2 (einen der Hauptverursacher der&#8230;<\/p>\n","protected":false},"author":25,"featured_media":14302,"comment_status":"closed","ping_status":"closed","sticky":false,"template":"","format":"standard","meta":{"ep_exclude_from_search":false,"p4_og_title":"","p4_og_description":"","p4_og_image":"","p4_og_image_id":"","p4_seo_canonical_url":"","p4_campaign_name":"","p4_local_project":"","p4_basket_name":"","p4_department":"","footnotes":""},"categories":[49],"tags":[58],"p4-page-type":[68],"class_list":["post-17073","post","type-post","status-publish","format-standard","has-post-thumbnail","hentry","category-energie","tag-nuklear","p4-page-type-aktualitaet"],"yoast_head":"<!-- This site is optimized with the Yoast SEO Premium plugin v23.9 (Yoast SEO v23.9) - https:\/\/yoast.com\/wordpress\/plugins\/seo\/ -->\n<title>Atomkraft: Eine Scheinl\u00f6sung f\u00fcr das Klima - Greenpeace Luxembourg<\/title>\n<meta name=\"robots\" content=\"index, follow, max-snippet:-1, max-image-preview:large, max-video-preview:-1\" \/>\n<link rel=\"canonical\" href=\"https:\/\/www.greenpeace.org\/luxembourg\/de\/aktualitaet\/17073\/atomkraft-eine-scheinloesung-fuer-das-klima\/\" \/>\n<meta property=\"og:locale\" content=\"de_DE\" \/>\n<meta property=\"og:type\" content=\"article\" \/>\n<meta property=\"og:title\" content=\"Atomkraft: Eine Scheinl\u00f6sung f\u00fcr das Klima\" \/>\n<meta property=\"og:description\" content=\"In Zeiten des Klimawandels und der Energiekrise wird Atomkraft oft als &quot;L\u00f6sung&quot; angepriesen, da es sich um eine sogenannte kohlenstofffreie Energie handelt, die kein CO2 (einen der Hauptverursacher der...\" \/>\n<meta property=\"og:url\" content=\"https:\/\/www.greenpeace.org\/luxembourg\/de\/aktualitaet\/17073\/atomkraft-eine-scheinloesung-fuer-das-klima\/\" \/>\n<meta property=\"og:site_name\" content=\"Greenpeace Luxembourg\" \/>\n<meta property=\"article:publisher\" content=\"https:\/\/www.facebook.com\/greenpeaceluxembourg\" \/>\n<meta property=\"article:published_time\" content=\"2023-02-28T14:05:32+00:00\" \/>\n<meta property=\"article:modified_time\" content=\"2023-02-28T14:05:35+00:00\" \/>\n<meta property=\"og:image\" content=\"https:\/\/www.greenpeace.org\/static\/planet4-luxembourg-stateless\/2022\/05\/f272e527-gp1sx166_medium_res.jpg\" \/>\n\t<meta property=\"og:image:width\" content=\"1200\" \/>\n\t<meta property=\"og:image:height\" content=\"800\" \/>\n\t<meta property=\"og:image:type\" content=\"image\/jpeg\" \/>\n<meta name=\"author\" content=\"Esther Wildanger\" \/>\n<meta name=\"twitter:card\" content=\"summary_large_image\" \/>\n<meta name=\"twitter:label1\" content=\"Written by\" \/>\n\t<meta name=\"twitter:data1\" content=\"Esther Wildanger\" \/>\n\t<meta name=\"twitter:label2\" content=\"Est. reading time\" \/>\n\t<meta name=\"twitter:data2\" content=\"4 minutes\" \/>\n<script type=\"application\/ld+json\" class=\"yoast-schema-graph\">{\"@context\":\"https:\/\/schema.org\",\"@graph\":[{\"@type\":\"Article\",\"@id\":\"https:\/\/www.greenpeace.org\/luxembourg\/de\/aktualitaet\/17073\/atomkraft-eine-scheinloesung-fuer-das-klima\/#article\",\"isPartOf\":{\"@id\":\"https:\/\/www.greenpeace.org\/luxembourg\/de\/aktualitaet\/17073\/atomkraft-eine-scheinloesung-fuer-das-klima\/\"},\"author\":{\"name\":\"Esther Wildanger\",\"@id\":\"https:\/\/www.greenpeace.org\/luxembourg\/fr\/#\/schema\/person\/3d0e81a859b59009fec36a8552ef76a7\"},\"headline\":\"Atomkraft: Eine Scheinl\u00f6sung f\u00fcr das Klima\",\"datePublished\":\"2023-02-28T14:05:32+00:00\",\"dateModified\":\"2023-02-28T14:05:35+00:00\",\"mainEntityOfPage\":{\"@id\":\"https:\/\/www.greenpeace.org\/luxembourg\/de\/aktualitaet\/17073\/atomkraft-eine-scheinloesung-fuer-das-klima\/\"},\"wordCount\":794,\"publisher\":{\"@id\":\"https:\/\/www.greenpeace.org\/luxembourg\/fr\/#organization\"},\"image\":{\"@id\":\"https:\/\/www.greenpeace.org\/luxembourg\/de\/aktualitaet\/17073\/atomkraft-eine-scheinloesung-fuer-das-klima\/#primaryimage\"},\"thumbnailUrl\":\"https:\/\/www.greenpeace.org\/static\/planet4-luxembourg-stateless\/2022\/05\/f272e527-gp1sx166_medium_res.jpg\",\"keywords\":[\"Nuklear\"],\"articleSection\":[\"Energie\"],\"inLanguage\":\"de-LU\"},{\"@type\":\"WebPage\",\"@id\":\"https:\/\/www.greenpeace.org\/luxembourg\/de\/aktualitaet\/17073\/atomkraft-eine-scheinloesung-fuer-das-klima\/\",\"url\":\"https:\/\/www.greenpeace.org\/luxembourg\/de\/aktualitaet\/17073\/atomkraft-eine-scheinloesung-fuer-das-klima\/\",\"name\":\"Atomkraft: Eine Scheinl\u00f6sung f\u00fcr das Klima - Greenpeace Luxembourg\",\"isPartOf\":{\"@id\":\"https:\/\/www.greenpeace.org\/luxembourg\/fr\/#website\"},\"primaryImageOfPage\":{\"@id\":\"https:\/\/www.greenpeace.org\/luxembourg\/de\/aktualitaet\/17073\/atomkraft-eine-scheinloesung-fuer-das-klima\/#primaryimage\"},\"image\":{\"@id\":\"https:\/\/www.greenpeace.org\/luxembourg\/de\/aktualitaet\/17073\/atomkraft-eine-scheinloesung-fuer-das-klima\/#primaryimage\"},\"thumbnailUrl\":\"https:\/\/www.greenpeace.org\/static\/planet4-luxembourg-stateless\/2022\/05\/f272e527-gp1sx166_medium_res.jpg\",\"datePublished\":\"2023-02-28T14:05:32+00:00\",\"dateModified\":\"2023-02-28T14:05:35+00:00\",\"breadcrumb\":{\"@id\":\"https:\/\/www.greenpeace.org\/luxembourg\/de\/aktualitaet\/17073\/atomkraft-eine-scheinloesung-fuer-das-klima\/#breadcrumb\"},\"inLanguage\":\"de-LU\",\"potentialAction\":[{\"@type\":\"ReadAction\",\"target\":[\"https:\/\/www.greenpeace.org\/luxembourg\/de\/aktualitaet\/17073\/atomkraft-eine-scheinloesung-fuer-das-klima\/\"]}]},{\"@type\":\"ImageObject\",\"inLanguage\":\"de-LU\",\"@id\":\"https:\/\/www.greenpeace.org\/luxembourg\/de\/aktualitaet\/17073\/atomkraft-eine-scheinloesung-fuer-das-klima\/#primaryimage\",\"url\":\"https:\/\/www.greenpeace.org\/static\/planet4-luxembourg-stateless\/2022\/05\/f272e527-gp1sx166_medium_res.jpg\",\"contentUrl\":\"https:\/\/www.greenpeace.org\/static\/planet4-luxembourg-stateless\/2022\/05\/f272e527-gp1sx166_medium_res.jpg\",\"width\":1200,\"height\":800,\"caption\":\"Putin's war of aggression against Ukraine shows once again that the improbable can happen suddenly and unexpectedly. Besides the immense suffering that the Ukrainians are now experiencing and Putin's threat to even use his nuclear weapons, there is another major nuclear danger. 15 operating nuclear reactors, in addition to the destroyed one and the 3 closed reactors in Chernobyl. All this shows: The world must say goodbye to nuclear energy! Switzerland must finally implement the decision to phase out nuclear power. The 2200th vigil and the subsequent rally on Campusplatz have been approved. Der Angriffskrieg von Putin gegen die Ukraine zeigt einmal mehr, dass das Unwahrscheinliche pl\u00f6tzlich und unerwartet eintreffen kann. Neben dem immensen Leid, das die Ukrainer:innen nun erleben, und Putins Drohung, sogar seine Atomwaffen einzusetzen, besteht noch eine andere grosse Atomgefahr. 15 laufende AKW-Reaktoren, neben dem zerst\u00f6rten und den 3 stillgelegten Reaktoren in Tschernobyl. Das alles zeigt: Die Welt muss sich von der Atomenergie verabschieden! Die Schweiz muss den beschlossenen AKW-Ausstieg endlich umsetzen. Die 2200. Mahnwache und die anschliessende Kundgebung auf dem Campusplatz sind bewilligt.\"},{\"@type\":\"BreadcrumbList\",\"@id\":\"https:\/\/www.greenpeace.org\/luxembourg\/de\/aktualitaet\/17073\/atomkraft-eine-scheinloesung-fuer-das-klima\/#breadcrumb\",\"itemListElement\":[{\"@type\":\"ListItem\",\"position\":1,\"name\":\"Home\",\"item\":\"http:\/\/www.greenpeace.org\/luxembourg\/fr\/\"},{\"@type\":\"ListItem\",\"position\":2,\"name\":\"Atomkraft: Eine Scheinl\u00f6sung f\u00fcr das Klima\"}]},{\"@type\":\"WebSite\",\"@id\":\"https:\/\/www.greenpeace.org\/luxembourg\/fr\/#website\",\"url\":\"https:\/\/www.greenpeace.org\/luxembourg\/fr\/\",\"name\":\"Greenpeace Luxembourg\",\"description\":\"Greenpeace existiert, weil unsere Erde eine Stimme braucht. Sie ben\u00f6tigt L\u00f6sungen. Ver\u00e4nderungen. Aktionen.\",\"publisher\":{\"@id\":\"https:\/\/www.greenpeace.org\/luxembourg\/fr\/#organization\"},\"potentialAction\":[{\"@type\":\"SearchAction\",\"target\":{\"@type\":\"EntryPoint\",\"urlTemplate\":\"https:\/\/www.greenpeace.org\/luxembourg\/fr\/?s={search_term_string}\"},\"query-input\":{\"@type\":\"PropertyValueSpecification\",\"valueRequired\":true,\"valueName\":\"search_term_string\"}}],\"inLanguage\":\"de-LU\"},{\"@type\":\"Organization\",\"@id\":\"https:\/\/www.greenpeace.org\/luxembourg\/fr\/#organization\",\"name\":\"Greenpeace Luxembourg\",\"url\":\"https:\/\/www.greenpeace.org\/luxembourg\/fr\/\",\"logo\":{\"@type\":\"ImageObject\",\"inLanguage\":\"de-LU\",\"@id\":\"https:\/\/www.greenpeace.org\/luxembourg\/fr\/#\/schema\/logo\/image\/\",\"url\":\"https:\/\/www.greenpeace.org\/static\/planet4-luxembourg-stateless\/2026\/03\/3e367f94-greenpeace_logo_green_rgb.png\",\"contentUrl\":\"https:\/\/www.greenpeace.org\/static\/planet4-luxembourg-stateless\/2026\/03\/3e367f94-greenpeace_logo_green_rgb.png\",\"width\":1080,\"height\":175,\"caption\":\"Greenpeace Luxembourg\"},\"image\":{\"@id\":\"https:\/\/www.greenpeace.org\/luxembourg\/fr\/#\/schema\/logo\/image\/\"},\"sameAs\":[\"https:\/\/www.facebook.com\/greenpeaceluxembourg\",\"https:\/\/www.instagram.com\/greenpeacelux\/\",\"https:\/\/www.linkedin.com\/company\/greenpeace-luxembourg\/\",\"https:\/\/www.threads.com\/@greenpeacelux\",\"https:\/\/bsky.app\/profile\/greenpeacelux.bsky.social\",\"https:\/\/www.youtube.com\/@GreenpeaceLux\",\"https:\/\/www.tiktok.com\/@greenpeace_lux\"]},{\"@type\":\"Person\",\"@id\":\"https:\/\/www.greenpeace.org\/luxembourg\/fr\/#\/schema\/person\/3d0e81a859b59009fec36a8552ef76a7\",\"name\":\"Esther Wildanger\",\"url\":\"https:\/\/www.greenpeace.org\/luxembourg\/de\/author\/ewildang\/\"}]}<\/script>\n<!-- \/ Yoast SEO Premium plugin. -->","yoast_head_json":{"title":"Atomkraft: Eine Scheinl\u00f6sung f\u00fcr das Klima - Greenpeace Luxembourg","robots":{"index":"index","follow":"follow","max-snippet":"max-snippet:-1","max-image-preview":"max-image-preview:large","max-video-preview":"max-video-preview:-1"},"canonical":"https:\/\/www.greenpeace.org\/luxembourg\/de\/aktualitaet\/17073\/atomkraft-eine-scheinloesung-fuer-das-klima\/","og_locale":"de_DE","og_type":"article","og_title":"Atomkraft: Eine Scheinl\u00f6sung f\u00fcr das Klima","og_description":"In Zeiten des Klimawandels und der Energiekrise wird Atomkraft oft als \"L\u00f6sung\" angepriesen, da es sich um eine sogenannte kohlenstofffreie Energie handelt, die kein CO2 (einen der Hauptverursacher der...","og_url":"https:\/\/www.greenpeace.org\/luxembourg\/de\/aktualitaet\/17073\/atomkraft-eine-scheinloesung-fuer-das-klima\/","og_site_name":"Greenpeace Luxembourg","article_publisher":"https:\/\/www.facebook.com\/greenpeaceluxembourg","article_published_time":"2023-02-28T14:05:32+00:00","article_modified_time":"2023-02-28T14:05:35+00:00","og_image":[{"width":1200,"height":800,"url":"https:\/\/www.greenpeace.org\/static\/planet4-luxembourg-stateless\/2022\/05\/f272e527-gp1sx166_medium_res.jpg","type":"image\/jpeg"}],"author":"Esther Wildanger","twitter_card":"summary_large_image","twitter_misc":{"Written by":"Esther Wildanger","Est. reading time":"4 minutes"},"schema":{"@context":"https:\/\/schema.org","@graph":[{"@type":"Article","@id":"https:\/\/www.greenpeace.org\/luxembourg\/de\/aktualitaet\/17073\/atomkraft-eine-scheinloesung-fuer-das-klima\/#article","isPartOf":{"@id":"https:\/\/www.greenpeace.org\/luxembourg\/de\/aktualitaet\/17073\/atomkraft-eine-scheinloesung-fuer-das-klima\/"},"author":{"name":"Esther Wildanger","@id":"https:\/\/www.greenpeace.org\/luxembourg\/fr\/#\/schema\/person\/3d0e81a859b59009fec36a8552ef76a7"},"headline":"Atomkraft: Eine Scheinl\u00f6sung f\u00fcr das Klima","datePublished":"2023-02-28T14:05:32+00:00","dateModified":"2023-02-28T14:05:35+00:00","mainEntityOfPage":{"@id":"https:\/\/www.greenpeace.org\/luxembourg\/de\/aktualitaet\/17073\/atomkraft-eine-scheinloesung-fuer-das-klima\/"},"wordCount":794,"publisher":{"@id":"https:\/\/www.greenpeace.org\/luxembourg\/fr\/#organization"},"image":{"@id":"https:\/\/www.greenpeace.org\/luxembourg\/de\/aktualitaet\/17073\/atomkraft-eine-scheinloesung-fuer-das-klima\/#primaryimage"},"thumbnailUrl":"https:\/\/www.greenpeace.org\/static\/planet4-luxembourg-stateless\/2022\/05\/f272e527-gp1sx166_medium_res.jpg","keywords":["Nuklear"],"articleSection":["Energie"],"inLanguage":"de-LU"},{"@type":"WebPage","@id":"https:\/\/www.greenpeace.org\/luxembourg\/de\/aktualitaet\/17073\/atomkraft-eine-scheinloesung-fuer-das-klima\/","url":"https:\/\/www.greenpeace.org\/luxembourg\/de\/aktualitaet\/17073\/atomkraft-eine-scheinloesung-fuer-das-klima\/","name":"Atomkraft: Eine Scheinl\u00f6sung f\u00fcr das Klima - Greenpeace Luxembourg","isPartOf":{"@id":"https:\/\/www.greenpeace.org\/luxembourg\/fr\/#website"},"primaryImageOfPage":{"@id":"https:\/\/www.greenpeace.org\/luxembourg\/de\/aktualitaet\/17073\/atomkraft-eine-scheinloesung-fuer-das-klima\/#primaryimage"},"image":{"@id":"https:\/\/www.greenpeace.org\/luxembourg\/de\/aktualitaet\/17073\/atomkraft-eine-scheinloesung-fuer-das-klima\/#primaryimage"},"thumbnailUrl":"https:\/\/www.greenpeace.org\/static\/planet4-luxembourg-stateless\/2022\/05\/f272e527-gp1sx166_medium_res.jpg","datePublished":"2023-02-28T14:05:32+00:00","dateModified":"2023-02-28T14:05:35+00:00","breadcrumb":{"@id":"https:\/\/www.greenpeace.org\/luxembourg\/de\/aktualitaet\/17073\/atomkraft-eine-scheinloesung-fuer-das-klima\/#breadcrumb"},"inLanguage":"de-LU","potentialAction":[{"@type":"ReadAction","target":["https:\/\/www.greenpeace.org\/luxembourg\/de\/aktualitaet\/17073\/atomkraft-eine-scheinloesung-fuer-das-klima\/"]}]},{"@type":"ImageObject","inLanguage":"de-LU","@id":"https:\/\/www.greenpeace.org\/luxembourg\/de\/aktualitaet\/17073\/atomkraft-eine-scheinloesung-fuer-das-klima\/#primaryimage","url":"https:\/\/www.greenpeace.org\/static\/planet4-luxembourg-stateless\/2022\/05\/f272e527-gp1sx166_medium_res.jpg","contentUrl":"https:\/\/www.greenpeace.org\/static\/planet4-luxembourg-stateless\/2022\/05\/f272e527-gp1sx166_medium_res.jpg","width":1200,"height":800,"caption":"Putin's war of aggression against Ukraine shows once again that the improbable can happen suddenly and unexpectedly. Besides the immense suffering that the Ukrainians are now experiencing and Putin's threat to even use his nuclear weapons, there is another major nuclear danger. 15 operating nuclear reactors, in addition to the destroyed one and the 3 closed reactors in Chernobyl. All this shows: The world must say goodbye to nuclear energy! Switzerland must finally implement the decision to phase out nuclear power. The 2200th vigil and the subsequent rally on Campusplatz have been approved. Der Angriffskrieg von Putin gegen die Ukraine zeigt einmal mehr, dass das Unwahrscheinliche pl\u00f6tzlich und unerwartet eintreffen kann. Neben dem immensen Leid, das die Ukrainer:innen nun erleben, und Putins Drohung, sogar seine Atomwaffen einzusetzen, besteht noch eine andere grosse Atomgefahr. 15 laufende AKW-Reaktoren, neben dem zerst\u00f6rten und den 3 stillgelegten Reaktoren in Tschernobyl. Das alles zeigt: Die Welt muss sich von der Atomenergie verabschieden! Die Schweiz muss den beschlossenen AKW-Ausstieg endlich umsetzen. Die 2200. Mahnwache und die anschliessende Kundgebung auf dem Campusplatz sind bewilligt."},{"@type":"BreadcrumbList","@id":"https:\/\/www.greenpeace.org\/luxembourg\/de\/aktualitaet\/17073\/atomkraft-eine-scheinloesung-fuer-das-klima\/#breadcrumb","itemListElement":[{"@type":"ListItem","position":1,"name":"Home","item":"http:\/\/www.greenpeace.org\/luxembourg\/fr\/"},{"@type":"ListItem","position":2,"name":"Atomkraft: Eine Scheinl\u00f6sung f\u00fcr das Klima"}]},{"@type":"WebSite","@id":"https:\/\/www.greenpeace.org\/luxembourg\/fr\/#website","url":"https:\/\/www.greenpeace.org\/luxembourg\/fr\/","name":"Greenpeace Luxembourg","description":"Greenpeace existiert, weil unsere Erde eine Stimme braucht. Sie ben\u00f6tigt L\u00f6sungen. Ver\u00e4nderungen. Aktionen.","publisher":{"@id":"https:\/\/www.greenpeace.org\/luxembourg\/fr\/#organization"},"potentialAction":[{"@type":"SearchAction","target":{"@type":"EntryPoint","urlTemplate":"https:\/\/www.greenpeace.org\/luxembourg\/fr\/?s={search_term_string}"},"query-input":{"@type":"PropertyValueSpecification","valueRequired":true,"valueName":"search_term_string"}}],"inLanguage":"de-LU"},{"@type":"Organization","@id":"https:\/\/www.greenpeace.org\/luxembourg\/fr\/#organization","name":"Greenpeace Luxembourg","url":"https:\/\/www.greenpeace.org\/luxembourg\/fr\/","logo":{"@type":"ImageObject","inLanguage":"de-LU","@id":"https:\/\/www.greenpeace.org\/luxembourg\/fr\/#\/schema\/logo\/image\/","url":"https:\/\/www.greenpeace.org\/static\/planet4-luxembourg-stateless\/2026\/03\/3e367f94-greenpeace_logo_green_rgb.png","contentUrl":"https:\/\/www.greenpeace.org\/static\/planet4-luxembourg-stateless\/2026\/03\/3e367f94-greenpeace_logo_green_rgb.png","width":1080,"height":175,"caption":"Greenpeace Luxembourg"},"image":{"@id":"https:\/\/www.greenpeace.org\/luxembourg\/fr\/#\/schema\/logo\/image\/"},"sameAs":["https:\/\/www.facebook.com\/greenpeaceluxembourg","https:\/\/www.instagram.com\/greenpeacelux\/","https:\/\/www.linkedin.com\/company\/greenpeace-luxembourg\/","https:\/\/www.threads.com\/@greenpeacelux","https:\/\/bsky.app\/profile\/greenpeacelux.bsky.social","https:\/\/www.youtube.com\/@GreenpeaceLux","https:\/\/www.tiktok.com\/@greenpeace_lux"]},{"@type":"Person","@id":"https:\/\/www.greenpeace.org\/luxembourg\/fr\/#\/schema\/person\/3d0e81a859b59009fec36a8552ef76a7","name":"Esther Wildanger","url":"https:\/\/www.greenpeace.org\/luxembourg\/de\/author\/ewildang\/"}]}},"_links":{"self":[{"href":"https:\/\/www.greenpeace.org\/luxembourg\/de\/wp-json\/wp\/v2\/posts\/17073","targetHints":{"allow":["GET"]}}],"collection":[{"href":"https:\/\/www.greenpeace.org\/luxembourg\/de\/wp-json\/wp\/v2\/posts"}],"about":[{"href":"https:\/\/www.greenpeace.org\/luxembourg\/de\/wp-json\/wp\/v2\/types\/post"}],"author":[{"embeddable":true,"href":"https:\/\/www.greenpeace.org\/luxembourg\/de\/wp-json\/wp\/v2\/users\/25"}],"replies":[{"embeddable":true,"href":"https:\/\/www.greenpeace.org\/luxembourg\/de\/wp-json\/wp\/v2\/comments?post=17073"}],"version-history":[{"count":4,"href":"https:\/\/www.greenpeace.org\/luxembourg\/de\/wp-json\/wp\/v2\/posts\/17073\/revisions"}],"predecessor-version":[{"id":17077,"href":"https:\/\/www.greenpeace.org\/luxembourg\/de\/wp-json\/wp\/v2\/posts\/17073\/revisions\/17077"}],"wp:featuredmedia":[{"embeddable":true,"href":"https:\/\/www.greenpeace.org\/luxembourg\/de\/wp-json\/wp\/v2\/media\/14302"}],"wp:attachment":[{"href":"https:\/\/www.greenpeace.org\/luxembourg\/de\/wp-json\/wp\/v2\/media?parent=17073"}],"wp:term":[{"taxonomy":"category","embeddable":true,"href":"https:\/\/www.greenpeace.org\/luxembourg\/de\/wp-json\/wp\/v2\/categories?post=17073"},{"taxonomy":"post_tag","embeddable":true,"href":"https:\/\/www.greenpeace.org\/luxembourg\/de\/wp-json\/wp\/v2\/tags?post=17073"},{"taxonomy":"p4-page-type","embeddable":true,"href":"https:\/\/www.greenpeace.org\/luxembourg\/de\/wp-json\/wp\/v2\/p4-page-type?post=17073"}],"curies":[{"name":"wp","href":"https:\/\/api.w.org\/{rel}","templated":true}]}}