{"id":1741,"date":"2018-05-09T00:00:00","date_gmt":"2018-05-09T00:00:00","guid":{"rendered":"https:\/\/www.greenpeace.org\/luxembourg\/actualites\/1741\/die-opposition-gegen-ttip-ceta-und-co-geht-weiter\/"},"modified":"2021-01-11T18:49:18","modified_gmt":"2021-01-11T16:49:18","slug":"die-opposition-gegen-ttip-ceta-und-co-geht-weiter","status":"publish","type":"post","link":"https:\/\/www.greenpeace.org\/luxembourg\/de\/aktualitaet\/1741\/die-opposition-gegen-ttip-ceta-und-co-geht-weiter\/","title":{"rendered":"Die Opposition gegen TTIP, CETA und Co geht weiter"},"content":{"rendered":"<h2>Der Fokus liegt auf einem fairen, sozialen, \u00f6kologischen und demokratischen Welthandel<\/h2>\n<div class=\"leader\">\n\tHeute hat die Plattform Stop CETA &amp; TTIP, zu der auch Greenpeace Luxemburg geh\u00f6rt, anl\u00e4sslich einer Pressekonferenz, ihre Forderungen bez\u00fcglich der diesj\u00e4hrigen Wahlen vorgestellt.<\/div>\n<div>\n<p><img loading=\"lazy\" decoding=\"async\" src=\"https:\/\/www.greenpeace.org\/static\/planet4-luxembourg-stateless\/2018\/10\/ttip_ceta_logo-news-699x361.jpg\" alt=\"\" width=\"600\" height=\"310\"><\/p>\n<p>Es wurde ein dringender Appell an die Parteien gerichtet, CETA nicht in der Abgeordnetenkammer zu w\u00e4hlen, bestehende Freihandelsabkommen zu revidieren und sicherzustellen, dass sie \u00f6kologisch, sozial und demokratisch sind. Eine weitere Forderung ist die F\u00f6rderung eines gerechteren Welthandels.<\/p>\n<p style=\"text-align: left;\">Die <strong>Stopp TTIP &amp; CETA-Plattform<\/strong> befasst sich ebenfalls mit der aktuellen Entwicklung des Freihandelsabkommen mit Japan. Es ist wichtig, dass diese umstrittene Vereinbarung in der Abgeordnetenkammer diskutiert wird, bevor die Regierung im Ministerrat \u00fcber dieses Abkommen beschlie\u00dft.<\/p>\n<p><span><span>&nbsp;<\/span><\/span><\/p>\n<p style=\"text-align: center;\" dir=\"ltr\"><strong>&gt;&gt; <a href=\"https:\/\/www.greenpeace.org\/static\/planet4-luxembourg-stateless\/2018\/10\/f8735ed9-f8735ed9-forderungen-nationalwahlen-plattform-stop-cetattip.pdf\">Die Wahlforderungen im Detail<\/a> &lt;&lt;<\/strong><\/p>\n<p style=\"text-align: center;\" dir=\"ltr\"><strong>&gt;&gt; <a href=\"https:\/\/www.greenpeace.org\/static\/planet4-luxembourg-stateless\/2018\/10\/b874267a-b874267a-luxemburger-regierung-muss-stellung-betreffend-freihandelsabkommen-mit-japan-offen-legen.pdf\">Die Stellungnahme bez\u00fcglich des Abkommens mit Japan<\/a> &lt;&lt;<\/strong><\/p>\n<p><span>&nbsp;<\/span><\/p>\n<\/div>\n","protected":false},"excerpt":{"rendered":"<div>\n\tHeute hat die Plattform Stop CETA &amp; TTIP, zu der auch Greenpeace Luxemburg geh\u00f6rt, anl\u00e4sslich einer Pressekonferenz, ihre Forderungen bez\u00fcglich der diesj\u00e4hrigen Wahlen vorgestellt.\n<\/div>\n","protected":false},"author":20,"featured_media":1700,"comment_status":"closed","ping_status":"closed","sticky":false,"template":"","format":"standard","meta":{"ep_exclude_from_search":false,"p4_og_title":"","p4_og_description":"","p4_og_image":"","p4_og_image_id":"","p4_seo_canonical_url":"","p4_campaign_name":"not set","p4_local_project":"not set","p4_basket_name":"not set","p4_department":"","footnotes":""},"categories":[24],"tags":[96,98,60],"p4-page-type":[68],"class_list":["post-1741","post","type-post","status-publish","format-standard","has-post-thumbnail","hentry","category-greenpeace","tag-finanzsektor","tag-gerechtigkeit","tag-luxemburg","p4-page-type-aktualitaet"],"yoast_head":"<!-- This site is optimized with the Yoast SEO Premium plugin v23.9 (Yoast SEO v23.9) - https:\/\/yoast.com\/wordpress\/plugins\/seo\/ -->\n<title>Die Opposition gegen TTIP, CETA und Co geht weiter - Greenpeace Luxembourg<\/title>\n<meta name=\"robots\" content=\"index, follow, max-snippet:-1, max-image-preview:large, max-video-preview:-1\" \/>\n<link rel=\"canonical\" href=\"https:\/\/www.greenpeace.org\/luxembourg\/de\/aktualitaet\/1741\/die-opposition-gegen-ttip-ceta-und-co-geht-weiter\/\" \/>\n<meta property=\"og:locale\" content=\"de_DE\" \/>\n<meta property=\"og:type\" content=\"article\" \/>\n<meta property=\"og:title\" content=\"Die Opposition gegen TTIP, CETA und Co geht weiter\" \/>\n<meta property=\"og:description\" content=\"Heute hat die Plattform Stop CETA &amp; TTIP, zu der auch Greenpeace Luxemburg geh\u00f6rt, anl\u00e4sslich einer Pressekonferenz, ihre Forderungen bez\u00fcglich der diesj\u00e4hrigen Wahlen vorgestellt.\" \/>\n<meta property=\"og:url\" content=\"https:\/\/www.greenpeace.org\/luxembourg\/de\/aktualitaet\/1741\/die-opposition-gegen-ttip-ceta-und-co-geht-weiter\/\" \/>\n<meta property=\"og:site_name\" content=\"Greenpeace Luxembourg\" \/>\n<meta property=\"article:publisher\" content=\"https:\/\/www.facebook.com\/greenpeaceluxembourg\" \/>\n<meta property=\"article:published_time\" content=\"2018-05-09T00:00:00+00:00\" \/>\n<meta property=\"article:modified_time\" content=\"2021-01-11T16:49:18+00:00\" \/>\n<meta property=\"og:image\" content=\"https:\/\/www.greenpeace.org\/luxembourg\/wp-content\/uploads\/2018\/10\/e591c730-e591c730-ttip_ceta_logo-news-699x361.jpg\" \/>\n\t<meta property=\"og:image:width\" content=\"699\" \/>\n\t<meta property=\"og:image:height\" content=\"361\" \/>\n\t<meta property=\"og:image:type\" content=\"image\/jpeg\" \/>\n<meta name=\"author\" content=\"Greenpeace Luxembourg\" \/>\n<meta name=\"twitter:card\" content=\"summary_large_image\" \/>\n<meta name=\"twitter:label1\" content=\"Written by\" \/>\n\t<meta name=\"twitter:data1\" content=\"Greenpeace Luxembourg\" \/>\n\t<meta name=\"twitter:label2\" content=\"Est. reading time\" \/>\n\t<meta name=\"twitter:data2\" content=\"1 minute\" \/>\n<script type=\"application\/ld+json\" class=\"yoast-schema-graph\">{\"@context\":\"https:\/\/schema.org\",\"@graph\":[{\"@type\":\"Article\",\"@id\":\"https:\/\/www.greenpeace.org\/luxembourg\/de\/aktualitaet\/1741\/die-opposition-gegen-ttip-ceta-und-co-geht-weiter\/#article\",\"isPartOf\":{\"@id\":\"https:\/\/www.greenpeace.org\/luxembourg\/de\/aktualitaet\/1741\/die-opposition-gegen-ttip-ceta-und-co-geht-weiter\/\"},\"author\":{\"name\":\"Greenpeace Luxembourg\",\"@id\":\"https:\/\/www.greenpeace.org\/luxembourg\/fr\/#\/schema\/person\/12b34015aca6e55fec2e511d2f19102d\"},\"headline\":\"Die Opposition gegen TTIP, CETA und Co geht weiter\",\"datePublished\":\"2018-05-09T00:00:00+00:00\",\"dateModified\":\"2021-01-11T16:49:18+00:00\",\"mainEntityOfPage\":{\"@id\":\"https:\/\/www.greenpeace.org\/luxembourg\/de\/aktualitaet\/1741\/die-opposition-gegen-ttip-ceta-und-co-geht-weiter\/\"},\"wordCount\":148,\"publisher\":{\"@id\":\"https:\/\/www.greenpeace.org\/luxembourg\/fr\/#organization\"},\"image\":{\"@id\":\"https:\/\/www.greenpeace.org\/luxembourg\/de\/aktualitaet\/1741\/die-opposition-gegen-ttip-ceta-und-co-geht-weiter\/#primaryimage\"},\"thumbnailUrl\":\"https:\/\/www.greenpeace.org\/luxembourg\/wp-content\/uploads\/2018\/10\/e591c730-e591c730-ttip_ceta_logo-news-699x361.jpg\",\"keywords\":[\"Finanzsektor\",\"Gerechtigkeit\",\"Luxemburg\"],\"articleSection\":[\"Greenpeace\"],\"inLanguage\":\"de-LU\"},{\"@type\":\"WebPage\",\"@id\":\"https:\/\/www.greenpeace.org\/luxembourg\/de\/aktualitaet\/1741\/die-opposition-gegen-ttip-ceta-und-co-geht-weiter\/\",\"url\":\"https:\/\/www.greenpeace.org\/luxembourg\/de\/aktualitaet\/1741\/die-opposition-gegen-ttip-ceta-und-co-geht-weiter\/\",\"name\":\"Die Opposition gegen TTIP, CETA und Co geht weiter - Greenpeace Luxembourg\",\"isPartOf\":{\"@id\":\"https:\/\/www.greenpeace.org\/luxembourg\/fr\/#website\"},\"primaryImageOfPage\":{\"@id\":\"https:\/\/www.greenpeace.org\/luxembourg\/de\/aktualitaet\/1741\/die-opposition-gegen-ttip-ceta-und-co-geht-weiter\/#primaryimage\"},\"image\":{\"@id\":\"https:\/\/www.greenpeace.org\/luxembourg\/de\/aktualitaet\/1741\/die-opposition-gegen-ttip-ceta-und-co-geht-weiter\/#primaryimage\"},\"thumbnailUrl\":\"https:\/\/www.greenpeace.org\/luxembourg\/wp-content\/uploads\/2018\/10\/e591c730-e591c730-ttip_ceta_logo-news-699x361.jpg\",\"datePublished\":\"2018-05-09T00:00:00+00:00\",\"dateModified\":\"2021-01-11T16:49:18+00:00\",\"breadcrumb\":{\"@id\":\"https:\/\/www.greenpeace.org\/luxembourg\/de\/aktualitaet\/1741\/die-opposition-gegen-ttip-ceta-und-co-geht-weiter\/#breadcrumb\"},\"inLanguage\":\"de-LU\",\"potentialAction\":[{\"@type\":\"ReadAction\",\"target\":[\"https:\/\/www.greenpeace.org\/luxembourg\/de\/aktualitaet\/1741\/die-opposition-gegen-ttip-ceta-und-co-geht-weiter\/\"]}]},{\"@type\":\"ImageObject\",\"inLanguage\":\"de-LU\",\"@id\":\"https:\/\/www.greenpeace.org\/luxembourg\/de\/aktualitaet\/1741\/die-opposition-gegen-ttip-ceta-und-co-geht-weiter\/#primaryimage\",\"url\":\"https:\/\/www.greenpeace.org\/luxembourg\/wp-content\/uploads\/2018\/10\/e591c730-e591c730-ttip_ceta_logo-news-699x361.jpg\",\"contentUrl\":\"https:\/\/www.greenpeace.org\/luxembourg\/wp-content\/uploads\/2018\/10\/e591c730-e591c730-ttip_ceta_logo-news-699x361.jpg\",\"width\":699,\"height\":361},{\"@type\":\"BreadcrumbList\",\"@id\":\"https:\/\/www.greenpeace.org\/luxembourg\/de\/aktualitaet\/1741\/die-opposition-gegen-ttip-ceta-und-co-geht-weiter\/#breadcrumb\",\"itemListElement\":[{\"@type\":\"ListItem\",\"position\":1,\"name\":\"Home\",\"item\":\"http:\/\/www.greenpeace.org\/luxembourg\/fr\/\"},{\"@type\":\"ListItem\",\"position\":2,\"name\":\"Die Opposition gegen TTIP, CETA und Co geht weiter\"}]},{\"@type\":\"WebSite\",\"@id\":\"https:\/\/www.greenpeace.org\/luxembourg\/fr\/#website\",\"url\":\"https:\/\/www.greenpeace.org\/luxembourg\/fr\/\",\"name\":\"Greenpeace Luxembourg\",\"description\":\"Greenpeace existiert, weil unsere Erde eine Stimme braucht. Sie ben\u00f6tigt L\u00f6sungen. Ver\u00e4nderungen. Aktionen.\",\"publisher\":{\"@id\":\"https:\/\/www.greenpeace.org\/luxembourg\/fr\/#organization\"},\"potentialAction\":[{\"@type\":\"SearchAction\",\"target\":{\"@type\":\"EntryPoint\",\"urlTemplate\":\"https:\/\/www.greenpeace.org\/luxembourg\/fr\/?s={search_term_string}\"},\"query-input\":{\"@type\":\"PropertyValueSpecification\",\"valueRequired\":true,\"valueName\":\"search_term_string\"}}],\"inLanguage\":\"de-LU\"},{\"@type\":\"Organization\",\"@id\":\"https:\/\/www.greenpeace.org\/luxembourg\/fr\/#organization\",\"name\":\"Greenpeace Luxembourg\",\"url\":\"https:\/\/www.greenpeace.org\/luxembourg\/fr\/\",\"logo\":{\"@type\":\"ImageObject\",\"inLanguage\":\"de-LU\",\"@id\":\"https:\/\/www.greenpeace.org\/luxembourg\/fr\/#\/schema\/logo\/image\/\",\"url\":\"https:\/\/www.greenpeace.org\/static\/planet4-luxembourg-stateless\/2026\/03\/3e367f94-greenpeace_logo_green_rgb.png\",\"contentUrl\":\"https:\/\/www.greenpeace.org\/static\/planet4-luxembourg-stateless\/2026\/03\/3e367f94-greenpeace_logo_green_rgb.png\",\"width\":1080,\"height\":175,\"caption\":\"Greenpeace Luxembourg\"},\"image\":{\"@id\":\"https:\/\/www.greenpeace.org\/luxembourg\/fr\/#\/schema\/logo\/image\/\"},\"sameAs\":[\"https:\/\/www.facebook.com\/greenpeaceluxembourg\",\"https:\/\/www.instagram.com\/greenpeacelux\/\",\"https:\/\/www.linkedin.com\/company\/greenpeace-luxembourg\/\",\"https:\/\/www.threads.com\/@greenpeacelux\",\"https:\/\/bsky.app\/profile\/greenpeacelux.bsky.social\",\"https:\/\/www.youtube.com\/@GreenpeaceLux\",\"https:\/\/www.tiktok.com\/@greenpeace_lux\"]},{\"@type\":\"Person\",\"@id\":\"https:\/\/www.greenpeace.org\/luxembourg\/fr\/#\/schema\/person\/12b34015aca6e55fec2e511d2f19102d\",\"name\":\"Greenpeace Luxembourg\",\"url\":\"https:\/\/www.greenpeace.org\/luxembourg\/de\/author\/gp_luxembourg\/\"}]}<\/script>\n<!-- \/ Yoast SEO Premium plugin. -->","yoast_head_json":{"title":"Die Opposition gegen TTIP, CETA und Co geht weiter - Greenpeace Luxembourg","robots":{"index":"index","follow":"follow","max-snippet":"max-snippet:-1","max-image-preview":"max-image-preview:large","max-video-preview":"max-video-preview:-1"},"canonical":"https:\/\/www.greenpeace.org\/luxembourg\/de\/aktualitaet\/1741\/die-opposition-gegen-ttip-ceta-und-co-geht-weiter\/","og_locale":"de_DE","og_type":"article","og_title":"Die Opposition gegen TTIP, CETA und Co geht weiter","og_description":"Heute hat die Plattform Stop CETA &amp; TTIP, zu der auch Greenpeace Luxemburg geh\u00f6rt, anl\u00e4sslich einer Pressekonferenz, ihre Forderungen bez\u00fcglich der diesj\u00e4hrigen Wahlen vorgestellt.","og_url":"https:\/\/www.greenpeace.org\/luxembourg\/de\/aktualitaet\/1741\/die-opposition-gegen-ttip-ceta-und-co-geht-weiter\/","og_site_name":"Greenpeace Luxembourg","article_publisher":"https:\/\/www.facebook.com\/greenpeaceluxembourg","article_published_time":"2018-05-09T00:00:00+00:00","article_modified_time":"2021-01-11T16:49:18+00:00","og_image":[{"width":699,"height":361,"url":"https:\/\/www.greenpeace.org\/luxembourg\/wp-content\/uploads\/2018\/10\/e591c730-e591c730-ttip_ceta_logo-news-699x361.jpg","type":"image\/jpeg"}],"author":"Greenpeace Luxembourg","twitter_card":"summary_large_image","twitter_misc":{"Written by":"Greenpeace Luxembourg","Est. reading time":"1 minute"},"schema":{"@context":"https:\/\/schema.org","@graph":[{"@type":"Article","@id":"https:\/\/www.greenpeace.org\/luxembourg\/de\/aktualitaet\/1741\/die-opposition-gegen-ttip-ceta-und-co-geht-weiter\/#article","isPartOf":{"@id":"https:\/\/www.greenpeace.org\/luxembourg\/de\/aktualitaet\/1741\/die-opposition-gegen-ttip-ceta-und-co-geht-weiter\/"},"author":{"name":"Greenpeace Luxembourg","@id":"https:\/\/www.greenpeace.org\/luxembourg\/fr\/#\/schema\/person\/12b34015aca6e55fec2e511d2f19102d"},"headline":"Die Opposition gegen TTIP, CETA und Co geht weiter","datePublished":"2018-05-09T00:00:00+00:00","dateModified":"2021-01-11T16:49:18+00:00","mainEntityOfPage":{"@id":"https:\/\/www.greenpeace.org\/luxembourg\/de\/aktualitaet\/1741\/die-opposition-gegen-ttip-ceta-und-co-geht-weiter\/"},"wordCount":148,"publisher":{"@id":"https:\/\/www.greenpeace.org\/luxembourg\/fr\/#organization"},"image":{"@id":"https:\/\/www.greenpeace.org\/luxembourg\/de\/aktualitaet\/1741\/die-opposition-gegen-ttip-ceta-und-co-geht-weiter\/#primaryimage"},"thumbnailUrl":"https:\/\/www.greenpeace.org\/luxembourg\/wp-content\/uploads\/2018\/10\/e591c730-e591c730-ttip_ceta_logo-news-699x361.jpg","keywords":["Finanzsektor","Gerechtigkeit","Luxemburg"],"articleSection":["Greenpeace"],"inLanguage":"de-LU"},{"@type":"WebPage","@id":"https:\/\/www.greenpeace.org\/luxembourg\/de\/aktualitaet\/1741\/die-opposition-gegen-ttip-ceta-und-co-geht-weiter\/","url":"https:\/\/www.greenpeace.org\/luxembourg\/de\/aktualitaet\/1741\/die-opposition-gegen-ttip-ceta-und-co-geht-weiter\/","name":"Die Opposition gegen TTIP, CETA und Co geht weiter - Greenpeace Luxembourg","isPartOf":{"@id":"https:\/\/www.greenpeace.org\/luxembourg\/fr\/#website"},"primaryImageOfPage":{"@id":"https:\/\/www.greenpeace.org\/luxembourg\/de\/aktualitaet\/1741\/die-opposition-gegen-ttip-ceta-und-co-geht-weiter\/#primaryimage"},"image":{"@id":"https:\/\/www.greenpeace.org\/luxembourg\/de\/aktualitaet\/1741\/die-opposition-gegen-ttip-ceta-und-co-geht-weiter\/#primaryimage"},"thumbnailUrl":"https:\/\/www.greenpeace.org\/luxembourg\/wp-content\/uploads\/2018\/10\/e591c730-e591c730-ttip_ceta_logo-news-699x361.jpg","datePublished":"2018-05-09T00:00:00+00:00","dateModified":"2021-01-11T16:49:18+00:00","breadcrumb":{"@id":"https:\/\/www.greenpeace.org\/luxembourg\/de\/aktualitaet\/1741\/die-opposition-gegen-ttip-ceta-und-co-geht-weiter\/#breadcrumb"},"inLanguage":"de-LU","potentialAction":[{"@type":"ReadAction","target":["https:\/\/www.greenpeace.org\/luxembourg\/de\/aktualitaet\/1741\/die-opposition-gegen-ttip-ceta-und-co-geht-weiter\/"]}]},{"@type":"ImageObject","inLanguage":"de-LU","@id":"https:\/\/www.greenpeace.org\/luxembourg\/de\/aktualitaet\/1741\/die-opposition-gegen-ttip-ceta-und-co-geht-weiter\/#primaryimage","url":"https:\/\/www.greenpeace.org\/luxembourg\/wp-content\/uploads\/2018\/10\/e591c730-e591c730-ttip_ceta_logo-news-699x361.jpg","contentUrl":"https:\/\/www.greenpeace.org\/luxembourg\/wp-content\/uploads\/2018\/10\/e591c730-e591c730-ttip_ceta_logo-news-699x361.jpg","width":699,"height":361},{"@type":"BreadcrumbList","@id":"https:\/\/www.greenpeace.org\/luxembourg\/de\/aktualitaet\/1741\/die-opposition-gegen-ttip-ceta-und-co-geht-weiter\/#breadcrumb","itemListElement":[{"@type":"ListItem","position":1,"name":"Home","item":"http:\/\/www.greenpeace.org\/luxembourg\/fr\/"},{"@type":"ListItem","position":2,"name":"Die Opposition gegen TTIP, CETA und Co geht weiter"}]},{"@type":"WebSite","@id":"https:\/\/www.greenpeace.org\/luxembourg\/fr\/#website","url":"https:\/\/www.greenpeace.org\/luxembourg\/fr\/","name":"Greenpeace Luxembourg","description":"Greenpeace existiert, weil unsere Erde eine Stimme braucht. Sie ben\u00f6tigt L\u00f6sungen. Ver\u00e4nderungen. Aktionen.","publisher":{"@id":"https:\/\/www.greenpeace.org\/luxembourg\/fr\/#organization"},"potentialAction":[{"@type":"SearchAction","target":{"@type":"EntryPoint","urlTemplate":"https:\/\/www.greenpeace.org\/luxembourg\/fr\/?s={search_term_string}"},"query-input":{"@type":"PropertyValueSpecification","valueRequired":true,"valueName":"search_term_string"}}],"inLanguage":"de-LU"},{"@type":"Organization","@id":"https:\/\/www.greenpeace.org\/luxembourg\/fr\/#organization","name":"Greenpeace Luxembourg","url":"https:\/\/www.greenpeace.org\/luxembourg\/fr\/","logo":{"@type":"ImageObject","inLanguage":"de-LU","@id":"https:\/\/www.greenpeace.org\/luxembourg\/fr\/#\/schema\/logo\/image\/","url":"https:\/\/www.greenpeace.org\/static\/planet4-luxembourg-stateless\/2026\/03\/3e367f94-greenpeace_logo_green_rgb.png","contentUrl":"https:\/\/www.greenpeace.org\/static\/planet4-luxembourg-stateless\/2026\/03\/3e367f94-greenpeace_logo_green_rgb.png","width":1080,"height":175,"caption":"Greenpeace Luxembourg"},"image":{"@id":"https:\/\/www.greenpeace.org\/luxembourg\/fr\/#\/schema\/logo\/image\/"},"sameAs":["https:\/\/www.facebook.com\/greenpeaceluxembourg","https:\/\/www.instagram.com\/greenpeacelux\/","https:\/\/www.linkedin.com\/company\/greenpeace-luxembourg\/","https:\/\/www.threads.com\/@greenpeacelux","https:\/\/bsky.app\/profile\/greenpeacelux.bsky.social","https:\/\/www.youtube.com\/@GreenpeaceLux","https:\/\/www.tiktok.com\/@greenpeace_lux"]},{"@type":"Person","@id":"https:\/\/www.greenpeace.org\/luxembourg\/fr\/#\/schema\/person\/12b34015aca6e55fec2e511d2f19102d","name":"Greenpeace Luxembourg","url":"https:\/\/www.greenpeace.org\/luxembourg\/de\/author\/gp_luxembourg\/"}]}},"_links":{"self":[{"href":"https:\/\/www.greenpeace.org\/luxembourg\/de\/wp-json\/wp\/v2\/posts\/1741","targetHints":{"allow":["GET"]}}],"collection":[{"href":"https:\/\/www.greenpeace.org\/luxembourg\/de\/wp-json\/wp\/v2\/posts"}],"about":[{"href":"https:\/\/www.greenpeace.org\/luxembourg\/de\/wp-json\/wp\/v2\/types\/post"}],"author":[{"embeddable":true,"href":"https:\/\/www.greenpeace.org\/luxembourg\/de\/wp-json\/wp\/v2\/users\/20"}],"replies":[{"embeddable":true,"href":"https:\/\/www.greenpeace.org\/luxembourg\/de\/wp-json\/wp\/v2\/comments?post=1741"}],"version-history":[{"count":2,"href":"https:\/\/www.greenpeace.org\/luxembourg\/de\/wp-json\/wp\/v2\/posts\/1741\/revisions"}],"predecessor-version":[{"id":10522,"href":"https:\/\/www.greenpeace.org\/luxembourg\/de\/wp-json\/wp\/v2\/posts\/1741\/revisions\/10522"}],"wp:featuredmedia":[{"embeddable":true,"href":"https:\/\/www.greenpeace.org\/luxembourg\/de\/wp-json\/wp\/v2\/media\/1700"}],"wp:attachment":[{"href":"https:\/\/www.greenpeace.org\/luxembourg\/de\/wp-json\/wp\/v2\/media?parent=1741"}],"wp:term":[{"taxonomy":"category","embeddable":true,"href":"https:\/\/www.greenpeace.org\/luxembourg\/de\/wp-json\/wp\/v2\/categories?post=1741"},{"taxonomy":"post_tag","embeddable":true,"href":"https:\/\/www.greenpeace.org\/luxembourg\/de\/wp-json\/wp\/v2\/tags?post=1741"},{"taxonomy":"p4-page-type","embeddable":true,"href":"https:\/\/www.greenpeace.org\/luxembourg\/de\/wp-json\/wp\/v2\/p4-page-type?post=1741"}],"curies":[{"name":"wp","href":"https:\/\/api.w.org\/{rel}","templated":true}]}}