{"id":17618,"date":"2023-04-07T14:43:27","date_gmt":"2023-04-07T12:43:27","guid":{"rendered":"https:\/\/www.greenpeace.org\/luxembourg\/?p=17618"},"modified":"2023-04-07T14:43:30","modified_gmt":"2023-04-07T12:43:30","slug":"greenpeace-bedauert-fehlenden-mut-der-luxemburger-regierung-fuer-ein-neues-glyphosat-verbot","status":"publish","type":"post","link":"https:\/\/www.greenpeace.org\/luxembourg\/de\/presseerklaerungen\/17618\/greenpeace-bedauert-fehlenden-mut-der-luxemburger-regierung-fuer-ein-neues-glyphosat-verbot\/","title":{"rendered":"Greenpeace bedauert fehlenden Mut der Luxemburger Regierung f\u00fcr ein neues Glyphosat-Verbot"},"content":{"rendered":"\n<p><em>Luxemburg, 7. April 2023 <\/em>&#8211; <strong>Als Konsequenz des rezenten <\/strong><a href=\"https:\/\/justice.public.lu\/fr\/actualites\/2023\/03\/arret-47873-glyphosate.html\"><strong>Urteils des Luxemburger Verwaltungsgerichtshofs<\/strong><\/a><strong> [1] war die luxemburgische Regierung gezwungen, die Totalherbizide mit dem Wirkstoff Glyphosat [2] ab dem 30. M\u00e4rz in Luxemburg wieder zuzulassen. Landwirtschaftsminister Claude Haagen rief heute die Bauern und B\u00e4uerinnen sowie Winzer:innen dazu auf, auch weiterhin auf Glyphosat zu verzichten. Au\u00dferdem will das Ministerium eine Studie in Auftrag geben, die die negativen Auswirkungen von Glyphosat genau belegen soll. Greenpeace bedauert, dass das Landwirtschaftsministerium nicht den Mut hat, ein neues Glyphosat-Verbot auf einer geeigneten rechtlichen Basis zu erlassen.<\/strong><\/p>\n\n<p>Die Regierung hatte in ihrem Koalitionsabkommen beschlossen, das Unkrautvernichtungsmittel zu verbieten, was dann auch erfolgte. Laut Urteil des Verwaltungsgerichtshofes hat das Landwirtschaftsministerium das Glyphosat-Verbot jedoch nicht ausreichend auf geeignete rechtliche Grundlagen gest\u00fctzt.\u00a0<br><br>\u201c<em>Greenpeace appelliert an die Luxemburger Regierung, sich ihrer Verantwortung f\u00fcr Mensch und Umwelt nicht zu entziehen und umgehend alle m\u00f6glichen rechtlichen Schritte einzuleiten, um Glyphosat wieder aus dem Verkehr zu ziehen. Minister Haagen muss sich hierbei juristisch besser beraten lassen. Die europ\u00e4ische Gesetzgebung r\u00e4umt den Mitgliedstaaten einige Optionen ein, um Glyphosat und generell auch weitere gef\u00e4hrliche Pestizide aus dem Verkehr zu ziehen. Die Regierung kommt nicht drum herum, die Koalitionsentscheidung nun mittels einer geeigneten rechtlichen Grundlage und zielorientierten Begr\u00fcndungen umzusetzen,\u201d<\/em> erkl\u00e4rt Raymond Aendekerk, Direktor von Greenpeace Luxemburg.<\/p>\n\n<p>Mehrere Studien seitens der Industrie weisen auf die Risiken des Glyphosat-Wirkstoffs hin, welche auch als Grundlage f\u00fcr dessen Zulassung herangezogen werden. \u201c<em>Im Falle widerspr\u00fcchlicher Schlussfolgerungen zwischen Industriestudien und unabh\u00e4ngigen Studien muss das Vorsorgeprinzip gelten und den Ergebnissen unabh\u00e4ngiger Studien der Vorrang gegeben werden<\/em>\u201d, erg\u00e4nzt Aendekerk.<\/p>\n\n<p>Ein Mitgliedstaat muss, um Pestizide in seinem Hoheitsgebiet zuzulassen, sicherstellen, dass s\u00e4mtliche Bestandteile des Pestizids keine Gefahr f\u00fcr die Gesundheit und die Umwelt darstellen. Der Gerichtshof verweist auch auf Artikel 36 der EU-Pestizidverordnung, der den zonalen Ansatz bei der Risikobewertung \/ dem Risikomanagement betrifft. Jedoch gibt es f\u00fcr viele Begleitstoffe mit glyphosathaltigen Totalherbiziden keine Daten \u00fcber ihre Toxizit\u00e4t f\u00fcr die Gesundheit und die Umwelt. Die Tatsache, dass Belgien als zonaler Berichterstatter-Mitgliedstaat zu dem Schluss gekommen ist, dass Herbizide auf Basis von Glyphosat sicher sind, h\u00e4tte den luxemburgischen Staat dazu veranlassen sollen, deren Zulassung unter Berufung auf die Besonderheiten des Landes abzulehnen. Der Verwaltungsgerichtshof stellte jedoch fest, dass eine solche Begr\u00fcndung in der Entscheidung des Ministeriums fehlte.<\/p>\n\n<p>Greenpeace weist darauf hin, dass in Luxemburg in den letzten Jahren viele Initiativen in der Landwirtschaft unternommen wurden, um auf das Totalherbizid Glyphosat zu verzichten. Damit diese Initiativen weitergef\u00fchrt werden k\u00f6nnen, sind weiterhin Subventionsprogramme f\u00fcr Bauern und B\u00e4uerinnen erforderlich, um ganz spezifisch auf Glyphosat und generell auf chemisch-synthetische, umwelt- und gesundheitssch\u00e4dliche Pestizide zu verzichten.&nbsp;&nbsp;&nbsp;<\/p>\n\n<hr class=\"wp-block-separator has-alpha-channel-opacity is-style-wide\"\/>\n\n<p class=\"has-small-font-size\"><strong>Notizen:<\/strong><strong><br><\/strong><strong><br><\/strong>[1] Der Gerichtshof best\u00e4tigte, dass das ministerielle Vorgehen als solches im europ\u00e4ischen Rahmen weiterhin m\u00f6glich sei. Um die bis Ende 2023 erteilten Zulassungen im Gro\u00dfherzogtum rechtsg\u00fcltig widerrufen zu k\u00f6nnen, h\u00e4tte der Minister dem betroffenen Wirtschaftsteilnehmer nicht nur die rechtlichen Gr\u00fcnde f\u00fcr sein Handeln mitteilen, sondern seine Entscheidung auch mit der Erw\u00e4gung untermauern m\u00fcssen, dass das betreffende Produkt weiterhin ein unannehmbares Risiko f\u00fcr die Gesundheit von Mensch und Tier oder sogar f\u00fcr die Umwelt &#8220;aufgrund seiner besonderen \u00f6kologischen oder landwirtschaftlichen Merkmale&#8221; im Gro\u00dfherzogtum Luxemburg ein Risiko darstellt. Dieses Fehlen einer relevanten Begr\u00fcndung f\u00fchrte dazu, dass der Gerichtshof die von den Richtern in erster Instanz ausgesprochene Aufhebung des Verbots best\u00e4tigte.<br><strong><br><\/strong>[2] Glyphosat, das weltweit am h\u00e4ufigsten eingesetzte Pflanzenschutzmittel, steht seit Jahren im Verdacht, krebserregend zu sein \u2013 das stellte die Weltgesundheitsorganisation WHO bereits 2015 fest. Das Totalherbizid t\u00f6tet alle Beikr\u00e4uter auf dem Acker, Wiesen und Weiden auf Jahrzehnte und hat somit eine katastrophale Auswirkung auf die gesamte Biodiversit\u00e4t in unserer Agrarlandschaft. In einer europ\u00e4ischen B\u00fcrgerinitiative hatten \u00fcber eine Millionen Menschen in ganz Europa ein Verbot von Glyphosat, eine allgemeine Verringerung des Pestizideinsatzes sowie mehr Transparenz und Unabh\u00e4ngigkeit bei der Bewertung der von Pestiziden ausgehenden Risiken gefordert.<\/p>\n","protected":false},"excerpt":{"rendered":"<p>Als Konsequenz des rezenten Urteils des Luxemburger Verwaltungsgerichtshofs war die luxemburgische Regierung gezwungen, die Totalherbizide mit dem Wirkstoff Glyphosat ab dem 30. M\u00e4rz in Luxemburg wieder zuzulassen&#8230;<\/p>\n","protected":false},"author":25,"featured_media":17619,"comment_status":"closed","ping_status":"closed","sticky":false,"template":"","format":"standard","meta":{"ep_exclude_from_search":false,"p4_og_title":"","p4_og_description":"","p4_og_image":"","p4_og_image_id":"","p4_seo_canonical_url":"","p4_campaign_name":"","p4_local_project":"","p4_basket_name":"","p4_department":"","footnotes":""},"categories":[47],"tags":[67],"p4-page-type":[69],"class_list":["post-17618","post","type-post","status-publish","format-standard","has-post-thumbnail","hentry","category-natur","tag-nachhaltigelandwirtschaft","p4-page-type-presseerklaerungen"],"yoast_head":"<!-- This site is optimized with the Yoast SEO Premium plugin v23.9 (Yoast SEO v23.9) - https:\/\/yoast.com\/wordpress\/plugins\/seo\/ -->\n<title>Greenpeace bedauert fehlenden Mut der Luxemburger Regierung f\u00fcr ein neues Glyphosat-Verbot - Greenpeace Luxembourg<\/title>\n<meta name=\"robots\" content=\"index, follow, max-snippet:-1, max-image-preview:large, max-video-preview:-1\" \/>\n<link rel=\"canonical\" href=\"https:\/\/www.greenpeace.org\/luxembourg\/de\/presseerklaerungen\/17618\/greenpeace-bedauert-fehlenden-mut-der-luxemburger-regierung-fuer-ein-neues-glyphosat-verbot\/\" \/>\n<meta property=\"og:locale\" content=\"de_DE\" \/>\n<meta property=\"og:type\" content=\"article\" \/>\n<meta property=\"og:title\" content=\"Greenpeace bedauert fehlenden Mut der Luxemburger Regierung f\u00fcr ein neues Glyphosat-Verbot\" \/>\n<meta property=\"og:description\" content=\"Als Konsequenz des rezenten Urteils des Luxemburger Verwaltungsgerichtshofs war die luxemburgische Regierung gezwungen, die Totalherbizide mit dem Wirkstoff Glyphosat ab dem 30. M\u00e4rz in Luxemburg wieder zuzulassen...\" \/>\n<meta property=\"og:url\" content=\"https:\/\/www.greenpeace.org\/luxembourg\/de\/presseerklaerungen\/17618\/greenpeace-bedauert-fehlenden-mut-der-luxemburger-regierung-fuer-ein-neues-glyphosat-verbot\/\" \/>\n<meta property=\"og:site_name\" content=\"Greenpeace Luxembourg\" \/>\n<meta property=\"article:publisher\" content=\"https:\/\/www.facebook.com\/greenpeaceluxembourg\" \/>\n<meta property=\"article:published_time\" content=\"2023-04-07T12:43:27+00:00\" \/>\n<meta property=\"article:modified_time\" content=\"2023-04-07T12:43:30+00:00\" \/>\n<meta property=\"og:image\" content=\"https:\/\/www.greenpeace.org\/static\/planet4-luxembourg-stateless\/2023\/04\/950b3b5b-gp0strdkz_medium_res.jpg\" \/>\n\t<meta property=\"og:image:width\" content=\"1200\" \/>\n\t<meta property=\"og:image:height\" content=\"800\" \/>\n\t<meta property=\"og:image:type\" content=\"image\/jpeg\" \/>\n<meta name=\"author\" content=\"Esther Wildanger\" \/>\n<meta name=\"twitter:card\" content=\"summary_large_image\" \/>\n<meta name=\"twitter:label1\" content=\"Written by\" \/>\n\t<meta name=\"twitter:data1\" content=\"Esther Wildanger\" \/>\n\t<meta name=\"twitter:label2\" content=\"Est. reading time\" \/>\n\t<meta name=\"twitter:data2\" content=\"3 minutes\" \/>\n<script type=\"application\/ld+json\" class=\"yoast-schema-graph\">{\"@context\":\"https:\/\/schema.org\",\"@graph\":[{\"@type\":\"Article\",\"@id\":\"https:\/\/www.greenpeace.org\/luxembourg\/de\/presseerklaerungen\/17618\/greenpeace-bedauert-fehlenden-mut-der-luxemburger-regierung-fuer-ein-neues-glyphosat-verbot\/#article\",\"isPartOf\":{\"@id\":\"https:\/\/www.greenpeace.org\/luxembourg\/de\/presseerklaerungen\/17618\/greenpeace-bedauert-fehlenden-mut-der-luxemburger-regierung-fuer-ein-neues-glyphosat-verbot\/\"},\"author\":{\"name\":\"Esther Wildanger\",\"@id\":\"https:\/\/www.greenpeace.org\/luxembourg\/fr\/#\/schema\/person\/3d0e81a859b59009fec36a8552ef76a7\"},\"headline\":\"Greenpeace bedauert fehlenden Mut der Luxemburger Regierung f\u00fcr ein neues Glyphosat-Verbot\",\"datePublished\":\"2023-04-07T12:43:27+00:00\",\"dateModified\":\"2023-04-07T12:43:30+00:00\",\"mainEntityOfPage\":{\"@id\":\"https:\/\/www.greenpeace.org\/luxembourg\/de\/presseerklaerungen\/17618\/greenpeace-bedauert-fehlenden-mut-der-luxemburger-regierung-fuer-ein-neues-glyphosat-verbot\/\"},\"wordCount\":675,\"publisher\":{\"@id\":\"https:\/\/www.greenpeace.org\/luxembourg\/fr\/#organization\"},\"image\":{\"@id\":\"https:\/\/www.greenpeace.org\/luxembourg\/de\/presseerklaerungen\/17618\/greenpeace-bedauert-fehlenden-mut-der-luxemburger-regierung-fuer-ein-neues-glyphosat-verbot\/#primaryimage\"},\"thumbnailUrl\":\"https:\/\/www.greenpeace.org\/static\/planet4-luxembourg-stateless\/2023\/04\/950b3b5b-gp0strdkz_medium_res.jpg\",\"keywords\":[\"NachhaltigeLandwirtschaft\"],\"articleSection\":[\"Natur\"],\"inLanguage\":\"de-LU\"},{\"@type\":\"WebPage\",\"@id\":\"https:\/\/www.greenpeace.org\/luxembourg\/de\/presseerklaerungen\/17618\/greenpeace-bedauert-fehlenden-mut-der-luxemburger-regierung-fuer-ein-neues-glyphosat-verbot\/\",\"url\":\"https:\/\/www.greenpeace.org\/luxembourg\/de\/presseerklaerungen\/17618\/greenpeace-bedauert-fehlenden-mut-der-luxemburger-regierung-fuer-ein-neues-glyphosat-verbot\/\",\"name\":\"Greenpeace bedauert fehlenden Mut der Luxemburger Regierung f\u00fcr ein neues Glyphosat-Verbot - Greenpeace Luxembourg\",\"isPartOf\":{\"@id\":\"https:\/\/www.greenpeace.org\/luxembourg\/fr\/#website\"},\"primaryImageOfPage\":{\"@id\":\"https:\/\/www.greenpeace.org\/luxembourg\/de\/presseerklaerungen\/17618\/greenpeace-bedauert-fehlenden-mut-der-luxemburger-regierung-fuer-ein-neues-glyphosat-verbot\/#primaryimage\"},\"image\":{\"@id\":\"https:\/\/www.greenpeace.org\/luxembourg\/de\/presseerklaerungen\/17618\/greenpeace-bedauert-fehlenden-mut-der-luxemburger-regierung-fuer-ein-neues-glyphosat-verbot\/#primaryimage\"},\"thumbnailUrl\":\"https:\/\/www.greenpeace.org\/static\/planet4-luxembourg-stateless\/2023\/04\/950b3b5b-gp0strdkz_medium_res.jpg\",\"datePublished\":\"2023-04-07T12:43:27+00:00\",\"dateModified\":\"2023-04-07T12:43:30+00:00\",\"breadcrumb\":{\"@id\":\"https:\/\/www.greenpeace.org\/luxembourg\/de\/presseerklaerungen\/17618\/greenpeace-bedauert-fehlenden-mut-der-luxemburger-regierung-fuer-ein-neues-glyphosat-verbot\/#breadcrumb\"},\"inLanguage\":\"de-LU\",\"potentialAction\":[{\"@type\":\"ReadAction\",\"target\":[\"https:\/\/www.greenpeace.org\/luxembourg\/de\/presseerklaerungen\/17618\/greenpeace-bedauert-fehlenden-mut-der-luxemburger-regierung-fuer-ein-neues-glyphosat-verbot\/\"]}]},{\"@type\":\"ImageObject\",\"inLanguage\":\"de-LU\",\"@id\":\"https:\/\/www.greenpeace.org\/luxembourg\/de\/presseerklaerungen\/17618\/greenpeace-bedauert-fehlenden-mut-der-luxemburger-regierung-fuer-ein-neues-glyphosat-verbot\/#primaryimage\",\"url\":\"https:\/\/www.greenpeace.org\/static\/planet4-luxembourg-stateless\/2023\/04\/950b3b5b-gp0strdkz_medium_res.jpg\",\"contentUrl\":\"https:\/\/www.greenpeace.org\/static\/planet4-luxembourg-stateless\/2023\/04\/950b3b5b-gp0strdkz_medium_res.jpg\",\"width\":1200,\"height\":800,\"caption\":\"Greenpeace activists protest in front of the Austrian Parliament protesting and demanding a national ban of the cancerous weedkiller glyphosate. Banners text is saying \\\"Stop glyphosate\\\" in English and German language.\"},{\"@type\":\"BreadcrumbList\",\"@id\":\"https:\/\/www.greenpeace.org\/luxembourg\/de\/presseerklaerungen\/17618\/greenpeace-bedauert-fehlenden-mut-der-luxemburger-regierung-fuer-ein-neues-glyphosat-verbot\/#breadcrumb\",\"itemListElement\":[{\"@type\":\"ListItem\",\"position\":1,\"name\":\"Home\",\"item\":\"http:\/\/www.greenpeace.org\/luxembourg\/fr\/\"},{\"@type\":\"ListItem\",\"position\":2,\"name\":\"Greenpeace bedauert fehlenden Mut der Luxemburger Regierung f\u00fcr ein neues Glyphosat-Verbot\"}]},{\"@type\":\"WebSite\",\"@id\":\"https:\/\/www.greenpeace.org\/luxembourg\/fr\/#website\",\"url\":\"https:\/\/www.greenpeace.org\/luxembourg\/fr\/\",\"name\":\"Greenpeace Luxembourg\",\"description\":\"Greenpeace existiert, weil unsere Erde eine Stimme braucht. Sie ben\u00f6tigt L\u00f6sungen. Ver\u00e4nderungen. Aktionen.\",\"publisher\":{\"@id\":\"https:\/\/www.greenpeace.org\/luxembourg\/fr\/#organization\"},\"potentialAction\":[{\"@type\":\"SearchAction\",\"target\":{\"@type\":\"EntryPoint\",\"urlTemplate\":\"https:\/\/www.greenpeace.org\/luxembourg\/fr\/?s={search_term_string}\"},\"query-input\":{\"@type\":\"PropertyValueSpecification\",\"valueRequired\":true,\"valueName\":\"search_term_string\"}}],\"inLanguage\":\"de-LU\"},{\"@type\":\"Organization\",\"@id\":\"https:\/\/www.greenpeace.org\/luxembourg\/fr\/#organization\",\"name\":\"Greenpeace Luxembourg\",\"url\":\"https:\/\/www.greenpeace.org\/luxembourg\/fr\/\",\"logo\":{\"@type\":\"ImageObject\",\"inLanguage\":\"de-LU\",\"@id\":\"https:\/\/www.greenpeace.org\/luxembourg\/fr\/#\/schema\/logo\/image\/\",\"url\":\"https:\/\/www.greenpeace.org\/static\/planet4-luxembourg-stateless\/2026\/03\/3e367f94-greenpeace_logo_green_rgb.png\",\"contentUrl\":\"https:\/\/www.greenpeace.org\/static\/planet4-luxembourg-stateless\/2026\/03\/3e367f94-greenpeace_logo_green_rgb.png\",\"width\":1080,\"height\":175,\"caption\":\"Greenpeace Luxembourg\"},\"image\":{\"@id\":\"https:\/\/www.greenpeace.org\/luxembourg\/fr\/#\/schema\/logo\/image\/\"},\"sameAs\":[\"https:\/\/www.facebook.com\/greenpeaceluxembourg\",\"https:\/\/www.instagram.com\/greenpeacelux\/\",\"https:\/\/www.linkedin.com\/company\/greenpeace-luxembourg\/\",\"https:\/\/www.threads.com\/@greenpeacelux\",\"https:\/\/bsky.app\/profile\/greenpeacelux.bsky.social\",\"https:\/\/www.youtube.com\/@GreenpeaceLux\",\"https:\/\/www.tiktok.com\/@greenpeace_lux\"]},{\"@type\":\"Person\",\"@id\":\"https:\/\/www.greenpeace.org\/luxembourg\/fr\/#\/schema\/person\/3d0e81a859b59009fec36a8552ef76a7\",\"name\":\"Esther Wildanger\",\"url\":\"https:\/\/www.greenpeace.org\/luxembourg\/de\/author\/ewildang\/\"}]}<\/script>\n<!-- \/ Yoast SEO Premium plugin. -->","yoast_head_json":{"title":"Greenpeace bedauert fehlenden Mut der Luxemburger Regierung f\u00fcr ein neues Glyphosat-Verbot - Greenpeace Luxembourg","robots":{"index":"index","follow":"follow","max-snippet":"max-snippet:-1","max-image-preview":"max-image-preview:large","max-video-preview":"max-video-preview:-1"},"canonical":"https:\/\/www.greenpeace.org\/luxembourg\/de\/presseerklaerungen\/17618\/greenpeace-bedauert-fehlenden-mut-der-luxemburger-regierung-fuer-ein-neues-glyphosat-verbot\/","og_locale":"de_DE","og_type":"article","og_title":"Greenpeace bedauert fehlenden Mut der Luxemburger Regierung f\u00fcr ein neues Glyphosat-Verbot","og_description":"Als Konsequenz des rezenten Urteils des Luxemburger Verwaltungsgerichtshofs war die luxemburgische Regierung gezwungen, die Totalherbizide mit dem Wirkstoff Glyphosat ab dem 30. M\u00e4rz in Luxemburg wieder zuzulassen...","og_url":"https:\/\/www.greenpeace.org\/luxembourg\/de\/presseerklaerungen\/17618\/greenpeace-bedauert-fehlenden-mut-der-luxemburger-regierung-fuer-ein-neues-glyphosat-verbot\/","og_site_name":"Greenpeace Luxembourg","article_publisher":"https:\/\/www.facebook.com\/greenpeaceluxembourg","article_published_time":"2023-04-07T12:43:27+00:00","article_modified_time":"2023-04-07T12:43:30+00:00","og_image":[{"width":1200,"height":800,"url":"https:\/\/www.greenpeace.org\/static\/planet4-luxembourg-stateless\/2023\/04\/950b3b5b-gp0strdkz_medium_res.jpg","type":"image\/jpeg"}],"author":"Esther Wildanger","twitter_card":"summary_large_image","twitter_misc":{"Written by":"Esther Wildanger","Est. reading time":"3 minutes"},"schema":{"@context":"https:\/\/schema.org","@graph":[{"@type":"Article","@id":"https:\/\/www.greenpeace.org\/luxembourg\/de\/presseerklaerungen\/17618\/greenpeace-bedauert-fehlenden-mut-der-luxemburger-regierung-fuer-ein-neues-glyphosat-verbot\/#article","isPartOf":{"@id":"https:\/\/www.greenpeace.org\/luxembourg\/de\/presseerklaerungen\/17618\/greenpeace-bedauert-fehlenden-mut-der-luxemburger-regierung-fuer-ein-neues-glyphosat-verbot\/"},"author":{"name":"Esther Wildanger","@id":"https:\/\/www.greenpeace.org\/luxembourg\/fr\/#\/schema\/person\/3d0e81a859b59009fec36a8552ef76a7"},"headline":"Greenpeace bedauert fehlenden Mut der Luxemburger Regierung f\u00fcr ein neues Glyphosat-Verbot","datePublished":"2023-04-07T12:43:27+00:00","dateModified":"2023-04-07T12:43:30+00:00","mainEntityOfPage":{"@id":"https:\/\/www.greenpeace.org\/luxembourg\/de\/presseerklaerungen\/17618\/greenpeace-bedauert-fehlenden-mut-der-luxemburger-regierung-fuer-ein-neues-glyphosat-verbot\/"},"wordCount":675,"publisher":{"@id":"https:\/\/www.greenpeace.org\/luxembourg\/fr\/#organization"},"image":{"@id":"https:\/\/www.greenpeace.org\/luxembourg\/de\/presseerklaerungen\/17618\/greenpeace-bedauert-fehlenden-mut-der-luxemburger-regierung-fuer-ein-neues-glyphosat-verbot\/#primaryimage"},"thumbnailUrl":"https:\/\/www.greenpeace.org\/static\/planet4-luxembourg-stateless\/2023\/04\/950b3b5b-gp0strdkz_medium_res.jpg","keywords":["NachhaltigeLandwirtschaft"],"articleSection":["Natur"],"inLanguage":"de-LU"},{"@type":"WebPage","@id":"https:\/\/www.greenpeace.org\/luxembourg\/de\/presseerklaerungen\/17618\/greenpeace-bedauert-fehlenden-mut-der-luxemburger-regierung-fuer-ein-neues-glyphosat-verbot\/","url":"https:\/\/www.greenpeace.org\/luxembourg\/de\/presseerklaerungen\/17618\/greenpeace-bedauert-fehlenden-mut-der-luxemburger-regierung-fuer-ein-neues-glyphosat-verbot\/","name":"Greenpeace bedauert fehlenden Mut der Luxemburger Regierung f\u00fcr ein neues Glyphosat-Verbot - Greenpeace Luxembourg","isPartOf":{"@id":"https:\/\/www.greenpeace.org\/luxembourg\/fr\/#website"},"primaryImageOfPage":{"@id":"https:\/\/www.greenpeace.org\/luxembourg\/de\/presseerklaerungen\/17618\/greenpeace-bedauert-fehlenden-mut-der-luxemburger-regierung-fuer-ein-neues-glyphosat-verbot\/#primaryimage"},"image":{"@id":"https:\/\/www.greenpeace.org\/luxembourg\/de\/presseerklaerungen\/17618\/greenpeace-bedauert-fehlenden-mut-der-luxemburger-regierung-fuer-ein-neues-glyphosat-verbot\/#primaryimage"},"thumbnailUrl":"https:\/\/www.greenpeace.org\/static\/planet4-luxembourg-stateless\/2023\/04\/950b3b5b-gp0strdkz_medium_res.jpg","datePublished":"2023-04-07T12:43:27+00:00","dateModified":"2023-04-07T12:43:30+00:00","breadcrumb":{"@id":"https:\/\/www.greenpeace.org\/luxembourg\/de\/presseerklaerungen\/17618\/greenpeace-bedauert-fehlenden-mut-der-luxemburger-regierung-fuer-ein-neues-glyphosat-verbot\/#breadcrumb"},"inLanguage":"de-LU","potentialAction":[{"@type":"ReadAction","target":["https:\/\/www.greenpeace.org\/luxembourg\/de\/presseerklaerungen\/17618\/greenpeace-bedauert-fehlenden-mut-der-luxemburger-regierung-fuer-ein-neues-glyphosat-verbot\/"]}]},{"@type":"ImageObject","inLanguage":"de-LU","@id":"https:\/\/www.greenpeace.org\/luxembourg\/de\/presseerklaerungen\/17618\/greenpeace-bedauert-fehlenden-mut-der-luxemburger-regierung-fuer-ein-neues-glyphosat-verbot\/#primaryimage","url":"https:\/\/www.greenpeace.org\/static\/planet4-luxembourg-stateless\/2023\/04\/950b3b5b-gp0strdkz_medium_res.jpg","contentUrl":"https:\/\/www.greenpeace.org\/static\/planet4-luxembourg-stateless\/2023\/04\/950b3b5b-gp0strdkz_medium_res.jpg","width":1200,"height":800,"caption":"Greenpeace activists protest in front of the Austrian Parliament protesting and demanding a national ban of the cancerous weedkiller glyphosate. Banners text is saying \"Stop glyphosate\" in English and German language."},{"@type":"BreadcrumbList","@id":"https:\/\/www.greenpeace.org\/luxembourg\/de\/presseerklaerungen\/17618\/greenpeace-bedauert-fehlenden-mut-der-luxemburger-regierung-fuer-ein-neues-glyphosat-verbot\/#breadcrumb","itemListElement":[{"@type":"ListItem","position":1,"name":"Home","item":"http:\/\/www.greenpeace.org\/luxembourg\/fr\/"},{"@type":"ListItem","position":2,"name":"Greenpeace bedauert fehlenden Mut der Luxemburger Regierung f\u00fcr ein neues Glyphosat-Verbot"}]},{"@type":"WebSite","@id":"https:\/\/www.greenpeace.org\/luxembourg\/fr\/#website","url":"https:\/\/www.greenpeace.org\/luxembourg\/fr\/","name":"Greenpeace Luxembourg","description":"Greenpeace existiert, weil unsere Erde eine Stimme braucht. Sie ben\u00f6tigt L\u00f6sungen. Ver\u00e4nderungen. Aktionen.","publisher":{"@id":"https:\/\/www.greenpeace.org\/luxembourg\/fr\/#organization"},"potentialAction":[{"@type":"SearchAction","target":{"@type":"EntryPoint","urlTemplate":"https:\/\/www.greenpeace.org\/luxembourg\/fr\/?s={search_term_string}"},"query-input":{"@type":"PropertyValueSpecification","valueRequired":true,"valueName":"search_term_string"}}],"inLanguage":"de-LU"},{"@type":"Organization","@id":"https:\/\/www.greenpeace.org\/luxembourg\/fr\/#organization","name":"Greenpeace Luxembourg","url":"https:\/\/www.greenpeace.org\/luxembourg\/fr\/","logo":{"@type":"ImageObject","inLanguage":"de-LU","@id":"https:\/\/www.greenpeace.org\/luxembourg\/fr\/#\/schema\/logo\/image\/","url":"https:\/\/www.greenpeace.org\/static\/planet4-luxembourg-stateless\/2026\/03\/3e367f94-greenpeace_logo_green_rgb.png","contentUrl":"https:\/\/www.greenpeace.org\/static\/planet4-luxembourg-stateless\/2026\/03\/3e367f94-greenpeace_logo_green_rgb.png","width":1080,"height":175,"caption":"Greenpeace Luxembourg"},"image":{"@id":"https:\/\/www.greenpeace.org\/luxembourg\/fr\/#\/schema\/logo\/image\/"},"sameAs":["https:\/\/www.facebook.com\/greenpeaceluxembourg","https:\/\/www.instagram.com\/greenpeacelux\/","https:\/\/www.linkedin.com\/company\/greenpeace-luxembourg\/","https:\/\/www.threads.com\/@greenpeacelux","https:\/\/bsky.app\/profile\/greenpeacelux.bsky.social","https:\/\/www.youtube.com\/@GreenpeaceLux","https:\/\/www.tiktok.com\/@greenpeace_lux"]},{"@type":"Person","@id":"https:\/\/www.greenpeace.org\/luxembourg\/fr\/#\/schema\/person\/3d0e81a859b59009fec36a8552ef76a7","name":"Esther Wildanger","url":"https:\/\/www.greenpeace.org\/luxembourg\/de\/author\/ewildang\/"}]}},"_links":{"self":[{"href":"https:\/\/www.greenpeace.org\/luxembourg\/de\/wp-json\/wp\/v2\/posts\/17618","targetHints":{"allow":["GET"]}}],"collection":[{"href":"https:\/\/www.greenpeace.org\/luxembourg\/de\/wp-json\/wp\/v2\/posts"}],"about":[{"href":"https:\/\/www.greenpeace.org\/luxembourg\/de\/wp-json\/wp\/v2\/types\/post"}],"author":[{"embeddable":true,"href":"https:\/\/www.greenpeace.org\/luxembourg\/de\/wp-json\/wp\/v2\/users\/25"}],"replies":[{"embeddable":true,"href":"https:\/\/www.greenpeace.org\/luxembourg\/de\/wp-json\/wp\/v2\/comments?post=17618"}],"version-history":[{"count":1,"href":"https:\/\/www.greenpeace.org\/luxembourg\/de\/wp-json\/wp\/v2\/posts\/17618\/revisions"}],"predecessor-version":[{"id":17621,"href":"https:\/\/www.greenpeace.org\/luxembourg\/de\/wp-json\/wp\/v2\/posts\/17618\/revisions\/17621"}],"wp:featuredmedia":[{"embeddable":true,"href":"https:\/\/www.greenpeace.org\/luxembourg\/de\/wp-json\/wp\/v2\/media\/17619"}],"wp:attachment":[{"href":"https:\/\/www.greenpeace.org\/luxembourg\/de\/wp-json\/wp\/v2\/media?parent=17618"}],"wp:term":[{"taxonomy":"category","embeddable":true,"href":"https:\/\/www.greenpeace.org\/luxembourg\/de\/wp-json\/wp\/v2\/categories?post=17618"},{"taxonomy":"post_tag","embeddable":true,"href":"https:\/\/www.greenpeace.org\/luxembourg\/de\/wp-json\/wp\/v2\/tags?post=17618"},{"taxonomy":"p4-page-type","embeddable":true,"href":"https:\/\/www.greenpeace.org\/luxembourg\/de\/wp-json\/wp\/v2\/p4-page-type?post=17618"}],"curies":[{"name":"wp","href":"https:\/\/api.w.org\/{rel}","templated":true}]}}