{"id":17688,"date":"2023-03-21T16:21:24","date_gmt":"2023-03-21T14:21:24","guid":{"rendered":"https:\/\/www.greenpeace.org\/luxembourg\/aktualitaet\/17688\/unser-mikrowald-ein-hoffnungsschimmer-fuer-mensch-und-natur\/"},"modified":"2023-04-24T16:27:30","modified_gmt":"2023-04-24T14:27:30","slug":"unser-mikrowald-ein-hoffnungsschimmer-fuer-mensch-und-natur","status":"publish","type":"post","link":"https:\/\/www.greenpeace.org\/luxembourg\/de\/aktualitaet\/17688\/unser-mikrowald-ein-hoffnungsschimmer-fuer-mensch-und-natur\/","title":{"rendered":"Unser Mikrowald: ein Hoffnungsschimmer f\u00fcr Mensch und Natur"},"content":{"rendered":"\n<p>Die Pflanzung eines Mikrowaldes im Zentrums Luxemburgs: eine bedeutungsvolle Herausforderung, m\u00f6glich gemacht durch Greenpeace-F\u00f6rderer und -F\u00f6rderinnen.<\/p>\n\n<p>Gemeinsam mit ihren Angeh\u00f6rigen und Freund:innen pflanzten 200 Freiwillige eigenh\u00e4ndig \u00fcber 600 B\u00e4ume verschiedener 16 lokaler Arten. Dank der <em>Miyawaki<\/em>-Methode und<em> <\/em>dem Fachwissen von <a href=\"https:\/\/sowoods.be\/\">SoWood<\/a>, einem der f\u00fchrenden Experten auf dem Gebiet, entsteht in Mertzig, im Norden Luxemburgs, ein neues, dichtes Miniatur-\u00d6kosystem. Dieser Mikrowald verhei\u00dft der Region einige gro\u00dfartige Vorz\u00fcge: eine Bereicherung der Artenvielfalt, eine Verbesserung der Luftqualit\u00e4t, die Regulierung der Temperaturen oder auch die Bek\u00e4mpfung von \u00dcberschwemmungen.<\/p>\n\n<p>Warum jetzt? Die Zeit dr\u00e4ngt und jede:r kann etwas dazu beitragen um die Menschen in seinem Umfeld zu sensibilisieren und so auf den notwendigen Schutz unserer W\u00e4lder aufmerksam zu machen. Gemeinsam etwas anzupflanzen bedeutet, unsere Werte und unsere Hoffnung, sowie die Hoffnung einer ganzen Generation, weiterzugeben.<\/p>\n\n<figure class=\"wp-block-embed is-type-video is-provider-youtube wp-block-embed-youtube wp-embed-aspect-16-9 wp-has-aspect-ratio\"><div class=\"wp-block-embed__wrapper\">\n<lite-youtube style=\"background-image: url('https:\/\/i.ytimg.com\/vi\/k5YuImAwizY\/hqdefault.jpg');\" videoid=\"k5YuImAwizY\" params=\"rel=0\"><\/lite-youtube>\n<\/div><\/figure>\n\n<p class=\"has-text-align-center\">Auch du kannst umgehend handeln <br>und dich f\u00fcr den Schutz der W\u00e4lder in Luxemburg sowie auf der ganzen Welt engagieren:<\/p>\n\n<div class=\"wp-block-buttons is-content-justification-center is-layout-flex wp-container-core-buttons-is-layout-16018d1d wp-block-buttons-is-layout-flex\">\n<div class=\"wp-block-button is-style-cta\"><a class=\"wp-block-button__link wp-element-button\" href=\"https:\/\/www.greenpeace.org\/luxembourg\/fr\/action\/petition-deforestation\/\" target=\"_blank\" rel=\"https:\/\/www.greenpeace.org\/luxembourg\/fr\/action\/petition-deforestation\/ noopener\">Ich unterschreibe die Petition <br>gegen die Zerst\u00f6rung der W\u00e4lder<\/a><\/div>\n<\/div>\n\n<h2 class=\"wp-block-heading\">Unsere W\u00e4lder <\/h2>\n\n<p>Am 21. M\u00e4rz findet der Internationale Tag der W\u00e4lder statt, und in diesem Jahr steht vor allem das Thema Gesundheit im Fokus. W\u00e4lder <a href=\"https:\/\/www.iucn.org\/resources\/issues-brief\/forests-and-climate-change\">spielen nicht nur eine entscheidende Rolle beim Kampf gegen den Klimawandel,<\/a> sie sind auch Nahrungsmittel- und Medizinlieferant und haben eine einfache aber dennoch beeindruckende Wirkung auf unseren Gem\u00fctszustand: ein 30 min\u00fctiger Waldspaziergang zum Beispiel kann uns dabei helfen, <a href=\"https:\/\/www.journee-internationale-des-forets.fr\/blog\/jif\/la-journee-internationale-des-forets-2023-sous-le-signe-de-la-sante\/\">Blutdruck und Herzfrequenz zu senken<\/a>. Aber wie steht es eigentlich um die Gesundheit unserer W\u00e4lder?<\/p>\n\n<p><strong>In Luxemburg sind 35% der Fl\u00e4che (bzw. 91.400 ha) mit Wald bedeckt. <\/strong>Die Waldoberfl\u00e4che ist in den letzten Jahren weitestgehend unver\u00e4ndert geblieben, aber das bedeutet leider nicht, dass es keine Probleme gibt. Obwohl die Luxemburger W\u00e4lder viele gesundheitliche Vorz\u00fcge bieten, gibt ihr Zustand Anlass zu gro\u00dfer Sorge. <strong>Nach der letzten Z\u00e4hlung im Jahr 2022<\/strong> <a href=\"https:\/\/www.wort.lu\/fr\/luxembourg\/la-foret-ne-se-porte-pas-mieux-au-luxembourg-632dc654de135b9236a69888\"><strong>sind fast 62%<\/strong><\/a> <strong>der B\u00e4ume stark angegriffen oder abgestorben<\/strong>. <\/p>\n\n<p>In erster Linie sind daf\u00fcr die <a href=\"https:\/\/paperjam.lu\/article\/ete-2022-luxembourg-ravage-par\">st\u00e4rkeren und regelm\u00e4\u00dfiger auftretenden D\u00fcrreperioden der letzten Jahre verantwortlich<\/a>, die eine Folge der globalen Erw\u00e4rmung sind. Vor allem Fichten (<a href=\"https:\/\/gouvernement.lu\/dam-assets\/fr\/actualites\/articles\/2014\/03-mars\/26-dieschbourg-inventaire-forestier\/20140326_inventaire_forestier_national_communique_long_FR.pdf\">19% der B\u00e4ume in unseren W\u00e4ldern<\/a>) werden durch diese schwierigen Bedingungen geschw\u00e4cht und fallen daher leichter Insekten wie dem Borkenk\u00e4fer zum Opfer, der seinerseits von den milderen Temperaturen profitiert, um sich zu vermehren. Als Folge davon sind diese befallenen B\u00e4ume geschw\u00e4cht und weniger widerstandsf\u00e4hig gegen St\u00fcrme, die infolge des Klimawandels ebenfalls <a href=\"https:\/\/environnement.public.lu\/content\/dam\/environnement\/documents\/klima_an_energie\/Strategie-Adaptation-Changement-climatique-Clean.pdf\">immer h\u00e4ufiger auftreten werden<\/a>. <\/p>\n\n<p>Ein wahrer Teufelskreis.<\/p>\n\n<p>Diese negative Entwicklung k\u00f6nnte sich sogar noch beschleunigen, wenn wir unsere weltweiten Treibhausgasemissionen nicht schneller reduzieren. <\/p>\n\n<h2 class=\"wp-block-heading\">Wenn W\u00e4lder f\u00fcr Stra\u00dfen weichen m\u00fcssen<\/h2>\n\n<p>Der Kampf gegen die Zerst\u00f6rung des Bob\u00ebsch-Waldes und die Umgehungsstra\u00dfe von Bascharage symbolisiert diese Logik der Ausbeutung von Ressourcen, die zu einer immer st\u00e4rkeren Belastung der Umwelt f\u00fchrt. Obwohl dieser Wald als <a href=\"https:\/\/lequotidien.lu\/luxembourg\/le-contournement-de-bascharage-devrait-passer-par-la-foret-bobesch\/\">Natura-2000-Gebiet registriert<\/a> ist, bedurfte es der <a href=\"https:\/\/www.bigs.lu\/_files\/ugd\/ce8745_4c02f8871fde4961a32daff92d7e3254.pdf\">Intervention motivierter Aktivistinnen und Aktivisten<\/a>, um ihn gegen den Bau einer Stra\u00dfe zu verteidigen. Im Moment ist die Aktenlage noch immer gesperrt und es wird nun \u00fcber den Bau eines Tunnels unter den gesch\u00fctzten Gebieten diskutiert. Doch noch immer brechen wir nicht aus der \u00fcblichen Denkweise heraus, ohne unsere gesellschaftlichen Interessen und Priorit\u00e4ten zu hinterfragen. Was ist letztendlich wichtiger? Der Schutz unserer Lebensgrundlagen oder die sinnlose Entwicklung eines immer gr\u00f6\u00dferen und umweltbelastenden Stra\u00dfennetzes? <\/p>\n\n<p>Diese Bem\u00fchungen m\u00fcssen in Luxemburg ansetzen, da es <a href=\"https:\/\/www.overshootday.org\/newsroom\/country-overshoot-days\/\">zu den am wenigsten nachhaltigen L\u00e4ndern geh\u00f6rt<\/a> &#8211; ein Ranking, das am 14. Februar durch den <a href=\"https:\/\/www.greenpeace.org\/luxembourg\/fr\/communiques-de-presse\/16972\/luxembourg-champion-deurope\/\">Luxemburger Overshoot Day<\/a> hervorgehoben wurde. Es gibt also noch einiges zu tun, um unsere Denkweise zu \u00e4ndern und die Energiewende zu beschleunigen. Denn trotz des dringenden Handlungsbedarfs f\u00f6rdern wir zum Beispiel weiterhin den Konsum fossiler Brennstoffe: Kraftstoffe f\u00fcr den Stra\u00dfenverkehr werden nach wie vor niedriger besteuert als in Nachbarl\u00e4ndern, wodurch der Tanktourismus beg\u00fcnstigt wird. Noch schockierender ist, dass die steuerliche Beg\u00fcnstigung des Luftverkehrs, insbesondere der privaten Gesch\u00e4ftsluftfahrt, einen Mangel an politischem Willen zeigt, das Problem unseres \u00dcberkonsums wirklich zu l\u00f6sen. <\/p>\n\n<h2 class=\"wp-block-heading\">Was k\u00f6nnen wir f\u00fcr die luxemburgischen W\u00e4lder tun? <\/h2>\n\n<p>Wir brauchen eine fundamentale Umgestaltung unserer gesellschaftlichen Rahmenbedingungen! Dieser Wandel erfordert eine st\u00e4ndige Sensibilisierung eines jeden Einzelnen, kleine Initiativen wie <a href=\"https:\/\/www.greenpeace.org\/luxembourg\/fr\/communiques-de-presse\/17086\/200-personnes-plantent-avec-greenpeace-plus-de-600-arbres-au-coeur-du-luxembourg\/\">die Pflanzung eines Mikrowaldes mit unseren Mitgliedern und freiwilligen Helfer:innen in Mertzig<\/a>, aber auch die <a href=\"https:\/\/www.greenpeace.org\/luxembourg\/fr\/agir\/system-change\/\">Forderung nach tiefgreifenden systemischen Ver\u00e4nderungen<\/a>!<\/p>\n\n<p><strong>Du willst jetzt sofort etwas unternehmen? <\/strong>Hilf uns, die W\u00e4lder der Erde zu sch\u00fctzen, indem du von der Luxemburger Regierung forderst sich gegen die weltweite Waldzerst\u00f6rung einzusetzen!<\/p>\n\n<div class=\"wp-block-buttons is-content-justification-center is-layout-flex wp-container-core-buttons-is-layout-16018d1d wp-block-buttons-is-layout-flex\">\n<div class=\"wp-block-button is-style-cta\"><a class=\"wp-block-button__link wp-element-button\" href=\"https:\/\/www.greenpeace.org\/luxembourg\/fr\/action\/petition-deforestation\/\" target=\"_blank\" rel=\"https:\/\/www.greenpeace.org\/luxembourg\/fr\/action\/petition-deforestation\/ noopener\">Zur Petition <br>gegen die Zerst\u00f6rung der W\u00e4lder<\/a><\/div>\n<\/div>\n\n<figure class=\"wp-block-image size-large\"><img loading=\"lazy\" decoding=\"async\" width=\"1024\" height=\"512\" src=\"https:\/\/www.greenpeace.org\/static\/planet4-luxembourg-stateless\/2023\/03\/fa294eeb-header_banner_email_microforet_21032023-1024x512.png\" alt=\"\" class=\"wp-image-17192\" srcset=\"https:\/\/www.greenpeace.org\/static\/planet4-luxembourg-stateless\/2023\/03\/fa294eeb-header_banner_email_microforet_21032023-1024x512.png 1024w, https:\/\/www.greenpeace.org\/static\/planet4-luxembourg-stateless\/2023\/03\/fa294eeb-header_banner_email_microforet_21032023-300x150.png 300w, https:\/\/www.greenpeace.org\/static\/planet4-luxembourg-stateless\/2023\/03\/fa294eeb-header_banner_email_microforet_21032023-768x384.png 768w, https:\/\/www.greenpeace.org\/static\/planet4-luxembourg-stateless\/2023\/03\/fa294eeb-header_banner_email_microforet_21032023-510x255.png 510w, https:\/\/www.greenpeace.org\/static\/planet4-luxembourg-stateless\/2023\/03\/fa294eeb-header_banner_email_microforet_21032023.png 1200w\" sizes=\"auto, (max-width: 1024px) 100vw, 1024px\" \/><\/figure>\n\n<p class=\"has-text-align-right\">Alle Fotos der Pflanzung des Mikro-Waldes sind <a href=\"https:\/\/media.greenpeace.org\/Detail\/27MZIFJLSTXWC\">hier<\/a> verf\u00fcgbar!<\/p>\n","protected":false},"excerpt":{"rendered":"<p>Die Pflanzung eines Mikrowaldes im Zentrums Luxemburgs, eine bedeutungsvolle Herausforderung, m\u00f6glich gemacht durch Greenpeace-F\u00f6rderer und -F\u00f6rderinnen.<\/p>\n","protected":false},"author":20,"featured_media":17192,"comment_status":"closed","ping_status":"closed","sticky":false,"template":"","format":"standard","meta":{"ep_exclude_from_search":false,"p4_og_title":"","p4_og_description":"","p4_og_image":"","p4_og_image_id":"","p4_seo_canonical_url":"","p4_campaign_name":"","p4_local_project":"","p4_basket_name":"","p4_department":"","footnotes":""},"categories":[47],"tags":[102],"p4-page-type":[68],"class_list":["post-17688","post","type-post","status-publish","format-standard","has-post-thumbnail","hentry","category-natur","tag-urwalder","p4-page-type-aktualitaet"],"yoast_head":"<!-- This site is optimized with the Yoast SEO Premium plugin v23.9 (Yoast SEO v23.9) - https:\/\/yoast.com\/wordpress\/plugins\/seo\/ -->\n<title>Unser Mikrowald: ein Hoffnungsschimmer f\u00fcr Mensch und Natur - Greenpeace Luxembourg<\/title>\n<meta name=\"robots\" content=\"index, follow, max-snippet:-1, max-image-preview:large, max-video-preview:-1\" \/>\n<link rel=\"canonical\" href=\"https:\/\/www.greenpeace.org\/luxembourg\/de\/aktualitaet\/17688\/unser-mikrowald-ein-hoffnungsschimmer-fuer-mensch-und-natur\/\" \/>\n<meta property=\"og:locale\" content=\"de_DE\" \/>\n<meta property=\"og:type\" content=\"article\" \/>\n<meta property=\"og:title\" content=\"Unser Mikrowald: ein Hoffnungsschimmer f\u00fcr Mensch und Natur\" \/>\n<meta property=\"og:description\" content=\"Die Pflanzung eines Mikrowaldes im Zentrums Luxemburgs, eine bedeutungsvolle Herausforderung, m\u00f6glich gemacht durch Greenpeace-F\u00f6rderer und -F\u00f6rderinnen.\" \/>\n<meta property=\"og:url\" content=\"https:\/\/www.greenpeace.org\/luxembourg\/de\/aktualitaet\/17688\/unser-mikrowald-ein-hoffnungsschimmer-fuer-mensch-und-natur\/\" \/>\n<meta property=\"og:site_name\" content=\"Greenpeace Luxembourg\" \/>\n<meta property=\"article:publisher\" content=\"https:\/\/www.facebook.com\/greenpeaceluxembourg\" \/>\n<meta property=\"article:published_time\" content=\"2023-03-21T14:21:24+00:00\" \/>\n<meta property=\"article:modified_time\" content=\"2023-04-24T14:27:30+00:00\" \/>\n<meta property=\"og:image\" content=\"https:\/\/www.greenpeace.org\/static\/planet4-luxembourg-stateless\/2023\/03\/fa294eeb-header_banner_email_microforet_21032023.png\" \/>\n\t<meta property=\"og:image:width\" content=\"1200\" \/>\n\t<meta property=\"og:image:height\" content=\"600\" \/>\n\t<meta property=\"og:image:type\" content=\"image\/png\" \/>\n<meta name=\"author\" content=\"Greenpeace Luxembourg\" \/>\n<meta name=\"twitter:card\" content=\"summary_large_image\" \/>\n<meta name=\"twitter:label1\" content=\"Written by\" \/>\n\t<meta name=\"twitter:data1\" content=\"Greenpeace Luxembourg\" \/>\n\t<meta name=\"twitter:label2\" content=\"Est. reading time\" \/>\n\t<meta name=\"twitter:data2\" content=\"4 minutes\" \/>\n<script type=\"application\/ld+json\" class=\"yoast-schema-graph\">{\"@context\":\"https:\/\/schema.org\",\"@graph\":[{\"@type\":\"Article\",\"@id\":\"https:\/\/www.greenpeace.org\/luxembourg\/de\/aktualitaet\/17688\/unser-mikrowald-ein-hoffnungsschimmer-fuer-mensch-und-natur\/#article\",\"isPartOf\":{\"@id\":\"https:\/\/www.greenpeace.org\/luxembourg\/de\/aktualitaet\/17688\/unser-mikrowald-ein-hoffnungsschimmer-fuer-mensch-und-natur\/\"},\"author\":{\"name\":\"Greenpeace Luxembourg\",\"@id\":\"https:\/\/www.greenpeace.org\/luxembourg\/fr\/#\/schema\/person\/12b34015aca6e55fec2e511d2f19102d\"},\"headline\":\"Unser Mikrowald: ein Hoffnungsschimmer f\u00fcr Mensch und Natur\",\"datePublished\":\"2023-03-21T14:21:24+00:00\",\"dateModified\":\"2023-04-24T14:27:30+00:00\",\"mainEntityOfPage\":{\"@id\":\"https:\/\/www.greenpeace.org\/luxembourg\/de\/aktualitaet\/17688\/unser-mikrowald-ein-hoffnungsschimmer-fuer-mensch-und-natur\/\"},\"wordCount\":804,\"publisher\":{\"@id\":\"https:\/\/www.greenpeace.org\/luxembourg\/fr\/#organization\"},\"image\":{\"@id\":\"https:\/\/www.greenpeace.org\/luxembourg\/de\/aktualitaet\/17688\/unser-mikrowald-ein-hoffnungsschimmer-fuer-mensch-und-natur\/#primaryimage\"},\"thumbnailUrl\":\"https:\/\/www.greenpeace.org\/static\/planet4-luxembourg-stateless\/2023\/03\/fa294eeb-header_banner_email_microforet_21032023.png\",\"keywords\":[\"Urw\u00e4lder\"],\"articleSection\":[\"Natur\"],\"inLanguage\":\"de-LU\"},{\"@type\":\"WebPage\",\"@id\":\"https:\/\/www.greenpeace.org\/luxembourg\/de\/aktualitaet\/17688\/unser-mikrowald-ein-hoffnungsschimmer-fuer-mensch-und-natur\/\",\"url\":\"https:\/\/www.greenpeace.org\/luxembourg\/de\/aktualitaet\/17688\/unser-mikrowald-ein-hoffnungsschimmer-fuer-mensch-und-natur\/\",\"name\":\"Unser Mikrowald: ein Hoffnungsschimmer f\u00fcr Mensch und Natur - Greenpeace Luxembourg\",\"isPartOf\":{\"@id\":\"https:\/\/www.greenpeace.org\/luxembourg\/fr\/#website\"},\"primaryImageOfPage\":{\"@id\":\"https:\/\/www.greenpeace.org\/luxembourg\/de\/aktualitaet\/17688\/unser-mikrowald-ein-hoffnungsschimmer-fuer-mensch-und-natur\/#primaryimage\"},\"image\":{\"@id\":\"https:\/\/www.greenpeace.org\/luxembourg\/de\/aktualitaet\/17688\/unser-mikrowald-ein-hoffnungsschimmer-fuer-mensch-und-natur\/#primaryimage\"},\"thumbnailUrl\":\"https:\/\/www.greenpeace.org\/static\/planet4-luxembourg-stateless\/2023\/03\/fa294eeb-header_banner_email_microforet_21032023.png\",\"datePublished\":\"2023-03-21T14:21:24+00:00\",\"dateModified\":\"2023-04-24T14:27:30+00:00\",\"breadcrumb\":{\"@id\":\"https:\/\/www.greenpeace.org\/luxembourg\/de\/aktualitaet\/17688\/unser-mikrowald-ein-hoffnungsschimmer-fuer-mensch-und-natur\/#breadcrumb\"},\"inLanguage\":\"de-LU\",\"potentialAction\":[{\"@type\":\"ReadAction\",\"target\":[\"https:\/\/www.greenpeace.org\/luxembourg\/de\/aktualitaet\/17688\/unser-mikrowald-ein-hoffnungsschimmer-fuer-mensch-und-natur\/\"]}]},{\"@type\":\"ImageObject\",\"inLanguage\":\"de-LU\",\"@id\":\"https:\/\/www.greenpeace.org\/luxembourg\/de\/aktualitaet\/17688\/unser-mikrowald-ein-hoffnungsschimmer-fuer-mensch-und-natur\/#primaryimage\",\"url\":\"https:\/\/www.greenpeace.org\/static\/planet4-luxembourg-stateless\/2023\/03\/fa294eeb-header_banner_email_microforet_21032023.png\",\"contentUrl\":\"https:\/\/www.greenpeace.org\/static\/planet4-luxembourg-stateless\/2023\/03\/fa294eeb-header_banner_email_microforet_21032023.png\",\"width\":1200,\"height\":600},{\"@type\":\"BreadcrumbList\",\"@id\":\"https:\/\/www.greenpeace.org\/luxembourg\/de\/aktualitaet\/17688\/unser-mikrowald-ein-hoffnungsschimmer-fuer-mensch-und-natur\/#breadcrumb\",\"itemListElement\":[{\"@type\":\"ListItem\",\"position\":1,\"name\":\"Home\",\"item\":\"http:\/\/www.greenpeace.org\/luxembourg\/fr\/\"},{\"@type\":\"ListItem\",\"position\":2,\"name\":\"Unser Mikrowald: ein Hoffnungsschimmer f\u00fcr Mensch und Natur\"}]},{\"@type\":\"WebSite\",\"@id\":\"https:\/\/www.greenpeace.org\/luxembourg\/fr\/#website\",\"url\":\"https:\/\/www.greenpeace.org\/luxembourg\/fr\/\",\"name\":\"Greenpeace Luxembourg\",\"description\":\"Greenpeace existiert, weil unsere Erde eine Stimme braucht. Sie ben\u00f6tigt L\u00f6sungen. Ver\u00e4nderungen. Aktionen.\",\"publisher\":{\"@id\":\"https:\/\/www.greenpeace.org\/luxembourg\/fr\/#organization\"},\"potentialAction\":[{\"@type\":\"SearchAction\",\"target\":{\"@type\":\"EntryPoint\",\"urlTemplate\":\"https:\/\/www.greenpeace.org\/luxembourg\/fr\/?s={search_term_string}\"},\"query-input\":{\"@type\":\"PropertyValueSpecification\",\"valueRequired\":true,\"valueName\":\"search_term_string\"}}],\"inLanguage\":\"de-LU\"},{\"@type\":\"Organization\",\"@id\":\"https:\/\/www.greenpeace.org\/luxembourg\/fr\/#organization\",\"name\":\"Greenpeace Luxembourg\",\"url\":\"https:\/\/www.greenpeace.org\/luxembourg\/fr\/\",\"logo\":{\"@type\":\"ImageObject\",\"inLanguage\":\"de-LU\",\"@id\":\"https:\/\/www.greenpeace.org\/luxembourg\/fr\/#\/schema\/logo\/image\/\",\"url\":\"https:\/\/www.greenpeace.org\/static\/planet4-luxembourg-stateless\/2026\/03\/3e367f94-greenpeace_logo_green_rgb.png\",\"contentUrl\":\"https:\/\/www.greenpeace.org\/static\/planet4-luxembourg-stateless\/2026\/03\/3e367f94-greenpeace_logo_green_rgb.png\",\"width\":1080,\"height\":175,\"caption\":\"Greenpeace Luxembourg\"},\"image\":{\"@id\":\"https:\/\/www.greenpeace.org\/luxembourg\/fr\/#\/schema\/logo\/image\/\"},\"sameAs\":[\"https:\/\/www.facebook.com\/greenpeaceluxembourg\",\"https:\/\/www.instagram.com\/greenpeacelux\/\",\"https:\/\/www.linkedin.com\/company\/greenpeace-luxembourg\/\",\"https:\/\/www.threads.com\/@greenpeacelux\",\"https:\/\/bsky.app\/profile\/greenpeacelux.bsky.social\",\"https:\/\/www.youtube.com\/@GreenpeaceLux\",\"https:\/\/www.tiktok.com\/@greenpeace_lux\"]},{\"@type\":\"Person\",\"@id\":\"https:\/\/www.greenpeace.org\/luxembourg\/fr\/#\/schema\/person\/12b34015aca6e55fec2e511d2f19102d\",\"name\":\"Greenpeace Luxembourg\",\"url\":\"https:\/\/www.greenpeace.org\/luxembourg\/de\/author\/gp_luxembourg\/\"}]}<\/script>\n<!-- \/ Yoast SEO Premium plugin. -->","yoast_head_json":{"title":"Unser Mikrowald: ein Hoffnungsschimmer f\u00fcr Mensch und Natur - Greenpeace Luxembourg","robots":{"index":"index","follow":"follow","max-snippet":"max-snippet:-1","max-image-preview":"max-image-preview:large","max-video-preview":"max-video-preview:-1"},"canonical":"https:\/\/www.greenpeace.org\/luxembourg\/de\/aktualitaet\/17688\/unser-mikrowald-ein-hoffnungsschimmer-fuer-mensch-und-natur\/","og_locale":"de_DE","og_type":"article","og_title":"Unser Mikrowald: ein Hoffnungsschimmer f\u00fcr Mensch und Natur","og_description":"Die Pflanzung eines Mikrowaldes im Zentrums Luxemburgs, eine bedeutungsvolle Herausforderung, m\u00f6glich gemacht durch Greenpeace-F\u00f6rderer und -F\u00f6rderinnen.","og_url":"https:\/\/www.greenpeace.org\/luxembourg\/de\/aktualitaet\/17688\/unser-mikrowald-ein-hoffnungsschimmer-fuer-mensch-und-natur\/","og_site_name":"Greenpeace Luxembourg","article_publisher":"https:\/\/www.facebook.com\/greenpeaceluxembourg","article_published_time":"2023-03-21T14:21:24+00:00","article_modified_time":"2023-04-24T14:27:30+00:00","og_image":[{"width":1200,"height":600,"url":"https:\/\/www.greenpeace.org\/static\/planet4-luxembourg-stateless\/2023\/03\/fa294eeb-header_banner_email_microforet_21032023.png","type":"image\/png"}],"author":"Greenpeace Luxembourg","twitter_card":"summary_large_image","twitter_misc":{"Written by":"Greenpeace Luxembourg","Est. reading time":"4 minutes"},"schema":{"@context":"https:\/\/schema.org","@graph":[{"@type":"Article","@id":"https:\/\/www.greenpeace.org\/luxembourg\/de\/aktualitaet\/17688\/unser-mikrowald-ein-hoffnungsschimmer-fuer-mensch-und-natur\/#article","isPartOf":{"@id":"https:\/\/www.greenpeace.org\/luxembourg\/de\/aktualitaet\/17688\/unser-mikrowald-ein-hoffnungsschimmer-fuer-mensch-und-natur\/"},"author":{"name":"Greenpeace Luxembourg","@id":"https:\/\/www.greenpeace.org\/luxembourg\/fr\/#\/schema\/person\/12b34015aca6e55fec2e511d2f19102d"},"headline":"Unser Mikrowald: ein Hoffnungsschimmer f\u00fcr Mensch und Natur","datePublished":"2023-03-21T14:21:24+00:00","dateModified":"2023-04-24T14:27:30+00:00","mainEntityOfPage":{"@id":"https:\/\/www.greenpeace.org\/luxembourg\/de\/aktualitaet\/17688\/unser-mikrowald-ein-hoffnungsschimmer-fuer-mensch-und-natur\/"},"wordCount":804,"publisher":{"@id":"https:\/\/www.greenpeace.org\/luxembourg\/fr\/#organization"},"image":{"@id":"https:\/\/www.greenpeace.org\/luxembourg\/de\/aktualitaet\/17688\/unser-mikrowald-ein-hoffnungsschimmer-fuer-mensch-und-natur\/#primaryimage"},"thumbnailUrl":"https:\/\/www.greenpeace.org\/static\/planet4-luxembourg-stateless\/2023\/03\/fa294eeb-header_banner_email_microforet_21032023.png","keywords":["Urw\u00e4lder"],"articleSection":["Natur"],"inLanguage":"de-LU"},{"@type":"WebPage","@id":"https:\/\/www.greenpeace.org\/luxembourg\/de\/aktualitaet\/17688\/unser-mikrowald-ein-hoffnungsschimmer-fuer-mensch-und-natur\/","url":"https:\/\/www.greenpeace.org\/luxembourg\/de\/aktualitaet\/17688\/unser-mikrowald-ein-hoffnungsschimmer-fuer-mensch-und-natur\/","name":"Unser Mikrowald: ein Hoffnungsschimmer f\u00fcr Mensch und Natur - Greenpeace Luxembourg","isPartOf":{"@id":"https:\/\/www.greenpeace.org\/luxembourg\/fr\/#website"},"primaryImageOfPage":{"@id":"https:\/\/www.greenpeace.org\/luxembourg\/de\/aktualitaet\/17688\/unser-mikrowald-ein-hoffnungsschimmer-fuer-mensch-und-natur\/#primaryimage"},"image":{"@id":"https:\/\/www.greenpeace.org\/luxembourg\/de\/aktualitaet\/17688\/unser-mikrowald-ein-hoffnungsschimmer-fuer-mensch-und-natur\/#primaryimage"},"thumbnailUrl":"https:\/\/www.greenpeace.org\/static\/planet4-luxembourg-stateless\/2023\/03\/fa294eeb-header_banner_email_microforet_21032023.png","datePublished":"2023-03-21T14:21:24+00:00","dateModified":"2023-04-24T14:27:30+00:00","breadcrumb":{"@id":"https:\/\/www.greenpeace.org\/luxembourg\/de\/aktualitaet\/17688\/unser-mikrowald-ein-hoffnungsschimmer-fuer-mensch-und-natur\/#breadcrumb"},"inLanguage":"de-LU","potentialAction":[{"@type":"ReadAction","target":["https:\/\/www.greenpeace.org\/luxembourg\/de\/aktualitaet\/17688\/unser-mikrowald-ein-hoffnungsschimmer-fuer-mensch-und-natur\/"]}]},{"@type":"ImageObject","inLanguage":"de-LU","@id":"https:\/\/www.greenpeace.org\/luxembourg\/de\/aktualitaet\/17688\/unser-mikrowald-ein-hoffnungsschimmer-fuer-mensch-und-natur\/#primaryimage","url":"https:\/\/www.greenpeace.org\/static\/planet4-luxembourg-stateless\/2023\/03\/fa294eeb-header_banner_email_microforet_21032023.png","contentUrl":"https:\/\/www.greenpeace.org\/static\/planet4-luxembourg-stateless\/2023\/03\/fa294eeb-header_banner_email_microforet_21032023.png","width":1200,"height":600},{"@type":"BreadcrumbList","@id":"https:\/\/www.greenpeace.org\/luxembourg\/de\/aktualitaet\/17688\/unser-mikrowald-ein-hoffnungsschimmer-fuer-mensch-und-natur\/#breadcrumb","itemListElement":[{"@type":"ListItem","position":1,"name":"Home","item":"http:\/\/www.greenpeace.org\/luxembourg\/fr\/"},{"@type":"ListItem","position":2,"name":"Unser Mikrowald: ein Hoffnungsschimmer f\u00fcr Mensch und Natur"}]},{"@type":"WebSite","@id":"https:\/\/www.greenpeace.org\/luxembourg\/fr\/#website","url":"https:\/\/www.greenpeace.org\/luxembourg\/fr\/","name":"Greenpeace Luxembourg","description":"Greenpeace existiert, weil unsere Erde eine Stimme braucht. Sie ben\u00f6tigt L\u00f6sungen. Ver\u00e4nderungen. Aktionen.","publisher":{"@id":"https:\/\/www.greenpeace.org\/luxembourg\/fr\/#organization"},"potentialAction":[{"@type":"SearchAction","target":{"@type":"EntryPoint","urlTemplate":"https:\/\/www.greenpeace.org\/luxembourg\/fr\/?s={search_term_string}"},"query-input":{"@type":"PropertyValueSpecification","valueRequired":true,"valueName":"search_term_string"}}],"inLanguage":"de-LU"},{"@type":"Organization","@id":"https:\/\/www.greenpeace.org\/luxembourg\/fr\/#organization","name":"Greenpeace Luxembourg","url":"https:\/\/www.greenpeace.org\/luxembourg\/fr\/","logo":{"@type":"ImageObject","inLanguage":"de-LU","@id":"https:\/\/www.greenpeace.org\/luxembourg\/fr\/#\/schema\/logo\/image\/","url":"https:\/\/www.greenpeace.org\/static\/planet4-luxembourg-stateless\/2026\/03\/3e367f94-greenpeace_logo_green_rgb.png","contentUrl":"https:\/\/www.greenpeace.org\/static\/planet4-luxembourg-stateless\/2026\/03\/3e367f94-greenpeace_logo_green_rgb.png","width":1080,"height":175,"caption":"Greenpeace Luxembourg"},"image":{"@id":"https:\/\/www.greenpeace.org\/luxembourg\/fr\/#\/schema\/logo\/image\/"},"sameAs":["https:\/\/www.facebook.com\/greenpeaceluxembourg","https:\/\/www.instagram.com\/greenpeacelux\/","https:\/\/www.linkedin.com\/company\/greenpeace-luxembourg\/","https:\/\/www.threads.com\/@greenpeacelux","https:\/\/bsky.app\/profile\/greenpeacelux.bsky.social","https:\/\/www.youtube.com\/@GreenpeaceLux","https:\/\/www.tiktok.com\/@greenpeace_lux"]},{"@type":"Person","@id":"https:\/\/www.greenpeace.org\/luxembourg\/fr\/#\/schema\/person\/12b34015aca6e55fec2e511d2f19102d","name":"Greenpeace Luxembourg","url":"https:\/\/www.greenpeace.org\/luxembourg\/de\/author\/gp_luxembourg\/"}]}},"_links":{"self":[{"href":"https:\/\/www.greenpeace.org\/luxembourg\/de\/wp-json\/wp\/v2\/posts\/17688","targetHints":{"allow":["GET"]}}],"collection":[{"href":"https:\/\/www.greenpeace.org\/luxembourg\/de\/wp-json\/wp\/v2\/posts"}],"about":[{"href":"https:\/\/www.greenpeace.org\/luxembourg\/de\/wp-json\/wp\/v2\/types\/post"}],"author":[{"embeddable":true,"href":"https:\/\/www.greenpeace.org\/luxembourg\/de\/wp-json\/wp\/v2\/users\/20"}],"replies":[{"embeddable":true,"href":"https:\/\/www.greenpeace.org\/luxembourg\/de\/wp-json\/wp\/v2\/comments?post=17688"}],"version-history":[{"count":5,"href":"https:\/\/www.greenpeace.org\/luxembourg\/de\/wp-json\/wp\/v2\/posts\/17688\/revisions"}],"predecessor-version":[{"id":17695,"href":"https:\/\/www.greenpeace.org\/luxembourg\/de\/wp-json\/wp\/v2\/posts\/17688\/revisions\/17695"}],"wp:featuredmedia":[{"embeddable":true,"href":"https:\/\/www.greenpeace.org\/luxembourg\/de\/wp-json\/wp\/v2\/media\/17192"}],"wp:attachment":[{"href":"https:\/\/www.greenpeace.org\/luxembourg\/de\/wp-json\/wp\/v2\/media?parent=17688"}],"wp:term":[{"taxonomy":"category","embeddable":true,"href":"https:\/\/www.greenpeace.org\/luxembourg\/de\/wp-json\/wp\/v2\/categories?post=17688"},{"taxonomy":"post_tag","embeddable":true,"href":"https:\/\/www.greenpeace.org\/luxembourg\/de\/wp-json\/wp\/v2\/tags?post=17688"},{"taxonomy":"p4-page-type","embeddable":true,"href":"https:\/\/www.greenpeace.org\/luxembourg\/de\/wp-json\/wp\/v2\/p4-page-type?post=17688"}],"curies":[{"name":"wp","href":"https:\/\/api.w.org\/{rel}","templated":true}]}}