{"id":1771,"date":"2018-03-27T00:00:00","date_gmt":"2018-03-27T00:00:00","guid":{"rendered":"https:\/\/www.greenpeace.org\/luxembourg\/actualites\/1771\/auftakt-der-verhandlungen-gegen-47-carbon-majors-vor-der-philippinischen-menschenrechtskommission\/"},"modified":"2021-01-11T18:50:52","modified_gmt":"2021-01-11T16:50:52","slug":"auftakt-der-verhandlungen-gegen-47-carbon-majors-vor-der-philippinischen-menschenrechtskommission","status":"publish","type":"post","link":"https:\/\/www.greenpeace.org\/luxembourg\/de\/presseerklaerungen\/1771\/auftakt-der-verhandlungen-gegen-47-carbon-majors-vor-der-philippinischen-menschenrechtskommission\/","title":{"rendered":"Auftakt der Verhandlungen gegen 47 \u201cCarbon Majors\u201d vor der philippinischen Menschenrechtskommission"},"content":{"rendered":"<h2>Die weltgr\u00f6\u00dften CO2-Emittenten m\u00fcssen sich ab heute f\u00fcr die Folgen des Klimawandels auf den Philippinen verantworten<\/h2>\n<div class=\"leader\">\n\tQuezon City \/ Philippinen, 27. M\u00e4rz 2018  \u2013 Ab heute m\u00fcssen sich die 47 gr\u00f6\u00dften CO2-Verursacher der Welt vor der Menschenrechtskommission der Philippinen wegen Menschenrechtsverletzungen als Folge des Klimawandels verantworten.<\/div>\n<div>\n\t<span><img decoding=\"async\" src=\"https:\/\/www.greenpeace.org\/static\/planet4-luxembourg-stateless\/2018\/10\/1bf5c2bc-1bf5c2bc-gp0stommj_medium_res_with_credit_line.jpg\" alt=\"Participants of the &quot;Climate Walk: A People's Walk for Climate Justice&quot;during it's kick off at the historic kiilometer Zero in Luneta in Manila, organised by the climate advocates from Philippine Climate Change Commission, Greenpeace, National Youth Commission, Philippine Rural and Reconstruction Movement, Philippine Movement for Climate Justice, Aksyon Klima, Sanlakas, Dakila and other civic groups.Climate Walk is a 40-day, 875 KM journey from Manila to the ground zero in Tacloban City by the 8th of November, to commemorate the first anniversary of super typhoon Yolanda (Haiyan), a historic landfall in the Philippines. The organisers hope to raise awareness on climate change and mobilise people in demanding world leaders to take climate action and hold industry polluters  and their respective governments accountable for their contribution to the climate crisis.\" width=\"600\"><\/span><br \/>\n<span>Jugendliche, Wissenschaftler und Rechtsexperten werden in der weltweit ersten Menschenrechts-Enquete dieser Art gegen die \u201cCarbon Majors\u201d aussagen. Bei den \u201cCarbon Majors\u201d handelt es sich um die 47 weltweit gr\u00f6\u00dften privaten Energie- und Zementunternehmen, unter ihnen Firmen wie Shell, BHP Billiton, BP, Chevron, ConocoPhillips, ENI, ExxonMobil, Glencore, OMV, Repsol, Sasol, Suncor, Total und RWE.<\/span><br \/>\n<span>\u201c<\/span><em>Wir k\u00f6nnen die Auswirkungen der signifikanten Erh\u00f6hung der globalen Temperatur, des steigenden Meeresspiegels und der damit einhergehenden Folgen auf das Leben der Menschen nicht l\u00e4nger ignorieren. Wir sind auf den Philippinen Zeugen einer Flut von Naturkatastrophen und Supertaifunen wie Ondoy, Sendong, Pablo und Yolanda und deren schwerwiegenden Auswirkungen geworden. Einige der \u00dcberlebenden und Opfer dieser Katastrophen sind heute hier bei uns<\/em><span>\u201c, sagte der Vorsitzende der philippinischen Kommission f\u00fcr Menschenrechte, Jose Luis Martin \u201cChito\u201d C. Gascon, bei der Er\u00f6ffnung der ersten Sitzung.<\/span><br \/>\n<span>Die Anh\u00f6rung vor der Menschenrechtskommission wurde aufgrund einer Petition eingeleitet, die 2015 von Vertretern mehrerer Gemeinschaften des Landes eingereicht wurde. Dazu geh\u00f6ren \u00dcberlebende der Super-Taifune wie Haiyan (Yolanda), Fischer aus Alabat (einer Insel, die urspr\u00fcnglich f\u00fcr seine reichen Fischgr\u00fcnde bekannt war), Gemeinschaften in der N\u00e4he des Kohlekraftwerks Bataan in der philippinischen Region Central Luzon, sowie Organisationen der Zivilgesellschaft, darunter auch Greenpeace Southeast Asia-Philippines.<\/span><br \/>\n<span>Die Untersuchung hat das Potenzial, das allgemeine Verst\u00e4ndnis der Unternehmensverantwortung gegen\u00fcber dem Klimawandel zu ver\u00e4ndern und auf die Rolle von Unternehmen der fossilen Brennstoffindustrie als Verursacher der Klimakrise aufmerksam zu machen. Die Antragsteller der Petition wollen zeigen, dass die Kohle-, \u00d6l- und Gasunternehmen die Hauptverantwortlichen der Klimakrise sind und Ma\u00dfnahmen ergreifen m\u00fcssen, um weiteren Schaden zu verhindern.<\/span><\/p>\n<p>\u201c<em>Den Gemeinschaften, die an der Front der Klimakrise leben, muss Gerechtigkeit zuteil werden. Ihre Grundrechte auf Nahrung, Wasser, Unterkunft, Gesundheit und sogar ihr Leben sind durch den Klimawandel bedroht<\/em>\u201c, sagte Amalie Obusan, Direktorin des Greenpeace-B\u00fcros auf den Philippinen. \u201c<em>Es sind die Unternehmen der fossilen Brennstoffindustrie, die den Gro\u00dfteil der Verantwortung f\u00fcr den Klimawandel und die damit verbundenen Sch\u00e4den tragen, und sie k\u00f6nnen und m\u00fcssen zur Rechenschaft gezogen werden.<\/em>\u201c<\/p>\n<p><span>An den Anh\u00f6rungen nehmen Menschen aus verschiedenen Teilen der philippinischen Gesellschaft teil, die vom Klimawandel betroffen sind. Daneben werden Vertreter der philippinischen Klimakommission sowie lokale und internationale Klima-Experten zum Zusammenhang zwischen Klimawandel und Menschenrechten und der Verantwortung von Unternehmen der fossilen Brennstoffindustrie zur Einhaltung der Menschenrechte aussagen.<\/span><br \/>\n<span>\u201c<\/span><em>Diese Petition ist sowohl ein moralischer wie ein juristischer Appell, den Klimawandel als eine der gr\u00f6\u00dften Bedrohungen der Menschenrechte unserer Zeit zu behandeln. Die Rechtsstaatlichkeit muss dort verteidigt werden, wo Konzerne zum Klimawandel beigetragen haben und von den vorhersehbaren Sch\u00e4den wussten<\/em><span>\u201c, sagte Lisa Hamilton, Direktorin des Energie- und Klimaprogramms des \u201cCenter for International Environmental Law\u201d (CIEL) und eine der Experten.<\/span><br \/>\n<span>Die Antragsteller der Petition fordern, dass Vertreter der betroffenen Unternehmen an den \u00f6ffentlichen Anh\u00f6rungen teilnehmen und Pl\u00e4ne zum Ausstieg aus den fossilen Brennstoffen pr\u00e4sentieren, um zuk\u00fcnftige Menschenrechtsverletzungen durch die Folgen des Klimawandels zu verhindern.<\/span><br \/>\n<span>Rica Diamzon Cahilig, eine Jugendleiterin der indigenen V\u00f6lker, geh\u00f6rt zu denen, die den ersten Tag der \u00f6ffentlichen Anh\u00f6rungen er\u00f6ffnen. Sie berichtet dar\u00fcber, wie sich der Klimawandel auf ihre Familie, die Bildung und sogar die kulturelle Tradition von Pagdadanso auswirkt, welche vom Aussterben bedroht ist. \u201c<\/span><em>Fr\u00fcher waren wir in der Lage, in die Berge zu gehen, wenn in der Stadt kein Essen mehr zur Verf\u00fcgung war. Das ist jetzt aber nicht mehr m\u00f6glich<\/em><span>\u201c, erkl\u00e4rte Cahilig.<\/span><br \/>\n<span>Weitere Anh\u00f6rungen sind in den n\u00e4chsten Monaten auf den Philippinen, in den USA und in Europa geplant. Die Antragsteller hoffen, dass die Kommission ihre Untersuchung bis Ende dieses Jahres abschlie\u00dfen und Anfang 2019 ihren Beschluss ver\u00f6ffentlichen wird.<\/span><br \/>\n&nbsp;<\/p>\n<p><a href=\"https:\/\/www.greenpeace.org\/international\/press-release\/15575\/landmark-human-rights-hearings-against-fossil-fuel-companies-begin-in-the-philippines\/\"><strong>Article Source :<\/strong> <\/a>Greenpeace International&nbsp;<\/p>\n<\/div>\n","protected":false},"excerpt":{"rendered":"<div>\n\tQuezon City \/ Philippinen, 27. M\u00e4rz 2018  &#8211; Ab heute m\u00fcssen sich die 47 gr\u00f6\u00dften CO2-Verursacher der Welt vor der Menschenrechtskommission der Philippinen wegen Menschenrechtsverletzungen als Folge des Klimawandels verantworten.\n<\/div>\n","protected":false},"author":20,"featured_media":1772,"comment_status":"closed","ping_status":"closed","sticky":false,"template":"","format":"standard","meta":{"ep_exclude_from_search":false,"p4_og_title":"","p4_og_description":"","p4_og_image":"","p4_og_image_id":"","p4_seo_canonical_url":"","p4_campaign_name":"not set","p4_local_project":"not set","p4_basket_name":"not set","p4_department":"","footnotes":""},"categories":[48],"tags":[98,63],"p4-page-type":[69],"class_list":["post-1771","post","type-post","status-publish","format-standard","has-post-thumbnail","hentry","category-klima","tag-gerechtigkeit","tag-fossileenergien","p4-page-type-presseerklaerungen"],"yoast_head":"<!-- This site is optimized with the Yoast SEO Premium plugin v23.9 (Yoast SEO v23.9) - https:\/\/yoast.com\/wordpress\/plugins\/seo\/ -->\n<title>Auftakt der Verhandlungen gegen 47 \u201cCarbon Majors\u201d vor der philippinischen Menschenrechtskommission - Greenpeace Luxembourg<\/title>\n<meta name=\"robots\" content=\"index, follow, max-snippet:-1, max-image-preview:large, max-video-preview:-1\" \/>\n<link rel=\"canonical\" href=\"https:\/\/www.greenpeace.org\/luxembourg\/de\/presseerklaerungen\/1771\/auftakt-der-verhandlungen-gegen-47-carbon-majors-vor-der-philippinischen-menschenrechtskommission\/\" \/>\n<meta property=\"og:locale\" content=\"de_DE\" \/>\n<meta property=\"og:type\" content=\"article\" \/>\n<meta property=\"og:title\" content=\"Auftakt der Verhandlungen gegen 47 \u201cCarbon Majors\u201d vor der philippinischen Menschenrechtskommission\" \/>\n<meta property=\"og:description\" content=\"Quezon City \/ Philippinen, 27. M\u00e4rz 2018 - Ab heute m\u00fcssen sich die 47 gr\u00f6\u00dften CO2-Verursacher der Welt vor der Menschenrechtskommission der Philippinen wegen Menschenrechtsverletzungen als Folge des Klimawandels verantworten.\" \/>\n<meta property=\"og:url\" content=\"https:\/\/www.greenpeace.org\/luxembourg\/de\/presseerklaerungen\/1771\/auftakt-der-verhandlungen-gegen-47-carbon-majors-vor-der-philippinischen-menschenrechtskommission\/\" \/>\n<meta property=\"og:site_name\" content=\"Greenpeace Luxembourg\" \/>\n<meta property=\"article:publisher\" content=\"https:\/\/www.facebook.com\/greenpeaceluxembourg\" \/>\n<meta property=\"article:published_time\" content=\"2018-03-27T00:00:00+00:00\" \/>\n<meta property=\"article:modified_time\" content=\"2021-01-11T16:50:52+00:00\" \/>\n<meta property=\"og:image\" content=\"https:\/\/www.greenpeace.org\/static\/planet4-luxembourg-stateless\/2018\/10\/1bf5c2bc-1bf5c2bc-gp0stommj_medium_res_with_credit_line.jpg\" \/>\n\t<meta property=\"og:image:width\" content=\"800\" \/>\n\t<meta property=\"og:image:height\" content=\"538\" \/>\n\t<meta property=\"og:image:type\" content=\"image\/jpeg\" \/>\n<meta name=\"author\" content=\"Greenpeace Luxembourg\" \/>\n<meta name=\"twitter:card\" content=\"summary_large_image\" \/>\n<meta name=\"twitter:label1\" content=\"Written by\" \/>\n\t<meta name=\"twitter:data1\" content=\"Greenpeace Luxembourg\" \/>\n\t<meta name=\"twitter:label2\" content=\"Est. reading time\" \/>\n\t<meta name=\"twitter:data2\" content=\"3 minutes\" \/>\n<script type=\"application\/ld+json\" class=\"yoast-schema-graph\">{\"@context\":\"https:\/\/schema.org\",\"@graph\":[{\"@type\":\"Article\",\"@id\":\"https:\/\/www.greenpeace.org\/luxembourg\/de\/presseerklaerungen\/1771\/auftakt-der-verhandlungen-gegen-47-carbon-majors-vor-der-philippinischen-menschenrechtskommission\/#article\",\"isPartOf\":{\"@id\":\"https:\/\/www.greenpeace.org\/luxembourg\/de\/presseerklaerungen\/1771\/auftakt-der-verhandlungen-gegen-47-carbon-majors-vor-der-philippinischen-menschenrechtskommission\/\"},\"author\":{\"name\":\"Greenpeace Luxembourg\",\"@id\":\"https:\/\/www.greenpeace.org\/luxembourg\/fr\/#\/schema\/person\/12b34015aca6e55fec2e511d2f19102d\"},\"headline\":\"Auftakt der Verhandlungen gegen 47 \u201cCarbon Majors\u201d vor der philippinischen Menschenrechtskommission\",\"datePublished\":\"2018-03-27T00:00:00+00:00\",\"dateModified\":\"2021-01-11T16:50:52+00:00\",\"mainEntityOfPage\":{\"@id\":\"https:\/\/www.greenpeace.org\/luxembourg\/de\/presseerklaerungen\/1771\/auftakt-der-verhandlungen-gegen-47-carbon-majors-vor-der-philippinischen-menschenrechtskommission\/\"},\"wordCount\":679,\"publisher\":{\"@id\":\"https:\/\/www.greenpeace.org\/luxembourg\/fr\/#organization\"},\"image\":{\"@id\":\"https:\/\/www.greenpeace.org\/luxembourg\/de\/presseerklaerungen\/1771\/auftakt-der-verhandlungen-gegen-47-carbon-majors-vor-der-philippinischen-menschenrechtskommission\/#primaryimage\"},\"thumbnailUrl\":\"https:\/\/www.greenpeace.org\/static\/planet4-luxembourg-stateless\/2018\/10\/1bf5c2bc-1bf5c2bc-gp0stommj_medium_res_with_credit_line.jpg\",\"keywords\":[\"Gerechtigkeit\",\"FossileEnergien\"],\"articleSection\":[\"Klima\"],\"inLanguage\":\"de-LU\"},{\"@type\":\"WebPage\",\"@id\":\"https:\/\/www.greenpeace.org\/luxembourg\/de\/presseerklaerungen\/1771\/auftakt-der-verhandlungen-gegen-47-carbon-majors-vor-der-philippinischen-menschenrechtskommission\/\",\"url\":\"https:\/\/www.greenpeace.org\/luxembourg\/de\/presseerklaerungen\/1771\/auftakt-der-verhandlungen-gegen-47-carbon-majors-vor-der-philippinischen-menschenrechtskommission\/\",\"name\":\"Auftakt der Verhandlungen gegen 47 \u201cCarbon Majors\u201d vor der philippinischen Menschenrechtskommission - Greenpeace Luxembourg\",\"isPartOf\":{\"@id\":\"https:\/\/www.greenpeace.org\/luxembourg\/fr\/#website\"},\"primaryImageOfPage\":{\"@id\":\"https:\/\/www.greenpeace.org\/luxembourg\/de\/presseerklaerungen\/1771\/auftakt-der-verhandlungen-gegen-47-carbon-majors-vor-der-philippinischen-menschenrechtskommission\/#primaryimage\"},\"image\":{\"@id\":\"https:\/\/www.greenpeace.org\/luxembourg\/de\/presseerklaerungen\/1771\/auftakt-der-verhandlungen-gegen-47-carbon-majors-vor-der-philippinischen-menschenrechtskommission\/#primaryimage\"},\"thumbnailUrl\":\"https:\/\/www.greenpeace.org\/static\/planet4-luxembourg-stateless\/2018\/10\/1bf5c2bc-1bf5c2bc-gp0stommj_medium_res_with_credit_line.jpg\",\"datePublished\":\"2018-03-27T00:00:00+00:00\",\"dateModified\":\"2021-01-11T16:50:52+00:00\",\"breadcrumb\":{\"@id\":\"https:\/\/www.greenpeace.org\/luxembourg\/de\/presseerklaerungen\/1771\/auftakt-der-verhandlungen-gegen-47-carbon-majors-vor-der-philippinischen-menschenrechtskommission\/#breadcrumb\"},\"inLanguage\":\"de-LU\",\"potentialAction\":[{\"@type\":\"ReadAction\",\"target\":[\"https:\/\/www.greenpeace.org\/luxembourg\/de\/presseerklaerungen\/1771\/auftakt-der-verhandlungen-gegen-47-carbon-majors-vor-der-philippinischen-menschenrechtskommission\/\"]}]},{\"@type\":\"ImageObject\",\"inLanguage\":\"de-LU\",\"@id\":\"https:\/\/www.greenpeace.org\/luxembourg\/de\/presseerklaerungen\/1771\/auftakt-der-verhandlungen-gegen-47-carbon-majors-vor-der-philippinischen-menschenrechtskommission\/#primaryimage\",\"url\":\"https:\/\/www.greenpeace.org\/static\/planet4-luxembourg-stateless\/2018\/10\/1bf5c2bc-1bf5c2bc-gp0stommj_medium_res_with_credit_line.jpg\",\"contentUrl\":\"https:\/\/www.greenpeace.org\/static\/planet4-luxembourg-stateless\/2018\/10\/1bf5c2bc-1bf5c2bc-gp0stommj_medium_res_with_credit_line.jpg\",\"width\":800,\"height\":538},{\"@type\":\"BreadcrumbList\",\"@id\":\"https:\/\/www.greenpeace.org\/luxembourg\/de\/presseerklaerungen\/1771\/auftakt-der-verhandlungen-gegen-47-carbon-majors-vor-der-philippinischen-menschenrechtskommission\/#breadcrumb\",\"itemListElement\":[{\"@type\":\"ListItem\",\"position\":1,\"name\":\"Home\",\"item\":\"http:\/\/www.greenpeace.org\/luxembourg\/fr\/\"},{\"@type\":\"ListItem\",\"position\":2,\"name\":\"Auftakt der Verhandlungen gegen 47 \u201cCarbon Majors\u201d vor der philippinischen Menschenrechtskommission\"}]},{\"@type\":\"WebSite\",\"@id\":\"https:\/\/www.greenpeace.org\/luxembourg\/fr\/#website\",\"url\":\"https:\/\/www.greenpeace.org\/luxembourg\/fr\/\",\"name\":\"Greenpeace Luxembourg\",\"description\":\"Greenpeace existiert, weil unsere Erde eine Stimme braucht. Sie ben\u00f6tigt L\u00f6sungen. Ver\u00e4nderungen. Aktionen.\",\"publisher\":{\"@id\":\"https:\/\/www.greenpeace.org\/luxembourg\/fr\/#organization\"},\"potentialAction\":[{\"@type\":\"SearchAction\",\"target\":{\"@type\":\"EntryPoint\",\"urlTemplate\":\"https:\/\/www.greenpeace.org\/luxembourg\/fr\/?s={search_term_string}\"},\"query-input\":{\"@type\":\"PropertyValueSpecification\",\"valueRequired\":true,\"valueName\":\"search_term_string\"}}],\"inLanguage\":\"de-LU\"},{\"@type\":\"Organization\",\"@id\":\"https:\/\/www.greenpeace.org\/luxembourg\/fr\/#organization\",\"name\":\"Greenpeace Luxembourg\",\"url\":\"https:\/\/www.greenpeace.org\/luxembourg\/fr\/\",\"logo\":{\"@type\":\"ImageObject\",\"inLanguage\":\"de-LU\",\"@id\":\"https:\/\/www.greenpeace.org\/luxembourg\/fr\/#\/schema\/logo\/image\/\",\"url\":\"https:\/\/www.greenpeace.org\/static\/planet4-luxembourg-stateless\/2026\/03\/3e367f94-greenpeace_logo_green_rgb.png\",\"contentUrl\":\"https:\/\/www.greenpeace.org\/static\/planet4-luxembourg-stateless\/2026\/03\/3e367f94-greenpeace_logo_green_rgb.png\",\"width\":1080,\"height\":175,\"caption\":\"Greenpeace Luxembourg\"},\"image\":{\"@id\":\"https:\/\/www.greenpeace.org\/luxembourg\/fr\/#\/schema\/logo\/image\/\"},\"sameAs\":[\"https:\/\/www.facebook.com\/greenpeaceluxembourg\",\"https:\/\/www.instagram.com\/greenpeacelux\/\",\"https:\/\/www.linkedin.com\/company\/greenpeace-luxembourg\/\",\"https:\/\/www.threads.com\/@greenpeacelux\",\"https:\/\/bsky.app\/profile\/greenpeacelux.bsky.social\",\"https:\/\/www.youtube.com\/@GreenpeaceLux\",\"https:\/\/www.tiktok.com\/@greenpeace_lux\"]},{\"@type\":\"Person\",\"@id\":\"https:\/\/www.greenpeace.org\/luxembourg\/fr\/#\/schema\/person\/12b34015aca6e55fec2e511d2f19102d\",\"name\":\"Greenpeace Luxembourg\",\"url\":\"https:\/\/www.greenpeace.org\/luxembourg\/de\/author\/gp_luxembourg\/\"}]}<\/script>\n<!-- \/ Yoast SEO Premium plugin. -->","yoast_head_json":{"title":"Auftakt der Verhandlungen gegen 47 \u201cCarbon Majors\u201d vor der philippinischen Menschenrechtskommission - Greenpeace Luxembourg","robots":{"index":"index","follow":"follow","max-snippet":"max-snippet:-1","max-image-preview":"max-image-preview:large","max-video-preview":"max-video-preview:-1"},"canonical":"https:\/\/www.greenpeace.org\/luxembourg\/de\/presseerklaerungen\/1771\/auftakt-der-verhandlungen-gegen-47-carbon-majors-vor-der-philippinischen-menschenrechtskommission\/","og_locale":"de_DE","og_type":"article","og_title":"Auftakt der Verhandlungen gegen 47 \u201cCarbon Majors\u201d vor der philippinischen Menschenrechtskommission","og_description":"Quezon City \/ Philippinen, 27. M\u00e4rz 2018 - Ab heute m\u00fcssen sich die 47 gr\u00f6\u00dften CO2-Verursacher der Welt vor der Menschenrechtskommission der Philippinen wegen Menschenrechtsverletzungen als Folge des Klimawandels verantworten.","og_url":"https:\/\/www.greenpeace.org\/luxembourg\/de\/presseerklaerungen\/1771\/auftakt-der-verhandlungen-gegen-47-carbon-majors-vor-der-philippinischen-menschenrechtskommission\/","og_site_name":"Greenpeace Luxembourg","article_publisher":"https:\/\/www.facebook.com\/greenpeaceluxembourg","article_published_time":"2018-03-27T00:00:00+00:00","article_modified_time":"2021-01-11T16:50:52+00:00","og_image":[{"width":800,"height":538,"url":"https:\/\/www.greenpeace.org\/static\/planet4-luxembourg-stateless\/2018\/10\/1bf5c2bc-1bf5c2bc-gp0stommj_medium_res_with_credit_line.jpg","type":"image\/jpeg"}],"author":"Greenpeace Luxembourg","twitter_card":"summary_large_image","twitter_misc":{"Written by":"Greenpeace Luxembourg","Est. reading time":"3 minutes"},"schema":{"@context":"https:\/\/schema.org","@graph":[{"@type":"Article","@id":"https:\/\/www.greenpeace.org\/luxembourg\/de\/presseerklaerungen\/1771\/auftakt-der-verhandlungen-gegen-47-carbon-majors-vor-der-philippinischen-menschenrechtskommission\/#article","isPartOf":{"@id":"https:\/\/www.greenpeace.org\/luxembourg\/de\/presseerklaerungen\/1771\/auftakt-der-verhandlungen-gegen-47-carbon-majors-vor-der-philippinischen-menschenrechtskommission\/"},"author":{"name":"Greenpeace Luxembourg","@id":"https:\/\/www.greenpeace.org\/luxembourg\/fr\/#\/schema\/person\/12b34015aca6e55fec2e511d2f19102d"},"headline":"Auftakt der Verhandlungen gegen 47 \u201cCarbon Majors\u201d vor der philippinischen Menschenrechtskommission","datePublished":"2018-03-27T00:00:00+00:00","dateModified":"2021-01-11T16:50:52+00:00","mainEntityOfPage":{"@id":"https:\/\/www.greenpeace.org\/luxembourg\/de\/presseerklaerungen\/1771\/auftakt-der-verhandlungen-gegen-47-carbon-majors-vor-der-philippinischen-menschenrechtskommission\/"},"wordCount":679,"publisher":{"@id":"https:\/\/www.greenpeace.org\/luxembourg\/fr\/#organization"},"image":{"@id":"https:\/\/www.greenpeace.org\/luxembourg\/de\/presseerklaerungen\/1771\/auftakt-der-verhandlungen-gegen-47-carbon-majors-vor-der-philippinischen-menschenrechtskommission\/#primaryimage"},"thumbnailUrl":"https:\/\/www.greenpeace.org\/static\/planet4-luxembourg-stateless\/2018\/10\/1bf5c2bc-1bf5c2bc-gp0stommj_medium_res_with_credit_line.jpg","keywords":["Gerechtigkeit","FossileEnergien"],"articleSection":["Klima"],"inLanguage":"de-LU"},{"@type":"WebPage","@id":"https:\/\/www.greenpeace.org\/luxembourg\/de\/presseerklaerungen\/1771\/auftakt-der-verhandlungen-gegen-47-carbon-majors-vor-der-philippinischen-menschenrechtskommission\/","url":"https:\/\/www.greenpeace.org\/luxembourg\/de\/presseerklaerungen\/1771\/auftakt-der-verhandlungen-gegen-47-carbon-majors-vor-der-philippinischen-menschenrechtskommission\/","name":"Auftakt der Verhandlungen gegen 47 \u201cCarbon Majors\u201d vor der philippinischen Menschenrechtskommission - Greenpeace Luxembourg","isPartOf":{"@id":"https:\/\/www.greenpeace.org\/luxembourg\/fr\/#website"},"primaryImageOfPage":{"@id":"https:\/\/www.greenpeace.org\/luxembourg\/de\/presseerklaerungen\/1771\/auftakt-der-verhandlungen-gegen-47-carbon-majors-vor-der-philippinischen-menschenrechtskommission\/#primaryimage"},"image":{"@id":"https:\/\/www.greenpeace.org\/luxembourg\/de\/presseerklaerungen\/1771\/auftakt-der-verhandlungen-gegen-47-carbon-majors-vor-der-philippinischen-menschenrechtskommission\/#primaryimage"},"thumbnailUrl":"https:\/\/www.greenpeace.org\/static\/planet4-luxembourg-stateless\/2018\/10\/1bf5c2bc-1bf5c2bc-gp0stommj_medium_res_with_credit_line.jpg","datePublished":"2018-03-27T00:00:00+00:00","dateModified":"2021-01-11T16:50:52+00:00","breadcrumb":{"@id":"https:\/\/www.greenpeace.org\/luxembourg\/de\/presseerklaerungen\/1771\/auftakt-der-verhandlungen-gegen-47-carbon-majors-vor-der-philippinischen-menschenrechtskommission\/#breadcrumb"},"inLanguage":"de-LU","potentialAction":[{"@type":"ReadAction","target":["https:\/\/www.greenpeace.org\/luxembourg\/de\/presseerklaerungen\/1771\/auftakt-der-verhandlungen-gegen-47-carbon-majors-vor-der-philippinischen-menschenrechtskommission\/"]}]},{"@type":"ImageObject","inLanguage":"de-LU","@id":"https:\/\/www.greenpeace.org\/luxembourg\/de\/presseerklaerungen\/1771\/auftakt-der-verhandlungen-gegen-47-carbon-majors-vor-der-philippinischen-menschenrechtskommission\/#primaryimage","url":"https:\/\/www.greenpeace.org\/static\/planet4-luxembourg-stateless\/2018\/10\/1bf5c2bc-1bf5c2bc-gp0stommj_medium_res_with_credit_line.jpg","contentUrl":"https:\/\/www.greenpeace.org\/static\/planet4-luxembourg-stateless\/2018\/10\/1bf5c2bc-1bf5c2bc-gp0stommj_medium_res_with_credit_line.jpg","width":800,"height":538},{"@type":"BreadcrumbList","@id":"https:\/\/www.greenpeace.org\/luxembourg\/de\/presseerklaerungen\/1771\/auftakt-der-verhandlungen-gegen-47-carbon-majors-vor-der-philippinischen-menschenrechtskommission\/#breadcrumb","itemListElement":[{"@type":"ListItem","position":1,"name":"Home","item":"http:\/\/www.greenpeace.org\/luxembourg\/fr\/"},{"@type":"ListItem","position":2,"name":"Auftakt der Verhandlungen gegen 47 \u201cCarbon Majors\u201d vor der philippinischen Menschenrechtskommission"}]},{"@type":"WebSite","@id":"https:\/\/www.greenpeace.org\/luxembourg\/fr\/#website","url":"https:\/\/www.greenpeace.org\/luxembourg\/fr\/","name":"Greenpeace Luxembourg","description":"Greenpeace existiert, weil unsere Erde eine Stimme braucht. Sie ben\u00f6tigt L\u00f6sungen. Ver\u00e4nderungen. Aktionen.","publisher":{"@id":"https:\/\/www.greenpeace.org\/luxembourg\/fr\/#organization"},"potentialAction":[{"@type":"SearchAction","target":{"@type":"EntryPoint","urlTemplate":"https:\/\/www.greenpeace.org\/luxembourg\/fr\/?s={search_term_string}"},"query-input":{"@type":"PropertyValueSpecification","valueRequired":true,"valueName":"search_term_string"}}],"inLanguage":"de-LU"},{"@type":"Organization","@id":"https:\/\/www.greenpeace.org\/luxembourg\/fr\/#organization","name":"Greenpeace Luxembourg","url":"https:\/\/www.greenpeace.org\/luxembourg\/fr\/","logo":{"@type":"ImageObject","inLanguage":"de-LU","@id":"https:\/\/www.greenpeace.org\/luxembourg\/fr\/#\/schema\/logo\/image\/","url":"https:\/\/www.greenpeace.org\/static\/planet4-luxembourg-stateless\/2026\/03\/3e367f94-greenpeace_logo_green_rgb.png","contentUrl":"https:\/\/www.greenpeace.org\/static\/planet4-luxembourg-stateless\/2026\/03\/3e367f94-greenpeace_logo_green_rgb.png","width":1080,"height":175,"caption":"Greenpeace Luxembourg"},"image":{"@id":"https:\/\/www.greenpeace.org\/luxembourg\/fr\/#\/schema\/logo\/image\/"},"sameAs":["https:\/\/www.facebook.com\/greenpeaceluxembourg","https:\/\/www.instagram.com\/greenpeacelux\/","https:\/\/www.linkedin.com\/company\/greenpeace-luxembourg\/","https:\/\/www.threads.com\/@greenpeacelux","https:\/\/bsky.app\/profile\/greenpeacelux.bsky.social","https:\/\/www.youtube.com\/@GreenpeaceLux","https:\/\/www.tiktok.com\/@greenpeace_lux"]},{"@type":"Person","@id":"https:\/\/www.greenpeace.org\/luxembourg\/fr\/#\/schema\/person\/12b34015aca6e55fec2e511d2f19102d","name":"Greenpeace Luxembourg","url":"https:\/\/www.greenpeace.org\/luxembourg\/de\/author\/gp_luxembourg\/"}]}},"_links":{"self":[{"href":"https:\/\/www.greenpeace.org\/luxembourg\/de\/wp-json\/wp\/v2\/posts\/1771","targetHints":{"allow":["GET"]}}],"collection":[{"href":"https:\/\/www.greenpeace.org\/luxembourg\/de\/wp-json\/wp\/v2\/posts"}],"about":[{"href":"https:\/\/www.greenpeace.org\/luxembourg\/de\/wp-json\/wp\/v2\/types\/post"}],"author":[{"embeddable":true,"href":"https:\/\/www.greenpeace.org\/luxembourg\/de\/wp-json\/wp\/v2\/users\/20"}],"replies":[{"embeddable":true,"href":"https:\/\/www.greenpeace.org\/luxembourg\/de\/wp-json\/wp\/v2\/comments?post=1771"}],"version-history":[{"count":2,"href":"https:\/\/www.greenpeace.org\/luxembourg\/de\/wp-json\/wp\/v2\/posts\/1771\/revisions"}],"predecessor-version":[{"id":10524,"href":"https:\/\/www.greenpeace.org\/luxembourg\/de\/wp-json\/wp\/v2\/posts\/1771\/revisions\/10524"}],"wp:featuredmedia":[{"embeddable":true,"href":"https:\/\/www.greenpeace.org\/luxembourg\/de\/wp-json\/wp\/v2\/media\/1772"}],"wp:attachment":[{"href":"https:\/\/www.greenpeace.org\/luxembourg\/de\/wp-json\/wp\/v2\/media?parent=1771"}],"wp:term":[{"taxonomy":"category","embeddable":true,"href":"https:\/\/www.greenpeace.org\/luxembourg\/de\/wp-json\/wp\/v2\/categories?post=1771"},{"taxonomy":"post_tag","embeddable":true,"href":"https:\/\/www.greenpeace.org\/luxembourg\/de\/wp-json\/wp\/v2\/tags?post=1771"},{"taxonomy":"p4-page-type","embeddable":true,"href":"https:\/\/www.greenpeace.org\/luxembourg\/de\/wp-json\/wp\/v2\/p4-page-type?post=1771"}],"curies":[{"name":"wp","href":"https:\/\/api.w.org\/{rel}","templated":true}]}}