{"id":1793,"date":"2018-03-14T00:00:00","date_gmt":"2018-03-14T00:00:00","guid":{"rendered":"https:\/\/www.greenpeace.org\/luxembourg\/actualites\/1793\/braucht-kein-mensch\/"},"modified":"2019-11-06T10:54:52","modified_gmt":"2019-11-06T08:54:52","slug":"braucht-kein-mensch","status":"publish","type":"post","link":"https:\/\/www.greenpeace.org\/luxembourg\/de\/aktualitaet\/1793\/braucht-kein-mensch\/","title":{"rendered":"Braucht kein Mensch"},"content":{"rendered":"<h2>Industrielle Krillfischerei gef\u00e4hrdet S\u00fcdpolarmeer<\/h2>\n<\/p>\n<div class=\"leader\">\n\tKrillfang in der Antarktis ist so sinnlos wie riskant: F\u00fcr \u00fcberfl\u00fcssige Produkte riskiert die Fischereiindustrie das empfindliche \u00d6kosystem, so ein neuer Report von Greenpeace International.\n<\/div>\n<div>\n<p style=\"text-align: center;\"><img loading=\"lazy\" decoding=\"async\" src=\"https:\/\/www.greenpeace.org\/static\/planet4-luxembourg-stateless\/2018\/10\/krill-antarktis-shutterstock_172222457_kopie.jpg\" alt=\"\" width=\"600\" height=\"338\"><br \/><em><span>\u00a9 Shutterstock<\/span><br \/>Der Antarktische Krill kann bis zu sechs Zentimeter gro\u00df werden. Krill ist eine Schl\u00fcsselart f\u00fcr das \u00d6kosystem der Antarktis: Ohne ihn g\u00e4be es hier kein Leben.<\/em><\/p>\n<p>Eine gute Antwort auf die Frage, warum sie in der Antarktis \u00fcberhaupt ihre Netze auswirft, hat die Fischereiindustrie nicht. Zu empfindlich ist das \u00d6kosystem, als dass es leichtfertig aufs Spiel gesetzt werden d\u00fcrfte, zu alt und wartungsbed\u00fcrftig sind die dort kreuzenden Schiffe \u2013 eine Umweltverschmutzung mit Ansage. Und wof\u00fcr der ganze Aufwand? Daf\u00fcr liefern Fischereifirmen eine nur wenig \u00fcberzeugende Begr\u00fcndung: Ihre Trawler ziehen im S\u00fcdpolarmeer gro\u00dfe Mengen Krill aus dem Wasser \u2013 um daraus weitgehend sinnfreie Produkte herzustellen.\u00a0<a href=\"https:\/\/www.greenpeace.org\/static\/planet4-luxembourg-stateless\/2018\/10\/b2a83143-b2a83143-rapport-licencetokrill.pdf\">Ein aktueller Report\u00a0von Greenpeace International<\/a>\u00a0zeigt, wie dieser Krillfang den Lebensraum Antarktis bedroht.<\/p>\n<p>Moment, Krill? Das ist kein edler Speisefisch, mit dem sich der gro\u00dfe Reibach machen l\u00e4sst. Zum gr\u00f6\u00dften Teil wird er zu Fischfutter verarbeitet. F\u00fcr den menschlichen Konsum taugen die Krebstiere nur als zumeist \u00fcberfl\u00fcssige Nahrungserg\u00e4nzungsmittel. Sie sind eine Quelle von Omega-3-Fetts\u00e4uren, die in Kapselform auf den Markt kommen \u2013 der drittgr\u00f6\u00dfte Abnehmer nach den USA und China ist Deutschland. F\u00fcr die Bewohner der Antarktis sind die garnelenartigen, kleinen Schalentiere allerdings weit kostbarer: Ohne sie ist das\u00a0<a href=\"http:\/\/www.greenpeace.org\/luxembourg\/fr\/Campagnes-Greenpeace-Luxembourg\/Antarctique\/\" target=\"_blank\" rel=\"noopener noreferrer\">Leben auf und unter dem Eis<\/a>\u00a0nicht denkbar, gesunde Krillbest\u00e4nde sind die Nahrungsgrundlage am S\u00fcdpol. Wale, Robben und Pinguine sind auf sie angewiesen.<\/p>\n<p><strong>Krill\u00f6l\u00a0f\u00fcr den weltweiten Konsum<\/strong><\/p>\n<p>Der Mensch dagegen nicht unbedingt. Omega-3-Fetts\u00e4uren sind f\u00fcr den K\u00f6rper unverzichtbar, daran besteht kein Zweifel. Insbesondere w\u00e4hrend der Schwangerschaft und in der Kindheit tragen sie zur Gesundheit von Herz, Gehirn und Augen bei. Normalerweise wird der Tagesbedarf allerdings durch eine ausgewogene Ern\u00e4hrung ohnehin gedeckt, egal, ob die Fisch und Fleisch enth\u00e4lt, vegetarisch oder vegan ist.<\/p>\n<p>Wer dennoch auf zus\u00e4tzliches Omega-3 angewiesen ist, findet sehr leicht gleichwertige pflanzliche Alternativen, etwa Lein\u00f6l oder Produkte auf Algenbasis. Dass Krill ein Wachstumsmarkt ist, hat also eher mit geschickter Werbung zu tun als mit tats\u00e4chlichem Bedarf. \u201e<em>Das Marketing f\u00fcr Omega-3-Pillen ist sich nicht zu schade, sogar mit Kaiserpinguinen auf der Verpackung zu werben<\/em>\u201c, sagt Sandra Sch\u00f6ttner, Expertin\u00a0f\u00fcr Meere bei Greenpeace Deutschland.<\/p>\n<p><strong>Pleiten, Pech und Pannen<\/strong><\/p>\n<p>Die Krillfischerei ist noch aus einem weiteren Grund problematisch, und der liegt an der Besonderheit des Terrains. Weil die Fanggr\u00fcnde in der Antarktis so entlegen sind, \u00fcbergeben die meisten Krilltrawler ihre Ladung regelm\u00e4\u00dfig an sogenannte Reefer, riesige K\u00fchlschiffe, die den Fang an Land bringen \u2013 w\u00e4hrend die Trawler selbst vor Ort bleiben und weiterfischen. Die Greenpeace-Dokumentation weist nach, dass die Krillfangschiffe w\u00e4hrend des Umladens oftmals in gesch\u00fctzten Gew\u00e4ssern ankern. Damit missachten sie die Empfehlung der Antarktis-Kommission CCAMLR, genau das zu vermeiden: Der Lebensraum am Meeresboden kann durch die Anker gro\u00dfen Schaden nehmen.<\/p>\n<p>Davon abgesehen dokumentiert der Report von Greenpeace International von der Industrie verursachte Unf\u00e4lle in der Antarktis: Seefahrzeuge, die gro\u00dfe Mengen \u00d6l verloren, Br\u00e4nde auf See und der Fall eines Schiffs, das in unmittelbarer N\u00e4he einer Pinguinkolonie auf Grund lief. Mit riskanten Praktiken und \u00fcberaltertem Material schafft die Fischereiindustrie ohne Not Gefahrenherde in einem einzigartigen Lebensraum. Darum setzt sich Greenpeace \u2013\u00a0<a title=\"Filmreife Leistung\" href=\"http:\/\/www.greenpeace.org\/luxembourg\/fr\/news\/Oscar-Preistrager-Javier-Bardem-fordert-antarktisches-Meeresschutzgebiet\/\" target=\"_blank\" rel=\"noopener noreferrer\">mit prominenter Unterst\u00fctzung<\/a>\u00a0\u2013 f\u00fcr das gr\u00f6\u00dfte Meeresschutzgebiet der Welt im S\u00fcdpolarmeer ein.<\/p>\n<p><strong>Die Antarktis sp\u00fcrt den Klimawandel<\/strong><\/p>\n<p>\u201e<em>Das sensible \u00f6kologische Gleichgewicht in der Antarktis braucht Schutz<\/em>\u201c, sagt Sandra Sch\u00f6ttner. \u201e<em>Die Antarktis und ihre Bewohner leiden stark unter der Klimaerhitzung. Meeresschutzgebiete verhindern, dass die Krillfischerei in die eisfreien Gebiete weiter vordringt.<\/em>\u201c Die von Greenpeace vorgelegten Daten zeigen, dass die Fischereiunternehmen trotz Beteuerungen ihrer Nachhaltigkeit keineswegs r\u00fccksichtsvoll mit dem Lebensraum umgehen. Die Fangz\u00fcge finden insbesondere an der Nordspitze der Antarktischen Halbinsel statt und \u00fcberschneiden sich stark mit den Nahrungsgr\u00fcnden der Wildtiere.<\/p>\n<p>Im Oktober dieses Jahres entscheidet die Antarktis-Kommission CCAMLR dar\u00fcber, ob das Schutzgebiet im Weddellmeer Wirklichkeit wird. Derzeit ist das Greenpeace-Aktionsschiff Arctic Sunrise vor Ort unterwegs, um zu dokumentieren, was am S\u00fcdpol auf dem Spiel steht.\u00a0<a title=\"In fremden Welten\" href=\"http:\/\/www.greenpeace.org\/luxembourg\/fr\/news\/Les-premieres-images-des-fonds-marins-de-locean-Antarctique\/\" target=\"_blank\" rel=\"noopener noreferrer\">Beeindruckende Unterwasseraufnahmen<\/a>\u00a0des Lebens am Meeresgrund lieferten zu Beginn des Jahres bereits schwer widerlegbare Argumente f\u00fcr das Meeresschutzgebiet.<\/p>\n<p style=\"text-align: center;\"><strong>&gt;&gt;&gt; Sie k\u00f6nnen von zuhause aus den Plan f\u00fcr ein Meeresschutzgebiet in der Antarktis unterst\u00fctzen.\u00a0<a href=\"http:\/\/protegeons-locean-antarctique.greenpeace.lu\/\" target=\"_blank\" rel=\"noopener noreferrer\">Schreiben Sie der Antarktis-Kommission<\/a>\u00a0CCAMLR, dass auch Sie den Schutz des Weddellmeers vor der Fischereiindustrie fordern.<\/strong><\/p>\n<p style=\"text-align: left;\"><a href=\"https:\/\/www.greenpeace.de\/themen\/meere\/meeresschutzgebiete\/braucht-kein-mensch\">Article Source<\/a> : Greenpeace Deutschland<\/p>\n<\/div>\n","protected":false},"excerpt":{"rendered":"<div>\n\tKrillfang in der Antarktis ist so sinnlos wie riskant: F\u00fcr \u00fcberfl\u00fcssige Produkte riskiert die Fischereiindustrie das empfindliche \u00d6kosystem, so ein neuer Report von Greenpeace International.\n<\/div>\n","protected":false},"author":20,"featured_media":1777,"comment_status":"closed","ping_status":"closed","sticky":false,"template":"","format":"standard","meta":{"ep_exclude_from_search":false,"p4_og_title":"","p4_og_description":"","p4_og_image":"","p4_og_image_id":"","p4_seo_canonical_url":"","p4_campaign_name":"","p4_local_project":"","p4_basket_name":"","p4_department":"","footnotes":""},"categories":[47],"tags":[66],"p4-page-type":[68],"class_list":["post-1793","post","type-post","status-publish","format-standard","has-post-thumbnail","hentry","category-natur","tag-biodiversitaet","p4-page-type-aktualitaet"],"yoast_head":"<!-- This site is optimized with the Yoast SEO Premium plugin v23.9 (Yoast SEO v23.9) - https:\/\/yoast.com\/wordpress\/plugins\/seo\/ -->\n<title>Braucht kein Mensch - Greenpeace Luxembourg<\/title>\n<meta name=\"robots\" content=\"index, follow, max-snippet:-1, max-image-preview:large, max-video-preview:-1\" \/>\n<link rel=\"canonical\" href=\"https:\/\/www.greenpeace.org\/luxembourg\/de\/aktualitaet\/1793\/braucht-kein-mensch\/\" \/>\n<meta property=\"og:locale\" content=\"de_DE\" \/>\n<meta property=\"og:type\" content=\"article\" \/>\n<meta property=\"og:title\" content=\"Braucht kein Mensch\" \/>\n<meta property=\"og:description\" content=\"Krillfang in der Antarktis ist so sinnlos wie riskant: F\u00fcr \u00fcberfl\u00fcssige Produkte riskiert die Fischereiindustrie das empfindliche \u00d6kosystem, so ein neuer Report von Greenpeace International.\" \/>\n<meta property=\"og:url\" content=\"https:\/\/www.greenpeace.org\/luxembourg\/de\/aktualitaet\/1793\/braucht-kein-mensch\/\" \/>\n<meta property=\"og:site_name\" content=\"Greenpeace Luxembourg\" \/>\n<meta property=\"article:publisher\" content=\"https:\/\/www.facebook.com\/greenpeaceluxembourg\" \/>\n<meta property=\"article:published_time\" content=\"2018-03-14T00:00:00+00:00\" \/>\n<meta property=\"article:modified_time\" content=\"2019-11-06T08:54:52+00:00\" \/>\n<meta property=\"og:image\" content=\"https:\/\/www.greenpeace.org\/static\/planet4-luxembourg-stateless\/2018\/10\/323ea7b0-323ea7b0-krill-antarktis-shutterstock_172222457_kopie.jpg\" \/>\n\t<meta property=\"og:image:width\" content=\"800\" \/>\n\t<meta property=\"og:image:height\" content=\"451\" \/>\n\t<meta property=\"og:image:type\" content=\"image\/jpeg\" \/>\n<meta name=\"author\" content=\"Greenpeace Luxembourg\" \/>\n<meta name=\"twitter:card\" content=\"summary_large_image\" \/>\n<meta name=\"twitter:label1\" content=\"Written by\" \/>\n\t<meta name=\"twitter:data1\" content=\"Greenpeace Luxembourg\" \/>\n\t<meta name=\"twitter:label2\" content=\"Est. reading time\" \/>\n\t<meta name=\"twitter:data2\" content=\"4 minutes\" \/>\n<script type=\"application\/ld+json\" class=\"yoast-schema-graph\">{\"@context\":\"https:\/\/schema.org\",\"@graph\":[{\"@type\":\"Article\",\"@id\":\"https:\/\/www.greenpeace.org\/luxembourg\/de\/aktualitaet\/1793\/braucht-kein-mensch\/#article\",\"isPartOf\":{\"@id\":\"https:\/\/www.greenpeace.org\/luxembourg\/de\/aktualitaet\/1793\/braucht-kein-mensch\/\"},\"author\":{\"name\":\"Greenpeace Luxembourg\",\"@id\":\"https:\/\/www.greenpeace.org\/luxembourg\/fr\/#\/schema\/person\/12b34015aca6e55fec2e511d2f19102d\"},\"headline\":\"Braucht kein Mensch\",\"datePublished\":\"2018-03-14T00:00:00+00:00\",\"dateModified\":\"2019-11-06T08:54:52+00:00\",\"mainEntityOfPage\":{\"@id\":\"https:\/\/www.greenpeace.org\/luxembourg\/de\/aktualitaet\/1793\/braucht-kein-mensch\/\"},\"wordCount\":771,\"publisher\":{\"@id\":\"https:\/\/www.greenpeace.org\/luxembourg\/fr\/#organization\"},\"image\":{\"@id\":\"https:\/\/www.greenpeace.org\/luxembourg\/de\/aktualitaet\/1793\/braucht-kein-mensch\/#primaryimage\"},\"thumbnailUrl\":\"https:\/\/www.greenpeace.org\/static\/planet4-luxembourg-stateless\/2018\/10\/323ea7b0-323ea7b0-krill-antarktis-shutterstock_172222457_kopie.jpg\",\"keywords\":[\"Biodiversit\u00e4t\"],\"articleSection\":[\"Natur\"],\"inLanguage\":\"de-LU\"},{\"@type\":\"WebPage\",\"@id\":\"https:\/\/www.greenpeace.org\/luxembourg\/de\/aktualitaet\/1793\/braucht-kein-mensch\/\",\"url\":\"https:\/\/www.greenpeace.org\/luxembourg\/de\/aktualitaet\/1793\/braucht-kein-mensch\/\",\"name\":\"Braucht kein Mensch - Greenpeace Luxembourg\",\"isPartOf\":{\"@id\":\"https:\/\/www.greenpeace.org\/luxembourg\/fr\/#website\"},\"primaryImageOfPage\":{\"@id\":\"https:\/\/www.greenpeace.org\/luxembourg\/de\/aktualitaet\/1793\/braucht-kein-mensch\/#primaryimage\"},\"image\":{\"@id\":\"https:\/\/www.greenpeace.org\/luxembourg\/de\/aktualitaet\/1793\/braucht-kein-mensch\/#primaryimage\"},\"thumbnailUrl\":\"https:\/\/www.greenpeace.org\/static\/planet4-luxembourg-stateless\/2018\/10\/323ea7b0-323ea7b0-krill-antarktis-shutterstock_172222457_kopie.jpg\",\"datePublished\":\"2018-03-14T00:00:00+00:00\",\"dateModified\":\"2019-11-06T08:54:52+00:00\",\"breadcrumb\":{\"@id\":\"https:\/\/www.greenpeace.org\/luxembourg\/de\/aktualitaet\/1793\/braucht-kein-mensch\/#breadcrumb\"},\"inLanguage\":\"de-LU\",\"potentialAction\":[{\"@type\":\"ReadAction\",\"target\":[\"https:\/\/www.greenpeace.org\/luxembourg\/de\/aktualitaet\/1793\/braucht-kein-mensch\/\"]}]},{\"@type\":\"ImageObject\",\"inLanguage\":\"de-LU\",\"@id\":\"https:\/\/www.greenpeace.org\/luxembourg\/de\/aktualitaet\/1793\/braucht-kein-mensch\/#primaryimage\",\"url\":\"https:\/\/www.greenpeace.org\/static\/planet4-luxembourg-stateless\/2018\/10\/323ea7b0-323ea7b0-krill-antarktis-shutterstock_172222457_kopie.jpg\",\"contentUrl\":\"https:\/\/www.greenpeace.org\/static\/planet4-luxembourg-stateless\/2018\/10\/323ea7b0-323ea7b0-krill-antarktis-shutterstock_172222457_kopie.jpg\",\"width\":800,\"height\":451},{\"@type\":\"BreadcrumbList\",\"@id\":\"https:\/\/www.greenpeace.org\/luxembourg\/de\/aktualitaet\/1793\/braucht-kein-mensch\/#breadcrumb\",\"itemListElement\":[{\"@type\":\"ListItem\",\"position\":1,\"name\":\"Home\",\"item\":\"http:\/\/www.greenpeace.org\/luxembourg\/fr\/\"},{\"@type\":\"ListItem\",\"position\":2,\"name\":\"Braucht kein Mensch\"}]},{\"@type\":\"WebSite\",\"@id\":\"https:\/\/www.greenpeace.org\/luxembourg\/fr\/#website\",\"url\":\"https:\/\/www.greenpeace.org\/luxembourg\/fr\/\",\"name\":\"Greenpeace Luxembourg\",\"description\":\"Greenpeace existiert, weil unsere Erde eine Stimme braucht. Sie ben\u00f6tigt L\u00f6sungen. Ver\u00e4nderungen. Aktionen.\",\"publisher\":{\"@id\":\"https:\/\/www.greenpeace.org\/luxembourg\/fr\/#organization\"},\"potentialAction\":[{\"@type\":\"SearchAction\",\"target\":{\"@type\":\"EntryPoint\",\"urlTemplate\":\"https:\/\/www.greenpeace.org\/luxembourg\/fr\/?s={search_term_string}\"},\"query-input\":{\"@type\":\"PropertyValueSpecification\",\"valueRequired\":true,\"valueName\":\"search_term_string\"}}],\"inLanguage\":\"de-LU\"},{\"@type\":\"Organization\",\"@id\":\"https:\/\/www.greenpeace.org\/luxembourg\/fr\/#organization\",\"name\":\"Greenpeace Luxembourg\",\"url\":\"https:\/\/www.greenpeace.org\/luxembourg\/fr\/\",\"logo\":{\"@type\":\"ImageObject\",\"inLanguage\":\"de-LU\",\"@id\":\"https:\/\/www.greenpeace.org\/luxembourg\/fr\/#\/schema\/logo\/image\/\",\"url\":\"https:\/\/www.greenpeace.org\/static\/planet4-luxembourg-stateless\/2026\/03\/3e367f94-greenpeace_logo_green_rgb.png\",\"contentUrl\":\"https:\/\/www.greenpeace.org\/static\/planet4-luxembourg-stateless\/2026\/03\/3e367f94-greenpeace_logo_green_rgb.png\",\"width\":1080,\"height\":175,\"caption\":\"Greenpeace Luxembourg\"},\"image\":{\"@id\":\"https:\/\/www.greenpeace.org\/luxembourg\/fr\/#\/schema\/logo\/image\/\"},\"sameAs\":[\"https:\/\/www.facebook.com\/greenpeaceluxembourg\",\"https:\/\/www.instagram.com\/greenpeacelux\/\",\"https:\/\/www.linkedin.com\/company\/greenpeace-luxembourg\/\",\"https:\/\/www.threads.com\/@greenpeacelux\",\"https:\/\/bsky.app\/profile\/greenpeacelux.bsky.social\",\"https:\/\/www.youtube.com\/@GreenpeaceLux\",\"https:\/\/www.tiktok.com\/@greenpeace_lux\"]},{\"@type\":\"Person\",\"@id\":\"https:\/\/www.greenpeace.org\/luxembourg\/fr\/#\/schema\/person\/12b34015aca6e55fec2e511d2f19102d\",\"name\":\"Greenpeace Luxembourg\",\"url\":\"https:\/\/www.greenpeace.org\/luxembourg\/de\/author\/gp_luxembourg\/\"}]}<\/script>\n<!-- \/ Yoast SEO Premium plugin. -->","yoast_head_json":{"title":"Braucht kein Mensch - Greenpeace Luxembourg","robots":{"index":"index","follow":"follow","max-snippet":"max-snippet:-1","max-image-preview":"max-image-preview:large","max-video-preview":"max-video-preview:-1"},"canonical":"https:\/\/www.greenpeace.org\/luxembourg\/de\/aktualitaet\/1793\/braucht-kein-mensch\/","og_locale":"de_DE","og_type":"article","og_title":"Braucht kein Mensch","og_description":"Krillfang in der Antarktis ist so sinnlos wie riskant: F\u00fcr \u00fcberfl\u00fcssige Produkte riskiert die Fischereiindustrie das empfindliche \u00d6kosystem, so ein neuer Report von Greenpeace International.","og_url":"https:\/\/www.greenpeace.org\/luxembourg\/de\/aktualitaet\/1793\/braucht-kein-mensch\/","og_site_name":"Greenpeace Luxembourg","article_publisher":"https:\/\/www.facebook.com\/greenpeaceluxembourg","article_published_time":"2018-03-14T00:00:00+00:00","article_modified_time":"2019-11-06T08:54:52+00:00","og_image":[{"width":800,"height":451,"url":"https:\/\/www.greenpeace.org\/static\/planet4-luxembourg-stateless\/2018\/10\/323ea7b0-323ea7b0-krill-antarktis-shutterstock_172222457_kopie.jpg","type":"image\/jpeg"}],"author":"Greenpeace Luxembourg","twitter_card":"summary_large_image","twitter_misc":{"Written by":"Greenpeace Luxembourg","Est. reading time":"4 minutes"},"schema":{"@context":"https:\/\/schema.org","@graph":[{"@type":"Article","@id":"https:\/\/www.greenpeace.org\/luxembourg\/de\/aktualitaet\/1793\/braucht-kein-mensch\/#article","isPartOf":{"@id":"https:\/\/www.greenpeace.org\/luxembourg\/de\/aktualitaet\/1793\/braucht-kein-mensch\/"},"author":{"name":"Greenpeace Luxembourg","@id":"https:\/\/www.greenpeace.org\/luxembourg\/fr\/#\/schema\/person\/12b34015aca6e55fec2e511d2f19102d"},"headline":"Braucht kein Mensch","datePublished":"2018-03-14T00:00:00+00:00","dateModified":"2019-11-06T08:54:52+00:00","mainEntityOfPage":{"@id":"https:\/\/www.greenpeace.org\/luxembourg\/de\/aktualitaet\/1793\/braucht-kein-mensch\/"},"wordCount":771,"publisher":{"@id":"https:\/\/www.greenpeace.org\/luxembourg\/fr\/#organization"},"image":{"@id":"https:\/\/www.greenpeace.org\/luxembourg\/de\/aktualitaet\/1793\/braucht-kein-mensch\/#primaryimage"},"thumbnailUrl":"https:\/\/www.greenpeace.org\/static\/planet4-luxembourg-stateless\/2018\/10\/323ea7b0-323ea7b0-krill-antarktis-shutterstock_172222457_kopie.jpg","keywords":["Biodiversit\u00e4t"],"articleSection":["Natur"],"inLanguage":"de-LU"},{"@type":"WebPage","@id":"https:\/\/www.greenpeace.org\/luxembourg\/de\/aktualitaet\/1793\/braucht-kein-mensch\/","url":"https:\/\/www.greenpeace.org\/luxembourg\/de\/aktualitaet\/1793\/braucht-kein-mensch\/","name":"Braucht kein Mensch - Greenpeace Luxembourg","isPartOf":{"@id":"https:\/\/www.greenpeace.org\/luxembourg\/fr\/#website"},"primaryImageOfPage":{"@id":"https:\/\/www.greenpeace.org\/luxembourg\/de\/aktualitaet\/1793\/braucht-kein-mensch\/#primaryimage"},"image":{"@id":"https:\/\/www.greenpeace.org\/luxembourg\/de\/aktualitaet\/1793\/braucht-kein-mensch\/#primaryimage"},"thumbnailUrl":"https:\/\/www.greenpeace.org\/static\/planet4-luxembourg-stateless\/2018\/10\/323ea7b0-323ea7b0-krill-antarktis-shutterstock_172222457_kopie.jpg","datePublished":"2018-03-14T00:00:00+00:00","dateModified":"2019-11-06T08:54:52+00:00","breadcrumb":{"@id":"https:\/\/www.greenpeace.org\/luxembourg\/de\/aktualitaet\/1793\/braucht-kein-mensch\/#breadcrumb"},"inLanguage":"de-LU","potentialAction":[{"@type":"ReadAction","target":["https:\/\/www.greenpeace.org\/luxembourg\/de\/aktualitaet\/1793\/braucht-kein-mensch\/"]}]},{"@type":"ImageObject","inLanguage":"de-LU","@id":"https:\/\/www.greenpeace.org\/luxembourg\/de\/aktualitaet\/1793\/braucht-kein-mensch\/#primaryimage","url":"https:\/\/www.greenpeace.org\/static\/planet4-luxembourg-stateless\/2018\/10\/323ea7b0-323ea7b0-krill-antarktis-shutterstock_172222457_kopie.jpg","contentUrl":"https:\/\/www.greenpeace.org\/static\/planet4-luxembourg-stateless\/2018\/10\/323ea7b0-323ea7b0-krill-antarktis-shutterstock_172222457_kopie.jpg","width":800,"height":451},{"@type":"BreadcrumbList","@id":"https:\/\/www.greenpeace.org\/luxembourg\/de\/aktualitaet\/1793\/braucht-kein-mensch\/#breadcrumb","itemListElement":[{"@type":"ListItem","position":1,"name":"Home","item":"http:\/\/www.greenpeace.org\/luxembourg\/fr\/"},{"@type":"ListItem","position":2,"name":"Braucht kein Mensch"}]},{"@type":"WebSite","@id":"https:\/\/www.greenpeace.org\/luxembourg\/fr\/#website","url":"https:\/\/www.greenpeace.org\/luxembourg\/fr\/","name":"Greenpeace Luxembourg","description":"Greenpeace existiert, weil unsere Erde eine Stimme braucht. Sie ben\u00f6tigt L\u00f6sungen. Ver\u00e4nderungen. Aktionen.","publisher":{"@id":"https:\/\/www.greenpeace.org\/luxembourg\/fr\/#organization"},"potentialAction":[{"@type":"SearchAction","target":{"@type":"EntryPoint","urlTemplate":"https:\/\/www.greenpeace.org\/luxembourg\/fr\/?s={search_term_string}"},"query-input":{"@type":"PropertyValueSpecification","valueRequired":true,"valueName":"search_term_string"}}],"inLanguage":"de-LU"},{"@type":"Organization","@id":"https:\/\/www.greenpeace.org\/luxembourg\/fr\/#organization","name":"Greenpeace Luxembourg","url":"https:\/\/www.greenpeace.org\/luxembourg\/fr\/","logo":{"@type":"ImageObject","inLanguage":"de-LU","@id":"https:\/\/www.greenpeace.org\/luxembourg\/fr\/#\/schema\/logo\/image\/","url":"https:\/\/www.greenpeace.org\/static\/planet4-luxembourg-stateless\/2026\/03\/3e367f94-greenpeace_logo_green_rgb.png","contentUrl":"https:\/\/www.greenpeace.org\/static\/planet4-luxembourg-stateless\/2026\/03\/3e367f94-greenpeace_logo_green_rgb.png","width":1080,"height":175,"caption":"Greenpeace Luxembourg"},"image":{"@id":"https:\/\/www.greenpeace.org\/luxembourg\/fr\/#\/schema\/logo\/image\/"},"sameAs":["https:\/\/www.facebook.com\/greenpeaceluxembourg","https:\/\/www.instagram.com\/greenpeacelux\/","https:\/\/www.linkedin.com\/company\/greenpeace-luxembourg\/","https:\/\/www.threads.com\/@greenpeacelux","https:\/\/bsky.app\/profile\/greenpeacelux.bsky.social","https:\/\/www.youtube.com\/@GreenpeaceLux","https:\/\/www.tiktok.com\/@greenpeace_lux"]},{"@type":"Person","@id":"https:\/\/www.greenpeace.org\/luxembourg\/fr\/#\/schema\/person\/12b34015aca6e55fec2e511d2f19102d","name":"Greenpeace Luxembourg","url":"https:\/\/www.greenpeace.org\/luxembourg\/de\/author\/gp_luxembourg\/"}]}},"_links":{"self":[{"href":"https:\/\/www.greenpeace.org\/luxembourg\/de\/wp-json\/wp\/v2\/posts\/1793","targetHints":{"allow":["GET"]}}],"collection":[{"href":"https:\/\/www.greenpeace.org\/luxembourg\/de\/wp-json\/wp\/v2\/posts"}],"about":[{"href":"https:\/\/www.greenpeace.org\/luxembourg\/de\/wp-json\/wp\/v2\/types\/post"}],"author":[{"embeddable":true,"href":"https:\/\/www.greenpeace.org\/luxembourg\/de\/wp-json\/wp\/v2\/users\/20"}],"replies":[{"embeddable":true,"href":"https:\/\/www.greenpeace.org\/luxembourg\/de\/wp-json\/wp\/v2\/comments?post=1793"}],"version-history":[{"count":2,"href":"https:\/\/www.greenpeace.org\/luxembourg\/de\/wp-json\/wp\/v2\/posts\/1793\/revisions"}],"predecessor-version":[{"id":5946,"href":"https:\/\/www.greenpeace.org\/luxembourg\/de\/wp-json\/wp\/v2\/posts\/1793\/revisions\/5946"}],"wp:featuredmedia":[{"embeddable":true,"href":"https:\/\/www.greenpeace.org\/luxembourg\/de\/wp-json\/wp\/v2\/media\/1777"}],"wp:attachment":[{"href":"https:\/\/www.greenpeace.org\/luxembourg\/de\/wp-json\/wp\/v2\/media?parent=1793"}],"wp:term":[{"taxonomy":"category","embeddable":true,"href":"https:\/\/www.greenpeace.org\/luxembourg\/de\/wp-json\/wp\/v2\/categories?post=1793"},{"taxonomy":"post_tag","embeddable":true,"href":"https:\/\/www.greenpeace.org\/luxembourg\/de\/wp-json\/wp\/v2\/tags?post=1793"},{"taxonomy":"p4-page-type","embeddable":true,"href":"https:\/\/www.greenpeace.org\/luxembourg\/de\/wp-json\/wp\/v2\/p4-page-type?post=1793"}],"curies":[{"name":"wp","href":"https:\/\/api.w.org\/{rel}","templated":true}]}}