{"id":1839,"date":"2018-05-25T00:00:00","date_gmt":"2018-05-25T00:00:00","guid":{"rendered":"https:\/\/www.greenpeace.org\/luxembourg\/actualites\/1839\/diese-sechs-tiere-halten-weltrekorde\/"},"modified":"2022-05-23T20:33:29","modified_gmt":"2022-05-23T18:33:29","slug":"diese-sechs-tiere-halten-weltrekorde","status":"publish","type":"post","link":"https:\/\/www.greenpeace.org\/luxembourg\/de\/aktualitaet\/1839\/diese-sechs-tiere-halten-weltrekorde\/","title":{"rendered":"Diese sechs Tiere halten Weltrekorde"},"content":{"rendered":"\n<p>In der Antarktis herrschen extreme Bedingungen. Um sich an diese anzupassen, haben ihre Bewohner teils herausragende F\u00e4higkeiten und Eigenschaften entwickelt. Einige von ihnen halten damit Weltrekorde.<\/p>\n\n<figure class=\"wp-block-image size-full\"><img loading=\"lazy\" decoding=\"async\" width=\"800\" height=\"523\" src=\"https:\/\/www.greenpeace.org\/static\/planet4-luxembourg-stateless\/2018\/10\/a1c83852-a1c83852-gp09zn_web_size.jpg\" alt=\"\" class=\"wp-image-1840\" srcset=\"https:\/\/www.greenpeace.org\/static\/planet4-luxembourg-stateless\/2018\/10\/a1c83852-a1c83852-gp09zn_web_size.jpg 800w, https:\/\/www.greenpeace.org\/static\/planet4-luxembourg-stateless\/2018\/10\/a1c83852-a1c83852-gp09zn_web_size-300x196.jpg 300w, https:\/\/www.greenpeace.org\/static\/planet4-luxembourg-stateless\/2018\/10\/a1c83852-a1c83852-gp09zn_web_size-768x502.jpg 768w, https:\/\/www.greenpeace.org\/static\/planet4-luxembourg-stateless\/2018\/10\/a1c83852-a1c83852-gp09zn_web_size-510x333.jpg 510w\" sizes=\"auto, (max-width: 800px) 100vw, 800px\" \/><\/figure>\n\n<p><strong>#1 Das gr\u00f6\u00dfte Tier der Welt<\/strong><\/p>\n\n<p>Der Blauwal ist nicht nur das gr\u00f6\u00dfte Tier der Welt. Er ist sogar das gr\u00f6\u00dfte Tier, das jemals auf Erden gelebt hat! Blauwale werden bis zu 30 Meter lang und bringen 180 Tonnen auf die Waage. Allein die Zunge des Blauwals ist so schwer wie ein Elefant. Und das, obwohl sich der Blauwal von einem der kleinsten Tiere der Welt ern\u00e4hrt: dem Krill.<\/p>\n\n<p><strong>#2 Das Tier mit den gr\u00f6\u00dften Augen<\/strong><\/p>\n\n<p>Der Koloss-Kalmar hat die gr\u00f6\u00dften Augen im Tierreich. Sie haben einen Durchmesser von bis zu 27 Zentimeter \u2013 und sind damit gr\u00f6\u00dfer als Fu\u00dfb\u00e4lle. Mit diesen riesigen Augen k\u00f6nnen Koloss-Kalmare auch noch in Meerestiefen von \u00fcber 1.000 Meter auf Beutejagd gehen.<\/p>\n\n<p><strong>#3 Der Zugvogel mit der l\u00e4ngsten Wegstrecke<\/strong><\/p>\n\n<p>K\u00fcstenseeschwalben sind wahre Langstreckenflieger. Sie fliegen gleich zwei Mal j\u00e4hrlich der Sonne entgegen, wenn sie zwischen ihren arktischen Brutpl\u00e4tzen und der Antarktis pendeln. Manche von ihnen legen dabei bis zu 80.000 Kilometer pro Jahr zur\u00fcck!<\/p>\n\n<figure class=\"wp-block-image size-full\"><img loading=\"lazy\" decoding=\"async\" width=\"800\" height=\"523\" src=\"https:\/\/www.greenpeace.org\/static\/planet4-luxembourg-stateless\/2018\/10\/15f059ec-15f059ec-gp0strnd9_web_size.jpg\" alt=\"\" class=\"wp-image-1841\" srcset=\"https:\/\/www.greenpeace.org\/static\/planet4-luxembourg-stateless\/2018\/10\/15f059ec-15f059ec-gp0strnd9_web_size.jpg 800w, https:\/\/www.greenpeace.org\/static\/planet4-luxembourg-stateless\/2018\/10\/15f059ec-15f059ec-gp0strnd9_web_size-300x196.jpg 300w, https:\/\/www.greenpeace.org\/static\/planet4-luxembourg-stateless\/2018\/10\/15f059ec-15f059ec-gp0strnd9_web_size-768x502.jpg 768w, https:\/\/www.greenpeace.org\/static\/planet4-luxembourg-stateless\/2018\/10\/15f059ec-15f059ec-gp0strnd9_web_size-510x333.jpg 510w\" sizes=\"auto, (max-width: 800px) 100vw, 800px\" \/><\/figure>\n\n<p><strong>#4 Das s\u00fcdlichste S\u00e4ugetier der Welt<\/strong><\/p>\n\n<p>Kein S\u00e4ugetier zieht weiter s\u00fcdlich seine Jungen gro\u00df als die Weddellrobbe. Ihr Lebensraum reicht bis an den 77. Breitengrad heran. Nur ein anderer Warmbl\u00fcter lebt das ganze Jahr hindurch in diesen s\u00fcdlichen Breiten: der Kaiser-Pinguin.<\/p>\n\n<p><strong>#5 Der Vogel mit der gr\u00f6\u00dften Spannweite<\/strong><\/p>\n\n<p>Der Wanderalbatros kann \u00fcber drei Meter breit werden \u2013 gemessen von Fl\u00fcgelspitze zu Fl\u00fcgelspitze. Geht es nach der Fl\u00fcgelspannweite, ist er damit der gr\u00f6\u00dfte lebende Vogel der Welt. Wanderalbatrosse leben und br\u00fcten auf den s\u00fcdantarktischen Inseln. Zu finden sind sie aber meistens in luftigen H\u00f6hen, wie ihr Name bereits verr\u00e4t. Sie landen nur zum Fressen und Br\u00fcten.<\/p>\n\n<p><strong>#6 Das Tier mit der gr\u00f6\u00dften Population<\/strong><\/p>\n\n<p>Krill ist \u2013 wahrscheinlich \u2013 das am h\u00e4ufigsten vorkommende Tier auf unserem Planeten. Forscher sch\u00e4tzen, dass die gesamte Population des garnelenartigen Krebses bis zu 500 Millionen Tonnen auf die Waage bringt. Und das ist gut so: Denn das Leben in der Antarktis h\u00e4ngt von diesen ausreichend gro\u00dfen Krill-Best\u00e4nde ab.<\/p>\n\n<p>Doch die Best\u00e4nde geraten zunehmend unter Druck, dann auch die Fischereiindustrie hat es auf den Krill abgesehen. Damit gef\u00e4hrdet sie das Leben von Pinguinen, Walen und Robben.&nbsp;<\/p>\n\n<h3 class=\"wp-block-heading\"><mark style=\"background-color:rgba(0, 0, 0, 0)\" class=\"has-inline-color has-green-500-color\">M\u00f6chten Sie etwas tun, um diese faszinierenden Arten zu sch\u00fctzen? <\/mark><strong>Hier entlang!<\/strong><\/h3>\n\t\t\t<section\n\t\t\tclass=\"boxout post-823 \"\n\t\t\t\n\t\t>\n\t\t\t<a\n\t\t\t\tdata-ga-category=\"Take Action Boxout\"\n\t\t\t\tdata-ga-action=\"Image\"\n\t\t\t\tdata-ga-label=\"n\/a\"\n\t\t\t\tclass=\"cover-card-overlay\"\n\t\t\t\thref=\"https:\/\/www.greenpeace.org\/luxembourg\/de\/handeln\/schuetzen-sie-die-ozeane\/\" \n\t\t\t><\/a>\n\t\t\t\t\t\t\t<img\n\t\t\t\t\t\tsrc=\"https:\/\/www.greenpeace.org\/static\/planet4-luxembourg-stateless\/2019\/05\/4214824b-gp03jy3_medium_res-1024x658.jpg\"\n\t\t\t\t\t\tsrcset=\"https:\/\/www.greenpeace.org\/static\/planet4-luxembourg-stateless\/2019\/05\/4214824b-gp03jy3_medium_res-300x193.jpg 300w, https:\/\/www.greenpeace.org\/static\/planet4-luxembourg-stateless\/2019\/05\/4214824b-gp03jy3_medium_res-768x493.jpg 768w, https:\/\/www.greenpeace.org\/static\/planet4-luxembourg-stateless\/2019\/05\/4214824b-gp03jy3_medium_res-1024x658.jpg 1024w, https:\/\/www.greenpeace.org\/static\/planet4-luxembourg-stateless\/2019\/05\/4214824b-gp03jy3_medium_res-510x328.jpg 510w, https:\/\/www.greenpeace.org\/static\/planet4-luxembourg-stateless\/2019\/05\/4214824b-gp03jy3_medium_res.jpg 1200w\"\n\t\t\t\t\t\tsizes=\"(min-width: 1000px) 358px, (min-width: 780px) 313px, 88px\"\n\t\t\t\t\t\talt=\"\" title=\"\"\n\t\t\t\t\/>\n            \t\t\t<div class=\"boxout-content\">\n\t\t\t\t\t\t\t\t\t<a\n\t\t\t\t\t\tclass=\"boxout-heading medium\"\n\t\t\t\t\t\tdata-ga-category=\"Take Action Boxout\"\n\t\t\t\t\t\tdata-ga-action=\"Title\"\n\t\t\t\t\t\tdata-ga-label=\"n\/a\"\n\t\t\t\t\t\thref=\"https:\/\/www.greenpeace.org\/luxembourg\/de\/handeln\/schuetzen-sie-die-ozeane\/\"\n\t\t\t\t\t\t\n\t\t\t\t\t>\n\t\t\t\t\t\tSch\u00fctzen Sie die Ozeane\n\t\t\t\t\t<\/a>\n\t\t\t\t\t\t\t\t\t\t\t\t\t<p class=\"boxout-excerpt\">Fordern Sie die Einrichtung von Meeresschutzgebieten, um die Arten dieses wertvollen \u00d6kosystems zu sch\u00fctzen!<\/p>\n\t\t\t\t                                    <a\n                        class=\"btn btn-primary\"\n                        data-ga-category=\"Take Action Boxout\"\n                        data-ga-action=\"Call to Action\"\n                        data-ga-label=\"n\/a\"\n                        href=\"https:\/\/www.greenpeace.org\/luxembourg\/de\/handeln\/schuetzen-sie-die-ozeane\/\"\n                        \n                    >\n                        Machen Sie mit!\n                    <\/a>\n                \t\t\t<\/div>\n\t\t\t\t\t<\/section>\n\t","protected":false},"excerpt":{"rendered":"<p>In der Antarktis herrschen extreme Bedingungen. Um sich an diese anzupassen, haben ihre Bewohner teils herausragende F\u00e4higkeiten und Eigenschaften entwickelt. Einige von ihnen halten damit Weltrekorde.<\/p>\n","protected":false},"author":20,"featured_media":1840,"comment_status":"closed","ping_status":"closed","sticky":false,"template":"","format":"standard","meta":{"ep_exclude_from_search":false,"p4_og_title":"","p4_og_description":"","p4_og_image":"","p4_og_image_id":"","p4_seo_canonical_url":"","p4_campaign_name":"not set","p4_local_project":"not set","p4_basket_name":"not set","p4_department":"","footnotes":""},"categories":[24],"tags":[66],"p4-page-type":[68],"class_list":["post-1839","post","type-post","status-publish","format-standard","has-post-thumbnail","hentry","category-greenpeace","tag-biodiversitaet","p4-page-type-aktualitaet"],"yoast_head":"<!-- This site is optimized with the Yoast SEO Premium plugin v23.9 (Yoast SEO v23.9) - https:\/\/yoast.com\/wordpress\/plugins\/seo\/ -->\n<title>Diese sechs Tiere halten Weltrekorde - Greenpeace Luxembourg<\/title>\n<meta name=\"robots\" content=\"index, follow, max-snippet:-1, max-image-preview:large, max-video-preview:-1\" \/>\n<link rel=\"canonical\" href=\"https:\/\/www.greenpeace.org\/luxembourg\/de\/aktualitaet\/1839\/diese-sechs-tiere-halten-weltrekorde\/\" \/>\n<meta property=\"og:locale\" content=\"de_DE\" \/>\n<meta property=\"og:type\" content=\"article\" \/>\n<meta property=\"og:title\" content=\"Diese sechs Tiere halten Weltrekorde\" \/>\n<meta property=\"og:description\" content=\"In der Antarktis herrschen extreme Bedingungen. Um sich an diese anzupassen, haben ihre Bewohner teils herausragende F\u00e4higkeiten und Eigenschaften entwickelt. Einige von ihnen halten damit Weltrekorde.\" \/>\n<meta property=\"og:url\" content=\"https:\/\/www.greenpeace.org\/luxembourg\/de\/aktualitaet\/1839\/diese-sechs-tiere-halten-weltrekorde\/\" \/>\n<meta property=\"og:site_name\" content=\"Greenpeace Luxembourg\" \/>\n<meta property=\"article:publisher\" content=\"https:\/\/www.facebook.com\/greenpeaceluxembourg\" \/>\n<meta property=\"article:published_time\" content=\"2018-05-25T00:00:00+00:00\" \/>\n<meta property=\"article:modified_time\" content=\"2022-05-23T18:33:29+00:00\" \/>\n<meta property=\"og:image\" content=\"https:\/\/www.greenpeace.org\/static\/planet4-luxembourg-stateless\/2018\/10\/a1c83852-a1c83852-gp09zn_web_size.jpg\" \/>\n\t<meta property=\"og:image:width\" content=\"800\" \/>\n\t<meta property=\"og:image:height\" content=\"523\" \/>\n\t<meta property=\"og:image:type\" content=\"image\/jpeg\" \/>\n<meta name=\"author\" content=\"Greenpeace Luxembourg\" \/>\n<meta name=\"twitter:card\" content=\"summary_large_image\" \/>\n<meta name=\"twitter:label1\" content=\"Written by\" \/>\n\t<meta name=\"twitter:data1\" content=\"Greenpeace Luxembourg\" \/>\n\t<meta name=\"twitter:label2\" content=\"Est. reading time\" \/>\n\t<meta name=\"twitter:data2\" content=\"2 minutes\" \/>\n<script type=\"application\/ld+json\" class=\"yoast-schema-graph\">{\"@context\":\"https:\/\/schema.org\",\"@graph\":[{\"@type\":\"Article\",\"@id\":\"https:\/\/www.greenpeace.org\/luxembourg\/de\/aktualitaet\/1839\/diese-sechs-tiere-halten-weltrekorde\/#article\",\"isPartOf\":{\"@id\":\"https:\/\/www.greenpeace.org\/luxembourg\/de\/aktualitaet\/1839\/diese-sechs-tiere-halten-weltrekorde\/\"},\"author\":{\"name\":\"Greenpeace Luxembourg\",\"@id\":\"https:\/\/www.greenpeace.org\/luxembourg\/fr\/#\/schema\/person\/12b34015aca6e55fec2e511d2f19102d\"},\"headline\":\"Diese sechs Tiere halten Weltrekorde\",\"datePublished\":\"2018-05-25T00:00:00+00:00\",\"dateModified\":\"2022-05-23T18:33:29+00:00\",\"mainEntityOfPage\":{\"@id\":\"https:\/\/www.greenpeace.org\/luxembourg\/de\/aktualitaet\/1839\/diese-sechs-tiere-halten-weltrekorde\/\"},\"wordCount\":416,\"publisher\":{\"@id\":\"https:\/\/www.greenpeace.org\/luxembourg\/fr\/#organization\"},\"image\":{\"@id\":\"https:\/\/www.greenpeace.org\/luxembourg\/de\/aktualitaet\/1839\/diese-sechs-tiere-halten-weltrekorde\/#primaryimage\"},\"thumbnailUrl\":\"https:\/\/www.greenpeace.org\/static\/planet4-luxembourg-stateless\/2018\/10\/a1c83852-a1c83852-gp09zn_web_size.jpg\",\"keywords\":[\"Biodiversit\u00e4t\"],\"articleSection\":[\"Greenpeace\"],\"inLanguage\":\"de-LU\"},{\"@type\":\"WebPage\",\"@id\":\"https:\/\/www.greenpeace.org\/luxembourg\/de\/aktualitaet\/1839\/diese-sechs-tiere-halten-weltrekorde\/\",\"url\":\"https:\/\/www.greenpeace.org\/luxembourg\/de\/aktualitaet\/1839\/diese-sechs-tiere-halten-weltrekorde\/\",\"name\":\"Diese sechs Tiere halten Weltrekorde - Greenpeace Luxembourg\",\"isPartOf\":{\"@id\":\"https:\/\/www.greenpeace.org\/luxembourg\/fr\/#website\"},\"primaryImageOfPage\":{\"@id\":\"https:\/\/www.greenpeace.org\/luxembourg\/de\/aktualitaet\/1839\/diese-sechs-tiere-halten-weltrekorde\/#primaryimage\"},\"image\":{\"@id\":\"https:\/\/www.greenpeace.org\/luxembourg\/de\/aktualitaet\/1839\/diese-sechs-tiere-halten-weltrekorde\/#primaryimage\"},\"thumbnailUrl\":\"https:\/\/www.greenpeace.org\/static\/planet4-luxembourg-stateless\/2018\/10\/a1c83852-a1c83852-gp09zn_web_size.jpg\",\"datePublished\":\"2018-05-25T00:00:00+00:00\",\"dateModified\":\"2022-05-23T18:33:29+00:00\",\"breadcrumb\":{\"@id\":\"https:\/\/www.greenpeace.org\/luxembourg\/de\/aktualitaet\/1839\/diese-sechs-tiere-halten-weltrekorde\/#breadcrumb\"},\"inLanguage\":\"de-LU\",\"potentialAction\":[{\"@type\":\"ReadAction\",\"target\":[\"https:\/\/www.greenpeace.org\/luxembourg\/de\/aktualitaet\/1839\/diese-sechs-tiere-halten-weltrekorde\/\"]}]},{\"@type\":\"ImageObject\",\"inLanguage\":\"de-LU\",\"@id\":\"https:\/\/www.greenpeace.org\/luxembourg\/de\/aktualitaet\/1839\/diese-sechs-tiere-halten-weltrekorde\/#primaryimage\",\"url\":\"https:\/\/www.greenpeace.org\/static\/planet4-luxembourg-stateless\/2018\/10\/a1c83852-a1c83852-gp09zn_web_size.jpg\",\"contentUrl\":\"https:\/\/www.greenpeace.org\/static\/planet4-luxembourg-stateless\/2018\/10\/a1c83852-a1c83852-gp09zn_web_size.jpg\",\"width\":800,\"height\":523},{\"@type\":\"BreadcrumbList\",\"@id\":\"https:\/\/www.greenpeace.org\/luxembourg\/de\/aktualitaet\/1839\/diese-sechs-tiere-halten-weltrekorde\/#breadcrumb\",\"itemListElement\":[{\"@type\":\"ListItem\",\"position\":1,\"name\":\"Home\",\"item\":\"http:\/\/www.greenpeace.org\/luxembourg\/fr\/\"},{\"@type\":\"ListItem\",\"position\":2,\"name\":\"Diese sechs Tiere halten Weltrekorde\"}]},{\"@type\":\"WebSite\",\"@id\":\"https:\/\/www.greenpeace.org\/luxembourg\/fr\/#website\",\"url\":\"https:\/\/www.greenpeace.org\/luxembourg\/fr\/\",\"name\":\"Greenpeace Luxembourg\",\"description\":\"Greenpeace existiert, weil unsere Erde eine Stimme braucht. Sie ben\u00f6tigt L\u00f6sungen. Ver\u00e4nderungen. Aktionen.\",\"publisher\":{\"@id\":\"https:\/\/www.greenpeace.org\/luxembourg\/fr\/#organization\"},\"potentialAction\":[{\"@type\":\"SearchAction\",\"target\":{\"@type\":\"EntryPoint\",\"urlTemplate\":\"https:\/\/www.greenpeace.org\/luxembourg\/fr\/?s={search_term_string}\"},\"query-input\":{\"@type\":\"PropertyValueSpecification\",\"valueRequired\":true,\"valueName\":\"search_term_string\"}}],\"inLanguage\":\"de-LU\"},{\"@type\":\"Organization\",\"@id\":\"https:\/\/www.greenpeace.org\/luxembourg\/fr\/#organization\",\"name\":\"Greenpeace Luxembourg\",\"url\":\"https:\/\/www.greenpeace.org\/luxembourg\/fr\/\",\"logo\":{\"@type\":\"ImageObject\",\"inLanguage\":\"de-LU\",\"@id\":\"https:\/\/www.greenpeace.org\/luxembourg\/fr\/#\/schema\/logo\/image\/\",\"url\":\"https:\/\/www.greenpeace.org\/static\/planet4-luxembourg-stateless\/2026\/03\/3e367f94-greenpeace_logo_green_rgb.png\",\"contentUrl\":\"https:\/\/www.greenpeace.org\/static\/planet4-luxembourg-stateless\/2026\/03\/3e367f94-greenpeace_logo_green_rgb.png\",\"width\":1080,\"height\":175,\"caption\":\"Greenpeace Luxembourg\"},\"image\":{\"@id\":\"https:\/\/www.greenpeace.org\/luxembourg\/fr\/#\/schema\/logo\/image\/\"},\"sameAs\":[\"https:\/\/www.facebook.com\/greenpeaceluxembourg\",\"https:\/\/www.instagram.com\/greenpeacelux\/\",\"https:\/\/www.linkedin.com\/company\/greenpeace-luxembourg\/\",\"https:\/\/www.threads.com\/@greenpeacelux\",\"https:\/\/bsky.app\/profile\/greenpeacelux.bsky.social\",\"https:\/\/www.youtube.com\/@GreenpeaceLux\",\"https:\/\/www.tiktok.com\/@greenpeace_lux\"]},{\"@type\":\"Person\",\"@id\":\"https:\/\/www.greenpeace.org\/luxembourg\/fr\/#\/schema\/person\/12b34015aca6e55fec2e511d2f19102d\",\"name\":\"Greenpeace Luxembourg\",\"url\":\"https:\/\/www.greenpeace.org\/luxembourg\/de\/author\/gp_luxembourg\/\"}]}<\/script>\n<!-- \/ Yoast SEO Premium plugin. -->","yoast_head_json":{"title":"Diese sechs Tiere halten Weltrekorde - Greenpeace Luxembourg","robots":{"index":"index","follow":"follow","max-snippet":"max-snippet:-1","max-image-preview":"max-image-preview:large","max-video-preview":"max-video-preview:-1"},"canonical":"https:\/\/www.greenpeace.org\/luxembourg\/de\/aktualitaet\/1839\/diese-sechs-tiere-halten-weltrekorde\/","og_locale":"de_DE","og_type":"article","og_title":"Diese sechs Tiere halten Weltrekorde","og_description":"In der Antarktis herrschen extreme Bedingungen. Um sich an diese anzupassen, haben ihre Bewohner teils herausragende F\u00e4higkeiten und Eigenschaften entwickelt. Einige von ihnen halten damit Weltrekorde.","og_url":"https:\/\/www.greenpeace.org\/luxembourg\/de\/aktualitaet\/1839\/diese-sechs-tiere-halten-weltrekorde\/","og_site_name":"Greenpeace Luxembourg","article_publisher":"https:\/\/www.facebook.com\/greenpeaceluxembourg","article_published_time":"2018-05-25T00:00:00+00:00","article_modified_time":"2022-05-23T18:33:29+00:00","og_image":[{"width":800,"height":523,"url":"https:\/\/www.greenpeace.org\/static\/planet4-luxembourg-stateless\/2018\/10\/a1c83852-a1c83852-gp09zn_web_size.jpg","type":"image\/jpeg"}],"author":"Greenpeace Luxembourg","twitter_card":"summary_large_image","twitter_misc":{"Written by":"Greenpeace Luxembourg","Est. reading time":"2 minutes"},"schema":{"@context":"https:\/\/schema.org","@graph":[{"@type":"Article","@id":"https:\/\/www.greenpeace.org\/luxembourg\/de\/aktualitaet\/1839\/diese-sechs-tiere-halten-weltrekorde\/#article","isPartOf":{"@id":"https:\/\/www.greenpeace.org\/luxembourg\/de\/aktualitaet\/1839\/diese-sechs-tiere-halten-weltrekorde\/"},"author":{"name":"Greenpeace Luxembourg","@id":"https:\/\/www.greenpeace.org\/luxembourg\/fr\/#\/schema\/person\/12b34015aca6e55fec2e511d2f19102d"},"headline":"Diese sechs Tiere halten Weltrekorde","datePublished":"2018-05-25T00:00:00+00:00","dateModified":"2022-05-23T18:33:29+00:00","mainEntityOfPage":{"@id":"https:\/\/www.greenpeace.org\/luxembourg\/de\/aktualitaet\/1839\/diese-sechs-tiere-halten-weltrekorde\/"},"wordCount":416,"publisher":{"@id":"https:\/\/www.greenpeace.org\/luxembourg\/fr\/#organization"},"image":{"@id":"https:\/\/www.greenpeace.org\/luxembourg\/de\/aktualitaet\/1839\/diese-sechs-tiere-halten-weltrekorde\/#primaryimage"},"thumbnailUrl":"https:\/\/www.greenpeace.org\/static\/planet4-luxembourg-stateless\/2018\/10\/a1c83852-a1c83852-gp09zn_web_size.jpg","keywords":["Biodiversit\u00e4t"],"articleSection":["Greenpeace"],"inLanguage":"de-LU"},{"@type":"WebPage","@id":"https:\/\/www.greenpeace.org\/luxembourg\/de\/aktualitaet\/1839\/diese-sechs-tiere-halten-weltrekorde\/","url":"https:\/\/www.greenpeace.org\/luxembourg\/de\/aktualitaet\/1839\/diese-sechs-tiere-halten-weltrekorde\/","name":"Diese sechs Tiere halten Weltrekorde - Greenpeace Luxembourg","isPartOf":{"@id":"https:\/\/www.greenpeace.org\/luxembourg\/fr\/#website"},"primaryImageOfPage":{"@id":"https:\/\/www.greenpeace.org\/luxembourg\/de\/aktualitaet\/1839\/diese-sechs-tiere-halten-weltrekorde\/#primaryimage"},"image":{"@id":"https:\/\/www.greenpeace.org\/luxembourg\/de\/aktualitaet\/1839\/diese-sechs-tiere-halten-weltrekorde\/#primaryimage"},"thumbnailUrl":"https:\/\/www.greenpeace.org\/static\/planet4-luxembourg-stateless\/2018\/10\/a1c83852-a1c83852-gp09zn_web_size.jpg","datePublished":"2018-05-25T00:00:00+00:00","dateModified":"2022-05-23T18:33:29+00:00","breadcrumb":{"@id":"https:\/\/www.greenpeace.org\/luxembourg\/de\/aktualitaet\/1839\/diese-sechs-tiere-halten-weltrekorde\/#breadcrumb"},"inLanguage":"de-LU","potentialAction":[{"@type":"ReadAction","target":["https:\/\/www.greenpeace.org\/luxembourg\/de\/aktualitaet\/1839\/diese-sechs-tiere-halten-weltrekorde\/"]}]},{"@type":"ImageObject","inLanguage":"de-LU","@id":"https:\/\/www.greenpeace.org\/luxembourg\/de\/aktualitaet\/1839\/diese-sechs-tiere-halten-weltrekorde\/#primaryimage","url":"https:\/\/www.greenpeace.org\/static\/planet4-luxembourg-stateless\/2018\/10\/a1c83852-a1c83852-gp09zn_web_size.jpg","contentUrl":"https:\/\/www.greenpeace.org\/static\/planet4-luxembourg-stateless\/2018\/10\/a1c83852-a1c83852-gp09zn_web_size.jpg","width":800,"height":523},{"@type":"BreadcrumbList","@id":"https:\/\/www.greenpeace.org\/luxembourg\/de\/aktualitaet\/1839\/diese-sechs-tiere-halten-weltrekorde\/#breadcrumb","itemListElement":[{"@type":"ListItem","position":1,"name":"Home","item":"http:\/\/www.greenpeace.org\/luxembourg\/fr\/"},{"@type":"ListItem","position":2,"name":"Diese sechs Tiere halten Weltrekorde"}]},{"@type":"WebSite","@id":"https:\/\/www.greenpeace.org\/luxembourg\/fr\/#website","url":"https:\/\/www.greenpeace.org\/luxembourg\/fr\/","name":"Greenpeace Luxembourg","description":"Greenpeace existiert, weil unsere Erde eine Stimme braucht. Sie ben\u00f6tigt L\u00f6sungen. Ver\u00e4nderungen. Aktionen.","publisher":{"@id":"https:\/\/www.greenpeace.org\/luxembourg\/fr\/#organization"},"potentialAction":[{"@type":"SearchAction","target":{"@type":"EntryPoint","urlTemplate":"https:\/\/www.greenpeace.org\/luxembourg\/fr\/?s={search_term_string}"},"query-input":{"@type":"PropertyValueSpecification","valueRequired":true,"valueName":"search_term_string"}}],"inLanguage":"de-LU"},{"@type":"Organization","@id":"https:\/\/www.greenpeace.org\/luxembourg\/fr\/#organization","name":"Greenpeace Luxembourg","url":"https:\/\/www.greenpeace.org\/luxembourg\/fr\/","logo":{"@type":"ImageObject","inLanguage":"de-LU","@id":"https:\/\/www.greenpeace.org\/luxembourg\/fr\/#\/schema\/logo\/image\/","url":"https:\/\/www.greenpeace.org\/static\/planet4-luxembourg-stateless\/2026\/03\/3e367f94-greenpeace_logo_green_rgb.png","contentUrl":"https:\/\/www.greenpeace.org\/static\/planet4-luxembourg-stateless\/2026\/03\/3e367f94-greenpeace_logo_green_rgb.png","width":1080,"height":175,"caption":"Greenpeace Luxembourg"},"image":{"@id":"https:\/\/www.greenpeace.org\/luxembourg\/fr\/#\/schema\/logo\/image\/"},"sameAs":["https:\/\/www.facebook.com\/greenpeaceluxembourg","https:\/\/www.instagram.com\/greenpeacelux\/","https:\/\/www.linkedin.com\/company\/greenpeace-luxembourg\/","https:\/\/www.threads.com\/@greenpeacelux","https:\/\/bsky.app\/profile\/greenpeacelux.bsky.social","https:\/\/www.youtube.com\/@GreenpeaceLux","https:\/\/www.tiktok.com\/@greenpeace_lux"]},{"@type":"Person","@id":"https:\/\/www.greenpeace.org\/luxembourg\/fr\/#\/schema\/person\/12b34015aca6e55fec2e511d2f19102d","name":"Greenpeace Luxembourg","url":"https:\/\/www.greenpeace.org\/luxembourg\/de\/author\/gp_luxembourg\/"}]}},"_links":{"self":[{"href":"https:\/\/www.greenpeace.org\/luxembourg\/de\/wp-json\/wp\/v2\/posts\/1839","targetHints":{"allow":["GET"]}}],"collection":[{"href":"https:\/\/www.greenpeace.org\/luxembourg\/de\/wp-json\/wp\/v2\/posts"}],"about":[{"href":"https:\/\/www.greenpeace.org\/luxembourg\/de\/wp-json\/wp\/v2\/types\/post"}],"author":[{"embeddable":true,"href":"https:\/\/www.greenpeace.org\/luxembourg\/de\/wp-json\/wp\/v2\/users\/20"}],"replies":[{"embeddable":true,"href":"https:\/\/www.greenpeace.org\/luxembourg\/de\/wp-json\/wp\/v2\/comments?post=1839"}],"version-history":[{"count":8,"href":"https:\/\/www.greenpeace.org\/luxembourg\/de\/wp-json\/wp\/v2\/posts\/1839\/revisions"}],"predecessor-version":[{"id":14347,"href":"https:\/\/www.greenpeace.org\/luxembourg\/de\/wp-json\/wp\/v2\/posts\/1839\/revisions\/14347"}],"wp:featuredmedia":[{"embeddable":true,"href":"https:\/\/www.greenpeace.org\/luxembourg\/de\/wp-json\/wp\/v2\/media\/1840"}],"wp:attachment":[{"href":"https:\/\/www.greenpeace.org\/luxembourg\/de\/wp-json\/wp\/v2\/media?parent=1839"}],"wp:term":[{"taxonomy":"category","embeddable":true,"href":"https:\/\/www.greenpeace.org\/luxembourg\/de\/wp-json\/wp\/v2\/categories?post=1839"},{"taxonomy":"post_tag","embeddable":true,"href":"https:\/\/www.greenpeace.org\/luxembourg\/de\/wp-json\/wp\/v2\/tags?post=1839"},{"taxonomy":"p4-page-type","embeddable":true,"href":"https:\/\/www.greenpeace.org\/luxembourg\/de\/wp-json\/wp\/v2\/p4-page-type?post=1839"}],"curies":[{"name":"wp","href":"https:\/\/api.w.org\/{rel}","templated":true}]}}