{"id":18592,"date":"2023-06-01T11:42:47","date_gmt":"2023-06-01T09:42:47","guid":{"rendered":"https:\/\/www.greenpeace.org\/luxembourg\/?p=18592"},"modified":"2023-06-01T11:42:50","modified_gmt":"2023-06-01T09:42:50","slug":"10-unglaubliche-fakten-ueber-kraken","status":"publish","type":"post","link":"https:\/\/www.greenpeace.org\/luxembourg\/de\/aktualitaet\/18592\/10-unglaubliche-fakten-ueber-kraken\/","title":{"rendered":"10 unglaubliche Fakten \u00fcber Kraken"},"content":{"rendered":"\n<p><strong>Kraken bev\u00f6lkern die Erde seit Jahrmillionen und geh\u00f6ren zweifellos zu den faszinierendsten uns bekannten Lebewesen. Je mehr wir \u00fcber sie erfahren, desto mehr geraten wir ins Staunen. Blaues Blut, drei Herzen, Gehirn in den Armen \u2013 tauche ab in die Welt der Kraken und erfahre, welche 10 Dinge du \u00fcber sie wissen musst.<\/strong><\/p>\n\n<figure class=\"wp-block-image size-full\"><img loading=\"lazy\" decoding=\"async\" width=\"1024\" height=\"697\" src=\"https:\/\/www.greenpeace.org\/static\/planet4-luxembourg-stateless\/2023\/06\/90337a38-gp0qvi_medium_res-1024x697-1.jpeg\" alt=\"\" class=\"wp-image-18589\" srcset=\"https:\/\/www.greenpeace.org\/static\/planet4-luxembourg-stateless\/2023\/06\/90337a38-gp0qvi_medium_res-1024x697-1.jpeg 1024w, https:\/\/www.greenpeace.org\/static\/planet4-luxembourg-stateless\/2023\/06\/90337a38-gp0qvi_medium_res-1024x697-1-300x204.jpeg 300w, https:\/\/www.greenpeace.org\/static\/planet4-luxembourg-stateless\/2023\/06\/90337a38-gp0qvi_medium_res-1024x697-1-768x523.jpeg 768w, https:\/\/www.greenpeace.org\/static\/planet4-luxembourg-stateless\/2023\/06\/90337a38-gp0qvi_medium_res-1024x697-1-500x340.jpeg 500w\" sizes=\"auto, (max-width: 1024px) 100vw, 1024px\" \/><\/figure>\n\n<p class=\"has-grey-100-color has-green-800-background-color has-text-color has-background\">Kalmar, Tintenfisch und Oktopus \u2013 wo ist da der Unterschied? \u201eTintenfisch\u201c heissen sie alle, aber nur der Oktopus hat acht Arme. Krake ist dabei ein Synonym f\u00fcr Oktopus. Kalmare hingegen haben zehn Arme und zwei davon sind auff\u00e4llig lang.&nbsp;Eigentlich ganz einfach, oder?<\/p>\n\n<h3 class=\"wp-block-heading\">1.&nbsp;<strong>Sie benutzen Werkzeuge<\/strong><\/h3>\n\n<p>Wie Schimpansen, Delfine und Kr\u00e4hen geh\u00f6ren Kraken zu den besonders intelligenten Tieren, die beim Gebrauch von Werkzeugen beobachtet wurden. Im Jahr 2009 berichteten Wissenschaftler:innen, dass sie beobachtet haben, wie Kraken weggeworfene Kokosnussschalen aufheben und diese als mobile Behausung benutzen.<\/p>\n\n<h3 class=\"wp-block-heading\">2.&nbsp;<strong>Sie sind klug<\/strong><\/h3>\n\n<p>Biolog:innen des Aquariums von Seattle haben die Kraft und die Intelligenz eines Tintenfisches namens Billye mit einer Herausforderung zum \u00d6ffnen von Flaschen auf die Probe gestellt. Der schlaue Kopff\u00fcsser konnte den Deckel in f\u00fcnf Minuten \u00f6ffnen und sich seinen Snack holen. Vielleicht ist das nicht \u00fcberraschend f\u00fcr ein Wesen, das daf\u00fcr bekannt ist, Muschelschalen und andere hartn\u00e4ckige Weichtiere ohne ein Messer zu \u00f6ffnen.<\/p>\n\n<h3 class=\"wp-block-heading\">3.&nbsp;<strong>Sie haben die gr\u00f6ssten Augen im Tierreich<\/strong><\/h3>\n\n<p>Wir machen ja oft Menschen Komplimente, die grosse Augen haben, stimmt\u2019s? Aber stell dir mal vor, du h\u00e4ttest Augen von der Gr\u00f6sse einer Wassermelone! Die Augen des Koloss-Kalmars sind ungef\u00e4hr so gross wie ein Basketball. Sie haben einen Durchmesser von bis zu 27 Zentimeter und sind die gr\u00f6ssten im Tierreich bekannten Augen. Damit k\u00f6nnen Koloss-Kalmare auch noch in Meerestiefen von \u00fcber 1\u2019000 Metern auf Beutejagd gehen.<\/p>\n\n<h3 class=\"wp-block-heading\">4.&nbsp;<strong>Sie sind Meister der Tarnung<\/strong><\/h3>\n\n<p>Kraken haben im Laufe von Millionen von Jahren eine Reihe von Tricks entwickelt, um Angreifern auszuweichen oder sie abzuwehren. Sie passen sich den Farben und sogar der Struktur ihrer Umgebung an, sodass sie sich im Verborgenen halten k\u00f6nnen. Wenn ein Raubtier ihnen zu nahe kommt, k\u00f6nnen Kraken schnell entkommen, indem sie Wasser aus einem muskul\u00f6sen Schlauch, dem Siphon, ausstossen. Kraken k\u00f6nnen auch eine Wolke aus schwarzer Tinte abgeben, die sie unsichtbar macht und den Geruchssinn eines Angreifers irritiert.<\/p>\n\n<h3 class=\"wp-block-heading\">5.&nbsp;<strong>Sie sind neugierig<\/strong><\/h3>\n\n<p>Anekdoten aus Aquarien und Biologielabors legen nahe, dass Kraken sehr neugierig sind und Stimulation brauchen. Sie k\u00f6nnen sogar etwas tun, was Menschen als \u00abSpiel\u00bb bezeichnen w\u00fcrden. Ein Wissenschaftler, der in \u00abOctopus!\u00bb zitiert wird, erz\u00e4hlt von einem Exemplar, das eine Plastikflasche immer und immer wieder gegen einen Wasserstrahl stiess, der in sein Becken floss \u2013 fast so, als w\u00fcrde es einen Ball unter Wasser prellen.<\/p>\n\n<h3 class=\"wp-block-heading\">6.&nbsp;<strong>Sie leben seit Millionen von Jahren auf der Erde<\/strong><\/h3>\n\n<p>Das \u00e4lteste bekannte Krakenfossil geh\u00f6rt zu einem Tier, das vor etwa 296 Millionen Jahren im Karbon lebte. Dieses Exemplar einer Art namens Pohlsepia ist im Field Museum in Chicago ausgestellt. Es wird als \u00ababgeflachten Kuhfladen\u00bb oder \u00abkugelf\u00f6rmigen Klumpen\u00bb beschrieben, aber bei n\u00e4herer Betrachtung erkennt man die verr\u00e4terischen acht Arme und zwei Augen. Die Forscher:innen sind sich nicht sicher, aber m\u00f6glicherweise befindet sich dort auch ein Tintensack. Mit anderen Worten: Lange bevor das Leben an Land \u00fcber mickrige Reptilien aus der Zeit vor den Dinosauriern hinausging, hatten Kraken bereits ihre Form f\u00fcr die kommenden Millionen von Jahren festgelegt.<\/p>\n\n<h3 class=\"wp-block-heading\">7.&nbsp;<strong>Sie haben drei Herzen<\/strong><\/h3>\n\n<p>Zwei der Herzen arbeiten ausschliesslich, um das Blut \u00fcber die Kiemen des Tieres zu bef\u00f6rdern, w\u00e4hrend das dritte den Kreislauf f\u00fcr die Organe aufrechterh\u00e4lt. Das Organherz h\u00f6rt auf zu schlagen, wenn der Krake schwimmt, was erkl\u00e4rt, warum die Tiere lieber kriechen als schwimmen, was sie ersch\u00f6pft.<\/p>\n\n<h3 class=\"wp-block-heading\">8.&nbsp;<strong>Sie tragen ihr Gehirn in den Armen<\/strong><\/h3>\n\n<p>Die<strong>&nbsp;<\/strong>Arme des Kraken sind mit Hunderten von Saugn\u00e4pfen versehen, von denen jeder einzelne dank eines komplexen B\u00fcndels von Neuronen, das als Gehirn fungiert, unabh\u00e4ngig bewegt werden kann, sodass das Tier Objekte ber\u00fchren, riechen und manipulieren kann. Kraken k\u00f6nnen Muschelschalen \u00f6ffnen, mit Steinen hantieren und sogar die Filtersysteme eines Aquariums demontieren. Sie k\u00f6nnen auch eine Meinung \u00fcber Menschen entwickeln; ein Exemplar spritzte routinem\u00e4ssig Wasser auf den R\u00fccken eines Pflegers, den es nicht zu m\u00f6gen schien. Ein anderes schoss einen Wasserstrahl auf eine Lampe, um einen Aufruhr zu verursachen.<\/p>\n\n<h3 class=\"wp-block-heading\">9.&nbsp;<strong>Sie verteidigen sich mit Tinte<\/strong><\/h3>\n\n<p>Tintenfischtinte versteckt das Tier nicht nur. Die Tinte schadet den Feinden auch physisch. Sie enth\u00e4lt eine Verbindung namens Tyrosinase, die beim Menschen hilft, die Produktion des nat\u00fcrlichen Pigments Melanin zu kontrollieren. Wenn sie jedoch in die Augen eines Raubtiers gespr\u00fcht wird, kann Tyrosinase eine starke Reizung verursachen und den Geruchs- und Geschmackssinn verst\u00fcmmeln. Das Abwehrmittel ist sogar so stark, dass Tintenfische, die ihrer eigenen Tintenwolke nicht entkommen, sterben k\u00f6nnen.<\/p>\n\n<h3 class=\"wp-block-heading\">10.<strong>&nbsp;Sie haben blaues Blut<\/strong><\/h3>\n\n<p>Um in der Tiefsee zu \u00fcberleben, haben Kraken&nbsp; Blut auf Kupfer- statt auf Eisenbasis entwickelt. Das H\u00e4mocyanin ist daf\u00fcr verantwortlich, dass das Blut blau gef\u00e4rbt ist. Diese Kupferbasis ist effizienter beim Sauerstofftransport als H\u00e4moglobin, wenn die Wassertemperatur sehr niedrig ist und nicht viel Sauerstoff vorhanden ist. Dieses System f\u00fchrt aber auch dazu, dass sie extrem empfindlich auf Ver\u00e4nderungen des S\u00e4uregehalts reagieren. Sinkt der pH-Wert des umgebenden Wassers zu stark ab, k\u00f6nnen Kraken nicht mehr gen\u00fcgend Sauerstoff transportieren. Daher machen sich die Forscher Sorgen dar\u00fcber, was mit den Tieren infolge der durch den Klimawandel verursachten Versauerung der Ozeane geschehen wird.<\/p>\n\n<hr class=\"wp-block-separator has-alpha-channel-opacity is-style-wide\"\/>\n\n<p class=\"has-small-font-size\"><a href=\"https:\/\/www.greenpeace.ch\/de\/story\/90808\/10-dinge-die-du-ueber-kraken-wissen-musst\/\">Quelle Artikel<\/a>: Greenpeace Schweiz<\/p>\n","protected":false},"excerpt":{"rendered":"<p>Kraken bev\u00f6lkern die Erde seit Jahrmillionen und geh\u00f6ren zweifellos zu den faszinierendsten uns bekannten Lebewesen. Je mehr wir \u00fcber sie erfahren, desto mehr geraten wir ins Staunen. Blaues Blut, drei&hellip;<\/p>\n","protected":false},"author":25,"featured_media":18589,"comment_status":"closed","ping_status":"closed","sticky":false,"template":"","format":"standard","meta":{"ep_exclude_from_search":false,"p4_og_title":"","p4_og_description":"","p4_og_image":"","p4_og_image_id":"","p4_seo_canonical_url":"","p4_campaign_name":"","p4_local_project":"","p4_basket_name":"","p4_department":"","footnotes":""},"categories":[47],"tags":[56],"p4-page-type":[68],"class_list":["post-18592","post","type-post","status-publish","format-standard","has-post-thumbnail","hentry","category-natur","tag-ozeane","p4-page-type-aktualitaet"],"yoast_head":"<!-- This site is optimized with the Yoast SEO Premium plugin v23.9 (Yoast SEO v23.9) - https:\/\/yoast.com\/wordpress\/plugins\/seo\/ -->\n<title>10 unglaubliche Fakten \u00fcber Kraken - Greenpeace Luxembourg<\/title>\n<meta name=\"robots\" content=\"index, follow, max-snippet:-1, max-image-preview:large, max-video-preview:-1\" \/>\n<link rel=\"canonical\" href=\"https:\/\/www.greenpeace.org\/luxembourg\/de\/aktualitaet\/18592\/10-unglaubliche-fakten-ueber-kraken\/\" \/>\n<meta property=\"og:locale\" content=\"de_DE\" \/>\n<meta property=\"og:type\" content=\"article\" \/>\n<meta property=\"og:title\" content=\"10 unglaubliche Fakten \u00fcber Kraken\" \/>\n<meta property=\"og:description\" content=\"Kraken bev\u00f6lkern die Erde seit Jahrmillionen und geh\u00f6ren zweifellos zu den faszinierendsten uns bekannten Lebewesen. Je mehr wir \u00fcber sie erfahren, desto mehr geraten wir ins Staunen. Blaues Blut, drei&hellip;\" \/>\n<meta property=\"og:url\" content=\"https:\/\/www.greenpeace.org\/luxembourg\/de\/aktualitaet\/18592\/10-unglaubliche-fakten-ueber-kraken\/\" \/>\n<meta property=\"og:site_name\" content=\"Greenpeace Luxembourg\" \/>\n<meta property=\"article:publisher\" content=\"https:\/\/www.facebook.com\/greenpeaceluxembourg\" \/>\n<meta property=\"article:published_time\" content=\"2023-06-01T09:42:47+00:00\" \/>\n<meta property=\"article:modified_time\" content=\"2023-06-01T09:42:50+00:00\" \/>\n<meta property=\"og:image\" content=\"https:\/\/www.greenpeace.org\/static\/planet4-luxembourg-stateless\/2023\/06\/90337a38-gp0qvi_medium_res-1024x697-1.jpeg\" \/>\n\t<meta property=\"og:image:width\" content=\"1024\" \/>\n\t<meta property=\"og:image:height\" content=\"697\" \/>\n\t<meta property=\"og:image:type\" content=\"image\/jpeg\" \/>\n<meta name=\"author\" content=\"Esther Wildanger\" \/>\n<meta name=\"twitter:card\" content=\"summary_large_image\" \/>\n<meta name=\"twitter:label1\" content=\"Written by\" \/>\n\t<meta name=\"twitter:data1\" content=\"Esther Wildanger\" \/>\n\t<meta name=\"twitter:label2\" content=\"Est. reading time\" \/>\n\t<meta name=\"twitter:data2\" content=\"5 minutes\" \/>\n<script type=\"application\/ld+json\" class=\"yoast-schema-graph\">{\"@context\":\"https:\/\/schema.org\",\"@graph\":[{\"@type\":\"Article\",\"@id\":\"https:\/\/www.greenpeace.org\/luxembourg\/de\/aktualitaet\/18592\/10-unglaubliche-fakten-ueber-kraken\/#article\",\"isPartOf\":{\"@id\":\"https:\/\/www.greenpeace.org\/luxembourg\/de\/aktualitaet\/18592\/10-unglaubliche-fakten-ueber-kraken\/\"},\"author\":{\"name\":\"Esther Wildanger\",\"@id\":\"https:\/\/www.greenpeace.org\/luxembourg\/fr\/#\/schema\/person\/3d0e81a859b59009fec36a8552ef76a7\"},\"headline\":\"10 unglaubliche Fakten \u00fcber Kraken\",\"datePublished\":\"2023-06-01T09:42:47+00:00\",\"dateModified\":\"2023-06-01T09:42:50+00:00\",\"mainEntityOfPage\":{\"@id\":\"https:\/\/www.greenpeace.org\/luxembourg\/de\/aktualitaet\/18592\/10-unglaubliche-fakten-ueber-kraken\/\"},\"wordCount\":934,\"publisher\":{\"@id\":\"https:\/\/www.greenpeace.org\/luxembourg\/fr\/#organization\"},\"image\":{\"@id\":\"https:\/\/www.greenpeace.org\/luxembourg\/de\/aktualitaet\/18592\/10-unglaubliche-fakten-ueber-kraken\/#primaryimage\"},\"thumbnailUrl\":\"https:\/\/www.greenpeace.org\/static\/planet4-luxembourg-stateless\/2023\/06\/90337a38-gp0qvi_medium_res-1024x697-1.jpeg\",\"keywords\":[\"Ozeane\"],\"articleSection\":[\"Natur\"],\"inLanguage\":\"de-LU\"},{\"@type\":\"WebPage\",\"@id\":\"https:\/\/www.greenpeace.org\/luxembourg\/de\/aktualitaet\/18592\/10-unglaubliche-fakten-ueber-kraken\/\",\"url\":\"https:\/\/www.greenpeace.org\/luxembourg\/de\/aktualitaet\/18592\/10-unglaubliche-fakten-ueber-kraken\/\",\"name\":\"10 unglaubliche Fakten \u00fcber Kraken - Greenpeace Luxembourg\",\"isPartOf\":{\"@id\":\"https:\/\/www.greenpeace.org\/luxembourg\/fr\/#website\"},\"primaryImageOfPage\":{\"@id\":\"https:\/\/www.greenpeace.org\/luxembourg\/de\/aktualitaet\/18592\/10-unglaubliche-fakten-ueber-kraken\/#primaryimage\"},\"image\":{\"@id\":\"https:\/\/www.greenpeace.org\/luxembourg\/de\/aktualitaet\/18592\/10-unglaubliche-fakten-ueber-kraken\/#primaryimage\"},\"thumbnailUrl\":\"https:\/\/www.greenpeace.org\/static\/planet4-luxembourg-stateless\/2023\/06\/90337a38-gp0qvi_medium_res-1024x697-1.jpeg\",\"datePublished\":\"2023-06-01T09:42:47+00:00\",\"dateModified\":\"2023-06-01T09:42:50+00:00\",\"breadcrumb\":{\"@id\":\"https:\/\/www.greenpeace.org\/luxembourg\/de\/aktualitaet\/18592\/10-unglaubliche-fakten-ueber-kraken\/#breadcrumb\"},\"inLanguage\":\"de-LU\",\"potentialAction\":[{\"@type\":\"ReadAction\",\"target\":[\"https:\/\/www.greenpeace.org\/luxembourg\/de\/aktualitaet\/18592\/10-unglaubliche-fakten-ueber-kraken\/\"]}]},{\"@type\":\"ImageObject\",\"inLanguage\":\"de-LU\",\"@id\":\"https:\/\/www.greenpeace.org\/luxembourg\/de\/aktualitaet\/18592\/10-unglaubliche-fakten-ueber-kraken\/#primaryimage\",\"url\":\"https:\/\/www.greenpeace.org\/static\/planet4-luxembourg-stateless\/2023\/06\/90337a38-gp0qvi_medium_res-1024x697-1.jpeg\",\"contentUrl\":\"https:\/\/www.greenpeace.org\/static\/planet4-luxembourg-stateless\/2023\/06\/90337a38-gp0qvi_medium_res-1024x697-1.jpeg\",\"width\":1024,\"height\":697},{\"@type\":\"BreadcrumbList\",\"@id\":\"https:\/\/www.greenpeace.org\/luxembourg\/de\/aktualitaet\/18592\/10-unglaubliche-fakten-ueber-kraken\/#breadcrumb\",\"itemListElement\":[{\"@type\":\"ListItem\",\"position\":1,\"name\":\"Home\",\"item\":\"http:\/\/www.greenpeace.org\/luxembourg\/fr\/\"},{\"@type\":\"ListItem\",\"position\":2,\"name\":\"10 unglaubliche Fakten \u00fcber Kraken\"}]},{\"@type\":\"WebSite\",\"@id\":\"https:\/\/www.greenpeace.org\/luxembourg\/fr\/#website\",\"url\":\"https:\/\/www.greenpeace.org\/luxembourg\/fr\/\",\"name\":\"Greenpeace Luxembourg\",\"description\":\"Greenpeace existiert, weil unsere Erde eine Stimme braucht. Sie ben\u00f6tigt L\u00f6sungen. Ver\u00e4nderungen. Aktionen.\",\"publisher\":{\"@id\":\"https:\/\/www.greenpeace.org\/luxembourg\/fr\/#organization\"},\"potentialAction\":[{\"@type\":\"SearchAction\",\"target\":{\"@type\":\"EntryPoint\",\"urlTemplate\":\"https:\/\/www.greenpeace.org\/luxembourg\/fr\/?s={search_term_string}\"},\"query-input\":{\"@type\":\"PropertyValueSpecification\",\"valueRequired\":true,\"valueName\":\"search_term_string\"}}],\"inLanguage\":\"de-LU\"},{\"@type\":\"Organization\",\"@id\":\"https:\/\/www.greenpeace.org\/luxembourg\/fr\/#organization\",\"name\":\"Greenpeace Luxembourg\",\"url\":\"https:\/\/www.greenpeace.org\/luxembourg\/fr\/\",\"logo\":{\"@type\":\"ImageObject\",\"inLanguage\":\"de-LU\",\"@id\":\"https:\/\/www.greenpeace.org\/luxembourg\/fr\/#\/schema\/logo\/image\/\",\"url\":\"https:\/\/www.greenpeace.org\/static\/planet4-luxembourg-stateless\/2026\/03\/3e367f94-greenpeace_logo_green_rgb.png\",\"contentUrl\":\"https:\/\/www.greenpeace.org\/static\/planet4-luxembourg-stateless\/2026\/03\/3e367f94-greenpeace_logo_green_rgb.png\",\"width\":1080,\"height\":175,\"caption\":\"Greenpeace Luxembourg\"},\"image\":{\"@id\":\"https:\/\/www.greenpeace.org\/luxembourg\/fr\/#\/schema\/logo\/image\/\"},\"sameAs\":[\"https:\/\/www.facebook.com\/greenpeaceluxembourg\",\"https:\/\/www.instagram.com\/greenpeacelux\/\",\"https:\/\/www.linkedin.com\/company\/greenpeace-luxembourg\/\",\"https:\/\/www.threads.com\/@greenpeacelux\",\"https:\/\/bsky.app\/profile\/greenpeacelux.bsky.social\",\"https:\/\/www.youtube.com\/@GreenpeaceLux\",\"https:\/\/www.tiktok.com\/@greenpeace_lux\"]},{\"@type\":\"Person\",\"@id\":\"https:\/\/www.greenpeace.org\/luxembourg\/fr\/#\/schema\/person\/3d0e81a859b59009fec36a8552ef76a7\",\"name\":\"Esther Wildanger\",\"url\":\"https:\/\/www.greenpeace.org\/luxembourg\/de\/author\/ewildang\/\"}]}<\/script>\n<!-- \/ Yoast SEO Premium plugin. -->","yoast_head_json":{"title":"10 unglaubliche Fakten \u00fcber Kraken - Greenpeace Luxembourg","robots":{"index":"index","follow":"follow","max-snippet":"max-snippet:-1","max-image-preview":"max-image-preview:large","max-video-preview":"max-video-preview:-1"},"canonical":"https:\/\/www.greenpeace.org\/luxembourg\/de\/aktualitaet\/18592\/10-unglaubliche-fakten-ueber-kraken\/","og_locale":"de_DE","og_type":"article","og_title":"10 unglaubliche Fakten \u00fcber Kraken","og_description":"Kraken bev\u00f6lkern die Erde seit Jahrmillionen und geh\u00f6ren zweifellos zu den faszinierendsten uns bekannten Lebewesen. Je mehr wir \u00fcber sie erfahren, desto mehr geraten wir ins Staunen. Blaues Blut, drei&hellip;","og_url":"https:\/\/www.greenpeace.org\/luxembourg\/de\/aktualitaet\/18592\/10-unglaubliche-fakten-ueber-kraken\/","og_site_name":"Greenpeace Luxembourg","article_publisher":"https:\/\/www.facebook.com\/greenpeaceluxembourg","article_published_time":"2023-06-01T09:42:47+00:00","article_modified_time":"2023-06-01T09:42:50+00:00","og_image":[{"width":1024,"height":697,"url":"https:\/\/www.greenpeace.org\/static\/planet4-luxembourg-stateless\/2023\/06\/90337a38-gp0qvi_medium_res-1024x697-1.jpeg","type":"image\/jpeg"}],"author":"Esther Wildanger","twitter_card":"summary_large_image","twitter_misc":{"Written by":"Esther Wildanger","Est. reading time":"5 minutes"},"schema":{"@context":"https:\/\/schema.org","@graph":[{"@type":"Article","@id":"https:\/\/www.greenpeace.org\/luxembourg\/de\/aktualitaet\/18592\/10-unglaubliche-fakten-ueber-kraken\/#article","isPartOf":{"@id":"https:\/\/www.greenpeace.org\/luxembourg\/de\/aktualitaet\/18592\/10-unglaubliche-fakten-ueber-kraken\/"},"author":{"name":"Esther Wildanger","@id":"https:\/\/www.greenpeace.org\/luxembourg\/fr\/#\/schema\/person\/3d0e81a859b59009fec36a8552ef76a7"},"headline":"10 unglaubliche Fakten \u00fcber Kraken","datePublished":"2023-06-01T09:42:47+00:00","dateModified":"2023-06-01T09:42:50+00:00","mainEntityOfPage":{"@id":"https:\/\/www.greenpeace.org\/luxembourg\/de\/aktualitaet\/18592\/10-unglaubliche-fakten-ueber-kraken\/"},"wordCount":934,"publisher":{"@id":"https:\/\/www.greenpeace.org\/luxembourg\/fr\/#organization"},"image":{"@id":"https:\/\/www.greenpeace.org\/luxembourg\/de\/aktualitaet\/18592\/10-unglaubliche-fakten-ueber-kraken\/#primaryimage"},"thumbnailUrl":"https:\/\/www.greenpeace.org\/static\/planet4-luxembourg-stateless\/2023\/06\/90337a38-gp0qvi_medium_res-1024x697-1.jpeg","keywords":["Ozeane"],"articleSection":["Natur"],"inLanguage":"de-LU"},{"@type":"WebPage","@id":"https:\/\/www.greenpeace.org\/luxembourg\/de\/aktualitaet\/18592\/10-unglaubliche-fakten-ueber-kraken\/","url":"https:\/\/www.greenpeace.org\/luxembourg\/de\/aktualitaet\/18592\/10-unglaubliche-fakten-ueber-kraken\/","name":"10 unglaubliche Fakten \u00fcber Kraken - Greenpeace Luxembourg","isPartOf":{"@id":"https:\/\/www.greenpeace.org\/luxembourg\/fr\/#website"},"primaryImageOfPage":{"@id":"https:\/\/www.greenpeace.org\/luxembourg\/de\/aktualitaet\/18592\/10-unglaubliche-fakten-ueber-kraken\/#primaryimage"},"image":{"@id":"https:\/\/www.greenpeace.org\/luxembourg\/de\/aktualitaet\/18592\/10-unglaubliche-fakten-ueber-kraken\/#primaryimage"},"thumbnailUrl":"https:\/\/www.greenpeace.org\/static\/planet4-luxembourg-stateless\/2023\/06\/90337a38-gp0qvi_medium_res-1024x697-1.jpeg","datePublished":"2023-06-01T09:42:47+00:00","dateModified":"2023-06-01T09:42:50+00:00","breadcrumb":{"@id":"https:\/\/www.greenpeace.org\/luxembourg\/de\/aktualitaet\/18592\/10-unglaubliche-fakten-ueber-kraken\/#breadcrumb"},"inLanguage":"de-LU","potentialAction":[{"@type":"ReadAction","target":["https:\/\/www.greenpeace.org\/luxembourg\/de\/aktualitaet\/18592\/10-unglaubliche-fakten-ueber-kraken\/"]}]},{"@type":"ImageObject","inLanguage":"de-LU","@id":"https:\/\/www.greenpeace.org\/luxembourg\/de\/aktualitaet\/18592\/10-unglaubliche-fakten-ueber-kraken\/#primaryimage","url":"https:\/\/www.greenpeace.org\/static\/planet4-luxembourg-stateless\/2023\/06\/90337a38-gp0qvi_medium_res-1024x697-1.jpeg","contentUrl":"https:\/\/www.greenpeace.org\/static\/planet4-luxembourg-stateless\/2023\/06\/90337a38-gp0qvi_medium_res-1024x697-1.jpeg","width":1024,"height":697},{"@type":"BreadcrumbList","@id":"https:\/\/www.greenpeace.org\/luxembourg\/de\/aktualitaet\/18592\/10-unglaubliche-fakten-ueber-kraken\/#breadcrumb","itemListElement":[{"@type":"ListItem","position":1,"name":"Home","item":"http:\/\/www.greenpeace.org\/luxembourg\/fr\/"},{"@type":"ListItem","position":2,"name":"10 unglaubliche Fakten \u00fcber Kraken"}]},{"@type":"WebSite","@id":"https:\/\/www.greenpeace.org\/luxembourg\/fr\/#website","url":"https:\/\/www.greenpeace.org\/luxembourg\/fr\/","name":"Greenpeace Luxembourg","description":"Greenpeace existiert, weil unsere Erde eine Stimme braucht. Sie ben\u00f6tigt L\u00f6sungen. Ver\u00e4nderungen. Aktionen.","publisher":{"@id":"https:\/\/www.greenpeace.org\/luxembourg\/fr\/#organization"},"potentialAction":[{"@type":"SearchAction","target":{"@type":"EntryPoint","urlTemplate":"https:\/\/www.greenpeace.org\/luxembourg\/fr\/?s={search_term_string}"},"query-input":{"@type":"PropertyValueSpecification","valueRequired":true,"valueName":"search_term_string"}}],"inLanguage":"de-LU"},{"@type":"Organization","@id":"https:\/\/www.greenpeace.org\/luxembourg\/fr\/#organization","name":"Greenpeace Luxembourg","url":"https:\/\/www.greenpeace.org\/luxembourg\/fr\/","logo":{"@type":"ImageObject","inLanguage":"de-LU","@id":"https:\/\/www.greenpeace.org\/luxembourg\/fr\/#\/schema\/logo\/image\/","url":"https:\/\/www.greenpeace.org\/static\/planet4-luxembourg-stateless\/2026\/03\/3e367f94-greenpeace_logo_green_rgb.png","contentUrl":"https:\/\/www.greenpeace.org\/static\/planet4-luxembourg-stateless\/2026\/03\/3e367f94-greenpeace_logo_green_rgb.png","width":1080,"height":175,"caption":"Greenpeace Luxembourg"},"image":{"@id":"https:\/\/www.greenpeace.org\/luxembourg\/fr\/#\/schema\/logo\/image\/"},"sameAs":["https:\/\/www.facebook.com\/greenpeaceluxembourg","https:\/\/www.instagram.com\/greenpeacelux\/","https:\/\/www.linkedin.com\/company\/greenpeace-luxembourg\/","https:\/\/www.threads.com\/@greenpeacelux","https:\/\/bsky.app\/profile\/greenpeacelux.bsky.social","https:\/\/www.youtube.com\/@GreenpeaceLux","https:\/\/www.tiktok.com\/@greenpeace_lux"]},{"@type":"Person","@id":"https:\/\/www.greenpeace.org\/luxembourg\/fr\/#\/schema\/person\/3d0e81a859b59009fec36a8552ef76a7","name":"Esther Wildanger","url":"https:\/\/www.greenpeace.org\/luxembourg\/de\/author\/ewildang\/"}]}},"_links":{"self":[{"href":"https:\/\/www.greenpeace.org\/luxembourg\/de\/wp-json\/wp\/v2\/posts\/18592","targetHints":{"allow":["GET"]}}],"collection":[{"href":"https:\/\/www.greenpeace.org\/luxembourg\/de\/wp-json\/wp\/v2\/posts"}],"about":[{"href":"https:\/\/www.greenpeace.org\/luxembourg\/de\/wp-json\/wp\/v2\/types\/post"}],"author":[{"embeddable":true,"href":"https:\/\/www.greenpeace.org\/luxembourg\/de\/wp-json\/wp\/v2\/users\/25"}],"replies":[{"embeddable":true,"href":"https:\/\/www.greenpeace.org\/luxembourg\/de\/wp-json\/wp\/v2\/comments?post=18592"}],"version-history":[{"count":2,"href":"https:\/\/www.greenpeace.org\/luxembourg\/de\/wp-json\/wp\/v2\/posts\/18592\/revisions"}],"predecessor-version":[{"id":18594,"href":"https:\/\/www.greenpeace.org\/luxembourg\/de\/wp-json\/wp\/v2\/posts\/18592\/revisions\/18594"}],"wp:featuredmedia":[{"embeddable":true,"href":"https:\/\/www.greenpeace.org\/luxembourg\/de\/wp-json\/wp\/v2\/media\/18589"}],"wp:attachment":[{"href":"https:\/\/www.greenpeace.org\/luxembourg\/de\/wp-json\/wp\/v2\/media?parent=18592"}],"wp:term":[{"taxonomy":"category","embeddable":true,"href":"https:\/\/www.greenpeace.org\/luxembourg\/de\/wp-json\/wp\/v2\/categories?post=18592"},{"taxonomy":"post_tag","embeddable":true,"href":"https:\/\/www.greenpeace.org\/luxembourg\/de\/wp-json\/wp\/v2\/tags?post=18592"},{"taxonomy":"p4-page-type","embeddable":true,"href":"https:\/\/www.greenpeace.org\/luxembourg\/de\/wp-json\/wp\/v2\/p4-page-type?post=18592"}],"curies":[{"name":"wp","href":"https:\/\/api.w.org\/{rel}","templated":true}]}}