{"id":1869,"date":"2018-01-25T00:00:00","date_gmt":"2018-01-25T00:00:00","guid":{"rendered":"https:\/\/www.greenpeace.org\/luxembourg\/actualites\/1869\/in-fremden-welten\/"},"modified":"2019-11-06T10:54:56","modified_gmt":"2019-11-06T08:54:56","slug":"in-fremden-welten","status":"publish","type":"post","link":"https:\/\/www.greenpeace.org\/luxembourg\/de\/aktualitaet\/1869\/in-fremden-welten\/","title":{"rendered":"In fremden Welten"},"content":{"rendered":"<h2>Erste Unterwasserbilder aus dem geplanten Antarktis-Schutzgebiet<\/h2>\n<\/p>\n<div class=\"leader\">\n\tDas Greenpeace-Schiff Arctic Sunrise erforscht die Antarktis \u2013 dort, wo das gr\u00f6\u00dfte Schutzgebiet der Welt entstehen soll. Faszinierende Bilder zeigen, was auf dem Spiel steht.\n<\/div>\n<div>\n<p><img loading=\"lazy\" decoding=\"async\" src=\"https:\/\/www.greenpeace.org\/static\/planet4-luxembourg-stateless\/2018\/10\/168ac21d-168ac21d-antarctic-bateau-sous-marin.png\" alt=\"\" width=\"600\" height=\"320\"><\/p>\n<p>Es klingt wie Science Fiction, und trotzdem ist es wahr: Auf ihrer Expedition in die Antarktis dringt die Besatzung der Arctic Sunrise in Unterwasserwelten vor, die nie ein Mensch zuvor gesehen hat. Dazu braucht es keine \u00dcberlichtgeschwindigkeit, sondern blo\u00df ein Unterseeboot. Von ihren ersten Tauchg\u00e4ngen brachten die Meeresbiologen John Hocevar und Susanne J. Lockhart erstaunliche Bilder zur\u00fcck an die Wasseroberfl\u00e4che. In unserer Fotogalerie k\u00f6nnen Sie selbst auf den Grund des antarktischen Meeres abtauchen.<\/p>\n<p>Zu Beginn des Jahres fuhr das Greenpeace-Schiff Arctic Sunrise von Chile aus Richtung S\u00fcdpol, wo es drei Monate bleibt. Die Forscher und Aktivisten wollen selbst erleben, was in der Antarktis auf dem Spiel steht. Daf\u00fcr gibt es einen aktuellen Grund: Im Oktober dieses Jahres wird die internationale Antarktis-Kommission CCAMLR \u00fcber\u00a0<a href=\"http:\/\/www.greenpeace.org\/luxembourg\/fr\/Campagnes-Greenpeace-Luxembourg\/Antarctique\/\" target=\"_blank\" rel=\"noopener noreferrer\">das gr\u00f6\u00dfte Meeresschutzgebiet der Welt<\/a>\u00a0entscheiden. Im Weddellmeer, auf einer Fl\u00e4che rund f\u00fcnfmal so gro\u00df wie Deutschland, w\u00e4re damit industrielle Gro\u00dffischerei verboten. Die Expedition der Arctic Sunrise soll den Stimmberechtigten bei ihrer historischen Entscheidung helfen: Die Aufnahmen dokumentieren, welche Artenvielfalt im vermeintlich lebensfeindlichen Eis gedeiht.<\/p>\n<p>\u00a0<img loading=\"lazy\" decoding=\"async\" src=\"https:\/\/www.greenpeace.org\/static\/planet4-luxembourg-stateless\/2018\/10\/fond-antarctique-4.jpg\" alt=\"Snake Star on sea floor, Hope Bay, Trinity Peninsula, Antarctica.\" width=\"600\" height=\"335\"><\/p>\n<p><strong>\u201eWIR HABEN SO VIEL LEBEN GESEHEN.\u201c<\/strong><\/p>\n<p>John Hocevar aus dem US-amerikanischen Greenpeace-B\u00fcro steuerte das Unterseeboot auf den ersten Tauchg\u00e4ngen. \u201e<em>Ich wusste wirklich nicht, was uns dort erwartet<\/em>\u201c, sagt der Wissenschaftler und Pilot. Doch falls es Zweifel gab, ob die Wissenschaftler am Meeresgrund \u00fcberhaupt etwas zu erforschen f\u00e4nden, zerstreuten sie sich schnell.\u00a0\u201e<em>Wir haben so viel Leben gesehen: Schw\u00e4mme, Korallen, Seesterne. Sogar Eisfische!<\/em>\u201c<\/p>\n<p>\u201e<em>Eine der von uns untersuchten Stellen finde ich besonders spannend<\/em>\u201c, sagt Dr. Susanne Lockhart, die mit im U-Boot sa\u00df. \u201e<em>Sie ist zu hundert Prozent von Organismen bedeckt und hat eine faszinierende dreidimensionale Struktur. Das erlaubt anderen Lebewesen, sich dort ebenfalls anzusiedeln, und ergibt eine sehr interessante Artenzusammensetzung.<\/em>\u201c Bet\u00f6rend sch\u00f6n \u2013 aber auch sehr empfindlich sei das, f\u00fcgt die Meeresbiologin hinzu: \u201e<em>F\u00fcr ein so \u00d6kosystem w\u00e4re es sehr schwierig, sich nach einer St\u00f6rung wieder zu erholen \u2013 etwa nach einem Fischzug mit Grundschleppnetzen.<\/em>\u201c Davor m\u00fcsse das Weddellmeer gesch\u00fctzt werden.<\/p>\n<p><img loading=\"lazy\" decoding=\"async\" src=\"https:\/\/www.greenpeace.org\/static\/planet4-luxembourg-stateless\/2018\/10\/fond-antarctique-2.jpg\" alt=\"Snake Star on sea floor, Hope Bay, Trinity Peninsula, Antarctica.\" width=\"800\" height=\"451\"><\/p>\n<p style=\"text-align: center;\"><span>\u00a9<\/span><em>\u00a0Greenpeace<\/em><\/p>\n<p><strong>DIE ERFORSCHUNG STEHT NOCH AM ANFANG<\/strong><\/p>\n<p>Das Weddellmeer gilt zwar als besonders artenreich, seine Erforschung steht aber noch am Anfang. Die Bilder der Arctic-Sunrise-Besatzung best\u00e4tigen allerdings die Vermutung, dass es hier vor Leben wimmelt. \u201e<em>Unsere Dokumentation zeigt eindrucksvoll, warum wir diese einzigartigen Lebensr\u00e4ume sch\u00fctzen m\u00fcssen<\/em>\u201c, sagt Meeresbiologin Dr. Sandra Sch\u00f6ttner aus dem deutschen Greenpeace-B\u00fcro. \u201e<em>Die Antarktis-Kommission muss das Weddellmeer vor der Fischereiindustrie bewahren<\/em>.\u201d<\/p>\n<p>Dass diese bislang unber\u00fchrten Gebiete \u00fcberhaupt von der Fischerei bedroht sind, liegt an der Erderhitzung. Ihretwegen sind in den Sommermonaten Teile des antarktischen Meeres f\u00fcr Fischtrawler befahrbar, dort, wo noch vor wenigen Jahren eine undurchdringliche Eisdecke war. In der Antarktis wird vor allem nach Krill gefischt: Kleinen garnelenartigen Tieren, die zu Fischfutter und \u2013 \u00e4u\u00dferst verzichtbaren \u2013 Nahrungserg\u00e4nzungsmitteln verarbeitet werden, in der Antarktis aber Grundlage des Lebens sind. Denn Krill ist f\u00fcr das \u00dcberleben von Pinguinen, Walen und Robben unerl\u00e4sslich.<\/p>\n<p><img loading=\"lazy\" decoding=\"async\" src=\"https:\/\/www.greenpeace.org\/static\/planet4-luxembourg-stateless\/2018\/10\/c593445e-c593445e-antarctic-sandra-schoettner.png\" alt=\"\" width=\"600\" height=\"317\"><\/p>\n<p><strong>STARS AN BORD<\/strong><\/p>\n<p>Mit den Bildern aus dem S\u00fcdpolarmeer hat Greenpeace eine starke Argumentationshilfe f\u00fcr ein Schutzgebiet im Wedellmeer geliefert. Prominente Sch\u00fctzenhilfe ist ebenfalls an Bord: Der spanische Filmstar Javier Bardem (\u201eJames Bond 007 \u2013 Skyfall\u201c) wird mit seinem Bruder die Tour in den kommenden Tagen begleiten. Ein weiterer Hollywoodstar hat sich bereits angek\u00fcndigt. Nachdem David Harbour, der in der erfolgreichen Netflix-Serie \u201eStranger Things\u201c spielt, auf Twitter 200.000 Retweets einsammelte f\u00fcr seinen Wunsch, auf der Arctic Sunrise mitzureisen,\u00a0<a href=\"https:\/\/twitter.com\/DavidKHarbour\/status\/955503974186020864\" target=\"_blank\" rel=\"noopener noreferrer\">\u201eum mit Pinguinen zu tanzen\u201c<\/a>, lud Greenpeace ihn auf das Schiff ein. Der gute Rat von Bord, ebenfalls per Twitter:\u00a0<a href=\"https:\/\/twitter.com\/Greenpeace\/status\/955576138675310592\" target=\"_blank\" rel=\"noopener noreferrer\">\u201ePack Thermo-Unterw\u00e4sche ein.\u201c<\/a><\/p>\n<p><img loading=\"lazy\" decoding=\"async\" src=\"https:\/\/www.greenpeace.org\/static\/planet4-luxembourg-stateless\/2018\/10\/e75369d5-e75369d5-javier-bardem-manchots.png\" alt=\"\" width=\"600\" height=\"320\"><\/p>\n<p>\u00a0<\/p>\n<p><strong>&gt;&gt;&gt;<\/strong> Sie m\u00fcssen nicht prominent sein, um den Plan f\u00fcr ein Meeresschutzgebiet in der Antarktis zu unterst\u00fctzen.\u00a0<a href=\"http:\/\/protegeons-locean-antarctique.greenpeace.lu\/\">Schreiben Sie der Antarktis-Kommission CCAMLR<\/a>, dass auch Sie den Schutz des Weddellmeers vor der Fischereiindustrie fordern.<\/p>\n<p>\u00a0<\/p>\n<p>\u00a0<\/p>\n<p><a href=\"https:\/\/www.greenpeace.de\/themen\/meere\/meeresschutzgebiete\/fremden-welten\">Article Source:<\/a> Greenpeace Deutschland<\/p>\n<\/div>\n","protected":false},"excerpt":{"rendered":"<div>\n\tDas Greenpeace-Schiff Arctic Sunrise erforscht die Antarktis \u2013 dort, wo das gr\u00f6\u00dfte Schutzgebiet der Welt entstehen soll. Faszinierende Bilder zeigen, was auf dem Spiel steht.\n<\/div>\n","protected":false},"author":20,"featured_media":1870,"comment_status":"closed","ping_status":"closed","sticky":false,"template":"","format":"standard","meta":{"ep_exclude_from_search":false,"p4_og_title":"","p4_og_description":"","p4_og_image":"","p4_og_image_id":"","p4_seo_canonical_url":"","p4_campaign_name":"","p4_local_project":"","p4_basket_name":"","p4_department":"","footnotes":""},"categories":[47],"tags":[56],"p4-page-type":[68],"class_list":["post-1869","post","type-post","status-publish","format-standard","has-post-thumbnail","hentry","category-natur","tag-ozeane","p4-page-type-aktualitaet"],"yoast_head":"<!-- This site is optimized with the Yoast SEO Premium plugin v23.9 (Yoast SEO v23.9) - https:\/\/yoast.com\/wordpress\/plugins\/seo\/ -->\n<title>In fremden Welten - Greenpeace Luxembourg<\/title>\n<meta name=\"robots\" content=\"index, follow, max-snippet:-1, max-image-preview:large, max-video-preview:-1\" \/>\n<link rel=\"canonical\" href=\"https:\/\/www.greenpeace.org\/luxembourg\/de\/aktualitaet\/1869\/in-fremden-welten\/\" \/>\n<meta property=\"og:locale\" content=\"de_DE\" \/>\n<meta property=\"og:type\" content=\"article\" \/>\n<meta property=\"og:title\" content=\"In fremden Welten\" \/>\n<meta property=\"og:description\" content=\"Das Greenpeace-Schiff Arctic Sunrise erforscht die Antarktis \u2013 dort, wo das gr\u00f6\u00dfte Schutzgebiet der Welt entstehen soll. Faszinierende Bilder zeigen, was auf dem Spiel steht.\" \/>\n<meta property=\"og:url\" content=\"https:\/\/www.greenpeace.org\/luxembourg\/de\/aktualitaet\/1869\/in-fremden-welten\/\" \/>\n<meta property=\"og:site_name\" content=\"Greenpeace Luxembourg\" \/>\n<meta property=\"article:publisher\" content=\"https:\/\/www.facebook.com\/greenpeaceluxembourg\" \/>\n<meta property=\"article:published_time\" content=\"2018-01-25T00:00:00+00:00\" \/>\n<meta property=\"article:modified_time\" content=\"2019-11-06T08:54:56+00:00\" \/>\n<meta property=\"og:image\" content=\"https:\/\/www.greenpeace.org\/static\/planet4-luxembourg-stateless\/2018\/10\/168ac21d-168ac21d-antarctic-bateau-sous-marin.png\" \/>\n\t<meta property=\"og:image:width\" content=\"800\" \/>\n\t<meta property=\"og:image:height\" content=\"427\" \/>\n\t<meta property=\"og:image:type\" content=\"image\/png\" \/>\n<meta name=\"author\" content=\"Greenpeace Luxembourg\" \/>\n<meta name=\"twitter:card\" content=\"summary_large_image\" \/>\n<meta name=\"twitter:label1\" content=\"Written by\" \/>\n\t<meta name=\"twitter:data1\" content=\"Greenpeace Luxembourg\" \/>\n\t<meta name=\"twitter:label2\" content=\"Est. reading time\" \/>\n\t<meta name=\"twitter:data2\" content=\"3 minutes\" \/>\n<script type=\"application\/ld+json\" class=\"yoast-schema-graph\">{\"@context\":\"https:\/\/schema.org\",\"@graph\":[{\"@type\":\"Article\",\"@id\":\"https:\/\/www.greenpeace.org\/luxembourg\/de\/aktualitaet\/1869\/in-fremden-welten\/#article\",\"isPartOf\":{\"@id\":\"https:\/\/www.greenpeace.org\/luxembourg\/de\/aktualitaet\/1869\/in-fremden-welten\/\"},\"author\":{\"name\":\"Greenpeace Luxembourg\",\"@id\":\"https:\/\/www.greenpeace.org\/luxembourg\/fr\/#\/schema\/person\/12b34015aca6e55fec2e511d2f19102d\"},\"headline\":\"In fremden Welten\",\"datePublished\":\"2018-01-25T00:00:00+00:00\",\"dateModified\":\"2019-11-06T08:54:56+00:00\",\"mainEntityOfPage\":{\"@id\":\"https:\/\/www.greenpeace.org\/luxembourg\/de\/aktualitaet\/1869\/in-fremden-welten\/\"},\"wordCount\":673,\"publisher\":{\"@id\":\"https:\/\/www.greenpeace.org\/luxembourg\/fr\/#organization\"},\"image\":{\"@id\":\"https:\/\/www.greenpeace.org\/luxembourg\/de\/aktualitaet\/1869\/in-fremden-welten\/#primaryimage\"},\"thumbnailUrl\":\"https:\/\/www.greenpeace.org\/static\/planet4-luxembourg-stateless\/2018\/10\/168ac21d-168ac21d-antarctic-bateau-sous-marin.png\",\"keywords\":[\"Ozeane\"],\"articleSection\":[\"Natur\"],\"inLanguage\":\"de-LU\"},{\"@type\":\"WebPage\",\"@id\":\"https:\/\/www.greenpeace.org\/luxembourg\/de\/aktualitaet\/1869\/in-fremden-welten\/\",\"url\":\"https:\/\/www.greenpeace.org\/luxembourg\/de\/aktualitaet\/1869\/in-fremden-welten\/\",\"name\":\"In fremden Welten - Greenpeace Luxembourg\",\"isPartOf\":{\"@id\":\"https:\/\/www.greenpeace.org\/luxembourg\/fr\/#website\"},\"primaryImageOfPage\":{\"@id\":\"https:\/\/www.greenpeace.org\/luxembourg\/de\/aktualitaet\/1869\/in-fremden-welten\/#primaryimage\"},\"image\":{\"@id\":\"https:\/\/www.greenpeace.org\/luxembourg\/de\/aktualitaet\/1869\/in-fremden-welten\/#primaryimage\"},\"thumbnailUrl\":\"https:\/\/www.greenpeace.org\/static\/planet4-luxembourg-stateless\/2018\/10\/168ac21d-168ac21d-antarctic-bateau-sous-marin.png\",\"datePublished\":\"2018-01-25T00:00:00+00:00\",\"dateModified\":\"2019-11-06T08:54:56+00:00\",\"breadcrumb\":{\"@id\":\"https:\/\/www.greenpeace.org\/luxembourg\/de\/aktualitaet\/1869\/in-fremden-welten\/#breadcrumb\"},\"inLanguage\":\"de-LU\",\"potentialAction\":[{\"@type\":\"ReadAction\",\"target\":[\"https:\/\/www.greenpeace.org\/luxembourg\/de\/aktualitaet\/1869\/in-fremden-welten\/\"]}]},{\"@type\":\"ImageObject\",\"inLanguage\":\"de-LU\",\"@id\":\"https:\/\/www.greenpeace.org\/luxembourg\/de\/aktualitaet\/1869\/in-fremden-welten\/#primaryimage\",\"url\":\"https:\/\/www.greenpeace.org\/static\/planet4-luxembourg-stateless\/2018\/10\/168ac21d-168ac21d-antarctic-bateau-sous-marin.png\",\"contentUrl\":\"https:\/\/www.greenpeace.org\/static\/planet4-luxembourg-stateless\/2018\/10\/168ac21d-168ac21d-antarctic-bateau-sous-marin.png\",\"width\":800,\"height\":427},{\"@type\":\"BreadcrumbList\",\"@id\":\"https:\/\/www.greenpeace.org\/luxembourg\/de\/aktualitaet\/1869\/in-fremden-welten\/#breadcrumb\",\"itemListElement\":[{\"@type\":\"ListItem\",\"position\":1,\"name\":\"Home\",\"item\":\"http:\/\/www.greenpeace.org\/luxembourg\/fr\/\"},{\"@type\":\"ListItem\",\"position\":2,\"name\":\"In fremden Welten\"}]},{\"@type\":\"WebSite\",\"@id\":\"https:\/\/www.greenpeace.org\/luxembourg\/fr\/#website\",\"url\":\"https:\/\/www.greenpeace.org\/luxembourg\/fr\/\",\"name\":\"Greenpeace Luxembourg\",\"description\":\"Greenpeace existiert, weil unsere Erde eine Stimme braucht. Sie ben\u00f6tigt L\u00f6sungen. Ver\u00e4nderungen. Aktionen.\",\"publisher\":{\"@id\":\"https:\/\/www.greenpeace.org\/luxembourg\/fr\/#organization\"},\"potentialAction\":[{\"@type\":\"SearchAction\",\"target\":{\"@type\":\"EntryPoint\",\"urlTemplate\":\"https:\/\/www.greenpeace.org\/luxembourg\/fr\/?s={search_term_string}\"},\"query-input\":{\"@type\":\"PropertyValueSpecification\",\"valueRequired\":true,\"valueName\":\"search_term_string\"}}],\"inLanguage\":\"de-LU\"},{\"@type\":\"Organization\",\"@id\":\"https:\/\/www.greenpeace.org\/luxembourg\/fr\/#organization\",\"name\":\"Greenpeace Luxembourg\",\"url\":\"https:\/\/www.greenpeace.org\/luxembourg\/fr\/\",\"logo\":{\"@type\":\"ImageObject\",\"inLanguage\":\"de-LU\",\"@id\":\"https:\/\/www.greenpeace.org\/luxembourg\/fr\/#\/schema\/logo\/image\/\",\"url\":\"https:\/\/www.greenpeace.org\/static\/planet4-luxembourg-stateless\/2026\/03\/3e367f94-greenpeace_logo_green_rgb.png\",\"contentUrl\":\"https:\/\/www.greenpeace.org\/static\/planet4-luxembourg-stateless\/2026\/03\/3e367f94-greenpeace_logo_green_rgb.png\",\"width\":1080,\"height\":175,\"caption\":\"Greenpeace Luxembourg\"},\"image\":{\"@id\":\"https:\/\/www.greenpeace.org\/luxembourg\/fr\/#\/schema\/logo\/image\/\"},\"sameAs\":[\"https:\/\/www.facebook.com\/greenpeaceluxembourg\",\"https:\/\/www.instagram.com\/greenpeacelux\/\",\"https:\/\/www.linkedin.com\/company\/greenpeace-luxembourg\/\",\"https:\/\/www.threads.com\/@greenpeacelux\",\"https:\/\/bsky.app\/profile\/greenpeacelux.bsky.social\",\"https:\/\/www.youtube.com\/@GreenpeaceLux\",\"https:\/\/www.tiktok.com\/@greenpeace_lux\"]},{\"@type\":\"Person\",\"@id\":\"https:\/\/www.greenpeace.org\/luxembourg\/fr\/#\/schema\/person\/12b34015aca6e55fec2e511d2f19102d\",\"name\":\"Greenpeace Luxembourg\",\"url\":\"https:\/\/www.greenpeace.org\/luxembourg\/de\/author\/gp_luxembourg\/\"}]}<\/script>\n<!-- \/ Yoast SEO Premium plugin. -->","yoast_head_json":{"title":"In fremden Welten - Greenpeace Luxembourg","robots":{"index":"index","follow":"follow","max-snippet":"max-snippet:-1","max-image-preview":"max-image-preview:large","max-video-preview":"max-video-preview:-1"},"canonical":"https:\/\/www.greenpeace.org\/luxembourg\/de\/aktualitaet\/1869\/in-fremden-welten\/","og_locale":"de_DE","og_type":"article","og_title":"In fremden Welten","og_description":"Das Greenpeace-Schiff Arctic Sunrise erforscht die Antarktis \u2013 dort, wo das gr\u00f6\u00dfte Schutzgebiet der Welt entstehen soll. Faszinierende Bilder zeigen, was auf dem Spiel steht.","og_url":"https:\/\/www.greenpeace.org\/luxembourg\/de\/aktualitaet\/1869\/in-fremden-welten\/","og_site_name":"Greenpeace Luxembourg","article_publisher":"https:\/\/www.facebook.com\/greenpeaceluxembourg","article_published_time":"2018-01-25T00:00:00+00:00","article_modified_time":"2019-11-06T08:54:56+00:00","og_image":[{"width":800,"height":427,"url":"https:\/\/www.greenpeace.org\/static\/planet4-luxembourg-stateless\/2018\/10\/168ac21d-168ac21d-antarctic-bateau-sous-marin.png","type":"image\/png"}],"author":"Greenpeace Luxembourg","twitter_card":"summary_large_image","twitter_misc":{"Written by":"Greenpeace Luxembourg","Est. reading time":"3 minutes"},"schema":{"@context":"https:\/\/schema.org","@graph":[{"@type":"Article","@id":"https:\/\/www.greenpeace.org\/luxembourg\/de\/aktualitaet\/1869\/in-fremden-welten\/#article","isPartOf":{"@id":"https:\/\/www.greenpeace.org\/luxembourg\/de\/aktualitaet\/1869\/in-fremden-welten\/"},"author":{"name":"Greenpeace Luxembourg","@id":"https:\/\/www.greenpeace.org\/luxembourg\/fr\/#\/schema\/person\/12b34015aca6e55fec2e511d2f19102d"},"headline":"In fremden Welten","datePublished":"2018-01-25T00:00:00+00:00","dateModified":"2019-11-06T08:54:56+00:00","mainEntityOfPage":{"@id":"https:\/\/www.greenpeace.org\/luxembourg\/de\/aktualitaet\/1869\/in-fremden-welten\/"},"wordCount":673,"publisher":{"@id":"https:\/\/www.greenpeace.org\/luxembourg\/fr\/#organization"},"image":{"@id":"https:\/\/www.greenpeace.org\/luxembourg\/de\/aktualitaet\/1869\/in-fremden-welten\/#primaryimage"},"thumbnailUrl":"https:\/\/www.greenpeace.org\/static\/planet4-luxembourg-stateless\/2018\/10\/168ac21d-168ac21d-antarctic-bateau-sous-marin.png","keywords":["Ozeane"],"articleSection":["Natur"],"inLanguage":"de-LU"},{"@type":"WebPage","@id":"https:\/\/www.greenpeace.org\/luxembourg\/de\/aktualitaet\/1869\/in-fremden-welten\/","url":"https:\/\/www.greenpeace.org\/luxembourg\/de\/aktualitaet\/1869\/in-fremden-welten\/","name":"In fremden Welten - Greenpeace Luxembourg","isPartOf":{"@id":"https:\/\/www.greenpeace.org\/luxembourg\/fr\/#website"},"primaryImageOfPage":{"@id":"https:\/\/www.greenpeace.org\/luxembourg\/de\/aktualitaet\/1869\/in-fremden-welten\/#primaryimage"},"image":{"@id":"https:\/\/www.greenpeace.org\/luxembourg\/de\/aktualitaet\/1869\/in-fremden-welten\/#primaryimage"},"thumbnailUrl":"https:\/\/www.greenpeace.org\/static\/planet4-luxembourg-stateless\/2018\/10\/168ac21d-168ac21d-antarctic-bateau-sous-marin.png","datePublished":"2018-01-25T00:00:00+00:00","dateModified":"2019-11-06T08:54:56+00:00","breadcrumb":{"@id":"https:\/\/www.greenpeace.org\/luxembourg\/de\/aktualitaet\/1869\/in-fremden-welten\/#breadcrumb"},"inLanguage":"de-LU","potentialAction":[{"@type":"ReadAction","target":["https:\/\/www.greenpeace.org\/luxembourg\/de\/aktualitaet\/1869\/in-fremden-welten\/"]}]},{"@type":"ImageObject","inLanguage":"de-LU","@id":"https:\/\/www.greenpeace.org\/luxembourg\/de\/aktualitaet\/1869\/in-fremden-welten\/#primaryimage","url":"https:\/\/www.greenpeace.org\/static\/planet4-luxembourg-stateless\/2018\/10\/168ac21d-168ac21d-antarctic-bateau-sous-marin.png","contentUrl":"https:\/\/www.greenpeace.org\/static\/planet4-luxembourg-stateless\/2018\/10\/168ac21d-168ac21d-antarctic-bateau-sous-marin.png","width":800,"height":427},{"@type":"BreadcrumbList","@id":"https:\/\/www.greenpeace.org\/luxembourg\/de\/aktualitaet\/1869\/in-fremden-welten\/#breadcrumb","itemListElement":[{"@type":"ListItem","position":1,"name":"Home","item":"http:\/\/www.greenpeace.org\/luxembourg\/fr\/"},{"@type":"ListItem","position":2,"name":"In fremden Welten"}]},{"@type":"WebSite","@id":"https:\/\/www.greenpeace.org\/luxembourg\/fr\/#website","url":"https:\/\/www.greenpeace.org\/luxembourg\/fr\/","name":"Greenpeace Luxembourg","description":"Greenpeace existiert, weil unsere Erde eine Stimme braucht. Sie ben\u00f6tigt L\u00f6sungen. Ver\u00e4nderungen. Aktionen.","publisher":{"@id":"https:\/\/www.greenpeace.org\/luxembourg\/fr\/#organization"},"potentialAction":[{"@type":"SearchAction","target":{"@type":"EntryPoint","urlTemplate":"https:\/\/www.greenpeace.org\/luxembourg\/fr\/?s={search_term_string}"},"query-input":{"@type":"PropertyValueSpecification","valueRequired":true,"valueName":"search_term_string"}}],"inLanguage":"de-LU"},{"@type":"Organization","@id":"https:\/\/www.greenpeace.org\/luxembourg\/fr\/#organization","name":"Greenpeace Luxembourg","url":"https:\/\/www.greenpeace.org\/luxembourg\/fr\/","logo":{"@type":"ImageObject","inLanguage":"de-LU","@id":"https:\/\/www.greenpeace.org\/luxembourg\/fr\/#\/schema\/logo\/image\/","url":"https:\/\/www.greenpeace.org\/static\/planet4-luxembourg-stateless\/2026\/03\/3e367f94-greenpeace_logo_green_rgb.png","contentUrl":"https:\/\/www.greenpeace.org\/static\/planet4-luxembourg-stateless\/2026\/03\/3e367f94-greenpeace_logo_green_rgb.png","width":1080,"height":175,"caption":"Greenpeace Luxembourg"},"image":{"@id":"https:\/\/www.greenpeace.org\/luxembourg\/fr\/#\/schema\/logo\/image\/"},"sameAs":["https:\/\/www.facebook.com\/greenpeaceluxembourg","https:\/\/www.instagram.com\/greenpeacelux\/","https:\/\/www.linkedin.com\/company\/greenpeace-luxembourg\/","https:\/\/www.threads.com\/@greenpeacelux","https:\/\/bsky.app\/profile\/greenpeacelux.bsky.social","https:\/\/www.youtube.com\/@GreenpeaceLux","https:\/\/www.tiktok.com\/@greenpeace_lux"]},{"@type":"Person","@id":"https:\/\/www.greenpeace.org\/luxembourg\/fr\/#\/schema\/person\/12b34015aca6e55fec2e511d2f19102d","name":"Greenpeace Luxembourg","url":"https:\/\/www.greenpeace.org\/luxembourg\/de\/author\/gp_luxembourg\/"}]}},"_links":{"self":[{"href":"https:\/\/www.greenpeace.org\/luxembourg\/de\/wp-json\/wp\/v2\/posts\/1869","targetHints":{"allow":["GET"]}}],"collection":[{"href":"https:\/\/www.greenpeace.org\/luxembourg\/de\/wp-json\/wp\/v2\/posts"}],"about":[{"href":"https:\/\/www.greenpeace.org\/luxembourg\/de\/wp-json\/wp\/v2\/types\/post"}],"author":[{"embeddable":true,"href":"https:\/\/www.greenpeace.org\/luxembourg\/de\/wp-json\/wp\/v2\/users\/20"}],"replies":[{"embeddable":true,"href":"https:\/\/www.greenpeace.org\/luxembourg\/de\/wp-json\/wp\/v2\/comments?post=1869"}],"version-history":[{"count":2,"href":"https:\/\/www.greenpeace.org\/luxembourg\/de\/wp-json\/wp\/v2\/posts\/1869\/revisions"}],"predecessor-version":[{"id":5956,"href":"https:\/\/www.greenpeace.org\/luxembourg\/de\/wp-json\/wp\/v2\/posts\/1869\/revisions\/5956"}],"wp:featuredmedia":[{"embeddable":true,"href":"https:\/\/www.greenpeace.org\/luxembourg\/de\/wp-json\/wp\/v2\/media\/1870"}],"wp:attachment":[{"href":"https:\/\/www.greenpeace.org\/luxembourg\/de\/wp-json\/wp\/v2\/media?parent=1869"}],"wp:term":[{"taxonomy":"category","embeddable":true,"href":"https:\/\/www.greenpeace.org\/luxembourg\/de\/wp-json\/wp\/v2\/categories?post=1869"},{"taxonomy":"post_tag","embeddable":true,"href":"https:\/\/www.greenpeace.org\/luxembourg\/de\/wp-json\/wp\/v2\/tags?post=1869"},{"taxonomy":"p4-page-type","embeddable":true,"href":"https:\/\/www.greenpeace.org\/luxembourg\/de\/wp-json\/wp\/v2\/p4-page-type?post=1869"}],"curies":[{"name":"wp","href":"https:\/\/api.w.org\/{rel}","templated":true}]}}