{"id":19322,"date":"2023-08-02T07:46:58","date_gmt":"2023-08-02T05:46:58","guid":{"rendered":"https:\/\/www.greenpeace.org\/luxembourg\/?p=19322"},"modified":"2023-08-02T07:47:00","modified_gmt":"2023-08-02T05:47:00","slug":"der-erdueberlastungstag-ein-symbol-fuer-ein-gescheitertes-wirtschaftssystem","status":"publish","type":"post","link":"https:\/\/www.greenpeace.org\/luxembourg\/de\/presseerklaerungen\/19322\/der-erdueberlastungstag-ein-symbol-fuer-ein-gescheitertes-wirtschaftssystem\/","title":{"rendered":"Der Erd\u00fcberlastungstag, ein Symbol f\u00fcr ein gescheitertes Wirtschaftssystem\u00a0"},"content":{"rendered":"\n<p><em>Luxemburg, <\/em>2. August 2023 <em>&#8211; <\/em><strong>Das Global Footprint Network schl\u00e4gt Alarm: Der heutige Tag markiert den Zeitpunkt im Jahr, an dem die Menschheit alle nat\u00fcrlichen Ressourcen verbraucht hat, die ihr eigentlich f\u00fcr das gesamte Jahr zur Verf\u00fcgung stehen. W\u00e4hrend sich Jahr f\u00fcr Jahr die Auswirkungen unseres Wirtschaftswachstums verst\u00e4rken, steht unsere Erde in Flammen. Priorit\u00e4ten m\u00fcssen endlich \u00fcberdacht und konkrete L\u00f6sungen herbeigef\u00fchrt werden. Greenpeace dr\u00e4ngt auf ein Wirtschaftssystem, in dem eine ausreichende Versorgung und nicht das Streben nach Profit im Vordergrund steht.<\/strong><\/p>\n\n<p>Der Erd\u00fcberlastungstag (engl.: Earth Overshoot Day) bekr\u00e4ftigt zum wiederholten Mal, dass die Menschheit dabei ist, ihren nat\u00fcrlichen Ressourcenbedarf sowie die Grenzen des Planeten um ein Vielfaches zu \u00fcberschreiten. Zur Erinnerung: Luxemburg erreichte diese Grenze dieses Jahr bereits am 14. Februar! [1] F\u00fcr eine Chance auf eine nachhaltige Zukunft muss klar sein, dass Umwelt, Menschen, Gesellschaft und Wirtschaft alle miteinander verbunden und voneinander abh\u00e4ngig sind.<\/p>\n\n<p>Die Exzesse der menschlichen Produktion, die einen scheinbar uners\u00e4ttlichen Konsum n\u00e4hren, \u00e4u\u00dfern sich in der Zerst\u00f6rung der weltweiten \u00d6kosysteme und im Klimawandel. Die Folgen sind katastrophal (D\u00fcrren, Br\u00e4nde, \u00dcberschwemmungen&#8230;) und haben sich in den letzten Jahren verschlimmert. Anfang Juli wurden fast t\u00e4glich neue Hitzerekorde vermerkt [2], w\u00e4hrend&nbsp; der Mittelmeerraum von Flammen und extremen Temperaturen heimgesucht wird. Selbst in Luxemburg sind die Auswirkungen des Klimawandels zu sp\u00fcren: Kranke W\u00e4lder und eine rapide abnehmende Biodiversit\u00e4t [3] geh\u00f6ren zu den Konsequenzen abnormaler D\u00fcrreperioden, die sich immer regelm\u00e4\u00dfiger ereignen [4].<\/p>\n\n<p>Laut Fr\u00e9d\u00e9ric Meys von Greenpeace Luxemburg &#8220;<em>ist es an der Zeit, unser haupts\u00e4chlich auf Wachstum orientiertes Wirtschaftssystem zu \u00fcberdenken und auf ein alternatives Modell umzusteigen, in dem das Wohlergehen aller wichtiger ist, als der Abbau nat\u00fcrlicher Ressourcen. Dar\u00fcber hinaus sollte einer der Grunds\u00e4tze der Steuerreform das Verursacherprinzip sein, um eine Umverteilung des Wohlstands zu erm\u00f6glichen und gleichzeitig die Gesundheit unseres Planeten zu bewahren. Denn zu den gr\u00f6\u00dften Umwelts\u00fcndern z\u00e4hlen vor allem fossile Energieunternehmen und Teile der Elite, die f\u00fcr die extremen Wetterereignisse, unter denen wir leiden, mitverantwortlich sind<\/em>.&#8221;<\/p>\n\n<p>Greenpeace fordert ehrgeizige L\u00f6sungen, um den aktuellen Herausforderungen gerecht zu werden. Dies soll durch die Entwicklung einer echten Kreislaufwirtschaft geschehen, in der die Reduzierung der Umweltauswirkungen menschlicher Aktivit\u00e4ten Vorrang hat und das Wirtschaftssystem auf Suffizienz statt auf Profit ausgerichtet ist.<\/p>\n\n<hr class=\"wp-block-separator has-alpha-channel-opacity is-style-wide\"\/>\n\n<p class=\"has-small-font-size\"><strong>Notizen:&nbsp;<\/strong><\/p>\n\n<p class=\"has-small-font-size\">[1] Wenn die gesamte Weltbev\u00f6lkerung so leben w\u00fcrde wie die Einwohner:innen Luxemburgs, w\u00e4ren die planetaren Ressourcen bereits im Februar ersch\u00f6pft. Das bedeutet, wir w\u00fcrden mehr als sieben Planeten ben\u00f6tigen, um unseren Konsumhunger zu stillen. Weitere Informationen finden Sie <a href=\"https:\/\/www.overshootday.org\/newsroom\/country-overshoot-days\/\">hier<\/a>.<br>[2] Die <em>World Meterological Organisation <\/em>erkl\u00e4rte den 6. Juli 2023 als den hei\u00dfesten Tag, der je aufgezeichnet wurde. Der Monat Juli ging bis dato als w\u00e4rmster Monat in die Geschichte ein.<br>[3] 2022 alarmierte das <em>Observatoire de l\u2019environnement naturel<\/em> \u00fcber den Verlust der Artenvielfalt und 2023 wies das STATEC in einer Ver\u00f6ffentlichung erneut auf den kritischen Gesundheitszustand dr Luxemburger W\u00e4lder hin.<br>[4] 2022 war das w\u00e4rmste Jahr, das je in Luxemburg registriert wurde und gleichzeitig der trockenste Sommer seit 1921. Mehr Informationen <a href=\"https:\/\/gouvernement.lu\/fr\/actualites\/toutes_actualites\/communiques\/2022\/12-decembre\/27-agrimeteo.html\">hier<\/a>.&nbsp;<\/p>\n","protected":false},"excerpt":{"rendered":"<p>Das Global Footprint Network schl\u00e4gt Alarm: Der heutige Tag markiert den Zeitpunkt im Jahr, an dem die Menschheit alle nat\u00fcrlichen Ressourcen verbraucht hat, die ihr&hellip;<\/p>\n","protected":false},"author":25,"featured_media":19320,"comment_status":"closed","ping_status":"closed","sticky":false,"template":"","format":"standard","meta":{"ep_exclude_from_search":false,"p4_og_title":"","p4_og_description":"","p4_og_image":"","p4_og_image_id":"","p4_seo_canonical_url":"","p4_campaign_name":"","p4_local_project":"System Change","p4_basket_name":"","p4_department":"","footnotes":""},"categories":[48],"tags":[65],"p4-page-type":[69],"class_list":["post-19322","post","type-post","status-publish","format-standard","has-post-thumbnail","hentry","category-klima","tag-klimawandel","p4-page-type-presseerklaerungen"],"yoast_head":"<!-- This site is optimized with the Yoast SEO Premium plugin v23.9 (Yoast SEO v23.9) - https:\/\/yoast.com\/wordpress\/plugins\/seo\/ -->\n<title>Der Erd\u00fcberlastungstag, ein Symbol f\u00fcr ein gescheitertes Wirtschaftssystem\u00a0 - Greenpeace Luxembourg<\/title>\n<meta name=\"robots\" content=\"index, follow, max-snippet:-1, max-image-preview:large, max-video-preview:-1\" \/>\n<link rel=\"canonical\" href=\"https:\/\/www.greenpeace.org\/luxembourg\/de\/presseerklaerungen\/19322\/der-erdueberlastungstag-ein-symbol-fuer-ein-gescheitertes-wirtschaftssystem\/\" \/>\n<meta property=\"og:locale\" content=\"de_DE\" \/>\n<meta property=\"og:type\" content=\"article\" \/>\n<meta property=\"og:title\" content=\"Der Erd\u00fcberlastungstag, ein Symbol f\u00fcr ein gescheitertes Wirtschaftssystem\u00a0\" \/>\n<meta property=\"og:description\" content=\"Das Global Footprint Network schl\u00e4gt Alarm: Der heutige Tag markiert den Zeitpunkt im Jahr, an dem die Menschheit alle nat\u00fcrlichen Ressourcen verbraucht hat, die ihr&hellip;\" \/>\n<meta property=\"og:url\" content=\"https:\/\/www.greenpeace.org\/luxembourg\/de\/presseerklaerungen\/19322\/der-erdueberlastungstag-ein-symbol-fuer-ein-gescheitertes-wirtschaftssystem\/\" \/>\n<meta property=\"og:site_name\" content=\"Greenpeace Luxembourg\" \/>\n<meta property=\"article:publisher\" content=\"https:\/\/www.facebook.com\/greenpeaceluxembourg\" \/>\n<meta property=\"article:published_time\" content=\"2023-08-02T05:46:58+00:00\" \/>\n<meta property=\"article:modified_time\" content=\"2023-08-02T05:47:00+00:00\" \/>\n<meta property=\"og:image\" content=\"https:\/\/www.greenpeace.org\/static\/planet4-luxembourg-stateless\/2023\/08\/85760e00-gp048ty_web_size.jpg\" \/>\n\t<meta property=\"og:image:width\" content=\"800\" \/>\n\t<meta property=\"og:image:height\" content=\"541\" \/>\n\t<meta property=\"og:image:type\" content=\"image\/jpeg\" \/>\n<meta name=\"author\" content=\"Esther Wildanger\" \/>\n<meta name=\"twitter:card\" content=\"summary_large_image\" \/>\n<meta name=\"twitter:label1\" content=\"Written by\" \/>\n\t<meta name=\"twitter:data1\" content=\"Esther Wildanger\" \/>\n\t<meta name=\"twitter:label2\" content=\"Est. reading time\" \/>\n\t<meta name=\"twitter:data2\" content=\"3 minutes\" \/>\n<script type=\"application\/ld+json\" class=\"yoast-schema-graph\">{\"@context\":\"https:\/\/schema.org\",\"@graph\":[{\"@type\":\"Article\",\"@id\":\"https:\/\/www.greenpeace.org\/luxembourg\/de\/presseerklaerungen\/19322\/der-erdueberlastungstag-ein-symbol-fuer-ein-gescheitertes-wirtschaftssystem\/#article\",\"isPartOf\":{\"@id\":\"https:\/\/www.greenpeace.org\/luxembourg\/de\/presseerklaerungen\/19322\/der-erdueberlastungstag-ein-symbol-fuer-ein-gescheitertes-wirtschaftssystem\/\"},\"author\":{\"name\":\"Esther Wildanger\",\"@id\":\"https:\/\/www.greenpeace.org\/luxembourg\/fr\/#\/schema\/person\/3d0e81a859b59009fec36a8552ef76a7\"},\"headline\":\"Der Erd\u00fcberlastungstag, ein Symbol f\u00fcr ein gescheitertes Wirtschaftssystem\u00a0\",\"datePublished\":\"2023-08-02T05:46:58+00:00\",\"dateModified\":\"2023-08-02T05:47:00+00:00\",\"mainEntityOfPage\":{\"@id\":\"https:\/\/www.greenpeace.org\/luxembourg\/de\/presseerklaerungen\/19322\/der-erdueberlastungstag-ein-symbol-fuer-ein-gescheitertes-wirtschaftssystem\/\"},\"wordCount\":536,\"publisher\":{\"@id\":\"https:\/\/www.greenpeace.org\/luxembourg\/fr\/#organization\"},\"image\":{\"@id\":\"https:\/\/www.greenpeace.org\/luxembourg\/de\/presseerklaerungen\/19322\/der-erdueberlastungstag-ein-symbol-fuer-ein-gescheitertes-wirtschaftssystem\/#primaryimage\"},\"thumbnailUrl\":\"https:\/\/www.greenpeace.org\/static\/planet4-luxembourg-stateless\/2023\/08\/85760e00-gp048ty_web_size.jpg\",\"keywords\":[\"Klimawandel\"],\"articleSection\":[\"Klima\"],\"inLanguage\":\"de-LU\"},{\"@type\":\"WebPage\",\"@id\":\"https:\/\/www.greenpeace.org\/luxembourg\/de\/presseerklaerungen\/19322\/der-erdueberlastungstag-ein-symbol-fuer-ein-gescheitertes-wirtschaftssystem\/\",\"url\":\"https:\/\/www.greenpeace.org\/luxembourg\/de\/presseerklaerungen\/19322\/der-erdueberlastungstag-ein-symbol-fuer-ein-gescheitertes-wirtschaftssystem\/\",\"name\":\"Der Erd\u00fcberlastungstag, ein Symbol f\u00fcr ein gescheitertes Wirtschaftssystem\u00a0 - Greenpeace Luxembourg\",\"isPartOf\":{\"@id\":\"https:\/\/www.greenpeace.org\/luxembourg\/fr\/#website\"},\"primaryImageOfPage\":{\"@id\":\"https:\/\/www.greenpeace.org\/luxembourg\/de\/presseerklaerungen\/19322\/der-erdueberlastungstag-ein-symbol-fuer-ein-gescheitertes-wirtschaftssystem\/#primaryimage\"},\"image\":{\"@id\":\"https:\/\/www.greenpeace.org\/luxembourg\/de\/presseerklaerungen\/19322\/der-erdueberlastungstag-ein-symbol-fuer-ein-gescheitertes-wirtschaftssystem\/#primaryimage\"},\"thumbnailUrl\":\"https:\/\/www.greenpeace.org\/static\/planet4-luxembourg-stateless\/2023\/08\/85760e00-gp048ty_web_size.jpg\",\"datePublished\":\"2023-08-02T05:46:58+00:00\",\"dateModified\":\"2023-08-02T05:47:00+00:00\",\"breadcrumb\":{\"@id\":\"https:\/\/www.greenpeace.org\/luxembourg\/de\/presseerklaerungen\/19322\/der-erdueberlastungstag-ein-symbol-fuer-ein-gescheitertes-wirtschaftssystem\/#breadcrumb\"},\"inLanguage\":\"de-LU\",\"potentialAction\":[{\"@type\":\"ReadAction\",\"target\":[\"https:\/\/www.greenpeace.org\/luxembourg\/de\/presseerklaerungen\/19322\/der-erdueberlastungstag-ein-symbol-fuer-ein-gescheitertes-wirtschaftssystem\/\"]}]},{\"@type\":\"ImageObject\",\"inLanguage\":\"de-LU\",\"@id\":\"https:\/\/www.greenpeace.org\/luxembourg\/de\/presseerklaerungen\/19322\/der-erdueberlastungstag-ein-symbol-fuer-ein-gescheitertes-wirtschaftssystem\/#primaryimage\",\"url\":\"https:\/\/www.greenpeace.org\/static\/planet4-luxembourg-stateless\/2023\/08\/85760e00-gp048ty_web_size.jpg\",\"contentUrl\":\"https:\/\/www.greenpeace.org\/static\/planet4-luxembourg-stateless\/2023\/08\/85760e00-gp048ty_web_size.jpg\",\"width\":800,\"height\":541,\"caption\":\"Aerial view of brown coal (lignite) power plants between Spremberg and Weisswasser (Lausitz, Brandenburg). In the foreground the coal power plant Schwarze Pumpe and in the background the coal power plant Boxberg (Vattenfall Europe). Luftaufnahme des Braunkohlereviers zwischen Spremberg und Weisswasser in der Lausitz (Brandenburg). Vorne Braunkohlenkraftwerk Schwarze Pumpe, hinten Braunkohlenkraftwerk Boxberg, beide betrieben von der Vattenfall Europe Group.\"},{\"@type\":\"BreadcrumbList\",\"@id\":\"https:\/\/www.greenpeace.org\/luxembourg\/de\/presseerklaerungen\/19322\/der-erdueberlastungstag-ein-symbol-fuer-ein-gescheitertes-wirtschaftssystem\/#breadcrumb\",\"itemListElement\":[{\"@type\":\"ListItem\",\"position\":1,\"name\":\"Home\",\"item\":\"http:\/\/www.greenpeace.org\/luxembourg\/fr\/\"},{\"@type\":\"ListItem\",\"position\":2,\"name\":\"Der Erd\u00fcberlastungstag, ein Symbol f\u00fcr ein gescheitertes Wirtschaftssystem\u00a0\"}]},{\"@type\":\"WebSite\",\"@id\":\"https:\/\/www.greenpeace.org\/luxembourg\/fr\/#website\",\"url\":\"https:\/\/www.greenpeace.org\/luxembourg\/fr\/\",\"name\":\"Greenpeace Luxembourg\",\"description\":\"Greenpeace existiert, weil unsere Erde eine Stimme braucht. Sie ben\u00f6tigt L\u00f6sungen. Ver\u00e4nderungen. Aktionen.\",\"publisher\":{\"@id\":\"https:\/\/www.greenpeace.org\/luxembourg\/fr\/#organization\"},\"potentialAction\":[{\"@type\":\"SearchAction\",\"target\":{\"@type\":\"EntryPoint\",\"urlTemplate\":\"https:\/\/www.greenpeace.org\/luxembourg\/fr\/?s={search_term_string}\"},\"query-input\":{\"@type\":\"PropertyValueSpecification\",\"valueRequired\":true,\"valueName\":\"search_term_string\"}}],\"inLanguage\":\"de-LU\"},{\"@type\":\"Organization\",\"@id\":\"https:\/\/www.greenpeace.org\/luxembourg\/fr\/#organization\",\"name\":\"Greenpeace Luxembourg\",\"url\":\"https:\/\/www.greenpeace.org\/luxembourg\/fr\/\",\"logo\":{\"@type\":\"ImageObject\",\"inLanguage\":\"de-LU\",\"@id\":\"https:\/\/www.greenpeace.org\/luxembourg\/fr\/#\/schema\/logo\/image\/\",\"url\":\"https:\/\/www.greenpeace.org\/static\/planet4-luxembourg-stateless\/2026\/03\/3e367f94-greenpeace_logo_green_rgb.png\",\"contentUrl\":\"https:\/\/www.greenpeace.org\/static\/planet4-luxembourg-stateless\/2026\/03\/3e367f94-greenpeace_logo_green_rgb.png\",\"width\":1080,\"height\":175,\"caption\":\"Greenpeace Luxembourg\"},\"image\":{\"@id\":\"https:\/\/www.greenpeace.org\/luxembourg\/fr\/#\/schema\/logo\/image\/\"},\"sameAs\":[\"https:\/\/www.facebook.com\/greenpeaceluxembourg\",\"https:\/\/www.instagram.com\/greenpeacelux\/\",\"https:\/\/www.linkedin.com\/company\/greenpeace-luxembourg\/\",\"https:\/\/www.threads.com\/@greenpeacelux\",\"https:\/\/bsky.app\/profile\/greenpeacelux.bsky.social\",\"https:\/\/www.youtube.com\/@GreenpeaceLux\",\"https:\/\/www.tiktok.com\/@greenpeace_lux\"]},{\"@type\":\"Person\",\"@id\":\"https:\/\/www.greenpeace.org\/luxembourg\/fr\/#\/schema\/person\/3d0e81a859b59009fec36a8552ef76a7\",\"name\":\"Esther Wildanger\",\"url\":\"https:\/\/www.greenpeace.org\/luxembourg\/de\/author\/ewildang\/\"}]}<\/script>\n<!-- \/ Yoast SEO Premium plugin. -->","yoast_head_json":{"title":"Der Erd\u00fcberlastungstag, ein Symbol f\u00fcr ein gescheitertes Wirtschaftssystem\u00a0 - Greenpeace Luxembourg","robots":{"index":"index","follow":"follow","max-snippet":"max-snippet:-1","max-image-preview":"max-image-preview:large","max-video-preview":"max-video-preview:-1"},"canonical":"https:\/\/www.greenpeace.org\/luxembourg\/de\/presseerklaerungen\/19322\/der-erdueberlastungstag-ein-symbol-fuer-ein-gescheitertes-wirtschaftssystem\/","og_locale":"de_DE","og_type":"article","og_title":"Der Erd\u00fcberlastungstag, ein Symbol f\u00fcr ein gescheitertes Wirtschaftssystem\u00a0","og_description":"Das Global Footprint Network schl\u00e4gt Alarm: Der heutige Tag markiert den Zeitpunkt im Jahr, an dem die Menschheit alle nat\u00fcrlichen Ressourcen verbraucht hat, die ihr&hellip;","og_url":"https:\/\/www.greenpeace.org\/luxembourg\/de\/presseerklaerungen\/19322\/der-erdueberlastungstag-ein-symbol-fuer-ein-gescheitertes-wirtschaftssystem\/","og_site_name":"Greenpeace Luxembourg","article_publisher":"https:\/\/www.facebook.com\/greenpeaceluxembourg","article_published_time":"2023-08-02T05:46:58+00:00","article_modified_time":"2023-08-02T05:47:00+00:00","og_image":[{"width":800,"height":541,"url":"https:\/\/www.greenpeace.org\/static\/planet4-luxembourg-stateless\/2023\/08\/85760e00-gp048ty_web_size.jpg","type":"image\/jpeg"}],"author":"Esther Wildanger","twitter_card":"summary_large_image","twitter_misc":{"Written by":"Esther Wildanger","Est. reading time":"3 minutes"},"schema":{"@context":"https:\/\/schema.org","@graph":[{"@type":"Article","@id":"https:\/\/www.greenpeace.org\/luxembourg\/de\/presseerklaerungen\/19322\/der-erdueberlastungstag-ein-symbol-fuer-ein-gescheitertes-wirtschaftssystem\/#article","isPartOf":{"@id":"https:\/\/www.greenpeace.org\/luxembourg\/de\/presseerklaerungen\/19322\/der-erdueberlastungstag-ein-symbol-fuer-ein-gescheitertes-wirtschaftssystem\/"},"author":{"name":"Esther Wildanger","@id":"https:\/\/www.greenpeace.org\/luxembourg\/fr\/#\/schema\/person\/3d0e81a859b59009fec36a8552ef76a7"},"headline":"Der Erd\u00fcberlastungstag, ein Symbol f\u00fcr ein gescheitertes Wirtschaftssystem\u00a0","datePublished":"2023-08-02T05:46:58+00:00","dateModified":"2023-08-02T05:47:00+00:00","mainEntityOfPage":{"@id":"https:\/\/www.greenpeace.org\/luxembourg\/de\/presseerklaerungen\/19322\/der-erdueberlastungstag-ein-symbol-fuer-ein-gescheitertes-wirtschaftssystem\/"},"wordCount":536,"publisher":{"@id":"https:\/\/www.greenpeace.org\/luxembourg\/fr\/#organization"},"image":{"@id":"https:\/\/www.greenpeace.org\/luxembourg\/de\/presseerklaerungen\/19322\/der-erdueberlastungstag-ein-symbol-fuer-ein-gescheitertes-wirtschaftssystem\/#primaryimage"},"thumbnailUrl":"https:\/\/www.greenpeace.org\/static\/planet4-luxembourg-stateless\/2023\/08\/85760e00-gp048ty_web_size.jpg","keywords":["Klimawandel"],"articleSection":["Klima"],"inLanguage":"de-LU"},{"@type":"WebPage","@id":"https:\/\/www.greenpeace.org\/luxembourg\/de\/presseerklaerungen\/19322\/der-erdueberlastungstag-ein-symbol-fuer-ein-gescheitertes-wirtschaftssystem\/","url":"https:\/\/www.greenpeace.org\/luxembourg\/de\/presseerklaerungen\/19322\/der-erdueberlastungstag-ein-symbol-fuer-ein-gescheitertes-wirtschaftssystem\/","name":"Der Erd\u00fcberlastungstag, ein Symbol f\u00fcr ein gescheitertes Wirtschaftssystem\u00a0 - Greenpeace Luxembourg","isPartOf":{"@id":"https:\/\/www.greenpeace.org\/luxembourg\/fr\/#website"},"primaryImageOfPage":{"@id":"https:\/\/www.greenpeace.org\/luxembourg\/de\/presseerklaerungen\/19322\/der-erdueberlastungstag-ein-symbol-fuer-ein-gescheitertes-wirtschaftssystem\/#primaryimage"},"image":{"@id":"https:\/\/www.greenpeace.org\/luxembourg\/de\/presseerklaerungen\/19322\/der-erdueberlastungstag-ein-symbol-fuer-ein-gescheitertes-wirtschaftssystem\/#primaryimage"},"thumbnailUrl":"https:\/\/www.greenpeace.org\/static\/planet4-luxembourg-stateless\/2023\/08\/85760e00-gp048ty_web_size.jpg","datePublished":"2023-08-02T05:46:58+00:00","dateModified":"2023-08-02T05:47:00+00:00","breadcrumb":{"@id":"https:\/\/www.greenpeace.org\/luxembourg\/de\/presseerklaerungen\/19322\/der-erdueberlastungstag-ein-symbol-fuer-ein-gescheitertes-wirtschaftssystem\/#breadcrumb"},"inLanguage":"de-LU","potentialAction":[{"@type":"ReadAction","target":["https:\/\/www.greenpeace.org\/luxembourg\/de\/presseerklaerungen\/19322\/der-erdueberlastungstag-ein-symbol-fuer-ein-gescheitertes-wirtschaftssystem\/"]}]},{"@type":"ImageObject","inLanguage":"de-LU","@id":"https:\/\/www.greenpeace.org\/luxembourg\/de\/presseerklaerungen\/19322\/der-erdueberlastungstag-ein-symbol-fuer-ein-gescheitertes-wirtschaftssystem\/#primaryimage","url":"https:\/\/www.greenpeace.org\/static\/planet4-luxembourg-stateless\/2023\/08\/85760e00-gp048ty_web_size.jpg","contentUrl":"https:\/\/www.greenpeace.org\/static\/planet4-luxembourg-stateless\/2023\/08\/85760e00-gp048ty_web_size.jpg","width":800,"height":541,"caption":"Aerial view of brown coal (lignite) power plants between Spremberg and Weisswasser (Lausitz, Brandenburg). In the foreground the coal power plant Schwarze Pumpe and in the background the coal power plant Boxberg (Vattenfall Europe). Luftaufnahme des Braunkohlereviers zwischen Spremberg und Weisswasser in der Lausitz (Brandenburg). Vorne Braunkohlenkraftwerk Schwarze Pumpe, hinten Braunkohlenkraftwerk Boxberg, beide betrieben von der Vattenfall Europe Group."},{"@type":"BreadcrumbList","@id":"https:\/\/www.greenpeace.org\/luxembourg\/de\/presseerklaerungen\/19322\/der-erdueberlastungstag-ein-symbol-fuer-ein-gescheitertes-wirtschaftssystem\/#breadcrumb","itemListElement":[{"@type":"ListItem","position":1,"name":"Home","item":"http:\/\/www.greenpeace.org\/luxembourg\/fr\/"},{"@type":"ListItem","position":2,"name":"Der Erd\u00fcberlastungstag, ein Symbol f\u00fcr ein gescheitertes Wirtschaftssystem\u00a0"}]},{"@type":"WebSite","@id":"https:\/\/www.greenpeace.org\/luxembourg\/fr\/#website","url":"https:\/\/www.greenpeace.org\/luxembourg\/fr\/","name":"Greenpeace Luxembourg","description":"Greenpeace existiert, weil unsere Erde eine Stimme braucht. Sie ben\u00f6tigt L\u00f6sungen. Ver\u00e4nderungen. Aktionen.","publisher":{"@id":"https:\/\/www.greenpeace.org\/luxembourg\/fr\/#organization"},"potentialAction":[{"@type":"SearchAction","target":{"@type":"EntryPoint","urlTemplate":"https:\/\/www.greenpeace.org\/luxembourg\/fr\/?s={search_term_string}"},"query-input":{"@type":"PropertyValueSpecification","valueRequired":true,"valueName":"search_term_string"}}],"inLanguage":"de-LU"},{"@type":"Organization","@id":"https:\/\/www.greenpeace.org\/luxembourg\/fr\/#organization","name":"Greenpeace Luxembourg","url":"https:\/\/www.greenpeace.org\/luxembourg\/fr\/","logo":{"@type":"ImageObject","inLanguage":"de-LU","@id":"https:\/\/www.greenpeace.org\/luxembourg\/fr\/#\/schema\/logo\/image\/","url":"https:\/\/www.greenpeace.org\/static\/planet4-luxembourg-stateless\/2026\/03\/3e367f94-greenpeace_logo_green_rgb.png","contentUrl":"https:\/\/www.greenpeace.org\/static\/planet4-luxembourg-stateless\/2026\/03\/3e367f94-greenpeace_logo_green_rgb.png","width":1080,"height":175,"caption":"Greenpeace Luxembourg"},"image":{"@id":"https:\/\/www.greenpeace.org\/luxembourg\/fr\/#\/schema\/logo\/image\/"},"sameAs":["https:\/\/www.facebook.com\/greenpeaceluxembourg","https:\/\/www.instagram.com\/greenpeacelux\/","https:\/\/www.linkedin.com\/company\/greenpeace-luxembourg\/","https:\/\/www.threads.com\/@greenpeacelux","https:\/\/bsky.app\/profile\/greenpeacelux.bsky.social","https:\/\/www.youtube.com\/@GreenpeaceLux","https:\/\/www.tiktok.com\/@greenpeace_lux"]},{"@type":"Person","@id":"https:\/\/www.greenpeace.org\/luxembourg\/fr\/#\/schema\/person\/3d0e81a859b59009fec36a8552ef76a7","name":"Esther Wildanger","url":"https:\/\/www.greenpeace.org\/luxembourg\/de\/author\/ewildang\/"}]}},"_links":{"self":[{"href":"https:\/\/www.greenpeace.org\/luxembourg\/de\/wp-json\/wp\/v2\/posts\/19322","targetHints":{"allow":["GET"]}}],"collection":[{"href":"https:\/\/www.greenpeace.org\/luxembourg\/de\/wp-json\/wp\/v2\/posts"}],"about":[{"href":"https:\/\/www.greenpeace.org\/luxembourg\/de\/wp-json\/wp\/v2\/types\/post"}],"author":[{"embeddable":true,"href":"https:\/\/www.greenpeace.org\/luxembourg\/de\/wp-json\/wp\/v2\/users\/25"}],"replies":[{"embeddable":true,"href":"https:\/\/www.greenpeace.org\/luxembourg\/de\/wp-json\/wp\/v2\/comments?post=19322"}],"version-history":[{"count":2,"href":"https:\/\/www.greenpeace.org\/luxembourg\/de\/wp-json\/wp\/v2\/posts\/19322\/revisions"}],"predecessor-version":[{"id":19324,"href":"https:\/\/www.greenpeace.org\/luxembourg\/de\/wp-json\/wp\/v2\/posts\/19322\/revisions\/19324"}],"wp:featuredmedia":[{"embeddable":true,"href":"https:\/\/www.greenpeace.org\/luxembourg\/de\/wp-json\/wp\/v2\/media\/19320"}],"wp:attachment":[{"href":"https:\/\/www.greenpeace.org\/luxembourg\/de\/wp-json\/wp\/v2\/media?parent=19322"}],"wp:term":[{"taxonomy":"category","embeddable":true,"href":"https:\/\/www.greenpeace.org\/luxembourg\/de\/wp-json\/wp\/v2\/categories?post=19322"},{"taxonomy":"post_tag","embeddable":true,"href":"https:\/\/www.greenpeace.org\/luxembourg\/de\/wp-json\/wp\/v2\/tags?post=19322"},{"taxonomy":"p4-page-type","embeddable":true,"href":"https:\/\/www.greenpeace.org\/luxembourg\/de\/wp-json\/wp\/v2\/p4-page-type?post=19322"}],"curies":[{"name":"wp","href":"https:\/\/api.w.org\/{rel}","templated":true}]}}