{"id":19351,"date":"2023-08-03T13:42:29","date_gmt":"2023-08-03T11:42:29","guid":{"rendered":"https:\/\/www.greenpeace.org\/luxembourg\/?p=19351"},"modified":"2023-08-03T13:42:32","modified_gmt":"2023-08-03T11:42:32","slug":"immer-noch-kein-moratorium-fuer-tiefseebergbau","status":"publish","type":"post","link":"https:\/\/www.greenpeace.org\/luxembourg\/de\/aktualitaet\/19351\/immer-noch-kein-moratorium-fuer-tiefseebergbau\/","title":{"rendered":"Immer noch kein Moratorium f\u00fcr Tiefseebergbau"},"content":{"rendered":"\n<p><strong>Am 28. Juli endeten die Verhandlungen der Internationalen Meeresbodenbeh\u00f6rde (ISA) in Kingston, Jamaika. Die ISA gibt kein gr\u00fcnes Licht f\u00fcr den Tiefseebergbau, versagt aber dabei, die Bedrohung der Tiefsee endg\u00fcltig aus der Welt zu schaffen.<\/strong><\/p>\n\n<h3 class=\"wp-block-heading\"><strong>Verhandlungen unter Hochdruck<\/strong><\/h3>\n\n<p>Seit dem 10. Juli verhandelt die Internationale Meeresbodenbeh\u00f6rde ISA in Kingston, Jamaika, \u00fcber den Tiefseebergbau. L\u00e4nder wie Norwegen, Nauru und Mexiko versuchten, die Verabschiedung von Vorschriften, den so genannten Mining Code, f\u00fcr den Tiefseebergbau zu beschleunigen \u2013 und ihn damit zu erm\u00f6glichen. Dem stellten sich L\u00e4nder wie die Schweiz, Brasilien, Costa Rica, Chile, Vanuatu und Deutschland deutlich entgegen. Am Ende einigte sich die ISA darauf, den Mining Code bis 2025 zu verabschieden.<br><br>\u201c<em>Mit diesem Entscheid ist die Gefahr f\u00fcr die Tiefsee nicht gebannt. Die T\u00fcr f\u00fcr den Raubbau und die skrupellosen Unternehmen ist weiterhin sperrangelweit ge\u00f6ffnet<\/em>\u201d, sagt Greenpeace Meeresexpertin Louisa Casson.<br><br>Auch ist es der ISA nicht gelungen, die Gesetzesl\u00fccke zu schlie\u00dfen, die es Unternehmen erm\u00f6glicht, im n\u00e4chsten Jahr mit dem Abbau in der Tiefsee zu beginnen. Ein solches Unternehmen ist <em>The Metals Company<\/em>, die durch die Schweizer Firma <em>Allseas<\/em> unterst\u00fctzt wird.<br><br>Einzelne L\u00e4nder, wie China, blockieren au\u00dferdem Diskussionen \u00fcber ein Moratorium zum Schutz der Tiefsee. Sie bringen damit den wachsenden Widerstand gegen den Tiefseebergbau genau dort zum Schweigen, wo \u00fcber Gefahren und Risiken des Tiefseebergbaus verhandelt werden sollte.<\/p>\n\n<figure class=\"wp-block-image size-full\"><img loading=\"lazy\" decoding=\"async\" width=\"800\" height=\"533\" src=\"https:\/\/www.greenpeace.org\/static\/planet4-luxembourg-stateless\/2023\/08\/566ad0f5-gp0stx4ln_web_size.jpg\" alt=\"\" class=\"wp-image-19345\" srcset=\"https:\/\/www.greenpeace.org\/static\/planet4-luxembourg-stateless\/2023\/08\/566ad0f5-gp0stx4ln_web_size.jpg 800w, https:\/\/www.greenpeace.org\/static\/planet4-luxembourg-stateless\/2023\/08\/566ad0f5-gp0stx4ln_web_size-300x200.jpg 300w, https:\/\/www.greenpeace.org\/static\/planet4-luxembourg-stateless\/2023\/08\/566ad0f5-gp0stx4ln_web_size-768x512.jpg 768w, https:\/\/www.greenpeace.org\/static\/planet4-luxembourg-stateless\/2023\/08\/566ad0f5-gp0stx4ln_web_size-510x340.jpg 510w\" sizes=\"auto, (max-width: 800px) 100vw, 800px\" \/><figcaption class=\"wp-element-caption\">\u00a9 Greenpeace<\/figcaption><\/figure>\n\n<h3 class=\"wp-block-heading\"><strong>Durch ein Moratorium kann die Bedrohung abgewendet werden<\/strong><\/h3>\n\n<p>Global steigt das Bewusstsein daf\u00fcr, welch gro\u00dfe Bedrohung der Tiefseebergbau darstellt. Die Forderung der indigenen V\u00f6lker nach einem Moratorium erh\u00e4lt gro\u00dfe Unterst\u00fctzung: <a href=\"https:\/\/www.financeforbiodiversity.org\/leading-financial-institutions-call-on-governments-to-not-permit-deep-sea-mining\/\">37 Finanzinstitute<\/a>, \u00fcber <a href=\"https:\/\/seabedminingsciencestatement.org\/\">750 Wissenschaftler:innen<\/a>, die Fischereiindustrie und Tausende von <a href=\"https:\/\/www.greenpeace.org\/luxembourg\/fr\/petition\/exploitation-miniere-eaux-profondes\/\">Greenpeace-Unterst\u00fctzern<\/a> fordern ebenfalls einen Stopp des Tiefseebergbaus. An den Verhandlungen haben sich mehr als 20 Regierungen f\u00fcr ein Moratorium f\u00fcr den Tiefseebergbau eingesetzt.<br><br>\u201c<em>Die Tiefsee ist ein au\u00dfergew\u00f6hnlicher Lebensraum, der viel verletzlicher ist als andere. Wo Tiefseebergbau stattfindet, wird jegliches Leben auf dem Meeresboden zerst\u00f6rt. Es br\u00e4uchte Jahrtausende, um den Schaden eines solchen Eingriffs und dessen Folgen f\u00fcr die Biodiversit\u00e4t zu begrenzen, wom\u00f6glich bleibt er f\u00fcr immer. Die Mitgliedstaaten der ISA m\u00fcssen sich jetzt klar f\u00fcr den Schutz dieses unwiederbringlichen Lebensraums einsetzen und damit entscheiden, welches Erbe sie unseren nachfolgenden Generationen hinterlassen wollen.<\/em>\u201d,&nbsp; betont Louisa Casson.<br><br>Ein Moratorium ist unerl\u00e4sslich, um die unwiederbringliche Zerst\u00f6rung einer der letzten nahezu unber\u00fchrten Lebensr\u00e4ume des Planeten zu sch\u00fctzen. Einige L\u00e4nder, wie Deutschland oder die Schweiz, sind vorangegangen und haben eine Pause beim Tiefseebergbau gefordert. Es ist wichtig, dass sich nun noch weitere Staaten ein Moratorium aussprechen.<br><br><strong>Unterst\u00fctze auch du den wachsenden Widerstand gegen diese zerst\u00f6rerische Industrie, indem du unsere Petition unterzeichnest.<\/strong><\/p>\n\t\t\t<section\n\t\t\tclass=\"boxout post-823 \"\n\t\t\t\n\t\t>\n\t\t\t<a\n\t\t\t\tdata-ga-category=\"Take Action Boxout\"\n\t\t\t\tdata-ga-action=\"Image\"\n\t\t\t\tdata-ga-label=\"n\/a\"\n\t\t\t\tclass=\"cover-card-overlay\"\n\t\t\t\thref=\"https:\/\/www.greenpeace.org\/luxembourg\/de\/handeln\/schuetzen-sie-die-ozeane\/\" \n\t\t\t><\/a>\n\t\t\t\t\t\t\t<img\n\t\t\t\t\t\tsrc=\"https:\/\/www.greenpeace.org\/static\/planet4-luxembourg-stateless\/2019\/05\/4214824b-gp03jy3_medium_res-1024x658.jpg\"\n\t\t\t\t\t\tsrcset=\"https:\/\/www.greenpeace.org\/static\/planet4-luxembourg-stateless\/2019\/05\/4214824b-gp03jy3_medium_res-300x193.jpg 300w, https:\/\/www.greenpeace.org\/static\/planet4-luxembourg-stateless\/2019\/05\/4214824b-gp03jy3_medium_res-768x493.jpg 768w, https:\/\/www.greenpeace.org\/static\/planet4-luxembourg-stateless\/2019\/05\/4214824b-gp03jy3_medium_res-1024x658.jpg 1024w, https:\/\/www.greenpeace.org\/static\/planet4-luxembourg-stateless\/2019\/05\/4214824b-gp03jy3_medium_res-510x328.jpg 510w, https:\/\/www.greenpeace.org\/static\/planet4-luxembourg-stateless\/2019\/05\/4214824b-gp03jy3_medium_res.jpg 1200w\"\n\t\t\t\t\t\tsizes=\"(min-width: 1000px) 358px, (min-width: 780px) 313px, 88px\"\n\t\t\t\t\t\talt=\"\" title=\"\"\n\t\t\t\t\/>\n            \t\t\t<div class=\"boxout-content\">\n\t\t\t\t\t\t\t\t\t<a\n\t\t\t\t\t\tclass=\"boxout-heading medium\"\n\t\t\t\t\t\tdata-ga-category=\"Take Action Boxout\"\n\t\t\t\t\t\tdata-ga-action=\"Title\"\n\t\t\t\t\t\tdata-ga-label=\"n\/a\"\n\t\t\t\t\t\thref=\"https:\/\/www.greenpeace.org\/luxembourg\/de\/handeln\/schuetzen-sie-die-ozeane\/\"\n\t\t\t\t\t\t\n\t\t\t\t\t>\n\t\t\t\t\t\tSch\u00fctzen Sie die Ozeane\n\t\t\t\t\t<\/a>\n\t\t\t\t\t\t\t\t\t\t\t\t\t<p class=\"boxout-excerpt\">Fordern Sie die Einrichtung von Meeresschutzgebieten, um die Arten dieses wertvollen \u00d6kosystems zu sch\u00fctzen!<\/p>\n\t\t\t\t                                    <a\n                        class=\"btn btn-primary\"\n                        data-ga-category=\"Take Action Boxout\"\n                        data-ga-action=\"Call to Action\"\n                        data-ga-label=\"n\/a\"\n                        href=\"https:\/\/www.greenpeace.org\/luxembourg\/de\/handeln\/schuetzen-sie-die-ozeane\/\"\n                        \n                    >\n                        Machen Sie mit!\n                    <\/a>\n                \t\t\t<\/div>\n\t\t\t\t\t<\/section>\n\t","protected":false},"excerpt":{"rendered":"<p>Am 28. Juli endeten die Verhandlungen der Internationalen Meeresbodenbeh\u00f6rde (ISA) in Kingston, Jamaika. Die ISA gibt kein gr\u00fcnes Licht f\u00fcr den Tiefseebergbau, versagt aber dabei, die Bedrohung der Tiefsee endg\u00fcltig&hellip;<\/p>\n","protected":false},"author":25,"featured_media":19349,"comment_status":"closed","ping_status":"closed","sticky":false,"template":"","format":"standard","meta":{"ep_exclude_from_search":false,"p4_og_title":"","p4_og_description":"","p4_og_image":"","p4_og_image_id":"","p4_seo_canonical_url":"","p4_campaign_name":"Protect the Oceans","p4_local_project":"Deep Sea Mining","p4_basket_name":"Oceans","p4_department":"","footnotes":""},"categories":[24,47],"tags":[56],"p4-page-type":[68],"class_list":["post-19351","post","type-post","status-publish","format-standard","has-post-thumbnail","hentry","category-greenpeace","category-natur","tag-ozeane","p4-page-type-aktualitaet"],"yoast_head":"<!-- This site is optimized with the Yoast SEO Premium plugin v23.9 (Yoast SEO v23.9) - https:\/\/yoast.com\/wordpress\/plugins\/seo\/ -->\n<title>Immer noch kein Moratorium f\u00fcr Tiefseebergbau - Greenpeace Luxembourg<\/title>\n<meta name=\"robots\" content=\"index, follow, max-snippet:-1, max-image-preview:large, max-video-preview:-1\" \/>\n<link rel=\"canonical\" href=\"https:\/\/www.greenpeace.org\/luxembourg\/de\/aktualitaet\/19351\/immer-noch-kein-moratorium-fuer-tiefseebergbau\/\" \/>\n<meta property=\"og:locale\" content=\"de_DE\" \/>\n<meta property=\"og:type\" content=\"article\" \/>\n<meta property=\"og:title\" content=\"Immer noch kein Moratorium f\u00fcr Tiefseebergbau\" \/>\n<meta property=\"og:description\" content=\"Am 28. Juli endeten die Verhandlungen der Internationalen Meeresbodenbeh\u00f6rde (ISA) in Kingston, Jamaika. Die ISA gibt kein gr\u00fcnes Licht f\u00fcr den Tiefseebergbau, versagt aber dabei, die Bedrohung der Tiefsee endg\u00fcltig&hellip;\" \/>\n<meta property=\"og:url\" content=\"https:\/\/www.greenpeace.org\/luxembourg\/de\/aktualitaet\/19351\/immer-noch-kein-moratorium-fuer-tiefseebergbau\/\" \/>\n<meta property=\"og:site_name\" content=\"Greenpeace Luxembourg\" \/>\n<meta property=\"article:publisher\" content=\"https:\/\/www.facebook.com\/greenpeaceluxembourg\" \/>\n<meta property=\"article:published_time\" content=\"2023-08-03T11:42:29+00:00\" \/>\n<meta property=\"article:modified_time\" content=\"2023-08-03T11:42:32+00:00\" \/>\n<meta property=\"og:image\" content=\"https:\/\/www.greenpeace.org\/static\/planet4-luxembourg-stateless\/2023\/08\/b270fa82-gp0stx4ao_medium_res.jpg\" \/>\n\t<meta property=\"og:image:width\" content=\"1200\" \/>\n\t<meta property=\"og:image:height\" content=\"649\" \/>\n\t<meta property=\"og:image:type\" content=\"image\/jpeg\" \/>\n<meta name=\"author\" content=\"Esther Wildanger\" \/>\n<meta name=\"twitter:card\" content=\"summary_large_image\" \/>\n<meta name=\"twitter:label1\" content=\"Written by\" \/>\n\t<meta name=\"twitter:data1\" content=\"Esther Wildanger\" \/>\n\t<meta name=\"twitter:label2\" content=\"Est. reading time\" \/>\n\t<meta name=\"twitter:data2\" content=\"2 minutes\" \/>\n<script type=\"application\/ld+json\" class=\"yoast-schema-graph\">{\"@context\":\"https:\/\/schema.org\",\"@graph\":[{\"@type\":\"Article\",\"@id\":\"https:\/\/www.greenpeace.org\/luxembourg\/de\/aktualitaet\/19351\/immer-noch-kein-moratorium-fuer-tiefseebergbau\/#article\",\"isPartOf\":{\"@id\":\"https:\/\/www.greenpeace.org\/luxembourg\/de\/aktualitaet\/19351\/immer-noch-kein-moratorium-fuer-tiefseebergbau\/\"},\"author\":{\"name\":\"Esther Wildanger\",\"@id\":\"https:\/\/www.greenpeace.org\/luxembourg\/fr\/#\/schema\/person\/3d0e81a859b59009fec36a8552ef76a7\"},\"headline\":\"Immer noch kein Moratorium f\u00fcr Tiefseebergbau\",\"datePublished\":\"2023-08-03T11:42:29+00:00\",\"dateModified\":\"2023-08-03T11:42:32+00:00\",\"mainEntityOfPage\":{\"@id\":\"https:\/\/www.greenpeace.org\/luxembourg\/de\/aktualitaet\/19351\/immer-noch-kein-moratorium-fuer-tiefseebergbau\/\"},\"wordCount\":464,\"publisher\":{\"@id\":\"https:\/\/www.greenpeace.org\/luxembourg\/fr\/#organization\"},\"image\":{\"@id\":\"https:\/\/www.greenpeace.org\/luxembourg\/de\/aktualitaet\/19351\/immer-noch-kein-moratorium-fuer-tiefseebergbau\/#primaryimage\"},\"thumbnailUrl\":\"https:\/\/www.greenpeace.org\/static\/planet4-luxembourg-stateless\/2023\/08\/b270fa82-gp0stx4ao_medium_res.jpg\",\"keywords\":[\"Ozeane\"],\"articleSection\":[\"Greenpeace\",\"Natur\"],\"inLanguage\":\"de-LU\"},{\"@type\":\"WebPage\",\"@id\":\"https:\/\/www.greenpeace.org\/luxembourg\/de\/aktualitaet\/19351\/immer-noch-kein-moratorium-fuer-tiefseebergbau\/\",\"url\":\"https:\/\/www.greenpeace.org\/luxembourg\/de\/aktualitaet\/19351\/immer-noch-kein-moratorium-fuer-tiefseebergbau\/\",\"name\":\"Immer noch kein Moratorium f\u00fcr Tiefseebergbau - Greenpeace Luxembourg\",\"isPartOf\":{\"@id\":\"https:\/\/www.greenpeace.org\/luxembourg\/fr\/#website\"},\"primaryImageOfPage\":{\"@id\":\"https:\/\/www.greenpeace.org\/luxembourg\/de\/aktualitaet\/19351\/immer-noch-kein-moratorium-fuer-tiefseebergbau\/#primaryimage\"},\"image\":{\"@id\":\"https:\/\/www.greenpeace.org\/luxembourg\/de\/aktualitaet\/19351\/immer-noch-kein-moratorium-fuer-tiefseebergbau\/#primaryimage\"},\"thumbnailUrl\":\"https:\/\/www.greenpeace.org\/static\/planet4-luxembourg-stateless\/2023\/08\/b270fa82-gp0stx4ao_medium_res.jpg\",\"datePublished\":\"2023-08-03T11:42:29+00:00\",\"dateModified\":\"2023-08-03T11:42:32+00:00\",\"breadcrumb\":{\"@id\":\"https:\/\/www.greenpeace.org\/luxembourg\/de\/aktualitaet\/19351\/immer-noch-kein-moratorium-fuer-tiefseebergbau\/#breadcrumb\"},\"inLanguage\":\"de-LU\",\"potentialAction\":[{\"@type\":\"ReadAction\",\"target\":[\"https:\/\/www.greenpeace.org\/luxembourg\/de\/aktualitaet\/19351\/immer-noch-kein-moratorium-fuer-tiefseebergbau\/\"]}]},{\"@type\":\"ImageObject\",\"inLanguage\":\"de-LU\",\"@id\":\"https:\/\/www.greenpeace.org\/luxembourg\/de\/aktualitaet\/19351\/immer-noch-kein-moratorium-fuer-tiefseebergbau\/#primaryimage\",\"url\":\"https:\/\/www.greenpeace.org\/static\/planet4-luxembourg-stateless\/2023\/08\/b270fa82-gp0stx4ao_medium_res.jpg\",\"contentUrl\":\"https:\/\/www.greenpeace.org\/static\/planet4-luxembourg-stateless\/2023\/08\/b270fa82-gp0stx4ao_medium_res.jpg\",\"width\":1200,\"height\":649},{\"@type\":\"BreadcrumbList\",\"@id\":\"https:\/\/www.greenpeace.org\/luxembourg\/de\/aktualitaet\/19351\/immer-noch-kein-moratorium-fuer-tiefseebergbau\/#breadcrumb\",\"itemListElement\":[{\"@type\":\"ListItem\",\"position\":1,\"name\":\"Home\",\"item\":\"http:\/\/www.greenpeace.org\/luxembourg\/fr\/\"},{\"@type\":\"ListItem\",\"position\":2,\"name\":\"Immer noch kein Moratorium f\u00fcr Tiefseebergbau\"}]},{\"@type\":\"WebSite\",\"@id\":\"https:\/\/www.greenpeace.org\/luxembourg\/fr\/#website\",\"url\":\"https:\/\/www.greenpeace.org\/luxembourg\/fr\/\",\"name\":\"Greenpeace Luxembourg\",\"description\":\"Greenpeace existiert, weil unsere Erde eine Stimme braucht. Sie ben\u00f6tigt L\u00f6sungen. Ver\u00e4nderungen. Aktionen.\",\"publisher\":{\"@id\":\"https:\/\/www.greenpeace.org\/luxembourg\/fr\/#organization\"},\"potentialAction\":[{\"@type\":\"SearchAction\",\"target\":{\"@type\":\"EntryPoint\",\"urlTemplate\":\"https:\/\/www.greenpeace.org\/luxembourg\/fr\/?s={search_term_string}\"},\"query-input\":{\"@type\":\"PropertyValueSpecification\",\"valueRequired\":true,\"valueName\":\"search_term_string\"}}],\"inLanguage\":\"de-LU\"},{\"@type\":\"Organization\",\"@id\":\"https:\/\/www.greenpeace.org\/luxembourg\/fr\/#organization\",\"name\":\"Greenpeace Luxembourg\",\"url\":\"https:\/\/www.greenpeace.org\/luxembourg\/fr\/\",\"logo\":{\"@type\":\"ImageObject\",\"inLanguage\":\"de-LU\",\"@id\":\"https:\/\/www.greenpeace.org\/luxembourg\/fr\/#\/schema\/logo\/image\/\",\"url\":\"https:\/\/www.greenpeace.org\/static\/planet4-luxembourg-stateless\/2026\/03\/3e367f94-greenpeace_logo_green_rgb.png\",\"contentUrl\":\"https:\/\/www.greenpeace.org\/static\/planet4-luxembourg-stateless\/2026\/03\/3e367f94-greenpeace_logo_green_rgb.png\",\"width\":1080,\"height\":175,\"caption\":\"Greenpeace Luxembourg\"},\"image\":{\"@id\":\"https:\/\/www.greenpeace.org\/luxembourg\/fr\/#\/schema\/logo\/image\/\"},\"sameAs\":[\"https:\/\/www.facebook.com\/greenpeaceluxembourg\",\"https:\/\/www.instagram.com\/greenpeacelux\/\",\"https:\/\/www.linkedin.com\/company\/greenpeace-luxembourg\/\",\"https:\/\/www.threads.com\/@greenpeacelux\",\"https:\/\/bsky.app\/profile\/greenpeacelux.bsky.social\",\"https:\/\/www.youtube.com\/@GreenpeaceLux\",\"https:\/\/www.tiktok.com\/@greenpeace_lux\"]},{\"@type\":\"Person\",\"@id\":\"https:\/\/www.greenpeace.org\/luxembourg\/fr\/#\/schema\/person\/3d0e81a859b59009fec36a8552ef76a7\",\"name\":\"Esther Wildanger\",\"url\":\"https:\/\/www.greenpeace.org\/luxembourg\/de\/author\/ewildang\/\"}]}<\/script>\n<!-- \/ Yoast SEO Premium plugin. -->","yoast_head_json":{"title":"Immer noch kein Moratorium f\u00fcr Tiefseebergbau - Greenpeace Luxembourg","robots":{"index":"index","follow":"follow","max-snippet":"max-snippet:-1","max-image-preview":"max-image-preview:large","max-video-preview":"max-video-preview:-1"},"canonical":"https:\/\/www.greenpeace.org\/luxembourg\/de\/aktualitaet\/19351\/immer-noch-kein-moratorium-fuer-tiefseebergbau\/","og_locale":"de_DE","og_type":"article","og_title":"Immer noch kein Moratorium f\u00fcr Tiefseebergbau","og_description":"Am 28. Juli endeten die Verhandlungen der Internationalen Meeresbodenbeh\u00f6rde (ISA) in Kingston, Jamaika. Die ISA gibt kein gr\u00fcnes Licht f\u00fcr den Tiefseebergbau, versagt aber dabei, die Bedrohung der Tiefsee endg\u00fcltig&hellip;","og_url":"https:\/\/www.greenpeace.org\/luxembourg\/de\/aktualitaet\/19351\/immer-noch-kein-moratorium-fuer-tiefseebergbau\/","og_site_name":"Greenpeace Luxembourg","article_publisher":"https:\/\/www.facebook.com\/greenpeaceluxembourg","article_published_time":"2023-08-03T11:42:29+00:00","article_modified_time":"2023-08-03T11:42:32+00:00","og_image":[{"width":1200,"height":649,"url":"https:\/\/www.greenpeace.org\/static\/planet4-luxembourg-stateless\/2023\/08\/b270fa82-gp0stx4ao_medium_res.jpg","type":"image\/jpeg"}],"author":"Esther Wildanger","twitter_card":"summary_large_image","twitter_misc":{"Written by":"Esther Wildanger","Est. reading time":"2 minutes"},"schema":{"@context":"https:\/\/schema.org","@graph":[{"@type":"Article","@id":"https:\/\/www.greenpeace.org\/luxembourg\/de\/aktualitaet\/19351\/immer-noch-kein-moratorium-fuer-tiefseebergbau\/#article","isPartOf":{"@id":"https:\/\/www.greenpeace.org\/luxembourg\/de\/aktualitaet\/19351\/immer-noch-kein-moratorium-fuer-tiefseebergbau\/"},"author":{"name":"Esther Wildanger","@id":"https:\/\/www.greenpeace.org\/luxembourg\/fr\/#\/schema\/person\/3d0e81a859b59009fec36a8552ef76a7"},"headline":"Immer noch kein Moratorium f\u00fcr Tiefseebergbau","datePublished":"2023-08-03T11:42:29+00:00","dateModified":"2023-08-03T11:42:32+00:00","mainEntityOfPage":{"@id":"https:\/\/www.greenpeace.org\/luxembourg\/de\/aktualitaet\/19351\/immer-noch-kein-moratorium-fuer-tiefseebergbau\/"},"wordCount":464,"publisher":{"@id":"https:\/\/www.greenpeace.org\/luxembourg\/fr\/#organization"},"image":{"@id":"https:\/\/www.greenpeace.org\/luxembourg\/de\/aktualitaet\/19351\/immer-noch-kein-moratorium-fuer-tiefseebergbau\/#primaryimage"},"thumbnailUrl":"https:\/\/www.greenpeace.org\/static\/planet4-luxembourg-stateless\/2023\/08\/b270fa82-gp0stx4ao_medium_res.jpg","keywords":["Ozeane"],"articleSection":["Greenpeace","Natur"],"inLanguage":"de-LU"},{"@type":"WebPage","@id":"https:\/\/www.greenpeace.org\/luxembourg\/de\/aktualitaet\/19351\/immer-noch-kein-moratorium-fuer-tiefseebergbau\/","url":"https:\/\/www.greenpeace.org\/luxembourg\/de\/aktualitaet\/19351\/immer-noch-kein-moratorium-fuer-tiefseebergbau\/","name":"Immer noch kein Moratorium f\u00fcr Tiefseebergbau - Greenpeace Luxembourg","isPartOf":{"@id":"https:\/\/www.greenpeace.org\/luxembourg\/fr\/#website"},"primaryImageOfPage":{"@id":"https:\/\/www.greenpeace.org\/luxembourg\/de\/aktualitaet\/19351\/immer-noch-kein-moratorium-fuer-tiefseebergbau\/#primaryimage"},"image":{"@id":"https:\/\/www.greenpeace.org\/luxembourg\/de\/aktualitaet\/19351\/immer-noch-kein-moratorium-fuer-tiefseebergbau\/#primaryimage"},"thumbnailUrl":"https:\/\/www.greenpeace.org\/static\/planet4-luxembourg-stateless\/2023\/08\/b270fa82-gp0stx4ao_medium_res.jpg","datePublished":"2023-08-03T11:42:29+00:00","dateModified":"2023-08-03T11:42:32+00:00","breadcrumb":{"@id":"https:\/\/www.greenpeace.org\/luxembourg\/de\/aktualitaet\/19351\/immer-noch-kein-moratorium-fuer-tiefseebergbau\/#breadcrumb"},"inLanguage":"de-LU","potentialAction":[{"@type":"ReadAction","target":["https:\/\/www.greenpeace.org\/luxembourg\/de\/aktualitaet\/19351\/immer-noch-kein-moratorium-fuer-tiefseebergbau\/"]}]},{"@type":"ImageObject","inLanguage":"de-LU","@id":"https:\/\/www.greenpeace.org\/luxembourg\/de\/aktualitaet\/19351\/immer-noch-kein-moratorium-fuer-tiefseebergbau\/#primaryimage","url":"https:\/\/www.greenpeace.org\/static\/planet4-luxembourg-stateless\/2023\/08\/b270fa82-gp0stx4ao_medium_res.jpg","contentUrl":"https:\/\/www.greenpeace.org\/static\/planet4-luxembourg-stateless\/2023\/08\/b270fa82-gp0stx4ao_medium_res.jpg","width":1200,"height":649},{"@type":"BreadcrumbList","@id":"https:\/\/www.greenpeace.org\/luxembourg\/de\/aktualitaet\/19351\/immer-noch-kein-moratorium-fuer-tiefseebergbau\/#breadcrumb","itemListElement":[{"@type":"ListItem","position":1,"name":"Home","item":"http:\/\/www.greenpeace.org\/luxembourg\/fr\/"},{"@type":"ListItem","position":2,"name":"Immer noch kein Moratorium f\u00fcr Tiefseebergbau"}]},{"@type":"WebSite","@id":"https:\/\/www.greenpeace.org\/luxembourg\/fr\/#website","url":"https:\/\/www.greenpeace.org\/luxembourg\/fr\/","name":"Greenpeace Luxembourg","description":"Greenpeace existiert, weil unsere Erde eine Stimme braucht. Sie ben\u00f6tigt L\u00f6sungen. Ver\u00e4nderungen. Aktionen.","publisher":{"@id":"https:\/\/www.greenpeace.org\/luxembourg\/fr\/#organization"},"potentialAction":[{"@type":"SearchAction","target":{"@type":"EntryPoint","urlTemplate":"https:\/\/www.greenpeace.org\/luxembourg\/fr\/?s={search_term_string}"},"query-input":{"@type":"PropertyValueSpecification","valueRequired":true,"valueName":"search_term_string"}}],"inLanguage":"de-LU"},{"@type":"Organization","@id":"https:\/\/www.greenpeace.org\/luxembourg\/fr\/#organization","name":"Greenpeace Luxembourg","url":"https:\/\/www.greenpeace.org\/luxembourg\/fr\/","logo":{"@type":"ImageObject","inLanguage":"de-LU","@id":"https:\/\/www.greenpeace.org\/luxembourg\/fr\/#\/schema\/logo\/image\/","url":"https:\/\/www.greenpeace.org\/static\/planet4-luxembourg-stateless\/2026\/03\/3e367f94-greenpeace_logo_green_rgb.png","contentUrl":"https:\/\/www.greenpeace.org\/static\/planet4-luxembourg-stateless\/2026\/03\/3e367f94-greenpeace_logo_green_rgb.png","width":1080,"height":175,"caption":"Greenpeace Luxembourg"},"image":{"@id":"https:\/\/www.greenpeace.org\/luxembourg\/fr\/#\/schema\/logo\/image\/"},"sameAs":["https:\/\/www.facebook.com\/greenpeaceluxembourg","https:\/\/www.instagram.com\/greenpeacelux\/","https:\/\/www.linkedin.com\/company\/greenpeace-luxembourg\/","https:\/\/www.threads.com\/@greenpeacelux","https:\/\/bsky.app\/profile\/greenpeacelux.bsky.social","https:\/\/www.youtube.com\/@GreenpeaceLux","https:\/\/www.tiktok.com\/@greenpeace_lux"]},{"@type":"Person","@id":"https:\/\/www.greenpeace.org\/luxembourg\/fr\/#\/schema\/person\/3d0e81a859b59009fec36a8552ef76a7","name":"Esther Wildanger","url":"https:\/\/www.greenpeace.org\/luxembourg\/de\/author\/ewildang\/"}]}},"_links":{"self":[{"href":"https:\/\/www.greenpeace.org\/luxembourg\/de\/wp-json\/wp\/v2\/posts\/19351","targetHints":{"allow":["GET"]}}],"collection":[{"href":"https:\/\/www.greenpeace.org\/luxembourg\/de\/wp-json\/wp\/v2\/posts"}],"about":[{"href":"https:\/\/www.greenpeace.org\/luxembourg\/de\/wp-json\/wp\/v2\/types\/post"}],"author":[{"embeddable":true,"href":"https:\/\/www.greenpeace.org\/luxembourg\/de\/wp-json\/wp\/v2\/users\/25"}],"replies":[{"embeddable":true,"href":"https:\/\/www.greenpeace.org\/luxembourg\/de\/wp-json\/wp\/v2\/comments?post=19351"}],"version-history":[{"count":3,"href":"https:\/\/www.greenpeace.org\/luxembourg\/de\/wp-json\/wp\/v2\/posts\/19351\/revisions"}],"predecessor-version":[{"id":19354,"href":"https:\/\/www.greenpeace.org\/luxembourg\/de\/wp-json\/wp\/v2\/posts\/19351\/revisions\/19354"}],"wp:featuredmedia":[{"embeddable":true,"href":"https:\/\/www.greenpeace.org\/luxembourg\/de\/wp-json\/wp\/v2\/media\/19349"}],"wp:attachment":[{"href":"https:\/\/www.greenpeace.org\/luxembourg\/de\/wp-json\/wp\/v2\/media?parent=19351"}],"wp:term":[{"taxonomy":"category","embeddable":true,"href":"https:\/\/www.greenpeace.org\/luxembourg\/de\/wp-json\/wp\/v2\/categories?post=19351"},{"taxonomy":"post_tag","embeddable":true,"href":"https:\/\/www.greenpeace.org\/luxembourg\/de\/wp-json\/wp\/v2\/tags?post=19351"},{"taxonomy":"p4-page-type","embeddable":true,"href":"https:\/\/www.greenpeace.org\/luxembourg\/de\/wp-json\/wp\/v2\/p4-page-type?post=19351"}],"curies":[{"name":"wp","href":"https:\/\/api.w.org\/{rel}","templated":true}]}}