{"id":1952,"date":"2018-05-15T00:00:00","date_gmt":"2018-05-15T00:00:00","guid":{"rendered":"https:\/\/www.greenpeace.org\/luxembourg\/actualites\/1952\/meng-landwirtschaft-wahlforderungen-2018\/"},"modified":"2021-12-01T17:34:35","modified_gmt":"2021-12-01T15:34:35","slug":"meng-landwirtschaft-wahlforderungen-2018","status":"publish","type":"post","link":"https:\/\/www.greenpeace.org\/luxembourg\/de\/presseerklaerungen\/1952\/meng-landwirtschaft-wahlforderungen-2018\/","title":{"rendered":"Meng Landwirtschaft: Wahlforderungen 2018"},"content":{"rendered":"<div>\n<p>Kockelscheuer, 15 Mai 2018 \u2013 Die vielen Milliarden und Millionen Euro an EU-Beihilfen und des aktuellen nationalen Agrargesetzes haben vielen B\u00e4uerinnen und Bauern keine ausreichende Zukunftsperspektive gegeben.<\/p>\n<div id=\"attachment_2408\" style=\"width: 1034px\" class=\"wp-caption alignnone\"><img loading=\"lazy\" decoding=\"async\" aria-describedby=\"caption-attachment-2408\" class=\"size-large wp-image-2408\" src=\"https:\/\/www.greenpeace.org\/static\/planet4-luxembourg-stateless\/2018\/05\/837cba6a-menglandwirtschaft_conference_15052018_0046-1024x678.jpg\" alt=\"Die Plattform Meng Landwirtschaft stellt Ihre Wahlforderungen vor.\" width=\"1024\" height=\"678\" srcset=\"https:\/\/www.greenpeace.org\/static\/planet4-luxembourg-stateless\/2018\/05\/837cba6a-menglandwirtschaft_conference_15052018_0046-1024x678.jpg 1024w, https:\/\/www.greenpeace.org\/static\/planet4-luxembourg-stateless\/2018\/05\/837cba6a-menglandwirtschaft_conference_15052018_0046-300x199.jpg 300w, https:\/\/www.greenpeace.org\/static\/planet4-luxembourg-stateless\/2018\/05\/837cba6a-menglandwirtschaft_conference_15052018_0046-768x509.jpg 768w, https:\/\/www.greenpeace.org\/static\/planet4-luxembourg-stateless\/2018\/05\/837cba6a-menglandwirtschaft_conference_15052018_0046-2048x1356.jpg 2048w, https:\/\/www.greenpeace.org\/static\/planet4-luxembourg-stateless\/2018\/05\/837cba6a-menglandwirtschaft_conference_15052018_0046-510x338.jpg 510w\" sizes=\"auto, (max-width: 1024px) 100vw, 1024px\" \/><p id=\"caption-attachment-2408\" class=\"wp-caption-text\">Die Plattform Meng Landwirtschaft stellt Ihre Wahlforderungen vor.<\/p><\/div>\n<p>Die Frustration im Agrarsektor ist nach wie vor sehr gro\u00df: es gibt immer weniger Betriebe, knapper werdendes, teures Agrarland und eine zunehmend weltmarktorientierte Ausrichtung mit niedrigen Preisen sowie substanzielle Umweltbelastungen durch \u201ewirtschaftlich erzwungene\u201c Intensivierung in der Tierhaltung und Pflanzenproduktion. Die in der Plattform <strong>Meng Landwirtschaft<\/strong>* zusammengeschlossenen Organisationen lassen verlauten: Ein \u201eWeiter wie bisher ist keine Option\u201c, da wir sonst die Landwirtschaft subventioniert in den Abgrund f\u00fchren. <strong>Meng Landwirtschaft<\/strong>* hat mit seinen 6 Wahlforderungen die dringendsten Punkte zur Agrarpolitik f\u00fcr die k\u00fcnftige Regierung zusammengefasst.<br \/>\n<\/p>\n<p>\u201e<em>Ein dringender <\/em><em><strong>Paradigmenwechsel bei der Verteilung der \u00f6ffentlichen Gelder <\/strong><\/em><em>ist bitter notwendig<\/em>\u201c beklagt Raymond Aendekerk, Agrar-Ingenieur und Direktor bei Greenpeace. Statt der Subventionierung immer gr\u00f6\u00dfer werdender Betriebe mit einseitiger, industriell orientierter Produktion m\u00fcssen diversifizierte b\u00e4uerliche Strukturen und Betriebe mit \u00fcberschaubarer Gr\u00f6\u00dfe und engagierten Menschen bevorzugt gef\u00f6rdert werden, z.B. durch eine der Gr\u00f6\u00dfe nach degressiv gestaffelte Subvention. Raymond Aendekerk ist \u00fcberzeugt: \u201e<em>Die <\/em><strong><em>Biologische Landwirtschaft <\/em><\/strong><em>liefert beste, bew\u00e4hrte und gepr\u00fcfte Argumente f\u00fcr eine Neuausrichtung der Landwirtschaft und soll daher wesentlich st\u00e4rker von den \u00f6ffentlichen Geldern profitieren. Die F\u00f6rderung des Berufes des Landwirtes soll durch bessere, gesamtheitliche Ausbildung und\u00a0Zugang zu geeigneten Grundst\u00fccken erfolgen. Somit w\u00e4re es m\u00f6glich, im Rahmen eines effektiven und effizienten Aktionsplans bis 2025 mindestens 20% der Agrarfl\u00e4che biologisch zu bewirtschaften.<\/em>\u201c<br \/>\n<\/p>\n<p><strong>Meng Landwirtschaft<\/strong> fordert eine<strong> ressourcenvertr\u00e4gliche Landwirtschaft mit einer Reduzierung der tierischen und einer Ausweitung und Diversifizierung der pflanzlichen Produktion<\/strong><strong>.<\/strong> Die Landwirtschaft muss auf ein ganzheitliches Konzept ausgerichtet werden, welches eine standortangepasste, ressourcen- und naturschonende, tiergerechte und sozialvertr\u00e4gliche Produktion anstrebt. Eine Reduzierung der Milch- und Fleischproduktion um jeweils ein Drittel w\u00fcrde bis zum Jahr 2025 den <strong>Eiwei\u00dffuttermittel-Import wesentlich verringern und somit besonders dem Klimaschutz zu Gute kommen.<\/strong> Laure Cales, Verantwortliche f\u00fcr politische Arbeit bei natur&amp;\u00ebmwelt erkl\u00e4rt: \u201e<em>Lebensmittel, sowie auch Futtermittel, die in Luxemburg und Umgebung verbraucht werden, sollen auch vorrangig bei uns oder in der Gro\u00dfregion produziert, verarbeitet und gehandelt werden<\/em>\u201c.<br \/>\n<\/p>\n<p><strong>Meng Landwirtschaft<\/strong> w\u00fcnscht sich mehr<strong> Raum f\u00fcr neue zukunftsf\u00e4hige Entwicklungen in der Landwirtschaft<\/strong>. Die direkte Beziehung des Konsumenten zum Produzenten und zum lokalen Einzelhandel erh\u00f6ht die Solidarit\u00e4t und ergibt mehr Resilienz im l\u00e4ndlichen Raum. Eine transparente Wertsch\u00f6pfungskette erlaubt es, dass \u00f6kologische und sozio\u00f6konomische Kriterien im Einklang stehen mit einer zufriedenstellenden wirtschaftlichen Leistung in der Region zum Wohle aller. Eine offene Plattform und Finanzierungsm\u00f6glichkeiten f\u00fcr \u00f6kologische und sozio\u00f6konomische Projekte muss geschaffen werden.<br \/>\n<\/p>\n<p>Jean Feyder, ASTM, verweist dar\u00fcber hinaus auf die Verantwortung der Regierung gegen\u00fcber den L\u00e4ndern des S\u00fcdens: \u201e<em>Wir m\u00fcssen <\/em><em><strong>\u00fcber den Luxemburger Tellerrand hinausblicken <\/strong>und die Regierung muss im Rahmen ihrer Kooperationspolitik der Landwirtschaft eine neue Priorit\u00e4t einr\u00e4umen<\/em>\u201c. Hier gilt es die an den Prinzipien des \u00f6kologischen Landbaus orientierte kleinb\u00e4uerliche Landwirtschaft in den Mittelpunkt zu stellen, eine gerechte Regulierung der Agrarm\u00e4rkte in den Entwicklungsl\u00e4ndern zu beg\u00fcnstigen, eine Neuausrichtung der EU-Handelspolitik voranzutreiben und die Ern\u00e4hrungs-Souver\u00e4nit\u00e4t zu garantieren.\u00a0<strong>Meng Landwirtschaft<\/strong> unterst\u00fctzt die B\u00e4uerinnen und Bauern bei der Erhaltung von Subventionen, sie fordert jedoch, dass diese nach Kriterien erfolgen die einen gesamtgesellschaftlichen Nutzen bringen.<\/p>\n<p style=\"text-align: center;\"><strong>\u00a0&gt;&gt; <a href=\"https:\/\/www.greenpeace.org\/static\/planet4-luxembourg-stateless\/2018\/10\/5981e29e-5981e29e-wahlforderungen-meng-landwirtschaft-15.05.2018.pdf\">Die Wahlforderungen im Detail<\/a> &lt;&lt;<\/strong><\/p>\n<p><em>*natur&amp;\u00ebmwelt a.s.b.l., Bio-L\u00ebtzebuerg \u2013 Vereenegung fir Bio-Landwirtschaft L\u00ebtzebuerg asbl, Greenpeace Luxemburg, Action Solidarit\u00e9 Tiers Monde, SOS Faim Luxembourg, Mouvement Ecologique, Caritas Luxembourg, Aide \u00e0 l\u2019Enfance de l\u2019Inde et du N\u00e9pal, attac, CELL, Cercle de Coop\u00e9ration, Emweltberodung L\u00ebtzbuerg, Eglise catholique \u00e0 Luxembourg, etika, Fairtrade L\u00ebtzebuerg, Fr\u00e8res des Hommes, L\u00ebtzebuerger Landesverband fir Beienzucht, Ligue CTF, SEED, Slow Food Luxembourg, VegInfo Luxembourg und Vegan Society Luxembourg<\/em><br \/>\n<em>* Meng Landwirtschaft hat mit dem Dokument \u201eLandwirtschaft 2.0, Ein Pl\u00e4doyer f\u00fcr eine Neue Agrarpolitik in Luxemburg\u201c eine umfangreiche Dokumentation zum Thema erstellt. (www.meng-landwirtschaft.lu)<\/em><\/p>\n\t\t\t<section\n\t\t\tclass=\"boxout post-867 \"\n\t\t\t\n\t\t>\n\t\t\t<a\n\t\t\t\tdata-ga-category=\"Take Action Boxout\"\n\t\t\t\tdata-ga-action=\"Image\"\n\t\t\t\tdata-ga-label=\"n\/a\"\n\t\t\t\tclass=\"cover-card-overlay\"\n\t\t\t\thref=\"https:\/\/www.greenpeace.org\/luxembourg\/de\/handeln\/meng-landwirtschaft\/\" \n\t\t\t><\/a>\n\t\t\t\t\t\t\t<img\n\t\t\t\t\t\tsrc=\"https:\/\/www.greenpeace.org\/static\/planet4-luxembourg-stateless\/2022\/11\/b43e1c14-gp0stpa95_pressmedia-1024x683.jpg\"\n\t\t\t\t\t\tsrcset=\"https:\/\/www.greenpeace.org\/static\/planet4-luxembourg-stateless\/2022\/11\/b43e1c14-gp0stpa95_pressmedia-300x200.jpg 300w, https:\/\/www.greenpeace.org\/static\/planet4-luxembourg-stateless\/2022\/11\/b43e1c14-gp0stpa95_pressmedia-1024x683.jpg 1024w, https:\/\/www.greenpeace.org\/static\/planet4-luxembourg-stateless\/2022\/11\/b43e1c14-gp0stpa95_pressmedia-768x513.jpg 768w, https:\/\/www.greenpeace.org\/static\/planet4-luxembourg-stateless\/2022\/11\/b43e1c14-gp0stpa95_pressmedia-1536x1025.jpg 1536w, https:\/\/www.greenpeace.org\/static\/planet4-luxembourg-stateless\/2022\/11\/b43e1c14-gp0stpa95_pressmedia-2048x1366.jpg 2048w, https:\/\/www.greenpeace.org\/static\/planet4-luxembourg-stateless\/2022\/11\/b43e1c14-gp0stpa95_pressmedia-510x340.jpg 510w\"\n\t\t\t\t\t\tsizes=\"(min-width: 1000px) 358px, (min-width: 780px) 313px, 88px\"\n\t\t\t\t\t\talt=\"P\u00e9tition | Loi agraire\" title=\"P\u00e9tition | Loi agraire\"\n\t\t\t\t\/>\n            \t\t\t<div class=\"boxout-content\">\n\t\t\t\t\t\t\t\t\t<a\n\t\t\t\t\t\tclass=\"boxout-heading medium\"\n\t\t\t\t\t\tdata-ga-category=\"Take Action Boxout\"\n\t\t\t\t\t\tdata-ga-action=\"Title\"\n\t\t\t\t\t\tdata-ga-label=\"n\/a\"\n\t\t\t\t\t\thref=\"https:\/\/www.greenpeace.org\/luxembourg\/de\/handeln\/meng-landwirtschaft\/\"\n\t\t\t\t\t\t\n\t\t\t\t\t>\n\t\t\t\t\t\tF\u00fcr eine nachhaltige Landwirtschaft\n\t\t\t\t\t<\/a>\n\t\t\t\t\t\t\t\t                                    <a\n                        class=\"btn btn-primary\"\n                        data-ga-category=\"Take Action Boxout\"\n                        data-ga-action=\"Call to Action\"\n                        data-ga-label=\"n\/a\"\n                        href=\"https:\/\/www.greenpeace.org\/luxembourg\/de\/handeln\/meng-landwirtschaft\/\"\n                        \n                    >\n                        Machen Sie mit!\n                    <\/a>\n                \t\t\t<\/div>\n\t\t\t\t\t<\/section>\n\t","protected":false},"excerpt":{"rendered":"<div>\n\tKockelscheuer &#8211; Die vielen Milliarden und Millionen Euro an EU-Beihilfen und des aktuellen nationalen Agrargesetzes haben vielen B\u00e4uerinnen und Bauern keine ausreichende Zukunftsperspektive gegeben.\n<\/div>\n","protected":false},"author":20,"featured_media":1953,"comment_status":"closed","ping_status":"closed","sticky":false,"template":"","format":"standard","meta":{"ep_exclude_from_search":false,"p4_og_title":"","p4_og_description":"","p4_og_image":"","p4_og_image_id":"","p4_seo_canonical_url":"","p4_campaign_name":"","p4_local_project":"","p4_basket_name":"","p4_department":"","footnotes":""},"categories":[47],"tags":[60,67],"p4-page-type":[69],"class_list":["post-1952","post","type-post","status-publish","format-standard","has-post-thumbnail","hentry","category-natur","tag-luxemburg","tag-nachhaltigelandwirtschaft","p4-page-type-presseerklaerungen"],"yoast_head":"<!-- This site is optimized with the Yoast SEO Premium plugin v23.9 (Yoast SEO v23.9) - https:\/\/yoast.com\/wordpress\/plugins\/seo\/ -->\n<title>Meng Landwirtschaft: Wahlforderungen 2018 - Greenpeace Luxembourg<\/title>\n<meta name=\"robots\" content=\"index, follow, max-snippet:-1, max-image-preview:large, max-video-preview:-1\" \/>\n<link rel=\"canonical\" href=\"https:\/\/www.greenpeace.org\/luxembourg\/de\/presseerklaerungen\/1952\/meng-landwirtschaft-wahlforderungen-2018\/\" \/>\n<meta property=\"og:locale\" content=\"de_DE\" \/>\n<meta property=\"og:type\" content=\"article\" \/>\n<meta property=\"og:title\" content=\"Meng Landwirtschaft: Wahlforderungen 2018\" \/>\n<meta property=\"og:description\" content=\"Kockelscheuer - Die vielen Milliarden und Millionen Euro an EU-Beihilfen und des aktuellen nationalen Agrargesetzes haben vielen B\u00e4uerinnen und Bauern keine ausreichende Zukunftsperspektive gegeben.\" \/>\n<meta property=\"og:url\" content=\"https:\/\/www.greenpeace.org\/luxembourg\/de\/presseerklaerungen\/1952\/meng-landwirtschaft-wahlforderungen-2018\/\" \/>\n<meta property=\"og:site_name\" content=\"Greenpeace Luxembourg\" \/>\n<meta property=\"article:publisher\" content=\"https:\/\/www.facebook.com\/greenpeaceluxembourg\" \/>\n<meta property=\"article:published_time\" content=\"2018-05-15T00:00:00+00:00\" \/>\n<meta property=\"article:modified_time\" content=\"2021-12-01T15:34:35+00:00\" \/>\n<meta property=\"og:image\" content=\"https:\/\/www.greenpeace.org\/static\/planet4-luxembourg-stateless\/2018\/10\/cfa5f016-cfa5f016-conference_menglandwirtschaft_150518_0006.jpg\" \/>\n\t<meta property=\"og:image:width\" content=\"800\" \/>\n\t<meta property=\"og:image:height\" content=\"529\" \/>\n\t<meta property=\"og:image:type\" content=\"image\/jpeg\" \/>\n<meta name=\"author\" content=\"Greenpeace Luxembourg\" \/>\n<meta name=\"twitter:card\" content=\"summary_large_image\" \/>\n<meta name=\"twitter:label1\" content=\"Written by\" \/>\n\t<meta name=\"twitter:data1\" content=\"Greenpeace Luxembourg\" \/>\n\t<meta name=\"twitter:label2\" content=\"Est. reading time\" \/>\n\t<meta name=\"twitter:data2\" content=\"3 minutes\" \/>\n<script type=\"application\/ld+json\" class=\"yoast-schema-graph\">{\"@context\":\"https:\/\/schema.org\",\"@graph\":[{\"@type\":\"Article\",\"@id\":\"https:\/\/www.greenpeace.org\/luxembourg\/de\/presseerklaerungen\/1952\/meng-landwirtschaft-wahlforderungen-2018\/#article\",\"isPartOf\":{\"@id\":\"https:\/\/www.greenpeace.org\/luxembourg\/de\/presseerklaerungen\/1952\/meng-landwirtschaft-wahlforderungen-2018\/\"},\"author\":{\"name\":\"Greenpeace Luxembourg\",\"@id\":\"https:\/\/www.greenpeace.org\/luxembourg\/fr\/#\/schema\/person\/12b34015aca6e55fec2e511d2f19102d\"},\"headline\":\"Meng Landwirtschaft: Wahlforderungen 2018\",\"datePublished\":\"2018-05-15T00:00:00+00:00\",\"dateModified\":\"2021-12-01T15:34:35+00:00\",\"mainEntityOfPage\":{\"@id\":\"https:\/\/www.greenpeace.org\/luxembourg\/de\/presseerklaerungen\/1952\/meng-landwirtschaft-wahlforderungen-2018\/\"},\"wordCount\":678,\"publisher\":{\"@id\":\"https:\/\/www.greenpeace.org\/luxembourg\/fr\/#organization\"},\"image\":{\"@id\":\"https:\/\/www.greenpeace.org\/luxembourg\/de\/presseerklaerungen\/1952\/meng-landwirtschaft-wahlforderungen-2018\/#primaryimage\"},\"thumbnailUrl\":\"https:\/\/www.greenpeace.org\/static\/planet4-luxembourg-stateless\/2018\/10\/cfa5f016-cfa5f016-conference_menglandwirtschaft_150518_0006.jpg\",\"keywords\":[\"Luxemburg\",\"NachhaltigeLandwirtschaft\"],\"articleSection\":[\"Natur\"],\"inLanguage\":\"de-LU\"},{\"@type\":\"WebPage\",\"@id\":\"https:\/\/www.greenpeace.org\/luxembourg\/de\/presseerklaerungen\/1952\/meng-landwirtschaft-wahlforderungen-2018\/\",\"url\":\"https:\/\/www.greenpeace.org\/luxembourg\/de\/presseerklaerungen\/1952\/meng-landwirtschaft-wahlforderungen-2018\/\",\"name\":\"Meng Landwirtschaft: Wahlforderungen 2018 - Greenpeace Luxembourg\",\"isPartOf\":{\"@id\":\"https:\/\/www.greenpeace.org\/luxembourg\/fr\/#website\"},\"primaryImageOfPage\":{\"@id\":\"https:\/\/www.greenpeace.org\/luxembourg\/de\/presseerklaerungen\/1952\/meng-landwirtschaft-wahlforderungen-2018\/#primaryimage\"},\"image\":{\"@id\":\"https:\/\/www.greenpeace.org\/luxembourg\/de\/presseerklaerungen\/1952\/meng-landwirtschaft-wahlforderungen-2018\/#primaryimage\"},\"thumbnailUrl\":\"https:\/\/www.greenpeace.org\/static\/planet4-luxembourg-stateless\/2018\/10\/cfa5f016-cfa5f016-conference_menglandwirtschaft_150518_0006.jpg\",\"datePublished\":\"2018-05-15T00:00:00+00:00\",\"dateModified\":\"2021-12-01T15:34:35+00:00\",\"breadcrumb\":{\"@id\":\"https:\/\/www.greenpeace.org\/luxembourg\/de\/presseerklaerungen\/1952\/meng-landwirtschaft-wahlforderungen-2018\/#breadcrumb\"},\"inLanguage\":\"de-LU\",\"potentialAction\":[{\"@type\":\"ReadAction\",\"target\":[\"https:\/\/www.greenpeace.org\/luxembourg\/de\/presseerklaerungen\/1952\/meng-landwirtschaft-wahlforderungen-2018\/\"]}]},{\"@type\":\"ImageObject\",\"inLanguage\":\"de-LU\",\"@id\":\"https:\/\/www.greenpeace.org\/luxembourg\/de\/presseerklaerungen\/1952\/meng-landwirtschaft-wahlforderungen-2018\/#primaryimage\",\"url\":\"https:\/\/www.greenpeace.org\/static\/planet4-luxembourg-stateless\/2018\/10\/cfa5f016-cfa5f016-conference_menglandwirtschaft_150518_0006.jpg\",\"contentUrl\":\"https:\/\/www.greenpeace.org\/static\/planet4-luxembourg-stateless\/2018\/10\/cfa5f016-cfa5f016-conference_menglandwirtschaft_150518_0006.jpg\",\"width\":800,\"height\":529},{\"@type\":\"BreadcrumbList\",\"@id\":\"https:\/\/www.greenpeace.org\/luxembourg\/de\/presseerklaerungen\/1952\/meng-landwirtschaft-wahlforderungen-2018\/#breadcrumb\",\"itemListElement\":[{\"@type\":\"ListItem\",\"position\":1,\"name\":\"Home\",\"item\":\"http:\/\/www.greenpeace.org\/luxembourg\/fr\/\"},{\"@type\":\"ListItem\",\"position\":2,\"name\":\"Meng Landwirtschaft: Wahlforderungen 2018\"}]},{\"@type\":\"WebSite\",\"@id\":\"https:\/\/www.greenpeace.org\/luxembourg\/fr\/#website\",\"url\":\"https:\/\/www.greenpeace.org\/luxembourg\/fr\/\",\"name\":\"Greenpeace Luxembourg\",\"description\":\"Greenpeace existiert, weil unsere Erde eine Stimme braucht. Sie ben\u00f6tigt L\u00f6sungen. Ver\u00e4nderungen. Aktionen.\",\"publisher\":{\"@id\":\"https:\/\/www.greenpeace.org\/luxembourg\/fr\/#organization\"},\"potentialAction\":[{\"@type\":\"SearchAction\",\"target\":{\"@type\":\"EntryPoint\",\"urlTemplate\":\"https:\/\/www.greenpeace.org\/luxembourg\/fr\/?s={search_term_string}\"},\"query-input\":{\"@type\":\"PropertyValueSpecification\",\"valueRequired\":true,\"valueName\":\"search_term_string\"}}],\"inLanguage\":\"de-LU\"},{\"@type\":\"Organization\",\"@id\":\"https:\/\/www.greenpeace.org\/luxembourg\/fr\/#organization\",\"name\":\"Greenpeace Luxembourg\",\"url\":\"https:\/\/www.greenpeace.org\/luxembourg\/fr\/\",\"logo\":{\"@type\":\"ImageObject\",\"inLanguage\":\"de-LU\",\"@id\":\"https:\/\/www.greenpeace.org\/luxembourg\/fr\/#\/schema\/logo\/image\/\",\"url\":\"https:\/\/www.greenpeace.org\/static\/planet4-luxembourg-stateless\/2026\/03\/3e367f94-greenpeace_logo_green_rgb.png\",\"contentUrl\":\"https:\/\/www.greenpeace.org\/static\/planet4-luxembourg-stateless\/2026\/03\/3e367f94-greenpeace_logo_green_rgb.png\",\"width\":1080,\"height\":175,\"caption\":\"Greenpeace Luxembourg\"},\"image\":{\"@id\":\"https:\/\/www.greenpeace.org\/luxembourg\/fr\/#\/schema\/logo\/image\/\"},\"sameAs\":[\"https:\/\/www.facebook.com\/greenpeaceluxembourg\",\"https:\/\/www.instagram.com\/greenpeacelux\/\",\"https:\/\/www.linkedin.com\/company\/greenpeace-luxembourg\/\",\"https:\/\/www.threads.com\/@greenpeacelux\",\"https:\/\/bsky.app\/profile\/greenpeacelux.bsky.social\",\"https:\/\/www.youtube.com\/@GreenpeaceLux\",\"https:\/\/www.tiktok.com\/@greenpeace_lux\"]},{\"@type\":\"Person\",\"@id\":\"https:\/\/www.greenpeace.org\/luxembourg\/fr\/#\/schema\/person\/12b34015aca6e55fec2e511d2f19102d\",\"name\":\"Greenpeace Luxembourg\",\"url\":\"https:\/\/www.greenpeace.org\/luxembourg\/de\/author\/gp_luxembourg\/\"}]}<\/script>\n<!-- \/ Yoast SEO Premium plugin. -->","yoast_head_json":{"title":"Meng Landwirtschaft: Wahlforderungen 2018 - Greenpeace Luxembourg","robots":{"index":"index","follow":"follow","max-snippet":"max-snippet:-1","max-image-preview":"max-image-preview:large","max-video-preview":"max-video-preview:-1"},"canonical":"https:\/\/www.greenpeace.org\/luxembourg\/de\/presseerklaerungen\/1952\/meng-landwirtschaft-wahlforderungen-2018\/","og_locale":"de_DE","og_type":"article","og_title":"Meng Landwirtschaft: Wahlforderungen 2018","og_description":"Kockelscheuer - Die vielen Milliarden und Millionen Euro an EU-Beihilfen und des aktuellen nationalen Agrargesetzes haben vielen B\u00e4uerinnen und Bauern keine ausreichende Zukunftsperspektive gegeben.","og_url":"https:\/\/www.greenpeace.org\/luxembourg\/de\/presseerklaerungen\/1952\/meng-landwirtschaft-wahlforderungen-2018\/","og_site_name":"Greenpeace Luxembourg","article_publisher":"https:\/\/www.facebook.com\/greenpeaceluxembourg","article_published_time":"2018-05-15T00:00:00+00:00","article_modified_time":"2021-12-01T15:34:35+00:00","og_image":[{"width":800,"height":529,"url":"https:\/\/www.greenpeace.org\/static\/planet4-luxembourg-stateless\/2018\/10\/cfa5f016-cfa5f016-conference_menglandwirtschaft_150518_0006.jpg","type":"image\/jpeg"}],"author":"Greenpeace Luxembourg","twitter_card":"summary_large_image","twitter_misc":{"Written by":"Greenpeace Luxembourg","Est. reading time":"3 minutes"},"schema":{"@context":"https:\/\/schema.org","@graph":[{"@type":"Article","@id":"https:\/\/www.greenpeace.org\/luxembourg\/de\/presseerklaerungen\/1952\/meng-landwirtschaft-wahlforderungen-2018\/#article","isPartOf":{"@id":"https:\/\/www.greenpeace.org\/luxembourg\/de\/presseerklaerungen\/1952\/meng-landwirtschaft-wahlforderungen-2018\/"},"author":{"name":"Greenpeace Luxembourg","@id":"https:\/\/www.greenpeace.org\/luxembourg\/fr\/#\/schema\/person\/12b34015aca6e55fec2e511d2f19102d"},"headline":"Meng Landwirtschaft: Wahlforderungen 2018","datePublished":"2018-05-15T00:00:00+00:00","dateModified":"2021-12-01T15:34:35+00:00","mainEntityOfPage":{"@id":"https:\/\/www.greenpeace.org\/luxembourg\/de\/presseerklaerungen\/1952\/meng-landwirtschaft-wahlforderungen-2018\/"},"wordCount":678,"publisher":{"@id":"https:\/\/www.greenpeace.org\/luxembourg\/fr\/#organization"},"image":{"@id":"https:\/\/www.greenpeace.org\/luxembourg\/de\/presseerklaerungen\/1952\/meng-landwirtschaft-wahlforderungen-2018\/#primaryimage"},"thumbnailUrl":"https:\/\/www.greenpeace.org\/static\/planet4-luxembourg-stateless\/2018\/10\/cfa5f016-cfa5f016-conference_menglandwirtschaft_150518_0006.jpg","keywords":["Luxemburg","NachhaltigeLandwirtschaft"],"articleSection":["Natur"],"inLanguage":"de-LU"},{"@type":"WebPage","@id":"https:\/\/www.greenpeace.org\/luxembourg\/de\/presseerklaerungen\/1952\/meng-landwirtschaft-wahlforderungen-2018\/","url":"https:\/\/www.greenpeace.org\/luxembourg\/de\/presseerklaerungen\/1952\/meng-landwirtschaft-wahlforderungen-2018\/","name":"Meng Landwirtschaft: Wahlforderungen 2018 - Greenpeace Luxembourg","isPartOf":{"@id":"https:\/\/www.greenpeace.org\/luxembourg\/fr\/#website"},"primaryImageOfPage":{"@id":"https:\/\/www.greenpeace.org\/luxembourg\/de\/presseerklaerungen\/1952\/meng-landwirtschaft-wahlforderungen-2018\/#primaryimage"},"image":{"@id":"https:\/\/www.greenpeace.org\/luxembourg\/de\/presseerklaerungen\/1952\/meng-landwirtschaft-wahlforderungen-2018\/#primaryimage"},"thumbnailUrl":"https:\/\/www.greenpeace.org\/static\/planet4-luxembourg-stateless\/2018\/10\/cfa5f016-cfa5f016-conference_menglandwirtschaft_150518_0006.jpg","datePublished":"2018-05-15T00:00:00+00:00","dateModified":"2021-12-01T15:34:35+00:00","breadcrumb":{"@id":"https:\/\/www.greenpeace.org\/luxembourg\/de\/presseerklaerungen\/1952\/meng-landwirtschaft-wahlforderungen-2018\/#breadcrumb"},"inLanguage":"de-LU","potentialAction":[{"@type":"ReadAction","target":["https:\/\/www.greenpeace.org\/luxembourg\/de\/presseerklaerungen\/1952\/meng-landwirtschaft-wahlforderungen-2018\/"]}]},{"@type":"ImageObject","inLanguage":"de-LU","@id":"https:\/\/www.greenpeace.org\/luxembourg\/de\/presseerklaerungen\/1952\/meng-landwirtschaft-wahlforderungen-2018\/#primaryimage","url":"https:\/\/www.greenpeace.org\/static\/planet4-luxembourg-stateless\/2018\/10\/cfa5f016-cfa5f016-conference_menglandwirtschaft_150518_0006.jpg","contentUrl":"https:\/\/www.greenpeace.org\/static\/planet4-luxembourg-stateless\/2018\/10\/cfa5f016-cfa5f016-conference_menglandwirtschaft_150518_0006.jpg","width":800,"height":529},{"@type":"BreadcrumbList","@id":"https:\/\/www.greenpeace.org\/luxembourg\/de\/presseerklaerungen\/1952\/meng-landwirtschaft-wahlforderungen-2018\/#breadcrumb","itemListElement":[{"@type":"ListItem","position":1,"name":"Home","item":"http:\/\/www.greenpeace.org\/luxembourg\/fr\/"},{"@type":"ListItem","position":2,"name":"Meng Landwirtschaft: Wahlforderungen 2018"}]},{"@type":"WebSite","@id":"https:\/\/www.greenpeace.org\/luxembourg\/fr\/#website","url":"https:\/\/www.greenpeace.org\/luxembourg\/fr\/","name":"Greenpeace Luxembourg","description":"Greenpeace existiert, weil unsere Erde eine Stimme braucht. Sie ben\u00f6tigt L\u00f6sungen. Ver\u00e4nderungen. Aktionen.","publisher":{"@id":"https:\/\/www.greenpeace.org\/luxembourg\/fr\/#organization"},"potentialAction":[{"@type":"SearchAction","target":{"@type":"EntryPoint","urlTemplate":"https:\/\/www.greenpeace.org\/luxembourg\/fr\/?s={search_term_string}"},"query-input":{"@type":"PropertyValueSpecification","valueRequired":true,"valueName":"search_term_string"}}],"inLanguage":"de-LU"},{"@type":"Organization","@id":"https:\/\/www.greenpeace.org\/luxembourg\/fr\/#organization","name":"Greenpeace Luxembourg","url":"https:\/\/www.greenpeace.org\/luxembourg\/fr\/","logo":{"@type":"ImageObject","inLanguage":"de-LU","@id":"https:\/\/www.greenpeace.org\/luxembourg\/fr\/#\/schema\/logo\/image\/","url":"https:\/\/www.greenpeace.org\/static\/planet4-luxembourg-stateless\/2026\/03\/3e367f94-greenpeace_logo_green_rgb.png","contentUrl":"https:\/\/www.greenpeace.org\/static\/planet4-luxembourg-stateless\/2026\/03\/3e367f94-greenpeace_logo_green_rgb.png","width":1080,"height":175,"caption":"Greenpeace Luxembourg"},"image":{"@id":"https:\/\/www.greenpeace.org\/luxembourg\/fr\/#\/schema\/logo\/image\/"},"sameAs":["https:\/\/www.facebook.com\/greenpeaceluxembourg","https:\/\/www.instagram.com\/greenpeacelux\/","https:\/\/www.linkedin.com\/company\/greenpeace-luxembourg\/","https:\/\/www.threads.com\/@greenpeacelux","https:\/\/bsky.app\/profile\/greenpeacelux.bsky.social","https:\/\/www.youtube.com\/@GreenpeaceLux","https:\/\/www.tiktok.com\/@greenpeace_lux"]},{"@type":"Person","@id":"https:\/\/www.greenpeace.org\/luxembourg\/fr\/#\/schema\/person\/12b34015aca6e55fec2e511d2f19102d","name":"Greenpeace Luxembourg","url":"https:\/\/www.greenpeace.org\/luxembourg\/de\/author\/gp_luxembourg\/"}]}},"_links":{"self":[{"href":"https:\/\/www.greenpeace.org\/luxembourg\/de\/wp-json\/wp\/v2\/posts\/1952","targetHints":{"allow":["GET"]}}],"collection":[{"href":"https:\/\/www.greenpeace.org\/luxembourg\/de\/wp-json\/wp\/v2\/posts"}],"about":[{"href":"https:\/\/www.greenpeace.org\/luxembourg\/de\/wp-json\/wp\/v2\/types\/post"}],"author":[{"embeddable":true,"href":"https:\/\/www.greenpeace.org\/luxembourg\/de\/wp-json\/wp\/v2\/users\/20"}],"replies":[{"embeddable":true,"href":"https:\/\/www.greenpeace.org\/luxembourg\/de\/wp-json\/wp\/v2\/comments?post=1952"}],"version-history":[{"count":9,"href":"https:\/\/www.greenpeace.org\/luxembourg\/de\/wp-json\/wp\/v2\/posts\/1952\/revisions"}],"predecessor-version":[{"id":13206,"href":"https:\/\/www.greenpeace.org\/luxembourg\/de\/wp-json\/wp\/v2\/posts\/1952\/revisions\/13206"}],"wp:featuredmedia":[{"embeddable":true,"href":"https:\/\/www.greenpeace.org\/luxembourg\/de\/wp-json\/wp\/v2\/media\/1953"}],"wp:attachment":[{"href":"https:\/\/www.greenpeace.org\/luxembourg\/de\/wp-json\/wp\/v2\/media?parent=1952"}],"wp:term":[{"taxonomy":"category","embeddable":true,"href":"https:\/\/www.greenpeace.org\/luxembourg\/de\/wp-json\/wp\/v2\/categories?post=1952"},{"taxonomy":"post_tag","embeddable":true,"href":"https:\/\/www.greenpeace.org\/luxembourg\/de\/wp-json\/wp\/v2\/tags?post=1952"},{"taxonomy":"p4-page-type","embeddable":true,"href":"https:\/\/www.greenpeace.org\/luxembourg\/de\/wp-json\/wp\/v2\/p4-page-type?post=1952"}],"curies":[{"name":"wp","href":"https:\/\/api.w.org\/{rel}","templated":true}]}}