{"id":19564,"date":"2023-09-14T07:00:00","date_gmt":"2023-09-14T05:00:00","guid":{"rendered":"https:\/\/www.greenpeace.org\/luxembourg\/?p=19564"},"modified":"2023-09-14T08:42:44","modified_gmt":"2023-09-14T06:42:44","slug":"greenpeace-fordert-dringenden-schutz-der-ozeane-durch-un-vertrag","status":"publish","type":"post","link":"https:\/\/www.greenpeace.org\/luxembourg\/de\/presseerklaerungen\/19564\/greenpeace-fordert-dringenden-schutz-der-ozeane-durch-un-vertrag\/","title":{"rendered":"Greenpeace fordert dringenden Schutz der Ozeane durch UN-Vertrag"},"content":{"rendered":"\n<p><em>London\/Luxemburg<\/em>, 14. September 2023 &#8211;<strong> Eine neue Greenpeace-Analyse \u00fcber die Bedrohungen f\u00fcr die Meere wurde heute mit dem Titel &#8220;<\/strong><strong><em>30&#215;30: Vom globalen Ozeanvertrag zum Schutz auf See<\/em><\/strong><strong>&#8221; [1] ver\u00f6ffentlicht. Der Bericht enth\u00e4lt auch einen politischen Fahrplan, wie bis 2023 mit Hilfe des geplanten internationalen Abkommens zum Schutz der Hohen See, 30 % der Ozeane gesch\u00fctzt werden k\u00f6nnen. Dieses <\/strong><a href=\"https:\/\/www.greenpeace.org\/international\/press-release\/58486\/historic-un-ocean-treaty-agreed-greenpeace-statement\/\"><strong>von den Vereinten Nationen beschlossene \u00dcbereinkommen<\/strong><\/a><strong> wird auf der UN-Generalversammlung am 20. September zur Ratifizierung vorliegen<\/strong>.<\/p>\n\n<p>Im Vorwort von Professor Callum Roberts, dessen Arbeit die Grundlage f\u00fcr die erste Studie &#8220;<a href=\"https:\/\/www.greenpeace.org\/static\/planet4-international-stateless\/2019\/03\/479c73c5-30x30_blueprint_report_exec_summary_web.pdf\"><em>30&#215;30 Ein Greenpeace-Plan f\u00fcr Meeresschutzgebiete<\/em><\/a>&#8221; [2] war, werden die zahlreichen Bedrohungen, denen die Meere ausgesetzt sind, erl\u00e4utert und eine neue Analyse der Hochseefischerei zwischen 2018 und 2022 vorgestellt. Laut Bericht stiegen die Hochsee-Fangstunden um 8,5 Prozent und in den Gebieten, die im Rahmen des 30&#215;30-Zieles [3] als Schutzgebiete empfohlen wurden, sogar um 22,5 Prozent.<\/p>\n\n<p>Neben dem Seeverkehr, \u00fcben auch die Erw\u00e4rmung, die Ozeanversauerung, die (Plastik-) Verschmutzung und die drohende Gefahr eines aufstrebenden Tiefseebergbaus einen immer gr\u00f6\u00dferen Druck auf die marinen \u00d6kosysteme aus. Diese zunehmenden Belastungen unterstreichen die Dringlichkeit und Wichtigkeit politischer Ma\u00dfnahmen zur Umsetzung des 30&#215;30-Projekts der Vereinten Nationen, auf das sich die L\u00e4nder 2022 geeinigt haben.<\/p>\n\n<p>Chris Thorne, Leiter der Kampagne Ozeane bei Greenpeace International, erkl\u00e4rte: &#8220;<em>Das globale Meeresschutzabkommen geh\u00f6rt zu den bedeutendsten internationalen Vereinbarungen f\u00fcr den Naturschutz in der Geschichte, aber wie unser Bericht zeigt, nehmen die Bedrohungen f\u00fcr die Hochsee jeden Tag zu. Der globale Ozeanvertrag ist ein m\u00e4chtiges Instrument zum Schutz der Ozeane, aber die Regierungen der Vereinten Nationen m\u00fcssen rasch handeln und den Text dringend ratifizieren, damit gen\u00fcgend Zeit bleibt, um Meeresschutzgebiete einzurichten und der Tiefsee ausreichend Raum zu geben, um sich zu erholen und zu gedeihen<\/em>.\u201d<\/p>\n\n<p>Hochsee-Schutzgebiete &#8211; vor allem streng und umfassend gesch\u00fctzte Gebiete &#8211; sind grundlegend f\u00fcr die Bew\u00e4ltigung der gegenw\u00e4rtigen Meereskrise. Sie sind ein vor menschlichen zerst\u00f6rerischen Aktivit\u00e4ten gesch\u00fctzter sicherer Zufluchtsort und erm\u00f6glichen es der Tier- und Pflanzenwelt im Meer, sich zu erholen und zu gedeihen.<\/p>\n\n<p>Derzeit steht weniger als ein Prozent der Hohen See angemessen unter Schutz. Um das 30&#215;30-Ziel der Vereinten Nationen zu erreichen, m\u00fcssen j\u00e4hrlich etwa 11 Millionen Quadratkilometer gesch\u00fctzt werden. Das entspricht in etwa der Fl\u00e4che Kanadas, sprich 3.861 Mal die Fl\u00e4che Luxemburgs.<\/p>\n\n<p>&#8220;<em>Die industrielle Fischerei auf der Hohen See bedroht die Gesundheit der Ozeane und damit auch die unseres gesamten Planeten<\/em>&#8220;, so Chris Thorne. &#8220;<em>Damit sich die Weltmeere erholen k\u00f6nnen, m\u00fcssen bis 2030 mindestens 30 Prozent der Ozeane durch die Einrichtung von Meeresschutzgebieten gesch\u00fctzt werden. Uns bleiben nur noch sieben Jahre. L\u00e4nder, die den Schutz der Ozeane ernst nehmen, m\u00fcssen den Vertrag unbedingt n\u00e4chste Woche bei der UN-Generalversammlung unterzeichnen und daf\u00fcr sorgen, dass er bei der UN-Ozeankonferenz 2025 ratifiziert wird. Mit jedem Jahr Verz\u00f6gerung steigt der Druck auf die Ozeane<\/em>&#8220;.<\/p>\n\n<p>Im Greenpeace-Bericht werden die Schritte und politischen Ma\u00dfnahmen erl\u00e4utert, die zur Einrichtung dieser Meeresschutzgebiete im Rahmen des Abkommens erforderlich sind. So werden drei besonders sch\u00fctzenswerte Gebiete aufgrund ihrer \u00f6kologischen Bedeutung empfohlen: die Emperor Seamounts im Nordwestpazifik, die Sargassosee im Atlantik sowie die s\u00fcdliche Tasmanische See\/Lord Howe Rise zwischen Australien und Neuseeland.<\/p>\n\n<hr class=\"wp-block-separator has-alpha-channel-opacity is-style-wide\"\/>\n\n<p class=\"has-small-font-size\"><strong>Notizen:&nbsp;<\/strong><\/p>\n\n<p class=\"has-small-font-size\">[1] Der volle Bericht <em>30&#215;30: From Global Ocean Treaty to Protection at Sea<\/em> ist auf <a href=\"https:\/\/www.greenpeace.org\/static\/planet4-luxembourg-stateless\/2023\/09\/0c66fe93-en-report-_30x30_-from-global-ocean-treaty-to-protection-of-sea_.pdf\">englisch<\/a> verf\u00fcgbar. Eine Zusammenfassung ist auf <a href=\"https:\/\/www.greenpeace.org\/static\/planet4-luxembourg-stateless\/2023\/09\/075d5e62-de-zusammenfassung-analyse-_30x30_-vom-globalen-ozeanvertrag-zum-schutz-auf-see_.pdf\">deutsch<\/a> und <a href=\"https:\/\/www.greenpeace.org\/static\/planet4-luxembourg-stateless\/2023\/09\/a08ffdea-fr-resume-rapport-_30x30-_-du-traite-mondial-sur-les-oceans-a-la-protection-en-mer_.pdf\">franz\u00f6sisch<\/a> verf\u00fcgbar.<\/p>\n\n<p class=\"has-small-font-size\">[2] <em>30\u00d730: A Blueprint For Ocean Protection<\/em> ist das Ergebnis einer einj\u00e4hrigen Zusammenarbeit zwischen Akademiker:innen der University of York, der University of Oxford und Greenpeace. Der Bericht wurde im April 2019 ver\u00f6ffentlicht und ist <a href=\"https:\/\/www.greenpeace.org\/international\/publication\/21604\/30x30-a-blueprint-for-ocean-protection\/\">hier<\/a> verf\u00fcgbar.<\/p>\n\n<p class=\"has-small-font-size\">[3] Die Untersuchungen ergaben einen Anstieg von 8,5 Prozent der Stunden (d.h. 662.483 Stunden), in denen auf hoher See gefischt wurde, zwischen 2018 (7.825.411 Stunden) und 2022 (8.487.894 Stunden). Ein st\u00e4rkerer Anstieg der sichtbaren Fischerei-Aktivit\u00e4ten von 22,5 Prozent wurde in den Gebieten festgestellt, deren Schutz im Rahmen der 30&#215;30-Initiative empfohlen wird.<br>Diese Analyse wurde in Zusammenarbeit mit Global Fishing Watches durchgef\u00fchrt und verwendet deren Methodik zur Sch\u00e4tzung der Fangstunden anhand von AIS-Daten.<br>&#8211; 2019 ver\u00f6ffentlichte Greenpeace in dem Bericht &#8220;<em>30\u00d730: A Blueprint for Ocean Protection<\/em>&#8221; einen neuen Ansatz, um ein Netzwerk von vollst\u00e4ndig gesch\u00fctzten Meeresgebieten zu planen und zu errichten: Forscher und Forscherinnen teilten die internationalen Gew\u00e4sser &#8211; die fast die H\u00e4lfte der Erde bedecken &#8211; in 25.000 Quadrate von 100 km x 100 km ein, kartierten dann die Verteilung von 458 verschiedenen Erhaltungsmerkmalen, einschlie\u00dflich der Tierwelt, der Lebensr\u00e4ume und anderer ozeanographischer Schl\u00fcsselmerkmale, und erzeugten so Hunderte von Szenarien, wie ein weltweites Netzwerk von Meeresschutzgebieten aussehen k\u00f6nnte, das frei von sch\u00e4dlichen menschlichen Aktivit\u00e4ten ist.<br>&#8211; Die Recherchen von Greenpeace erm\u00f6glichten die Erstellung einer neuen, \u00f6ffentlich zug\u00e4nglichen <a href=\"https:\/\/maps.greenpeace.org\/maps\/gpuk\/30x30\/\">interaktiven Karte<\/a>, die zeigt, welchen Druck die Menschheit auf die Hohe See aus\u00fcbt, welche Gebiete zum Schutz empfohlen werden und den&nbsp; Status der Vertragsratifizierung aller L\u00e4nder.<br>&#8211; Die Daten werden Journalist:innen auf Anfrage zur Verf\u00fcgung gestellt.<br>&#8211; Der Vertrag wird am 20. September 2023 auf der Jahrestagung der Staats- und Regierungschefs aus aller Welt in der Generalversammlung der Vereinten Nationen zur Unterzeichnung vorgelegt. Die Unterzeichnung des Vertrags durch die einzelnen Staaten erfordert keinen rechtlichen Prozess in der nationalen Gesetzgebung, sondern signalisiert lediglich die Absicht, den Vertrag in Zukunft zu ratifizieren. Die anschlie\u00dfende Ratifizierung erfordert eine entsprechende nationale Gesetzgebung im jeweiligen Land, und bei 60 erfolgreichen Ratifizierungen wird der Vertrag rechtsverbindlich.<br>&#8211; Alle von den Fallstudien abgedeckten Gebiete sind im Rahmen des \u00dcbereinkommens der Vereinten Nationen \u00fcber die Artenvielfalt als Gebiete von \u00f6kologischer und biologischer Bedeutung anerkannt.<\/p>\n","protected":false},"excerpt":{"rendered":"<p>Eine neue Greenpeace-Analyse \u00fcber die Bedrohungen f\u00fcr die Meere wurde heute mit dem Titel &#8220;30&#215;30: Vom globalen Ozeanvertrag zum Schutz auf See&#8221; ver\u00f6ffentlicht.<\/p>\n","protected":false},"author":25,"featured_media":19554,"comment_status":"closed","ping_status":"closed","sticky":false,"template":"","format":"standard","meta":{"ep_exclude_from_search":false,"p4_og_title":"","p4_og_description":"","p4_og_image":"","p4_og_image_id":"","p4_seo_canonical_url":"","p4_campaign_name":"","p4_local_project":"","p4_basket_name":"","p4_department":"","footnotes":""},"categories":[47,47],"tags":[56,56],"p4-page-type":[69],"class_list":{"0":"post-19564","1":"post","2":"type-post","3":"status-publish","4":"format-standard","5":"has-post-thumbnail","6":"hentry","7":"category-natur","9":"tag-ozeane","11":"p4-page-type-presseerklaerungen"},"yoast_head":"<!-- This site is optimized with the Yoast SEO Premium plugin v23.9 (Yoast SEO v23.9) - https:\/\/yoast.com\/wordpress\/plugins\/seo\/ -->\n<title>Greenpeace fordert dringenden Schutz der Ozeane durch UN-Vertrag - Greenpeace Luxembourg<\/title>\n<meta name=\"robots\" content=\"index, follow, max-snippet:-1, max-image-preview:large, max-video-preview:-1\" \/>\n<link rel=\"canonical\" href=\"https:\/\/www.greenpeace.org\/luxembourg\/de\/presseerklaerungen\/19564\/greenpeace-fordert-dringenden-schutz-der-ozeane-durch-un-vertrag\/\" \/>\n<meta property=\"og:locale\" content=\"de_DE\" \/>\n<meta property=\"og:type\" content=\"article\" \/>\n<meta property=\"og:title\" content=\"Greenpeace fordert dringenden Schutz der Ozeane durch UN-Vertrag\" \/>\n<meta property=\"og:description\" content=\"Eine neue Greenpeace-Analyse \u00fcber die Bedrohungen f\u00fcr die Meere wurde heute mit dem Titel &quot;30x30: Vom globalen Ozeanvertrag zum Schutz auf See&quot; ver\u00f6ffentlicht.\" \/>\n<meta property=\"og:url\" content=\"https:\/\/www.greenpeace.org\/luxembourg\/de\/presseerklaerungen\/19564\/greenpeace-fordert-dringenden-schutz-der-ozeane-durch-un-vertrag\/\" \/>\n<meta property=\"og:site_name\" content=\"Greenpeace Luxembourg\" \/>\n<meta property=\"article:publisher\" content=\"https:\/\/www.facebook.com\/greenpeaceluxembourg\" \/>\n<meta property=\"article:published_time\" content=\"2023-09-14T05:00:00+00:00\" \/>\n<meta property=\"article:modified_time\" content=\"2023-09-14T06:42:44+00:00\" \/>\n<meta property=\"og:image\" content=\"https:\/\/www.greenpeace.org\/static\/planet4-luxembourg-stateless\/2023\/09\/0d2eed8b-gp0stw5gg_web_size.jpg\" \/>\n\t<meta property=\"og:image:width\" content=\"800\" \/>\n\t<meta property=\"og:image:height\" content=\"599\" \/>\n\t<meta property=\"og:image:type\" content=\"image\/jpeg\" \/>\n<meta name=\"author\" content=\"Esther Wildanger\" \/>\n<meta name=\"twitter:card\" content=\"summary_large_image\" \/>\n<meta name=\"twitter:label1\" content=\"Written by\" \/>\n\t<meta name=\"twitter:data1\" content=\"Esther Wildanger\" \/>\n\t<meta name=\"twitter:label2\" content=\"Est. reading time\" \/>\n\t<meta name=\"twitter:data2\" content=\"5 minutes\" \/>\n<script type=\"application\/ld+json\" class=\"yoast-schema-graph\">{\"@context\":\"https:\/\/schema.org\",\"@graph\":[{\"@type\":\"Article\",\"@id\":\"https:\/\/www.greenpeace.org\/luxembourg\/de\/presseerklaerungen\/19564\/greenpeace-fordert-dringenden-schutz-der-ozeane-durch-un-vertrag\/#article\",\"isPartOf\":{\"@id\":\"https:\/\/www.greenpeace.org\/luxembourg\/de\/presseerklaerungen\/19564\/greenpeace-fordert-dringenden-schutz-der-ozeane-durch-un-vertrag\/\"},\"author\":{\"name\":\"Esther Wildanger\",\"@id\":\"https:\/\/www.greenpeace.org\/luxembourg\/fr\/#\/schema\/person\/3d0e81a859b59009fec36a8552ef76a7\"},\"headline\":\"Greenpeace fordert dringenden Schutz der Ozeane durch UN-Vertrag\",\"datePublished\":\"2023-09-14T05:00:00+00:00\",\"dateModified\":\"2023-09-14T06:42:44+00:00\",\"mainEntityOfPage\":{\"@id\":\"https:\/\/www.greenpeace.org\/luxembourg\/de\/presseerklaerungen\/19564\/greenpeace-fordert-dringenden-schutz-der-ozeane-durch-un-vertrag\/\"},\"wordCount\":927,\"publisher\":{\"@id\":\"https:\/\/www.greenpeace.org\/luxembourg\/fr\/#organization\"},\"image\":{\"@id\":\"https:\/\/www.greenpeace.org\/luxembourg\/de\/presseerklaerungen\/19564\/greenpeace-fordert-dringenden-schutz-der-ozeane-durch-un-vertrag\/#primaryimage\"},\"thumbnailUrl\":\"https:\/\/www.greenpeace.org\/static\/planet4-luxembourg-stateless\/2023\/09\/0d2eed8b-gp0stw5gg_web_size.jpg\",\"keywords\":[\"Ozeane\",\"Ozeane\"],\"articleSection\":[\"Natur\",\"Natur\"],\"inLanguage\":\"de-LU\"},{\"@type\":\"WebPage\",\"@id\":\"https:\/\/www.greenpeace.org\/luxembourg\/de\/presseerklaerungen\/19564\/greenpeace-fordert-dringenden-schutz-der-ozeane-durch-un-vertrag\/\",\"url\":\"https:\/\/www.greenpeace.org\/luxembourg\/de\/presseerklaerungen\/19564\/greenpeace-fordert-dringenden-schutz-der-ozeane-durch-un-vertrag\/\",\"name\":\"Greenpeace fordert dringenden Schutz der Ozeane durch UN-Vertrag - Greenpeace Luxembourg\",\"isPartOf\":{\"@id\":\"https:\/\/www.greenpeace.org\/luxembourg\/fr\/#website\"},\"primaryImageOfPage\":{\"@id\":\"https:\/\/www.greenpeace.org\/luxembourg\/de\/presseerklaerungen\/19564\/greenpeace-fordert-dringenden-schutz-der-ozeane-durch-un-vertrag\/#primaryimage\"},\"image\":{\"@id\":\"https:\/\/www.greenpeace.org\/luxembourg\/de\/presseerklaerungen\/19564\/greenpeace-fordert-dringenden-schutz-der-ozeane-durch-un-vertrag\/#primaryimage\"},\"thumbnailUrl\":\"https:\/\/www.greenpeace.org\/static\/planet4-luxembourg-stateless\/2023\/09\/0d2eed8b-gp0stw5gg_web_size.jpg\",\"datePublished\":\"2023-09-14T05:00:00+00:00\",\"dateModified\":\"2023-09-14T06:42:44+00:00\",\"breadcrumb\":{\"@id\":\"https:\/\/www.greenpeace.org\/luxembourg\/de\/presseerklaerungen\/19564\/greenpeace-fordert-dringenden-schutz-der-ozeane-durch-un-vertrag\/#breadcrumb\"},\"inLanguage\":\"de-LU\",\"potentialAction\":[{\"@type\":\"ReadAction\",\"target\":[\"https:\/\/www.greenpeace.org\/luxembourg\/de\/presseerklaerungen\/19564\/greenpeace-fordert-dringenden-schutz-der-ozeane-durch-un-vertrag\/\"]}]},{\"@type\":\"ImageObject\",\"inLanguage\":\"de-LU\",\"@id\":\"https:\/\/www.greenpeace.org\/luxembourg\/de\/presseerklaerungen\/19564\/greenpeace-fordert-dringenden-schutz-der-ozeane-durch-un-vertrag\/#primaryimage\",\"url\":\"https:\/\/www.greenpeace.org\/static\/planet4-luxembourg-stateless\/2023\/09\/0d2eed8b-gp0stw5gg_web_size.jpg\",\"contentUrl\":\"https:\/\/www.greenpeace.org\/static\/planet4-luxembourg-stateless\/2023\/09\/0d2eed8b-gp0stw5gg_web_size.jpg\",\"width\":800,\"height\":599,\"caption\":\"A flotilla of crafts, from fishing boats and yachts to kayaks and stand up paddle boards, surrounding a floating \u2018ban bottom trawling\u2019 banner at Mission Bay in Auckland, New Zealand in a show of opposition to bottom trawling in the Hauraki Gulf marine park. Hundreds of people turned out on the beach and on the water for the event organised by Greenpeace Aotearoa and Forest &amp; Bird. Over 60 vessels joined the flotilla.\"},{\"@type\":\"BreadcrumbList\",\"@id\":\"https:\/\/www.greenpeace.org\/luxembourg\/de\/presseerklaerungen\/19564\/greenpeace-fordert-dringenden-schutz-der-ozeane-durch-un-vertrag\/#breadcrumb\",\"itemListElement\":[{\"@type\":\"ListItem\",\"position\":1,\"name\":\"Home\",\"item\":\"http:\/\/www.greenpeace.org\/luxembourg\/fr\/\"},{\"@type\":\"ListItem\",\"position\":2,\"name\":\"Greenpeace fordert dringenden Schutz der Ozeane durch UN-Vertrag\"}]},{\"@type\":\"WebSite\",\"@id\":\"https:\/\/www.greenpeace.org\/luxembourg\/fr\/#website\",\"url\":\"https:\/\/www.greenpeace.org\/luxembourg\/fr\/\",\"name\":\"Greenpeace Luxembourg\",\"description\":\"Greenpeace existiert, weil unsere Erde eine Stimme braucht. Sie ben\u00f6tigt L\u00f6sungen. Ver\u00e4nderungen. Aktionen.\",\"publisher\":{\"@id\":\"https:\/\/www.greenpeace.org\/luxembourg\/fr\/#organization\"},\"potentialAction\":[{\"@type\":\"SearchAction\",\"target\":{\"@type\":\"EntryPoint\",\"urlTemplate\":\"https:\/\/www.greenpeace.org\/luxembourg\/fr\/?s={search_term_string}\"},\"query-input\":{\"@type\":\"PropertyValueSpecification\",\"valueRequired\":true,\"valueName\":\"search_term_string\"}}],\"inLanguage\":\"de-LU\"},{\"@type\":\"Organization\",\"@id\":\"https:\/\/www.greenpeace.org\/luxembourg\/fr\/#organization\",\"name\":\"Greenpeace Luxembourg\",\"url\":\"https:\/\/www.greenpeace.org\/luxembourg\/fr\/\",\"logo\":{\"@type\":\"ImageObject\",\"inLanguage\":\"de-LU\",\"@id\":\"https:\/\/www.greenpeace.org\/luxembourg\/fr\/#\/schema\/logo\/image\/\",\"url\":\"https:\/\/www.greenpeace.org\/static\/planet4-luxembourg-stateless\/2026\/03\/3e367f94-greenpeace_logo_green_rgb.png\",\"contentUrl\":\"https:\/\/www.greenpeace.org\/static\/planet4-luxembourg-stateless\/2026\/03\/3e367f94-greenpeace_logo_green_rgb.png\",\"width\":1080,\"height\":175,\"caption\":\"Greenpeace Luxembourg\"},\"image\":{\"@id\":\"https:\/\/www.greenpeace.org\/luxembourg\/fr\/#\/schema\/logo\/image\/\"},\"sameAs\":[\"https:\/\/www.facebook.com\/greenpeaceluxembourg\",\"https:\/\/www.instagram.com\/greenpeacelux\/\",\"https:\/\/www.linkedin.com\/company\/greenpeace-luxembourg\/\",\"https:\/\/www.threads.com\/@greenpeacelux\",\"https:\/\/bsky.app\/profile\/greenpeacelux.bsky.social\",\"https:\/\/www.youtube.com\/@GreenpeaceLux\",\"https:\/\/www.tiktok.com\/@greenpeace_lux\"]},{\"@type\":\"Person\",\"@id\":\"https:\/\/www.greenpeace.org\/luxembourg\/fr\/#\/schema\/person\/3d0e81a859b59009fec36a8552ef76a7\",\"name\":\"Esther Wildanger\",\"url\":\"https:\/\/www.greenpeace.org\/luxembourg\/de\/author\/ewildang\/\"}]}<\/script>\n<!-- \/ Yoast SEO Premium plugin. -->","yoast_head_json":{"title":"Greenpeace fordert dringenden Schutz der Ozeane durch UN-Vertrag - Greenpeace Luxembourg","robots":{"index":"index","follow":"follow","max-snippet":"max-snippet:-1","max-image-preview":"max-image-preview:large","max-video-preview":"max-video-preview:-1"},"canonical":"https:\/\/www.greenpeace.org\/luxembourg\/de\/presseerklaerungen\/19564\/greenpeace-fordert-dringenden-schutz-der-ozeane-durch-un-vertrag\/","og_locale":"de_DE","og_type":"article","og_title":"Greenpeace fordert dringenden Schutz der Ozeane durch UN-Vertrag","og_description":"Eine neue Greenpeace-Analyse \u00fcber die Bedrohungen f\u00fcr die Meere wurde heute mit dem Titel \"30x30: Vom globalen Ozeanvertrag zum Schutz auf See\" ver\u00f6ffentlicht.","og_url":"https:\/\/www.greenpeace.org\/luxembourg\/de\/presseerklaerungen\/19564\/greenpeace-fordert-dringenden-schutz-der-ozeane-durch-un-vertrag\/","og_site_name":"Greenpeace Luxembourg","article_publisher":"https:\/\/www.facebook.com\/greenpeaceluxembourg","article_published_time":"2023-09-14T05:00:00+00:00","article_modified_time":"2023-09-14T06:42:44+00:00","og_image":[{"width":800,"height":599,"url":"https:\/\/www.greenpeace.org\/static\/planet4-luxembourg-stateless\/2023\/09\/0d2eed8b-gp0stw5gg_web_size.jpg","type":"image\/jpeg"}],"author":"Esther Wildanger","twitter_card":"summary_large_image","twitter_misc":{"Written by":"Esther Wildanger","Est. reading time":"5 minutes"},"schema":{"@context":"https:\/\/schema.org","@graph":[{"@type":"Article","@id":"https:\/\/www.greenpeace.org\/luxembourg\/de\/presseerklaerungen\/19564\/greenpeace-fordert-dringenden-schutz-der-ozeane-durch-un-vertrag\/#article","isPartOf":{"@id":"https:\/\/www.greenpeace.org\/luxembourg\/de\/presseerklaerungen\/19564\/greenpeace-fordert-dringenden-schutz-der-ozeane-durch-un-vertrag\/"},"author":{"name":"Esther Wildanger","@id":"https:\/\/www.greenpeace.org\/luxembourg\/fr\/#\/schema\/person\/3d0e81a859b59009fec36a8552ef76a7"},"headline":"Greenpeace fordert dringenden Schutz der Ozeane durch UN-Vertrag","datePublished":"2023-09-14T05:00:00+00:00","dateModified":"2023-09-14T06:42:44+00:00","mainEntityOfPage":{"@id":"https:\/\/www.greenpeace.org\/luxembourg\/de\/presseerklaerungen\/19564\/greenpeace-fordert-dringenden-schutz-der-ozeane-durch-un-vertrag\/"},"wordCount":927,"publisher":{"@id":"https:\/\/www.greenpeace.org\/luxembourg\/fr\/#organization"},"image":{"@id":"https:\/\/www.greenpeace.org\/luxembourg\/de\/presseerklaerungen\/19564\/greenpeace-fordert-dringenden-schutz-der-ozeane-durch-un-vertrag\/#primaryimage"},"thumbnailUrl":"https:\/\/www.greenpeace.org\/static\/planet4-luxembourg-stateless\/2023\/09\/0d2eed8b-gp0stw5gg_web_size.jpg","keywords":["Ozeane","Ozeane"],"articleSection":["Natur","Natur"],"inLanguage":"de-LU"},{"@type":"WebPage","@id":"https:\/\/www.greenpeace.org\/luxembourg\/de\/presseerklaerungen\/19564\/greenpeace-fordert-dringenden-schutz-der-ozeane-durch-un-vertrag\/","url":"https:\/\/www.greenpeace.org\/luxembourg\/de\/presseerklaerungen\/19564\/greenpeace-fordert-dringenden-schutz-der-ozeane-durch-un-vertrag\/","name":"Greenpeace fordert dringenden Schutz der Ozeane durch UN-Vertrag - Greenpeace Luxembourg","isPartOf":{"@id":"https:\/\/www.greenpeace.org\/luxembourg\/fr\/#website"},"primaryImageOfPage":{"@id":"https:\/\/www.greenpeace.org\/luxembourg\/de\/presseerklaerungen\/19564\/greenpeace-fordert-dringenden-schutz-der-ozeane-durch-un-vertrag\/#primaryimage"},"image":{"@id":"https:\/\/www.greenpeace.org\/luxembourg\/de\/presseerklaerungen\/19564\/greenpeace-fordert-dringenden-schutz-der-ozeane-durch-un-vertrag\/#primaryimage"},"thumbnailUrl":"https:\/\/www.greenpeace.org\/static\/planet4-luxembourg-stateless\/2023\/09\/0d2eed8b-gp0stw5gg_web_size.jpg","datePublished":"2023-09-14T05:00:00+00:00","dateModified":"2023-09-14T06:42:44+00:00","breadcrumb":{"@id":"https:\/\/www.greenpeace.org\/luxembourg\/de\/presseerklaerungen\/19564\/greenpeace-fordert-dringenden-schutz-der-ozeane-durch-un-vertrag\/#breadcrumb"},"inLanguage":"de-LU","potentialAction":[{"@type":"ReadAction","target":["https:\/\/www.greenpeace.org\/luxembourg\/de\/presseerklaerungen\/19564\/greenpeace-fordert-dringenden-schutz-der-ozeane-durch-un-vertrag\/"]}]},{"@type":"ImageObject","inLanguage":"de-LU","@id":"https:\/\/www.greenpeace.org\/luxembourg\/de\/presseerklaerungen\/19564\/greenpeace-fordert-dringenden-schutz-der-ozeane-durch-un-vertrag\/#primaryimage","url":"https:\/\/www.greenpeace.org\/static\/planet4-luxembourg-stateless\/2023\/09\/0d2eed8b-gp0stw5gg_web_size.jpg","contentUrl":"https:\/\/www.greenpeace.org\/static\/planet4-luxembourg-stateless\/2023\/09\/0d2eed8b-gp0stw5gg_web_size.jpg","width":800,"height":599,"caption":"A flotilla of crafts, from fishing boats and yachts to kayaks and stand up paddle boards, surrounding a floating \u2018ban bottom trawling\u2019 banner at Mission Bay in Auckland, New Zealand in a show of opposition to bottom trawling in the Hauraki Gulf marine park. Hundreds of people turned out on the beach and on the water for the event organised by Greenpeace Aotearoa and Forest &amp; Bird. Over 60 vessels joined the flotilla."},{"@type":"BreadcrumbList","@id":"https:\/\/www.greenpeace.org\/luxembourg\/de\/presseerklaerungen\/19564\/greenpeace-fordert-dringenden-schutz-der-ozeane-durch-un-vertrag\/#breadcrumb","itemListElement":[{"@type":"ListItem","position":1,"name":"Home","item":"http:\/\/www.greenpeace.org\/luxembourg\/fr\/"},{"@type":"ListItem","position":2,"name":"Greenpeace fordert dringenden Schutz der Ozeane durch UN-Vertrag"}]},{"@type":"WebSite","@id":"https:\/\/www.greenpeace.org\/luxembourg\/fr\/#website","url":"https:\/\/www.greenpeace.org\/luxembourg\/fr\/","name":"Greenpeace Luxembourg","description":"Greenpeace existiert, weil unsere Erde eine Stimme braucht. Sie ben\u00f6tigt L\u00f6sungen. Ver\u00e4nderungen. Aktionen.","publisher":{"@id":"https:\/\/www.greenpeace.org\/luxembourg\/fr\/#organization"},"potentialAction":[{"@type":"SearchAction","target":{"@type":"EntryPoint","urlTemplate":"https:\/\/www.greenpeace.org\/luxembourg\/fr\/?s={search_term_string}"},"query-input":{"@type":"PropertyValueSpecification","valueRequired":true,"valueName":"search_term_string"}}],"inLanguage":"de-LU"},{"@type":"Organization","@id":"https:\/\/www.greenpeace.org\/luxembourg\/fr\/#organization","name":"Greenpeace Luxembourg","url":"https:\/\/www.greenpeace.org\/luxembourg\/fr\/","logo":{"@type":"ImageObject","inLanguage":"de-LU","@id":"https:\/\/www.greenpeace.org\/luxembourg\/fr\/#\/schema\/logo\/image\/","url":"https:\/\/www.greenpeace.org\/static\/planet4-luxembourg-stateless\/2026\/03\/3e367f94-greenpeace_logo_green_rgb.png","contentUrl":"https:\/\/www.greenpeace.org\/static\/planet4-luxembourg-stateless\/2026\/03\/3e367f94-greenpeace_logo_green_rgb.png","width":1080,"height":175,"caption":"Greenpeace Luxembourg"},"image":{"@id":"https:\/\/www.greenpeace.org\/luxembourg\/fr\/#\/schema\/logo\/image\/"},"sameAs":["https:\/\/www.facebook.com\/greenpeaceluxembourg","https:\/\/www.instagram.com\/greenpeacelux\/","https:\/\/www.linkedin.com\/company\/greenpeace-luxembourg\/","https:\/\/www.threads.com\/@greenpeacelux","https:\/\/bsky.app\/profile\/greenpeacelux.bsky.social","https:\/\/www.youtube.com\/@GreenpeaceLux","https:\/\/www.tiktok.com\/@greenpeace_lux"]},{"@type":"Person","@id":"https:\/\/www.greenpeace.org\/luxembourg\/fr\/#\/schema\/person\/3d0e81a859b59009fec36a8552ef76a7","name":"Esther Wildanger","url":"https:\/\/www.greenpeace.org\/luxembourg\/de\/author\/ewildang\/"}]}},"_links":{"self":[{"href":"https:\/\/www.greenpeace.org\/luxembourg\/de\/wp-json\/wp\/v2\/posts\/19564","targetHints":{"allow":["GET"]}}],"collection":[{"href":"https:\/\/www.greenpeace.org\/luxembourg\/de\/wp-json\/wp\/v2\/posts"}],"about":[{"href":"https:\/\/www.greenpeace.org\/luxembourg\/de\/wp-json\/wp\/v2\/types\/post"}],"author":[{"embeddable":true,"href":"https:\/\/www.greenpeace.org\/luxembourg\/de\/wp-json\/wp\/v2\/users\/25"}],"replies":[{"embeddable":true,"href":"https:\/\/www.greenpeace.org\/luxembourg\/de\/wp-json\/wp\/v2\/comments?post=19564"}],"version-history":[{"count":2,"href":"https:\/\/www.greenpeace.org\/luxembourg\/de\/wp-json\/wp\/v2\/posts\/19564\/revisions"}],"predecessor-version":[{"id":19568,"href":"https:\/\/www.greenpeace.org\/luxembourg\/de\/wp-json\/wp\/v2\/posts\/19564\/revisions\/19568"}],"wp:featuredmedia":[{"embeddable":true,"href":"https:\/\/www.greenpeace.org\/luxembourg\/de\/wp-json\/wp\/v2\/media\/19554"}],"wp:attachment":[{"href":"https:\/\/www.greenpeace.org\/luxembourg\/de\/wp-json\/wp\/v2\/media?parent=19564"}],"wp:term":[{"taxonomy":"category","embeddable":true,"href":"https:\/\/www.greenpeace.org\/luxembourg\/de\/wp-json\/wp\/v2\/categories?post=19564"},{"taxonomy":"post_tag","embeddable":true,"href":"https:\/\/www.greenpeace.org\/luxembourg\/de\/wp-json\/wp\/v2\/tags?post=19564"},{"taxonomy":"p4-page-type","embeddable":true,"href":"https:\/\/www.greenpeace.org\/luxembourg\/de\/wp-json\/wp\/v2\/p4-page-type?post=19564"}],"curies":[{"name":"wp","href":"https:\/\/api.w.org\/{rel}","templated":true}]}}