{"id":19918,"date":"2023-09-26T12:10:34","date_gmt":"2023-09-26T10:10:34","guid":{"rendered":"https:\/\/www.greenpeace.org\/luxembourg\/?p=19918"},"modified":"2023-10-05T12:11:33","modified_gmt":"2023-10-05T10:11:33","slug":"kennzeichnung-der-neuen-gentechnik-wahlfreiheit-fuer-bauern-und-baeuerinnen-verbraucher-und-verbraucherinnen","status":"publish","type":"post","link":"https:\/\/www.greenpeace.org\/luxembourg\/de\/presseerklaerungen\/19918\/kennzeichnung-der-neuen-gentechnik-wahlfreiheit-fuer-bauern-und-baeuerinnen-verbraucher-und-verbraucherinnen\/","title":{"rendered":"Kennzeichnung\u00a0der\u00a0Neuen Gentechnik:\u00a0Wahlfreiheit f\u00fcr Bauern und B\u00e4uerinnen, Verbraucher und Verbraucherinnen?\u00a0"},"content":{"rendered":"\n<p><em>Luxemburg<\/em>, 26. September 2023 &#8211;<strong> In diesen Tagen wird\u00a0der\u00a0Vorschlag\u00a0der\u00a0Europ\u00e4ischen Kommission zur Deregulierung neuer gentechnischer Methoden diskutiert\u00a0[1]. Konkret w\u00fcrde eine Deregulierung bedeuten, dass es keine Risikobewertung f\u00fcr neue GVO (sog. NGT, Neue Genomische Techniken) mehr gibt, keine effektive Entfernung von in die Umwelt freigesetzten Pflanzen, keine\u00a0Kennzeichnung\u00a0von Lebensmitteln und Saatgut, das mit diesen neuen Methoden gewonnen wurde, und vor allem keinen Schutz f\u00fcr die biologische und gentechnikfreie Produktion. Das Vorsorgeprinzip und die Wahlfreiheit w\u00fcrden nicht mehr gelten. Greenpeace, Bauerenallianz, L\u00ebtzebuerger Landjugend-Jongbaueren und Vereenegung fir Biolandwirtschaft L\u00ebtzebuerg fordern Landwirtschaftsminister Claude Haagen auf, sich klar gegen den Vorschlag\u00a0der\u00a0EU-Kommission auszusprechen und auch andere EU-Mitgliedstaaten davon zu \u00fcberzeugen, dass\u00a0der\u00a0Schutz\u00a0der\u00a0Verbraucherinnen und Verbraucher sowie\u00a0der\u00a0b\u00e4uerlichen Landwirtschaft weiterhin oberste Priorit\u00e4t einer gemeinsamen europ\u00e4ischen Politik haben muss.<\/strong><\/p>\n\n<p>Die Europ\u00e4ische Kommission will die Kennzeichnungspflicht f\u00fcr gentechnisch manipulierte Pflanzen und Produkte von&nbsp;der&nbsp;Z\u00fcchtung bis zum Endprodukt abschaffen und damit die biologische und gentechnikfreie Landwirtschaft gef\u00e4hrden.&nbsp;&nbsp;<\/p>\n\n<p>&#8220;<em>Die Gentechnik widerspricht den Grundprinzipien\u00a0der\u00a0biologischen Landwirtschaft<\/em>&#8220;, sagt\u00a0<strong>Dani Noesen, Direktorin\u00a0der\u00a0Vereenegung fir Biolandwirtschaft L\u00ebtzebuerg<\/strong>.\u00a0&#8220;<em>Aber weil die Kommission die Kennzeichnungspflicht f\u00fcr gentechnisch manipulierte Pflanzen und Produkte von\u00a0der\u00a0Z\u00fcchtung bis zum Endprodukt abschaffen will, b\u00fcrdet sie die Kosten f\u00fcr den Nachweis, dass ihre Produkte gentechnikfrei sind, vollst\u00e4ndig\u00a0der\u00a0\u00f6kologischen Landwirtschaft und\u00a0der\u00a0Lebensmittelindustrie auf. Da die Verantwortung auf die Mitgliedstaaten verlagert wird, wird es praktisch nicht mehr m\u00f6glich sein, den Anbau von GVO innerhalb eines bestimmten Gebiets zu verhindern. Ohne die Kennzeichnungspflicht wird es praktisch unm\u00f6glich sein, ihre Abwesenheit in \u00f6kologischen Produkten nachzuweisen. Dies ist ein gro\u00dfes Nein f\u00fcr die \u00f6kologische Landwirtschaft<\/em>&#8220;.<\/p>\n\n<p>Auch\u00a0<strong>Marco Koeune, Pr\u00e4sident\u00a0der\u00a0Bauerenallianz<\/strong>, sieht die Wahlfreiheit\u00a0der\u00a0Bauernschaft zusehends eingeschr\u00e4nkt:\u00a0&#8220;<em>Die Saatgut- und Pestizidkonzerne haben bereits eine dominante Stellung gegen\u00fcber uns Bauern und B\u00e4uerinnen. Die Patentrechte auf Saatgut machen diese wirtschaftliche und betriebliche Abh\u00e4ngigkeit noch gr\u00f6\u00dfer. Die Saatgutproduktion, ihre freie Verf\u00fcgbarkeit und ihre Vielfalt m\u00fcssen bewahrt und weiterentwickelt werden. Wir lehnen den aktuellen Vorschlag\u00a0der\u00a0Europ\u00e4ischen Kommission ab und fordern substanzielle Verbesserungen<\/em>&#8220;.<\/p>\n\n<p>Die neuen Techniken\u00a0der\u00a0Gentechnik sind ein komplexes Thema, mit dem sich die Landwirtschaft kritisch auseinandersetzen muss.\u00a0&#8220;<em>Sie bieten Chancen, aber auch hohe Risiken<\/em>&#8220;, erkl\u00e4rt\u00a0<strong>Sara Thill<\/strong>, weshalb die\u00a0<strong>L\u00ebtzebuerger Landjugend-Jongbaueren<\/strong>\u00a0den Vorschlag\u00a0der\u00a0Kommission ablehnen.\u00a0&#8220;<em>Es geht hier nicht darum, NGT-Pflanzen zu verbieten, aber wir fordern klare rechtliche Verfahren f\u00fcr ihre Zulassung und\u00a0Kennzeichnung, denn nur so kann die Wahlfreiheit f\u00fcr jede und jeden gew\u00e4hrleistet werden. Neben wissenschaftlichen Fakten sind auch soziale und ethische Bedenken ein integraler Bestandteil einer solchen Diskussion. Die bestehenden GVO-freien Labels haben ihre Berechtigung. Als Produzentinnen und Produzenten sehen wir die Gefahr einer zunehmenden Abh\u00e4ngigkeit von den gro\u00dfen Pflanzenschutzkonzernen, die ihre Marktposition bereits durch angemeldete Patentrechte st\u00e4rken wollen<\/em>&#8220;.<\/p>\n\n<p><strong>Benny Haerlin, Zukunftsstiftung Landwirtschaft <\/strong>(Berlin), sagte:\u00a0&#8220;<em>Die vorgeschlagene Deregulierung w\u00fcrde 30 Jahre pr\u00e4ventive GVO-Gesetzgebung in\u00a0der\u00a0EU begraben und einen Frontalangriff auf die \u00f6kologische und gentechnikfreie Landwirtschaft darstellen. Verbraucherinnen und Verbraucher, aber auch Landwirtinnen und Landwirte h\u00e4tten faktisch keine Wahl mehr, da es nicht mehr m\u00f6glich w\u00e4re, freigesetzte GVO zu entfernen. Innerhalb k\u00fcrzester Zeit w\u00fcrde\u00a0der\u00a0Saatgutmarkt von den Patentanw\u00e4lten\u00a0der\u00a0gro\u00dfen Chemie- und Genkonzerne kontrolliert werden<\/em>&#8220;.<\/p>\n\n<p>&#8220;<em>Wir brauchen einen grundlegenden Wandel in unserer Landwirtschaft, den wir nicht den Agrochemiekonzernen \u00fcberlassen d\u00fcrfen<\/em>&#8220;, sagt\u00a0<strong>Raymond Aendekerk, Direktor von Greenpeace<\/strong>.\u00a0&#8220;<em>Es w\u00e4re fahrl\u00e4ssig und wahrscheinlich eine echte t\u00f6dliche Gefahr, den agrar\u00f6kologischen Wandel zu verschlafen. Unsere Regierung muss auf\u00a0der\u00a0europ\u00e4ischen B\u00fchne eine Vorreiterrolle spielen und sich in einer Allianz mit anderen Mitgliedstaaten daf\u00fcr einsetzen, dass unsere Landwirtschaft gentechnikfrei wird<\/em>&#8220;.<\/p>\n\n<p>Greenpeace hat eine\u00a0<strong>Online-Petition<\/strong>\u00a0gestartet und ruft die Regierung dazu auf, die Wahlfreiheit zu respektieren:\u00a0<a rel=\"noreferrer noopener\" href=\"https:\/\/act.gp\/CPLux-OGM2023\" target=\"_blank\">https:\/\/act.gp\/CPLux-OGM2023<\/a><\/p>\n\n<hr class=\"wp-block-separator has-alpha-channel-opacity is-style-wide\"\/>\n\n<p class=\"has-small-font-size\"><strong>Notizen: <\/strong><br>[1]\u00a0Der\u00a0Gesetzentwurf enth\u00e4lt Bestimmungen \u00fcber die Anwendung neuer gentechnischer Verfahren wie CRISPR-Cas. Diese Techniken erm\u00f6glichen tiefe Eingriffe in das Genom von Lebewesen, insbesondere weil sie mehrfach und gleichzeitig auf viele verschiedene Gene angewendet werden k\u00f6nnen.\u00a0Der\u00a0Vorschlag sieht eine Verordnung vor, d.h. einen Rechtsakt, den alle EU-L\u00e4nder in vollem Umfang umsetzen m\u00fcssen. Die derzeitige Rechtsgrundlage f\u00fcr die Gesetzgebung zu gentechnisch ver\u00e4nderten Organismen (GVO) ist die Richtlinie 2001\/18\/EG (&#8220;Freisetzungsrichtlinie&#8221;), die die EU-Mitgliedstaaten in nationales Recht umsetzen mussten.\u00a0 Das Europ\u00e4ische Parlament und\u00a0der\u00a0Rat\u00a0der\u00a0Regierungen aller EU-Mitgliedstaaten k\u00f6nnen \u00c4nderungsvorschl\u00e4ge zu dem heute von\u00a0der\u00a0Kommission vorgelegten Entwurf (in\u00a0der\u00a0EU-Terminologie &#8220;Gesetzesvorschlag&#8221; genannt) machen und gemeinsam mit\u00a0der\u00a0Kommission in Dreiecksverhandlungen (&#8220;Trilog&#8221;) einen endg\u00fcltigen Gesetzesentwurf entwickeln,\u00a0der\u00a0schlie\u00dflich vom Europ\u00e4ischen Parlament angenommen oder abgelehnt wird.<\/p>\n","protected":false},"excerpt":{"rendered":"<p>In diesen Tagen wird\u00a0der\u00a0Vorschlag\u00a0der\u00a0Europ\u00e4ischen Kommission zur Deregulierung neuer gentechnischer Methoden diskutiert. Konkret w\u00fcrde eine Deregulierung bedeuten, dass es keine Risikobewertung f\u00fcr neue GVO (sog. NGT, Neue&hellip;<\/p>\n","protected":false},"author":25,"featured_media":19919,"comment_status":"closed","ping_status":"closed","sticky":false,"template":"","format":"standard","meta":{"ep_exclude_from_search":false,"p4_og_title":"","p4_og_description":"","p4_og_image":"","p4_og_image_id":"","p4_seo_canonical_url":"","p4_campaign_name":"","p4_local_project":"","p4_basket_name":"","p4_department":"","footnotes":""},"categories":[24,47],"tags":[66,67],"p4-page-type":[69],"class_list":["post-19918","post","type-post","status-publish","format-standard","has-post-thumbnail","hentry","category-greenpeace","category-natur","tag-biodiversitaet","tag-nachhaltigelandwirtschaft","p4-page-type-presseerklaerungen"],"yoast_head":"<!-- This site is optimized with the Yoast SEO Premium plugin v23.9 (Yoast SEO v23.9) - https:\/\/yoast.com\/wordpress\/plugins\/seo\/ -->\n<title>Kennzeichnung\u00a0der\u00a0Neuen Gentechnik:\u00a0Wahlfreiheit f\u00fcr Bauern und B\u00e4uerinnen, Verbraucher und Verbraucherinnen?\u00a0 - Greenpeace Luxembourg<\/title>\n<meta name=\"robots\" content=\"index, follow, max-snippet:-1, max-image-preview:large, max-video-preview:-1\" \/>\n<link rel=\"canonical\" href=\"https:\/\/www.greenpeace.org\/luxembourg\/de\/presseerklaerungen\/19918\/kennzeichnung-der-neuen-gentechnik-wahlfreiheit-fuer-bauern-und-baeuerinnen-verbraucher-und-verbraucherinnen\/\" \/>\n<meta property=\"og:locale\" content=\"de_DE\" \/>\n<meta property=\"og:type\" content=\"article\" \/>\n<meta property=\"og:title\" content=\"Kennzeichnung\u00a0der\u00a0Neuen Gentechnik:\u00a0Wahlfreiheit f\u00fcr Bauern und B\u00e4uerinnen, Verbraucher und Verbraucherinnen?\u00a0\" \/>\n<meta property=\"og:description\" content=\"In diesen Tagen wird\u00a0der\u00a0Vorschlag\u00a0der\u00a0Europ\u00e4ischen Kommission zur Deregulierung neuer gentechnischer Methoden diskutiert. Konkret w\u00fcrde eine Deregulierung bedeuten, dass es keine Risikobewertung f\u00fcr neue GVO (sog. NGT, Neue&hellip;\" \/>\n<meta property=\"og:url\" content=\"https:\/\/www.greenpeace.org\/luxembourg\/de\/presseerklaerungen\/19918\/kennzeichnung-der-neuen-gentechnik-wahlfreiheit-fuer-bauern-und-baeuerinnen-verbraucher-und-verbraucherinnen\/\" \/>\n<meta property=\"og:site_name\" content=\"Greenpeace Luxembourg\" \/>\n<meta property=\"article:publisher\" content=\"https:\/\/www.facebook.com\/greenpeaceluxembourg\" \/>\n<meta property=\"article:published_time\" content=\"2023-09-26T10:10:34+00:00\" \/>\n<meta property=\"article:modified_time\" content=\"2023-10-05T10:11:33+00:00\" \/>\n<meta property=\"og:image\" content=\"https:\/\/www.greenpeace.org\/static\/planet4-luxembourg-stateless\/2023\/10\/78fe9087-gp1sw21o_web_size.jpg\" \/>\n\t<meta property=\"og:image:width\" content=\"800\" \/>\n\t<meta property=\"og:image:height\" content=\"533\" \/>\n\t<meta property=\"og:image:type\" content=\"image\/jpeg\" \/>\n<meta name=\"author\" content=\"Esther Wildanger\" \/>\n<meta name=\"twitter:card\" content=\"summary_large_image\" \/>\n<meta name=\"twitter:label1\" content=\"Written by\" \/>\n\t<meta name=\"twitter:data1\" content=\"Esther Wildanger\" \/>\n\t<meta name=\"twitter:label2\" content=\"Est. reading time\" \/>\n\t<meta name=\"twitter:data2\" content=\"4 minutes\" \/>\n<script type=\"application\/ld+json\" class=\"yoast-schema-graph\">{\"@context\":\"https:\/\/schema.org\",\"@graph\":[{\"@type\":\"Article\",\"@id\":\"https:\/\/www.greenpeace.org\/luxembourg\/de\/presseerklaerungen\/19918\/kennzeichnung-der-neuen-gentechnik-wahlfreiheit-fuer-bauern-und-baeuerinnen-verbraucher-und-verbraucherinnen\/#article\",\"isPartOf\":{\"@id\":\"https:\/\/www.greenpeace.org\/luxembourg\/de\/presseerklaerungen\/19918\/kennzeichnung-der-neuen-gentechnik-wahlfreiheit-fuer-bauern-und-baeuerinnen-verbraucher-und-verbraucherinnen\/\"},\"author\":{\"name\":\"Esther Wildanger\",\"@id\":\"https:\/\/www.greenpeace.org\/luxembourg\/fr\/#\/schema\/person\/3d0e81a859b59009fec36a8552ef76a7\"},\"headline\":\"Kennzeichnung\u00a0der\u00a0Neuen Gentechnik:\u00a0Wahlfreiheit f\u00fcr Bauern und B\u00e4uerinnen, Verbraucher und Verbraucherinnen?\u00a0\",\"datePublished\":\"2023-09-26T10:10:34+00:00\",\"dateModified\":\"2023-10-05T10:11:33+00:00\",\"mainEntityOfPage\":{\"@id\":\"https:\/\/www.greenpeace.org\/luxembourg\/de\/presseerklaerungen\/19918\/kennzeichnung-der-neuen-gentechnik-wahlfreiheit-fuer-bauern-und-baeuerinnen-verbraucher-und-verbraucherinnen\/\"},\"wordCount\":797,\"publisher\":{\"@id\":\"https:\/\/www.greenpeace.org\/luxembourg\/fr\/#organization\"},\"image\":{\"@id\":\"https:\/\/www.greenpeace.org\/luxembourg\/de\/presseerklaerungen\/19918\/kennzeichnung-der-neuen-gentechnik-wahlfreiheit-fuer-bauern-und-baeuerinnen-verbraucher-und-verbraucherinnen\/#primaryimage\"},\"thumbnailUrl\":\"https:\/\/www.greenpeace.org\/static\/planet4-luxembourg-stateless\/2023\/10\/78fe9087-gp1sw21o_web_size.jpg\",\"keywords\":[\"Biodiversit\u00e4t\",\"NachhaltigeLandwirtschaft\"],\"articleSection\":[\"Greenpeace\",\"Natur\"],\"inLanguage\":\"de-LU\"},{\"@type\":\"WebPage\",\"@id\":\"https:\/\/www.greenpeace.org\/luxembourg\/de\/presseerklaerungen\/19918\/kennzeichnung-der-neuen-gentechnik-wahlfreiheit-fuer-bauern-und-baeuerinnen-verbraucher-und-verbraucherinnen\/\",\"url\":\"https:\/\/www.greenpeace.org\/luxembourg\/de\/presseerklaerungen\/19918\/kennzeichnung-der-neuen-gentechnik-wahlfreiheit-fuer-bauern-und-baeuerinnen-verbraucher-und-verbraucherinnen\/\",\"name\":\"Kennzeichnung\u00a0der\u00a0Neuen Gentechnik:\u00a0Wahlfreiheit f\u00fcr Bauern und B\u00e4uerinnen, Verbraucher und Verbraucherinnen?\u00a0 - Greenpeace Luxembourg\",\"isPartOf\":{\"@id\":\"https:\/\/www.greenpeace.org\/luxembourg\/fr\/#website\"},\"primaryImageOfPage\":{\"@id\":\"https:\/\/www.greenpeace.org\/luxembourg\/de\/presseerklaerungen\/19918\/kennzeichnung-der-neuen-gentechnik-wahlfreiheit-fuer-bauern-und-baeuerinnen-verbraucher-und-verbraucherinnen\/#primaryimage\"},\"image\":{\"@id\":\"https:\/\/www.greenpeace.org\/luxembourg\/de\/presseerklaerungen\/19918\/kennzeichnung-der-neuen-gentechnik-wahlfreiheit-fuer-bauern-und-baeuerinnen-verbraucher-und-verbraucherinnen\/#primaryimage\"},\"thumbnailUrl\":\"https:\/\/www.greenpeace.org\/static\/planet4-luxembourg-stateless\/2023\/10\/78fe9087-gp1sw21o_web_size.jpg\",\"datePublished\":\"2023-09-26T10:10:34+00:00\",\"dateModified\":\"2023-10-05T10:11:33+00:00\",\"breadcrumb\":{\"@id\":\"https:\/\/www.greenpeace.org\/luxembourg\/de\/presseerklaerungen\/19918\/kennzeichnung-der-neuen-gentechnik-wahlfreiheit-fuer-bauern-und-baeuerinnen-verbraucher-und-verbraucherinnen\/#breadcrumb\"},\"inLanguage\":\"de-LU\",\"potentialAction\":[{\"@type\":\"ReadAction\",\"target\":[\"https:\/\/www.greenpeace.org\/luxembourg\/de\/presseerklaerungen\/19918\/kennzeichnung-der-neuen-gentechnik-wahlfreiheit-fuer-bauern-und-baeuerinnen-verbraucher-und-verbraucherinnen\/\"]}]},{\"@type\":\"ImageObject\",\"inLanguage\":\"de-LU\",\"@id\":\"https:\/\/www.greenpeace.org\/luxembourg\/de\/presseerklaerungen\/19918\/kennzeichnung-der-neuen-gentechnik-wahlfreiheit-fuer-bauern-und-baeuerinnen-verbraucher-und-verbraucherinnen\/#primaryimage\",\"url\":\"https:\/\/www.greenpeace.org\/static\/planet4-luxembourg-stateless\/2023\/10\/78fe9087-gp1sw21o_web_size.jpg\",\"contentUrl\":\"https:\/\/www.greenpeace.org\/static\/planet4-luxembourg-stateless\/2023\/10\/78fe9087-gp1sw21o_web_size.jpg\",\"width\":800,\"height\":533,\"caption\":\"Packed meat displaying the label showing the type of farm the meat originates from, from various supermarkets in Germany. Here also showing the label \\\"Ohne Gentechnik\\\" (No Genetic Engineering). Packshots diverser Fleischprodukte aus verschiedenen Supermaerkten mit Haltungskennzeichen-Label in Deutschland. Die Produkte stammen alle von der Tierhaltungskategorie 3: Offene St\u00e4lle mit Au\u00dfenklima. Im Bild die zus\u00e4tliche Kennzeichnung \\\"Ohne Gentechnik\\\".\"},{\"@type\":\"BreadcrumbList\",\"@id\":\"https:\/\/www.greenpeace.org\/luxembourg\/de\/presseerklaerungen\/19918\/kennzeichnung-der-neuen-gentechnik-wahlfreiheit-fuer-bauern-und-baeuerinnen-verbraucher-und-verbraucherinnen\/#breadcrumb\",\"itemListElement\":[{\"@type\":\"ListItem\",\"position\":1,\"name\":\"Home\",\"item\":\"http:\/\/www.greenpeace.org\/luxembourg\/fr\/\"},{\"@type\":\"ListItem\",\"position\":2,\"name\":\"Kennzeichnung\u00a0der\u00a0Neuen Gentechnik:\u00a0Wahlfreiheit f\u00fcr Bauern und B\u00e4uerinnen, Verbraucher und Verbraucherinnen?\u00a0\"}]},{\"@type\":\"WebSite\",\"@id\":\"https:\/\/www.greenpeace.org\/luxembourg\/fr\/#website\",\"url\":\"https:\/\/www.greenpeace.org\/luxembourg\/fr\/\",\"name\":\"Greenpeace Luxembourg\",\"description\":\"Greenpeace existiert, weil unsere Erde eine Stimme braucht. Sie ben\u00f6tigt L\u00f6sungen. Ver\u00e4nderungen. Aktionen.\",\"publisher\":{\"@id\":\"https:\/\/www.greenpeace.org\/luxembourg\/fr\/#organization\"},\"potentialAction\":[{\"@type\":\"SearchAction\",\"target\":{\"@type\":\"EntryPoint\",\"urlTemplate\":\"https:\/\/www.greenpeace.org\/luxembourg\/fr\/?s={search_term_string}\"},\"query-input\":{\"@type\":\"PropertyValueSpecification\",\"valueRequired\":true,\"valueName\":\"search_term_string\"}}],\"inLanguage\":\"de-LU\"},{\"@type\":\"Organization\",\"@id\":\"https:\/\/www.greenpeace.org\/luxembourg\/fr\/#organization\",\"name\":\"Greenpeace Luxembourg\",\"url\":\"https:\/\/www.greenpeace.org\/luxembourg\/fr\/\",\"logo\":{\"@type\":\"ImageObject\",\"inLanguage\":\"de-LU\",\"@id\":\"https:\/\/www.greenpeace.org\/luxembourg\/fr\/#\/schema\/logo\/image\/\",\"url\":\"https:\/\/www.greenpeace.org\/static\/planet4-luxembourg-stateless\/2026\/03\/3e367f94-greenpeace_logo_green_rgb.png\",\"contentUrl\":\"https:\/\/www.greenpeace.org\/static\/planet4-luxembourg-stateless\/2026\/03\/3e367f94-greenpeace_logo_green_rgb.png\",\"width\":1080,\"height\":175,\"caption\":\"Greenpeace Luxembourg\"},\"image\":{\"@id\":\"https:\/\/www.greenpeace.org\/luxembourg\/fr\/#\/schema\/logo\/image\/\"},\"sameAs\":[\"https:\/\/www.facebook.com\/greenpeaceluxembourg\",\"https:\/\/www.instagram.com\/greenpeacelux\/\",\"https:\/\/www.linkedin.com\/company\/greenpeace-luxembourg\/\",\"https:\/\/www.threads.com\/@greenpeacelux\",\"https:\/\/bsky.app\/profile\/greenpeacelux.bsky.social\",\"https:\/\/www.youtube.com\/@GreenpeaceLux\",\"https:\/\/www.tiktok.com\/@greenpeace_lux\"]},{\"@type\":\"Person\",\"@id\":\"https:\/\/www.greenpeace.org\/luxembourg\/fr\/#\/schema\/person\/3d0e81a859b59009fec36a8552ef76a7\",\"name\":\"Esther Wildanger\",\"url\":\"https:\/\/www.greenpeace.org\/luxembourg\/de\/author\/ewildang\/\"}]}<\/script>\n<!-- \/ Yoast SEO Premium plugin. -->","yoast_head_json":{"title":"Kennzeichnung\u00a0der\u00a0Neuen Gentechnik:\u00a0Wahlfreiheit f\u00fcr Bauern und B\u00e4uerinnen, Verbraucher und Verbraucherinnen?\u00a0 - Greenpeace Luxembourg","robots":{"index":"index","follow":"follow","max-snippet":"max-snippet:-1","max-image-preview":"max-image-preview:large","max-video-preview":"max-video-preview:-1"},"canonical":"https:\/\/www.greenpeace.org\/luxembourg\/de\/presseerklaerungen\/19918\/kennzeichnung-der-neuen-gentechnik-wahlfreiheit-fuer-bauern-und-baeuerinnen-verbraucher-und-verbraucherinnen\/","og_locale":"de_DE","og_type":"article","og_title":"Kennzeichnung\u00a0der\u00a0Neuen Gentechnik:\u00a0Wahlfreiheit f\u00fcr Bauern und B\u00e4uerinnen, Verbraucher und Verbraucherinnen?\u00a0","og_description":"In diesen Tagen wird\u00a0der\u00a0Vorschlag\u00a0der\u00a0Europ\u00e4ischen Kommission zur Deregulierung neuer gentechnischer Methoden diskutiert. Konkret w\u00fcrde eine Deregulierung bedeuten, dass es keine Risikobewertung f\u00fcr neue GVO (sog. NGT, Neue&hellip;","og_url":"https:\/\/www.greenpeace.org\/luxembourg\/de\/presseerklaerungen\/19918\/kennzeichnung-der-neuen-gentechnik-wahlfreiheit-fuer-bauern-und-baeuerinnen-verbraucher-und-verbraucherinnen\/","og_site_name":"Greenpeace Luxembourg","article_publisher":"https:\/\/www.facebook.com\/greenpeaceluxembourg","article_published_time":"2023-09-26T10:10:34+00:00","article_modified_time":"2023-10-05T10:11:33+00:00","og_image":[{"width":800,"height":533,"url":"https:\/\/www.greenpeace.org\/static\/planet4-luxembourg-stateless\/2023\/10\/78fe9087-gp1sw21o_web_size.jpg","type":"image\/jpeg"}],"author":"Esther Wildanger","twitter_card":"summary_large_image","twitter_misc":{"Written by":"Esther Wildanger","Est. reading time":"4 minutes"},"schema":{"@context":"https:\/\/schema.org","@graph":[{"@type":"Article","@id":"https:\/\/www.greenpeace.org\/luxembourg\/de\/presseerklaerungen\/19918\/kennzeichnung-der-neuen-gentechnik-wahlfreiheit-fuer-bauern-und-baeuerinnen-verbraucher-und-verbraucherinnen\/#article","isPartOf":{"@id":"https:\/\/www.greenpeace.org\/luxembourg\/de\/presseerklaerungen\/19918\/kennzeichnung-der-neuen-gentechnik-wahlfreiheit-fuer-bauern-und-baeuerinnen-verbraucher-und-verbraucherinnen\/"},"author":{"name":"Esther Wildanger","@id":"https:\/\/www.greenpeace.org\/luxembourg\/fr\/#\/schema\/person\/3d0e81a859b59009fec36a8552ef76a7"},"headline":"Kennzeichnung\u00a0der\u00a0Neuen Gentechnik:\u00a0Wahlfreiheit f\u00fcr Bauern und B\u00e4uerinnen, Verbraucher und Verbraucherinnen?\u00a0","datePublished":"2023-09-26T10:10:34+00:00","dateModified":"2023-10-05T10:11:33+00:00","mainEntityOfPage":{"@id":"https:\/\/www.greenpeace.org\/luxembourg\/de\/presseerklaerungen\/19918\/kennzeichnung-der-neuen-gentechnik-wahlfreiheit-fuer-bauern-und-baeuerinnen-verbraucher-und-verbraucherinnen\/"},"wordCount":797,"publisher":{"@id":"https:\/\/www.greenpeace.org\/luxembourg\/fr\/#organization"},"image":{"@id":"https:\/\/www.greenpeace.org\/luxembourg\/de\/presseerklaerungen\/19918\/kennzeichnung-der-neuen-gentechnik-wahlfreiheit-fuer-bauern-und-baeuerinnen-verbraucher-und-verbraucherinnen\/#primaryimage"},"thumbnailUrl":"https:\/\/www.greenpeace.org\/static\/planet4-luxembourg-stateless\/2023\/10\/78fe9087-gp1sw21o_web_size.jpg","keywords":["Biodiversit\u00e4t","NachhaltigeLandwirtschaft"],"articleSection":["Greenpeace","Natur"],"inLanguage":"de-LU"},{"@type":"WebPage","@id":"https:\/\/www.greenpeace.org\/luxembourg\/de\/presseerklaerungen\/19918\/kennzeichnung-der-neuen-gentechnik-wahlfreiheit-fuer-bauern-und-baeuerinnen-verbraucher-und-verbraucherinnen\/","url":"https:\/\/www.greenpeace.org\/luxembourg\/de\/presseerklaerungen\/19918\/kennzeichnung-der-neuen-gentechnik-wahlfreiheit-fuer-bauern-und-baeuerinnen-verbraucher-und-verbraucherinnen\/","name":"Kennzeichnung\u00a0der\u00a0Neuen Gentechnik:\u00a0Wahlfreiheit f\u00fcr Bauern und B\u00e4uerinnen, Verbraucher und Verbraucherinnen?\u00a0 - Greenpeace Luxembourg","isPartOf":{"@id":"https:\/\/www.greenpeace.org\/luxembourg\/fr\/#website"},"primaryImageOfPage":{"@id":"https:\/\/www.greenpeace.org\/luxembourg\/de\/presseerklaerungen\/19918\/kennzeichnung-der-neuen-gentechnik-wahlfreiheit-fuer-bauern-und-baeuerinnen-verbraucher-und-verbraucherinnen\/#primaryimage"},"image":{"@id":"https:\/\/www.greenpeace.org\/luxembourg\/de\/presseerklaerungen\/19918\/kennzeichnung-der-neuen-gentechnik-wahlfreiheit-fuer-bauern-und-baeuerinnen-verbraucher-und-verbraucherinnen\/#primaryimage"},"thumbnailUrl":"https:\/\/www.greenpeace.org\/static\/planet4-luxembourg-stateless\/2023\/10\/78fe9087-gp1sw21o_web_size.jpg","datePublished":"2023-09-26T10:10:34+00:00","dateModified":"2023-10-05T10:11:33+00:00","breadcrumb":{"@id":"https:\/\/www.greenpeace.org\/luxembourg\/de\/presseerklaerungen\/19918\/kennzeichnung-der-neuen-gentechnik-wahlfreiheit-fuer-bauern-und-baeuerinnen-verbraucher-und-verbraucherinnen\/#breadcrumb"},"inLanguage":"de-LU","potentialAction":[{"@type":"ReadAction","target":["https:\/\/www.greenpeace.org\/luxembourg\/de\/presseerklaerungen\/19918\/kennzeichnung-der-neuen-gentechnik-wahlfreiheit-fuer-bauern-und-baeuerinnen-verbraucher-und-verbraucherinnen\/"]}]},{"@type":"ImageObject","inLanguage":"de-LU","@id":"https:\/\/www.greenpeace.org\/luxembourg\/de\/presseerklaerungen\/19918\/kennzeichnung-der-neuen-gentechnik-wahlfreiheit-fuer-bauern-und-baeuerinnen-verbraucher-und-verbraucherinnen\/#primaryimage","url":"https:\/\/www.greenpeace.org\/static\/planet4-luxembourg-stateless\/2023\/10\/78fe9087-gp1sw21o_web_size.jpg","contentUrl":"https:\/\/www.greenpeace.org\/static\/planet4-luxembourg-stateless\/2023\/10\/78fe9087-gp1sw21o_web_size.jpg","width":800,"height":533,"caption":"Packed meat displaying the label showing the type of farm the meat originates from, from various supermarkets in Germany. Here also showing the label \"Ohne Gentechnik\" (No Genetic Engineering). Packshots diverser Fleischprodukte aus verschiedenen Supermaerkten mit Haltungskennzeichen-Label in Deutschland. Die Produkte stammen alle von der Tierhaltungskategorie 3: Offene St\u00e4lle mit Au\u00dfenklima. Im Bild die zus\u00e4tliche Kennzeichnung \"Ohne Gentechnik\"."},{"@type":"BreadcrumbList","@id":"https:\/\/www.greenpeace.org\/luxembourg\/de\/presseerklaerungen\/19918\/kennzeichnung-der-neuen-gentechnik-wahlfreiheit-fuer-bauern-und-baeuerinnen-verbraucher-und-verbraucherinnen\/#breadcrumb","itemListElement":[{"@type":"ListItem","position":1,"name":"Home","item":"http:\/\/www.greenpeace.org\/luxembourg\/fr\/"},{"@type":"ListItem","position":2,"name":"Kennzeichnung\u00a0der\u00a0Neuen Gentechnik:\u00a0Wahlfreiheit f\u00fcr Bauern und B\u00e4uerinnen, Verbraucher und Verbraucherinnen?\u00a0"}]},{"@type":"WebSite","@id":"https:\/\/www.greenpeace.org\/luxembourg\/fr\/#website","url":"https:\/\/www.greenpeace.org\/luxembourg\/fr\/","name":"Greenpeace Luxembourg","description":"Greenpeace existiert, weil unsere Erde eine Stimme braucht. Sie ben\u00f6tigt L\u00f6sungen. Ver\u00e4nderungen. Aktionen.","publisher":{"@id":"https:\/\/www.greenpeace.org\/luxembourg\/fr\/#organization"},"potentialAction":[{"@type":"SearchAction","target":{"@type":"EntryPoint","urlTemplate":"https:\/\/www.greenpeace.org\/luxembourg\/fr\/?s={search_term_string}"},"query-input":{"@type":"PropertyValueSpecification","valueRequired":true,"valueName":"search_term_string"}}],"inLanguage":"de-LU"},{"@type":"Organization","@id":"https:\/\/www.greenpeace.org\/luxembourg\/fr\/#organization","name":"Greenpeace Luxembourg","url":"https:\/\/www.greenpeace.org\/luxembourg\/fr\/","logo":{"@type":"ImageObject","inLanguage":"de-LU","@id":"https:\/\/www.greenpeace.org\/luxembourg\/fr\/#\/schema\/logo\/image\/","url":"https:\/\/www.greenpeace.org\/static\/planet4-luxembourg-stateless\/2026\/03\/3e367f94-greenpeace_logo_green_rgb.png","contentUrl":"https:\/\/www.greenpeace.org\/static\/planet4-luxembourg-stateless\/2026\/03\/3e367f94-greenpeace_logo_green_rgb.png","width":1080,"height":175,"caption":"Greenpeace Luxembourg"},"image":{"@id":"https:\/\/www.greenpeace.org\/luxembourg\/fr\/#\/schema\/logo\/image\/"},"sameAs":["https:\/\/www.facebook.com\/greenpeaceluxembourg","https:\/\/www.instagram.com\/greenpeacelux\/","https:\/\/www.linkedin.com\/company\/greenpeace-luxembourg\/","https:\/\/www.threads.com\/@greenpeacelux","https:\/\/bsky.app\/profile\/greenpeacelux.bsky.social","https:\/\/www.youtube.com\/@GreenpeaceLux","https:\/\/www.tiktok.com\/@greenpeace_lux"]},{"@type":"Person","@id":"https:\/\/www.greenpeace.org\/luxembourg\/fr\/#\/schema\/person\/3d0e81a859b59009fec36a8552ef76a7","name":"Esther Wildanger","url":"https:\/\/www.greenpeace.org\/luxembourg\/de\/author\/ewildang\/"}]}},"_links":{"self":[{"href":"https:\/\/www.greenpeace.org\/luxembourg\/de\/wp-json\/wp\/v2\/posts\/19918","targetHints":{"allow":["GET"]}}],"collection":[{"href":"https:\/\/www.greenpeace.org\/luxembourg\/de\/wp-json\/wp\/v2\/posts"}],"about":[{"href":"https:\/\/www.greenpeace.org\/luxembourg\/de\/wp-json\/wp\/v2\/types\/post"}],"author":[{"embeddable":true,"href":"https:\/\/www.greenpeace.org\/luxembourg\/de\/wp-json\/wp\/v2\/users\/25"}],"replies":[{"embeddable":true,"href":"https:\/\/www.greenpeace.org\/luxembourg\/de\/wp-json\/wp\/v2\/comments?post=19918"}],"version-history":[{"count":2,"href":"https:\/\/www.greenpeace.org\/luxembourg\/de\/wp-json\/wp\/v2\/posts\/19918\/revisions"}],"predecessor-version":[{"id":19922,"href":"https:\/\/www.greenpeace.org\/luxembourg\/de\/wp-json\/wp\/v2\/posts\/19918\/revisions\/19922"}],"wp:featuredmedia":[{"embeddable":true,"href":"https:\/\/www.greenpeace.org\/luxembourg\/de\/wp-json\/wp\/v2\/media\/19919"}],"wp:attachment":[{"href":"https:\/\/www.greenpeace.org\/luxembourg\/de\/wp-json\/wp\/v2\/media?parent=19918"}],"wp:term":[{"taxonomy":"category","embeddable":true,"href":"https:\/\/www.greenpeace.org\/luxembourg\/de\/wp-json\/wp\/v2\/categories?post=19918"},{"taxonomy":"post_tag","embeddable":true,"href":"https:\/\/www.greenpeace.org\/luxembourg\/de\/wp-json\/wp\/v2\/tags?post=19918"},{"taxonomy":"p4-page-type","embeddable":true,"href":"https:\/\/www.greenpeace.org\/luxembourg\/de\/wp-json\/wp\/v2\/p4-page-type?post=19918"}],"curies":[{"name":"wp","href":"https:\/\/api.w.org\/{rel}","templated":true}]}}