{"id":21358,"date":"2024-04-04T15:48:18","date_gmt":"2024-04-04T13:48:18","guid":{"rendered":"https:\/\/www.greenpeace.org\/luxembourg\/?p=21358"},"modified":"2024-04-04T15:48:21","modified_gmt":"2024-04-04T13:48:21","slug":"urwaelder-und-ihre-positiven-wirkungen","status":"publish","type":"post","link":"https:\/\/www.greenpeace.org\/luxembourg\/de\/aktualitaet\/21358\/urwaelder-und-ihre-positiven-wirkungen\/","title":{"rendered":"Urw\u00e4lder und ihre positiven Wirkungen"},"content":{"rendered":"\n<p><strong>Uralte, majest\u00e4tische B\u00e4ume, der Gesang der V\u00f6gel in den Baumkronen, ein dichtes, gr\u00fcnes Bl\u00e4tterdach, das leise Rascheln der Tiere im Unterholz &#8211; willkommen in einem Prim\u00e4rwald.<\/strong><\/p>\n\n<figure class=\"wp-block-image size-large\"><img loading=\"lazy\" decoding=\"async\" width=\"1024\" height=\"683\" src=\"https:\/\/www.greenpeace.org\/static\/planet4-luxembourg-stateless\/2024\/04\/445a6586-gp0stq2sq_medium_res_with_credit_line-1024x683.jpg\" alt=\"\" class=\"wp-image-21346\" srcset=\"https:\/\/www.greenpeace.org\/static\/planet4-luxembourg-stateless\/2024\/04\/445a6586-gp0stq2sq_medium_res_with_credit_line-1024x683.jpg 1024w, https:\/\/www.greenpeace.org\/static\/planet4-luxembourg-stateless\/2024\/04\/445a6586-gp0stq2sq_medium_res_with_credit_line-300x200.jpg 300w, https:\/\/www.greenpeace.org\/static\/planet4-luxembourg-stateless\/2024\/04\/445a6586-gp0stq2sq_medium_res_with_credit_line-768x512.jpg 768w, https:\/\/www.greenpeace.org\/static\/planet4-luxembourg-stateless\/2024\/04\/445a6586-gp0stq2sq_medium_res_with_credit_line-510x340.jpg 510w, https:\/\/www.greenpeace.org\/static\/planet4-luxembourg-stateless\/2024\/04\/445a6586-gp0stq2sq_medium_res_with_credit_line.jpg 1200w\" sizes=\"auto, (max-width: 1024px) 100vw, 1024px\" \/><\/figure>\n\n<p>Gem\u00e4\u00df den Verpflichtungen der Europ\u00e4ischen Union zur Erhaltung der biologischen Vielfalt m\u00fcssen die Prim\u00e4rw\u00e4lder in Europa streng gesch\u00fctzt werden, und dennoch geht deren Abholzung unvermindert weiter, und die letzten verbliebenen Vertreter dieser Lebensr\u00e4ume verschwinden nach und nach von der Bildfl\u00e4che.&nbsp;<\/p>\n\n<p>Offiziellen Angaben zufolge sind nur 4,9 Millionen Hektar, sprich 3 % der gesamten Waldfl\u00e4che in der EU, Prim\u00e4rw\u00e4lder. In Wirklichkeit wurde jedoch eine Fl\u00e4che, die der Gr\u00f6\u00dfe der Niederlande entspricht, <a href=\"https:\/\/publications.jrc.ec.europa.eu\/repository\/handle\/JRC124671\">nicht richtig kartographiert <\/a>und steht daher bislang nicht unter Schutz. Dabei sind diese W\u00e4ldervon hohem \u00f6kologischen Nutzen, u.a. indem sie eine entscheidende Rolle bei der Erhaltung der Biodiversit\u00e4t spielen und den Auswirkungen der Klimakrise entgegenwirken.&nbsp;<\/p>\n\n<p><strong>Zu den Vorz\u00fcgen von Prim\u00e4rw\u00e4ldern z\u00e4hlen:<\/strong><\/p>\n\n<h3 class=\"wp-block-heading\"><strong>Ein Lebensraum f\u00fcr eine unglaubliche Vielfalt an Lebensformen<\/strong><\/h3>\n\n<p>Verglichen mit von Menschen k\u00fcnstlich angelegten oder genutzten W\u00e4ldern sind Prim\u00e4rw\u00e4lder die Heimat einer gro\u00dfen Artenvielfalt. Ihre lange Geschichte und die nat\u00fcrlichen Regenerationsprozesse haben zu einer hohen strukturellen Komplexit\u00e4t beigetragen, die einer Vielzahl von Arten Unterschlupf bietet, darunter auch den empfindlichsten Arten sowie solchen, die Zeit brauchen, um zu migrieren und sich an ein w\u00e4rmeres Klima anzupassen.&nbsp;<\/p>\n\n<h3 class=\"wp-block-heading\"><strong>Ein hohes CO<\/strong><strong><sub>2<\/sub><\/strong><strong>-Speicherpotential<\/strong><\/h3>\n\n<p>Urw\u00e4lder helfen beim Klimaschutz, indem sie eine bedeutende Menge an Kohlenstoff speichern, deutlich mehr als andere W\u00e4lder unter \u00e4hnlichen Bedingungen. <a href=\"https:\/\/publications.jrc.ec.europa.eu\/repository\/handle\/JRC124671\">Neue Untersuchungen<\/a> belegen sogar, dass sie Treibhausgase l\u00e4nger speichern als bisher angenommen.&nbsp;<\/p>\n\n<h3 class=\"wp-block-heading\"><strong>Ein nat\u00fcrlicher Wasserfilter<\/strong><\/h3>\n\n<p>W\u00e4lder sorgen daf\u00fcr, dass wir frisches und <a href=\"https:\/\/www.eea.europa.eu\/publications\/water-retention-potential-of-forests\">sauberes Trinkwasser<\/a> haben. Sie erh\u00f6hen die Wassermenge im Grundwasser sowie in Oberfl\u00e4chengew\u00e4ssern und haben einen Einfluss auf Flussbetten und andere Wasserl\u00e4ufe. Sie k\u00f6nnen Niederschl\u00e4ge auffangen, den Abfluss von Regenwasser regulieren und B\u00e4che reinigen, indem sie Verschmutzungen aus dem Boden aufnehmen. B\u00e4ume sammeln und absorbieren Wasser durch ihre \u00c4ste, Bl\u00e4tter und Wurzeln und geben es dann langsam wieder an die Umwelt ab.<\/p>\n\n<h3 class=\"wp-block-heading\"><strong>Das nat\u00fcrliche Erbe Europas<\/strong><\/h3>\n\n<p>Prim\u00e4rw\u00e4lder spielen eine wichtige Rolle f\u00fcr das Wohlbefinden der Menschen und ihre Lebensgrundlagen, ganz zu schweigen von ihrer kulturellen und historischen Bedeutung. Diese W\u00e4lder sind ebenso Teil des Naturerbes Europas wie die \u00dcberreste der St\u00e4dte unserer Vorfahren. Um sicherzustellen, dass k\u00fcnftige Generationen ebenso wie wir in den Genuss der positiven Eigenschaften von W\u00e4ldern (Schutz vor extremen Wetterbedingungen, sauberes Trinkwasser usw.) kommen, m\u00fcssen wir unverz\u00fcglich f\u00fcr ihren Erhalt sorgen.&nbsp;<\/p>\n\n<h3 class=\"wp-block-heading\"><strong>Unsere W\u00e4lder, unsere Gesundheit <\/strong><\/h3>\n\n<p><a href=\"https:\/\/efi.int\/forestquestions\/q8\">Studien<\/a> zeigen, dass der Kontakt mit der Natur, wie z. B. ein Spaziergang im Wald, einen direkten Einfluss auf unser k\u00f6rperliches, geistiges und soziales Wohlbefinden hat. Der Aufenthalt im Wald reduziert die Nervenaktivit\u00e4t, was zu einer Senkung der Herzfrequenz und des Blutdrucks, zum Abbau von Stress sowie zu einer Steigerung des inneren Gleichgewichts f\u00fchren kann. Zudem f\u00f6rdert die Natur soziale Kontakte und die Kommunikation zwischen verschiedenen Bev\u00f6lkerungsgruppen, was wiederum die soziale Integration f\u00f6rdert.&nbsp;<\/p>\n\n<p><strong>Wir m\u00fcssen diese wunderbaren alten W\u00e4lder lieben, sch\u00e4tzen und sch\u00fctzen.<\/strong><\/p>\n\n<p><strong>Sie sind lebenswichtig f\u00fcr unsere Zukunft.&nbsp;<\/strong><br>Die Karpaten beherbergen das gr\u00f6\u00dfte zusammenh\u00e4ngende Gebiet von Prim\u00e4rw\u00e4ldern in Europa, au\u00dferhalb Skandinaviens und der russischen Taiga. Weitere Informationen \u00fcber die Karpaten finden Sie <a href=\"https:\/\/savecarpathians.org\/\">hier<\/a>.<\/p>\n","protected":false},"excerpt":{"rendered":"<p>Gem\u00e4\u00df den Verpflichtungen der Europ\u00e4ischen Union zur Erhaltung der biologischen Vielfalt m\u00fcssen die Prim\u00e4rw\u00e4lder in Europa streng gesch\u00fctzt werden&#8230;<\/p>\n","protected":false},"author":25,"featured_media":21346,"comment_status":"closed","ping_status":"closed","sticky":false,"template":"","format":"standard","meta":{"ep_exclude_from_search":false,"p4_og_title":"","p4_og_description":"","p4_og_image":"","p4_og_image_id":"","p4_seo_canonical_url":"","p4_campaign_name":"","p4_local_project":"","p4_basket_name":"","p4_department":"","footnotes":""},"categories":[24,47],"tags":[66,102],"p4-page-type":[68],"class_list":["post-21358","post","type-post","status-publish","format-standard","has-post-thumbnail","hentry","category-greenpeace","category-natur","tag-biodiversitaet","tag-urwalder","p4-page-type-aktualitaet"],"yoast_head":"<!-- This site is optimized with the Yoast SEO Premium plugin v23.9 (Yoast SEO v23.9) - https:\/\/yoast.com\/wordpress\/plugins\/seo\/ -->\n<title>Urw\u00e4lder und ihre positiven Wirkungen - Greenpeace Luxembourg<\/title>\n<meta name=\"robots\" content=\"index, follow, max-snippet:-1, max-image-preview:large, max-video-preview:-1\" \/>\n<link rel=\"canonical\" href=\"https:\/\/www.greenpeace.org\/luxembourg\/de\/aktualitaet\/21358\/urwaelder-und-ihre-positiven-wirkungen\/\" \/>\n<meta property=\"og:locale\" content=\"de_DE\" \/>\n<meta property=\"og:type\" content=\"article\" \/>\n<meta property=\"og:title\" content=\"Urw\u00e4lder und ihre positiven Wirkungen\" \/>\n<meta property=\"og:description\" content=\"Gem\u00e4\u00df den Verpflichtungen der Europ\u00e4ischen Union zur Erhaltung der biologischen Vielfalt m\u00fcssen die Prim\u00e4rw\u00e4lder in Europa streng gesch\u00fctzt werden...\" \/>\n<meta property=\"og:url\" content=\"https:\/\/www.greenpeace.org\/luxembourg\/de\/aktualitaet\/21358\/urwaelder-und-ihre-positiven-wirkungen\/\" \/>\n<meta property=\"og:site_name\" content=\"Greenpeace Luxembourg\" \/>\n<meta property=\"article:publisher\" content=\"https:\/\/www.facebook.com\/greenpeaceluxembourg\" \/>\n<meta property=\"article:published_time\" content=\"2024-04-04T13:48:18+00:00\" \/>\n<meta property=\"article:modified_time\" content=\"2024-04-04T13:48:21+00:00\" \/>\n<meta property=\"og:image\" content=\"https:\/\/www.greenpeace.org\/static\/planet4-luxembourg-stateless\/2024\/04\/445a6586-gp0stq2sq_medium_res_with_credit_line.jpg\" \/>\n\t<meta property=\"og:image:width\" content=\"1200\" \/>\n\t<meta property=\"og:image:height\" content=\"800\" \/>\n\t<meta property=\"og:image:type\" content=\"image\/jpeg\" \/>\n<meta name=\"author\" content=\"Esther Wildanger\" \/>\n<meta name=\"twitter:card\" content=\"summary_large_image\" \/>\n<meta name=\"twitter:label1\" content=\"Written by\" \/>\n\t<meta name=\"twitter:data1\" content=\"Esther Wildanger\" \/>\n\t<meta name=\"twitter:label2\" content=\"Est. reading time\" \/>\n\t<meta name=\"twitter:data2\" content=\"3 minutes\" \/>\n<script type=\"application\/ld+json\" class=\"yoast-schema-graph\">{\"@context\":\"https:\/\/schema.org\",\"@graph\":[{\"@type\":\"Article\",\"@id\":\"https:\/\/www.greenpeace.org\/luxembourg\/de\/aktualitaet\/21358\/urwaelder-und-ihre-positiven-wirkungen\/#article\",\"isPartOf\":{\"@id\":\"https:\/\/www.greenpeace.org\/luxembourg\/de\/aktualitaet\/21358\/urwaelder-und-ihre-positiven-wirkungen\/\"},\"author\":{\"name\":\"Esther Wildanger\",\"@id\":\"https:\/\/www.greenpeace.org\/luxembourg\/fr\/#\/schema\/person\/3d0e81a859b59009fec36a8552ef76a7\"},\"headline\":\"Urw\u00e4lder und ihre positiven Wirkungen\",\"datePublished\":\"2024-04-04T13:48:18+00:00\",\"dateModified\":\"2024-04-04T13:48:21+00:00\",\"mainEntityOfPage\":{\"@id\":\"https:\/\/www.greenpeace.org\/luxembourg\/de\/aktualitaet\/21358\/urwaelder-und-ihre-positiven-wirkungen\/\"},\"wordCount\":586,\"publisher\":{\"@id\":\"https:\/\/www.greenpeace.org\/luxembourg\/fr\/#organization\"},\"image\":{\"@id\":\"https:\/\/www.greenpeace.org\/luxembourg\/de\/aktualitaet\/21358\/urwaelder-und-ihre-positiven-wirkungen\/#primaryimage\"},\"thumbnailUrl\":\"https:\/\/www.greenpeace.org\/static\/planet4-luxembourg-stateless\/2024\/04\/445a6586-gp0stq2sq_medium_res_with_credit_line.jpg\",\"keywords\":[\"Biodiversit\u00e4t\",\"Urw\u00e4lder\"],\"articleSection\":[\"Greenpeace\",\"Natur\"],\"inLanguage\":\"de-LU\"},{\"@type\":\"WebPage\",\"@id\":\"https:\/\/www.greenpeace.org\/luxembourg\/de\/aktualitaet\/21358\/urwaelder-und-ihre-positiven-wirkungen\/\",\"url\":\"https:\/\/www.greenpeace.org\/luxembourg\/de\/aktualitaet\/21358\/urwaelder-und-ihre-positiven-wirkungen\/\",\"name\":\"Urw\u00e4lder und ihre positiven Wirkungen - Greenpeace Luxembourg\",\"isPartOf\":{\"@id\":\"https:\/\/www.greenpeace.org\/luxembourg\/fr\/#website\"},\"primaryImageOfPage\":{\"@id\":\"https:\/\/www.greenpeace.org\/luxembourg\/de\/aktualitaet\/21358\/urwaelder-und-ihre-positiven-wirkungen\/#primaryimage\"},\"image\":{\"@id\":\"https:\/\/www.greenpeace.org\/luxembourg\/de\/aktualitaet\/21358\/urwaelder-und-ihre-positiven-wirkungen\/#primaryimage\"},\"thumbnailUrl\":\"https:\/\/www.greenpeace.org\/static\/planet4-luxembourg-stateless\/2024\/04\/445a6586-gp0stq2sq_medium_res_with_credit_line.jpg\",\"datePublished\":\"2024-04-04T13:48:18+00:00\",\"dateModified\":\"2024-04-04T13:48:21+00:00\",\"breadcrumb\":{\"@id\":\"https:\/\/www.greenpeace.org\/luxembourg\/de\/aktualitaet\/21358\/urwaelder-und-ihre-positiven-wirkungen\/#breadcrumb\"},\"inLanguage\":\"de-LU\",\"potentialAction\":[{\"@type\":\"ReadAction\",\"target\":[\"https:\/\/www.greenpeace.org\/luxembourg\/de\/aktualitaet\/21358\/urwaelder-und-ihre-positiven-wirkungen\/\"]}]},{\"@type\":\"ImageObject\",\"inLanguage\":\"de-LU\",\"@id\":\"https:\/\/www.greenpeace.org\/luxembourg\/de\/aktualitaet\/21358\/urwaelder-und-ihre-positiven-wirkungen\/#primaryimage\",\"url\":\"https:\/\/www.greenpeace.org\/static\/planet4-luxembourg-stateless\/2024\/04\/445a6586-gp0stq2sq_medium_res_with_credit_line.jpg\",\"contentUrl\":\"https:\/\/www.greenpeace.org\/static\/planet4-luxembourg-stateless\/2024\/04\/445a6586-gp0stq2sq_medium_res_with_credit_line.jpg\",\"width\":1200,\"height\":800,\"caption\":\"Moss on tree in Romanian forest.\"},{\"@type\":\"BreadcrumbList\",\"@id\":\"https:\/\/www.greenpeace.org\/luxembourg\/de\/aktualitaet\/21358\/urwaelder-und-ihre-positiven-wirkungen\/#breadcrumb\",\"itemListElement\":[{\"@type\":\"ListItem\",\"position\":1,\"name\":\"Home\",\"item\":\"http:\/\/www.greenpeace.org\/luxembourg\/fr\/\"},{\"@type\":\"ListItem\",\"position\":2,\"name\":\"Urw\u00e4lder und ihre positiven Wirkungen\"}]},{\"@type\":\"WebSite\",\"@id\":\"https:\/\/www.greenpeace.org\/luxembourg\/fr\/#website\",\"url\":\"https:\/\/www.greenpeace.org\/luxembourg\/fr\/\",\"name\":\"Greenpeace Luxembourg\",\"description\":\"Greenpeace existiert, weil unsere Erde eine Stimme braucht. Sie ben\u00f6tigt L\u00f6sungen. Ver\u00e4nderungen. Aktionen.\",\"publisher\":{\"@id\":\"https:\/\/www.greenpeace.org\/luxembourg\/fr\/#organization\"},\"potentialAction\":[{\"@type\":\"SearchAction\",\"target\":{\"@type\":\"EntryPoint\",\"urlTemplate\":\"https:\/\/www.greenpeace.org\/luxembourg\/fr\/?s={search_term_string}\"},\"query-input\":{\"@type\":\"PropertyValueSpecification\",\"valueRequired\":true,\"valueName\":\"search_term_string\"}}],\"inLanguage\":\"de-LU\"},{\"@type\":\"Organization\",\"@id\":\"https:\/\/www.greenpeace.org\/luxembourg\/fr\/#organization\",\"name\":\"Greenpeace Luxembourg\",\"url\":\"https:\/\/www.greenpeace.org\/luxembourg\/fr\/\",\"logo\":{\"@type\":\"ImageObject\",\"inLanguage\":\"de-LU\",\"@id\":\"https:\/\/www.greenpeace.org\/luxembourg\/fr\/#\/schema\/logo\/image\/\",\"url\":\"https:\/\/www.greenpeace.org\/static\/planet4-luxembourg-stateless\/2026\/03\/3e367f94-greenpeace_logo_green_rgb.png\",\"contentUrl\":\"https:\/\/www.greenpeace.org\/static\/planet4-luxembourg-stateless\/2026\/03\/3e367f94-greenpeace_logo_green_rgb.png\",\"width\":1080,\"height\":175,\"caption\":\"Greenpeace Luxembourg\"},\"image\":{\"@id\":\"https:\/\/www.greenpeace.org\/luxembourg\/fr\/#\/schema\/logo\/image\/\"},\"sameAs\":[\"https:\/\/www.facebook.com\/greenpeaceluxembourg\",\"https:\/\/www.instagram.com\/greenpeacelux\/\",\"https:\/\/www.linkedin.com\/company\/greenpeace-luxembourg\/\",\"https:\/\/www.threads.com\/@greenpeacelux\",\"https:\/\/bsky.app\/profile\/greenpeacelux.bsky.social\",\"https:\/\/www.youtube.com\/@GreenpeaceLux\",\"https:\/\/www.tiktok.com\/@greenpeace_lux\"]},{\"@type\":\"Person\",\"@id\":\"https:\/\/www.greenpeace.org\/luxembourg\/fr\/#\/schema\/person\/3d0e81a859b59009fec36a8552ef76a7\",\"name\":\"Esther Wildanger\",\"url\":\"https:\/\/www.greenpeace.org\/luxembourg\/de\/author\/ewildang\/\"}]}<\/script>\n<!-- \/ Yoast SEO Premium plugin. -->","yoast_head_json":{"title":"Urw\u00e4lder und ihre positiven Wirkungen - Greenpeace Luxembourg","robots":{"index":"index","follow":"follow","max-snippet":"max-snippet:-1","max-image-preview":"max-image-preview:large","max-video-preview":"max-video-preview:-1"},"canonical":"https:\/\/www.greenpeace.org\/luxembourg\/de\/aktualitaet\/21358\/urwaelder-und-ihre-positiven-wirkungen\/","og_locale":"de_DE","og_type":"article","og_title":"Urw\u00e4lder und ihre positiven Wirkungen","og_description":"Gem\u00e4\u00df den Verpflichtungen der Europ\u00e4ischen Union zur Erhaltung der biologischen Vielfalt m\u00fcssen die Prim\u00e4rw\u00e4lder in Europa streng gesch\u00fctzt werden...","og_url":"https:\/\/www.greenpeace.org\/luxembourg\/de\/aktualitaet\/21358\/urwaelder-und-ihre-positiven-wirkungen\/","og_site_name":"Greenpeace Luxembourg","article_publisher":"https:\/\/www.facebook.com\/greenpeaceluxembourg","article_published_time":"2024-04-04T13:48:18+00:00","article_modified_time":"2024-04-04T13:48:21+00:00","og_image":[{"width":1200,"height":800,"url":"https:\/\/www.greenpeace.org\/static\/planet4-luxembourg-stateless\/2024\/04\/445a6586-gp0stq2sq_medium_res_with_credit_line.jpg","type":"image\/jpeg"}],"author":"Esther Wildanger","twitter_card":"summary_large_image","twitter_misc":{"Written by":"Esther Wildanger","Est. reading time":"3 minutes"},"schema":{"@context":"https:\/\/schema.org","@graph":[{"@type":"Article","@id":"https:\/\/www.greenpeace.org\/luxembourg\/de\/aktualitaet\/21358\/urwaelder-und-ihre-positiven-wirkungen\/#article","isPartOf":{"@id":"https:\/\/www.greenpeace.org\/luxembourg\/de\/aktualitaet\/21358\/urwaelder-und-ihre-positiven-wirkungen\/"},"author":{"name":"Esther Wildanger","@id":"https:\/\/www.greenpeace.org\/luxembourg\/fr\/#\/schema\/person\/3d0e81a859b59009fec36a8552ef76a7"},"headline":"Urw\u00e4lder und ihre positiven Wirkungen","datePublished":"2024-04-04T13:48:18+00:00","dateModified":"2024-04-04T13:48:21+00:00","mainEntityOfPage":{"@id":"https:\/\/www.greenpeace.org\/luxembourg\/de\/aktualitaet\/21358\/urwaelder-und-ihre-positiven-wirkungen\/"},"wordCount":586,"publisher":{"@id":"https:\/\/www.greenpeace.org\/luxembourg\/fr\/#organization"},"image":{"@id":"https:\/\/www.greenpeace.org\/luxembourg\/de\/aktualitaet\/21358\/urwaelder-und-ihre-positiven-wirkungen\/#primaryimage"},"thumbnailUrl":"https:\/\/www.greenpeace.org\/static\/planet4-luxembourg-stateless\/2024\/04\/445a6586-gp0stq2sq_medium_res_with_credit_line.jpg","keywords":["Biodiversit\u00e4t","Urw\u00e4lder"],"articleSection":["Greenpeace","Natur"],"inLanguage":"de-LU"},{"@type":"WebPage","@id":"https:\/\/www.greenpeace.org\/luxembourg\/de\/aktualitaet\/21358\/urwaelder-und-ihre-positiven-wirkungen\/","url":"https:\/\/www.greenpeace.org\/luxembourg\/de\/aktualitaet\/21358\/urwaelder-und-ihre-positiven-wirkungen\/","name":"Urw\u00e4lder und ihre positiven Wirkungen - Greenpeace Luxembourg","isPartOf":{"@id":"https:\/\/www.greenpeace.org\/luxembourg\/fr\/#website"},"primaryImageOfPage":{"@id":"https:\/\/www.greenpeace.org\/luxembourg\/de\/aktualitaet\/21358\/urwaelder-und-ihre-positiven-wirkungen\/#primaryimage"},"image":{"@id":"https:\/\/www.greenpeace.org\/luxembourg\/de\/aktualitaet\/21358\/urwaelder-und-ihre-positiven-wirkungen\/#primaryimage"},"thumbnailUrl":"https:\/\/www.greenpeace.org\/static\/planet4-luxembourg-stateless\/2024\/04\/445a6586-gp0stq2sq_medium_res_with_credit_line.jpg","datePublished":"2024-04-04T13:48:18+00:00","dateModified":"2024-04-04T13:48:21+00:00","breadcrumb":{"@id":"https:\/\/www.greenpeace.org\/luxembourg\/de\/aktualitaet\/21358\/urwaelder-und-ihre-positiven-wirkungen\/#breadcrumb"},"inLanguage":"de-LU","potentialAction":[{"@type":"ReadAction","target":["https:\/\/www.greenpeace.org\/luxembourg\/de\/aktualitaet\/21358\/urwaelder-und-ihre-positiven-wirkungen\/"]}]},{"@type":"ImageObject","inLanguage":"de-LU","@id":"https:\/\/www.greenpeace.org\/luxembourg\/de\/aktualitaet\/21358\/urwaelder-und-ihre-positiven-wirkungen\/#primaryimage","url":"https:\/\/www.greenpeace.org\/static\/planet4-luxembourg-stateless\/2024\/04\/445a6586-gp0stq2sq_medium_res_with_credit_line.jpg","contentUrl":"https:\/\/www.greenpeace.org\/static\/planet4-luxembourg-stateless\/2024\/04\/445a6586-gp0stq2sq_medium_res_with_credit_line.jpg","width":1200,"height":800,"caption":"Moss on tree in Romanian forest."},{"@type":"BreadcrumbList","@id":"https:\/\/www.greenpeace.org\/luxembourg\/de\/aktualitaet\/21358\/urwaelder-und-ihre-positiven-wirkungen\/#breadcrumb","itemListElement":[{"@type":"ListItem","position":1,"name":"Home","item":"http:\/\/www.greenpeace.org\/luxembourg\/fr\/"},{"@type":"ListItem","position":2,"name":"Urw\u00e4lder und ihre positiven Wirkungen"}]},{"@type":"WebSite","@id":"https:\/\/www.greenpeace.org\/luxembourg\/fr\/#website","url":"https:\/\/www.greenpeace.org\/luxembourg\/fr\/","name":"Greenpeace Luxembourg","description":"Greenpeace existiert, weil unsere Erde eine Stimme braucht. Sie ben\u00f6tigt L\u00f6sungen. Ver\u00e4nderungen. Aktionen.","publisher":{"@id":"https:\/\/www.greenpeace.org\/luxembourg\/fr\/#organization"},"potentialAction":[{"@type":"SearchAction","target":{"@type":"EntryPoint","urlTemplate":"https:\/\/www.greenpeace.org\/luxembourg\/fr\/?s={search_term_string}"},"query-input":{"@type":"PropertyValueSpecification","valueRequired":true,"valueName":"search_term_string"}}],"inLanguage":"de-LU"},{"@type":"Organization","@id":"https:\/\/www.greenpeace.org\/luxembourg\/fr\/#organization","name":"Greenpeace Luxembourg","url":"https:\/\/www.greenpeace.org\/luxembourg\/fr\/","logo":{"@type":"ImageObject","inLanguage":"de-LU","@id":"https:\/\/www.greenpeace.org\/luxembourg\/fr\/#\/schema\/logo\/image\/","url":"https:\/\/www.greenpeace.org\/static\/planet4-luxembourg-stateless\/2026\/03\/3e367f94-greenpeace_logo_green_rgb.png","contentUrl":"https:\/\/www.greenpeace.org\/static\/planet4-luxembourg-stateless\/2026\/03\/3e367f94-greenpeace_logo_green_rgb.png","width":1080,"height":175,"caption":"Greenpeace Luxembourg"},"image":{"@id":"https:\/\/www.greenpeace.org\/luxembourg\/fr\/#\/schema\/logo\/image\/"},"sameAs":["https:\/\/www.facebook.com\/greenpeaceluxembourg","https:\/\/www.instagram.com\/greenpeacelux\/","https:\/\/www.linkedin.com\/company\/greenpeace-luxembourg\/","https:\/\/www.threads.com\/@greenpeacelux","https:\/\/bsky.app\/profile\/greenpeacelux.bsky.social","https:\/\/www.youtube.com\/@GreenpeaceLux","https:\/\/www.tiktok.com\/@greenpeace_lux"]},{"@type":"Person","@id":"https:\/\/www.greenpeace.org\/luxembourg\/fr\/#\/schema\/person\/3d0e81a859b59009fec36a8552ef76a7","name":"Esther Wildanger","url":"https:\/\/www.greenpeace.org\/luxembourg\/de\/author\/ewildang\/"}]}},"_links":{"self":[{"href":"https:\/\/www.greenpeace.org\/luxembourg\/de\/wp-json\/wp\/v2\/posts\/21358","targetHints":{"allow":["GET"]}}],"collection":[{"href":"https:\/\/www.greenpeace.org\/luxembourg\/de\/wp-json\/wp\/v2\/posts"}],"about":[{"href":"https:\/\/www.greenpeace.org\/luxembourg\/de\/wp-json\/wp\/v2\/types\/post"}],"author":[{"embeddable":true,"href":"https:\/\/www.greenpeace.org\/luxembourg\/de\/wp-json\/wp\/v2\/users\/25"}],"replies":[{"embeddable":true,"href":"https:\/\/www.greenpeace.org\/luxembourg\/de\/wp-json\/wp\/v2\/comments?post=21358"}],"version-history":[{"count":1,"href":"https:\/\/www.greenpeace.org\/luxembourg\/de\/wp-json\/wp\/v2\/posts\/21358\/revisions"}],"predecessor-version":[{"id":21359,"href":"https:\/\/www.greenpeace.org\/luxembourg\/de\/wp-json\/wp\/v2\/posts\/21358\/revisions\/21359"}],"wp:featuredmedia":[{"embeddable":true,"href":"https:\/\/www.greenpeace.org\/luxembourg\/de\/wp-json\/wp\/v2\/media\/21346"}],"wp:attachment":[{"href":"https:\/\/www.greenpeace.org\/luxembourg\/de\/wp-json\/wp\/v2\/media?parent=21358"}],"wp:term":[{"taxonomy":"category","embeddable":true,"href":"https:\/\/www.greenpeace.org\/luxembourg\/de\/wp-json\/wp\/v2\/categories?post=21358"},{"taxonomy":"post_tag","embeddable":true,"href":"https:\/\/www.greenpeace.org\/luxembourg\/de\/wp-json\/wp\/v2\/tags?post=21358"},{"taxonomy":"p4-page-type","embeddable":true,"href":"https:\/\/www.greenpeace.org\/luxembourg\/de\/wp-json\/wp\/v2\/p4-page-type?post=21358"}],"curies":[{"name":"wp","href":"https:\/\/api.w.org\/{rel}","templated":true}]}}