{"id":21549,"date":"2024-05-02T10:33:57","date_gmt":"2024-05-02T08:33:57","guid":{"rendered":"https:\/\/www.greenpeace.org\/luxembourg\/?p=21549"},"modified":"2024-05-07T15:07:48","modified_gmt":"2024-05-07T13:07:48","slug":"gemeinwohl-oekonomie-der-leitkompass-fuer-eine-verantwortungsvolle-wirtschaft","status":"publish","type":"post","link":"https:\/\/www.greenpeace.org\/luxembourg\/de\/aktualitaet\/21549\/gemeinwohl-oekonomie-der-leitkompass-fuer-eine-verantwortungsvolle-wirtschaft\/","title":{"rendered":"Gemeinwohl-\u00d6konomie, der Leitkompass f\u00fcr eine verantwortungsvolle Wirtschaft"},"content":{"rendered":"\n<p><em>Ein Bericht von Greenpeace Luxemburg nach der Gemeinwohl\u00f6konomie-Matrix<\/em><\/p>\n\n<p><strong>Greenpeace Luxemburg freut sich, ihre erste <\/strong><a href=\"https:\/\/www.greenpeace.org\/static\/planet4-luxembourg-stateless\/2024\/05\/15249fc0-rapport-economie-du-bien-commun.pdf\" target=\"_blank\" rel=\"noreferrer noopener\"><strong>Bilanz zur Gemeinwohl-\u00d6konomie <\/strong><\/a><strong>pr\u00e4sentieren zu k\u00f6nnen! Worum handelt es sich dabei? Worin besteht sie und was beinhaltet sie? Erfahren Sie alles in diesem Artikel.&nbsp;<\/strong><\/p>\n\n<p>Das Konzept der Gemeinwohl-\u00d6konomie wurde von Christian Felber* erfunden, der die von anderen geteilte Erkenntnis \u00e4u\u00dferte, dass unser Wirtschaftsmodell die Quelle vieler Probleme ist, die derzeit in unserer Gesellschaft auftreten: die Anh\u00e4ufung von Reichtum, w\u00e4hrend andere kaum \u00fcber die Runden kommen, kurzfristiges Gewinnstreben ohne R\u00fccksicht auf \u00f6kologische und soziale Folgen, Umweltverschmutzung in all ihren Formen&#8230; <strong>Die Erhaltung des Gemeinwohls und das Streben nach einem qualitativ hochwertigen Leben sollten im Mittelpunkt aller wirtschaftlichen Aktivit\u00e4ten stehen.<\/strong> Auf der Grundlage von Werten wie Solidarit\u00e4t und Gerechtigkeit, Menschenw\u00fcrde, \u00f6kologische Nachhaltigkeit, Transparenz und Mitentscheidung hat die Gemeinwohl-\u00d6konomie ein Modell entwickelt, das Zukunft hat und das Greenpeace f\u00fcr unterst\u00fctzenswert befindet.<\/p>\n\n<p><strong>Wie sieht eine Gemeinwohl-Bilanz aus?<\/strong><\/p>\n\n<p>In diesem Sinne wurde eine Matrix von Fragen und Indikatoren entwickelt, die es Organisationen wie Greenpeace, aber auch Gemeinden und Unternehmen erm\u00f6glichen soll, die Frage zu beantworten, welchen Beitrag die jeweiligen Aktivit\u00e4ten, oder auch die produzierten Produkte und Dienstleistungen, f\u00fcr die Gesellschaft in ihrer Gesamtheit leisten. <strong>Es geht also nicht mehr um das Streben nach maximalem Profit, sondern vielmehr um die Art und Weise der Gesch\u00e4ftst\u00e4tigkeit,<\/strong> bei der die Menschenrechte, das soziale Gleichgewicht und der Schutz der Natur beachtet werden, und dies entlang der gesamten Wertsch\u00f6pfungskette. Denn die Auswirkungen auf die Gesellschaft werden nicht nur durch die gew\u00e4hlten Lieferanten, sondern auch durch den Austausch mit den Abnehmer:innen beeinflusst: Gibt die zu evaluierende Organisation trotz ihres mangelnden nachhaltigen Charakters gro\u00dfe Betr\u00e4ge f\u00fcr Werbung aus? Werden die Lieferanten nach \u00f6kologischen und sozialen und damit nicht nur nach rein finanziellen Kriterien ausgew\u00e4hlt? Werden die Kundinnen und Kunden angemessen \u00fcber die gelieferten Produkte und Dienstleistungen sowie die Gestaltungs- und Arbeitsbedingungen informiert?&nbsp;<\/p>\n\n<p>Je nachdem, wie die Antworten ausfallen, werden Punkte vergeben. Wenn die Organisation beispielsweise eine m\u00f6glichst gerechte Lohnverteilung praktiziert, kann sie mehr Punkte erhalten als ein Unternehmen, bei dem dies nicht der Fall ist. Im Gegensatz dazu werden Punkte f\u00fcr ein Verhalten abgezogen, das Umwelt- oder Menschenrechtsfragen nicht ber\u00fccksichtigt.&nbsp;<\/p>\n\n<p><strong>Die Ergebnisse werden in einer Matrix zusammengefasst, die 5 Themenbereiche umfasst: Beziehungen zu Lieferant:innen, Finanzpartner:innen, den Mitarbeitenden, den Kund:innen und dem gesellschaftlichen Umfeld. <\/strong>Die Matrix wird durch 4 Werteachsen erg\u00e4nzt: Solidarit\u00e4t und soziale Gerechtigkeit, Menschenw\u00fcrde, \u00f6kologische Nachhaltigkeit, Transparenz und Mitentscheidung. Diese Werte werden von Greenpeace seit jeher als grundlegend angesehen.<\/p>\n\n<p>Je mehr Punkte ein Unternehmenerh\u00e4lt, desto mehr tr\u00e4gt es zum Gemeinwohl bei, aber vor allem hilft die \u00dcbung dabei, verbesserungsw\u00fcrdige Punkte zu identifizieren und diese mit den Interessenvertretern zu teilen, um gemeinsam die Auswirkungen auf das Gemeinwohl zu verbessern.&nbsp;<\/p>\n\n<figure class=\"wp-block-image\"><img decoding=\"async\" src=\"https:\/\/lh7-us.googleusercontent.com\/QOH_NavprXN0-O_wKxYzFQamTubpnzRBJGmRneghZ2BOXmnvLTweZxf1IQeW09Bt0vAeks6ADAY5gi_3pNHAo2LmnWj-7Edyp6yg3AFX_GMo8UqArclYD8r0D5JGEMd7iSAuIzK-sLkfKN0he6_uJJA\" alt=\"\"\/><\/figure>\n\n<p>Der vollst\u00e4ndige Gemeinwohl-Bericht ist auf Anfrage unter der <a href=\"mailto:contact.luxembourg@greenpeace.org\">folgenden Adresse<\/a> erh\u00e4ltlich.&nbsp;<\/p>\n\n<p class=\"has-small-font-size\">*Christian Felber ist ein \u00f6sterreichischer alternativer \u00d6konom, Universit\u00e4tslektor und Mitbegr\u00fcnder der Gemeinwohl\u00f6konomie. Er ist ein international anerkannter Redner, Autor mehrerer preisgekr\u00f6nter Bestseller und kommentiert regelm\u00e4\u00dfig in verschiedenen Medien die Themen Ethik, Wirtschaft und Unternehmensf\u00fchrung.<\/p>\n","protected":false},"excerpt":{"rendered":"<p>Das Konzept der Gemeinwohl-\u00d6konomie wurde von Christian Felber* erfunden, der die von anderen geteilte Erkenntnis \u00e4u\u00dferte, dass unser Wirtschaftsmodell die Quelle vieler Probleme ist&#8230;<\/p>\n","protected":false},"author":20,"featured_media":21547,"comment_status":"closed","ping_status":"closed","sticky":false,"template":"","format":"standard","meta":{"ep_exclude_from_search":false,"p4_og_title":"","p4_og_description":"","p4_og_image":"","p4_og_image_id":"","p4_seo_canonical_url":"","p4_campaign_name":"","p4_local_project":"","p4_basket_name":"","p4_department":"","footnotes":""},"categories":[24],"tags":[60,61],"p4-page-type":[68],"class_list":["post-21549","post","type-post","status-publish","format-standard","has-post-thumbnail","hentry","category-greenpeace","tag-luxemburg","tag-greenpeace-de","p4-page-type-aktualitaet"],"yoast_head":"<!-- This site is optimized with the Yoast SEO Premium plugin v23.9 (Yoast SEO v23.9) - https:\/\/yoast.com\/wordpress\/plugins\/seo\/ -->\n<title>Gemeinwohl-\u00d6konomie, der Leitkompass f\u00fcr eine verantwortungsvolle Wirtschaft - Greenpeace Luxembourg<\/title>\n<meta name=\"robots\" content=\"index, follow, max-snippet:-1, max-image-preview:large, max-video-preview:-1\" \/>\n<link rel=\"canonical\" href=\"https:\/\/www.greenpeace.org\/luxembourg\/de\/aktualitaet\/21549\/gemeinwohl-oekonomie-der-leitkompass-fuer-eine-verantwortungsvolle-wirtschaft\/\" \/>\n<meta property=\"og:locale\" content=\"de_DE\" \/>\n<meta property=\"og:type\" content=\"article\" \/>\n<meta property=\"og:title\" content=\"Gemeinwohl-\u00d6konomie, der Leitkompass f\u00fcr eine verantwortungsvolle Wirtschaft\" \/>\n<meta property=\"og:description\" content=\"Das Konzept der Gemeinwohl-\u00d6konomie wurde von Christian Felber* erfunden, der die von anderen geteilte Erkenntnis \u00e4u\u00dferte, dass unser Wirtschaftsmodell die Quelle vieler Probleme ist...\" \/>\n<meta property=\"og:url\" content=\"https:\/\/www.greenpeace.org\/luxembourg\/de\/aktualitaet\/21549\/gemeinwohl-oekonomie-der-leitkompass-fuer-eine-verantwortungsvolle-wirtschaft\/\" \/>\n<meta property=\"og:site_name\" content=\"Greenpeace Luxembourg\" \/>\n<meta property=\"article:publisher\" content=\"https:\/\/www.facebook.com\/greenpeaceluxembourg\" \/>\n<meta property=\"article:published_time\" content=\"2024-05-02T08:33:57+00:00\" \/>\n<meta property=\"article:modified_time\" content=\"2024-05-07T13:07:48+00:00\" \/>\n<meta property=\"og:image\" content=\"https:\/\/www.greenpeace.org\/static\/planet4-luxembourg-stateless\/2024\/05\/38312c3a-gp0stqf58-3-scaled.jpg\" \/>\n\t<meta property=\"og:image:width\" content=\"2560\" \/>\n\t<meta property=\"og:image:height\" content=\"1707\" \/>\n\t<meta property=\"og:image:type\" content=\"image\/jpeg\" \/>\n<meta name=\"author\" content=\"Greenpeace Luxembourg\" \/>\n<meta name=\"twitter:card\" content=\"summary_large_image\" \/>\n<meta name=\"twitter:label1\" content=\"Written by\" \/>\n\t<meta name=\"twitter:data1\" content=\"Greenpeace Luxembourg\" \/>\n\t<meta name=\"twitter:label2\" content=\"Est. reading time\" \/>\n\t<meta name=\"twitter:data2\" content=\"3 minutes\" \/>\n<script type=\"application\/ld+json\" class=\"yoast-schema-graph\">{\"@context\":\"https:\/\/schema.org\",\"@graph\":[{\"@type\":\"Article\",\"@id\":\"https:\/\/www.greenpeace.org\/luxembourg\/de\/aktualitaet\/21549\/gemeinwohl-oekonomie-der-leitkompass-fuer-eine-verantwortungsvolle-wirtschaft\/#article\",\"isPartOf\":{\"@id\":\"https:\/\/www.greenpeace.org\/luxembourg\/de\/aktualitaet\/21549\/gemeinwohl-oekonomie-der-leitkompass-fuer-eine-verantwortungsvolle-wirtschaft\/\"},\"author\":{\"name\":\"Greenpeace Luxembourg\",\"@id\":\"https:\/\/www.greenpeace.org\/luxembourg\/fr\/#\/schema\/person\/12b34015aca6e55fec2e511d2f19102d\"},\"headline\":\"Gemeinwohl-\u00d6konomie, der Leitkompass f\u00fcr eine verantwortungsvolle Wirtschaft\",\"datePublished\":\"2024-05-02T08:33:57+00:00\",\"dateModified\":\"2024-05-07T13:07:48+00:00\",\"mainEntityOfPage\":{\"@id\":\"https:\/\/www.greenpeace.org\/luxembourg\/de\/aktualitaet\/21549\/gemeinwohl-oekonomie-der-leitkompass-fuer-eine-verantwortungsvolle-wirtschaft\/\"},\"wordCount\":545,\"publisher\":{\"@id\":\"https:\/\/www.greenpeace.org\/luxembourg\/fr\/#organization\"},\"image\":{\"@id\":\"https:\/\/www.greenpeace.org\/luxembourg\/de\/aktualitaet\/21549\/gemeinwohl-oekonomie-der-leitkompass-fuer-eine-verantwortungsvolle-wirtschaft\/#primaryimage\"},\"thumbnailUrl\":\"https:\/\/www.greenpeace.org\/static\/planet4-luxembourg-stateless\/2024\/05\/38312c3a-gp0stqf58-3-scaled.jpg\",\"keywords\":[\"Luxemburg\",\"Greenpeace\"],\"articleSection\":[\"Greenpeace\"],\"inLanguage\":\"de-LU\"},{\"@type\":\"WebPage\",\"@id\":\"https:\/\/www.greenpeace.org\/luxembourg\/de\/aktualitaet\/21549\/gemeinwohl-oekonomie-der-leitkompass-fuer-eine-verantwortungsvolle-wirtschaft\/\",\"url\":\"https:\/\/www.greenpeace.org\/luxembourg\/de\/aktualitaet\/21549\/gemeinwohl-oekonomie-der-leitkompass-fuer-eine-verantwortungsvolle-wirtschaft\/\",\"name\":\"Gemeinwohl-\u00d6konomie, der Leitkompass f\u00fcr eine verantwortungsvolle Wirtschaft - Greenpeace Luxembourg\",\"isPartOf\":{\"@id\":\"https:\/\/www.greenpeace.org\/luxembourg\/fr\/#website\"},\"primaryImageOfPage\":{\"@id\":\"https:\/\/www.greenpeace.org\/luxembourg\/de\/aktualitaet\/21549\/gemeinwohl-oekonomie-der-leitkompass-fuer-eine-verantwortungsvolle-wirtschaft\/#primaryimage\"},\"image\":{\"@id\":\"https:\/\/www.greenpeace.org\/luxembourg\/de\/aktualitaet\/21549\/gemeinwohl-oekonomie-der-leitkompass-fuer-eine-verantwortungsvolle-wirtschaft\/#primaryimage\"},\"thumbnailUrl\":\"https:\/\/www.greenpeace.org\/static\/planet4-luxembourg-stateless\/2024\/05\/38312c3a-gp0stqf58-3-scaled.jpg\",\"datePublished\":\"2024-05-02T08:33:57+00:00\",\"dateModified\":\"2024-05-07T13:07:48+00:00\",\"breadcrumb\":{\"@id\":\"https:\/\/www.greenpeace.org\/luxembourg\/de\/aktualitaet\/21549\/gemeinwohl-oekonomie-der-leitkompass-fuer-eine-verantwortungsvolle-wirtschaft\/#breadcrumb\"},\"inLanguage\":\"de-LU\",\"potentialAction\":[{\"@type\":\"ReadAction\",\"target\":[\"https:\/\/www.greenpeace.org\/luxembourg\/de\/aktualitaet\/21549\/gemeinwohl-oekonomie-der-leitkompass-fuer-eine-verantwortungsvolle-wirtschaft\/\"]}]},{\"@type\":\"ImageObject\",\"inLanguage\":\"de-LU\",\"@id\":\"https:\/\/www.greenpeace.org\/luxembourg\/de\/aktualitaet\/21549\/gemeinwohl-oekonomie-der-leitkompass-fuer-eine-verantwortungsvolle-wirtschaft\/#primaryimage\",\"url\":\"https:\/\/www.greenpeace.org\/static\/planet4-luxembourg-stateless\/2024\/05\/38312c3a-gp0stqf58-3-scaled.jpg\",\"contentUrl\":\"https:\/\/www.greenpeace.org\/static\/planet4-luxembourg-stateless\/2024\/05\/38312c3a-gp0stqf58-3-scaled.jpg\",\"width\":2560,\"height\":1707},{\"@type\":\"BreadcrumbList\",\"@id\":\"https:\/\/www.greenpeace.org\/luxembourg\/de\/aktualitaet\/21549\/gemeinwohl-oekonomie-der-leitkompass-fuer-eine-verantwortungsvolle-wirtschaft\/#breadcrumb\",\"itemListElement\":[{\"@type\":\"ListItem\",\"position\":1,\"name\":\"Home\",\"item\":\"http:\/\/www.greenpeace.org\/luxembourg\/fr\/\"},{\"@type\":\"ListItem\",\"position\":2,\"name\":\"Gemeinwohl-\u00d6konomie, der Leitkompass f\u00fcr eine verantwortungsvolle Wirtschaft\"}]},{\"@type\":\"WebSite\",\"@id\":\"https:\/\/www.greenpeace.org\/luxembourg\/fr\/#website\",\"url\":\"https:\/\/www.greenpeace.org\/luxembourg\/fr\/\",\"name\":\"Greenpeace Luxembourg\",\"description\":\"Greenpeace existiert, weil unsere Erde eine Stimme braucht. Sie ben\u00f6tigt L\u00f6sungen. Ver\u00e4nderungen. Aktionen.\",\"publisher\":{\"@id\":\"https:\/\/www.greenpeace.org\/luxembourg\/fr\/#organization\"},\"potentialAction\":[{\"@type\":\"SearchAction\",\"target\":{\"@type\":\"EntryPoint\",\"urlTemplate\":\"https:\/\/www.greenpeace.org\/luxembourg\/fr\/?s={search_term_string}\"},\"query-input\":{\"@type\":\"PropertyValueSpecification\",\"valueRequired\":true,\"valueName\":\"search_term_string\"}}],\"inLanguage\":\"de-LU\"},{\"@type\":\"Organization\",\"@id\":\"https:\/\/www.greenpeace.org\/luxembourg\/fr\/#organization\",\"name\":\"Greenpeace Luxembourg\",\"url\":\"https:\/\/www.greenpeace.org\/luxembourg\/fr\/\",\"logo\":{\"@type\":\"ImageObject\",\"inLanguage\":\"de-LU\",\"@id\":\"https:\/\/www.greenpeace.org\/luxembourg\/fr\/#\/schema\/logo\/image\/\",\"url\":\"https:\/\/www.greenpeace.org\/static\/planet4-luxembourg-stateless\/2026\/03\/3e367f94-greenpeace_logo_green_rgb.png\",\"contentUrl\":\"https:\/\/www.greenpeace.org\/static\/planet4-luxembourg-stateless\/2026\/03\/3e367f94-greenpeace_logo_green_rgb.png\",\"width\":1080,\"height\":175,\"caption\":\"Greenpeace Luxembourg\"},\"image\":{\"@id\":\"https:\/\/www.greenpeace.org\/luxembourg\/fr\/#\/schema\/logo\/image\/\"},\"sameAs\":[\"https:\/\/www.facebook.com\/greenpeaceluxembourg\",\"https:\/\/www.instagram.com\/greenpeacelux\/\",\"https:\/\/www.linkedin.com\/company\/greenpeace-luxembourg\/\",\"https:\/\/www.threads.com\/@greenpeacelux\",\"https:\/\/bsky.app\/profile\/greenpeacelux.bsky.social\",\"https:\/\/www.youtube.com\/@GreenpeaceLux\",\"https:\/\/www.tiktok.com\/@greenpeace_lux\"]},{\"@type\":\"Person\",\"@id\":\"https:\/\/www.greenpeace.org\/luxembourg\/fr\/#\/schema\/person\/12b34015aca6e55fec2e511d2f19102d\",\"name\":\"Greenpeace Luxembourg\",\"url\":\"https:\/\/www.greenpeace.org\/luxembourg\/de\/author\/gp_luxembourg\/\"}]}<\/script>\n<!-- \/ Yoast SEO Premium plugin. -->","yoast_head_json":{"title":"Gemeinwohl-\u00d6konomie, der Leitkompass f\u00fcr eine verantwortungsvolle Wirtschaft - Greenpeace Luxembourg","robots":{"index":"index","follow":"follow","max-snippet":"max-snippet:-1","max-image-preview":"max-image-preview:large","max-video-preview":"max-video-preview:-1"},"canonical":"https:\/\/www.greenpeace.org\/luxembourg\/de\/aktualitaet\/21549\/gemeinwohl-oekonomie-der-leitkompass-fuer-eine-verantwortungsvolle-wirtschaft\/","og_locale":"de_DE","og_type":"article","og_title":"Gemeinwohl-\u00d6konomie, der Leitkompass f\u00fcr eine verantwortungsvolle Wirtschaft","og_description":"Das Konzept der Gemeinwohl-\u00d6konomie wurde von Christian Felber* erfunden, der die von anderen geteilte Erkenntnis \u00e4u\u00dferte, dass unser Wirtschaftsmodell die Quelle vieler Probleme ist...","og_url":"https:\/\/www.greenpeace.org\/luxembourg\/de\/aktualitaet\/21549\/gemeinwohl-oekonomie-der-leitkompass-fuer-eine-verantwortungsvolle-wirtschaft\/","og_site_name":"Greenpeace Luxembourg","article_publisher":"https:\/\/www.facebook.com\/greenpeaceluxembourg","article_published_time":"2024-05-02T08:33:57+00:00","article_modified_time":"2024-05-07T13:07:48+00:00","og_image":[{"width":2560,"height":1707,"url":"https:\/\/www.greenpeace.org\/static\/planet4-luxembourg-stateless\/2024\/05\/38312c3a-gp0stqf58-3-scaled.jpg","type":"image\/jpeg"}],"author":"Greenpeace Luxembourg","twitter_card":"summary_large_image","twitter_misc":{"Written by":"Greenpeace Luxembourg","Est. reading time":"3 minutes"},"schema":{"@context":"https:\/\/schema.org","@graph":[{"@type":"Article","@id":"https:\/\/www.greenpeace.org\/luxembourg\/de\/aktualitaet\/21549\/gemeinwohl-oekonomie-der-leitkompass-fuer-eine-verantwortungsvolle-wirtschaft\/#article","isPartOf":{"@id":"https:\/\/www.greenpeace.org\/luxembourg\/de\/aktualitaet\/21549\/gemeinwohl-oekonomie-der-leitkompass-fuer-eine-verantwortungsvolle-wirtschaft\/"},"author":{"name":"Greenpeace Luxembourg","@id":"https:\/\/www.greenpeace.org\/luxembourg\/fr\/#\/schema\/person\/12b34015aca6e55fec2e511d2f19102d"},"headline":"Gemeinwohl-\u00d6konomie, der Leitkompass f\u00fcr eine verantwortungsvolle Wirtschaft","datePublished":"2024-05-02T08:33:57+00:00","dateModified":"2024-05-07T13:07:48+00:00","mainEntityOfPage":{"@id":"https:\/\/www.greenpeace.org\/luxembourg\/de\/aktualitaet\/21549\/gemeinwohl-oekonomie-der-leitkompass-fuer-eine-verantwortungsvolle-wirtschaft\/"},"wordCount":545,"publisher":{"@id":"https:\/\/www.greenpeace.org\/luxembourg\/fr\/#organization"},"image":{"@id":"https:\/\/www.greenpeace.org\/luxembourg\/de\/aktualitaet\/21549\/gemeinwohl-oekonomie-der-leitkompass-fuer-eine-verantwortungsvolle-wirtschaft\/#primaryimage"},"thumbnailUrl":"https:\/\/www.greenpeace.org\/static\/planet4-luxembourg-stateless\/2024\/05\/38312c3a-gp0stqf58-3-scaled.jpg","keywords":["Luxemburg","Greenpeace"],"articleSection":["Greenpeace"],"inLanguage":"de-LU"},{"@type":"WebPage","@id":"https:\/\/www.greenpeace.org\/luxembourg\/de\/aktualitaet\/21549\/gemeinwohl-oekonomie-der-leitkompass-fuer-eine-verantwortungsvolle-wirtschaft\/","url":"https:\/\/www.greenpeace.org\/luxembourg\/de\/aktualitaet\/21549\/gemeinwohl-oekonomie-der-leitkompass-fuer-eine-verantwortungsvolle-wirtschaft\/","name":"Gemeinwohl-\u00d6konomie, der Leitkompass f\u00fcr eine verantwortungsvolle Wirtschaft - Greenpeace Luxembourg","isPartOf":{"@id":"https:\/\/www.greenpeace.org\/luxembourg\/fr\/#website"},"primaryImageOfPage":{"@id":"https:\/\/www.greenpeace.org\/luxembourg\/de\/aktualitaet\/21549\/gemeinwohl-oekonomie-der-leitkompass-fuer-eine-verantwortungsvolle-wirtschaft\/#primaryimage"},"image":{"@id":"https:\/\/www.greenpeace.org\/luxembourg\/de\/aktualitaet\/21549\/gemeinwohl-oekonomie-der-leitkompass-fuer-eine-verantwortungsvolle-wirtschaft\/#primaryimage"},"thumbnailUrl":"https:\/\/www.greenpeace.org\/static\/planet4-luxembourg-stateless\/2024\/05\/38312c3a-gp0stqf58-3-scaled.jpg","datePublished":"2024-05-02T08:33:57+00:00","dateModified":"2024-05-07T13:07:48+00:00","breadcrumb":{"@id":"https:\/\/www.greenpeace.org\/luxembourg\/de\/aktualitaet\/21549\/gemeinwohl-oekonomie-der-leitkompass-fuer-eine-verantwortungsvolle-wirtschaft\/#breadcrumb"},"inLanguage":"de-LU","potentialAction":[{"@type":"ReadAction","target":["https:\/\/www.greenpeace.org\/luxembourg\/de\/aktualitaet\/21549\/gemeinwohl-oekonomie-der-leitkompass-fuer-eine-verantwortungsvolle-wirtschaft\/"]}]},{"@type":"ImageObject","inLanguage":"de-LU","@id":"https:\/\/www.greenpeace.org\/luxembourg\/de\/aktualitaet\/21549\/gemeinwohl-oekonomie-der-leitkompass-fuer-eine-verantwortungsvolle-wirtschaft\/#primaryimage","url":"https:\/\/www.greenpeace.org\/static\/planet4-luxembourg-stateless\/2024\/05\/38312c3a-gp0stqf58-3-scaled.jpg","contentUrl":"https:\/\/www.greenpeace.org\/static\/planet4-luxembourg-stateless\/2024\/05\/38312c3a-gp0stqf58-3-scaled.jpg","width":2560,"height":1707},{"@type":"BreadcrumbList","@id":"https:\/\/www.greenpeace.org\/luxembourg\/de\/aktualitaet\/21549\/gemeinwohl-oekonomie-der-leitkompass-fuer-eine-verantwortungsvolle-wirtschaft\/#breadcrumb","itemListElement":[{"@type":"ListItem","position":1,"name":"Home","item":"http:\/\/www.greenpeace.org\/luxembourg\/fr\/"},{"@type":"ListItem","position":2,"name":"Gemeinwohl-\u00d6konomie, der Leitkompass f\u00fcr eine verantwortungsvolle Wirtschaft"}]},{"@type":"WebSite","@id":"https:\/\/www.greenpeace.org\/luxembourg\/fr\/#website","url":"https:\/\/www.greenpeace.org\/luxembourg\/fr\/","name":"Greenpeace Luxembourg","description":"Greenpeace existiert, weil unsere Erde eine Stimme braucht. Sie ben\u00f6tigt L\u00f6sungen. Ver\u00e4nderungen. Aktionen.","publisher":{"@id":"https:\/\/www.greenpeace.org\/luxembourg\/fr\/#organization"},"potentialAction":[{"@type":"SearchAction","target":{"@type":"EntryPoint","urlTemplate":"https:\/\/www.greenpeace.org\/luxembourg\/fr\/?s={search_term_string}"},"query-input":{"@type":"PropertyValueSpecification","valueRequired":true,"valueName":"search_term_string"}}],"inLanguage":"de-LU"},{"@type":"Organization","@id":"https:\/\/www.greenpeace.org\/luxembourg\/fr\/#organization","name":"Greenpeace Luxembourg","url":"https:\/\/www.greenpeace.org\/luxembourg\/fr\/","logo":{"@type":"ImageObject","inLanguage":"de-LU","@id":"https:\/\/www.greenpeace.org\/luxembourg\/fr\/#\/schema\/logo\/image\/","url":"https:\/\/www.greenpeace.org\/static\/planet4-luxembourg-stateless\/2026\/03\/3e367f94-greenpeace_logo_green_rgb.png","contentUrl":"https:\/\/www.greenpeace.org\/static\/planet4-luxembourg-stateless\/2026\/03\/3e367f94-greenpeace_logo_green_rgb.png","width":1080,"height":175,"caption":"Greenpeace Luxembourg"},"image":{"@id":"https:\/\/www.greenpeace.org\/luxembourg\/fr\/#\/schema\/logo\/image\/"},"sameAs":["https:\/\/www.facebook.com\/greenpeaceluxembourg","https:\/\/www.instagram.com\/greenpeacelux\/","https:\/\/www.linkedin.com\/company\/greenpeace-luxembourg\/","https:\/\/www.threads.com\/@greenpeacelux","https:\/\/bsky.app\/profile\/greenpeacelux.bsky.social","https:\/\/www.youtube.com\/@GreenpeaceLux","https:\/\/www.tiktok.com\/@greenpeace_lux"]},{"@type":"Person","@id":"https:\/\/www.greenpeace.org\/luxembourg\/fr\/#\/schema\/person\/12b34015aca6e55fec2e511d2f19102d","name":"Greenpeace Luxembourg","url":"https:\/\/www.greenpeace.org\/luxembourg\/de\/author\/gp_luxembourg\/"}]}},"_links":{"self":[{"href":"https:\/\/www.greenpeace.org\/luxembourg\/de\/wp-json\/wp\/v2\/posts\/21549","targetHints":{"allow":["GET"]}}],"collection":[{"href":"https:\/\/www.greenpeace.org\/luxembourg\/de\/wp-json\/wp\/v2\/posts"}],"about":[{"href":"https:\/\/www.greenpeace.org\/luxembourg\/de\/wp-json\/wp\/v2\/types\/post"}],"author":[{"embeddable":true,"href":"https:\/\/www.greenpeace.org\/luxembourg\/de\/wp-json\/wp\/v2\/users\/20"}],"replies":[{"embeddable":true,"href":"https:\/\/www.greenpeace.org\/luxembourg\/de\/wp-json\/wp\/v2\/comments?post=21549"}],"version-history":[{"count":3,"href":"https:\/\/www.greenpeace.org\/luxembourg\/de\/wp-json\/wp\/v2\/posts\/21549\/revisions"}],"predecessor-version":[{"id":21565,"href":"https:\/\/www.greenpeace.org\/luxembourg\/de\/wp-json\/wp\/v2\/posts\/21549\/revisions\/21565"}],"wp:featuredmedia":[{"embeddable":true,"href":"https:\/\/www.greenpeace.org\/luxembourg\/de\/wp-json\/wp\/v2\/media\/21547"}],"wp:attachment":[{"href":"https:\/\/www.greenpeace.org\/luxembourg\/de\/wp-json\/wp\/v2\/media?parent=21549"}],"wp:term":[{"taxonomy":"category","embeddable":true,"href":"https:\/\/www.greenpeace.org\/luxembourg\/de\/wp-json\/wp\/v2\/categories?post=21549"},{"taxonomy":"post_tag","embeddable":true,"href":"https:\/\/www.greenpeace.org\/luxembourg\/de\/wp-json\/wp\/v2\/tags?post=21549"},{"taxonomy":"p4-page-type","embeddable":true,"href":"https:\/\/www.greenpeace.org\/luxembourg\/de\/wp-json\/wp\/v2\/p4-page-type?post=21549"}],"curies":[{"name":"wp","href":"https:\/\/api.w.org\/{rel}","templated":true}]}}