{"id":21559,"date":"2024-05-07T07:47:48","date_gmt":"2024-05-07T05:47:48","guid":{"rendered":"https:\/\/www.greenpeace.org\/luxembourg\/?p=21559"},"modified":"2024-05-07T07:48:52","modified_gmt":"2024-05-07T05:48:52","slug":"9-gruende-ein-atomkraftwerk-nach-40-jahren-laufzeit-zu-schliessen","status":"publish","type":"post","link":"https:\/\/www.greenpeace.org\/luxembourg\/de\/aktualitaet\/21559\/9-gruende-ein-atomkraftwerk-nach-40-jahren-laufzeit-zu-schliessen\/","title":{"rendered":"9 Gr\u00fcnde, ein Atomkraftwerk nach 40 Jahren Laufzeit zu schlie\u00dfen"},"content":{"rendered":"\n<p><em>Der franz\u00f6sische Atompark ist in die Jahre gekommen. Zwei Drittel der Reaktoren werden bald die Altersgrenze von 40 Jahren erreicht haben, die maximale Betriebsdauer, f\u00fcr die sie konzipiert wurden. Doch der franz\u00f6sische Stromanbieter EDF und die franz\u00f6sische Regierung setzen alles daran, die Laufzeit der Atomanlagen um 10 oder 20 Jahre zu verl\u00e4ngern. F\u00fcr Greenpeace ist diese Entscheidung zu riskant, gef\u00e4hrlich und teuer.<\/em><\/p>\n\n<p>Hier sind 9 Gr\u00fcnde, die gegen eine Laufzeitverl\u00e4ngerung franz\u00f6sischer Atomkraftwerke nach 40 Jahren\u00a0 sprechen.<\/p>\n\n<p><strong>1. Kernkraftwerke wurden nicht f\u00fcr eine Lebensdauer von mehr als 40 Jahren konzipiert oder getestet.<\/strong> Die Reaktoren wurden von Ingenieur:innen f\u00fcr eine Laufzeit von 30 bis 40 Jahren entwickelt und die Materialeigenschaften und deren Belastbarkeit wurden f\u00fcr die gleiche Zeitspanne berechnet. Das hei\u00dft, es wurde nie getestet, ob die Reaktoren auch dar\u00fcber hinaus betrieben werden k\u00f6nnen. Nach einer Laufzeit von 40 Jahren treten die Reaktoren also in eine nicht von den Ingenieur:innen vorhergesehene Alterungsphase ein, die von der Atomindustrie nicht reguliert wird.<\/p>\n\n<p><strong>2. Kernkraftwerke, ihre Materialien und ihre technische Ausstattung altern schlecht, was die Leistung der Reaktoren beeintr\u00e4chtigt.<\/strong> Im Laufe der Zeit verschlei\u00dfen die Bauteile: Einige verkalken oder verrosten, andere werden por\u00f6s, undicht und br\u00fcchig. Diese Altersbeschwerden beeintr\u00e4chtigen die Leistung und Widerstandsf\u00e4higkeit der kerntechnischen Ausr\u00fcstung und k\u00f6nnen zu schweren Ausf\u00e4llen f\u00fchren.<br><strong><br>3. Einige wichtige Bauelemente verschlei\u00dfen, sind aber nicht austauschbar.<\/strong> Alle Bestandteile nutzen sich mechanisch ab und werden br\u00fcchig. Dies gilt insbesondere f\u00fcr den Reaktordruckbeh\u00e4lter, wo sich der Brennstoff befindet, der durch die Bestrahlung immer empfindlicher wird. Ein Riss bei einem in Betrieb befindlichen Reaktor w\u00fcrde zu einer nuklearen Katastrophe von der Gr\u00f6\u00dfe der Unf\u00e4lle in Tschernobyl oder Fukushima f\u00fchren. Dennoch ist es nicht geplant, die Reaktordruckbeh\u00e4lter alter Reaktoren zu ersetzen.<\/p>\n\n<p><strong>4. Der Bau der Atomreaktoren wurde in den 1970er und 80er Jahren konzipiert. <\/strong>Einer Zeit vor Tschernobyl, Fukushima, den Terroranschl\u00e4gen von 2001, Computerhacking, dem Klimawandel und der Zunahme von Extremwetterereignissen. Der heutige Wissensstand und die Standards haben sich seitdem stark weiterentwickelt. Die Kraftwerke sind f\u00fcr die heutigen Risiken weder ausgelegt noch gesch\u00fctzt.<\/p>\n\n<p><strong>5. Alte Atomkraftwerke werden nie den neuesten Standards entsprechen.<\/strong> Selbst wenn sie &#8220;modernisiert&#8221; und &#8220;nachger\u00fcstet&#8221; werden, werden alte Atomreaktoren nicht die <a href=\"https:\/\/www.greenpeace.org\/luxembourg\/fr\/communiques-de-presse\/4484\/des-deficits-de-surete-considerables-lies-a-lextension-de-la-duree-de-vie-des-centrales-nucleaires-francaises\/\">gleichen Sicherheitsanforderungen<\/a> erf\u00fcllen wie ein neu konzipierter Reaktor, wie der EPR in Flamanville.&nbsp;<\/p>\n\n<p><strong>6. Jedes Jahr beantragt EDF Ausnahmeregelungen, um die Sicherheitsstandards zu umgehen.<\/strong> Seit Jahren wiederholen sich Verz\u00f6gerungen seitens EDF und Aufsch\u00fcbe sowie Ausnahmeregelungen werden ausgehandelt, um den Betrieb der Reaktoren trotz erkannter Abweichungen und Unregelm\u00e4\u00dfigkeiten zu erm\u00f6glichen. Trotz dieser Missst\u00e4nde sind die Kontroll- und Sanktionsm\u00f6glichkeiten der ASN sehr begrenzt: Wenn EDF die Entscheidungen und Fristen der ASN nicht einh\u00e4lt, drohen dem Unternehmen kaum mehr Konsequenzen wie einem Fahrer, der eine Geschwindigkeits\u00fcberschreitung begeht.<\/p>\n\n<p><strong>7. Das Risiko ernster Unf\u00e4lle steigt. <\/strong>Je \u00e4lter die Kraftwerke werden, desto gr\u00f6\u00dfer ist das Risiko eines schweren Zwischenfalls. Ende 2014 hatte die ASN bereits Dutzende Zwischenf\u00e4lle gez\u00e4hlt die im Zusammenhang mit der Alterung, Anomalien und Wartungsproblemen stehen. Sie zeichnen sich vor allem dadurch aus, dass sie das Risiko einer Kernschmelze und eines schweren Unfalls erh\u00f6hen.<br><br><img loading=\"lazy\" decoding=\"async\" width=\"624\" height=\"416\" src=\"https:\/\/lh7-us.googleusercontent.com\/HJ2BoD94-Ufqkq0md4xtHqva4vbQg0eO4kXM0A0YU26bwxdPIY-JcS2I0HTQ15-SfRTCprvY_7w-DZjILgfJO8LLrOKzO-lbgZfngaLefkH449v3JPDNJMyJN9jUsZcjsetOzDhqQ-EiRTIxrKhtV9g\" alt=\"Protest at Nuclear Power Station FessenheimProtest am AKW Fessenheim\"><\/p>\n\n<p><strong>8. Atomkraftwerke verschmutzen tagt\u00e4glich die Umwelt. <\/strong>Dies mag nicht unbedingt illegal sein, aber oftmals unbeabsichtigt. So zum Beispiel, wenn radioaktive Elemente austreten, die das Grundwasser oder den Boden verschmutzen und kontaminiere. Dar\u00fcber hinaus entsteht mit jedem Betriebsjahr zus\u00e4tzlicher hochradioaktiver Atomm\u00fcll, der f\u00fcr Hunderttausende Jahre oder l\u00e4nger verwaltet und gelagert werden muss.&nbsp;<\/p>\n\n<p><strong>9. Die Laufzeitverl\u00e4ngerung von Reaktoren kostet viel Geld<\/strong>, doch wie viel genau, ist noch unklar. Eines ist jedoch sicher: Diese Kosten werden die Stromerzeugung belasten und auf Verbraucher:innen sowie Steuerzahlerinnen abgew\u00e4lzt werden\u2026<\/p>\n\n<h4 class=\"wp-block-heading\">Reaktorblock 1 in Cattenom erreicht bald sein Rentenalter! <br>Fordern wir gemeinsam seine Stilllegung.<\/h4>\n\t\t\t<section\n\t\t\tclass=\"boxout post-817 \"\n\t\t\t\n\t\t>\n\t\t\t<a\n\t\t\t\tdata-ga-category=\"Take Action Boxout\"\n\t\t\t\tdata-ga-action=\"Image\"\n\t\t\t\tdata-ga-label=\"n\/a\"\n\t\t\t\tclass=\"cover-card-overlay\"\n\t\t\t\thref=\"https:\/\/www.greenpeace.org\/luxembourg\/de\/handeln\/atomkraft-nein-danke\/\" \n\t\t\t><\/a>\n\t\t\t\t\t\t\t<img\n\t\t\t\t\t\tsrc=\"https:\/\/www.greenpeace.org\/static\/planet4-luxembourg-stateless\/2018\/09\/5ae05b7e-gp02d3q_medium_res-1024x653.jpg\"\n\t\t\t\t\t\tsrcset=\"https:\/\/www.greenpeace.org\/static\/planet4-luxembourg-stateless\/2018\/09\/5ae05b7e-gp02d3q_medium_res-300x191.jpg 300w, https:\/\/www.greenpeace.org\/static\/planet4-luxembourg-stateless\/2018\/09\/5ae05b7e-gp02d3q_medium_res-768x490.jpg 768w, https:\/\/www.greenpeace.org\/static\/planet4-luxembourg-stateless\/2018\/09\/5ae05b7e-gp02d3q_medium_res-1024x653.jpg 1024w, https:\/\/www.greenpeace.org\/static\/planet4-luxembourg-stateless\/2018\/09\/5ae05b7e-gp02d3q_medium_res-510x325.jpg 510w, https:\/\/www.greenpeace.org\/static\/planet4-luxembourg-stateless\/2018\/09\/5ae05b7e-gp02d3q_medium_res.jpg 1200w\"\n\t\t\t\t\t\tsizes=\"(min-width: 1000px) 358px, (min-width: 780px) 313px, 88px\"\n\t\t\t\t\t\talt=\"Anti Nuclear Demonstration in Brazil\" title=\"Anti Nuclear Demonstration in Brazil\"\n\t\t\t\t\/>\n            \t\t\t<div class=\"boxout-content\">\n\t\t\t\t\t\t\t\t\t<a\n\t\t\t\t\t\tclass=\"boxout-heading medium\"\n\t\t\t\t\t\tdata-ga-category=\"Take Action Boxout\"\n\t\t\t\t\t\tdata-ga-action=\"Title\"\n\t\t\t\t\t\tdata-ga-label=\"n\/a\"\n\t\t\t\t\t\thref=\"https:\/\/www.greenpeace.org\/luxembourg\/de\/handeln\/atomkraft-nein-danke\/\"\n\t\t\t\t\t\t\n\t\t\t\t\t>\n\t\t\t\t\t\tAtomkraft &#8211; Nein danke\n\t\t\t\t\t<\/a>\n\t\t\t\t\t\t\t\t                                    <a\n                        class=\"btn btn-primary\"\n                        data-ga-category=\"Take Action Boxout\"\n                        data-ga-action=\"Call to Action\"\n                        data-ga-label=\"n\/a\"\n                        href=\"https:\/\/www.greenpeace.org\/luxembourg\/de\/handeln\/atomkraft-nein-danke\/\"\n                        \n                    >\n                        Machen Sie mit!\n                    <\/a>\n                \t\t\t<\/div>\n\t\t\t\t\t<\/section>\n\t\n<hr class=\"wp-block-separator has-alpha-channel-opacity is-style-wide\"\/>\n\n<p class=\"has-small-font-size\">Quelle Artikel: <a href=\"https:\/\/www.greenpeace.fr\/10-raisons-de-fermer-une-centrale-nucleaire-apres-40-ans\/\">Greenpeace Frankreich<\/a><\/p>\n","protected":false},"excerpt":{"rendered":"<p>Der franz\u00f6sische Atompark ist in die Jahre gekommen. Zwei Drittel der Reaktoren werden bald die Altersgrenze von 40 Jahren erreicht haben, die maximale Betriebsdauer, f\u00fcr die sie konzipiert wurden. Doch&hellip;<\/p>\n","protected":false},"author":25,"featured_media":21297,"comment_status":"closed","ping_status":"closed","sticky":false,"template":"","format":"standard","meta":{"ep_exclude_from_search":false,"p4_og_title":"","p4_og_description":"","p4_og_image":"","p4_og_image_id":"","p4_seo_canonical_url":"","p4_campaign_name":"","p4_local_project":"","p4_basket_name":"","p4_department":"","footnotes":""},"categories":[49,24],"tags":[58],"p4-page-type":[68],"class_list":["post-21559","post","type-post","status-publish","format-standard","has-post-thumbnail","hentry","category-energie","category-greenpeace","tag-nuklear","p4-page-type-aktualitaet"],"yoast_head":"<!-- This site is optimized with the Yoast SEO Premium plugin v23.9 (Yoast SEO v23.9) - https:\/\/yoast.com\/wordpress\/plugins\/seo\/ -->\n<title>9 Gr\u00fcnde, ein Atomkraftwerk nach 40 Jahren Laufzeit zu schlie\u00dfen - Greenpeace Luxembourg<\/title>\n<meta name=\"robots\" content=\"index, follow, max-snippet:-1, max-image-preview:large, max-video-preview:-1\" \/>\n<link rel=\"canonical\" href=\"https:\/\/www.greenpeace.org\/luxembourg\/de\/aktualitaet\/21559\/9-gruende-ein-atomkraftwerk-nach-40-jahren-laufzeit-zu-schliessen\/\" \/>\n<meta property=\"og:locale\" content=\"de_DE\" \/>\n<meta property=\"og:type\" content=\"article\" \/>\n<meta property=\"og:title\" content=\"9 Gr\u00fcnde, ein Atomkraftwerk nach 40 Jahren Laufzeit zu schlie\u00dfen\" \/>\n<meta property=\"og:description\" content=\"Der franz\u00f6sische Atompark ist in die Jahre gekommen. Zwei Drittel der Reaktoren werden bald die Altersgrenze von 40 Jahren erreicht haben, die maximale Betriebsdauer, f\u00fcr die sie konzipiert wurden. Doch&hellip;\" \/>\n<meta property=\"og:url\" content=\"https:\/\/www.greenpeace.org\/luxembourg\/de\/aktualitaet\/21559\/9-gruende-ein-atomkraftwerk-nach-40-jahren-laufzeit-zu-schliessen\/\" \/>\n<meta property=\"og:site_name\" content=\"Greenpeace Luxembourg\" \/>\n<meta property=\"article:publisher\" content=\"https:\/\/www.facebook.com\/greenpeaceluxembourg\" \/>\n<meta property=\"article:published_time\" content=\"2024-05-07T05:47:48+00:00\" \/>\n<meta property=\"article:modified_time\" content=\"2024-05-07T05:48:52+00:00\" \/>\n<meta property=\"og:image\" content=\"https:\/\/www.greenpeace.org\/static\/planet4-luxembourg-stateless\/2024\/03\/4eea3743-gp1svdtr_medium_res.jpg\" \/>\n\t<meta property=\"og:image:width\" content=\"1200\" \/>\n\t<meta property=\"og:image:height\" content=\"801\" \/>\n\t<meta property=\"og:image:type\" content=\"image\/jpeg\" \/>\n<meta name=\"author\" content=\"Esther Wildanger\" \/>\n<meta name=\"twitter:card\" content=\"summary_large_image\" \/>\n<meta name=\"twitter:label1\" content=\"Written by\" \/>\n\t<meta name=\"twitter:data1\" content=\"Esther Wildanger\" \/>\n\t<meta name=\"twitter:label2\" content=\"Est. reading time\" \/>\n\t<meta name=\"twitter:data2\" content=\"3 minutes\" \/>\n<script type=\"application\/ld+json\" class=\"yoast-schema-graph\">{\"@context\":\"https:\/\/schema.org\",\"@graph\":[{\"@type\":\"Article\",\"@id\":\"https:\/\/www.greenpeace.org\/luxembourg\/de\/aktualitaet\/21559\/9-gruende-ein-atomkraftwerk-nach-40-jahren-laufzeit-zu-schliessen\/#article\",\"isPartOf\":{\"@id\":\"https:\/\/www.greenpeace.org\/luxembourg\/de\/aktualitaet\/21559\/9-gruende-ein-atomkraftwerk-nach-40-jahren-laufzeit-zu-schliessen\/\"},\"author\":{\"name\":\"Esther Wildanger\",\"@id\":\"https:\/\/www.greenpeace.org\/luxembourg\/fr\/#\/schema\/person\/3d0e81a859b59009fec36a8552ef76a7\"},\"headline\":\"9 Gr\u00fcnde, ein Atomkraftwerk nach 40 Jahren Laufzeit zu schlie\u00dfen\",\"datePublished\":\"2024-05-07T05:47:48+00:00\",\"dateModified\":\"2024-05-07T05:48:52+00:00\",\"mainEntityOfPage\":{\"@id\":\"https:\/\/www.greenpeace.org\/luxembourg\/de\/aktualitaet\/21559\/9-gruende-ein-atomkraftwerk-nach-40-jahren-laufzeit-zu-schliessen\/\"},\"wordCount\":645,\"publisher\":{\"@id\":\"https:\/\/www.greenpeace.org\/luxembourg\/fr\/#organization\"},\"image\":{\"@id\":\"https:\/\/www.greenpeace.org\/luxembourg\/de\/aktualitaet\/21559\/9-gruende-ein-atomkraftwerk-nach-40-jahren-laufzeit-zu-schliessen\/#primaryimage\"},\"thumbnailUrl\":\"https:\/\/www.greenpeace.org\/static\/planet4-luxembourg-stateless\/2024\/03\/4eea3743-gp1svdtr_medium_res.jpg\",\"keywords\":[\"Nuklear\"],\"articleSection\":[\"Energie\",\"Greenpeace\"],\"inLanguage\":\"de-LU\"},{\"@type\":\"WebPage\",\"@id\":\"https:\/\/www.greenpeace.org\/luxembourg\/de\/aktualitaet\/21559\/9-gruende-ein-atomkraftwerk-nach-40-jahren-laufzeit-zu-schliessen\/\",\"url\":\"https:\/\/www.greenpeace.org\/luxembourg\/de\/aktualitaet\/21559\/9-gruende-ein-atomkraftwerk-nach-40-jahren-laufzeit-zu-schliessen\/\",\"name\":\"9 Gr\u00fcnde, ein Atomkraftwerk nach 40 Jahren Laufzeit zu schlie\u00dfen - Greenpeace Luxembourg\",\"isPartOf\":{\"@id\":\"https:\/\/www.greenpeace.org\/luxembourg\/fr\/#website\"},\"primaryImageOfPage\":{\"@id\":\"https:\/\/www.greenpeace.org\/luxembourg\/de\/aktualitaet\/21559\/9-gruende-ein-atomkraftwerk-nach-40-jahren-laufzeit-zu-schliessen\/#primaryimage\"},\"image\":{\"@id\":\"https:\/\/www.greenpeace.org\/luxembourg\/de\/aktualitaet\/21559\/9-gruende-ein-atomkraftwerk-nach-40-jahren-laufzeit-zu-schliessen\/#primaryimage\"},\"thumbnailUrl\":\"https:\/\/www.greenpeace.org\/static\/planet4-luxembourg-stateless\/2024\/03\/4eea3743-gp1svdtr_medium_res.jpg\",\"datePublished\":\"2024-05-07T05:47:48+00:00\",\"dateModified\":\"2024-05-07T05:48:52+00:00\",\"breadcrumb\":{\"@id\":\"https:\/\/www.greenpeace.org\/luxembourg\/de\/aktualitaet\/21559\/9-gruende-ein-atomkraftwerk-nach-40-jahren-laufzeit-zu-schliessen\/#breadcrumb\"},\"inLanguage\":\"de-LU\",\"potentialAction\":[{\"@type\":\"ReadAction\",\"target\":[\"https:\/\/www.greenpeace.org\/luxembourg\/de\/aktualitaet\/21559\/9-gruende-ein-atomkraftwerk-nach-40-jahren-laufzeit-zu-schliessen\/\"]}]},{\"@type\":\"ImageObject\",\"inLanguage\":\"de-LU\",\"@id\":\"https:\/\/www.greenpeace.org\/luxembourg\/de\/aktualitaet\/21559\/9-gruende-ein-atomkraftwerk-nach-40-jahren-laufzeit-zu-schliessen\/#primaryimage\",\"url\":\"https:\/\/www.greenpeace.org\/static\/planet4-luxembourg-stateless\/2024\/03\/4eea3743-gp1svdtr_medium_res.jpg\",\"contentUrl\":\"https:\/\/www.greenpeace.org\/static\/planet4-luxembourg-stateless\/2024\/03\/4eea3743-gp1svdtr_medium_res.jpg\",\"width\":1200,\"height\":801},{\"@type\":\"BreadcrumbList\",\"@id\":\"https:\/\/www.greenpeace.org\/luxembourg\/de\/aktualitaet\/21559\/9-gruende-ein-atomkraftwerk-nach-40-jahren-laufzeit-zu-schliessen\/#breadcrumb\",\"itemListElement\":[{\"@type\":\"ListItem\",\"position\":1,\"name\":\"Home\",\"item\":\"http:\/\/www.greenpeace.org\/luxembourg\/fr\/\"},{\"@type\":\"ListItem\",\"position\":2,\"name\":\"9 Gr\u00fcnde, ein Atomkraftwerk nach 40 Jahren Laufzeit zu schlie\u00dfen\"}]},{\"@type\":\"WebSite\",\"@id\":\"https:\/\/www.greenpeace.org\/luxembourg\/fr\/#website\",\"url\":\"https:\/\/www.greenpeace.org\/luxembourg\/fr\/\",\"name\":\"Greenpeace Luxembourg\",\"description\":\"Greenpeace existiert, weil unsere Erde eine Stimme braucht. Sie ben\u00f6tigt L\u00f6sungen. Ver\u00e4nderungen. Aktionen.\",\"publisher\":{\"@id\":\"https:\/\/www.greenpeace.org\/luxembourg\/fr\/#organization\"},\"potentialAction\":[{\"@type\":\"SearchAction\",\"target\":{\"@type\":\"EntryPoint\",\"urlTemplate\":\"https:\/\/www.greenpeace.org\/luxembourg\/fr\/?s={search_term_string}\"},\"query-input\":{\"@type\":\"PropertyValueSpecification\",\"valueRequired\":true,\"valueName\":\"search_term_string\"}}],\"inLanguage\":\"de-LU\"},{\"@type\":\"Organization\",\"@id\":\"https:\/\/www.greenpeace.org\/luxembourg\/fr\/#organization\",\"name\":\"Greenpeace Luxembourg\",\"url\":\"https:\/\/www.greenpeace.org\/luxembourg\/fr\/\",\"logo\":{\"@type\":\"ImageObject\",\"inLanguage\":\"de-LU\",\"@id\":\"https:\/\/www.greenpeace.org\/luxembourg\/fr\/#\/schema\/logo\/image\/\",\"url\":\"https:\/\/www.greenpeace.org\/static\/planet4-luxembourg-stateless\/2026\/03\/3e367f94-greenpeace_logo_green_rgb.png\",\"contentUrl\":\"https:\/\/www.greenpeace.org\/static\/planet4-luxembourg-stateless\/2026\/03\/3e367f94-greenpeace_logo_green_rgb.png\",\"width\":1080,\"height\":175,\"caption\":\"Greenpeace Luxembourg\"},\"image\":{\"@id\":\"https:\/\/www.greenpeace.org\/luxembourg\/fr\/#\/schema\/logo\/image\/\"},\"sameAs\":[\"https:\/\/www.facebook.com\/greenpeaceluxembourg\",\"https:\/\/www.instagram.com\/greenpeacelux\/\",\"https:\/\/www.linkedin.com\/company\/greenpeace-luxembourg\/\",\"https:\/\/www.threads.com\/@greenpeacelux\",\"https:\/\/bsky.app\/profile\/greenpeacelux.bsky.social\",\"https:\/\/www.youtube.com\/@GreenpeaceLux\",\"https:\/\/www.tiktok.com\/@greenpeace_lux\"]},{\"@type\":\"Person\",\"@id\":\"https:\/\/www.greenpeace.org\/luxembourg\/fr\/#\/schema\/person\/3d0e81a859b59009fec36a8552ef76a7\",\"name\":\"Esther Wildanger\",\"url\":\"https:\/\/www.greenpeace.org\/luxembourg\/de\/author\/ewildang\/\"}]}<\/script>\n<!-- \/ Yoast SEO Premium plugin. -->","yoast_head_json":{"title":"9 Gr\u00fcnde, ein Atomkraftwerk nach 40 Jahren Laufzeit zu schlie\u00dfen - Greenpeace Luxembourg","robots":{"index":"index","follow":"follow","max-snippet":"max-snippet:-1","max-image-preview":"max-image-preview:large","max-video-preview":"max-video-preview:-1"},"canonical":"https:\/\/www.greenpeace.org\/luxembourg\/de\/aktualitaet\/21559\/9-gruende-ein-atomkraftwerk-nach-40-jahren-laufzeit-zu-schliessen\/","og_locale":"de_DE","og_type":"article","og_title":"9 Gr\u00fcnde, ein Atomkraftwerk nach 40 Jahren Laufzeit zu schlie\u00dfen","og_description":"Der franz\u00f6sische Atompark ist in die Jahre gekommen. Zwei Drittel der Reaktoren werden bald die Altersgrenze von 40 Jahren erreicht haben, die maximale Betriebsdauer, f\u00fcr die sie konzipiert wurden. Doch&hellip;","og_url":"https:\/\/www.greenpeace.org\/luxembourg\/de\/aktualitaet\/21559\/9-gruende-ein-atomkraftwerk-nach-40-jahren-laufzeit-zu-schliessen\/","og_site_name":"Greenpeace Luxembourg","article_publisher":"https:\/\/www.facebook.com\/greenpeaceluxembourg","article_published_time":"2024-05-07T05:47:48+00:00","article_modified_time":"2024-05-07T05:48:52+00:00","og_image":[{"width":1200,"height":801,"url":"https:\/\/www.greenpeace.org\/static\/planet4-luxembourg-stateless\/2024\/03\/4eea3743-gp1svdtr_medium_res.jpg","type":"image\/jpeg"}],"author":"Esther Wildanger","twitter_card":"summary_large_image","twitter_misc":{"Written by":"Esther Wildanger","Est. reading time":"3 minutes"},"schema":{"@context":"https:\/\/schema.org","@graph":[{"@type":"Article","@id":"https:\/\/www.greenpeace.org\/luxembourg\/de\/aktualitaet\/21559\/9-gruende-ein-atomkraftwerk-nach-40-jahren-laufzeit-zu-schliessen\/#article","isPartOf":{"@id":"https:\/\/www.greenpeace.org\/luxembourg\/de\/aktualitaet\/21559\/9-gruende-ein-atomkraftwerk-nach-40-jahren-laufzeit-zu-schliessen\/"},"author":{"name":"Esther Wildanger","@id":"https:\/\/www.greenpeace.org\/luxembourg\/fr\/#\/schema\/person\/3d0e81a859b59009fec36a8552ef76a7"},"headline":"9 Gr\u00fcnde, ein Atomkraftwerk nach 40 Jahren Laufzeit zu schlie\u00dfen","datePublished":"2024-05-07T05:47:48+00:00","dateModified":"2024-05-07T05:48:52+00:00","mainEntityOfPage":{"@id":"https:\/\/www.greenpeace.org\/luxembourg\/de\/aktualitaet\/21559\/9-gruende-ein-atomkraftwerk-nach-40-jahren-laufzeit-zu-schliessen\/"},"wordCount":645,"publisher":{"@id":"https:\/\/www.greenpeace.org\/luxembourg\/fr\/#organization"},"image":{"@id":"https:\/\/www.greenpeace.org\/luxembourg\/de\/aktualitaet\/21559\/9-gruende-ein-atomkraftwerk-nach-40-jahren-laufzeit-zu-schliessen\/#primaryimage"},"thumbnailUrl":"https:\/\/www.greenpeace.org\/static\/planet4-luxembourg-stateless\/2024\/03\/4eea3743-gp1svdtr_medium_res.jpg","keywords":["Nuklear"],"articleSection":["Energie","Greenpeace"],"inLanguage":"de-LU"},{"@type":"WebPage","@id":"https:\/\/www.greenpeace.org\/luxembourg\/de\/aktualitaet\/21559\/9-gruende-ein-atomkraftwerk-nach-40-jahren-laufzeit-zu-schliessen\/","url":"https:\/\/www.greenpeace.org\/luxembourg\/de\/aktualitaet\/21559\/9-gruende-ein-atomkraftwerk-nach-40-jahren-laufzeit-zu-schliessen\/","name":"9 Gr\u00fcnde, ein Atomkraftwerk nach 40 Jahren Laufzeit zu schlie\u00dfen - Greenpeace Luxembourg","isPartOf":{"@id":"https:\/\/www.greenpeace.org\/luxembourg\/fr\/#website"},"primaryImageOfPage":{"@id":"https:\/\/www.greenpeace.org\/luxembourg\/de\/aktualitaet\/21559\/9-gruende-ein-atomkraftwerk-nach-40-jahren-laufzeit-zu-schliessen\/#primaryimage"},"image":{"@id":"https:\/\/www.greenpeace.org\/luxembourg\/de\/aktualitaet\/21559\/9-gruende-ein-atomkraftwerk-nach-40-jahren-laufzeit-zu-schliessen\/#primaryimage"},"thumbnailUrl":"https:\/\/www.greenpeace.org\/static\/planet4-luxembourg-stateless\/2024\/03\/4eea3743-gp1svdtr_medium_res.jpg","datePublished":"2024-05-07T05:47:48+00:00","dateModified":"2024-05-07T05:48:52+00:00","breadcrumb":{"@id":"https:\/\/www.greenpeace.org\/luxembourg\/de\/aktualitaet\/21559\/9-gruende-ein-atomkraftwerk-nach-40-jahren-laufzeit-zu-schliessen\/#breadcrumb"},"inLanguage":"de-LU","potentialAction":[{"@type":"ReadAction","target":["https:\/\/www.greenpeace.org\/luxembourg\/de\/aktualitaet\/21559\/9-gruende-ein-atomkraftwerk-nach-40-jahren-laufzeit-zu-schliessen\/"]}]},{"@type":"ImageObject","inLanguage":"de-LU","@id":"https:\/\/www.greenpeace.org\/luxembourg\/de\/aktualitaet\/21559\/9-gruende-ein-atomkraftwerk-nach-40-jahren-laufzeit-zu-schliessen\/#primaryimage","url":"https:\/\/www.greenpeace.org\/static\/planet4-luxembourg-stateless\/2024\/03\/4eea3743-gp1svdtr_medium_res.jpg","contentUrl":"https:\/\/www.greenpeace.org\/static\/planet4-luxembourg-stateless\/2024\/03\/4eea3743-gp1svdtr_medium_res.jpg","width":1200,"height":801},{"@type":"BreadcrumbList","@id":"https:\/\/www.greenpeace.org\/luxembourg\/de\/aktualitaet\/21559\/9-gruende-ein-atomkraftwerk-nach-40-jahren-laufzeit-zu-schliessen\/#breadcrumb","itemListElement":[{"@type":"ListItem","position":1,"name":"Home","item":"http:\/\/www.greenpeace.org\/luxembourg\/fr\/"},{"@type":"ListItem","position":2,"name":"9 Gr\u00fcnde, ein Atomkraftwerk nach 40 Jahren Laufzeit zu schlie\u00dfen"}]},{"@type":"WebSite","@id":"https:\/\/www.greenpeace.org\/luxembourg\/fr\/#website","url":"https:\/\/www.greenpeace.org\/luxembourg\/fr\/","name":"Greenpeace Luxembourg","description":"Greenpeace existiert, weil unsere Erde eine Stimme braucht. Sie ben\u00f6tigt L\u00f6sungen. Ver\u00e4nderungen. Aktionen.","publisher":{"@id":"https:\/\/www.greenpeace.org\/luxembourg\/fr\/#organization"},"potentialAction":[{"@type":"SearchAction","target":{"@type":"EntryPoint","urlTemplate":"https:\/\/www.greenpeace.org\/luxembourg\/fr\/?s={search_term_string}"},"query-input":{"@type":"PropertyValueSpecification","valueRequired":true,"valueName":"search_term_string"}}],"inLanguage":"de-LU"},{"@type":"Organization","@id":"https:\/\/www.greenpeace.org\/luxembourg\/fr\/#organization","name":"Greenpeace Luxembourg","url":"https:\/\/www.greenpeace.org\/luxembourg\/fr\/","logo":{"@type":"ImageObject","inLanguage":"de-LU","@id":"https:\/\/www.greenpeace.org\/luxembourg\/fr\/#\/schema\/logo\/image\/","url":"https:\/\/www.greenpeace.org\/static\/planet4-luxembourg-stateless\/2026\/03\/3e367f94-greenpeace_logo_green_rgb.png","contentUrl":"https:\/\/www.greenpeace.org\/static\/planet4-luxembourg-stateless\/2026\/03\/3e367f94-greenpeace_logo_green_rgb.png","width":1080,"height":175,"caption":"Greenpeace Luxembourg"},"image":{"@id":"https:\/\/www.greenpeace.org\/luxembourg\/fr\/#\/schema\/logo\/image\/"},"sameAs":["https:\/\/www.facebook.com\/greenpeaceluxembourg","https:\/\/www.instagram.com\/greenpeacelux\/","https:\/\/www.linkedin.com\/company\/greenpeace-luxembourg\/","https:\/\/www.threads.com\/@greenpeacelux","https:\/\/bsky.app\/profile\/greenpeacelux.bsky.social","https:\/\/www.youtube.com\/@GreenpeaceLux","https:\/\/www.tiktok.com\/@greenpeace_lux"]},{"@type":"Person","@id":"https:\/\/www.greenpeace.org\/luxembourg\/fr\/#\/schema\/person\/3d0e81a859b59009fec36a8552ef76a7","name":"Esther Wildanger","url":"https:\/\/www.greenpeace.org\/luxembourg\/de\/author\/ewildang\/"}]}},"_links":{"self":[{"href":"https:\/\/www.greenpeace.org\/luxembourg\/de\/wp-json\/wp\/v2\/posts\/21559","targetHints":{"allow":["GET"]}}],"collection":[{"href":"https:\/\/www.greenpeace.org\/luxembourg\/de\/wp-json\/wp\/v2\/posts"}],"about":[{"href":"https:\/\/www.greenpeace.org\/luxembourg\/de\/wp-json\/wp\/v2\/types\/post"}],"author":[{"embeddable":true,"href":"https:\/\/www.greenpeace.org\/luxembourg\/de\/wp-json\/wp\/v2\/users\/25"}],"replies":[{"embeddable":true,"href":"https:\/\/www.greenpeace.org\/luxembourg\/de\/wp-json\/wp\/v2\/comments?post=21559"}],"version-history":[{"count":2,"href":"https:\/\/www.greenpeace.org\/luxembourg\/de\/wp-json\/wp\/v2\/posts\/21559\/revisions"}],"predecessor-version":[{"id":21563,"href":"https:\/\/www.greenpeace.org\/luxembourg\/de\/wp-json\/wp\/v2\/posts\/21559\/revisions\/21563"}],"wp:featuredmedia":[{"embeddable":true,"href":"https:\/\/www.greenpeace.org\/luxembourg\/de\/wp-json\/wp\/v2\/media\/21297"}],"wp:attachment":[{"href":"https:\/\/www.greenpeace.org\/luxembourg\/de\/wp-json\/wp\/v2\/media?parent=21559"}],"wp:term":[{"taxonomy":"category","embeddable":true,"href":"https:\/\/www.greenpeace.org\/luxembourg\/de\/wp-json\/wp\/v2\/categories?post=21559"},{"taxonomy":"post_tag","embeddable":true,"href":"https:\/\/www.greenpeace.org\/luxembourg\/de\/wp-json\/wp\/v2\/tags?post=21559"},{"taxonomy":"p4-page-type","embeddable":true,"href":"https:\/\/www.greenpeace.org\/luxembourg\/de\/wp-json\/wp\/v2\/p4-page-type?post=21559"}],"curies":[{"name":"wp","href":"https:\/\/api.w.org\/{rel}","templated":true}]}}