{"id":21645,"date":"2024-05-22T15:28:42","date_gmt":"2024-05-22T13:28:42","guid":{"rendered":"https:\/\/www.greenpeace.org\/luxembourg\/?p=21645"},"modified":"2024-05-22T15:28:48","modified_gmt":"2024-05-22T13:28:48","slug":"greenpeace-tritt-fuer-den-naturschutz-in-die-pedale","status":"publish","type":"post","link":"https:\/\/www.greenpeace.org\/luxembourg\/de\/presseerklaerungen\/21645\/greenpeace-tritt-fuer-den-naturschutz-in-die-pedale\/","title":{"rendered":"Greenpeace tritt f\u00fcr den Naturschutz in die Pedale"},"content":{"rendered":"\n<p><em>Luxemburg<\/em>, 22. Mai 2024 \u2013 <strong>Mit einer Fahrradtour macht Greenpeace anl\u00e4sslich des heutigen Internationalen Tags der biologischen Vielfalt auf die Bedeutung des Schutzes und der Wiederherstellung von Natur und W\u00e4ldern aufmerksam. Die Tour, die vom Kirchberg, bis zum Finanzministerium mit einem Zwischenstopp beim Umweltministerium f\u00fchrt, ist Teil der Auftaktaktivit\u00e4ten der weltweiten Greenpeace-Aktionstage zum Schutz der Biodiversit\u00e4t. Angesichts der Klimakrise sowie des dramatischen R\u00fcckgangs der Artenvielfalt fordern in den kommenden zwei Wochen Aktivist:innen weltweit die Regierungen auf, ihre Verpflichtungen zum Schutz und zur Wiederherstellung der Natur im Rahmen des Kunming-Montreal-Abkommens [1] einzuhalten, die Profiteure der Naturzerst\u00f6rung zu stoppen und Banken und Finanzinstitutionen zu regulieren.<\/strong><\/p>\n\n<p>\u201e<em>Der <\/em><em>Globale Biodiversit\u00e4tsrahmen von <\/em><a href=\"https:\/\/www.un.org\/depts\/german\/umwelt\/COP-15-DEC-4.pdf\"><em>Kunming<\/em><em>&#8211;<\/em><em>Montreal<\/em><\/a><em> wurde Ende 2022 von 196 L\u00e4ndern unterzeichnet, mit Zielen und konkreten Ma\u00dfnahmen, um bis 2030 den Verlust der biologischen Vielfalt zu stoppen und den Trend umzukehren<\/em>\u201c, erkl\u00e4rt Martina Holbach, Kampaignerin f\u00fcr nachhaltige Finanzen bei Greenpeace Luxemburg. \u201e<em>Doch rund um den Globus wird der Schutz unserer Lebensgrundlagen untergraben, weil Banken und Regierungen Milliarden an privaten und \u00f6ffentlichen Geldern in genau die Industrien flie\u00dfen lassen, die zur Zerst\u00f6rung der Natur beitragen.<\/em>\u201c<br><br>Europ\u00e4ische Banken haben einer <a href=\"https:\/\/www.greenpeace.org\/luxembourg\/de\/presseerklaerungen\/21208\/eu-banken-haben-256-milliarden-euro-in-natur-und-klimaschaedigende-sektoren-gepumpt\/\">rezenten Studie<\/a> [2] zufolge seit dem Pariser Klimaabkommen von 2015 rund 256 Milliarden Euro an Krediten an Unternehmen vergeben, die W\u00e4lder, Savannen und andere klimakritische nat\u00fcrliche \u00d6kosysteme gef\u00e4hrden. Die EU ist weltweit das zweitgr\u00f6\u00dfte Finanzzentrum, das diese Rohstoffsektoren finanziert.<br><br>Greenpeace fordert die luxemburgische Regierung auf, sich f\u00fcr eine Gesetzgebung einzusetzen, die den Geldfluss an Unternehmen, die die Natur zerst\u00f6ren, stoppt und die den Finanzsektor mit den globalen Klima- und Biodiversit\u00e4tszielen in Einklang bringt [3]. Banken und Finanzinstitute m\u00fcssen reguliert werden, damit Geldstr\u00f6me weg von der Zerst\u00f6rung der Natur hin zu Aktivit\u00e4ten gelenkt werden, die unser Wohlergehen f\u00f6rdern und unsere nat\u00fcrlichen Lebensr\u00e4ume und \u00d6kosysteme sch\u00fctzen und wiederherstellen.<br><br>\u201e<em>Der Schutz der Natur ist f\u00fcr unser kollektives \u00dcberleben von entscheidender Bedeutung. Sie darf nicht f\u00fcr kurzfristige Profitinteressen geopfert werden<\/em>\u201d, erkl\u00e4rt Martina Holbach. \u201c<em>Wir sind auf die biologische Vielfalt angewiesen, da sie uns Nahrung, Medizin, Energie, saubere Luft und sauberes Wasser, Schutz vor Naturkatastrophen sowie Erholung und kulturelle Inspiration bietet und alle Lebenssysteme auf der Erde unterst\u00fctzt. Intakte W\u00e4lder und andere Naturgebiete sind unser Sicherheitsnetz, das uns vor den Auswirkungen extremer Wetter- und Klimakrisen sch\u00fctzt. Wir k\u00f6nnen die Klimakrise und den \u00f6kologischen Kollaps nicht bek\u00e4mpfen, w\u00e4hrend wir gleichzeitig die Ausrottung der Natur finanzieren<\/em>.\u201d<\/p>\n\n<hr class=\"wp-block-separator has-alpha-channel-opacity is-style-wide\"\/>\n\n<p class=\"has-small-font-size\"><strong>Notizen:<\/strong><\/p>\n\n<p class=\"has-small-font-size\">[1] Laut dem Globalen Biodiversit\u00e4tsrahmen von Kunming-Montreal&nbsp; sollen die Staaten unter anderem die Grundlage daf\u00fcr schaffen, dass Unternehmen und Finanzinstitutionen offenlegen, wie sich ihre Aktivit\u00e4ten auf die biologische Vielfalt auswirken.<\/p>\n\n<p class=\"has-small-font-size\">[2] Die Studie konzentriert sich auf JBS, Cargill, Sinar Mas und andere weltweit f\u00fchrende Produzenten, Verarbeiter und H\u00e4ndler von Soja, Rindern, Palm\u00f6l, Kautschuk, Holz und anderen Rohstoffen, die ein hohes Risiko der \u00d6kosystem-Zerst\u00f6rung bergen, sowie auf die Banken, die diese Unternehmen finanzieren.<\/p>\n\n<p class=\"has-small-font-size\">[3] Die im Mai 2023 verabschiedete EU-Verordnung (EU) 2023\/1115 ist ein erster Schritt zur Erf\u00fcllung der globalen Klima- und Biodiversit\u00e4tsverpflichtungen der EU. Sie zielt darauf ab, die Auswirkungen des EU-Konsums zu verringern, indem Unternehmen verpflichtet werden, nur entwaldungsfreie und legal hergestellte Produkte in der EU zu verkaufen. Die derzeitigen EU-Vorschriften beziehen sich zwar auf physische Produkte, die W\u00e4lder gef\u00e4hrden und die auf dem EU-Markt in Verkehr gebracht werden, nicht aber auf die Geldstr\u00f6me, die in die Zerst\u00f6rung von \u00d6kosystemen flie\u00dfen. Die Europ\u00e4ische Kommission hat einen Zeitplan aufgestellt, um die Rolle des Finanzwesens bei der Entwaldung und Waldsch\u00e4digung zu \u00fcberpr\u00fcfen und gegebenenfalls bis Juni 2025 einen Gesetzesvorschlag vorzulegen.<\/p>\n","protected":false},"excerpt":{"rendered":"<p>Mit einer Fahrradtour macht Greenpeace anl\u00e4sslich des heutigen Internationalen Tags der biologischen Vielfalt auf die Bedeutung des Schutzes und der Wiederherstellung von Natur und W\u00e4ldern&hellip;<\/p>\n","protected":false},"author":25,"featured_media":21653,"comment_status":"closed","ping_status":"closed","sticky":false,"template":"","format":"standard","meta":{"ep_exclude_from_search":false,"p4_og_title":"","p4_og_description":"","p4_og_image":"","p4_og_image_id":"","p4_seo_canonical_url":"","p4_campaign_name":"","p4_local_project":"","p4_basket_name":"","p4_department":"","footnotes":""},"categories":[24,47],"tags":[60,66,96],"p4-page-type":[69],"class_list":["post-21645","post","type-post","status-publish","format-standard","has-post-thumbnail","hentry","category-greenpeace","category-natur","tag-luxemburg","tag-biodiversitaet","tag-finanzsektor","p4-page-type-presseerklaerungen"],"yoast_head":"<!-- This site is optimized with the Yoast SEO Premium plugin v23.9 (Yoast SEO v23.9) - https:\/\/yoast.com\/wordpress\/plugins\/seo\/ -->\n<title>Greenpeace tritt f\u00fcr den Naturschutz in die Pedale - Greenpeace Luxembourg<\/title>\n<meta name=\"robots\" content=\"index, follow, max-snippet:-1, max-image-preview:large, max-video-preview:-1\" \/>\n<link rel=\"canonical\" href=\"https:\/\/www.greenpeace.org\/luxembourg\/de\/presseerklaerungen\/21645\/greenpeace-tritt-fuer-den-naturschutz-in-die-pedale\/\" \/>\n<meta property=\"og:locale\" content=\"de_DE\" \/>\n<meta property=\"og:type\" content=\"article\" \/>\n<meta property=\"og:title\" content=\"Greenpeace tritt f\u00fcr den Naturschutz in die Pedale\" \/>\n<meta property=\"og:description\" content=\"Mit einer Fahrradtour macht Greenpeace anl\u00e4sslich des heutigen Internationalen Tags der biologischen Vielfalt auf die Bedeutung des Schutzes und der Wiederherstellung von Natur und W\u00e4ldern&hellip;\" \/>\n<meta property=\"og:url\" content=\"https:\/\/www.greenpeace.org\/luxembourg\/de\/presseerklaerungen\/21645\/greenpeace-tritt-fuer-den-naturschutz-in-die-pedale\/\" \/>\n<meta property=\"og:site_name\" content=\"Greenpeace Luxembourg\" \/>\n<meta property=\"article:publisher\" content=\"https:\/\/www.facebook.com\/greenpeaceluxembourg\" \/>\n<meta property=\"article:published_time\" content=\"2024-05-22T13:28:42+00:00\" \/>\n<meta property=\"article:modified_time\" content=\"2024-05-22T13:28:48+00:00\" \/>\n<meta property=\"og:image\" content=\"https:\/\/www.greenpeace.org\/static\/planet4-luxembourg-stateless\/2024\/05\/e6ef5536-gp0su0s8h_medium-res-1200px.jpg\" \/>\n\t<meta property=\"og:image:width\" content=\"1200\" \/>\n\t<meta property=\"og:image:height\" content=\"800\" \/>\n\t<meta property=\"og:image:type\" content=\"image\/jpeg\" \/>\n<meta name=\"author\" content=\"Esther Wildanger\" \/>\n<meta name=\"twitter:card\" content=\"summary_large_image\" \/>\n<meta name=\"twitter:label1\" content=\"Written by\" \/>\n\t<meta name=\"twitter:data1\" content=\"Esther Wildanger\" \/>\n\t<meta name=\"twitter:label2\" content=\"Est. reading time\" \/>\n\t<meta name=\"twitter:data2\" content=\"3 minutes\" \/>\n<script type=\"application\/ld+json\" class=\"yoast-schema-graph\">{\"@context\":\"https:\/\/schema.org\",\"@graph\":[{\"@type\":\"Article\",\"@id\":\"https:\/\/www.greenpeace.org\/luxembourg\/de\/presseerklaerungen\/21645\/greenpeace-tritt-fuer-den-naturschutz-in-die-pedale\/#article\",\"isPartOf\":{\"@id\":\"https:\/\/www.greenpeace.org\/luxembourg\/de\/presseerklaerungen\/21645\/greenpeace-tritt-fuer-den-naturschutz-in-die-pedale\/\"},\"author\":{\"name\":\"Esther Wildanger\",\"@id\":\"https:\/\/www.greenpeace.org\/luxembourg\/fr\/#\/schema\/person\/3d0e81a859b59009fec36a8552ef76a7\"},\"headline\":\"Greenpeace tritt f\u00fcr den Naturschutz in die Pedale\",\"datePublished\":\"2024-05-22T13:28:42+00:00\",\"dateModified\":\"2024-05-22T13:28:48+00:00\",\"mainEntityOfPage\":{\"@id\":\"https:\/\/www.greenpeace.org\/luxembourg\/de\/presseerklaerungen\/21645\/greenpeace-tritt-fuer-den-naturschutz-in-die-pedale\/\"},\"wordCount\":612,\"publisher\":{\"@id\":\"https:\/\/www.greenpeace.org\/luxembourg\/fr\/#organization\"},\"image\":{\"@id\":\"https:\/\/www.greenpeace.org\/luxembourg\/de\/presseerklaerungen\/21645\/greenpeace-tritt-fuer-den-naturschutz-in-die-pedale\/#primaryimage\"},\"thumbnailUrl\":\"https:\/\/www.greenpeace.org\/static\/planet4-luxembourg-stateless\/2024\/05\/e6ef5536-gp0su0s8h_medium-res-1200px.jpg\",\"keywords\":[\"Luxemburg\",\"Biodiversit\u00e4t\",\"Finanzsektor\"],\"articleSection\":[\"Greenpeace\",\"Natur\"],\"inLanguage\":\"de-LU\"},{\"@type\":\"WebPage\",\"@id\":\"https:\/\/www.greenpeace.org\/luxembourg\/de\/presseerklaerungen\/21645\/greenpeace-tritt-fuer-den-naturschutz-in-die-pedale\/\",\"url\":\"https:\/\/www.greenpeace.org\/luxembourg\/de\/presseerklaerungen\/21645\/greenpeace-tritt-fuer-den-naturschutz-in-die-pedale\/\",\"name\":\"Greenpeace tritt f\u00fcr den Naturschutz in die Pedale - Greenpeace Luxembourg\",\"isPartOf\":{\"@id\":\"https:\/\/www.greenpeace.org\/luxembourg\/fr\/#website\"},\"primaryImageOfPage\":{\"@id\":\"https:\/\/www.greenpeace.org\/luxembourg\/de\/presseerklaerungen\/21645\/greenpeace-tritt-fuer-den-naturschutz-in-die-pedale\/#primaryimage\"},\"image\":{\"@id\":\"https:\/\/www.greenpeace.org\/luxembourg\/de\/presseerklaerungen\/21645\/greenpeace-tritt-fuer-den-naturschutz-in-die-pedale\/#primaryimage\"},\"thumbnailUrl\":\"https:\/\/www.greenpeace.org\/static\/planet4-luxembourg-stateless\/2024\/05\/e6ef5536-gp0su0s8h_medium-res-1200px.jpg\",\"datePublished\":\"2024-05-22T13:28:42+00:00\",\"dateModified\":\"2024-05-22T13:28:48+00:00\",\"breadcrumb\":{\"@id\":\"https:\/\/www.greenpeace.org\/luxembourg\/de\/presseerklaerungen\/21645\/greenpeace-tritt-fuer-den-naturschutz-in-die-pedale\/#breadcrumb\"},\"inLanguage\":\"de-LU\",\"potentialAction\":[{\"@type\":\"ReadAction\",\"target\":[\"https:\/\/www.greenpeace.org\/luxembourg\/de\/presseerklaerungen\/21645\/greenpeace-tritt-fuer-den-naturschutz-in-die-pedale\/\"]}]},{\"@type\":\"ImageObject\",\"inLanguage\":\"de-LU\",\"@id\":\"https:\/\/www.greenpeace.org\/luxembourg\/de\/presseerklaerungen\/21645\/greenpeace-tritt-fuer-den-naturschutz-in-die-pedale\/#primaryimage\",\"url\":\"https:\/\/www.greenpeace.org\/static\/planet4-luxembourg-stateless\/2024\/05\/e6ef5536-gp0su0s8h_medium-res-1200px.jpg\",\"contentUrl\":\"https:\/\/www.greenpeace.org\/static\/planet4-luxembourg-stateless\/2024\/05\/e6ef5536-gp0su0s8h_medium-res-1200px.jpg\",\"width\":1200,\"height\":800,\"caption\":\"To celebrate International Biodiversity Day, Greenpeace Luxembourg organised an activist cycle ride around the financial centre and government ministries to call on governments to prioritise people over profit with strong nature laws and enforce the regulation of banks and financial institutions that profit from pushing this planet to a point of no return.\"},{\"@type\":\"BreadcrumbList\",\"@id\":\"https:\/\/www.greenpeace.org\/luxembourg\/de\/presseerklaerungen\/21645\/greenpeace-tritt-fuer-den-naturschutz-in-die-pedale\/#breadcrumb\",\"itemListElement\":[{\"@type\":\"ListItem\",\"position\":1,\"name\":\"Home\",\"item\":\"http:\/\/www.greenpeace.org\/luxembourg\/fr\/\"},{\"@type\":\"ListItem\",\"position\":2,\"name\":\"Greenpeace tritt f\u00fcr den Naturschutz in die Pedale\"}]},{\"@type\":\"WebSite\",\"@id\":\"https:\/\/www.greenpeace.org\/luxembourg\/fr\/#website\",\"url\":\"https:\/\/www.greenpeace.org\/luxembourg\/fr\/\",\"name\":\"Greenpeace Luxembourg\",\"description\":\"Greenpeace existiert, weil unsere Erde eine Stimme braucht. Sie ben\u00f6tigt L\u00f6sungen. Ver\u00e4nderungen. Aktionen.\",\"publisher\":{\"@id\":\"https:\/\/www.greenpeace.org\/luxembourg\/fr\/#organization\"},\"potentialAction\":[{\"@type\":\"SearchAction\",\"target\":{\"@type\":\"EntryPoint\",\"urlTemplate\":\"https:\/\/www.greenpeace.org\/luxembourg\/fr\/?s={search_term_string}\"},\"query-input\":{\"@type\":\"PropertyValueSpecification\",\"valueRequired\":true,\"valueName\":\"search_term_string\"}}],\"inLanguage\":\"de-LU\"},{\"@type\":\"Organization\",\"@id\":\"https:\/\/www.greenpeace.org\/luxembourg\/fr\/#organization\",\"name\":\"Greenpeace Luxembourg\",\"url\":\"https:\/\/www.greenpeace.org\/luxembourg\/fr\/\",\"logo\":{\"@type\":\"ImageObject\",\"inLanguage\":\"de-LU\",\"@id\":\"https:\/\/www.greenpeace.org\/luxembourg\/fr\/#\/schema\/logo\/image\/\",\"url\":\"https:\/\/www.greenpeace.org\/static\/planet4-luxembourg-stateless\/2026\/03\/3e367f94-greenpeace_logo_green_rgb.png\",\"contentUrl\":\"https:\/\/www.greenpeace.org\/static\/planet4-luxembourg-stateless\/2026\/03\/3e367f94-greenpeace_logo_green_rgb.png\",\"width\":1080,\"height\":175,\"caption\":\"Greenpeace Luxembourg\"},\"image\":{\"@id\":\"https:\/\/www.greenpeace.org\/luxembourg\/fr\/#\/schema\/logo\/image\/\"},\"sameAs\":[\"https:\/\/www.facebook.com\/greenpeaceluxembourg\",\"https:\/\/www.instagram.com\/greenpeacelux\/\",\"https:\/\/www.linkedin.com\/company\/greenpeace-luxembourg\/\",\"https:\/\/www.threads.com\/@greenpeacelux\",\"https:\/\/bsky.app\/profile\/greenpeacelux.bsky.social\",\"https:\/\/www.youtube.com\/@GreenpeaceLux\",\"https:\/\/www.tiktok.com\/@greenpeace_lux\"]},{\"@type\":\"Person\",\"@id\":\"https:\/\/www.greenpeace.org\/luxembourg\/fr\/#\/schema\/person\/3d0e81a859b59009fec36a8552ef76a7\",\"name\":\"Esther Wildanger\",\"url\":\"https:\/\/www.greenpeace.org\/luxembourg\/de\/author\/ewildang\/\"}]}<\/script>\n<!-- \/ Yoast SEO Premium plugin. -->","yoast_head_json":{"title":"Greenpeace tritt f\u00fcr den Naturschutz in die Pedale - Greenpeace Luxembourg","robots":{"index":"index","follow":"follow","max-snippet":"max-snippet:-1","max-image-preview":"max-image-preview:large","max-video-preview":"max-video-preview:-1"},"canonical":"https:\/\/www.greenpeace.org\/luxembourg\/de\/presseerklaerungen\/21645\/greenpeace-tritt-fuer-den-naturschutz-in-die-pedale\/","og_locale":"de_DE","og_type":"article","og_title":"Greenpeace tritt f\u00fcr den Naturschutz in die Pedale","og_description":"Mit einer Fahrradtour macht Greenpeace anl\u00e4sslich des heutigen Internationalen Tags der biologischen Vielfalt auf die Bedeutung des Schutzes und der Wiederherstellung von Natur und W\u00e4ldern&hellip;","og_url":"https:\/\/www.greenpeace.org\/luxembourg\/de\/presseerklaerungen\/21645\/greenpeace-tritt-fuer-den-naturschutz-in-die-pedale\/","og_site_name":"Greenpeace Luxembourg","article_publisher":"https:\/\/www.facebook.com\/greenpeaceluxembourg","article_published_time":"2024-05-22T13:28:42+00:00","article_modified_time":"2024-05-22T13:28:48+00:00","og_image":[{"width":1200,"height":800,"url":"https:\/\/www.greenpeace.org\/static\/planet4-luxembourg-stateless\/2024\/05\/e6ef5536-gp0su0s8h_medium-res-1200px.jpg","type":"image\/jpeg"}],"author":"Esther Wildanger","twitter_card":"summary_large_image","twitter_misc":{"Written by":"Esther Wildanger","Est. reading time":"3 minutes"},"schema":{"@context":"https:\/\/schema.org","@graph":[{"@type":"Article","@id":"https:\/\/www.greenpeace.org\/luxembourg\/de\/presseerklaerungen\/21645\/greenpeace-tritt-fuer-den-naturschutz-in-die-pedale\/#article","isPartOf":{"@id":"https:\/\/www.greenpeace.org\/luxembourg\/de\/presseerklaerungen\/21645\/greenpeace-tritt-fuer-den-naturschutz-in-die-pedale\/"},"author":{"name":"Esther Wildanger","@id":"https:\/\/www.greenpeace.org\/luxembourg\/fr\/#\/schema\/person\/3d0e81a859b59009fec36a8552ef76a7"},"headline":"Greenpeace tritt f\u00fcr den Naturschutz in die Pedale","datePublished":"2024-05-22T13:28:42+00:00","dateModified":"2024-05-22T13:28:48+00:00","mainEntityOfPage":{"@id":"https:\/\/www.greenpeace.org\/luxembourg\/de\/presseerklaerungen\/21645\/greenpeace-tritt-fuer-den-naturschutz-in-die-pedale\/"},"wordCount":612,"publisher":{"@id":"https:\/\/www.greenpeace.org\/luxembourg\/fr\/#organization"},"image":{"@id":"https:\/\/www.greenpeace.org\/luxembourg\/de\/presseerklaerungen\/21645\/greenpeace-tritt-fuer-den-naturschutz-in-die-pedale\/#primaryimage"},"thumbnailUrl":"https:\/\/www.greenpeace.org\/static\/planet4-luxembourg-stateless\/2024\/05\/e6ef5536-gp0su0s8h_medium-res-1200px.jpg","keywords":["Luxemburg","Biodiversit\u00e4t","Finanzsektor"],"articleSection":["Greenpeace","Natur"],"inLanguage":"de-LU"},{"@type":"WebPage","@id":"https:\/\/www.greenpeace.org\/luxembourg\/de\/presseerklaerungen\/21645\/greenpeace-tritt-fuer-den-naturschutz-in-die-pedale\/","url":"https:\/\/www.greenpeace.org\/luxembourg\/de\/presseerklaerungen\/21645\/greenpeace-tritt-fuer-den-naturschutz-in-die-pedale\/","name":"Greenpeace tritt f\u00fcr den Naturschutz in die Pedale - Greenpeace Luxembourg","isPartOf":{"@id":"https:\/\/www.greenpeace.org\/luxembourg\/fr\/#website"},"primaryImageOfPage":{"@id":"https:\/\/www.greenpeace.org\/luxembourg\/de\/presseerklaerungen\/21645\/greenpeace-tritt-fuer-den-naturschutz-in-die-pedale\/#primaryimage"},"image":{"@id":"https:\/\/www.greenpeace.org\/luxembourg\/de\/presseerklaerungen\/21645\/greenpeace-tritt-fuer-den-naturschutz-in-die-pedale\/#primaryimage"},"thumbnailUrl":"https:\/\/www.greenpeace.org\/static\/planet4-luxembourg-stateless\/2024\/05\/e6ef5536-gp0su0s8h_medium-res-1200px.jpg","datePublished":"2024-05-22T13:28:42+00:00","dateModified":"2024-05-22T13:28:48+00:00","breadcrumb":{"@id":"https:\/\/www.greenpeace.org\/luxembourg\/de\/presseerklaerungen\/21645\/greenpeace-tritt-fuer-den-naturschutz-in-die-pedale\/#breadcrumb"},"inLanguage":"de-LU","potentialAction":[{"@type":"ReadAction","target":["https:\/\/www.greenpeace.org\/luxembourg\/de\/presseerklaerungen\/21645\/greenpeace-tritt-fuer-den-naturschutz-in-die-pedale\/"]}]},{"@type":"ImageObject","inLanguage":"de-LU","@id":"https:\/\/www.greenpeace.org\/luxembourg\/de\/presseerklaerungen\/21645\/greenpeace-tritt-fuer-den-naturschutz-in-die-pedale\/#primaryimage","url":"https:\/\/www.greenpeace.org\/static\/planet4-luxembourg-stateless\/2024\/05\/e6ef5536-gp0su0s8h_medium-res-1200px.jpg","contentUrl":"https:\/\/www.greenpeace.org\/static\/planet4-luxembourg-stateless\/2024\/05\/e6ef5536-gp0su0s8h_medium-res-1200px.jpg","width":1200,"height":800,"caption":"To celebrate International Biodiversity Day, Greenpeace Luxembourg organised an activist cycle ride around the financial centre and government ministries to call on governments to prioritise people over profit with strong nature laws and enforce the regulation of banks and financial institutions that profit from pushing this planet to a point of no return."},{"@type":"BreadcrumbList","@id":"https:\/\/www.greenpeace.org\/luxembourg\/de\/presseerklaerungen\/21645\/greenpeace-tritt-fuer-den-naturschutz-in-die-pedale\/#breadcrumb","itemListElement":[{"@type":"ListItem","position":1,"name":"Home","item":"http:\/\/www.greenpeace.org\/luxembourg\/fr\/"},{"@type":"ListItem","position":2,"name":"Greenpeace tritt f\u00fcr den Naturschutz in die Pedale"}]},{"@type":"WebSite","@id":"https:\/\/www.greenpeace.org\/luxembourg\/fr\/#website","url":"https:\/\/www.greenpeace.org\/luxembourg\/fr\/","name":"Greenpeace Luxembourg","description":"Greenpeace existiert, weil unsere Erde eine Stimme braucht. Sie ben\u00f6tigt L\u00f6sungen. Ver\u00e4nderungen. Aktionen.","publisher":{"@id":"https:\/\/www.greenpeace.org\/luxembourg\/fr\/#organization"},"potentialAction":[{"@type":"SearchAction","target":{"@type":"EntryPoint","urlTemplate":"https:\/\/www.greenpeace.org\/luxembourg\/fr\/?s={search_term_string}"},"query-input":{"@type":"PropertyValueSpecification","valueRequired":true,"valueName":"search_term_string"}}],"inLanguage":"de-LU"},{"@type":"Organization","@id":"https:\/\/www.greenpeace.org\/luxembourg\/fr\/#organization","name":"Greenpeace Luxembourg","url":"https:\/\/www.greenpeace.org\/luxembourg\/fr\/","logo":{"@type":"ImageObject","inLanguage":"de-LU","@id":"https:\/\/www.greenpeace.org\/luxembourg\/fr\/#\/schema\/logo\/image\/","url":"https:\/\/www.greenpeace.org\/static\/planet4-luxembourg-stateless\/2026\/03\/3e367f94-greenpeace_logo_green_rgb.png","contentUrl":"https:\/\/www.greenpeace.org\/static\/planet4-luxembourg-stateless\/2026\/03\/3e367f94-greenpeace_logo_green_rgb.png","width":1080,"height":175,"caption":"Greenpeace Luxembourg"},"image":{"@id":"https:\/\/www.greenpeace.org\/luxembourg\/fr\/#\/schema\/logo\/image\/"},"sameAs":["https:\/\/www.facebook.com\/greenpeaceluxembourg","https:\/\/www.instagram.com\/greenpeacelux\/","https:\/\/www.linkedin.com\/company\/greenpeace-luxembourg\/","https:\/\/www.threads.com\/@greenpeacelux","https:\/\/bsky.app\/profile\/greenpeacelux.bsky.social","https:\/\/www.youtube.com\/@GreenpeaceLux","https:\/\/www.tiktok.com\/@greenpeace_lux"]},{"@type":"Person","@id":"https:\/\/www.greenpeace.org\/luxembourg\/fr\/#\/schema\/person\/3d0e81a859b59009fec36a8552ef76a7","name":"Esther Wildanger","url":"https:\/\/www.greenpeace.org\/luxembourg\/de\/author\/ewildang\/"}]}},"_links":{"self":[{"href":"https:\/\/www.greenpeace.org\/luxembourg\/de\/wp-json\/wp\/v2\/posts\/21645","targetHints":{"allow":["GET"]}}],"collection":[{"href":"https:\/\/www.greenpeace.org\/luxembourg\/de\/wp-json\/wp\/v2\/posts"}],"about":[{"href":"https:\/\/www.greenpeace.org\/luxembourg\/de\/wp-json\/wp\/v2\/types\/post"}],"author":[{"embeddable":true,"href":"https:\/\/www.greenpeace.org\/luxembourg\/de\/wp-json\/wp\/v2\/users\/25"}],"replies":[{"embeddable":true,"href":"https:\/\/www.greenpeace.org\/luxembourg\/de\/wp-json\/wp\/v2\/comments?post=21645"}],"version-history":[{"count":1,"href":"https:\/\/www.greenpeace.org\/luxembourg\/de\/wp-json\/wp\/v2\/posts\/21645\/revisions"}],"predecessor-version":[{"id":21646,"href":"https:\/\/www.greenpeace.org\/luxembourg\/de\/wp-json\/wp\/v2\/posts\/21645\/revisions\/21646"}],"wp:featuredmedia":[{"embeddable":true,"href":"https:\/\/www.greenpeace.org\/luxembourg\/de\/wp-json\/wp\/v2\/media\/21653"}],"wp:attachment":[{"href":"https:\/\/www.greenpeace.org\/luxembourg\/de\/wp-json\/wp\/v2\/media?parent=21645"}],"wp:term":[{"taxonomy":"category","embeddable":true,"href":"https:\/\/www.greenpeace.org\/luxembourg\/de\/wp-json\/wp\/v2\/categories?post=21645"},{"taxonomy":"post_tag","embeddable":true,"href":"https:\/\/www.greenpeace.org\/luxembourg\/de\/wp-json\/wp\/v2\/tags?post=21645"},{"taxonomy":"p4-page-type","embeddable":true,"href":"https:\/\/www.greenpeace.org\/luxembourg\/de\/wp-json\/wp\/v2\/p4-page-type?post=21645"}],"curies":[{"name":"wp","href":"https:\/\/api.w.org\/{rel}","templated":true}]}}