{"id":21720,"date":"2024-06-18T07:58:56","date_gmt":"2024-06-18T05:58:56","guid":{"rendered":"https:\/\/www.greenpeace.org\/luxembourg\/?p=21720"},"modified":"2024-06-18T07:58:59","modified_gmt":"2024-06-18T05:58:59","slug":"greenpeace-luxemburg-direktor-raymond-aendekerk-geht-in-den-ruhestand","status":"publish","type":"post","link":"https:\/\/www.greenpeace.org\/luxembourg\/de\/presseerklaerungen\/21720\/greenpeace-luxemburg-direktor-raymond-aendekerk-geht-in-den-ruhestand\/","title":{"rendered":"Greenpeace Luxemburg Direktor Raymond Aendekerk geht in den Ruhestand"},"content":{"rendered":"\n<p>Luxemburg, 18. Juni 2024 &#8211; <strong>Nach acht Jahren an der Spitze von Greenpeace Luxemburg wird Raymond Aendekerk am 30. Juni in den Ruhestand gehen. Er wurde Anfang 2016 zum Direktor von Greenpeace Luxemburg ernannt und hat seither mit gro\u00dfem Engagement und Gewissenhaftigkeit einen wichtigen Beitrag zur Leitung und Koordination des Luxemburger B\u00fcros geleistet. Als Agraringenieur fungierte er zudem als Referent f\u00fcr alle Themen rund um die Landwirtschaft.&nbsp;<\/strong><\/p>\n\n<p>Raymond Aendekerk, Sohn einer aus den Niederlanden emigrierten Bauernfamilie, hat seine gesamte berufliche Laufbahn dem Natur- und Umweltschutz sowie der biologischen Landwirtschaft gewidmet. Nach seinem Abschluss an der Universit\u00e4t f\u00fcr Bodenkultur in Wien, (BOKU) im Jahr 1988 und Studienaufenthalten in Afrika arbeitete er 28 Jahre lang bei der Fondation H\u00ebllef fir d\u2019Natur, wo er viele&nbsp; Projekte initiierte und begleitete, bevor er 2016 eine f\u00fchrende Rolle bei Greenpeace Luxemburg \u00fcbernahm.<\/p>\n\n<p>Durch seine langj\u00e4hrige Erfahrung im Bereich des Natur- und Umweltschutzes sowie in der Landwirtschaft,&nbsp; lernte er in seiner beruflichen Laufbahn viele unterschiedliche umwelt- und gesellschaftliche Aspekte kennen. W\u00e4hrend Greenpeace Luxemburg in den letzten Jahren aktiv die Luxemburger Energie- und Klimapolitik verfolgte und sich auf eine nachhaltige Finanzindustrie sowie einen baldigen Atomausstieg konzentrierte, setzte er sich insbesondere f\u00fcr eine nachhaltige Landwirtschaft ohne genver\u00e4nderte Organismen (GVOs) und Pestizide ein. Bei all diesen Themen begleitete Raymond Aendekerk seine Mitarbeiter:innen mit viel Engagement und Neugier und beteiligte sich stets partizipativ an Aktionen, Demonstrationen und anderen Veranstaltungen. Dar\u00fcber hinaus war er zust\u00e4ndig f\u00fcr eine gute Zusammenarbeit mit den europ\u00e4ischen und internationalen Greenpeace-B\u00fcros und behielt stets die Geschehnisse im In- und Ausland im Auge.&nbsp;<\/p>\n\n<p>Raymond Aendekerk blickt mit Genugtuung&nbsp; auf seine Arbeit f\u00fcr die Umweltorganisation zur\u00fcck und erkl\u00e4rte: &#8220;<em>Greenpeace Luxemburg acht Jahre lang zu leiten, war ein gro\u00dfes&nbsp; Privileg meiner beruflichen Karriere und ein bemerkenswertes pers\u00f6nliches Abenteuer. Es erf\u00fcllt mich mit Freude, dass ich mit unserem&nbsp; Team einen bedeutenden Beitrag zum Versuch zur Erhaltung und Restaurierung unserer Lebensgrundlage \u201cNatur\u201d geleistet haben.<\/em>&#8220;<\/p>\n\n<p>Unter seiner Leitung wuchs die Umweltorganisation in k\u00fcrzester Zeit von 13 auf 18 Mitarbeiter:innen an. Heute z\u00e4hlt Greenpeace \u00fcber 9.000 F\u00f6rdermitglieder in Luxemburg, deren Spendengelder in H\u00f6he von 1,4 Millionen Euro (Stand 2023) die Kampagnen, Aktionen und \u00d6ffentlichkeitsarbeit der NGO finanzieren.<\/p>\n\n<p>Roger Spautz, Gr\u00fcndungsmitglied von Greenpeace Luxemburg sagte: &#8220;<em>Dank seiner ausgezeichneten Kenntnisse in der Natur-, Umwelt- sowie Agrarpolitik, seinem Enthusiasmus und seiner Initiative konnte Raymond dem luxemburgischen B\u00fcro neuen Schwung verleihen. Auf menschlicher Ebene hatte er immer ein offenes Ohr f\u00fcr sein Team, war sehr engagiert, leidenschaftlich und hingebungsvoll. Wir w\u00fcnschen ihm alles Gute f\u00fcr seinen Un-Ruhestand.\u201d<\/em><\/p>\n\n<p>Eine Nachfolge von Raymond Aendekerk wird derzeit gesucht und in den kommenden Monaten bekannt gegeben.<\/p>\n","protected":false},"excerpt":{"rendered":"<p>Nach acht Jahren an der Spitze von Greenpeace Luxemburg wird Raymond Aendekerk am 30. Juni in den Ruhestand gehen. Er wurde Anfang 2016 zum Direktor&hellip;<\/p>\n","protected":false},"author":25,"featured_media":21725,"comment_status":"closed","ping_status":"closed","sticky":false,"template":"","format":"standard","meta":{"ep_exclude_from_search":false,"p4_og_title":"","p4_og_description":"","p4_og_image":"","p4_og_image_id":"","p4_seo_canonical_url":"","p4_campaign_name":"","p4_local_project":"","p4_basket_name":"","p4_department":"","footnotes":""},"categories":[24],"tags":[60,61],"p4-page-type":[69],"class_list":["post-21720","post","type-post","status-publish","format-standard","has-post-thumbnail","hentry","category-greenpeace","tag-luxemburg","tag-greenpeace-de","p4-page-type-presseerklaerungen"],"yoast_head":"<!-- This site is optimized with the Yoast SEO Premium plugin v23.9 (Yoast SEO v23.9) - https:\/\/yoast.com\/wordpress\/plugins\/seo\/ -->\n<title>Greenpeace Luxemburg Direktor Raymond Aendekerk geht in den Ruhestand - Greenpeace Luxembourg<\/title>\n<meta name=\"robots\" content=\"index, follow, max-snippet:-1, max-image-preview:large, max-video-preview:-1\" \/>\n<link rel=\"canonical\" href=\"https:\/\/www.greenpeace.org\/luxembourg\/de\/presseerklaerungen\/21720\/greenpeace-luxemburg-direktor-raymond-aendekerk-geht-in-den-ruhestand\/\" \/>\n<meta property=\"og:locale\" content=\"de_DE\" \/>\n<meta property=\"og:type\" content=\"article\" \/>\n<meta property=\"og:title\" content=\"Greenpeace Luxemburg Direktor Raymond Aendekerk geht in den Ruhestand\" \/>\n<meta property=\"og:description\" content=\"Nach acht Jahren an der Spitze von Greenpeace Luxemburg wird Raymond Aendekerk am 30. Juni in den Ruhestand gehen. Er wurde Anfang 2016 zum Direktor&hellip;\" \/>\n<meta property=\"og:url\" content=\"https:\/\/www.greenpeace.org\/luxembourg\/de\/presseerklaerungen\/21720\/greenpeace-luxemburg-direktor-raymond-aendekerk-geht-in-den-ruhestand\/\" \/>\n<meta property=\"og:site_name\" content=\"Greenpeace Luxembourg\" \/>\n<meta property=\"article:publisher\" content=\"https:\/\/www.facebook.com\/greenpeaceluxembourg\" \/>\n<meta property=\"article:published_time\" content=\"2024-06-18T05:58:56+00:00\" \/>\n<meta property=\"article:modified_time\" content=\"2024-06-18T05:58:59+00:00\" \/>\n<meta property=\"og:image\" content=\"https:\/\/www.greenpeace.org\/static\/planet4-luxembourg-stateless\/2024\/06\/6cb9a1b4-screenshot-2024-06-17-at-16.03.30.png\" \/>\n\t<meta property=\"og:image:width\" content=\"470\" \/>\n\t<meta property=\"og:image:height\" content=\"318\" \/>\n\t<meta property=\"og:image:type\" content=\"image\/png\" \/>\n<meta name=\"author\" content=\"Esther Wildanger\" \/>\n<meta name=\"twitter:card\" content=\"summary_large_image\" \/>\n<meta name=\"twitter:label1\" content=\"Written by\" \/>\n\t<meta name=\"twitter:data1\" content=\"Esther Wildanger\" \/>\n\t<meta name=\"twitter:label2\" content=\"Est. reading time\" \/>\n\t<meta name=\"twitter:data2\" content=\"2 minutes\" \/>\n<script type=\"application\/ld+json\" class=\"yoast-schema-graph\">{\"@context\":\"https:\/\/schema.org\",\"@graph\":[{\"@type\":\"Article\",\"@id\":\"https:\/\/www.greenpeace.org\/luxembourg\/de\/presseerklaerungen\/21720\/greenpeace-luxemburg-direktor-raymond-aendekerk-geht-in-den-ruhestand\/#article\",\"isPartOf\":{\"@id\":\"https:\/\/www.greenpeace.org\/luxembourg\/de\/presseerklaerungen\/21720\/greenpeace-luxemburg-direktor-raymond-aendekerk-geht-in-den-ruhestand\/\"},\"author\":{\"name\":\"Esther Wildanger\",\"@id\":\"https:\/\/www.greenpeace.org\/luxembourg\/fr\/#\/schema\/person\/3d0e81a859b59009fec36a8552ef76a7\"},\"headline\":\"Greenpeace Luxemburg Direktor Raymond Aendekerk geht in den Ruhestand\",\"datePublished\":\"2024-06-18T05:58:56+00:00\",\"dateModified\":\"2024-06-18T05:58:59+00:00\",\"mainEntityOfPage\":{\"@id\":\"https:\/\/www.greenpeace.org\/luxembourg\/de\/presseerklaerungen\/21720\/greenpeace-luxemburg-direktor-raymond-aendekerk-geht-in-den-ruhestand\/\"},\"wordCount\":461,\"publisher\":{\"@id\":\"https:\/\/www.greenpeace.org\/luxembourg\/fr\/#organization\"},\"image\":{\"@id\":\"https:\/\/www.greenpeace.org\/luxembourg\/de\/presseerklaerungen\/21720\/greenpeace-luxemburg-direktor-raymond-aendekerk-geht-in-den-ruhestand\/#primaryimage\"},\"thumbnailUrl\":\"https:\/\/www.greenpeace.org\/static\/planet4-luxembourg-stateless\/2024\/06\/6cb9a1b4-screenshot-2024-06-17-at-16.03.30.png\",\"keywords\":[\"Luxemburg\",\"Greenpeace\"],\"articleSection\":[\"Greenpeace\"],\"inLanguage\":\"de-LU\"},{\"@type\":\"WebPage\",\"@id\":\"https:\/\/www.greenpeace.org\/luxembourg\/de\/presseerklaerungen\/21720\/greenpeace-luxemburg-direktor-raymond-aendekerk-geht-in-den-ruhestand\/\",\"url\":\"https:\/\/www.greenpeace.org\/luxembourg\/de\/presseerklaerungen\/21720\/greenpeace-luxemburg-direktor-raymond-aendekerk-geht-in-den-ruhestand\/\",\"name\":\"Greenpeace Luxemburg Direktor Raymond Aendekerk geht in den Ruhestand - Greenpeace Luxembourg\",\"isPartOf\":{\"@id\":\"https:\/\/www.greenpeace.org\/luxembourg\/fr\/#website\"},\"primaryImageOfPage\":{\"@id\":\"https:\/\/www.greenpeace.org\/luxembourg\/de\/presseerklaerungen\/21720\/greenpeace-luxemburg-direktor-raymond-aendekerk-geht-in-den-ruhestand\/#primaryimage\"},\"image\":{\"@id\":\"https:\/\/www.greenpeace.org\/luxembourg\/de\/presseerklaerungen\/21720\/greenpeace-luxemburg-direktor-raymond-aendekerk-geht-in-den-ruhestand\/#primaryimage\"},\"thumbnailUrl\":\"https:\/\/www.greenpeace.org\/static\/planet4-luxembourg-stateless\/2024\/06\/6cb9a1b4-screenshot-2024-06-17-at-16.03.30.png\",\"datePublished\":\"2024-06-18T05:58:56+00:00\",\"dateModified\":\"2024-06-18T05:58:59+00:00\",\"breadcrumb\":{\"@id\":\"https:\/\/www.greenpeace.org\/luxembourg\/de\/presseerklaerungen\/21720\/greenpeace-luxemburg-direktor-raymond-aendekerk-geht-in-den-ruhestand\/#breadcrumb\"},\"inLanguage\":\"de-LU\",\"potentialAction\":[{\"@type\":\"ReadAction\",\"target\":[\"https:\/\/www.greenpeace.org\/luxembourg\/de\/presseerklaerungen\/21720\/greenpeace-luxemburg-direktor-raymond-aendekerk-geht-in-den-ruhestand\/\"]}]},{\"@type\":\"ImageObject\",\"inLanguage\":\"de-LU\",\"@id\":\"https:\/\/www.greenpeace.org\/luxembourg\/de\/presseerklaerungen\/21720\/greenpeace-luxemburg-direktor-raymond-aendekerk-geht-in-den-ruhestand\/#primaryimage\",\"url\":\"https:\/\/www.greenpeace.org\/static\/planet4-luxembourg-stateless\/2024\/06\/6cb9a1b4-screenshot-2024-06-17-at-16.03.30.png\",\"contentUrl\":\"https:\/\/www.greenpeace.org\/static\/planet4-luxembourg-stateless\/2024\/06\/6cb9a1b4-screenshot-2024-06-17-at-16.03.30.png\",\"width\":470,\"height\":318},{\"@type\":\"BreadcrumbList\",\"@id\":\"https:\/\/www.greenpeace.org\/luxembourg\/de\/presseerklaerungen\/21720\/greenpeace-luxemburg-direktor-raymond-aendekerk-geht-in-den-ruhestand\/#breadcrumb\",\"itemListElement\":[{\"@type\":\"ListItem\",\"position\":1,\"name\":\"Home\",\"item\":\"http:\/\/www.greenpeace.org\/luxembourg\/fr\/\"},{\"@type\":\"ListItem\",\"position\":2,\"name\":\"Greenpeace Luxemburg Direktor Raymond Aendekerk geht in den Ruhestand\"}]},{\"@type\":\"WebSite\",\"@id\":\"https:\/\/www.greenpeace.org\/luxembourg\/fr\/#website\",\"url\":\"https:\/\/www.greenpeace.org\/luxembourg\/fr\/\",\"name\":\"Greenpeace Luxembourg\",\"description\":\"Greenpeace existiert, weil unsere Erde eine Stimme braucht. Sie ben\u00f6tigt L\u00f6sungen. Ver\u00e4nderungen. Aktionen.\",\"publisher\":{\"@id\":\"https:\/\/www.greenpeace.org\/luxembourg\/fr\/#organization\"},\"potentialAction\":[{\"@type\":\"SearchAction\",\"target\":{\"@type\":\"EntryPoint\",\"urlTemplate\":\"https:\/\/www.greenpeace.org\/luxembourg\/fr\/?s={search_term_string}\"},\"query-input\":{\"@type\":\"PropertyValueSpecification\",\"valueRequired\":true,\"valueName\":\"search_term_string\"}}],\"inLanguage\":\"de-LU\"},{\"@type\":\"Organization\",\"@id\":\"https:\/\/www.greenpeace.org\/luxembourg\/fr\/#organization\",\"name\":\"Greenpeace Luxembourg\",\"url\":\"https:\/\/www.greenpeace.org\/luxembourg\/fr\/\",\"logo\":{\"@type\":\"ImageObject\",\"inLanguage\":\"de-LU\",\"@id\":\"https:\/\/www.greenpeace.org\/luxembourg\/fr\/#\/schema\/logo\/image\/\",\"url\":\"https:\/\/www.greenpeace.org\/static\/planet4-luxembourg-stateless\/2026\/03\/3e367f94-greenpeace_logo_green_rgb.png\",\"contentUrl\":\"https:\/\/www.greenpeace.org\/static\/planet4-luxembourg-stateless\/2026\/03\/3e367f94-greenpeace_logo_green_rgb.png\",\"width\":1080,\"height\":175,\"caption\":\"Greenpeace Luxembourg\"},\"image\":{\"@id\":\"https:\/\/www.greenpeace.org\/luxembourg\/fr\/#\/schema\/logo\/image\/\"},\"sameAs\":[\"https:\/\/www.facebook.com\/greenpeaceluxembourg\",\"https:\/\/www.instagram.com\/greenpeacelux\/\",\"https:\/\/www.linkedin.com\/company\/greenpeace-luxembourg\/\",\"https:\/\/www.threads.com\/@greenpeacelux\",\"https:\/\/bsky.app\/profile\/greenpeacelux.bsky.social\",\"https:\/\/www.youtube.com\/@GreenpeaceLux\",\"https:\/\/www.tiktok.com\/@greenpeace_lux\"]},{\"@type\":\"Person\",\"@id\":\"https:\/\/www.greenpeace.org\/luxembourg\/fr\/#\/schema\/person\/3d0e81a859b59009fec36a8552ef76a7\",\"name\":\"Esther Wildanger\",\"url\":\"https:\/\/www.greenpeace.org\/luxembourg\/de\/author\/ewildang\/\"}]}<\/script>\n<!-- \/ Yoast SEO Premium plugin. -->","yoast_head_json":{"title":"Greenpeace Luxemburg Direktor Raymond Aendekerk geht in den Ruhestand - Greenpeace Luxembourg","robots":{"index":"index","follow":"follow","max-snippet":"max-snippet:-1","max-image-preview":"max-image-preview:large","max-video-preview":"max-video-preview:-1"},"canonical":"https:\/\/www.greenpeace.org\/luxembourg\/de\/presseerklaerungen\/21720\/greenpeace-luxemburg-direktor-raymond-aendekerk-geht-in-den-ruhestand\/","og_locale":"de_DE","og_type":"article","og_title":"Greenpeace Luxemburg Direktor Raymond Aendekerk geht in den Ruhestand","og_description":"Nach acht Jahren an der Spitze von Greenpeace Luxemburg wird Raymond Aendekerk am 30. Juni in den Ruhestand gehen. Er wurde Anfang 2016 zum Direktor&hellip;","og_url":"https:\/\/www.greenpeace.org\/luxembourg\/de\/presseerklaerungen\/21720\/greenpeace-luxemburg-direktor-raymond-aendekerk-geht-in-den-ruhestand\/","og_site_name":"Greenpeace Luxembourg","article_publisher":"https:\/\/www.facebook.com\/greenpeaceluxembourg","article_published_time":"2024-06-18T05:58:56+00:00","article_modified_time":"2024-06-18T05:58:59+00:00","og_image":[{"width":470,"height":318,"url":"https:\/\/www.greenpeace.org\/static\/planet4-luxembourg-stateless\/2024\/06\/6cb9a1b4-screenshot-2024-06-17-at-16.03.30.png","type":"image\/png"}],"author":"Esther Wildanger","twitter_card":"summary_large_image","twitter_misc":{"Written by":"Esther Wildanger","Est. reading time":"2 minutes"},"schema":{"@context":"https:\/\/schema.org","@graph":[{"@type":"Article","@id":"https:\/\/www.greenpeace.org\/luxembourg\/de\/presseerklaerungen\/21720\/greenpeace-luxemburg-direktor-raymond-aendekerk-geht-in-den-ruhestand\/#article","isPartOf":{"@id":"https:\/\/www.greenpeace.org\/luxembourg\/de\/presseerklaerungen\/21720\/greenpeace-luxemburg-direktor-raymond-aendekerk-geht-in-den-ruhestand\/"},"author":{"name":"Esther Wildanger","@id":"https:\/\/www.greenpeace.org\/luxembourg\/fr\/#\/schema\/person\/3d0e81a859b59009fec36a8552ef76a7"},"headline":"Greenpeace Luxemburg Direktor Raymond Aendekerk geht in den Ruhestand","datePublished":"2024-06-18T05:58:56+00:00","dateModified":"2024-06-18T05:58:59+00:00","mainEntityOfPage":{"@id":"https:\/\/www.greenpeace.org\/luxembourg\/de\/presseerklaerungen\/21720\/greenpeace-luxemburg-direktor-raymond-aendekerk-geht-in-den-ruhestand\/"},"wordCount":461,"publisher":{"@id":"https:\/\/www.greenpeace.org\/luxembourg\/fr\/#organization"},"image":{"@id":"https:\/\/www.greenpeace.org\/luxembourg\/de\/presseerklaerungen\/21720\/greenpeace-luxemburg-direktor-raymond-aendekerk-geht-in-den-ruhestand\/#primaryimage"},"thumbnailUrl":"https:\/\/www.greenpeace.org\/static\/planet4-luxembourg-stateless\/2024\/06\/6cb9a1b4-screenshot-2024-06-17-at-16.03.30.png","keywords":["Luxemburg","Greenpeace"],"articleSection":["Greenpeace"],"inLanguage":"de-LU"},{"@type":"WebPage","@id":"https:\/\/www.greenpeace.org\/luxembourg\/de\/presseerklaerungen\/21720\/greenpeace-luxemburg-direktor-raymond-aendekerk-geht-in-den-ruhestand\/","url":"https:\/\/www.greenpeace.org\/luxembourg\/de\/presseerklaerungen\/21720\/greenpeace-luxemburg-direktor-raymond-aendekerk-geht-in-den-ruhestand\/","name":"Greenpeace Luxemburg Direktor Raymond Aendekerk geht in den Ruhestand - Greenpeace Luxembourg","isPartOf":{"@id":"https:\/\/www.greenpeace.org\/luxembourg\/fr\/#website"},"primaryImageOfPage":{"@id":"https:\/\/www.greenpeace.org\/luxembourg\/de\/presseerklaerungen\/21720\/greenpeace-luxemburg-direktor-raymond-aendekerk-geht-in-den-ruhestand\/#primaryimage"},"image":{"@id":"https:\/\/www.greenpeace.org\/luxembourg\/de\/presseerklaerungen\/21720\/greenpeace-luxemburg-direktor-raymond-aendekerk-geht-in-den-ruhestand\/#primaryimage"},"thumbnailUrl":"https:\/\/www.greenpeace.org\/static\/planet4-luxembourg-stateless\/2024\/06\/6cb9a1b4-screenshot-2024-06-17-at-16.03.30.png","datePublished":"2024-06-18T05:58:56+00:00","dateModified":"2024-06-18T05:58:59+00:00","breadcrumb":{"@id":"https:\/\/www.greenpeace.org\/luxembourg\/de\/presseerklaerungen\/21720\/greenpeace-luxemburg-direktor-raymond-aendekerk-geht-in-den-ruhestand\/#breadcrumb"},"inLanguage":"de-LU","potentialAction":[{"@type":"ReadAction","target":["https:\/\/www.greenpeace.org\/luxembourg\/de\/presseerklaerungen\/21720\/greenpeace-luxemburg-direktor-raymond-aendekerk-geht-in-den-ruhestand\/"]}]},{"@type":"ImageObject","inLanguage":"de-LU","@id":"https:\/\/www.greenpeace.org\/luxembourg\/de\/presseerklaerungen\/21720\/greenpeace-luxemburg-direktor-raymond-aendekerk-geht-in-den-ruhestand\/#primaryimage","url":"https:\/\/www.greenpeace.org\/static\/planet4-luxembourg-stateless\/2024\/06\/6cb9a1b4-screenshot-2024-06-17-at-16.03.30.png","contentUrl":"https:\/\/www.greenpeace.org\/static\/planet4-luxembourg-stateless\/2024\/06\/6cb9a1b4-screenshot-2024-06-17-at-16.03.30.png","width":470,"height":318},{"@type":"BreadcrumbList","@id":"https:\/\/www.greenpeace.org\/luxembourg\/de\/presseerklaerungen\/21720\/greenpeace-luxemburg-direktor-raymond-aendekerk-geht-in-den-ruhestand\/#breadcrumb","itemListElement":[{"@type":"ListItem","position":1,"name":"Home","item":"http:\/\/www.greenpeace.org\/luxembourg\/fr\/"},{"@type":"ListItem","position":2,"name":"Greenpeace Luxemburg Direktor Raymond Aendekerk geht in den Ruhestand"}]},{"@type":"WebSite","@id":"https:\/\/www.greenpeace.org\/luxembourg\/fr\/#website","url":"https:\/\/www.greenpeace.org\/luxembourg\/fr\/","name":"Greenpeace Luxembourg","description":"Greenpeace existiert, weil unsere Erde eine Stimme braucht. Sie ben\u00f6tigt L\u00f6sungen. Ver\u00e4nderungen. Aktionen.","publisher":{"@id":"https:\/\/www.greenpeace.org\/luxembourg\/fr\/#organization"},"potentialAction":[{"@type":"SearchAction","target":{"@type":"EntryPoint","urlTemplate":"https:\/\/www.greenpeace.org\/luxembourg\/fr\/?s={search_term_string}"},"query-input":{"@type":"PropertyValueSpecification","valueRequired":true,"valueName":"search_term_string"}}],"inLanguage":"de-LU"},{"@type":"Organization","@id":"https:\/\/www.greenpeace.org\/luxembourg\/fr\/#organization","name":"Greenpeace Luxembourg","url":"https:\/\/www.greenpeace.org\/luxembourg\/fr\/","logo":{"@type":"ImageObject","inLanguage":"de-LU","@id":"https:\/\/www.greenpeace.org\/luxembourg\/fr\/#\/schema\/logo\/image\/","url":"https:\/\/www.greenpeace.org\/static\/planet4-luxembourg-stateless\/2026\/03\/3e367f94-greenpeace_logo_green_rgb.png","contentUrl":"https:\/\/www.greenpeace.org\/static\/planet4-luxembourg-stateless\/2026\/03\/3e367f94-greenpeace_logo_green_rgb.png","width":1080,"height":175,"caption":"Greenpeace Luxembourg"},"image":{"@id":"https:\/\/www.greenpeace.org\/luxembourg\/fr\/#\/schema\/logo\/image\/"},"sameAs":["https:\/\/www.facebook.com\/greenpeaceluxembourg","https:\/\/www.instagram.com\/greenpeacelux\/","https:\/\/www.linkedin.com\/company\/greenpeace-luxembourg\/","https:\/\/www.threads.com\/@greenpeacelux","https:\/\/bsky.app\/profile\/greenpeacelux.bsky.social","https:\/\/www.youtube.com\/@GreenpeaceLux","https:\/\/www.tiktok.com\/@greenpeace_lux"]},{"@type":"Person","@id":"https:\/\/www.greenpeace.org\/luxembourg\/fr\/#\/schema\/person\/3d0e81a859b59009fec36a8552ef76a7","name":"Esther Wildanger","url":"https:\/\/www.greenpeace.org\/luxembourg\/de\/author\/ewildang\/"}]}},"_links":{"self":[{"href":"https:\/\/www.greenpeace.org\/luxembourg\/de\/wp-json\/wp\/v2\/posts\/21720","targetHints":{"allow":["GET"]}}],"collection":[{"href":"https:\/\/www.greenpeace.org\/luxembourg\/de\/wp-json\/wp\/v2\/posts"}],"about":[{"href":"https:\/\/www.greenpeace.org\/luxembourg\/de\/wp-json\/wp\/v2\/types\/post"}],"author":[{"embeddable":true,"href":"https:\/\/www.greenpeace.org\/luxembourg\/de\/wp-json\/wp\/v2\/users\/25"}],"replies":[{"embeddable":true,"href":"https:\/\/www.greenpeace.org\/luxembourg\/de\/wp-json\/wp\/v2\/comments?post=21720"}],"version-history":[{"count":2,"href":"https:\/\/www.greenpeace.org\/luxembourg\/de\/wp-json\/wp\/v2\/posts\/21720\/revisions"}],"predecessor-version":[{"id":21726,"href":"https:\/\/www.greenpeace.org\/luxembourg\/de\/wp-json\/wp\/v2\/posts\/21720\/revisions\/21726"}],"wp:featuredmedia":[{"embeddable":true,"href":"https:\/\/www.greenpeace.org\/luxembourg\/de\/wp-json\/wp\/v2\/media\/21725"}],"wp:attachment":[{"href":"https:\/\/www.greenpeace.org\/luxembourg\/de\/wp-json\/wp\/v2\/media?parent=21720"}],"wp:term":[{"taxonomy":"category","embeddable":true,"href":"https:\/\/www.greenpeace.org\/luxembourg\/de\/wp-json\/wp\/v2\/categories?post=21720"},{"taxonomy":"post_tag","embeddable":true,"href":"https:\/\/www.greenpeace.org\/luxembourg\/de\/wp-json\/wp\/v2\/tags?post=21720"},{"taxonomy":"p4-page-type","embeddable":true,"href":"https:\/\/www.greenpeace.org\/luxembourg\/de\/wp-json\/wp\/v2\/p4-page-type?post=21720"}],"curies":[{"name":"wp","href":"https:\/\/api.w.org\/{rel}","templated":true}]}}