{"id":22229,"date":"2024-08-06T10:30:01","date_gmt":"2024-08-06T08:30:01","guid":{"rendered":"https:\/\/www.greenpeace.org\/luxembourg\/?p=22229"},"modified":"2024-08-06T10:30:59","modified_gmt":"2024-08-06T08:30:59","slug":"7-tipps-zur-verringerung-des-brandrisikos","status":"publish","type":"post","link":"https:\/\/www.greenpeace.org\/luxembourg\/de\/aktualitaet\/22229\/7-tipps-zur-verringerung-des-brandrisikos\/","title":{"rendered":"7 Tipps zur Verringerung des Brandrisikos"},"content":{"rendered":"\n<p>Aufgrund der Klimakrise steigt in den kommenden Jahren wahrscheinlich auch die H\u00e4ufigkeit von Waldbr\u00e4nden. Dies betrifft sowohl Europa, wie etwa Teile Frankreichs, Griechenlands oder Portugals, als auch andere Gebiete der Welt. Hier sind sieben Tipps, wie Sie Waldbr\u00e4nde auf Ihren Spazierg\u00e4ngen oder im Urlaub verhindern k\u00f6nnen.<\/p>\n\n<figure class=\"wp-block-image size-large\"><img loading=\"lazy\" decoding=\"async\" width=\"1024\" height=\"683\" src=\"https:\/\/www.greenpeace.org\/static\/planet4-luxembourg-stateless\/2024\/08\/7319905a-gp0stxg0m_medium-res-with-credit-line-1200px-1024x683.jpg\" alt=\"\" class=\"wp-image-22225\" srcset=\"https:\/\/www.greenpeace.org\/static\/planet4-luxembourg-stateless\/2024\/08\/7319905a-gp0stxg0m_medium-res-with-credit-line-1200px-1024x683.jpg 1024w, https:\/\/www.greenpeace.org\/static\/planet4-luxembourg-stateless\/2024\/08\/7319905a-gp0stxg0m_medium-res-with-credit-line-1200px-300x200.jpg 300w, https:\/\/www.greenpeace.org\/static\/planet4-luxembourg-stateless\/2024\/08\/7319905a-gp0stxg0m_medium-res-with-credit-line-1200px-768x512.jpg 768w, https:\/\/www.greenpeace.org\/static\/planet4-luxembourg-stateless\/2024\/08\/7319905a-gp0stxg0m_medium-res-with-credit-line-1200px-510x340.jpg 510w, https:\/\/www.greenpeace.org\/static\/planet4-luxembourg-stateless\/2024\/08\/7319905a-gp0stxg0m_medium-res-with-credit-line-1200px.jpg 1200w\" sizes=\"auto, (max-width: 1024px) 100vw, 1024px\" \/><\/figure>\n\n<h3 class=\"wp-block-heading\"><strong>Was sind die h\u00e4ufigsten Ursachen f\u00fcr Waldbr\u00e4nde?<\/strong><\/h3>\n\n<p>Je nach Region werden bis zu 90% der Waldbr\u00e4nde durch Menschen verursacht. H\u00e4ufig werden diese Br\u00e4nde gezielt gelegt, um W\u00e4lder in landwirtschaftliche Nutzfl\u00e4chen umzuwandeln. Dies ist beispielsweise im Amazonasgebiet der Fall, wo Waldfl\u00e4chen abgebrannt werden, um sie in Weidefl\u00e4chen f\u00fcr Rinder oder in Sojaplantagen umzuwandeln. Auch in Indonesien werden Regenw\u00e4lder zerst\u00f6rt, um Palm\u00f6l zu produzieren. Diese grausame Praktik hat sich in den letzten Jahren auf die W\u00e4lder in Lateinamerika, im Kongobecken und in Westafrika ausgebreitet.<\/p>\n\n<p>In Europa ist es oftmals unvorsichtiges Verhalten w\u00e4hrend lang anhaltender D\u00fcrreperioden, das zur Entstehung und Ausbreitung von Waldbr\u00e4nden f\u00fchrt. Nat\u00fcrliche Ursachen wie Blitzeinschl\u00e4ge sind dagegen \u00e4u\u00dferst selten.<\/p>\n\n<h3 class=\"wp-block-heading\"><strong>Wie kann man Waldbr\u00e4nde vermeiden?<\/strong><\/h3>\n\n<p>Unser eigenes Verhalten kann unmittelbare und mittelbare Auswirkungen auf die W\u00e4lder haben. Hier sind einige Ma\u00dfnahmen, die wir selber direkt ergreifen k\u00f6nnen, um das Risiko von Waldbr\u00e4nden zu verringern:<\/p>\n\n<ul class=\"wp-block-list\">\n<li><strong>Rauchen Sie nicht im Wald, werfen Sie keine Zigaretten aus Ihrem Fahrzeug.<\/strong><strong><br><\/strong>Eine Zigarettenkippe kann leicht einen Brand ausl\u00f6sen, der sich bei D\u00fcrre besonders schnell ausbreiten kann. Es ist daher ratsam, im Wald nicht zu rauchen. Zigarettenkippen verschmutzen zudem Wasser, Luft und Boden und sollten daher niemals auf den Boden geworfen werden.<\/li>\n\n\n\n<li><strong>Keine Lagerfeuer, wenn die Brandgefahr hoch ist.<\/strong><strong><br><\/strong>Das Anz\u00fcnden eines Lagerfeuers und Grillen ist grunds\u00e4tzlich \u00fcberall erlaubt, sofern es nicht ausdr\u00fccklich verboten ist. Wir empfehlen Ihnen, nur Grillger\u00e4te mit hohen F\u00fc\u00dfen und einem Abstand von mindestens 30 cm zum Boden zu verwenden. Achten Sie immer darauf, dass Sie die Asche vor dem Entsorgen abk\u00fchlen lassen oder mit Wasser l\u00f6schen. Lassen Sie Ihren Grill nie unbeaufsichtigt. In trockenen Perioden mit Waldbrandgefahr ist es am besten, ganz darauf zu verzichten, auch wenn es nicht ausdr\u00fccklich verboten ist.<\/li>\n\n\n\n<li><strong>Verwenden Sie im Wald keine Kerzen, Fackeln oder Laternen.<\/strong><strong><br><\/strong>Offene Flammen geh\u00f6ren nicht in den Wald, da die Gefahr, dass sie einen Brand ausl\u00f6sen, sehr hoch ist.<\/li>\n\n\n\n<li><strong>Parken Sie Ihr Auto nicht im Wald.<\/strong><strong><br><\/strong>Wenn Sie mit dem Auto unterwegs sind, sollten Sie au\u00dferhalb des Waldes parken, am besten auf ausgewiesenen Parkpl\u00e4tzen, auch um zu vermeiden, dass die Hitze des Auspuffs das trockene Gras entz\u00fcndet und einen Brand ausl\u00f6st. Dieser Rat gilt auch f\u00fcr Elektrofahrzeuge, insbesondere da falsch geparkte Fahrzeuge die Zufahrt der Feuerwehr blockieren und ihre Arbeit erschweren k\u00f6nnen.<\/li>\n<\/ul>\n\n<h3 class=\"wp-block-heading\"><strong>Wie k\u00f6nnen wir das Risiko von Br\u00e4nden minimieren?<\/strong><\/h3>\n\n<p>Im Allgemeinen ist die Reduzierung des Fleischkonsums das Beste, was wir gegen das Risiko von Waldbr\u00e4nden tun k\u00f6nnen. In vielen Teilen der Welt werden W\u00e4lder gerodet und abgebrannt, um F\u00e4lder zu beweiden oder Futtermittel zu produzieren. Die Viehzucht ist weltweit die Hauptursache f\u00fcr die Zerst\u00f6rung der W\u00e4lder. Diese Br\u00e4nde geraten schnell au\u00dfer Kontrolle, vor allem w\u00e4hrend D\u00fcrreperioden. W\u00e4hrend wir in diesem Bereich nat\u00fcrlich unseren eigenen Verbrauch einschr\u00e4nken k\u00f6nnen, muss auch ein angemessener rechtlicher Rahmen geschaffen werden. Das europ\u00e4ische Waldschutzgesetz ist ein erster Erfolg und ein Sieg f\u00fcr Greenpeace und ihre Verb\u00fcndeten. Dieses Gesetz verbietet Produkte auf dem europ\u00e4ischen Markt, die mit der Zerst\u00f6rung von W\u00e4ldern in Zusammenhang gebracht werden k\u00f6nnen.<\/p>\n\n<p>Es versteht sich von selbst, dass der Schutz des Klimas unerl\u00e4sslich ist. D\u00fcrreperioden, die W\u00e4lder und Wiesen betreffen, erh\u00f6hen die Gefahr von Waldbr\u00e4nden. Gleichzeitig heizt das durch Waldbr\u00e4nde freigesetzte<sub>CO2<\/sub> wiederum die Klimakrise an. Daher m\u00fcssen alle Faktoren, die das Klima weiter aus dem Gleichgewicht bringen, minimiert werden.<br><br>Greenpeace setzt sich letztlich f\u00fcr mehr naturnahe Laubw\u00e4lder ein und fordert, dass Beh\u00f6rden, die Holzwirtschaft und Forstbesitzer nachhaltigere Konzepte umsetzen.<br><br>Junge und lichte Nadelw\u00e4lder, die aus Fichten oder Kiefern bestehen, sind besonders anf\u00e4llig f\u00fcr Waldbr\u00e4nde.<\/p>\n\n<h3 class=\"wp-block-heading\"><strong>Was kann man gegen einen Waldbrand tun?<\/strong><\/h3>\n\n<p>Was ist zu tun, wenn es tats\u00e4chlich zu einem Brand kommt? Wie l\u00f6scht man einen Waldbrand? In einigen L\u00e4ndern verf\u00fcgt Greenpeace \u00fcber speziell ausgebildete L\u00f6schteams, zum Beispiel in Indonesien. In Russland k\u00f6nnen diese Mannschaften leider nicht mehr aktiv agieren, seit unser B\u00fcro von der Regierung als unerw\u00fcnscht erkl\u00e4rt wurde. In Luxemburg ist die Feuerwehr vergleichsweise sehr gut ausger\u00fcstet. Da Waldbr\u00e4nde in Zukunft aber wahrscheinlich h\u00e4ufiger auftreten werden, m\u00fcssen die zust\u00e4ndigen Beh\u00f6rden alles tun, um sich bestm\u00f6glich vorzubereiten. Forschung, Ausbildung und der nationale und internationale Austausch spielen dabei eine wichtige Rolle. Als Privatpersonen sollten wir nicht versuchen, Waldbr\u00e4nde selbst zu l\u00f6schen, sondern den Notruf w\u00e4hlen, sobald wir einen Brand entdecken, und den Ort so genau wie m\u00f6glich angeben.<\/p>\n\n<hr class=\"wp-block-separator has-alpha-channel-opacity is-style-wide\"\/>\n\n<p>Originalartikel: <a href=\"https:\/\/www.greenpeace.ch\/fr\/story-fr\/100439\/7-conseils-reduire-risques\/\">Greenpeace Schweiz<\/a><\/p>\n","protected":false},"excerpt":{"rendered":"<p>Aufgrund der Klimakrise steigt in den kommenden Jahren wahrscheinlich auch die H\u00e4ufigkeit von Waldbr\u00e4nden. Dies betrifft sowohl Europa, wie etwa Teile Frankreichs, Griechenlands oder Portugals, als auch andere Gebiete der&hellip;<\/p>\n","protected":false},"author":25,"featured_media":22227,"comment_status":"closed","ping_status":"closed","sticky":false,"template":"","format":"standard","meta":{"ep_exclude_from_search":false,"p4_og_title":"","p4_og_description":"","p4_og_image":"","p4_og_image_id":"","p4_seo_canonical_url":"","p4_campaign_name":"","p4_local_project":"","p4_basket_name":"","p4_department":"","footnotes":""},"categories":[48],"tags":[61,102],"p4-page-type":[68],"class_list":["post-22229","post","type-post","status-publish","format-standard","has-post-thumbnail","hentry","category-klima","tag-greenpeace-de","tag-urwalder","p4-page-type-aktualitaet"],"yoast_head":"<!-- This site is optimized with the Yoast SEO Premium plugin v23.9 (Yoast SEO v23.9) - https:\/\/yoast.com\/wordpress\/plugins\/seo\/ -->\n<title>7 Tipps zur Verringerung des Brandrisikos - Greenpeace Luxembourg<\/title>\n<meta name=\"robots\" content=\"index, follow, max-snippet:-1, max-image-preview:large, max-video-preview:-1\" \/>\n<link rel=\"canonical\" href=\"https:\/\/www.greenpeace.org\/luxembourg\/de\/aktualitaet\/22229\/7-tipps-zur-verringerung-des-brandrisikos\/\" \/>\n<meta property=\"og:locale\" content=\"de_DE\" \/>\n<meta property=\"og:type\" content=\"article\" \/>\n<meta property=\"og:title\" content=\"7 Tipps zur Verringerung des Brandrisikos\" \/>\n<meta property=\"og:description\" content=\"Aufgrund der Klimakrise steigt in den kommenden Jahren wahrscheinlich auch die H\u00e4ufigkeit von Waldbr\u00e4nden. Dies betrifft sowohl Europa, wie etwa Teile Frankreichs, Griechenlands oder Portugals, als auch andere Gebiete der&hellip;\" \/>\n<meta property=\"og:url\" content=\"https:\/\/www.greenpeace.org\/luxembourg\/de\/aktualitaet\/22229\/7-tipps-zur-verringerung-des-brandrisikos\/\" \/>\n<meta property=\"og:site_name\" content=\"Greenpeace Luxembourg\" \/>\n<meta property=\"article:publisher\" content=\"https:\/\/www.facebook.com\/greenpeaceluxembourg\" \/>\n<meta property=\"article:published_time\" content=\"2024-08-06T08:30:01+00:00\" \/>\n<meta property=\"article:modified_time\" content=\"2024-08-06T08:30:59+00:00\" \/>\n<meta property=\"og:image\" content=\"https:\/\/www.greenpeace.org\/static\/planet4-luxembourg-stateless\/2024\/08\/372beb9c-gp0stxg0m_medium-res-1200px.jpg\" \/>\n\t<meta property=\"og:image:width\" content=\"1200\" \/>\n\t<meta property=\"og:image:height\" content=\"800\" \/>\n\t<meta property=\"og:image:type\" content=\"image\/jpeg\" \/>\n<meta name=\"author\" content=\"Esther Wildanger\" \/>\n<meta name=\"twitter:card\" content=\"summary_large_image\" \/>\n<meta name=\"twitter:label1\" content=\"Written by\" \/>\n\t<meta name=\"twitter:data1\" content=\"Esther Wildanger\" \/>\n\t<meta name=\"twitter:label2\" content=\"Est. reading time\" \/>\n\t<meta name=\"twitter:data2\" content=\"4 minutes\" \/>\n<script type=\"application\/ld+json\" class=\"yoast-schema-graph\">{\"@context\":\"https:\/\/schema.org\",\"@graph\":[{\"@type\":\"Article\",\"@id\":\"https:\/\/www.greenpeace.org\/luxembourg\/de\/aktualitaet\/22229\/7-tipps-zur-verringerung-des-brandrisikos\/#article\",\"isPartOf\":{\"@id\":\"https:\/\/www.greenpeace.org\/luxembourg\/de\/aktualitaet\/22229\/7-tipps-zur-verringerung-des-brandrisikos\/\"},\"author\":{\"name\":\"Esther Wildanger\",\"@id\":\"https:\/\/www.greenpeace.org\/luxembourg\/fr\/#\/schema\/person\/3d0e81a859b59009fec36a8552ef76a7\"},\"headline\":\"7 Tipps zur Verringerung des Brandrisikos\",\"datePublished\":\"2024-08-06T08:30:01+00:00\",\"dateModified\":\"2024-08-06T08:30:59+00:00\",\"mainEntityOfPage\":{\"@id\":\"https:\/\/www.greenpeace.org\/luxembourg\/de\/aktualitaet\/22229\/7-tipps-zur-verringerung-des-brandrisikos\/\"},\"wordCount\":854,\"publisher\":{\"@id\":\"https:\/\/www.greenpeace.org\/luxembourg\/fr\/#organization\"},\"image\":{\"@id\":\"https:\/\/www.greenpeace.org\/luxembourg\/de\/aktualitaet\/22229\/7-tipps-zur-verringerung-des-brandrisikos\/#primaryimage\"},\"thumbnailUrl\":\"https:\/\/www.greenpeace.org\/static\/planet4-luxembourg-stateless\/2024\/08\/372beb9c-gp0stxg0m_medium-res-1200px.jpg\",\"keywords\":[\"Greenpeace\",\"Urw\u00e4lder\"],\"articleSection\":[\"Klima\"],\"inLanguage\":\"de-LU\"},{\"@type\":\"WebPage\",\"@id\":\"https:\/\/www.greenpeace.org\/luxembourg\/de\/aktualitaet\/22229\/7-tipps-zur-verringerung-des-brandrisikos\/\",\"url\":\"https:\/\/www.greenpeace.org\/luxembourg\/de\/aktualitaet\/22229\/7-tipps-zur-verringerung-des-brandrisikos\/\",\"name\":\"7 Tipps zur Verringerung des Brandrisikos - Greenpeace Luxembourg\",\"isPartOf\":{\"@id\":\"https:\/\/www.greenpeace.org\/luxembourg\/fr\/#website\"},\"primaryImageOfPage\":{\"@id\":\"https:\/\/www.greenpeace.org\/luxembourg\/de\/aktualitaet\/22229\/7-tipps-zur-verringerung-des-brandrisikos\/#primaryimage\"},\"image\":{\"@id\":\"https:\/\/www.greenpeace.org\/luxembourg\/de\/aktualitaet\/22229\/7-tipps-zur-verringerung-des-brandrisikos\/#primaryimage\"},\"thumbnailUrl\":\"https:\/\/www.greenpeace.org\/static\/planet4-luxembourg-stateless\/2024\/08\/372beb9c-gp0stxg0m_medium-res-1200px.jpg\",\"datePublished\":\"2024-08-06T08:30:01+00:00\",\"dateModified\":\"2024-08-06T08:30:59+00:00\",\"breadcrumb\":{\"@id\":\"https:\/\/www.greenpeace.org\/luxembourg\/de\/aktualitaet\/22229\/7-tipps-zur-verringerung-des-brandrisikos\/#breadcrumb\"},\"inLanguage\":\"de-LU\",\"potentialAction\":[{\"@type\":\"ReadAction\",\"target\":[\"https:\/\/www.greenpeace.org\/luxembourg\/de\/aktualitaet\/22229\/7-tipps-zur-verringerung-des-brandrisikos\/\"]}]},{\"@type\":\"ImageObject\",\"inLanguage\":\"de-LU\",\"@id\":\"https:\/\/www.greenpeace.org\/luxembourg\/de\/aktualitaet\/22229\/7-tipps-zur-verringerung-des-brandrisikos\/#primaryimage\",\"url\":\"https:\/\/www.greenpeace.org\/static\/planet4-luxembourg-stateless\/2024\/08\/372beb9c-gp0stxg0m_medium-res-1200px.jpg\",\"contentUrl\":\"https:\/\/www.greenpeace.org\/static\/planet4-luxembourg-stateless\/2024\/08\/372beb9c-gp0stxg0m_medium-res-1200px.jpg\",\"width\":1200,\"height\":800,\"caption\":\"Fires 372 and 373 are raging in the area north of Obedjiwan.\"},{\"@type\":\"BreadcrumbList\",\"@id\":\"https:\/\/www.greenpeace.org\/luxembourg\/de\/aktualitaet\/22229\/7-tipps-zur-verringerung-des-brandrisikos\/#breadcrumb\",\"itemListElement\":[{\"@type\":\"ListItem\",\"position\":1,\"name\":\"Home\",\"item\":\"http:\/\/www.greenpeace.org\/luxembourg\/fr\/\"},{\"@type\":\"ListItem\",\"position\":2,\"name\":\"7 Tipps zur Verringerung des Brandrisikos\"}]},{\"@type\":\"WebSite\",\"@id\":\"https:\/\/www.greenpeace.org\/luxembourg\/fr\/#website\",\"url\":\"https:\/\/www.greenpeace.org\/luxembourg\/fr\/\",\"name\":\"Greenpeace Luxembourg\",\"description\":\"Greenpeace existiert, weil unsere Erde eine Stimme braucht. Sie ben\u00f6tigt L\u00f6sungen. Ver\u00e4nderungen. Aktionen.\",\"publisher\":{\"@id\":\"https:\/\/www.greenpeace.org\/luxembourg\/fr\/#organization\"},\"potentialAction\":[{\"@type\":\"SearchAction\",\"target\":{\"@type\":\"EntryPoint\",\"urlTemplate\":\"https:\/\/www.greenpeace.org\/luxembourg\/fr\/?s={search_term_string}\"},\"query-input\":{\"@type\":\"PropertyValueSpecification\",\"valueRequired\":true,\"valueName\":\"search_term_string\"}}],\"inLanguage\":\"de-LU\"},{\"@type\":\"Organization\",\"@id\":\"https:\/\/www.greenpeace.org\/luxembourg\/fr\/#organization\",\"name\":\"Greenpeace Luxembourg\",\"url\":\"https:\/\/www.greenpeace.org\/luxembourg\/fr\/\",\"logo\":{\"@type\":\"ImageObject\",\"inLanguage\":\"de-LU\",\"@id\":\"https:\/\/www.greenpeace.org\/luxembourg\/fr\/#\/schema\/logo\/image\/\",\"url\":\"https:\/\/www.greenpeace.org\/static\/planet4-luxembourg-stateless\/2026\/03\/3e367f94-greenpeace_logo_green_rgb.png\",\"contentUrl\":\"https:\/\/www.greenpeace.org\/static\/planet4-luxembourg-stateless\/2026\/03\/3e367f94-greenpeace_logo_green_rgb.png\",\"width\":1080,\"height\":175,\"caption\":\"Greenpeace Luxembourg\"},\"image\":{\"@id\":\"https:\/\/www.greenpeace.org\/luxembourg\/fr\/#\/schema\/logo\/image\/\"},\"sameAs\":[\"https:\/\/www.facebook.com\/greenpeaceluxembourg\",\"https:\/\/www.instagram.com\/greenpeacelux\/\",\"https:\/\/www.linkedin.com\/company\/greenpeace-luxembourg\/\",\"https:\/\/www.threads.com\/@greenpeacelux\",\"https:\/\/bsky.app\/profile\/greenpeacelux.bsky.social\",\"https:\/\/www.youtube.com\/@GreenpeaceLux\",\"https:\/\/www.tiktok.com\/@greenpeace_lux\"]},{\"@type\":\"Person\",\"@id\":\"https:\/\/www.greenpeace.org\/luxembourg\/fr\/#\/schema\/person\/3d0e81a859b59009fec36a8552ef76a7\",\"name\":\"Esther Wildanger\",\"url\":\"https:\/\/www.greenpeace.org\/luxembourg\/de\/author\/ewildang\/\"}]}<\/script>\n<!-- \/ Yoast SEO Premium plugin. -->","yoast_head_json":{"title":"7 Tipps zur Verringerung des Brandrisikos - Greenpeace Luxembourg","robots":{"index":"index","follow":"follow","max-snippet":"max-snippet:-1","max-image-preview":"max-image-preview:large","max-video-preview":"max-video-preview:-1"},"canonical":"https:\/\/www.greenpeace.org\/luxembourg\/de\/aktualitaet\/22229\/7-tipps-zur-verringerung-des-brandrisikos\/","og_locale":"de_DE","og_type":"article","og_title":"7 Tipps zur Verringerung des Brandrisikos","og_description":"Aufgrund der Klimakrise steigt in den kommenden Jahren wahrscheinlich auch die H\u00e4ufigkeit von Waldbr\u00e4nden. Dies betrifft sowohl Europa, wie etwa Teile Frankreichs, Griechenlands oder Portugals, als auch andere Gebiete der&hellip;","og_url":"https:\/\/www.greenpeace.org\/luxembourg\/de\/aktualitaet\/22229\/7-tipps-zur-verringerung-des-brandrisikos\/","og_site_name":"Greenpeace Luxembourg","article_publisher":"https:\/\/www.facebook.com\/greenpeaceluxembourg","article_published_time":"2024-08-06T08:30:01+00:00","article_modified_time":"2024-08-06T08:30:59+00:00","og_image":[{"width":1200,"height":800,"url":"https:\/\/www.greenpeace.org\/static\/planet4-luxembourg-stateless\/2024\/08\/372beb9c-gp0stxg0m_medium-res-1200px.jpg","type":"image\/jpeg"}],"author":"Esther Wildanger","twitter_card":"summary_large_image","twitter_misc":{"Written by":"Esther Wildanger","Est. reading time":"4 minutes"},"schema":{"@context":"https:\/\/schema.org","@graph":[{"@type":"Article","@id":"https:\/\/www.greenpeace.org\/luxembourg\/de\/aktualitaet\/22229\/7-tipps-zur-verringerung-des-brandrisikos\/#article","isPartOf":{"@id":"https:\/\/www.greenpeace.org\/luxembourg\/de\/aktualitaet\/22229\/7-tipps-zur-verringerung-des-brandrisikos\/"},"author":{"name":"Esther Wildanger","@id":"https:\/\/www.greenpeace.org\/luxembourg\/fr\/#\/schema\/person\/3d0e81a859b59009fec36a8552ef76a7"},"headline":"7 Tipps zur Verringerung des Brandrisikos","datePublished":"2024-08-06T08:30:01+00:00","dateModified":"2024-08-06T08:30:59+00:00","mainEntityOfPage":{"@id":"https:\/\/www.greenpeace.org\/luxembourg\/de\/aktualitaet\/22229\/7-tipps-zur-verringerung-des-brandrisikos\/"},"wordCount":854,"publisher":{"@id":"https:\/\/www.greenpeace.org\/luxembourg\/fr\/#organization"},"image":{"@id":"https:\/\/www.greenpeace.org\/luxembourg\/de\/aktualitaet\/22229\/7-tipps-zur-verringerung-des-brandrisikos\/#primaryimage"},"thumbnailUrl":"https:\/\/www.greenpeace.org\/static\/planet4-luxembourg-stateless\/2024\/08\/372beb9c-gp0stxg0m_medium-res-1200px.jpg","keywords":["Greenpeace","Urw\u00e4lder"],"articleSection":["Klima"],"inLanguage":"de-LU"},{"@type":"WebPage","@id":"https:\/\/www.greenpeace.org\/luxembourg\/de\/aktualitaet\/22229\/7-tipps-zur-verringerung-des-brandrisikos\/","url":"https:\/\/www.greenpeace.org\/luxembourg\/de\/aktualitaet\/22229\/7-tipps-zur-verringerung-des-brandrisikos\/","name":"7 Tipps zur Verringerung des Brandrisikos - Greenpeace Luxembourg","isPartOf":{"@id":"https:\/\/www.greenpeace.org\/luxembourg\/fr\/#website"},"primaryImageOfPage":{"@id":"https:\/\/www.greenpeace.org\/luxembourg\/de\/aktualitaet\/22229\/7-tipps-zur-verringerung-des-brandrisikos\/#primaryimage"},"image":{"@id":"https:\/\/www.greenpeace.org\/luxembourg\/de\/aktualitaet\/22229\/7-tipps-zur-verringerung-des-brandrisikos\/#primaryimage"},"thumbnailUrl":"https:\/\/www.greenpeace.org\/static\/planet4-luxembourg-stateless\/2024\/08\/372beb9c-gp0stxg0m_medium-res-1200px.jpg","datePublished":"2024-08-06T08:30:01+00:00","dateModified":"2024-08-06T08:30:59+00:00","breadcrumb":{"@id":"https:\/\/www.greenpeace.org\/luxembourg\/de\/aktualitaet\/22229\/7-tipps-zur-verringerung-des-brandrisikos\/#breadcrumb"},"inLanguage":"de-LU","potentialAction":[{"@type":"ReadAction","target":["https:\/\/www.greenpeace.org\/luxembourg\/de\/aktualitaet\/22229\/7-tipps-zur-verringerung-des-brandrisikos\/"]}]},{"@type":"ImageObject","inLanguage":"de-LU","@id":"https:\/\/www.greenpeace.org\/luxembourg\/de\/aktualitaet\/22229\/7-tipps-zur-verringerung-des-brandrisikos\/#primaryimage","url":"https:\/\/www.greenpeace.org\/static\/planet4-luxembourg-stateless\/2024\/08\/372beb9c-gp0stxg0m_medium-res-1200px.jpg","contentUrl":"https:\/\/www.greenpeace.org\/static\/planet4-luxembourg-stateless\/2024\/08\/372beb9c-gp0stxg0m_medium-res-1200px.jpg","width":1200,"height":800,"caption":"Fires 372 and 373 are raging in the area north of Obedjiwan."},{"@type":"BreadcrumbList","@id":"https:\/\/www.greenpeace.org\/luxembourg\/de\/aktualitaet\/22229\/7-tipps-zur-verringerung-des-brandrisikos\/#breadcrumb","itemListElement":[{"@type":"ListItem","position":1,"name":"Home","item":"http:\/\/www.greenpeace.org\/luxembourg\/fr\/"},{"@type":"ListItem","position":2,"name":"7 Tipps zur Verringerung des Brandrisikos"}]},{"@type":"WebSite","@id":"https:\/\/www.greenpeace.org\/luxembourg\/fr\/#website","url":"https:\/\/www.greenpeace.org\/luxembourg\/fr\/","name":"Greenpeace Luxembourg","description":"Greenpeace existiert, weil unsere Erde eine Stimme braucht. Sie ben\u00f6tigt L\u00f6sungen. Ver\u00e4nderungen. Aktionen.","publisher":{"@id":"https:\/\/www.greenpeace.org\/luxembourg\/fr\/#organization"},"potentialAction":[{"@type":"SearchAction","target":{"@type":"EntryPoint","urlTemplate":"https:\/\/www.greenpeace.org\/luxembourg\/fr\/?s={search_term_string}"},"query-input":{"@type":"PropertyValueSpecification","valueRequired":true,"valueName":"search_term_string"}}],"inLanguage":"de-LU"},{"@type":"Organization","@id":"https:\/\/www.greenpeace.org\/luxembourg\/fr\/#organization","name":"Greenpeace Luxembourg","url":"https:\/\/www.greenpeace.org\/luxembourg\/fr\/","logo":{"@type":"ImageObject","inLanguage":"de-LU","@id":"https:\/\/www.greenpeace.org\/luxembourg\/fr\/#\/schema\/logo\/image\/","url":"https:\/\/www.greenpeace.org\/static\/planet4-luxembourg-stateless\/2026\/03\/3e367f94-greenpeace_logo_green_rgb.png","contentUrl":"https:\/\/www.greenpeace.org\/static\/planet4-luxembourg-stateless\/2026\/03\/3e367f94-greenpeace_logo_green_rgb.png","width":1080,"height":175,"caption":"Greenpeace Luxembourg"},"image":{"@id":"https:\/\/www.greenpeace.org\/luxembourg\/fr\/#\/schema\/logo\/image\/"},"sameAs":["https:\/\/www.facebook.com\/greenpeaceluxembourg","https:\/\/www.instagram.com\/greenpeacelux\/","https:\/\/www.linkedin.com\/company\/greenpeace-luxembourg\/","https:\/\/www.threads.com\/@greenpeacelux","https:\/\/bsky.app\/profile\/greenpeacelux.bsky.social","https:\/\/www.youtube.com\/@GreenpeaceLux","https:\/\/www.tiktok.com\/@greenpeace_lux"]},{"@type":"Person","@id":"https:\/\/www.greenpeace.org\/luxembourg\/fr\/#\/schema\/person\/3d0e81a859b59009fec36a8552ef76a7","name":"Esther Wildanger","url":"https:\/\/www.greenpeace.org\/luxembourg\/de\/author\/ewildang\/"}]}},"_links":{"self":[{"href":"https:\/\/www.greenpeace.org\/luxembourg\/de\/wp-json\/wp\/v2\/posts\/22229","targetHints":{"allow":["GET"]}}],"collection":[{"href":"https:\/\/www.greenpeace.org\/luxembourg\/de\/wp-json\/wp\/v2\/posts"}],"about":[{"href":"https:\/\/www.greenpeace.org\/luxembourg\/de\/wp-json\/wp\/v2\/types\/post"}],"author":[{"embeddable":true,"href":"https:\/\/www.greenpeace.org\/luxembourg\/de\/wp-json\/wp\/v2\/users\/25"}],"replies":[{"embeddable":true,"href":"https:\/\/www.greenpeace.org\/luxembourg\/de\/wp-json\/wp\/v2\/comments?post=22229"}],"version-history":[{"count":2,"href":"https:\/\/www.greenpeace.org\/luxembourg\/de\/wp-json\/wp\/v2\/posts\/22229\/revisions"}],"predecessor-version":[{"id":22231,"href":"https:\/\/www.greenpeace.org\/luxembourg\/de\/wp-json\/wp\/v2\/posts\/22229\/revisions\/22231"}],"wp:featuredmedia":[{"embeddable":true,"href":"https:\/\/www.greenpeace.org\/luxembourg\/de\/wp-json\/wp\/v2\/media\/22227"}],"wp:attachment":[{"href":"https:\/\/www.greenpeace.org\/luxembourg\/de\/wp-json\/wp\/v2\/media?parent=22229"}],"wp:term":[{"taxonomy":"category","embeddable":true,"href":"https:\/\/www.greenpeace.org\/luxembourg\/de\/wp-json\/wp\/v2\/categories?post=22229"},{"taxonomy":"post_tag","embeddable":true,"href":"https:\/\/www.greenpeace.org\/luxembourg\/de\/wp-json\/wp\/v2\/tags?post=22229"},{"taxonomy":"p4-page-type","embeddable":true,"href":"https:\/\/www.greenpeace.org\/luxembourg\/de\/wp-json\/wp\/v2\/p4-page-type?post=22229"}],"curies":[{"name":"wp","href":"https:\/\/api.w.org\/{rel}","templated":true}]}}