{"id":22500,"date":"2024-09-24T08:00:00","date_gmt":"2024-09-24T06:00:00","guid":{"rendered":"https:\/\/www.greenpeace.org\/luxembourg\/?p=22500"},"modified":"2024-09-23T15:40:06","modified_gmt":"2024-09-23T13:40:06","slug":"xavier-turquin-wird-neuer-direktor-von-greenpeace-luxemburg","status":"publish","type":"post","link":"https:\/\/www.greenpeace.org\/luxembourg\/de\/presseerklaerungen\/22500\/xavier-turquin-wird-neuer-direktor-von-greenpeace-luxemburg\/","title":{"rendered":"Xavier Turquin wird neuer Direktor von Greenpeace Luxemburg\u00a0"},"content":{"rendered":"\n<p><strong><em>Luxemburg<\/em><\/strong><strong>, 24. September &#8211; Seit dem 16. September 2024 fungiert Xavier Turquin als neuer Direktor von Greenpeace Luxemburg und tritt damit die Nachfolge von Raymond Aendekerk an. Der 48-J\u00e4hrige \u00fcbernimmt damit die Leitung und Verwaltung des Luxemburger B\u00fcros in enger Zusammenarbeit mit Greenpeace Frankreich.&nbsp;<\/strong><\/p>\n\n<p>Nach seinem Abschluss in Finanzwesen und Informationssystemen verbrachte der neue Direktor den Gro\u00dfteil seiner beruflichen Karriere im Bankensektor und in Wirtschaftspr\u00fcfungsgesellschaften als Programmleiter und Projektmanager. Erst nach einem Burnout w\u00e4hrend der Covid-Krise erkannte der Vater von vier Kindern, dass sein Berufsleben nicht mehr seinen Werten entsprach. Er beschloss, eine 180-Grad-Wende einzuleiten und gr\u00fcndete so sein eigenes Unternehmen mit dem Schwerpunkt Corporate Impact, um Unternehmen f\u00fcr ein verantwortungsvolleres und nachhaltigeres Wirtschaftsmodell zu sensibilisieren. W\u00e4hrend die Gesch\u00e4ftswelt ihn Konkurrenz und den Kampf ums \u00dcberleben lehrte, ist er heute davon \u00fcberzeugt, dass \u201e<em>man mit weniger besser leben kann<\/em>\u201c.<\/p>\n\n<p>In den Augen von Xavier Turquin hat Greenpeace Luxemburg eine klare Mission: \u201e<em>Das Bewusstsein f\u00fcr den Stellenwert der Umwelt im Luxemburger System, einem kleinen Land mit starker Wirtschaft, zu sch\u00e4rfen und einen Wandel unserer Gesellschaft hin zu einer sichereren und gerechteren Welt herbeizuf\u00fchren. Wie die Gesetze der Physik ist auch die \u00d6kologie kein verhandelbares Element, das man ignorieren kann\u201c. <\/em>Seine Vision ist es, eine Art Wohlfahrts-BIP<em> <\/em>zu schaffen und den Konkurrenzkampf zwischen den verschiedenen Nationen zu beenden. <em>\u201eDie gro\u00dfen Herausforderungen f\u00fcr das Luxemburger B\u00fcro werden darin bestehen, sich Geh\u00f6r zu verschaffen, sich auf das Wesentliche zu konzentrieren und die verf\u00fcgbaren Kr\u00e4fte zu b\u00fcndeln, um m\u00f6glichst effizient zu sein<\/em>.\u201c&nbsp;<\/p>\n\n<p>Der neue Direktor verweist auch auf die Wichtigkeit der Unabh\u00e4ngigkeit von Greenpeace von jeglichen Machtstrukturen. \u201e<em>Wir werden weiterhin unsere Integrit\u00e4t als Organisation verteidigen, indem wir frei von politischen Einfl\u00fcssen bleiben. Die Kraft, Widerstand zu leisten, kommt dabei von unseren engagierten Mitarbeitenden, unseren freiwilligen Helfer:innen und unseren Spenderinnen und Spendern. Geld darf kein Tabuthema mehr sein: Es ist ein Mittel, ein einfaches Werkzeug, das uns dabei helfen soll, uns f\u00fcr eine bessere Welt einzusetzen<\/em>.\u201c<\/p>\n\n<p>Unter seiner Leitung wird die Umweltorganisation weiterhin auf politischer Ebene t\u00e4tig sein, damit der Luxemburger Finanzplatz endlich seine Verantwortung in der Klimakrise \u00fcbernimmt. Dabei wird sie sich auf den Schutz und die Wiederherstellung der Natur konzentrieren, weiterhin auf klimasch\u00e4dliche Investitionspraktiken aufmerksam machen, die f\u00fcr die Zerst\u00f6rung der Artenvielfalt verantwortlich sind, aber auch die Gefahren der Atomenergie in einer energiehungrigen Welt anprangern.<br><br>Jean-Fran\u00e7ois Julliard, Direktor von Greenpeace Frankreich, dem das Luxemburger B\u00fcro angegliedert ist, freut sich \u00fcber die Ankunft von Xavier Turquin: \u201e<em>Seine Kenntnisse der Luxemburger Zivilgesellschaft und der Auswirkungen des luxemburgischen Finanzplatzes auf das Klima und die nat\u00fcrlichen \u00d6kosysteme werden von Vorteil sein, um die Anliegen unserer Organisation weiter zu verfolgen. Im Namen von Greenpeace w\u00fcnsche ich ihm viel Erfolg bei seinen neuen Aufgaben.<\/em>\u201c<\/p>\n","protected":false},"excerpt":{"rendered":"<p>Seit dem 16. September 2024 fungiert Xavier Turquin als neuer Direktor von Greenpeace Luxemburg und tritt damit die Nachfolge von Raymond Aendekerk an. Der 48-J\u00e4hrige \u00fcbernimmt\u2026<\/p>\n","protected":false},"author":25,"featured_media":22498,"comment_status":"closed","ping_status":"closed","sticky":false,"template":"","format":"standard","meta":{"ep_exclude_from_search":false,"p4_og_title":"","p4_og_description":"","p4_og_image":"","p4_og_image_id":"","p4_seo_canonical_url":"","p4_campaign_name":"","p4_local_project":"","p4_basket_name":"","p4_department":"","footnotes":""},"categories":[24],"tags":[60,61],"p4-page-type":[69],"class_list":["post-22500","post","type-post","status-publish","format-standard","has-post-thumbnail","hentry","category-greenpeace","tag-luxemburg","tag-greenpeace-de","p4-page-type-presseerklaerungen"],"yoast_head":"<!-- This site is optimized with the Yoast SEO Premium plugin v23.9 (Yoast SEO v23.9) - https:\/\/yoast.com\/wordpress\/plugins\/seo\/ -->\n<title>Xavier Turquin wird neuer Direktor von Greenpeace Luxemburg\u00a0 - Greenpeace Luxembourg<\/title>\n<meta name=\"robots\" content=\"index, follow, max-snippet:-1, max-image-preview:large, max-video-preview:-1\" \/>\n<link rel=\"canonical\" href=\"https:\/\/www.greenpeace.org\/luxembourg\/de\/presseerklaerungen\/22500\/xavier-turquin-wird-neuer-direktor-von-greenpeace-luxemburg\/\" \/>\n<meta property=\"og:locale\" content=\"de_DE\" \/>\n<meta property=\"og:type\" content=\"article\" \/>\n<meta property=\"og:title\" content=\"Xavier Turquin wird neuer Direktor von Greenpeace Luxemburg\u00a0\" \/>\n<meta property=\"og:description\" content=\"Seit dem 16. September 2024 fungiert Xavier Turquin als neuer Direktor von Greenpeace Luxemburg und tritt damit die Nachfolge von Raymond Aendekerk an. Der 48-J\u00e4hrige \u00fcbernimmt\u2026\" \/>\n<meta property=\"og:url\" content=\"https:\/\/www.greenpeace.org\/luxembourg\/de\/presseerklaerungen\/22500\/xavier-turquin-wird-neuer-direktor-von-greenpeace-luxemburg\/\" \/>\n<meta property=\"og:site_name\" content=\"Greenpeace Luxembourg\" \/>\n<meta property=\"article:publisher\" content=\"https:\/\/www.facebook.com\/greenpeaceluxembourg\" \/>\n<meta property=\"article:published_time\" content=\"2024-09-24T06:00:00+00:00\" \/>\n<meta property=\"article:modified_time\" content=\"2024-09-23T13:40:06+00:00\" \/>\n<meta property=\"og:image\" content=\"https:\/\/www.greenpeace.org\/static\/planet4-luxembourg-stateless\/2024\/09\/1ac0783d-screenshot-2024-09-23-at-14.34.44.png\" \/>\n\t<meta property=\"og:image:width\" content=\"428\" \/>\n\t<meta property=\"og:image:height\" content=\"309\" \/>\n\t<meta property=\"og:image:type\" content=\"image\/png\" \/>\n<meta name=\"author\" content=\"Esther Wildanger\" \/>\n<meta name=\"twitter:card\" content=\"summary_large_image\" \/>\n<meta name=\"twitter:label1\" content=\"Written by\" \/>\n\t<meta name=\"twitter:data1\" content=\"Esther Wildanger\" \/>\n\t<meta name=\"twitter:label2\" content=\"Est. reading time\" \/>\n\t<meta name=\"twitter:data2\" content=\"2 minutes\" \/>\n<script type=\"application\/ld+json\" class=\"yoast-schema-graph\">{\"@context\":\"https:\/\/schema.org\",\"@graph\":[{\"@type\":\"Article\",\"@id\":\"https:\/\/www.greenpeace.org\/luxembourg\/de\/presseerklaerungen\/22500\/xavier-turquin-wird-neuer-direktor-von-greenpeace-luxemburg\/#article\",\"isPartOf\":{\"@id\":\"https:\/\/www.greenpeace.org\/luxembourg\/de\/presseerklaerungen\/22500\/xavier-turquin-wird-neuer-direktor-von-greenpeace-luxemburg\/\"},\"author\":{\"name\":\"Esther Wildanger\",\"@id\":\"https:\/\/www.greenpeace.org\/luxembourg\/fr\/#\/schema\/person\/3d0e81a859b59009fec36a8552ef76a7\"},\"headline\":\"Xavier Turquin wird neuer Direktor von Greenpeace Luxemburg\u00a0\",\"datePublished\":\"2024-09-24T06:00:00+00:00\",\"dateModified\":\"2024-09-23T13:40:06+00:00\",\"mainEntityOfPage\":{\"@id\":\"https:\/\/www.greenpeace.org\/luxembourg\/de\/presseerklaerungen\/22500\/xavier-turquin-wird-neuer-direktor-von-greenpeace-luxemburg\/\"},\"wordCount\":484,\"publisher\":{\"@id\":\"https:\/\/www.greenpeace.org\/luxembourg\/fr\/#organization\"},\"image\":{\"@id\":\"https:\/\/www.greenpeace.org\/luxembourg\/de\/presseerklaerungen\/22500\/xavier-turquin-wird-neuer-direktor-von-greenpeace-luxemburg\/#primaryimage\"},\"thumbnailUrl\":\"https:\/\/www.greenpeace.org\/static\/planet4-luxembourg-stateless\/2024\/09\/1ac0783d-screenshot-2024-09-23-at-14.34.44.png\",\"keywords\":[\"Luxemburg\",\"Greenpeace\"],\"articleSection\":[\"Greenpeace\"],\"inLanguage\":\"de-LU\"},{\"@type\":\"WebPage\",\"@id\":\"https:\/\/www.greenpeace.org\/luxembourg\/de\/presseerklaerungen\/22500\/xavier-turquin-wird-neuer-direktor-von-greenpeace-luxemburg\/\",\"url\":\"https:\/\/www.greenpeace.org\/luxembourg\/de\/presseerklaerungen\/22500\/xavier-turquin-wird-neuer-direktor-von-greenpeace-luxemburg\/\",\"name\":\"Xavier Turquin wird neuer Direktor von Greenpeace Luxemburg\u00a0 - Greenpeace Luxembourg\",\"isPartOf\":{\"@id\":\"https:\/\/www.greenpeace.org\/luxembourg\/fr\/#website\"},\"primaryImageOfPage\":{\"@id\":\"https:\/\/www.greenpeace.org\/luxembourg\/de\/presseerklaerungen\/22500\/xavier-turquin-wird-neuer-direktor-von-greenpeace-luxemburg\/#primaryimage\"},\"image\":{\"@id\":\"https:\/\/www.greenpeace.org\/luxembourg\/de\/presseerklaerungen\/22500\/xavier-turquin-wird-neuer-direktor-von-greenpeace-luxemburg\/#primaryimage\"},\"thumbnailUrl\":\"https:\/\/www.greenpeace.org\/static\/planet4-luxembourg-stateless\/2024\/09\/1ac0783d-screenshot-2024-09-23-at-14.34.44.png\",\"datePublished\":\"2024-09-24T06:00:00+00:00\",\"dateModified\":\"2024-09-23T13:40:06+00:00\",\"breadcrumb\":{\"@id\":\"https:\/\/www.greenpeace.org\/luxembourg\/de\/presseerklaerungen\/22500\/xavier-turquin-wird-neuer-direktor-von-greenpeace-luxemburg\/#breadcrumb\"},\"inLanguage\":\"de-LU\",\"potentialAction\":[{\"@type\":\"ReadAction\",\"target\":[\"https:\/\/www.greenpeace.org\/luxembourg\/de\/presseerklaerungen\/22500\/xavier-turquin-wird-neuer-direktor-von-greenpeace-luxemburg\/\"]}]},{\"@type\":\"ImageObject\",\"inLanguage\":\"de-LU\",\"@id\":\"https:\/\/www.greenpeace.org\/luxembourg\/de\/presseerklaerungen\/22500\/xavier-turquin-wird-neuer-direktor-von-greenpeace-luxemburg\/#primaryimage\",\"url\":\"https:\/\/www.greenpeace.org\/static\/planet4-luxembourg-stateless\/2024\/09\/1ac0783d-screenshot-2024-09-23-at-14.34.44.png\",\"contentUrl\":\"https:\/\/www.greenpeace.org\/static\/planet4-luxembourg-stateless\/2024\/09\/1ac0783d-screenshot-2024-09-23-at-14.34.44.png\",\"width\":428,\"height\":309},{\"@type\":\"BreadcrumbList\",\"@id\":\"https:\/\/www.greenpeace.org\/luxembourg\/de\/presseerklaerungen\/22500\/xavier-turquin-wird-neuer-direktor-von-greenpeace-luxemburg\/#breadcrumb\",\"itemListElement\":[{\"@type\":\"ListItem\",\"position\":1,\"name\":\"Home\",\"item\":\"http:\/\/www.greenpeace.org\/luxembourg\/fr\/\"},{\"@type\":\"ListItem\",\"position\":2,\"name\":\"Xavier Turquin wird neuer Direktor von Greenpeace Luxemburg\u00a0\"}]},{\"@type\":\"WebSite\",\"@id\":\"https:\/\/www.greenpeace.org\/luxembourg\/fr\/#website\",\"url\":\"https:\/\/www.greenpeace.org\/luxembourg\/fr\/\",\"name\":\"Greenpeace Luxembourg\",\"description\":\"Greenpeace existiert, weil unsere Erde eine Stimme braucht. Sie ben\u00f6tigt L\u00f6sungen. Ver\u00e4nderungen. Aktionen.\",\"publisher\":{\"@id\":\"https:\/\/www.greenpeace.org\/luxembourg\/fr\/#organization\"},\"potentialAction\":[{\"@type\":\"SearchAction\",\"target\":{\"@type\":\"EntryPoint\",\"urlTemplate\":\"https:\/\/www.greenpeace.org\/luxembourg\/fr\/?s={search_term_string}\"},\"query-input\":{\"@type\":\"PropertyValueSpecification\",\"valueRequired\":true,\"valueName\":\"search_term_string\"}}],\"inLanguage\":\"de-LU\"},{\"@type\":\"Organization\",\"@id\":\"https:\/\/www.greenpeace.org\/luxembourg\/fr\/#organization\",\"name\":\"Greenpeace Luxembourg\",\"url\":\"https:\/\/www.greenpeace.org\/luxembourg\/fr\/\",\"logo\":{\"@type\":\"ImageObject\",\"inLanguage\":\"de-LU\",\"@id\":\"https:\/\/www.greenpeace.org\/luxembourg\/fr\/#\/schema\/logo\/image\/\",\"url\":\"https:\/\/www.greenpeace.org\/static\/planet4-luxembourg-stateless\/2026\/03\/3e367f94-greenpeace_logo_green_rgb.png\",\"contentUrl\":\"https:\/\/www.greenpeace.org\/static\/planet4-luxembourg-stateless\/2026\/03\/3e367f94-greenpeace_logo_green_rgb.png\",\"width\":1080,\"height\":175,\"caption\":\"Greenpeace Luxembourg\"},\"image\":{\"@id\":\"https:\/\/www.greenpeace.org\/luxembourg\/fr\/#\/schema\/logo\/image\/\"},\"sameAs\":[\"https:\/\/www.facebook.com\/greenpeaceluxembourg\",\"https:\/\/www.instagram.com\/greenpeacelux\/\",\"https:\/\/www.linkedin.com\/company\/greenpeace-luxembourg\/\",\"https:\/\/www.threads.com\/@greenpeacelux\",\"https:\/\/bsky.app\/profile\/greenpeacelux.bsky.social\",\"https:\/\/www.youtube.com\/@GreenpeaceLux\",\"https:\/\/www.tiktok.com\/@greenpeace_lux\"]},{\"@type\":\"Person\",\"@id\":\"https:\/\/www.greenpeace.org\/luxembourg\/fr\/#\/schema\/person\/3d0e81a859b59009fec36a8552ef76a7\",\"name\":\"Esther Wildanger\",\"url\":\"https:\/\/www.greenpeace.org\/luxembourg\/de\/author\/ewildang\/\"}]}<\/script>\n<!-- \/ Yoast SEO Premium plugin. -->","yoast_head_json":{"title":"Xavier Turquin wird neuer Direktor von Greenpeace Luxemburg\u00a0 - Greenpeace Luxembourg","robots":{"index":"index","follow":"follow","max-snippet":"max-snippet:-1","max-image-preview":"max-image-preview:large","max-video-preview":"max-video-preview:-1"},"canonical":"https:\/\/www.greenpeace.org\/luxembourg\/de\/presseerklaerungen\/22500\/xavier-turquin-wird-neuer-direktor-von-greenpeace-luxemburg\/","og_locale":"de_DE","og_type":"article","og_title":"Xavier Turquin wird neuer Direktor von Greenpeace Luxemburg\u00a0","og_description":"Seit dem 16. September 2024 fungiert Xavier Turquin als neuer Direktor von Greenpeace Luxemburg und tritt damit die Nachfolge von Raymond Aendekerk an. Der 48-J\u00e4hrige \u00fcbernimmt\u2026","og_url":"https:\/\/www.greenpeace.org\/luxembourg\/de\/presseerklaerungen\/22500\/xavier-turquin-wird-neuer-direktor-von-greenpeace-luxemburg\/","og_site_name":"Greenpeace Luxembourg","article_publisher":"https:\/\/www.facebook.com\/greenpeaceluxembourg","article_published_time":"2024-09-24T06:00:00+00:00","article_modified_time":"2024-09-23T13:40:06+00:00","og_image":[{"width":428,"height":309,"url":"https:\/\/www.greenpeace.org\/static\/planet4-luxembourg-stateless\/2024\/09\/1ac0783d-screenshot-2024-09-23-at-14.34.44.png","type":"image\/png"}],"author":"Esther Wildanger","twitter_card":"summary_large_image","twitter_misc":{"Written by":"Esther Wildanger","Est. reading time":"2 minutes"},"schema":{"@context":"https:\/\/schema.org","@graph":[{"@type":"Article","@id":"https:\/\/www.greenpeace.org\/luxembourg\/de\/presseerklaerungen\/22500\/xavier-turquin-wird-neuer-direktor-von-greenpeace-luxemburg\/#article","isPartOf":{"@id":"https:\/\/www.greenpeace.org\/luxembourg\/de\/presseerklaerungen\/22500\/xavier-turquin-wird-neuer-direktor-von-greenpeace-luxemburg\/"},"author":{"name":"Esther Wildanger","@id":"https:\/\/www.greenpeace.org\/luxembourg\/fr\/#\/schema\/person\/3d0e81a859b59009fec36a8552ef76a7"},"headline":"Xavier Turquin wird neuer Direktor von Greenpeace Luxemburg\u00a0","datePublished":"2024-09-24T06:00:00+00:00","dateModified":"2024-09-23T13:40:06+00:00","mainEntityOfPage":{"@id":"https:\/\/www.greenpeace.org\/luxembourg\/de\/presseerklaerungen\/22500\/xavier-turquin-wird-neuer-direktor-von-greenpeace-luxemburg\/"},"wordCount":484,"publisher":{"@id":"https:\/\/www.greenpeace.org\/luxembourg\/fr\/#organization"},"image":{"@id":"https:\/\/www.greenpeace.org\/luxembourg\/de\/presseerklaerungen\/22500\/xavier-turquin-wird-neuer-direktor-von-greenpeace-luxemburg\/#primaryimage"},"thumbnailUrl":"https:\/\/www.greenpeace.org\/static\/planet4-luxembourg-stateless\/2024\/09\/1ac0783d-screenshot-2024-09-23-at-14.34.44.png","keywords":["Luxemburg","Greenpeace"],"articleSection":["Greenpeace"],"inLanguage":"de-LU"},{"@type":"WebPage","@id":"https:\/\/www.greenpeace.org\/luxembourg\/de\/presseerklaerungen\/22500\/xavier-turquin-wird-neuer-direktor-von-greenpeace-luxemburg\/","url":"https:\/\/www.greenpeace.org\/luxembourg\/de\/presseerklaerungen\/22500\/xavier-turquin-wird-neuer-direktor-von-greenpeace-luxemburg\/","name":"Xavier Turquin wird neuer Direktor von Greenpeace Luxemburg\u00a0 - Greenpeace Luxembourg","isPartOf":{"@id":"https:\/\/www.greenpeace.org\/luxembourg\/fr\/#website"},"primaryImageOfPage":{"@id":"https:\/\/www.greenpeace.org\/luxembourg\/de\/presseerklaerungen\/22500\/xavier-turquin-wird-neuer-direktor-von-greenpeace-luxemburg\/#primaryimage"},"image":{"@id":"https:\/\/www.greenpeace.org\/luxembourg\/de\/presseerklaerungen\/22500\/xavier-turquin-wird-neuer-direktor-von-greenpeace-luxemburg\/#primaryimage"},"thumbnailUrl":"https:\/\/www.greenpeace.org\/static\/planet4-luxembourg-stateless\/2024\/09\/1ac0783d-screenshot-2024-09-23-at-14.34.44.png","datePublished":"2024-09-24T06:00:00+00:00","dateModified":"2024-09-23T13:40:06+00:00","breadcrumb":{"@id":"https:\/\/www.greenpeace.org\/luxembourg\/de\/presseerklaerungen\/22500\/xavier-turquin-wird-neuer-direktor-von-greenpeace-luxemburg\/#breadcrumb"},"inLanguage":"de-LU","potentialAction":[{"@type":"ReadAction","target":["https:\/\/www.greenpeace.org\/luxembourg\/de\/presseerklaerungen\/22500\/xavier-turquin-wird-neuer-direktor-von-greenpeace-luxemburg\/"]}]},{"@type":"ImageObject","inLanguage":"de-LU","@id":"https:\/\/www.greenpeace.org\/luxembourg\/de\/presseerklaerungen\/22500\/xavier-turquin-wird-neuer-direktor-von-greenpeace-luxemburg\/#primaryimage","url":"https:\/\/www.greenpeace.org\/static\/planet4-luxembourg-stateless\/2024\/09\/1ac0783d-screenshot-2024-09-23-at-14.34.44.png","contentUrl":"https:\/\/www.greenpeace.org\/static\/planet4-luxembourg-stateless\/2024\/09\/1ac0783d-screenshot-2024-09-23-at-14.34.44.png","width":428,"height":309},{"@type":"BreadcrumbList","@id":"https:\/\/www.greenpeace.org\/luxembourg\/de\/presseerklaerungen\/22500\/xavier-turquin-wird-neuer-direktor-von-greenpeace-luxemburg\/#breadcrumb","itemListElement":[{"@type":"ListItem","position":1,"name":"Home","item":"http:\/\/www.greenpeace.org\/luxembourg\/fr\/"},{"@type":"ListItem","position":2,"name":"Xavier Turquin wird neuer Direktor von Greenpeace Luxemburg\u00a0"}]},{"@type":"WebSite","@id":"https:\/\/www.greenpeace.org\/luxembourg\/fr\/#website","url":"https:\/\/www.greenpeace.org\/luxembourg\/fr\/","name":"Greenpeace Luxembourg","description":"Greenpeace existiert, weil unsere Erde eine Stimme braucht. Sie ben\u00f6tigt L\u00f6sungen. Ver\u00e4nderungen. Aktionen.","publisher":{"@id":"https:\/\/www.greenpeace.org\/luxembourg\/fr\/#organization"},"potentialAction":[{"@type":"SearchAction","target":{"@type":"EntryPoint","urlTemplate":"https:\/\/www.greenpeace.org\/luxembourg\/fr\/?s={search_term_string}"},"query-input":{"@type":"PropertyValueSpecification","valueRequired":true,"valueName":"search_term_string"}}],"inLanguage":"de-LU"},{"@type":"Organization","@id":"https:\/\/www.greenpeace.org\/luxembourg\/fr\/#organization","name":"Greenpeace Luxembourg","url":"https:\/\/www.greenpeace.org\/luxembourg\/fr\/","logo":{"@type":"ImageObject","inLanguage":"de-LU","@id":"https:\/\/www.greenpeace.org\/luxembourg\/fr\/#\/schema\/logo\/image\/","url":"https:\/\/www.greenpeace.org\/static\/planet4-luxembourg-stateless\/2026\/03\/3e367f94-greenpeace_logo_green_rgb.png","contentUrl":"https:\/\/www.greenpeace.org\/static\/planet4-luxembourg-stateless\/2026\/03\/3e367f94-greenpeace_logo_green_rgb.png","width":1080,"height":175,"caption":"Greenpeace Luxembourg"},"image":{"@id":"https:\/\/www.greenpeace.org\/luxembourg\/fr\/#\/schema\/logo\/image\/"},"sameAs":["https:\/\/www.facebook.com\/greenpeaceluxembourg","https:\/\/www.instagram.com\/greenpeacelux\/","https:\/\/www.linkedin.com\/company\/greenpeace-luxembourg\/","https:\/\/www.threads.com\/@greenpeacelux","https:\/\/bsky.app\/profile\/greenpeacelux.bsky.social","https:\/\/www.youtube.com\/@GreenpeaceLux","https:\/\/www.tiktok.com\/@greenpeace_lux"]},{"@type":"Person","@id":"https:\/\/www.greenpeace.org\/luxembourg\/fr\/#\/schema\/person\/3d0e81a859b59009fec36a8552ef76a7","name":"Esther Wildanger","url":"https:\/\/www.greenpeace.org\/luxembourg\/de\/author\/ewildang\/"}]}},"_links":{"self":[{"href":"https:\/\/www.greenpeace.org\/luxembourg\/de\/wp-json\/wp\/v2\/posts\/22500","targetHints":{"allow":["GET"]}}],"collection":[{"href":"https:\/\/www.greenpeace.org\/luxembourg\/de\/wp-json\/wp\/v2\/posts"}],"about":[{"href":"https:\/\/www.greenpeace.org\/luxembourg\/de\/wp-json\/wp\/v2\/types\/post"}],"author":[{"embeddable":true,"href":"https:\/\/www.greenpeace.org\/luxembourg\/de\/wp-json\/wp\/v2\/users\/25"}],"replies":[{"embeddable":true,"href":"https:\/\/www.greenpeace.org\/luxembourg\/de\/wp-json\/wp\/v2\/comments?post=22500"}],"version-history":[{"count":1,"href":"https:\/\/www.greenpeace.org\/luxembourg\/de\/wp-json\/wp\/v2\/posts\/22500\/revisions"}],"predecessor-version":[{"id":22501,"href":"https:\/\/www.greenpeace.org\/luxembourg\/de\/wp-json\/wp\/v2\/posts\/22500\/revisions\/22501"}],"wp:featuredmedia":[{"embeddable":true,"href":"https:\/\/www.greenpeace.org\/luxembourg\/de\/wp-json\/wp\/v2\/media\/22498"}],"wp:attachment":[{"href":"https:\/\/www.greenpeace.org\/luxembourg\/de\/wp-json\/wp\/v2\/media?parent=22500"}],"wp:term":[{"taxonomy":"category","embeddable":true,"href":"https:\/\/www.greenpeace.org\/luxembourg\/de\/wp-json\/wp\/v2\/categories?post=22500"},{"taxonomy":"post_tag","embeddable":true,"href":"https:\/\/www.greenpeace.org\/luxembourg\/de\/wp-json\/wp\/v2\/tags?post=22500"},{"taxonomy":"p4-page-type","embeddable":true,"href":"https:\/\/www.greenpeace.org\/luxembourg\/de\/wp-json\/wp\/v2\/p4-page-type?post=22500"}],"curies":[{"name":"wp","href":"https:\/\/api.w.org\/{rel}","templated":true}]}}