{"id":22794,"date":"2024-10-17T08:18:00","date_gmt":"2024-10-17T06:18:00","guid":{"rendered":"https:\/\/www.greenpeace.org\/luxembourg\/aktualitaet\/22794\/cop16-biodiversitaetskonferenz-unsere-5-forderungen-zum-erhalt-der-artenvielfalt\/"},"modified":"2024-10-16T15:55:30","modified_gmt":"2024-10-16T13:55:30","slug":"cop16-biodiversitaetskonferenz-unsere-5-forderungen-zum-erhalt-der-artenvielfalt","status":"publish","type":"post","link":"https:\/\/www.greenpeace.org\/luxembourg\/de\/aktualitaet\/22794\/cop16-biodiversitaetskonferenz-unsere-5-forderungen-zum-erhalt-der-artenvielfalt\/","title":{"rendered":"UN-Biodiversit\u00e4tskonferenz COP16: 5 Forderungen f\u00fcr den Schutz der Artenvielfalt"},"content":{"rendered":"\n<p>Auf die Vertreter:innen der Vereinten Nationen kommt bei der bevorstehenden UN-Biodiversit\u00e4tskonferenz (COP16), die vom 21. Oktober bis zum 1. November in Cali, Kolumbien, stattfindet, viel Arbeit zu.<\/p>\n\n<p>Die Konferenz wird die erste internationale Verhandlungsrunde zum Thema Biodiversit\u00e4t sein, seit sich 2022 196 Regierungen in einem historischen Abkommen auf ein <a href=\"https:\/\/www.cbd.int\/gbf\">Regelwerk <\/a>geeinigt haben, um den dramatischen R\u00fcckgang der Artenvielfalt und das Massenaussterben aufzuhalten und r\u00fcckg\u00e4ngig zu machen, den Globalen Biodiversit\u00e4tsrahmen von Kunming-Montreal. \u00a0<br><br><strong>F\u00fcr Greenpeace sind die folgenden f\u00fcnf Forderungen an die Regierungen f\u00fcr einen erfolgreichen Abschluss der UN-Biodiversit\u00e4tskonferenz COP16 entscheidend: <\/strong><\/p>\n\n<h3 class=\"wp-block-heading\"><strong>1. Bis 2025 20 Milliarden USD bereitstellen, um den Schutz der weltweiten Artenvielfalt zu finanzieren (ja, ihr, die reichen Regierungen des globalen Nordens, seid gemeint)<\/strong><\/h3>\n\n<p>Im Jahr 2022 einigten sich die Regierungen darauf, bis 2025 mindestens 20 Milliarden US-Dollar pro Jahr f\u00fcr die Finanzierung des weltweiten Schutzes der biologischen Vielfalt bereitzustellen. Dies ist das unmittelbar bevorstehende Ziel des globalen Rahmens f\u00fcr die biologische Vielfalt und der erste Test der Unterzeichnerstaaten, ihre Versprechen in die Taten umzusetzen.<br><br>Doch bislang halten sich die Regierungen nicht an ihre Versprechen: Einem k\u00fcrzlich ver\u00f6ffentlichten <a href=\"https:\/\/odi.org\/en\/publications\/a-fair-share-of-biodiversity-finance-apportioning-responsibility-for-the-20-billion-target-by-2025\/\">Bericht <\/a>zufolge haben 23 von 28 L\u00e4ndern insgesamt weniger als die H\u00e4lfte des zugesagten Betrags gezahlt, so dass zur Erf\u00fcllung des Ziels 11,6 Milliarden USD fehlen.<br><br>Das Kunming-Montreal-Abkommen legt als ein wichtiges Ziel fest, bis zum Jahr 2030 mindestens 30 % der Land- und Meeresfl\u00e4chen der Welt zu sch\u00fctzen. Dessen Erfolg h\u00e4ngt jedoch von der Bereitstellung der vereinbarten Finanzmittel f\u00fcr die Einrichtung dieser Schutzgebiete ab.<br><br>N\u00e4heres \u00fcber die Notwendigkeit, bis 2025 20 Mrd. USD bereitzustellen (und dar\u00fcber, dass der direkte Zugang zu Finanzmitteln f\u00fcr indigene V\u00f6lker und lokale Gemeinschaften gew\u00e4hrleistet werden muss) erfahren Sie <a href=\"https:\/\/www.greenpeace.org\/static\/planet4-international-stateless\/2024\/10\/9a98f319-cop16-greenpeace-finance-brief.pdf\">hier<\/a>.<\/p>\n\n<h3 class=\"wp-block-heading\"><strong>2. <\/strong>Den direkten Zugang zu Finanzmitteln f\u00fcr indigene V\u00f6lker und lokale Gemeinschaften sicherstellen<\/h3>\n\n<figure class=\"wp-block-image size-large\"><img loading=\"lazy\" decoding=\"async\" width=\"1024\" height=\"683\" src=\"https:\/\/www.greenpeace.org\/static\/planet4-luxembourg-stateless\/2024\/10\/4cba7ba3-gp1t909h_medium-res-1200px-1024x683.jpg\" alt=\"\" class=\"wp-image-22785\" srcset=\"https:\/\/www.greenpeace.org\/static\/planet4-luxembourg-stateless\/2024\/10\/4cba7ba3-gp1t909h_medium-res-1200px-1024x683.jpg 1024w, https:\/\/www.greenpeace.org\/static\/planet4-luxembourg-stateless\/2024\/10\/4cba7ba3-gp1t909h_medium-res-1200px-300x200.jpg 300w, https:\/\/www.greenpeace.org\/static\/planet4-luxembourg-stateless\/2024\/10\/4cba7ba3-gp1t909h_medium-res-1200px-768x512.jpg 768w, https:\/\/www.greenpeace.org\/static\/planet4-luxembourg-stateless\/2024\/10\/4cba7ba3-gp1t909h_medium-res-1200px-510x340.jpg 510w, https:\/\/www.greenpeace.org\/static\/planet4-luxembourg-stateless\/2024\/10\/4cba7ba3-gp1t909h_medium-res-1200px.jpg 1200w\" sizes=\"auto, (max-width: 1024px) 100vw, 1024px\" \/><figcaption class=\"wp-element-caption\">Am 10. Dezember sandten Hunderte von Organisationen der Quebecer und internationalen Zivilgesellschaft unter der F\u00fchrung indigener Delegationen ein starkes Signal an die L\u00e4nder, die sich in Montreal zur COP15 versammelten, um den n\u00e4chsten globalen Rahmen f\u00fcr die biologische Vielfalt auszuhandeln. \u00a9 Greenpeace \/ Toma Iczkovits <\/figcaption><\/figure>\n\n<p>Indigene V\u00f6lker und lokale Gemeinschaften sind oft die effektivsten Sch\u00fctzer der weltweiten Artenvielfalt. Damit die Umsetzung des globalen Rahmens f\u00fcr die biologische Vielfalt gelingt, m\u00fcssen sich die Regierungen auf eine angemessene, zeitnahe und direkt zug\u00e4ngliche Finanzierung f\u00fcr indigene V\u00f6lker und lokale Gemeinschaften einigen, die nicht durch Eingriffe nationaler oder regionaler Regierungen behindert wird. Dar\u00fcber hinaus m\u00fcssen alle auf der COP16 gefassten Beschl\u00fcsse sicherstellen, dass die Rechte, die Rollen und die Gebiete indigener V\u00f6lker und lokaler Gemeinschaften sowohl auf See, in K\u00fcstengebieten als auch an Land respektiert werden.<\/p>\n\n<h3 class=\"wp-block-heading\"><strong>3. <\/strong>Einen Aktionsplan beschlie\u00dfen, um Klimaschutzma\u00dfnahmen mit Ma\u00dfnahmen zur Erhaltung der Biodiversit\u00e4t zu verkn\u00fcpfen<\/h3>\n\n<p>Die Wissenschaft ist sich dar\u00fcber im Klaren, dass<a href=\"https:\/\/www.ipcc.ch\/site\/assets\/uploads\/2021\/07\/IPBES_IPCC_WR_12_2020.pdf\"> die Klima- und die Biodiversit\u00e4tskrise nicht getrennt voneinander angegangen werden k\u00f6nnen<\/a>. Wenn \u00d6kosysteme zerst\u00f6rt werden, wird der in ihnen gespeicherte Kohlenstoff in die Atmosph\u00e4re freigesetzt, und die dadurch verursachte Versch\u00e4rfung des Klimawandels und die damit einhergehenden Hitzewellen, D\u00fcrreperioden und Br\u00e4nde f\u00fchren zu einem noch gr\u00f6\u00dferen Verlust an Biodiversit\u00e4t.<\/p>\n\n<figure class=\"wp-block-image size-large\"><img loading=\"lazy\" decoding=\"async\" width=\"1024\" height=\"683\" src=\"https:\/\/www.greenpeace.org\/static\/planet4-luxembourg-stateless\/2024\/10\/3cd0aa95-gp0stq2uw-1024x683.jpeg\" alt=\"\" class=\"wp-image-22787\" srcset=\"https:\/\/www.greenpeace.org\/static\/planet4-luxembourg-stateless\/2024\/10\/3cd0aa95-gp0stq2uw-1024x683.jpeg 1024w, https:\/\/www.greenpeace.org\/static\/planet4-luxembourg-stateless\/2024\/10\/3cd0aa95-gp0stq2uw-300x200.jpeg 300w, https:\/\/www.greenpeace.org\/static\/planet4-luxembourg-stateless\/2024\/10\/3cd0aa95-gp0stq2uw-768x512.jpeg 768w, https:\/\/www.greenpeace.org\/static\/planet4-luxembourg-stateless\/2024\/10\/3cd0aa95-gp0stq2uw-510x340.jpeg 510w, https:\/\/www.greenpeace.org\/static\/planet4-luxembourg-stateless\/2024\/10\/3cd0aa95-gp0stq2uw.jpeg 1200w\" sizes=\"auto, (max-width: 1024px) 100vw, 1024px\" \/><figcaption class=\"wp-element-caption\">Von Waldbr\u00e4nden und Viehzucht zerst\u00f6rtes Waldgebiet im Bundesstaat Rond\u00f4nia, in der N\u00e4he der Hauptstadt Porto Velho. Im August 2016 \u00fcberflog Greenpeace den Amazonas, um Waldbrandgebiete zu suchen und zu registrieren. Die diesj\u00e4hrige Waldbrandsaison gilt schon jetzt als eine der schlimmsten \u00fcberhaupt. \u00a9 Rog\u00e9rio Assis \/ Greenpeace<\/figcaption><\/figure>\n\n<p>Die Regierungen entsenden zwar im Oktober 2024 ihre Delegationen zur UN-Biodiversit\u00e4ts- (COP16) und im November zur UN-Klimakonferenz (COP29), doch nur wenige Regierungen gehen mit gutem Beispiel voran, indem sie die Klima- und Biodiversit\u00e4tskrise in ihren Aktionspl\u00e4nen gemeinsam ber\u00fccksichtigen.<br><br>Auf der diesj\u00e4hrigen COP16 m\u00fcssen die Regierungen zum Schutz von \u00d6kosystemen mit einer hohen Integrit\u00e4t und Kohlenstoffdichte aufrufen: Ein gemeinsames Arbeitsprogramm zwischen den Konventionen zum Schutz der Biodiversit\u00e4t und zum Schutz des Klimas kann einen gro\u00dfen Beitrag zur Umsetzung dieser Agenda leisten.<br><br>Lesen Sie <a href=\"https:\/\/www.greenpeace.org\/static\/planet4-international-stateless\/2024\/10\/65cb2f2a-cop16-greenpeace-synergy-briefing.pdf\">hier<\/a> mehr \u00fcber die Notwendigkeit eines gemeinsamen Arbeitsprogramms zwischen Klima- und Biodiversit\u00e4ts-Abkommen.<\/p>\n\n<h3 class=\"wp-block-heading\"><strong>4. <\/strong>H\u00f6here Ambitionen und eine bessere Umsetzung der nationalen Biodiversit\u00e4tsstrategien und Aktionspl\u00e4ne fordern<\/h3>\n\n<p>Der auf der letzten UN-Biodiversit\u00e4tskonferenz (COP15) in Kunming und Montreal beschlossene Globale Rahmen f\u00fcr die biologische Vielfalt &#8211; auch als \u201eBiodiversit\u00e4tsplan\u201c bezeichnet &#8211; ist ein bahnbrechendes Abkommen, das das Potenzial hat, den Verlust der biologischen Vielfalt aufzuhalten und umzukehren.&nbsp;<\/p>\n\n<p>Damit das gelingt, m\u00fcssen den Worten Taten folgen.<\/p>\n\n<figure class=\"wp-block-image size-large\"><img loading=\"lazy\" decoding=\"async\" width=\"1024\" height=\"683\" src=\"https:\/\/www.greenpeace.org\/static\/planet4-luxembourg-stateless\/2024\/10\/af8ae5e8-gp1t909c_medium-res-1200px-1024x683.jpg\" alt=\"\" class=\"wp-image-22789\" srcset=\"https:\/\/www.greenpeace.org\/static\/planet4-luxembourg-stateless\/2024\/10\/af8ae5e8-gp1t909c_medium-res-1200px-1024x683.jpg 1024w, https:\/\/www.greenpeace.org\/static\/planet4-luxembourg-stateless\/2024\/10\/af8ae5e8-gp1t909c_medium-res-1200px-300x200.jpg 300w, https:\/\/www.greenpeace.org\/static\/planet4-luxembourg-stateless\/2024\/10\/af8ae5e8-gp1t909c_medium-res-1200px-768x512.jpg 768w, https:\/\/www.greenpeace.org\/static\/planet4-luxembourg-stateless\/2024\/10\/af8ae5e8-gp1t909c_medium-res-1200px-510x340.jpg 510w, https:\/\/www.greenpeace.org\/static\/planet4-luxembourg-stateless\/2024\/10\/af8ae5e8-gp1t909c_medium-res-1200px.jpg 1200w\" sizes=\"auto, (max-width: 1024px) 100vw, 1024px\" \/><figcaption class=\"wp-element-caption\">Am 10. Dezember sandten Hunderte von Organisationen der Quebecer und internationalen Zivilgesellschaft unter der F\u00fchrung indigener Delegationen ein starkes Signal an die L\u00e4nder, die sich in Montreal zur COP15 versammelten, um den n\u00e4chsten globalen Rahmen f\u00fcr die biologische Vielfalt auszuhandeln. \u00a9 Greenpeace \/ Toma Iczkovits<\/figcaption><\/figure>\n\n<p>Mit der Zustimmung \u00fcber das Abkommen erkl\u00e4rten sich die Regierungen auch bereit, vor der COP16 aktualisierte oder \u00fcberarbeitete Pl\u00e4ne zum Schutz der biologischen Vielfalt auf nationaler Ebene vorzulegen, die auch als Nationale Biodiversit\u00e4tsstrategie und Aktionspl\u00e4ne f\u00fcr die biologische Vielfalt (NBSAPs) bezeichnet werden.<br><br>Greenpeace verfolgt aufmerksam, ob die Regierungen ihre zugesagten Verpflichtungen einhalten.<br><br>Auch Sie k\u00f6nnen die Entwicklungen mitverfolgen: Schauen Sie sich den <a href=\"https:\/\/www.greenpeace.org\/international\/story\/69885\/un-biodiversity-cop-2024-which-governments-are-fulfilling-their-pledges-to-protect-nature\/\">NBSAP-Tracker<\/a> an, den wir in Zusammenarbeit mit dem WWF verwenden, um die aktuellen Geschehnisse in jedem einzelnen Land zu verfolgen.<\/p>\n\n<h3 class=\"wp-block-heading\"><strong>5. <\/strong>Einigung \u00fcber die \u00c4nderung des Netzwerks der \u00f6kologisch oder biologisch bedeutsamen Meeresgebiete erzielen<\/h3>\n\n<p>Mehr als die H\u00e4lfte unserer Erde besteht aus Meeren. Und ein Gro\u00dfteil der Artenvielfalt besteht aus Meereslebewesen. Es \u00fcberrascht daher nicht, dass die Fortschritte auf der UN-Biodiversit\u00e4tskonferenz (COP16) und der <a href=\"https:\/\/www.greenpeace.org\/international\/story\/60272\/how-we-got-global-ocean-treaty-what-comes-next\/?_gl=1*eqsl6u*_up*MQ..*_ga*MzcyNDA1NTY1LjE3Mjc4MTA1NDE.*_ga_94MRTN8HG4*MTcyNzgxMDU0MS4xLjAuMTcyNzgxMDUxNy4wLjAuMTY0Mzk1ODgxMg..*_ga_0CCB1GTVV6*MTcyNzgxMDU0MC4xLjEuMTcyNzgxMDUxNy4wLjAuMA..*_ga_KZ4DFKDXBM*MTcyNzgxMDU0MC4xLjEuMTcyNzgxMDUxNy4wLjAuMA..*_ga_99CSX66YC1*MTcyNzgxMDU0MC4xLjEuMTcyNzgxMDUxNy4wLjAuMA..\">Vertrag \u00fcber den Schutz der Weltmeere<\/a> eng miteinander verkn\u00fcpft sind.<br><br>Auf der COP16 m\u00fcssen sich die Regierungen auf einen Beschluss einigen, der es ihnen erm\u00f6glicht, \u201e\u00f6kologisch oder biologisch bedeutsame Meeresgebiete\u201c zu \u00e4ndern, hinzuzuf\u00fcgen oder zu streichen. Dies ist entscheidend f\u00fcr die Einrichtung von Meeresschutzgebieten oder anderen Schutzzonen in den Ozeanen.<\/p>\n\n<figure class=\"wp-block-image size-large\"><img loading=\"lazy\" decoding=\"async\" width=\"1024\" height=\"683\" src=\"https:\/\/www.greenpeace.org\/static\/planet4-luxembourg-stateless\/2024\/10\/7177c015-gp04lca-1024x683.jpeg\" alt=\"\" class=\"wp-image-22791\" srcset=\"https:\/\/www.greenpeace.org\/static\/planet4-luxembourg-stateless\/2024\/10\/7177c015-gp04lca-1024x683.jpeg 1024w, https:\/\/www.greenpeace.org\/static\/planet4-luxembourg-stateless\/2024\/10\/7177c015-gp04lca-300x200.jpeg 300w, https:\/\/www.greenpeace.org\/static\/planet4-luxembourg-stateless\/2024\/10\/7177c015-gp04lca-768x512.jpeg 768w, https:\/\/www.greenpeace.org\/static\/planet4-luxembourg-stateless\/2024\/10\/7177c015-gp04lca-510x340.jpeg 510w, https:\/\/www.greenpeace.org\/static\/planet4-luxembourg-stateless\/2024\/10\/7177c015-gp04lca.jpeg 1200w\" sizes=\"auto, (max-width: 1024px) 100vw, 1024px\" \/><figcaption class=\"wp-element-caption\">Ein Korallenriff in Raja Ampat, Papua, Indonesien. Greenpeace war in Indonesien, uEin Korallenriff in Raja Ampat, Papua, Indonesien. Greenpeace war in Indonesien, um eine der artenreichsten &#8211; und bedrohtesten &#8211; Umgebungen der Welt zu dokumentieren und um dringende Ma\u00dfnahmen zum Schutz der Meere und W\u00e4lder des Landes zu fordern. \u00a9 Paul Hilton \/ Greenpeace<\/figcaption><\/figure>\n\n<p>Da der internationale Vertrag zum Schutz der Ozeane derzeit ratifiziert wird, bietet die COP16 die Gelegenheit, das \u00dcbereinkommen zu propagieren und mehr L\u00e4nder zu seiner Ratifizierung zu bewegen.Lesen Sie <a href=\"https:\/\/www.greenpeace.org\/static\/planet4-international-stateless\/2024\/10\/a16cf435-cop16-greenpeace-oceans-brief.pdf\">hier<\/a> mehr \u00fcber die wichtigsten Themen zum Meeresschutz bei der COP16<\/p>\n\n<p>Die UN-Biodiversit\u00e4tskonferenz COP16 wird ein entscheidender Moment f\u00fcr den Naturschutz sein. Die Zeit zum Handeln ist jetzt.<\/p>\n","protected":false},"excerpt":{"rendered":"<p>Die Vereinten Nationen haben auf der bevorstehenden UN-Biodiversit\u00e4tskonferenz (COP16), die vom 21. Oktober bis zum 1. November in Cali, Kolumbien, stattfindet, viel Arbeit vor sich.<\/p>\n","protected":false},"author":25,"featured_media":22757,"comment_status":"closed","ping_status":"closed","sticky":false,"template":"","format":"standard","meta":{"ep_exclude_from_search":false,"p4_og_title":"","p4_og_description":"","p4_og_image":"","p4_og_image_id":"","p4_seo_canonical_url":"","p4_campaign_name":"","p4_local_project":"","p4_basket_name":"","p4_department":"","footnotes":""},"categories":[47],"tags":[56,66],"p4-page-type":[68],"class_list":["post-22794","post","type-post","status-publish","format-standard","has-post-thumbnail","hentry","category-natur","tag-ozeane","tag-biodiversitaet","p4-page-type-aktualitaet"],"yoast_head":"<!-- This site is optimized with the Yoast SEO Premium plugin v23.9 (Yoast SEO v23.9) - https:\/\/yoast.com\/wordpress\/plugins\/seo\/ -->\n<title>UN-Biodiversit\u00e4tskonferenz COP16: 5 Forderungen f\u00fcr den Schutz der Artenvielfalt - Greenpeace Luxembourg<\/title>\n<meta name=\"robots\" content=\"index, follow, max-snippet:-1, max-image-preview:large, max-video-preview:-1\" \/>\n<link rel=\"canonical\" href=\"https:\/\/www.greenpeace.org\/luxembourg\/de\/aktualitaet\/22794\/cop16-biodiversitaetskonferenz-unsere-5-forderungen-zum-erhalt-der-artenvielfalt\/\" \/>\n<meta property=\"og:locale\" content=\"de_DE\" \/>\n<meta property=\"og:type\" content=\"article\" \/>\n<meta property=\"og:title\" content=\"UN-Biodiversit\u00e4tskonferenz COP16: 5 Forderungen f\u00fcr den Schutz der Artenvielfalt\" \/>\n<meta property=\"og:description\" content=\"Die Vereinten Nationen haben auf der bevorstehenden UN-Biodiversit\u00e4tskonferenz (COP16), die vom 21. Oktober bis zum 1. November in Cali, Kolumbien, stattfindet, viel Arbeit vor sich.\" \/>\n<meta property=\"og:url\" content=\"https:\/\/www.greenpeace.org\/luxembourg\/de\/aktualitaet\/22794\/cop16-biodiversitaetskonferenz-unsere-5-forderungen-zum-erhalt-der-artenvielfalt\/\" \/>\n<meta property=\"og:site_name\" content=\"Greenpeace Luxembourg\" \/>\n<meta property=\"article:publisher\" content=\"https:\/\/www.facebook.com\/greenpeaceluxembourg\" \/>\n<meta property=\"article:published_time\" content=\"2024-10-17T06:18:00+00:00\" \/>\n<meta property=\"article:modified_time\" content=\"2024-10-16T13:55:30+00:00\" \/>\n<meta property=\"og:image\" content=\"https:\/\/www.greenpeace.org\/static\/planet4-luxembourg-stateless\/2024\/10\/039cde98-gp1t8r5k_medium-res-1200px.jpg\" \/>\n\t<meta property=\"og:image:width\" content=\"1200\" \/>\n\t<meta property=\"og:image:height\" content=\"800\" \/>\n\t<meta property=\"og:image:type\" content=\"image\/jpeg\" \/>\n<meta name=\"author\" content=\"Esther Wildanger\" \/>\n<meta name=\"twitter:card\" content=\"summary_large_image\" \/>\n<meta name=\"twitter:label1\" content=\"Written by\" \/>\n\t<meta name=\"twitter:data1\" content=\"Esther Wildanger\" \/>\n\t<meta name=\"twitter:label2\" content=\"Est. reading time\" \/>\n\t<meta name=\"twitter:data2\" content=\"5 minutes\" \/>\n<script type=\"application\/ld+json\" class=\"yoast-schema-graph\">{\"@context\":\"https:\/\/schema.org\",\"@graph\":[{\"@type\":\"Article\",\"@id\":\"https:\/\/www.greenpeace.org\/luxembourg\/de\/aktualitaet\/22794\/cop16-biodiversitaetskonferenz-unsere-5-forderungen-zum-erhalt-der-artenvielfalt\/#article\",\"isPartOf\":{\"@id\":\"https:\/\/www.greenpeace.org\/luxembourg\/de\/aktualitaet\/22794\/cop16-biodiversitaetskonferenz-unsere-5-forderungen-zum-erhalt-der-artenvielfalt\/\"},\"author\":{\"name\":\"Esther Wildanger\",\"@id\":\"https:\/\/www.greenpeace.org\/luxembourg\/fr\/#\/schema\/person\/3d0e81a859b59009fec36a8552ef76a7\"},\"headline\":\"UN-Biodiversit\u00e4tskonferenz COP16: 5 Forderungen f\u00fcr den Schutz der Artenvielfalt\",\"datePublished\":\"2024-10-17T06:18:00+00:00\",\"dateModified\":\"2024-10-16T13:55:30+00:00\",\"mainEntityOfPage\":{\"@id\":\"https:\/\/www.greenpeace.org\/luxembourg\/de\/aktualitaet\/22794\/cop16-biodiversitaetskonferenz-unsere-5-forderungen-zum-erhalt-der-artenvielfalt\/\"},\"wordCount\":1105,\"publisher\":{\"@id\":\"https:\/\/www.greenpeace.org\/luxembourg\/fr\/#organization\"},\"image\":{\"@id\":\"https:\/\/www.greenpeace.org\/luxembourg\/de\/aktualitaet\/22794\/cop16-biodiversitaetskonferenz-unsere-5-forderungen-zum-erhalt-der-artenvielfalt\/#primaryimage\"},\"thumbnailUrl\":\"https:\/\/www.greenpeace.org\/static\/planet4-luxembourg-stateless\/2024\/10\/039cde98-gp1t8r5k_medium-res-1200px.jpg\",\"keywords\":[\"Ozeane\",\"Biodiversit\u00e4t\"],\"articleSection\":[\"Natur\"],\"inLanguage\":\"de-LU\"},{\"@type\":\"WebPage\",\"@id\":\"https:\/\/www.greenpeace.org\/luxembourg\/de\/aktualitaet\/22794\/cop16-biodiversitaetskonferenz-unsere-5-forderungen-zum-erhalt-der-artenvielfalt\/\",\"url\":\"https:\/\/www.greenpeace.org\/luxembourg\/de\/aktualitaet\/22794\/cop16-biodiversitaetskonferenz-unsere-5-forderungen-zum-erhalt-der-artenvielfalt\/\",\"name\":\"UN-Biodiversit\u00e4tskonferenz COP16: 5 Forderungen f\u00fcr den Schutz der Artenvielfalt - Greenpeace Luxembourg\",\"isPartOf\":{\"@id\":\"https:\/\/www.greenpeace.org\/luxembourg\/fr\/#website\"},\"primaryImageOfPage\":{\"@id\":\"https:\/\/www.greenpeace.org\/luxembourg\/de\/aktualitaet\/22794\/cop16-biodiversitaetskonferenz-unsere-5-forderungen-zum-erhalt-der-artenvielfalt\/#primaryimage\"},\"image\":{\"@id\":\"https:\/\/www.greenpeace.org\/luxembourg\/de\/aktualitaet\/22794\/cop16-biodiversitaetskonferenz-unsere-5-forderungen-zum-erhalt-der-artenvielfalt\/#primaryimage\"},\"thumbnailUrl\":\"https:\/\/www.greenpeace.org\/static\/planet4-luxembourg-stateless\/2024\/10\/039cde98-gp1t8r5k_medium-res-1200px.jpg\",\"datePublished\":\"2024-10-17T06:18:00+00:00\",\"dateModified\":\"2024-10-16T13:55:30+00:00\",\"breadcrumb\":{\"@id\":\"https:\/\/www.greenpeace.org\/luxembourg\/de\/aktualitaet\/22794\/cop16-biodiversitaetskonferenz-unsere-5-forderungen-zum-erhalt-der-artenvielfalt\/#breadcrumb\"},\"inLanguage\":\"de-LU\",\"potentialAction\":[{\"@type\":\"ReadAction\",\"target\":[\"https:\/\/www.greenpeace.org\/luxembourg\/de\/aktualitaet\/22794\/cop16-biodiversitaetskonferenz-unsere-5-forderungen-zum-erhalt-der-artenvielfalt\/\"]}]},{\"@type\":\"ImageObject\",\"inLanguage\":\"de-LU\",\"@id\":\"https:\/\/www.greenpeace.org\/luxembourg\/de\/aktualitaet\/22794\/cop16-biodiversitaetskonferenz-unsere-5-forderungen-zum-erhalt-der-artenvielfalt\/#primaryimage\",\"url\":\"https:\/\/www.greenpeace.org\/static\/planet4-luxembourg-stateless\/2024\/10\/039cde98-gp1t8r5k_medium-res-1200px.jpg\",\"contentUrl\":\"https:\/\/www.greenpeace.org\/static\/planet4-luxembourg-stateless\/2024\/10\/039cde98-gp1t8r5k_medium-res-1200px.jpg\",\"width\":1200,\"height\":800,\"caption\":\"Greenpeace Canada activists drop a 46-foot tall banner inside Montreal\u2019s l\u2019Anneau structure, on the heels of the opening of the UN Biodiversity Conference (COP 15). L\u2019Anneau symbolizes the strong union between Montreal and visitors from around the world. Greenpeace is calling on state delegates visiting Montreal for COP15 to work together and secure an ambitious deal that protects nature and centres Indigenous rights. Des activistes de Greenpeace Canada ont install\u00e9 une banni\u00e8re de 46 pieds (14 m\u00e8tres) de haut au centre de l\u2019Anneau \u00e0 Montr\u00e9al, au lendemain de l\u2019ouverture de la Conf\u00e9rence des Nations Unies sur la biodiversit\u00e9 (COP 15). L\u2019Anneau symbolise la forte union entre Montr\u00e9al et les visiteurs du monde entier. Greenpeace appelle les d\u00e9l\u00e9gu\u00e9s des \u00c9tats qui visitent Montr\u00e9al pour la COP15 \u00e0 travailler ensemble en vue d\u2019obtenir un accord ambitieux qui prot\u00e8ge la nature et garantisse les droits des Peuples Autochtones.\"},{\"@type\":\"BreadcrumbList\",\"@id\":\"https:\/\/www.greenpeace.org\/luxembourg\/de\/aktualitaet\/22794\/cop16-biodiversitaetskonferenz-unsere-5-forderungen-zum-erhalt-der-artenvielfalt\/#breadcrumb\",\"itemListElement\":[{\"@type\":\"ListItem\",\"position\":1,\"name\":\"Home\",\"item\":\"http:\/\/www.greenpeace.org\/luxembourg\/fr\/\"},{\"@type\":\"ListItem\",\"position\":2,\"name\":\"UN-Biodiversit\u00e4tskonferenz COP16: 5 Forderungen f\u00fcr den Schutz der Artenvielfalt\"}]},{\"@type\":\"WebSite\",\"@id\":\"https:\/\/www.greenpeace.org\/luxembourg\/fr\/#website\",\"url\":\"https:\/\/www.greenpeace.org\/luxembourg\/fr\/\",\"name\":\"Greenpeace Luxembourg\",\"description\":\"Greenpeace existiert, weil unsere Erde eine Stimme braucht. Sie ben\u00f6tigt L\u00f6sungen. Ver\u00e4nderungen. Aktionen.\",\"publisher\":{\"@id\":\"https:\/\/www.greenpeace.org\/luxembourg\/fr\/#organization\"},\"potentialAction\":[{\"@type\":\"SearchAction\",\"target\":{\"@type\":\"EntryPoint\",\"urlTemplate\":\"https:\/\/www.greenpeace.org\/luxembourg\/fr\/?s={search_term_string}\"},\"query-input\":{\"@type\":\"PropertyValueSpecification\",\"valueRequired\":true,\"valueName\":\"search_term_string\"}}],\"inLanguage\":\"de-LU\"},{\"@type\":\"Organization\",\"@id\":\"https:\/\/www.greenpeace.org\/luxembourg\/fr\/#organization\",\"name\":\"Greenpeace Luxembourg\",\"url\":\"https:\/\/www.greenpeace.org\/luxembourg\/fr\/\",\"logo\":{\"@type\":\"ImageObject\",\"inLanguage\":\"de-LU\",\"@id\":\"https:\/\/www.greenpeace.org\/luxembourg\/fr\/#\/schema\/logo\/image\/\",\"url\":\"https:\/\/www.greenpeace.org\/static\/planet4-luxembourg-stateless\/2026\/03\/3e367f94-greenpeace_logo_green_rgb.png\",\"contentUrl\":\"https:\/\/www.greenpeace.org\/static\/planet4-luxembourg-stateless\/2026\/03\/3e367f94-greenpeace_logo_green_rgb.png\",\"width\":1080,\"height\":175,\"caption\":\"Greenpeace Luxembourg\"},\"image\":{\"@id\":\"https:\/\/www.greenpeace.org\/luxembourg\/fr\/#\/schema\/logo\/image\/\"},\"sameAs\":[\"https:\/\/www.facebook.com\/greenpeaceluxembourg\",\"https:\/\/www.instagram.com\/greenpeacelux\/\",\"https:\/\/www.linkedin.com\/company\/greenpeace-luxembourg\/\",\"https:\/\/www.threads.com\/@greenpeacelux\",\"https:\/\/bsky.app\/profile\/greenpeacelux.bsky.social\",\"https:\/\/www.youtube.com\/@GreenpeaceLux\",\"https:\/\/www.tiktok.com\/@greenpeace_lux\"]},{\"@type\":\"Person\",\"@id\":\"https:\/\/www.greenpeace.org\/luxembourg\/fr\/#\/schema\/person\/3d0e81a859b59009fec36a8552ef76a7\",\"name\":\"Esther Wildanger\",\"url\":\"https:\/\/www.greenpeace.org\/luxembourg\/de\/author\/ewildang\/\"}]}<\/script>\n<!-- \/ Yoast SEO Premium plugin. -->","yoast_head_json":{"title":"UN-Biodiversit\u00e4tskonferenz COP16: 5 Forderungen f\u00fcr den Schutz der Artenvielfalt - Greenpeace Luxembourg","robots":{"index":"index","follow":"follow","max-snippet":"max-snippet:-1","max-image-preview":"max-image-preview:large","max-video-preview":"max-video-preview:-1"},"canonical":"https:\/\/www.greenpeace.org\/luxembourg\/de\/aktualitaet\/22794\/cop16-biodiversitaetskonferenz-unsere-5-forderungen-zum-erhalt-der-artenvielfalt\/","og_locale":"de_DE","og_type":"article","og_title":"UN-Biodiversit\u00e4tskonferenz COP16: 5 Forderungen f\u00fcr den Schutz der Artenvielfalt","og_description":"Die Vereinten Nationen haben auf der bevorstehenden UN-Biodiversit\u00e4tskonferenz (COP16), die vom 21. Oktober bis zum 1. November in Cali, Kolumbien, stattfindet, viel Arbeit vor sich.","og_url":"https:\/\/www.greenpeace.org\/luxembourg\/de\/aktualitaet\/22794\/cop16-biodiversitaetskonferenz-unsere-5-forderungen-zum-erhalt-der-artenvielfalt\/","og_site_name":"Greenpeace Luxembourg","article_publisher":"https:\/\/www.facebook.com\/greenpeaceluxembourg","article_published_time":"2024-10-17T06:18:00+00:00","article_modified_time":"2024-10-16T13:55:30+00:00","og_image":[{"width":1200,"height":800,"url":"https:\/\/www.greenpeace.org\/static\/planet4-luxembourg-stateless\/2024\/10\/039cde98-gp1t8r5k_medium-res-1200px.jpg","type":"image\/jpeg"}],"author":"Esther Wildanger","twitter_card":"summary_large_image","twitter_misc":{"Written by":"Esther Wildanger","Est. reading time":"5 minutes"},"schema":{"@context":"https:\/\/schema.org","@graph":[{"@type":"Article","@id":"https:\/\/www.greenpeace.org\/luxembourg\/de\/aktualitaet\/22794\/cop16-biodiversitaetskonferenz-unsere-5-forderungen-zum-erhalt-der-artenvielfalt\/#article","isPartOf":{"@id":"https:\/\/www.greenpeace.org\/luxembourg\/de\/aktualitaet\/22794\/cop16-biodiversitaetskonferenz-unsere-5-forderungen-zum-erhalt-der-artenvielfalt\/"},"author":{"name":"Esther Wildanger","@id":"https:\/\/www.greenpeace.org\/luxembourg\/fr\/#\/schema\/person\/3d0e81a859b59009fec36a8552ef76a7"},"headline":"UN-Biodiversit\u00e4tskonferenz COP16: 5 Forderungen f\u00fcr den Schutz der Artenvielfalt","datePublished":"2024-10-17T06:18:00+00:00","dateModified":"2024-10-16T13:55:30+00:00","mainEntityOfPage":{"@id":"https:\/\/www.greenpeace.org\/luxembourg\/de\/aktualitaet\/22794\/cop16-biodiversitaetskonferenz-unsere-5-forderungen-zum-erhalt-der-artenvielfalt\/"},"wordCount":1105,"publisher":{"@id":"https:\/\/www.greenpeace.org\/luxembourg\/fr\/#organization"},"image":{"@id":"https:\/\/www.greenpeace.org\/luxembourg\/de\/aktualitaet\/22794\/cop16-biodiversitaetskonferenz-unsere-5-forderungen-zum-erhalt-der-artenvielfalt\/#primaryimage"},"thumbnailUrl":"https:\/\/www.greenpeace.org\/static\/planet4-luxembourg-stateless\/2024\/10\/039cde98-gp1t8r5k_medium-res-1200px.jpg","keywords":["Ozeane","Biodiversit\u00e4t"],"articleSection":["Natur"],"inLanguage":"de-LU"},{"@type":"WebPage","@id":"https:\/\/www.greenpeace.org\/luxembourg\/de\/aktualitaet\/22794\/cop16-biodiversitaetskonferenz-unsere-5-forderungen-zum-erhalt-der-artenvielfalt\/","url":"https:\/\/www.greenpeace.org\/luxembourg\/de\/aktualitaet\/22794\/cop16-biodiversitaetskonferenz-unsere-5-forderungen-zum-erhalt-der-artenvielfalt\/","name":"UN-Biodiversit\u00e4tskonferenz COP16: 5 Forderungen f\u00fcr den Schutz der Artenvielfalt - Greenpeace Luxembourg","isPartOf":{"@id":"https:\/\/www.greenpeace.org\/luxembourg\/fr\/#website"},"primaryImageOfPage":{"@id":"https:\/\/www.greenpeace.org\/luxembourg\/de\/aktualitaet\/22794\/cop16-biodiversitaetskonferenz-unsere-5-forderungen-zum-erhalt-der-artenvielfalt\/#primaryimage"},"image":{"@id":"https:\/\/www.greenpeace.org\/luxembourg\/de\/aktualitaet\/22794\/cop16-biodiversitaetskonferenz-unsere-5-forderungen-zum-erhalt-der-artenvielfalt\/#primaryimage"},"thumbnailUrl":"https:\/\/www.greenpeace.org\/static\/planet4-luxembourg-stateless\/2024\/10\/039cde98-gp1t8r5k_medium-res-1200px.jpg","datePublished":"2024-10-17T06:18:00+00:00","dateModified":"2024-10-16T13:55:30+00:00","breadcrumb":{"@id":"https:\/\/www.greenpeace.org\/luxembourg\/de\/aktualitaet\/22794\/cop16-biodiversitaetskonferenz-unsere-5-forderungen-zum-erhalt-der-artenvielfalt\/#breadcrumb"},"inLanguage":"de-LU","potentialAction":[{"@type":"ReadAction","target":["https:\/\/www.greenpeace.org\/luxembourg\/de\/aktualitaet\/22794\/cop16-biodiversitaetskonferenz-unsere-5-forderungen-zum-erhalt-der-artenvielfalt\/"]}]},{"@type":"ImageObject","inLanguage":"de-LU","@id":"https:\/\/www.greenpeace.org\/luxembourg\/de\/aktualitaet\/22794\/cop16-biodiversitaetskonferenz-unsere-5-forderungen-zum-erhalt-der-artenvielfalt\/#primaryimage","url":"https:\/\/www.greenpeace.org\/static\/planet4-luxembourg-stateless\/2024\/10\/039cde98-gp1t8r5k_medium-res-1200px.jpg","contentUrl":"https:\/\/www.greenpeace.org\/static\/planet4-luxembourg-stateless\/2024\/10\/039cde98-gp1t8r5k_medium-res-1200px.jpg","width":1200,"height":800,"caption":"Greenpeace Canada activists drop a 46-foot tall banner inside Montreal\u2019s l\u2019Anneau structure, on the heels of the opening of the UN Biodiversity Conference (COP 15). L\u2019Anneau symbolizes the strong union between Montreal and visitors from around the world. Greenpeace is calling on state delegates visiting Montreal for COP15 to work together and secure an ambitious deal that protects nature and centres Indigenous rights. Des activistes de Greenpeace Canada ont install\u00e9 une banni\u00e8re de 46 pieds (14 m\u00e8tres) de haut au centre de l\u2019Anneau \u00e0 Montr\u00e9al, au lendemain de l\u2019ouverture de la Conf\u00e9rence des Nations Unies sur la biodiversit\u00e9 (COP 15). L\u2019Anneau symbolise la forte union entre Montr\u00e9al et les visiteurs du monde entier. Greenpeace appelle les d\u00e9l\u00e9gu\u00e9s des \u00c9tats qui visitent Montr\u00e9al pour la COP15 \u00e0 travailler ensemble en vue d\u2019obtenir un accord ambitieux qui prot\u00e8ge la nature et garantisse les droits des Peuples Autochtones."},{"@type":"BreadcrumbList","@id":"https:\/\/www.greenpeace.org\/luxembourg\/de\/aktualitaet\/22794\/cop16-biodiversitaetskonferenz-unsere-5-forderungen-zum-erhalt-der-artenvielfalt\/#breadcrumb","itemListElement":[{"@type":"ListItem","position":1,"name":"Home","item":"http:\/\/www.greenpeace.org\/luxembourg\/fr\/"},{"@type":"ListItem","position":2,"name":"UN-Biodiversit\u00e4tskonferenz COP16: 5 Forderungen f\u00fcr den Schutz der Artenvielfalt"}]},{"@type":"WebSite","@id":"https:\/\/www.greenpeace.org\/luxembourg\/fr\/#website","url":"https:\/\/www.greenpeace.org\/luxembourg\/fr\/","name":"Greenpeace Luxembourg","description":"Greenpeace existiert, weil unsere Erde eine Stimme braucht. Sie ben\u00f6tigt L\u00f6sungen. Ver\u00e4nderungen. Aktionen.","publisher":{"@id":"https:\/\/www.greenpeace.org\/luxembourg\/fr\/#organization"},"potentialAction":[{"@type":"SearchAction","target":{"@type":"EntryPoint","urlTemplate":"https:\/\/www.greenpeace.org\/luxembourg\/fr\/?s={search_term_string}"},"query-input":{"@type":"PropertyValueSpecification","valueRequired":true,"valueName":"search_term_string"}}],"inLanguage":"de-LU"},{"@type":"Organization","@id":"https:\/\/www.greenpeace.org\/luxembourg\/fr\/#organization","name":"Greenpeace Luxembourg","url":"https:\/\/www.greenpeace.org\/luxembourg\/fr\/","logo":{"@type":"ImageObject","inLanguage":"de-LU","@id":"https:\/\/www.greenpeace.org\/luxembourg\/fr\/#\/schema\/logo\/image\/","url":"https:\/\/www.greenpeace.org\/static\/planet4-luxembourg-stateless\/2026\/03\/3e367f94-greenpeace_logo_green_rgb.png","contentUrl":"https:\/\/www.greenpeace.org\/static\/planet4-luxembourg-stateless\/2026\/03\/3e367f94-greenpeace_logo_green_rgb.png","width":1080,"height":175,"caption":"Greenpeace Luxembourg"},"image":{"@id":"https:\/\/www.greenpeace.org\/luxembourg\/fr\/#\/schema\/logo\/image\/"},"sameAs":["https:\/\/www.facebook.com\/greenpeaceluxembourg","https:\/\/www.instagram.com\/greenpeacelux\/","https:\/\/www.linkedin.com\/company\/greenpeace-luxembourg\/","https:\/\/www.threads.com\/@greenpeacelux","https:\/\/bsky.app\/profile\/greenpeacelux.bsky.social","https:\/\/www.youtube.com\/@GreenpeaceLux","https:\/\/www.tiktok.com\/@greenpeace_lux"]},{"@type":"Person","@id":"https:\/\/www.greenpeace.org\/luxembourg\/fr\/#\/schema\/person\/3d0e81a859b59009fec36a8552ef76a7","name":"Esther Wildanger","url":"https:\/\/www.greenpeace.org\/luxembourg\/de\/author\/ewildang\/"}]}},"_links":{"self":[{"href":"https:\/\/www.greenpeace.org\/luxembourg\/de\/wp-json\/wp\/v2\/posts\/22794","targetHints":{"allow":["GET"]}}],"collection":[{"href":"https:\/\/www.greenpeace.org\/luxembourg\/de\/wp-json\/wp\/v2\/posts"}],"about":[{"href":"https:\/\/www.greenpeace.org\/luxembourg\/de\/wp-json\/wp\/v2\/types\/post"}],"author":[{"embeddable":true,"href":"https:\/\/www.greenpeace.org\/luxembourg\/de\/wp-json\/wp\/v2\/users\/25"}],"replies":[{"embeddable":true,"href":"https:\/\/www.greenpeace.org\/luxembourg\/de\/wp-json\/wp\/v2\/comments?post=22794"}],"version-history":[{"count":3,"href":"https:\/\/www.greenpeace.org\/luxembourg\/de\/wp-json\/wp\/v2\/posts\/22794\/revisions"}],"predecessor-version":[{"id":22812,"href":"https:\/\/www.greenpeace.org\/luxembourg\/de\/wp-json\/wp\/v2\/posts\/22794\/revisions\/22812"}],"wp:featuredmedia":[{"embeddable":true,"href":"https:\/\/www.greenpeace.org\/luxembourg\/de\/wp-json\/wp\/v2\/media\/22757"}],"wp:attachment":[{"href":"https:\/\/www.greenpeace.org\/luxembourg\/de\/wp-json\/wp\/v2\/media?parent=22794"}],"wp:term":[{"taxonomy":"category","embeddable":true,"href":"https:\/\/www.greenpeace.org\/luxembourg\/de\/wp-json\/wp\/v2\/categories?post=22794"},{"taxonomy":"post_tag","embeddable":true,"href":"https:\/\/www.greenpeace.org\/luxembourg\/de\/wp-json\/wp\/v2\/tags?post=22794"},{"taxonomy":"p4-page-type","embeddable":true,"href":"https:\/\/www.greenpeace.org\/luxembourg\/de\/wp-json\/wp\/v2\/p4-page-type?post=22794"}],"curies":[{"name":"wp","href":"https:\/\/api.w.org\/{rel}","templated":true}]}}