{"id":23362,"date":"2024-11-25T10:20:00","date_gmt":"2024-11-25T08:20:00","guid":{"rendered":"https:\/\/www.greenpeace.org\/luxembourg\/?p=23362"},"modified":"2024-11-25T16:33:07","modified_gmt":"2024-11-25T14:33:07","slug":"cop29-industriestaaten-entziehen-sich-der-verantwortung","status":"publish","type":"post","link":"https:\/\/www.greenpeace.org\/luxembourg\/de\/presseerklaerungen\/23362\/cop29-industriestaaten-entziehen-sich-der-verantwortung\/","title":{"rendered":"COP29: Industriestaaten entziehen sich der Verantwortung"},"content":{"rendered":"\n<p><em>Luxemburg<\/em>, 22. November 2024 \u2013<strong> In der Nacht von Samstag auf Sonntag hat die UN-Klimakonferenz (COP29) sich auf einen neuen Rahmen f\u00fcr die internationale Finanzierung von Klimaschutz und Anpassung an Klimafolgen im globalen S\u00fcden geeinigt: 300 Milliarden US-Dollar sollen j\u00e4hrlich investiert werden, eine l\u00e4cherlich geringe Summe angesichts des auf mehrere Billionen gesch\u00e4tzten Bedarfs. In Anbetracht des offensichtlichen Einflusses der \u00d6l- und Gaslobby auf die COP29, \u00fcberrascht es jedoch nicht, dass das Verursacherprinzip in dem Abkommen nicht erw\u00e4hnt und die Qualit\u00e4t der Finanzierung kaum beachtet wird. W\u00e4hrend die Zivilgesellschaft dazu aufrief, lieber g\u00e4nzlich auf ein Abkommen zu verzichten, als ein mangelndes \u00dcbereinkommen zu treffen, richtet sich der aktuelle Beschluss nach wie vor klar gegen die L\u00e4nder des S\u00fcdens.<\/strong><\/p>\n\n<p>Um sich ihrer Verantwortung zu entziehen und nicht mehr zur Finanzierung beizutragen, haben sich die Nordstaaten weitgehend auf nationale Budgeteinschr\u00e4nkungen berufen. F\u00fcr Xavier Turquin, Direktor bei Greenpeace Luxemburg, \u201e<em>nehmen die Regierungen des globalen Nordens eine neokoloniale Haltung ein. Indem sie sich weigern, die unangemessen hohe Gewinne der \u00d6l- und Gasunternehmen zur Kasse zu bitten, zeigen diese Regierungen eine klare Missachtung der Menschenrechte: Sie ziehen es vor, private Interessen zu wahren, auch wenn sie daf\u00fcr das Leben der Menschen im S\u00fcden gef\u00e4hrden<\/em>.\u201c<\/p>\n\n<p>Es ist nicht nur eine Sache der Solidarit\u00e4t: Wenn die L\u00e4nder des Nordens den L\u00e4ndern des S\u00fcdens nicht die n\u00f6tigen Mittel an die Hand geben, um gegen die globale Erw\u00e4rmung vorzugehen, steigen die gesamten Treibhausgasemissionen und damit auch die globale Temperatur, wodurch die gesamte Menschheit mehr und heftigeren Klimakatastrophen ausgesetzt wird. \u201e<em>Diese Haltung &#8211; die zu diesem f\u00fcr die L\u00e4nder des S\u00fcdens beleidigenden Text gef\u00fchrt hat &#8211; ist schlichtweg egoistisch und unverantwortlich und macht diese L\u00e4nder noch verwundbarer. Es ist jetzt mehr denn je notwendig, einen Paradigmenwechsel herbeizuf\u00fchren, indem die Finanzierung aus den gigantischen Gewinnen der fossilen Industrie flie\u00dfen muss, die in erster Linie f\u00fcr diese globale Krise verantwortlich ist<\/em>\u201c, schloss Xavier Turquin.&nbsp;<\/p>\n\n<p>Im Jahr 2022 beliefen sich die weltweiten Gewinne der fossilen Industrie auf 4 Billionen US-Dollar, w\u00e4hrend die Kosten der durch Klimakatastrophen verursachten weltweiten Sch\u00e4den 300 Milliarden US-Dollar betrugen. Mit einer Besteuerung von nur 7,5% dieser Gewinne h\u00e4tten die Regierungen die Rechnung f\u00fcr die Klimakatastrophen begleichen k\u00f6nnen, f\u00fcr die die \u00d6l- und Gaskonzerne verantwortlich sind. Greenpeace Luxemburg fordert die Regierungen daher dringend auf, internationale Fossil-Unternehmen zur Kasse zu bitten.<br><\/p>\n\n<p>Weiterhin wird Greenpeace die Diskussionen, im Vorfeld zur COP30 im n\u00e4chsten Jahr in Brasilien, aufmerksam verfolgen.<\/p>\n","protected":false},"excerpt":{"rendered":"<p>In der Nacht von Samstag auf Sonntag hat die UN-Klimakonferenz (COP29) sich auf einen neuen Rahmen f\u00fcr die internationale Finanzierung von Klimaschutz&#8230;<\/p>\n","protected":false},"author":25,"featured_media":23308,"comment_status":"closed","ping_status":"closed","sticky":false,"template":"","format":"standard","meta":{"ep_exclude_from_search":false,"p4_og_title":"","p4_og_description":"","p4_og_image":"","p4_og_image_id":"","p4_seo_canonical_url":"","p4_campaign_name":"","p4_local_project":"","p4_basket_name":"","p4_department":"","footnotes":""},"categories":[24,48],"tags":[63,65],"p4-page-type":[69],"class_list":["post-23362","post","type-post","status-publish","format-standard","has-post-thumbnail","hentry","category-greenpeace","category-klima","tag-fossileenergien","tag-klimawandel","p4-page-type-presseerklaerungen"],"yoast_head":"<!-- This site is optimized with the Yoast SEO Premium plugin v23.9 (Yoast SEO v23.9) - https:\/\/yoast.com\/wordpress\/plugins\/seo\/ -->\n<title>COP29: Industriestaaten entziehen sich der Verantwortung - Greenpeace Luxembourg<\/title>\n<meta name=\"robots\" content=\"index, follow, max-snippet:-1, max-image-preview:large, max-video-preview:-1\" \/>\n<link rel=\"canonical\" href=\"https:\/\/www.greenpeace.org\/luxembourg\/de\/presseerklaerungen\/23362\/cop29-industriestaaten-entziehen-sich-der-verantwortung\/\" \/>\n<meta property=\"og:locale\" content=\"de_DE\" \/>\n<meta property=\"og:type\" content=\"article\" \/>\n<meta property=\"og:title\" content=\"COP29: Industriestaaten entziehen sich der Verantwortung\" \/>\n<meta property=\"og:description\" content=\"In der Nacht von Samstag auf Sonntag hat die UN-Klimakonferenz (COP29) sich auf einen neuen Rahmen f\u00fcr die internationale Finanzierung von Klimaschutz...\" \/>\n<meta property=\"og:url\" content=\"https:\/\/www.greenpeace.org\/luxembourg\/de\/presseerklaerungen\/23362\/cop29-industriestaaten-entziehen-sich-der-verantwortung\/\" \/>\n<meta property=\"og:site_name\" content=\"Greenpeace Luxembourg\" \/>\n<meta property=\"article:publisher\" content=\"https:\/\/www.facebook.com\/greenpeaceluxembourg\" \/>\n<meta property=\"article:published_time\" content=\"2024-11-25T08:20:00+00:00\" \/>\n<meta property=\"article:modified_time\" content=\"2024-11-25T14:33:07+00:00\" \/>\n<meta property=\"og:image\" content=\"https:\/\/www.greenpeace.org\/static\/planet4-luxembourg-stateless\/2024\/11\/2793acd8-gp0su3jhw_medium-res-1200px.jpg\" \/>\n\t<meta property=\"og:image:width\" content=\"1200\" \/>\n\t<meta property=\"og:image:height\" content=\"762\" \/>\n\t<meta property=\"og:image:type\" content=\"image\/jpeg\" \/>\n<meta name=\"author\" content=\"Esther Wildanger\" \/>\n<meta name=\"twitter:card\" content=\"summary_large_image\" \/>\n<meta name=\"twitter:label1\" content=\"Written by\" \/>\n\t<meta name=\"twitter:data1\" content=\"Esther Wildanger\" \/>\n\t<meta name=\"twitter:label2\" content=\"Est. reading time\" \/>\n\t<meta name=\"twitter:data2\" content=\"2 minutes\" \/>\n<script type=\"application\/ld+json\" class=\"yoast-schema-graph\">{\"@context\":\"https:\/\/schema.org\",\"@graph\":[{\"@type\":\"Article\",\"@id\":\"https:\/\/www.greenpeace.org\/luxembourg\/de\/presseerklaerungen\/23362\/cop29-industriestaaten-entziehen-sich-der-verantwortung\/#article\",\"isPartOf\":{\"@id\":\"https:\/\/www.greenpeace.org\/luxembourg\/de\/presseerklaerungen\/23362\/cop29-industriestaaten-entziehen-sich-der-verantwortung\/\"},\"author\":{\"name\":\"Esther Wildanger\",\"@id\":\"https:\/\/www.greenpeace.org\/luxembourg\/fr\/#\/schema\/person\/3d0e81a859b59009fec36a8552ef76a7\"},\"headline\":\"COP29: Industriestaaten entziehen sich der Verantwortung\",\"datePublished\":\"2024-11-25T08:20:00+00:00\",\"dateModified\":\"2024-11-25T14:33:07+00:00\",\"mainEntityOfPage\":{\"@id\":\"https:\/\/www.greenpeace.org\/luxembourg\/de\/presseerklaerungen\/23362\/cop29-industriestaaten-entziehen-sich-der-verantwortung\/\"},\"wordCount\":431,\"publisher\":{\"@id\":\"https:\/\/www.greenpeace.org\/luxembourg\/fr\/#organization\"},\"image\":{\"@id\":\"https:\/\/www.greenpeace.org\/luxembourg\/de\/presseerklaerungen\/23362\/cop29-industriestaaten-entziehen-sich-der-verantwortung\/#primaryimage\"},\"thumbnailUrl\":\"https:\/\/www.greenpeace.org\/static\/planet4-luxembourg-stateless\/2024\/11\/2793acd8-gp0su3jhw_medium-res-1200px.jpg\",\"keywords\":[\"FossileEnergien\",\"Klimawandel\"],\"articleSection\":[\"Greenpeace\",\"Klima\"],\"inLanguage\":\"de-LU\"},{\"@type\":\"WebPage\",\"@id\":\"https:\/\/www.greenpeace.org\/luxembourg\/de\/presseerklaerungen\/23362\/cop29-industriestaaten-entziehen-sich-der-verantwortung\/\",\"url\":\"https:\/\/www.greenpeace.org\/luxembourg\/de\/presseerklaerungen\/23362\/cop29-industriestaaten-entziehen-sich-der-verantwortung\/\",\"name\":\"COP29: Industriestaaten entziehen sich der Verantwortung - Greenpeace Luxembourg\",\"isPartOf\":{\"@id\":\"https:\/\/www.greenpeace.org\/luxembourg\/fr\/#website\"},\"primaryImageOfPage\":{\"@id\":\"https:\/\/www.greenpeace.org\/luxembourg\/de\/presseerklaerungen\/23362\/cop29-industriestaaten-entziehen-sich-der-verantwortung\/#primaryimage\"},\"image\":{\"@id\":\"https:\/\/www.greenpeace.org\/luxembourg\/de\/presseerklaerungen\/23362\/cop29-industriestaaten-entziehen-sich-der-verantwortung\/#primaryimage\"},\"thumbnailUrl\":\"https:\/\/www.greenpeace.org\/static\/planet4-luxembourg-stateless\/2024\/11\/2793acd8-gp0su3jhw_medium-res-1200px.jpg\",\"datePublished\":\"2024-11-25T08:20:00+00:00\",\"dateModified\":\"2024-11-25T14:33:07+00:00\",\"breadcrumb\":{\"@id\":\"https:\/\/www.greenpeace.org\/luxembourg\/de\/presseerklaerungen\/23362\/cop29-industriestaaten-entziehen-sich-der-verantwortung\/#breadcrumb\"},\"inLanguage\":\"de-LU\",\"potentialAction\":[{\"@type\":\"ReadAction\",\"target\":[\"https:\/\/www.greenpeace.org\/luxembourg\/de\/presseerklaerungen\/23362\/cop29-industriestaaten-entziehen-sich-der-verantwortung\/\"]}]},{\"@type\":\"ImageObject\",\"inLanguage\":\"de-LU\",\"@id\":\"https:\/\/www.greenpeace.org\/luxembourg\/de\/presseerklaerungen\/23362\/cop29-industriestaaten-entziehen-sich-der-verantwortung\/#primaryimage\",\"url\":\"https:\/\/www.greenpeace.org\/static\/planet4-luxembourg-stateless\/2024\/11\/2793acd8-gp0su3jhw_medium-res-1200px.jpg\",\"contentUrl\":\"https:\/\/www.greenpeace.org\/static\/planet4-luxembourg-stateless\/2024\/11\/2793acd8-gp0su3jhw_medium-res-1200px.jpg\",\"width\":1200,\"height\":762,\"caption\":\"The 29th UN Climate Conference, COP29, takes place in Baku, Azerbaijan, from 11 to 22 November 2024. Greenpeace is at the COP to hold governments to account to make fossil fuel polluters pay for the climate crisis they have created, and put fossil fuel phase out plans at the heart of national climate action.\"},{\"@type\":\"BreadcrumbList\",\"@id\":\"https:\/\/www.greenpeace.org\/luxembourg\/de\/presseerklaerungen\/23362\/cop29-industriestaaten-entziehen-sich-der-verantwortung\/#breadcrumb\",\"itemListElement\":[{\"@type\":\"ListItem\",\"position\":1,\"name\":\"Home\",\"item\":\"http:\/\/www.greenpeace.org\/luxembourg\/fr\/\"},{\"@type\":\"ListItem\",\"position\":2,\"name\":\"COP29: Industriestaaten entziehen sich der Verantwortung\"}]},{\"@type\":\"WebSite\",\"@id\":\"https:\/\/www.greenpeace.org\/luxembourg\/fr\/#website\",\"url\":\"https:\/\/www.greenpeace.org\/luxembourg\/fr\/\",\"name\":\"Greenpeace Luxembourg\",\"description\":\"Greenpeace existiert, weil unsere Erde eine Stimme braucht. Sie ben\u00f6tigt L\u00f6sungen. Ver\u00e4nderungen. Aktionen.\",\"publisher\":{\"@id\":\"https:\/\/www.greenpeace.org\/luxembourg\/fr\/#organization\"},\"potentialAction\":[{\"@type\":\"SearchAction\",\"target\":{\"@type\":\"EntryPoint\",\"urlTemplate\":\"https:\/\/www.greenpeace.org\/luxembourg\/fr\/?s={search_term_string}\"},\"query-input\":{\"@type\":\"PropertyValueSpecification\",\"valueRequired\":true,\"valueName\":\"search_term_string\"}}],\"inLanguage\":\"de-LU\"},{\"@type\":\"Organization\",\"@id\":\"https:\/\/www.greenpeace.org\/luxembourg\/fr\/#organization\",\"name\":\"Greenpeace Luxembourg\",\"url\":\"https:\/\/www.greenpeace.org\/luxembourg\/fr\/\",\"logo\":{\"@type\":\"ImageObject\",\"inLanguage\":\"de-LU\",\"@id\":\"https:\/\/www.greenpeace.org\/luxembourg\/fr\/#\/schema\/logo\/image\/\",\"url\":\"https:\/\/www.greenpeace.org\/static\/planet4-luxembourg-stateless\/2026\/03\/3e367f94-greenpeace_logo_green_rgb.png\",\"contentUrl\":\"https:\/\/www.greenpeace.org\/static\/planet4-luxembourg-stateless\/2026\/03\/3e367f94-greenpeace_logo_green_rgb.png\",\"width\":1080,\"height\":175,\"caption\":\"Greenpeace Luxembourg\"},\"image\":{\"@id\":\"https:\/\/www.greenpeace.org\/luxembourg\/fr\/#\/schema\/logo\/image\/\"},\"sameAs\":[\"https:\/\/www.facebook.com\/greenpeaceluxembourg\",\"https:\/\/www.instagram.com\/greenpeacelux\/\",\"https:\/\/www.linkedin.com\/company\/greenpeace-luxembourg\/\",\"https:\/\/www.threads.com\/@greenpeacelux\",\"https:\/\/bsky.app\/profile\/greenpeacelux.bsky.social\",\"https:\/\/www.youtube.com\/@GreenpeaceLux\",\"https:\/\/www.tiktok.com\/@greenpeace_lux\"]},{\"@type\":\"Person\",\"@id\":\"https:\/\/www.greenpeace.org\/luxembourg\/fr\/#\/schema\/person\/3d0e81a859b59009fec36a8552ef76a7\",\"name\":\"Esther Wildanger\",\"url\":\"https:\/\/www.greenpeace.org\/luxembourg\/de\/author\/ewildang\/\"}]}<\/script>\n<!-- \/ Yoast SEO Premium plugin. -->","yoast_head_json":{"title":"COP29: Industriestaaten entziehen sich der Verantwortung - Greenpeace Luxembourg","robots":{"index":"index","follow":"follow","max-snippet":"max-snippet:-1","max-image-preview":"max-image-preview:large","max-video-preview":"max-video-preview:-1"},"canonical":"https:\/\/www.greenpeace.org\/luxembourg\/de\/presseerklaerungen\/23362\/cop29-industriestaaten-entziehen-sich-der-verantwortung\/","og_locale":"de_DE","og_type":"article","og_title":"COP29: Industriestaaten entziehen sich der Verantwortung","og_description":"In der Nacht von Samstag auf Sonntag hat die UN-Klimakonferenz (COP29) sich auf einen neuen Rahmen f\u00fcr die internationale Finanzierung von Klimaschutz...","og_url":"https:\/\/www.greenpeace.org\/luxembourg\/de\/presseerklaerungen\/23362\/cop29-industriestaaten-entziehen-sich-der-verantwortung\/","og_site_name":"Greenpeace Luxembourg","article_publisher":"https:\/\/www.facebook.com\/greenpeaceluxembourg","article_published_time":"2024-11-25T08:20:00+00:00","article_modified_time":"2024-11-25T14:33:07+00:00","og_image":[{"width":1200,"height":762,"url":"https:\/\/www.greenpeace.org\/static\/planet4-luxembourg-stateless\/2024\/11\/2793acd8-gp0su3jhw_medium-res-1200px.jpg","type":"image\/jpeg"}],"author":"Esther Wildanger","twitter_card":"summary_large_image","twitter_misc":{"Written by":"Esther Wildanger","Est. reading time":"2 minutes"},"schema":{"@context":"https:\/\/schema.org","@graph":[{"@type":"Article","@id":"https:\/\/www.greenpeace.org\/luxembourg\/de\/presseerklaerungen\/23362\/cop29-industriestaaten-entziehen-sich-der-verantwortung\/#article","isPartOf":{"@id":"https:\/\/www.greenpeace.org\/luxembourg\/de\/presseerklaerungen\/23362\/cop29-industriestaaten-entziehen-sich-der-verantwortung\/"},"author":{"name":"Esther Wildanger","@id":"https:\/\/www.greenpeace.org\/luxembourg\/fr\/#\/schema\/person\/3d0e81a859b59009fec36a8552ef76a7"},"headline":"COP29: Industriestaaten entziehen sich der Verantwortung","datePublished":"2024-11-25T08:20:00+00:00","dateModified":"2024-11-25T14:33:07+00:00","mainEntityOfPage":{"@id":"https:\/\/www.greenpeace.org\/luxembourg\/de\/presseerklaerungen\/23362\/cop29-industriestaaten-entziehen-sich-der-verantwortung\/"},"wordCount":431,"publisher":{"@id":"https:\/\/www.greenpeace.org\/luxembourg\/fr\/#organization"},"image":{"@id":"https:\/\/www.greenpeace.org\/luxembourg\/de\/presseerklaerungen\/23362\/cop29-industriestaaten-entziehen-sich-der-verantwortung\/#primaryimage"},"thumbnailUrl":"https:\/\/www.greenpeace.org\/static\/planet4-luxembourg-stateless\/2024\/11\/2793acd8-gp0su3jhw_medium-res-1200px.jpg","keywords":["FossileEnergien","Klimawandel"],"articleSection":["Greenpeace","Klima"],"inLanguage":"de-LU"},{"@type":"WebPage","@id":"https:\/\/www.greenpeace.org\/luxembourg\/de\/presseerklaerungen\/23362\/cop29-industriestaaten-entziehen-sich-der-verantwortung\/","url":"https:\/\/www.greenpeace.org\/luxembourg\/de\/presseerklaerungen\/23362\/cop29-industriestaaten-entziehen-sich-der-verantwortung\/","name":"COP29: Industriestaaten entziehen sich der Verantwortung - Greenpeace Luxembourg","isPartOf":{"@id":"https:\/\/www.greenpeace.org\/luxembourg\/fr\/#website"},"primaryImageOfPage":{"@id":"https:\/\/www.greenpeace.org\/luxembourg\/de\/presseerklaerungen\/23362\/cop29-industriestaaten-entziehen-sich-der-verantwortung\/#primaryimage"},"image":{"@id":"https:\/\/www.greenpeace.org\/luxembourg\/de\/presseerklaerungen\/23362\/cop29-industriestaaten-entziehen-sich-der-verantwortung\/#primaryimage"},"thumbnailUrl":"https:\/\/www.greenpeace.org\/static\/planet4-luxembourg-stateless\/2024\/11\/2793acd8-gp0su3jhw_medium-res-1200px.jpg","datePublished":"2024-11-25T08:20:00+00:00","dateModified":"2024-11-25T14:33:07+00:00","breadcrumb":{"@id":"https:\/\/www.greenpeace.org\/luxembourg\/de\/presseerklaerungen\/23362\/cop29-industriestaaten-entziehen-sich-der-verantwortung\/#breadcrumb"},"inLanguage":"de-LU","potentialAction":[{"@type":"ReadAction","target":["https:\/\/www.greenpeace.org\/luxembourg\/de\/presseerklaerungen\/23362\/cop29-industriestaaten-entziehen-sich-der-verantwortung\/"]}]},{"@type":"ImageObject","inLanguage":"de-LU","@id":"https:\/\/www.greenpeace.org\/luxembourg\/de\/presseerklaerungen\/23362\/cop29-industriestaaten-entziehen-sich-der-verantwortung\/#primaryimage","url":"https:\/\/www.greenpeace.org\/static\/planet4-luxembourg-stateless\/2024\/11\/2793acd8-gp0su3jhw_medium-res-1200px.jpg","contentUrl":"https:\/\/www.greenpeace.org\/static\/planet4-luxembourg-stateless\/2024\/11\/2793acd8-gp0su3jhw_medium-res-1200px.jpg","width":1200,"height":762,"caption":"The 29th UN Climate Conference, COP29, takes place in Baku, Azerbaijan, from 11 to 22 November 2024. Greenpeace is at the COP to hold governments to account to make fossil fuel polluters pay for the climate crisis they have created, and put fossil fuel phase out plans at the heart of national climate action."},{"@type":"BreadcrumbList","@id":"https:\/\/www.greenpeace.org\/luxembourg\/de\/presseerklaerungen\/23362\/cop29-industriestaaten-entziehen-sich-der-verantwortung\/#breadcrumb","itemListElement":[{"@type":"ListItem","position":1,"name":"Home","item":"http:\/\/www.greenpeace.org\/luxembourg\/fr\/"},{"@type":"ListItem","position":2,"name":"COP29: Industriestaaten entziehen sich der Verantwortung"}]},{"@type":"WebSite","@id":"https:\/\/www.greenpeace.org\/luxembourg\/fr\/#website","url":"https:\/\/www.greenpeace.org\/luxembourg\/fr\/","name":"Greenpeace Luxembourg","description":"Greenpeace existiert, weil unsere Erde eine Stimme braucht. Sie ben\u00f6tigt L\u00f6sungen. Ver\u00e4nderungen. Aktionen.","publisher":{"@id":"https:\/\/www.greenpeace.org\/luxembourg\/fr\/#organization"},"potentialAction":[{"@type":"SearchAction","target":{"@type":"EntryPoint","urlTemplate":"https:\/\/www.greenpeace.org\/luxembourg\/fr\/?s={search_term_string}"},"query-input":{"@type":"PropertyValueSpecification","valueRequired":true,"valueName":"search_term_string"}}],"inLanguage":"de-LU"},{"@type":"Organization","@id":"https:\/\/www.greenpeace.org\/luxembourg\/fr\/#organization","name":"Greenpeace Luxembourg","url":"https:\/\/www.greenpeace.org\/luxembourg\/fr\/","logo":{"@type":"ImageObject","inLanguage":"de-LU","@id":"https:\/\/www.greenpeace.org\/luxembourg\/fr\/#\/schema\/logo\/image\/","url":"https:\/\/www.greenpeace.org\/static\/planet4-luxembourg-stateless\/2026\/03\/3e367f94-greenpeace_logo_green_rgb.png","contentUrl":"https:\/\/www.greenpeace.org\/static\/planet4-luxembourg-stateless\/2026\/03\/3e367f94-greenpeace_logo_green_rgb.png","width":1080,"height":175,"caption":"Greenpeace Luxembourg"},"image":{"@id":"https:\/\/www.greenpeace.org\/luxembourg\/fr\/#\/schema\/logo\/image\/"},"sameAs":["https:\/\/www.facebook.com\/greenpeaceluxembourg","https:\/\/www.instagram.com\/greenpeacelux\/","https:\/\/www.linkedin.com\/company\/greenpeace-luxembourg\/","https:\/\/www.threads.com\/@greenpeacelux","https:\/\/bsky.app\/profile\/greenpeacelux.bsky.social","https:\/\/www.youtube.com\/@GreenpeaceLux","https:\/\/www.tiktok.com\/@greenpeace_lux"]},{"@type":"Person","@id":"https:\/\/www.greenpeace.org\/luxembourg\/fr\/#\/schema\/person\/3d0e81a859b59009fec36a8552ef76a7","name":"Esther Wildanger","url":"https:\/\/www.greenpeace.org\/luxembourg\/de\/author\/ewildang\/"}]}},"_links":{"self":[{"href":"https:\/\/www.greenpeace.org\/luxembourg\/de\/wp-json\/wp\/v2\/posts\/23362","targetHints":{"allow":["GET"]}}],"collection":[{"href":"https:\/\/www.greenpeace.org\/luxembourg\/de\/wp-json\/wp\/v2\/posts"}],"about":[{"href":"https:\/\/www.greenpeace.org\/luxembourg\/de\/wp-json\/wp\/v2\/types\/post"}],"author":[{"embeddable":true,"href":"https:\/\/www.greenpeace.org\/luxembourg\/de\/wp-json\/wp\/v2\/users\/25"}],"replies":[{"embeddable":true,"href":"https:\/\/www.greenpeace.org\/luxembourg\/de\/wp-json\/wp\/v2\/comments?post=23362"}],"version-history":[{"count":1,"href":"https:\/\/www.greenpeace.org\/luxembourg\/de\/wp-json\/wp\/v2\/posts\/23362\/revisions"}],"predecessor-version":[{"id":23373,"href":"https:\/\/www.greenpeace.org\/luxembourg\/de\/wp-json\/wp\/v2\/posts\/23362\/revisions\/23373"}],"wp:featuredmedia":[{"embeddable":true,"href":"https:\/\/www.greenpeace.org\/luxembourg\/de\/wp-json\/wp\/v2\/media\/23308"}],"wp:attachment":[{"href":"https:\/\/www.greenpeace.org\/luxembourg\/de\/wp-json\/wp\/v2\/media?parent=23362"}],"wp:term":[{"taxonomy":"category","embeddable":true,"href":"https:\/\/www.greenpeace.org\/luxembourg\/de\/wp-json\/wp\/v2\/categories?post=23362"},{"taxonomy":"post_tag","embeddable":true,"href":"https:\/\/www.greenpeace.org\/luxembourg\/de\/wp-json\/wp\/v2\/tags?post=23362"},{"taxonomy":"p4-page-type","embeddable":true,"href":"https:\/\/www.greenpeace.org\/luxembourg\/de\/wp-json\/wp\/v2\/p4-page-type?post=23362"}],"curies":[{"name":"wp","href":"https:\/\/api.w.org\/{rel}","templated":true}]}}