{"id":23681,"date":"2025-02-07T08:01:51","date_gmt":"2025-02-07T06:01:51","guid":{"rendered":"https:\/\/www.greenpeace.org\/luxembourg\/?p=23681"},"modified":"2025-02-07T08:01:54","modified_gmt":"2025-02-07T06:01:54","slug":"astm-fairtrade-letzebuerg-und-greenpeace-fordern-rasche-anerkennung-des-menschenrechts-auf-eine-saubere-gesunde-und-nachhaltige-umwelt","status":"publish","type":"post","link":"https:\/\/www.greenpeace.org\/luxembourg\/de\/presseerklaerungen\/23681\/astm-fairtrade-letzebuerg-und-greenpeace-fordern-rasche-anerkennung-des-menschenrechts-auf-eine-saubere-gesunde-und-nachhaltige-umwelt\/","title":{"rendered":"ASTM, Fairtrade L\u00ebtzebuerg und Greenpeace fordern rasche Anerkennung des Menschenrechts auf eine saubere, gesunde und nachhaltige Umwelt"},"content":{"rendered":"\n<p><em>Luxemburg<\/em>, 7. Februar 2025 &#8211; <strong>Anl\u00e4sslich der Luxemburger Pr\u00e4sidentschaft des Europarates appellieren ASTM, Fairtrade L\u00ebtzebuerg und Greenpeace an die Regierung, die notwendige politische F\u00fchrung zu \u00fcbernehmen und sich f\u00fcr die rasche Annahme eines rechtsverbindlichen Zusatzprotokolls zur Europ\u00e4ischen Menschenrechtskonvention zur Anerkennung des Menschenrechts auf eine saubere, gesunde und nachhaltige Umwelt einzusetzen. Die Organisationen, die Unterzeichner eines <\/strong><a href=\"https:\/\/healthyenvironmenteurope.com\"><strong>Appells von 450 Organisationen der Zivilgesellschaft, sozialen Bewegungen und Organisationen indigener V\u00f6lker sowie mehr als 200 Wissenschaftler:innen<\/strong><\/a><strong> [1] sind, bedauern, dass dieses dr\u00e4ngende Thema nicht zu den Priorit\u00e4ten der Luxemburger Pr\u00e4sidentschaft z\u00e4hlt, obwohl die Umweltkrise &#8211; einschlie\u00dflich des Klimawandels, des Verlusts der biologischen Vielfalt und der Umweltverschmutzung &#8211; die Menschenrechte in einem noch nie dagewesenen Ausma\u00df bedroht. [2]<\/strong><\/p>\n\n<p>ASTM, Fairtrade L\u00ebtzebuerg und Greenpeace beklagen den Ambitionsmangel der Regierung in dieser wichtigen Angelegenheit. So gibt es im <a href=\"https:\/\/mae.gouvernement.lu\/fr\/directions-du-ministere\/affaires-politiques\/presidence-luxembourgeoise-du-comite-des-ministres\/programme-calendrier.html\">Programm der Luxemburger Pr\u00e4sidentschaft<\/a> [3] mit Ausnahme einer Konferenz keinen Hinweis darauf, dass die Regierung den Schutz des Menschenrechts auf eine saubere, gesunde und nachhaltige Umwelt auf europ\u00e4ischer Ebene priorit\u00e4r vorantreiben will. Zu der besagten Konferenz, die am Freitag der kommenden Woche im Rahmen einer ganzt\u00e4tigen weitgehend unbekannten Veranstaltung in der Abbaye de Neum\u00fcnster stattfinden und sich mit der Rolle der nationalen Parlamente beim Schutz des Rechts auf eine gesunde Umwelt befassen wird, wurden keine Vertreter der Luxemburger Zivilgesellschaft zur Teilnahme an den verschiedenen Diskussionsrunden eingeladen.<\/p>\n\n<p><strong>Luxemburg nimmt seine Handlungsspielr\u00e4ume nicht wahr<\/strong><\/p>\n\n<p>Es w\u00e4re angesichts der dr\u00e4ngenden Herausforderungen eine wichtige Gelegenheit gewesen, dass Luxemburg eine Leaderrolle \u00fcbernommen und seine Pr\u00e4sidentschaft genutzt h\u00e4tte, um entscheidende Schritte in der Anerkennung dieses Rechts auf eine nachhaltige Umwelt zu gehen. Es ist bezeichnend f\u00fcr das Primat \u201cBusiness first\u201d, welches hierzulande immer mehr um sich greift, dass weder Vertreter:innen der Luxemburger Zivilgesellschaft noch von Menschenrechtsorganen eingeladen wurden, sondern nur ein Vertreter der Wirtschaft, um an den Diskussionsrunden teilzunehmen.<strong>&nbsp;<\/strong><\/p>\n\n<p>Die fehlende Anerkennung des Rechts auf eine gesunde Umwelt in der Europ\u00e4ischen Menschenrechtskonvention (EMRK) stellt eine erhebliche L\u00fccke dar. Die Anerkennung dieses Rechts durch die Annahme eines Zusatzprotokolls w\u00fcrde die Konvention mit ihren Grundprinzipien in Einklang bringen und ihre Wirksamkeit st\u00e4rken.&nbsp;<\/p>\n\n<p>Mit <a href=\"https:\/\/www.echr.coe.int\/documents\/d\/echr\/FS_Environment_ENG\">mehr als 300 umweltbezogenen F\u00e4llen <\/a>hat der Europ\u00e4ische Gerichtshof f\u00fcr Menschenrechte eindeutig Fachwissen an der Schnittstelle zwischen Menschenrechten und Umwelt entwickelt. Wie <a href=\"https:\/\/prd-echr.coe.int\/web\/echr\/w\/grand-chamber-rulings-in-the-climate-change-cases\">die j\u00fcngsten Urteile der Gro\u00dfen Kammer<\/a>, darunter auch das Urteil in der Klage des Vereins KlimaSeniorinnen Schweiz gegen den Schweizer Staat, zeigen, besteht kein Zweifel daran, dass sich der Gerichtshof weiterhin und in zunehmendem Ma\u00dfe mit den Auswirkungen der Umweltzerst\u00f6rung befassen wird. Da das Recht auf eine gesunde Umwelt jedoch nicht rechtlich anerkannt wird, bleibt die wachsende Rechtsprechung des Gerichtshofs in diesem Bereich auf eine Reihe anderer Rechte begr\u00fcndet, die nur indirekt und auf Ad-hoc-Basis entwickelt wurden. Ein Zusatzprotokoll w\u00fcrde sicherstellen, dass die Rechtsprechung des Gerichtshofs koh\u00e4rent und konsolidiert ist.<\/p>\n\n<p>Das Recht auf eine saubere, gesunde und nachhaltige Umwelt ist ein eigenst\u00e4ndiges Menschenrecht.&nbsp; Die Notwendigkeit eines verbindlichen Rechtsinstruments zu diesem Thema wird im Europarat bereits seit Jahrzehnten diskutiert. Zwar erkennt eine deutliche Mehrheit (42 von 46) der Mitgliedstaaten des Europarats das Recht auf eine gesunde Umwelt auf nationaler Ebene an, doch bestehen weiterhin Unterschiede, die auf einen ungleichen Schutz des Rechts auf regionaler Ebene hinweisen.<\/p>\n\n<p>Im Jahr 2022 haben alle 46 Mitgliedstaaten des Europarates, darunter auch Luxemburg, diese Tatsache in einer <a href=\"https:\/\/digitallibrary.un.org\/record\/3982508?ln=en&amp;v=pdf#files\">UN-Resolution<\/a> anerkannt. [4] Auf dem <a href=\"https:\/\/edoc.coe.int\/en\/the-council-of-europe-in-brief\/11619-united-around-our-values-reykjavik-declaration.html\">Gipfel von Reykjavik<\/a> im Jahr 2023 [5] versprachen die Staats- und Regierungschefs aller 46 Staaten, diese Arbeit im Europarat fortzusetzen. Doch der Europarat hinkt weiterhin bei der Anerkennung dieses Rechts hinterher: er ist das einzige internationale Menschenrechtssystems der Welt, das dieses Recht nicht rechtlich verbindlich anerkannt hat. In den regionalen Menschenrechtsgesetzgebungen Interamerikas und Afrikas ist das Recht bereits in vollem Umfang verwirklicht.<\/p>\n\n<hr class=\"wp-block-separator has-alpha-channel-opacity is-style-wide\"\/>\n\n<p><strong>Notizen:<\/strong><\/p>\n\n<p class=\"has-small-font-size\">[1] Call for the adoption of an additional Protocol to the European Convention on Human Rights on the right to a clean, healthy, and sustainable environment To the Ministers of Foreign Affairs and to the Permanent Representatives of the Member States of the Council of Europe <a href=\"https:\/\/healthyenvironmenteurope.com\">https:\/\/healthyenvironmenteurope.com<\/a>\u00a0<br>[2] Wir leben in einer Welt, die unter zunehmender Umweltzerst\u00f6rung leidet: Sch\u00e4tzungen zufolge sterben jedes Jahr <a href=\"https:\/\/www.who.int\/news-room\/fact-sheets\/detail\/household-air-pollution-and-health\">fast 7 Millionen Menschen auf der ganzen Welt <\/a>und mehr als 300.000 allein in Europa an den Folgen der Luftverschmutzung. Extreme \u00dcberschwemmungen, lang anhaltende Hitzewellen, Waldbr\u00e4nde und zunehmende D\u00fcrreperioden treten aufgrund des Klimawandels immer h\u00e4ufiger auf, und das weltweit f\u00fchrende Gremium von Wissenschaftler:innen hat gewarnt, dass <a href=\"https:\/\/report.ipcc.ch\/ar6syr\/pdf\/IPCC_AR6_SYR_SPM.pd\">im n\u00e4chsten Jahrzehnt<\/a> globale, koordinierte und dringende Ma\u00dfnahmen ergriffen werden m\u00fcssen, um noch katastrophalere Auswirkungen eines Temperaturanstiegs von 1,5\u00b0C oder mehr zu vermeiden. Ganze \u00d6kosysteme brechen zusammen, was sich auf die Ern\u00e4hrungssicherheit und den Zugang zu Wasser auswirkt, die Widerstandsf\u00e4higkeit von Gemeinschaften schw\u00e4cht und k\u00fcnftigen Generationen eine verarmte Welt hinterl\u00e4sst.\u00a0<br>[3] <a href=\"https:\/\/mae.gouvernement.lu\/fr\/directions-du-ministere\/affaires-politiques\/presidence-luxembourgeoise-du-comite-des-ministres\/programme-calendrier.html\">https:\/\/mae.gouvernement.lu\/fr\/directions-du-ministere\/affaires-politiques\/presidence-luxembourgeoise-du-comite-des-ministres\/programme-calendrier.html<\/a>\u00a0<br>[4] UN-Res\/76\/300: <a href=\"https:\/\/digitallibrary.un.org\/record\/3982508?ln=en&amp;v=pdf#files\">https:\/\/digitallibrary.un.org\/record\/3982508?ln=en&amp;v=pdf#files<\/a><br>[5] <a href=\"https:\/\/edoc.coe.int\/en\/the-council-of-europe-in-brief\/11619-united-around-our-values-reykjavik-declaration.html\">https:\/\/edoc.coe.int\/en\/the-council-of-europe-in-brief\/11619-united-around-our-values-reykjavik-declaration.html<\/a><\/p>\n","protected":false},"excerpt":{"rendered":"<p>Anl\u00e4sslich der Luxemburger Pr\u00e4sidentschaft des Europarates appellieren ASTM, Fairtrade L\u00ebtzebuerg und Greenpeace an die Regierung, die notwendige politische F\u00fchrung zu \u00fcbernehmen und sich f\u00fcr die\u2026<\/p>\n","protected":false},"author":25,"featured_media":23678,"comment_status":"closed","ping_status":"closed","sticky":false,"template":"","format":"standard","meta":{"ep_exclude_from_search":false,"p4_og_title":"","p4_og_description":"","p4_og_image":"","p4_og_image_id":"","p4_seo_canonical_url":"","p4_campaign_name":"","p4_local_project":"Climate Justice","p4_basket_name":"","p4_department":"","footnotes":""},"categories":[24],"tags":[98],"p4-page-type":[69],"class_list":["post-23681","post","type-post","status-publish","format-standard","has-post-thumbnail","hentry","category-greenpeace","tag-gerechtigkeit","p4-page-type-presseerklaerungen"],"yoast_head":"<!-- This site is optimized with the Yoast SEO Premium plugin v23.9 (Yoast SEO v23.9) - https:\/\/yoast.com\/wordpress\/plugins\/seo\/ -->\n<title>ASTM, Fairtrade L\u00ebtzebuerg und Greenpeace fordern rasche Anerkennung des Menschenrechts auf eine saubere, gesunde und nachhaltige Umwelt - Greenpeace Luxembourg<\/title>\n<meta name=\"robots\" content=\"index, follow, max-snippet:-1, max-image-preview:large, max-video-preview:-1\" \/>\n<link rel=\"canonical\" href=\"https:\/\/www.greenpeace.org\/luxembourg\/de\/presseerklaerungen\/23681\/astm-fairtrade-letzebuerg-und-greenpeace-fordern-rasche-anerkennung-des-menschenrechts-auf-eine-saubere-gesunde-und-nachhaltige-umwelt\/\" \/>\n<meta property=\"og:locale\" content=\"de_DE\" \/>\n<meta property=\"og:type\" content=\"article\" \/>\n<meta property=\"og:title\" content=\"ASTM, Fairtrade L\u00ebtzebuerg und Greenpeace fordern rasche Anerkennung des Menschenrechts auf eine saubere, gesunde und nachhaltige Umwelt\" \/>\n<meta property=\"og:description\" content=\"Anl\u00e4sslich der Luxemburger Pr\u00e4sidentschaft des Europarates appellieren ASTM, Fairtrade L\u00ebtzebuerg und Greenpeace an die Regierung, die notwendige politische F\u00fchrung zu \u00fcbernehmen und sich f\u00fcr die\u2026\" \/>\n<meta property=\"og:url\" content=\"https:\/\/www.greenpeace.org\/luxembourg\/de\/presseerklaerungen\/23681\/astm-fairtrade-letzebuerg-und-greenpeace-fordern-rasche-anerkennung-des-menschenrechts-auf-eine-saubere-gesunde-und-nachhaltige-umwelt\/\" \/>\n<meta property=\"og:site_name\" content=\"Greenpeace Luxembourg\" \/>\n<meta property=\"article:publisher\" content=\"https:\/\/www.facebook.com\/greenpeaceluxembourg\" \/>\n<meta property=\"article:published_time\" content=\"2025-02-07T06:01:51+00:00\" \/>\n<meta property=\"article:modified_time\" content=\"2025-02-07T06:01:54+00:00\" \/>\n<meta property=\"og:image\" content=\"https:\/\/www.greenpeace.org\/static\/planet4-luxembourg-stateless\/2025\/02\/50be14f2-gp1sx8cp_medium-res-1200px.jpg\" \/>\n\t<meta property=\"og:image:width\" content=\"1200\" \/>\n\t<meta property=\"og:image:height\" content=\"800\" \/>\n\t<meta property=\"og:image:type\" content=\"image\/jpeg\" \/>\n<meta name=\"author\" content=\"Esther Wildanger\" \/>\n<meta name=\"twitter:card\" content=\"summary_large_image\" \/>\n<meta name=\"twitter:label1\" content=\"Written by\" \/>\n\t<meta name=\"twitter:data1\" content=\"Esther Wildanger\" \/>\n\t<meta name=\"twitter:label2\" content=\"Est. reading time\" \/>\n\t<meta name=\"twitter:data2\" content=\"4 minutes\" \/>\n<script type=\"application\/ld+json\" class=\"yoast-schema-graph\">{\"@context\":\"https:\/\/schema.org\",\"@graph\":[{\"@type\":\"Article\",\"@id\":\"https:\/\/www.greenpeace.org\/luxembourg\/de\/presseerklaerungen\/23681\/astm-fairtrade-letzebuerg-und-greenpeace-fordern-rasche-anerkennung-des-menschenrechts-auf-eine-saubere-gesunde-und-nachhaltige-umwelt\/#article\",\"isPartOf\":{\"@id\":\"https:\/\/www.greenpeace.org\/luxembourg\/de\/presseerklaerungen\/23681\/astm-fairtrade-letzebuerg-und-greenpeace-fordern-rasche-anerkennung-des-menschenrechts-auf-eine-saubere-gesunde-und-nachhaltige-umwelt\/\"},\"author\":{\"name\":\"Esther Wildanger\",\"@id\":\"https:\/\/www.greenpeace.org\/luxembourg\/fr\/#\/schema\/person\/3d0e81a859b59009fec36a8552ef76a7\"},\"headline\":\"ASTM, Fairtrade L\u00ebtzebuerg und Greenpeace fordern rasche Anerkennung des Menschenrechts auf eine saubere, gesunde und nachhaltige Umwelt\",\"datePublished\":\"2025-02-07T06:01:51+00:00\",\"dateModified\":\"2025-02-07T06:01:54+00:00\",\"mainEntityOfPage\":{\"@id\":\"https:\/\/www.greenpeace.org\/luxembourg\/de\/presseerklaerungen\/23681\/astm-fairtrade-letzebuerg-und-greenpeace-fordern-rasche-anerkennung-des-menschenrechts-auf-eine-saubere-gesunde-und-nachhaltige-umwelt\/\"},\"wordCount\":845,\"publisher\":{\"@id\":\"https:\/\/www.greenpeace.org\/luxembourg\/fr\/#organization\"},\"image\":{\"@id\":\"https:\/\/www.greenpeace.org\/luxembourg\/de\/presseerklaerungen\/23681\/astm-fairtrade-letzebuerg-und-greenpeace-fordern-rasche-anerkennung-des-menschenrechts-auf-eine-saubere-gesunde-und-nachhaltige-umwelt\/#primaryimage\"},\"thumbnailUrl\":\"https:\/\/www.greenpeace.org\/static\/planet4-luxembourg-stateless\/2025\/02\/50be14f2-gp1sx8cp_medium-res-1200px.jpg\",\"keywords\":[\"Gerechtigkeit\"],\"articleSection\":[\"Greenpeace\"],\"inLanguage\":\"de-LU\"},{\"@type\":\"WebPage\",\"@id\":\"https:\/\/www.greenpeace.org\/luxembourg\/de\/presseerklaerungen\/23681\/astm-fairtrade-letzebuerg-und-greenpeace-fordern-rasche-anerkennung-des-menschenrechts-auf-eine-saubere-gesunde-und-nachhaltige-umwelt\/\",\"url\":\"https:\/\/www.greenpeace.org\/luxembourg\/de\/presseerklaerungen\/23681\/astm-fairtrade-letzebuerg-und-greenpeace-fordern-rasche-anerkennung-des-menschenrechts-auf-eine-saubere-gesunde-und-nachhaltige-umwelt\/\",\"name\":\"ASTM, Fairtrade L\u00ebtzebuerg und Greenpeace fordern rasche Anerkennung des Menschenrechts auf eine saubere, gesunde und nachhaltige Umwelt - Greenpeace Luxembourg\",\"isPartOf\":{\"@id\":\"https:\/\/www.greenpeace.org\/luxembourg\/fr\/#website\"},\"primaryImageOfPage\":{\"@id\":\"https:\/\/www.greenpeace.org\/luxembourg\/de\/presseerklaerungen\/23681\/astm-fairtrade-letzebuerg-und-greenpeace-fordern-rasche-anerkennung-des-menschenrechts-auf-eine-saubere-gesunde-und-nachhaltige-umwelt\/#primaryimage\"},\"image\":{\"@id\":\"https:\/\/www.greenpeace.org\/luxembourg\/de\/presseerklaerungen\/23681\/astm-fairtrade-letzebuerg-und-greenpeace-fordern-rasche-anerkennung-des-menschenrechts-auf-eine-saubere-gesunde-und-nachhaltige-umwelt\/#primaryimage\"},\"thumbnailUrl\":\"https:\/\/www.greenpeace.org\/static\/planet4-luxembourg-stateless\/2025\/02\/50be14f2-gp1sx8cp_medium-res-1200px.jpg\",\"datePublished\":\"2025-02-07T06:01:51+00:00\",\"dateModified\":\"2025-02-07T06:01:54+00:00\",\"breadcrumb\":{\"@id\":\"https:\/\/www.greenpeace.org\/luxembourg\/de\/presseerklaerungen\/23681\/astm-fairtrade-letzebuerg-und-greenpeace-fordern-rasche-anerkennung-des-menschenrechts-auf-eine-saubere-gesunde-und-nachhaltige-umwelt\/#breadcrumb\"},\"inLanguage\":\"de-LU\",\"potentialAction\":[{\"@type\":\"ReadAction\",\"target\":[\"https:\/\/www.greenpeace.org\/luxembourg\/de\/presseerklaerungen\/23681\/astm-fairtrade-letzebuerg-und-greenpeace-fordern-rasche-anerkennung-des-menschenrechts-auf-eine-saubere-gesunde-und-nachhaltige-umwelt\/\"]}]},{\"@type\":\"ImageObject\",\"inLanguage\":\"de-LU\",\"@id\":\"https:\/\/www.greenpeace.org\/luxembourg\/de\/presseerklaerungen\/23681\/astm-fairtrade-letzebuerg-und-greenpeace-fordern-rasche-anerkennung-des-menschenrechts-auf-eine-saubere-gesunde-und-nachhaltige-umwelt\/#primaryimage\",\"url\":\"https:\/\/www.greenpeace.org\/static\/planet4-luxembourg-stateless\/2025\/02\/50be14f2-gp1sx8cp_medium-res-1200px.jpg\",\"contentUrl\":\"https:\/\/www.greenpeace.org\/static\/planet4-luxembourg-stateless\/2025\/02\/50be14f2-gp1sx8cp_medium-res-1200px.jpg\",\"width\":1200,\"height\":800,\"caption\":\"Youth For Climate Luxembourg (Y4C), along with Greenpeace Luxembourg and hundreds of people, took to the streets of Luxembourg calling upon the government to choose \u201cPeople\u201d over \u201cprofit\u201d: the massive financial sector of Luxembourg must phase out fossil-fuel investments in order to protect the climate and human rights all around the world!\"},{\"@type\":\"BreadcrumbList\",\"@id\":\"https:\/\/www.greenpeace.org\/luxembourg\/de\/presseerklaerungen\/23681\/astm-fairtrade-letzebuerg-und-greenpeace-fordern-rasche-anerkennung-des-menschenrechts-auf-eine-saubere-gesunde-und-nachhaltige-umwelt\/#breadcrumb\",\"itemListElement\":[{\"@type\":\"ListItem\",\"position\":1,\"name\":\"Home\",\"item\":\"http:\/\/www.greenpeace.org\/luxembourg\/fr\/\"},{\"@type\":\"ListItem\",\"position\":2,\"name\":\"ASTM, Fairtrade L\u00ebtzebuerg und Greenpeace fordern rasche Anerkennung des Menschenrechts auf eine saubere, gesunde und nachhaltige Umwelt\"}]},{\"@type\":\"WebSite\",\"@id\":\"https:\/\/www.greenpeace.org\/luxembourg\/fr\/#website\",\"url\":\"https:\/\/www.greenpeace.org\/luxembourg\/fr\/\",\"name\":\"Greenpeace Luxembourg\",\"description\":\"Greenpeace existiert, weil unsere Erde eine Stimme braucht. Sie ben\u00f6tigt L\u00f6sungen. Ver\u00e4nderungen. Aktionen.\",\"publisher\":{\"@id\":\"https:\/\/www.greenpeace.org\/luxembourg\/fr\/#organization\"},\"potentialAction\":[{\"@type\":\"SearchAction\",\"target\":{\"@type\":\"EntryPoint\",\"urlTemplate\":\"https:\/\/www.greenpeace.org\/luxembourg\/fr\/?s={search_term_string}\"},\"query-input\":{\"@type\":\"PropertyValueSpecification\",\"valueRequired\":true,\"valueName\":\"search_term_string\"}}],\"inLanguage\":\"de-LU\"},{\"@type\":\"Organization\",\"@id\":\"https:\/\/www.greenpeace.org\/luxembourg\/fr\/#organization\",\"name\":\"Greenpeace Luxembourg\",\"url\":\"https:\/\/www.greenpeace.org\/luxembourg\/fr\/\",\"logo\":{\"@type\":\"ImageObject\",\"inLanguage\":\"de-LU\",\"@id\":\"https:\/\/www.greenpeace.org\/luxembourg\/fr\/#\/schema\/logo\/image\/\",\"url\":\"https:\/\/www.greenpeace.org\/static\/planet4-luxembourg-stateless\/2026\/03\/3e367f94-greenpeace_logo_green_rgb.png\",\"contentUrl\":\"https:\/\/www.greenpeace.org\/static\/planet4-luxembourg-stateless\/2026\/03\/3e367f94-greenpeace_logo_green_rgb.png\",\"width\":1080,\"height\":175,\"caption\":\"Greenpeace Luxembourg\"},\"image\":{\"@id\":\"https:\/\/www.greenpeace.org\/luxembourg\/fr\/#\/schema\/logo\/image\/\"},\"sameAs\":[\"https:\/\/www.facebook.com\/greenpeaceluxembourg\",\"https:\/\/www.instagram.com\/greenpeacelux\/\",\"https:\/\/www.linkedin.com\/company\/greenpeace-luxembourg\/\",\"https:\/\/www.threads.com\/@greenpeacelux\",\"https:\/\/bsky.app\/profile\/greenpeacelux.bsky.social\",\"https:\/\/www.youtube.com\/@GreenpeaceLux\",\"https:\/\/www.tiktok.com\/@greenpeace_lux\"]},{\"@type\":\"Person\",\"@id\":\"https:\/\/www.greenpeace.org\/luxembourg\/fr\/#\/schema\/person\/3d0e81a859b59009fec36a8552ef76a7\",\"name\":\"Esther Wildanger\",\"url\":\"https:\/\/www.greenpeace.org\/luxembourg\/de\/author\/ewildang\/\"}]}<\/script>\n<!-- \/ Yoast SEO Premium plugin. -->","yoast_head_json":{"title":"ASTM, Fairtrade L\u00ebtzebuerg und Greenpeace fordern rasche Anerkennung des Menschenrechts auf eine saubere, gesunde und nachhaltige Umwelt - Greenpeace Luxembourg","robots":{"index":"index","follow":"follow","max-snippet":"max-snippet:-1","max-image-preview":"max-image-preview:large","max-video-preview":"max-video-preview:-1"},"canonical":"https:\/\/www.greenpeace.org\/luxembourg\/de\/presseerklaerungen\/23681\/astm-fairtrade-letzebuerg-und-greenpeace-fordern-rasche-anerkennung-des-menschenrechts-auf-eine-saubere-gesunde-und-nachhaltige-umwelt\/","og_locale":"de_DE","og_type":"article","og_title":"ASTM, Fairtrade L\u00ebtzebuerg und Greenpeace fordern rasche Anerkennung des Menschenrechts auf eine saubere, gesunde und nachhaltige Umwelt","og_description":"Anl\u00e4sslich der Luxemburger Pr\u00e4sidentschaft des Europarates appellieren ASTM, Fairtrade L\u00ebtzebuerg und Greenpeace an die Regierung, die notwendige politische F\u00fchrung zu \u00fcbernehmen und sich f\u00fcr die\u2026","og_url":"https:\/\/www.greenpeace.org\/luxembourg\/de\/presseerklaerungen\/23681\/astm-fairtrade-letzebuerg-und-greenpeace-fordern-rasche-anerkennung-des-menschenrechts-auf-eine-saubere-gesunde-und-nachhaltige-umwelt\/","og_site_name":"Greenpeace Luxembourg","article_publisher":"https:\/\/www.facebook.com\/greenpeaceluxembourg","article_published_time":"2025-02-07T06:01:51+00:00","article_modified_time":"2025-02-07T06:01:54+00:00","og_image":[{"width":1200,"height":800,"url":"https:\/\/www.greenpeace.org\/static\/planet4-luxembourg-stateless\/2025\/02\/50be14f2-gp1sx8cp_medium-res-1200px.jpg","type":"image\/jpeg"}],"author":"Esther Wildanger","twitter_card":"summary_large_image","twitter_misc":{"Written by":"Esther Wildanger","Est. reading time":"4 minutes"},"schema":{"@context":"https:\/\/schema.org","@graph":[{"@type":"Article","@id":"https:\/\/www.greenpeace.org\/luxembourg\/de\/presseerklaerungen\/23681\/astm-fairtrade-letzebuerg-und-greenpeace-fordern-rasche-anerkennung-des-menschenrechts-auf-eine-saubere-gesunde-und-nachhaltige-umwelt\/#article","isPartOf":{"@id":"https:\/\/www.greenpeace.org\/luxembourg\/de\/presseerklaerungen\/23681\/astm-fairtrade-letzebuerg-und-greenpeace-fordern-rasche-anerkennung-des-menschenrechts-auf-eine-saubere-gesunde-und-nachhaltige-umwelt\/"},"author":{"name":"Esther Wildanger","@id":"https:\/\/www.greenpeace.org\/luxembourg\/fr\/#\/schema\/person\/3d0e81a859b59009fec36a8552ef76a7"},"headline":"ASTM, Fairtrade L\u00ebtzebuerg und Greenpeace fordern rasche Anerkennung des Menschenrechts auf eine saubere, gesunde und nachhaltige Umwelt","datePublished":"2025-02-07T06:01:51+00:00","dateModified":"2025-02-07T06:01:54+00:00","mainEntityOfPage":{"@id":"https:\/\/www.greenpeace.org\/luxembourg\/de\/presseerklaerungen\/23681\/astm-fairtrade-letzebuerg-und-greenpeace-fordern-rasche-anerkennung-des-menschenrechts-auf-eine-saubere-gesunde-und-nachhaltige-umwelt\/"},"wordCount":845,"publisher":{"@id":"https:\/\/www.greenpeace.org\/luxembourg\/fr\/#organization"},"image":{"@id":"https:\/\/www.greenpeace.org\/luxembourg\/de\/presseerklaerungen\/23681\/astm-fairtrade-letzebuerg-und-greenpeace-fordern-rasche-anerkennung-des-menschenrechts-auf-eine-saubere-gesunde-und-nachhaltige-umwelt\/#primaryimage"},"thumbnailUrl":"https:\/\/www.greenpeace.org\/static\/planet4-luxembourg-stateless\/2025\/02\/50be14f2-gp1sx8cp_medium-res-1200px.jpg","keywords":["Gerechtigkeit"],"articleSection":["Greenpeace"],"inLanguage":"de-LU"},{"@type":"WebPage","@id":"https:\/\/www.greenpeace.org\/luxembourg\/de\/presseerklaerungen\/23681\/astm-fairtrade-letzebuerg-und-greenpeace-fordern-rasche-anerkennung-des-menschenrechts-auf-eine-saubere-gesunde-und-nachhaltige-umwelt\/","url":"https:\/\/www.greenpeace.org\/luxembourg\/de\/presseerklaerungen\/23681\/astm-fairtrade-letzebuerg-und-greenpeace-fordern-rasche-anerkennung-des-menschenrechts-auf-eine-saubere-gesunde-und-nachhaltige-umwelt\/","name":"ASTM, Fairtrade L\u00ebtzebuerg und Greenpeace fordern rasche Anerkennung des Menschenrechts auf eine saubere, gesunde und nachhaltige Umwelt - Greenpeace Luxembourg","isPartOf":{"@id":"https:\/\/www.greenpeace.org\/luxembourg\/fr\/#website"},"primaryImageOfPage":{"@id":"https:\/\/www.greenpeace.org\/luxembourg\/de\/presseerklaerungen\/23681\/astm-fairtrade-letzebuerg-und-greenpeace-fordern-rasche-anerkennung-des-menschenrechts-auf-eine-saubere-gesunde-und-nachhaltige-umwelt\/#primaryimage"},"image":{"@id":"https:\/\/www.greenpeace.org\/luxembourg\/de\/presseerklaerungen\/23681\/astm-fairtrade-letzebuerg-und-greenpeace-fordern-rasche-anerkennung-des-menschenrechts-auf-eine-saubere-gesunde-und-nachhaltige-umwelt\/#primaryimage"},"thumbnailUrl":"https:\/\/www.greenpeace.org\/static\/planet4-luxembourg-stateless\/2025\/02\/50be14f2-gp1sx8cp_medium-res-1200px.jpg","datePublished":"2025-02-07T06:01:51+00:00","dateModified":"2025-02-07T06:01:54+00:00","breadcrumb":{"@id":"https:\/\/www.greenpeace.org\/luxembourg\/de\/presseerklaerungen\/23681\/astm-fairtrade-letzebuerg-und-greenpeace-fordern-rasche-anerkennung-des-menschenrechts-auf-eine-saubere-gesunde-und-nachhaltige-umwelt\/#breadcrumb"},"inLanguage":"de-LU","potentialAction":[{"@type":"ReadAction","target":["https:\/\/www.greenpeace.org\/luxembourg\/de\/presseerklaerungen\/23681\/astm-fairtrade-letzebuerg-und-greenpeace-fordern-rasche-anerkennung-des-menschenrechts-auf-eine-saubere-gesunde-und-nachhaltige-umwelt\/"]}]},{"@type":"ImageObject","inLanguage":"de-LU","@id":"https:\/\/www.greenpeace.org\/luxembourg\/de\/presseerklaerungen\/23681\/astm-fairtrade-letzebuerg-und-greenpeace-fordern-rasche-anerkennung-des-menschenrechts-auf-eine-saubere-gesunde-und-nachhaltige-umwelt\/#primaryimage","url":"https:\/\/www.greenpeace.org\/static\/planet4-luxembourg-stateless\/2025\/02\/50be14f2-gp1sx8cp_medium-res-1200px.jpg","contentUrl":"https:\/\/www.greenpeace.org\/static\/planet4-luxembourg-stateless\/2025\/02\/50be14f2-gp1sx8cp_medium-res-1200px.jpg","width":1200,"height":800,"caption":"Youth For Climate Luxembourg (Y4C), along with Greenpeace Luxembourg and hundreds of people, took to the streets of Luxembourg calling upon the government to choose \u201cPeople\u201d over \u201cprofit\u201d: the massive financial sector of Luxembourg must phase out fossil-fuel investments in order to protect the climate and human rights all around the world!"},{"@type":"BreadcrumbList","@id":"https:\/\/www.greenpeace.org\/luxembourg\/de\/presseerklaerungen\/23681\/astm-fairtrade-letzebuerg-und-greenpeace-fordern-rasche-anerkennung-des-menschenrechts-auf-eine-saubere-gesunde-und-nachhaltige-umwelt\/#breadcrumb","itemListElement":[{"@type":"ListItem","position":1,"name":"Home","item":"http:\/\/www.greenpeace.org\/luxembourg\/fr\/"},{"@type":"ListItem","position":2,"name":"ASTM, Fairtrade L\u00ebtzebuerg und Greenpeace fordern rasche Anerkennung des Menschenrechts auf eine saubere, gesunde und nachhaltige Umwelt"}]},{"@type":"WebSite","@id":"https:\/\/www.greenpeace.org\/luxembourg\/fr\/#website","url":"https:\/\/www.greenpeace.org\/luxembourg\/fr\/","name":"Greenpeace Luxembourg","description":"Greenpeace existiert, weil unsere Erde eine Stimme braucht. Sie ben\u00f6tigt L\u00f6sungen. Ver\u00e4nderungen. Aktionen.","publisher":{"@id":"https:\/\/www.greenpeace.org\/luxembourg\/fr\/#organization"},"potentialAction":[{"@type":"SearchAction","target":{"@type":"EntryPoint","urlTemplate":"https:\/\/www.greenpeace.org\/luxembourg\/fr\/?s={search_term_string}"},"query-input":{"@type":"PropertyValueSpecification","valueRequired":true,"valueName":"search_term_string"}}],"inLanguage":"de-LU"},{"@type":"Organization","@id":"https:\/\/www.greenpeace.org\/luxembourg\/fr\/#organization","name":"Greenpeace Luxembourg","url":"https:\/\/www.greenpeace.org\/luxembourg\/fr\/","logo":{"@type":"ImageObject","inLanguage":"de-LU","@id":"https:\/\/www.greenpeace.org\/luxembourg\/fr\/#\/schema\/logo\/image\/","url":"https:\/\/www.greenpeace.org\/static\/planet4-luxembourg-stateless\/2026\/03\/3e367f94-greenpeace_logo_green_rgb.png","contentUrl":"https:\/\/www.greenpeace.org\/static\/planet4-luxembourg-stateless\/2026\/03\/3e367f94-greenpeace_logo_green_rgb.png","width":1080,"height":175,"caption":"Greenpeace Luxembourg"},"image":{"@id":"https:\/\/www.greenpeace.org\/luxembourg\/fr\/#\/schema\/logo\/image\/"},"sameAs":["https:\/\/www.facebook.com\/greenpeaceluxembourg","https:\/\/www.instagram.com\/greenpeacelux\/","https:\/\/www.linkedin.com\/company\/greenpeace-luxembourg\/","https:\/\/www.threads.com\/@greenpeacelux","https:\/\/bsky.app\/profile\/greenpeacelux.bsky.social","https:\/\/www.youtube.com\/@GreenpeaceLux","https:\/\/www.tiktok.com\/@greenpeace_lux"]},{"@type":"Person","@id":"https:\/\/www.greenpeace.org\/luxembourg\/fr\/#\/schema\/person\/3d0e81a859b59009fec36a8552ef76a7","name":"Esther Wildanger","url":"https:\/\/www.greenpeace.org\/luxembourg\/de\/author\/ewildang\/"}]}},"_links":{"self":[{"href":"https:\/\/www.greenpeace.org\/luxembourg\/de\/wp-json\/wp\/v2\/posts\/23681","targetHints":{"allow":["GET"]}}],"collection":[{"href":"https:\/\/www.greenpeace.org\/luxembourg\/de\/wp-json\/wp\/v2\/posts"}],"about":[{"href":"https:\/\/www.greenpeace.org\/luxembourg\/de\/wp-json\/wp\/v2\/types\/post"}],"author":[{"embeddable":true,"href":"https:\/\/www.greenpeace.org\/luxembourg\/de\/wp-json\/wp\/v2\/users\/25"}],"replies":[{"embeddable":true,"href":"https:\/\/www.greenpeace.org\/luxembourg\/de\/wp-json\/wp\/v2\/comments?post=23681"}],"version-history":[{"count":1,"href":"https:\/\/www.greenpeace.org\/luxembourg\/de\/wp-json\/wp\/v2\/posts\/23681\/revisions"}],"predecessor-version":[{"id":23682,"href":"https:\/\/www.greenpeace.org\/luxembourg\/de\/wp-json\/wp\/v2\/posts\/23681\/revisions\/23682"}],"wp:featuredmedia":[{"embeddable":true,"href":"https:\/\/www.greenpeace.org\/luxembourg\/de\/wp-json\/wp\/v2\/media\/23678"}],"wp:attachment":[{"href":"https:\/\/www.greenpeace.org\/luxembourg\/de\/wp-json\/wp\/v2\/media?parent=23681"}],"wp:term":[{"taxonomy":"category","embeddable":true,"href":"https:\/\/www.greenpeace.org\/luxembourg\/de\/wp-json\/wp\/v2\/categories?post=23681"},{"taxonomy":"post_tag","embeddable":true,"href":"https:\/\/www.greenpeace.org\/luxembourg\/de\/wp-json\/wp\/v2\/tags?post=23681"},{"taxonomy":"p4-page-type","embeddable":true,"href":"https:\/\/www.greenpeace.org\/luxembourg\/de\/wp-json\/wp\/v2\/p4-page-type?post=23681"}],"curies":[{"name":"wp","href":"https:\/\/api.w.org\/{rel}","templated":true}]}}