{"id":26475,"date":"2025-12-01T17:13:03","date_gmt":"2025-12-01T15:13:03","guid":{"rendered":"https:\/\/www.greenpeace.org\/luxembourg\/?p=26475"},"modified":"2025-12-01T17:13:06","modified_gmt":"2025-12-01T15:13:06","slug":"rechte-eu-abgeordnete-torpedieren-wichtiges-anti-entwaldungsgesetz","status":"publish","type":"post","link":"https:\/\/www.greenpeace.org\/luxembourg\/de\/aktualitaet\/26475\/rechte-eu-abgeordnete-torpedieren-wichtiges-anti-entwaldungsgesetz\/","title":{"rendered":"Rechte EU-Abgeordnete torpedieren wichtiges Anti-Entwaldungsgesetz"},"content":{"rendered":"\n<p>Erneut hat das Europ\u00e4ische Parlament daf\u00fcr gestimmt, das Inkrafttreten des EU-Gesetzes gegen Entwaldung (EUDR) weiter zu verschieben. Nachdem bereits die Mitgliedstaaten in der vergangenen Woche einen R\u00fcckzieher gemacht hatten, haben nun auch die Abgeordneten der rechten und rechtsextremen Fraktionen diese Verz\u00f6gerung unterst\u00fctzt. Das sendet ein gef\u00e4hrliches Signal f\u00fcr den globalen Waldschutz \u2013 zumal die COP30, auf der der Schutz der W\u00e4lder im Zentrum stand, erst vor wenigen Tagen zu Ende gegangen ist.<\/p>\n\n<h3 class=\"wp-block-heading\"><strong>Waldschutz auf dem Papier \u2013 Umsetzung weiterhin auf Eis<\/strong><\/h3>\n\n<p>Die 2023 verabschiedete EU-Verordnung gegen Entwaldung soll garantieren, dass in der EU verkaufte Produkte (etwa Kaffee, Schokolade, Soja oder Holz) weder zur Zerst\u00f6rung von W\u00e4ldern noch zu Menschenrechtsverletzungen beitragen. Doch nach einer ersten Verschiebung im Dezember 2024 wird ihre Umsetzung nun erneut verz\u00f6gert, und der Verordnung selbst weitere Schw\u00e4chen hinzugef\u00fcgt.<\/p>\n\n<h3 class=\"wp-block-heading\"><strong>Problematische Ausnahmen<\/strong><\/h3>\n\n<p>Die j\u00fcngste Abstimmung \u00f6ffnet eine Reihe problematischer Schlupfl\u00f6cher: Waldbesitzer:innen und europ\u00e4ische Landwirt:innen k\u00f6nnten weitgehend von der Anwendung des Gesetzes ausgenommen werden, bestimmte Papierprodukte wie B\u00fccher fallen gar nicht erst darunter. Zudem ist bereits f\u00fcr 2026 eine erneute \u00dcberarbeitung zur \u201eVereinfachung\u201c der Verordnung geplant \u2013 ein Schritt, der das Gesetz weiter schw\u00e4chen d\u00fcrfte.<\/p>\n\n<h3 class=\"wp-block-heading\"><strong>Folgen f\u00fcr Unternehmen und den Planeten<\/strong><\/h3>\n\n<p>Unternehmen, die sich bereits auf die Umsetzung des Gesetzes vorbereitet haben, werden durch die erneute Verz\u00f6gerung klar benachteiligt, w\u00e4hrend weniger ambitionierte Firmen davon profitieren. Gleichzeitig schreitet die Entwaldung, eine zentrale Quelle von CO\u2082-Emissionen,&nbsp; weiter voran, um den europ\u00e4ischen Markt zu beliefern.<\/p>\n\n<h3 class=\"wp-block-heading\"><strong>Luxemburgs Verantwortung im Waldschutz<\/strong><\/h3>\n\n<p>Als EU-Mitglied und Sitz zahlreicher Finanzinstitute spielt Luxemburg eine zentrale Rolle im Kampf gegen Entwaldung. Dennoch werden weiterhin Produkte auf luxemburgischem Boden importiert und gehandelt, die mit Entwaldung verbunden sind, etwa Soja, das vor allem aus S\u00fcdamerika stammt. Vor diesem Hintergrund senden die Verz\u00f6gerung und die Abschw\u00e4chung der EU-Verordnung gegen Entwaldung ein deutlich negatives Signal an die Wirtschaft.<\/p>\n\n<p>Gleichzeitig nimmt das Land Positionen ein, die die Entwaldung im Amazonasgebiet weiter vorantreiben k\u00f6nnten. Vize-Premierminister Xavier Bettel bekr\u00e4ftigte am 18. September die Unterst\u00fctzung der Regierung f\u00fcr das EU-Mercosur-Abkommen, <a href=\"https:\/\/www.greenpeace.org\/luxembourg\/fr\/communiques-de-presse\/24585\/accord-ue-mercosur-des-milliards-de-benefices-pour-la-multinationale-jbs\/\">das gro\u00dfe Agrarunternehmen wie JBS beg\u00fcnstigt<\/a>, die mit Entwaldung und Menschenrechtsverletzungen in Verbindung stehen. Zudem geh\u00f6rt Luxemburg \u00fcber Landwirtschaftsministerin Martine Hansen zu den Mitgliedstaaten, die eine Abschw\u00e4chung der RDUE fordern, w\u00e4hrend auch die Europ\u00e4ische Kommission eine Reduzierung der Verpflichtungen vorschl\u00e4gt.<br><br>Greenpeace Luxembourg verlangt von der Regierung, das EUDR entschieden zu verteidigen und das EU-Mercosur-Abkommen in seiner aktuellen Form abzulehnen \u2013 zum Schutz der W\u00e4lder, der b\u00e4uerlichen Landwirtschaft sowohl in Luxemburg als auch in den Mercosur-L\u00e4ndern sowie der Menschenrechte.<\/p>\n","protected":false},"excerpt":{"rendered":"<p>Erneut hat das Europ\u00e4ische Parlament daf\u00fcr gestimmt, das Inkrafttreten des EU-Gesetzes gegen Entwaldung (EUDR) weiter zu verschieben. Nachdem bereits die Mitgliedstaaten in der vergangenen Woche einen R\u00fcckzieher gemacht hatten, haben&hellip;<\/p>\n","protected":false},"author":25,"featured_media":25846,"comment_status":"closed","ping_status":"closed","sticky":false,"template":"","format":"standard","meta":{"ep_exclude_from_search":false,"p4_og_title":"","p4_og_description":"","p4_og_image":"","p4_og_image_id":"","p4_seo_canonical_url":"","p4_campaign_name":"","p4_local_project":"","p4_basket_name":"","p4_department":"","footnotes":""},"categories":[24,47],"tags":[102],"p4-page-type":[68],"class_list":["post-26475","post","type-post","status-publish","format-standard","has-post-thumbnail","hentry","category-greenpeace","category-natur","tag-urwalder","p4-page-type-aktualitaet"],"yoast_head":"<!-- This site is optimized with the Yoast SEO Premium plugin v23.9 (Yoast SEO v23.9) - https:\/\/yoast.com\/wordpress\/plugins\/seo\/ -->\n<title>Rechte EU-Abgeordnete torpedieren wichtiges Anti-Entwaldungsgesetz - Greenpeace Luxembourg<\/title>\n<meta name=\"robots\" content=\"index, follow, max-snippet:-1, max-image-preview:large, max-video-preview:-1\" \/>\n<link rel=\"canonical\" href=\"https:\/\/www.greenpeace.org\/luxembourg\/de\/aktualitaet\/26475\/rechte-eu-abgeordnete-torpedieren-wichtiges-anti-entwaldungsgesetz\/\" \/>\n<meta property=\"og:locale\" content=\"de_DE\" \/>\n<meta property=\"og:type\" content=\"article\" \/>\n<meta property=\"og:title\" content=\"Rechte EU-Abgeordnete torpedieren wichtiges Anti-Entwaldungsgesetz\" \/>\n<meta property=\"og:description\" content=\"Erneut hat das Europ\u00e4ische Parlament daf\u00fcr gestimmt, das Inkrafttreten des EU-Gesetzes gegen Entwaldung (EUDR) weiter zu verschieben. Nachdem bereits die Mitgliedstaaten in der vergangenen Woche einen R\u00fcckzieher gemacht hatten, haben&hellip;\" \/>\n<meta property=\"og:url\" content=\"https:\/\/www.greenpeace.org\/luxembourg\/de\/aktualitaet\/26475\/rechte-eu-abgeordnete-torpedieren-wichtiges-anti-entwaldungsgesetz\/\" \/>\n<meta property=\"og:site_name\" content=\"Greenpeace Luxembourg\" \/>\n<meta property=\"article:publisher\" content=\"https:\/\/www.facebook.com\/greenpeaceluxembourg\" \/>\n<meta property=\"article:published_time\" content=\"2025-12-01T15:13:03+00:00\" \/>\n<meta property=\"article:modified_time\" content=\"2025-12-01T15:13:06+00:00\" \/>\n<meta property=\"og:image\" content=\"https:\/\/www.greenpeace.org\/static\/planet4-luxembourg-stateless\/2025\/09\/8f02d02c-gp0su6o20_medium-res-1200px.jpg\" \/>\n\t<meta property=\"og:image:width\" content=\"1200\" \/>\n\t<meta property=\"og:image:height\" content=\"800\" \/>\n\t<meta property=\"og:image:type\" content=\"image\/jpeg\" \/>\n<meta name=\"author\" content=\"Esther Wildanger\" \/>\n<meta name=\"twitter:card\" content=\"summary_large_image\" \/>\n<meta name=\"twitter:label1\" content=\"Written by\" \/>\n\t<meta name=\"twitter:data1\" content=\"Esther Wildanger\" \/>\n\t<meta name=\"twitter:label2\" content=\"Est. reading time\" \/>\n\t<meta name=\"twitter:data2\" content=\"2 minutes\" \/>\n<script type=\"application\/ld+json\" class=\"yoast-schema-graph\">{\"@context\":\"https:\/\/schema.org\",\"@graph\":[{\"@type\":\"Article\",\"@id\":\"https:\/\/www.greenpeace.org\/luxembourg\/de\/aktualitaet\/26475\/rechte-eu-abgeordnete-torpedieren-wichtiges-anti-entwaldungsgesetz\/#article\",\"isPartOf\":{\"@id\":\"https:\/\/www.greenpeace.org\/luxembourg\/de\/aktualitaet\/26475\/rechte-eu-abgeordnete-torpedieren-wichtiges-anti-entwaldungsgesetz\/\"},\"author\":{\"name\":\"Esther Wildanger\",\"@id\":\"https:\/\/www.greenpeace.org\/luxembourg\/fr\/#\/schema\/person\/3d0e81a859b59009fec36a8552ef76a7\"},\"headline\":\"Rechte EU-Abgeordnete torpedieren wichtiges Anti-Entwaldungsgesetz\",\"datePublished\":\"2025-12-01T15:13:03+00:00\",\"dateModified\":\"2025-12-01T15:13:06+00:00\",\"mainEntityOfPage\":{\"@id\":\"https:\/\/www.greenpeace.org\/luxembourg\/de\/aktualitaet\/26475\/rechte-eu-abgeordnete-torpedieren-wichtiges-anti-entwaldungsgesetz\/\"},\"wordCount\":443,\"publisher\":{\"@id\":\"https:\/\/www.greenpeace.org\/luxembourg\/fr\/#organization\"},\"image\":{\"@id\":\"https:\/\/www.greenpeace.org\/luxembourg\/de\/aktualitaet\/26475\/rechte-eu-abgeordnete-torpedieren-wichtiges-anti-entwaldungsgesetz\/#primaryimage\"},\"thumbnailUrl\":\"https:\/\/www.greenpeace.org\/static\/planet4-luxembourg-stateless\/2025\/09\/8f02d02c-gp0su6o20_medium-res-1200px.jpg\",\"keywords\":[\"Urw\u00e4lder\"],\"articleSection\":[\"Greenpeace\",\"Natur\"],\"inLanguage\":\"de-LU\"},{\"@type\":\"WebPage\",\"@id\":\"https:\/\/www.greenpeace.org\/luxembourg\/de\/aktualitaet\/26475\/rechte-eu-abgeordnete-torpedieren-wichtiges-anti-entwaldungsgesetz\/\",\"url\":\"https:\/\/www.greenpeace.org\/luxembourg\/de\/aktualitaet\/26475\/rechte-eu-abgeordnete-torpedieren-wichtiges-anti-entwaldungsgesetz\/\",\"name\":\"Rechte EU-Abgeordnete torpedieren wichtiges Anti-Entwaldungsgesetz - Greenpeace Luxembourg\",\"isPartOf\":{\"@id\":\"https:\/\/www.greenpeace.org\/luxembourg\/fr\/#website\"},\"primaryImageOfPage\":{\"@id\":\"https:\/\/www.greenpeace.org\/luxembourg\/de\/aktualitaet\/26475\/rechte-eu-abgeordnete-torpedieren-wichtiges-anti-entwaldungsgesetz\/#primaryimage\"},\"image\":{\"@id\":\"https:\/\/www.greenpeace.org\/luxembourg\/de\/aktualitaet\/26475\/rechte-eu-abgeordnete-torpedieren-wichtiges-anti-entwaldungsgesetz\/#primaryimage\"},\"thumbnailUrl\":\"https:\/\/www.greenpeace.org\/static\/planet4-luxembourg-stateless\/2025\/09\/8f02d02c-gp0su6o20_medium-res-1200px.jpg\",\"datePublished\":\"2025-12-01T15:13:03+00:00\",\"dateModified\":\"2025-12-01T15:13:06+00:00\",\"breadcrumb\":{\"@id\":\"https:\/\/www.greenpeace.org\/luxembourg\/de\/aktualitaet\/26475\/rechte-eu-abgeordnete-torpedieren-wichtiges-anti-entwaldungsgesetz\/#breadcrumb\"},\"inLanguage\":\"de-LU\",\"potentialAction\":[{\"@type\":\"ReadAction\",\"target\":[\"https:\/\/www.greenpeace.org\/luxembourg\/de\/aktualitaet\/26475\/rechte-eu-abgeordnete-torpedieren-wichtiges-anti-entwaldungsgesetz\/\"]}]},{\"@type\":\"ImageObject\",\"inLanguage\":\"de-LU\",\"@id\":\"https:\/\/www.greenpeace.org\/luxembourg\/de\/aktualitaet\/26475\/rechte-eu-abgeordnete-torpedieren-wichtiges-anti-entwaldungsgesetz\/#primaryimage\",\"url\":\"https:\/\/www.greenpeace.org\/static\/planet4-luxembourg-stateless\/2025\/09\/8f02d02c-gp0su6o20_medium-res-1200px.jpg\",\"contentUrl\":\"https:\/\/www.greenpeace.org\/static\/planet4-luxembourg-stateless\/2025\/09\/8f02d02c-gp0su6o20_medium-res-1200px.jpg\",\"width\":1200,\"height\":800,\"caption\":\"Greenpeace Brazil conducted an aerial survey in the Amazon region to monitor deforestation and forest fires. The flight documented cattle ranches, deforested areas, and environmental destruction. Influencers were invited to join the survey, helping amplify the urgency of protecting the forest by sharing their experience and reactions. O Greenpeace Brasil realizou um sobrevoo na regi\u00e3o amaz\u00f4nica para monitorar desmatamento e focos de inc\u00eandio. Durante o voo, foram registradas fazendas de gado, \u00e1reas desmatadas e sinais de destrui\u00e7\u00e3o ambiental. Influenciadores participaram da atividade, ampliando o alcance da mensagem ao compartilhar suas experi\u00eancias e impress\u00f5es sobre a import\u00e2ncia de proteger a floresta.\"},{\"@type\":\"BreadcrumbList\",\"@id\":\"https:\/\/www.greenpeace.org\/luxembourg\/de\/aktualitaet\/26475\/rechte-eu-abgeordnete-torpedieren-wichtiges-anti-entwaldungsgesetz\/#breadcrumb\",\"itemListElement\":[{\"@type\":\"ListItem\",\"position\":1,\"name\":\"Home\",\"item\":\"http:\/\/www.greenpeace.org\/luxembourg\/fr\/\"},{\"@type\":\"ListItem\",\"position\":2,\"name\":\"Rechte EU-Abgeordnete torpedieren wichtiges Anti-Entwaldungsgesetz\"}]},{\"@type\":\"WebSite\",\"@id\":\"https:\/\/www.greenpeace.org\/luxembourg\/fr\/#website\",\"url\":\"https:\/\/www.greenpeace.org\/luxembourg\/fr\/\",\"name\":\"Greenpeace Luxembourg\",\"description\":\"Greenpeace existiert, weil unsere Erde eine Stimme braucht. Sie ben\u00f6tigt L\u00f6sungen. Ver\u00e4nderungen. Aktionen.\",\"publisher\":{\"@id\":\"https:\/\/www.greenpeace.org\/luxembourg\/fr\/#organization\"},\"potentialAction\":[{\"@type\":\"SearchAction\",\"target\":{\"@type\":\"EntryPoint\",\"urlTemplate\":\"https:\/\/www.greenpeace.org\/luxembourg\/fr\/?s={search_term_string}\"},\"query-input\":{\"@type\":\"PropertyValueSpecification\",\"valueRequired\":true,\"valueName\":\"search_term_string\"}}],\"inLanguage\":\"de-LU\"},{\"@type\":\"Organization\",\"@id\":\"https:\/\/www.greenpeace.org\/luxembourg\/fr\/#organization\",\"name\":\"Greenpeace Luxembourg\",\"url\":\"https:\/\/www.greenpeace.org\/luxembourg\/fr\/\",\"logo\":{\"@type\":\"ImageObject\",\"inLanguage\":\"de-LU\",\"@id\":\"https:\/\/www.greenpeace.org\/luxembourg\/fr\/#\/schema\/logo\/image\/\",\"url\":\"https:\/\/www.greenpeace.org\/static\/planet4-luxembourg-stateless\/2026\/03\/3e367f94-greenpeace_logo_green_rgb.png\",\"contentUrl\":\"https:\/\/www.greenpeace.org\/static\/planet4-luxembourg-stateless\/2026\/03\/3e367f94-greenpeace_logo_green_rgb.png\",\"width\":1080,\"height\":175,\"caption\":\"Greenpeace Luxembourg\"},\"image\":{\"@id\":\"https:\/\/www.greenpeace.org\/luxembourg\/fr\/#\/schema\/logo\/image\/\"},\"sameAs\":[\"https:\/\/www.facebook.com\/greenpeaceluxembourg\",\"https:\/\/www.instagram.com\/greenpeacelux\/\",\"https:\/\/www.linkedin.com\/company\/greenpeace-luxembourg\/\",\"https:\/\/www.threads.com\/@greenpeacelux\",\"https:\/\/bsky.app\/profile\/greenpeacelux.bsky.social\",\"https:\/\/www.youtube.com\/@GreenpeaceLux\",\"https:\/\/www.tiktok.com\/@greenpeace_lux\"]},{\"@type\":\"Person\",\"@id\":\"https:\/\/www.greenpeace.org\/luxembourg\/fr\/#\/schema\/person\/3d0e81a859b59009fec36a8552ef76a7\",\"name\":\"Esther Wildanger\",\"url\":\"https:\/\/www.greenpeace.org\/luxembourg\/de\/author\/ewildang\/\"}]}<\/script>\n<!-- \/ Yoast SEO Premium plugin. -->","yoast_head_json":{"title":"Rechte EU-Abgeordnete torpedieren wichtiges Anti-Entwaldungsgesetz - Greenpeace Luxembourg","robots":{"index":"index","follow":"follow","max-snippet":"max-snippet:-1","max-image-preview":"max-image-preview:large","max-video-preview":"max-video-preview:-1"},"canonical":"https:\/\/www.greenpeace.org\/luxembourg\/de\/aktualitaet\/26475\/rechte-eu-abgeordnete-torpedieren-wichtiges-anti-entwaldungsgesetz\/","og_locale":"de_DE","og_type":"article","og_title":"Rechte EU-Abgeordnete torpedieren wichtiges Anti-Entwaldungsgesetz","og_description":"Erneut hat das Europ\u00e4ische Parlament daf\u00fcr gestimmt, das Inkrafttreten des EU-Gesetzes gegen Entwaldung (EUDR) weiter zu verschieben. Nachdem bereits die Mitgliedstaaten in der vergangenen Woche einen R\u00fcckzieher gemacht hatten, haben&hellip;","og_url":"https:\/\/www.greenpeace.org\/luxembourg\/de\/aktualitaet\/26475\/rechte-eu-abgeordnete-torpedieren-wichtiges-anti-entwaldungsgesetz\/","og_site_name":"Greenpeace Luxembourg","article_publisher":"https:\/\/www.facebook.com\/greenpeaceluxembourg","article_published_time":"2025-12-01T15:13:03+00:00","article_modified_time":"2025-12-01T15:13:06+00:00","og_image":[{"width":1200,"height":800,"url":"https:\/\/www.greenpeace.org\/static\/planet4-luxembourg-stateless\/2025\/09\/8f02d02c-gp0su6o20_medium-res-1200px.jpg","type":"image\/jpeg"}],"author":"Esther Wildanger","twitter_card":"summary_large_image","twitter_misc":{"Written by":"Esther Wildanger","Est. reading time":"2 minutes"},"schema":{"@context":"https:\/\/schema.org","@graph":[{"@type":"Article","@id":"https:\/\/www.greenpeace.org\/luxembourg\/de\/aktualitaet\/26475\/rechte-eu-abgeordnete-torpedieren-wichtiges-anti-entwaldungsgesetz\/#article","isPartOf":{"@id":"https:\/\/www.greenpeace.org\/luxembourg\/de\/aktualitaet\/26475\/rechte-eu-abgeordnete-torpedieren-wichtiges-anti-entwaldungsgesetz\/"},"author":{"name":"Esther Wildanger","@id":"https:\/\/www.greenpeace.org\/luxembourg\/fr\/#\/schema\/person\/3d0e81a859b59009fec36a8552ef76a7"},"headline":"Rechte EU-Abgeordnete torpedieren wichtiges Anti-Entwaldungsgesetz","datePublished":"2025-12-01T15:13:03+00:00","dateModified":"2025-12-01T15:13:06+00:00","mainEntityOfPage":{"@id":"https:\/\/www.greenpeace.org\/luxembourg\/de\/aktualitaet\/26475\/rechte-eu-abgeordnete-torpedieren-wichtiges-anti-entwaldungsgesetz\/"},"wordCount":443,"publisher":{"@id":"https:\/\/www.greenpeace.org\/luxembourg\/fr\/#organization"},"image":{"@id":"https:\/\/www.greenpeace.org\/luxembourg\/de\/aktualitaet\/26475\/rechte-eu-abgeordnete-torpedieren-wichtiges-anti-entwaldungsgesetz\/#primaryimage"},"thumbnailUrl":"https:\/\/www.greenpeace.org\/static\/planet4-luxembourg-stateless\/2025\/09\/8f02d02c-gp0su6o20_medium-res-1200px.jpg","keywords":["Urw\u00e4lder"],"articleSection":["Greenpeace","Natur"],"inLanguage":"de-LU"},{"@type":"WebPage","@id":"https:\/\/www.greenpeace.org\/luxembourg\/de\/aktualitaet\/26475\/rechte-eu-abgeordnete-torpedieren-wichtiges-anti-entwaldungsgesetz\/","url":"https:\/\/www.greenpeace.org\/luxembourg\/de\/aktualitaet\/26475\/rechte-eu-abgeordnete-torpedieren-wichtiges-anti-entwaldungsgesetz\/","name":"Rechte EU-Abgeordnete torpedieren wichtiges Anti-Entwaldungsgesetz - Greenpeace Luxembourg","isPartOf":{"@id":"https:\/\/www.greenpeace.org\/luxembourg\/fr\/#website"},"primaryImageOfPage":{"@id":"https:\/\/www.greenpeace.org\/luxembourg\/de\/aktualitaet\/26475\/rechte-eu-abgeordnete-torpedieren-wichtiges-anti-entwaldungsgesetz\/#primaryimage"},"image":{"@id":"https:\/\/www.greenpeace.org\/luxembourg\/de\/aktualitaet\/26475\/rechte-eu-abgeordnete-torpedieren-wichtiges-anti-entwaldungsgesetz\/#primaryimage"},"thumbnailUrl":"https:\/\/www.greenpeace.org\/static\/planet4-luxembourg-stateless\/2025\/09\/8f02d02c-gp0su6o20_medium-res-1200px.jpg","datePublished":"2025-12-01T15:13:03+00:00","dateModified":"2025-12-01T15:13:06+00:00","breadcrumb":{"@id":"https:\/\/www.greenpeace.org\/luxembourg\/de\/aktualitaet\/26475\/rechte-eu-abgeordnete-torpedieren-wichtiges-anti-entwaldungsgesetz\/#breadcrumb"},"inLanguage":"de-LU","potentialAction":[{"@type":"ReadAction","target":["https:\/\/www.greenpeace.org\/luxembourg\/de\/aktualitaet\/26475\/rechte-eu-abgeordnete-torpedieren-wichtiges-anti-entwaldungsgesetz\/"]}]},{"@type":"ImageObject","inLanguage":"de-LU","@id":"https:\/\/www.greenpeace.org\/luxembourg\/de\/aktualitaet\/26475\/rechte-eu-abgeordnete-torpedieren-wichtiges-anti-entwaldungsgesetz\/#primaryimage","url":"https:\/\/www.greenpeace.org\/static\/planet4-luxembourg-stateless\/2025\/09\/8f02d02c-gp0su6o20_medium-res-1200px.jpg","contentUrl":"https:\/\/www.greenpeace.org\/static\/planet4-luxembourg-stateless\/2025\/09\/8f02d02c-gp0su6o20_medium-res-1200px.jpg","width":1200,"height":800,"caption":"Greenpeace Brazil conducted an aerial survey in the Amazon region to monitor deforestation and forest fires. The flight documented cattle ranches, deforested areas, and environmental destruction. Influencers were invited to join the survey, helping amplify the urgency of protecting the forest by sharing their experience and reactions. O Greenpeace Brasil realizou um sobrevoo na regi\u00e3o amaz\u00f4nica para monitorar desmatamento e focos de inc\u00eandio. Durante o voo, foram registradas fazendas de gado, \u00e1reas desmatadas e sinais de destrui\u00e7\u00e3o ambiental. Influenciadores participaram da atividade, ampliando o alcance da mensagem ao compartilhar suas experi\u00eancias e impress\u00f5es sobre a import\u00e2ncia de proteger a floresta."},{"@type":"BreadcrumbList","@id":"https:\/\/www.greenpeace.org\/luxembourg\/de\/aktualitaet\/26475\/rechte-eu-abgeordnete-torpedieren-wichtiges-anti-entwaldungsgesetz\/#breadcrumb","itemListElement":[{"@type":"ListItem","position":1,"name":"Home","item":"http:\/\/www.greenpeace.org\/luxembourg\/fr\/"},{"@type":"ListItem","position":2,"name":"Rechte EU-Abgeordnete torpedieren wichtiges Anti-Entwaldungsgesetz"}]},{"@type":"WebSite","@id":"https:\/\/www.greenpeace.org\/luxembourg\/fr\/#website","url":"https:\/\/www.greenpeace.org\/luxembourg\/fr\/","name":"Greenpeace Luxembourg","description":"Greenpeace existiert, weil unsere Erde eine Stimme braucht. Sie ben\u00f6tigt L\u00f6sungen. Ver\u00e4nderungen. Aktionen.","publisher":{"@id":"https:\/\/www.greenpeace.org\/luxembourg\/fr\/#organization"},"potentialAction":[{"@type":"SearchAction","target":{"@type":"EntryPoint","urlTemplate":"https:\/\/www.greenpeace.org\/luxembourg\/fr\/?s={search_term_string}"},"query-input":{"@type":"PropertyValueSpecification","valueRequired":true,"valueName":"search_term_string"}}],"inLanguage":"de-LU"},{"@type":"Organization","@id":"https:\/\/www.greenpeace.org\/luxembourg\/fr\/#organization","name":"Greenpeace Luxembourg","url":"https:\/\/www.greenpeace.org\/luxembourg\/fr\/","logo":{"@type":"ImageObject","inLanguage":"de-LU","@id":"https:\/\/www.greenpeace.org\/luxembourg\/fr\/#\/schema\/logo\/image\/","url":"https:\/\/www.greenpeace.org\/static\/planet4-luxembourg-stateless\/2026\/03\/3e367f94-greenpeace_logo_green_rgb.png","contentUrl":"https:\/\/www.greenpeace.org\/static\/planet4-luxembourg-stateless\/2026\/03\/3e367f94-greenpeace_logo_green_rgb.png","width":1080,"height":175,"caption":"Greenpeace Luxembourg"},"image":{"@id":"https:\/\/www.greenpeace.org\/luxembourg\/fr\/#\/schema\/logo\/image\/"},"sameAs":["https:\/\/www.facebook.com\/greenpeaceluxembourg","https:\/\/www.instagram.com\/greenpeacelux\/","https:\/\/www.linkedin.com\/company\/greenpeace-luxembourg\/","https:\/\/www.threads.com\/@greenpeacelux","https:\/\/bsky.app\/profile\/greenpeacelux.bsky.social","https:\/\/www.youtube.com\/@GreenpeaceLux","https:\/\/www.tiktok.com\/@greenpeace_lux"]},{"@type":"Person","@id":"https:\/\/www.greenpeace.org\/luxembourg\/fr\/#\/schema\/person\/3d0e81a859b59009fec36a8552ef76a7","name":"Esther Wildanger","url":"https:\/\/www.greenpeace.org\/luxembourg\/de\/author\/ewildang\/"}]}},"_links":{"self":[{"href":"https:\/\/www.greenpeace.org\/luxembourg\/de\/wp-json\/wp\/v2\/posts\/26475","targetHints":{"allow":["GET"]}}],"collection":[{"href":"https:\/\/www.greenpeace.org\/luxembourg\/de\/wp-json\/wp\/v2\/posts"}],"about":[{"href":"https:\/\/www.greenpeace.org\/luxembourg\/de\/wp-json\/wp\/v2\/types\/post"}],"author":[{"embeddable":true,"href":"https:\/\/www.greenpeace.org\/luxembourg\/de\/wp-json\/wp\/v2\/users\/25"}],"replies":[{"embeddable":true,"href":"https:\/\/www.greenpeace.org\/luxembourg\/de\/wp-json\/wp\/v2\/comments?post=26475"}],"version-history":[{"count":1,"href":"https:\/\/www.greenpeace.org\/luxembourg\/de\/wp-json\/wp\/v2\/posts\/26475\/revisions"}],"predecessor-version":[{"id":26480,"href":"https:\/\/www.greenpeace.org\/luxembourg\/de\/wp-json\/wp\/v2\/posts\/26475\/revisions\/26480"}],"wp:featuredmedia":[{"embeddable":true,"href":"https:\/\/www.greenpeace.org\/luxembourg\/de\/wp-json\/wp\/v2\/media\/25846"}],"wp:attachment":[{"href":"https:\/\/www.greenpeace.org\/luxembourg\/de\/wp-json\/wp\/v2\/media?parent=26475"}],"wp:term":[{"taxonomy":"category","embeddable":true,"href":"https:\/\/www.greenpeace.org\/luxembourg\/de\/wp-json\/wp\/v2\/categories?post=26475"},{"taxonomy":"post_tag","embeddable":true,"href":"https:\/\/www.greenpeace.org\/luxembourg\/de\/wp-json\/wp\/v2\/tags?post=26475"},{"taxonomy":"p4-page-type","embeddable":true,"href":"https:\/\/www.greenpeace.org\/luxembourg\/de\/wp-json\/wp\/v2\/p4-page-type?post=26475"}],"curies":[{"name":"wp","href":"https:\/\/api.w.org\/{rel}","templated":true}]}}